{"administration":"pref30","administration_name":"Pr\u00e9fecture du Gard","content":"PR\u00c9FET\nDU GARD\nRECUEIL DES ACTES\nADMINISTRATIFS SP\u00c9CIAL\nN\u00b030-2025-059\nPUBLI\u00c9 LE  8 AVRIL 2025\nSommaire\nPrefecture du Gard /\n30-2025-04-08-00003 - Arr\u00eat\u00e9 confiant la suppl\u00e9ance e M. J\u00e9r\u00f4me\nBONET, pr\u00e9fet du Gard, du mercredi 9 avril 2025 \u00e0 huit heures au\nmercredi 9 avril 2025 \u00e0 vingt heures\n (1 page) Page 3\n2\nPrefecture du Gard\n30-2025-04-08-00003\nArr\u00eat\u00e9 confiant la suppl\u00e9ance e M. J\u00e9r\u00f4me\nBONET, pr\u00e9fet du Gard, du mercredi 9 avril 2025\n\u00e0 huit heures au mercredi 9 avril 2025 \u00e0 vingt\nheures\nPrefecture du Gard - 30-2025-04-08-00003 - Arr\u00eat\u00e9 confiant la suppl\u00e9ance e M. J\u00e9r\u00f4me BONET, pr\u00e9fet du Gard, du mercredi 9 avril\n2025 \u00e0 huit heures au mercredi 9 avril 2025 \u00e0 vingt heures 3\nEuPREFETDU GARDLibert\u00e9Egalit\u00e9Fraternit\u00e9\nDirection de la citoyennet\u00e9, de la l\u00e9galit\u00e9 et de la coordination\nService de la coordination, des politiques publiques et de l'appui territorial \nArr\u00eat\u00e9 n\u00b0 \nconfiant la suppl\u00e9ance de M. J\u00e9r\u00f4me BONET, pr\u00e9fet du Gard\ndu mercredi 9 avril 2025 \u00e0 huit heures au mercredi 9 avril 2025 \u00e0 vingt heures \nLe pr\u00e9fet du Gard\nChevalier de la L\u00e9gion d'honneur,\nChevalier de l'ordre national du M\u00e9rite \nVu la  loi  n\u00b0  82-213  du  2  mars  1982  relative  aux  droits  et  libert\u00e9s  des  communes,  des \nd\u00e9partements et des r\u00e9gions, \nVu la  loi  d'orientation  n\u00b092-125  du  6  f\u00e9vrier  1992  modifi\u00e9e  relative  \u00e0  l'administration  \nterritoriale de la R\u00e9publique ;\nVu l e  d\u00e9cret  n\u00b0  2004-374  du  29  avril  2004  modifi\u00e9  relatif  aux  pouvoirs  des  pr\u00e9fets,  \u00e0 \nl'organisation et \u00e0 l'action des services de l'Etat dans les r\u00e9gions et d\u00e9partements ;\nVu le d\u00e9cret n\u00b0 2008-158 du 22 f\u00e9vrier  2008 relatif \u00e0 la suppl\u00e9ance des pr\u00e9fets de r\u00e9gion et \u00e0  \nla  d\u00e9l\u00e9gation  de  signature  des  pr\u00e9fets  et  des  hauts  commissaires  de  la  R\u00e9publique  en \nPolyn\u00e9sie fran\u00e7aise et en Nouvelle-Cal\u00e9donie, \nVu le d\u00e9cret n\u00b0 2009-176 du 16 f\u00e9vrier 2009 modifiant le d\u00e9cret n\u00b0 64-805 du 29 juillet 1964  \nfixant les dispositions r\u00e9glementaires applicables aux pr\u00e9fets,\nVu le d\u00e9cret n\u00b0 2015-510 du 7 mai 2015 portant charte de la d\u00e9concentration ;\nVu le d\u00e9cret du 13 juillet 2023 nommant M. J\u00e9r\u00f4me BONET, pr\u00e9fet du Gard ;\nVu le d\u00e9cret du 22 ao\u00fbt 2023 nommant M. Emile SOUMBO, sous-pr\u00e9fet d'Al\u00e8s ; \nSur proposition du secr\u00e9taire g\u00e9n\u00e9ral de la pr\u00e9fecture du Gard ;\nARRETE\nArticle 1er :  M. Emile SOUMBO, en sa qualit\u00e9 de sous-pr\u00e9fet de l'arrondissement d'Al\u00e8s, est  \ncharg\u00e9 d'assurer la suppl\u00e9ance de  M. J\u00e9r\u00f4me BONET , pr\u00e9fet du Gard, pour la p\u00e9riode  du \nmercredi 9 avril 2025 \u00e0 huit heures au mercredi 9 avril 2025 \u00e0 vingt heures.\nArticle 2  : D\u00e9l\u00e9gation de signature est donn\u00e9e, \u00e0 ce titre, \u00e0  M. Emile SOUMBO  en toutes  \nmati\u00e8res relevant des attributions du repr\u00e9sentant de l'\u00c9tat dans le d\u00e9partement du Gard \u00e0  \nl'effet d'exercer pleinement cette responsabilit\u00e9.\nArticle 3 : Le pr\u00e9sent arr\u00eat\u00e9 prend effet \u00e0 compter du mercredi 9 avril 2025 \u00e0 huit heures.\nArticle 4 : M. J\u00e9r\u00f4me BONET, pr\u00e9fet du Gard, et M. Emile SOUMBO, sous-pr\u00e9fet d\u00e9sign\u00e9 pour \nsa suppl\u00e9ance, sont  charg\u00e9s, chacun en ce qui le concerne, de l'ex\u00e9cution du pr\u00e9sent arr\u00eat\u00e9  \nqui sera publi\u00e9 au recueil des actes administratifs de la pr\u00e9fecture\nN\u00eemes, le 8 avril 2025-\nLe pr\u00e9fet,\nsign\u00e9\n   J\u00e9r\u00f4me BONET\nPrefecture du Gard - 30-2025-04-08-00003 - Arr\u00eat\u00e9 confiant la suppl\u00e9ance e M. J\u00e9r\u00f4me BONET, pr\u00e9fet du Gard, du mercredi 9 avril\n2025 \u00e0 huit heures au mercredi 9 avril 2025 \u00e0 vingt heures 4","date":"2025-04-08","first_seen_on":"2025-04-08T16:09:02+00:00","id":"f4311616b716dcb9290db11b7da049739ace2e710d9af5a3bbce076b84f870d1","name":"recueil-30-2025-059-special du 08 04 2025","pdf_creation_date":"2025-04-08T14:10:54+00:00","pdf_modification_date":null,"timezone":"Europe/Paris","url":"https://www.gard.gouv.fr/contenu/telechargement/62801/464741/file/recueil-30-2025-059-special%20du%2008%2004%202025.pdf"}
