{"administration":"pref21","administration_name":"Pr\u00e9fecture de C\u00f4te-d\u2019Or","content":"PR\u00c9FET\nDE LA C\u00d4TE-D'OR\nRECUEIL DES ACTES\nADMINISTRATIFS SP\u00c9CIAL\nN\u00b021-2025-029\nPUBLI\u00c9 LE 21 F\u00c9VRIER 2025\nSommaire\nARS Bourgogne-Franche-Comt\u00e9 / Direction de l'organisation des soins\n21-2025-02-17-00002 - D\u00e9cision n\u00b0 ARS-BFC-DOSA-2025-264 portant\nautorisation de la pharmacie \u00e0 usage int\u00e9rieur du Centre hospitalier \u00ab\nLa Chartreuse \u00bb, sis 1 boulevard Chanoine Kir \u00e0 DIJON (21 033)\n (3\npages) Page 5\nCHU Dijon Bourgogne /\n21-2025-02-03-00005 - 04 D\u00e9l\u00e9gation Signature Affaires juridiques - 03\n02 2025 (3 pages) Page 9\n21-2025-01-01-00004 - 06 DS Acc stag non param\u00e9d hors unit soins - 01 01\n2025 (3 pages) Page 13\n21-2025-01-01-00003 - 07 D\u00e9l\u00e9gation Signature  DAM - 01 01 2025 (5\npages) Page 17\nDirection d\u00e9partementale de la protection des populations de la\nC\u00f4te-d'Or / Service Protection \u00c9conomique du Consommateur\n21-2025-02-20-00005 - Arr\u00eat\u00e9 n\u00b0288 relatif aux tarifs des courses de\ntaxis pour l'ann\u00e9e 2025 (5 pages) Page 23\nDirection d\u00e9partementale de la protection des populations de la\nC\u00f4te-d'Or / Service Sant\u00e9 et Protections animales, Protection de\nl'Environnement\n21-2025-02-11-00004 - Arr\u00eat\u00e9 pr\u00e9fectoral N\u00b0253/2025 en date du 11\nf\u00e9vrier 2025 attribuant l habilitation sanitaire \u00e0 Jonathan CURT (3 pages) Page 29\n21-2025-02-17-00001 - Arr\u00eat\u00e9 pr\u00e9fectoral N\u00b0272/2025 en date du 17\nf\u00e9vrier 2025 attribuant l habilitation sanitaire \u00e0 Guillaume BOUCHAUD\n(2 pages) Page 33\n21-2025-02-20-00006 - Arr\u00eat\u00e9 pr\u00e9fectoral N\u00b0302/2025 en date du 20\nf\u00e9vrier 2025 attribuant l habilitation sanitaire \u00e0 Capucine\nEISENCHTETER \n (2 pages) Page 36\nDirection d\u00e9partementale des territoires de la C\u00f4te-d'Or / Service de l'eau\net des risques\n21-2025-02-18-00001 - Arr\u00eat\u00e9 pr\u00e9fectoral n\u00b0 289 du 18 f\u00e9vrier 2025\nportant renouvellement de l'agr\u00e9ment de la SARL POMPEO pour la\nr\u00e9alisation de vidanges d'installations d'assainissement non collectif. (5\npages) Page 39\nDirection d\u00e9partementale des territoires de la C\u00f4te-d'Or / Service\nPr\u00e9servation et Am\u00e9nagement de l'Espace (SPAE)\n21-2025-02-12-00002 - Arr\u00eat\u00e9 n\u00b0303 relatif \u00e0 la consignation des fonds\npour la compensation collective agricole dans le cadre du projet de\ncentrale photovolta\u00efque au sol sur le territoire de la commune de\nSombernon (4 pages) Page 45\n2\n21-2025-02-12-00001 - Arr\u00eat\u00e9 n\u00b0304 relatif \u00e0 la consignation des fonds\npour la compensation collective agricole dans le cadre du projet de\ncentrale photovolta\u00efque au sol sur le territoire de la commune de Saulieu\n(4 pages) Page 50\nDirection d\u00e9partementale des territoires de la C\u00f4te-d'Or / Service\nS\u00e9curit\u00e9 et \u00c9ducation Routi\u00e8re\n21-2025-02-10-00007 - Arr\u00eat\u00e9 N\u00b0 275 portant composition de la\nCommission D\u00e9partementale de la S\u00e9curit\u00e9 Routi\u00e8re (CDSR)  pour\nle d\u00e9partement de la C\u00f4te-d'Or. (8 pages) Page 55\nDRAAF Bourgogne-Franche-Comt\u00e9 /\n21-2025-02-20-00001 - Arr\u00eat\u00e9 portant approbation de l'am\u00e9nagement\nde la for\u00eat communale de Busseaut pour la p\u00e9riode 2024-2043 avec\napplication du 2\u00b0 de l'article L122-7 du code forestier (4 pages) Page 64\nDRAAF Bourgogne-Franche-Comt\u00e9 / Service r\u00e9gional de la for\u00eat et du\nbois\n21-2025-02-20-00002 - Arr\u00eat\u00e9 portant approbation de l'am\u00e9nagement\nde la for\u00eat communale de Coulmier-le-sec pour la p\u00e9riode 2025-2044  (2\npages) Page 69\n21-2025-02-20-00004 - Arr\u00eat\u00e9 portant approbation de l'am\u00e9nagement\nde la for\u00eat communale de Soirans pour la p\u00e9riode 2024-2043  (2 pages) Page 72\n21-2025-02-20-00003 - Arr\u00eat\u00e9 portant approbation de l'am\u00e9nagement\ndes for\u00eats communales de Nolay pour la p\u00e9riode 2024-2043 avec\napplication du 2\u00b0 de l'article L122-7 du code forestier (4 pages) Page 75\nDRFiP Bourgogne Franche-Comt\u00e9 /\n21-2025-02-03-00004 - DRFIP 21 - d\u00e9l\u00e9gation sp\u00e9ciale de signature\npour les missions rattach\u00e9es 03.02.2025 (2 pages) Page 80\nMaison d'arr\u00eat de Dijon /\n21-2025-02-06-00002 - 2025 (2 pages) Page 83\nPr\u00e9fecture de la C\u00f4te-d'Or / Direction de la coordination, des politiques\npubliques et de l'appui territorial\n21-2025-02-18-00002 - Arr\u00eat\u00e9 pr\u00e9fectoral n\u00b0294 du 18 f\u00e9vrier 2025\nportant habilitation de la SARL ACTION COM DEVELOPPEMENT en\napplication de l'article R.752-6-3 du code du commerce pour la\nr\u00e9alisation de l'analyse d'impact des projets d'am\u00e9nagement\ncommercial (3 pages) Page 86\n21-2025-02-18-00003 - Arr\u00eat\u00e9 pr\u00e9fectoral n\u00b0295 portant habilitation\nde la SARL NOUVEAU TERRITOIRE en application de l'article R.752-6-3 du\ncode du commerce pour la r\u00e9alisation de l'analyse d'impact des projets\nd'am\u00e9nagement commercial (2 pages) Page 90\nPr\u00e9fecture de la C\u00f4te-d'Or / Direction des Collectivit\u00e9s locales et des\nElections\n21-2025-02-13-00002 - Arr\u00eat\u00e9 pr\u00e9fectoral n\u00b0 276 portant\nmodification de la commission de contr\u00f4le des listes \u00e9lectorale de la\ncommune de LABERGEMENT LES AUXONNE (1 page) Page 93\n3\n21-2025-02-13-00003 - Arr\u00eat\u00e9 pr\u00e9fectoral n\u00b0 285 portant\nmodification de la commission de contr\u00f4le des listes \u00e9lectorales de la\ncommune de BRETIGNY (1 page) Page 95\n21-2025-02-17-00003 - Syndicat mixte \"SIVU des Maranges\" - Dissolution (3\npages) Page 97\nSous-pr\u00e9fecture de Beaune /\n21-2025-02-15-00001 - Arr\u00eat\u00e9 N\u00b0 266 en date du 15 f\u00e9vrier 2025\nportant d\u00e9rogation individuelle \u00e0 titre temporaire \u00e0 l'interdiction\nde circulation des v\u00e9hicules de transport de marchandises \u00e0 certaines\np\u00e9riodes pour les v\u00e9hicules de plus de 7,5 tonnes de PTAC exploit\u00e9s\npar l'entreprise ARNAY COMBUSTIBLES domicili\u00e9e \u00e0 Arnay le Duc, 17\nrue du Docteur Chauveau (3 pages) Page 101\n4\nARS Bourgogne-Franche-Comt\u00e9\nDirection de l'organisation des soins\n21-2025-02-17-00002\nD\u00e9cision n\u00b0 ARS-BFC-DOSA-2025-264 portant\nautorisation de la pharmacie \u00e0 usage int\u00e9rieur du\nCentre hospitalier \u00ab La Chartreuse \u00bb, sis 1\nboulevard Chanoine Kir \u00e0 DIJON (21 033)\nARS Bourgogne-Franche-Comt\u00e9 - 21-2025-02-17-00002 - D\u00e9cision n\u00b0 ARS-BFC-DOSA-2025-264 portant autorisation de la pharmacie \u00e0\nusage int\u00e9rieur du Centre hospitalier \u00ab La Chartreuse \u00bb, sis 1 boulevard Chanoine Kir \u00e0 DIJON (21 033) 5\nREPUBLIQUEFRAN\u00c7AISEL'iberte'Egalit\u00e9Fraternit\u00e9\nAl@ D Agence R\u00e9gionale de Sant\u00e9Bourgogne-Franche-Comt\u00e9\n  \n \nARS Bourgogne-Franche-Comt\u00e9 \nLe Diapason, 2 Place des Savoirs, CS 73535, 21035 Dijon cedex \nT\u00e9l. : 0808 807 107 - Site : www.ars.bourgogne-franche-comte.sante.fr \n \n \n \nD\u00e9cision n\u00b0 ARS-BFC-DOSA-2025-264 \nportant autorisation de la pharmacie \u00e0 usage int\u00e9rieur du Centre hospitalier \u00ab La Chartreuse \u00bb, sis 1 \nboulevard Chanoine Kir \u00e0 DIJON (21 033) \n \nLe directeur g\u00e9n\u00e9ral de l'agence  \nr\u00e9gionale de sant\u00e9 de Bourgogne-Franche-Comt\u00e9 \n \nVU le code de la sant\u00e9 publique, notamment le chapitre VI du titre II du livre 1er de sa cinqui\u00e8me partie ; \n \nVU le d\u00e9cret n\u00b0 2019 -489 du 21 mai 2019 relatif aux pharmacies \u00e0 usage int\u00e9rieur et notamment le II de son \narticle 4 modifi\u00e9 par le d\u00e9cret n\u00b0 2022-18 du 7 janvier 2022 ; \n \nVU l'arr\u00eat\u00e9 minist\u00e9riel du 22 juin 2001 relatif aux bonnes pratiques de pharmacie hospitali\u00e8re  \n \nVU la d\u00e9cision de la directrice g\u00e9n\u00e9rale de l'agence nationale de s\u00e9curit\u00e9 du m\u00e9dicament et des produits de sant\u00e9 \ndu 21 juillet 2023 relative aux bonnes pratiques de pr\u00e9paration ;  \n \nVU la note d'information DGOS/PF2/2019/205 du 19 septembre 2019 relative \u00e0 la mise en \u0153uvre des dispositions \ntransitoires pr\u00e9vues \u00e0 l'article 4 du d\u00e9cret n\u00b02019-489 du 21 mai 2019 relatif aux pharmacies \u00e0 usage int\u00e9rieur ; \n \n \nVU la d\u00e9cision ARS BFC/SG/2024-067 portant d\u00e9l\u00e9gation de signature du directeur g\u00e9n\u00e9ral de l'agence r\u00e9gionale \nde sant\u00e9 de Bourgogne-Franche-Comt\u00e9 en date du 12 novembre 2024 ; \n \nVU la demande d\u00e9pos\u00e9e le 15 octobre 2024 v ia la plate -forme demarches-simplifiee.fr, par Monsieur Pascal \nTAFFUT, directeur par int\u00e9rim du Centre hospitalier \u00ab La Chartreuse \u00bb, sis 1 boulevard Chanoine Kir \u00e0 DIJON (21 \n033), visant \u00e0 obtenir du directeur g\u00e9n\u00e9ral de l'agence r\u00e9gionale de sant\u00e9 de Bourgogne -Franche-Comt\u00e9 le \nrenouvellement de l'autorisation de la pharmacie \u00e0 usage int\u00e9rieur (PUI) de l'\u00e9tablissement. Cette demande \ns'inscrit dans le cadre du I de l'article L.5126-4 du code de la sant\u00e9 publique et des dispositions du II de l'article 4 \ndu d\u00e9cret n\u00b0 2019-489 du 21 mai 2019 modifi\u00e9 susvis\u00e9 ; \n \nVU le dossier accompagnant la demande pr\u00e9cit\u00e9e, d\u00e9clar\u00e9 complet le 15 octobre 2024. \n \nConsid\u00e9rant que le dossier transmis \u00e0 l'appui de la pr\u00e9sente demande est identique \u00e0 celui sur la base duquel \nl'autorisation en cours du 19 juillet 2011 a \u00e9t\u00e9 d\u00e9livr\u00e9e  et qu'aucune modification substantielle, au sens du I de \nl'article R.5126-32 du code de la sant\u00e9 publique, n'est intervenue ; \n \nConsid\u00e9rant ainsi que la proc\u00e9dure de d\u00e9claration pr\u00e9alable pr\u00e9vue au I de l'article R5126 -32 s'applique, sans \nrecueil de l'avis du conseil central de la section H de l'ordre national des pharmaciens  ; \n \nConsid\u00e9rant la visite sur place par le pharmacien inspecteur , en date du 09 d\u00e9cembre 2024, suivi du courrier \n\u00e9lectronique du 10 d\u00e9cembre 2024  invitant le directeur par int\u00e9rim du Centre hospitalier \u00ab La Chartreuse \u00bb \u00e0 lui \ncommuniquer des pr\u00e9cisions et corrections sur des \u00e9carts relev\u00e9s concernant les locaux de sa PUI,  le d\u00e9lai \nd'instruction du dossier \u00e9tant, dans cette attente, suspendu ;  \n \nConsid\u00e9rant la seconde visite sur place  du pharmacien inspecteur, en date du 03 f\u00e9vrier 2025, portant sur la \npr\u00e9sentation par le directeur par int\u00e9rim du Centre hospitalier \u00ab  La Chartreuse \u00bb du projet de plan d'action des \ntravaux de mise en conformit\u00e9 sur les points soulev\u00e9s lors de la premi\u00e8re visite  ;  \n \nConsid\u00e9rant la transmission par l'\u00e9tablissement, en date du  09 f\u00e9vrier 2025 , du plan d'action valid\u00e9 par  la \ngouvernance du Centre hospitalier \u00ab  La Chartreuse \u00bb, accompagn\u00e9 d'un calendrier de travaux compatible avec \nune am\u00e9lioration \u00e0 court terme des activit\u00e9s , compl\u00e9t\u00e9e le 11 f\u00e9vrier 2025 des plans  correspondants et d'un \nengagement d'un suivi rapproch\u00e9 par ses \u00e9quipes de la r\u00e9alisation de cette premi\u00e8re \u00e9tape de mise en conformit\u00e9. \nARS Bourgogne-Franche-Comt\u00e9 - 21-2025-02-17-00002 - D\u00e9cision n\u00b0 ARS-BFC-DOSA-2025-264 portant autorisation de la pharmacie \u00e0\nusage int\u00e9rieur du Centre hospitalier \u00ab La Chartreuse \u00bb, sis 1 boulevard Chanoine Kir \u00e0 DIJON (21 033) 6\n \nARS Bourgogne-Franche-Comt\u00e9 \nLe Diapason, 2 Place des Savoirs, CS 73535, 21035 Dijon cedex \nT\u00e9l. : 0808 807 107 - Site : www.ars.bourgogne-franche-comte.sante.fr \n \nConsid\u00e9rant qu'ainsi, conform\u00e9ment aux dispositions de l'article R. 5126 -8 du code de la sant\u00e9 publique, la \npharmacie \u00e0 usage int\u00e9rieur du Centre hospitalier \u00ab La Chartreuse \u00bb disposera de locaux, de moyens en \npersonnel, de moyens en \u00e9quipement et d'un syst\u00e8me d'information lui permettant d'assurer les missions vis\u00e9es \nau I de l'article L. 5126 -1 du m\u00eame code, ainsi qu'au 1\u00b0 de l'article L. 5126 -6 (vente de m\u00e9dicaments au public) , \net d'assurer l'activit\u00e9 de pr\u00e9paration des doses \u00e0 administrer de m\u00e9dicaments pr\u00e9vue au 1\u00b0 du I de l 'article R. \n5126-9. \nDECIDE  \n \nArticle 1er : La pharmacie \u00e0 usage int\u00e9rieur  du Centre hospitalier \u00ab La Chartreuse \u00bb, sis 1 boulevard Chanoine \nKir \u00e0 DIJON (21 033) , est autoris\u00e9e \u00e0 assurer les missions suivantes en application du I de l'article L. 5126 -1 du \ncode de la sant\u00e9 publique : \n \n- Assurer l a gestion, l'approvisionnement, la v\u00e9rification des dispositifs de s\u00e9curit\u00e9, la pr\u00e9paration, le \ncontr\u00f4le, la d\u00e9tention, l'\u00e9valuation et la dispensation des m\u00e9dicaments, produits ou objets mentionn\u00e9s \u00e0 \nl'article L. 4211-1, des dispositifs mentionn\u00e9s \u00e0 l'article premier du r\u00e8glement (UE) 2017/745 du Parlement \neurop\u00e9en et du Conseil du 5 avril 2017 st\u00e9riles et des m\u00e9dicaments exp\u00e9rimentaux ou auxiliaires d\u00e9finis \n\u00e0 l'article L. 5121-1-1, et d'en assurer la qualit\u00e9 ; \n \n- Mener toute action de pharmacie clinique, \u00e0 savoir de contribuer \u00e0 la s\u00e9curisation, \u00e0 la pertinence et \u00e0 \nl'efficience du recours aux produits de sant\u00e9 mentionn\u00e9s au 1\u00b0 et de concourir \u00e0 la qualit\u00e9 des soins, en \ncollaboration avec les autres membres de l'\u00e9q uipe de soins mentionn\u00e9e \u00e0 l'article L. 1110 -12, et en y \nassociant le patient ; \n \n- Entreprendre toute action d'information aux patients et aux professionnels de sant\u00e9 sur les produits de \nsant\u00e9 mentionn\u00e9s au 1\u00b0, ainsi que toute action de promotion et d'\u00e9valuation de leur bon usage, et de \nconcourir \u00e0 la pharmacovigilance, \u00e0 la mat\u00e9riovigilance, et \u00e0 la politique du m\u00e9dicament et des dispositifs \nmentionn\u00e9s \u00e0 l'article premier du r\u00e8glement (UE) 2017/745 du Parlement europ\u00e9en et du Conseil du 5 \navril 2017 st\u00e9riles mentionn\u00e9e \u00e0 l'article L. 6111-2. \n \nArticle 2 : La pharmacie \u00e0 usage int\u00e9rieur du Centre hospitalier \u00ab La Chartreuse \u00bb est autoris\u00e9e \u00e0 assurer l'activit\u00e9 \npr\u00e9vue au 1\u00b0 de l'article R. 5126 -9 du code de la sant\u00e9 publique \u00e0 savoir , la pr\u00e9paration de doses \u00e0 administrer \nde m\u00e9dicaments mentionn\u00e9s \u00e0 l'article L. 4211-1 du code de la sant\u00e9. \n \nArticle 3 : La pharmacie \u00e0 usage int\u00e9rieur du Centre hospitalier \u00ab La Chartreuse \u00bb est autoris\u00e9e \u00e0 assurer l'activit\u00e9 \npr\u00e9vue au 1\u00b0 de l'article L.5126-6 du code de la sant\u00e9 publique, \u00e0 savoir, la d\u00e9livrance de m\u00e9dicaments au public. \n \nArticle 4 : La pharmacie \u00e0 usage int\u00e9rieur du Centre hospitalier \u00ab La Chartreuse \u00bb  est autoris\u00e9e \u00e0 assurer les \nactions de pharmacie clinique pr\u00e9vues par l'article R. 5126-10 du code de la sant\u00e9 publique. \n \nArticle 5 : L'activit\u00e9 de r\u00e9alisation des pr\u00e9parations magistrales \u00e0 partir de mati\u00e8res premi\u00e8res ou de sp\u00e9cialit\u00e9s \npharmaceutiques, pr\u00e9vue au 2\u00b0 du I de l'article R.5126 -9 du code de la sant\u00e9 publique, est conventionnellement \nassur\u00e9e, pour le compte du Centre hospitalier \u00ab La Chartreuse \u00bb , par la pharmacie \u00e0 usage int\u00e9rieur du centre \nhospitalier universitaire (CHU) Dijon Bourgogne  \u2013 H\u00f4pital \u00ab  Fran\u00e7ois Mitterrand  \u00bb, sise 14 rue Paul Gaffarel \u00e0 \nDIJON (21 079). \n \nArticle 6 : La pharmacie \u00e0 usage int\u00e9rieur du Centre hospitalier \u00ab La Chartreuse \u00bb  est situ\u00e9e dans un b\u00e2timent \nde l'ancienne Chartreuse, \u00e0 proximit\u00e9 de la chapelle , elle dessert l'ensemble des lits et places de l'\u00e9tablissement  \ninstall\u00e9s sur les sites suivants : \nCentres m\u00e9dico-psychologiques, Centres d'accueil th\u00e9rapeutique \u00e0 temps partiel et h\u00f4pitaux de Jour situ\u00e9s aux \nadresses suivantes : \n- 1 boulevard Chanoine Kir Dijon \n- Avenue de la Concorde Dijon \n- Avenue du 14 juillet Chen\u00f4ve \n- Route de Dijon Longvic \n- Cap Vert Quetigny \n- Boulevard Carnot Dijon \n- Rue du Faubourg Madeleine Beaune \n- Rue du 8 mai 1945 Seurre \n- Place du ch\u00e2teau Auxonne \nARS Bourgogne-Franche-Comt\u00e9 - 21-2025-02-17-00002 - D\u00e9cision n\u00b0 ARS-BFC-DOSA-2025-264 portant autorisation de la pharmacie \u00e0\nusage int\u00e9rieur du Centre hospitalier \u00ab La Chartreuse \u00bb, sis 1 boulevard Chanoine Kir \u00e0 DIJON (21 033) 7\n \nARS Bourgogne-Franche-Comt\u00e9 \nLe Diapason, 2 Place des Savoirs, CS 73535, 21035 Dijon cedex \nT\u00e9l. : 0808 807 107 - Site : www.ars.bourgogne-franche-comte.sante.fr \n \n- Rue Sambin Dijon \n- Avenue Gal de Gaulle Genlis \n- Rue Jean Belin Beaune \n- Rue Dunant Beaune \n- Rue Faubourg Raines Dijon  \n \nArticle 7 : La d\u00e9cision de la directrice g\u00e9n\u00e9rale de l'agence r\u00e9gionale de sant\u00e9 de Bourgogne  n\u00b0 DSP 133/2011, \nen date du 19 juillet 2011,  portant modification de l'autorisation de la pharmacie \u00e0 usage int\u00e9rieur du centre \nhospitalier sp\u00e9cialis\u00e9 de la Chartreuse sis 1 boulevard Chanoine Kir \u00e0 DIJON (21) , est abrog\u00e9e. \n \nArticle 8 : Le temps de pr\u00e9sence du pharmacien charg\u00e9 de la g\u00e9rance de la pharmacie \u00e0 usage int\u00e9rieur du \nCentre hospitalier \u00ab La Chartreuse \u00bb est de dix demi-journ\u00e9es par semaine. \n \nArticle 9 : A l'exception des modifications substantielles mentionn\u00e9es au II de l'article R. 5126 -32 du code de la \nsant\u00e9 publique, qui font l'objet d'une nouvelle autorisation, la modification des \u00e9l\u00e9ments figurant dans l'autorisation \nfait l'objet d'une d\u00e9claration pr\u00e9alable dans les conditions pr\u00e9vues au I de l'article R. 5126-32 du m\u00eame code. \n \nArticle 10 : La pr\u00e9sente d\u00e9cision peut faire l'objet d'un recours gracieux aupr\u00e8s du directeur g\u00e9n\u00e9ral de l'agence \nr\u00e9gionale de sant\u00e9 de Bourgogne -Franche-Comt\u00e9, d'un recours hi\u00e9rarchique aupr\u00e8s du ministre en charge de la \nSant\u00e9 ou d'un recours contentieux aupr\u00e8s du tribunal administratif comp\u00e9tent d ans un d\u00e9lai de deux mois \u00e0 \ncompter de sa notification au demandeur.  \nA l'\u00e9gard des tiers, ce d\u00e9lai court \u00e0 compter de la publication aux recueils des actes administratifs de la pr\u00e9fecture \nde la r\u00e9gion Bourgogne -Franche-Comt\u00e9 et de la pr\u00e9fecture du d\u00e9partement d e l a C\u00f4te d'Or . Le tribunal \nadministratif peut \u00eatre saisi par l'application T\u00e9l\u00e9recours citoyens accessible par le site www.telerecours.fr.  \n         \nArticle 11 : La directrice de l'organisation des soins et de l'autonomie de l'ARS de Bourgogne-Franche-Comt\u00e9 est \ncharg\u00e9e de l'ex\u00e9cution de la pr\u00e9sente d\u00e9cision qui sera publi\u00e9e au recueil des actes administratifs de la pr\u00e9fecture \nde la r\u00e9gion Bourgogne-Franche-Comt\u00e9 et au recueil des actes administratifs de la pr\u00e9fecture du d\u00e9partement de \nla C\u00f4te d'Or. Elle sera notifi\u00e9e au directeur par int\u00e9rim du Centre hospitalier \u00ab La Chartreuse \u00bb, sis 1 boulevard \nChanoine Kir \u00e0 DIJON (21 033), et une copie sera adress\u00e9e : \n \n- au pr\u00e9sident du conseil central de la Section H de l'Ordre des pharmaciens ;  \n- aux caisses d'assurance-maladie du r\u00e9gime g\u00e9n\u00e9ral et de la mutualit\u00e9 sociale agricole. \n \n   Fait \u00e0 DIJON, le 17 f\u00e9vrier 2025 \n \nPour le directeur g\u00e9n\u00e9ral, \nLa directrice de l'organisation des soins et de l'autonomie, \n \n \n \n \n \n \n \nAnne-Laure MOSER-MOULAA \nARS Bourgogne-Franche-Comt\u00e9 - 21-2025-02-17-00002 - D\u00e9cision n\u00b0 ARS-BFC-DOSA-2025-264 portant autorisation de la pharmacie \u00e0\nusage int\u00e9rieur du Centre hospitalier \u00ab La Chartreuse \u00bb, sis 1 boulevard Chanoine Kir \u00e0 DIJON (21 033) 8\nCHU Dijon Bourgogne\n21-2025-02-03-00005\n04 D\u00e9l\u00e9gation Signature Affaires juridiques - 03\n02 2025\nCHU Dijon Bourgogne - 21-2025-02-03-00005 - 04 D\u00e9l\u00e9gation Signature Affaires juridiques - 03 02 2025 9\n\\\n\u2014\n)1197-24400 sP 1 /CENTRE HOSPITALIER &CH Expap G=d'Is-sur-Tille Mirebeau-Sur-B\u00e8ze ' \\' \\o4 i\\\"'Dijon Bourgogno\nEXTRAIT DU REGISTREDES DECISIONS DU DIRECTEUR GENERALDIRECTION GENERALEDELEGATION DE SIGNATUREAffaires juridiques \u2014 Droits des patients\nDS 2025 \u2014 n\u00b0 04 du 3 f\u00e9vrier portantDELEGATION DE SIGNATURE\nMonsieur Freddy SERVEAUXDirecteur G\u00e9n\u00e9ral du Centre Hospitalier du CHU Dijon Bourgogne,\n= Vu la loi n\u00b0 83-634 du 13 juillet 1983 modifi\u00e9e portant droits et obligations des fonctionnaires,ensemble la loi n\u00b0 86-33 du 9 janvier 1986 modifi\u00e9e portant dispositions statutaires relatives \u00e0 laFonction Publique Hospitali\u00e8re ;_\u2014 Vu la loi n\u00b02009-879 du 21 juillet 2009 portant r\u00e9forme de l'h\u00f4pital et relative aux patients, \u00e0 lasant\u00e9 et aux territoires ;- Vu l'ordonnance n\u00b02022-408 du 23 mars 2022 relative au r\u00e9gime de responsabilit\u00e9 financi\u00e8re desgestionnaires publics;- Vu le code de la sant\u00e9 publique, et notamment les articles L 6143-7 et D.6143-33 \u00e0 D.6143-35relatifs \u00e0 la d\u00e9l\u00e9gation de signature du directeur d'un \u00e9tablissement public de sant\u00e9 ;- Vu le d\u00e9cret n\u00b02005-921 du 2 ao\u00fbt 2005 portant statut particulier des gardes et emplois despersonnels de direction des \u00e9tablissements mentionn\u00e9s \u00e0 l'article 2 (1\u00b0, 2\u00b0 et 3\u00b0) de la loi n\u00b086-33 du 9 janvier 1986 modifi\u00e9e portant dispositions statutaires relatives a la fonction publiquehospitali\u00e8re;\u2014 Vu le d\u00e9cret n\u00b02009-1765 du 30 d\u00e9cembre 2009 relatif au directeur et aux membres du directoiredes \u00e9tablissements publics de sant\u00e9 ;\u2014 Vu le d\u00e9cret n\u00b02010-425 du 29 avril 2010 relatif \u00e0 l'organisation financi\u00e8re et \u00e0 l'investissementimmobilier des \u00e9tablissements de sant\u00e9 ;- Vu le d\u00e9cret du Pr\u00e9sident de la R\u00e9publique du 16 mai 2023 publi\u00e9 au Journal Officiel le 17 mai2023 portant nomination du Directeur G\u00e9n\u00e9ral du Centre Hospitalier Universitaire de Dijon ;\nCHU Dijon Bourgogne - 21-2025-02-03-00005 - 04 D\u00e9l\u00e9gation Signature Affaires juridiques - 03 02 2025 10\n7 CH EHPAD =2 \u2014\u2014o-w{a'oulr;\u00e8m d'Is-sur-Tille Mirebeau-Sur-Beze nn CANTRE HORTTALYR\n\u2014 Vu le Proc\u00e8s - Verbal d'Installation en date du 05 juin 2023 certifiant l'installation de MonsieurFreddy SERVEAUX, Directeur G\u00e9n\u00e9ral du CHU Dijon Bourgogne \u00e0 compter du 05 juin 2023 ;- Vu la convention de direction commune entre le CHU Dijon Bourgogne, le CH d'Auxonne, le CHd'Is-sur-Tille, 'EHPAD de Mirebeau-Sur-B\u00e8ze, le CH de Chaumont, le CH de Langres et le CH deBourbonne-les-Bains \u00e9tablie \u00e0 compter du 1er octobre 2024 en date du 12 juillet 2024 ;\u2014 Vu l'organigramme de direction en date du 1 janvier 2025,\nDECIDE\nARTICLE 1 \u2014 D\u00e9l\u00e9gation est donn\u00e9e \u00e0 Monsieur Florent CAVELIER \u2014 Secr\u00e9taire g\u00e9n\u00e9ral,ARTICLE 2 \u2014 et en cas d'emp\u00eachement de celui-ci, d\u00e9l\u00e9gation est donn\u00e9e \u00e0 :-Madame Claire TARNIER, attach\u00e9e d'administration hospitali\u00e8re, pour tout document relevant de lacomp\u00e9tence des affaires juridiques et des droits des patients,-Madame Lucie PERROT, attach\u00e9e d'administration hospitali\u00e8re, pour tout document relevant de lacomp\u00e9tence des affaires juridiques et des droits des patients,ARTICLE 3 \u2014 Les signatures ou paraphes du d\u00e9l\u00e9gataire nomm\u00e9 \u00e0 l'article 1er sont joints \u00e0 la pr\u00e9sented\u00e9cision.ARTICLE 4 \u2014 La pr\u00e9sente d\u00e9cision sera communiqu\u00e9e au conseil de surveillance, et transmise sans d\u00e9laiau tr\u00e9sorier principal du CHU Dijon Bourgogne.ARTICLE 5 \u2014 La pr\u00e9sente d\u00e9cision sera ins\u00e9r\u00e9e au recueil des actes administratifs de la Pr\u00e9fecture de laC\u00f4te \u2014 d'Or. Elle annule et remplace toute d\u00e9cision ant\u00e9rieure.\nDijon, le 3 f\u00e9vrier 2025Le Directeur G\u00e9n\u00e9ralSign\u00e9Freddy SERVEAUX\nDirection G\u00e9n\u00e9rale : Extrait du registre des d\u00e9cisions du Directeur G\u00e9n\u00e9ral\nCHU Dijon Bourgogne - 21-2025-02-03-00005 - 04 D\u00e9l\u00e9gation Signature Affaires juridiques - 03 02 2025 11\nD||8r; Bburgc';g';nrrl\"e;CH EHPAD g__\"':':-d'Is-sur-Tille Mirebeau-Sur-B\u00e8ze ' \\' \\ CENTRE HOSPITALIER\nD\u00e9p\u00f4t de signature du d\u00e9l\u00e9gataire\nPr\u00e9nom NOM Direction Signature\nFlorent CAVELIER Secr\u00e9taire g\u00e9n\u00e9ralSign\u00e9\nAttach\u00e9e d'administrationClaire TARNIER hospitali\u00e8re Si g n\u00e9\nAttach\u00e9e d'administration Si g n\u00e9Lucie PERROT RRhospitali\u00e8re\nCHU Dijon Bourgogne - 21-2025-02-03-00005 - 04 D\u00e9l\u00e9gation Signature Affaires juridiques - 03 02 2025 12\nCHU Dijon Bourgogne\n21-2025-01-01-00004\n06 DS Acc stag non param\u00e9d hors unit soins - 01\n01 2025\nCHU Dijon Bourgogne - 21-2025-01-01-00004 - 06 DS Acc stag non param\u00e9d hors unit soins - 01 01 2025 13\nD!iofi flbulgoqnoCH EHPAD Cmnd'Is-sur-Tille Mirebeou-Sur-B\u00e8ze h' \\\nEXTRAIT DU REGISTREDES DECISIONS DU DIRECTEUR GENERALDIRECTION GENERALEDELEGATION DE SIGNATUREAccueil Stagiaires dans les secteurs administratifs et techniques (horsformation m\u00e9dicale et param\u00e9dicale)\nDS 2025 \u2014 n\u00b0 06 du 1 janvier portantDELEGATION DE SIGNATURE\nMonsieur Freddy SERVEAUXDirecteur G\u00e9n\u00e9ral du Centre Hospitalier du CHU Dijon Bourgogne,\n- Vu la loi n\u00b0 83-634 du 13 juillet 1983 modifi\u00e9e portant droits et obligations des fonctionnaires,ensemble la loi n\u00b0 86-33 du 9 janvier 1986 modifi\u00e9e portant dispositions statutaires relatives \u00e0 laFonction Publique Hospitali\u00e8re ;- Vu la loi n\u00b02009-879 du 21 juillet 2009 portant r\u00e9forme de l'h\u00f4pital et relative aux patients, \u00e0 lasant\u00e9 et aux territoires ;\u2014 Vu l'ordonnance n\u00b02022-408 du 23 mars 2022 relative au r\u00e9gime de responsabilit\u00e9 financi\u00e8re desgestionnaires publics ;\u2014 Vu le code de la sant\u00e9 publique, et notamment les articles L 6143-7 et D.6143-33 \u00e0 D.6143-35relatifs \u00e0 la d\u00e9l\u00e9gation de signature du directeur d'un \u00e9tablissement public de sant\u00e9 ;- Vu le d\u00e9cret n\u00b02005-921 du 2 ao\u00fbt 2005 portant statut particulier des gardes et emplois despersonnels de direction des \u00e9tablissements mentionn\u00e9s \u00e0 l'article 2 (1\u00b0, 2\u00b0 et 3\u00b0) de la loi n\u00b086-33 du 9 janvier 1986 modifi\u00e9e portant dispositions statutaires relatives \u00e0 la fonction publiquehospitali\u00e8re ;- Vu le d\u00e9cret n\u00b02009-1765 du 30 d\u00e9cembre 2009 relatif au directeur et aux membres du directoiredes \u00e9tablissements publics de sant\u00e9 ;\u2014 Vu le d\u00e9cret n\u00b02010-425 du 29 avril 2010 relatif \u00e0 l'organisation financi\u00e8re et \u00e0 l'investissementimmobilier des \u00e9tablissements de sant\u00e9 ;- Vu le d\u00e9cret du Pr\u00e9sident de la R\u00e9publique du 16 mai 2023 publi\u00e9 au Journal Officiel le 17 mai2023 portant nomination du Directeur G\u00e9n\u00e9ral du Centre Hospitalier Universitaire de Dijon ;\nCHU Dijon Bourgogne - 21-2025-01-01-00004 - 06 DS Acc stag non param\u00e9d hors unit soins - 01 01 2025 14\nC H E H PAD C}:{wmome  d'Is-sur-Tille Mirebeau-Sur-B\u00e8ze f \\' \\u\\:\\'> 4 P SHEANESACENTRE HOSPITALIERquc; louvgog';;\\b\n- Vu le Proc\u00e8s - Verbal d'Installation en date du 05 juin 2023 certifiant I'installation de MonsieurFreddy SERVEAUX, Directeur G\u00e9n\u00e9ral du CHU Dijon Bourgogne \u00e0 compter du 05 juin 2023 ;- Vu la convention de direction commune entre le CHU Dijon Bourgogne, le CH d'Auxonne, le CHd'Is-sur-Tille, l/'EHPAD de Mirebeau-Sur-B\u00e8ze, le CH de Chaumont, le CH de Langres et le CH deBourbonne-les-Bains \u00e9tablie \u00e0 compter du 1er octobre 2024 en date du 12 juillet 2024 ;- Vu l'organigramme de direction en date du 1 janvier 2025,\nDECIDE\nARTICLE 1 - D\u00e9l\u00e9gation est donn\u00e9e \u00e0Madame Corinne CALARD, Coordonnatrice g\u00e9n\u00e9rale des soins,Monsieur Quentin GARNIER, Directeur des ressources humaines,Madame St\u00e9phanie ALIM NOYER, Directrice adjointe des soins,Madame Marie GUEDRA, Directrice adjointe aux ressources humainespour signer en mes nom et place les conventions relatives \u00e0 l'accueil de stagiaires non param\u00e9dicauxhors unit\u00e9s de soins.ARTICLE 2 - Les signatures ou paraphes du d\u00e9l\u00e9gataire nomm\u00e9\u00e0 l'article 1\u00b0\" sont joints \u00e0 la pr\u00e9sented\u00e9cision.ARTICLE 3 \u2014 La pr\u00e9sente d\u00e9cision sera communiqu\u00e9e au conseil de surveillance, et transmise sansd\u00e9lai au tr\u00e9sorier principal du CHU Dijon Bourgogne.ARTICLE 4 \u2014La pr\u00e9sente d\u00e9cision sera ins\u00e9r\u00e9e au recueil des actes administratifs de la Pr\u00e9fecture dela C\u00f4te \u2014 d'Or. Elle annule et remplace toute d\u00e9cision ant\u00e9rieure.\nDijon, le 1 janvier 2025\nLe Directeur G\u00e9n\u00e9ralSign\u00e9Freddy SERVEAUX\nDirection G\u00e9n\u00e9rale : Extrait du registre des d\u00e9cisions du Directeur G\u00e9n\u00e9ral\nCHU Dijon Bourgogne - 21-2025-01-01-00004 - 06 DS Acc stag non param\u00e9d hors unit soins - 01 01 2025 15\nCH EHPAD \u00e7...-y ausaeases d'Is-sur-Tille Mirebeou-Sur-B\u00e8ze ' \\' \\ CENTRE HOSPITALIERlec; Bourqo'q;';)\nD\u00e9p\u00f4t de signature du d\u00e9l\u00e9gataire\nPr\u00e9nom NOM Direction Signature\nSign\u00e9Mme St\u00e9phanie ALIM NOYER Direction des soins\nMme Corinne CALARD Direction des soins S l g ne\n. Sign\u00e9M. Quentin GARNIER Direction des_ ressourceshumaines\nDirection des ressources Sig n\u00e9Mme Marie GUEDRA humaines\nCHU Dijon Bourgogne - 21-2025-01-01-00004 - 06 DS Acc stag non param\u00e9d hors unit soins - 01 01 2025 16\nCHU Dijon Bourgogne\n21-2025-01-01-00003\n07 D\u00e9l\u00e9gation Signature  DAM - 01 01 2025\nCHU Dijon Bourgogne - 21-2025-01-01-00003 - 07 D\u00e9l\u00e9gation Signature  DAM - 01 01 2025 17\n- =\n\u2014 'aumont =- b7 CH Exnpan E H_ .. MKDijon Bourgogno d'ls-sur-Tille Mirebeau-Sur-Beze ' \\' \\ CENTRE HOSPITALIER L \u2014\u2014~ -\n>\nEXTRAIT DU REGISTREDES DECISIONS DU DIRECTEUR GENERALDIRECTION GENERALEDELEGATION DE SIGNATUREDirection des Affaires M\u00e9dicales\nDS 2025 \u2014 n\u00b0 07 du 1 janvier portantDELEGATION DE SIGNATURE\nMonsieur Freddy SERVEAUXDirecteur G\u00e9n\u00e9ral du Centre Hospitalier du CHU Dijon Bourgogne,\n= Vu la loi n\u00b0 83-634 du 13 juillet 1983 modifi\u00e9e portant droits et obligations des fonctionnaiensemble la loi n\u00b0 86-33 du 9 janvier 1986 modifi\u00e9e portant dispositions statutaires relativesFonction Publique Hospitali\u00e8re ;- Vu la loi n\u00b02009-879 du 21 juillet 2009 portant r\u00e9forme de l'h\u00f4pital et relative aux patients,sant\u00e9 et aux territoires ;- Vu l'ordonnance n\u00b02022-408 du 23 mars 2022 relative au r\u00e9gime de responsabilit\u00e9 financi\u00e8regestionnaires publics ;\u2014 Vu le code de la sant\u00e9 publique, et notamment les articles L.6143-7 et D.6143-33 \u00e0 D.6143-35relatifs \u00e0 la d\u00e9l\u00e9gation de signature du directeur d'un \u00e9tablissement public de sant\u00e9 ;- Vu le d\u00e9cret n\u00b02005-921 du 2 ao\u00fbt 2005 portant statut particulier des gardes et emplois\nhospitali\u00e8re ;- Vu le d\u00e9cret n\u00b02009-1765 du 30 d\u00e9cembre 2009 relatif au directeur et aux membres du directoiredes \u00e9tablissements publics de sant\u00e9 ;- Vu le d\u00e9cret n\u00b02010-425 du 29 avril 2010 relatif \u00e0 l'organisation financi\u00e8re et \u00e0 l'investissementimmobilier des \u00e9tablissements de sant\u00e9 ;\nres,\u00e0 la\n\u00e0 la\ndes\ndespersonnels de direction des \u00e9tablissements mentionn\u00e9s \u00e0 l'article 2 (1\u00b0, 2\u00b0 et 3\u00b0) de la loi n\u00b086-33 du 9 janvier 1986 modifi\u00e9e portant dispositions statutaires relatives \u00e0 la fonction publique\n- Vu le d\u00e9cret du Pr\u00e9sident de la R\u00e9publique du 16 mai 2023 publi\u00e9 au Journal Officiel le 17 mai2023 portant nomination du Directeur G\u00e9n\u00e9ral du Centre Hospitalier Universitaire de Dijon ;\nCHU Dijon Bourgogne - 21-2025-01-01-00003 - 07 D\u00e9l\u00e9gation Signature  DAM - 01 01 2025 18\nCH EHPAD C_--'d'Is-sur-Tille Mirebeau-Sur-Beze ' \\' \\PP\\hDijon Bourgogn'o CENTRE HOSPITALIER\n- Vu le Proc\u00e8s - Verbal d'Installation en date du 05 juin 2023 certifiant l'installation de MonsieurFreddy SERVEAUX, Directeur G\u00e9n\u00e9ral du CHU Dijon Bourgogne \u00e0 compter du 05 juin 2023 ;- Vu la convention de direction commune entre le CHU Dijon Bourgogne, le CH d'Auxonne, le CHd'Is-sur-Tille, l/'EHPAD de Mirebeau-Sur-B\u00e8ze, le CH de Chaumont, le CH de Langres et le CH deBourbonne-les-Bains \u00e9tablie \u00e0 compter du 1er octobre 2024 en date du 12 juillet 2024 ;- Vu l'organigramme de direction en date du 1 janvier 2025,\nDECIDEARTICLE 1 - D\u00e9l\u00e9gation est donn\u00e9e aux personnes ci-apr\u00e8s d\u00e9sign\u00e9es pour signer en mes nom et placeles pi\u00e8ces suivantes :Documents ayant trait \u00e0 la gestion et \u00e0 l'administration du personnel m\u00e9dical :Madame Anne Lucie BOULANGER, Directrice des affaires m\u00e9dicales, et \u00e0 M. Mehdi PICHEGRU, Directeuradjoint aux affaires M\u00e9dicaleset en cas d''emp\u00eachement de ceux-ci \u00e0 :- Monsieur Quentin GARNIER, Directeur des ressources humaines- Madame Marie GUEDRA, Directrice adjointe aux ressources humaines- Madame Estelle VALET, Responsable des affaires m\u00e9dicales \u00e0 la direction des affaires m\u00e9dicales,- et \u00e0 Mme Magali DOUBEY, R\u00e9f\u00e9rente GTT \u00e0 la direction des affaires m\u00e9dicales,- et \u00e0 Mme Caroline LAMBERT ALISON, R\u00e9f\u00e9rente Coop\u00e9rations \u00e0 la direction des affaires m\u00e9dicales,- et \u00e0 Mme Audrey TAILLEFER, R\u00e9f\u00e9rente Paie \u00e0 la direction des affaires m\u00e9dicales,- et \u00e0 Mme Emilie ILLET, R\u00e9f\u00e9rente Suivi budg\u00e9taire et contr\u00f4le de gestion sociale \u00e0 la direction desaffaires m\u00e9dicales.\nDocuments ayant trait \u00e0 la gestion et \u00e0 l'administration des internes et des \u00e9tudiants en m\u00e9decine,pharmacie et odontologie du CHU :Madame Anne Lucie BOULANGER, Directrice des affaires m\u00e9dicales, et \u00e0 M. Mehdi PICHEGRU, Directeuradjoint aux affaires m\u00e9dicaleset en cas d'emp\u00eachement de celles-ci \u00e0 :- Monsieur Quentin GARNIER, Directeur des ressources humaines,- Madame Marie GUEDRA, Directrice adjointe aux ressources humaines- Madame Estelle VALET, Responsable des affaires m\u00e9dicales \u00e0 la direction des affaires m\u00e9dicales,- et \u00e0 Mme Magali DOUBEY, R\u00e9f\u00e9rente GTT \u00e0 la direction des affaires m\u00e9dicales,- et \u00e0 Mme Caroline LAMBERT ALISON, R\u00e9f\u00e9rente Coop\u00e9rations \u00e0 la direction des affaires m\u00e9dicales- et \u00e0 Mme Audrey TAILLEFER, R\u00e9f\u00e9rente Paie \u00e0 la direction des affaires m\u00e9dicales,- et \u00e0 Mme Emilie ILLET, R\u00e9f\u00e9rente Suivi budg\u00e9taire et contr\u00f4le de gestion sociale \u00e0 la direction desaffaires m\u00e9dicales.\nCHU Dijon Bourgogne - 21-2025-01-01-00003 - 07 D\u00e9l\u00e9gation Signature  DAM - 01 01 2025 19\nCH _ EHPAD ARxeaee< d'ls-sur-Tille Mirebeau-Sur-B\u00e8zeVvt Ms 00 Fn n r\nLDijon m'm;\\o PANAE rCENTRE HOSPITALIER\nARTICLE 2 - Les signatures ou paraphes du d\u00e9l\u00e9gataire nomm\u00e9 \u00e0 l'article 1\u00b0\" sont joints \u00e0 la pr\u00e9sented\u00e9cision.ARTICLE 3 \u2014 La pr\u00e9sente d\u00e9cision sera communiqu\u00e9e au Conseil de Surveillance, et transmise sansd\u00e9lai au Tr\u00e9sorier Principal du CHU Dijon Bourgogne.ARTICLE 4\u2014La pr\u00e9sente d\u00e9cision sera ins\u00e9r\u00e9e au recueil des actes administratifs de la Pr\u00e9fecture dela C\u00f4te \u2014 d'Or. Elle annule et remplace toute d\u00e9cision ant\u00e9rieure.\nDijon, le 1 janvier 2025\nASEL Le Directeur G\u00e9n\u00e9ralS0\\d 4\\C' = \" ; 4[ Qe Sign\u00e9\nc  >\n. Freddy SERVEAUX\nDirection G\u00e9n\u00e9rale : Extrait du registre des d\u00e9cisions du Directeur G\u00e9n\u00e9ral\nCHU Dijon Bourgogne - 21-2025-01-01-00003 - 07 D\u00e9l\u00e9gation Signature  DAM - 01 01 2025 20\nCHd'Is-sur-Tille Mirebeau-Sur-B\u00e9ze f\\\n\u00cf\u00c7'aumomEHPAD =X\nD\u00e9p\u00f4t de signature du d\u00e9l\u00e9gataire\nCENTRE HOSPITALIER\nPr\u00e9nom NOM DirectionSignature\nMme Anne Lucie BOULANGERDirectrice des affaires m\u00e9dicalesSign\u00e9\nMme Magali DOUBEYR\u00e9f\u00e9rente GTT \u2014 direction desaffaires m\u00e9dicalesSign\u00e9\nM. Quentin GARNIERDirecteur des ressources humainesSign\u00e9\nMme Marie GUEDRADirectrice adjointe aux ressourceshumainesSign\u00e9\nCHU Dijon Bourgogne - 21-2025-01-01-00003 - 07 D\u00e9l\u00e9gation Signature  DAM - 01 01 2025 21\n/IA\\:\\'CHd'Is-sur-Tille Mirebeau-Sur-B\u00e9ze ' \\' \\EHPAD C_---'\nMme Emilie ILLETR\u00e9f\u00e9rente Suivi budg\u00e9taire etcontr\u00f4le de gestion sociale -direction des affaires m\u00e9dicales\nMme Caroline LAMBERT ALISONR\u00e9f\u00e9rente Coop\u00e9rations \u2014 directiondes affaires m\u00e9dicalesSign\u00e9\nM. Mehdi PICHEGRUDirecteur adjoint aux Affairesm\u00e9dicalesSign\u00e9\nMme Audrey TAILLEFERR\u00e9f\u00e9rente paie \u2014 direction desaffaires m\u00e9dicalesSign\u00e9\nMme Estelle VALETResponsable des affaires m\u00e9dicales\u00e0 la direction des affaires m\u00e9dicalesSign\u00e9\nCHU Dijon Bourgogne - 21-2025-01-01-00003 - 07 D\u00e9l\u00e9gation Signature  DAM - 01 01 2025 22\nDirection d\u00e9partementale de la protection des\npopulations de la C\u00f4te-d'Or\nService Protection \u00c9conomique du\nConsommateur\n21-2025-02-20-00005\nArr\u00eat\u00e9 n\u00b0288 relatif aux tarifs des courses de\ntaxis pour l'ann\u00e9e 2025\nDirection d\u00e9partementale de la protection des populations de la C\u00f4te-d'Or - 21-2025-02-20-00005 - Arr\u00eat\u00e9 n\u00b0288 relatif aux tarifs des\ncourses de taxis pour l'ann\u00e9e 2025 23\nExPREFETDE LACOTE-D'ORLibert\u00e9Egalit\u00e9Fraternit\u00e9\nDirection d\u00e9partementale \nde la protection des populations\nService Protection \u00c9conomique des Consommateurs\nStandard DDPP : 03 80 29 44 44 \nm\u00e9l : ddpp-spec@cote-dor.gouv.fr\nArr\u00eat\u00e9 N\u00b0 288\nrelatif aux tarifs des courses de taxis pour l'ann\u00e9e 2025\nLe pr\u00e9fet de la C\u00f4te-d'Or\nVU  le code de commerce, notamment son article L.410-2 ;\nVU le code de la consommation ;\nVU le code des transports, notamment son article L.3121-1  ;\nVU le d\u00e9cret n\u00b02001-387 du 3 mai 2001 relatif au contr\u00f4le des instruments de mesure ;\nVU le d\u00e9cret n\u00b0 2015-1252 du 7 octobre 2015 relatif aux tarifs des courses de taxi ;\nVU l'arr\u00eat\u00e9 minist\u00e9riel du 3 d\u00e9cembre 1987 relatif \u00e0 l'information du consommateur sur les prix ;\nVU l'arr\u00eat\u00e9 minist\u00e9riel du 18 juillet 2001 relatif aux taxim\u00e8tres en service ;\nVU l'arr\u00eat\u00e9 minist\u00e9riel du 13 f\u00e9vrier 2009 relatif aux dispositifs r\u00e9p\u00e9titeurs lumineux de tarifs pour  \ntaxis ;\nVU l'arr\u00eat\u00e9 minist\u00e9riel du 6 novembre 2015 relatif \u00e0 l 'information du consommateur sur les tarifs  \ndes courses de taxi ;\nVU l'arr\u00eat\u00e9 minist\u00e9riel du 22 janvier 2024 relatif aux tarifs des courses de taxi ;\nVU l'arr\u00eat\u00e9 minist\u00e9riel du 20 janvier 2025 relatif aux tarifs des courses de taxi pour  2025 ;\nVU l'arr\u00eat\u00e9 pr\u00e9fectoral n\u00b0253 du 2 f\u00e9vrier 2024 relatif aux tarifs des courses de taxis pour l'ann\u00e9e  \n2024 dans le d\u00e9partement de la C\u00f4te-d'Or ;\nVU le d\u00e9cret du  10 octobre 2024 nommant Monsieur Paul MOURIER, pr\u00e9fet de la r\u00e9gion\nBourgogne-Franche-Comt\u00e9, pr\u00e9fet de la C\u00f4te-d'Or ;\nVU  l'avis de Monsieur le directeur d\u00e9partemental de la protection des populations  de la C\u00f4te  \nd'Or;\nDirection D\u00e9partementale de la Protection des Populations de C\u00f4te d'Or \u2013 57 rue de Mulhouse- CS 53317 \u2013 21033 DIJON CEDEX \nt\u00e9l : 03 80 29 44 44  - m\u00e8l : ddpp@cote-dor.gouv.fr\nSite internet : http://www.cote-dor.gouv.fr\nDirection d\u00e9partementale de la protection des populations de la C\u00f4te-d'Or - 21-2025-02-20-00005 - Arr\u00eat\u00e9 n\u00b0288 relatif aux tarifs des\ncourses de taxis pour l'ann\u00e9e 2025 24\nConsid\u00e9rant les consultations locales men\u00e9es par la DDPP de la C\u00f4te-d'Or avec les organisations  \nprofessionnelles  ;\nSUR proposition de Monsieur le secr\u00e9taire g\u00e9n\u00e9ral  de la pr\u00e9fecture de C\u00f4te-d'Or\nARRETE\nArticle 1er :  Dans le d\u00e9partement de la COTE D'OR, les tarifs  maximums  des taxis sont fix\u00e9s  \ncomme suit, toutes taxes comprises, \u00e0 compter de la publication du pr\u00e9sent arr\u00eat\u00e9 :\n\u2013 Valeur de la chute ou unit\u00e9 d'\u00e9chelonnement du taxim\u00e8tre                                0,10 \u20ac \n\u2013 Valeur de la prise en charge                                                                                       2,80 \u20ac\n   (somme affich\u00e9e par le taxim\u00e8tre au  d\u00e9part de la course)         \n \u2013 Heure d'attente ou de marche lente                                                                       28,40 \u20ac\n             \n\u2013 Quatre tarifs kilom\u00e9triques, ci-dessous d\u00e9finis, peuvent \u00eatre pratiqu\u00e9s :\nTypes de course Tarifs kilom\u00e9triques\nTarif A  lettre noire fond \nblanc\n1,13 \u20ac\nTarif B  lettre noire fond \norange\n1,70 \u20ac\nTarif C  lettre noire fond \nbleu\n2,26 \u20ac\nTarif D  lettre noire fond \nvert\n3,39 \u20ac\nToutefois pour les courses de petite distance, le tarif minimum, suppl\u00e9ments inclus, susceptible  \nd'\u00eatre per\u00e7u pour une course est fix\u00e9 \u00e0 8 \u20ac. \nUne affichette devra \u00eatre appos\u00e9e de fa\u00e7on visible dans le v\u00e9hicule en indiquant \u00e0 la client\u00e8le les  \nconditions d'application de la prise en charge, le tarif pratiqu\u00e9 et reprendre la formule suivante : \u00ab \nQuel que soit le montant inscrit au compteur, la somme per\u00e7ue ne peut \u00eatre inf\u00e9rieure \u00e0  8 \u20ac  \nsuppl\u00e9ments inclus \u00bb.\nArticle 2 : Les tarifs A, B, C et D sont d\u00e9finis comme suit :\nTarif A : course de jour avec retour en charge \u00e0  la station\nTarif B : course de nuit ou le dimanche ou un jour f\u00e9ri\u00e9, avec retour en charge \u00e0 la station\nTarif C : course de jour avec retour \u00e0 vide \u00e0 la station\nTarif D : course de nuit ou le dimanche ou un jour f\u00e9ri\u00e9 avec retour \u00e0 vide \u00e0 la station\nDirection D\u00e9partementale de la Protection des Populations de C\u00f4te d'Or \u2013 57 rue de Mulhouse- CS 53317 \u2013 21033 DIJON CEDEX \nt\u00e9l : 03 80 29 44 44  - m\u00e8l : ddpp@cote-dor.gouv.fr\nSite internet : http://www.cote-dor.gouv.fr\nDirection d\u00e9partementale de la protection des populations de la C\u00f4te-d'Or - 21-2025-02-20-00005 - Arr\u00eat\u00e9 n\u00b0288 relatif aux tarifs des\ncourses de taxis pour l'ann\u00e9e 2025 25\nEn cas de d\u00e9part \u00e0 vide et de retour \u00e0 vide \u00e0 la station, les conducteurs de taxis devront utiliser : \n\u2022 au d\u00e9part: tarif A de jour ou B de nuit,\n\u2022 puis, tarif C de jour ou D de nuit, soit \u00e0 partir du point de chargement du client si le taxi ne  \nrevient pas en charge \u00e0 la station, soit \u00e0 partir de la station si le taxi repasse, en charge, \u00e0  \nhauteur de celle-ci.\nLe conducteur du taxi devra placer le taxim\u00e8tre en position de fonctionnement d\u00e8s le d\u00e9but de la  \ncourse, en appliquant le tarif r\u00e9glementaire correspondant \u00e0 la course \u00e0 effectuer, et signaler au  \nclient tout changement de tarif intervenant pendant la course.\nConform\u00e9ment \u00e0 l'article L.112-3 du Code de la consommation, lorsque le prix ne peut \u00eatre  \nraisonnablement calcul\u00e9 \u00e0 l'avance du fait de la nature du bien ou du service, le professionnel  \nfournit le mode de calcul du prix et, s'il y a lieu, tous les frais suppl\u00e9mentaires de transport, de  \nlivraison ou d'affranchissement et tous les autres frais \u00e9ventuels.\nLe consommateur doit \u00eatre en mesure de conna\u00eetre, sans difficult\u00e9 et avant la prestation , soit le  \nprix total lui-m\u00eame, soit les principaux param\u00e8tres susceptibles de composer ou de d\u00e9terminer le  \nprix final (prise en charge, tarifs applicables, suppl\u00e9ments \u00e9ventuels\u2026).\nArticle 3  :  Le tarif de jour est applica ble toute l'ann\u00e9e de 7 heures \u00e0 19 heures, le  tarif de nuit\nde 19 heures \u00e0 7 heures.\nLa  pratique  du  tarif  neige-verglas  est  subordonn\u00e9e  aux  deux  conditions  suivantes  :  routes \neffectivement enneig\u00e9es ou verglac\u00e9es et utilisation d'\u00e9quipements sp\u00e9ciaux ou de pneumatiques \nantid\u00e9rapants dits \u00abpneus hiver\u00bb.\nUne information relative au tarif neige-verglas par voie d'affichette appos\u00e9e dans les v\u00e9hicules  \ndoit indiquer \u00e0 la client\u00e8 le, de mani\u00e8re visible et lisible quel que soit l'emplacement o\u00f9 elle se  \ntrouve, les conditions d'application et le tarif pratiqu\u00e9.\nCe tarif ne doit pas exc\u00e9der le tarif d'une course de nuit, correspondant au type de course  \nconcern\u00e9e.\nArticle 4 : Le transport des personnes ne pourra donner lieu \u00e0 la perception d'un prix sup\u00e9rieur au  \nprix enregistr\u00e9 au compteur. Les suppl\u00e9ments suivants pourront toutefois \u00eatre demand\u00e9s aux  \nclients :\n-sacs de voyage, valises, autres que bagages \u00e0 main gratuit\n-bagages \u00e0 main de petites dimensions gratuit\n-personne  majeure  ou  mineure  suppl\u00e9mentaire  \u00e0  partir  de  la \ncinqui\u00e8me personne\n4 \u20ac l'unit\u00e9\n- bagages qui ne peuvent \u00eatre transport\u00e9s dans le coffre ou dans  \nl'habitacle  du  v\u00e9hicule  et  n\u00e9cessitent  l'utilisation  d'un  \n\u00e9quipement ext\u00e9rieur\n- valises, ou bagages de taille \u00e9quivalente, au-del\u00e0 de trois valises,  \nou bagages de taille \u00e9quivalente, par passager\n2 \u20ac\nDirection D\u00e9partementale de la Protection des Populations de C\u00f4te d'Or \u2013 57 rue de Mulhouse- CS 53317 \u2013 21033 DIJON CEDEX \nt\u00e9l : 03 80 29 44 44  - m\u00e8l : ddpp@cote-dor.gouv.fr\nSite internet : http://www.cote-dor.gouv.fr\nDirection d\u00e9partementale de la protection des populations de la C\u00f4te-d'Or - 21-2025-02-20-00005 - Arr\u00eat\u00e9 n\u00b0288 relatif aux tarifs des\ncourses de taxis pour l'ann\u00e9e 2025 26\nIl est interdit de refuser la prise en charge des chiens guides d'aveugle ou d'assistance. De plus,  \naucun suppl\u00e9ment \u00ab animal \u00bb  ne peut \u00eatre factur\u00e9 \u00e0 l'occasion de cette prise en charge.\nArticle 5 : Lorsque l'autoroute est emprunt\u00e9e \u00e0 la demande du client, les p\u00e9ages autoroutiers aller  \net retour sont \u00e0 sa charge.\nArticle 6 :  En application de l'article 7 de l'arr\u00eat\u00e9 du 6 novembre 2015 relatif \u00e0 l'information du  \nconsommateur  sur  les  tarifs  des  courses  de  taxi,  l'ensemble  des  tarifs  devra  \u00eatre  affich\u00e9  de \nmani\u00e8re  visible  et  lisible  de  la  place  occup\u00e9e  par  le  ou  les  clients  avec  la  mention  \u00able  prix \nmaximum d\u00fb par le client est celui indiqu\u00e9 au compteur\u00bb , les suppl\u00e9ments r\u00e9clam\u00e9s au titre de  \nl'article 4 s'ajoutant \u00e9ventuellement au prix indiqu\u00e9 au compteur.\nLes conditions dans lesquelles la d\u00e9livrance d'une note est obligatoire ou facultative doivent \u00eatre  \nrappel\u00e9es \u00e0 la client\u00e8le par un affichage visible et lisible en permanence dans le v\u00e9hicule, quel que  \nsoit l'endroit o\u00f9 se trouve la client\u00e8le. Cet affichage doit, en outre, pr\u00e9ciser clairement que le  \nconsommateur peut demander que la note mentionne son nom ainsi que le lieu de d\u00e9part et le  \nlieu d'arriv\u00e9e de la course.\nL'information selon laquelle le consommateur peut r\u00e9gler la course par carte bancaire, quel que  \nsoit le montant du prix, ainsi que l'adresse \u00e0 laquelle peut \u00eatre adress\u00e9e une r\u00e9clamation, devront  \n\u00e9galement \u00eatre affich\u00e9es de mani\u00e8re visible et lisible de la place occup\u00e9e par le ou les clients.\nArticle 7 : Les notes et les factures \u00e9mises par les professionnels seront d\u00e9livr\u00e9es conform\u00e9ment  \u00e0 \nl'arr\u00eat\u00e9 minist\u00e9riel du 6 novembre 2015, \u00e0 l'arr\u00eat\u00e9 minist\u00e9riel n\u00b083-50/A  du 3 octobre 1983 relatif  \n\u00e0 la publicit\u00e9 des prix de tous les services, et \u00e0 l'article L. 441-9 du Code de Commerce relatif aux  \nr\u00e8gles de facturation.\nArticle 8 :\n1/ Les voitures de taxi doivent \u00eatre munies d'un dispositif r\u00e9p\u00e9titeur lumineux des tarifs.\nD\u00e8s  l'apparition  d'une  panne  d'une  ampoule  \u00e9clairant  les  lettres  A,  B,  C,  D,  du  r\u00e9p\u00e9titeur \nindiquant  les  diff\u00e9rents  tarifs  utilis\u00e9s,  le  conducteur  de  taxi  devra  imp\u00e9rativement  et \nimm\u00e9diatement proc\u00e9der ou faire proc\u00e9der \u00e0 son remplacement.\n2/  Les  v\u00e9hicules  qui  ne  sont  pas  en  service  doivent  obligatoirement  avoir  leur  dispositif  de \nsignalisation masqu\u00e9 par une gaine.\nArticle  9  :  La  v\u00e9rification  p\u00e9riodique  et  la  surveillance  des  taxim\u00e8tres  seront  conduites \nconform\u00e9ment aux dispositions de l'arr\u00eat\u00e9 minist\u00e9riel du 18 juillet 2001 relatif aux taxim\u00e8tres en  \nservice.\nArticle 10 :  Le cas \u00e9ch\u00e9ant, la modification des taxim\u00e8t res devra intervenir dans les deux mois  \nsuivant  la  publication  du  pr\u00e9sent  arr\u00eat\u00e9  au  recueil  des  actes  administratifs.  Apr\u00e8s  la \ntransformation des taxim\u00e8tres, la lettre majuscule E  de couleur bleue sera appos\u00e9e sur le cadran  \ndu taxim\u00e8tre.\nDirection D\u00e9partementale de la Protection des Populations de C\u00f4te d'Or \u2013 57 rue de Mulhouse- CS 53317 \u2013 21033 DIJON CEDEX \nt\u00e9l : 03 80 29 44 44  - m\u00e8l : ddpp@cote-dor.gouv.fr\nSite internet : http://www.cote-dor.gouv.fr\nDirection d\u00e9partementale de la protection des populations de la C\u00f4te-d'Or - 21-2025-02-20-00005 - Arr\u00eat\u00e9 n\u00b0288 relatif aux tarifs des\ncourses de taxis pour l'ann\u00e9e 2025 27\nArticle 11 :  Pendant la p\u00e9riode entre la date de publication de l'arr\u00eat\u00e9 et la modification des  \ncompteurs, il pourra \u00eatre per\u00e7u une majoration sur les tarifs anciens correspondant au montant  \ndes nouveaux tarifs de la course type, hors suppl\u00e9ment, tant que la mise \u00e0 jour des taxim\u00e8tres  \nn'aura pas \u00e9t\u00e9 effectu\u00e9e, en utilisant un tableau de concordance mis \u00e0 disposition de la client\u00e8le. \nUne fois la mise \u00e0 jour r\u00e9alis\u00e9e, seule la somme figurant effectivement au compteur pourra \u00eatre  \nr\u00e9clam\u00e9e aux clients (major\u00e9e \u00e9ventuellement des suppl\u00e9ments figurant \u00e0 l'article 4).\nArticle 12  : Le pr\u00e9sent arr\u00eat\u00e9 est susceptible de recours aupr\u00e8s du tribunal administratif de Dijon,  \nsous un d\u00e9lai de deux mois \u00e0 compter de sa publication : \n- soit par \u00e9crit adress\u00e9 au tribunal administratif \u2013 22 rue d'Assas -21000 DIJON,\n-  soit  par  l'application  informatique  \"T\u00e9l\u00e9recours  citoyens\"  accessible  par  le  site  internet \nwww.telerecours.fr\nArticle 13 : L'arr\u00eat\u00e9 pr\u00e9fectoral n\u00b0253 du 2 f\u00e9vrier 2024  est abrog\u00e9.\nArticle 14 : Monsieur le secr\u00e9taire g\u00e9n\u00e9ral de la pr\u00e9fecture de la C\u00f4te-d'Or,\nMonsieur  le  directeur  d\u00e9partemental  de  la  direction  d\u00e9partementale  de  la  protection  des \npopulations,\nMadame la directrice r\u00e9gionale des finances publiques,\nMonsieur le commandant du groupement de gendarmerie d\u00e9partementale de C\u00f4te-d'Or, \nMonsieur le directeur d\u00e9partemental de la s\u00e9curit\u00e9 publique,\nMonsieur le directeur r\u00e9gional de l'\u00e9conomie, de l'emploi et du travail et des solidarit\u00e9s, \nMonsieur le directeur interr\u00e9gional des douanes et des droits indirects,\nMadame la directrice d\u00e9partementale des territoires,\nsont charg\u00e9s, chacun en ce qui le concerne, de l'ex\u00e9cution du pr\u00e9sent arr\u00eat\u00e9, qui sera affich\u00e9 en  \npr\u00e9fecture, publi\u00e9 au recueil des actes administratifs de la pr\u00e9fecture  et mis en ligne sur le site  \ninternet  de  la  pr\u00e9fecture  (www.cote-dor.gouv.fr \u2013  toutes  les  d\u00e9marches  -  professionnels  - \nprofessions r\u00e9glement\u00e9es - transport public particulier de personnes T3P ) \n      \nFait \u00e0 Dijon, le 20 f\u00e9vrier 2025\n      \nLe pr\u00e9fet \nsign\u00e9\n      Paul MOURIER\nDirection D\u00e9partementale de la Protection des Populations de C\u00f4te d'Or \u2013 57 rue de Mulhouse- CS 53317 \u2013 21033 DIJON CEDEX \nt\u00e9l : 03 80 29 44 44  - m\u00e8l : ddpp@cote-dor.gouv.fr\nSite internet : http://www.cote-dor.gouv.fr\nDirection d\u00e9partementale de la protection des populations de la C\u00f4te-d'Or - 21-2025-02-20-00005 - Arr\u00eat\u00e9 n\u00b0288 relatif aux tarifs des\ncourses de taxis pour l'ann\u00e9e 2025 28\nDirection d\u00e9partementale de la protection des\npopulations de la C\u00f4te-d'Or\nService Sant\u00e9 et Protections animales, Protection\nde l'Environnement\n21-2025-02-11-00004\nArr\u00eat\u00e9 pr\u00e9fectoral N\u00b0253/2025 en date du 11\nf\u00e9vrier 2025 attribuant l habilitation sanitaire \u00e0\nJonathan CURT\nDirection d\u00e9partementale de la protection des populations de la C\u00f4te-d'Or - 21-2025-02-11-00004 - Arr\u00eat\u00e9 pr\u00e9fectoral N\u00b0253/2025 en\ndate du 11 f\u00e9vrier 2025 attribuant l habilitation sanitaire \u00e0 Jonathan CURT 29\nExPREFETDE LACOTE-D'ORijerte'Egalit\u00e9Fraternit\u00e9\nDirection D\u00e9partementale\nde la Protection des Populations\nService Sant\u00e9 et Protection Animales\nProtection de l'Environnement\nAffaire suivie par\u00a0: Val\u00e9rie LABUSSIERE\nT\u00e9l.\u00a0: 03 80 29 44 53\nM\u00e9l\u00a0: ddpp-spa@cote-dor.gouv.fr\nArr\u00eat\u00e9 pr\u00e9fectoral N\u00b0253/2025 en date du 11 f\u00e9vrier 2025\nAttribuant l'habilitation sanitaire \u00e0 Jonathan CURT\nPr\u00e9fet de la C\u00f4te-d'Or\nVu le Code Rural et de la p\u00eache maritime et notamment ses articles L.203-1 \u00e0 L.203-7,  \nL.223-6, R.203-1 \u00e0 R.203-15 et R.242-33.\nVu le d\u00e9cret n\u00b080-516 du 4 juillet 1980, modifi\u00e9 par le d\u00e9cret n\u00b090-1033 du 19 novembre \n1990 et par le d\u00e9cret 2003-768 du 1er ao\u00fbt 2003, relatif \u00e0 l'ex\u00e9cution des mesures de   \nprophylaxie collective des maladies des animaux ;\nVu le d\u00e9cret n\u00b02004-374 du 29 avril 2004 modifi\u00e9, relatif aux pouvoirs des pr\u00e9fets, \u00e0  \nl'organisation et \u00e0 l'action des services de l'\u00c9tat dans les r\u00e9gions et d\u00e9partements  \nnotamment son article 43 ;\nVu  le d\u00e9cret du 10 octobre 2024 nommant M. Paul MOURIER, pr\u00e9fet de la C\u00f4te-d' Or ;\nVu l'arr\u00eat\u00e9  pr\u00e9fectoral  n\u00b0  1658/SG  du  28/10/2024,  donnant  d\u00e9l\u00e9gation  de  signature  \u00e0  \nMonsieur Didier ROOSE ;\nVu l'arr\u00eat\u00e9 pr\u00e9fectoral n\u00b0 1850/DDPP du 09/12/2024, donnant subd\u00e9l\u00e9gation de signature ;\nVu la demande pr\u00e9sent\u00e9e par Monsieur Jonathan CURT n\u00e9 le 26/08/1998 et domicili\u00e9 \nprofessionnellement au : Clinique v\u00e9t\u00e9rinaire les 3 sources de l'Auxois \nConsid\u00e9rant que Monsieur  Jonathan CURT  remplit les conditions permettant l'attribution  \nde l'habilitation sanitaire ;\nSur la proposition  du directeur d\u00e9partemental de la protection des populations de la C\u00f4te-\nd'Or ;\nDirection D\u00e9partementale de la Protection des Populations - 57 rue de Mulhouse  -  21 033 DIJON Cedex\nt\u00e9l : 03 80 29 43 53... - m\u00e8l : ddpp-spa@cote-dor.gouv.fr\nSite internet : http://www.cote-dor.gouv.fr\npage 1\nDirection d\u00e9partementale de la protection des populations de la C\u00f4te-d'Or - 21-2025-02-11-00004 - Arr\u00eat\u00e9 pr\u00e9fectoral N\u00b0253/2025 en\ndate du 11 f\u00e9vrier 2025 attribuant l habilitation sanitaire \u00e0 Jonathan CURT 30\nARR\u00caTE\nArticle 1er :\nL'habilitation sanitaire pr\u00e9vue \u00e0 l'article L.203-1 du code rural et de la p\u00eache maritime susvis\u00e9  \nest attribu\u00e9e pour une dur\u00e9e d\u00e9termin\u00e9e, du 1er octobre 2024 au 30 septembre 2025, \u00e0 :\nMonsieur  Jonathan CURT, V\u00e9t\u00e9rinaire\ninscrit au Tableau de l'Ordre des V\u00e9t\u00e9rinaires\nde la r\u00e9gion Bourgogne-Franche-Comt\u00e9, sous le n\u00b033758\nV\u00e9t\u00e9rinaire administrativement domicili\u00e9e :\nClinique v\u00e9t\u00e9rinaire Les 3 sources de l'Auxois\nRue Pierre Bordereau\n21320 POUILLY EN AUXOIS\nArticle 2 :\nMonsieur  Jonathan CURT  s'engage \u00e0 respecter les prescriptions techniques, administratives  \net le cas \u00e9ch\u00e9ant financi\u00e8res de mise en \u0153uvre des mesures de pr\u00e9vention, de surveillance ou  \nde  lutte  prescrites  par  l'autorit\u00e9  administrative  et  des  op\u00e9rations  de  police  sanitaire  \nex\u00e9cut\u00e9es en application de l'article L.203-7 du code rural et de la p\u00eache maritime.\nArticle 3 :\nMonsieur  Jonathan CURT  pourra \u00eatre appel\u00e9 par le pr\u00e9fet de ses d\u00e9partements d'exercice  \npour la r\u00e9alisation d'op\u00e9rations de police sanitaire au sein des lieux de d\u00e9tention ou des  \n\u00e9tablissements pour  lesquels il a \u00e9t\u00e9 d\u00e9sign\u00e9e v\u00e9t\u00e9rinaire sanitaire. Il sera tenu de concourir \u00e0 \nces op\u00e9rations en application des dispositions de l'article L.203-7 du code rural et de la p\u00eache \nmaritime.\nArticle 4 :\nTout  manquement  ou  faute  commis  dans  l'exercice  de  la  pr\u00e9sente  habilitation  sanitaire \nentra\u00eenera l'application des dispositions pr\u00e9vues aux articles R.203-15, R.228-6 et suivants du  \ncode rural et de la p\u00eache maritime.\nDirection D\u00e9partementale de la Protection des Populations - 57 rue de Mulhouse  -  21 033 DIJON Cedex\nt\u00e9l : 03 80 29 43 53... - m\u00e8l : ddpp-spa@cote-dor.gouv.fr\nSite internet : http://www.cote-dor.gouv.fr\nDirection d\u00e9partementale de la protection des populations de la C\u00f4te-d'Or - 21-2025-02-11-00004 - Arr\u00eat\u00e9 pr\u00e9fectoral N\u00b0253/2025 en\ndate du 11 f\u00e9vrier 2025 attribuant l habilitation sanitaire \u00e0 Jonathan CURT 31\nArticle 5 : d\u00e9lai et voie de recours\nLa  pr\u00e9sente  d\u00e9cision  peut  faire  l'objet  d'un  recours  contentieux  devant  le  tribunal  \nadministratif de Dijon dans un d\u00e9lai de deux mois \u00e0 compter de sa notification, soit par  \ncourrier,  soit  par  l'application  informatique  T\u00e9l\u00e9recours  accessible  sur  le  site  \nwww.telerecours.fr\nArticle 6 : ex\u00e9cution\nMonsieur le directeur d\u00e9partemental de la protection des populations de la C\u00f4te-d'Or est  \ncharg\u00e9 de l'ex\u00e9cution du pr\u00e9sent arr\u00eat\u00e9 qui sera publi\u00e9 au recueil des actes administratifs de  \nla pr\u00e9fecture de la C\u00f4te-d'Or.\n     \nLa cheffe de service\nSign\u00e9\nFlora AL-HAKKAK\n                                                 \nDirection D\u00e9partementale de la Protection des Populations - 57 rue de Mulhouse  -  21 033 DIJON Cedex\nt\u00e9l : 03 80 29 43 53... - m\u00e8l : ddpp-spa@cote-dor.gouv.fr\nSite internet : http://www.cote-dor.gouv.fr\npage 3\nDirection d\u00e9partementale de la protection des populations de la C\u00f4te-d'Or - 21-2025-02-11-00004 - Arr\u00eat\u00e9 pr\u00e9fectoral N\u00b0253/2025 en\ndate du 11 f\u00e9vrier 2025 attribuant l habilitation sanitaire \u00e0 Jonathan CURT 32\nDirection d\u00e9partementale de la protection des\npopulations de la C\u00f4te-d'Or\nService Sant\u00e9 et Protections animales, Protection\nde l'Environnement\n21-2025-02-17-00001\nArr\u00eat\u00e9 pr\u00e9fectoral N\u00b0272/2025 en date du 17\nf\u00e9vrier 2025 attribuant l habilitation sanitaire \u00e0\nGuillaume BOUCHAUD\nDirection d\u00e9partementale de la protection des populations de la C\u00f4te-d'Or - 21-2025-02-17-00001 - Arr\u00eat\u00e9 pr\u00e9fectoral N\u00b0272/2025 en\ndate du 17 f\u00e9vrier 2025 attribuant l habilitation sanitaire \u00e0 Guillaume BOUCHAUD 33\nDirection D\u00e9partementale\nde la Protection des Populations\nAffaire suivie par Val\u00e9rie LABUSSIERE                    \nService sant\u00e9 et protection animales,\nprotection de l'environnement\nT\u00e9l : 03 80 29 44 53\nm\u00e9l : ddpp-spa@cote-dor.gouv.fr\nArr\u00eat\u00e9 pr\u00e9fectoral N\u00b0272/2025 en date du 17 f\u00e9vrier 2025\nAttribuant l'habilitation sanitaire \u00e0 Guillaume BOUCHAUD\nPr\u00e9fet de la C\u00f4te-d'Or\nVu le Code Rural et de la p\u00eache maritime et notamment ses articles L.203-1 \u00e0 L.203-7 , L.223-\n6, R.203-1 \u00e0 R.203-15 et R.242-33.\nVu le d\u00e9cret n\u00b080-516 du 4 juillet 1980, modifi\u00e9 par le d\u00e9cret n\u00b090-1033 du 19 novembre 1990 \net  par  le  d\u00e9cret  2003-768  du  1er ao\u00fbt  2003,  relatif  \u00e0  l'ex\u00e9cution  des  mesures  de \nprophylaxie collective des maladies des animaux ;\nVu le  d\u00e9cret  n\u00b02004-374  du  29  avril  2004  modifi\u00e9,  relatif  aux  pouvoirs  des  pr\u00e9fets,  \u00e0 \nl'organisation  et  \u00e0  l'action  des  services  de  l'\u00c9tat  dans  les  r\u00e9gions  et  d\u00e9partements \nnotamment son article 43 ;\nVu  le d\u00e9cret du 10 octobre 2024 nommant M. Paul MOURIER, pr\u00e9fet de la C\u00f4te-d' Or ;\nVu l'arr\u00eat\u00e9  pr\u00e9fectoral  n\u00b0  1658/SG  du  28/10/2024,  donnant  d\u00e9l\u00e9gation  de  signature  \u00e0 \nMonsieur Didier ROOSE ;\nVu l'arr\u00eat\u00e9 pr\u00e9fectoral n\u00b0 n\u00b01850/DDPP du 09/12/2024, donnant subd\u00e9l\u00e9gation de signature ;\nConsid\u00e9rant que  le  Docteur  V\u00e9t\u00e9rinaire  Guillaume  BOUCHAUD remplit  les  conditions  \npermettant l'attribution de l'habilitation sanitaire ;\nSur proposition de Monsieur le directeur d\u00e9partemental de la protection des populations de  \nla C\u00f4te-d'Or ;\nDirection D\u00e9partementale de la Protection des Populations - 57 rue de Mulhouse  -  21 033 DIJON Cedex\nt\u00e9l : 03 80 29 43 53... - m\u00e8l : ddpp-spa@cote-dor.gouv.fr\nSite internet : http://www.cote-dor.gouv.fr\npage 1\nDirection d\u00e9partementale de la protection des populations de la C\u00f4te-d'Or - 21-2025-02-17-00001 - Arr\u00eat\u00e9 pr\u00e9fectoral N\u00b0272/2025 en\ndate du 17 f\u00e9vrier 2025 attribuant l habilitation sanitaire \u00e0 Guillaume BOUCHAUD 34\nA R R E T E\nArticle 1er :\nL'habilitation sanitaire pr\u00e9vue \u00e0 l'article L.203-1 du code rural et de la p\u00eache maritime susvis\u00e9  \nest attribu\u00e9e pour une dur\u00e9e de 5 ans \u00e0 compter de la date de signature du pr\u00e9sent arr\u00eat\u00e9, \u00e0 \nGuillaume BOUCHAUD, Docteur V\u00e9t\u00e9rinaire inscrit au Tableau de l'Ordre des V\u00e9t\u00e9rinaires de \nla r\u00e9gion Bourgogne-Franche-Comt\u00e9, sous le n\u00b036442, administrativement domicili\u00e9e \u00e0 52 B \nRoute de Verdun 21200 BEAUNE\nArticle 2 :\nGuillaume BOUCHAUD s'engage \u00e0 respecter les prescriptions techniques, administratives et le \ncas \u00e9ch\u00e9ant financi\u00e8res de mise en \u0153uvre des mesures de pr\u00e9vention, de surveillance ou de  \nlutte prescrites par l'autorit\u00e9 administrative et des op\u00e9rations de police sanitaire ex\u00e9cut\u00e9es  \nen application de l'article L.203-7 du code rural et de la p\u00eache maritime.\nArticle 3 :\nGuillaume BOUCHAUD pourra \u00eatre appel\u00e9 par le pr\u00e9fet de ses d\u00e9partements d'exercice pour  \nla  r\u00e9alisation  d'op\u00e9rations  de  police  sanitaire  au  sein  des  lieux  de  d\u00e9tention  ou  des \n\u00e9tablissements pour lesquels il a \u00e9t\u00e9 d\u00e9sign\u00e9 v\u00e9t\u00e9rinaire sanitaire. Il sera tenu de concourir \u00e0  \nces op\u00e9rations en application des dispositions de l'article L.203-7 du code rural et de la p\u00eache \nmaritime.\nArticle 4 :\nTout  manquement  ou  faute  commis  dans  l'exercice  de  la  pr\u00e9sente  habilitation  sanitaire \nentra\u00eenera l'application des dispositions pr\u00e9vues aux articles R.203-15, R.228-6 et suivants du  \ncode rural et de la p\u00eache maritime.\nArticle 5 :\nLa pr\u00e9sente d\u00e9cision peut faire l'objet d'un recours devant le Tribunal Administratif de Dijon  \ndans un d\u00e9lai de deux mois \u00e0 compter de la date de notification, soit par courrier, soit par  \nl'application informatique T\u00e9l\u00e9recours accessible sur le site www.telerecours.fr\nArticle 6 :\nMonsieur le directeur d\u00e9partemental de la protection des populations de la C\u00f4te-d'Or est  \ncharg\u00e9 de l'ex\u00e9cution du pr\u00e9sent arr\u00eat\u00e9 qui sera publi\u00e9 au recueil des actes administratifs de  \nla pr\u00e9fecture de la C\u00f4te-d'Or.\nFait \u00e0 Dijon, le 17 f\u00e9vrier 2025\nLa cheffe de service\nSign\u00e9\nFlora AL-HAKKAK\nDirection D\u00e9partementale de la Protection des Populations - 57 rue de Mulhouse  -  21 033 DIJON Cedex\nt\u00e9l : 03 80 29 43 53... - m\u00e8l : ddpp-spa@cote-dor.gouv.fr\nSite internet : http://www.cote-dor.gouv.fr\npage 2\nDirection d\u00e9partementale de la protection des populations de la C\u00f4te-d'Or - 21-2025-02-17-00001 - Arr\u00eat\u00e9 pr\u00e9fectoral N\u00b0272/2025 en\ndate du 17 f\u00e9vrier 2025 attribuant l habilitation sanitaire \u00e0 Guillaume BOUCHAUD 35\nDirection d\u00e9partementale de la protection des\npopulations de la C\u00f4te-d'Or\nService Sant\u00e9 et Protections animales, Protection\nde l'Environnement\n21-2025-02-20-00006\nArr\u00eat\u00e9 pr\u00e9fectoral N\u00b0302/2025 en date du 20\nf\u00e9vrier 2025 attribuant l habilitation sanitaire \u00e0\nCapucine EISENCHTETER \nDirection d\u00e9partementale de la protection des populations de la C\u00f4te-d'Or - 21-2025-02-20-00006 - Arr\u00eat\u00e9 pr\u00e9fectoral N\u00b0302/2025 en\ndate du 20 f\u00e9vrier 2025 attribuant l habilitation sanitaire \u00e0 Capucine EISENCHTETER 36\nExPREFETDE LACOTE-D'ORijerte'Egalit\u00e9Fraternit\u00e9\nDirection D\u00e9partementale\nde la Protection des Populations\nService Sant\u00e9 et Protection Animales\nProtection de l'Environnement\nAffaire suivie par\u00a0: Val\u00e9rie LABUSSIERE\nT\u00e9l.\u00a0: 03 80 29 44 53\nM\u00e9l\u00a0: ddpp-spa@cote-dor.gouv.fr\nArr\u00eat\u00e9 pr\u00e9fectoral N\u00b0302/2025 en date du 20 f\u00e9vrier 2025\nAttribuant l'habilitation sanitaire \u00e0 Capucine EISENCHTETER \nPr\u00e9fet de la C\u00f4te-d'Or\nVu  le Code Rural et de la p\u00eache maritime et notamment ses articles L.203-1 \u00e0 L.203-7, L.223-\n6, R.203-1 \u00e0 R.203-15 et R.242-33.\nVu  le d\u00e9cret n\u00b080-516 du 4 juillet 1980, modifi\u00e9 par le d\u00e9cret n\u00b090-1033 du 19 novembre  \n1990 et par le d\u00e9cret 2003-768 du 1 er ao\u00fbt 2003, relatif \u00e0 l'ex\u00e9cution des mesures de  \nprophylaxie collective des maladies des animaux ;\nVu  le  d\u00e9cret  n\u00b02004-374  du  29  avril  2004  modifi\u00e9,  relatif  aux  pouvoirs  des  pr\u00e9fets,  \u00e0  \nl'organisation  et  \u00e0  l'action  des  services  de  l'\u00c9tat  dans  les  r\u00e9gions  et  d\u00e9partements  \nnotamment son article 43 ;\nVu  le d\u00e9cret du 10 octobre 2024 nommant M. Paul MOURIER, pr\u00e9fet de la C\u00f4te-d'Or ;\nVu l'arr\u00eat\u00e9  pr\u00e9fectoral  n\u00b0  1658/SG  du  28/10/2024,  donnant  d\u00e9l\u00e9gation  de  signature  \u00e0  \nMonsieur Didier ROOSE ;\nVu l'arr\u00eat\u00e9 pr\u00e9fectoral n\u00b01850/DDPP du 09/12/2024, donnant subd\u00e9l\u00e9gation de signature ;\nConsid\u00e9rant  que  le  Docteur  V\u00e9t\u00e9rinaire  Capucine  EISENCHTETER remplit  les  conditions \npermettant l'attribution de l'habilitation sanitaire ;\nSur proposition de Monsieur le directeur d\u00e9partemental de la protection des populations de  \nla C\u00f4te-d'Or ;\nDirection D\u00e9partementale de la Protection des Populations - 57 rue de Mulhouse  -  21 033 DIJON Cedex\nt\u00e9l : 03 80 29 43 53... - Fax : 03 80 29 43 53..... - m\u00e8l : ddpp@cote-dor.gouv.fr\nSite internet : http://www.cote-dor.gouv.fr\npage 1\nDirection d\u00e9partementale de la protection des populations de la C\u00f4te-d'Or - 21-2025-02-20-00006 - Arr\u00eat\u00e9 pr\u00e9fectoral N\u00b0302/2025 en\ndate du 20 f\u00e9vrier 2025 attribuant l habilitation sanitaire \u00e0 Capucine EISENCHTETER 37\nA R R E T E\nArticle 1er :\nL'habilitation sanitaire pr\u00e9vue \u00e0 l'article L.203-1 du code rural et de la p\u00eache maritime susvis\u00e9  \nest attribu\u00e9e pour une dur\u00e9e de 5 ans, \u00e0 compter de la date de signature du pr\u00e9sent arr\u00eat\u00e9,  \u00e0 \nCapucine  EISENCHTETER  ,  Docteur  V\u00e9t\u00e9rinaire,  inscrite  au  Tableau  de  l'Ordre  des  \nV\u00e9t\u00e9rinaires de la r\u00e9gion Bourgogne-Franche-Comt\u00e9, sous le n\u00b035347, administrativement  \ndomicili\u00e9e \u00e0 24 rue Ranger de Breteni\u00e8res 21121 Fontaine les Dijon\nArticle 2 :\nDans la mesure o\u00f9 les conditions requises ont \u00e9t\u00e9 respect\u00e9es, cette habilitation sanitaire est  \nrenouvelable  par  p\u00e9riode  de  cinq  ann\u00e9es  tacitement  reconduites  sous  r\u00e9serve  pour  le  \nv\u00e9t\u00e9rinaire sanitaire de justifier \u00e0 l'issue de chaque p\u00e9riode de cinq ans, aupr\u00e8s du pr\u00e9fet de  \nla C\u00f4te-d'Or du respect de ses obligations de formation continue pr\u00e9vues \u00e0 l'article R.203-12.\nArticle 3 :\nCapucine EISENCHTETER s'engage \u00e0 respecter les prescriptions techniques, administratives  \net le cas \u00e9ch\u00e9ant financi\u00e8res de mise en \u0153uvre des mesures de pr\u00e9vention, de surveillance ou \nde  lutte  prescrites  par  l'autorit\u00e9  administrative  et  des  op\u00e9rations  de  police  sanitaire  \nex\u00e9cut\u00e9es en application de l'article L.203-7 du code rural et de la p\u00eache maritime.\nArticle 4 :\nCapucine EISENCHTETER pourra \u00eatre appel\u00e9e par le pr\u00e9fet de ses d\u00e9partements d'exercice  \npour la r\u00e9alisation d'op\u00e9rations de police sanitaire au sein des lieux de d\u00e9tention ou des  \n\u00e9tablissements  pour  lesquels  elle  a  \u00e9t\u00e9  d\u00e9sign\u00e9e  v\u00e9t\u00e9rinaire  sanitaire.  Elle  sera  tenue  de \nconcourir \u00e0 ces op\u00e9rations en application des dispositions de l'article L.203-7 du code rural et \nde la p\u00eache maritime.\nArticle 5 :\nTout  manquement  ou  faute  commis  dans  l'exercice  de  la  pr\u00e9sente  habilitation  sanitaire \nentra\u00eenera l'application des dispositions pr\u00e9vues aux articles R.203-15, R.228-6 et suivants du  \ncode rural et de la p\u00eache maritime.\nArticle 6 :\nLa pr\u00e9sente d\u00e9cision peut faire l'objet d'un recours devant le Tribunal Administratif de Dijon  \ndans un d\u00e9lai de deux mois \u00e0 compter de la date de notification, soit par courrier, soit par  \nl'application informatique T\u00e9l\u00e9recours accessible sur le site www.telerecours.fr\nArticle 7 :\nMonsieur le directeur d\u00e9partemental de la protection des populations de la C\u00f4te-d'Or est  \ncharg\u00e9 de l'ex\u00e9cution du pr\u00e9sent arr\u00eat\u00e9 qui sera publi\u00e9 au recueil des actes administratifs de  \nla pr\u00e9fecture de la C\u00f4te-d'Or.\nLa cheffe de service\nSign\u00e9\nFlora AL-HAKKAK\nDirection D\u00e9partementale de la Protection des Populations - 57 rue de Mulhouse  -  21 033 DIJON Cedex\nt\u00e9l : 03 80 29 43 53... - Fax : 03 80 29 43 53..... - m\u00e8l : ddpp@cote-dor.gouv.fr\nSite internet : http://www.cote-dor.gouv.fr\npage 2\nDirection d\u00e9partementale de la protection des populations de la C\u00f4te-d'Or - 21-2025-02-20-00006 - Arr\u00eat\u00e9 pr\u00e9fectoral N\u00b0302/2025 en\ndate du 20 f\u00e9vrier 2025 attribuant l habilitation sanitaire \u00e0 Capucine EISENCHTETER 38\nDirection d\u00e9partementale des territoires de la\nC\u00f4te-d'Or\nService de l'eau et des risques\n21-2025-02-18-00001\nArr\u00eat\u00e9 pr\u00e9fectoral n\u00b0 289 du 18 f\u00e9vrier 2025\nportant renouvellement de l'agr\u00e9ment de la\nSARL POMPEO pour la r\u00e9alisation de vidanges\nd'installations d'assainissement non collectif.\nDirection d\u00e9partementale des territoires de la C\u00f4te-d'Or - 21-2025-02-18-00001 - Arr\u00eat\u00e9 pr\u00e9fectoral n\u00b0 289 du 18 f\u00e9vrier 2025 portant\nrenouvellement de l'agr\u00e9ment de la SARL POMPEO pour la r\u00e9alisation de vidanges d'installations d'assainissement non collectif. 39\nExPREFETDE LACOTE-D'ORL,z'bert\u00e9Egalit\u00e9Fraternit\u00e9\nDirection d\u00e9partementale des territoires\nde la C\u00f4te-d'Or\nAffaire suivie par Emmanuel CIBAUD\nService de l'eau et des risques\nBureau police de l'eau\nT\u00e9l : 03.80.29.44.27\nm\u00e9l : ddt-ser-pe@cote-dor.gouv.fr\nArr\u00eat\u00e9 pr\u00e9fectoral n\u00b0 289 du 18 f\u00e9vrier 2025 portant renouvellement \nde l'agr\u00e9ment de la SARL POMPEO pour la r\u00e9alisation de vidanges \nd'installations d'assainissement non collectif\nLe pr\u00e9fet de la C\u00f4te-d'Or\nVU le code de l'environnement, notamment ses articles R. 211-25 \u00e0 R.211-47 et R. 214-5 ;\nVU le code de la sant\u00e9 publique, notamment son article L. 1331-1-1 ;\nVU l'arr\u00eat\u00e9 du 7 septembre 2009 d\u00e9finissant les modalit\u00e9s d'agr\u00e9ment des personnes r\u00e9alisant  \nles  vidanges  et  prenant  en  charge  le  transport  et  l'\u00e9limination  des  mati\u00e8res  extraites  des \ninstallations d'assainissement non collectif ;\nVU l'arr\u00eat\u00e9 pr\u00e9fectoral n\u00b0 75/SG du 14 janvier 2025 donnant d\u00e9l\u00e9gation de signature \u00e0 Madame \nNadine  MUCKENSTURM,  directrice  d\u00e9partementale  des  Territoires  de  la  C\u00f4te  d'Or  par \nint\u00e9rim ;\nVU l'arr\u00eat\u00e9 n\u00b0 81 du 20 janvier 2025 portant subd\u00e9l\u00e9gation de signature aux agents de la  \ndirection d\u00e9partementale des Territoires de C\u00f4te d'Or ;\nVU la demande de renouvellement d'agr\u00e9ment re\u00e7ue le 11 f\u00e9vrier 2025 pr\u00e9sent\u00e9e par la SARL \nPOMPEO;\nVU la convention en date du 07 d\u00e9cembre 2021 et son avenant en date du 26 f\u00e9vrier 2024 liant \nle demandeur, la SARL POMPEO et l'exploitant de la station de traitement des eaux us\u00e9es de  \nDIJON-Eau-Vitale pour l'\u00e9limination des mati\u00e8res de vidange ;\nVU la convention en date du 19 avril 2023 liant le demandeur, la SARL POMPEO et l'exploitant  \nde  la  station  de  traitement  des  eaux  us\u00e9es  de  DOLE  pour  l'\u00e9limination  des  mati\u00e8res  de \nvidange ;\n1 / 5\nDirection d\u00e9partementale des territoires de la C\u00f4te-d'Or - 21-2025-02-18-00001 - Arr\u00eat\u00e9 pr\u00e9fectoral n\u00b0 289 du 18 f\u00e9vrier 2025 portant\nrenouvellement de l'agr\u00e9ment de la SARL POMPEO pour la r\u00e9alisation de vidanges d'installations d'assainissement non collectif. 40\nVU la convention en date du 20 juillet 2023 liant le demandeur, la SARL POMPEO et l'exploitant \nde la station de traitement des eaux us\u00e9es de CHALON sur SA\u00d4NE pou r l'\u00e9limination des  \nmati\u00e8res de vidange ;\nVU la convention en date du 20 juillet 2023 liant le demandeur, la SARL POMPEO et l'exploitant \nde la station de traitement des eaux us\u00e9es de MACON pou r l'\u00e9limination des mati\u00e8res de  \nvidange ;\nCONSID\u00c9RANT qu'il  appartient  au  pr\u00e9fet  d'accorder  l'agr\u00e9ment  ou  le  renouvellement \nd'agr\u00e9ment  des  personnes  r\u00e9alisant  les  vidanges  et  prenant  en  charge  le  transport  et \nl'\u00e9limination des mati\u00e8res extraites des installations d'assainissement non collectif ;\nCONSID\u00c9RANT que la demande d'agr\u00e9ment de la SARL POMPEO indique la quantit\u00e9 maximale \nannuelle  de  mati\u00e8res  pour  laquelle  l'agr\u00e9ment  est  demand\u00e9  et  justifie,  pour  cette  m\u00eame \nquantit\u00e9, d'un acc\u00e8s sp\u00e9cifique \u00e0 une fili\u00e8re d'\u00e9limination des mati\u00e8res de vidange ;\nCONSID\u00c9RANT que les pi\u00e8ces pr\u00e9sent\u00e9es par le demandeur sont conformes aux prescriptions  \nde l'annexe II de l'arr\u00eat\u00e9 du 07 septembre 2009 susvis\u00e9 ;\nSur proposition de la directrice d\u00e9partementale des territoires de la C\u00f4te-d'Or ;\nA R R \u00ca T E\nArticle 1 : B\u00e9n\u00e9ficiaire de l'agr\u00e9ment\nSARL POMPEO\nNum\u00e9ro SIRET: 801 641 432 00019\nNum\u00e9ro RCS:  Dijon B 801 641 432\nDomicili\u00e9 \u00e0 l'adresse suivante : Route de Gray  21850 SAINT-APOLLINAIRE\nNum\u00e9ro d'agr\u00e9ment :  2015 N SA 021 0026\nArticle 2 : Objet de l'agr\u00e9ment\nLa SARL POMPEO  est agr\u00e9\u00e9e pour r\u00e9aliser les vidanges des installations d'assainissement non  \ncollectif et prendre en charge le transport et l'\u00e9limination des mati\u00e8res de vidanges.\nLa quantit\u00e9 maximale annuelle de mati\u00e8res de vidange vis\u00e9e par le pr\u00e9sent agr\u00e9ment est  \nde 500 m3.\nLes fili\u00e8res d'\u00e9limination valid\u00e9es par le pr\u00e9sent agr\u00e9ment est la prise en charge des mati\u00e8res de \nvidange par les stations de traitement des eaux us\u00e9es de: DIJON-Eau-Vitale, DOLE, CHALON-\nsur-SA\u00d4NE et MACON.\nArticle     3   : \u00c9limination des mati\u00e8res de vidange\nLes mati\u00e8res de vidanges collect\u00e9es seront trait\u00e9es sur les sites des stations  de traitement des  \neaux us\u00e9es de  DIJON-Eau-Vitale, DOLE, CHALON-sur-SA\u00d4NE et MACON dans le cadre des  \nconventions entre le b\u00e9n\u00e9ficiaire de l'agr\u00e9ment et les exploitants des stations d'\u00e9puration.\n2 / 5\nDirection d\u00e9partementale des territoires de la C\u00f4te-d'Or - 21-2025-02-18-00001 - Arr\u00eat\u00e9 pr\u00e9fectoral n\u00b0 289 du 18 f\u00e9vrier 2025 portant\nrenouvellement de l'agr\u00e9ment de la SARL POMPEO pour la r\u00e9alisation de vidanges d'installations d'assainissement non collectif. 41\nLe b\u00e9n\u00e9ficiaire tient \u00e0 jour un registre d'\u00e9limination des mati\u00e8res de vidanges pr\u00e9cisant les  \nquantit\u00e9s (en kg DBO5/j et en m3/j) pour chaque apport sur les sites des stations de traitement  \ndes eaux us\u00e9es.\nLe registre fera l'objet d'une synth\u00e8se annuelle qui sera transmise \u00e0 la fin de chaque ann\u00e9e  \ncivile au service charg\u00e9 de la police de l'eau de la DDT21 avec le bilan de l'activit\u00e9 de vidange  \nintroduit \u00e0 l'article 4.\nArticle 4 : Suivi de l'activit\u00e9 de vidange\nLe b\u00e9n\u00e9ficiaire de l'agr\u00e9ment doit respecter les prescriptions g\u00e9n\u00e9rales d\u00e9finies dans l'arr\u00eat\u00e9 du \n7 septembre 2009 susvis\u00e9.\nLe b\u00e9n\u00e9ficiaire de l'agr\u00e9ment \u00e9tablit pour chaque vidange un bordereau de suivi des mati\u00e8res  \nde vidange en trois volets comportant \u00e0 minima les informations pr\u00e9vues \u00e0 l'annexe II de  \nl'arr\u00eat\u00e9 du 7 septembre 2009 susvis\u00e9. Ces trois volets sont sign\u00e9s et conserv\u00e9s respectivement  \npar le propri\u00e9taire de l'installation vidang\u00e9e, le b\u00e9n\u00e9ficiaire de l'agr\u00e9ment et l'exploitant de la  \nfili\u00e8re d'\u00e9limination.\nLe b\u00e9n\u00e9ficiaire de l'agr\u00e9ment tient un registre, class\u00e9 par dates, comportant les bordereaux de  \nsuivi des mati\u00e8res de vidange. Ce document est tenu en permanence \u00e0 la disposition du pr\u00e9fet  \net de ses services. La dur\u00e9e de conservation de ce registre est de dix ann\u00e9es.\nLe b\u00e9n\u00e9ficiaire de l'agr\u00e9ment adresse au service en charge de la police de l'eau, chaque ann\u00e9e  \navant le 1 er avril, un bilan d'activit\u00e9 de vidange de l'ann\u00e9e ant\u00e9rieure. Ce bilan comporte \u00e0  \nminima :\n\u2022 les  informations  concernant  le  nombre  d'installations  vidang\u00e9es  par  commune,  les \nquantit\u00e9s totales de mati\u00e8res dirig\u00e9es vers les diff\u00e9rentes fili\u00e8res d'\u00e9limination,\n\u2022 un  \u00e9tat  des  moyens  de  vidange  dont  dispose  le  b\u00e9n\u00e9ficiaire  de  l'agr\u00e9ment  et  les \n\u00e9volutions envisag\u00e9es.\nLe b\u00e9n\u00e9ficiaire de l'agr\u00e9ment conserve le bilan dans ses archives pendant dix ann\u00e9es.\nArticle 5 : Contr\u00f4le par l'administration\nLe  pr\u00e9fet  et  ses  services  peuvent  proc\u00e9der  \u00e0  la  r\u00e9alisation  des  contr\u00f4les  n\u00e9cessaires  \u00e0  la \nv\u00e9rification de l'exactitude des d\u00e9clarations effectu\u00e9es par le b\u00e9n\u00e9ficiaire de l'agr\u00e9ment et  \ncontr\u00f4ler le respect de ses obligations au titre du pr\u00e9sent arr\u00eat\u00e9. Ces op\u00e9rations de contr\u00f4le  \npeuvent \u00eatre inopin\u00e9es.\nArticle 6 : Modification des conditions de l'agr\u00e9ment\nEn cas de modification ou de projet de modification de la quantit\u00e9 maximale annuelle de  \nmati\u00e8res  de  vidange  agr\u00e9\u00e9e  et/ou  de  la  fili\u00e8re  d'\u00e9limination,  le  b\u00e9n\u00e9ficiaire  de  l'agr\u00e9ment \nsollicite aupr\u00e8s du pr\u00e9fet ( DDT21 - Service de l'Eau et des Risques) une modification des  \nconditions de son agr\u00e9ment.\nArticle 7 : Droits des tiers\nLes droits des tiers sont et demeurent express\u00e9ment r\u00e9serv\u00e9s.\n3 / 5\nDirection d\u00e9partementale des territoires de la C\u00f4te-d'Or - 21-2025-02-18-00001 - Arr\u00eat\u00e9 pr\u00e9fectoral n\u00b0 289 du 18 f\u00e9vrier 2025 portant\nrenouvellement de l'agr\u00e9ment de la SARL POMPEO pour la r\u00e9alisation de vidanges d'installations d'assainissement non collectif. 42\nArticle 8 : Autres r\u00e9glementations\nLe  pr\u00e9sent  arr\u00eat\u00e9  ne  dispense  en  aucun  cas  le  b\u00e9n\u00e9ficiaire  de  l'agr\u00e9ment  de  faire  les \nd\u00e9clarations ou d'obtenir les autorisations requises par d'autres r\u00e9glementations.\nArticle 9     :   Dur\u00e9e de l'agr\u00e9ment\nLa dur\u00e9e de validit\u00e9 de l'agr\u00e9ment est fix\u00e9e \u00e0 dix ans \u00e0 compter de la date de signature du  \npr\u00e9sent arr\u00eat\u00e9.\nA l'expiration de cette p\u00e9riode, l'agr\u00e9ment peut \u00eatre renouvel\u00e9 pour une m\u00eame dur\u00e9e, sur  \ndemande  expresse  du  b\u00e9n\u00e9ficiaire.  La  demande  de  renouvellement  de  l'agr\u00e9ment  est \ntransmise au Pr\u00e9fet (service en charge de la police de l'eau) au moins six mois avant la date  \nlimite de fin de validit\u00e9 de l'agr\u00e9ment initial. Cette demande est accompagn\u00e9e d'un dossier  \ncomportant l'ensemble des pi\u00e8ces mentionn\u00e9es \u00e0 l'annexe I de l'arr\u00eat\u00e9 du 7 septembre 2009  \nsusvis\u00e9 actualis\u00e9es.\nLorsque les modalit\u00e9s ci-dessus sont respect\u00e9es, la validit\u00e9 de l'agr\u00e9ment initial est prolong\u00e9e  \njusqu'\u00e0 notification de la d\u00e9cision pr\u00e9fectorale concernant la demande de renouvellement.\nLe  pr\u00e9fet  peut  toutefois  d\u00e9cider  de  retirer  cette  prolongation  temporaire  d'agr\u00e9ment \nconform\u00e9ment \u00e0 l'article 10 du pr\u00e9sent arr\u00eat\u00e9 ou en cas de manquement du demandeur \u00e0 ses  \nobligations  dans  le  cadre  de  l'instruction  de  son  dossier  de  demande  de  renouvellement \nd'agr\u00e9ment.\nArticle 10     :   Suspension ou suppression de l'agr\u00e9ment\nL'agr\u00e9ment peut \u00eatre retir\u00e9, modifi\u00e9 ou suspendu \u00e0 l'initiative du pr\u00e9fet dans les cas suivants :\n\u2022 en cas de faute professionnelle grave ou de manquement \u00e0 la moralit\u00e9 professionnelle ;\n\u2022 lorsque la capacit\u00e9 de la fili\u00e8re d'\u00e9limination des mati\u00e8res de vidange ne permet pas de  \nrecevoir la quantit\u00e9 maximale pour laquelle le b\u00e9n\u00e9ficiaire a \u00e9t\u00e9 agr\u00e9\u00e9 ;\n\u2022 en cas de manquement du b\u00e9n\u00e9ficiaire aux obligations de l'arr\u00eat\u00e9 du 7 septembre 2009  \nsusvis\u00e9, en particulier, en cas d'\u00e9limination de mati\u00e8res de vidange hors de la fili\u00e8re  \npr\u00e9vue par l'agr\u00e9ment ;\n\u2022 en cas de non-respect des \u00e9l\u00e9ments d\u00e9clar\u00e9s dans la demande d'agr\u00e9ment.\nEn cas de retrait ou de suspension de l'agr\u00e9ment, le b\u00e9n\u00e9ficiaire ne peut plus assurer les  \nactivit\u00e9s mentionn\u00e9es \u00e0 l'article 2 du pr\u00e9sent arr\u00eat\u00e9 et est tenu de prendre toute disposition  \nn\u00e9cessaire pour veiller \u00e0 ce que les mati\u00e8res de vidange dont il a pris la charge ne provoquent  \naucune nuisance et de les \u00e9liminer conform\u00e9ment \u00e0 la r\u00e9glementation.\nLe b\u00e9n\u00e9ficiaire dont l'agr\u00e9ment a \u00e9t\u00e9 retir\u00e9 ne peut pr\u00e9tendre \u00e0 un nouvel agr\u00e9ment dans les  \nsix mois \u00e0 compter de la notification de la d\u00e9cision de retrait.\nArticle 11 : Publication et information des tiers\nCet  arr\u00eat\u00e9  est  publi\u00e9  au  recueil  des  actes  administratifs  et  sur  le  site  des  services  de  la \nPr\u00e9fecture de la C\u00f4te d'Or.\nLa liste des personnes agr\u00e9\u00e9es est publi\u00e9e sur le site Internet de la pr\u00e9fecture.\nUne copie de cet arr\u00eat\u00e9 est transmise \u00e0 l'ARS et \u00e0 Dijon M\u00e9tropole (ODIVEA), \u00e0 Grand Dole \n(DOLEA), \u00e0  Grand Chalon (SUEZ) et \u00e0 Macon (SUEZ) .\n4 / 5\nDirection d\u00e9partementale des territoires de la C\u00f4te-d'Or - 21-2025-02-18-00001 - Arr\u00eat\u00e9 pr\u00e9fectoral n\u00b0 289 du 18 f\u00e9vrier 2025 portant\nrenouvellement de l'agr\u00e9ment de la SARL POMPEO pour la r\u00e9alisation de vidanges d'installations d'assainissement non collectif. 43\nArticle 12 : Voies et d\u00e9lais de recours\nLe pr\u00e9sent arr\u00eat\u00e9 est susceptible de recours contentieux devant le tribunal administratif de  \nDijon (22 rue d'Assas \u2013 BP 61616 \u2013 21016 Dijon Cedex) par le p\u00e9titionnaire dans un d\u00e9lai de 2  \nmois \u00e0 compter de la date \u00e0 laquelle la d\u00e9cision lui a \u00e9t\u00e9 notifi\u00e9e.\nLe tribunal administratif peut \u00eatre saisi par un recours d\u00e9pos\u00e9 via l'application T\u00e9l\u00e9recours  \ncitoyens accessible par le site internet www.telerecours.fr\nDans le m\u00eame d\u00e9lai de deux mois, le d\u00e9clarant peut pr\u00e9senter un recours gracieux. Le silence  \ngard\u00e9  par  l'administration  pendant  plus  deux  mois  sur  la  demande  de  recours  gracieux \nemporte d\u00e9cision implicite de rejet de cette demande conform\u00e9ment \u00e0 l'article R421-2 du  \ncode de justice administrative.\nCelui-ci prolonge le d\u00e9lai de recours contentieux qui doit \u00eatre introduit dans les deux mois  \nsuivant la r\u00e9ponse.\nArticle 13 : Ex\u00e9cution\nLa directrice d\u00e9partementale des territoires de la C\u00f4te-d'Or, est charg\u00e9e, de l'ex\u00e9cution du  \npr\u00e9sent arr\u00eat\u00e9 qui sera notifi\u00e9 au b\u00e9n\u00e9ficiaire de l'agr\u00e9ment.\nFait \u00e0 Dijon, le 18 f\u00e9vrier 2025\nPour le pr\u00e9fet et par d\u00e9l\u00e9gation,\nPour la directrice d\u00e9partementale des territoires\net par d\u00e9l\u00e9gation,\nLa cheffe du bureau Pr\u00e9servation de la Qualit\u00e9 de \nl'Eau et des Milieux Aquatiques,\nsign\u00e9\nPauline SOUCHE-SUCHOVSKY\n5 / 5\nDirection d\u00e9partementale des territoires de la C\u00f4te-d'Or - 21-2025-02-18-00001 - Arr\u00eat\u00e9 pr\u00e9fectoral n\u00b0 289 du 18 f\u00e9vrier 2025 portant\nrenouvellement de l'agr\u00e9ment de la SARL POMPEO pour la r\u00e9alisation de vidanges d'installations d'assainissement non collectif. 44\nDirection d\u00e9partementale des territoires de la\nC\u00f4te-d'Or\nService Pr\u00e9servation et Am\u00e9nagement de\nl'Espace (SPAE)\n21-2025-02-12-00002\nArr\u00eat\u00e9 n\u00b0303 relatif \u00e0 la consignation des fonds\npour la compensation collective agricole dans le\ncadre du projet de centrale photovolta\u00efque au\nsol sur le territoire de la commune de\nSombernon\nDirection d\u00e9partementale des territoires de la C\u00f4te-d'Or - 21-2025-02-12-00002 - Arr\u00eat\u00e9 n\u00b0303 relatif \u00e0 la consignation des fonds pour\nla compensation collective agricole dans le cadre du projet de centrale photovolta\u00efque au sol sur le territoire de la commune de\nSombernon\n45\nExPREFETDE LACOTE-D'ORL,z'berte'Egalit\u00e9Fraternit\u00e9\nDirection d\u00e9partementale des territoires\nde la C\u00f4te-d'Or\nAffaire suivie par : Estelle MONNOT\nService pr\u00e9servation et am\u00e9nagement de \nl'espace\nBureau planification et pr\u00e9vention des \nrisques technologiques\nT\u00e9l. : 03 80 29 42 06\nM\u00e9l : estelle.monnot@cote-dor.gouv.fr\nDijon, le 12 F\u00e9vrier 2025\nArr\u00eat\u00e9 N\u00b0 303\nrelatif \u00e0 la consignation des fonds pour la compensation collective agricole dans le cadre\ndu projet de centrale photovolta\u00efque au sol sur le territoire de la commune de\nSombernon\nLe pr\u00e9fet de la C\u00f4te-d'Or\nVU  le  code  rural  et  de  la  p\u00eache  maritime,  et  son  article  L.112-1-3  soumettant  selon\ncertaines conditions les projets de travaux d'am\u00e9nagement publics et priv\u00e9s susceptibles\nd'avoir des cons\u00e9quences n\u00e9gatives importantes sur l'\u00e9conomie agricole \u00e0 des mesures de\ncompensation collective visant \u00e0 consolider l'\u00e9conomie agricole du territoire ;\nVU l'article L.518-17 du code mon\u00e9taire et financier en vertu duquel la Caisse des D\u00e9p\u00f4ts\nest  fond\u00e9e  \u00e0  recevoir  une  consignation  autoris\u00e9e  ou  ordonn\u00e9e  par  une  d\u00e9cision\nadministrative ;\nVU  l'article  L.518-23  du  code  mon\u00e9taire  et  financier  qui  dispose  que  les  sommes\nconsign\u00e9es produisent int\u00e9r\u00eats ;\nVU  l'article  L.518-24  du  code  mon\u00e9taire  et  financier  qui  dispose  que  les  sommes\nconsign\u00e9es sont soumises \u00e0 la d\u00e9ch\u00e9ance trentenaire au profit de l'\u00c9tat ;\nVU  les articles D.112-1-18 \u00e0 D.112-1-22 du code rural et de la p\u00eache maritime relatifs \u00e0 la\ncompensation collective visant \u00e0 consolider l'\u00e9conomie agricole du territoire ;\nDirection d\u00e9partementale des territoires de la C\u00f4te-d'Or\n57 rue de Mulhouse- BP 53317 - 21033 DIJON cedex\nt\u00e9l : 03 80 29 44 44 \u2013 Courriel : ddt@cote-dor.gouv.fr\nDirection d\u00e9partementale des territoires de la C\u00f4te-d'Or - 21-2025-02-12-00002 - Arr\u00eat\u00e9 n\u00b0303 relatif \u00e0 la consignation des fonds pour\nla compensation collective agricole dans le cadre du projet de centrale photovolta\u00efque au sol sur le territoire de la commune de\nSombernon\n46\n2\nVU le projet de centrale photovolta\u00efque au sol situ\u00e9 sur le territoire de la commune de\nSombernon au lieu-dit \u00ab Avenue de la Brenne \u00bb, port\u00e9 par la soci\u00e9t\u00e9 Ferme d'Akuo 12 ;\nVU la convention sign\u00e9e le 30 octobre 2023 entre l'Etat et la soci\u00e9t\u00e9 Ferme d'Akuo  12\nrelative \u00e0 la compensation collective agricole li\u00e9e au projet pr\u00e9-cit\u00e9 ;\nSur proposition de Madame la directrice d\u00e9partementale des territoires de C\u00f4te-d'Or par\nint\u00e9rim ;\nARR\u00caTE\nArticle 1er : Montant de la consignation\nLa soci\u00e9t\u00e9 Ferme d'Akuo  12 consignera au groupe Caisse des  D\u00e9p\u00f4ts,  au moyen d'un\nvirement, la somme de : \ncent-un  mille  cinquante-deux  euros  (101 052  euros)  conform\u00e9ment  \u00e0  l'\u00e9tude  pr\u00e9alable\nrelative \u00e0 la compensation collective agricole li\u00e9e au projet de centrale photovolta\u00efque au\nsol situ\u00e9 sur le territoire de Sombernon au lieu-dit \u00ab  Avenue de la Brenne  \u00bb, port\u00e9 par la\nsoci\u00e9t\u00e9 Ferme d'Akuo 12 et valid\u00e9e par le pr\u00e9fet. \nA r\u00e9ception du pr\u00e9sent arr\u00eat\u00e9 la soci\u00e9t\u00e9 Ferme d'Akuo 12 disposera d'un d\u00e9lai de 30 jours\npour effectuer la consignation de la somme indiqu\u00e9e aupr\u00e8s de la Caisse des D\u00e9p\u00f4ts.\nArticle 2 : Compte de consignation\nLa somme sera vers\u00e9e sur le compte de consignation dont le RIB est joint. Ce dossier se\ncompose de la d\u00e9claration de consignation remplie et sign\u00e9e par la soci\u00e9t\u00e9 Ferme d'Akuo\n12, du pr\u00e9sent arr\u00eat\u00e9 pr\u00e9fectoral, d'un justificatif d'identit\u00e9 (extrait Kbis dat\u00e9 de moins de\ntrois mois et pi\u00e8ce d'identit\u00e9 du repr\u00e9sentant l\u00e9gal), de la convention sign\u00e9e le 30 octobre\n2023 entre le pr\u00e9fet et  la soci\u00e9t\u00e9 Ferme d'Akuo 12 relative \u00e0 la compensation collective\nagricole li\u00e9e au projet pr\u00e9-cit\u00e9. Le motif de la consignation est  intitul\u00e9 \u00ab CCA Avenue de la\nBrenne \u00bb.\nArticle 3 : Versement de consignation  \nLe virement  bancaire  sera  effectu\u00e9  par  la soci\u00e9t\u00e9  Ferme d'Akuo  12 sur  le compte de\nconsignation aux coordonn\u00e9es bancaires transmises au contributeur.\nL'intitul\u00e9 \u00e0 faire figurer sera : \u00ab  CCA Avenue de la Brenne \u00bb\nDirection d\u00e9partementale des territoires de la C\u00f4te-d'Or\n57 rue de Mulhouse- BP 53317 - 21033 DIJON cedex\nt\u00e9l : 03 80 29 44 44 \u2013 Courriel : ddt@cote-dor.gouv.fr\nDirection d\u00e9partementale des territoires de la C\u00f4te-d'Or - 21-2025-02-12-00002 - Arr\u00eat\u00e9 n\u00b0303 relatif \u00e0 la consignation des fonds pour\nla compensation collective agricole dans le cadre du projet de centrale photovolta\u00efque au sol sur le territoire de la commune de\nSombernon\n47\n3\nArticle 4 : Objet de d\u00e9consignation\nLa CDPENAF a mis en place une formation sp\u00e9cialis\u00e9e pour le suivi des fonds issus de la\ncompensation collective agricole (FS CCA). Cette formation lance les appels \u00e0 projets\ncollectifs sources de valeur ajout\u00e9e pour l'agriculture en C\u00f4te-d'Or.\nLes projets d\u00e9pos\u00e9s sont examin\u00e9s par la DDT afin de v\u00e9rifier leur \u00e9ligibilit\u00e9 au regard des\ncrit\u00e8res de s\u00e9lection puis pr\u00e9sent\u00e9s \u00e0 la FS CCA. Le(s) projet(s) s\u00e9lectionn\u00e9(s) se voi(en)t\nallouer un montant de financement puis est(sont) propos\u00e9(s) \u00e0 la soci\u00e9t\u00e9 Ferme d'Akuo 12,\nconform\u00e9ment \u00e0 la convention du 30 octobre 2023 relative \u00e0 la compensation collective\nagricole  li\u00e9e  au  projet  de  centrale  photovolta\u00efque  au  sol  situ\u00e9  sur  le  territoire  de\nSombernon au lieu-dit \u00ab Avenue de la Brenne \u00bb. \nArticle 5 : Modalit\u00e9s de d\u00e9consignation\nA la demande de la soci\u00e9t\u00e9 Ferme d'Akuo 12 adress\u00e9e \u00e0 la DDT, secr\u00e9tariat de la CDPENAF,\nles sommes du fonds seront d\u00e9consign\u00e9es en une ou plusieurs fois au profit du (ou des)\nporteur(s) de projet(s) de l'op\u00e9ration de compensation collective agricole, par un courrier\nadress\u00e9 par la DDT \u00e0 la Caisse des D\u00e9p\u00f4ts.\nLe courrier de d\u00e9consignation sera \u00e9tabli sur pr\u00e9sentation par la soci\u00e9t\u00e9 Ferme d'Akuo 12\nde devis sign\u00e9s fournis par le(s) porteur(s) de projet(s) de l'op\u00e9ration de compensation\ncollective agricole, \u00e0 hauteur maximale du montant des devis pr\u00e9sent\u00e9s dans la limite de\n30 % du montant total consign\u00e9, puis sur pr\u00e9sentation des factures acquitt\u00e9es \u00e0 hauteur\ndu montant consign\u00e9 pour le versement du solde. Les montants correspondants seront\nimput\u00e9s sur le compte de consignation et au taux de financement de l'op\u00e9ration par la\nsoci\u00e9t\u00e9 Ferme d'Akuo 12.\nLe courrier sera transmis au plus t\u00f4t \u00e0 la date de validation et d'acceptation du lancement\nde (des) l'op\u00e9ration (s) de compensation collective agricole pr\u00e9sent\u00e9e par la soci\u00e9t\u00e9 Ferme\nd'Akuo 12 et valid\u00e9e par la DDT.\nAccompagn\u00e9 du RIB du ou des b\u00e9n\u00e9ficiaires, ce courrier pr\u00e9cisera les \u00e9l\u00e9ments suivants :\n    \u2022 r\u00e9f\u00e9rence \u00e0 l'arr\u00eat\u00e9 engageant la consignation de sommes,\n    \u2022 r\u00e9f\u00e9rence \u00e0 la pr\u00e9sente convention,\n    \u2022 r\u00e9f\u00e9rence au compte de consignation qui doit \u00eatre d\u00e9bit\u00e9 (num\u00e9ro et libell\u00e9),\n    \u2022 nom et adresse des b\u00e9n\u00e9ficiaires des sommes d\u00e9consign\u00e9es,\n    \u2022 montant \u00e0 verser par la Caisse des D\u00e9p\u00f4ts \u00e0 chaque b\u00e9n\u00e9ficiaire.\nLa d\u00e9consignation des sommes provenant du fonds est effectu\u00e9e par la Caisse des D\u00e9p\u00f4ts\ndans un d\u00e9lai de dix (10) jours ouvr\u00e9s \u00e0 compter de la date de r\u00e9ception de la demande\nformul\u00e9e par la DDT.\nDirection d\u00e9partementale des territoires de la C\u00f4te-d'Or\n57 rue de Mulhouse- BP 53317 - 21033 DIJON cedex\nt\u00e9l : 03 80 29 44 44 \u2013 Courriel : ddt@cote-dor.gouv.fr\nDirection d\u00e9partementale des territoires de la C\u00f4te-d'Or - 21-2025-02-12-00002 - Arr\u00eat\u00e9 n\u00b0303 relatif \u00e0 la consignation des fonds pour\nla compensation collective agricole dans le cadre du projet de centrale photovolta\u00efque au sol sur le territoire de la commune de\nSombernon\n48\n4\nIl incombe \u00e0 la soci\u00e9t\u00e9 Ferme d'Akuo 12 d'alerter les autorit\u00e9s si elle a des doutes sur la\nl\u00e9galit\u00e9 de l'op\u00e9ration susceptible d'\u00eatre couverte par ledit fonds de compensation.\nArticle 6 : Transmission \u00e0 la Caisse des D\u00e9p\u00f4ts \nLes  documents  pour  d\u00e9consigner  les  sommes,  au  profit  du  ou  des  b\u00e9n\u00e9ficiaires\nmentionn\u00e9s \u00e0 l'article IV de la convention du 30 octobre 2023 pr\u00e9-cit\u00e9e seront transmis\npar la direction d\u00e9partementale des territoires de C\u00f4te-d'Or \u00e0 l'adresse suivante :\nDRFIP Auvergne-Rh\u00f4ne-Alpes et d\u00e9partement du Rh\u00f4ne\nP\u00f4le de Gestion des Consignations de LYON\n3, rue de la Charit\u00e9\n69268 Lyon Cedex 02\nCourriel\u00a0:\u00a0drfip69.consignations.adm@dgfip.finances.gouv.fr\nArticle 7 : Ex\u00e9cution et notification \nMonsieur le secr\u00e9taire g\u00e9n\u00e9ral de la pr\u00e9fecture de la C\u00f4te-d'Or et M. le Directeur R\u00e9gional \ndes Finances Publiques d'Auvergne-Rh\u00f4ne-Alpes et du d\u00e9partement du Rh\u00f4ne sont \ncharg\u00e9s de l'ex\u00e9cution du pr\u00e9sent arr\u00eat\u00e9 qui sera publi\u00e9 au recueil des actes administratifs \nde la pr\u00e9fecture de la C\u00f4te-d'Or.\nLe pr\u00e9sent arr\u00eat\u00e9 sera notifi\u00e9 \u00e0 la soci\u00e9t\u00e9 Ferme d'Akuo 12. \nLe pr\u00e9sent arr\u00eat\u00e9 doit \u00eatre conserv\u00e9 et pr\u00e9sent\u00e9 \u00e0 toute r\u00e9quisition. \nD\u00e9lais et voies de recours     :  \n- Conform\u00e9ment \u00e0 l'article R.421-1 du code de justice administrative, la pr\u00e9sente d\u00e9cision peut faire l'objet d'un\nrecours contentieux, dans le d\u00e9lai de deux mois \u00e0 compter de sa notification, devant le tribunal administratif \ncomp\u00e9tent \u00e0 l'adresse suivante : Tribunal administratif, 22 rue d'Assas, 21000 Dijon.\n- Elle peut \u00e9galement faire l'objet d'un recours gracieux aupr\u00e8s du pr\u00e9fet de la C\u00f4te-d'Or. Cette d\u00e9marche \ninterrompt le d\u00e9lai de recours contentieux, ce dernier devant \u00eatre introduit dans le d\u00e9lai de deux mois suivant \nune d\u00e9cision implicite ou explicite de l'autorit\u00e9 comp\u00e9tente ( le silence de l'administration pendant un d\u00e9lai de \ndeux mois valant d\u00e9cision implicite de rejet). \nFait \u00e0 Dijon, le 12 F\u00e9vrier 2025\nLe pr\u00e9fet,\nSIGN\u00c9\nPaul MOURIER\nDirection d\u00e9partementale des territoires de la C\u00f4te-d'Or\n57 rue de Mulhouse- BP 53317 - 21033 DIJON cedex\nt\u00e9l : 03 80 29 44 44 \u2013 Courriel : ddt@cote-dor.gouv.fr\nDirection d\u00e9partementale des territoires de la C\u00f4te-d'Or - 21-2025-02-12-00002 - Arr\u00eat\u00e9 n\u00b0303 relatif \u00e0 la consignation des fonds pour\nla compensation collective agricole dans le cadre du projet de centrale photovolta\u00efque au sol sur le territoire de la commune de\nSombernon\n49\nDirection d\u00e9partementale des territoires de la\nC\u00f4te-d'Or\nService Pr\u00e9servation et Am\u00e9nagement de\nl'Espace (SPAE)\n21-2025-02-12-00001\nArr\u00eat\u00e9 n\u00b0304 relatif \u00e0 la consignation des fonds\npour la compensation collective agricole dans le\ncadre du projet de centrale photovolta\u00efque au\nsol sur le territoire de la commune de Saulieu\nDirection d\u00e9partementale des territoires de la C\u00f4te-d'Or - 21-2025-02-12-00001 - Arr\u00eat\u00e9 n\u00b0304 relatif \u00e0 la consignation des fonds pour\nla compensation collective agricole dans le cadre du projet de centrale photovolta\u00efque au sol sur le territoire de la commune de\nSaulieu\n50\nExPREFETDE LACOTE-D'ORL,z'berte'Egalit\u00e9Fraternit\u00e9\nDirection d\u00e9partementale des territoires\nde la C\u00f4te-d'Or\nAffaire suivie par : Estelle MONNOT\nService pr\u00e9servation et am\u00e9nagement de \nl'espace\nBureau planification et pr\u00e9vention des \nrisques technologiques\nT\u00e9l. : 03 80 29 42 06\nM\u00e9l : estelle.monnot@cote-dor.gouv.fr\nDijon, le 12 F\u00e9vrier 2025 \nArr\u00eat\u00e9 N\u00b0 304\nrelatif \u00e0 la consignation des fonds pour la compensation collective agricole dans le cadre\ndu projet de centrale photovolta\u00efque au sol sur le territoire de la commune de Saulieu\nLe pr\u00e9fet de la C\u00f4te-d'Or\nVU  le  code  rural  et  de  la  p\u00eache  maritime,  et  son  article  L.112-1-3  soumettant  selon\ncertaines conditions les projets de travaux d'am\u00e9nagement publics et priv\u00e9s susceptibles\nd'avoir des cons\u00e9quences n\u00e9gatives importantes sur l'\u00e9conomie agricole \u00e0 des mesures de\ncompensation collective visant \u00e0 consolider l'\u00e9conomie agricole du territoire ;\nVU l'article L.518-17 du code mon\u00e9taire et financier en vertu duquel la Caisse des D\u00e9p\u00f4ts\nest  fond\u00e9e  \u00e0  recevoir  une  consignation  autoris\u00e9e  ou  ordonn\u00e9e  par  une  d\u00e9cision\nadministrative ;\nVU  l'article  L.518-23  du  code  mon\u00e9taire  et  financier  qui  dispose  que  les  sommes\nconsign\u00e9es produisent int\u00e9r\u00eats ;\nVU  l'article  L.518-24  du  code  mon\u00e9taire  et  financier  qui  dispose  que  les  sommes\nconsign\u00e9es sont soumises \u00e0 la d\u00e9ch\u00e9ance trentenaire au profit de l'\u00c9tat ;\nVU  les articles D.112-1-18 \u00e0 D.112-1-22 du code rural et de la p\u00eache maritime relatifs \u00e0 la\ncompensation collective visant \u00e0 consolider l'\u00e9conomie agricole du territoire ;\nVU le projet de centrale photovolta\u00efque au sol situ\u00e9 sur le territoire de la commune de\nSaulieu au lieu-dit \u00ab Les Ardill\u00e8res \u00bb, port\u00e9 par la soci\u00e9t\u00e9 Port Solaire ;\nDirection d\u00e9partementale des territoires de la C\u00f4te-d'Or\n57 rue de Mulhouse- BP 53317 - 21033 DIJON cedex\nt\u00e9l : 03 80 29 44 44 \u2013 Courriel : ddt@cote-dor.gouv.fr\nDirection d\u00e9partementale des territoires de la C\u00f4te-d'Or - 21-2025-02-12-00001 - Arr\u00eat\u00e9 n\u00b0304 relatif \u00e0 la consignation des fonds pour\nla compensation collective agricole dans le cadre du projet de centrale photovolta\u00efque au sol sur le territoire de la commune de\nSaulieu\n51\n2\nVU la convention sign\u00e9e le 30 octobre 2023 entre l'Etat et la soci\u00e9t\u00e9 Port Solaire relative\n\u00e0 la compensation collective agricole li\u00e9e au projet pr\u00e9-cit\u00e9 ;\nSur proposition de Madame la directrice d\u00e9partementale des territoires de C\u00f4te-d'Or par\nint\u00e9rim ;\nARR\u00caTE\nArticle 1er : Montant de la consignation\nLa soci\u00e9t\u00e9 Port Solaire consignera au groupe Caisse des D\u00e9p\u00f4ts, au moyen d'un virement,\nla somme de : \nsoixante-six  mille  huit  cent  vingt-neuf  euros  (66 829 euros)  conform\u00e9ment  \u00e0  l'\u00e9tude\npr\u00e9alable  relative  \u00e0  la  compensation  collective  agricole  li\u00e9e  au  projet  de  centrale\nphotovolta\u00efque au sol situ\u00e9 sur le territoire de Saulieu au lieu-dit \u00ab  Les Ardill\u00e8res \u00bb, port\u00e9\npar la soci\u00e9t\u00e9 Port Solaire et valid\u00e9e par le pr\u00e9fet. \nA r\u00e9ception du pr\u00e9sent arr\u00eat\u00e9 la soci\u00e9t\u00e9 Port Solaire disposera d'un d\u00e9lai de 30 jours pour\neffectuer la consignation de la somme indiqu\u00e9e aupr\u00e8s de la Caisse des D\u00e9p\u00f4ts.\nArticle 2 : Compte de consignation\nLa somme sera vers\u00e9e sur le compte de consignation dont le RIB est joint. Ce dossier se\ncompose de la d\u00e9claration de consignation remplie et sign\u00e9e par la soci\u00e9t\u00e9 Port Solaire,\ndu pr\u00e9sent arr\u00eat\u00e9 pr\u00e9fectoral, d'un justificatif d'identit\u00e9 (extrait Kbis dat\u00e9 de moins de\ntrois mois et pi\u00e8ce d'identit\u00e9 du repr\u00e9sentant l\u00e9gal), de la convention sign\u00e9e le 30 octobre\n2023 entre le pr\u00e9fet et la soci\u00e9t\u00e9 Port Solaire relative \u00e0 la compensation collective agricole\nli\u00e9e au projet pr\u00e9-cit\u00e9. Le motif de la consignation est intitul\u00e9 \u00ab CCA Les Ardill\u00e8res \u00bb.\nArticle 3 : Versement de consignation  \nLe  virement  bancaire  sera  effectu\u00e9  par  la  soci\u00e9t\u00e9  Port  Solaire  sur  le  compte  de\nconsignation aux coordonn\u00e9es bancaires transmises au contributeur.\nL'intitul\u00e9 \u00e0 faire figurer sera : \u00ab  CCA Les Ardill\u00e8res \u00bb\nArticle 4 : Objet de d\u00e9consignation\nDirection d\u00e9partementale des territoires de la C\u00f4te-d'Or\n57 rue de Mulhouse- BP 53317 - 21033 DIJON cedex\nt\u00e9l : 03 80 29 44 44 \u2013 Courriel : ddt@cote-dor.gouv.fr\nDirection d\u00e9partementale des territoires de la C\u00f4te-d'Or - 21-2025-02-12-00001 - Arr\u00eat\u00e9 n\u00b0304 relatif \u00e0 la consignation des fonds pour\nla compensation collective agricole dans le cadre du projet de centrale photovolta\u00efque au sol sur le territoire de la commune de\nSaulieu\n52\n3\nLa Commission D\u00e9partementale des Espaces Agricoles, Naturels et Forestiers (CDPENAF).\na mis en place une formation sp\u00e9cialis\u00e9e pour le suivi des fonds issus de la compensation\ncollective agricole (FS CCA). Cette formation lance les appels \u00e0 projets collectifs sources\nde valeur ajout\u00e9e pour l'agriculture en C\u00f4te-d'Or.\nLes projets d\u00e9pos\u00e9s sont examin\u00e9s par la DDT afin de v\u00e9rifier leur \u00e9ligibilit\u00e9 au regard des\ncrit\u00e8res de s\u00e9lection puis pr\u00e9sent\u00e9s \u00e0 la FS CCA. Le(s) projet(s) s\u00e9lectionn\u00e9(s) se voi(en)t\nallouer un montant de financement puis est(sont) propos\u00e9(s) \u00e0 la soci\u00e9t\u00e9 Port Solaire,\nconform\u00e9ment \u00e0 la convention du 30 octobre 2023 relative \u00e0 la compensation collective\nagricole li\u00e9e au projet de centrale photovolta\u00efque au sol situ\u00e9 sur le territoire de Saulieu au\nlieu-dit \u00ab Les Ardill\u00e8res \u00bb. \nArticle 5 : Modalit\u00e9s de d\u00e9consignation\nA la demande de la soci\u00e9t\u00e9 Port Solaire adress\u00e9e \u00e0 la DDT, secr\u00e9tariat de la CDPENAF, les\nsommes du fonds  seront d\u00e9consign\u00e9es en une ou plusieurs  fois  au profit du  (ou des)\nporteur(s) de projet(s) de l'op\u00e9ration de compensation collective agricole, par un courrier\nadress\u00e9 par la DDT \u00e0 la Caisse des D\u00e9p\u00f4ts.\nLe courrier de d\u00e9consignation sera \u00e9tabli sur pr\u00e9sentation par la soci\u00e9t\u00e9 Port Solaire de\ndevis  sign\u00e9s  fournis  par  le(s)  porteur(s)  de  projet(s)  de  l'op\u00e9ration  de  compensation\ncollective agricole, \u00e0 hauteur maximale du montant des devis pr\u00e9sent\u00e9s dans la limite de\n30 % du montant total consign\u00e9, puis sur pr\u00e9sentation des factures acquitt\u00e9es \u00e0 hauteur\ndu montant consign\u00e9 pour le versement du solde. Les montants correspondants seront\nimput\u00e9s sur le compte de consignation et au taux de financement de l'op\u00e9ration par la\nsoci\u00e9t\u00e9 Port Solaire.\nLe courrier sera transmis au plus t\u00f4t \u00e0 la date de validation et d'acceptation du lancement\nde (des) l'op\u00e9ration (s) de compensation collective agricole pr\u00e9sent\u00e9e par la soci\u00e9t\u00e9 Port\nSolaire et valid\u00e9e par la DDT.\nAccompagn\u00e9 du RIB du ou des b\u00e9n\u00e9ficiaires, ce courrier pr\u00e9cisera les \u00e9l\u00e9ments suivants :\n    \u2022 r\u00e9f\u00e9rence \u00e0 l'arr\u00eat\u00e9 engageant la consignation de sommes,\n    \u2022 r\u00e9f\u00e9rence \u00e0 la pr\u00e9sente convention,\n    \u2022 r\u00e9f\u00e9rence au compte de consignation qui doit \u00eatre d\u00e9bit\u00e9 (num\u00e9ro et libell\u00e9),\n    \u2022 nom et adresse des b\u00e9n\u00e9ficiaires des sommes d\u00e9consign\u00e9es,\n    \u2022 montant \u00e0 verser par la Caisse des D\u00e9p\u00f4ts \u00e0 chaque b\u00e9n\u00e9ficiaire.\nLa d\u00e9consignation des sommes provenant du fonds est effectu\u00e9e par la Caisse des D\u00e9p\u00f4ts\ndans un d\u00e9lai de dix (10) jours ouvr\u00e9s \u00e0 compter de la date de r\u00e9ception de la demande\nformul\u00e9e par la DDT.\nIl incombe \u00e0 la soci\u00e9t\u00e9 Port Solaire d'alerter les autorit\u00e9s si elle a des doutes sur la l\u00e9galit\u00e9\nde l'op\u00e9ration susceptible d'\u00eatre couverte par ledit fonds de compensation.\nDirection d\u00e9partementale des territoires de la C\u00f4te-d'Or\n57 rue de Mulhouse- BP 53317 - 21033 DIJON cedex\nt\u00e9l : 03 80 29 44 44 \u2013 Courriel : ddt@cote-dor.gouv.fr\nDirection d\u00e9partementale des territoires de la C\u00f4te-d'Or - 21-2025-02-12-00001 - Arr\u00eat\u00e9 n\u00b0304 relatif \u00e0 la consignation des fonds pour\nla compensation collective agricole dans le cadre du projet de centrale photovolta\u00efque au sol sur le territoire de la commune de\nSaulieu\n53\n4\nArticle 6 : Transmission \u00e0 la Caisse des D\u00e9p\u00f4ts \nLes  documents  pour  d\u00e9consigner  les  sommes,  au  profit  du  ou  des  b\u00e9n\u00e9ficiaires\nmentionn\u00e9s \u00e0 l'article IV de la convention du 30 octobre 2023 pr\u00e9-cit\u00e9e seront transmis\npar la direction d\u00e9partementale des territoires de C\u00f4te-d'Or \u00e0 l'adresse suivante :\nDRFIP Auvergne-Rh\u00f4ne-Alpes et d\u00e9partement du Rh\u00f4ne\nP\u00f4le de Gestion des Consignations de LYON\n3, rue de la Charit\u00e9\n69268 Lyon Cedex 02\nCourriel\u00a0:\u00a0drfip69.consignations.adm@dgfip.finances.gouv.fr\nArticle 7 : Ex\u00e9cution et notification \nMonsieur le secr\u00e9taire g\u00e9n\u00e9ral de la pr\u00e9fecture de la C\u00f4te-d'Or et M. le Directeur R\u00e9gional \ndes Finances Publiques d'Auvergne-Rh\u00f4ne-Alpes et du d\u00e9partement du Rh\u00f4ne sont \ncharg\u00e9s de l'ex\u00e9cution du pr\u00e9sent arr\u00eat\u00e9 qui sera publi\u00e9 au recueil des actes administratifs \nde la pr\u00e9fecture de la C\u00f4te-d'Or.\nLe pr\u00e9sent arr\u00eat\u00e9 sera notifi\u00e9 \u00e0 la soci\u00e9t\u00e9 Port Solaire. \nLe pr\u00e9sent arr\u00eat\u00e9 doit \u00eatre conserv\u00e9 et pr\u00e9sent\u00e9 \u00e0 toute r\u00e9quisition. \nD\u00e9lais et voies de recours     :  \n- Conform\u00e9ment \u00e0 l'article R.421-1 du code de justice administrative, la pr\u00e9sente d\u00e9cision peut faire l'objet d'un\nrecours contentieux, dans le d\u00e9lai de deux mois \u00e0 compter de sa notification, devant le tribunal administratif \ncomp\u00e9tent \u00e0 l'adresse suivante : Tribunal administratif, 22 rue d'Assas, 21000 Dijon.\n- Elle peut \u00e9galement faire l'objet d'un recours gracieux aupr\u00e8s du pr\u00e9fet de la C\u00f4te-d'Or. Cette d\u00e9marche \ninterrompt le d\u00e9lai de recours contentieux, ce dernier devant \u00eatre introduit dans le d\u00e9lai de deux mois suivant \nune d\u00e9cision implicite ou explicite de l'autorit\u00e9 comp\u00e9tente ( le silence de l'administration pendant un d\u00e9lai de \ndeux mois valant d\u00e9cision implicite de rejet). \nFait \u00e0 Dijon, le 12 F\u00e9vrier 2025\nLe pr\u00e9fet,\nSIGN\u00c9\nPaul MOURIER\nDirection d\u00e9partementale des territoires de la C\u00f4te-d'Or\n57 rue de Mulhouse- BP 53317 - 21033 DIJON cedex\nt\u00e9l : 03 80 29 44 44 \u2013 Courriel : ddt@cote-dor.gouv.fr\nDirection d\u00e9partementale des territoires de la C\u00f4te-d'Or - 21-2025-02-12-00001 - Arr\u00eat\u00e9 n\u00b0304 relatif \u00e0 la consignation des fonds pour\nla compensation collective agricole dans le cadre du projet de centrale photovolta\u00efque au sol sur le territoire de la commune de\nSaulieu\n54\nDirection d\u00e9partementale des territoires de la\nC\u00f4te-d'Or\nService S\u00e9curit\u00e9 et \u00c9ducation Routi\u00e8re\n21-2025-02-10-00007\nArr\u00eat\u00e9 N\u00b0 275 portant composition de la\nCommission D\u00e9partementale de la S\u00e9curit\u00e9\nRouti\u00e8re (CDSR)  pour le d\u00e9partement de la\nC\u00f4te-d'Or.\nDirection d\u00e9partementale des territoires de la C\u00f4te-d'Or - 21-2025-02-10-00007 - Arr\u00eat\u00e9 N\u00b0 275 portant composition de la\nCommission D\u00e9partementale de la S\u00e9curit\u00e9 Routi\u00e8re (CDSR)  pour le d\u00e9partement de la C\u00f4te-d'Or. 55\nExPREFETDE LACOTE-D'ORLibert\u00e9Egalit\u00e9Fraternit\u00e9\nDirection d\u00e9partementale des territoires \nde la C\u00f4te-d'Or\nService S\u00e9curit\u00e9 et \u00c9ducation Routi\u00e8re\nT\u00e9l : 03 80 29 44 75\nm\u00e9l : ddt-sser-bsr@cote-dor.gouv.fr\nArr\u00eat\u00e9 N\u00b0 275\nportant composition de la Commission D\u00e9partementale de la S\u00e9curit\u00e9 Routi\u00e8re (CDSR) \npour le d\u00e9partement de la C\u00f4te-d'Or.\nLe pr\u00e9fet de la C\u00f4te-d'Or\nVU le Code de la Route et notamment les articles R411-10, R411-11 et R411-12 ;\nVU les d\u00e9crets n\u00b0 2015-1537 du 25 novembre 2015 et  n\u00b02017-1279 du 9 ao\u00fbt 2017 modifiant  \nles comp\u00e9tences de la CDSR ;\nVU l'arr\u00eat\u00e9 pr\u00e9fectoral n\u00b0 198/DSI du 22 avril 2013 modifi\u00e9 par l'arr\u00eat\u00e9 pr\u00e9fectoral n\u00b0 2014174-\n001 du 20 juin 2014, par l'arr\u00eat\u00e9 pr\u00e9fectoral n\u00b0 2015027-0003 du 27 janvier 2015, par l'arr\u00eat\u00e9  \nn\u00b097 du 6 f\u00e9vrier 2018, par l'arr\u00eat\u00e9 n\u00b0978 du 21 septembre 2020  , par l'arr\u00eat\u00e9 11007 du 4  \noctobre 2021 et par l'arr\u00eat\u00e9 n\u00b0939 du 27 juillet 2022 instituant la commission d\u00e9partementale  \nde la s\u00e9curit\u00e9 routi\u00e8re et fixant sa composition ;\nVU les propositions des assembl\u00e9es, services et associations int\u00e9ress\u00e9s ;\nSUR proposition de Madame la directrice d\u00e9partementale des territoires de la C\u00f4te-d'Or par  \nint\u00e9rim ;\nARR\u00caTE\nArticle 1er : Objet \nIl est institu\u00e9 une Commission D\u00e9partementale de la S\u00e9curit\u00e9 Routi\u00e8re.\nLa Commission D\u00e9partementale de la S\u00e9curit\u00e9 Routi\u00e8re est consult\u00e9e pr\u00e9alablement \u00e0  \ntoute d\u00e9cision prise en mati\u00e8re :\nDirection d\u00e9partementale des territoires de la C\u00f4te-d'Or\nService S\u00e9curit\u00e9 et \u00c9ducation Routi\u00e8re\n57, rue de Mulhouse - BP 53317 - 21033 Dijon CEDEX\nT\u00e9l. : 03 80 29 44 95\nCourriel : sser.ddt-21@equipement-agriculture.gouv.fr 1\nDirection d\u00e9partementale des territoires de la C\u00f4te-d'Or - 21-2025-02-10-00007 - Arr\u00eat\u00e9 N\u00b0 275 portant composition de la\nCommission D\u00e9partementale de la S\u00e9curit\u00e9 Routi\u00e8re (CDSR)  pour le d\u00e9partement de la C\u00f4te-d'Or. 56\n\u2022 d'autorisation  d'organisation  d'\u00e9preuves  ou  comp\u00e9titions  sportives,  dans  les \nconditions pr\u00e9vues \u00e0 l'article R331-26 du Code du sport ;\n\u2022 d'agr\u00e9ment des gardiens et des installations de fourri\u00e8re.\nLa commission peut \u00e9galement \u00eatre consult\u00e9e sur tout autre sujet relatif \u00e0 la s\u00e9curit\u00e9  \nrouti\u00e8re tel que :\n\u2022 la mise en place d'itin\u00e9raires de d\u00e9viation pour les poids lourds ;\n\u2022 l'harmonisation des limitations de vitesse des v\u00e9hicules sur les voies ouvertes \u00e0 la  \ncirculation publique ;\n\u2022 les d\u00e9clarations d'\u00e9preuves, courses ou manifestations sportives devant se disputer  \nen totalit\u00e9 ou en partie sur les voies ouvertes \u00e0 la circulation publique.\nArticle 2 : Composition\nLa commission d\u00e9partementale de la s\u00e9curit\u00e9 routi\u00e8re est pr\u00e9sid\u00e9e par le pr\u00e9fet ou son  \nrepr\u00e9sentant. Elle comprend :\n- des repr\u00e9sentants des services de l'\u00c9tat ;\n- des \u00e9lus d\u00e9partementaux d\u00e9sign\u00e9s par le Conseil D\u00e9partemental ;\n- des \u00e9lus communaux d\u00e9sign\u00e9s par l'association des maires ou, \u00e0 d\u00e9faut par le pr\u00e9fet ;\n- des repr\u00e9sentants des organisations professionnelles et des f\u00e9d\u00e9rations sportives ;\n- des repr\u00e9sentants des associations d'usagers.\nArticle 3 : Sections sp\u00e9cialis\u00e9es\nSont cr\u00e9\u00e9es trois sections sp\u00e9cialis\u00e9es au sein de la commission :\n- \u00ab \u00e9preuves et comp\u00e9titions sportives \u00bb ;\n- \u00ab fourri\u00e8res \u00bb ;\n- \u00ab autres sujets li\u00e9s \u00e0 la s\u00e9curit\u00e9 routi\u00e8re \u00bb.\nL'avis d'une section sp\u00e9cialis\u00e9e tient lieu d'avis de la commission d\u00e9partementale de la  \ns\u00e9curit\u00e9 routi\u00e8re.\nPour les affaires ayant un caract\u00e8re d'urgence ou ne soulevant pas, a priori, de difficult\u00e9  \nparticuli\u00e8re,  une  consultation  par  courrier  \u00e9lectronique  pourra  \u00eatre  effectu\u00e9e  par  le \npr\u00e9sident de la commission.\nDirection d\u00e9partementale des territoires de la C\u00f4te-d'Or\nService S\u00e9curit\u00e9 et \u00c9ducation Routi\u00e8re\n57, rue de Mulhouse - BP 53317 - 21033 Dijon CEDEX\nT\u00e9l. : 03 80 29 44 95\nCourriel : sser.ddt-21@equipement-agriculture.gouv.fr 2\nDirection d\u00e9partementale des territoires de la C\u00f4te-d'Or - 21-2025-02-10-00007 - Arr\u00eat\u00e9 N\u00b0 275 portant composition de la\nCommission D\u00e9partementale de la S\u00e9curit\u00e9 Routi\u00e8re (CDSR)  pour le d\u00e9partement de la C\u00f4te-d'Or. 57\n3-1 Section sp\u00e9cialis\u00e9e  \u00ab \u00e9preuves et comp\u00e9titions sportives \u00bb\nElle  est  consult\u00e9e  pr\u00e9alablement  \u00e0  l'autorisation  d'organisation  d'\u00e9preuves  ou  \ncomp\u00e9titions sportives dont la d\u00e9livrance rel\u00e8ve de la comp\u00e9tence du pr\u00e9fet.\nElle est compos\u00e9e de repr\u00e9sentants :\n1 \u2013 des services de l'\u00c9tat :\n- Groupement de Gendarmerie  : M. le commandant de la r\u00e9gion de gendarmerie de  \nBourgogne Franche-Comt\u00e9 et le groupement de la C\u00f4te-d'Or ou son repr\u00e9sentant,\nou\n- Direction Inter-D\u00e9partementale de la Police Nationale  : M. le Directeur D\u00e9partemental  \nou son repr\u00e9sentant\nselon la zone de comp\u00e9tence territoriale.\n- Service d\u00e9partemental d'incendie et de secours  : Monsieur le directeur d\u00e9partemental  \ndes services d'incendie et de secours ou son repr\u00e9sentant\n-  Direction  des  services  d\u00e9partementaux  de  l'\u00c9ducation  Nationale :  M  le  Directeur \nacad\u00e9mique  des  services  de  l'\u00c9ducation  Nationale  et  Directeur  des  services  \nd\u00e9partementaux de l'\u00c9ducation Nationale ou son repr\u00e9sentant.\n-  Direction  D\u00e9partementale  des  Territoires :  Mme  la  directrice  d\u00e9partementale  des \nterritoires de la C\u00f4te-d'Or ou son repr\u00e9sentant,\n2 \u2013 du Conseil D\u00e9partemental : \nTitulaire : M. Gilles DELEPAU, Conseiller D\u00e9partemental, Suppl\u00e9ante  : Mme. Catherine  \nLOUIS, Conseill\u00e8re D\u00e9partementale.\n3 \u2013 de l'association des maires :\nTitulaire : M. Marcel MARCEAU, maire de TANAY, Suppl\u00e9ant  : M. Antonio COBOS, maire  \nd'ARGILLY.\n4 \u2013 des f\u00e9d\u00e9rations sportives :\n- Union Fran\u00e7aise des \u0152uvres La\u00efques d'\u00c9ducation Physique :\nTitulaire : Mme Marine LE PICHON Suppl\u00e9ant : Mme Corinne OBOZIL\na) avec v\u00e9hicules terrestres \u00e0 moteur :\n- F\u00e9d\u00e9ration Fran\u00e7aise du Sport Automobile :\nTitulaire : M. Pierre GUELAUD, Suppl\u00e9ant : M. Bruno MOTTEZ\nDirection d\u00e9partementale des territoires de la C\u00f4te-d'Or\nService S\u00e9curit\u00e9 et \u00c9ducation Routi\u00e8re\n57, rue de Mulhouse - BP 53317 - 21033 Dijon CEDEX\nT\u00e9l. : 03 80 29 44 95\nCourriel : sser.ddt-21@equipement-agriculture.gouv.fr 3\nDirection d\u00e9partementale des territoires de la C\u00f4te-d'Or - 21-2025-02-10-00007 - Arr\u00eat\u00e9 N\u00b0 275 portant composition de la\nCommission D\u00e9partementale de la S\u00e9curit\u00e9 Routi\u00e8re (CDSR)  pour le d\u00e9partement de la C\u00f4te-d'Or. 58\n- F\u00e9d\u00e9ration Fran\u00e7aise de Motocyclisme :\nTitulaire : M. Jacky BONNE, Suppl\u00e9ant : M. Lorenzo CRISTOFOLI\nb) sans v\u00e9hicules terrestres \u00e0 moteur :\n- F\u00e9d\u00e9ration Fran\u00e7aise de Cyclisme :\nTitulaire : M. Beno\u00eet PERRIN, Suppl\u00e9ant : M. Bernard MARY\n- F\u00e9d\u00e9ration Fran\u00e7aise d'Athl\u00e9tisme :\nTitulaire : M. Fr\u00e9d\u00e9ric BONNEMAIN, Suppl\u00e9ant : Mme Christine CLERC\n- F\u00e9d\u00e9ration Fran\u00e7aise de Roller :\nTitulaire : M. Christian WAGNER, Suppl\u00e9ant : M. Thierry VINCENT\n- F\u00e9d\u00e9ration Fran\u00e7aise de Randonn\u00e9e P\u00e9destre :\nTitulaire : Mme H\u00e9l\u00e8ne PERENON-MOULIN, Suppl\u00e9ant : M. Dominique BRAY\n- F\u00e9d\u00e9ration Fran\u00e7aise de Triathlon :\nTitulaire : M. Jean Jacques HOCHET, Suppl\u00e9ant : Mme Catherine MOREUX \n5 \u2013 des associations d'usagers :\n- Automobile Club de Bourgogne :\nTitulaire : M. Alain HUGARD\n- Pr\u00e9vention Routi\u00e8re :\nTitulaire : M. Philippe SUROT, Suppl\u00e9ant : Mme Garance CHAUDESAYGUES\n3-2 - Section sp\u00e9cialis\u00e9e \u00ab fourri\u00e8res \u00bb :\nElle  est  consult\u00e9e  pr\u00e9alablement  \u00e0  toute  d\u00e9cision  prise  en  mati\u00e8re  d'agr\u00e9ment  des \ngardiens et des installations de fourri\u00e8re.\nElle est compos\u00e9e de repr\u00e9sentants :\n1 \u2013 des services de l'\u00c9tat  \n- Groupement de gendarmerie  : M. le commandant de la r\u00e9gion de gendarmerie de  \nBourgogne Franche-Comt\u00e9 et le groupement de la C\u00f4te-d'Or ou son repr\u00e9sentant,\nou\nDirection d\u00e9partementale des territoires de la C\u00f4te-d'Or\nService S\u00e9curit\u00e9 et \u00c9ducation Routi\u00e8re\n57, rue de Mulhouse - BP 53317 - 21033 Dijon CEDEX\nT\u00e9l. : 03 80 29 44 95\nCourriel : sser.ddt-21@equipement-agriculture.gouv.fr 4\nDirection d\u00e9partementale des territoires de la C\u00f4te-d'Or - 21-2025-02-10-00007 - Arr\u00eat\u00e9 N\u00b0 275 portant composition de la\nCommission D\u00e9partementale de la S\u00e9curit\u00e9 Routi\u00e8re (CDSR)  pour le d\u00e9partement de la C\u00f4te-d'Or. 59\n- Direction Inter-D\u00e9partementale de la Police Nationale  : M. le Directeur D\u00e9partemental  \nou son repr\u00e9sentant,\nselon la zone de comp\u00e9tence territoriale\n-  Direction  D\u00e9partementale  des  Territoires :  Mme  la  directrice  d\u00e9partementale  des \nterritoires de la C\u00f4te-d'Or par int\u00e9rim ou son repr\u00e9sentant,\n- Pr\u00e9fecture de la C\u00f4te d'Or : M le Pr\u00e9fet ou son repr\u00e9sentant\n2 \u2013 du Conseil D\u00e9partemental :\nTitulaire :  M.  Beno\u00eet  BORDAT,  Conseiller  D\u00e9partemental,  Suppl\u00e9ant :  M.  Christophe \nAVENA, Conseiller D\u00e9partemental.\n3 \u2013 de l'association des maires :\nTitulaire :  M. Jean-Paul  ROY,  maire  de  MEURSANGES,  Suppl\u00e9ant  :  M.  \nG\u00e9rard GREFFE, maire de RUFFEY L\u00c8S BEAUNE.\n4 \u2013 des organisations professionnelles :\n- MOBILIANS:\nTitulaire : M. Beno\u00eet BIAIS, Suppl\u00e9ant : Mme Pauline FONTAINE\n- F\u00e9d\u00e9ration Nationale de l'Artisanat Automobile :\nTitulaire : M.Yann GUERIN, Suppl\u00e9ant :M. Philippe GIMENEZ\n5 \u2013 des associations d'usagers :\n- UDAF (Union D\u00e9partementale des Associations Familiales de la C\u00f4te-d'Or) :\nTitulaire : M. Didier BELLEVILLE, Suppl\u00e9ant : M. Jacques MALEYROT\n- Automobile Club de Bourgogne :\nTitulaire : M. Alain HUGARD\n- Pr\u00e9vention Routi\u00e8re :\nTitulaire : M. Philippe SUROT, Suppl\u00e9ant : Mme Garance CHAUDESAYGUES\n3-3 \u2013 Section sp\u00e9cialis\u00e9e \u00ab autres sujets li\u00e9s \u00e0 la s\u00e9curit\u00e9 routi\u00e8re \u00bb :\nElle peut \u00eatre consult\u00e9e pour les sujets de s\u00e9curit\u00e9 routi\u00e8re n'entrant pas dans le champ de  \ncomp\u00e9tences des sections sp\u00e9cialis\u00e9es vis\u00e9es au 3-1 et 3-2 de l'article 3.\nElle est compos\u00e9e de repr\u00e9sentants :\nDirection d\u00e9partementale des territoires de la C\u00f4te-d'Or\nService S\u00e9curit\u00e9 et \u00c9ducation Routi\u00e8re\n57, rue de Mulhouse - BP 53317 - 21033 Dijon CEDEX\nT\u00e9l. : 03 80 29 44 95\nCourriel : sser.ddt-21@equipement-agriculture.gouv.fr 5\nDirection d\u00e9partementale des territoires de la C\u00f4te-d'Or - 21-2025-02-10-00007 - Arr\u00eat\u00e9 N\u00b0 275 portant composition de la\nCommission D\u00e9partementale de la S\u00e9curit\u00e9 Routi\u00e8re (CDSR)  pour le d\u00e9partement de la C\u00f4te-d'Or. 60\n1 \u2013 des services de l'\u00c9tat  \n- Groupement de gendarmerie  : M. le commandant de la r\u00e9gion de gendarmerie de  \nBourgogne Franche-Comt\u00e9 et le groupement de la C\u00f4te-d'Or ou son repr\u00e9sentant,\nou\n- Direction Inter-D\u00e9partementale de la Police Nationale  : M. le Directeur D\u00e9partemental  \nou son repr\u00e9sentant,\nselon la zone de comp\u00e9tence territoriale\n- Service d\u00e9partemental d'incendie et de secours  : Monsieur le directeur d\u00e9partemental  \ndes services d'incendie et de secours ou son repr\u00e9sentant\n-  Direction  D\u00e9partementale  des  Territoires :  Mme  la  directrice  d\u00e9partementale  des \nterritoires de la C\u00f4te-d'Or par int\u00e9rim ou son repr\u00e9sentant,\n- Pr\u00e9fecture de la C\u00f4te d'Or : M le Pr\u00e9fet ou son repr\u00e9sentant\n2 \u2013 du Conseil D\u00e9partemental :\nTitulaire : M. Hubert POULLOT, Conseiller D\u00e9partemental, Suppl\u00e9ante  : Mme. Charlotte  \nFOUGERE, Conseill\u00e8re D\u00e9partementale\n3 \u2013 de l'association des maires :\nTitulaire : Mme C\u00e9line TONOT, maire de LONGVIC, suppl\u00e9ant  : M. Christophe AVENA,  \nadjoint au maire de DIJON\n4 \u2013 des organisations professionnelles :\n- Union des Transporteurs Routiers de Bourgogne :\nTitulaire : M. Sylvain BAUDRY Suppl\u00e9ant : M. Philippe DEMONTEIX\n- MOBILIANS \u2013 \u00c9tablissements d'enseignement de la conduite automobile :\nTitulaire : M. Thierry DONZEL, Suppl\u00e9ant : M. Pascal MUNIER\n5 \u2013 des associations d'usagers :\n- Ligue Contre la Violence Routi\u00e8re (LCVR) :\nTitulaire : Mme Catherine PEPOZ, Suppl\u00e9ant : M. Bernard BIGARNE\n- F\u00e9d\u00e9ration Fran\u00e7aise des Motards en Col\u00e8re de C\u00f4te-d'Or (FFMC):\nTitulaire : Florian MINARD, Suppl\u00e9ant : Laurent PINTE\nDirection d\u00e9partementale des territoires de la C\u00f4te-d'Or\nService S\u00e9curit\u00e9 et \u00c9ducation Routi\u00e8re\n57, rue de Mulhouse - BP 53317 - 21033 Dijon CEDEX\nT\u00e9l. : 03 80 29 44 95\nCourriel : sser.ddt-21@equipement-agriculture.gouv.fr 6\nDirection d\u00e9partementale des territoires de la C\u00f4te-d'Or - 21-2025-02-10-00007 - Arr\u00eat\u00e9 N\u00b0 275 portant composition de la\nCommission D\u00e9partementale de la S\u00e9curit\u00e9 Routi\u00e8re (CDSR)  pour le d\u00e9partement de la C\u00f4te-d'Or. 61\n- Pr\u00e9vention Routi\u00e8re :\nTitulaire : M. Philippe SUROT, Suppl\u00e9ant : Mme Garance CHAUDESAYGUES\nArticle 4 : Association de personnalit\u00e9s ou services\nEn  fonction  de  l'ordre  du  jour,  les  sous-pr\u00e9fets  territorialement  comp\u00e9tents,  d'autres \nservices de l'\u00c9tat, des collectivit\u00e9s territoriales et d'autres personnalit\u00e9s comp\u00e9tentes dans  \nles  domaines  d'activit\u00e9  de  la  commission  pourront  \u00eatre  associ\u00e9s,  ponctuellement  ou \nr\u00e9guli\u00e8rement,  aux  travaux  de  celle-ci  tant  en  commission  pl\u00e9ni\u00e8re  qu'en  section \nsp\u00e9cialis\u00e9e, \u00e0 l'initiative de son pr\u00e9sident.\nCes personnalit\u00e9s si\u00e8gent avec voix consultative.\nArticle 5 : Secr\u00e9tariat\nLe secr\u00e9tariat de la commission est assur\u00e9 par la Direction d\u00e9partementale des territoires  \nou son repr\u00e9sentant d\u00e9sign\u00e9 par le pr\u00e9sident.\nArticle 6 : Dur\u00e9e du mandat\nLa dur\u00e9e du mandat des membres de la commission est fix\u00e9e \u00e0 trois ans \u00e0 compter de la  \npublication du pr\u00e9sent arr\u00eat\u00e9.\nArticle 7 : Abrogation\nL'arr\u00eat\u00e9 n\u00b0 11007 du 4 octobre 2021 fixant la pr\u00e9c\u00e9dente composition de la CDSR est  \nabrog\u00e9.\nArticle 8 : Recours\nLe  pr\u00e9sent  arr\u00eat\u00e9  peut  faire  l'objet  d'un  recours  contentieux  devant  le  tribunal \nadministratif de Dijon dans un d\u00e9lai de deux mois \u00e0 compter de sa publication. Un recours  \npeut  \u00eatre  d\u00e9pos\u00e9  via  l'application  t\u00e9l\u00e9recours  citoyens  accessible  par  le  site  internet \nhttp://ww.telerecours.fr./ \nArticle 9 : Ex\u00e9cution\nLe directeur de cabinet du pr\u00e9fet de la C\u00f4te-d'Or est charg\u00e9 de l'ex\u00e9cution du pr\u00e9sent arr\u00eat\u00e9  \nqui sera notifi\u00e9 \u00e0 chacun des membres et publi\u00e9 au recueil des actes administratifs.\nFait \u00e0 Dijon, le 10 f\u00e9vrier 2025\nLe pr\u00e9fet,\nPour le pr\u00e9fet et par d\u00e9l\u00e9gation\nLe sous-pr\u00e9fet\nDirecteur de cabinet\n   ORIGINAL SIGN\u00c9\nOlivier GERSTL\u00c9\nDirection d\u00e9partementale des territoires de la C\u00f4te-d'Or\nService S\u00e9curit\u00e9 et \u00c9ducation Routi\u00e8re\n57, rue de Mulhouse - BP 53317 - 21033 Dijon CEDEX\nT\u00e9l. : 03 80 29 44 95\nCourriel : sser.ddt-21@equipement-agriculture.gouv.fr 7\nDirection d\u00e9partementale des territoires de la C\u00f4te-d'Or - 21-2025-02-10-00007 - Arr\u00eat\u00e9 N\u00b0 275 portant composition de la\nCommission D\u00e9partementale de la S\u00e9curit\u00e9 Routi\u00e8re (CDSR)  pour le d\u00e9partement de la C\u00f4te-d'Or. 62\nDirection d\u00e9partementale des territoires de la C\u00f4te-d'Or\nService S\u00e9curit\u00e9 et \u00c9ducation Routi\u00e8re\n57, rue de Mulhouse - BP 53317 - 21033 Dijon CEDEX\nT\u00e9l. : 03 80 29 44 95\nCourriel : sser.ddt-21@equipement-agriculture.gouv.fr 8\nDirection d\u00e9partementale des territoires de la C\u00f4te-d'Or - 21-2025-02-10-00007 - Arr\u00eat\u00e9 N\u00b0 275 portant composition de la\nCommission D\u00e9partementale de la S\u00e9curit\u00e9 Routi\u00e8re (CDSR)  pour le d\u00e9partement de la C\u00f4te-d'Or. 63\nDRAAF Bourgogne-Franche-Comt\u00e9\n21-2025-02-20-00001\nArr\u00eat\u00e9 portant approbation de l'am\u00e9nagement\nde la for\u00eat communale de Busseaut pour la\np\u00e9riode 2024-2043 avec application du 2\u00b0 de\nl'article L122-7 du code forestier\nDRAAF Bourgogne-Franche-Comt\u00e9 - 21-2025-02-20-00001 - Arr\u00eat\u00e9 portant approbation de l'am\u00e9nagement de la for\u00eat communale de\nBusseaut pour la p\u00e9riode 2024-2043 avec application du 2\u00b0 de l'article L122-7 du code forestier 64\nPREFET Direction r\u00e9gionale de l'alimentation,g\u00e2b\u00e2\u00e2\u00e2\u00e2fi\u00e2' de l'agriculture et de la for\u00eatFRANCHE-COMT\u00c9 Bourgogne-Franche-Comt\u00e9\u00c8\u00cb\u00db\u00ce-\u00ca\u00ca Service r\u00e9gional de la for\u00eat et du boisFraternit\u00e9D\u00e9partement : C\u00d4TE-D'ORFor\u00eat communale de BUSSEAUTContenance cadastrale : 287,4518 haSurface de gestion : 287,45 haR\u00e9vision du document d'am\u00e9nagement :2024-2043Arr\u00eat\u00e9 d'am\u00e9nagement n\u00b0 21- 2028 -02 -Z0-oc0c04portant approbation du document d'Am\u00e9nagement de la for\u00eat communale de Busseaut pourla p\u00e9riode 2024-2043 avec application du 2\u00b0 de l'article L122-7 du code forestierLePr\u00e9fetdelar\u00e9gionBOURGOGNE-FRANCHE\u2014COMT\u00c9,Pr\u00e9fet de la C\u00f4te d'OrVU les articles L124-1,1\u00b0, L212-1, L212-2, D212-1, D212-2, R212-3, D212-5,2\u00b0, D214-15, etD214-16 du Code Forestier ;VU les articles L122-7, L122-8, R122-23 et R122-24 du Code Forestier ;VU l'article R212-4 du Code Forestier ;VU es articles L331-4 et R331-19 du Code de l'Environnement ;VU es articles L414-4 et R414-19 du Code de l'Environnement ;VU le sch\u00e9ma r\u00e9gional d'am\u00e9nagement de la r\u00e9gion Bourgogne, arr\u00eat\u00e9 en date du 05/12/2011 ;VU l'avis du Directeur du parc national de for\u00eats en date du 09 janvier 2025 ;VU la d\u00e9lib\u00e9ration du conseil municipal de Busseaut en date du 10/05/2024, vis\u00e9 par la Sous-pr\u00e9fecture de Montbard le 21/05/2024, donnant son accord au projet d'am\u00e9nagementforestier qui lui a \u00e9t\u00e9 pr\u00e9sent\u00e9, et demandant le b\u00e9n\u00e9fice des articles L122-7 et L122-8 ducode forestier au titre de la r\u00e9glementation Natura 2000 ;VU le d\u00e9cret n\u00b0 2004-374 du 29 avril 2004 modifi\u00e9 relatif aux pouvoirs des pr\u00e9fets, \u00e0l'organisation et \u00e0 l'action des services de l'Etat dans les r\u00e9gions et d\u00e9partements ;VU le d\u00e9cret du 10 octobre 2024 nommant M. Paul MOURIER, pr\u00e9fet de la r\u00e9gion Bourgogne-Franche-Comt\u00e9, pr\u00e9fet de la C\u00f4te-d'Or ;VU l'arr\u00eat\u00e9 pr\u00e9fectoral n\u00b0 24-296 BAG du 28 octobre 2024 portant d\u00e9l\u00e9gation de signature duPr\u00e9fet \u00e0 Madame Marie-Jeanne FOTRE \u2014 MULLER et la d\u00e9cision n\u00b024-47- DRAAF BFCdu 29 octobre 2024, portant subd\u00e9l\u00e9gation \u00e0 Monsieur Pierre LAMBARE ;SUR proposition du Directeur Territorial de l'Office National des For\u00eats ;SUR proposition de la Directrice R\u00e9gionale de l'Alimentation, de l'Agriculture et de la For\u00eat ;\nARR\u00caTEArticle 1 : La for\u00eat communale de BUSSEAUT (COTE-D'OR), d'une contenance de 287,45 ha,est affect\u00e9e prioritairement \u00e0 la fonction de production ligneuse et \u00e0 la fonction \u00e9cologique, touten assurant sa fonction sociale et de protection physique, dans le cadre d'une gestion durablemultifonctionnelle.\nDRAAF Bourgogne-Franche-Comt\u00e9 - 21-2025-02-20-00001 - Arr\u00eat\u00e9 portant approbation de l'am\u00e9nagement de la for\u00eat communale de\nBusseaut pour la p\u00e9riode 2024-2043 avec application du 2\u00b0 de l'article L122-7 du code forestier 65\nArticle 2 : Cette for\u00eat de 287,45 ha, enti\u00e8rement bois\u00e9'e, est compos\u00e9e de Ch\u00eane sessile oup\u00e9doncul\u00e9 (62%), H\u00e9tre (16%), Autres Feuillus (13%), Erable champ\u00e9tre (6%) et Pin sylvestre(3%).Les peuplements susceptibles de production ligneuse seront trait\u00e9s en futaie irr\u00e9guli\u00e8re dontconversion en futaie irr\u00e9guli\u00e8re sur 165,96 ha, futaie r\u00e9guli\u00e8re dont conversion en futaie r\u00e9guli\u00e8resur 100,1 ha et en attente sans traitement d\u00e9fini sur 9,25 ha.Les essences-objectif, qui d\u00e9terminent sur le long terme les grands choix de gestion de cespeuplements, seront tr\u00e8s majoritairement feuillues : prioritairement, le ch\u00eane sessile et, dans unemoindre mesure, le h\u00eatre. Les essences-objectif r\u00e9sineuses resteront localis\u00e9es et tr\u00e8s minoritairessur la for\u00eat : pin sylvestre. N\u00e9anmoins, compte tenu de l'incertitude actuelle sur l'\u00e9volution deschangements climatiques en cours, ces choix d'essences pourront \u00eatre modul\u00e9s en coursd'application de l'am\u00e9nagement pour assurer l'adaptation du choix de chaque essence-objectif,ou groupe d'essences-objectif, aux \u00e9volutions des connaissances en mati\u00e8re de changementsclimatiques et d'adaptation des essences \u00e0 ces changements.Les autres essences seront favoris\u00e9es comme essences-objectif associ\u00e9es ou comme essencesd'accompagnement, dans la limite de leur adaptation aux conditions stationnelles futures.Article 3 : Pendant une dur\u00e9e de 20 ans (2024 \u2014 2043) :- La for\u00eat sera divis\u00e9e en dix groupes de gestion :\u00ab 'Trois groupes d'am\u00e9lioration, d'une contenance totale de 100,10 ha en sylviculture,qui seront parcourus par des coupes selon une rotation variant de 6 \u00e0 15 ans enfonction de la croissance des peuplements ;\u00ab 'Trois groupes de futaie irr\u00e9guli\u00e8re, d'une contenance de 165,96 ha en sylviculture, quisera parcouru par des coupes visant \u00e0 se rapprocher d'une structure \u00e9quilibr\u00e9e, selonune rotation variant de 8 \u00e0 20 ans en fonction de la croissance des peuplements ;\u00ab Un groupe d'attente, d'une contenance de 9,25 ha en sylviculture, qui sera laiss\u00e9 encroissance libre sur la p\u00e9riode ;= Un groupe d'ilot de s\u00e9nescence, d'une contenance de 5,06 ha, qui sera laiss\u00e9 \u00e0 son\u00e9volution naturelle, au profit de la biodiversit\u00e9 ;= Un groupe d'int\u00e9r\u00e9t \u00e9cologique g\u00e9n\u00e9ral d'une contenance de 3,82 ha, qui sera laiss\u00e9 \u00e0son \u00e9volution naturelle ; '= Un groupe class\u00e9 hors sylviculture en \u00e9volution naturelle, d'une contenance de3,26 ha, qui sera laiss\u00e9 en l'\u00e9tat.- 0,5 km de route foresti\u00e8re empierr\u00e9e et une place de d\u00e9p\u00f4t seront cr\u00e9\u00e9s afin d'am\u00e9liorer ladesserte du massif ;- l'Office National des For\u00eats informera r\u00e9guli\u00e8rement le Conseil Municipal de BUSSEAUTde l'\u00e9tat de d\u00e9s\u00e9quilibre sylvo cyn\u00e9g\u00e9tique dans la for\u00eat entrainant la n\u00e9cessit\u00e9 de prot\u00e9ger tousles plants qui pourraient \u00eatre mis en place, et ce dernier mettra en \u0153uvre toutes les mesures n\u00e9-cessaires \u00e0 son r\u00e9tablissement suivant la capacit\u00e9 d'accueil, et en s'assurant en particulier que leniveau des demandes de plans de chasse concernant la for\u00eat est en nette augmentation comptetenu de l'\u00e9volution des populations de grand gibier et des d\u00e9g\u00e2ts constat\u00e9s sur les peuplements ;Article4: Le document d'am\u00e9nagement de la for\u00eat communale de BUSSEAUT, pr\u00e9sentementarr\u00eat\u00e9, est approuv\u00e9 par application du 2\u00b0 de l'article L122-7 du code forestier, pour le programmede coupes et de travaux sylvicoles, \u00e0 l'exclusion des travaux d'infrastructures, au titre :- de la r\u00e9glementation propre \u00e0 Natura 2000 relative \u00e0 la Zone de Protection Sp\u00e9ciale (ZPS)FR2612003 \u00ab Massifs forestiers et vall\u00e9es du ch\u00e2tillonnais \u00bb, instaur\u00e9e au titre de la Directiveeurop\u00e9enne \u00ab Oiseaux \u00bb ; consid\u00e9rant que la for\u00eat est situ\u00e9e pour 73% de sa surface dans lesite NATURA 2000 ;- de la r\u00e9glementation propre au Parc national de for\u00eats ;\nDRAAF Bourgogne-Franche-Comt\u00e9 - 21-2025-02-20-00001 - Arr\u00eat\u00e9 portant approbation de l'am\u00e9nagement de la for\u00eat communale de\nBusseaut pour la p\u00e9riode 2024-2043 avec application du 2\u00b0 de l'article L122-7 du code forestier 66\nArticle 5 : La Directrice R\u00e9gionale de l'Alimentation, de l'Agriculture, et de la For\u00eat, et leDirecteur Territorial de l'Office National des For\u00eats sont charg\u00e9s, chacun en ce qui le concerne,de l'ex\u00e9cution du pr\u00e9sent arr\u00eat\u00e9, qui sera publi\u00e9 au recueil des actes administratifs de lapr\u00e9fecture de COTE-D'OR.Besan\u00e7on,le 20 \u0178JWZL Zows;\nPour le Pr\u00e9fet de la R\u00e9gion Bourgogne-Franche-Comt\u00e9 et par d\u00e9l\u00e9gation,La Directrice R\u00e9gionale de l'Alimentation, de l'Agriculture et de la For\u00eatet par subd\u00e9l\u00e9gation,L'adjoint au Chef du Service\u00ffgional\u2014\u00ffe la For\u00eat et du Bois\nPierre LAMBARE\n/&\nDRAAF Bourgogne-Franche-Comt\u00e9 - 21-2025-02-20-00001 - Arr\u00eat\u00e9 portant approbation de l'am\u00e9nagement de la for\u00eat communale de\nBusseaut pour la p\u00e9riode 2024-2043 avec application du 2\u00b0 de l'article L122-7 du code forestier 67\nDRAAF Bourgogne-Franche-Comt\u00e9 - 21-2025-02-20-00001 - Arr\u00eat\u00e9 portant approbation de l'am\u00e9nagement de la for\u00eat communale de\nBusseaut pour la p\u00e9riode 2024-2043 avec application du 2\u00b0 de l'article L122-7 du code forestier 68\nDRAAF Bourgogne-Franche-Comt\u00e9\nService r\u00e9gional de la for\u00eat et du bois\n21-2025-02-20-00002\nArr\u00eat\u00e9 portant approbation de l'am\u00e9nagement\nde la for\u00eat communale de Coulmier-le-sec pour\nla p\u00e9riode 2025-2044 \nDRAAF Bourgogne-Franche-Comt\u00e9 - 21-2025-02-20-00002 - Arr\u00eat\u00e9 portant approbation de l'am\u00e9nagement de la for\u00eat communale de\nCoulmier-le-sec pour la p\u00e9riode 2025-2044 69\nPDIEEEIELEGION Direction r\u00e9gionale de l'alimentation,BOURGOGNE- ... de l'agriculture et de la for\u00ea'tFRANCHE-COMT\u00c9 Bourgogne-Franche-Comt\u00e9p Service r\u00e9gional de la for\u00eat et du boisFraternit\u00e9\nD\u00e9partement : C\u00d4TE-D'ORFor\u00eat communale de COULMIER-LE-SECContenance cadastrale : 645,2401 haSurface de gestion : 645,24 haR\u00e9vision du document d'am\u00e9nagement :2025-2044Arr\u00eat\u00e9 d'am\u00e9nagement n\u00b0 21- 2025- 02-10_>co00 2portant approbation du document d'am\u00e9nagement de la for\u00eat communalede Coulmier-Le-Sec pour la p\u00e9riode 2025-2044Le Pr\u00e9fet de la r\u00e9gionBOURGOGNE-FRANCHE-COMT\u00c9,Pr\u00e9fet de la C\u00f4te d'Or, Chevalier de la L\u00e9gion d'Honneur et de l'Ordre National du M\u00e9riteVU es articles L124-1,1\u00b0, L212-1, L212-2, D212-1, D212-2, R212-3, D212-5,2\u00b0, D214-15, etD214-16 du Code Forestier ;VU l'article R212-4 du Code Forestier ;VU le sch\u00e9ma r\u00e9gional d'am\u00e9nagement de la r\u00e9gion Bourgogne, arr\u00eat\u00e9 en date du 05/12/2011 ;VU l'approbation du conseil municipal de Coulmier-le-Sec en date du 20/11/2024, vis\u00e9 par laSous-pr\u00e9fecture de Montbard le 26/11/2024, donnant son accord au projet d'am\u00e9nagementforestier qui lui a \u00e9t\u00e9 pr\u00e9sent\u00e9 ;VU le d\u00e9cret n\u00b0 2004-374 du 29 avril 2004 modifi\u00e9 relatif aux pouvoirs des pr\u00e9fets, \u00e0l'organisation et \u00e0 l'action des services de l'Etat dans les r\u00e9gions et d\u00e9partements ;VU le d\u00e9cret du 10 octobre 2024 nommant M. Paul MOURIER, pr\u00e9fet de la r\u00e9gion Bourgogne-Franche-Comt\u00e9, pr\u00e9fet de la C\u00f4te-d'Or ;VU l'arr\u00eat\u00e9 pr\u00e9fectoral n\u00b0 24-296 BAG du 28 octobre 2024 portant d\u00e9l\u00e9gation de signature duPr\u00e9fet \u00e0 Madame Marie-Jeanne FOTRE \u2014 MULLER et la d\u00e9cision n\u00b024-47- DRAAF BFCdu 29 octobre 2024, portant subd\u00e9l\u00e9gation \u00e0 Monsieur Pierre LAMBARE ;SUR proposition du Directeur Territorial de l'Office National des For\u00e9ts ;SUR proposition de la Directrice R\u00e9gionale de l'Alimentation, de l'Agriculture et de la For\u00eat ;\nARR\u00caTEArticle 1\" : La for\u00eat communale de COULMIER-LE-SEC (COTE-D'OR), d'une contenance de645,24 ha, est affect\u00e9e prioritairement \u00e0 la fonction de production ligneuse et \u00e0 la fonction\u00e9cologique, tout en assurant sa fonction sociale et de protection physique, dans le cadre d'unegestion durable multifonctionnelle.Article 2 : Cette for\u00eat comprend une partie bois\u00e9e de 639,52 ha, actuellement compos\u00e9e de ch\u00eanesessile ou p\u00e9doncul\u00e9 (70%), de charme (12%), d'\u00e9rable champ\u00eatre (7%), de h\u00eatre (5%), de pinsylvestre (3%), de fruitiers (2%) et de divers autres feuillus (1%). Le reste, soit 5,72 ha, estconstitu\u00e9 de diverses emprises de routes empierr\u00e9es ou de lignes \u00e9lectriques non bois\u00e9s.\nDRAAF Bourgogne-Franche-Comt\u00e9 - 21-2025-02-20-00002 - Arr\u00eat\u00e9 portant approbation de l'am\u00e9nagement de la for\u00eat communale de\nCoulmier-le-sec pour la p\u00e9riode 2025-2044 70\nLes peuplements susceptibles de production ligneuse seront trait\u00e9s en futaie irr\u00e9guli\u00e8re dontconversion en futaie irr\u00e9guli\u00e8re sur 402,22 ha, et en futaie r\u00e9guli\u00e8re sur 223,91 ha.Les essences-objectif, qui d\u00e9terminent sur le long terme les grands choix de gestion de cespeuplements, seront majoritairement feuillues, mais aussi r\u00e9sineuses. N\u00e9anmoins, compte tenude l'incertitude actuelle sur l'\u00e9volution des changements climatiques en cours, ces choixd'essences pourront \u00eatre modul\u00e9s en cours d'application de l'am\u00e9nagement pour assurerl'adaptation du choix de chaque essence-objectif, aux \u00e9volutions des connaissances en mati\u00e8re dechangements climatiques et d'adaptation des essences \u00e0 ces changements.Article 3 : Pendant une dur\u00e9e de 20 ans (2025 \u2014 2044) :- La for\u00eat sera divis\u00e9e en douze groupes de gestion := Un groupe de r\u00e9g\u00e9n\u00e9ration, d'une contenance de 19,79 ha en sylviculture, au seinduquel 14,77 ha seront nouvellement ouverts en r\u00e9g\u00e9n\u00e9ration et 13,99 ha serontparcourus par une coupe d\u00e9finitive au cours de la p\u00e9riode ;= Un groupe de jeunesse, d'une contenance de 27,65 ha en sylviculture, qui fera l'objetdes travaux n\u00e9cessaires \u00e0 l'\u00e9ducation des peuplements et qui pourra \u00eatre parcouru parune premi\u00e8re coupe d'\u00e9claircie en fin de p\u00e9riode ;= Quatre groupes d'am\u00e9lioration, d'une contenance totale de 176,47 ha en sylviculture,qui seront parcourus par des coupes selon une rotation variant de 6 \u00e0 13 ans enfonction de la croissance des peuplements ;= Trois groupes de futaie irr\u00e9guli\u00e8re, d'une contenance de 396,50 ha en sylviculture, quiseront parcourus par des coupes visant \u00e0 se rapprocher d'une structure \u00e9quilibr\u00e9e,selon une rotation variant de 10 \u00e0 15 ans en fonction de la croissance despeuplements ;= Un groupe d'ilot de vieillissement trait\u00e9 en futaie irr\u00e9guli\u00e8re, de 5,72ha ensylviculture, qui fera l'objet d'une gestion sp\u00e9cifique, au profit de la biodiversit\u00e9 ;= Un groupe hors sylviculture en \u00e9volution naturelle d'une contenance de 15,65 ha, quisera laiss\u00e9 \u00e0 son \u00e9volution naturelle ;= Un groupe hors sylviculture, constitu\u00e9 de diverses emprises, d'une contenance de3,46 ha, qui sera laiss\u00e9 en l'\u00e9tat.- 1,1 km de route empierr\u00e9e et trois places de d\u00e9p\u00f4t seront cr\u00e9\u00e9s afin d'am\u00e9liorer la desserte;- l'Office National des For\u00eats informera r\u00e9guli\u00e8rement le Conseil Municipal de Coulmier-le-Sec de l'\u00e9tat de l'\u00e9quilibre sylvo-cyn\u00e9g\u00e9tique dans la for\u00eat entrainant la n\u00e9cessit\u00e9 de prot\u00e9ger tousles plants qui pourraient \u00eatre mis en place, et ce dernier mettra en \u0153uvre toutes les mesures n\u00e9-cessaires \u00e0 son maintien suivant la capacit\u00e9 d'accueil, et en s'assurant que le niveau des demandesde plans de chasse concernant la for\u00eat est en nette augmentation compte tenu de l'\u00e9volution despopulations de grand gibier et des d\u00e9g\u00e2ts constat\u00e9s sur les peuplements;- les mesures d\u00e9finies par les consignes nationales de gestion visant a la pr\u00e9servation de labiodiversit\u00e9 courante (notamment la conservation d'arbres isol\u00e9s a cavit\u00e9s ou s\u00e9nescents) ainsiqu'a la pr\u00e9servation des sols et des eaux de surface, seront syst\u00e9matiquement mises en \u0153uvre.Article 4 : La Directrice R\u00e9gionale de l'Alimentation, de l'Agriculture, et de la For\u00e9t, et leDirecteur Territorial de l'Office National des For\u00eats sont charg\u00e9s, chacun en ce qui le concerne,de l'ex\u00e9cution du pr\u00e9sent arr\u00eat\u00e9, qui sera publi\u00e9 au recueil des actes administratifs 'de lapr\u00e9fecture de COTE-D'OR. _Besan\u00e7on, le Zo Yeuuts 2025Pour le Pr\u00e9fet de la R\u00e9gion Bourgogne-Franche-Comt\u00e9 et par d\u00e9l\u00e9gation,La Directrice R\u00e9gionale de l'Alimentation, de l'Agriculture et de la For\u00eatet par subd\u00e9l\u00e9gation,L'adjoint au Chef du Service R\u00e9gional de la For\u00eat et du Bois\n_ Pierre LAMBAR\u00c9 \u2014\u2014\"\n\u2014\u2014\nDRAAF Bourgogne-Franche-Comt\u00e9 - 21-2025-02-20-00002 - Arr\u00eat\u00e9 portant approbation de l'am\u00e9nagement de la for\u00eat communale de\nCoulmier-le-sec pour la p\u00e9riode 2025-2044 71\nDRAAF Bourgogne-Franche-Comt\u00e9\nService r\u00e9gional de la for\u00eat et du bois\n21-2025-02-20-00004\nArr\u00eat\u00e9 portant approbation de l'am\u00e9nagement\nde la for\u00eat communale de Soirans pour la\np\u00e9riode 2024-2043 \nDRAAF Bourgogne-Franche-Comt\u00e9 - 21-2025-02-20-00004 - Arr\u00eat\u00e9 portant approbation de l'am\u00e9nagement de la for\u00eat communale de\nSoirans pour la p\u00e9riode 2024-2043 72\nPREFET _ Direction r\u00e9gionale de l'alimentation,DE LA REGION de I'agriculture et de la for\u00e9tBOURGOGNE- ;FRANCHE-COMT\u00c9 Bourgogne-Franche-Comt\u00e9Libert\u00e9 Service r\u00e9gional de la for\u00eat et du bois'galit\u00e9Fraternit\u00e9D\u00e9partement : C\u00d4TE-D'ORFor\u00eat communale de SOIRANSContenance cadastrale : 254,6282 haSurface de gestion : 254,63 haR\u00e9vision du document d'am\u00e9nagement :2024-2043Arr\u00eat\u00e9 d'am\u00e9nagement n\u00b021- 2025- \u00a9L-20 - cooolyportant approbation du document d'Am\u00e9nagement de la for\u00e9t communalede Soirans pour la p\u00e9riode 2024-2043Le Pr\u00e9fet de la r\u00e9gionBOURGOGNE-FRANCHE-COMT\u00c9,Pr\u00e9fet de la C\u00f4te d'Or, Chevalier de la L\u00e9gion d'Honneur et de l'Ordre National du M\u00e9rite\nVU les articles L124-1,1\u00b0, L212-1, L212-2, D212-1, D212-2, R212-3, D212-5,2\u00b0, D214-15, etD214-16 du Code Forestier ;VU le sch\u00e9ma r\u00e9gional d'am\u00e9nagement de la r\u00e9gion Bourgogne, arr\u00eat\u00e9 en date du 05/12/2011 ;VU la D\u00e9lib\u00e9ration du Conseil Municipal de Soirans en date du 02/10/2024, vis\u00e9 par laPr\u00e9fecture de Dijon le 9/10/2024, donnant son accord au projet d'am\u00e9nagement forestierqui lui a \u00e9t\u00e9 pr\u00e9sent\u00e9 ; 'VU le d\u00e9cret n\u00b0 2004-374 du 29 avril 2004 modifi\u00e9 relatif aux pouvoirs des pr\u00e9fets, \u00e0l'organisation et \u00e0 l'action des services de l'Etat dans les r\u00e9gions et d\u00e9partements ;VU le d\u00e9cret du 10 octobre 2024 nommant M. Paul MOURIER, pr\u00e9fet de la r\u00e9gion Bourgogne-Franche-Comt\u00e9, pr\u00e9fet de la C\u00f4te-d'Or ;VU l'arr\u00eat\u00e9 pr\u00e9fectoral n\u00b0 24-296 BAG du 28 octobre 2024 portant d\u00e9l\u00e9gation de signature duPr\u00e9fet \u00e0 Madame Marie-Jeanne FOTRE \u2014 MULLER et la d\u00e9cision n\u00b024-47- DRAAF BFCdu 29 octobre 2024, portant subd\u00e9l\u00e9gation \u00e0 Monsieur Pierre LAMBARE ;SUR proposition du Directeur Territorial de l'Office National des For\u00eats ;SUR proposition de la Directrice R\u00e9gionale de l'Alimentation, de l'Agriculture et de la For\u00eat ;ARR\u00caTEArticle 1\": La for\u00eat communale de SOIRANS (C\u00d4TE-D'OR), d'une contenance de 254,63 ha,est affect\u00e9e prioritairement \u00e0 la fonction de production ligneuse et \u00e0 la fonction \u00e9cologique, touten assurant sa fonction sociale et de protection physique, dans le cadre d'une gestion durablemultifonctionnelle.Article 2 : Cette for\u00eat comprend une partie bois\u00e9e de 252,39 ha, actuellement compos\u00e9e deCh\u00eane sessile (30%), Ch\u00eane p\u00e9doncul\u00e9 (27%), Autres feuillus (23%), Charme (20%). Le reste,soit 2,24 ha, est constitu\u00e9 des emprises de routes foresti\u00e8res.Les peuplements susceptibles de production ligneuse seront trait\u00e9s en conversion \u00e0 la Futaieirr\u00e9guli\u00e8re sur 131,9 ha et en Futaie r\u00e9guli\u00e8re et conversion sur 110,09 ha.\nDRAAF Bourgogne-Franche-Comt\u00e9 - 21-2025-02-20-00004 - Arr\u00eat\u00e9 portant approbation de l'am\u00e9nagement de la for\u00eat communale de\nSoirans pour la p\u00e9riode 2024-2043 73\nLes essences-objectif, qui d\u00e9terminent sur le long terme les grands choix de gestion de cespeuplements, seront tr\u00e9s majoritairement feuillues : prioritairement, le Ch\u00e9ne sessile et, dans unemoindre mesure, le Ch\u00e9ne p\u00e9doncul\u00e9. L'\u00e9rable sycomore et d'autres feuillus seront des essences-objectif localis\u00e9es et minoritaires sur la for\u00eat. N\u00e9anmoins, compte tenu de l'incertitude actuellesur l'\u00e9volution des changements climatiques en cours, ces choix d'essences pourront \u00eatremodul\u00e9s en cours d'application de l'am\u00e9nagement pour assurer l'adaptation du choix de chaqueessence-objectif, ou groupe d'essences-objectif, aux \u00e9volutions des connaissances en mati\u00e8re dechangements climatiques et d'adaptation des essences \u00e0 ces changements.Les autres essences seront favoris\u00e9es comme essences-objectif associ\u00e9es ou comme essencesd'accompagnement, dans la limite de leur adaptation aux conditions stationnelles futures.Article 3 : Pendant une dur\u00e9e de 20 ans (2024 \u2014 2043) :- La for\u00e9t sera divis\u00e9e en dix groupes de gestion := Un groupe de r\u00e9g\u00e9n\u00e9ration, d'une contenance de 17,97 ha en sylviculture, au seinduquel 15,25 ha seront nouvellement ouverts en r\u00e9g\u00e9n\u00e9ration, 17,67 ha serontparcourus par une coupe d\u00e9finitive au cours de la p\u00e9riode ;= Un groupe de jeunesse, d'une contenance de 17,71 ha en sylviculture, qui fera l'objetdes travaux n\u00e9cessaires \u00e0 l'\u00e9ducation des peuplements ;\u00ab Deux groupes d'am\u00e9lioration, de 70,05 ha en sylviculture, qui seront parcourus par descoupes variant de 7 a 14 ans en fonction de la croissance des peuplements ;= Un groupes de futaie irr\u00e9guli\u00e8re, de 131,90 ha en sylviculture, qui sera parcouru pardes coupes pour se rapprocher d'une structure \u00e9quilibr\u00e9e, selon une rotation de 12 ans ;= Un groupe d'\u00eelots de vieillissement trait\u00e9 en conversion \u00e0 la futaie r\u00e9guli\u00e8re, de 4,36 haen sylviculture, qui fera l'objet d'une gestion sp\u00e9cifique, au profit de la biodiversit\u00e9 ;\u00ab Un groupe d'ilots de s\u00e9nescence, d'une contenance de 7,72 ha, qui sera laiss\u00e9 \u00e0 son\u00e9volution naturelle, au profit de la biodiversit\u00e9 ;= Un groupe d'int\u00e9r\u00e9t \u00e9cologique, de 1,18 ha, qui sera laiss\u00e9 \u00e0 son \u00e9volution naturelle.\u00ab Deux groupes constitu\u00e9s des emprises de routes et de plateformes d'accueil, d'unecontenance de 3,74 ha, qui seront entretenus en l'\u00e9tat.- 315 m de route empierr\u00e9e et 2 places de retournement seront cr\u00e9\u00e9es afin d'am\u00e9liorer ladesserte du massif ;- l'Office National des For\u00eats informera r\u00e9guli\u00e8rement le Conseil Municipal de SOIRANS del'\u00e9tat de l'\u00e9quilibre sylvo-cyn\u00e9g\u00e9tique dans la for\u00eat, et ce dernier mettra en \u0153uvre toutes les me-sures n\u00e9cessaires \u00e0 son maintien suivant la capacit\u00e9 d'accueil, et en s'assurant en particulier quele niveau des demandes de plans de chasse concernant la for\u00eat est adapt\u00e9 compte tenu de l'\u00e9volu-tion des populations de grand gibier et des d\u00e9g\u00e2ts constat\u00e9s sur les peuplements ;- les mesures d\u00e9finies par les consignes nationales de gestion visant \u00e0 la pr\u00e9servation de labiodiversit\u00e9 courante (notamment la conservation d'arbres isol\u00e9s \u00e0 cavit\u00e9s ou s\u00e9nescents) ainsiqu'\u00e0 la pr\u00e9servation des sols et des eaux de surface, seront syst\u00e9matiquement mises en \u0153uvre.Article 4 : La Directrice R\u00e9gionale de l'Alimentation, de l'Agriculture, et de la For\u00eat, et leDirecteur Territorial de l'Office National des For\u00eats sont charg\u00e9s, chacun en ce qui le concerne,de l'ex\u00e9cution du pr\u00e9sent arr\u00eat\u00e9, qui sera publi\u00e9 au recueil des actes administratifs de lapr\u00e9fecture de C\u00d4TE-D'OR.Besan\u00e7on, le 2o G\u00e9vrier 2025Pour le Pr\u00e9fet de la R\u00e9gion Bourgogne-Franche-Comt\u00e9 et par d\u00e9l\u00e9gation,La Directrice R\u00e9gionale de l'Alimentation, de l'Agriculture et de la For\u00eatet par subd\u00e9l\u00e9gation,L'adjoint au Chef du Service R\u00e9gional de la For\u00eat et du Bois\nP A\n/,Pierfe LAMB\u00c2RE \u2014\u2014\nDRAAF Bourgogne-Franche-Comt\u00e9 - 21-2025-02-20-00004 - Arr\u00eat\u00e9 portant approbation de l'am\u00e9nagement de la for\u00eat communale de\nSoirans pour la p\u00e9riode 2024-2043 74\nDRAAF Bourgogne-Franche-Comt\u00e9\nService r\u00e9gional de la for\u00eat et du bois\n21-2025-02-20-00003\nArr\u00eat\u00e9 portant approbation de l'am\u00e9nagement\ndes for\u00eats communales de Nolay pour la p\u00e9riode\n2024-2043 avec application du 2\u00b0 de l'article\nL122-7 du code forestier\nDRAAF Bourgogne-Franche-Comt\u00e9 - 21-2025-02-20-00003 - Arr\u00eat\u00e9 portant approbation de l'am\u00e9nagement des for\u00eats communales de\nNolay pour la p\u00e9riode 2024-2043 avec application du 2\u00b0 de l'article L122-7 du code forestier 75\nPD'EE&LEGION Direction r\u00e9gionale de l'alimentation,BOURGOGNE- ... de l'agriculture et de la for\u00ea:cFRANCHE-COMT\u00c9 Bourgogne-Franche-Comt\u00e9e Service r\u00e9gional de la for\u00e9t et du boisFraternit\u00e9\nD\u00e9partement : COTE-D'ORFor\u00eats de NOLAYContenance cadastrale : 136,0143 haSurface de gestion : 136,01 haR\u00e9vision du document d'am\u00e9nagement :2024-2043Arr\u00eat\u00e9 d'am\u00e9nagement n\u00b0 21- 225- 02-00- 9990 5portant approbation du document d'Am\u00e9nagement des for\u00e9ts communalesde Nolay pour la p\u00e9riode 2024-2043avec application du 2\u00b0 de l'article L122-7 du code forestierLePr\u00e9fetdelar\u00e9gionBOURGOGNE-FRANCHE\u2014COMT\u00c9,Pr\u00e9fet de la C\u00f4te d'Or, Chevalier de la L\u00e9gion d'Honneur et de l'Ordre National du M\u00e9riteVU es articles L124-1,1\u00b0, L212-1, L212-2, D212-1, D212-2, R212-3, D212-5,2\u00b0, D214-15, etD214-16 du Code Forestier ;VU les articles L122-7, L122-8, R122-23 et R122-24 du Code Forestier ;VU les articles L341-1 et R341-9 du Code de l'Environnement ;VU les articles L414-4 et R414-19 du Code de l'Environnement ;VU le sch\u00e9ma r\u00e9gional d'am\u00e9nagement de la r\u00e9gion Bourgogne, arr\u00eat\u00e9 en date du 05/12/2011 ;VU la D\u00e9lib\u00e9ration en conseil municipal de la commune de Nolay en date du 6 Novembre2024, vis\u00e9e par la Pr\u00e9fecture de Dijon le 14 Novembre 2024, donnant son accord au projetd'am\u00e9nagement forestier qui lui a \u00e9t\u00e9 pr\u00e9sent\u00e9, et demandant le b\u00e9n\u00e9fice des articles L122-7 et L122-8 du code forestier au titre de la r\u00e9glementation de Natura 2000 ;VU le d\u00e9cret n\u00b0 2004-374 du 29 avril 2004 modifi\u00e9 relatif aux pouvoirs des pr\u00e9fets, \u00e0l'organisation et \u00e0 l'action des services de l'Etat dans les r\u00e9gions et d\u00e9partements ;VU le d\u00e9cret du 10 octobre 2024 nommant M. Paul MOURIER, pr\u00e9fet de la r\u00e9gion Bourgogne-Franche-Comt\u00e9, pr\u00e9fet de la C\u00f4te-d'Or ;VU l'arr\u00eat\u00e9 pr\u00e9fectoral n\u00b0 24-296 BAG du 28 octobre 2024 portant d\u00e9l\u00e9gation de signature duPr\u00e9fet \u00e0 Madame Marie-Jeanne FOTRE \u2014 MULLER et la d\u00e9cision n\u00b024-f17- DRAAF BFCdu 29 octobre 2024, portant subd\u00e9l\u00e9gation \u00e0 Monsieur Pierre LAMBARE ;SUR proposition du Directeur Territorial de l'Office National des For\u00eats ;SUR proposition de la Directrice R\u00e9gionale de l'Alimentation, de l'Agriculture et de la For\u00eat ;\nARR\u00caTEArticle 1\" : Les for\u00eats de NOLAY (C\u00d4TE-D'OR), d'une contenance de 136,01 ha, sont affect\u00e9esprioritairement \u00e0 la fonction de production ligneuse et \u00e0 la fonction \u00e9cologique, tout en assurantsa fonction sociale et de protection physique, dans le cadre d'une gestion durablemultifonctionnelle.\nDRAAF Bourgogne-Franche-Comt\u00e9 - 21-2025-02-20-00003 - Arr\u00eat\u00e9 portant approbation de l'am\u00e9nagement des for\u00eats communales de\nNolay pour la p\u00e9riode 2024-2043 avec application du 2\u00b0 de l'article L122-7 du code forestier 76\nArticle 2 : Cette for\u00e9t comprend une partie bois\u00e9e de 129,10 ha, actuellement compos\u00e9e deCh\u00eane sessile (78%), d'Autres Feuillus (9%), de Ch\u00e9ne sessile ou p\u00e9doncul\u00e9 (8%), de Fr\u00eane(2%), de Ch\u00eane rouge (1%), de Douglas (1%), et de H\u00eatre (1%). Le reste, soit 6,91 ha, estconstitu\u00e9 d'espaces non bois\u00e9s.Les peuplements susceptibles de production ligneuse seront trait\u00e9s en conversion en futaieirr\u00e9guli\u00e8re sur 112,37 ha, et en Futaie r\u00e9guli\u00e8re dont la conversion en futaie r\u00e9guli\u00e8re sur 14,96ha.En dehors des surfaces consacr\u00e9es aux tests en gestion, les essences-objectif, qui d\u00e9terminent surle long terme les grands choix de gestion de ces peuplements, seront tr\u00e8s majoritairementfeuillues: prioritairement, le Ch\u00eane sessile et, dans une moindre mesure, le Ch\u00eane rouge, leCormier, le Merisier, les Erables, le Ch\u00eane pubescent.... Les essences-objectif r\u00e9sineusesresteront localis\u00e9es et tr\u00e8s minoritaires sur la for\u00eat : C\u00e8dre de l'Atlas, IPin maritime. N\u00e9anmoins,compte tenu de l'incertitude actuelle sur l'\u00e9volution des changements climatiques en cours, ceschoix d'essences pourront \u00eatre modul\u00e9s en cours d'application de l'am\u00e9nagement pour assurerl'adaptation du choix de chaque essence-objectif, ou groupe d'essences-objectif, aux \u00e9volutionsdes connaissances en mati\u00e8re de changements climatiques et d'adaptation des essences \u00e0 ceschangements.Sur les surfaces consacr\u00e9es aux tests en gestion pour l'adaptation des essences aux changementsclimatiques, les essences-objectif seront choisies au moment de la mise en \u0153uvre de cesplantations parmi un panel d'essences adapt\u00e9es au vu des connaissances actualis\u00e9es sur leschangements climatiques et sur le comportement de ces essences.Les autres essences seront favoris\u00e9es comme essences d'accompagnement, dans la limite de leuradaptation aux conditions stationnelles futures.Article 3 : Pendant une dur\u00e9e de 20 ans (2024 \u2014 2043) :- La for\u00eat sera divis\u00e9e en sept groupes de gestion := Un groupe de r\u00e9g\u00e9n\u00e9ration, d'une contenance de 2,90 ha en sylviculture, qui serontnouvellement ouverts en r\u00e9g\u00e9n\u00e9ration et parcourus par une coupe d\u00e9finitive au coursde la p\u00e9riode ;= Un groupe d'am\u00e9lioration, d'une contenance totale de 12,07 ha en sylviculture, quisera parcouru par des coupes selon une rotation variant de 8 \u00e0 10 ans en fonction de lacroissance des peuplements ;\u00ab Trois groupes de futaie irr\u00e9guli\u00e8re, d'une contenance de 112,36 ha en sylviculture, quiseront parcourus par des coupes visant \u00e0 se rapprocher d'une structure \u00e9quilibr\u00e9e,selon une rotation de variant de 10 \u00e0 15 ans en fonction de la croissance despeuplements ;= Un groupe d'int\u00e9r\u00e9t \u00e9cologique g\u00e9n\u00e9ral d'une contenance de 2,76 ha, qui sera laiss\u00e9 \u00e0son \u00e9volution naturelle ;= Un groupe constitu\u00e9 d'espaces non bois\u00e9s, d'une contenance de 5,92 ha, qui sera laiss\u00e9en l'\u00e9tat.- 0,2 km de piste et 1 place de retournement seront cr\u00e9\u00e9s afin d'am\u00e9liorer la desserte dumassif ;- l'Office National des For\u00eats informera r\u00e9guli\u00e8rement le Conseil Municipal de NOLAY del'\u00e9tat de d\u00e9s\u00e9quilibre sylvo-cyn\u00e9g\u00e9tique dans la for\u00eat entrainant la n\u00e9cessit\u00e9 de prot\u00e9ger tous lesplants qui pourraient \u00eatre mis en place, et ce dernier mettra en \u0153uvre toutes les mesures n\u00e9ces-saires \u00e0 son r\u00e9tablissement suivant la capacit\u00e9 d'accueil, et en s'assurant en particulier que le ni-veau des demandes de plans de chasse concernant la for\u00eat est adapt\u00e9 compte tenu de l'\u00e9volutiondes populations de grand gibier et des d\u00e9g\u00e2ts constat\u00e9s sur les peuplements;- les mesures d\u00e9finies par les consignes nationales de gestion visant \u00e0 la pr\u00e9servation de labiodiversit\u00e9 courante (notamment la conservation d'arbres isol\u00e9s \u00e0 cavit\u00e9s, morts, ou s\u00e9nescents)\nDRAAF Bourgogne-Franche-Comt\u00e9 - 21-2025-02-20-00003 - Arr\u00eat\u00e9 portant approbation de l'am\u00e9nagement des for\u00eats communales de\nNolay pour la p\u00e9riode 2024-2043 avec application du 2\u00b0 de l'article L122-7 du code forestier 77\nainsi qu'a la pr\u00e9servation des sols et des eaux de surface, seront syst\u00e9matiquement mises en\u0153uvre.\nArticle4: Le document d'am\u00e9nagement de la for\u00eat communale de NOLAY, pr\u00e9sentement arr\u00eat\u00e9,est approuv\u00e9 par application du 2\u00b0 de l'article L122-7 du code forestier, pour le programme decoupes et de travaux sylvicoles, au titre :- de la r\u00e9glementation propre \u00e0 Natura 2000 relative \u00e0 la ZSC FR2600973 \u00ab Les habitatsnaturels de l'Arri\u00e8re C\u00f4te de Beaune \u00bb, instaur\u00e9e au titre de la Directive europ\u00e9enne\u00ab Habitats naturels \u00bb et \u00e0 la ZPS FR2612001 \u00ab Arri\u00e8re C\u00f4te de Dijon et de Beaune \u00bb,instaur\u00e9e au titre de la Directive europ\u00e9enne \u00ab Oiseaux \u00bb ; consid\u00e9rant que la for\u00eat est situ\u00e9epour 2% de sa surface dans les sites NATURA 2000.Article 5 : La Directrice R\u00e9gionale de l'Alimentation, de l'Agriculture, et de la For\u00eat, et leDirecteur Territorial de l'Office National des For\u00eats sont charg\u00e9s, chacun en ce qui le concerne,de l'ex\u00e9cution du pr\u00e9sent arr\u00eat\u00e9, qui sera publi\u00e9 au recueil des actes administratifs de lapr\u00e9fecture de C\u00d4TE-D'OR.Besan\u00e7on, le 2 \u00e2\u00e8'fli\u00eb& LozsPour le Pr\u00e9fet de la R\u00e9gion Bourgogne-Franche-Comt\u00e9 et par d\u00e9l\u00e9gation,La Directrice R\u00e9gionale de l'Alimentation, de l'Agriculture et de la For\u00eatet par subd\u00e9l\u00e9gation,L'adjoint au Chef du Servicege;gi)onal de la For\u00e9t et du Bois\nL\n\" Pierre LAMBAR\u00c9e\nDRAAF Bourgogne-Franche-Comt\u00e9 - 21-2025-02-20-00003 - Arr\u00eat\u00e9 portant approbation de l'am\u00e9nagement des for\u00eats communales de\nNolay pour la p\u00e9riode 2024-2043 avec application du 2\u00b0 de l'article L122-7 du code forestier 78\nDRAAF Bourgogne-Franche-Comt\u00e9 - 21-2025-02-20-00003 - Arr\u00eat\u00e9 portant approbation de l'am\u00e9nagement des for\u00eats communales de\nNolay pour la p\u00e9riode 2024-2043 avec application du 2\u00b0 de l'article L122-7 du code forestier 79\nDRFiP Bourgogne Franche-Comt\u00e9\n21-2025-02-03-00004\nDRFIP 21 - d\u00e9l\u00e9gation sp\u00e9ciale de signature pour\nles missions rattach\u00e9es 03.02.2025\nDRFiP Bourgogne Franche-Comt\u00e9 - 21-2025-02-03-00004 - DRFIP 21 - d\u00e9l\u00e9gation sp\u00e9ciale de signature pour les missions rattach\u00e9es\n03.02.2025 80\nREPUBLIQUEFRANCAISELibert\u00e9\u00c9galit\u00e9Fraternit\u00e9\nTFINANCES PUBLIQUES\nDIRECTION G\u00c9N\u00c9RALE DES FINANCES PUBLIQUES \nDIRECTION R\u00c9GIONALE DES FINANCES PUBLIQUES DE BOURGOGNE-\nFRANCHE-COMT\u00c9 ET DU DEPARTEMENT DE LA COTE D'OR\nD\u00e9cision de d\u00e9l\u00e9gation sp\u00e9ciale de signature pour les missions rattach\u00e9es \nL'administratrice g\u00e9n\u00e9rale des finances publiques,\ndirectrice r\u00e9gionale des finances publiques de Bourgogne-Franche-Comt\u00e9 et du\nd\u00e9partement de la C\u00f4te-d'Or\nVU le d\u00e9cret n\u00b0 2008-309 du 3 avril 2008 portant dispositions transitoires relatives\n\u00e0 la direction g\u00e9n\u00e9rale des finances publiques ;\nVU le d\u00e9cret n\u00b02008-310 du 3 avril 2008 relatif \u00e0 la direction g\u00e9n\u00e9rale des finances\npubliques ;\nVU le  d\u00e9cret  n\u00b02009-208  du  20  f\u00e9vrier  2009  relatif  au  statut  particulier  des\nadministrateurs des finances publiques ;\nVU le d\u00e9cret n\u00b02009-707 du 16 juin 2009 relatif aux services d\u00e9concentr\u00e9s de la\nDirection g\u00e9n\u00e9rale des finances publiques ;\nVU le d\u00e9cret n\u00b0 2012-1246 du 7 novembre 2012 relatif \u00e0 la gestion budg\u00e9taire et\ncomptable publique ;\nVU l'arr\u00eat\u00e9 du 18 juin 2009, portant cr\u00e9ation de la direction r\u00e9gionale des finances\npubliques de la r\u00e9gion Bourgogne et du d\u00e9partement de la C\u00f4te-d'Or ;\nVU le  d\u00e9cret  du  5  d\u00e9cembre  2022  portant  nomination  de  Mme  H\u00e9l\u00e8ne\nCROCQUEVIEILLE, administratrice g\u00e9n\u00e9rale des finances publiques, en qualit\u00e9 de directrice\nr\u00e9gionale des finances publiques de Bourgogne-Franche-Comt\u00e9 et du d\u00e9partement de la C\u00f4te-\nd'Or ;\nVU la d\u00e9cision du directeur g\u00e9n\u00e9ral des finances publiques en date du 5 d\u00e9cembre\n2022 fixant au 20 d\u00e9cembre 2022 la date d'installation  de Mme H\u00e9l\u00e8ne CROCQUEVIEILLE\ndans les fonctions  de directrice r\u00e9gionale  des finances publiques  de Bourgogne-Franche-\nComt\u00e9 et du d\u00e9partement de la C\u00f4te-d'Or ;\nDECIDE:\nArticle 1 : D\u00e9l\u00e9gation sp\u00e9ciale de signature pour signer les pi\u00e8ces ou documents relatifs aux\nattributions de leur mission, avec facult\u00e9 pour chacun d'eux d'agir s\u00e9par\u00e9ment et sur sa seule\nDRFiP Bourgogne Franche-Comt\u00e9 - 21-2025-02-03-00004 - DRFIP 21 - d\u00e9l\u00e9gation sp\u00e9ciale de signature pour les missions rattach\u00e9es\n03.02.2025 81\nsiS\"\u00e9\nsignature, l'\u00e9nonciation des pouvoirs ainsi conf\u00e9r\u00e9s \u00e9tant limitative, est donn\u00e9e \u00e0 : \n1. Pour la mission d\u00e9partementale risques et audit: \nMme Val\u00e9rie HENRY , administratrice des finances publiques , responsable de la\nmission d\u00e9partementale risques et audit, re\u00e7oit d\u00e9l\u00e9gation pour signer les affaires\nrelevant de son secteur d'activit\u00e9.\nMme  Catherine  ROUF  et  M.  Christophe  GOUDOT,  inspecteurs  des  finances\npubliques,  re\u00e7oivent  d\u00e9l\u00e9gation  de  signature  pour  ce  qui  concerne  leur  secteur\nd'activit\u00e9 et pour signer tous accus\u00e9s de r\u00e9ception, documents courants, attestations et\nd\u00e9clarations relatifs \u00e0 la cellule qualit\u00e9 comptable.\nMM Arnaud SCHALBAR et Olivier GARAMPON,  inspecteurs principaux des\nfinances  publiques re\u00e7oivent  d\u00e9l\u00e9gation  pour  signer  tous  accus\u00e9s  de  r\u00e9ception,\ntransmission de documents, attestations et d\u00e9clarations relatifs \u00e0 l'audit.\n2.  Pour  la  division  Strat\u00e9gie  Immobili\u00e8re  de  l'\u00c9tat  du  P\u00f4le  R\u00e9gional  de\nl'Immobilier de  l'\u00c9tat : \nM.  Jean-Luc  GRANDJACQUET,  administrateur  de  l'\u00c9tat,  responsable  de  la\npolitique immobili\u00e8re de l'\u00c9tat, re\u00e7oit d\u00e9l\u00e9gation pour signer les affaires relevant de\nce secteur d'activit\u00e9.\nM.  Robin  GRANGE,  ing\u00e9nieur  divisionnaire  des  travaux  publics  de  l'\u00c9tat,  M.\nEmmanuel FISCH, ing\u00e9nieur principal territorial en position de d\u00e9tachement, et M.\nVal\u00e9ry JEANNIN, administrateur des finances publiques adjoint, responsable de la\ndivision Gestion et Valorisation, re\u00e7oivent la m\u00eame d\u00e9l\u00e9gation en cas d'emp\u00eachement\nou d'absence de M. GRANDJACQUET.\nArticle  2 :  La  pr\u00e9sente  d\u00e9cision  sera  publi\u00e9e  au  recueil  des  actes  administratifs  du\nd\u00e9partement de la C\u00f4te-d'Or.\nFait \u00e0 Dijon, le 3 f\u00e9vrier 2025\nH\u00e9l\u00e8ne CROCQUEVIEILLE\nDRFiP Bourgogne Franche-Comt\u00e9 - 21-2025-02-03-00004 - DRFIP 21 - d\u00e9l\u00e9gation sp\u00e9ciale de signature pour les missions rattach\u00e9es\n03.02.2025 82\nMaison d'arr\u00eat de Dijon\n21-2025-02-06-00002\n2025\nMaison d'arr\u00eat de Dijon - 21-2025-02-06-00002 - 2025 83\nREPUBLIQUE FRANCAISE\nMinist\u00e8re de la justice\nArr\u00eat\u00e9 du 07/02/2025Portant nomination des m\u00e9mbres au comit\u00e9 social d'administration sp\u00e9cial de la Maison d'arr\u00eatde Dijon\nLe chef d'\u00e9tablissement,Vu le code g\u00e9n\u00e9ral de la fonction publique ;Vu le' d\u00e9cret n\u00b02020-1427 du 20 novembre 2020 modifi\u00e9 relatif aux comit\u00e9s sociauxd'administration dans les administrations et les \u00e9tablissements publics de l'\u00c9tat :Vu l'arr\u00eat\u00e9 du 25 avril 2022 modifi\u00e9 portant cr\u00e9ation des comit\u00e9s sociaux d'administrationrelevant du minist\u00e8re de la justice ;Vu l'arr\u00eat\u00e9 du 20 juin 2022 relatif au mode de d\u00e9signation des repr\u00e9sentants du personnelaux instances de dialogue social relevant du minist\u00e8re de la justice :Vu l'arr\u00eat\u00e9 du 16 d\u00e9cembre 2022 fixant la liste des organisations syndicales habilit\u00e9es \u00e0d\u00e9signer des repr\u00e9sentants du personnel au sein des comit\u00e9s sociaux d'administrationsp\u00e9cidux institu\u00e9s dans les \u00e9tablissements et services du ressort de la directioninterr\u00e9gionale des services p\u00e9nitentiaires de Dijon et le nombre de si\u00e8ges attribu\u00e9 \u00e0 chacuned'elles,\nArr\u00eat\u00e9 :Article 1Sont nomm\u00e9s repr\u00e9sentant du personnel au comit\u00e9 social d'administration sp\u00e9cial de la Maisond'arr\u00eat de Dijon les personnes suivantes :\nORGANISATINS .SYNDICALES MEMBRE (S) TITULAIRE (S) MEMBRE (S) SUPPL\u00c9ANT (S)THEVENIN S\u00e9bastien BOURICE RodolpheUFAP SKUBALA Ludovic MOMPELAT MarcRIAHI Mouez PEREZ St\u00e9phaneFO ; POLLONNI Pierre PFERSCH Sabrina\nMaison d'arr\u00eat de Dijon - 21-2025-02-06-00002 - 2025 84\nArticleLes membres titulaires et suppl\u00e9ants sont nomm\u00e9s pour un mandat de quatre ans.\nArticle 1Le chef d'\u00e9tablissement de la Maison d'arr\u00eat de Dijon est charg\u00e9 de l'application du pr\u00e9sentarr\u00eat\u00e9, qui sera publi\u00e9 au recueil des actes administratifs de la pr\u00e9fecture de C\u00f4te d'Or et de lapr\u00e9fecture de R\u00e9gion Bourgogne Franche-Comt\u00e9.\nFait le 06 f\u00e9vrier 2025,\nLe chef d'\u00e9tablissement,\nSign\u00e9 ; ( ;GARROUCHE Azdineroixsement\nM. J\u00e9r\u00f4me CHAREYRON\nMaison d'arr\u00eat de Dijon - 21-2025-02-06-00002 - 2025 85\nPr\u00e9fecture de la C\u00f4te-d'Or\nDirection de la coordination, des politiques\npubliques et de l'appui territorial\n21-2025-02-18-00002\nArr\u00eat\u00e9 pr\u00e9fectoral n\u00b0294 du 18 f\u00e9vrier 2025\nportant habilitation de la SARL ACTION COM\nDEVELOPPEMENT en application de l'article\nR.752-6-3 du code du commerce pour la\nr\u00e9alisation de l'analyse d'impact des projets\nd'am\u00e9nagement commercial\nPr\u00e9fecture de la C\u00f4te-d'Or - 21-2025-02-18-00002 - Arr\u00eat\u00e9 pr\u00e9fectoral n\u00b0294 du 18 f\u00e9vrier 2025 portant habilitation de la SARL ACTION\nCOM DEVELOPPEMENT en application de l'article R.752-6-3 du code du commerce pour la r\u00e9alisation de l'analyse d'impact des\nprojets d'am\u00e9nagement commercial\n86\nExPREFETDE LACOTE-D'ORLibert\u00e9Egalit\u00e9Fraternit\u00e9\nDIRECTION DE LA COORDINATION DES POLITIQUES\nPUBLIQUES ET DE L'APPUI TERRITORIAL\nP\u00f4le Environnement et Urbanisme\nArr\u00eat\u00e9 pr\u00e9fectoral n\u00b0 294 du 18 f\u00e9vrier 2025\nportant habilitation de la SARL ACTION COM DEVELOPPEMENT en application de l'article \nR.752-6-3 du code du commerce pour la r\u00e9alisation de l'analyse d'impact des projets \nd'am\u00e9nagement commercial\nHabilitation n\u00b0 HAI-21-51-2025-02-18\nPr\u00e9fet de la C\u00f4te-d'Or\nVU le Code du Commerce, notamment les articles L752-6-III et R752-6-1 \u00e0 R752-6-3 ; \nVU la  loi  n\u00b0  2018-1021  du  23  novembre  2018  portant  \u00e9volution  du  logement,  de \nl'am\u00e9nagement et du num\u00e9rique, notamment son titre IV - article 163 ;\nVU le d\u00e9cret n\u00b0 2019-331 du 17 avril 2019 relatif \u00e0 la composition et au fonctionnement  \ndes  commissions  d\u00e9partementales  d'am\u00e9nagement  commercial  et  aux  demandes \nd'autorisation d'exploitation commerciale ;\nVU l'arr\u00eat\u00e9  minist\u00e9riel  du  19  juin  2019  modifi\u00e9  fixant  le  contenu  du  formulaire  de \ndemande d'habilitation pour r\u00e9aliser l'analyse d'impact mentionn\u00e9e au III de l'article  \nL.752-6 du code du commerce ;\nVU l'arr\u00eat\u00e9  pr\u00e9fectoral  du  16  avril  2020  habilitant  la  SARL  ACTION  COM  \nDEVELOPPEMENT pour la r\u00e9alisation de l'analyse d'impact des projets d'am\u00e9nagement  \ncommercial pour une dur\u00e9e de 5 ans ;\nVU la demande d'habilitation formul\u00e9e par la SARL ACTION COM DEVELOPPEMENT, 47-\n49 rue des Vieux Greniers \u2013 BP 60 151 \u2013 49301 CHOLET Cedex, repr\u00e9sent\u00e9e par M.  \nBernard GONZALES, pr\u00e9sident directeur g\u00e9n\u00e9ral, re\u00e7ue le 13 janvier 2025, pour r\u00e9aliser  \nl'analyse d'impact des dossiers de demande d'autorisation d'exploitation commerciale  \ndu d\u00e9partement de la C\u00f4te-d'Or ;\nVU le dossier produit \u00e0 l'appui de la demande susvis\u00e9e et les justificatifs joints ;\nCONSIDERANT que les extraits de casier judiciaire (bulletin n\u00b0 3) du repr\u00e9sentant l\u00e9gal  \net  des  salari\u00e9s  de  la  soci\u00e9t\u00e9  susvis\u00e9e  charg\u00e9s  de  r\u00e9aliser  les  analyses  d'impact  sont \nvierges ;\nCONSIDERANT  que les personnes mentionn\u00e9es dans la demande d'habilitation, par  \nlaquelle ou sous la responsabilit\u00e9 de laquelle seront r\u00e9alis\u00e9es les analyses d'impact sont  \ntitulaires des dipl\u00f4mes requis ;\n1/3\nPr\u00e9fecture de la C\u00f4te-d'Or - 21-2025-02-18-00002 - Arr\u00eat\u00e9 pr\u00e9fectoral n\u00b0294 du 18 f\u00e9vrier 2025 portant habilitation de la SARL ACTION\nCOM DEVELOPPEMENT en application de l'article R.752-6-3 du code du commerce pour la r\u00e9alisation de l'analyse d'impact des\nprojets d'am\u00e9nagement commercial\n87\nCONSIDERANT que la soci\u00e9t\u00e9 ACTION COM DEVELOPPEMENT dispose des moyens et  \noutils  de  collecte  et  d'analyse  des  informations  relatives  aux  effets  d'un  projet \ncommercial  sur  l'animation  et  le  d\u00e9veloppement  \u00e9conomique  des  centres-villes  des \ncommunes de la zone de chalandise et sur l'emploi \u00e0 l'\u00e9chelle de cette m\u00eame zone ;\nCONSIDERANT que le pr\u00e9c\u00e9dent arr\u00eat\u00e9 pr\u00e9fectoral d'habilitation du 16 avril 2020 sus-\nvis\u00e9 est valable jusqu'au 16 avril 2025 ;\nSUR proposition de Monsieur le secr\u00e9taire g\u00e9n\u00e9ral de la Pr\u00e9fecture de la C\u00f4te-d'Or ;\nA R R E T E\nArticle 1er : La soci\u00e9t\u00e9 ACTION COM DEVELOPPEMENT sise 47-49 rue des Vieux Greniers \n\u2013 BP 60 151 \u2013 49301 CHOLET Cedex, est habilit\u00e9e \u00e0 r\u00e9aliser les analyses d'impact pr\u00e9vues  \nau  III  de  l'article  L.752-6  du  code  du  commerce,  pour  les  projets  d'am\u00e9nagement \ncommerciaux situ\u00e9s dans le d\u00e9partement de la C\u00f4te-d'Or.\nArticle 2 : La pr\u00e9sente habilitation est accord\u00e9e pour une dur\u00e9e de cinq ans, \u00e0 compter  \ndu 16 avril 2025, sans renouvellement tacite. \nArticle 3  : En application du code de justice administrative et notamment des articles R.  \n421-1 et R. 421-5, le pr\u00e9sent arr\u00eat\u00e9 peut, dans un d\u00e9lai de deux mois \u00e0 compter de sa  \npublication, faire l'objet :- soit d'un recours gracieux, adress\u00e9 \u00e0 Monsieur le Pr\u00e9fet de C\u00f4te-\nd'Or, 53, rue de la Pr\u00e9fecture \u2013 21041 Dijon Cedex ;- soit d'un recours hi\u00e9rarchique, adress\u00e9  \n\u00e0 Monsieur le Ministre de l'Int\u00e9rieur, Place Beauvau \u2013 75008 Paris Cedex 08  ;- soit d'un  \nrecours contentieux, en saisissant le Tribunal administratif de Dijon, 22, rue d'Assas \u2013 21000 \nDijon ou t\u00e9l\u00e9recours citoyen.\nLes recours doivent \u00eatre adress\u00e9s par lettre recommand\u00e9e avec accus\u00e9 de r\u00e9ception.\nArticle  4  :  M.  le  secr\u00e9taire  g\u00e9n\u00e9ral  de  la  pr\u00e9fecture  de  la  C\u00f4te-d'Or  est  charg\u00e9  de \nl'ex\u00e9cution du pr\u00e9sent arr\u00eat\u00e9, qui sera publi\u00e9 au recueil des actes administratifs de la  \npr\u00e9fecture  de  la  C\u00f4te-d'Or  et  notifi\u00e9  \u00e0  M.  Bernard  GONZALES,  pr\u00e9sident  directeur \ng\u00e9n\u00e9ral.\nFait \u00e0 Dijon,\nLE PREFET,\nPour le pr\u00e9fet et par d\u00e9l\u00e9gation\nLe secr\u00e9taire g\u00e9n\u00e9ral\nSign\u00e9\nDenis BRUEL\n2/3\nPr\u00e9fecture de la C\u00f4te-d'Or - 21-2025-02-18-00002 - Arr\u00eat\u00e9 pr\u00e9fectoral n\u00b0294 du 18 f\u00e9vrier 2025 portant habilitation de la SARL ACTION\nCOM DEVELOPPEMENT en application de l'article R.752-6-3 du code du commerce pour la r\u00e9alisation de l'analyse d'impact des\nprojets d'am\u00e9nagement commercial\n88\n3/3\nPr\u00e9fecture de la C\u00f4te-d'Or - 21-2025-02-18-00002 - Arr\u00eat\u00e9 pr\u00e9fectoral n\u00b0294 du 18 f\u00e9vrier 2025 portant habilitation de la SARL ACTION\nCOM DEVELOPPEMENT en application de l'article R.752-6-3 du code du commerce pour la r\u00e9alisation de l'analyse d'impact des\nprojets d'am\u00e9nagement commercial\n89\nPr\u00e9fecture de la C\u00f4te-d'Or\nDirection de la coordination, des politiques\npubliques et de l'appui territorial\n21-2025-02-18-00003\nArr\u00eat\u00e9 pr\u00e9fectoral n\u00b0295 portant habilitation de\nla SARL NOUVEAU TERRITOIRE en application de\nl'article R.752-6-3 du code du commerce pour la\nr\u00e9alisation de l'analyse d'impact des projets\nd'am\u00e9nagement commercial\nPr\u00e9fecture de la C\u00f4te-d'Or - 21-2025-02-18-00003 - Arr\u00eat\u00e9 pr\u00e9fectoral n\u00b0295 portant habilitation de la SARL NOUVEAU TERRITOIRE en\napplication de l'article R.752-6-3 du code du commerce pour la r\u00e9alisation de l'analyse d'impact des projets d'am\u00e9nagement\ncommercial\n90\nExPREFETDE LACOTE-D'ORLibert\u00e9Egalit\u00e9Fraternit\u00e9\nDIRECTION DE LA COORDINATION DES POLITIQUES\nPUBLIQUES ET DE L'APPUI TERRITORIAL\nP\u00f4le Environnement et Urbanisme\nArr\u00eat\u00e9 pr\u00e9fectoral n\u00b0 295 du 18 f\u00e9vrier 2025\nportant habilitation de la SARL NOUVEAU TERRITOIRE en application de l'article R.752-6-3 \ndu code du commerce pour la r\u00e9alisation de l'analyse d'impact des projets d'am\u00e9nagement \ncommercial\nHabilitation n\u00b0 HAI-21-52-2025-02-25\nPr\u00e9fet de la C\u00f4te-d'Or\nVU le Code du Commerce, notamment les articles L752-6-III et R752-6-1 \u00e0 R752-6-3 ; \nVU la  loi  n\u00b0  2018-1021  du  23  novembre  2018  portant  \u00e9volution  du  logement,  de \nl'am\u00e9nagement et du num\u00e9rique, notamment son titre IV - article 163 ;\nVU le d\u00e9cret n\u00b0 2019-331 du 17 avril 2019 relatif \u00e0 la composition et au fonctionnement  \ndes  commissions  d\u00e9partementales  d'am\u00e9nagement  commercial  et  aux  demandes \nd'autorisation d'exploitation commerciale ;\nVU l'arr\u00eat\u00e9  minist\u00e9riel  du  19  juin  2019  modifi\u00e9  fixant  le  contenu  du  formulaire  de \ndemande d'habilitation pour r\u00e9aliser l'analyse d'impact mentionn\u00e9e au III de l'article  \nL.752-6 du code du commerce ;\nVU l'arr\u00eat\u00e9 pr\u00e9fectoral du 20 janvier 2020 habilitant la SARL NOUVEAU TERRITOIRE pour \nla r\u00e9alisation de l'analyse d'impact des projets d'am\u00e9nagement commercial pour une  \ndur\u00e9e de 5 ans ;\nVU la demande d'habilitation formul\u00e9e par la SARL NOUVEAU TERRITOIRE, 9 place de la \nPr\u00e9fecture \u2013 62000 ARRAS repr\u00e9sent\u00e9e par M. S\u00e9bastien DELATTRE, g\u00e9rant, re\u00e7ue le 22  \njanvier 2025, pour r\u00e9aliser l'analyse d'impact des dossiers de demande d'autorisation  \nd'exploitation commerciale du d\u00e9partement de la C\u00f4te-d'Or ;\nVU le dossier produit \u00e0 l'appui de la demande susvis\u00e9e et les justificatifs joints ;\nCONSIDERANT que les extraits de casier judiciaire (bulletin n\u00b0 3) des repr\u00e9sentants  \nl\u00e9gaux et des salari\u00e9s de la soci\u00e9t\u00e9 susvis\u00e9e charg\u00e9s de r\u00e9aliser les analyses d'impact sont \nvierges ;\nCONSIDERANT  que les personnes mentionn\u00e9es dans la demande d'habilitation, par  \nlaquelle ou sous la responsabilit\u00e9 de laquelle seront r\u00e9alis\u00e9es les analyses d'impact sont  \ntitulaires des dipl\u00f4mes requis ;\n1/2\nPr\u00e9fecture de la C\u00f4te-d'Or - 21-2025-02-18-00003 - Arr\u00eat\u00e9 pr\u00e9fectoral n\u00b0295 portant habilitation de la SARL NOUVEAU TERRITOIRE en\napplication de l'article R.752-6-3 du code du commerce pour la r\u00e9alisation de l'analyse d'impact des projets d'am\u00e9nagement\ncommercial\n91\nCONSIDERANT que la soci\u00e9t\u00e9 NOUVEAU TERRITOIRE dispose des moyens et outils de  \ncollecte et d'analyse des informations relatives aux effets d'un projet commercial sur  \nl'animation et le d\u00e9veloppement \u00e9conomique des centres-villes des communes de la  \nzone de chalandise et sur l'emploi \u00e0 l'\u00e9chelle de cette m\u00eame zone ;\nCONSIDERANT  que le pr\u00e9c\u00e9dent arr\u00eat\u00e9 pr\u00e9fectoral d'habilitation du 20 janvier 2020  \nsus-vis\u00e9 est valable jusqu'au 20 janvier 2025 ;\nSUR proposition de Monsieur le secr\u00e9taire g\u00e9n\u00e9ral de la Pr\u00e9fecture de la C\u00f4te-d'Or ;\nA R R E T E\nArticle 1er  : La soci\u00e9t\u00e9 NOUVEAU TERRITOIRE sise 9 place de la Pr\u00e9fecture \u2013 62000  \nARRAS, est habilit\u00e9e \u00e0 r\u00e9aliser les analyses d'impact pr\u00e9vues au III de l'article L.752-6 du  \ncode  du  commerce,  pour  les  projets  d'am\u00e9nagement  commerciaux  situ\u00e9s  dans  le \nd\u00e9partement de la C\u00f4te-d'Or.\nArticle 2 : La pr\u00e9sente habilitation est accord\u00e9e pour une dur\u00e9e de cinq ans, \u00e0 compter  \nde ce jour, sans renouvellement tacite. \nArticle 3  : En application du code de justice administrative et notamment des articles R.  \n421-1 et R. 421-5, le pr\u00e9sent arr\u00eat\u00e9 peut, dans un d\u00e9lai de deux mois \u00e0 compter de sa  \npublication, faire l'objet :- soit d'un recours gracieux, adress\u00e9e \u00e0 Monsieur le Pr\u00e9fet de C\u00f4te-\nd'Or, 53, rue de la Pr\u00e9fecture \u2013 21041 Dijon Cedex ;- soit d'un recours hi\u00e9rarchique, adress\u00e9  \n\u00e0 Monsieur le Ministre de l'Int\u00e9rieur, Place Beauvau \u2013 75008 Paris Cedex 08  ;- soit d'un  \nrecours contentieux, en saisissant le Tribunal administratif de Dijon, 22, rue d'Assas \u2013 21000 \nDijon ou t\u00e9l\u00e9recours citoyen.\nLes recours doivent \u00eatre adress\u00e9s par lettre recommand\u00e9e avec accus\u00e9 de r\u00e9ception.\nArticle  4  :  M.  le  secr\u00e9taire  g\u00e9n\u00e9ral  de  la  pr\u00e9fecture  de  la  C\u00f4te-d'Or  est  charg\u00e9  de \nl'ex\u00e9cution du pr\u00e9sent arr\u00eat\u00e9, qui sera publi\u00e9 au recueil des actes administratifs de la  \npr\u00e9fecture de la C\u00f4te-d'Or et notifi\u00e9 \u00e0 M. S\u00e9bastien DELATTRE, g\u00e9rant ;\nFait \u00e0 Dijon,\nLE PREFET,\nPour le pr\u00e9fet et par d\u00e9l\u00e9gation\nLe secr\u00e9taire g\u00e9n\u00e9ral\nSign\u00e9\nDenis BRUEL\n2/2\nPr\u00e9fecture de la C\u00f4te-d'Or - 21-2025-02-18-00003 - Arr\u00eat\u00e9 pr\u00e9fectoral n\u00b0295 portant habilitation de la SARL NOUVEAU TERRITOIRE en\napplication de l'article R.752-6-3 du code du commerce pour la r\u00e9alisation de l'analyse d'impact des projets d'am\u00e9nagement\ncommercial\n92\nPr\u00e9fecture de la C\u00f4te-d'Or\nDirection des Collectivit\u00e9s locales et des\nElections \n21-2025-02-13-00002\nArr\u00eat\u00e9 pr\u00e9fectoral n\u00b0 276 portant modification\nde la commission de contr\u00f4le des listes\n\u00e9lectorale de la commune de LABERGEMENT LES\nAUXONNE\nPr\u00e9fecture de la C\u00f4te-d'Or - 21-2025-02-13-00002 - Arr\u00eat\u00e9 pr\u00e9fectoral n\u00b0 276 portant modification de la commission de contr\u00f4le des\nlistes \u00e9lectorale de la commune de LABERGEMENT LES AUXONNE 93\nExPREFETDE LACOTE-D'ORLibert\u00e9Egalit\u00e9Fraternit\u00e9\nSECR\u00c9TARIAT G\u00c9N\u00c9RAL\nDirection des collectivit\u00e9s locales et des \u00e9lections\nBureau des \u00e9lections et de la r\u00e9glementation\nAffaire suivie par : Delphine CHERDON\nT\u00e9l : 03 80 44 65 42\nm\u00e9l : delphine.cherdon@cote-dor.gouv.fr\nARRETE PREFECTORAL n\u00b0 276 du 13 f\u00e9vrier 2025\nportant modification de la commission de contr\u00f4le des listes \u00e9lectorales de la commune \nde LABERGEMENT LES AUXONNE\nLe Pr\u00e9fet de la r\u00e9gion Bourgogne-Franche-Comt\u00e9\nPr\u00e9fet de la C\u00f4te-d'Or\nVU le code \u00e9lectoral, notamment, ses articles L. 19 et R7 \u00e0 R11 ;\nVU l'arr\u00eat\u00e9 pr\u00e9fectoral n\u00b0107 du 25 f\u00e9vrier 2019 modifi\u00e9 par l'arr\u00eat\u00e9 du 21 mars 2019 portant nomination des\nmembres de la commission de contr\u00f4le des listes \u00e9lectorales dans les communes du d\u00e9partement de la C\u00f4te\nd'Or ;\nVU l'arr\u00eat\u00e9 pr\u00e9fectoral n\u00b029 du 4 janvier 2024 portant renouvellement des commissions de contr\u00f4le des listes\n\u00e9lectorales des communes de l'arrondissement de DIJON ;\nVU la demande de Monsieur le Maire de LABERGEMENT LES AUXONNE de d\u00e9signer un nouveau d\u00e9l\u00e9gu\u00e9\ndu pr\u00e9sident du Tribunal Judiciaire \u00e0 la commission de contr\u00f4le des listes \u00e9lectorales de sa commune en\nremplacement de Monsieur Georges P\u00c9LISSIER d\u00e9c\u00e9d\u00e9 ;\nVU l'ordonnance du 6 janvier 2025 du Tribunal Judiciaire de DIJON d\u00e9signant Monsieur Micka\u00ebl LEQUET\nd\u00e9l\u00e9gu\u00e9 du pr\u00e9sident du Tribunal Judiciaire de DIJON \u00e0 la commission de contr\u00f4le des listes \u00e9lectorales de\nLABERGEMENT LES AUXONNE en remplacement de Monsieur Georges P\u00c9LISSIER  ;\nSUR proposition du Secr\u00e9taire G\u00e9n\u00e9ral de la pr\u00e9fecture de la C\u00f4te d'Or ;\nA R R E T E\nArticle 1er  \u2013  Monsieur Micka\u00ebl LEQUET, n\u00e9 le 11 juillet 1974 \u00e0 AUXONNE (C\u00f4te-d'Or) est nomm\u00e9 membre\nd\u00e9l\u00e9gu\u00e9 \u00e0 la commission de contr\u00f4le des listes \u00e9lectorales de la commune de LABERGEMENT LES AUXONNE\ndurant la p\u00e9riode de l'arr\u00eat\u00e9 pr\u00e9fectoral n\u00b029 du 4 janvier 2024 mentionn\u00e9 ci-dessus.\nArticle 2  \u2013  Le Secr\u00e9taire G\u00e9n\u00e9ral de la Pr\u00e9fecture de la C\u00f4te d'Or et le maire de LABERGEMENT LES\nAUXONNE sont charg\u00e9s, chacun en ce qui le concerne, de l'ex\u00e9cution du pr\u00e9sent arr\u00eat\u00e9 qui sera publi\u00e9 au\nrecueil des actes administratifs de la pr\u00e9fecture de la C\u00f4te d'Or.\nFait \u00e0 Dijon, le 13 f\u00e9vrier 2025\nLe Pr\u00e9fet,\nPour le Pr\u00e9fet et par d\u00e9l\u00e9gation,\nLe secr\u00e9taire g\u00e9n\u00e9ral\n                                                                   sign\u00e9             Denis BRUEL\nPr\u00e9fecture de la C\u00f4te-d'Or \n53 rue de la Pr\u00e9fecture - 21041 DIJON cedex\nt\u00e9l : 03 80 44 64 00 \nSite internet : http://www.cote-dor.gouv.fr\nPr\u00e9fecture de la C\u00f4te-d'Or - 21-2025-02-13-00002 - Arr\u00eat\u00e9 pr\u00e9fectoral n\u00b0 276 portant modification de la commission de contr\u00f4le des\nlistes \u00e9lectorale de la commune de LABERGEMENT LES AUXONNE 94\nPr\u00e9fecture de la C\u00f4te-d'Or\nDirection des Collectivit\u00e9s locales et des\nElections \n21-2025-02-13-00003\nArr\u00eat\u00e9 pr\u00e9fectoral n\u00b0 285 portant modification\nde la commission de contr\u00f4le des listes\n\u00e9lectorales de la commune de BRETIGNY\nPr\u00e9fecture de la C\u00f4te-d'Or - 21-2025-02-13-00003 - Arr\u00eat\u00e9 pr\u00e9fectoral n\u00b0 285 portant modification de la commission de contr\u00f4le des\nlistes \u00e9lectorales de la commune de BRETIGNY 95\nExPREFETDE LACOTE-D'ORLibert\u00e9Egalit\u00e9Fraternit\u00e9\nSECR\u00c9TARIAT G\u00c9N\u00c9RAL\nDirection des collectivit\u00e9s locales et des \u00e9lections\nBureau des \u00e9lections et de la r\u00e9glementation\nAffaire suivie par : Delphine CHERDON\nT\u00e9l : 03 80 44 65 42\nm\u00e9l : delphine.cherdon@cote-dor.gouv.fr\nARRETE PREFECTORAL n\u00b0 285 du 13 f\u00e9vrier 2025\nportant modification de la commission de contr\u00f4le des listes \u00e9lectorales de la commune \nde BRETIGNY\nLe Pr\u00e9fet de la r\u00e9gion Bourgogne-Franche-Comt\u00e9\nPr\u00e9fet de la C\u00f4te-d'Or\nVU le code \u00e9lectoral, notamment, ses articles L. 19 et R7 \u00e0 R11 ;\nVU l'arr\u00eat\u00e9 pr\u00e9fectoral n\u00b0107 du 25 f\u00e9vrier 2019 modifi\u00e9 par l'arr\u00eat\u00e9 du 21 mars 2019 portant nomination des\nmembres de la commission de contr\u00f4le des listes \u00e9lectorales dans les communes du d\u00e9partement de la C\u00f4te\nd'Or ;\nVU l'arr\u00eat\u00e9 pr\u00e9fectoral n\u00b029 du 4 janvier 2024 portant renouvellement des commissions de contr\u00f4le des listes\n\u00e9lectorales des communes de l'arrondissement de DIJON ;\nVU la demande de Monsieur le Maire de BRETIGNY de d\u00e9signer un nouveau d\u00e9l\u00e9gu\u00e9 du pr\u00e9sident du\nTribunal  Judiciaire  \u00e0  la  commission  de  contr\u00f4le  des  listes  \u00e9lectorales  de  sa  commune  suite  au\nd\u00e9m\u00e9nagement de Madame Odile DUHOUX ;\nVU l'ordonnance du 25 avril 2024 du Tribunal Judiciaire de DIJON d\u00e9signant Madame Marie-H\u00e9l\u00e8ne TAULIN\n\u00e9pouse JOVIGNOT d\u00e9l\u00e9gu\u00e9e suppl\u00e9ante du pr\u00e9sident du Tribunal Judiciaire de DIJON \u00e0 la commission de\ncontr\u00f4le des listes \u00e9lectorales de BRETIGNY en remplacement de Madame Odile DUHOUX ;\nSUR proposition du Secr\u00e9taire G\u00e9n\u00e9ral de la pr\u00e9fecture de la C\u00f4te d'Or ;\nA R R E T E\nArticle 1er \u2013  Madame Marie-H\u00e9l\u00e8ne TAULIN \u00e9pouse JOVIGNOT, n\u00e9e le 18 f\u00e9vrier 1963 \u00e0 AUXONNE (C\u00f4te-\nd'Or) est nomm\u00e9e membre d\u00e9l\u00e9gu\u00e9 \u00e0 la commission de contr\u00f4le des listes \u00e9lectorales de la commune de\nBRETIGNY durant la p\u00e9riode de l'arr\u00eat\u00e9 pr\u00e9fectoral n\u00b029 du 4 janvier 2024 mentionn\u00e9 ci-dessus.\nArticle 2 \u2013  Le Secr\u00e9taire G\u00e9n\u00e9ral de la Pr\u00e9fecture de la C\u00f4te d'Or et le maire de BRETIGNY sont charg\u00e9s,\nchacun en ce qui le concerne, de l'ex\u00e9cution du pr\u00e9sent arr\u00eat\u00e9 qui sera publi\u00e9 au recueil des actes administratifs\nde la pr\u00e9fecture de la C\u00f4te d'Or.\nFait \u00e0 Dijon, le 13 f\u00e9vrier 2025\nLe Pr\u00e9fet,\nPour le Pr\u00e9fet et par d\u00e9l\u00e9gation,\nLe secr\u00e9taire g\u00e9n\u00e9ral\n                                                                    sign\u00e9          Denis BRUEL\nPr\u00e9fecture de la C\u00f4te-d'Or \n53 rue de la Pr\u00e9fecture - 21041 DIJON cedex\nt\u00e9l : 03 80 44 64 00 \nSite internet : http://www.cote-dor.gouv.fr\nPr\u00e9fecture de la C\u00f4te-d'Or - 21-2025-02-13-00003 - Arr\u00eat\u00e9 pr\u00e9fectoral n\u00b0 285 portant modification de la commission de contr\u00f4le des\nlistes \u00e9lectorales de la commune de BRETIGNY 96\nPr\u00e9fecture de la C\u00f4te-d'Or\nDirection des Collectivit\u00e9s locales et des\nElections \n21-2025-02-17-00003\nSyndicat mixte \"SIVU des Maranges\" - Dissolution\nPr\u00e9fecture de la C\u00f4te-d'Or - 21-2025-02-17-00003 - Syndicat mixte \"SIVU des Maranges\" - Dissolution 97\nPREFETDE LACOTE-D'ORLibert\u00e9Egalit\u00e9Fraternit\u00e9\nExPR\u00c9FETDE SA\u00d4NE-ET-LOIREL'ibert\u00e9Egalit\u00e9Fraternit\u00e9\nSous-Pr\u00e9fecture de Chalon-sur-Sa\u00f4ne\nP\u00f4le Appui aux Territoires\nARR\u00caT\u00c9\nLe pr\u00e9fet de la r\u00e9gion Bourgogne-Franche-Comt\u00e9 Le pr\u00e9fet de Sa\u00f4ne-et-Loire\nPr\u00e9fet de C\u00f4te-d'Or Chevalier de la L\u00e9gion d'Honneur\nChevalier de la L\u00e9gion d'Honneur Chevalier de l'Ordre National du M\u00e9rite\nChevalier de l'Ordre National du M\u00e9rite\nSyndicat mixte \u00ab SIVU des Maranges \u00bb\nDissolution\nN\u00b0 \nVu le code g\u00e9n\u00e9ral des collectivit\u00e9s territoriales et notamment ses articles L.5211-25-1, L.5211-26 \net L.5212-33 ;\nVu l'arr\u00eat\u00e9 pr\u00e9fectoral n\u00b0138 en date du 19 juillet 2002 modifi\u00e9, portant cr\u00e9ation d u syndicat \nintercommunal \u00e0 vocation unique \u00ab SIVU des Maranges \u00bb ;\nVu les d\u00e9lib\u00e9rations d u conseil communautaire de la communaut\u00e9 d'agglom\u00e9ration Beaune  \nC\u00f4te  et  Sud,  communaut\u00e9  Beaune-Chagny-Nolay  (27/03/2023)  et  du  conseil  municipal  de \nSampigny-l\u00e8s-Maranges (17/03/2023) demandant la dissolution du syndicat mixte \u00ab  SIVU des  \nMaranges \u00bb ;\nVu l'arr\u00eat\u00e9 inter-pr\u00e9fectoral du 7 septembre 2023 mettant fin aux comp\u00e9tences du SIVU des  \nMaranges en vue de sa dissolution ;\nVu  la  d\u00e9lib\u00e9ration  du  comit\u00e9  syndical  du  SIVU  des  Maranges  (24/09/2024)  approuvant  les \nconditions de r\u00e9partition de son exc\u00e9dent de tr\u00e9sorerie ;\nVu les d\u00e9lib\u00e9rations du conseil communautaire de la commun aut\u00e9 d'agglom\u00e9ration Beaune  \nC\u00f4te et Sud, communaut\u00e9 Beaune, Chagny, Nolay ( 16/12/2024) et du conseil municipal de  \n1/3\nPr\u00e9fecture de la C\u00f4te-d'Or - 21-2025-02-17-00003 - Syndicat mixte \"SIVU des Maranges\" - Dissolution 98\nSampigny-l\u00e8s-Maranges (29/10/2024) approuvant les conditions de r\u00e9partition de l'exc\u00e9dent de  \ntr\u00e9sorerie du SIVU des Maranges ;\nVu l'arr\u00eat\u00e9 pr\u00e9fectoral n\u00b0  1824 / SG du 29 novembre 2024  donnant d\u00e9l\u00e9gation de signature \u00e0  \nMonsieur Denis BRUEL, secr\u00e9taire g\u00e9n\u00e9ral de la pr\u00e9fecture de la C\u00f4te-d'Or ;\nVu l'arr\u00eat\u00e9 pr\u00e9fectoral du 2 d\u00e9cembre 2024 donnant d\u00e9l\u00e9gation de signature \u00e0 Madame Agn\u00e8s  \nChavanon, secr\u00e9taire g\u00e9n\u00e9rale de la pr\u00e9fecture de Sa\u00f4ne-et-Loire ;\nConsid\u00e9rant que le compte administratif 2023 du \u00ab  SIVU des Maranges  \u00bb a \u00e9t\u00e9 adopt\u00e9 le  24 \nseptembre 2024 ;\nConsid\u00e9rant que les autres conditions de liquidation du  \u00ab SIVU des Maranges \u00bb ont \u00e9t\u00e9 arr\u00eat\u00e9es \nen date du 7 septembre 2023 ;\nConsid\u00e9rant que les conditions de la liquidation sont d\u00e9sormais r\u00e9unies ;\nSur proposition de M me et M. les secr\u00e9taires g\u00e9n\u00e9raux des pr\u00e9fectures de C\u00f4te-d'Or de Sa\u00f4ne-\net-Loire,\nARR\u00caTENT\nARTICLE 1  er   : Le syndicat mixte dit \u00ab SIVU des Maranges \u00bb est dissous de plein droit, sous r\u00e9serve \ndes droits des tiers.\nARTICLE  2 : Sur  d\u00e9lib\u00e9rations  concordantes  des  membres,  l'exc\u00e9dent  de  tr\u00e9sorerie,  d'un \nmontant de 692,89 \u20ac, est r\u00e9parti en trois parts \u00e9gales comme suit :\n\u2022 230,97 \u20ac, soit une part du total, au b\u00e9n\u00e9fice de la commune de Sampigny-l\u00e8s-Maranges ;\n\u2022 461,92 \u20ac  au  b\u00e9n\u00e9fice  de  la  communaut\u00e9  d'agglom\u00e9ration  Beaune  C\u00f4te  et  Sud,  \ncommunaut\u00e9  Beaune-Chagny-Nolay,  correspondant  \u00e0  deux  parts  de  230,96 \u20ac  pour \nchacune des communes de Dezize-l\u00e8s-Maranges et de Paris-l'H\u00f4pital pour lesquelles elle  \nparticipe en repr\u00e9sentation-substitution au sein du SIVU des Maranges ;\nARTICLE 3 : Les autres conditions de liquidation du SIVU des Maranges, telles qu'\u00e9nonc\u00e9es dans \nl'arr\u00eat\u00e9 inter-pr\u00e9fectoral du 7 septembre 2023, demeurent inchang\u00e9es, \u00e0 savoir :\n\u2022 le  personnel  du  syndicat  affect\u00e9  aux  comp\u00e9tences  p\u00e9riscolaires  est  transf\u00e9r\u00e9  aux \neffectifs de la communaut\u00e9 d'agglom\u00e9ration Beaune C\u00f4te et Sud ;\n\u2022 la communaut\u00e9 d'agglom\u00e9ration Beaune C\u00f4te et Sud se substitue au syndicat pour la  \npoursuite des contrats en cours et en informera les prestataires ;\n\u2022 les locaux situ\u00e9s \u00e0 Paris l'H\u00f4pital, propri\u00e9t\u00e9s de ladite commune, n\u00e9cessaires \u00e0 l'exercice  \nde  la  comp\u00e9tence  p\u00e9riscolaire  sont  mis  \u00e0  la  disposition  de  la  communaut\u00e9  \nd'agglom\u00e9ration Beaune C\u00f4te et Sud.\nARTICLE 4  :  Le pr\u00e9sent arr\u00eat\u00e9 peut faire l'objet d'un recours contentieux devant le tribunal  \nadministratif de Dijon, dans le d\u00e9lai de deux mois \u00e0 compter de sa publication. Le tribunal  \n2/3\nPr\u00e9fecture de la C\u00f4te-d'Or - 21-2025-02-17-00003 - Syndicat mixte \"SIVU des Maranges\" - Dissolution 99\nadministratif  peut  \u00eatre  saisi  d'un  recours  d\u00e9pos\u00e9  via  l'application  T\u00e9l\u00e9recours  citoyens  \naccessible sur le site internet www.telerecours.fr.\nARTICLE 5 : le sous-pr\u00e9fet de Chalon-sur-Sa\u00f4ne, le secr\u00e9taire g\u00e9n\u00e9ral de la pr\u00e9fecture de C\u00f4te-\nd'Or, le pr\u00e9sident du \u00ab SIVU des Maranges \u00bb, Mme la directrice r\u00e9gionale des finances publiques  \nde la Bourgogne-Franche-Comt\u00e9 et de la C\u00f4te-d'Or, M. le directeur d\u00e9partemental des fina nces \npubliques de Sa\u00f4ne-et-Loire, le pr\u00e9sident de la communaut\u00e9 d'agglom\u00e9ration Beaune C\u00f4te et  \nSud, communaut\u00e9 Beaune-Chagny-Nolay, les maires des communes concern\u00e9es, sont charg\u00e9s,  \nchacun en ce qui le concerne, de l'ex\u00e9cution du pr\u00e9sent arr\u00eat\u00e9 qui sera publi\u00e9 au recueil des  \nactes administratifs de la pr\u00e9fecture de Sa\u00f4ne-et-Loire, et dont copie sera adress\u00e9e \u00e0 :\n- M. le pr\u00e9sident du conseil d\u00e9partemental de Sa\u00f4ne-et-Loire ;\n- M. le pr\u00e9sident du conseil d\u00e9partemental de la C\u00f4te-d'Or ;\n- M. le directeur d\u00e9partemental des territoires de Sa\u00f4ne-et-Loire ;\n- Mme la directrice des territoires de la C\u00f4te-d'Or ;\n- M. le directeur acad\u00e9mique des services de l'\u00e9ducation nationale de la C\u00f4te-d'Or;\n- Mme la directrice acad\u00e9mique des services de l'\u00e9ducation nationale de Sa\u00f4ne-et-Loire.\nFait \u00e0 Dijon, le 17 f\u00e9vrier 2025 Fait \u00e0 M\u00e2con, le 10 f\u00e9vrier 2025\nPour le pr\u00e9fet de C\u00f4te-d'Or Pour le pr\u00e9fet de Sa\u00f4ne-et Loire\net par d\u00e9l\u00e9gation, et par d\u00e9l\u00e9gation,\nle secr\u00e9taire g\u00e9n\u00e9ral, la secr\u00e9taire g\u00e9n\u00e9rale,\nsign\u00e9 sign\u00e9\nDenis BRUEL Agn\u00e8s CHAVANON\n3/3\nPr\u00e9fecture de la C\u00f4te-d'Or - 21-2025-02-17-00003 - Syndicat mixte \"SIVU des Maranges\" - Dissolution 100\nSous-pr\u00e9fecture de Beaune\n21-2025-02-15-00001\nArr\u00eat\u00e9 N\u00b0 266 en date du 15 f\u00e9vrier 2025 portant\nd\u00e9rogation individuelle \u00e0 titre temporaire \u00e0\nl'interdiction de circulation des v\u00e9hicules de\ntransport de marchandises \u00e0 certaines p\u00e9riodes\npour les v\u00e9hicules de plus de 7,5 tonnes de PTAC\nexploit\u00e9s par l'entreprise ARNAY COMBUSTIBLES\ndomicili\u00e9e \u00e0 Arnay le Duc, 17 rue du Docteur\nChauveau\nSous-pr\u00e9fecture de Beaune - 21-2025-02-15-00001 - Arr\u00eat\u00e9 N\u00b0 266 en date du 15 f\u00e9vrier 2025 portant d\u00e9rogation individuelle \u00e0 titre\ntemporaire \u00e0 l'interdiction de circulation des v\u00e9hicules de transport de marchandises \u00e0 certaines p\u00e9riodes pour les v\u00e9hicules de plus\nde 7,5 tonnes de PTAC exploit\u00e9s par l'entreprise ARNAY COMBUSTIBLES domicili\u00e9e \u00e0 Arnay le Duc, 17 rue du Docteur Chauveau\n101\nPREFETDE LACOTE-D'ORLibert\u00e9Egalit\u00e9Fraternit\u00e9\nAffaire suivie par Vanessa PETETIN     Dijon, le 15 f\u00e9vrier 2025 \nSSER/BSR/astreinte routi\u00e9re\n Arr\u00eat\u00e9 N\u00b0 266\n en date du 15 f\u00e9vrier 2025 portant d\u00e9rogation individuelle \u00e0 titre temporaire \u00e0 \nl'interdiction de circulation des v\u00e9hicules de transport de marchandises \u00e0 certaines \np\u00e9riodes pour les v\u00e9hicules de plus de 7,5 tonnes de PTAC exploit\u00e9s par l'entreprise \nARNAY COMBUSTIBLES domicili\u00e9e \u00e0 Arnay le Duc, 17 rue du Docteur Chauveau\nLe pr\u00e9fet de la r\u00e9gion Bourgogne-Franche-Comt\u00e9\nPr\u00e9fet de la C\u00f4te-d'Or\nVU le Code g\u00e9n\u00e9ral des collectivit\u00e9s territoriales et notamment son article L 2215-1;\nVU le Code de la route, notamment son article R.411-18;\nVU la loi n\u00b082-213 du 2 mars 1982 relative aux droits et libert\u00e9s des communes, des d\u00e9parte -\nments et des r\u00e9gions notamment son article 34 ;\nVU le d\u00e9cret n\u00b0 97-34 du 15 janvier 1997 modifi\u00e9 relatif \u00e0 la d\u00e9concentration des d\u00e9cisions ad -\nministratives individuelles ;\nVU le d\u00e9cret n\u00b0 2004-374 du 29 avril 2004 modifi\u00e9 relatif aux pouvoirs des pr\u00e9fets, \u00e0 l'organi -\nsation et \u00e0 l'action des services de l'\u00c9tat dans les r\u00e9gions et d\u00e9partement ;\nVU la loi n\u00b02004-809 du 13 ao\u00fbt 2004 relative aux libert\u00e9s responsabilit\u00e9s locales ;\nVU l'arr\u00eat\u00e9 interminist\u00e9riel du 16 avril 2021 relatif \u00e0 l'interdiction de circulation des v\u00e9hicules  \nde transports de marchandises \u00e0 certaines p\u00e9riodes ;\nVU la demande pr\u00e9sent\u00e9e le 15 f\u00e9vrier 2025 par l'entreprise ARNAY COMBUSTIBLES domicil-\ni\u00e9e \u00e0 Arnay le Duc, 17 rue du Docteur Chauveau ;\nConsid\u00e9rant que l'EHPAD de Bligny sur Ouche sis   9 route de Dijon 21 360 Bligny sur Ouche  \nne dispose pas de suffisamment de fioul afin d'assurer le chauffage et la production d'eau  \nchaude de son \u00e9tablissement,\nConsid\u00e9rant que la circulation du v\u00e9hicule exploit\u00e9 par l'entreprise susvis\u00e9e permet:\n- d'assurer le transport de marchandises n\u00e9cessaires au fonctionnement en service continu de \ncertains services ;\n- de contribuer \u00e0 l'ex\u00e9cution de services publics ou de services d'urgence afin de r\u00e9pondre \u00e0  \ndes besoins collectifs imm\u00e9diats ;\nSous-pr\u00e9fecture de Beaune - 21-2025-02-15-00001 - Arr\u00eat\u00e9 N\u00b0 266 en date du 15 f\u00e9vrier 2025 portant d\u00e9rogation individuelle \u00e0 titre\ntemporaire \u00e0 l'interdiction de circulation des v\u00e9hicules de transport de marchandises \u00e0 certaines p\u00e9riodes pour les v\u00e9hicules de plus\nde 7,5 tonnes de PTAC exploit\u00e9s par l'entreprise ARNAY COMBUSTIBLES domicili\u00e9e \u00e0 Arnay le Duc, 17 rue du Docteur Chauveau\n102\nSur proposition de la directrice d\u00e9partementale des territoires par int\u00e9rim,\nARRETE\nArticle 1er :\nLe v\u00e9hicule :\n- immatricul\u00e9 GC 247 EX\n- exploit\u00e9s par la soci\u00e9t\u00e9  ARNAY COMBUSTIBLES\nest autoris\u00e9 \u00e0 circuler en d\u00e9rogation aux articles 1, 2 et 3 de l'arr\u00eat\u00e9 minist\u00e9riel du 16 avril  \n2021 relatif aux interdictions de circulation g\u00e9n\u00e9rales et compl\u00e9mentaires des v\u00e9hicules de  \ntransport de marchandises de plus de 7,5 tonnes de PTAC.\n \nArticle 2 : \nCette d\u00e9rogation est accord\u00e9e pour le transport :\n- de fioul domestique\n- au d\u00e9part de ARNAY LE DUC et \u00e0 destination de BLIGNY SUR OUCHE\n- et au retour.\nElle est valable le 16 f\u00e9vrier 2025 de 7h \u00e0 10h.\nLe transporteur n'est pas autoris\u00e9 \u00e0 emprunter le r\u00e9seau autoroutier.\nArticle 3 : \nLe responsable du v\u00e9hicule doit pouvoir justifier, en cas de contr\u00f4le aupr\u00e8s des agents de  \nl'autorit\u00e9 comp\u00e9tente, de la conformit\u00e9 du transport effectu\u00e9 au regard des dispositions de  \nla pr\u00e9sente d\u00e9rogation.\nUne copie du pr\u00e9sent arr\u00eat\u00e9 doit se trouver \u00e0 bord du v\u00e9hicule. \nArticle 4 : \nLe d\u00e9lai de recours est de 2 mois \u00e0 compter de la date de notification du pr\u00e9sent arr\u00eat\u00e9.\nArticle 5 : \nLe Sous- Pr\u00e9fet de permanence, Sous-Pr\u00e9fet de Beaune  est charg\u00e9 de l'ex\u00e9cution du pr\u00e9sent  \narr\u00eat\u00e9 qui sera notifi\u00e9 au responsable l\u00e9gale de l'entreprise.\nFait \u00e0 Dijon, le 15 f\u00e9vrier 2025\nLe Pr\u00e9fet\nPour le Pr\u00e9fet et par d\u00e9l\u00e9gtation,\nLe Sous-Pr\u00e9fet,\nOriginal Sign\u00e9\nBeno\u00eet BYRSKI\nSous-pr\u00e9fecture de Beaune - 21-2025-02-15-00001 - Arr\u00eat\u00e9 N\u00b0 266 en date du 15 f\u00e9vrier 2025 portant d\u00e9rogation individuelle \u00e0 titre\ntemporaire \u00e0 l'interdiction de circulation des v\u00e9hicules de transport de marchandises \u00e0 certaines p\u00e9riodes pour les v\u00e9hicules de plus\nde 7,5 tonnes de PTAC exploit\u00e9s par l'entreprise ARNAY COMBUSTIBLES domicili\u00e9e \u00e0 Arnay le Duc, 17 rue du Docteur Chauveau\n103\nANNEXE\nA l'Arr\u00eat\u00e9 Pr\u00e9fectoral du 15 f\u00e9vrier 2025\nArticle R.411-18 du Code de la route \u2013 Article-5-II de l'arr\u00eat\u00e9 interminist\u00e9riel du 16 avril 2021 \nD\u00e9rogation pr\u00e9fectorales individuelles \u00e0 titre temporaire aux interdictions de circulations \ng\u00e9n\u00e9rales et compl\u00e9mentaires pr\u00e9vues par les articles 1, 2 et 3 de l'arr\u00eat\u00e9 du 16 avril 2021\n \nMOTIF ET NATURE DU TRANSPORT\nD\u00e9rogation  de  circulation  d'un  v\u00e9hicule  poids  lourds  afin  d'effectuer  la  livraison  de  fioul \ndomestique  en  vu  d'alimenter  l'EHPAD  de  Bligny  sur  Ouche  qui  ne  dispose  pas  de \nsuffisamment de carburant pour assurer le chauffage et la production d'eau chaude de son  \n\u00e9tablissement.\nDEROGATION DE COURTE DUREE A TITRE TEMPORAIRE\nLe dimanche 16 f\u00e9vrier 2025 de 7h \u00e0 10h.\nLa d\u00e9rogation pr\u00e9fectorale individuelle \u00e0 titre temporaire et son annexe doivent se trouver \u00e0 \nbord du v\u00e9hicule et pouvoir \u00eatre pr\u00e9sent\u00e9es aux agents charg\u00e9s du contr\u00f4le\nSous-pr\u00e9fecture de Beaune - 21-2025-02-15-00001 - Arr\u00eat\u00e9 N\u00b0 266 en date du 15 f\u00e9vrier 2025 portant d\u00e9rogation individuelle \u00e0 titre\ntemporaire \u00e0 l'interdiction de circulation des v\u00e9hicules de transport de marchandises \u00e0 certaines p\u00e9riodes pour les v\u00e9hicules de plus\nde 7,5 tonnes de PTAC exploit\u00e9s par l'entreprise ARNAY COMBUSTIBLES domicili\u00e9e \u00e0 Arnay le Duc, 17 rue du Docteur Chauveau\n104","date":"2025-02-21","first_seen_on":"2025-09-14T00:45:18+00:00","id":"f431c2cb57d92b4850bac1797a962ba06eb485be3e7770aef7d1c30fe326406d","name":"RAA n\u00b0 029 du 21 f\u00e9vrier 2025","pdf_creation_date":"2025-02-21T14:50:24+00:00","pdf_modification_date":null,"timezone":"Europe/Paris","url":"https://www.cote-dor.gouv.fr/contenu/telechargement/22888/174692/file/recueil-21-2025-029-recueil-des-actes-administratifs-special.pdf"}
