{"administration":"pref21","administration_name":"Pr\u00e9fecture de C\u00f4te-d\u2019Or","content":"PR\u00c9FET\nDE LA C\u00d4TE-D'OR\nRECUEIL DES ACTES\nADMINISTRATIFS SP\u00c9CIAL\n(NOMINATIFS)\nN\u00b021-2025-147\nPUBLI\u00c9 LE 24 OCTOBRE 2025\nSommaire\nARS Bourgogne-Franche-Comt\u00e9 /\n21-2025-10-17-00006 - DECISION N\u00b0\nARS-BFC-DOSA-2025-2110\naccordant pr\u00e9alablement le transfert des\nautorisations initiales de mise en service d'une ambulance et d'un\nv\u00e9hicule sanitaire l\u00e9ger au profit de la SB TAXI dont le si\u00e8ge social est\nsitu\u00e9 32 route de Gilly - FLAGEY-ECHEZEAUX (21640), dans le cadre\nd'un projet d'achat de v\u00e9hicules (3 pages) Page 3\nDirection d\u00e9partementale des territoires de la C\u00f4te-d'Or / Service de l'eau\net des risques\n21-2025-10-24-00002 - Arr\u00eat\u00e9 N\u00b0 1572\nPortant agr\u00e9ment de\nl'\u00e9lection du pr\u00e9sident de l'association agr\u00e9\u00e9e de p\u00eache et\nde protection du milieu aquatique \u00abLa truite Beaunoise\u00bb (2 pages) Page 7\nPr\u00e9fecture de la C\u00f4te-d'Or / Direction des s\u00e9curit\u00e9s\n21-2025-10-24-00001 - Arr\u00eat\u00e9 pr\u00e9fectoral n\u00b01571 fixant la liste des\ncandidats admis \u00e0 l'examen pour la certification \u00e0 la P\u00e9dagogie\nAppliqu\u00e9e \u00e0 l'Emploi de Formateur aux Premiers Secours en\n\u00e9quipe (PAE-FPSE) organis\u00e9 par le 511? r\u00e9giment du train le 17\noctobre 2025 (2 pages) Page 10\n2\nARS Bourgogne-Franche-Comt\u00e9\n21-2025-10-17-00006\nDECISION N\u00b0 ARS-BFC-DOSA-2025-2110\naccordant pr\u00e9alablement le transfert des\nautorisations initiales de mise en service d'une\nambulance et d'un v\u00e9hicule sanitaire l\u00e9ger au\nprofit de la SB TAXI dont le si\u00e8ge social est situ\u00e9\n32 route de Gilly - FLAGEY-ECHEZEAUX (21640),\ndans le cadre d'un projet d'achat de v\u00e9hicules\nARS Bourgogne-Franche-Comt\u00e9 - 21-2025-10-17-00006 - DECISION N\u00b0 ARS-BFC-DOSA-2025-2110\naccordant pr\u00e9alablement le transfert des autorisations initiales de mise en service d'une ambulance et d'un v\u00e9hicule sanitaire l\u00e9ger au\nprofit de la SB TAXI dont le si\u00e8ge social est situ\u00e9 32 route de Gilly - FLAGEY-ECHEZEAUX (21640), dans le cadre d'un projet d'achat de\nv\u00e9hicules\n3\nREPUBLIQUEFRANCAISELibert\u00e9Egalit\u00e9Fraternit\u00e9\nAr@ DAgence R\u00e9gionale de Sant\u00e9Bourgogne-Franche-Comt\u00e9\n \nARS Bourgogne-Franche-Comt\u00e9 \nLe Diapason, 2 Place des Savoirs, CS 73535, 21035 Dijon cedex \nT\u00e9l. : 0808 807 107 - Site : www.bourgogne-franche-comte.ars.sante.fr \n \n \n \n \n \n \n \n \n \n \n \nLa directrice g\u00e9n\u00e9rale \nde l'Agence R\u00e9gionale de Sant\u00e9 de Bourgogne Franche-Comt\u00e9 \n \n \nVu le code de la sant\u00e9 publique et, notamment, les articles L 6312 -4, L 6312 -5 et L 6313 -1 et \nR.6312-29 \u00e0 R.6312-43, \n \nVu la loi n\u00b0 2009 -879 du 21 juillet 2009 modifi\u00e9e portant r\u00e9forme de l'h\u00f4pital et relative aux \npatients, \u00e0 la sant\u00e9 et aux territoires, \n \nVu le d\u00e9cret n\u00b0 2010-336 du 31 mars 2010 portant cr\u00e9ation des agences r\u00e9gionales de sant\u00e9, \n \nVu le d\u00e9cret n\u00b0 2010 -344 du 31 mars 2010 tirant les cons\u00e9quences, au niveau r\u00e9glementaire, de \nl'intervention de la loi n\u00b0 2009 -879 du 21 juillet 2009 portant r\u00e9forme de l'h\u00f4pital et relative aux \npatients, \u00e0 la sant\u00e9 et aux territoires, \n \nVu le d\u00e9cret n\u00b0 2012 -1007 du 29 ao\u00fbt 2012 relatif \u00e0 l'agr\u00e9ment n\u00e9cessaire au transport sanitaire \nterrestre et \u00e0 l'autorisation de mise en service des v\u00e9hicules de transports sanitaires,  \n \nVu le d\u00e9cret n\u00b0 2012 -1331 du 29 novembre 2012 modifiant certaines r\u00e9glementations prises en \napplication de la loi n\u00b02009 -879 du 21 juillet 2009 portant r\u00e9forme de l'h\u00f4pital et relative aux \npatients, \u00e0 la sant\u00e9 et aux territoires, \n \nVu le d\u00e9cret n\u00b0 2015 -1650 du 11 d\u00e9cembre 2015 adaptant les agences r\u00e9gionales de sant\u00e9 \u00e0 la \nnouvelle d\u00e9limitation des r\u00e9gions, \n \nVu le d\u00e9cret du 30 juillet 2025 portant nomination de Mme Mathilde MARMIER en qualit\u00e9 de \nDirectrice G\u00e9n\u00e9rale de l'Agence R\u00e9gionale de Sant\u00e9 (ARS) de Bourgogne-Franche-Comt\u00e9 ;  \n \nVu la d\u00e9cision ARS -BFC-SG-2025-043 portant organisation de l'ARS Bourgogne -Franche-Comt\u00e9 \ndu 31 juillet 2025 ; \n \nVu la d\u00e9cision ARS -BFC-SG-2025-044 portant nomination de l'\u00e9quipe d'encadrement de l'ARS \nBourgogne-Franche-Comt\u00e9 du 31 juillet 2025 ; \n \nVu l'arr\u00eat\u00e9 du 5 octobre 1995 relatif  \u00e0 l'autorisation de mise en service des v\u00e9hicules affect\u00e9s aux \ntransports sanitaires terrestres,  \n \nVu l'arr\u00eat\u00e9 du 12 d\u00e9cembre 2017 fixant les caract\u00e9ristiques et les installations mat\u00e9rielles exig\u00e9es \npour les v\u00e9hicules affect\u00e9s aux transports sanitaires terrestres, \n \n \n      \u2026/\u2026 \n \nDECISION N\u00b0 ARS-BFC-DOSA-2025-2110 \naccordant pr\u00e9alablement le transfert des autorisations initiales de mise en service d'une ambulance \net d'un v\u00e9hicule sanitaire l\u00e9ger au profit de la SB TAXI dont le si\u00e8ge social est situ\u00e9 32 route de \nGilly \u2013 FLAGEY-ECHEZEAUX (21640), dans le cadre d'un projet d'achat de v\u00e9hicules.  \nARS Bourgogne-Franche-Comt\u00e9 - 21-2025-10-17-00006 - DECISION N\u00b0 ARS-BFC-DOSA-2025-2110\naccordant pr\u00e9alablement le transfert des autorisations initiales de mise en service d'une ambulance et d'un v\u00e9hicule sanitaire l\u00e9ger au\nprofit de la SB TAXI dont le si\u00e8ge social est situ\u00e9 32 route de Gilly - FLAGEY-ECHEZEAUX (21640), dans le cadre d'un projet d'achat de\nv\u00e9hicules\n4\n \nARS Bourgogne-Franche-Comt\u00e9 \nLe Diapason, 2 Place des Savoirs, CS 73535, 21035 Dijon cedex \nT\u00e9l. : 0808 807 107 - Site : www.bourgogne-franche-comte.ars.sante.fr \n \n  \n                2 \n \nVu l'arr\u00eat\u00e9 n\u00b0 ARSB/DOS/SP/14 -0137 du 30 juin 2014 fixant le nombre th\u00e9orique de v\u00e9hicules \naffect\u00e9s aux transports sanitaires dans les d\u00e9partements de C\u00f4te d'Or, de la Ni\u00e8vre, de la Sa\u00f4ne \net Loire et de l'Yonne et les principes d'\u00e9quipements en mati\u00e8re de transports sanitaires retenus \nen Bourgogne,  \n \nVu l'arr\u00eat\u00e9 n\u00b0 ARS-BFC-DOSA-2024-2357 portant modification d'agr\u00e9ment de l'entreprise de \ntransports sanitaires terrestres SARL Ambulances TAXI A4 \u2013 dans le cadre d'un changement de \ng\u00e9rance suite \u00e0 une cession de fonds de commerce \n \nVu l'arr\u00eat\u00e9 n\u00b0 ARSBFC/DOS/ASPU/21-066 portant modification de l'agr\u00e9ment de l'entreprise de \ntransports sanitaires terrestres \u00ab SAS S. B. TAXI AMBULANCES \u00bb dans le cadre d'un \nchangement d'adresse \n \nVu la demande conjointe re\u00e7ue par l'ARS BFC le 23 septembre 2025  par laquelle Monsieur \nArnaud LUC, en sa qualit\u00e9 de g\u00e9rant de la SARL AMBULANCES A4, Monsieur Hugo SIRI  en sa \nqualit\u00e9 de Pr\u00e9sent et Monsieur Franck BOULEY en sa qualit\u00e9 de Directeur G\u00e9n\u00e9ral  de la SAS S.B \nTAXI AMBULANCES, sollicitent l'accord pr\u00e9alable de transfert de deux autorisations initiales de \nmise en service accord\u00e9es \u00e0 la SARL AMBULANCES TAXI A4  au b\u00e9n\u00e9fice de la SAS S.B TAXI \nAMBULANCES dont l'implantation est situ\u00e9e 7 rue du Bailly \u2013 DIJON (21000) dans le cadre d'un \nprojet de cession de 2 v\u00e9hicules immatricul\u00e9s GF-063-RP et FV-360-ZZ. \n \nConsid\u00e9rant que la r\u00e9partition de l'offre de v\u00e9hicules sanitaires au sein du d\u00e9partement de C\u00f4te \nd'Or demeure identique \u00e9tant donn\u00e9 que les v\u00e9hicules seront maintenus dans le m\u00eame secteur de \ngarde de Beaune. \n    \n \nDECIDE \n \n \nArticle 1 : Est accord\u00e9 pr\u00e9alablement le transfert de deux autorisations initiales de mise en service \nd'une ambulance (de type A) et d'un V\u00e9hicule Sanitaire L\u00e9ger (VSL), de l'entreprise de transports \nsanitaires terrestres SARL AMBULANCES TAXI A4 sise Pr\u00e9 de Barive \u00e0 SAINT PRIX LES ARNAY \n- 21230 - \u00e0 la SAS S.B TAXI AMBULANCES  dont le si\u00e8ge social est situ\u00e9 32 route de Gilly  \u2013 \nFLAGEY-ECHEZEAUX - dans le cadre d'un projet de cession de 2 v\u00e9hicules , pour son \nimplantation sise 7 rue du Bailly \u2013 DIJON (21000). \n \nArticle 2 : Les autorisations initiales de mise en service d'une ambulance et d'un VSL seront \ntransf\u00e9r\u00e9es au terme des op\u00e9rations administratives n\u00e9c essaires \u00e0 la mise en \u0153uvre de la \npromesse de cession de 2 v\u00e9hicules. \n \nArticle 3 : Cette d\u00e9cision peut faire l'objet, dans les x mois de sa notification pour le promoteur ou \nde sa publication pour les tiers int\u00e9ress\u00e9s, d'un recours hi\u00e9rarchique devant la Ministre charg\u00e9e de \nla sant\u00e9. Ce recours hi\u00e9rarchique ne constitue pas un pr\u00e9alable obligatoire au recours contentieux, \nqui peut \u00eatre form\u00e9 devant le tribunal Administratif de Dijon, sis 22 rue d'Assas 21000 DIJON, dans \nles deux mois suivant la notification ou la publication de la pr\u00e9sente d\u00e9cision. Ce dernier peut \u00eatre \nsaisi par requ\u00eate adress\u00e9e par lettre recommand\u00e9e avec accus\u00e9 de r\u00e9ception, ou de mani\u00e8re \nd\u00e9mat\u00e9rialis\u00e9e via le site Internet \u00ab  T\u00e9l\u00e9recours citoyens  \u00bb accessible \u00e0 l'adresse suivante \u00ab \nwww.telerecours.fr \u00bb.  \n \n \nArticle 4 : La  directrice de l'organisation des soins et de l'autonomie de l' ARS de Bourgogne \nFranche-Comt\u00e9 est charg\u00e9e de l'ex\u00e9cution de la pr\u00e9sente d\u00e9cision qui sera notifi\u00e9e \u00e0 Messieurs \nARS Bourgogne-Franche-Comt\u00e9 - 21-2025-10-17-00006 - DECISION N\u00b0 ARS-BFC-DOSA-2025-2110\naccordant pr\u00e9alablement le transfert des autorisations initiales de mise en service d'une ambulance et d'un v\u00e9hicule sanitaire l\u00e9ger au\nprofit de la SB TAXI dont le si\u00e8ge social est situ\u00e9 32 route de Gilly - FLAGEY-ECHEZEAUX (21640), dans le cadre d'un projet d'achat de\nv\u00e9hicules\n5\n \nARS Bourgogne-Franche-Comt\u00e9 \nLe Diapason, 2 Place des Savoirs, CS 73535, 21035 Dijon cedex \nT\u00e9l. : 0808 807 107 - Site : www.bourgogne-franche-comte.ars.sante.fr \n \nMonsieur Hugo SIRI et Franck BOULEY - cog\u00e9rants - et publi\u00e9e au recueil des actes administratifs \ndu d\u00e9partement de C\u00f4te d'Or. \n \nFait \u00e0 Dijon, le 17/10/2025 \n \nPour la directrice g\u00e9n\u00e9rale, \nLa cheffe du d\u00e9partement ressources et moyens, \n \n \nSIGN\u00c9 \n \nAnne-Marie GARCIA \nARS Bourgogne-Franche-Comt\u00e9 - 21-2025-10-17-00006 - DECISION N\u00b0 ARS-BFC-DOSA-2025-2110\naccordant pr\u00e9alablement le transfert des autorisations initiales de mise en service d'une ambulance et d'un v\u00e9hicule sanitaire l\u00e9ger au\nprofit de la SB TAXI dont le si\u00e8ge social est situ\u00e9 32 route de Gilly - FLAGEY-ECHEZEAUX (21640), dans le cadre d'un projet d'achat de\nv\u00e9hicules\n6\nDirection d\u00e9partementale des territoires de la\nC\u00f4te-d'Or\nService de l'eau et des risques\n21-2025-10-24-00002\nArr\u00eat\u00e9 N\u00b0 1572\nPortant agr\u00e9ment de l'\u00e9lection du pr\u00e9sident de\nl'association agr\u00e9\u00e9e de p\u00eache et de protection\ndu milieu aquatique \u00abLa truite Beaunoise\u00bb\nDirection d\u00e9partementale des territoires de la C\u00f4te-d'Or - 21-2025-10-24-00002 - Arr\u00eat\u00e9 N\u00b0 1572\nPortant agr\u00e9ment de l'\u00e9lection du pr\u00e9sident de l'association agr\u00e9\u00e9e de p\u00eache et de protection du milieu aquatique \u00abLa truite\nBeaunoise\u00bb\n7\nExPREFETDE LACOTE-D'ORLibert\u00e9Egalit\u00e9Fraternit\u00e9\nDirection d\u00e9partementale des territoires \n                                                \nService de l'eau et des risques \nBureau pr\u00e9servation de la qualit\u00e9 de l'eau \net des milieux aquatiques\nm\u00e9l : ddt-ser-ope@cote-dor.gouv.fr\nArr\u00eat\u00e9 N\u00b0 1572\nPortant agr\u00e9ment de l'\u00e9lection du pr\u00e9sident de l'association agr\u00e9\u00e9e de p\u00eache et de \nprotection du milieu aquatique \u00abLa truite Beaunoise\u00bb\nLe pr\u00e9fet de la C\u00f4te-d'Or\nVU la loi du 1er juillet 1901 relative au contrat d'association ; \nVU  le titre III du livre IV du code de l'environnement, notamment ses articles R.434-25 \u00e0  \nR.434-27 ;\nVU l'arr\u00eat\u00e9 du 16 janvier 2013 modifi\u00e9 fixant les conditions d'agr\u00e9ment et les statuts types des \nassociations agr\u00e9\u00e9es de p\u00eache et de protection du milieu aquatique ;\nVU les  arr\u00eat\u00e9s  n\u00b0507/SG  du  28  mars  2025  donnant  d\u00e9l\u00e9gation  de  signature  \u00e0  Madame \nManuelle DUPUY, directrice d\u00e9partementale des territoires de la C\u00f4te-d'Or, et n\u00b0 1333 du 28  \nao\u00fbt 2025 portant subd\u00e9l\u00e9gation de signature aux agents de la direction d\u00e9partementale des  \nterritoires de la C\u00f4te-d'Or;\nVU le proc\u00e8s verbal du conseil d'administration du 18 septembre 2025 ;\nCONSIDERANT qu'il appartient au pr\u00e9fet de porter agr\u00e9ment \u00e0 l'\u00e9lection du pr\u00e9sident et du  \ntr\u00e9sorier des associations agr\u00e9\u00e9es de p\u00eache et de protection du patrimoine piscicole ;\nCONSIDERANT qu'au regard des renseignements apport\u00e9s il n'appara\u00eet aucune objection \u00e0  \nproc\u00e9der \u00e0 l'agr\u00e9ment de l'\u00e9lection du pr\u00e9sident de l'AAPPMA \u00ab La Truite Beaunoise\u00bb \u00e9lus par \nle conseil d'administration en date du 18 septembre 2025;\nSUR proposition de la directrice d\u00e9partementale des territoires;\n57 rue de Mulhouse\nBP 53317\n21033  DIJON cedex\nDirection d\u00e9partementale des territoires de la C\u00f4te-d'Or - 21-2025-10-24-00002 - Arr\u00eat\u00e9 N\u00b0 1572\nPortant agr\u00e9ment de l'\u00e9lection du pr\u00e9sident de l'association agr\u00e9\u00e9e de p\u00eache et de protection du milieu aquatique \u00abLa truite\nBeaunoise\u00bb\n8\nA R R E T E\nARTICLE 1er : L'agr\u00e9ment pr\u00e9vu \u00e0 l'article R.434-27 du code de l'environnement est accord\u00e9  \npour  l'\u00e9lection,  en  date  du  18/09/2025,  de  Monsieur  BLANCHARD  Sylvain  en  tant  que \npr\u00e9sident de l'association agr\u00e9\u00e9e de p\u00eache et de protection du milieu aquatique (AAPPMA) \u00ab   \nLa Truite Beaunoise \u00bb.\nSon  mandat  se  terminera  le  31  d\u00e9cembre  de  l'ann\u00e9e  pr\u00e9c\u00e9dant  celle  d'expiration  des \nprochains baux de p\u00eache consentis par l'\u00c9tat sur les eaux du domaine public.\nARTICLE 2  : La directrice d\u00e9partementale des territoires de la C\u00f4te-d'Or est charg\u00e9e de  \nl'ex\u00e9cution du pr\u00e9sent arr\u00eat\u00e9 dont copie sera adress\u00e9e au pr\u00e9sident de la f\u00e9d\u00e9ration de C\u00f4te-\nd'Or de p\u00eache et de protection du milieu aquatique.\nFait \u00e0 Dijon, le 24/10/2025\nPour le pr\u00e9fet et par d\u00e9l\u00e9gation,\npour la directrice d\u00e9partementale des territoires,\n  La cheffe du bureau pr\u00e9servation de la qualit\u00e9 de \nde l'eau et des milieux aquatiques\nSign\u00e9\nPauline SOUCHE-SUCHOVSKY\n57 rue de Mulhouse\nBP 53317\n21033  DIJON cedex\nDirection d\u00e9partementale des territoires de la C\u00f4te-d'Or - 21-2025-10-24-00002 - Arr\u00eat\u00e9 N\u00b0 1572\nPortant agr\u00e9ment de l'\u00e9lection du pr\u00e9sident de l'association agr\u00e9\u00e9e de p\u00eache et de protection du milieu aquatique \u00abLa truite\nBeaunoise\u00bb\n9\nPr\u00e9fecture de la C\u00f4te-d'Or\nDirection des s\u00e9curit\u00e9s\n21-2025-10-24-00001\nArr\u00eat\u00e9 pr\u00e9fectoral n\u00b01571 fixant la liste des\ncandidats admis \u00e0 l'examen pour la certification\n\u00e0 la P\u00e9dagogie Appliqu\u00e9e \u00e0 l'Emploi de\nFormateur aux Premiers Secours en \u00e9quipe\n(PAE-FPSE) organis\u00e9 par le 511? r\u00e9giment du train\nle 17 octobre 2025\nPr\u00e9fecture de la C\u00f4te-d'Or - 21-2025-10-24-00001 - Arr\u00eat\u00e9 pr\u00e9fectoral n\u00b01571 fixant la liste des candidats admis \u00e0 l'examen pour la\ncertification \u00e0 la P\u00e9dagogie Appliqu\u00e9e \u00e0 l'Emploi de Formateur aux Premiers Secours en \u00e9quipe (PAE-FPSE) organis\u00e9 par le 511?\nr\u00e9giment du train le 17 octobre 2025\n10\nExPREFETDE LACOTE-D'ORLibert\u00e9Egalit\u00e9Fraternit\u00e9\nDirection des S\u00e9curit\u00e9s\nBureau de la S\u00e9curit\u00e9 Civile\n \n                   Dijon, le 24 octobre 2025 \nArr\u00eat\u00e9 pr\u00e9fectoral n\u00b01571\nfixant la liste des candidats admis \u00e0 l'examen pour la certification \u00e0 la P\u00e9dagogie \nAppliqu\u00e9e \u00e0 l'Emploi de Formateur aux Premiers Secours en \u00e9quipe (PAE-FPSE) organis\u00e9 par\nle 511  r\u00e9giment du train le 17 octobre 2025\u1d49\nLe pr\u00e9fet de la C\u00f4te-d'Or\nVU le code de la s\u00e9curit\u00e9 int\u00e9rieure ;\nVU le d\u00e9cret 2024-242 du 20 mars 2024 relatif aux formations aux premiers secours  ;\nVU l'arr\u00eat\u00e9 du 15 juin 2024 relatif \u00e0 la fili\u00e8re p\u00e9dagogique de s\u00e9curit\u00e9 civile ;\nVU l'agr\u00e9ment ON01-FPSC-035-2024-27 d\u00e9livr\u00e9 par le Minist\u00e8re de l'Int\u00e9rieur le 20 f\u00e9vrier  \n2024 au Centre de Formation Op\u00e9rationnelle Sant\u00e9 de l'\u00e9cole du Val-de-Gr\u00e2ce (CEFOS),  \nrelatif  \u00e0  l'unit\u00e9  d'enseignement  \u00ab P\u00e9dagogie  Appliqu\u00e9e  \u00e0  l'Emploi  de  Formateur  en \nPr\u00e9vention et Secours Civiques \u00bb ;\nVU le certificat de condition d'exercice n\u00b0 2024-013 d\u00e9livr\u00e9 le 28 f\u00e9vrier 2024 portant  \nhabilitation pour les formations aux premiers secours au 511  R\u00e9giment du Train\u1d49  ;\nVU l'arr\u00eat\u00e9 pr\u00e9fectoral n\u00b0944/SG du 2 juillet 2025 donnant d\u00e9l\u00e9gation de signature \u00e0 Madame \nH\u00e9l\u00e8ne MANCIAUX, directrice des s\u00e9curit\u00e9s de la pr\u00e9fecture de la C\u00f4te d'Or ;\nVU le proc\u00e8s verbal n\u00b025-04 du 17 octobre 2025 fixant la liste des candidats admis \u00e0 l'examen \npour la certification \u00e0 la P\u00e9dagogie Appliqu\u00e9e \u00e0 l'Emploi de Formateur aux Premiers Secours  \nen \u00e9quipe (PAE-FPSE) organis\u00e9 par le 511  r\u00e9giment du train le 17 octobre 2025\u1d49  ;\nSUR proposition de la directrice de cabinet,\nPr\u00e9fecture de la C\u00f4te-d'Or\n53 rue de la Pr\u00e9fecture \n21000 DIJON\n03 80 44 66 60\nPr\u00e9fecture de la C\u00f4te-d'Or - 21-2025-10-24-00001 - Arr\u00eat\u00e9 pr\u00e9fectoral n\u00b01571 fixant la liste des candidats admis \u00e0 l'examen pour la\ncertification \u00e0 la P\u00e9dagogie Appliqu\u00e9e \u00e0 l'Emploi de Formateur aux Premiers Secours en \u00e9quipe (PAE-FPSE) organis\u00e9 par le 511?\nr\u00e9giment du train le 17 octobre 2025\n11\nARRETE\nA  rticle 1er  : Les candidats dont les noms suivent ont obtenu l a certification \u00e0 la P\u00e9dagogie  \nAppliqu\u00e9e \u00e0 l'Emploi de Formateur aux Premiers Secours en \u00e9quipe (PAE-FPSE) organis\u00e9 par \nle 511  r\u00e9giment du train le 17 octobre 2025\u1d49  :\nSEURRE Thierry 2025-04-01\nMOUTURAT Priscillia 2025-04-02\nRABILLOUD Maxime 2025-04-03\nBESANCON Logan 2025-04-04\nGAUDIAT Mike 2025-04-05\nArticle 2 : La directrice de cabinet et la directrice des s\u00e9curit\u00e9s sont charg\u00e9es, chacune en  \nce qui la concerne,  de l'ex\u00e9cution du pr\u00e9sent arr\u00eat\u00e9 qui sera publi\u00e9 au recueil des actes  \nadministratifs  de  la  Pr\u00e9fecture  de  la  C\u00f4te-d'Or  et  dont  copie  sera  adress\u00e9e  \u00e0 \nl'organisateur.\n   \nLe pr\u00e9fet,\n     Pour le pr\u00e9fet et par d\u00e9l\u00e9gation, \n          La directrice des s\u00e9curit\u00e9s,\n \n ORIGINAL SIGNE\n     H\u00e9l\u00e8ne MANCIAUX\nPr\u00e9fecture de la C\u00f4te-d'Or\n53 rue de la Pr\u00e9fecture \n21000 DIJON\n03 80 44 66 60\nPr\u00e9fecture de la C\u00f4te-d'Or - 21-2025-10-24-00001 - Arr\u00eat\u00e9 pr\u00e9fectoral n\u00b01571 fixant la liste des candidats admis \u00e0 l'examen pour la\ncertification \u00e0 la P\u00e9dagogie Appliqu\u00e9e \u00e0 l'Emploi de Formateur aux Premiers Secours en \u00e9quipe (PAE-FPSE) organis\u00e9 par le 511?\nr\u00e9giment du train le 17 octobre 2025\n12","date":"2025-10-24","first_seen_on":"2025-10-24T14:12:02+00:00","id":"f436971d9939096e99e7ae2db37ba6402e4b598a8d290f0fb87edcc5e3d63e0c","name":"RAA n\u00b0 147 du 24 octobre 2025","pdf_creation_date":"2025-10-24T14:06:52+00:00","pdf_modification_date":null,"timezone":"Europe/Paris","url":"https://www.cote-dor.gouv.fr/contenu/telechargement/24523/186880/file/recueil-21-2025-147-recueil-des-actes-administratifs-nominatifs.pdf"}
