{"administration":"prefidf","administration_name":"Pr\u00e9fecture de la r\u00e9gion \u00cele-de-France","content":"PREFECTURE\nREGION ILE DE\nFRANCE\nRECUEIL DES ACTES\nADMINISTRATIFS SP\u00c9CIAL\n(NOMINATIFS)\nN\u00b0IDF-016-2025-04\nPUBLI\u00c9 LE  7 AVRIL 2025\nSommaire\nAgence R\u00e9gionale de Sant\u00e9 / Agence r\u00e9gionale de sant\u00e9\nd'Ile-de-France-Direction de l'Offre de Soins (DOS)\nIDF-2025-04-02-00005 - Acte de d\u00e9claration n\u00b0 DOS - 2025 /\n1052\nportant fonctionnement du laboratoire de biologie m\u00e9dicale\nmulti-sites \u00ab LA SCALA \u00bb sis 137, rue de Vaugirard \u00e0 PARIS (75015)\n (5\npages) Page 3\nDirection r\u00e9gionale des affaires culturelles d'Ile-de-France  / Conservation\nr\u00e9gionale des monuments historiques\nIDF-2025-04-01-00029 - Arr\u00eat\u00e9 portant inscription au titre des\nmonuments historiques des appartements de Charlotte Perriand, situ\u00e9s 9\nrue Montalembert \u00e0 Paris (7e arr.) (6 pages) Page 9\nMission nationale de contr\u00f4le et d'audit des organismes de s\u00e9curit\u00e9\nsociale  / Antenne Paris\nIDF-2025-04-07-00004 - Arr\u00eat\u00e9 modificatif du 07 avril 2025 portant\nmodification de la composition du conseil d'administration de la Caisse\nprimaire d'assurance maladie des Hauts-de-Seine (CPAM 92) (2 pages) Page 16\nIDF-2025-04-07-00003 - Arr\u00eat\u00e9 modificatif du 07 avril 2025 portant\nmodification de la composition du conseil d'administration de la Caisse\nprimaire d'assurance maladie du Val d'Oise (CPAM 95) (2 pages) Page 19\nIDF-2025-04-07-00001 - Arr\u00eat\u00e9 modificatif du 07 avril 2025 - ADP\nConseil CAF 94 - portant modification de la composition du Conseil\nd'administration de la Caisse des allocations familiales du Val-de-Marne\n(2 pages) Page 22\nIDF-2025-04-07-00002 - Arr\u00eat\u00e9 modificatif du 07 avril 2025 - ADP\nIRPSTI IDF - portant modification de la composition du conseil de\nl'Instance  R\u00e9gionale pour la Protection Sociale des Travailleurs\nInd\u00e9pendants de la r\u00e9gion Ile de France (2 pages) Page 25\n2\nAgence R\u00e9gionale de Sant\u00e9\nIDF-2025-04-02-00005\nActe de d\u00e9claration n\u00b0 DOS - 2025 / 1052\nportant fonctionnement du laboratoire de\nbiologie m\u00e9dicale multi-sites \u00ab LA SCALA \u00bb sis\n137, rue de Vaugirard \u00e0 PARIS (75015)\nAgence R\u00e9gionale de Sant\u00e9 - IDF-2025-04-02-00005 - Acte de d\u00e9claration n\u00b0 DOS - 2025 / 1052\nportant fonctionnement du laboratoire de biologie m\u00e9dicale multi-sites \u00ab LA SCALA \u00bb sis 137, rue de Vaugirard \u00e0 PARIS (75015) 3\nE =R\u00c9PUBLIQUEFRAN\u00c7AISELibert\u00e9Egalit\u00e9Fraternit\u00e9\nAr\u00a9 D Agence R\u00e9gionale de Sant\u00e9\u00cele-de-France\nAGENCE R\u00c9GIONALE DE SANT\u00c9 \u00ceLE-DE-FRANCE\nActe de d\u00e9claration n\u00b0 DOS - 2025/ 1052\nportant fonctionnement du laboratoire de biologie m\u00e9dicale multi-sites \u00ab LA SCALA \u00bb sis\n137, rue de Vaugirard \u00e0 PARIS (75015)\nLE DIRECTEUR G\u00c9N\u00c9RAL DE L'AGENCE R\u00c9GIONALE DE SANT\u00c9 \u00ceLE-DE-FRANCE\nVU le Code de la sant\u00e9 publique, le livre II de la sixi\u00e8me partie ;\nVU la loi n\u00b0 2013-442 en date du 30 mai 2013 portant r\u00e9forme de la biologie m\u00e9dicale et ratifiant\nl'ordonnance n\u00b0 2010-49 du 13 janvier 2010 relative \u00e0 la biologie m\u00e9dicale ;\nVU le d\u00e9cret n\u00b0 2016-46 du 26 janvier 2016 relatif \u00e0 la biologie m\u00e9dicale ;\nVU\nVU\nle d\u00e9cret n\u00b0 2016-44 du 26 janvier 2016 relatif aux soci\u00e9t\u00e9s exploitant un laboratoire de biologie\nm\u00e9dicale priv\u00e9 et aux soci\u00e9t\u00e9s de participations financi\u00e8res de profession lib\u00e9rale de biologistes\nm\u00e9dicaux ;\nl'ordonnance n\u00b0 2023-77 du 8 f\u00e9vrier 2023 relative \u00e0 l'exercice en soci\u00e9t\u00e9 des professions\nlib\u00e9rales r\u00e9glement\u00e9es ;\nVU le d\u00e9cret du 10 avril 2024 portant nomination de Monsieur Denis ROBIN, Directeur g\u00e9n\u00e9ral de\nl'Agence r\u00e9gionale de sant\u00e9 \u00cele-de-France, \u00e0 compter du 29 avril 2024 ;\nVU l'arr\u00eat\u00e9 n\u00b0 DS 2024/0034 du 29 avril 2024 portant d\u00e9l\u00e9gation de signature du Directeur g\u00e9n\u00e9ral\nde l'Agence r\u00e9gionale de sant\u00e9 \u00cele-de-France \u00e0 Monsieur Arnaud CORVAISIER, Directeur de\nl'offre de soins, et \u00e0 diff\u00e9rents collaborateurs ;\nVU l'acte de d\u00e9claration n\u00b0 DOS-2025/605 en date du 17 f\u00e9vrier 2025 portant fonctionnement du\nlaboratoire de biologie m\u00e9dicale \u00ab LA SCALA \u00bb, sis 137, rue de Vaugirard \u00e0 Paris 15\u00e8me ; \nCONSIDERANT La demande du 11 f\u00e9vrier 2025 et compl\u00e9t\u00e9e le 18 mars 2025 adress\u00e9e par Ma\u00eetre C\u00e9line\nROQUELLE-MEYER du cabinet Jasper Avocats, conseil juridique mandat\u00e9 par les\nrepr\u00e9sentants l\u00e9gaux du laboratoire de biologie m\u00e9dicale \u00ab LA SCALA \u00bb sis 137, rue de\nVaugirard \u00e0 PARIS (75015), exploit\u00e9 par la SELAS \u00ab LA SCALA \u00bb, sise \u00e0 la m\u00eame\nadresse, en vue de prendre en compte les modifications suivantes :\n- La modification de la r\u00e9partition du capital social de la SELAS \u00ab LA SCALA \u00bb\nsuite \u00e0 la cession de la totalit\u00e9 des actions d\u00e9tenues par Messieurs A\u00efssa\nCHAMBI et Elie AKIKI au profit de Monsieur Pascal MELIN, intervenues le\n31 juillet 2024 ; \n- L'ouverture d'un site pr\u00e9-analytique, analytique et post-analytique sis 47 rue de\nVaugirard \u00e0 Paris 6\u00e8me situ\u00e9 au sein des locaux de la Fondation \u00ab Institut Arthur\nVernes \u00bb (Paris 6\u00e8me) ; \nCONSIDERANT La copie du proc\u00e8s-verbal des d\u00e9lib\u00e9rations des associ\u00e9s de la SELAS \u00ab LA SCALA \u00bb\nen date du 24 juillet 2024 portant acte de la cession de la totalit\u00e9 des actions d\u00e9tenues\ndans le capital de la soci\u00e9t\u00e9 par Messieurs Aissa CHAMBI et Elie AKIKI, au profit de\nMonsieur Pascal MELIN, biologiste m\u00e9dical associ\u00e9 ;  \nAgence R\u00e9gionale de Sant\u00e9 - IDF-2025-04-02-00005 - Acte de d\u00e9claration n\u00b0 DOS - 2025 / 1052\nportant fonctionnement du laboratoire de biologie m\u00e9dicale multi-sites \u00ab LA SCALA \u00bb sis 137, rue de Vaugirard \u00e0 PARIS (75015) 4\n2\nCONSIDERANT\nCONSIDERANT\nCONSIDERANT\nLa copie de l'ordre de mouvement relatif \u00e0 la cession des 60 actions de pr\u00e9f\u00e9rence\nd\u00e9tenues par Monsieur A\u00efssa CHAMBI au profit de Monsieur Pascal MELIN, en date du\n31 juillet 2024 ;\nLa copie de l'ordre de mouvement relatif \u00e0 la cession d'une action de pr\u00e9f\u00e9rence et d'une\naction ordinaire d\u00e9tenues par Monsieur Elie AKIKI au profit de Monsieur Pascal MELUN,\nen date du 31 juillet 2024 ; \nLa nouvelle r\u00e9partition du capital social et des droits de vote de la SELAS \u00ab LA SCALA \u00bb\nau 31 juillet 2024 ; \nCONSIDERANT La copie des plans des locaux du site sis 47 rue de Vaugirard \u00e0 PARIS (75006) dans leur\nversion d\u00e9finitive du 18 mars 2025, la liste des superficies des pi\u00e8ces dont le bureau\nd\u00e9di\u00e9 \u00e0 l'exercice du biologiste responsable mesurant 5.94 m\u00b2, ainsi que les \u00e9l\u00e9ments\nrelatifs \u00e0 la signal\u00e9tique ext\u00e9rieure du site respectant les conditions pr\u00e9vues au dernier\nalin\u00e9a de l'article R.6222-3 du Code de la sant\u00e9 publique ;\nCONSIDERANT La copie du contrat d'exercice privil\u00e9gi\u00e9 portant sur l'organisation de l'activit\u00e9 de biologie\nm\u00e9dicale entre la Fondation \u00ab Institut Arthur Vernes \u00bb sis 36 rue d'Assas Paris 6\u00e8me et\nla SELAS \u00ab LA SCALA \u00bb, conclu le 10 f\u00e9vrier 2025 ;\nCONSIDERANT La copie du contrat de bail locatif relatif aux locaux du site situ\u00e9 dans l'enceinte de\nl'Institut Arthur Vernes (entr\u00e9e secondaire) au 47 rue de Vaugirard \u00e0 Paris 6\u00e8me, conclu\nentre la Fondation \u00ab Institut Arthur Vernes \u00bb sis 36 rue d'Assas Paris 6\u00e8me et la SELAS\n\u00ab LA SCALA \u00bb le 10 f\u00e9vrier 2025 ;\nCONSIDERANT\nCONSIDERANT\nLa liste du personnel m\u00e9dical et param\u00e9dical affect\u00e9 au site sis 47 rue de Vaugirard \u00e0\nParis 6\u00e8me ; \nLa liste du mat\u00e9riel et des \u00e9quipements du site sis 47 rue de Vaugirard \u00e0 Paris 6\u00e8me, ainsi\nque l'activit\u00e9 pr\u00e9visionnelle des trois prochaines ann\u00e9es ; \nCONSIDERANT L'attestation d'accr\u00e9ditation du laboratoire de biologie m\u00e9dicale \u00ab LA SCALA \u00bb n\u00b0 8-3337\nr\u00e9v. 14 d\u00e9livr\u00e9e par le COFRAC, ayant pour date de prise d'effet le 20 d\u00e9cembre 2024\net pour date de fin de validit\u00e9 le 30 avril 2028 ;\nPREND ACTE DE LA DECLARATION :\nARTICLE 1er : Le laboratoire de biologie m\u00e9dicale multi-sites \u00ab LA SCALA \u00bb sis 137, rue de Vaugirard \u00e0\nParis 15\u00e8me, codirig\u00e9 par Monsieur Pascal MELIN et Madame Hala SARMINI, exploit\u00e9 par\nla SELAS \u00ab LA SCALA \u00bb sise \u00e0 la m\u00eame adresse et enregistr\u00e9e dans le fichier FINESS\n(EJ) sous le n\u00b0 75 004 906 6, fonctionne sous le n\u00b075-236 sur les  neuf sites ouverts au\npublic ci-dessous :\n1. le site \u00ab Vaugirard \u00bb, site principal et si\u00e8ge social\n137, rue de Vaugirard \u00e0 PARIS (75015)\nOuvert au public de 7h30 \u00e0 19h et les samedis matins \nPratiquant les activit\u00e9s de biochimie (biochimie g\u00e9n\u00e9rale et sp\u00e9cialis\u00e9e),\nd'immunologie-h\u00e9matologie-biologie de la reproduction (h\u00e9matocytologie,\nh\u00e9mostase, immunoh\u00e9matologie, spermiologie diagnostique, activit\u00e9s\nbiologiques d'assistance m\u00e9dicale \u00e0 la procr\u00e9ation), et de microbiologie\n(bact\u00e9riologie, parasitologie-mycologie, s\u00e9rologie infectieuse)\nDans le cadre d'une convention avec l'\u00e9tablissement de sant\u00e9 priv\u00e9 Alleray-\nLabrouste, sis 64 rue Labrouste 75015 PARIS, le site Vaugirard assure les\nurgences 24h/24 et 7 jours/7.\nN\u00b0 FINESS ET en cat\u00e9gorie 611 : 75 004 907 4\nAgence R\u00e9gionale de Sant\u00e9 - IDF-2025-04-02-00005 - Acte de d\u00e9claration n\u00b0 DOS - 2025 / 1052\nportant fonctionnement du laboratoire de biologie m\u00e9dicale multi-sites \u00ab LA SCALA \u00bb sis 137, rue de Vaugirard \u00e0 PARIS (75015) 5\n3\n2. le site \u00ab Motte Piquet \u00bb \n65 avenue de la Motte Piquet \u00e0 PARIS (75015)\nOuvert au public de 7h30 \u00e0 18h et les samedis matins\nSite pr\u00e9 et post analytique\nN\u00b0 FINESS ET en cat\u00e9gorie 611 : 75 007 189 6\n3. le site \u00ab Aristide Briand \u00bb\nsis 67-69, rue Aristide Briand \u00e0 ARCUEIL (94110)\nOuvert au public de 7h30 \u00e0 17h30 et les samedis matins\nSite pr\u00e9 et post analytique\nN\u00b0 FINESS ET en cat\u00e9gorie 611 : 94 000 284 3\n4. le site \u00ab Cachan \u00bb\nsis 12, avenue Carnot \u00e0 CACHAN (94110)\nOuvert au public de 7h30 \u00e0 15h30 et les samedis matins\nSite pr\u00e9 et post analytique\nN\u00b0 FINESS ET en cat\u00e9gorie 611 : 94 000 294 2\n5. le site \u00ab Paris Rome \u00bb\nsis 35, rue de Rome \u00e0 PARIS (75008)\nOuvert au public de 7h30 \u00e0 18h et les samedis matins\nSite pr\u00e9 et post analytique\nN\u00b0 FINESS ET en cat\u00e9gorie 611 : 75 004 945 4\n6. le site \u00ab Paris Ponscarme \u00bb\nsis 19, rue Ponscarme \u00e0 PARIS (75013) \nOuvert au public de 7h30 \u00e0 18h et les samedis matins\nSite pr\u00e9 et post analytique\nN\u00b0 FINESS ET en cat\u00e9gorie 611 : 75 004 909 0\n7. le site \u00ab Paris Lafayette \u00bb\nsis 130, rue Lafayette \u00e0 PARIS (75010)\nOuvert au public de 7h30 \u00e0 15h30 et les samedis matins\nSite pr\u00e9 et post analytique\nN\u00b0 FINESS ET en cat\u00e9gorie 611 : 75 004 910 8\n8. le site  \u00ab Marbeuf \u00bb\n18, rue Marbeuf \u00e0 PARIS (75008)\nOuvert au public de 7h30 \u00e0 18h et les samedis matins\nSite pr\u00e9 et post analytique \nN\u00b0 FINESS ET en cat\u00e9gorie 611 : 75 000 448 3\n9. le site \u00ab Institut Arthur Vernes \u00bb \n47 rue de Vaugirard \u00e0 PARIS (75015)\nPratiquant les activit\u00e9s de biochimie (biochimie g\u00e9n\u00e9rale et sp\u00e9cialis\u00e9e),\nh\u00e9matologie (h\u00e9mostase) et microbiologie (examens directs et de cytologie\nen bact\u00e9riologie) \nOuvert au public du lundi au jeudi de 8h \u00e0 18h, le vendredi de 8h \u00e0 17h et le\nsamedi de 8h30 \u00e0 12h30\nN\u00b0 FINESS ET en cat\u00e9gorie 611 : 75 007 737 2\nLa liste des onze biologistes m\u00e9dicaux exer\u00e7ant du laboratoire de biologie m\u00e9dicale, dont\ndeux biologistes coresponsables, est inchang\u00e9e :\n1. Monsieur Pascal MELIN, m\u00e9decin, biologiste coresponsable, Pr\u00e9sident\n2. Madame Hala SARMINI, pharmacien, biologiste coresponsable, qualifi\u00e9e en AMP\n3. Monsieur St\u00e9phane SADENFIS, pharmacien, biologiste m\u00e9dical associ\u00e9\n4. Monsieur Fabrice CHAVANNE, m\u00e9decin, biologiste m\u00e9dical associ\u00e9\n5. Madame Karine TOUMI, m\u00e9decin, biologiste m\u00e9dical associ\u00e9e\n6. Monsieur G\u00e9rald ULRICH, pharmacien, biologiste m\u00e9dical associ\u00e9\nAgence R\u00e9gionale de Sant\u00e9 - IDF-2025-04-02-00005 - Acte de d\u00e9claration n\u00b0 DOS - 2025 / 1052\nportant fonctionnement du laboratoire de biologie m\u00e9dicale multi-sites \u00ab LA SCALA \u00bb sis 137, rue de Vaugirard \u00e0 PARIS (75015) 6\n4\n7. Madame Lucie PUJO, pharmacien, biologiste m\u00e9dical associ\u00e9e\n8. Monsieur Charles COHEN, pharmacien, biologiste m\u00e9dical associ\u00e9\n9. Madame C\u00e9cile CABANAC \u00e9pouse JURAND, m\u00e9decin, biologiste m\u00e9dical \nassoci\u00e9e\n10. Monsieur St\u00e9phane MADOUX, pharmacien, biologiste m\u00e9dical associ\u00e9, qualifi\u00e9 en \nAMP, exer\u00e7ant \u00e0 temps partiel \u00e0 raison de 3 jours par semaine\n11. Madame Louise ADJIMAN, pharmacien, biologiste m\u00e9dical non associ\u00e9e, qualifi\u00e9e \nen AMP\nLa nouvelle r\u00e9partition du capital social et des droits de vote de la SELAS \u00ab LA SCALA \u00bb \nest la suivante :\nAssoci\u00e9s Actions\nordinaires\nActions de \npr\u00e9f\u00e9rence\nDroits de vote\nSELAS \u00ab MEDIBIOLAB \u00bb 6 997 0 49.25%\nSous-total associ\u00e9s \nprofessionnels externes \n6 997 0 49,25%\nPascal MELIN 1 4 915 34.60%\nHala SARMINI 0 1 862 13.11%\nSt\u00e9phane SADENFIS 0 146 1.03%\nG\u00e9rald ULRICH 1 78 0,56%\nKarine TOUMI 1 1 0,01%\nFabrice CHAVANNE 1 1 0,01%\nLucie PUJO 1 1 0,01%\nCharles COHEN 0 200 1.40%\nC\u00e9cile JURAND 1 0 0.07%\nSt\u00e9phane MADOUX 1 0 0.07%\nSous-total des associ\u00e9s \nprofessionnels internes \n7 7 204 50,75%\nTOTAL 7 004 7 204 100%\nARTICLE 2e : L'acte de d\u00e9claration n\u00b0 DOS-2025/605 en date du 17 f\u00e9vrier 2025 portant fonctionnement\ndu laboratoire de biologie m\u00e9dicale \u00ab LA SCALA \u00bb, sis 137, rue de Vaugirard \u00e0 PARIS\n(75015) est abrog\u00e9 \u00e0 compter de la r\u00e9alisation effective des op\u00e9rations susvis\u00e9es.\nARTICLE 3e : Un recours contentieux contre le pr\u00e9sent acte peut \u00eatre form\u00e9 aupr\u00e8s du Tribunal\nadministratif comp\u00e9tent. Le d\u00e9lai de recours est de deux mois \u00e0 compter de sa notification\npour les int\u00e9ress\u00e9s ou de sa publication pour les tiers.\nARTICLE 4e : Le Directeur du p\u00f4le Efficience de l'Agence r\u00e9gionale de sant\u00e9 \u00cele-de-France est charg\u00e9\nde l'ex\u00e9cution du pr\u00e9sent acte qui sera publi\u00e9 au recueil des actes administratifs de la\npr\u00e9fecture de la r\u00e9gion Ile-de-France.\nAgence R\u00e9gionale de Sant\u00e9 - IDF-2025-04-02-00005 - Acte de d\u00e9claration n\u00b0 DOS - 2025 / 1052\nportant fonctionnement du laboratoire de biologie m\u00e9dicale multi-sites \u00ab LA SCALA \u00bb sis 137, rue de Vaugirard \u00e0 PARIS (75015) 7\n5\nFait \u00e0 Saint-Denis, \nLe Directeur g\u00e9n\u00e9ral \nde l'Agence r\u00e9gionale de sant\u00e9 \n\u00cele-de-France\nPar d\u00e9l\u00e9gation,\n \nAgence R\u00e9gionale de Sant\u00e9 - IDF-2025-04-02-00005 - Acte de d\u00e9claration n\u00b0 DOS - 2025 / 1052\nportant fonctionnement du laboratoire de biologie m\u00e9dicale multi-sites \u00ab LA SCALA \u00bb sis 137, rue de Vaugirard \u00e0 PARIS (75015) 8\nDirection r\u00e9gionale des affaires culturelles\nd'Ile-de-France \nIDF-2025-04-01-00029\nArr\u00eat\u00e9 portant inscription au titre des\nmonuments historiques des appartements de\nCharlotte Perriand, situ\u00e9s 9 rue Montalembert \u00e0\nParis (7e arr.)\nDirection r\u00e9gionale des affaires culturelles d'Ile-de-France  - IDF-2025-04-01-00029 - Arr\u00eat\u00e9 portant inscription au titre des monuments\nhistoriques des appartements de Charlotte Perriand, situ\u00e9s 9 rue Montalembert \u00e0 Paris (7e arr.) 9\nE =PREFET |DE LA REGIOND'\u00ceLE-DE-FRANCELibert\u00e9\u00c9galit\u00e9Fraternit\u00e9\nPr\u00e9fecture de la r\u00e9gion d'Ile-de-France \n5 rue Leblanc  75015 Paris \u2013 Standard  01 82 52 40 00  \u2022 T\u00e9l\u00e9copie 01 82 52 40 16 \nAdresse Internet : www.paris-idf.gouv.fr  \n \n                                          \n \n \n \n \n \n \n                                                                                                          \nA R R \u00ca T \u00c9  N\u00b0  \n \nportant inscription au titre des monuments historiques des appartements de Charlotte Perriand, \nsitu\u00e9s 9 rue Montalembert \u00e0 Paris (7e arr.) ; \n \nLE PR\u00c9FET DE LA R\u00c9GION D'\u00ceLE-DE-FRANCE \nPR\u00c9FET DE PARIS \nCOMMANDEUR DE LA L\u00c9GION D'HONNEUR \nOFFICIER DE L'ORDRE NATIONAL DU M\u00c9RITE  \n \nVU le code du patrimoine, livre VI, titres I et II  ;  \n \nVU le d\u00e9cret n\u00b0 2004-374 du 29 avril 2004 relatif aux pouvoirs des pr\u00e9fets, \u00e0 l'organisation et \u00e0 \nl'action des services de l'Etat dans les r\u00e9gions et d\u00e9partements ; \n \nVU l'avis de la Commission r\u00e9gionale du patrimoine et de l'architecture en date du 11 juin 2024 ; \n \nVU les autres pi\u00e8ces produites et jointes au dossier ; \nCONSID\u00c9RANT que les deux appartements du 9 rue Montalembert, con\u00e7us pour elle-m\u00eame par \nCharlotte Perriand en 1970-72 et 1992-97, sont l'\u0153uvre d'une figure majeure de l'histoire de la \nmodernit\u00e9 et de l'architecture int\u00e9rieure au XX \ne si\u00e8cle ; qu'ils offrent une synth\u00e8se des principes \nqu'elle a d\u00e9velopp\u00e9s tout au long de sa carri\u00e8re au service d'un nouvel art d'habiter, fonctionnel, \nflexible, harmonieux et \u00e9conomique ; qu'ils ont conserv\u00e9 leurs dispositions d'origine et leur \nameublement et constituent une \u0153uvre totale ; que pour ces raisons, ils pr\u00e9sentent, au point de vue \nde l'histoire et de l'art, un int\u00e9r\u00eat suffisant pour en rendre d\u00e9sirable la pr\u00e9servation ;  \n      A R R \u00ca T E  \nARTICLE Ier-. Sont inscrits au titre des monuments historiques les deux appartements situ\u00e9s aux 9e et \n10 e \u00e9tages de l'immeuble sis 9 rue Montalembert \u00e0 Paris (7e arr.), figurant au cadastre section AD, \nparcelle n\u00b0 17 d'une contenance de 352 m2, tels que d\u00e9limit\u00e9s sur les plans annex\u00e9s, avec les \nam\u00e9nagements immeubles par nature list\u00e9s en annexes.  \n \n \n \n \n \n \n \n \n            Direction r\u00e9gionale  \n  des affaires culturelles  \n  d'\u00cele-de-France  \n \nDirection r\u00e9gionale des affaires culturelles d'Ile-de-France  - IDF-2025-04-01-00029 - Arr\u00eat\u00e9 portant inscription au titre des monuments\nhistoriques des appartements de Charlotte Perriand, situ\u00e9s 9 rue Montalembert \u00e0 Paris (7e arr.) 10\n \n \n \n \n \nLes deux appartements, qui correspondent aux lots 43, 44 et 45 de l'\u00e9tat descriptif de division de \nl'immeuble, sont la nue-propri\u00e9t\u00e9 de Madame Tessa Charlotte Prune BARSAC, demeurant 9 rue \nMontalembert \u00e0 Paris (7 \ne arr.), par l'acte de donation du 26 d\u00e9cembre 2014 pass\u00e9 devant Ma\u00eetre \nMEUNIER, notaire \u00e0 Paris, enregistr\u00e9 au service de la publicit\u00e9 fonci\u00e8re le 22 janvier 2015 sous la \nr\u00e9f\u00e9rence d'enliassement B214P02 2015P390. Sa m\u00e8re, Madame Claude Marie Charlotte Pernette \nMARTIN, dite PERRIAND, \u00e9pouse de Jacques BARSAC, demeurant 9 rue Montalembert \u00e0 Paris (7 e \narr.),  en poss\u00e8de l'usufruit. \n \nARTICLE 2-. Le pr\u00e9sent arr\u00eat\u00e9 sera notifi\u00e9 aux propri\u00e9taires, au maire de la commune concern\u00e9e et le \ncas \u00e9ch\u00e9ant, \u00e0 l'autorit\u00e9 comp\u00e9tente en mati\u00e8re de plan local d'urbanisme. \n \nARTICLE 3-. Le pr\u00e9fet de la r\u00e9gion d'\u00cele-de-France est charg\u00e9 de l'ex\u00e9cution du pr\u00e9sent arr\u00eat\u00e9, qui \nsera publi\u00e9 au fichier immobilier de la situation de l'immeuble inscrit et au recueil des actes \nadministratifs de la pr\u00e9fecture de r\u00e9gion. \n \n \n \n \n \nFait \u00e0 Paris, le 01/04/2025 \nLe pr\u00e9fet de la r\u00e9gion d'\u00cele-de-France, \nPr\u00e9fet de Paris \n \nSIGN\u00c9 \n \nMarc GUILLAUME \n \n \n \nDirection r\u00e9gionale des affaires culturelles d'Ile-de-France  - IDF-2025-04-01-00029 - Arr\u00eat\u00e9 portant inscription au titre des monuments\nhistoriques des appartements de Charlotte Perriand, situ\u00e9s 9 rue Montalembert \u00e0 Paris (7e arr.) 11\nPr\u00e9fecture de la r\u00e9gion d'Ile-de-France \n5 rue Leblanc  75015 Paris \u2013 Standard  01 82 52 40 00  \u2022 T\u00e9l\u00e9copie 01 82 52 40 16 \nAdresse Internet : www.paris-idf.gouv.fr  \n \nPlans annex\u00e9s \u00e0 l'arr\u00eat\u00e9 n\u00b0                                         portant inscription au titre des monuments \nhistoriques des appartements de Charlotte Perriand, situ\u00e9s 9 rue Montalembert \u00e0 Paris (7e arr.) \n \n \n \n  \n \n \n \n \n \n \n \n  \n \n                                     \n                        Etendue de protection au titre des monuments historiques, au 9 e \u00e9tage \n \n      \n            \n  \n \nFait \u00e0 Paris, le 01/04/2025 \nLe pr\u00e9fet de la r\u00e9gion d'\u00cele-de-France, \nPr\u00e9fet de Paris \n \nSIGN\u00c9 \n \nMarc GUILLAUME \n \n \n \nDirection r\u00e9gionale des affaires culturelles d'Ile-de-France  - IDF-2025-04-01-00029 - Arr\u00eat\u00e9 portant inscription au titre des monuments\nhistoriques des appartements de Charlotte Perriand, situ\u00e9s 9 rue Montalembert \u00e0 Paris (7e arr.) 12\n \n \nPlans annex\u00e9s \u00e0 l'arr\u00eat\u00e9 n\u00b0                                         portant inscription au titre des monuments \nhistoriques des appartements de Charlotte Perriand, situ\u00e9s 9 rue Montalembert \u00e0 Paris (7e arr.) \n \n \n \n  \n \n \n \n \n \n \n \n  \n \n                                     \n                        Etendue de protection au titre des monuments historiques, au 10 e \u00e9tage \n \n      \n            \n  \n \nFait \u00e0 Paris, le 01/04/2025 \nLe pr\u00e9fet de la r\u00e9gion d'\u00cele-de-France, \nPr\u00e9fet de Paris \n \nSIGN\u00c9 \n \nMarc GUILLAUME \n \n \n \nDirection r\u00e9gionale des affaires culturelles d'Ile-de-France  - IDF-2025-04-01-00029 - Arr\u00eat\u00e9 portant inscription au titre des monuments\nhistoriques des appartements de Charlotte Perriand, situ\u00e9s 9 rue Montalembert \u00e0 Paris (7e arr.) 13\nPr\u00e9fecture de la r\u00e9gion d'Ile-de-France \n5 rue Leblanc  75015 Paris \u2013 Standard  01 82 52 40 00  \u2022 T\u00e9l\u00e9copie 01 82 52 40 16 \nAdresse Internet : www.paris-idf.gouv.fr  \n \nAnnexes \u00e0 l'arr\u00eat\u00e9 n\u00b0                                         portant inscription au titre des monuments historiques \ndes appartements de Charlotte Perriand, situ\u00e9s 9 rue Montalembert \u00e0 Paris (7e arr.) \n \n \nListe des immeubles par nature, selon le code du patrimoine, int\u00e9gr\u00e9s \u00e0 l'\u00e9tendue d'inscription : \nappartement 1 \n \n       9\ne \u00e9tage \n           S\u00e9jour \n  - placard-niche de l'entr\u00e9e \n  - escalier \n  - biblioth\u00e8que-canap\u00e9 \n  - chemin\u00e9e d'angle \n  - banquette-cache-radiateur \n  - niche \u00e0 6 \u00e9tag\u00e8res de verre \n \n                         Chambre  \n- placard (ouest) \n  - placard-bureau (nord) \n- alc\u00f4ve-lit-biblioth\u00e8que \n- banquette-cache-radiateur \n \nSalle de bain \n  - baignoire-s\u00e8che-serviette \n  - ensemble rangements-WC-lavabo-miroir-porte-serviettes \n \n          10 \ne \u00e9tage \n Salle \u00e0 manger \n  - cloison-paravent  \n  - banquette-cache-radiateur \n \n Cuisine  \n- ensemble de l'ameublement de la cuisine (passe-plats, rangements, plan de travail, \u00e9vier, \nvaisselier, \u00e9tag\u00e8res, cuisini\u00e8re) \n - placard (ouest) \n - placard (nord) \n - deux carreaux de c\u00e9ramique d'Iran coll\u00e9s au mur \n \n \n \n \n \n \nFait \u00e0 Paris, le 01/04/2025 \nLe pr\u00e9fet de la r\u00e9gion d'\u00cele-de-France, \nPr\u00e9fet de Paris \n \nSIGN\u00c9 \n \nMarc GUILLAUME \n \n \n  \n \nDirection r\u00e9gionale des affaires culturelles d'Ile-de-France  - IDF-2025-04-01-00029 - Arr\u00eat\u00e9 portant inscription au titre des monuments\nhistoriques des appartements de Charlotte Perriand, situ\u00e9s 9 rue Montalembert \u00e0 Paris (7e arr.) 14\n \n \n \n \n \n \nAnnexes \u00e0 l'arr\u00eat\u00e9 n\u00b0                                         portant inscription au titre des monuments historiques \ndes appartements de Charlotte Perriand, situ\u00e9s 9 rue Montalembert \u00e0 Paris (7\ne arr.) \n \nListe des immeubles par nature, selon le code du patrimoine, int\u00e9gr\u00e9s \u00e0 l'\u00e9tendue d'inscription : \nappartement 2 \n            9e \u00e9tage \n S\u00e9jour \n - porte-cloison coulissante en teck et toile de mylar blanche (ouest) \n - porte coulissante escamotable en bois laqu\u00e9 blanc (est) \n- biblioth\u00e8que (ouest) \n - niche-biblioth\u00e8que \u00e0 8 \u00e9tag\u00e8res en verre (nord) \n - placard-penderie (sud) \n - banc-cache-radiateur \nBureau \n- ensemble bureau-biblioth\u00e8que-rangements \nSalle de bain \n- ensemble lavabo-rangement-miroir (sud) \n- cabine de douche avec son rideau en voile bateau \n- ensemble rangement-WC (nord) \n- meuble de rangement bas (est) \n- placard mural (est) \nSalle \u00e0 manger \n- deux portes coulissantes en r\u00e9sille de bois \n  - ensemble de rangements (cloison nord) \n  - parement de carreaux de c\u00e9ramique portugais (cloison nord) \n  - banc \n  - escalier-rangements \n  Chambre \n  - placard (ouest) \n  - bureau-biblioth\u00e8que-rangements (angle nord-ouest) \n  Cuisine \n- ensemble d'ameublement de cuisine (rangement, plan de travail, \u00e9vier, bar, vaisselier) (nord) \n- cuisini\u00e8re (ouest) \n- ensemble de rangements (ouest) \n- ensemble plan de travail-placards-\u00e9tag\u00e8res (est) \n              10 \ne \u00e9tage \n  Bureau-chambre \n  - biblioth\u00e8que \u00e0 quatre \u00e9tag\u00e8res \n  - biblioth\u00e8que \u00e0 deux \u00e9tag\u00e8res \n  - bureau \n  Salle de bain \n  -porte coulissante en r\u00e9sille de bois \n  -lavabo-rangement \n  -ensemble WC-rangement                   \n                         Fait \u00e0 Paris, le 01/04/2025 \n                              Le pr\u00e9fet de la r\u00e9gion d'\u00cele-de-France, \n                             Pr\u00e9fet de Paris \n \n   SIGN\u00c9 \n \n  Marc GUILLAUME \n \nDirection r\u00e9gionale des affaires culturelles d'Ile-de-France  - IDF-2025-04-01-00029 - Arr\u00eat\u00e9 portant inscription au titre des monuments\nhistoriques des appartements de Charlotte Perriand, situ\u00e9s 9 rue Montalembert \u00e0 Paris (7e arr.) 15\nMission nationale de contr\u00f4le et d'audit des\norganismes de s\u00e9curit\u00e9 sociale \nIDF-2025-04-07-00004\nArr\u00eat\u00e9 modificatif du 07 avril 2025 portant\nmodification de la composition du conseil\nd'administration de la Caisse primaire\nd'assurance maladie des Hauts-de-Seine (CPAM\n92)\nMission nationale de contr\u00f4le et d'audit des organismes de s\u00e9curit\u00e9 sociale  - IDF-2025-04-07-00004 - Arr\u00eat\u00e9 modificatif du 07 avril\n2025 portant modification de la composition du conseil d'administration de la Caisse primaire d'assurance maladie des\nHauts-de-Seine (CPAM 92)\n16\nGOUVERNEMENT DirectionLibert\u00e9t\u00e9 de la s\u00e9curit\u00e9 socialeEgalit\u00e9Fraternit\u00e9\n \n \n \n \n \nArr\u00eat\u00e9 modificatif du 07 avril 2025 \nportant modification de la composition du conseil d'administration de la Caisse primaire \nd'assurance maladie des Hauts-de-Seine (CPAM 92) \n \n \n \nLa ministre du travail, de la sant\u00e9, des solidarit\u00e9s et des familles \n \n \nVu le code de la s\u00e9curit\u00e9 sociale et notamment les articles L. 211 -2, R. 211-1, R. 121-5 \u00e0 R. 121-7, et \nD. 231-1 \u00e0 D. 231-4 ; \n \nVu l'arr\u00eat\u00e9 du 28 octobre 2009 relatif aux institutions intervenant dans le domaine de l'assurance \nmaladie et si\u00e9geant au sein du conseil de la Caisse nationale de l'assurance maladie des travailleurs salari\u00e9s ; \n \nVu l'arr\u00eat\u00e9 du 6 avril 2022 \u2013 ADP Conseil CPAM des Hauts de Seine - n\u00b01/2022 - portant nomination \ndes membres du conseil de la Caisse Primaire d'Assurance Maladie des Hauts de Seine ; \n \nVu l'arr\u00eat\u00e9 modificatif n\u00b01 du 8 avril 2022 \u2013 ADP Conseil CPAM des Hauts de Seine - n\u00b02/2022 - portant \nnomination des membres du conseil de la Caisse Primaire d'Assurance Maladie des Hauts de Seine ; \n \nVu l'arr\u00eat\u00e9 modificatif n\u00b0 2 du 27 juillet 2022 - n\u00b03/2022 - portant modification de la composition du \nconseil de la Caisse Primaire d'Assurance Maladie des Hauts de Seine \n \nVu l'arr\u00eat\u00e9 modificatif du 18 avril 2023 portant modification de la composition du conseil de la Caisse \nPrimaire d'Assurance Maladie des Hauts de Seine \n \nVu l'arr\u00eat\u00e9 modificatif du 02 juin 2023 portant modification de la composition du conseil de la Caisse \nPrimaire d'Assurance Maladie des Hauts de Seine \n \nVu la proposition de candidature \u00e9manant, au titre du coll\u00e8ge des employeurs, du Mouvement des \nentreprises de France (MEDEF) ; \n \nVu l'arr\u00eat\u00e9 du 20 novembre 2024 portant d\u00e9l\u00e9gation de signature \u00e0 Monsieur Guy -Micha\u00ebl DALIN, \nchef de l'antenne de Paris de la Mission Nationale de Contr\u00f4le et d'audit des organismes de s\u00e9curit\u00e9 sociale \n          \nArr\u00eate \nArticle 1er \nLa composition du conseil de la Caisse Primaire d'Assurance Maladie des Hauts de Seine est modifi\u00e9e comme \nsuit : \n2 \u00b0 En tant que Repr\u00e9sentants des employeurs : \nSur d\u00e9signation du Mouvement des entreprises de France (MEDEF) \n \nTitulaire : \nMme GUERIN (Claire) \n \nSuppl\u00e9ant : \nLe si\u00e8ge de suppl\u00e9ant occup\u00e9 pr\u00e9c\u00e9demment par Mme GUERIN (Claire) devient vacant. \nMission nationale de contr\u00f4le et d'audit des organismes de s\u00e9curit\u00e9 sociale  - IDF-2025-04-07-00004 - Arr\u00eat\u00e9 modificatif du 07 avril\n2025 portant modification de la composition du conseil d'administration de la Caisse primaire d'assurance maladie des\nHauts-de-Seine (CPAM 92)\n17\nArticle 2 \n \nLe chef d'antenne de Paris de la Mission nationale de contr\u00f4le et d'audit des organismes de s\u00e9curit\u00e9 sociale \nest charg\u00e9 de l'ex\u00e9cution du pr\u00e9sent arr\u00eat\u00e9, qui sera publi\u00e9 au recueil des actes administratifs de la \npr\u00e9fecture de la r\u00e9gion Ile-de-France. \nFait le 07 avril 2025 \n \nLa ministre du travail, de la sant\u00e9, des solidarit\u00e9s et des familles \n \nPour les ministres et par d\u00e9l\u00e9gation : \n \nSign\u00e9 \n \nGuy-Micha\u00ebl DALIN \n \n \n \n \n \n \n \n \n \nMission nationale de contr\u00f4le et d'audit des organismes de s\u00e9curit\u00e9 sociale  - IDF-2025-04-07-00004 - Arr\u00eat\u00e9 modificatif du 07 avril\n2025 portant modification de la composition du conseil d'administration de la Caisse primaire d'assurance maladie des\nHauts-de-Seine (CPAM 92)\n18\nMission nationale de contr\u00f4le et d'audit des\norganismes de s\u00e9curit\u00e9 sociale \nIDF-2025-04-07-00003\nArr\u00eat\u00e9 modificatif du 07 avril 2025 portant\nmodification de la composition du conseil\nd'administration de la Caisse primaire\nd'assurance maladie du Val d'Oise (CPAM 95)\nMission nationale de contr\u00f4le et d'audit des organismes de s\u00e9curit\u00e9 sociale  - IDF-2025-04-07-00003 - Arr\u00eat\u00e9 modificatif du 07 avril\n2025 portant modification de la composition du conseil d'administration de la Caisse primaire d'assurance maladie du Val d'Oise\n(CPAM 95)\n19\nE =GOUVERNEMENT DirectionLibert\u00e9t\u00e9 de la s\u00e9curit\u00e9 socialeEgalit\u00e9Fraternit\u00e9\n \n \n \n \nArr\u00eat\u00e9 modificatif du 07 avril 2025 \nportant modification de la composition du conseil d'administration de la Caisse primaire \nd'assurance maladie du Val d'Oise (CPAM 95) \n \n \n \nLa ministre du travail, de la sant\u00e9, des solidarit\u00e9s et des familles \n \nVu le code de la s\u00e9curit\u00e9 sociale et notamment les articles L. 211 -2, R. 211-1, R. 121-5 \u00e0 R. 121-7, et \nD. 231-1 \u00e0 D. 231-4 ;  \n \nVu l'arr\u00eat\u00e9 du 28 octobre 2009 relatif aux institutions intervenant dans le domaine de l'assurance \nmaladie et si\u00e9geant au sein du conseil de la Caisse nationale de l'assurance maladie des travailleurs salari\u00e9s;  \n \nVu l'arr\u00eat\u00e9 du 7 d\u00e9cembre 2021 relatif \u00e0 la r\u00e9partition des si\u00e8ges des repr\u00e9sentants des assur\u00e9s \nsociaux et des employeurs au sein des organismes de s\u00e9curit\u00e9 sociale du r\u00e9gime g\u00e9n\u00e9ral et du r\u00e9gime local \nd'assurance maladie des d\u00e9partements du Haut-Rhin, du Bas-Rhin et de la Moselle ;  \n \nVu l'arr\u00eat\u00e9 du 21 avril 2022 \u2013 ADP Conseil CPAM du Val d'Oise n\u00b02/2022 -portant modification des \nmembres du Conseil de la Caisse Primaire d'Assurance Maladie du Val d'Oise ; \n  \nVu l'arr\u00eat\u00e9 modificatif du 03 janvier 2024 \u2013 ADP Conseil CPAM 95 \u2013 portant modification de la \ncomposition du Conseil de la Caisse Primaire d'Assurance Maladie du Val d'Oise ;  \n  \nVu l'arr\u00eat\u00e9 modificatif du 03 avril 2024 \u2013 ADP Conseil CPAM 95 \u2013 portant modification de la \ncomposition du Conseil de la Caisse Primaire d'Assurance Maladie du Val d'Oise ; \n \nVu l'arr\u00eat\u00e9 modificatif du 20 juin 2024 \u2013 ADP Conseil CPAM 95 \u2013 portant modification de la \ncomposition du Conseil de la Caisse Primaire d'Assurance Maladie du Val d'Oise ; \n \nVu l'arr\u00eat\u00e9 modificatif du 21 juin 2024 \u2013 ADP Conseil CPAM 95 \u2013 portant modification de la \ncomposition du Conseil de la Caisse Primaire d'Assurance Maladie du Val d'Oise \n \nVu le courrier de d\u00e9mission de Madame Lynda MAANDI, conseill\u00e8re CGT, en date 14 janvier 2025 \ntransmis par mail le 24 mars 2025 par la CPAM du Val d'Oise ; \n \n Vu l'arr\u00eat\u00e9 du 20 novembre 2024 portant d\u00e9l\u00e9gation de signature \u00e0 Monsieur Guy-Micha\u00ebl DALIN, chef de \nl'antenne de Paris de la Mission Nationale de Contr\u00f4le et d'audit des organismes de s\u00e9curit\u00e9 sociale ; \n \nArr\u00eate : \n \n \nArticle 1er \n \n \nLa composition du conseil d'administration de la Caisse d'assurance maladie du Val d'Oise  est modifi\u00e9e \ncomme suit : \n \n1\u00b0 En tant que repr\u00e9sentant des assur\u00e9s sociaux : \nSur d\u00e9signation de la Conf\u00e9d\u00e9ration g\u00e9n\u00e9rale du travail (CGT) \n \n \nSuppl\u00e9ant : \nLe si\u00e8ge de Madame Lynda MAANDI devient vacant. \n \n \nMission nationale de contr\u00f4le et d'audit des organismes de s\u00e9curit\u00e9 sociale  - IDF-2025-04-07-00003 - Arr\u00eat\u00e9 modificatif du 07 avril\n2025 portant modification de la composition du conseil d'administration de la Caisse primaire d'assurance maladie du Val d'Oise\n(CPAM 95)\n20\n \n \n \nLe chef d'antenne de Paris de la Mission nationale de contr\u00f4le et d'audit des organismes de s\u00e9curit\u00e9 sociale \nest charg\u00e9 de l'ex\u00e9cution du pr\u00e9sent arr\u00eat\u00e9, qui sera publi\u00e9 au recueil des actes administratifs de la \npr\u00e9fecture de la r\u00e9gion Ile-de-France. \nFait le 07 avril 2025 \n \nLa ministre du travail, de la sant\u00e9, des solidarit\u00e9s et des familles \n \nPour les ministres et par d\u00e9l\u00e9gation : \n \n      Sign\u00e9 \n                                                                         \nGuy-Micha\u00ebl DALIN \nMission nationale de contr\u00f4le et d'audit des organismes de s\u00e9curit\u00e9 sociale  - IDF-2025-04-07-00003 - Arr\u00eat\u00e9 modificatif du 07 avril\n2025 portant modification de la composition du conseil d'administration de la Caisse primaire d'assurance maladie du Val d'Oise\n(CPAM 95)\n21\nMission nationale de contr\u00f4le et d'audit des\norganismes de s\u00e9curit\u00e9 sociale \nIDF-2025-04-07-00001\nArr\u00eat\u00e9 modificatif du 07 avril 2025 - ADP Conseil\nCAF 94 - portant modification de la composition\ndu Conseil d'administration de la Caisse des\nallocations familiales du Val-de-Marne\nMission nationale de contr\u00f4le et d'audit des organismes de s\u00e9curit\u00e9 sociale  - IDF-2025-04-07-00001 - Arr\u00eat\u00e9 modificatif du 07 avril\n2025 - ADP Conseil CAF 94 - portant modification de la composition du Conseil d'administration de la Caisse des allocations familiales\ndu Val-de-Marne\n22\nE =GOUVERNEMENT DirectionLibert\u00e9 de la s\u00e9curit\u00e9 socialeEgalit\u00e9Fraternit\u00e9\n \n \n \nArr\u00eat\u00e9 modificatif du 07 avril 2025 \u2013 ADP Conseil CAF 94 - portant modification de la composition du \nConseil d'administration de la Caisse des allocations familiales du Val-de-Marne \n \nLa ministre du travail, de la sant\u00e9, des solidarit\u00e9s et des familles \n \n \n \nVu le code de la s\u00e9curit\u00e9 sociale et notamment les articles L. 212-2, R. 121-5 \u00e0 R. 121-7, et D. 231-1 \u00e0  \nD. 231-4 ;  \n  \nVu l'arr\u00eat\u00e9 du 16 mars 2022 \u2013 ADP CAF du Val -de-Marne - portant nomination des membres du conseil \nd'administration de la Caisse d'Allocations Familiales du Val-de-Marne ; \n \nVu l'arr\u00eat\u00e9 modificatif du 23 mars 2022 \u2013 ADP CAF du Val-de-Marne -portant modification de la composition \ndu conseil d'administration de la Caisse d'Allocations Familiales du Val-de-Marne ; \n \nVu l'arr\u00eat\u00e9 modificatif du 27 juillet 2022 \u2013 ADP CAF du Val-de-Marne - portant modification de la composition \ndu conseil d'administration de la Caisse d'Allocations Familiales du Val-de-Marne ; \n \nVu l'arr\u00eat\u00e9 modificatif du 1er f\u00e9vrier 2023 \u2013 ADP CAF du Val-de-Marne - portant modification de la composition \ndu conseil d'administration de la Caisse d'Allocations Familiales du Val-de-Marne ; \n \nVu l'arr\u00eat\u00e9 modificatif du 9 juin 2023 \u2013 ADP CAF du Val-de-Marne - portant modification de la composition du \nconseil d'administration de la Caisse d'Allocations Familiales du Val-de-Marne ; \n \nVu l'arr\u00eat\u00e9 modificatif du 26 juin 2023 \u2013 ADP CAF du Val-de-Marne - portant modification de la composition \ndu conseil d'administration de la Caisse d'Allocations Familiales du Val-de-Marne ; \n \nVu l'arr\u00eat\u00e9 modificatif du 17 juin 2024 \u2013 ADP CAF du Val-de-Marne - portant modification de la composition  \ndu conseil d'administration de la Caisse d'Allocations Familiales du Val-de-Marne ; \n \nVu l'arr\u00eat\u00e9 modificatif du 27 juin 2024 \u2013 ADP CA CAF du Val de Marne - portant modification de la composition  \ndu conseil d'administration de la Caisse d'Allocations Familiales du Val-de-Marne ; \n \nVu l'arr\u00eat\u00e9 modificatif du 06 mars 2025 \u2013 ADP CA CAF du Val de Marne - portant modification de la composition  \ndu conseil d'administration de la Caisse d'Allocations Familiales du Val-de-Marne ; \n \nVu la demande de modification \u00e9manant, au titre des repr\u00e9sentants des  travailleurs ind\u00e9pendants , de la \nF\u00e9d\u00e9ration nationale des auto-entrepreneurs (FNAE) ; \n \nVu l'arr\u00eat\u00e9 du 20 novembre 2024 portant d\u00e9l\u00e9gation de signature \u00e0 Monsieur Guy -Micha\u00ebl DALIN, chef de \nl'antenne de Paris de la Mission Nationale de Contr\u00f4le et d'audit des organismes de s\u00e9curit\u00e9 sociale ; \n \nArr\u00eate : \nArticle 1er \nLa composition du conseil d'administration de la Caisse d'Allocations Familiales du Val-de-Marne est modifi\u00e9e \ncomme suit : \n \n1\u00b0 En tant que Repr\u00e9sentant des travailleurs ind\u00e9pendants : \nSur d\u00e9signation de la F\u00e9d\u00e9ration nationale des auto-entrepreneurs (FNAE) : \n \nTitulaire :  \n \nSi\u00e8ge vacant suite au d\u00e9mandatement de Mme MAYEMBA (Wumba). \n \nMission nationale de contr\u00f4le et d'audit des organismes de s\u00e9curit\u00e9 sociale  - IDF-2025-04-07-00001 - Arr\u00eat\u00e9 modificatif du 07 avril\n2025 - ADP Conseil CAF 94 - portant modification de la composition du Conseil d'administration de la Caisse des allocations familiales\ndu Val-de-Marne\n23\n \nArticle 2 \nLe chef d'antenne de Paris de la Mission nationale de contr\u00f4le et d'audit des organismes de s\u00e9curit\u00e9 sociale \nest charg\u00e9 de l'ex\u00e9cution du pr\u00e9sent arr\u00eat\u00e9, qui sera publi\u00e9 au recueil des actes administratifs de la pr\u00e9fecture \nde la r\u00e9gion Ile-de-France. \n \n \nFait \u00e0 Aubervilliers, le 07 avril 2025 \nLa ministre du travail, de la sant\u00e9, des solidarit\u00e9s et des familles, \n \nPour la ministre et par d\u00e9l\u00e9gation : \n \n \n                                         Sign\u00e9 \n \n \n                                                       Guy-Micha\u00ebl DALIN \n \n \n \n \nMission nationale de contr\u00f4le et d'audit des organismes de s\u00e9curit\u00e9 sociale  - IDF-2025-04-07-00001 - Arr\u00eat\u00e9 modificatif du 07 avril\n2025 - ADP Conseil CAF 94 - portant modification de la composition du Conseil d'administration de la Caisse des allocations familiales\ndu Val-de-Marne\n24\nMission nationale de contr\u00f4le et d'audit des\norganismes de s\u00e9curit\u00e9 sociale \nIDF-2025-04-07-00002\nArr\u00eat\u00e9 modificatif du 07 avril 2025 - ADP IRPSTI\nIDF - portant modification de la composition du\nconseil de l'Instance  R\u00e9gionale pour la\nProtection Sociale des Travailleurs Ind\u00e9pendants\nde la r\u00e9gion Ile de France\nMission nationale de contr\u00f4le et d'audit des organismes de s\u00e9curit\u00e9 sociale  - IDF-2025-04-07-00002 - Arr\u00eat\u00e9 modificatif du 07 avril\n2025 - ADP IRPSTI IDF - portant modification de la composition du conseil de l'Instance  R\u00e9gionale pour la Protection Sociale des\nTravailleurs Ind\u00e9pendants de la r\u00e9gion Ile de France\n25\nE =GOUVERNEMENT DirectionLibert\u00e9 de la s\u00e9curit\u00e9 socialeEgalit\u00e9Fraternit\u00e9\n \n \n \nArr\u00eat\u00e9 modificatif du 07 avril 2025 \u2013 ADP IRPSTI IDF - portant modification de la composition du conseil \nde l'Instance R\u00e9gionale pour la Protection Sociale des Travailleurs Ind\u00e9pendants de la r\u00e9gion Ile de Franc \n \nLa ministre du travail, de la sant\u00e9, des solidarit\u00e9s et des familles \n \n \n \n Vu le code de la s\u00e9curit\u00e9 sociale et notamment les articles L. 612-4, L. 612-6 et R. 612-1 ; \n \nVu l'arr\u00eat\u00e9 du 30 novembre 2021 relatif \u00e0 la liste des organisations repr\u00e9sentatives des travailleurs \nind\u00e9pendants et \u00e0 la r\u00e9partition des si\u00e8ges au sein du conseil de la protection sociale des travailleurs \nind\u00e9pendants ; \n \nVu l'arr\u00eat\u00e9 du 24 janvier 2022 \u2013 ADP IRPSTI IDF \u2013 portant nomination des membres du conseil de l'Instance \nR\u00e9gionale pour la Protection Sociale des Travailleurs Ind\u00e9pendants de la r\u00e9gion Ile de France ; \n \nVu l'arr\u00eat\u00e9 modificatif du 27 juillet 2022 - ADP IRPSTI IDF - portant modification de la composition du conseil \nde l'Instance R\u00e9gionale pour la Protection Sociale des Travailleurs Ind\u00e9pendants de la r\u00e9gion Ile de France ; \n \nVu l'arr\u00eat\u00e9 modificatif du 20 janvier 2023 - ADP IRPSTI IDF - portant modification de la composition du conseil \nde l'Instance R\u00e9gionale pour la Protection Sociale des Travailleurs Ind\u00e9pendants de la r\u00e9gion Ile de France ; \n \nVu l'arr\u00eat\u00e9 modificatif du 9 juin 2023 - ADP IRPSTI IDF - portant modification de la composition du conseil de \nl'Instance R\u00e9gionale pour la Protection Sociale des Travailleurs Ind\u00e9pendants de la r\u00e9gion Ile de France ; \n \nVu l'arr\u00eat\u00e9 modificatif du 16 octobre 2023 - ADP IRPSTI IDF - portant modification de la composition du conseil \nde l'Instance R\u00e9gionale pour la Protection Sociale des Travailleurs Ind\u00e9pendants de la r\u00e9gion Ile de France ; \n \nVu l'arr\u00eat\u00e9 modificatif du 4 d\u00e9cembre 2023 - ADP IRPSTI IDF - portant modification de la composition du conseil \nde l'Instance R\u00e9gionale pour la Protection Sociale des Travailleurs Ind\u00e9pendants de la r\u00e9gion Ile de France ; \n \nVu l'arr\u00eat\u00e9 modificatif du 24 mai 2024 - ADP IRPSTI IDF - portant modification de la composition du conseil de \nl'Instance R\u00e9gionale pour la Protection Sociale des Travailleurs Ind\u00e9pendants de la r\u00e9gion Ile de France ; \n \nVu l'arr\u00eat\u00e9 modificatif du 17 juin 2024 - ADP IRPSTI IDF - portant modification de la composition du conseil de \nl'Instance R\u00e9gionale pour la Protection Sociale des Travailleurs Ind\u00e9pendants de la r\u00e9gion Ile de France ; \n \nVu la demande de modification \u00e9manant, au titre des repr\u00e9sentants des  travailleurs ind\u00e9pendants , de la \nF\u00e9d\u00e9ration nationale des auto-entrepreneurs (FNAE) ; \n \nVu l'arr\u00eat\u00e9 du 20 novembre 2024 portant d\u00e9l\u00e9gation de signature \u00e0 Monsieur Guy -Micha\u00ebl DALIN, chef de \nl'antenne de Paris de la Mission Nationale de Contr\u00f4le et d'audit des organismes de s\u00e9curit\u00e9 sociale ; \n \nArr\u00eate : \nArticle 1er \nLa composition du conseil de l'Instance R\u00e9gionale pour la Protection Sociale des Travailleurs Ind\u00e9pendants de \nla r\u00e9gion Ile de France est modifi\u00e9e comme suit : \n \n \n1\u00b0 En tant que Repr\u00e9sentant des travailleurs ind\u00e9pendants : \nSur demande de la F\u00e9d\u00e9ration nationale des auto-entrepreneurs (FNAE) : \n \n \nSuppl\u00e9ant :  \n \nSi\u00e8ge vacant suite au d\u00e9mandatement de Mme MAYEMBA (Wumba). \n \nMission nationale de contr\u00f4le et d'audit des organismes de s\u00e9curit\u00e9 sociale  - IDF-2025-04-07-00002 - Arr\u00eat\u00e9 modificatif du 07 avril\n2025 - ADP IRPSTI IDF - portant modification de la composition du conseil de l'Instance  R\u00e9gionale pour la Protection Sociale des\nTravailleurs Ind\u00e9pendants de la r\u00e9gion Ile de France\n26\n \nArticle 2 \nLe chef d'antenne de Paris de la Mission nationale de contr\u00f4le et d'audit des organismes de s\u00e9curit\u00e9 sociale \nest charg\u00e9 de l'ex\u00e9cution du pr\u00e9sent arr\u00eat\u00e9, qui sera publi\u00e9 au recueil des actes administratifs de la pr\u00e9fecture \nde la r\u00e9gion Ile-de-France. \n \n \nFait \u00e0 Aubervilliers, le 07 avril 2025 \nLa ministre du travail, de la sant\u00e9, des solidarit\u00e9s et des familles \n \nPour la ministre et par d\u00e9l\u00e9gation : \n \nSign\u00e9 \n \n \n                Guy-Micha\u00ebl DALIN \n \n \n \n \nMission nationale de contr\u00f4le et d'audit des organismes de s\u00e9curit\u00e9 sociale  - IDF-2025-04-07-00002 - Arr\u00eat\u00e9 modificatif du 07 avril\n2025 - ADP IRPSTI IDF - portant modification de la composition du conseil de l'Instance  R\u00e9gionale pour la Protection Sociale des\nTravailleurs Ind\u00e9pendants de la r\u00e9gion Ile de France\n27","date":"2025-04-07","first_seen_on":"2025-04-07T16:10:04+00:00","id":"f4546dc5bdb4afdd0a88cbd18630547b1ff580469e8b82a21683855898bcd474","name":"recueil-idf-016-2025-04-RAA-nominatifs du 07.04.2025","pdf_creation_date":"2025-04-07T14:45:43+00:00","pdf_modification_date":null,"timezone":"Europe/Paris","url":"https://www.prefectures-regions.gouv.fr/ile-de-france/irecontenu/telechargement/126840/936580/file/recueil-idf-016-2025-04-RAA-nominatifs%20du%2007.04.2025.pdf"}
