{"administration":"pref83","administration_name":"Pr\u00e9fecture du Var","content":"VAR\nRECUEIL DES ACTES\nADMINISTRATIFS\nN\u00b083-2025-198\nPUBLI\u00c9 LE 12 JUIN 2025\nSommaire\nDirection d\u00e9partementale des territoires et de la mer du Var / Service eau\net biodiversit\u00e9 de la DDTM\n83-2025-04-17-00005 - ARR\u00caT\u00c9 PR\u00c9FECTORAL n\u00b0\nDDTM/SEBIO/2025-53 du 17 avril 2025 portant interdiction temporaire de\nl'exercice de la p\u00eache en eau douce sur l'ensemble du plan d'eau\ndu Revest form\u00e9 par le barrage de Dardennes en vue de l'organisation\nd'un concours de p\u00eache aux carnassiers \u00e0 destination des jeunes\np\u00eacheurs le samedi 17 mai 2025 sur la commune du Revest-les-Eaux (2\npages) Page 3\nPr\u00e9fecture du VAR / Direction des s\u00e9curit\u00e9s\n83-2025-06-11-00002 - ARR\u00caT\u00c9 PR\u00c9FECTORAL n\u00b0\n2025-00007.PM.CAM.VB\nautorisant l'enregistrement audiovisuel des\ninterventions\ndes agents de police municipale de la commune de\nCarnoules. (2 pages) Page 6\n83-2025-06-12-00001 - Arr\u00eat\u00e9 pr\u00e9fectoral n\u00b02025-06-002 ESC du 12\njuin 2025 portant r\u00e9glementation temporaire de la circulation sur\nl'autoroute A8  sur le territoire des communes de Pourri\u00e8res,\nSaint-Maximin-La-Sainte-Baume, Brignoles, Le Cannet-des-Maures, Le Muy,\nPuget-sur-Argens et Fr\u00e9jus (6 pages) Page 9\n2\nDirection d\u00e9partementale des territoires et de la\nmer du Var\n83-2025-04-17-00005\nARR\u00caT\u00c9 PR\u00c9FECTORAL n\u00b0 DDTM/SEBIO/2025-53\ndu 17 avril 2025 portant interdiction temporaire\nde l'exercice de la p\u00eache en eau douce sur\nl'ensemble du plan d'eau du Revest form\u00e9 par le\nbarrage de Dardennes en vue de l'organisation\nd'un concours de p\u00eache aux carnassiers \u00e0\ndestination des jeunes p\u00eacheurs le samedi 17 mai\n2025 sur la commune du Revest-les-Eaux\nDirection d\u00e9partementale des territoires et de la mer du Var - 83-2025-04-17-00005 - ARR\u00caT\u00c9 PR\u00c9FECTORAL n\u00b0 DDTM/SEBIO/2025-53\ndu 17 avril 2025 portant interdiction temporaire de l'exercice de la p\u00eache en eau douce sur l'ensemble du plan d'eau du Revest form\u00e9\npar le barrage de Dardennes en vue de l'organisation d'un concours de p\u00eache aux carnassiers \u00e0 destination des jeunes p\u00eacheurs le\nsamedi 17 mai 2025 sur la commune du Revest-les-Eaux\n3\n=mPREFETDU VARLibert\u00e9Egalit\u00e9Fraternit\u00e9\nARR\u00caT\u00c9 PR\u00c9FECTORAL n\u00b0 DDTM/SEBIO/2025-53 du 17 avril 2025\nportant interdiction temporaire de l'exercice de la p\u00eache en eau douce\nsur l'ensemble du plan d'eau du Revest form\u00e9 par le barrage de Dardennes\nen vue de l'organisation d'un concours de p\u00eache aux carnassiers \u00e0 destination des \njeunes p\u00eacheurs le samedi 17 mai 2025\nsur la commune du Revest-les-Eaux\nLe pr\u00e9fet du Var,\nVu le code de l'environnement et notamment ses articles L. 436-1 et suivants et D. 436-1 et  \nsuivants ;\nVu le d\u00e9cret du Pr\u00e9sident de la R\u00e9publique du 13 juillet 2023 portant nomination de Monsieur  \nPhilippe MAHE, pr\u00e9fet du Var ;\nVu l'arr\u00eat\u00e9  pr\u00e9fectoral  du 28  novembre  2013,  fixant  pour  le  d\u00e9partement  du  Var,  en \napplication de l'article R. 436-43 le classement des cours d'eau, canaux et plans d'eau dans les \ndeux cat\u00e9gories piscicoles ;\nVu l'arr\u00eat\u00e9  pr\u00e9fectoral  n\u00b02024/40/MCI  du  29/10/2024  portant  d\u00e9l\u00e9gation  de  signature  \u00e0 \nM.  Lucien  GIUDICELLI,  secr\u00e9taire  g\u00e9n\u00e9ral  de  la  pr\u00e9fecture  du  Var,  sous-pr\u00e9fet  de \nl'arrondissement de Toulon ; \nVu l'arr\u00eat\u00e9 pr\u00e9fectoral r\u00e9glementaire permanent du 20 d\u00e9cembre 2022 relatif \u00e0 l'exercice de  \nla p\u00eache en eau douce dans le d\u00e9partement du Var ;\nVu la demande du 20 janvier 2025 de la f\u00e9d\u00e9ration du Var pour la p\u00eache et la protection du  \nmilieu aquatique et de l'AAPPMA \u00ab  Le Gardon de Toulon et ses environs  \u00bb qui souhaitent  \norganiser un concours de p\u00eache aux carnassiers sur l'ensemble de la retenue du barrage de  \nDardennes  (lac  du  Revest)  \u00e0  destination  des  jeunes  p\u00eacheurs  \u00e2g\u00e9s  de  8  \u00e0  17  ans  et  des \nadultes ;\nVu l'avis favorable de la m\u00e9tropole Toulon Provence M\u00e9diterran\u00e9e, en sa qualit\u00e9 de ma\u00eetre  \nd'ouvrage  ;\nVu l'avis favorable de la commune du Revest-les-Eaux ;\nVu l'avis favorable de l'agence r\u00e9gionale de sant\u00e9 sous r\u00e9serve que le concours n'engendre pas \nde d\u00e9gradation de la qualit\u00e9 de l'eau,\nVu l'avis favorable de VEOLIA Eau en sa qualit\u00e9 d'exploitant ;\nConsid\u00e9rant  qu'il est n\u00e9cessaire d'\u00e9viter les conflits d'usage entre les p\u00eacheurs de carpes et  \nles participants au concours halieutique, en raison des secteurs de p\u00eache peu nombreux sur le \nplan d'eau du Revest ;\n1/2\nDirection d\u00e9partementale\ndes territoires et de la mer du Var\nService eau et biodiversit\u00e9\nDirection d\u00e9partementale des territoires et de la mer du Var - 83-2025-04-17-00005 - ARR\u00caT\u00c9 PR\u00c9FECTORAL n\u00b0 DDTM/SEBIO/2025-53\ndu 17 avril 2025 portant interdiction temporaire de l'exercice de la p\u00eache en eau douce sur l'ensemble du plan d'eau du Revest form\u00e9\npar le barrage de Dardennes en vue de l'organisation d'un concours de p\u00eache aux carnassiers \u00e0 destination des jeunes p\u00eacheurs le\nsamedi 17 mai 2025 sur la commune du Revest-les-Eaux\n4\nConsid\u00e9rant qu'il est n\u00e9cessaire d'interdire l'acc\u00e8s au plan d'eau et la p\u00eache afin d'en garder  \nl'exclusivit\u00e9 aux manifestants du samedi 17 mai 2025,\nSur proposition du directeur d\u00e9partemental des territoires et de la mer du Var ;\nARR\u00caTE\nArticle 1  er   : Objet et dur\u00e9e\nLa p\u00eache est interdite sur l'ensemble de la retenue du barrage de Dardennes - lac du Revest  \nsur la commune du Revest-les-Eaux durant le concours de p\u00eache aux carnassiers \u00e0 destination  \ndes jeunes p\u00eacheurs \u00e2g\u00e9s de 8 \u00e0 17 ans et des adultes le samedi 17 mai 2025, \u00e0 l'exception des  \npersonnes inscrites au concours de p\u00eache aux carnassiers organis\u00e9 le samedi 17 mai 2025 de  \n7h30 \u00e0 16h (40 p\u00eacheurs maximum).\nArticle 2     : Voies et d\u00e9lais de recours\nConform\u00e9ment aux dispositions de l'article R. 421-1 du code de justice administrative, le  \npr\u00e9sent arr\u00eat\u00e9 peut faire l'objet d'un recours gracieux ou hi\u00e9rarchique dans un d\u00e9lai de 2 mois \n\u00e0 compter de sa notification. Il peut aussi faire l'objet d'un recours contentieux devant le  \ntribunal administratif de Toulon dans ce m\u00eame d\u00e9lai.\nLe d\u00e9faut de r\u00e9ponse de l'administration au recours gracieux ou hi\u00e9rarchique dans un d\u00e9lai de \n2 mois apr\u00e8s sa r\u00e9ception fait na\u00eetre une d\u00e9cision implicite de rejet qui peut elle-m\u00eame faire  \nl'objet d'un recours contentieux devant le tribunal administratif dans un d\u00e9lai de 2 mois.\nLe tribunal administratif peut-\u00eatre saisi par l'application informatique \u00ab T\u00e9l\u00e9recours citoyens \u00bb, \naccessible sur le site internet : \u00ab www.telerecours.fr \u00bb.\nArticle 3 : Publication et information des tiers\nLe pr\u00e9sent arr\u00eat\u00e9 est publi\u00e9 au recueil des actes administratifs. II est affich\u00e9, pendant une  \np\u00e9riode de un mois en mairie de la commune du Revest-les-Eaux. Il est mis \u00e0 disposition du  \npublic sur le site internet de la pr\u00e9fecture du Var durant une dur\u00e9e de un mois minimum.\nArticle 4 : Ex\u00e9cution\nLe secr\u00e9taire g\u00e9n\u00e9ral de la pr\u00e9fecture du Var, le chef du service d\u00e9partemental de l'office  \nfran\u00e7ais de la biodiversit\u00e9, le maire du Revest-les-Eaux, le pr\u00e9sident de la f\u00e9d\u00e9ration du Var  \npour la p\u00eache et la protection du milieu aquatique et le pr\u00e9sident de l'association agr\u00e9\u00e9e pour \nla  p\u00eache  et  la  protection  du  milieu  aquatique  (AAPPMA)  \u00ab Le  Gardon  de  Toulon  et  ses \nenvirons \u00bb sont charg\u00e9s, chacun en ce qui le concerne, de l'ex\u00e9cution du pr\u00e9sent arr\u00eat\u00e9.\nFait \u00e0 Toulon, le 17 avril 2025\nPour le Pr\u00e9fet et par d\u00e9l\u00e9gation, \nle secr\u00e9taire g\u00e9n\u00e9ral\nSign\u00e9\nLucien GIUDICELLI\n2/2\nDirection d\u00e9partementale des territoires et de la mer du Var - 83-2025-04-17-00005 - ARR\u00caT\u00c9 PR\u00c9FECTORAL n\u00b0 DDTM/SEBIO/2025-53\ndu 17 avril 2025 portant interdiction temporaire de l'exercice de la p\u00eache en eau douce sur l'ensemble du plan d'eau du Revest form\u00e9\npar le barrage de Dardennes en vue de l'organisation d'un concours de p\u00eache aux carnassiers \u00e0 destination des jeunes p\u00eacheurs le\nsamedi 17 mai 2025 sur la commune du Revest-les-Eaux\n5\nPr\u00e9fecture du VAR\n83-2025-06-11-00002\nARR\u00caT\u00c9 PR\u00c9FECTORAL n\u00b0\n2025-00007.PM.CAM.VB\nautorisant l'enregistrement audiovisuel des\ninterventions\ndes agents de police municipale de la commune\nde Carnoules.\nPr\u00e9fecture du VAR - 83-2025-06-11-00002 - ARR\u00caT\u00c9 PR\u00c9FECTORAL n\u00b0 2025-00007.PM.CAM.VB\nautorisant l'enregistrement audiovisuel des interventions\ndes agents de police municipale de la commune de Carnoules.\n6\n=mPREFETDU VARLibert\u00e9Egalit\u00e9Fraternit\u00e9\nPr\u00e9fecture\nCabinet-Direction des S\u00e9curit\u00e9s\nBureau des Polices Administratives de S\u00e9curit\u00e9\nARR\u00caT\u00c9 PR\u00c9FECTORAL n\u00b0 2025-00007 .PM.CAM.VB\nautorisant l'enregistrement audiovisuel des interventions \ndes agents de police municipale de la commune de Carnoules.\nLe Pr\u00e9fet du Var,\nVu le code de la s\u00e9curit\u00e9 int\u00e9rieure, notamment ses articles L.241-2 et R.241-8 \u00e0 R.241-15\u00a0;\nVu la loi n\u00b0 78-17 du 6 janvier 1978 modifi\u00e9e relative \u00e0 l'informatique, aux fichiers et aux  \nlibert\u00e9s\u00a0;\nVu le d\u00e9cret du Pr\u00e9sident de la R\u00e9publique du 15 mai 2025 portant nomination de M. Simon  \nBABRE, pr\u00e9fet du Var\u00a0;\nVU le d\u00e9cret du Pr\u00e9sident de la R\u00e9publique du 3 avril 2024 portant nomination de Mme  \nJos\u00e9phine  GUIGLIANO-BOUTONNET,  en  qualit\u00e9  de  sous-pr\u00e9f\u00e8te,  directrice  de  cabinet  du \npr\u00e9fet du Var\u00a0;\nVU l'arr\u00eat\u00e9 pr\u00e9fectoral n\u00b02025/14/MCI du 2 juin 2025 portant d\u00e9l\u00e9gation de signature \u00e0 Mme  \nJos\u00e9phine GUIGLIANO-BOUTONNET, directrice de Cabinet du pr\u00e9fet du Var\u00a0;\nVu  la demande adress\u00e9e le 3 juin 2025 par le Maire de la commune de Carnoules, en vue  \nd'obtenir  l'autorisation  de  proc\u00e9der  \u00e0  l'enregistrement  audiovisuel  des  interventions  des \nagents de police municipale de sa commune\u00a0;\nVu la convention de coordination des interventions de la police municipale et des forces de  \ns\u00e9curit\u00e9 de l'\u00c9tat du 24 mars 2025\u00a0;\nConsid\u00e9rant que  la  demande  transmise  par  le  Maire  de  la  commune  de  Carnoules  est \ncompl\u00e8te et conforme aux exigences des articles R.241-8 \u00e0 R.241-15 du code de la s\u00e9curit\u00e9  \nint\u00e9rieure\u00a0;\nSur proposition de Mme la Directrice de cabinet ,\n1/2\nPr\u00e9fecture du VAR - 83-2025-06-11-00002 - ARR\u00caT\u00c9 PR\u00c9FECTORAL n\u00b0 2025-00007.PM.CAM.VB\nautorisant l'enregistrement audiovisuel des interventions\ndes agents de police municipale de la commune de Carnoules.\n7\nARR\u00caTE\u00a0:\nArticle 1 \u00a0: L'enregistrement audiovisuel des interventions des agents de police municipale de  \nla commune de Carnoules est autoris\u00e9 au moyen de quatre (4) cam\u00e9ras individuelles pour une \ndur\u00e9e de 5 ans. \nArticle  2\u00a0:  Le  public  est  inform\u00e9  de  l'\u00e9quipement  des  agents  de  police  municipale  de  la \ncommune  de  Carnoules  en  cam\u00e9ras  individuelles  (quatre)  et  des  modalit\u00e9s  d'acc\u00e8s  aux \nimages.\nArticle 3\u00a0: Les enregistrements sont conserv\u00e9s pendant une p\u00e9riode de 1 mois. A l'issue de ce  \nd\u00e9lai, ils sont d\u00e9truits.\nArticle 4\u00a0: D\u00e9s notification du pr\u00e9sent arr\u00eat\u00e9, le Maire de la commune de Carnoules adresse \u00e0  \nla Commission nationale de l'informatique et des libert\u00e9s un engagement de conformit\u00e9 aux  \ndispositions des articles R.241-8 \u00e0 R.241-15 du code de la s\u00e9curit\u00e9 int\u00e9rieure.\nL'enregistrement audiovisuel des interventions des agents de police municipale autoris\u00e9 par le \npr\u00e9sent arr\u00eat\u00e9 ne peut \u00eatre mis en \u0153uvre qu'apr\u00e8s r\u00e9ception du r\u00e9c\u00e9piss\u00e9 de la Commission  \nnationale de l'informatique et des libert\u00e9s.\nArticle  5\u00a0:  La  pr\u00e9sente  autorisation  est  publi\u00e9e  au  recueil  des  actes  administratifs  de  la \npr\u00e9fecture. Elle peut faire l'objet d'un recours devant le tribunal administratif de Toulon dans  \nun d\u00e9lai de deux mois \u00e0 compter de sa publication.\nArticle 6\u00a0: Toute modification portant sur le nombre de cam\u00e9ras individuelles doit faire l'objet \nd'une demande d'autorisation aupr\u00e8s des services pr\u00e9fectoraux.\nArticle 7 \u00a0: Mme la Directrice de cabinet et le Maire de Carnoules sont charg\u00e9s, chacun en ce  \nqui le concerne, de l'application du pr\u00e9sent arr\u00eat\u00e9.\nToulon, le 11 Juin 2025\nPour le Pr\u00e9fet et par d\u00e9l\u00e9gation\nle Directeur des S\u00e9curit\u00e9s\nSign\u00e9\nVincent BARASTIER\nDans un d\u00e9lai de deux mois \u00e0 compter de la date de la notification ou de la publication du pr\u00e9sent arr\u00eat\u00e9 au recueil des actes administratifs de la \npr\u00e9fecture, les recours suivants peuvent \u00eatre introduits conform\u00e9ment aux dispositions des articles R. 421-1 et suivants du code de justice \nadministrative :\n-  un recours gracieux, adress\u00e9 \u00e0 :\n M. le Pr\u00e9fet du Var \u2013 Boulevard du 112\u00e8me\n r\u00e9giment d'infanterie - CS 31209 - 83070 TOULON CEDEX\n- un recours hi\u00e9rarchique, adress\u00e9\u00a0au(x) ministre(s) concern\u00e9(s)\u00a0;\nDans ces deux cas, le silence de l'Administration vaut rejet implicite au terme d'un d\u00e9lai de deux mois.\nApr\u00e8s un recours gracieux ou hi\u00e9rarchique, le d\u00e9lai du recours contentieux ne court qu'\u00e0 compter du rejet explicite ou implicite de l'un de ces \nrecours.\n-   un recours contentieux, en saisissant le Tribunal Administratif de Toulon\u00a0: 5 rue Racine -BP 40510 - 83\u00a0041 TOULON CEDEX 9\nLe tribunal administratif peut \u00eatre saisi par l'application informatique \u00ab\u00a0t\u00e9l\u00e9recours citoyens\u00a0\u00bb accessible par le site internet www.t\u00e9l\u00e9recours.fr\u00a0\u00bb\n2/2\nPr\u00e9fecture du VAR - 83-2025-06-11-00002 - ARR\u00caT\u00c9 PR\u00c9FECTORAL n\u00b0 2025-00007.PM.CAM.VB\nautorisant l'enregistrement audiovisuel des interventions\ndes agents de police municipale de la commune de Carnoules.\n8\nPr\u00e9fecture du VAR\n83-2025-06-12-00001\nArr\u00eat\u00e9 pr\u00e9fectoral n\u00b02025-06-002 ESC du 12 juin\n2025 portant r\u00e9glementation temporaire de la\ncirculation sur l'autoroute A8  sur le territoire des\ncommunes de Pourri\u00e8res,\nSaint-Maximin-La-Sainte-Baume, Brignoles, Le\nCannet-des-Maures, Le Muy, Puget-sur-Argens et\nFr\u00e9jus\nPr\u00e9fecture du VAR - 83-2025-06-12-00001 - Arr\u00eat\u00e9 pr\u00e9fectoral n\u00b02025-06-002 ESC du 12 juin 2025 portant r\u00e9glementation temporaire\nde la circulation sur l'autoroute A8  sur le territoire des communes de Pourri\u00e8res, Saint-Maximin-La-Sainte-Baume, Brignoles, Le\nCannet-des-Maures, Le Muy, Puget-sur-Argens et Fr\u00e9jus\n9\n=mPREFETDU VARLibert\u00e9Egalit\u00e9Fraternit\u00e9\nDirection des s\u00e9curit\u00e9s\nService de l'\u00e9ducation et\nde la s\u00e9curit\u00e9 routi\u00e8res\nP\u00f4le \u00e9tudes et ing\u00e9nierie\n                ARR\u00caT\u00c9 PR\u00c9FECTORAL n\u00b0 2025 \u2013 06 \u2013 002  ESC du 12 juin 2025 02/07/2020\nportant r\u00e9glementation temporaire de la circulation sur l'autoroute A8\nsur le territoire des communes de Pourri\u00e8res , Saint-Maximin-la-Sainte-Baume, Brignoles, le \nCannet-des-Maures, Le Muy, Puget-sur-Argens, Fr\u00e9jus.\nLe Pr\u00e9fet du Var,\nVu le Code de la route ;\nVu le Code de la voirie routi\u00e8re ;\nVu  le d\u00e9cret du 29 novembre 1982 approuvant la convention de concession pass\u00e9e entre  \nl'\u00c9tat et la soci\u00e9t\u00e9 de l'autoroute Est\u00e9rel, C\u00f4te d'Azur, Provence Alpes (ESCOTA) en vue de la  \nconstruction, de l'entretien et de l'exploitation des autoroutes conc\u00e9d\u00e9es et ses avenants  \nult\u00e9rieurs ;\nVu le d\u00e9cret n\u00b0 2015-1045 du 21 ao\u00fbt 2015 approuvant le transfert de la travers\u00e9e autorouti\u00e8re \nde  Toulon  entre  l'\u00c9tat  et  la  soci\u00e9t\u00e9  des  autoroutes  Est\u00e9rel,  C\u00f4te  d'Azur,  Provence  Alpes \n(ESCOTA) ;\nVu  l'arr\u00eat\u00e9  interminist\u00e9riel  du  24  novembre  1967  relatif  \u00e0  la  signalisation  des  routes  et \nautoroutes et des textes subs\u00e9quents ;\nVu  l'arr\u00eat\u00e9 pr\u00e9fectoral n\u00b0 2020-12-001 BR du 16 d\u00e9cembre 2020, portant modification de  \nl'arr\u00eat\u00e9 pr\u00e9fectoral n\u00b0 2523 du 20 mars 2018, portant r\u00e9glementation de la circulation des  \nv\u00e9hicules de transport de bois ronds dans le d\u00e9partement du Var ;\nVu  l'arr\u00eat\u00e9 pr\u00e9fectoral n\u00b0 2023-06-004 en date du 26 juin 2023, autorisant l'ouverture de  \nchantiers d'entretien courant ou de r\u00e9paration sur les autoroutes A8, A50 et A57 dans la  \ntravers\u00e9e du d\u00e9partement du Var ;\nVu l'arr\u00eat\u00e9 pr\u00e9fectoral n\u00b0 2025/14/MCI du 02 juin 2025 portant d\u00e9l\u00e9gation de signature \u00e0 Mme \nJos\u00e9phine GUIGLIANO-BOUTONNET, directrice de cabinet du pr\u00e9fet du Var;\nVu l'arr\u00eat\u00e9 pr\u00e9fectoral n\u00b02025-06-001 PC du 05 juin 2025 portant r\u00e9glementation de la police \nde circulation sur les autoroutes A8 \u2013 A50 \u2013 A57 ; \nVu la note technique du 14 avril 2016 du Minist\u00e8re de l'Environnement, de l'\u00c9nergie et de la  \nMer (DGITM/DIT) relative \u00e0 la coordination des chantiers sur le r\u00e9seau routier national (RRN) ;\nVu le r\u00e8glement d'exploitation de la soci\u00e9t\u00e9 des autoroutes ESCOTA en date du 27 juin 2023 ;\nVu la demande de la Soci\u00e9t\u00e9 des autoroutes ESCOTA en date du 14 avril 2025;\nVu l'avis  favorable  de  la  Direction  G\u00e9n\u00e9rale  des  Infrastructures,  des  Transports  et  des \nMobilit\u00e9s sur le dossier d'exploitation sous chantier n\u00b0 2025-059 en date du 11 juin 2025 ;\nVu l'avis favorable du conseil d\u00e9partemental du Var en date du 12 juin 2025 ;\nArr\u00eat\u00e9 pr\u00e9fectoral n\u00b0 2025 \u2013 06 - 002 - ESC  Page 1/6\nPr\u00e9fecture du VAR - 83-2025-06-12-00001 - Arr\u00eat\u00e9 pr\u00e9fectoral n\u00b02025-06-002 ESC du 12 juin 2025 portant r\u00e9glementation temporaire\nde la circulation sur l'autoroute A8  sur le territoire des communes de Pourri\u00e8res, Saint-Maximin-La-Sainte-Baume, Brignoles, Le\nCannet-des-Maures, Le Muy, Puget-sur-Argens et Fr\u00e9jus\n10\nConsid\u00e9rant que pour assurer la s\u00e9curit\u00e9 des usagers de l'autoroute, des agents de la soci\u00e9t\u00e9  \ndes  autoroutes  Est\u00e9rel,  C\u00f4te  d'Azur,  Provence  Alpes  (ESCOTA)  et  des  personnels  des \nentreprises charg\u00e9s d'effectuer les travaux de fauchage entre le diffuseur N\u00b033 \u00ab Trets \u00bb au PR \n46.800  et  le  diffuseur  N\u00b038  \u00ab Fr\u00e9jus-Ouest\u00bb  au  PR  132.900, il  convient  de  r\u00e9glementer  la \ncirculation sur le territoire du d\u00e9partement du Var, dans les deux sens de circulation, sur  \nl'autoroute A8, de la semaine 25/2025 \u00e0 la semaine 26/2025. Les semaines 25/2025, 26/2025,  \n27/2025 et 28/2025 constituent les semaines de r\u00e9serve. \nSur proposition de la directrice de cabinet du pr\u00e9fet du Var,\nARR\u00caTE :\nArticle 1  er   : En raison des travaux de fauchage entre le diffuseur N\u00b033 \u00ab Trets \u00bb au PR 46.800 et \nle diffuseur N\u00b038 \u00ab  Fr\u00e9jus-Ouest \u00bb au PR 132.900, sur l'autoroute A8, la circulation de tous les  \nv\u00e9hicules est r\u00e9glement\u00e9e, dans les deux sens de circulation, de 21h00 \u00e0 05h00 du matin hors  \nweek-end et jours hors chantiers, du lundi 16 juin 2025 au vendredi 27 juin 2025. Les semaines \n25/2025, 26/2025, 27/2025 et 28/2025 constituent les semaines de r\u00e9serve. \nArticle 2 : Ces travaux n\u00e9cessitent de mettre en place les itin\u00e9raires de d\u00e9viation suivants :\nAutoroute A8\nDans les deux sens de circulation\nDe 21h00 \u00e0 05h00, du lundi 16 juin 2025 au mardi 17 juin 2025\nFermeture des bretelles d'entr\u00e9e et de sortie du diffuseur N\u00b036 \u00ab Le Muy \u00bb au PR 117 .600\n Les semaines 25, 26 et 27/2025 constituent les semaines de r\u00e9serve.\nFermeture de la bretelle d'entr\u00e9e du diffuseur N\u00b036 \u00ab     Le Muy     \u00bb     \nDans le sens Aix-en-Provence vers Nice     :  \nLes  v\u00e9hicules  souhaitant  prendre  la  bretelle  d'entr\u00e9e  du  diffuseur  N\u00b036  \u00ab Le  Muy \u00bb \nemprunteront la DN7 en direction de Nice puis la D25, la D825 et la DN7 et reprendront  \nl'autoroute A8 au diffuseur N\u00b0 37 \u00ab Puget-sur-Argens \u00bb en direction de Nice.\nDans le sens Nice vers Aix-en-Provence     :  \nLes  v\u00e9hicules  souhaitant  prendre  la  bretelle  d'entr\u00e9e  du  diffuseur  N\u00b036  \u00ab Le  Muy \u00bb \nemprunteront  la  DN7  en  direction  d'Aix-en-Provence  et  reprendront  l'autoroute  A8  au \ndiffuseur N\u00b0 13 \u00ab Le Cannet- des-Maures \u00bb en direction d'Aix-en-Provence.\nFermeture de la bretelle de sortie du diffuseur N\u00b036 \u00ab     Le Muy     \u00bb   \nDans le sens Aix-en-Provence vers Nice     :  \nLes  v\u00e9hicules  ne  pouvant  emprunter  la  bretelle  de  sortie  du  diffuseur  N\u00b036  \u00abLe Muy \u00bb \nsortiront au diffuseur N\u00b013 \u00abLe  Cannet-des-Maures \u00bb sur l'autoroute A57 puis emprunteront  \nla DN7 afin de rejoindre le diffuseur N\u00b036 \u00abLe Muy \u00bb en direction de Nice.\nDans le sens Nice vers Aix-en-Provence     :  \nLes  v\u00e9hicules  ne  pouvant  emprunter  la  bretelle  de  sortie  du  diffuseur  N\u00b036  \u00abLe Muy \u00bb \nsortiront au diffuseur N\u00b037 \u00ab Puget-sur-Argens \u00bb puis emprunteront la DN7 , la D825, la D25 et \nla DN7 afin de rejoindre le diffuseur N\u00b036 \u00abLe Muy \u00bb en direction d'Aix-en-Provence.\nArr\u00eat\u00e9 pr\u00e9fectoral n\u00b0 2025 \u2013 06 - 002 - ESC  Page 2/6\nPr\u00e9fecture du VAR - 83-2025-06-12-00001 - Arr\u00eat\u00e9 pr\u00e9fectoral n\u00b02025-06-002 ESC du 12 juin 2025 portant r\u00e9glementation temporaire\nde la circulation sur l'autoroute A8  sur le territoire des communes de Pourri\u00e8res, Saint-Maximin-La-Sainte-Baume, Brignoles, Le\nCannet-des-Maures, Le Muy, Puget-sur-Argens et Fr\u00e9jus\n11\nAutoroute A8\nDans les deux sens de circulation \nDe 21h00 \u00e0 05h00, du mercredi 18 juin 2025 au jeudi 19 juin 2025\nFermeture des bretelles d'entr\u00e9e et de sortie du diffuseur N\u00b035 \u00ab Brignoles \u00bb au PR 73.800 \nLes semaines 26 et 27/2025 constituent les semaines de r\u00e9serve.\nFermeture de la bretelle d'entr\u00e9e du diffuseur N\u00b035 \u00ab     Brignoles     \u00bb     \nDans le sens Aix-en-Provence vers Nice     :  \nLes  v\u00e9hicules  souhaitant  prendre  la  bretelle  d'entr\u00e9e  du  diffuseur  N\u00b035  \u00ab Brignoles \u00bb \nemprunteront la DN7 en direction de Nice et reprendront l'autoroute A8 au diffuseur N\u00b013  \n\u00ab Le Cannet-des-Maures \u00bb en direction de Nice.\nDans le sens Nice vers Aix-en-Provence     :  \nLes  v\u00e9hicules  souhaitant  prendre  la  bretelle  d'entr\u00e9e  du  diffuseur  N\u00b035  \u00ab Brignoles \u00bb \nemprunteront  la  DN7  en  direction  d'Aix-en-Provence  et  reprendront  l'autoroute  A8  au \ndiffuseur N\u00b034 \u00ab Saint-Maximin-La-Sainte-Baume \u00bb en direction d'Aix-en-Provence.\nFermeture de la bretelle de sortie du diffuseur N\u00b035 \u00ab     Brignoles     \u00bb   \nDans le sens Aix-en-Provence vers Nice     :  \nLes v\u00e9hicules ne pouvant emprunter la bretelle de sortie du diffuseur N\u00b035 \u00ab  Brignoles \u00bb \nsortiront au diffuseur N\u00b034 \u00ab  Saint-Maximin-La Sainte-Baume  \u00bb puis emprunteront la DN7  \nafin de rejoindre le diffuseur N\u00b035 \u00ab Brignoles \u00bb en direction de Nice.\nDans le sens Nice vers Aix-en-Provence     :  \nLes  v\u00e9hicules  souhaitant  prendre  la  bretelle  de  sortie  du  diffuseur  N\u00b035  \u00ab Brignoles \u00bb \nsortiront au diffuseur N\u00b013 \u00ab  Le Cannet des Maures \u00bb sur l'autoroute A57 puis emprunteront  \nla DN7 afin de rejoindre le diffuseur N\u00b035 \u00ab Brignoles \u00bb en direction d'Aix-en-Provence.\nAutoroute A8 \nDe 21h00 \u00e0 05h00, du jeudi 19 juin 2025 au vendredi 20 juin 2025\n- Fermeture de la bretelle d'entr\u00e9e du diffuseur N\u00b038 \u00ab Fr\u00e9jus-Ouest \u00bb au PR 132.900 \ndans le sens Nice vers Aix-en-Provence\n- Fermeture de la bretelle de sortie du diffuseur N\u00b038 \u00ab Fr\u00e9jus-Ouest \u00bb au PR 132.900\ndans le sens Aix-en-Provence vers Nice\nLes semaines 26, 27 et 28/2025 constituent les semaines de r\u00e9serve.\nFermeture de la bretelle d'entr\u00e9e du diffuseur N\u00b038 \u00ab     Fr\u00e9jus-Ouest\u00bb     \nDans le sens Nice vers Aix-en-Provence     :  \nLes  v\u00e9hicules  souhaitant  prendre  la  bretelle  d'entr\u00e9e  du  diffuseur  N\u00b038  \u00ab Fr\u00e9jus-Ouest \u00bb \nemprunteront  la  D37 ,  la  D100A,  la  D4  puis  la  DN7  en  direction  d'Aix-en-Provence  et \nreprendront  l'autoroute  A8  au  diffuseur  N\u00b037  \u00ab Puget-sur-Argens \u00bb  en  direction  d'Aix-en-\nProvence.\nFermeture de la bretelle de sortie du diffuseur N\u00b038 \u00ab     Fr\u00e9jus-Ouest\u00bb     \nDans le sens Aix-en-Provence vers Nice \nLes v\u00e9hicules souhaitant prendre la bretelle de sortie du diffuseur N\u00b038 \u00ab  Fr\u00e9jus-Ouest \u00bb \nsortiront au diffuseur N\u00b037 \u00ab Puget-sur-Argens \u00bb puis emprunteront la DN7 , la D4, D100A puis \nla D37 afin de rejoindre le diffuseur N\u00b038 \u00ab Fr\u00e9jus-Ouest \u00bb en direction de Nice.\nArr\u00eat\u00e9 pr\u00e9fectoral n\u00b0 2025 \u2013 06 - 002 - ESC  Page 3/6\nPr\u00e9fecture du VAR - 83-2025-06-12-00001 - Arr\u00eat\u00e9 pr\u00e9fectoral n\u00b02025-06-002 ESC du 12 juin 2025 portant r\u00e9glementation temporaire\nde la circulation sur l'autoroute A8  sur le territoire des communes de Pourri\u00e8res, Saint-Maximin-La-Sainte-Baume, Brignoles, Le\nCannet-des-Maures, Le Muy, Puget-sur-Argens et Fr\u00e9jus\n12\nAutoroute A8\nDe 21h00 \u00e0 05h00, du lundi 23 juin 2025 au mardi 24 juin 2025\n- Fermeture de la bretelle d'entr\u00e9e du diffuseur N\u00b033 \u00ab Trets \u00bb au PR 46.800\ndans le sens Aix-en-Provence vers Nice\n- Fermeture de la bretelle de sortie du diffuseur N\u00b033 \u00ab Trets \u00bb au 46.800\ndans le sens Nice vers Aix-en-Provence\nLes semaines 26, 27 et 28/2025 constituent les semaines de r\u00e9serve.\nFermeture de la bretelle d'entr\u00e9e du diffuseur N\u00b033 \u00ab     Trets     \u00bb   \nDans le sens Aix-en-Provence vers Nice     :  \nLes  v\u00e9hicules  souhaitant  prendre  la  bretelle  d'entr\u00e9e  du  diffuseur  N\u00b033  \u00ab Trets \u00bb \nemprunteront la DN7 , la D560 et la D560A en direction de Nice et reprendront l'autoroute \nA8 au diffuseur N\u00b034 \u00ab Saint-Maximin-La-Sainte-Baume \u00bb en direction de Nice.\nFermeture de la bretelle de sortie du diffuseur N\u00b0 33     \u00ab     Trets     \u00bb  \nDans le sens Nice vers Aix-en-Provence     :  \nLes v\u00e9hicules souhaitant prendre la bretelle de sortie du diffuseur N\u00b033 \u00ab  Trets \u00bb sortiront au \ndiffuseur N\u00b034 \u00ab Saint-Maximin-La-Sainte-Baume \u00bb puis emprunteront la D560A, la D560 et la \nDN7 afin de rejoindre le diffuseur N\u00b033 \u00ab Trets \u00bb en direction d'Aix-en-Provence.\nAutoroute A8\nDans les deux sens de circulation\nDe 21h00 \u00e0 05h00, du mardi 24 juin 2025 au mercredi 25 juin 2025\nFermeture des bretelles d'entr\u00e9e et de sortie du diffuseur N\u00b034 \u00ab Saint-Maximin-la-Sainte- \nBaume \u00bb\nLes semaines 26, 27 et 28/2025 constituent les semaines de r\u00e9serve.\nFermeture de la bretelle d'entr\u00e9e du diffuseur N\u00b0 34     \u00ab     Saint-Maximin-la-Sainte-Baume     \u00bb  \nDans le sens Aix-en-Provence vers Nice     :  \nLes v\u00e9hicules souhaitant prendre la bretelle d'entr\u00e9e du diffuseur N\u00b034 \u00ab  Saint-Maximin-La \nSainte-Baume \u00bb emprunteront la DN7 en direction de Nice et reprendront l'autoroute A8 au  \ndiffuseur N\u00b035 \u00ab Brignoles \u00bb en direction de Nice. \nDans le sens Nice vers Aix-en-Provence     :  \nLes v\u00e9hicules souhaitant prendre la bretelle de sortie du diffuseur N\u00b034 \u00ab  Saint-Maximin-La \nSainte-Baume \u00bb emprunteront la D560A, la D560, la DN7 en direction d'Aix-en-Provence  \njusqu'au diffuseur N\u00b032 \u00ab Fuveau \u00bb en direction d'Aix-en-Provence.\nFermeture de la bretelle de sortie du diffuseur N\u00b0 34 \u00ab     Saint-Maximin-la-Sainte-Baume     \u00bb  \nDans le sens Aix-en-Provence vers Nice     :  \nLes v\u00e9hicules souhaitant prendre la bretelle d'entr\u00e9e du diffuseur N\u00b034 \u00ab  Saint-Maximin-La \nSainte-Baume \u00bb sortiront au diffuseur N\u00b032 \u00ab  Fuveau \u00bb puis emprunteront la DN7 , la D560 et \nla D560A afin de rejoindre le diffuseur N\u00b034 \u00ab  Saint-Maximin-La-Sainte-Baume \u00bb en direction \nde Nice.\nDans le sens Nice vers Aix-en-Provence     :  \nLes v\u00e9hicules souhaitant prendre la bretelle de sortie du diffuseur N\u00b034 \u00ab  Saint-Maximin-La \nSainte-Baume \u00bb sortiront au diffuseur N\u00b035 \u00ab  Brignoles \u00bb puis emprunteront la DN7 afin de  \nrejoindre  le  diffuseur  N\u00b034  \u00ab Saint-Maximin-La-Sainte-Baume \u00bb  en  direction  d'Aix-en-\nProvence.\nArr\u00eat\u00e9 pr\u00e9fectoral n\u00b0 2025 \u2013 06 - 002 - ESC  Page 4/6\nPr\u00e9fecture du VAR - 83-2025-06-12-00001 - Arr\u00eat\u00e9 pr\u00e9fectoral n\u00b02025-06-002 ESC du 12 juin 2025 portant r\u00e9glementation temporaire\nde la circulation sur l'autoroute A8  sur le territoire des communes de Pourri\u00e8res, Saint-Maximin-La-Sainte-Baume, Brignoles, Le\nCannet-des-Maures, Le Muy, Puget-sur-Argens et Fr\u00e9jus\n13\nAutoroute A8\nDans les deux sens de circulation\nDe 21h00 \u00e0 05h00, du mercredi 25 juin 2025 au jeudi 26 juin 2025\nFermeture des bretelles d'entr\u00e9e et de sortie du diffuseur N\u00b037 \u00ab Puget-sur-Argens \u00bb \nLes semaines 26, 27 et 28/2025 constituent les semaines de r\u00e9serve.\nFermeture de la bretelle d'entr\u00e9e du diffuseur N\u00b037 \u00ab     Puget-sur-Argens     \u00bb  \nDans le sens Aix-en-Provence vers Nice     :  \nLes v\u00e9hicules souhaitant prendre la bretelle d'entr\u00e9e du diffuseur N\u00b037 \u00ab  Puget-sur-Argens \u00bb \nemprunteront la DN7 en direction de Nice puis la D4, la D100A et la D37 jusqu'au diffuseur  \nN\u00b038 \u00ab Fr\u00e9jus-Est \u00bb en direction de Nice.\nDans le sens Nice vers Aix-en-Provence     :  \nLes v\u00e9hicules souhaitant prendre la bretelle d'entr\u00e9e du diffuseur N\u00b037 \u00ab  Puget-sur-Argens \u00bb \nemprunteront la DN7 en direction d'Aix-en-Provence puis la D825, la D25 et la DN7 jusqu'au  \ndiffuseur N\u00b036 \u00ab Le Muy \u00bb. en direction d'Aix-en-Provence.\nFermeture de la bretelle de sortie du diffuseur N\u00b037 \u00ab     Puget-sur-Argens     \u00bb  \nDans le sens Aix-en-Provence vers Nice     :  \nLes v\u00e9hicules souhaitant prendre la bretelle de sortie du diffuseur N\u00b037 \u00ab  Puget-sur-Argens \u00bb \nsortiront au diffuseur N\u00b036 \u00abLe Muy \u00bb puis emprunteront la DN7 , la D25, la D825 puis la DN7 \net reprendront l'autoroute A8 au diffuseur N\u00b037 \u00ab Puget-sur-Argens \u00bb en direction de Nice.\nDans le sens Nice vers Aix-en-Provence     :  \nLes v\u00e9hicules souhaitant prendre la bretelle de sortie du diffuseur N\u00b037 \u00ab  Puget-sur-Argens \u00bb \nsortiront au diffuseur N\u00b038 \u00ab  Fr\u00e9jus-Est \u00bb puis emprunteront la D37 , la D100A, la D4 puis la  \nDN7 et reprendront l'autoroute A8 au diffuseur N\u00b037\u00ab  Puget-sur-Argens \u00bb en direction d'Aix-\nen-Provence.\nArticle 3  : Au regard des contraintes de phasage, l'arr\u00eat\u00e9 pr\u00e9fectoral n\u00b0 2023-06-004 en date  \ndu 26 juin 2023 autorisant l'ouverture de chantiers d'entretien courant ou de r\u00e9paration sur  \nles autoroutes A8, A50 et A57 dans la travers\u00e9e du d\u00e9partement du Var est d\u00e9rog\u00e9.\nL'inter-distance,  de  jour  comme  de  nuit,  avec  tout  chantier  n\u00e9cessaire  \u00e0  l'entretien  de \nl'autoroute A8 est ramen\u00e9e \u00e0 z\u00e9ro (0) kilom\u00e8tre pendant la dur\u00e9e de ces travaux, dans le sens  \nde circulation Italie vers Aix-en-Provence.\nArticle  4 : Une  information  concernant  l'avancement  des  travaux  ainsi  que  le  planning \npr\u00e9visionnel des fermetures de bretelles et de la section courante est transmise \u00e0 chaque fin  \nde semaine, le vendredi avant 09h00, aux destinataires suivants :\n\uf0b7 Pr\u00e9fecture du Var (pref-derogations-routes@var.gouv.fr)\n\uf0b7 Conseil d\u00e9partemental du Var (bce@var.fr)\n\uf0b7 Direction d\u00e9partementale des territoires et de la mer du Var\n\uf0b7 Radio Vinci-Autoroutes (107 .7)\nArr\u00eat\u00e9 pr\u00e9fectoral n\u00b0 2025 \u2013 06 - 002 - ESC  Page 5/6\nPr\u00e9fecture du VAR - 83-2025-06-12-00001 - Arr\u00eat\u00e9 pr\u00e9fectoral n\u00b02025-06-002 ESC du 12 juin 2025 portant r\u00e9glementation temporaire\nde la circulation sur l'autoroute A8  sur le territoire des communes de Pourri\u00e8res, Saint-Maximin-La-Sainte-Baume, Brignoles, Le\nCannet-des-Maures, Le Muy, Puget-sur-Argens et Fr\u00e9jus\n14\nArticle  5 : Les  signalisations  correspondantes  aux  prescriptions  du  pr\u00e9sent  arr\u00eat\u00e9  sont \nconformes \u00e0 l'IISR 8\u00e8me partie \u2013 signalisation temporaire. Elles sont mises en place, entretenues \net surveill\u00e9es par les services de l'exploitation de la soci\u00e9t\u00e9 ESCOTA pendant toute la p\u00e9riode \ndes travaux.\nLes usagers sont inform\u00e9s des travaux par la mise en place de panneaux d'information, par  \nl'affichage de messages sur Panneau \u00e0 Messages Variables (PMV) sur les autoroutes A8 et A57  \net la diffusion de messages Radio Vinci Autoroutes (107 .7).\nArticle 6 : La directrice de cabinet du pr\u00e9fet du Var, le pr\u00e9sident du conseil d\u00e9partemental du \nVar, le directeur d\u00e9partemental des services d'incendie et de secours du Var, le commandant  \ndu groupement de gendarmerie d\u00e9partementale du Var, le directeur d\u00e9partemental de la  \ns\u00e9curit\u00e9 publique du Var, le chef du d\u00e9tachement de Toulon de la CRS autorouti\u00e8re Provence, \nles maires des communes de Pourri\u00e8res, Saint-Maximin-la-Sainte-Baume, Brignoles, le Cannet-\ndes-Maures, Le Muy, Puget-sur-Argens et de Fr\u00e9jus , le directeur de la soci\u00e9t\u00e9 des autoroutes  \nEst\u00e9rel,  C\u00f4te  d'Azur,  Provence  Alpes,  sont  charg\u00e9s,  chacun  en  ce  qui  le  concerne,  de \nl'ex\u00e9cution  du  pr\u00e9sent  arr\u00eat\u00e9  qui  sera  publi\u00e9  au  recueil  des  actes  administratifs  de  la \npr\u00e9fecture du Var.\nFait \u00e0 Toulon, le 12 juin 2025\n      Pour le Pr\u00e9fet et par d\u00e9l\u00e9gation, \n                                                           La cheffe du service \n                                                           de l'\u00e9ducation et de la s\u00e9curit\u00e9 routi\u00e8res\n                                                          sign\u00e9 :  Sophie BARASTIER\nConform\u00e9ment aux dispositions de l'article R. 421-1 et suivants du code de justice administrative, le pr\u00e9sent arr\u00eat\u00e9 peut faire l'objet  \ndans un d\u00e9lai de deux mois \u00e0 compter de sa parution :\n\u2013  d'un recours administratif (recours gracieux aupr\u00e8s du pr\u00e9fet du Var ou recours hi\u00e9rarchique aupr\u00e8s du ministre de l'int\u00e9rieur)\n\u2013 d'un recours contentieux devant le tribunal administratif de Toulon. Le tribunal administratif peut \u00eatre saisi par l'application  \ninformatique \u00ab T\u00e9l\u00e9recours citoyens \u00bb accessible par le site Internet www.telerecours.fr\nArr\u00eat\u00e9 pr\u00e9fectoral n\u00b0 2025 \u2013 06 - 002 - ESC  Page 6/6\nPr\u00e9fecture du VAR - 83-2025-06-12-00001 - Arr\u00eat\u00e9 pr\u00e9fectoral n\u00b02025-06-002 ESC du 12 juin 2025 portant r\u00e9glementation temporaire\nde la circulation sur l'autoroute A8  sur le territoire des communes de Pourri\u00e8res, Saint-Maximin-La-Sainte-Baume, Brignoles, Le\nCannet-des-Maures, Le Muy, Puget-sur-Argens et Fr\u00e9jus\n15","date":"2025-06-12","first_seen_on":"2025-06-12T16:43:36+00:00","id":"f458452762e35b2a9dacb512ba0e881fff9e73ccbc701b7609138acd9fef1bf9","name":"RAA N\u00b0198 du 12 juin 2025","pdf_creation_date":"2025-06-12T14:40:46+00:00","pdf_modification_date":null,"timezone":"Europe/Paris","url":"https://www.var.gouv.fr/contenu/telechargement/41373/270733/file/RAA%20N%C2%B0198%20du%2011%20juin%202025%20%28Actes%20non%20nominatifs%29.pdf"}
