{"administration":"pref01","administration_name":"Pr\u00e9fecture de l\u2019Ain","content":"AIN\nRECUEIL DES ACTES\nADMINISTRATIFS SP\u00c9CIAL\nN\u00b001-2025-368\nPUBLI\u00c9 LE  3 NOVEMBRE 2025\nSommaire\n01_Pref_Pr\u00e9fecture de l'Ain /\n01-2025-10-29-00004 - communaut\u00e9 de communes Usses et Rh\u00f4ne -\nArr\u00eat\u00e9 inter-pr\u00e9fectoral portant composition du conseil\ncommunautaire 2026 (4 pages) Page 3\n84_ARS_Agence R\u00e9gionale de Sant\u00e9 Auvergne-Rh\u00f4ne-Alpes /\n01-2025-09-15-00009 - arr\u00eat\u00e9 2025-01-0063 r\u00e9quisition officines\npharmacie 18 sept MIONNAY (4 pages) Page 8\n01-2025-09-15-00010 - Arr\u00eat\u00e9 2025-01-0064 r\u00e9quisition officines\npharmacie 18sep MONTREAL LA CLUSE (4 pages) Page 13\n01-2025-09-15-00012 - Arr\u00eat\u00e9 2025-01-0066 r\u00e9quisition officines\npharmacie 18sept2025 REPLONGES (4 pages) Page 18\n01-2025-09-15-00013 - Arr\u00eat\u00e9 2025-01-0067 r\u00e9quisition officines\npharmacie 18 sept CHAMPAGNE EN VALROMEY (4 pages) Page 23\n01-2025-09-15-00011 - Arr\u00eat\u00e9 n\u00b0 2025-01-0065 r\u00e9quisition officines\n18sept2025 Pr\u00e9vessin Moens (4 pages) Page 28\n2\n01_Pref_Pr\u00e9fecture de l'Ain\n01-2025-10-29-00004\ncommunaut\u00e9 de communes Usses et Rh\u00f4ne -\nArr\u00eat\u00e9 inter-pr\u00e9fectoral portant composition du\nconseil communautaire 2026\n01_Pref_Pr\u00e9fecture de l'Ain - 01-2025-10-29-00004 - communaut\u00e9 de communes Usses et Rh\u00f4ne - Arr\u00eat\u00e9 inter-pr\u00e9fectoral portant\ncomposition du conseil communautaire 2026 3\nesPREFETEDE LA HAUTE-SAVOIELibert\u00e9Egalit\u00e9Fraternit\u00e9\nPREFETEDE VAINLibert\u00e9\u00c9galit\u00e9Fraternit\u00e9\n\u00a9\nLa pr\u00e9f\u00e8te de la Haute-Savoie\nChevalier de la l\u00e9gion d'honneur\nChevalier de l'ordre national du m\u00e9rite\nLa pr\u00e9f\u00e8te de l'Ain\nChevalier de la l\u00e9gion d'honneur\nOfficier de l'ordre National du M\u00e9rite\nArr\u00eat\u00e9 n\u00b0PREF DRCL BCLB-2025- 0068 du 29 octobre 2025 \nconstatant le nombre et la r\u00e9partition des si\u00e8ges au sein du conseil communautaire de la\ncommunaut\u00e9 de communes  Usses et Rh\u00f4ne , \u00e0 l'occasion du renouvellement g\u00e9n\u00e9ral des\nconseils municipaux de mars 2026    \nVU le code g\u00e9n\u00e9ral des collectivit\u00e9s territoriales, notamment ses articles L. 5211-6-1 ;\nVU le d\u00e9cret n\u00b0 2024-1276 du 31 d\u00e9cembre 2024 authentifiant les chiffres des populations de\nm\u00e9tropole, des d\u00e9partements d'Outre-Mer de la Guadeloupe, de la Guyane, de la Martinique\net de la R\u00e9union, et des collectivit\u00e9s de Saint-Barth\u00e9l\u00e9my, de Saint-Martin et de Saint-Pierre\net Miquelon ; \nVU le  d\u00e9cret  n\u00b02004-374  du  29  avril  2004  modifi\u00e9,  relatif  aux  pouvoirs  des  pr\u00e9fets,  \u00e0\nl'organisation et \u00e0 l'action des services de l'\u00c9tat dans les r\u00e9gions et les d\u00e9partements ;\nVU le d\u00e9cret du 19 mars 2025 portant nomination de Madame Emmanuelle DUB\u00c9E, pr\u00e9f\u00e8te,\nen qualit\u00e9 de pr\u00e9f\u00e8te de la Haute-Savoie ;\nVU le d\u00e9cret du 22 mars 2023 portant nomination de Madame Chantal MAUCHET, pr\u00e9f\u00e8te,\nen qualit\u00e9 de pr\u00e9f\u00e8te de l'Ain ;\nVU l'arr\u00eat\u00e9 pr\u00e9fectoral n\u00b0 PREF/DRCL/BCLB-2016-0091 du 13 d\u00e9cembre 2016 portant fusion\nde la communaut\u00e9 de communes du Pays de Seyssel, de la communaut\u00e9 de communes de la\nSemine et de la communaut\u00e9 de communes du Val des Usses, et cr\u00e9ation de la communaut\u00e9\nde communes Usses et Rh\u00f4ne, modifi\u00e9 ;\nVU l'arr\u00eat\u00e9 n\u00b0PREF/DRCL/BCLB-2016-0060 du 24 octobre 2019 constatant le nombre et la\nr\u00e9partition des si\u00e8ges au sein du conseil communautaire de la communaut\u00e9 de communes\nUsses et Rh\u00f4ne, \u00e0 l'occasion du renouvellement g\u00e9n\u00e9ral des conseils municipaux de mars\n2020 ;\nRue du 30\u00e8me r\u00e9giment d'infanterie\nBP 2332 - 74034 Annecy cedex\n04 50 33 60 00\npref-collectivites-locales@haute-savoie.gouv.fr \nwww.haute-savoie.gouv.fr\nPr\u00e9fecture labellis\u00e9e Qual-e-Pref-\nrelation g\u00e9n\u00e9rale avec les usagers\net communication d'urgence en\ncas d'\u00e9v\u00e9nement majeur\n01_Pref_Pr\u00e9fecture de l'Ain - 01-2025-10-29-00004 - communaut\u00e9 de communes Usses et Rh\u00f4ne - Arr\u00eat\u00e9 inter-pr\u00e9fectoral portant\ncomposition du conseil communautaire 2026 4\nVU    les d\u00e9lib\u00e9rations des conseils municipaux des communes de :\n\u2022 ANGLEFORT                                                                   12 ao\u00fbt 2025\n\u2022 BASSY                                                                              7 juillet 2025\n\u2022 CHALLONGES                                                                7 juillet 2025\n\u2022 CHAUMONT                                                                 24 juillet 2025\n\u2022 CHAVANNAZ                                                                 2 juillet 2025\n\u2022 CHENE EN SEMINE                                                      1er juillet 2025\n\u2022 CHESSENAZ                                                                    25 juin 2025\n\u2022 CHILLY                                                                           18 juillet 2025  \n\u2022 CLARAFOND-ARCINE                                                    24 juin 2025\n\u2022 CONTAMINE-SARZIN                                                 30 juillet 2025\n\u2022 CORBONOD                                                                 24 juillet 2025\n\u2022 DROISY                                                                           25 ao\u00fbt 2025\n\u2022 ELOISE                                                                               16 juin 2025\n\u2022 FRANCLENS                                                                  1er juillet 2025\n\u2022 FRANGY                                                                            19 juin 2025\n\u2022 MARLIOZ                                                                        28 ao\u00fbt 2025\n\u2022 MENTHONNEX-SOUS-CLERMONT                             7 juillet 2025\n\u2022 MINZIER                                                                           7 juillet 2025                                          \n\u2022 MUSIEGES                                                                        8 juillet 2025\n\u2022 SAINT GERMAIN-SUR-RHONE                                       18 juin 2025\n\u2022 SEYSSEL 01                                                                     21 juillet 2025\n\u2022 SEYSSEL 74                                                                        16 juin 2025\n\u2022 USINENS                                                                        10 juillet 2025\n\u2022 VANZY                                                                             4 juillet 2025\napprouvant le nombre et la r\u00e9partition des si\u00e8ges au sein du conseil communautaire ;\nCONSIDERANT que  les  conseils  muncipaux  des  communes  ayant  d\u00e9lib\u00e9r\u00e9,  dans  le  d\u00e9lai\nimparti, sur le nombre et la r\u00e9partition des si\u00e8ges au sein du conseil communautaire se sont\nd\u00e9clar\u00e9s favorable \u00e0 l'application d'un r\u00e9gime de r\u00e9partition de droit commun ;\nCONSIDERANT d\u00e8s lors, qu'il est fait application des r\u00e8gles de droit commun fond\u00e9es sur le\nprincipe de la r\u00e9partition proportionnelle des si\u00e8ges au sein de l'organe d\u00e9lib\u00e9rant de la\ncommunaut\u00e9 de communes, en application des modalit\u00e9s pr\u00e9vues \u00e0 l'article L5211-6-1 II \u00e0 VI\ndu CGCT ;\nSUR proposition de Monsieur le secr\u00e9taire g\u00e9n\u00e9ral de la pr\u00e9fecture de la Haute-Savoie et de\nMme la secr\u00e9taire g\u00e9n\u00e9rale de la pr\u00e9fecture de l'Ain ;\nA R R \u00ca T E N T\nArticle  1     :   Le  nombre  total  de  si\u00e8ges  du  conseil  communautaire  de  la  communaut\u00e9  de\ncommunes  communaut\u00e9  de  communes  Usses  et  Rh\u00f4ne,  ainsi  que  le  nombre  de  si\u00e8ges\nattribu\u00e9 \u00e0 chaque commune membre s'\u00e9tablissent comme suit :\n01_Pref_Pr\u00e9fecture de l'Ain - 01-2025-10-29-00004 - communaut\u00e9 de communes Usses et Rh\u00f4ne - Arr\u00eat\u00e9 inter-pr\u00e9fectoral portant\ncomposition du conseil communautaire 2026 5\nCommune Nombre de\nsi\u00e8ges\nANGLEFORT 2\nBASSY 1\nCHALLONGES 1\nCHAUMONT 1\nCHAVANNAZ 1\nCHENE EN SEMINE 1\nCHESSENAZ 1\nCHILLY 3\nCLARAFOND-ARCINE 2\nCLERMONT 1\nCONTAMINE-SARZIN 1\nCORBONOD 2\nDESINGY 1\nDROISY 1\nELOISE 1\nFRANCLENS 1\nFRANGY 4\nMARLIOZ 2\nMENTHONNEX-SOUS-\nCLERMONT\n1\nMINZIER 2\nMUSIEGES 1\nSAINT GERMAIN-SUR-RHONE 1\nSEYSSEL 01 1\nSEYSSEL 74 4\nUSINENS 1\nVANZY 1\nNombre total de si\u00e8ges 39\nArticle 2     :   Le pr\u00e9sent arr\u00eat\u00e9 abroge  l'arr\u00eat\u00e9 pr\u00e9fectoral n\u00b0PREF/DRCL/BCLB-2019-0060 du 24\noctobre  2019  constatant  le  nombre  et  la  r\u00e9partition  des  si\u00e8ges  au  sein  du  conseil\ncommunautaire  de  la  communaut\u00e9  de  communes  Usses  et  Rh\u00f4ne,  \u00e0  l'occasion  du\nrenouvellement g\u00e9n\u00e9ral des conseils municipaux de mars 2020. \n01_Pref_Pr\u00e9fecture de l'Ain - 01-2025-10-29-00004 - communaut\u00e9 de communes Usses et Rh\u00f4ne - Arr\u00eat\u00e9 inter-pr\u00e9fectoral portant\ncomposition du conseil communautaire 2026 6\nArticle 3     :   La r\u00e9partition fix\u00e9e \u00e0 l'article 1 du pr\u00e9sent arr\u00eat\u00e9 vaut jusqu'au renouvellement\ng\u00e9n\u00e9ral  des  conseils  municipaux  en  2032,  sauf  en  cas  d'extension  du  p\u00e9rim\u00e8tre  de  la\ncommunaut\u00e9 de communes par l'int\u00e9gration de plusieurs communes ou la modification des\nlimites territoriales d'une commune membre.\nLes  variations  de  la  population  communale  constat\u00e9es  en  cours  de  mandat  par  des\nrecensements  authentifi\u00e9s  ne  peuvent  avoir  pour  effet  de  modifier  le  nombre  de  si\u00e8ges\nattribu\u00e9s \u00e0 la commune concern\u00e9e pour la dur\u00e9e du mandat de l'organe d\u00e9lib\u00e9rant.\nArticle 4     :    Le pr\u00e9sent arr\u00eat\u00e9 prend effet \u00e0 compter du renouvellement g\u00e9n\u00e9ral des conseils\nmunicipaux de mars 2026.\nArticle 5     :  \n\u2022 Madame et Monsieur les secr\u00e9taires g\u00e9n\u00e9raux de la pr\u00e9fecture de l'Ain et de la Haute-\nSavoie,\n\u2022 Madame et Monsieur les directeurs d\u00e9partementaux des finances publiques de l'Ain et\nde la Haute-Savoie,\n\u2022 M. le pr\u00e9sident de la communaut\u00e9 de communes Usses et Rh\u00f4ne, \n\u2022 Mmes et MM les maires des communes membres,\n \nsont charg\u00e9s, chacun en ce qui le concerne, de l'ex\u00e9cution du pr\u00e9sent arr\u00eat\u00e9 qui sera publi\u00e9\naux recueils des actes administratifs de la pr\u00e9fecture de la Haute-Savoie et de la pr\u00e9fecture de\nl'Ain.\nLa pr\u00e9f\u00e8te de la Haute-Savoie,         \nsign\u00e9 : Emmanuelle DUB\u00c9E\nLa pr\u00e9f\u00e8te de l'Ain\nsign\u00e9 : Chantal MAUCHET\n                        \nConform\u00e9ment aux dispositions de l'article R. 421-1 et suivant du code de justice administrative, cet arr\u00eat\u00e9 peut faire l'objet\nd'un recours gracieux aupr\u00e8s de l'auteur de l'acte, d'un recours hi\u00e9rarchique aupr\u00e8s du sup\u00e9rieur hi\u00e9rarchique et/ou d'un\nrecours  contentieux  devant  le  tribunal  administratif  comp\u00e9tent  dans  le  d\u00e9lai  de  deux  mois  courant  \u00e0  compter  de  sa\nnotification. \n01_Pref_Pr\u00e9fecture de l'Ain - 01-2025-10-29-00004 - communaut\u00e9 de communes Usses et Rh\u00f4ne - Arr\u00eat\u00e9 inter-pr\u00e9fectoral portant\ncomposition du conseil communautaire 2026 7\n84_ARS_Agence R\u00e9gionale de Sant\u00e9\nAuvergne-Rh\u00f4ne-Alpes\n01-2025-09-15-00009\narr\u00eat\u00e9 2025-01-0063 r\u00e9quisition officines\npharmacie 18 sept MIONNAY\n84_ARS_Agence R\u00e9gionale de Sant\u00e9 Auvergne-Rh\u00f4ne-Alpes - 01-2025-09-15-00009 - arr\u00eat\u00e9 2025-01-0063 r\u00e9quisition officines\npharmacie 18 sept MIONNAY 8\n>\nEx LELibert\u00e9 \u00bb \u00c9galit\u00e9 \u00bb Fratsrnit\u00e9REPUBLIQUE FRANCAISE\nArr\u00e9t\u00e9 n\u00b0 2025-01-0063Portant r\u00e9quisition d'officines de pharmacie pour assurer la continuit\u00e9 de la mission de service publicde la permanence des soins dans le d\u00e9partement\nLa Pr\u00e9f\u00e8te de l'Ain,Chevalier de la l\u00e9gion d'honneur,Officier de l'ordre national du m\u00e9rite\nVu la Constitution, et notamment son pr\u00e9ambule ;Vu le code g\u00e9n\u00e9ral des collectivit\u00e9s territoriales, notamment le 4\u00b0\" alin\u00e9a de l'article L. 2215-1pr\u00e9cisant les circonstances de d\u00e9clenchement dela proc\u00e9dure de r\u00e9quisition par le pr\u00e9fet;Vu le code de la sant\u00e9 publique, notamment les articles L. 1435-5, L. 4163-7, L. 6314-1 et suivants, R.4127-1 et suivants et R. 6315-1 et suivant et L. 5125-1-1 \u00c0 ;Vu le d\u00e9cret n\u00b0 2004-374 du 29 avril 2004 modifi\u00e9 relatif aux pouvoirs des pr\u00e9fets, \u00e0 l'organisation et \u00e0l'action des services de l'Etat dans les r\u00e9gions et d\u00e9partements ;Vu le d\u00e9cret du 22 mars 2023 portant nomination de la pr\u00e9f\u00e8te de l'Ain - Mme MAUCHET(Chantal) ;Vu le communiqu\u00e9 de presse intersyndical du 3 septembre 2025, regroupant l'Union des syndicats depharmaciens d'officine (USPO), la F\u00e9d\u00e9ration des pharmaciens d'officine (FSPF), ainst que l'Unionnationale des pharmaciens de France (UNPF), l'Union des groupements de pharmaciens d'officine(UGPDO), et Federgy la chambre syndicale des groupements et enseigne de pharmacies, appelant \u00e0la fermeture des officines sur tout le territoire national la journ\u00e9e du 18 septembre 2025 ;Consid\u00e9rant que le 4\u00b0 de l'article L. 2215-1 du code g\u00e9n\u00e9ral des collectivit\u00e9s territoriales susvis\u00e9dispose \"En cas d'urgence, lorsque l'atteinte constat\u00e9e ou pr\u00e9visible au bon ordre, \u00e0 la salubrit\u00e9, \u00e0 latranquillit\u00e9 et \u00e0 la s\u00e9curit\u00e9 publiques l'exige et que les moyens dont dispose le pr\u00e9fet ne permettent plusde poursuivre les objectifs pour lesquels il d\u00e9tient des pouvoirs de police, celui-ci peut, par arr\u00eat\u00e9motiv\u00e9, pour toutes les communes du d\u00e9partement ou plusieurs ou une seule d'entre elles,r\u00e9quisitionner tout bien ou service, requ\u00e9rir toute personne n\u00e9cessaire au fonctionnement de ce serviceou \u00e0 l'usage de ce bien et prescrire toute mesure utile jusqu'\u00e0 ce que l'atteinte \u00e0 l'ordre public ait pris finou que les conditions de son maintien soient assur\u00e9es\";Consid\u00e9rant que la cessation d'activit\u00e9 de certaines officines de pharmacie le jeudi 18 septembre2025 remet en cause la continuit\u00e9 des soins et compromet, de ce fait, la sant\u00e9 publique d'une partiede la population du d\u00e9partement, que l'atteinte \u00e0 la salubrit\u00e9 publique est donc caract\u00e9ris\u00e9e ;Consid\u00e9rant par ailleurs le mouvement de gr\u00e8ve du service de garde et d'urgence des pharmacies encours depuis le 1\u00b0 juillet 2025 ;\n84_ARS_Agence R\u00e9gionale de Sant\u00e9 Auvergne-Rh\u00f4ne-Alpes - 01-2025-09-15-00009 - arr\u00eat\u00e9 2025-01-0063 r\u00e9quisition officines\npharmacie 18 sept MIONNAY 9\nur\n84_ARS_Agence R\u00e9gionale de Sant\u00e9 Auvergne-Rh\u00f4ne-Alpes - 01-2025-09-15-00009 - arr\u00eat\u00e9 2025-01-0063 r\u00e9quisition officines\npharmacie 18 sept MIONNAY 10\nConsid\u00e9rant que cette action s'inscrit dans une mobilisation tr\u00e8s large qui rassemble, outre les deuxsyndicats majoritaires des pharmaciens d'officine USPO et FSPF, l'Union nationale des pharmaciensde France, l'Union des groupements de pharmaciens d'officine et Federgy la chambre syndicale desgroupements et enseigne de pharmacies ;Consid\u00e9rant qu'il n'est pas possible de garantir la continuit\u00e9 d'acc\u00e8s aux m\u00e9dicaments, notammentpour les patients b\u00e9n\u00e9ficiant de traitements vitaux ou chroniques ;Consid\u00e9rant les temps de trajet importants qu'impliquerait l'absence de desserte pharmaceutiquesur le(s) secteur(s) concern\u00e9s ;Consid\u00e9rant l'impossibilit\u00e9 pour l'administration de faire face au risque pour la sant\u00e9 publique enutilisant d'autres moyens ;Consid\u00e9rant l'imp\u00e9rieuse n\u00e9cessit\u00e9 d'assurer la protection de la sant\u00e9 publique et la continuit\u00e9 decette mission de service public ainsi que l'existence d'une situation d'urgence;Sur proposition de la directrice g\u00e9n\u00e9rale de l'agence r\u00e9gionale de sant\u00e9 Auvergne-Rh\u00f4ne-Alpes,\nARRETEArticle 1\" : Le Docteur PERRIN Elodie, pharmacienne titulaire de l'officine de Mionnay situ\u00e9e \u00e0 92 RUEPRINCIPALE, 01390 MIONNAY est r\u00e9quisitionn\u00e9 pour proc\u00e9der \u00e0 l'ouverture de son officine sur lajourn\u00e9e du 18 septembre 2025 et mettre en ceuvre tous les moyens mat\u00e9riels et humains n\u00e9cessaires\u00e0 assurer la prise en charge des patients, sur la p\u00e9riode horaire habituellement pratiqu\u00e9e .par lapharmacie. | |Article 2 : A d\u00e9faut d'ex\u00e9cution du pr\u00e9sent arr\u00eat\u00e9, le docteur PERRIN Elodie s'expose aux sanctionsp\u00e9nales et administratives pr\u00e9vues par les textes :- en cas d'inex\u00e9cution volontaire par la personne requise des obligations qui lui incombent en.application de l'arr\u00eat\u00e9 \u00e9dict\u00e9 par le pr\u00e9fet, le pr\u00e9sident du tribunal administratif ou le magistrat qu'ild\u00e9l\u00e8gue peut, sur demande de l'autorit\u00e9 requ\u00e9rante, prononcer une astreinte dans les conditionspr\u00e9vues aux articles L. 911-6 \u00e0 L. 911-8 du code dejustice administrative ; |- le refus d'ex\u00e9cuter les mesures prescrites par l'autorit\u00e9 requ\u00e9rante constitue un d\u00e9lit qui est puni desix mois d'emprisonnement et de 10 000 euros d'amende.Article 3: Le pr\u00e9sent arr\u00eat\u00e9 peut faire l'objet, dans un d\u00e9lai de deux mois \u00e0 compter de date denotification \u00e0 l'int\u00e9ress\u00e9 et de sa publication pour les tiers, d'un recours contentieux aupr\u00e8s dutribunal administratif territorialement comp\u00e9tent, pouvant \u00eatre introduit par l'applicationinformatique ''T\u00e9l\u00e9recours citoyens' sur le site internet www:telerecours.fr. |Article4 : La Secr\u00e9taire G\u00e9n\u00e9rale de la pr\u00e9fecture de l'Ain est charg\u00e9 de l'ex\u00e9cution du pr\u00e9sent arr\u00eat\u00e9qui sera notifi\u00e9 \u00e0 l'int\u00e9ress\u00e9e.\nFait \u00e0 Bourg-en-Bresse, le 15/09/2025La Pr\u00e9f\u00e8te de l'Ain-La pr\u00e9f\u00e8te,\nantal MAUCHETaw\n84_ARS_Agence R\u00e9gionale de Sant\u00e9 Auvergne-Rh\u00f4ne-Alpes - 01-2025-09-15-00009 - arr\u00eat\u00e9 2025-01-0063 r\u00e9quisition officines\npharmacie 18 sept MIONNAY 11\n84_ARS_Agence R\u00e9gionale de Sant\u00e9 Auvergne-Rh\u00f4ne-Alpes - 01-2025-09-15-00009 - arr\u00eat\u00e9 2025-01-0063 r\u00e9quisition officines\npharmacie 18 sept MIONNAY 12\n84_ARS_Agence R\u00e9gionale de Sant\u00e9\nAuvergne-Rh\u00f4ne-Alpes\n01-2025-09-15-00010\nArr\u00eat\u00e9 2025-01-0064 r\u00e9quisition officines\npharmacie 18sep MONTREAL LA CLUSE\n84_ARS_Agence R\u00e9gionale de Sant\u00e9 Auvergne-Rh\u00f4ne-Alpes - 01-2025-09-15-00010 - Arr\u00eat\u00e9 2025-01-0064 r\u00e9quisition officines\npharmacie 18sep MONTREAL LA CLUSE 13\nz= @Libert\u00e9 + \u00c9galit\u00e9 + Fratsrnit\u00e9R\u00c9PUBLIQUE FRAN\u00c7AISE\nArr\u00eat\u00e9 n\u00b0 2025-017-0064Portant r\u00e9quisition d'officines de pharmacie pour assurer la continuit\u00e9 de la mission de service publicde la permanence des soins dans le d\u00e9partement\nLa Pr\u00e9f\u00e8te de l'Ain,Chevalier de la l\u00e9gion d'honneur,Officier de l'ordre national du m\u00e9rite\nVu la Constitution, et notamment son pr\u00e9ambule ;Vu le code g\u00e9n\u00e9ral des collectivit\u00e9s territoriales, notamment le 4% alin\u00e9a de l'article L. 2215-1pr\u00e9cisant les circonstances de d\u00e9clenchement de la proc\u00e9dure de r\u00e9quisition par le pr\u00e9fet;Vu le code de la sant\u00e9 publique, notamment les articles L. 1435-5, L. 4163-7, L. 6314-1 et suivants, R.4127-1 et suivants et R. 6315-1 et suivant et L. 5125-1-1 \u00c0 ;Vu le d\u00e9cret n\u00b0 2004-374 du 29 avril 2004 modifi\u00e9 relatif aux pouvoirs des pr\u00e9fets, \u00e0 l'organisation et \u00e0'action des services de l'Etat dans les r\u00e9gions et d\u00e9partements ;Vu l\u00e9 d\u00e9cret du 22 mars 2023 portant nomination de la pr\u00e9f\u00e8te de l'Ain - Mme MAUCHET(Chantal) ;Vu le communiqu\u00e9 de presse intersyndical du 3 septembre 2025, regroupant l'Union des syndicats depharmaciens d'officine (USPO), la F\u00e9d\u00e9ration des pharmaciens d'officine (FSPF), ainsi que l'Unionnationale des pharmaciens de France (UNPF), l'Union des groupements de pharmaciens d'officine(UGPDO), et Federgy la chambre syndicale des groupements et enseigne de pharmacies, appelant \u00e0la fermeture des officines sur tout le territoire national la journ\u00e9e du 18 septembre 2025 ;Consid\u00e9rant que le 4\u00b0 de l'article L. 2215-1 du code g\u00e9n\u00e9ral des collectivit\u00e9s territoriales susvis\u00e9'dispose \"En cas d'urgence, lorsque l'atteinte constat\u00e9e ou pr\u00e9visible au bon ordre, \u00e0 la salubrit\u00e9, \u00e0 latranquillit\u00e9 et \u00e0 la s\u00e9curit\u00e9 publiques l'exige et que les moyens dont dispose le pr\u00e9fet ne permettent plusde poursuivre les objectifs pour lesquels il d\u00e9tient des pouvoirs de police, celui-ci peut, par arr\u00eat\u00e9motiv\u00e9, pour .toutes les communes du d\u00e9partement ou plusieurs ou une seule d'entre elles,r\u00e9quisitionner tout bien ou service, requ\u00e9rir toute p\u00e9rsonne n\u00e9cessaire au fonctionnement de ce serviceou \u00e0 l'usage de ce bien et prescrire toute mesure utile jusqu'\u00e0 ce que l'atteinte \u00e0 l'ordre public ait pris finou que les conditions de son maintien soient assur\u00e9es\" ;Consid\u00e9rant que la cessation d'activit\u00e9 de certaines officines de pharmacie le jeudi 18 septembre2025 remet en cause la continuit\u00e9 des soins et compromet, de ce fait, la sant\u00e9 publique d'une partiede la population du d\u00e9partement, que l'atteinte \u00e0 la salubrit\u00e9 publique est donc caract\u00e9ris\u00e9e ;Consid\u00e9rant par ailleurs le mouvement de gr\u00e8ve du service de garde et d'urgence des pharmacies encours depuis le 1\u00b0\"juillet 2025 ;\n84_ARS_Agence R\u00e9gionale de Sant\u00e9 Auvergne-Rh\u00f4ne-Alpes - 01-2025-09-15-00010 - Arr\u00eat\u00e9 2025-01-0064 r\u00e9quisition officines\npharmacie 18sep MONTREAL LA CLUSE 14\n84_ARS_Agence R\u00e9gionale de Sant\u00e9 Auvergne-Rh\u00f4ne-Alpes - 01-2025-09-15-00010 - Arr\u00eat\u00e9 2025-01-0064 r\u00e9quisition officines\npharmacie 18sep MONTREAL LA CLUSE 15\nConsid\u00e9rant que cette action s'inscrit dans une mobilisation tr\u00e8s large qui rassemble, outre les deuxsyndicats majoritaires des pharmaciens d'officine USPO et FSPF, l'Union nationale des pharmaciensde France, l'Union des groupements de pharmaciens d'officine et Federgy la chambre syndicale desgroupementset enseigne de pharmacies ;Consid\u00e9rant qu'il n'est pas possible de garantir la continuit\u00e9 d'acc\u00e8s aux m\u00e9dicaments, notammentpour les patients b\u00e9n\u00e9ficiant de traitements vitaux ou chroniques ;Consid\u00e9rant les temps de trajet importants qu'impliquerait l'absence de desserte pharmaceutiquesur le(s) secteur(s) concern\u00e9s ;Consid\u00e9rant l'impossibilit\u00e9 pour l'administration de faire face au risque pour la sant\u00e9 publique enutilisant d'autres moyens ;Consid\u00e9rant l'imp\u00e9rieuse n\u00e9cessit\u00e9 d'assurer la protection de la sant\u00e9 publique et la continuit\u00e9 decette mission de service public ainsi que l'existence d'une situation d'urgence ;Sur proposition de la directrice g\u00e9n\u00e9rale de l'agence r\u00e9gionale de sant\u00e9 Auvergne-Rh\u00e9ne-Alpes,\nARRETEArticle 1\": Le Docteur ZAMBUJO Mathieu, pharmacien titulaire de l'officine Zambujo situ\u00e9e \u00e0 15AVENUE DE BRESSE 01460 MONTREAL-LA-CLUSE, est r\u00e9quisitionn\u00e9 pour proc\u00e9der \u00e0 l'ouverture deson officine sur la journ\u00e9e du 18 septembre 2025 et mettre en \u0153uvre tous les moyens mat\u00e9riels ethumains n\u00e9cessaires \u00e0 assurer la prise en charge des patients, sur la p\u00e9riode horaire habituellementpratiqu\u00e9e par la pharmacie.Article 2: A d\u00e9faut d'ex\u00e9cution du pr\u00e9sent arr\u00eat\u00e9, le docteur ZAMBUjO Mathieu s'expose auxsanctions p\u00e9nales et administratives pr\u00e9vues par les textes : |- en cas d'inex\u00e9cution volontaire par la personne requise des obligations qui lui incombent en'application de l'arr\u00eat\u00e9 \u00e9dict\u00e9 par le pr\u00e9fet, le pr\u00e9sident du tribunal administratif ou le magistrat qu'ild\u00e9l\u00e8gue peut, sur demande de l'autorit\u00e9 requ\u00e9rante, prononcer une astreinte dans les conditionspr\u00e9vues aux articles L. 911-6 \u00e0 L. 911-8 du code dejustice administrative ;- le refus d'ex\u00e9cuter les mesures prescrites par l'autorit\u00e9 requ\u00e9rante constitue un d\u00e9lit qui est puni desix mois d'emprisonnement et de 10 000 euros d'amende.Article 3 : Le pr\u00e9sent arr\u00eat\u00e9 peut faire l'objet, dans un d\u00e9lai de deux mois \u00e0 compter de date denotification \u00e0 l'int\u00e9ress\u00e9 et de sa publication pour les tiers, d'un recours contentieux aupr\u00e8s dutribunal administratif territorialement comp\u00e9tent, pouvant \u00eatre introduit par l'applicationinformatique \"T\u00e9l\u00e9recours citoyens\" sur le site internet www.telerecours.fr.Article 4 : La Secr\u00e9taire G\u00e9n\u00e9rale de la pr\u00e9fecture de l'Ain est charg\u00e9 de l'ex\u00e9cution du pr\u00e9sent arr\u00eat\u00e9qui sera notifi\u00e9 \u00e0 l'int\u00e9ress\u00e9e.\nFait \u00e0 Bourg-en-Bresse, le 15/09/2025La Pr\u00e9f\u00e8te de l'Ain =\n/\nLa\nChantal MAUCHET\n84_ARS_Agence R\u00e9gionale de Sant\u00e9 Auvergne-Rh\u00f4ne-Alpes - 01-2025-09-15-00010 - Arr\u00eat\u00e9 2025-01-0064 r\u00e9quisition officines\npharmacie 18sep MONTREAL LA CLUSE 16\n84_ARS_Agence R\u00e9gionale de Sant\u00e9 Auvergne-Rh\u00f4ne-Alpes - 01-2025-09-15-00010 - Arr\u00eat\u00e9 2025-01-0064 r\u00e9quisition officines\npharmacie 18sep MONTREAL LA CLUSE 17\n84_ARS_Agence R\u00e9gionale de Sant\u00e9\nAuvergne-Rh\u00f4ne-Alpes\n01-2025-09-15-00012\nArr\u00eat\u00e9 2025-01-0066 r\u00e9quisition officines\npharmacie 18sept2025 REPLONGES\n84_ARS_Agence R\u00e9gionale de Sant\u00e9 Auvergne-Rh\u00f4ne-Alpes - 01-2025-09-15-00012 - Arr\u00eat\u00e9 2025-01-0066 r\u00e9quisition officines\npharmacie 18sept2025 REPLONGES 18\nz= FLibert\u00e9 + \u00c9galit\u00e9 + Fraternit\u00e9R\u00c9PUBLIQUE FRANCAISE\nArr\u00e9t\u00e9 n\u00b0 2025-01-0066Portant r\u00e9quisition d'officines de pharmacie pour assurer la continuit\u00e9 de la mission de service publicde la permanence des soins dans le d\u00e9partement\nLa Pr\u00e9f\u00e8te de l'Ain,Chevalier de la l\u00e9gion d'honneur,Officier de l'ordre national du m\u00e9rite\nVu la Constitution, et notamment son pr\u00e9ambule ;Vu le code g\u00e9n\u00e9ral des collectivit\u00e9s territoriales, notamment le 4\u00b0\" alin\u00e9a de l'article L. 2215-1pr\u00e9cisant les circonstances de d\u00e9clenchement de la proc\u00e9dure de r\u00e9quisition par le pr\u00e9fet ;Vu le code de la sant\u00e9 publique, notamment les articles L. 1435-5, L. 4163-7, L. 6314-1 et suivants, R.4127-1 et suivants et R. 6315-1 et suivant et L. 5125-1-1 A;Vu le d\u00e9cret n\u00b0 2004-374 du 29 avril 2004 modifi\u00e9 relatif aux pouvoirs des pr\u00e9fets, \u00e0 l'organisation et \u00e0l'action des services de l'Etat dans les r\u00e9gions et d\u00e9partements ;Vu le d\u00e9cret du 22 mars 2023 portant nomination de la pr\u00e9f\u00e8te de l'Ain - Mme MAUCHET(Chantal);Vu le communiqu\u00e9 de presse intersyndical du 3 septembre 2025, regroupant l'Union des syndicats depharmaciens d'officine (USPO), la F\u00e9d\u00e9ration des pharmaciens d'officine (FSPF), ainsi que l'Unionnationale des pharmaciens de France (UNPF), l'Union des groupements de pharmaciens d'officine(UGPDO), et Federgy la chambre syndicale des groupements et enseigne de pharmacies, appelant \u00e0la fermeture des officines sur tout le territoire national la journ\u00e9e du 18 septembre 2025 ;Consid\u00e9rant que le. 4\u00b0 de l'article L. 2215-1 du code g\u00e9n\u00e9ral des collectivit\u00e9s territoriales susvis\u00e9dispose \"En cas d'urgence, lorsque l'atteinte constat\u00e9e ou pr\u00e9visible au bon ordre, \u00e0 la salubrit\u00e9, \u00e0 latranquillit\u00e9 et \u00e0 la s\u00e9curit\u00e9 publiques l'exige et que les moyens dont dispose le pr\u00e9fetne permettent plusde poursuivre les objectifs pour lesquels il d\u00e9tient des pouvoirs de police, celui-ci peut, par arr\u00eat\u00e9motiv\u00e9, pour toutes les communes du d\u00e9partement ou plusieurs ou une seule d'entre elles,r\u00e9quisitionner tout bien ou service, requ\u00e9rir toute personne n\u00e9cessaire au fonctionnement de ce serviceou \u00e0 l'usage.de ce bien et prescrire toute mesure utile jusqu'\u00e0 ce que l'atteinte \u00e0 l'ordre public ait pris finou que les conditions de son maintien soient assur\u00e9es\";Consid\u00e9rant que la cessation d'\u00e4ctivit\u00e9 de certaines officines de pharmacie le jeudi 18 septembre2025 remet en cause la continuit\u00e9 des soins et compromet, de ce fait, la sant\u00e9 publique d'une partiede la population du d\u00e9partement, que l'atteinte \u00e0 la salubrit\u00e9 publique est donc caract\u00e9ris\u00e9e ;Consid\u00e9rant par ailleurs le mouvement de gr\u00e8ve du service de garde et d'urgence des pharmacies encours depuis le 1TM juillet 2025 ;\n84_ARS_Agence R\u00e9gionale de Sant\u00e9 Auvergne-Rh\u00f4ne-Alpes - 01-2025-09-15-00012 - Arr\u00eat\u00e9 2025-01-0066 r\u00e9quisition officines\npharmacie 18sept2025 REPLONGES 19\n84_ARS_Agence R\u00e9gionale de Sant\u00e9 Auvergne-Rh\u00f4ne-Alpes - 01-2025-09-15-00012 - Arr\u00eat\u00e9 2025-01-0066 r\u00e9quisition officines\npharmacie 18sept2025 REPLONGES 20\nConsid\u00e9rant que cette action s'inscrit dans une mobilisation tr\u00e8s large qui rassemble, outre les deuxsyndicats majoritaires des pharmaciens d'officine USPO et FSPF, l'Union nationale des pharmaciensde France, l'Union des groupements de pharmaciens d'officine et Federgy la chambre syndicale desgroupements et enseigne de pharmacies ;Consid\u00e9rant qu'il n'est pas possible de garantir la continuit\u00e9 d'acc\u00e8s aux m\u00e9dicaments, notammentpour les patients b\u00e9n\u00e9ficiant de traitements vitaux ou chroniques ;Consid\u00e9rant les temps de trajet importants qu'impliquerait l'absence de desserte pharmaceutiquesur le(s) secteur(s) concern\u00e9s ;Consid\u00e9rant l'impossibilit\u00e9 pour l'administration de faire face au risque pour la sant\u00e9 publique enutilisant d'autres moyens;Consid\u00e9rant l'imp\u00e9rieuse n\u00e9cessit\u00e9 d'assurer la protection de la sant\u00e9 publique et la continuit\u00e9 decette mission de service public ainsi que l'existence d'une situation d'urgence ;Sur proposition de la directrice g\u00e9n\u00e9rale de l'agence r\u00e9gionale de sant\u00e9 Auvergne-Rh\u00f4ne-Alpes,\nARRETEArticle 1\": Le Docteur DEGLETAGNE Fabien, pharmacien titulaire de l'officine de la Madeleine situ\u00e9e\u00e0 387 ROUTE DE BOURG, 01750 REPLONGES est r\u00e9quisitionn\u00e9 pour proc\u00e9der \u00e0 l'ouverture de sonofficine sur la journ\u00e9e du 18 septembre 2025 et mettre en \u0153uvre tous les moyens mat\u00e9riels ethumains n\u00e9cessaires \u00e0 assurer la prise en charge des patients, sur la p\u00e9riode horaire habituellementpratiqu\u00e9e par la pharmacie.Article 2: A d\u00e9faut d'ex\u00e9cution du pr\u00e9sent arr\u00eat\u00e9, le docteur DEGLETAGNE Fabien s'expose auxsanctions p\u00e9nales et administratives pr\u00e9vues par l\u00e9s textes :- en cas d'inex\u00e9cution volontaire par la personne requise des obligations qui lui incombent enapplication de l'arr\u00eat\u00e9 \u00e9dict\u00e9 par le pr\u00e9fet, le pr\u00e9sident dutribunal administratif ou le magistrat qu'ild\u00e9l\u00e8gue peut, sur demande de l'autorit\u00e9 requ\u00e9rante, prononcer une astreinte dans les conditionspr\u00e9vues aux articles L. 911-6 \u00e0 L. 911-8 du code dejustice administrative;- le refus d'ex\u00e9cuter les mesures prescrites par l'autorit\u00e9 requ\u00e9rante constitue un d\u00e9lit qui est puni desix mois d'emprisonnement et de 10 000 euros d'amende. ~Article 3 : Le pr\u00e9sent arr\u00eat\u00e9 peut faire l'objet, dans un d\u00e9lai de deux mois \u00e0 compter de date denotification \u00e0 l'int\u00e9ress\u00e9 et de sa publication pour les tiers, d'un recours contentieux aupr\u00e8s dutribunal administratif territorialement comp\u00e9tent, pouvant \u00eatre introduit par l'applicationinformatique ''T\u00e9l\u00e9recours citoyens' sur le site internet www.telerecours.fr.Article 4 : La Secr\u00e9taire G\u00e9n\u00e9rale de la pr\u00e9fecture de l'Ain est charg\u00e9 de l'ex\u00e9cution du pr\u00e9sent arr\u00eat\u00e9qui sera notifi\u00e9 \u00e0 l'int\u00e9ress\u00e9e.\nFait \u00e0 Bourg-en-\"Bresse, le 15/09/2025La Pr\u00e9f\u00e8te de l'Aina Lu~ Chenta-MAUCHET\n84_ARS_Agence R\u00e9gionale de Sant\u00e9 Auvergne-Rh\u00f4ne-Alpes - 01-2025-09-15-00012 - Arr\u00eat\u00e9 2025-01-0066 r\u00e9quisition officines\npharmacie 18sept2025 REPLONGES 21\n84_ARS_Agence R\u00e9gionale de Sant\u00e9 Auvergne-Rh\u00f4ne-Alpes - 01-2025-09-15-00012 - Arr\u00eat\u00e9 2025-01-0066 r\u00e9quisition officines\npharmacie 18sept2025 REPLONGES 22\n84_ARS_Agence R\u00e9gionale de Sant\u00e9\nAuvergne-Rh\u00f4ne-Alpes\n01-2025-09-15-00013\nArr\u00eat\u00e9 2025-01-0067 r\u00e9quisition officines\npharmacie 18 sept CHAMPAGNE EN VALROMEY\n84_ARS_Agence R\u00e9gionale de Sant\u00e9 Auvergne-Rh\u00f4ne-Alpes - 01-2025-09-15-00013 - Arr\u00eat\u00e9 2025-01-0067 r\u00e9quisition officines\npharmacie 18 sept CHAMPAGNE EN VALROMEY 23\n\u2014Libert\u00e9 \u00bb \u00c9galit\u00e9 + Fraternit\u00e9R\u00c9PUBLIQUE FRANCAISE\nArr\u00eat\u00e9 n\u00b0 2025-01-0067Portant r\u00e9quisition d'officines de pharmacie pour assurer la continuit\u00e9 de la mission de service publicde la permanence des soins dans le d\u00e9partement\nLa Pr\u00e9f\u00e8te de l'Ain,Chevalier de la l\u00e9gion d'honneur,Officier de l'ordre national du m\u00e9rite\nVu la Constitution, et notamment son pr\u00e9ambule;Vu le code g\u00e9n\u00e9ral des collectivit\u00e9s territoriales, notamment le 4\u00b0\" alin\u00e9a de l'article L. 2215-1pr\u00e9cisant les circonstances de d\u00e9clenchement de la proc\u00e9dure de r\u00e9quisition par le pr\u00e9fet ;Vu le code de la sant\u00e9 publique, notamment les articles L. 1435-5, L. 4163-7, L. 6314-1 et suivants, R.4127-1 et suivants et R. 6315-1 et suivant et L. 5125-1-1 A ;Vu le d\u00e9cret n\u00b0 2004-374 du 29 avril 2004 modifi\u00e9 relatif aux pouvoirs des pr\u00e9fets, \u00e0 l'organisation et \u00e0l'action des services de l'Etat dans les r\u00e9gions et d\u00e9partements ; |Vu le d\u00e9cret du 22 mars 2023 portant nomination de la pr\u00e9f\u00e9te de l'Ain - Mme MAUCHET(Chantal);Vu le communiqu\u00e9 de presse intersyndical du 3 septembre 2025, regroupant l'Union des syndicats depharmaciens d'officine (USPO), la F\u00e9d\u00e9ration des pharmaciens d'officine (FSPF), ainsi que l'Unionnationale des pharmaciens de France (UNPF); l'Union des groupements de pharmaciens d'officine(UGPDO), et Federgy la chambre syndicale d\u00e9s groupements et enseigne de pharmacies, appelant \u00e0la fermeture des officines sur tout le territoire national la journ\u00e9e du 18 septembre 2025;Consid\u00e9rant que le 4\u00b0 de l'article L. 2215-1 du code g\u00e9n\u00e9ral des collectivit\u00e9s territoriales susvis\u00e9dispose \"En cas d'urgence, lorsque l'atteinte constat\u00e9e ou pr\u00e9visible au bon ordre, \u00e0 la salubrit\u00e9, \u00e0 la-tranquillit\u00e9 et \u00e0 la s\u00e9curit\u00e9 publiques l'exige et que les moyens dont dispose le pr\u00e9fet ne permettent plusde poursuivre les objectifs pour lesquels il d\u00e9tient des pouvoirs de police, celui-ci peut, par arr\u00eat\u00e9motiv\u00e9, pour toutes les communes du d\u00e9partement ou plusieurs ou une seule d'entre elles,r\u00e9quisitionner tout bien ou service, requ\u00e9rir toute personne n\u00e9cessaire au fonctionnement de ce serviceou \u00e0 l'usage de ce bien et prescrire toute mesure utile jusqu'\u00e0 ce que l'atteinte \u00e0 l'ordre public ait pris finou que les conditions de son maintien soient assur\u00e9es\" ; |Consid\u00e9rant que la cessation d'activit\u00e9 de certaines officines de pharmacie le jeudi 18 septembre2025 remet en cause la continuit\u00e9 des soins et compromet, de ce fait, la sant\u00e9 publique d'une partiede la population du d\u00e9partement, que l'atteinte \u00e0 la salubrit\u00e9 publique est donc caract\u00e9ris\u00e9e;Consid\u00e9rant par ailleurs le mouvement de gr\u00e8ve du service de garde et d'urgence des pharmacies encours depuis le 1\u00b0 juillet 2025 ;\n84_ARS_Agence R\u00e9gionale de Sant\u00e9 Auvergne-Rh\u00f4ne-Alpes - 01-2025-09-15-00013 - Arr\u00eat\u00e9 2025-01-0067 r\u00e9quisition officines\npharmacie 18 sept CHAMPAGNE EN VALROMEY 24\n84_ARS_Agence R\u00e9gionale de Sant\u00e9 Auvergne-Rh\u00f4ne-Alpes - 01-2025-09-15-00013 - Arr\u00eat\u00e9 2025-01-0067 r\u00e9quisition officines\npharmacie 18 sept CHAMPAGNE EN VALROMEY 25\nConsid\u00e9rant que cette action s'inscrit dans une mobilisation tr\u00e9s large qui rassemble, outre les deuxsyndicats majoritaires des pharmaciens d'officine USPO et FSPF, l'Union nationale des pharmaciensde France, l'Union des groupements de pharmaciens d'officine et Federgy la chambre syndicale desgroupements et enseigne de pharmacies ;Consid\u00e9rant qu'il n'est pas possible de garantir la continuit\u00e9 d'acc\u00e8s aux m\u00e9dicaments, notammentpour les patients b\u00e9n\u00e9ficiant de traitements vitaux ou chroniques ;Consid\u00e9rant les temps de trajet importants qu 'impliquerait l'absence de desserte pharmaceutiquesur le(s) secteur(s) concern\u00e9s;Consid\u00e9rant l'impossibilit\u00e9 pour l'administration de faire face au risque pour la sant\u00e9 publique enutilisant d'autres moyens ; |Consid\u00e9rant l'imp\u00e9rieuse n\u00e9cessit\u00e9 d'assurer la protection de la sant\u00e9 publique et la continuit\u00e9 decette mission de service public ainsi que l'existence d'une situation d'urgence ;Sur proposition de la directrice g\u00e9n\u00e9rale de l'agence r\u00e9gionale de sant\u00e9 Auvergne-Rh\u00f4ne-Alpes,\nARRETEArticle 1\": Le Docteur NEHAL Belkacem, pharmacien titulaire de l'officine Pharmacie de Valromeysitu\u00e9e \u00e0 214 Grande Rue, 01260 Champagne-en-Valromey.est r\u00e9quisitionn\u00e9 pour proc\u00e9der \u00e0l'ouverture de son officine sur la journ\u00e9e du 18 septembre 2025 et mettre en \u0153uvre tous les moyensmat\u00e9riels et humains n\u00e9cessaires \u00e0 assurer la prise en charge des patients, sur la p\u00e9riode horairehabituellement pratiqu\u00e9e par la pharmacie.Article 2: A d\u00e9faut d'ex\u00e9cution du pr\u00e9sent arr\u00eat\u00e9, le docteur NEHAL Belkacem s'expose aux:sanctions p\u00e9nales et administratives pr\u00e9vues par les textes :- en cas d'inex\u00e9cution volontaire par la personne requise des obligations qui lui incombent enapplication de l'arr\u00eat\u00e9 \u00e9dict\u00e9 par le pr\u00e9fet, le pr\u00e9sident du tribunal administratif ou le magistrat qu'il.d\u00e9l\u00e8gue peut, sur demande de l'autorit\u00e9 requ\u00e9rante, prononcer une astreinte dans les conditions'pr\u00e9vues aux articles L. 911-6 \u00e0 L. 911-8 du code dejustice administrative ;- le refus d'ex\u00e9cuter les mesures prescrites par l'autorit\u00e9 requ\u00e9rante constitue un d\u00e9lit qui est puni desix mois d'emprisonnement et de 10 000 euros d'amende.Article 3 : Le pr\u00e9sent arr\u00eat\u00e9 peut faire l'objet, dans un d\u00e9lai de deux mois \u00e0 compter de date denotification \u00e0 l'int\u00e9ress\u00e9 et de sa publication pour les tiers, d'un recours contentieux aupr\u00e8s dutribunal administratif territorialement comp\u00e9tent, pouvant \u00eatre introduit par l'applicationinformatique \"T\u00e9l\u00e9recours citoyens' sur le site internet www.telerecours.fr.Article 4: La Secr\u00e9taire G\u00e9n\u00e9rale de la pr\u00e9fecture de I'Ain est charg\u00e9 de l'ex\u00e9cution du pr\u00e9sent arr\u00eat\u00e9qui sera notifi\u00e9 \u00e0 l'int\u00e9ress\u00e9e.\nFait \u00e0 Bourg-en-Bresse, le 15/09/2025La Pr\u00e9f\u00e8te del'Ain \u2014_-apChantal MAUCHET\u2014\n84_ARS_Agence R\u00e9gionale de Sant\u00e9 Auvergne-Rh\u00f4ne-Alpes - 01-2025-09-15-00013 - Arr\u00eat\u00e9 2025-01-0067 r\u00e9quisition officines\npharmacie 18 sept CHAMPAGNE EN VALROMEY 26\n84_ARS_Agence R\u00e9gionale de Sant\u00e9 Auvergne-Rh\u00f4ne-Alpes - 01-2025-09-15-00013 - Arr\u00eat\u00e9 2025-01-0067 r\u00e9quisition officines\npharmacie 18 sept CHAMPAGNE EN VALROMEY 27\n84_ARS_Agence R\u00e9gionale de Sant\u00e9\nAuvergne-Rh\u00f4ne-Alpes\n01-2025-09-15-00011\nArr\u00eat\u00e9 n\u00b0 2025-01-0065 r\u00e9quisition officines\n18sept2025 Pr\u00e9vessin Moens\n84_ARS_Agence R\u00e9gionale de Sant\u00e9 Auvergne-Rh\u00f4ne-Alpes - 01-2025-09-15-00011 - Arr\u00eat\u00e9 n\u00b0 2025-01-0065 r\u00e9quisition officines\n18sept2025 Pr\u00e9vessin Moens 28\nLibert\u00e9 \u00bb \u00c9galit\u00e9 \u00bb Fraternit\u00e9R\u00c9PUBLIQUE FRAN\u00c7AISE\nArr\u00eat\u00e9 n\u00b0 2025-01-0065Portant r\u00e9quisition d'officines de pharmacie pour assurer la continuit\u00e9 de la mission de service publicde la permanence des soins dans le d\u00e9partement\nLa Pr\u00e9f\u00e8te de l'Ain,Chevalier de la l\u00e9gion d'honneur,Officier de l'ordre national du m\u00e9rite\nVu la Constitution, et notamment son pr\u00e9ambule;Vu le code g\u00e9n\u00e9ral des collectivit\u00e9s territoriales, notamment le 4\u00b0\" alin\u00e9a de l'article L. 2215-1pr\u00e9cisant les circonstances de d\u00e9clenchement de la proc\u00e9dure de r\u00e9quisition par le pr\u00e9fet;Vu le code de la sant\u00e9 publique, notamment les articles L. 1435-5, L. 4163-7, L. 6314-1 et suivants, R.4127-1et suivants et R. 6315-1 et suivant et L. 5125-1-1A;Vu le d\u00e9cret n\u00b0 2004-374 du 29 avril 2004 modifi\u00e9 relatif aux pouvoirs des pr\u00e9fets, \u00e0 l'organisation et \u00e0l'action des services de l'Etat dans les r\u00e9gions et d\u00e9partements ;Vu le d\u00e9cret du 22 mars 2023 portant nomination de la pr\u00e9f\u00e8te de l'Ain - Mme MAUCHET(Chantal);Vu le communiqu\u00e9 de presse intersyndical du 3 septembre 2025, regroupant l'Union des syndicats depharmaciens d'officine (USPO), la F\u00e9d\u00e9ration des pharmaciens d'officine (FSPF), ainsi que l'Unionnationale des pharmaciens de France (UNPF), l'Union des groupements de pharmaciens d'officine(UGPDO), et Federgy la chambre syndicale des groupements et enseigne de pharmacies, appelant \u00e0la fermeture des officines sur tout le territoire national la journ\u00e9e du 18 septembre 2025;Consid\u00e9rant que le 4\u00b0 de l'article L. 2215-1 du code g\u00e9n\u00e9ral des collectivit\u00e9s territoriales susvis\u00e9dispose \"En cas d'urgence, lorsque l'atteinte constat\u00e9e ou pr\u00e9visible au bon ordre, \u00e0 la salubrit\u00e9, \u00e0 latranquillit\u00e9 et \u00e0 la s\u00e9curit\u00e9 publiques l'exige et que les moyens dont dispose le pr\u00e9fet ne permettent plusde poursuivre les objectifs pour lesquels il d\u00e9tient d\u00e8s pouvoirs de police, celui-ci peut, par arr\u00eat\u00e9motiv\u00e9, pour toutes les communes du d\u00e9partement ou plusieurs ou une seule d'entre elles,r\u00e9quisitionner tout bien ou service, requ\u00e9rir toute personne n\u00e9cessaire au fonctionnement de ce serviceou \u00e0 l'usage de ce bien et prescrire toute mesure utile jusqu'\u00e0 ce que l'atteinte \u00e0 l'ordre public ait pris finou que les conditions de son maintien soient assur\u00e9es\" ;Consid\u00e9rant que la cessation d'activit\u00e9 de certaines officines de pharmacie le jeudi 18 septembre2025 remet en cause la continuit\u00e9 des soins et compromet, de ce fait, la sant\u00e9 publique d'une partiede la population du d\u00e9partement, que l'atteinte \u00e0 la salubrit\u00e9 publique est donc caract\u00e9ris\u00e9e ;Consid\u00e9rant par ailleurs le mouvement de gr\u00e8ve du service de garde et d'urgence des pharmacies encours depuis le 1\u00b0 juillet 2025 ;\n84_ARS_Agence R\u00e9gionale de Sant\u00e9 Auvergne-Rh\u00f4ne-Alpes - 01-2025-09-15-00011 - Arr\u00eat\u00e9 n\u00b0 2025-01-0065 r\u00e9quisition officines\n18sept2025 Pr\u00e9vessin Moens 29\n84_ARS_Agence R\u00e9gionale de Sant\u00e9 Auvergne-Rh\u00f4ne-Alpes - 01-2025-09-15-00011 - Arr\u00eat\u00e9 n\u00b0 2025-01-0065 r\u00e9quisition officines\n18sept2025 Pr\u00e9vessin Moens 30\nConsid\u00e9rant que cette action s'inscrit dans une mobilisation tr\u00e8s large qui rassemble, outre les deuxsyndicats majoritaires des pharmaciens d'officine USPO et FSPF, Union nationale des pharmaciensde France, l'Union des groupements de pharmaciens d'officine et Federgy la chambre syndicale desgroupements et enseigne de pharmacies ;Consid\u00e9rant qu'il n'est pas possible de garantir la continuit\u00e9 d'acc\u00e8s aux m\u00e9dicaments, notammentpour les patients b\u00e9n\u00e9ficiant de traitements vitaux ou chroniques ;Consid\u00e9rant les temps de trajet importants qu'impliquerait l'absence de desserte pharmaceutiquesur le(s) secteur(s) concern\u00e9s;Consid\u00e9rant l'impossibilit\u00e9 pour l'administration de faire face au risque pour la sant\u00e9 publique enutilisant d'autres moyens;Consid\u00e9rant l'imp\u00e9rieuse n\u00e9cessit\u00e9 d'assurer la protection de la sant\u00e9 publique et la continuit\u00e9 decette mission de service public ainsi que l'existence d'une situation d'urgence ;Sur proposition de la directrice g\u00e9n\u00e9rale de l'agence r\u00e9gionale de sant\u00e9 Auvergne-Rh\u00f4ne-Alpes,\nARRETEArticle 1\u00b0: Le Docteur HAY Charlotte, pharmacienne titulaire de l'officine Pharmacie du GrandGen\u00e8ve situ\u00e9e \u00e0 ROUTE DE MATEGNIN, CHEMIN DE PRE DE PLANCHE,01280 PREVESSIN-MOENS, estr\u00e9quisitionn\u00e9 pour proc\u00e9der \u00e0 l'ouverture de son officine sur la journ\u00e9e du 18 septembre 2025 etmettre en \u0153uvre tous les moyens mat\u00e9riels et humains n\u00e9cessaires \u00e0 assurer la prise en charge despatients, sur la p\u00e9riode horaire habituellement pratiqu\u00e9e par la pharmacie.Article 2 : A d\u00e9faut d'ex\u00e9cution du pr\u00e9sent arr\u00eat\u00e9, le docteur HAY Charlotte, s'expose aux sanctionsp\u00e9nales et administratives pr\u00e9vues par les textes :- en cas d'inex\u00e9cution volontaire par la personne requise des obligations qui lui incombent enapplication de l'arr\u00eat\u00e9 \u00e9dict\u00e9 par le pr\u00e9fet, le pr\u00e9sident du tribunal administratif ou le magistrat qu'ild\u00e9l\u00e8gue peut, sur demande de l'autorit\u00e9 requ\u00e9rante, prononcer une astreinte dans les conditionspr\u00e9vues aux articles L. 911-6 \u00e0 L. 911-8 du code dejustice administrative :- le refus d'ex\u00e9cuter les mesures prescrites par l'autorit\u00e9 requ\u00e9rante constitue Un d\u00e9lit qui est puni desix mois d'emprisonnement et de 10 000 euros d'amende. |Article 3 : Le pr\u00e9sent arr\u00eat\u00e9 peut faire l'objet, dans un d\u00e9lai de deux mois \u00e0 compter de date denotification \u00e0 l'int\u00e9ress\u00e9 et de sa publication pour les tiers, d'un recours contentieux aupr\u00e8s dutribunal administratif territorialement comp\u00e9tent, pouvant \u00eatre introduit par l'applicationinformatique ''T\u00e9l\u00e9recours citoyens\" sur le site internet www.telerecours.fr.Article 4 : La Secr\u00e9taire G\u00e9n\u00e9rale de la pr\u00e9fecture de l'Ain est charg\u00e9 de l'ex\u00e9cution du pr\u00e9sent arr\u00eat\u00e9qui sera notifi\u00e9 \u00e0 l'int\u00e9ress\u00e9e.\nFait \u00e0 Bourg-en-Bresse, le 15/09/2025La Pr\u00e9f\u00e8te de l'Ain/ La)pr\u00e9fetscra MAUSMAUCHET\u2014~\n84_ARS_Agence R\u00e9gionale de Sant\u00e9 Auvergne-Rh\u00f4ne-Alpes - 01-2025-09-15-00011 - Arr\u00eat\u00e9 n\u00b0 2025-01-0065 r\u00e9quisition officines\n18sept2025 Pr\u00e9vessin Moens 31\n84_ARS_Agence R\u00e9gionale de Sant\u00e9 Auvergne-Rh\u00f4ne-Alpes - 01-2025-09-15-00011 - Arr\u00eat\u00e9 n\u00b0 2025-01-0065 r\u00e9quisition officines\n18sept2025 Pr\u00e9vessin Moens 32","date":"2025-11-03","first_seen_on":"2025-11-03T17:05:13+00:00","id":"f45f02c7b6f7b0f912fa98dba2f2fd596107d948d47467fc746dfb98130e7397","name":"recueil-01-2025-368-recueil-des-actes-administratifs-special N\u00b02  03-11-2025","pdf_creation_date":"2025-11-03T15:06:29+00:00","pdf_modification_date":null,"timezone":"Europe/Paris","url":"https://www.ain.gouv.fr/contenu/telechargement/33759/235842/file/recueil-01-2025-368-recueil-des-actes-administratifs-special%20N%C2%B02%20%2003-11-2025%20.pdf"}
