{"administration":"pref13","administration_name":"Pr\u00e9fecture des Bouches-du-Rh\u00f4ne","content":"BOUCHES-DU-\nRH\u00d4NE\nRECUEIL DES ACTES\nADMINISTRATIFS SP\u00c9CIAL\n(NOMINATIFS)\nN\u00b013-2026-046\nPUBLI\u00c9 LE 12 F\u00c9VRIER 2026\nSommaire\nMaison Centrale d'ARLES /\n13-2026-02-12-00002 - M.BRESSET d\u00e9l\u00e9gation (1 page) Page 3\n2\nMaison Centrale d'ARLES\n13-2026-02-12-00002\nM.BRESSET d\u00e9l\u00e9gation\nMaison Centrale d'ARLES - 13-2026-02-12-00002 - M.BRESSET d\u00e9l\u00e9gation 3\nMINISTEREDE LA JUSTICELibert\u00e9Egalit\u00e9Fraternit\u00e9\n \nMinist\u00e8re de la Justice \n \nDirection interr\u00e9gionale des services p\u00e9nitentiaires de Marseille \n \nMC Arles \n \n                                                                                                                                     \u00c0 Arles \n \n                                                                                                                                    Le 12 f\u00e9vrier 2026 \n \n \nArr\u00eat\u00e9 portant d\u00e9l\u00e9gation de signature \n \n \n- Vu l'article R.361-3 du code p\u00e9nitentiaire; \n- Vu l'arr\u00eat\u00e9 du ministre de la justice en date du 18/02/2025 nommant Monsieur Fabrice BELS en \nqualit\u00e9 de chef d'\u00e9tablissement de la Maison Centrale d'Arles \n \n \nLe chef de l'\u00e9tablissement de la Maison Centrale d'Arles \n \n \nARR\u00caTE \n \nArticle 1er : D\u00e9l\u00e9gation de signature est donn\u00e9e \u00e0 M. Jean-Fran\u00e7ois BRESSET, commandant, \u00e0 la MC Arles  \u00e0 \nl'effet de signer toutes d\u00e9cisions et documents se rapportant aux attributions relatives \u00e0 l'inscription sur \nles listes \u00e9lectorales et au vote par correspondance des personnes d\u00e9tenues et d\u00e9finies \u00e0 l'article R.361-3 \ndu code p\u00e9nitentiaire.  \n \nArticle 2 : M. Jean-Fran\u00e7ois BRESSET, commandant \u00e0 la MC Arles  assiste en tant que de besoin le chef de \nl'\u00e9tablissement de la MC Arles dans les attributions pour lesquelles il a re\u00e7u d\u00e9l\u00e9gation de signature \u00e0 \nl'article 1er de l'arr\u00eat\u00e9 du chef de l'\u00e9tablissement de la MC Arles lui donnant d\u00e9l\u00e9gation de signature. \n \nArticle 3  : Le pr\u00e9sent arr\u00eat\u00e9 est publi\u00e9  au recueil des actes administratifs du d\u00e9partement dans lequel \nl'\u00e9tablissement a son si\u00e8ge et affich\u00e9 au sein de l'\u00e9tablissement p\u00e9nitentiaire.  \n \nFait \u00e0 Arles \nLe 12/02/2026 \n \nLe chef d'\u00e9tablissement, \nFabrice BELS  \nSIGNE \n            \n   \nMaison Centrale d'ARLES - 13-2026-02-12-00002 - M.BRESSET d\u00e9l\u00e9gation 4","date":"2026-02-12","first_seen_on":"2026-02-12T15:11:03+00:00","id":"f480b4858213876752ba8f6336d1e416f3272dc19b2559ddc9f7e76b67a94368","name":"recueil-13-2026-046-recueil-des-actes-administratifs-nominatifs du 12 f\u00e9vrier 2026","pdf_creation_date":"2026-02-12T14:41:01+00:00","pdf_modification_date":null,"timezone":"Europe/Paris","url":"https://www.bouches-du-rhone.gouv.fr/contenu/telechargement/62993/442361/file/recueil-13-2026-046-recueil-des-actes-administratifs-nominatifs%20du%2012%20f%C3%A9vrier%202026.pdf"}
