{"administration":"pref30","administration_name":"Pr\u00e9fecture du Gard","content":"PR\u00c9FET\nDU GARD\nRECUEIL DES ACTES\nADMINISTRATIFS SP\u00c9CIAL\nN\u00b030-2025-082\nPUBLI\u00c9 LE 16 MAI 2025\nSommaire\nDirection d\u00e9partementale de l'\u00e9conomie, de l'emploi, du travail et des\nsolidarit\u00e9s  /\n30-2025-05-07-00003 - ACEE - D\u00e9cision n\u00b0 30-2025-05-07 portant\nd\u00e9livrance de l'agr\u00e9ment ESUS (2 pages) Page 3\nDIRECTION REGIONALE DE L'ENVIRONNEMENT DE\nL'AMENAGEMENT ET DU LOGEMENT -Occitanie (si\u00e8ge \u00e0 Toulouse) /\n30-2025-05-15-00002 - Arr\u00eat\u00e9 d\u00e9partemental portant d\u00e9rogation\naux interdictions de transport naturalisation et d\u00e9tention de sp\u00e9cimens\nd'esp\u00e8ces animales et v\u00e9g\u00e9tales prot\u00e9g\u00e9es au b\u00e9n\u00e9fice de\nla Maison rouge, Mus\u00e9e des Vall\u00e9es c\u00e9venoles (6 pages) Page 6\n30-2025-05-15-00003 - Arr\u00eat\u00e9 portant d\u00e9rogation aux interdictions de\ncapture transport, utilisation et rel\u00e2cher dans le milieu naturel de\nsp\u00e9cimens d'esp\u00e8ces animales prot\u00e9g\u00e9es au b\u00e9n\u00e9fice du\nConservatoire d'espaces naturels d'Occitanie sur la commune de\nParignargues (5 pages) Page 13\nPrefecture du Gard /\n30-2025-05-16-00001 - Arr\u00eat\u00e9 donnant d\u00e9l\u00e9gation de signature de\nMme Anne BRONNER, Directrice D\u00e9partementale des territoires de\nl'Ard\u00e8che (2 pages) Page 19\n30-2025-05-16-00002 - Arr\u00eat\u00e9 N\u00b030-2025-05-16-00002 portant\ninterdiction des rassemblements festifs \u00e0 caract\u00e8re musical et\ninterdiction de circulation des poids lourds transportant du mat\u00e9riel de\nsons \u00e0 destination d'un rassemblement festif \u00e0 caract\u00e8re musical\nnon autoris\u00e9 dans le d\u00e9partement du Gard du vendredi 16 au lundi 19\nmai 2025. (4 pages) Page 22\n2\nDirection d\u00e9partementale de l'\u00e9conomie, de\nl'emploi, du travail et des solidarit\u00e9s \n30-2025-05-07-00003\nACEE - D\u00e9cision n\u00b0 30-2025-05-07 portant\nd\u00e9livrance de l'agr\u00e9ment ESUS\nDirection d\u00e9partementale de l'\u00e9conomie, de l'emploi, du travail et des solidarit\u00e9s  - 30-2025-05-07-00003 - ACEE - D\u00e9cision n\u00b0\n30-2025-05-07 portant d\u00e9livrance de l'agr\u00e9ment ESUS 3\n| ae Direction D\u00e9partementale de l'Emploi,\u00a3 du Travail et des Solidarit\u00e9sPREFETDU GARDLibert\u00e9Egalit\u00e9Fraternit\u00e9 DECISION N\u00b0 30-2025-05-07PORTANT DELIVRANCE DE L'AGREMENT\u00ab ENTREPRISE SOLIDAIRE D'UTILITE SOCIALE \u00bb\nVu le Code du Travail, notamment ses articles L.3332-17-1 et R.3332-21-1 \u00e0 5;Vu la Loi n\u00b0 2014-856 du 31 juillet 2014relative \u00e0 l'\u00c9conomie Sociale et Solidaire,notamment ses articles 1, 2 et 11 (ce dernier codifi\u00e9 \u00e0 l'article L.3332-17-1 du Code dutravail);Vu la Loi n\u00b02019-486 du 22 mai 2019 relative a la croissance et a la transformation desentreprises, notamment l'article 105 apportant des modifications a la d\u00e9finition de l'utilit\u00e9sociale et a l'agr\u00e9ment ESUS ;Vu le D\u00e9cret du Pr\u00e9sident de la R\u00e9publique du 13 juillet 2023 portant nomination deMonsieur J\u00e9r\u00f4me BONET en qualit\u00e9 de Pr\u00e9fet du Gard;Vu l'Arr\u00e9t\u00e9 pris le 5 ao\u00fbt 2015 par le ministre en charge de l'\u00c9conomie sociale et solidaireet fixant la composition du dossier de demande d'agr\u00e9ment \u00ab entreprise solidaire d'utilit\u00e9sociale \u00bb ;Vu l'Arr\u00e9t\u00e9 pr\u00e9fectoral du 19 f\u00e9vrier 2024 portant d\u00e9signation et donnant d\u00e9l\u00e9gation designature \u00e0 Madame Sophie BOUDOT, directrice d\u00e9partementale de l'emploi, du travail etdes solidarit\u00e9s du Gard,Vu l'Arr\u00eat\u00e9 de subd\u00e9l\u00e9gation de signature du 19 f\u00e9vrier 2025 aux agents de la directiond\u00e9partementale de l'emploi, du travail et des solidarit\u00e9s du Gard,Vu la convention pluriannuelle n\u00b0 ACI 030 25 0001 reconnaissant \u00e0 l'Association pour la .Communication, les Echanges et l'Emploi (A.C.E.E) la qualit\u00e9 d'atelier - chantierd'insertion,Vu le dossier de demande d'agr\u00e9ment \u00ab Entreprise Solidaire d'Utilit\u00e9 Sociale\u00bb d\u00e9pos\u00e9complet le 19 mars 2025 par l'Association pour la Communication, les Echanges etl'Emploi (A.C.E.E) - Siret 399 085 158 000 59, sise : 106 rue Le Corbusier - Z.I. de Gr\u00e9zan -30034 NIMES Cedex 1;CONSIDERANT QUE l'Association pour la Communication, les Echanges et l'Emploi(A.C.E.E) appartient \u00e0 l'une des cat\u00e9gories b\u00e9n\u00e9ficiant de plein droit de PSE ESUSmentionn\u00e9es au II de l'article L.3332-17-1-1 du code du travail ;Mas de l'Agriculture \u2014 1120 route de Saint Gilles \u2014 BP 39081 \u2014 30972 NIMES CEDEX 9T\u00e9l : 04 30 08 61 20 \u2014 Fax : 04 30 08 61 21 \u2014 www.gard.gouv.fr\nDirection d\u00e9partementale de l'\u00e9conomie, de l'emploi, du travail et des solidarit\u00e9s  - 30-2025-05-07-00003 - ACEE - D\u00e9cision n\u00b0\n30-2025-05-07 portant d\u00e9livrance de l'agr\u00e9ment ESUS 4\nDECIDEARTICLE 1: L'Association pour la Communication, les Echanges et l'Emploi (A.C.E.E) estagr\u00e9\u00e9e en qualit\u00e9 d'entreprise solidaire d'utilit\u00e9 sociale au sens de l'article L.3332-17-1 ducode du travail.ARTICLE 2: Le pr\u00e9sent agr\u00e9ment est accord\u00e9 pour une dur\u00e9e de 5 ans a compter de ladate de notification de la pr\u00e9sente d\u00e9cision.ARTICLE 3 : La pr\u00e9sente d\u00e9cision peut faire l'objet d'un recours dans un d\u00e9lai de deuxmois a compter de la date de notification, selon les modalit\u00e9s suivantes :- Un recours administratif aupr\u00e8s de l'autorit\u00e9 auteur de la d\u00e9cision, adress\u00e9 a:Monsieur le Pr\u00e9fet du Gard,Direction d\u00e9partementale de l'emploi, du travail et des solidarit\u00e9sMas de l'Agriculture - 1120 route de Saint Gilles \u2014- BP 39084 - 30972 Nimes cedex 9.- Un recours hi\u00e9rarchique aupr\u00e8s de la secr\u00e9taire d'Etat charg\u00e9e de l'Economie Sociale etSolidaire, adress\u00e9 a:Madame la Secr\u00e9taire d'\u00c9tat en charge de l'\u00c9conomie sociale et solidaire,Minist\u00e8re de l'\u00c9conomie, de l'Industrie et du Num\u00e9rique,D\u00e9l\u00e9gation interminist\u00e9rielle \u00e0 l'\u00c9conomie Sociale et SolidaireT\u00e9l\u00e9doc 151, 139 rue de Bercy, 75572 Paris Cedex 12 (T\u00e9l\u00e9phone : 01 40 04 04 04) |- Un recours contentieux aupr\u00e8s du Tribunal administratif comp\u00e9tent, \u00e0 adresser a:Tribunal Administratif de N\u00eemes, 16 avenues Feuch\u00e8res, 30 000 N\u00eemes. Le tribunaladministratif peut \u00eatre saisi par l'application \u00ab T\u00e9l\u00e9recours citoyen \u00bb accessible sur lesite Internet www.telerecours.fr.Ce recours doit contenir les nom et adresse de l'Association pour la Communication,les Echanges et l'Emploi (A.C.E.E), ainsi que l'expos\u00e9 bref des faits et des motifs pourlesquels la structure demande l'annulation de la pr\u00e9sente d\u00e9cision.ARTICLE 4: Le pr\u00e9sent r\u00e9c\u00e9piss\u00e9 sera publi\u00e9 au recueil des actes administratifs de lapr\u00e9fecture du Gard. |N\u00eemes, le 7 mai 2025 le Pr\u00e9fet et par d\u00e9l\u00e9gation,directeur d\u00e9partemental adjointl'emploi, du travaildes solidarit\u00e9s du Gard,\nDirection d\u00e9partementale de l'\u00e9conomie, de l'emploi, du travail et des solidarit\u00e9s  - 30-2025-05-07-00003 - ACEE - D\u00e9cision n\u00b0\n30-2025-05-07 portant d\u00e9livrance de l'agr\u00e9ment ESUS 5\nDIRECTION REGIONALE DE L'ENVIRONNEMENT\nDE L'AMENAGEMENT ET DU LOGEMENT\n-Occitanie (si\u00e8ge \u00e0 Toulouse)\n30-2025-05-15-00002\nArr\u00eat\u00e9 d\u00e9partemental portant d\u00e9rogation aux\ninterdictions de transport naturalisation et\nd\u00e9tention de sp\u00e9cimens d'esp\u00e8ces animales et\nv\u00e9g\u00e9tales prot\u00e9g\u00e9es au b\u00e9n\u00e9fice de la Maison\nrouge, Mus\u00e9e des Vall\u00e9es c\u00e9venoles\nDIRECTION REGIONALE DE L'ENVIRONNEMENT DE L'AMENAGEMENT ET DU LOGEMENT -Occitanie (si\u00e8ge \u00e0 Toulouse) -\n30-2025-05-15-00002 - Arr\u00eat\u00e9 d\u00e9partemental portant d\u00e9rogation aux interdictions de transport naturalisation et d\u00e9tention de\nsp\u00e9cimens d'esp\u00e8ces animales et v\u00e9g\u00e9tales prot\u00e9g\u00e9es au b\u00e9n\u00e9fice de la Maison rouge, Mus\u00e9e des Vall\u00e9es c\u00e9venoles\n6\nPREFETDU GARDLibert\u00e9Evalit\u00e9Fraternit\u00e9\nDirection r\u00e9gionale de l'environnement,\nde l'am\u00e9nagement et du logement\nd'Occitanie\nArr\u00eat\u00e9 d\u00e9partemental n\u00b02025-30-03 portant d\u00e9rogation aux interdictions de transport\nnaturalisation et d\u00e9tention de sp\u00e9cimens d'esp\u00e8ces animales et v\u00e9g\u00e9tales prot\u00e9g\u00e9es au b\u00e9n\u00e9fice\nde la Maison rouge, Mus\u00e9e des Vall\u00e9es c\u00e9venoles\nLE PR\u00c9FET DU GARD,\nChevalier de la L\u00e9gion d'honneur\nChevalier de l'Ordre national du M\u00e9rite\nVu le Code de l'environnement, notamment les articles L411-1 et L411-2, et R411-1 \u00e0 R411-14\u00a0;\nvu l'arr\u00eat\u00e9  interminist\u00e9riel  du  19  f\u00e9vrier  2007  relatif  aux  conditions  de  demande  et\nd'instruction des d\u00e9rogations d\u00e9finies au 4\u00b0 de l'article L411-2 du Code de l'environnement\u00a0;\nvu le  d\u00e9cret  n\u00b0  97-34  du  15  janvier  1997  relatif  \u00e0  la  d\u00e9concentration  des  d\u00e9cisions\nadministratives individuelles et le d\u00e9cret n\u00b0 97-1204 du 19 d\u00e9cembre 1997 pris pour son\napplication\u00a0;\nvu le d\u00e9cret du 13 juillet 2023 nommant M. J\u00e9r\u00f4me BONET pr\u00e9fet du Gard\u00a0;\nvu l'arr\u00eat\u00e9 minist\u00e9riel du 30 juin 1998 fixant les modalit\u00e9s d'application de la convention sur le\ncommerce international des esp\u00e8ces de faune et de flore sauvages menac\u00e9es d'extinction\net des r\u00e8glements (CE) n\u00b0 338/97 du Conseil europ\u00e9en et (CE) n\u00b0 939/97 de la Commission\neurop\u00e9enne\u00a0;\nvu l'arr\u00eat\u00e9 interminist\u00e9riel du 19 f\u00e9vrier 2007 modifi\u00e9, fixant les conditions de demande et\nd'instruction des d\u00e9rogations d\u00e9finies au 4\u00b0 de l'article L411-2 du Code de l'environnement\nportant sur des esp\u00e8ces de faune et de flore prot\u00e9g\u00e9es\u00a0;\nvu l'arr\u00eat\u00e9 minist\u00e9riel du 26 novembre 2013 fixant les conditions et limites dans lesquelles des\nd\u00e9rogations \u00e0 l'interdiction de naturalisation de sp\u00e9cimens d'esp\u00e8ces animales prot\u00e9g\u00e9es\npeuvent \u00eatre accord\u00e9es par les pr\u00e9fets\u00a0;\nvu l'arr\u00eat\u00e9  minist\u00e9riel  du  9  juillet  1999  fixant  la  liste  des  esp\u00e8ces  de  vert\u00e9br\u00e9s  prot\u00e9g\u00e9es\nmenac\u00e9es d'extinction en France et dont  l'aire de r\u00e9partition exc\u00e8de le territoire d'un\nd\u00e9partement,\nPr\u00e9fecture du Gard\n2 rue Guillemette\n30000 N\u00eemes\nwww.  gard  .gouv.fr  \n2025 \u2013 d\u00e9partemental du Gard 2025-30-03\np 1 / 6\nDIRECTION REGIONALE DE L'ENVIRONNEMENT DE L'AMENAGEMENT ET DU LOGEMENT -Occitanie (si\u00e8ge \u00e0 Toulouse) -\n30-2025-05-15-00002 - Arr\u00eat\u00e9 d\u00e9partemental portant d\u00e9rogation aux interdictions de transport naturalisation et d\u00e9tention de\nsp\u00e9cimens d'esp\u00e8ces animales et v\u00e9g\u00e9tales prot\u00e9g\u00e9es au b\u00e9n\u00e9fice de la Maison rouge, Mus\u00e9e des Vall\u00e9es c\u00e9venoles\n7\nvu l'arr\u00eat\u00e9 minist\u00e9riel du 23 avril 2007 fixant la liste des mammif\u00e8res terrestres prot\u00e9g\u00e9s sur\nl'ensemble du territoire et les modalit\u00e9s de leur protection,\nvu l'arr\u00eat\u00e9 minist\u00e9riel du 29 octobre 2009 fixant les listes des oiseaux prot\u00e9g\u00e9s sur l'ensemble\ndu territoire et les modalit\u00e9s de leur protection\u00a0;\nvu l'arr\u00eat\u00e9 minist\u00e9riel du 18 octobre 2019 de la ministre de la transition \u00e9cologique et solidaire\net  de  la  ministre  de  la  coh\u00e9sion  des  territoires  et  des  relations  avec  les  collectivit\u00e9s\nterritoriales, nommant Monsieur Patrick BERG, directeur r\u00e9gional de l'environnement, de\nl'am\u00e9nagement et du logement de la r\u00e9gion Occitanie \u00e0 compter du 1 d\u00e9cembre 2019,\nvu l'arr\u00eat\u00e9 du 12 novembre 2024 de la ministre de la Transition \u00e9cologique, de l'\u00e9nergie, du\nclimat et de la pr\u00e9vention des risques, renouvelant dans ses fonctions M. Patrick BERG,\ndirecteur r\u00e9gional de l'environnement, de l'am\u00e9nagement et du logement de la r\u00e9gion\nOccitanie \u00e0 compter du 1er\n d\u00e9cembre 2024\u00a0;\nvu l'arr\u00eat\u00e9 pr\u00e9fectoral  en  date du  17  d\u00e9cembre  2024  de  la  pr\u00e9fecture  du  Gard  donnant\nd\u00e9l\u00e9gation de signature \u00e0 Monsieur Patrick BERG, directeur r\u00e9gional de l'environnement, de\nl'am\u00e9nagement et du logement de la r\u00e9gion Occitanie\u00a0;\nvu l'arr\u00eat\u00e9 pr\u00e9fectoral n\u00b0  AS 30-2024-12-19, portant subd\u00e9l\u00e9gation de signature du directeur\naux agents de la DREAL Occitanie\u00a0;\nvu la demande pr\u00e9sent\u00e9e par Madame Carole HYZA Conservatrice en chef du patrimoine et\ndirectrice des mus\u00e9es d'Al\u00e8s Agglom\u00e9ration le 6 mai 2025, ainsi que la liste des sp\u00e9cimens\nd\u00e9tenus par l'\u00e9tablissement en date du 6 mai 2025\u00a0;\nconsid\u00e9rant l'\u00e9tat des lieux actualis\u00e9 des collections transmis le 6 mai 2025 ;\nconsid\u00e9rant que ce projet s'inscrit  dans l'int\u00e9r\u00eat  de la protection de la faune et  de la flore\nsauvages et de la conservation des habitats naturels\u00a0;\nconsid\u00e9rant l'absence d'impact ou de perturbation sur les sp\u00e9cimens concern\u00e9s\u00a0;\nconsid\u00e9rant qu'il n'existe pas d'autre solution satisfaisante pour la r\u00e9alisation de cette mission\u00a0;\nconsid\u00e9rant que la d\u00e9rogation n'est pas susceptible de porter atteinte aux esp\u00e8ces prot\u00e9g\u00e9es\nconcern\u00e9es, et est sans effet significatif sur l'environnement, elle ne requiert donc pas de\nparticipation du public pr\u00e9alable \u00e0 l'octroi de la d\u00e9rogation, en application de l'article L123-\n19-2 du Code de l'environnement\u00a0;\nconsid\u00e9rant que la d\u00e9rogation ne nuira pas au maintien de l'\u00e9tat de conservation de ces esp\u00e8ces\ndans leur aire de r\u00e9partition naturelle et qu'elle ne remet pas en cause le bon \u00e9tat de\nconservation de ces esp\u00e8ces dans la r\u00e9gion Occitanie\u00a0;\nsur  proposition du Directeur  de l'Ecologie de la Direction  R\u00e9gionale de l'Environnement,  de\nl'Am\u00e9nagement et du Logement d'Occitanie\n2025 \u2013 d\u00e9partemental du Gard 2025-30-03\np 2 / 6\nDIRECTION REGIONALE DE L'ENVIRONNEMENT DE L'AMENAGEMENT ET DU LOGEMENT -Occitanie (si\u00e8ge \u00e0 Toulouse) -\n30-2025-05-15-00002 - Arr\u00eat\u00e9 d\u00e9partemental portant d\u00e9rogation aux interdictions de transport naturalisation et d\u00e9tention de\nsp\u00e9cimens d'esp\u00e8ces animales et v\u00e9g\u00e9tales prot\u00e9g\u00e9es au b\u00e9n\u00e9fice de la Maison rouge, Mus\u00e9e des Vall\u00e9es c\u00e9venoles\n8\nArr\u00eate\nARTICLE 1  er\n   \u2013 Cadre de la d\u00e9rogation  \nCette d\u00e9rogation est accord\u00e9e dans le cadre des activit\u00e9s scientifiques et p\u00e9dagogiques de la\nMaison rouge, Mus\u00e9e des Vall\u00e9es c\u00e9venoles \u00e0 SAINT-JEAN du GARD.\nElle  concerne  toutes  les esp\u00e8ces de vert\u00e9br\u00e9s  du  groupe  suivant \u00a0:  mammif\u00e8res  et  oiseaux  y\ncompris les esp\u00e8ces r\u00e9glement\u00e9es (CITES et esp\u00e8ces prot\u00e9g\u00e9es).\nLa Maison rouge Mus\u00e9e des Vall\u00e9es c\u00e9venoles, situ\u00e9e 5 rue de l'Industrie 30270 SAINT-JEAN du\nGARD, est autoris\u00e9 \u00e0\u00a0:\n- transporter les d\u00e9pouilles de sp\u00e9cimens, en vue de leur pr\u00e9paration ou naturalisation, de toutes\nles  esp\u00e8ces  animales  dont  la  mort  est  naturelle  ou  accidentelle  ainsi  que  les  parties  ou\nsp\u00e9cimens entiers d'animaux pr\u00e9par\u00e9s/naturalis\u00e9s, selon les conditions cit\u00e9es \u00e0 l'article 2 du\npr\u00e9sent arr\u00eat\u00e9,\n- pr\u00e9parer ou naturaliser tout ou partie de sp\u00e9cimen d'animal ayant vocation \u00e0 faire partie des\ncollections du mus\u00e9um selon les conditions cit\u00e9es \u00e0 l'article 2 du pr\u00e9sent arr\u00eat\u00e9,\n- utiliser les sp\u00e9cimens pr\u00e9par\u00e9s ou naturalis\u00e9s de toutes les esp\u00e8ces animales pour toutes les\nmanifestations du mus\u00e9um selon les conditions cit\u00e9es \u00e0 l'article 2 du pr\u00e9sent arr\u00eat\u00e9,\n- d\u00e9tenir tout ou partie d'un sp\u00e9cimen d'animal mort ou de pi\u00e8ces de sp\u00e9cimens \u00e0 pr\u00e9parer,\nnaturaliser ou d\u00e9j\u00e0 naturalis\u00e9s.\nARTICLE 2 \u2013  Conditions de la d\u00e9rogation    \n2.1 - Conditions de transport\nLe transport de sp\u00e9cimens entiers d'animaux pr\u00e9par\u00e9s, naturalis\u00e9s ou \u00e0 naturaliser est accord\u00e9\npour l'acheminement : \n- des d\u00e9pouilles jusqu'\u00e0 la Maison rouge Mus\u00e9e des Vall\u00e9es c\u00e9venoles en vue de leur naturalisation\npar un taxidermiste,\n- vers une soci\u00e9t\u00e9 d'\u00e9quarrissage en cas de sp\u00e9cimens non r\u00e9cup\u00e9rables pour une utilisation par le\nmus\u00e9e,\n- vers un lieu d'exposition (type hors les murs) dans le d\u00e9partement du Gard, diff\u00e9rent du site du\nMus\u00e9e mentionn\u00e9 \u00e0 l'article 1, notamment dans le cadre de mesures de sensibilisation du public,\nsous r\u00e9serve d'avoir averti pr\u00e9alablement la DREAL.\nMadame  Carole  HYZA  en  qualit\u00e9  de  conservatrice  en  chef  du  patrimoine  et  directrice  des\nmus\u00e9es d'Al\u00e8s Agglom\u00e9ration d\u00e9signe syst\u00e9matiquement par lettre de mission faisant r\u00e9f\u00e9rence \u00e0\nla pr\u00e9sente autorisation, le(s) responsable(s) des transports d\u00e9crits en article 2 du pr\u00e9sent arr\u00eat\u00e9.\nElle est responsable de la bonne tenue des registres des entr\u00e9es et des sorties de la collection du\nMus\u00e9e.\n2025 \u2013 d\u00e9partemental du Gard 2025-30-03\np 3 / 6\nDIRECTION REGIONALE DE L'ENVIRONNEMENT DE L'AMENAGEMENT ET DU LOGEMENT -Occitanie (si\u00e8ge \u00e0 Toulouse) -\n30-2025-05-15-00002 - Arr\u00eat\u00e9 d\u00e9partemental portant d\u00e9rogation aux interdictions de transport naturalisation et d\u00e9tention de\nsp\u00e9cimens d'esp\u00e8ces animales et v\u00e9g\u00e9tales prot\u00e9g\u00e9es au b\u00e9n\u00e9fice de la Maison rouge, Mus\u00e9e des Vall\u00e9es c\u00e9venoles\n9\n2.2 \u2013 Conditions de naturalisation\nL'autorisation  de  naturalisation  est  accord\u00e9e  au(x)  taxidermiste(s)  missionn\u00e9(s)  par  la  Maison\nrouge, Mus\u00e9e des Vall\u00e9es c\u00e9venoles sous condition d'avoir pr\u00e9alablement fourni aux services de la\nDREAL l'identit\u00e9 (physique ou morale) et les coordonn\u00e9es de ce(s) taxidermiste(s). La v\u00e9rification\ndes autorisations \u00e0 exercer, ainsi que le choix et suivi de la naturalisation et des pr\u00e9parations, sont\nsous la responsabilit\u00e9 du/de la Conservateur/trice, Directeur/trice.\nTout au long des op\u00e9rations li\u00e9es \u00e0 la naturalisation, \u00e0 la restauration ou au transfert vers d'autres\n\u00e9tablissements  autoris\u00e9s,  les sp\u00e9cimens  \u00e0  naturaliser  seront  accompagn\u00e9s  d'une  copie  de la\npr\u00e9sente autorisation en compl\u00e9ment des \u00e9l\u00e9ments propres \u00e0 l'identification de chaque pi\u00e8ce.\n2.3 \u2013 Conditions d'exposition\nL'autorisation  d'exposition  est  accord\u00e9e  pour  toutes  les  manifestations  internes  \u00e0  la  Maison\nrouge, Mus\u00e9e des Vall\u00e9e c\u00e9venoles, ainsi que pour les expositions hors site (dite hors les murs) de\nl'\u00e9tablissement notamment dans le cadre de mesures de sensibilisation du public sous r\u00e9serve\nd'avoir pr\u00e9alablement inform\u00e9 la DREAL.\nChaque sp\u00e9cimen naturalis\u00e9 est plac\u00e9 sur un socle indissociable sur lequel figurent de fa\u00e7on ap -\nparente, les noms vernaculaire et scientifique de l'esp\u00e8ce ainsi que la forme de protection juri -\ndique dont elle b\u00e9n\u00e9ficie.\nSous ce socle, doivent figurer :\n- le nom du b\u00e9n\u00e9ficiaire de la d\u00e9rogation \u00e0 l'interdiction de naturalisation et la date de la d\u00e9roga -\ntion,\n- le lieu, la date de d\u00e9couverte du sp\u00e9cimen et, si elle est connue, la cause de la mort,\n- le nom du taxidermiste ayant effectu\u00e9 la naturalisation et le num\u00e9ro d'inscription de celui-ci au\nr\u00e9pertoire des m\u00e9tiers ou au registre du commerce,\n- le num\u00e9ro d'inventaire. Ce num\u00e9ro doit \u00eatre report\u00e9 sur le registre d'inventaire des collections\ndu Mus\u00e9um, o\u00f9 doivent figurer, en face de chaque num\u00e9ro, les noms vernaculaire et scientifique\nde l'esp\u00e8ce ainsi que l'origine du sp\u00e9cimen.\nDans chaque sp\u00e9cimen naturalis\u00e9, une puce d'identification est incorpor\u00e9e pour assurer la tra\u00e7a -\nbilit\u00e9 de la collection. \nEn l'absence de socle d\u00fb \u00e0 une pr\u00e9paration ou une mise en sc\u00e8ne particuli\u00e8re du sp\u00e9cimen, (oi -\nseaux en vol suspendu du plafond) il revient \u00e0 la Maison rouge, Mus\u00e9e des Vall\u00e9es c\u00e9venoles de\nmettre en place un syst\u00e8me de tra\u00e7abilit\u00e9 fiable, accessible et compr\u00e9hensible par tous, pour que\nle sp\u00e9cimen soit reli\u00e9 \u00e0 toutes les informations indiqu\u00e9es plus haut.\n2.4 \u2013 Conditions li\u00e9es \u00e0 la r\u00e9glementation CITES\nToutes les pi\u00e8ces expos\u00e9es au public dont les sp\u00e9cimens appartiennent \u00e0 des esp\u00e8ces reprises \u00e0\nl'annexe  A  du  r\u00e8glement  338/97  et  suivants,  ne  peuvent  \u00eatre  expos\u00e9es,  \u00e9chang\u00e9es\ntemporairement ou circuler sur le territoire national ou intracommunautaire que si et seulement\nsi ces sp\u00e9cimens sont couverts par un certificat intracommunautaire dit CIC. L'instruction des\nCIC doit \u00eatre sollicit\u00e9e aupr\u00e8s du bureau local CITES de la DREAL Occitanie.\nPour les pi\u00e8ces d\u00e9tenues \u00e0 ce jour, non expos\u00e9es au public, non destin\u00e9es \u00e0 quitter les r\u00e9serves de\nl'\u00e9tablissement,  dont  les  sp\u00e9cimens  appartiennent  \u00e0  des  esp\u00e8ces  reprises  \u00e0  l'annexe  A  du\n2025 \u2013 d\u00e9partemental du Gard 2025-30-03\np 4 / 6\nDIRECTION REGIONALE DE L'ENVIRONNEMENT DE L'AMENAGEMENT ET DU LOGEMENT -Occitanie (si\u00e8ge \u00e0 Toulouse) -\n30-2025-05-15-00002 - Arr\u00eat\u00e9 d\u00e9partemental portant d\u00e9rogation aux interdictions de transport naturalisation et d\u00e9tention de\nsp\u00e9cimens d'esp\u00e8ces animales et v\u00e9g\u00e9tales prot\u00e9g\u00e9es au b\u00e9n\u00e9fice de la Maison rouge, Mus\u00e9e des Vall\u00e9es c\u00e9venoles\n10\nr\u00e8glement 338/97 et suivants, peuvent \u00eatre exempt\u00e9es du certificat intracommunautaire pour\nleur  d\u00e9tention.  L'acquisition  de  nouveaux  sp\u00e9cimens  appartenant  \u00e0  des  esp\u00e8ces  reprises  \u00e0\nl'annexe A du r\u00e8glement 338/97 et suivants doivent arriver au \u00e0 la Maison rouge, Mus\u00e9e des\nVall\u00e9es c\u00e9venoles avec leur CIC pr\u00e9alablement obtenu par le c\u00e9dant.\n2.5 \u2013 Conditions de compte rendu\nUn compte rendu annuel d\u00e9taill\u00e9 des op\u00e9rations sera \u00e9tabli, en pr\u00e9cisant les entr\u00e9es et sorties\nainsi  que  le  devenir  des  sp\u00e9cimens,  et  annexant  copie  des  proc\u00e8s  verbaux  de  d\u00e9p\u00f4ts  des\nsp\u00e9cimens de l'ann\u00e9e, pr\u00e9par\u00e9s/naturalis\u00e9s ou non. Ce compte-rendu, ainsi que les \u00e9ventuels\narticles  aff\u00e9rents  aux  op\u00e9rations  r\u00e9alis\u00e9es,  seront  transmis  \u00e0  la  Direction  R\u00e9gionale  de\nl'Environnement, de l'Am\u00e9nagement et du Logement d'Occitanie - Direction \u00e9cologie - service\n\u00ab\u00a0esp\u00e8ces prot\u00e9g\u00e9es\u00a0\u00bb et bureau CITES, \u00e0 la Direction d\u00e9partementale des territoires et de la mer\ndu Gard et \u00e0 la Direction de l'Eau et de la Biodiversit\u00e9 du Minist\u00e8re en charge de l'\u00c9cologie, avant\nle 31 mars de l'ann\u00e9e suivante.\nARTICLE 3 \u2013  P\u00e9riode de validit\u00e9 de la d\u00e9rogation\nLa d\u00e9rogation est accord\u00e9e jusqu'au 31 d\u00e9cembre 2029.\nARTICLE 4 \u2013 Transmission des donn\u00e9es et publication des r\u00e9sultats\nLes b\u00e9n\u00e9ficiaires de l'article 1 er\n du pr\u00e9sent arr\u00eat\u00e9 pr\u00e9cisent dans le cadre de leurs publications et\ncommunications  diverses  que  ces  activit\u00e9s  ont  \u00e9t\u00e9  r\u00e9alis\u00e9es  sous  couvert  d'une  autorisation\npr\u00e9fectorale, s'agissant d'esp\u00e8ces prot\u00e9g\u00e9es.\nARTICLE 5 \u2013 Autres accords ou autorisations\nLa pr\u00e9sente autorisation ne dispense pas d'autres accords ou autorisations qui pourraient \u00eatre\npar ailleurs n\u00e9cessaires pour la r\u00e9alisation de ces activit\u00e9s.\nARTICLE 6 \u2013 Modification de la demande - Incidents\nToute  modification  substantielle  est  port\u00e9e  \u00e0  la  connaissance  du  service  en  charge  de  la\nbiodiversit\u00e9 la DREAL Occitanie par le demandeur. Le cas \u00e9ch\u00e9ant, ces modifications peuvent\nfaire l'objet d'arr\u00eat\u00e9s modificatifs. Elles ne deviennent effectives qu'apr\u00e8s leur approbation par le\nservice en charge de la biodiversit\u00e9 la DREAL Occitanie ou la notification d'un arr\u00eat\u00e9 modificatif.\nLe b\u00e9n\u00e9ficiaire de la pr\u00e9sente d\u00e9rogation est tenu de d\u00e9clarer aux services de l'Etat mentionn\u00e9s \u00e0\nl'article 10, d\u00e8s qu'ils en ont connaissance, les accidents ou incidents survenus dans les activit\u00e9s\ndu projet faisant l'objet de la pr\u00e9sente d\u00e9rogation, qui sont de nature \u00e0 porter atteinte aux\nesp\u00e8ces prot\u00e9g\u00e9es.\nARTICLE 7 \u2013  Mesures de contr\u00f4le\nLa mise en \u0153uvre du pr\u00e9sent arr\u00eat\u00e9 peut faire l'objet de contr\u00f4le par les agents charg\u00e9s de\nconstater les infractions mentionn\u00e9es \u00e0 l'article L415-3 du Code de l'environnement.\nARTICLE 8 \u2013 Sanctions\nLe non-respect du pr\u00e9sent arr\u00eat\u00e9 est puni des sanctions d\u00e9finies \u00e0 l'article L415-3 du Code de\nl'environnement.\n2025 \u2013 d\u00e9partemental du Gard 2025-30-03\np 5 / 6\nDIRECTION REGIONALE DE L'ENVIRONNEMENT DE L'AMENAGEMENT ET DU LOGEMENT -Occitanie (si\u00e8ge \u00e0 Toulouse) -\n30-2025-05-15-00002 - Arr\u00eat\u00e9 d\u00e9partemental portant d\u00e9rogation aux interdictions de transport naturalisation et d\u00e9tention de\nsp\u00e9cimens d'esp\u00e8ces animales et v\u00e9g\u00e9tales prot\u00e9g\u00e9es au b\u00e9n\u00e9fice de la Maison rouge, Mus\u00e9e des Vall\u00e9es c\u00e9venoles\n11\nARTICLE 9  \u00a0  \u2013 D\u00e9lais et voies de recours \u2013 Informations des tiers  \nLes droits des tiers sont et demeurent express\u00e9ment r\u00e9serv\u00e9s. Le pr\u00e9sent arr\u00eat\u00e9 est notifi\u00e9 au\ndemandeur et publi\u00e9 aux recueils des actes administratifs de la pr\u00e9fecture du Gard\nLa pr\u00e9sente d\u00e9cision peut faire l'objet, dans le d\u00e9lai des deux mois suivant sa publication aux\nrecueils des actes administratifs, d'un recours contentieux par courrier devant le pr\u00e9fet du Gard\nou un recours hi\u00e9rarchique devant le ministre de la transition \u00e9cologique et de la coh\u00e9sion des\nterritoires \u2013 direction g\u00e9n\u00e9rale de l'am\u00e9nagement, du logement et de la nature \u2013 tour S\u00e9quo\u00efa \u2013\n92055 La D\u00e9fense CEDEX.\nEn cas de rejet  (le silence gard\u00e9 pendant  deux  mois vaut  rejet  de la demande)  un  recours\ncontentieux  pourra  \u00eatre  introduit  dans  les  deux  mois  suivant  la  r\u00e9ponse  devant  le  tribunal\nadministratif de N\u00eemes.\nARTICLE 10  \u00a0  \u2013 Ex\u00e9cution  \u00a0  \nLe  directeur  r\u00e9gional  de  l'environnement,  de  l'am\u00e9nagement  et  du  logement  d'Occitanie,  le\ndirecteur  d\u00e9partemental  des  territoires  et  de  la  mer,  le  commandant du  groupement  de\ngendarmerie et le chef de service d\u00e9partemental de l'office fran\u00e7ais pour la biodiversit\u00e9 sont\ncharg\u00e9s, chacun en ce qui le concerne, de l'ex\u00e9cution du pr\u00e9sent arr\u00eat\u00e9.\nPour le pr\u00e9fet\nLe directeur r\u00e9gional de l'environnement\nde l'am\u00e9nagement et du logement\nPar d\u00e9l\u00e9gation\nLe directeur r\u00e9gional adjoint\nMatthieu GREGORY\nLe pr\u00e9sent arr\u00eat\u00e9 s'accompagne d'annexes non publiques relatives aux annexes des collections de la\nMaison rouge, Mus\u00e9e des Vall\u00e9es c\u00e9venoles.\n2025 \u2013 d\u00e9partemental du Gard 2025-30-03\np 6 / 6\nDIRECTION REGIONALE DE L'ENVIRONNEMENT DE L'AMENAGEMENT ET DU LOGEMENT -Occitanie (si\u00e8ge \u00e0 Toulouse) -\n30-2025-05-15-00002 - Arr\u00eat\u00e9 d\u00e9partemental portant d\u00e9rogation aux interdictions de transport naturalisation et d\u00e9tention de\nsp\u00e9cimens d'esp\u00e8ces animales et v\u00e9g\u00e9tales prot\u00e9g\u00e9es au b\u00e9n\u00e9fice de la Maison rouge, Mus\u00e9e des Vall\u00e9es c\u00e9venoles\n12\nDIRECTION REGIONALE DE L'ENVIRONNEMENT\nDE L'AMENAGEMENT ET DU LOGEMENT\n-Occitanie (si\u00e8ge \u00e0 Toulouse)\n30-2025-05-15-00003\nArr\u00eat\u00e9 portant d\u00e9rogation aux interdictions de\ncapture transport, utilisation et rel\u00e2cher dans le\nmilieu naturel de sp\u00e9cimens d'esp\u00e8ces animales\nprot\u00e9g\u00e9es au b\u00e9n\u00e9fice du Conservatoire\nd'espaces naturels d'Occitanie sur la commune\nde Parignargues\nDIRECTION REGIONALE DE L'ENVIRONNEMENT DE L'AMENAGEMENT ET DU LOGEMENT -Occitanie (si\u00e8ge \u00e0 Toulouse) -\n30-2025-05-15-00003 - Arr\u00eat\u00e9 portant d\u00e9rogation aux interdictions de capture transport, utilisation et rel\u00e2cher dans le milieu naturel\nde sp\u00e9cimens d'esp\u00e8ces animales prot\u00e9g\u00e9es au b\u00e9n\u00e9fice du Conservatoire d'espaces naturels d'Occitanie sur la commune de\nParignargues\n13\nPREFETDU GARDLibert\u00e9Egalit\u00e9Fraternit\u00e9\nDirection r\u00e9gionale de l'environnement,\nde l'am\u00e9nagement et du logement\nd'Occitanie\nArr\u00eat\u00e9 n\u00b02025-30-03\nportant d\u00e9rogation aux interdictions de capture transport, utilisation et rel\u00e2cher dans le\nmilieu naturel de sp\u00e9cimens d'esp\u00e8ces animales prot\u00e9g\u00e9es au b\u00e9n\u00e9fice du Conservatoire\nd'espaces naturels d'Occitanie sur la commune de Parignargues\nLE PR\u00c9FET DU GARD,\nChevalier de la L\u00e9gion d'honneur\nChevalier de l'Ordre national du M\u00e9rite\nVu le Code de l'environnement, notamment ses articles L411-1, L411-2 4\u00b0, L414-11 \u00e0 L415-3, et R.411-\n1 \u00e0 R.411-14 ;\nvu le d\u00e9cret n\u00b0 97-34 du 15 janvier 1997 relatif \u00e0 la d\u00e9concentration des d\u00e9cisions administratives\nindividuelles et le d\u00e9cret n\u00b0 97-1204 du 19 d\u00e9cembre 1997 pris pour son application\u00a0;\nvu le d\u00e9cret du 13 juillet 2023 nommant Monsieur J\u00e9r\u00f4me BONET pr\u00e9fet du Gard\u00a0;\nvu l'arr\u00eat\u00e9  interminist\u00e9riel  du  19  f\u00e9vrier  2007  modifi\u00e9,  fixant  les  conditions  de  demande  et\nd'instruction des d\u00e9rogations d\u00e9finies au 4\u00b0 de l'article L411-2 du Code de l'environnement\nportant sur des esp\u00e8ces de faune et de flore prot\u00e9g\u00e9es\u00a0;\nvu l'arr\u00eat\u00e9 minist\u00e9riel du 18 d\u00e9cembre 2014 fixant les conditions et limites dans lesquelles des\nd\u00e9rogations \u00e0 l'interdiction de capture de sp\u00e9cimens d'esp\u00e8ces animales prot\u00e9g\u00e9es peuvent\n\u00eatre accord\u00e9es par les pr\u00e9fets pour certaines op\u00e9rations pour lesquelles la capture est suivie\nd'un rel\u00e2cher imm\u00e9diat sur place\u00a0;\nvu l'arr\u00eat\u00e9 minist\u00e9riel du 18 octobre 2019 de la ministre de la transition \u00e9cologique et solidaire et\nde la coh\u00e9sion des territoires et des relations avec les collectivit\u00e9s territoriales, d\u00e9signant\nMonsieur  Patrick  BERG  directeur  r\u00e9gional  de  l'environnement,  de  l'am\u00e9nagement  et  du\nlogement de la r\u00e9gion Occitanie \u00e0 compter du 1er\n d\u00e9cembre 2019\u00a0;\nvu l'arr\u00eat\u00e9 du 12 novembre 2024 de la ministre de la Transition \u00e9cologique, de l'\u00e9nergie, du climat\net de la pr\u00e9vention des risques, renouvelant dans ses fonctions M. Patrick BERG, directeur\nr\u00e9gional de l'environnement,  de l'am\u00e9nagement  et  du logement de la r\u00e9gion Occitanie \u00e0\ncompter du 1er\n d\u00e9cembre 2024\u00a0;\nvu l'arr\u00eat\u00e9 minist\u00e9riel du 8 janvier 2021 fixant la liste des amphibiens et des reptiles repr\u00e9sent\u00e9s\nsur le territoire m\u00e9tropolitain et prot\u00e9g\u00e9s sur l'ensemble du territoire national et les modalit\u00e9s\nde leur protection\u00a0;\nPr\u00e9fecture du Gard\n2 rue Guillemette\n30000 N\u00eemes\nwww.  gard  .gouv.fr  \np 1 / 5\nDIRECTION REGIONALE DE L'ENVIRONNEMENT DE L'AMENAGEMENT ET DU LOGEMENT -Occitanie (si\u00e8ge \u00e0 Toulouse) -\n30-2025-05-15-00003 - Arr\u00eat\u00e9 portant d\u00e9rogation aux interdictions de capture transport, utilisation et rel\u00e2cher dans le milieu naturel\nde sp\u00e9cimens d'esp\u00e8ces animales prot\u00e9g\u00e9es au b\u00e9n\u00e9fice du Conservatoire d'espaces naturels d'Occitanie sur la commune de\nParignargues\n14\nvu l'arr\u00eat\u00e9  pr\u00e9fectoral  en  date  du  17  d\u00e9cembre  2024  de  la  pr\u00e9fecture  du  Gard  donnant\nd\u00e9l\u00e9gation de signature \u00e0 Monsieur Patrick BERG, directeur r\u00e9gional de l'environnement, de\nl'am\u00e9nagement et du logement de la r\u00e9gion Occitanie\u00a0;\nvu l'arr\u00eat\u00e9 pr\u00e9fectoral n\u00b0 AS 30-2024-12-19 portant subd\u00e9l\u00e9gation de signature du directeur aux\nagents de la DREAL Occitanie\u00a0;\nvu la demande de d\u00e9rogation \u00e0 la protection stricte des esp\u00e8ces prot\u00e9g\u00e9es au titre du L411-1 du\nCode de l'environnement d\u00e9pos\u00e9e modifi\u00e9e le 05 juillet 2024 par J\u00e9r\u00e9my DEMAY, charg\u00e9 de\nprojet territorial au sein du CEN Occitanie\u00a0et enregistr\u00e9e sous le num\u00e9ro ONAGRE ;\nvu l'avis favorable du Comit\u00e9 scientifique r\u00e9gional pour la protection de la nature d'Occitanie du\n18 novembre 2024\u00a0;\nconsid\u00e9rant les comp\u00e9tences de Messieurs J\u00e9r\u00e9my DEMAY et Florian LAURENCE\u00a0;\nconsid\u00e9rant que cette \u00e9tude des ophidiens s'inscrit dans l'int\u00e9r\u00eat de la protection de la faune et de\nla flore sauvages et de l'am\u00e9lioration des mesures de gestion d'espaces au regard des donn\u00e9es\nd'utilisation de ceux-ci par les animaux\u00a0;\nconsid\u00e9rant  les  pr\u00e9cautions  prises  lors  de  la  capture  des  ophidiens  et  les  comp\u00e9tences  des\nb\u00e9n\u00e9ficiaires\u00a0;\nconsid\u00e9rant qu'il n'existe pas d'autre solution satisfaisante pour la r\u00e9alisation de cette \u00e9tude ;\nconsid\u00e9rant  que  la  d\u00e9rogation  n'est  pas  susceptible  de  porter  atteinte  aux  esp\u00e8ces  prot\u00e9g\u00e9es\nconcern\u00e9es, et est sans effet significatif sur l'environnement, elle ne requiert donc pas de\nparticipation du public pr\u00e9alable \u00e0 l'octroi de la d\u00e9rogation, en application de l'article L123-\n19-2 du Code de l'environnement,\nconsid\u00e9rant que la d\u00e9rogation ne nuira pas au maintien de l \u00a0'\u00e9tat de conservation de ces esp\u00e8ces\ndans  leur  aire  de  r\u00e9partition  naturelle  et  qu'elle  ne  remet  pas  en  cause  le  bon  \u00e9tat  de\nconservation de ces esp\u00e8ces dans la r\u00e9gion Occitanie,\nsur  proposition  du  directeur  r\u00e9gional  de  l'environnement,  de  l'am\u00e9nagement  et  du  logement\nd'Occitanie,\n2025 \u2013 d\u00e9partemental du Gard 2025-30-03\np 2 / 5\nDIRECTION REGIONALE DE L'ENVIRONNEMENT DE L'AMENAGEMENT ET DU LOGEMENT -Occitanie (si\u00e8ge \u00e0 Toulouse) -\n30-2025-05-15-00003 - Arr\u00eat\u00e9 portant d\u00e9rogation aux interdictions de capture transport, utilisation et rel\u00e2cher dans le milieu naturel\nde sp\u00e9cimens d'esp\u00e8ces animales prot\u00e9g\u00e9es au b\u00e9n\u00e9fice du Conservatoire d'espaces naturels d'Occitanie sur la commune de\nParignargues\n15\nARR\u00caTE\nArticle 1  er\n   \u2013 Cadre de la d\u00e9rogation  \nLa d\u00e9rogation s'inscrit dans le cadre de la conduite d'une \u00e9tude dans le cadre d'une th\u00e8se sur les\ncommunes de\u00a0:\n- Caveirac (INSEE 30075)\n- Clarensac (INSEE 30082)\n- Fons (INSEE 30112)\n- Gajan (INSEE 30122)\n- Montpezat (INSEE 30182)\n- N\u00eemes (INSEE 30189)\n- Parignargues (INSEE 30193)\n- Saint-C\u00f4me et Maru\u00e9jols (INSEE 30245)\n- Saint-Mamert du Gard (INSEE 30281)\n1.1 B\u00e9n\u00e9ficiaires de la d\u00e9rogation\nLes b\u00e9n\u00e9ficiaires de la pr\u00e9sente d\u00e9rogation est le Conservatoire d'espaces naturels (CEN) d'Occita -\nnie dont le si\u00e8ge se situe 26 All\u00e9e de Myc\u00e8nes 34000 MONTPELLIER. Les personnes , sous la respon-\nsabilit\u00e9 du CEN Occitanie d\u00e9sign\u00e9es ci-apr\u00e8s, Messieurs J\u00e9r\u00e9my DEMAY et Florian LAURENCE ainsi\nque les collaborateurs, partenaires et les stagiaires qu'ils peuvent avoir sous leur contr\u00f4le sont char -\ng\u00e9s de la r\u00e9alisation des captures, transport, utilisation et rel\u00e2cher dans le milieu naturel sur leur lieu\nde capture conditionn\u00e9s \u00e0 l'article 2 de la pr\u00e9sente d\u00e9rogation.\n1.2 Esp\u00e8ce(s) concern\u00e9e(s)\nLa d\u00e9rogation est donn\u00e9e pour les esp\u00e8ces suivantes\u00a0:\n- Couleuvre de Montpellier Malpolon monspessulanus 300 individus\n- Couleuvre \u00e0 \u00e9chelons Zamenis scalaris 100 individus\n- Coronelle girondine Coronella girondica 50 individus\n- Couleuvre helv\u00e9tique Natrix helvetica 50 individus\n- Couleuvre d'Esculape Zamenis longissimus 20 individus\nArticle 2 \u2013 Conditions de la d\u00e9rogation\nLa pr\u00e9sente d\u00e9rogation est d\u00e9livr\u00e9e sous r\u00e9serve de la mise en \u0153uvre des mesures suivantes :\nDans le cadre du protocole d'\u00e9tude, les campagnes de capture ont lieu du 1 er\n mars au 31 octobre.\nChaque individu captur\u00e9 \u00e0 la main est identifi\u00e9 (esp\u00e8ce, sexe, classe d'\u00e2ge, lieu pr\u00e9cis) puis plac\u00e9\ndans un sac propre en coton, lui-m\u00eame plac\u00e9 dans une boite perc\u00e9e de trous. L es individus sont\nensuite examin\u00e9s et les mesures biom\u00e9triques sont effectu\u00e9es (longueur du corps, longueur totale,\n2025 \u2013 d\u00e9partemental du Gard 2025-30-03\np 3 / 5\nDIRECTION REGIONALE DE L'ENVIRONNEMENT DE L'AMENAGEMENT ET DU LOGEMENT -Occitanie (si\u00e8ge \u00e0 Toulouse) -\n30-2025-05-15-00003 - Arr\u00eat\u00e9 portant d\u00e9rogation aux interdictions de capture transport, utilisation et rel\u00e2cher dans le milieu naturel\nde sp\u00e9cimens d'esp\u00e8ces animales prot\u00e9g\u00e9es au b\u00e9n\u00e9fice du Conservatoire d'espaces naturels d'Occitanie sur la commune de\nParignargues\n16\ntaille des m\u00e2choires, masse corporelle\u2026), des scans de la face ventrale et dorsale sont pris (photo-\nidentification).\nSoit les individus re\u00e7oivent un marquage l\u00e9ger r\u00e9alis\u00e9 en suivant un code individuel sur une partie\nventro-lat\u00e9rale des \u00e9cailles. Soit dans le cadre d'un protocole standardis\u00e9 de radio-tracking, ils sont\ntransport\u00e9s \u00e0  la clinique v\u00e9t\u00e9rinaire Sainte-Anne du Dr. Gonzalo DEL BARRIO situ\u00e9e ZAC Sainte-\nAnne, Route de Ved\u00e8ne 84700 Sorgues, pour la mise en place d'un transpondeur sous-cutan\u00e9 et\nadapt\u00e9 au poids de l'animal (moins de 1\u00a0% de la masse de l'animal).\nLes individus identifi\u00e9s comme bless\u00e9s, en mue, ou ayant une proie dans l'estomac sont gard\u00e9s de\nfa\u00e7on provisoire. Selon la gravit\u00e9 de la blessure, le v\u00e9t\u00e9rinaire r\u00e9f\u00e9rent, Dr. Gonzalo DEL BARRIO,\nprend en charge l'animal. Dans la journ\u00e9e de leur capture, les individus sont transport\u00e9s et rel\u00e2ch\u00e9s\n\u00e0 l'endroit exact de leur capture.\nUn rapport annuel d'activit\u00e9s autoris\u00e9es par la pr\u00e9sente d\u00e9rogation est adress\u00e9 \u00e0 la DREAL Occita -\nnie avant le 31 d\u00e9cembre.\nCe rapport localise et mentionne le nombre d'ophidiens captur\u00e9s par esp\u00e8ce. Ce rapport mention -\nnera \u00e9galement les \u00e9ventuelles difficult\u00e9s rencontr\u00e9es.\nArticle 3 \u2013 P\u00e9riode de validit\u00e9 de la d\u00e9rogation\nLa d\u00e9rogation prend effet \u00e0 la date de la signature du pr\u00e9sent arr\u00eat\u00e9 et est accord\u00e9e jusqu'au 31\noctobre 2027 .\nArticle 4 \u2013 Transmission des donn\u00e9es et publication des r\u00e9sultats\nLe b\u00e9n\u00e9ficiaire de l'article 1 er\n du pr\u00e9sent  arr\u00eat\u00e9 pr\u00e9cise dans le cadre de leurs publications et\ncommunications  diverses  que  son  activit\u00e9  a  \u00e9t\u00e9  r\u00e9alis\u00e9e  sous  couvert  d'une  autorisation\npr\u00e9fectorale, s'agissant d'une esp\u00e8ce prot\u00e9g\u00e9e.\nLes donn\u00e9es brutes d'observations et/ou de pr\u00e9l\u00e8vements (esp\u00e8ce, date, lieu, nombre de sp\u00e9cimens\nobserv\u00e9s ou captur\u00e9s, observateurs) recueillies lors de ces activit\u00e9s, sur esp\u00e8ces prot\u00e9g\u00e9es ou non,\nsont transmises par les b\u00e9n\u00e9ficiaires de la d\u00e9rogation aux t\u00eates de r\u00e9seau du Syst\u00e8me d'Information\nsur la Nature et les Paysages en Occitanie et au(x) gestionnaire(s) de(s) site(s) Natura 2000 concern\u00e9s\nle cas \u00e9ch\u00e9ant par le suivi.\nArticle 5 \u2013 Autres accords ou autorisations\nLa pr\u00e9sente autorisation ne dispense pas d'autres accords ou autorisations qui pourraient \u00eatre par\nailleurs n\u00e9cessaires pour la r\u00e9alisation de ces activit\u00e9s.\nArticle 6 \u2013 Modification de la demande - Incidents\nToute modification substantielle est port\u00e9e \u00e0 la connaissance de la DREAL par le demandeur. Le cas\n\u00e9ch\u00e9ant,  ces  modifications  peuvent  faire  l'objet  d'arr\u00eat\u00e9s  modificatifs.  Elles  ne  deviennent\neffectives qu'apr\u00e8s leur approbation par la DREAL ou la notification d'un arr\u00eat\u00e9 modificatif.\nLe b\u00e9n\u00e9ficiaire de la pr\u00e9sente d\u00e9rogation est tenu de d\u00e9clarer aux services de l'\u00c9tat mentionn\u00e9s \u00e0\nl'article 10, d\u00e8s qu'ils en ont connaissance, les accidents ou incidents survenus dans les activit\u00e9s du\n2025 \u2013 d\u00e9partemental du Gard 2025-30-03\np 4 / 5\nDIRECTION REGIONALE DE L'ENVIRONNEMENT DE L'AMENAGEMENT ET DU LOGEMENT -Occitanie (si\u00e8ge \u00e0 Toulouse) -\n30-2025-05-15-00003 - Arr\u00eat\u00e9 portant d\u00e9rogation aux interdictions de capture transport, utilisation et rel\u00e2cher dans le milieu naturel\nde sp\u00e9cimens d'esp\u00e8ces animales prot\u00e9g\u00e9es au b\u00e9n\u00e9fice du Conservatoire d'espaces naturels d'Occitanie sur la commune de\nParignargues\n17\nprojet faisant l'objet de la pr\u00e9sente d\u00e9rogation, qui sont de nature \u00e0 porter atteinte aux esp\u00e8ces\nprot\u00e9g\u00e9es.\nArticle 7 \u2013 Mesures de contr\u00f4le\nLa  mise  en  \u0153uvre  du  pr\u00e9sent  arr\u00eat\u00e9  peut  faire  l'objet  de  contr\u00f4le  par  les  agents  charg\u00e9s  de\nconstater les infractions mentionn\u00e9es \u00e0 l'article L415-3 du Code de l'environnement.\nArticle 8 \u2013 Sanctions\nLe non-respect du pr\u00e9sent arr\u00eat\u00e9 est puni des sanctions d\u00e9finies \u00e0 l'article L415-3 du Code de\nl'environnement.\nArticle 9 \u2013 Recours\nLes droits des tiers sont et demeurent express\u00e9ment r\u00e9serv\u00e9s. Le pr\u00e9sent arr\u00eat\u00e9 est notifi\u00e9 au\ndemandeur et publi\u00e9 aux recueils des actes administratifs de la pr\u00e9fecture du Gard.\nLa pr\u00e9sente d\u00e9cision peut faire l'objet, dans le d\u00e9lai des deux mois suivant sa publication aux\nrecueils des actes administratifs, d'un recours contentieux par courrier devant le pr\u00e9fet du Gard ou\nun recours hi\u00e9rarchique devant le ministre de la transition \u00e9cologique, de la biodiversit\u00e9, de la for\u00eat,\nde la mer et de la p\u00eache \u2013 direction g\u00e9n\u00e9rale de l'am\u00e9nagement, du logement et de la nature \u2013 tour\nS\u00e9quo\u00efa \u2013 92055 La D\u00e9fense CEDEX.\nEn  cas  de  rejet  (le  silence  gard\u00e9  pendant  deux  mois  vaut  rejet  de  la  demande)  un  recours\ncontentieux  pourra  \u00eatre  introduit  dans  les  deux  mois  suivant  la  r\u00e9ponse  devant  le  tribunal\nadministratif de N\u00eemes.\nArticle 10 \u2013 Ex\u00e9cution\nLe  directeur  r\u00e9gional  de  l'environnement,  de  l'am\u00e9nagement  et  du  logement  d'Occitanie,  le\ndirecteur  d\u00e9partemental  des  territoires  et  de  la  mer,  le  commandant du  groupement  de\ngendarmerie et  le chef  de service d\u00e9partemental  de l'office fran\u00e7ais pour  la biodiversit\u00e9 sont\ncharg\u00e9s, chacun en ce qui le concerne, de l'ex\u00e9cution du pr\u00e9sent arr\u00eat\u00e9.\nPour le pr\u00e9fet\nLe directeur r\u00e9gional de l'environnement\nde l'am\u00e9nagement et du logement\nPar d\u00e9l\u00e9gation\nLe directeur r\u00e9gional adjoint\nMatthieu GREGORY\n2025 \u2013 d\u00e9partemental du Gard 2025-30-03\np 5 / 5\nDIRECTION REGIONALE DE L'ENVIRONNEMENT DE L'AMENAGEMENT ET DU LOGEMENT -Occitanie (si\u00e8ge \u00e0 Toulouse) -\n30-2025-05-15-00003 - Arr\u00eat\u00e9 portant d\u00e9rogation aux interdictions de capture transport, utilisation et rel\u00e2cher dans le milieu naturel\nde sp\u00e9cimens d'esp\u00e8ces animales prot\u00e9g\u00e9es au b\u00e9n\u00e9fice du Conservatoire d'espaces naturels d'Occitanie sur la commune de\nParignargues\n18\nPrefecture du Gard\n30-2025-05-16-00001\nArr\u00eat\u00e9 donnant d\u00e9l\u00e9gation de signature de Mme\nAnne BRONNER, Directrice D\u00e9partementale des\nterritoires de l'Ard\u00e8che\nPrefecture du Gard - 30-2025-05-16-00001 - Arr\u00eat\u00e9 donnant d\u00e9l\u00e9gation de signature de Mme Anne BRONNER, Directrice\nD\u00e9partementale des territoires de l'Ard\u00e8che 19\nPREFETDU GARDLibert\u00e9Egalit\u00e9Fraternit\u00e9\nDirection de la citoyennet\u00e9, de la l\u00e9galit\u00e9 et de la coordination\nBureau de la coordination, des politiques publiques \net de l'appui territorial\nArr\u00eat\u00e9 n\u00b030-2025-05-16-00001 \ndonnant d\u00e9l\u00e9gation de signature \u00e0 Mme Anne BRONNER,\nDirectrIce D\u00e9partementale des Territoires de l'Ard\u00e8che\nLe pr\u00e9fet du Gard\nChevalier de la L\u00e9gion d'honneur,\nChevalier de l'ordre national du M\u00e9rite \nVu le code g\u00e9n\u00e9ral de la propri\u00e9t\u00e9 publique r\u00e9glementant le domaine public fluvial ;\nVu le code de la navigation int\u00e9rieure ;\nVu la loi n\u00b0 64-1245 du 16 d\u00e9cembre 1964 relative au r\u00e9gime et \u00e0 la r\u00e9partition des eaux et \u00e0 la  \nlutte contre leur pollution, et les textes subs\u00e9quents ;\nVu la loi n\u00b0 92-3 du 3 janvier 1992 sur l'eau, et les textes subs\u00e9quents ;\nVu la loi d'orientation n\u00b0 92-125 du 6 f\u00e9vrier 1992 relative \u00e0 l'administration territoriale de la  \nR\u00e9publique ;\nVu le d\u00e9cret n\u00b0 73-912 du 21 septembre 1973, portant r\u00e8glement g\u00e9n\u00e9ral de police de la  \nnavigation int\u00e9rieure ;\nVu le d\u00e9cret n\u00b0 87-154 du 27 f\u00e9vrier 1987 relatif \u00e0 la coordination interminist\u00e9rielle et \u00e0  \nl'organisation de l'administration dans le domaine de l'eau ;\nVu le d\u00e9cret n\u00b0 97.34 du 15 janvier 1997 modifi\u00e9 relatif \u00e0 la d\u00e9concentration des d\u00e9cisions  \nadministratives individuelles ;\nVu le d\u00e9cret n\u00b0 2004-374 du 29 avril 2004 relatif aux pouvoirs des Pr\u00e9fets, \u00e0 l'organisation et \u00e0  \nl'action des services de l'Etat dans les r\u00e9gions et d\u00e9partements ;\nVu le d\u00e9cret n\u00b0 2008-158 du 22 f\u00e9vrier  2008 relatif \u00e0 la suppl\u00e9ance des Pr\u00e9fets de r\u00e9gion et \u00e0  \nla  d\u00e9l\u00e9gation  de  signature  des  Pr\u00e9fets  et  des  hauts  commissaires  de  la  R\u00e9publique  en \nPolyn\u00e9sie fran\u00e7aise et en Nouvelle-Cal\u00e9donie ;\nVu le d\u00e9cret n\u00b0 2009-176 du 16 f\u00e9vrier 2009 modifiant le d\u00e9cret n\u00b0 64-805 du 29 juillet 1964  \nfixant les dispositions r\u00e9glementaires applicables aux Pr\u00e9fets et le d\u00e9cret n\u00b0 2004-374 du  \n29 avril 2004 relatif aux pouvoirs des Pr\u00e9fets, \u00e0 l'organisation et \u00e0 l'action des services de  \nl'Etat dans les r\u00e9gions et d\u00e9partements ;\nVu le d\u00e9cret n\u00b0 2010-146 du 16 f\u00e9vrier 2010 modifiant le d\u00e9cret n\u00b0 2004-374 du 29 avril 2004  \nrelatif aux pouvoirs des Pr\u00e9fets, \u00e0 l'organisation et \u00e0 l'action des services de l'Etat dans les  \nr\u00e9gions et d\u00e9partements ;\nVu le d\u00e9cret n\u00b0 2015-510 du 7 mai 2015 portant charte de la d\u00e9concentration ;\nVu le d\u00e9cret du 13 juillet 2023 nommant M. J\u00e9r\u00f4me BONET, pr\u00e9fet du Gard ;\nVu l'arr\u00eat\u00e9 du Premier Ministre et du ministre de l'int\u00e9rieur du 17 mars 2025 nommant Mme \nAnne  BRONNER, inspectrice  en  chef  de  la  sant\u00e9  publique,  en  qualit\u00e9  de  Directrice \nD\u00e9partementale des Territoires de l'Ard\u00e8che, \u00e0 compter du 1er avril 2025  ;\nVu  l'arr\u00eat\u00e9  du  Pr\u00e9fet  de  l'Ard\u00e8che  n\u00b0  07-2020-10-08-004  du  8  octobre  2020  portant \norganisation de la direction D\u00e9partementale des Territoires de l'Ard\u00e8che ;\nSur proposition du Secr\u00e9taire G\u00e9n\u00e9ral de la Pr\u00e9fecture du Gard ;\nPrefecture du Gard - 30-2025-05-16-00001 - Arr\u00eat\u00e9 donnant d\u00e9l\u00e9gation de signature de Mme Anne BRONNER, Directrice\nD\u00e9partementale des territoires de l'Ard\u00e8che 20\nArr\u00eate\nArticle  1 :  D\u00e9l\u00e9gation  de  signature  est  donn\u00e9e  \u00e0  Mme  Anne  BRONNER,  directrice \nd\u00e9partementale des territoires de l'Ard\u00e8che, \u00e0 l'effet de signer, au nom du pr\u00e9fet, tous actes  \net d\u00e9cisions dans le cadre de ses attributions et comp\u00e9tences relevant de la gestion du  \ndomaine public fluvial et de la police de la navigation int\u00e9rieure, pour ce qui concerne la  \npartie de la rivi\u00e8re \"Ard\u00e8che\" situ\u00e9e dans le d\u00e9partement du Gard.\nArticle 2 : La d\u00e9l\u00e9gation consentie dans les mati\u00e8res mentionn\u00e9es ci-dessus ne s'applique pas  \n\u00e0  la  signature  des  conventions  conclues  entre  l'Etat  d'une  part,  le  d\u00e9partement,  les \ncommunes et leurs groupements d'autre part.\nArticle 3 : Mme Anne BRONNER, directrice d\u00e9partementale des territoires de l'Ard\u00e8che, peut \nsous sa responsabilit\u00e9, subd\u00e9l\u00e9guer sa signature \u00e0 ses collaborateurs, \u00e0 l'effet de signer toutes  \nles d\u00e9cisions concernant les mati\u00e8res \u00e9num\u00e9r\u00e9es \u00e0 l'article 1, sous la r\u00e9serve des dispositions  \nde l'article 2.\nElle d\u00e9finira, \u00e0 cet effet, par arr\u00eat\u00e9, pris en mon nom, la liste de ses collaborateurs habilit\u00e9s \u00e0  \nsigner les actes, \u00e0 sa place.\nCette d\u00e9cision sera publi\u00e9e au recueil des actes administratifs de la pr\u00e9fecture du Gard et vi -\nsera le pr\u00e9sent arr\u00eat\u00e9.\nArticle  4: La  signature  du  d\u00e9l\u00e9gataire  ou  du  subd\u00e9l\u00e9gataire  et  sa  qualit\u00e9  devront  \u00eatre \npr\u00e9c\u00e9d\u00e9es de la mention suivante : \u00ab pour le pr\u00e9fet et par d\u00e9l\u00e9gation \u00bb.\nArticle 5     :    L'arr\u00eat\u00e9 de la Pr\u00e9f\u00e8te du Gard n\u00b0 30-2023-08-21-00048 du 21 ao\u00fbt 2023  donnant  \nd\u00e9l\u00e9gation de signature \u00e0 M. Jean-Pierre GRAULE, Directeur D\u00e9partemental des Territoires de \nl'Ard\u00e8che est abrog\u00e9.\nArticle 6     :   Le pr\u00e9sent arr\u00eat\u00e9 prend effet d\u00e8s sa publication.\nArticle 7 : Le secr\u00e9taire g\u00e9n\u00e9ral de la pr\u00e9fecture du Gard et la directrice d\u00e9partementale des  \nterritoires de l'Ard\u00e8che sont charg\u00e9s, chacun en ce qui le concerne, de l'ex\u00e9cution du pr\u00e9sent \narr\u00eat\u00e9, qui sera publi\u00e9 au recueil des actes administratifs de la pr\u00e9fecture du Gard.\nUne copie de cet arr\u00eat\u00e9 sera adress\u00e9e aux personnes suivantes :\n- le pr\u00e9fet de l'Ard\u00e8che,\n- la directrice d\u00e9partementale des territoires et de la mer du Gard, \n- le chef de l'unit\u00e9 d\u00e9partementale de l'Ard\u00e8che de la direction r\u00e9gionale de l'environnement \nde l'am\u00e9nagement et du logement d'Auvergne-Rh\u00f4ne-Alpes\n- le chef de l'unit\u00e9 d\u00e9partementale du Gard de la direction r\u00e9gionale de l'environnement de \nl'am\u00e9nagement Occitanie.\nN\u00eemes, le 16 mai 2025\nLe pr\u00e9fet,\n            sign\u00e9\n  J\u00e9r\u00f4me BONET\nPrefecture du Gard - 30-2025-05-16-00001 - Arr\u00eat\u00e9 donnant d\u00e9l\u00e9gation de signature de Mme Anne BRONNER, Directrice\nD\u00e9partementale des territoires de l'Ard\u00e8che 21\nPrefecture du Gard\n30-2025-05-16-00002\nArr\u00eat\u00e9 N\u00b030-2025-05-16-00002 portant\ninterdiction des rassemblements festifs \u00e0\ncaract\u00e8re musical et interdiction de circulation\ndes poids lourds transportant du mat\u00e9riel de\nsons \u00e0 destination d'un rassemblement festif \u00e0\ncaract\u00e8re musical non autoris\u00e9 dans le\nd\u00e9partement du Gard du vendredi 16 au lundi 19\nmai 2025.\nPrefecture du Gard - 30-2025-05-16-00002 - Arr\u00eat\u00e9 N\u00b030-2025-05-16-00002 portant interdiction des rassemblements festifs \u00e0 caract\u00e8re\nmusical et interdiction de circulation des poids lourds transportant du mat\u00e9riel de sons \u00e0 destination d'un rassemblement festif \u00e0\ncaract\u00e8re musical non autoris\u00e9 dans le d\u00e9partement du Gard du vendredi 16 au lundi 19 mai 2025.\n22\nCabinetEz Je | Direction des s\u00e9curit\u00e9sPREFET | Service d'animation des politiques de s\u00e9curit\u00e9 int\u00e9rieureDU GARDLibert\u00e9\u00c9galit\u00e9Fraternit\u00e9\nN\u00eemes le, 4 5 MAT 2025Arr\u00eat\u00e9 N\u00b030-2025-05- A G i\" OOOO la |portant interdiction des rassemblements festifs \u00e0 caract\u00e8re musical et interdiction decirculation des poids lourds transportant du mat\u00e9riel de sons \u00e0 destination d'unrassemblement festif \u00e0 caract\u00e8re musical non autoris\u00e9 dans le d\u00e9partement du Gard duvendredi 16 au lundi 19 mai 2025_Le Pr\u00e9fet,Chevalier de la L\u00e9gion d'Honneur,Chevalier de l'Ordre national du M\u00e9rite,Vu le Code de la s\u00e9curit\u00e9 int\u00e9rieure, notamment ses articles L.211-1, L.211-5 et suivants,L.211-15, R.211-2 et suivants et R.211-27 et suivants ;Vu le Code de la route ;Vu le Code de la voirie routi\u00e8re ;Vu le Code g\u00e9n\u00e9ral de collectivit\u00e9s territoriales, notamment son article L.2215-1 ;Vu le Code p\u00e9nal, notamment son article 431-9 ;Vu le d\u00e9cret n\u00b02004-374 du 29 avril 2004 modifi\u00e9 relatif aux pouvoirs des pr\u00e9fets \u00e0l'organisation et \u00e0 l'action des services de l'\u00c9tat dans les r\u00e9gions et les d\u00e9partements ;Vule d\u00e9cret du Pr\u00e9sident de la r\u00e9publique du 13 juillet 2023, nommant MonsieurJ\u00e9r\u00f4me BONET, pr\u00e9fet du Gard.Vu l'arr\u00eat\u00e9 pr\u00e9fectoral n\u00b030-2024-10-18-00007 du 18 octobre 2024 donnant d\u00e9l\u00e9gation designature \u00e0 Monsieur Emile SOUMBO, sous-pr\u00e9fet de l'arrondissement d'Al\u00e9s ;Vu l'arr\u00eat\u00e9 pr\u00e9fectoral n\u00b030-2024-10-18-00008 du 18 octobre 2024 donnant d\u00e9l\u00e9gation designature \u00e0 Madame Anne LEVASSEUR, sous-pr\u00e9f\u00e8te de l'arrondissement du Vigan ;Vu l'arr\u00eat\u00e9 pr\u00e9fectoral n\u00b030-2024-10-18-00009 du 18 octobre 2024 donnant d\u00e9l\u00e9gation designature \u00e0 Madame Marie-Charlotte EUVRARD, sous-pr\u00e9f\u00e8te, directrice de cabinet dupr\u00e9fet du Gard ; .Vu l'arr\u00eat\u00e9 pr\u00e9fectoral n\u00b030-2024-10-18-00005 du 18 octobre 2024 donnant d\u00e9l\u00e9gation designature a Monsieur Yann GERARD, secr\u00e9taire g\u00e9n\u00e9ral de la pr\u00e9fecture du Gard, sous-pr\u00e9fet de Nimes ;Vu l'arr\u00eat\u00e9 pr\u00e9fectoral n\u00b030-2024-10-18-00006 du 18 octobre 2024 donnant d\u00e9l\u00e9gation designature \u00e0 Monsieur Mathias NIEPS, sous-pr\u00e9fet, charg\u00e9 de mission aupr\u00e8s du pr\u00e9fet duGard, secr\u00e9taire g\u00e9n\u00e9ral adjoint de la pr\u00e9fecture du Gard ;\nPrefecture du Gard - 30-2025-05-16-00002 - Arr\u00eat\u00e9 N\u00b030-2025-05-16-00002 portant interdiction des rassemblements festifs \u00e0 caract\u00e8re\nmusical et interdiction de circulation des poids lourds transportant du mat\u00e9riel de sons \u00e0 destination d'un rassemblement festif \u00e0\ncaract\u00e8re musical non autoris\u00e9 dans le d\u00e9partement du Gard du vendredi 16 au lundi 19 mai 2025.\n23\nVu l'arr\u00eat\u00e9 minist\u00e9riel du 16 avril 2021 relatif \u00e0 l'interdiction de circulation des v\u00e9hicules detransports de marchandises a certaines p\u00e9riodes ;Vu l'arr\u00eat\u00e9 pr\u00e9fectoral du 31 ao\u00fbt 2012 relatif \u00e0 l'emploi du feu dans le d\u00e9partement duGard ;Vu l'arr\u00eat\u00e9 pr\u00e9fectoral du 8 janvier 2013 relatif au d\u00e9broussaillement r\u00e9glementaire destin\u00e9a diminuer l'intensit\u00e9 des incendies de for\u00eat et \u00e0 en limiter la propagation dans le: d\u00e9partement du Gard;Vu l'instruction minist\u00e9rielle du 16 juillet 2021 relative aux mesures \u00e0 mettre en \u0153uvre dansle cas de rassemblement festifs de jeunes de type festivals (tout type de musique) oude rassemblements festifs de type free party et rave-party ;\nConsid\u00e9rant que selon les \u00e9l\u00e9ments d'informations disponibles, notamment lesinformations recueillies aupr\u00e8s des services de la Gendarmerie Nationale duGard et de renseignements, et les annonces sur les r\u00e9seaux sociaux, desrassemblements festifs \u00e0 caract\u00e8re musical de type rave- party sontsusceptibles de regrouper plusieurs milliers de participants, sont \u00e0 pr\u00e9voirdans le d\u00e9partement du Gard pendant la p\u00e9riode printani\u00e8re ;Consid\u00e9rant que plusieurs rassemblements festifs \u00e0 caract\u00e8re musical de type rave-party ;teknival, multi-sons, se sont d\u00e9roul\u00e9s partout sur le territoire national et que,notamment dans le d\u00e9partement du Gard, 4 rassemblements ont \u00e9t\u00e9recens\u00e9s en 2023 et 1 en 2024;Consid\u00e9rant qu'un rassemblement musical ill\u00e9gal s'est tenu dans le d\u00e9partement du Garddu 19 au 22 avril 2025 r\u00e9unissant 3000 festivaliers, le risque qu'un tel\u00e9v\u00e9nement se reproduise sur le d\u00e9partement du Gard est par cons\u00e9quentav\u00e9r\u00e9 ; :Consid\u00e9rant que des effectifs des forces de l'ordre ont \u00e9t\u00e9 pris \u00e0 partie et bless\u00e9s lors de laprise de contact avec les organisateurs du rassemblement ill\u00e9gal du 19 au 22avril 2025 ;Consid\u00e9rant qu'un rassemblement musical ill\u00e9gal regroupant 10 000 personnes s'est tenudans le d\u00e9partement du Lot du 7 au 11 mai 2025;Consid\u00e9rant que sur les dates concern\u00e9es par l'\u00e9v\u00e9nement projet\u00e9, les forces de l'ordre etles services de secours seront particuli\u00e8rement mobilis\u00e9s sur des \u00e9v\u00e9nementsconcomitants, notamment la nuit europ\u00e9enne des mus\u00e9es le samedi 17 mai2025, les f\u00eates traditionnelles sur l'ensemble du d\u00e9partement du Gard du 16au 18 mai inclus ;Consid\u00e9rant qu'\u00e0 ce jour aucune manifestation de ce type n'a fait l'objet d'une d\u00e9clarationpr\u00e9alable en pr\u00e9fecture du Gard, telle que pr\u00e9vue par l'article L.211-5 etsuivants du Code de la s\u00e9curit\u00e9 int\u00e9rieure, et qu'\u00e0 d\u00e9faut d'une telled\u00e9claration, l'organisation d'une manifestation non d\u00e9clar\u00e9e est un d\u00e9litpr\u00e9vu par l'article 431-9 alin\u00e9a 1 du Code p\u00e9nal ;Consid\u00e9rant que l'absence d'un tel formalisme, en plus de pas \u00eatre conforme auxdispositions pr\u00e9cit\u00e9es, ne permet pas de conna\u00eetre le niveau de s\u00e9curit\u00e9 durassemblement projet\u00e9, ni les mesures envisag\u00e9es par l'organisateur pour\nPrefecture du Gard - 30-2025-05-16-00002 - Arr\u00eat\u00e9 N\u00b030-2025-05-16-00002 portant interdiction des rassemblements festifs \u00e0 caract\u00e8re\nmusical et interdiction de circulation des poids lourds transportant du mat\u00e9riel de sons \u00e0 destination d'un rassemblement festif \u00e0\ncaract\u00e8re musical non autoris\u00e9 dans le d\u00e9partement du Gard du vendredi 16 au lundi 19 mai 2025.\n24\ngarantir la s\u00e9curit\u00e9, la salubrit\u00e9, l'hygi\u00e8ne et la tranquillit\u00e9 publique despersonnes ainsi que le respect du droit de propri\u00e9t\u00e9 pour le ou les terrainsOCCUP\u00c9S ;Consid\u00e9rant qu'en l'absence de toute prise de contact pr\u00e9alable des organisateurs avec lesservices pr\u00e9fectoraux ou les collectivit\u00e9s territoriales concern\u00e9es, la missiond'accompagnement des organisateurs du rassemblement projet\u00e9, conduitepar les services de l'\u00c9tat et pr\u00e9vue par instruction du 16 juillet 2021, n'a pu\u00eatre mise en \u0153uvre ;Consid\u00e9rant les risques de troubles graves \u00e0 l'ordre public, \u00e0 la s\u00fbret\u00e9, \u00e0 la s\u00e9curit\u00e9 et \u00e0 lasalubrit\u00e9 publique que pr\u00e9senterait le d\u00e9roulement d'un rassemblementd\u00e9pourvu d'un service d'ordre et d'un dispositif sanitaire, et auquelpourraient participer plusieurs milliers de personnes dans un lieu nonam\u00e9nag\u00e9 pour recevoir.ce type de rassemblement et n'a fait l'objet d'aucuneorganisation pr\u00e9alable coordonn\u00e9e ;Consid\u00e9rant la n\u00e9cessit\u00e9 de pr\u00e9venir les risque de troubles \u00e0 l'ordre public et que lesmoyens appropri\u00e9s de lutte contre l'incendie et de secours aux personnes,ainsi qu'en mati\u00e8re de s\u00e9curit\u00e9 sanitaire et routi\u00e8re ne sont pas r\u00e9unis dans lecadre du rassemblement projet\u00e9 ;Consid\u00e9rant que le regroupement de plus de 500 personnes dans des rassemblements nond\u00e9clar\u00e9s repr\u00e9sente un risque grave pour la s\u00e9curit\u00e9 des participants et qu'il ya lieu de prendre toutes les mesures n\u00e9cessaires ;Consid\u00e9rant que dans ces circonstances, de tels rassemblements sont de nature \u00e0provoquer des troubles s\u00e9rieux \u00e0 l'ordre public et \u00e0 la tranquillit\u00e9 publique etqu'il y a lieu de prendre toutes les mesures n\u00e9cessaires ;Consid\u00e9rant que persistent des tensions en particulier dans le cadre de conflit isra\u00e9lo-palestinien, que le plan VIGIPIRATE est rehauss\u00e9 depuis le 24 mars 2024 auniveau \u00ab Urgence attentat \u00bb ; que par cons\u00e9quent les forces de s\u00e9curit\u00e9 sontfortement mobilis\u00e9es ; |Consid\u00e9rant que les forces de s\u00e9curit\u00e9 ainsi que les moyens de secours ne pourront faireface en termes de moyens, \u00e0 de telles manifestations susceptibles des'installer sans autorisation pr\u00e9alable en divers points du d\u00e9partement ;Consid\u00e9rant l'urgence \u00e0 pr\u00e9venir ces atteintes et \u00e0 assurer la s\u00e9curit\u00e9 des personnes et desbiens ;\nPrefecture du Gard - 30-2025-05-16-00002 - Arr\u00eat\u00e9 N\u00b030-2025-05-16-00002 portant interdiction des rassemblements festifs \u00e0 caract\u00e8re\nmusical et interdiction de circulation des poids lourds transportant du mat\u00e9riel de sons \u00e0 destination d'un rassemblement festif \u00e0\ncaract\u00e8re musical non autoris\u00e9 dans le d\u00e9partement du Gard du vendredi 16 au lundi 19 mai 2025.\n25\nSur proposition de Madame la directrice de cabinet du pr\u00e9fet de Gard :ARRETEArticle 1- La tenue des rassemblements festifs \u00e0 caract\u00e8re musical r\u00e9pondant \u00e0 l'ensembledes caract\u00e9ristiques \u00e9nonc\u00e9s \u00e0 l'article R.211-2 du Code de s\u00e9curit\u00e9 int\u00e9rieure,autres que ceux l\u00e9galement d\u00e9clar\u00e9s et autoris\u00e9s, est interdite sur l'ensemble dud\u00e9partement du Gard du vendredi 16 mai \u00e0 17h00 au lundi 19 mai 2025 08h00.Article 2-La circulation des v\u00e9hicules transportant du mat\u00e9riel susceptible d'\u00eatre utilis\u00e9pour un rassemblement festif non autoris\u00e9 est interdite durant la m\u00eamep\u00e9riode.Article 3 - Toute infraction au pr\u00e9sent arr\u00eat\u00e9 est passible de sanctions pr\u00e9vues par le Codep\u00e9nal et par les dispositions des articles L.211-15, R.211-30 du Code de la s\u00e9curit\u00e9int\u00e9rieure et peut donner lieu notamment \u00e0 la saisie du mat\u00e9riel en vue de saconfiscation par le tribunal. |Article 4-Le pr\u00e9sent arr\u00eat\u00e9 pr\u00e9fectoral entre en vigueur \u00e0 compter de sa publication aurecueil des actes administratifs de la pr\u00e9fecture du Gard.Article 5 -Le pr\u00e9sent arr\u00eat\u00e9 peut faire l'objet d'un recours administratif aupr\u00e8s de Monsieurle pr\u00e9fet du Gard (Pr\u00e9fecture du Gard 30 045 Nimes Cedex 9), d'un recourshi\u00e9rarchique adress\u00e9 a Monsieur le ministre de l'Int\u00e9rieur - place Beauvau 75 008Paris) ou d'un recours contentieux devant le tribunal administratif de Nimes,dans un d\u00e9lai de deux mois suivant sa publication. Le tribunal administratif peutaussi \u00eatre saisi par l'application informatique \u00abTelerecours Citoyens\u00bb accessiblepar le site internet www.telerecours.frArticle 6-Madame la directrice de cabinet du pr\u00e9fet du Gard, Madame la sous-pr\u00e9f\u00e8te del'arrondissement du Vigan, Monsieur le Sous-pr\u00e9fet de l'arrondissement d'Al\u00e8s,Monsieur le secr\u00e9taire g\u00e9n\u00e9ral de la pr\u00e9fecture du Gard, Monsieur le secr\u00e9taireg\u00e9n\u00e9ral adjoint de la pr\u00e9fecture du Gard, Monsieur le Colonel, commandant legroupement de gendarmerie d\u00e9partementale du Gard, Monsieur le directeurinterd\u00e9partemental de la police nationale du Gard, Monsieur le directeurinterd\u00e9partemental de la police nationale du Vaucluse, Monsieur le directeurinterd\u00e9partemental de la police nationale des Bouches du Rh\u00f4ne sont charg\u00e9s,chacun en ce qui les concerne, de l'ex\u00e9cution de pr\u00e9sent arr\u00eat\u00e9.Le pr\u00e9fet,Baur pr\u00e9fet,le S\u00e9cr\u00e9Mire generat\nPrefecture du Gard - 30-2025-05-16-00002 - Arr\u00eat\u00e9 N\u00b030-2025-05-16-00002 portant interdiction des rassemblements festifs \u00e0 caract\u00e8re\nmusical et interdiction de circulation des poids lourds transportant du mat\u00e9riel de sons \u00e0 destination d'un rassemblement festif \u00e0\ncaract\u00e8re musical non autoris\u00e9 dans le d\u00e9partement du Gard du vendredi 16 au lundi 19 mai 2025.\n26","date":"2025-05-16","first_seen_on":"2025-05-16T16:09:42+00:00","id":"f499aec3335dd95ea725d740243d8cf83338908b33d58274cd0916736820a4e3","name":"recueil-30-2025-082-special du 16 05 2025","pdf_creation_date":"2025-05-16T14:34:40+00:00","pdf_modification_date":null,"timezone":"Europe/Paris","url":"https://www.gard.gouv.fr/contenu/telechargement/63196/467485/file/recueil-30-2025-082-special%20du%2016%2005%202025.pdf"}
