{"administration":"pref30","administration_name":"Pr\u00e9fecture du Gard","content":"PR\u00c9FET\nDU GARD\nRECUEIL DES ACTES\nADMINISTRATIFS SP\u00c9CIAL\nN\u00b030-2025-050\nPUBLI\u00c9 LE 25 MARS 2025\nSommaire\nPrefecture du Gard /\n30-2025-03-25-00004 - Arr\u00eat\u00e9 donnant d\u00e9l\u00e9gation de signature \u00e0\nMme Carole DRUCKER-GODARD, rectrice de la r\u00e9gion acad\u00e9mique\nOccitanie relative \u00e0 l'ordonnancement des d\u00e9penses et des recettes du\nprogramme 362 AAP1 pour les op\u00e9rations relevant du Minist\u00e8re de\nl'Education nationale pour le d\u00e9partement du Gard (2 pages) Page 3\n30-2025-03-25-00002 - Arr\u00eat\u00e9 donnant d\u00e9l\u00e9gation de signature \u00e0\nMme Carole DRUCKER-GODARD, rectrice de la r\u00e9gion acad\u00e9mique\nOccitanie, rectrice de l'acad\u00e9mie de Montpellier, chanceli\u00e8re des\nuniversit\u00e9s (3 pages) Page 6\n30-2025-03-25-00003 - Arr\u00eat\u00e9 donnant d\u00e9l\u00e9gation de signature \u00e0\nMme Carole DRUCKER-GODARD, rectrice de la r\u00e9gion acad\u00e9mique\nOccitanie, rectrice de l'acad\u00e9mie de Montpellier, chanceli\u00e8re des\nuniversit\u00e9s (comp\u00e9tences pour la mise en oeuvre des missions de l'Etat\ndans les champs des sports, de la jeunesse, de l'\u00e9ducation populaire, de\nl'engagement civique et de la vie associative) (4 pages) Page 10\n2\nPrefecture du Gard\n30-2025-03-25-00004\nArr\u00eat\u00e9 donnant d\u00e9l\u00e9gation de signature \u00e0 Mme\nCarole DRUCKER-GODARD, rectrice de la r\u00e9gion\nacad\u00e9mique Occitanie relative \u00e0\nl'ordonnancement des d\u00e9penses et des recettes\ndu programme 362 AAP1 pour les op\u00e9rations\nrelevant du Minist\u00e8re de l'Education nationale\npour le d\u00e9partement du Gard\nPrefecture du Gard - 30-2025-03-25-00004 - Arr\u00eat\u00e9 donnant d\u00e9l\u00e9gation de signature \u00e0 Mme Carole DRUCKER-GODARD, rectrice de la\nr\u00e9gion acad\u00e9mique Occitanie relative \u00e0 l'ordonnancement des d\u00e9penses et des recettes du programme 362 AAP1 pour les op\u00e9rations\nrelevant du Minist\u00e8re de l'Education nationale pour le d\u00e9partement du Gard\n3\nExPREFETDU GARDLibert\u00e9Egalit\u00e9Fraternit\u00e9\n \nArr\u00eat\u00e9 n\u00b0 30 -2025-03-25-00004\ndonnant d\u00e9l\u00e9gation de signature \u00e0 Mme Carole DRUCKER-GODARD \nrectrice de r\u00e9gion acad\u00e9mique Occitanie\nrelative \u00e0 l'ordonnancement des d\u00e9penses et des recettes du programme 362 AAP1 pour les \nop\u00e9rations relevant du Minist\u00e8re de l'Education nationale pour le d\u00e9partement  du Gard\nLe pr\u00e9fet du Gard\nChevalier de la L\u00e9gion d'honneur,\nChevalier de l'ordre national du M\u00e9rite \n           Vu - la loi organique n\u00b02001-692 du 1er ao\u00fbt 2001 relative aux lois de finances, \nVu - le code de l'Education nationale,  \nVu - le code de la commande publique,\nVu- le d\u00e9cret n\u00b097-34 du 15 janvier 1997 modifi\u00e9 relatif \u00e0 la d\u00e9concentration des  \nd\u00e9cisions administratives individuelles \nVu- le d\u00e9cret n\u00b099-89 du 8 f\u00e9vrier 1999 pris en application de l'article 3 du d\u00e9cret n\u00b098-\n81 du 11 f\u00e9vrier 1998 modifiant la loi n\u00b068-1250 du 31 d\u00e9cembre 1968 relative \u00e0 la  \nprescription  des  cr\u00e9ances  sur  l'Etat,  les  d\u00e9partements,  les  communes  et  leurs \n\u00e9tablissements  publics,  et  relatif  aux  d\u00e9cisions  prises  par  l'Etat  en  mati\u00e8re  de \nprescription quadriennale,\nVu - le d\u00e9cret n\u00b02004-374 du 29 avril 2004 modifi\u00e9 relatif aux pouvoirs des pr\u00e9fets, \u00e0  \nl'organisation et \u00e0 l'action des services de l'Etat dans les r\u00e9gions et d\u00e9partements, \nVu- le d\u00e9cret n\u00b02012-1246 du 7 novembre 2012 relatif \u00e0 la gestion budg\u00e9taire et  \ncomptable publique,\nVu- le d\u00e9cret n\u00b02015-510 du 7 mai 2015 portant charte de la d\u00e9concentration,\nVu-  le d\u00e9cret n\u00b02015-1516 du 10 d\u00e9cembre 2015 relatif aux r\u00e9gions acad\u00e9miques, \nVu- le d\u00e9cret n\u00b02019-1200 du 20 novembre 2019 relatif \u00e0 l'organisation des services  \nd\u00e9concentr\u00e9s des minist\u00e8res charg\u00e9s de l'\u00e9ducation nationale et de l'enseignement  \nsup\u00e9rieur, de la recherche et de l'innovation,\nVu- le d\u00e9cret 2020-1543 du 9 d\u00e9cembre 2020 relatif aux services d\u00e9concentr\u00e9s du  \nminist\u00e8re de l'\u00e9ducation nationale, de la jeunesse et des sports, et du minist\u00e8re de  \nl'enseignement sup\u00e9rieur, de la recherche et de l'innovation,\nVu-  le  d\u00e9cret  en  conseil  des  ministres  du  12  mars  2025  nommant  Mme  Carole \nDRUCKER-GODARD rectrice  de  la  r\u00e9gion  acad\u00e9mique  Occitanie,  rectrice  de  \nl'acad\u00e9mie de Montpellier, chanceli\u00e8re des universit\u00e9s, \u00e0 compter du 26 mars 2025  ;\nVu- le d\u00e9cret du 13 juillet 2023 nommant M. J\u00e9r\u00f4me BONET, pr\u00e9fet du Gard,\nVu- l'arr\u00eat\u00e9 du 3 juillet 2009 portant r\u00e8glement de la comptabilit\u00e9 publique pour la  \nd\u00e9signation des ordonnateurs secondaires et de leurs d\u00e9l\u00e9gu\u00e9s en ce qui concerne le  \nbudget de l'enseignement secondaire et de l'enseignement sup\u00e9rieur,\nVu- la convention  du 22 mars 2021 \u00e9tablie entre  M. Etienne GUYOT , pr\u00e9fet de la  \nr\u00e9gion Occitanie et  Mme Marie-Fran\u00e7oise LECAILLON , pr\u00e9f\u00e8te du d\u00e9partement du  \nGard relative \u00e0 la d\u00e9l\u00e9gation de gestion et \u00e0 l'utilisation des cr\u00e9dits du Plan France  \nRelance dont la gestion d'une ou plusieurs op\u00e9rations a \u00e9t\u00e9 confi\u00e9e \u00e0 un service  \nexterne au p\u00e9rim\u00e8tre du pr\u00e9fet de r\u00e9gion,\nSur proposition du secr\u00e9taire g\u00e9n\u00e9ral de la pr\u00e9fecture du Gard \nSecr\u00e9tariat G\u00e9n\u00e9ral\nT\u00e9l\u00e9phone\n04 67 91 48.12\nFax\n04 67 60 76 15\nCourriel\nce.recsg@ac-montpellier.fr\nRectorat\n31, rue de l'Universit\u00e9\nCS 39004\n34064 Montpellier \n                             Cedex 2\nPrefecture du Gard - 30-2025-03-25-00004 - Arr\u00eat\u00e9 donnant d\u00e9l\u00e9gation de signature \u00e0 Mme Carole DRUCKER-GODARD, rectrice de la\nr\u00e9gion acad\u00e9mique Occitanie relative \u00e0 l'ordonnancement des d\u00e9penses et des recettes du programme 362 AAP1 pour les op\u00e9rations\nrelevant du Minist\u00e8re de l'Education nationale pour le d\u00e9partement du Gard\n4\nARR\u00caTE\nArticle 1er : D\u00e9l\u00e9gation de signature est donn\u00e9e \u00e0 Mme Carole DRUCKER-GODARD, rectrice de la  \nr\u00e9gion acad\u00e9mique Occitanie, \u00e0 l'effet de signer les actes et pi\u00e8ces relatifs \u00e0 l'ordonnancement des  \nd\u00e9penses et des recettes du programme 362 AAP1 pour les op\u00e9rations relevant du Minist\u00e8re de  \nl'Education nationale pour le d\u00e9partement du Gard. \nCette d\u00e9l\u00e9gation recouvre     :   \n- les actes d'engagement dont la signature incombe au d\u00e9l\u00e9gant, y compris la correspondance  \nsimple avec le contr\u00f4leur financier,\n- les d\u00e9cisions de recettes et de d\u00e9penses, \n- la constatation du service fait, \n- les affectations de tranches fonctionnelles  \nSont exclus de la pr\u00e9sente d\u00e9l\u00e9gation     :   \n- les ordres de r\u00e9quisition du comptable public, \n- les d\u00e9cisions de passer outre au refus de visa de l'autorit\u00e9 charg\u00e9e du contr\u00f4le financier,\n- en cas d'avis pr\u00e9alable d\u00e9favorable de l'autorit\u00e9 charg\u00e9e du contr\u00f4le financier, le courrier l'informant  \ndes motifs conduisant \u00e0 ne pas se conformer \u00e0 l'avis donn\u00e9. \nArticle 2 :  D\u00e9l\u00e9gation de signature est donn\u00e9e \u00e0 Mme Carole DRUCKER-GODARD, pour opposer la \nprescription  quadriennale,  aux  titulaires  de  cr\u00e9ances  sur  l'Etat,  ainsi  que  pour  relever  de  la \nprescription ces m\u00eames cr\u00e9ances sous r\u00e9serve de l'avis conforme du comptable assignataire et dans  \nla limite des seuils fix\u00e9s. \nEn cas d'avis non conforme du comptable, le pr\u00e9fet reste seul comp\u00e9tent. \nArticle 3  : D\u00e9l\u00e9gation de signature est donn\u00e9e \u00e0  Mme Carole DRUCKER-GODARD , \u00e0 l'effet de  \nsigner les march\u00e9s de l'Etat et tous les actes d\u00e9volus au pr\u00e9fet par le code de la commande publique  \npour les op\u00e9rations relevant du minist\u00e8re de l'Education nationale pour le d\u00e9partement du Gard, qui  \nsont financ\u00e9s sur les cr\u00e9dits du programme 362 AAP1. \nArticle 4 : Mme Carole DRUCKER-GODARD, rectrice de la r\u00e9gion acad\u00e9mique Occitanie, peut, sous \nsa responsabilit\u00e9, subd\u00e9l\u00e9guer sa signature \u00e0 ses collaborateurs, pour signer les actes pour lesquels  \nelle re\u00e7oit d\u00e9l\u00e9gation de signature par le pr\u00e9sent arr\u00eat\u00e9. \nElle d\u00e9finira \u00e0 cet effet, par arr\u00eat\u00e9 pris en mon nom, la liste des collaborateurs habilit\u00e9s \u00e0 signer les  \nactes, \u00e0 sa place. Cette d\u00e9cision sera publi\u00e9e au recueil des actes administratifs de la pr\u00e9fecture de  \nd\u00e9partement et visera le pr\u00e9sent arr\u00eat\u00e9. \nArticle 5  :  L'arr\u00eat\u00e9 pr\u00e9fectoral n\u00b030-2023-11-06-00001 du  6 novembre 2023  donnant d\u00e9l\u00e9gation de  \nsignature  \u00e0  Mme  Sophie B\u00c9JEAN rectrice  de  r\u00e9gion  acad\u00e9mique  Occitanie  relative  \u00e0  \nl'ordonnancement  des  d\u00e9penses  et  des  recettes  du  programme  362  AAP1  pour  les  op\u00e9rations \nrelevant du Minist\u00e8re de l'\u00e9ducation nationale pour le d\u00e9partement  du Gard est abrog\u00e9.\nArticle 6 :  Le pr\u00e9sent arr\u00eat\u00e9 prend effet \u00e0 compter du 26 mars 2025.\nArticle 7  : Le secr\u00e9taire g\u00e9n\u00e9ral de la pr\u00e9fecture du Gard et le secr\u00e9taire g\u00e9n\u00e9ral de la r\u00e9gion  \nacad\u00e9mique Occitanie, pour la rectrice de r\u00e9gion acad\u00e9mique Occitanie, sont charg\u00e9s, chacun en ce  \nqui  le  concerne  de  l'ex\u00e9cution  du  pr\u00e9sent  arr\u00eat\u00e9  qui  sera  publi\u00e9  des  actes  administratifs  de  la \npr\u00e9fecture de d\u00e9partement. \nN\u00eemes, le 25 mars 2025\nLe pr\u00e9fet du Gard\n          sign\u00e9\n  \n  J\u00e9r\u00f4me BONET\nPrefecture du Gard - 30-2025-03-25-00004 - Arr\u00eat\u00e9 donnant d\u00e9l\u00e9gation de signature \u00e0 Mme Carole DRUCKER-GODARD, rectrice de la\nr\u00e9gion acad\u00e9mique Occitanie relative \u00e0 l'ordonnancement des d\u00e9penses et des recettes du programme 362 AAP1 pour les op\u00e9rations\nrelevant du Minist\u00e8re de l'Education nationale pour le d\u00e9partement du Gard\n5\nPrefecture du Gard\n30-2025-03-25-00002\nArr\u00eat\u00e9 donnant d\u00e9l\u00e9gation de signature \u00e0 Mme\nCarole DRUCKER-GODARD, rectrice de la r\u00e9gion\nacad\u00e9mique Occitanie, rectrice de l'acad\u00e9mie de\nMontpellier, chanceli\u00e8re des universit\u00e9s\nPrefecture du Gard - 30-2025-03-25-00002 - Arr\u00eat\u00e9 donnant d\u00e9l\u00e9gation de signature \u00e0 Mme Carole DRUCKER-GODARD, rectrice de la\nr\u00e9gion acad\u00e9mique Occitanie, rectrice de l'acad\u00e9mie de Montpellier, chanceli\u00e8re des universit\u00e9s 6\nEuPREFETDU GARDLibert\u00e9Egalit\u00e9Fraternit\u00e9\nDirection de la citoyennet\u00e9, de la l\u00e9galit\u00e9 et de la coordination\nBureau de la coordination, des politiques publiques \net de l'appui territorial\nArr\u00eat\u00e9 n\u00b0 30-2025-03-25-00002\ndonnant d\u00e9l\u00e9gation de signature \u00e0 Mme Carole DRUCKER-GODARD, \nrectrice de la r\u00e9gion acad\u00e9mique Occitanie, rectrice de l'acad\u00e9mie de Montpellier, \nchanceli\u00e8re des universit\u00e9s \nLe pr\u00e9fet du Gard\nChevalier de la L\u00e9gion d'honneur,\nChevalier de l'ordre national du M\u00e9rite \nVu la loi organique n\u00b02001-692 du 1er ao\u00fbt 2001 relative aux lois de finances ;\nVu le code de l'\u00e9ducation notamment l'article L421.14 ;\nVu l'ordonnance n\u00b02015-899 du 23 juillet 2015 relative aux march\u00e9s publics ;\nVu le d\u00e9cret n\u00b02016-360 du 25 mars 2016 relatif aux march\u00e9s publics ;\nVu  le d\u00e9cret n\u00b0 97-34 du 15 janvier 1997 modifi\u00e9 relatif \u00e0 la d\u00e9concentration des d\u00e9cisions  \nadministratives individuelles ;\nVu le d\u00e9cret n\u00b099-89 du 8 f\u00e9vrier 1999 pris en application de l'article 3 du d\u00e9cret n\u00b0 98-81 du  \n11f\u00e9vrier 1998 modifiant la loi n\u00b0 68-1250 du 31 d\u00e9cembre 1968 relative \u00e0 la prescription des  \ncr\u00e9ances sur l'\u00c9tat, les d\u00e9partements, les commune- et leurs \u00e9tablissements publics et relatif  \naux d\u00e9cisions prises par l'\u00c9tat en mati\u00e8re de prescription quadriennale ;\n--\nV-  le  d\u00e9cret   n\u00b0  2004-374  du  29  avril  2004  modifi\u00e9  relatif  aux  pouvoirs  des  pr\u00e9fets,  \u00e0 \nl'organisation et \u00e0 l'action des services de l'Etat dans les r\u00e9gions et d\u00e9partements ;\nVu le d\u00e9cret n\u00b0 2008-158 du 22 f\u00e9vrier 2008 relatif \u00e0 la suppl\u00e9ance des pr\u00e9fets de r\u00e9gion et \u00e0 la \nd\u00e9l\u00e9gation de signature des pr\u00e9fets et des hauts-commissaires de la R\u00e9publique en Polyn\u00e9sie  \nfran\u00e7aise et en Nouvelle-Cal\u00e9donie ;\nVu le d\u00e9cret n\u00b02012-1246 du 7 novembre 2012 relatif \u00e0 la gestion budg\u00e9taire et comptable  \npublique ;\nVu le d\u00e9cret n\u00b02015-510 du 7 mai 2015 portant charte de la d\u00e9concentration ;\nVu le d\u00e9cret n\u00b02015-1616 du 10 d\u00e9cembre 2015 relatif aux r\u00e9gions acad\u00e9miques ;\nVu le d\u00e9cret du 12 mars 2025 portant nomination de  Mme  Carole DRUCKER-GODARD  en \nqualit\u00e9 de rectrice de la r\u00e9gion acad\u00e9mique Occitanie, rectrice de l'acad\u00e9mie de Montpellier,  \nchanceli\u00e8re des universit\u00e9s \u00e0 compter du 26 mars 2025 ; \nVu le d\u00e9cret du 13 juillet 2023 nommant M. J\u00e9r\u00f4me BONET, pr\u00e9fet du Gard ;\nVu l'arr\u00eat\u00e9 du 3 juillet 2009 portant r\u00e8glement de la comptabilit\u00e9 publique pour la d\u00e9signa -\ntion des ordonnateurs secondaires et de leurs d\u00e9l\u00e9gu\u00e9s en ce qui concerne le budget de l'en -\nseignement scolaire et le budget de l'enseignement sup\u00e9rieur ;\nSur proposition du secr\u00e9taire g\u00e9n\u00e9ral de la pr\u00e9fecture du Gard ;\nPrefecture du Gard - 30-2025-03-25-00002 - Arr\u00eat\u00e9 donnant d\u00e9l\u00e9gation de signature \u00e0 Mme Carole DRUCKER-GODARD, rectrice de la\nr\u00e9gion acad\u00e9mique Occitanie, rectrice de l'acad\u00e9mie de Montpellier, chanceli\u00e8re des universit\u00e9s 7\nArr\u00eate :\nArticle 1 : D\u00e9l\u00e9gation de signature est donn\u00e9e  \u00e0 Mme Carole DRUCKER-GODARD, rectrice de \nla  r\u00e9gion  acad\u00e9mique  Occitanie,  rectrice  de  l'acad\u00e9mie  de  Montpellier,  chanceli\u00e8re  des \nuniversit\u00e9s,  pour  d\u00e9f\u00e9rer  les  actes  des  \u00e9tablissements  publics  locaux  d'enseignement \n(coll\u00e8ges) devant le tribunal administratif.\nArticle  2 :  La rectrice  de  la  r\u00e9gion  acad\u00e9mique  Occitanie,  rectrice  de  l'acad\u00e9mie  de \nMontpellier tient inform\u00e9 le repr\u00e9sentant de l'Etat des actions engag\u00e9es dans ce cadre devant \nle tribunal administratif.\nArticle 3     : D\u00e9l\u00e9gation de signature est donn\u00e9e \u00e0 Mme Carole DRUCKER-GODARD, \u00e0 l'effet de \nsigner les contrats et avenants aux contrats d'association avec les \u00e9tablissements de l'en -\nseignement priv\u00e9 : \u00e9coles, coll\u00e8ges et lyc\u00e9es du Gard. \nArticle 4     : D\u00e9l\u00e9gation de signature est donn\u00e9e \u00e0 Mme Carole DRUCKER-GODARD, rectrice de \nla  r\u00e9gion  acad\u00e9mique  Occitanie,  rectrice  de  l'acad\u00e9mie  de  Montpellier,  chanceli\u00e8re  des \nuniversit\u00e9s, \u00e0 l'effet de signer les actes et pi\u00e8ces relatifs \u00e0 l'ordonnancement des d\u00e9penses et  \ndes  recettes  relevant  des  actions  \u00ab contr\u00f4le  r\u00e9glementaire \u00bb,  \u00ab audits  et  expertises \u00bb, \n\u00ab entretien  pr\u00e9ventif \u00bb,  \u00ab entretien  correctif \u00bb  et  \u00ab travaux  lourds \u00bb  du  programme  723 \u00ab  \nOp\u00e9rations immobili\u00e8res et entretien des b\u00e2timents de l'Etat \u00bb pour les op\u00e9rations relevant  \ndu minist\u00e8re de l'\u00e9ducation nationale sur le d\u00e9partement du Gard.\nCette d\u00e9l\u00e9gation recouvre :\n-les  actes  d'engagement  dont  la  signature  incombe  au  d\u00e9l\u00e9gant,  y  compris  la  \ncorrespondance simple avec le contr\u00f4leur financier,\n-les d\u00e9cisions de d\u00e9penses et recettes,\n-la constatation du service fait,\nSont exclus de la pr\u00e9sente d\u00e9l\u00e9gation :\n-les affectations des tranches fonctionnelles ;\n-les ordres de r\u00e9quisition du comptable public,\n-les d\u00e9cisions de passer outre au refus de visa de l'autorit\u00e9 charg\u00e9e du contr\u00f4le financier,\n-en  cas  d'avis  pr\u00e9alable  d\u00e9favorable  de  l'autorit\u00e9  charg\u00e9e  du  contr\u00f4le  financier,  le  \ncourrier l'informant des motifs conduisant \u00e0 ne pas se conformer \u00e0 l'avis donn\u00e9.\nArticle 5     : D\u00e9l\u00e9gation de signature est donn\u00e9e \u00e0 Mme Carole DRUCKER-GODARD, pour op -\nposer la prescription quadriennale aux titulaires de cr\u00e9ances sur l'\u00c9tat ainsi que pour relever  \nde la prescription ces m\u00eames cr\u00e9ances sous r\u00e9serve de l'avis conforme du comptable assig -\nnataire et dans la limite des seuils fix\u00e9s.\nEn cas d'avis non conforme du comptable, le pr\u00e9fet reste seul comp\u00e9tent.\nArticle 6     : D\u00e9l\u00e9gation de signature est donn\u00e9e \u00e0 Mme Carole DRUCKER-GODARD, \u00e0 l'effet de \nsigner les march\u00e9s de l'\u00c9tat et tous les actes d\u00e9volus au pr\u00e9fet par le code des march\u00e9s  \npublics pour les op\u00e9rations relevant du minist\u00e8re de l'\u00e9ducation nationale sur le d\u00e9partement  \ndu Gard, qui sont financ\u00e9es par les cr\u00e9dits du programme 723.\nSont soumis \u00e0 visa pr\u00e9alable du pr\u00e9fet les actes d'engagement des march\u00e9s publics et les d\u00e9 -\ncisions de d\u00e9penses, d'un montant \u00e9gal ou sup\u00e9rieur \u00e0 150 000 euros HT.\nArticle 7     : Mme Carole DRUCKER-GODARD, rectrice de la r\u00e9gion acad\u00e9mique Occitanie, rec -\ntrice de l'acad\u00e9mie de Montpellier , chanceli\u00e8re des universit\u00e9s , peut sous sa responsabilit\u00e9 , \nPrefecture du Gard - 30-2025-03-25-00002 - Arr\u00eat\u00e9 donnant d\u00e9l\u00e9gation de signature \u00e0 Mme Carole DRUCKER-GODARD, rectrice de la\nr\u00e9gion acad\u00e9mique Occitanie, rectrice de l'acad\u00e9mie de Montpellier, chanceli\u00e8re des universit\u00e9s 8\nsubd\u00e9l\u00e9guer sa signature \u00e0 ses collaborateurs, pour signer les actes pour lesquels elle re\u00e7oit  \nd\u00e9l\u00e9gation de signature par le pr\u00e9sent arr\u00eat\u00e9.\nElle d\u00e9finira, \u00e0 cet effet, par arr\u00eat\u00e9, pris en mon nom, la liste de ses collaborateurs habilit\u00e9s \u00e0  \nsigner les actes, \u00e0 sa place.\nCette d\u00e9cision sera publi\u00e9e au recueil des actes administratifs de la pr\u00e9fecture et visera le  \npr\u00e9sent arr\u00eat\u00e9.\nArticle  8 :  La  signature  du  d\u00e9l\u00e9gataire  ou  du  subd\u00e9l\u00e9gataire  et  sa  qualit\u00e9  devront  \u00eatre \npr\u00e9c\u00e9d\u00e9es de la mention suivante : \u00ab pour le pr\u00e9fet et par d\u00e9l\u00e9gation \u00bb.\nArticle 9 : L'arr\u00eat\u00e9 n\u00b0 30-2024-09-16-0007 du 16 septembre 2024 donnant d\u00e9l\u00e9gation de signa-\nture \u00e0 Mme Sophie BEJEAN , rectrice de la r\u00e9gion acad\u00e9mique Occitanie, rectrice de l'acad\u00e9 -\nmie de Montpellier, chanceli\u00e8re des universit\u00e9s est abrog\u00e9.\nArticle 10   :   Le pr\u00e9sent arr\u00eat\u00e9 prend effet \u00e0 compter du 26 mars 2025.\nArticle  11 :  Le  secr\u00e9taire  g\u00e9n\u00e9ral  de  la  pr\u00e9fecture  du  Gard  et  le  recteur  de  la  r\u00e9gion \nacad\u00e9mique Occitanie sont charg\u00e9s, chacun en ce qui le concerne, de l'ex\u00e9cution du pr\u00e9sent  \narr\u00eat\u00e9 qui sera publi\u00e9 au recueil des actes administratifs de la pr\u00e9fecture.\nN\u00eemes, le 25 mars 2025\nLe pr\u00e9fet,\nsign\u00e9\n  J\u00e9r\u00f4me BONET\nPrefecture du Gard - 30-2025-03-25-00002 - Arr\u00eat\u00e9 donnant d\u00e9l\u00e9gation de signature \u00e0 Mme Carole DRUCKER-GODARD, rectrice de la\nr\u00e9gion acad\u00e9mique Occitanie, rectrice de l'acad\u00e9mie de Montpellier, chanceli\u00e8re des universit\u00e9s 9\nPrefecture du Gard\n30-2025-03-25-00003\nArr\u00eat\u00e9 donnant d\u00e9l\u00e9gation de signature \u00e0 Mme\nCarole DRUCKER-GODARD, rectrice de la r\u00e9gion\nacad\u00e9mique Occitanie, rectrice de l'acad\u00e9mie de\nMontpellier, chanceli\u00e8re des universit\u00e9s\n(comp\u00e9tences pour la mise en oeuvre des\nmissions de l'Etat dans les champs des sports, de\nla jeunesse, de l'\u00e9ducation populaire, de\nl'engagement civique et de la vie associative)\nPrefecture du Gard - 30-2025-03-25-00003 - Arr\u00eat\u00e9 donnant d\u00e9l\u00e9gation de signature \u00e0 Mme Carole DRUCKER-GODARD, rectrice de la\nr\u00e9gion acad\u00e9mique Occitanie, rectrice de l'acad\u00e9mie de Montpellier, chanceli\u00e8re des universit\u00e9s (comp\u00e9tences pour la mise en\noeuvre des missions de l'Etat dans les champs des sports, de la jeunesse, de l'\u00e9ducation populaire, de l'engagement civique et de la vie\nassociative)\n10\nPREFETDU GARDLibert\u00e9Egalit\u00e9Fraternit\u00e9\nDirection de la citoyennet\u00e9, de la l\u00e9galit\u00e9 et de la coordination\nBureau de la coordination, des politiques publiques \net de l'appui territorial\nArr\u00eat\u00e9 n\u00b0 30-2025-03-25-00003\nportant d\u00e9l\u00e9gation de signature \u00e0 Mme Carole DRUCKER-GODARD, rectrice de la r\u00e9gion \nacad\u00e9mique Occitanie, rectrice de l'acad\u00e9mie de Montpellier, chanceli\u00e8re des universit\u00e9s \n(comp\u00e9tences pour la mise en \u0153uvre des missions de l'Etat dans les champs des sports, de la jeunesse, \nde l'\u00e9ducation populaire, de l'engagement civique et de la vie associative)\nLe pr\u00e9fet du Gard\nChevalier de la L\u00e9gion d'honneur,\nChevalier de l'ordre national du M\u00e9rite \nVu le code des relations entre le public et l'administration, et notamment le second alin\u00e9a de \nson article L.221-2 ;\nVu le code de l'action sociale et des familles ;\nVu le code du sport ;\nVu le code du service national ;\nVu la  loi  n\u00b0  82-213  du  2  mars  1982  relative  aux  droits  et  libert\u00e9s  des  communes,  des \nd\u00e9partements et des r\u00e9gions ;\nVu la loi n\u00b0 83-634 modifi\u00e9e portant droits et obligations des fonctionnaires, ensemble la loi  \nn\u00b0 84-16 du 11 janvier 1984 modifi\u00e9e portant dispositions statutaires relatives \u00e0 la fonction  \npublique d'\u00c9tat ;\nVu la loi n\u00b0 92-125 du 6 f\u00e9vrier 1992 modifi\u00e9e relative \u00e0 l'administration territoriale de la  \nR\u00e9publique ;\nVu la loi n\u00b0 2000-321 du 12 avril 2000 relative aux droits des citoyens dans leurs relations avec  \nles administrations ;\nVu la loi n\u00b0 2004-809 du 13 ao\u00fbt 2004 relative aux libert\u00e9s et responsabilit\u00e9s locales ;\n \nVu la loi n\u00b0 2017-86 du 27 janvier 2017 relative \u00e0 l'\u00e9galit\u00e9 et \u00e0 la citoyennet\u00e9 ;\n \nVu le  d\u00e9cret  n\u00b0  97-34  du  15  janvier  1997  relatif  \u00e0  la  d\u00e9concentration  des  d\u00e9cisions \nadministratives individuelles ;\n \nVu  le  d\u00e9cret  n\u00b0  2004-374  du  29  avril  2004  modifi\u00e9  relatif  aux  pouvoirs  des  pr\u00e9fets,  \u00e0 \nl'organisation et \u00e0 l'action des services de l'\u00c9tat dans les r\u00e9gions et d\u00e9partements ;\nVu le d\u00e9cret n\u00b0 2015-510 du 7 mai 2015 portant charte de la d\u00e9concentration ;\nVu le d\u00e9cret n\u00b0 2008-158 du 22 f\u00e9vrier 2008 relatif \u00e0 la suppl\u00e9ance des pr\u00e9fets de r\u00e9gion et \u00e0  \nla  d\u00e9l\u00e9gation  de  signature  des  pr\u00e9fets  et  des  hauts-commissaires  de  la  R\u00e9publique  en \nPolyn\u00e9sie fran\u00e7aise et en Nouvelle-Cal\u00e9donie ;\nPrefecture du Gard - 30-2025-03-25-00003 - Arr\u00eat\u00e9 donnant d\u00e9l\u00e9gation de signature \u00e0 Mme Carole DRUCKER-GODARD, rectrice de la\nr\u00e9gion acad\u00e9mique Occitanie, rectrice de l'acad\u00e9mie de Montpellier, chanceli\u00e8re des universit\u00e9s (comp\u00e9tences pour la mise en\noeuvre des missions de l'Etat dans les champs des sports, de la jeunesse, de l'\u00e9ducation populaire, de l'engagement civique et de la vie\nassociative)\n11\nVu le d\u00e9cret n\u00b0 2013-1191 du 18 d\u00e9cembre 2013 modifiant le d\u00e9cret n\u00b0 69-942 du 14 octobre  \n1969 modifi\u00e9 relatif aux caract\u00e9ristiques et aux modalit\u00e9s d'attribution de la m\u00e9daille de la  \njeunesse et des sports ;\nVu le d\u00e9cret n\u00b0 2018-460 du 8 juin 2018 relatif au fonds pour le d\u00e9veloppement de la vie  \nassociative ;\nVu le  d\u00e9cret  du  12  mars  2025  portant  nomination  de  Mme  Carole  DRUCKER-GODARD \nrectrice de r\u00e9gion acad\u00e9mique d'Occitanie \u00e0 compter du 26 mars 2025 ; \nVu le  d\u00e9cret  n\u00b0  2020-1542  du  9  d\u00e9cembre  2020  relatif  aux  comp\u00e9tences  des  autorit\u00e9s \nacad\u00e9miques dans le domaine des politiques de la jeunesse, de l'\u00e9ducation populaire, de la  \nvie associative, de l'engagement civique et des sports et \u00e0 l'organisation des services charg\u00e9s  \nde leur mise en \u0153uvre ;\nVu le d\u00e9cret du 13 juillet 2023 nommant M. J\u00e9r\u00f4me BONET, pr\u00e9fet du Gard ;\nVu l'arr\u00eat\u00e9 du 18 d\u00e9cembre 2020 portant organisation de la direction de r\u00e9gion acad\u00e9mique \u00e0 \nla jeunesse, \u00e0 l'engagement et aux sports Occitanie et des services d\u00e9partementaux de la  \njeunesse, de l'engagement et des sports de la r\u00e9gion acad\u00e9mique Occitanie ;\nVu le protocole national conclu entre le minist\u00e8re de l'Int\u00e9rieur et le minist\u00e8re de l'Education \nNationale en date du 15 d\u00e9cembre 2020 ;\nVu  le  protocole  d\u00e9partemental   relatif  \u00e0  l'articulation  des  comp\u00e9tences  pour  la  mise  en \n\u0153uvre des missions de l'Etat dans les champs des sports, de la jeunesse, de l'\u00e9ducation  \npopulaire, de l'engagement civique et de la vie associative conclu  entre le pr\u00e9fet du Gard et  \nla rectrice de r\u00e9gion acad\u00e9mique Occitanie en date du 25 janvier 2021 ;\nVu l'ensemble des codes et textes r\u00e9gissant les mati\u00e8res dans lesquelles est appel\u00e9 \u00e0 s'exercer \nle pouvoir de signature conf\u00e9r\u00e9 \u00e0 la rectrice de la r\u00e9gion acad\u00e9mique Occitanie, rectrice de  \nl'acad\u00e9mie de Montpellier ;\nSur proposition du secr\u00e9taire g\u00e9n\u00e9ral de la pr\u00e9fecture du Gard ;\nARRETE\nArticle 1er : \n1.1 : \nD\u00e9l\u00e9gation est donn\u00e9e \u00e0 Mme Carole DRUCKER-GODARD, rectrice de la r\u00e9gion acad\u00e9mique  \nOccitanie, rectrice de l'acad\u00e9mie de Montpellier, chanceli\u00e8re des universit\u00e9s, \u00e0 l'effet de  \nsigner, au nom du pr\u00e9fet du d\u00e9partement du Gard et dans le cadre des attributions et  \ncomp\u00e9tences du service d\u00e9partemental jeunesse, engagement et sport les actes et d\u00e9cisions  \nsuivants dans le domaine de la jeunesse, de l'engagement, du sport et de la vie associative,  \npour les comp\u00e9tences exerc\u00e9es sous l'autorit\u00e9 fonctionnelle du pr\u00e9fet de d\u00e9partement   : \n- Toutes correspondances administratives courantes dans les mati\u00e8res du pr\u00e9sent article \n- Les courriers d'accus\u00e9s de r\u00e9ception, de consultations r\u00e9glementaires pr\u00e9vues \n- Les d\u00e9cisions et actes administratifs figurant dans la liste \u00e9num\u00e9r\u00e9e ci-dessous. \nPrefecture du Gard - 30-2025-03-25-00003 - Arr\u00eat\u00e9 donnant d\u00e9l\u00e9gation de signature \u00e0 Mme Carole DRUCKER-GODARD, rectrice de la\nr\u00e9gion acad\u00e9mique Occitanie, rectrice de l'acad\u00e9mie de Montpellier, chanceli\u00e8re des universit\u00e9s (comp\u00e9tences pour la mise en\noeuvre des missions de l'Etat dans les champs des sports, de la jeunesse, de l'\u00e9ducation populaire, de l'engagement civique et de la vie\nassociative)\n12\n1.2 : \n* les courriers relatifs aux propositions d'attribution de la m\u00e9daille de la jeunesse, des sports  \net de l'engagement associatif ;\n* les courriers et actes relatifs \u00e0 la gestion de la r\u00e9serve civique ;\n* les courriers et actes relatifs \u00e0 l'agr\u00e9ment des structures d'accueil des volontaires en service  \ncivique,\n* les courriers relatifs aux travaux pr\u00e9paratoires du coll\u00e8ge consultatif d\u00e9partemental du  \nFDVA\n* tout courrier ou acte pr\u00e9vu par le code de l'action sociale et des familles relatif aux accueils  \ncollectifs de mineurs,\n* tout courrier ou acte pr\u00e9vu par le code du sport relatif aux \u00e9tablissements d'activit\u00e9s  \nphysiques et sportives ainsi qu'aux \u00e9ducateurs sportifs ;\n* les demandes d'agr\u00e9ment de groupements sportifs et d'associations sportives non affili\u00e9s \u00e0  \nune f\u00e9d\u00e9ration sportive agr\u00e9\u00e9e ;\n* les courriers relatifs \u00e0 l'instruction des demandes d'homologation des enceintes sportives et  \ndes circuits de vitesse ;\n* les courriers relatifs aux travaux pr\u00e9paratoires aux d\u00e9cisions d'approbation des conventions  \nentre les associations sportives et les soci\u00e9t\u00e9s sportives ;\n*  les  d\u00e9clarations  et  d\u00e9rogations  saisonni\u00e8res  pour  les  titulaires  du  Brevet  National  de \nS\u00e9curit\u00e9 et de Sauvetage Aquatique pour la surveillance des \u00e9tablissements de baignade  \nd'acc\u00e8s payant ;\nArticle 2 : Sont exclus de la d\u00e9l\u00e9gation les actes suivants :\n* la saisine des juridictions\n* les lettres aux membres du gouvernement\n* les lettres aux parlementaires\n* les lettres aux pr\u00e9sidents du conseil r\u00e9gional et du conseil d\u00e9partemental\n*  les  d\u00e9cisions  de  retrait  d'agr\u00e9ment  des  structures  d'accueil  en  service  civique,  des \ngroupements sportifs et d'associations sportives non affili\u00e9s \u00e0 une f\u00e9d\u00e9ration sportive agr\u00e9\u00e9e\n*  les  d\u00e9cisions  d'interdiction,  d'interruption  totale  ou  partielle  des  accueils  collectifs  de \nmineurs  ainsi  que  les  d\u00e9cisions  de  fermeture  temporaire  ou  d\u00e9finitive  des  locaux  dans \nlesquels ces accueils collectifs de mineurs se d\u00e9roulent\n* les mesures d'interdiction temporaire ou permanente d'exercer une fonction particuli\u00e8re ou \nquelque fonction que ce soit aupr\u00e8s des mineurs, ou d'exploiter les locaux les accueillant, ou  \nde participer \u00e0 l'organisation des accueils tels que d\u00e9finis par le 1 er alin\u00e9a de l'article L. 227-10  \ndu code de l'action sociale et des familles.\n* les d\u00e9cisions d'interdiction d'organiser l'accueil de mineurs mentionn\u00e9 \u00e0 l'article L.227-4 du  \ncode de l'action du code de l'action sociale et des familles, apr\u00e8s injonction pr\u00e9alable\n* les d\u00e9cisions d'interdiction d'exercer \u00e0 titre temporaire ou d\u00e9finitif, tout ou partie des  \nfonctions mentionn\u00e9es \u00e0 l'article L. 212-1 du code du sport\n* les injonctions de cesser d'exercer toute ou partie des fonctions mentionn\u00e9es \u00e0 l'article L.  \n212-1 du code du sport\nPrefecture du Gard - 30-2025-03-25-00003 - Arr\u00eat\u00e9 donnant d\u00e9l\u00e9gation de signature \u00e0 Mme Carole DRUCKER-GODARD, rectrice de la\nr\u00e9gion acad\u00e9mique Occitanie, rectrice de l'acad\u00e9mie de Montpellier, chanceli\u00e8re des universit\u00e9s (comp\u00e9tences pour la mise en\noeuvre des missions de l'Etat dans les champs des sports, de la jeunesse, de l'\u00e9ducation populaire, de l'engagement civique et de la vie\nassociative)\n13\n* les d\u00e9cisions de fermeture provisoire ou d\u00e9finitive, totale ou partielle des \u00e9tablissements  \nd'activit\u00e9s physiques et sportives\n* les ordres de r\u00e9quisition du comptable public\n* les d\u00e9cisions de passer outre aux refus de visa de l'autorit\u00e9 charg\u00e9e du contr\u00f4le financier  \nd\u00e9concentr\u00e9 en mati\u00e8re d'engagement des d\u00e9penses\n* les refus d'homologation des circuits motoris\u00e9s, apr\u00e8s consultation de la sous-commission  \nd\u00e9partementale de la s\u00e9curit\u00e9 routi\u00e8re relative aux \u00e9preuves et manifestations sportives. \n*  les arr\u00eat\u00e9s d'homologation des enceintes sportives\n*  l'arr\u00eat\u00e9 portant nomination du d\u00e9l\u00e9gu\u00e9 d\u00e9partemental \u00e0 la vie associative (DDVA) \n*  les notifications de subventions attribu\u00e9es par le fonds pour le d\u00e9veloppement de la vie  \nassociative (FDVA) \nArticle    3   :  En application des dispositions de l'article 44 du d\u00e9cret n\u00b02004-374 du 29 avril  \n2004 modifi\u00e9,  Mme  Carole DRUCKER-GODARD  rectrice de r\u00e9gion acad\u00e9mique Occitanie  \npeut, sous sa responsabilit\u00e9 subd\u00e9l\u00e9guer sa signature au Directeur acad\u00e9mique des services  \nde l'Education nationale et aux agents plac\u00e9s sous l'autorit\u00e9 de ce dernier. \nCette subd\u00e9l\u00e9gation de signature sera prise au nom du pr\u00e9fet du d\u00e9partement du Gard, par  \narr\u00eat\u00e9 qui devra lui \u00eatre transmis et publi\u00e9 au recueil des actes administratifs de la pr\u00e9fecture  \nde d\u00e9partement. \nArticle 4 : L'arr\u00eat\u00e9 pr\u00e9fectoral n\u00b0 30-2023-08-21-00039 du 21 ao\u00fbt 2023 donnant d\u00e9l\u00e9gation  \nde signature \u00e0 Mme Sophie BEJEAN,  rectrice de la r\u00e9gion acad\u00e9mique Occitanie, rectrice de  \nl'acad\u00e9mie de Montpellier, Chanceli\u00e8re des universit\u00e9s. (comp\u00e9tences pour la mise en \u0153uvre  \ndes missions de l'Etat dans les champs des sports, de la jeunesse, de l'\u00e9ducation populaire, de  \nl'engagement civique et de la vie associative) est abrog\u00e9.\nArticle 5 : Le pr\u00e9sent arr\u00eat\u00e9 prend effet \u00e0 compter du 26 mars 2025.\nArticle 6  :  Le secr\u00e9taire g\u00e9n\u00e9ral de la pr\u00e9fecture du d\u00e9partement du Gard et le secr\u00e9taire  \ng\u00e9n\u00e9ral de la r\u00e9gion acad\u00e9mique Occitanie pour la rectrice de r\u00e9gion acad\u00e9mique d'Occitanie \nsont charg\u00e9s, chacun en ce qui le concerne, de l'ex\u00e9cution du pr\u00e9sent arr\u00eat\u00e9 qui sera publi\u00e9  \nau recueil des actes administratifs de la pr\u00e9fecture de d\u00e9partement du Gard. \nN\u00eemes, le 25 mars 2025\nLe pr\u00e9fet,\n          sign\u00e9\n  J\u00e9r\u00f4me BONET\nPrefecture du Gard - 30-2025-03-25-00003 - Arr\u00eat\u00e9 donnant d\u00e9l\u00e9gation de signature \u00e0 Mme Carole DRUCKER-GODARD, rectrice de la\nr\u00e9gion acad\u00e9mique Occitanie, rectrice de l'acad\u00e9mie de Montpellier, chanceli\u00e8re des universit\u00e9s (comp\u00e9tences pour la mise en\noeuvre des missions de l'Etat dans les champs des sports, de la jeunesse, de l'\u00e9ducation populaire, de l'engagement civique et de la vie\nassociative)\n14","date":"2025-03-25","first_seen_on":"2025-03-25T17:10:48+00:00","id":"f4b850f53613fa70bdb85b5f502e0d1ac5ddf044fdb808a644c520cebd90b127","name":"recueil-30-2025-050-special du 25 03 2025","pdf_creation_date":"2025-03-25T16:02:31+00:00","pdf_modification_date":null,"timezone":"CET","url":"https://www.gard.gouv.fr/contenu/telechargement/62685/463900/file/recueil-30-2025-050-special%20du%2025%2003%202025.pdf"}
