{"administration":"pref75","administration_name":"Pr\u00e9fecture de Paris","content":"PREFECTURE\nDE PARIS\nRECUEIL DES ACTES\nADMINISTRATIFS SP\u00c9CIAL\nN\u00b075-2026-062\nPUBLI\u00c9 LE 27 JANVIER 2026\nSommaire\nDirection r\u00e9gionale des affaires culturelles d'Ile-de-France  / Unit\u00e9\nd\u00e9partementale de l'architecture et du patrimoine de Paris\n75-2026-01-23-00022 - Arr\u00eat\u00e9 n\u00b02026-013 autorisant l'abattage d'arbres\nli\u00e9s au d\u00e9ploiement de la s\u00fbret\u00e9 active de la ligne de d\u00e9fense\nLDD1 situ\u00e9e dans le boisement (zone N) en p\u00e9rim\u00e9trie Nord, Est et\nSud de la parcelle - d\u00e9pos\u00e9e par le Minist\u00e8re des Arm\u00e9es -  Site\nclass\u00e9 du Bois de Vincennes - 12\u00e8me arrondissement de Paris. (2 pages) Page 3\n75-2026-01-26-00012 - Arr\u00eat\u00e9 n\u00b02026-014 portant approbation \u00e0 la\nd\u00e9claration pr\u00e9alable de travaux N\u00b0 075 108 26 V0027, d\u00e9pos\u00e9e\npar la Ville de Paris - DEVE, visant des travaux sur le domaine public :\nabattage et replantation de 4 arbres tiges\nsis 1B place de la R\u00e9publique\nDominicaine\nsitu\u00e9s dans le site class\u00e9 du parc Monceau\ndans le\n8\u00e8me arrondissement de Paris (2 pages) Page 6\nDirection r\u00e9gionale et interd\u00e9partementale de l'h\u00e9bergement et du\nlogement-Unit\u00e9 d\u00e9partementale de Paris / Service de l'accueil, de\nl'h\u00e9bergement et de l'insertion\n75-2025-10-14-00008 - Arr\u00eat\u00e9 pr\u00e9cisant la typologie du public accueilli\nau sein du centre d'h\u00e9bergement et de r\u00e9insertion sociale \"AMICALE\nDU NID\" g\u00e9r\u00e9 par l'association \"AMICALE DU NID\" (3 pages) Page 9\nPr\u00e9fecture de Police / Cabinet\n75-2026-01-26-00010 - Arr\u00eat\u00e9 n\u00b0 2026-00119 modifiant l'arr\u00eat\u00e9\nn\u00b02026-00067 du 15 janvier 2026 instituant un p\u00e9rim\u00e8tre au sein\nduquel la pr\u00e9sence de certaines cat\u00e9gories de supporters est\nr\u00e9glement\u00e9e et instaurant certaines mesures de police \u00e0 l'occasion\nde la rencontre de football de Ligue 1 du samedi 31 janvier 2026 entre les\n\u00e9quipes du Paris Football Club et de l'Olympique de Marseille au stade\nJean Bouin \u00e0 Paris (3 pages) Page 13\n75-2026-01-26-00009 - Arr\u00eat\u00e9 n\u00b0 2026-00121 autorisant la captation,\nl'enregistrement et la transmission d'images au moyen de cam\u00e9ras\ninstall\u00e9es sur des a\u00e9ronefs \u00e0 Paris et en Seine-Saint-Denis (93) les 27 et\n29 janvier 2026\n (5 pages) Page 17\n75-2026-01-26-00011 - Arr\u00eat\u00e9 n\u00b02026-00120 modifiant l'arr\u00eat\u00e9\nn\u00b0 2026-00068 du 15 janvier 2026 instituant un p\u00e9rim\u00e8tre au sein\nduquel la pr\u00e9sence de certaines cat\u00e9gories de supporters est\nr\u00e9glement\u00e9e et instaurant certaines mesures de police \u00e0 l'occasion\nde la rencontre de football de Ligue 1 du dimanche 8 f\u00e9vrier 2026 entre\nles \u00e9quipes du Paris Saint-Germain et de l'Olympique de Marseille au\nParc des Princes\n (3 pages) Page 23\n2\nDirection r\u00e9gionale des affaires culturelles\nd'Ile-de-France \n75-2026-01-23-00022\nArr\u00eat\u00e9 n\u00b02026-013 autorisant l'abattage d'arbres\nli\u00e9s au d\u00e9ploiement de la s\u00fbret\u00e9 active de la ligne\nde d\u00e9fense LDD1 situ\u00e9e dans le boisement (zone\nN) en p\u00e9rim\u00e9trie Nord, Est et Sud de la parcelle -\nd\u00e9pos\u00e9e par le Minist\u00e8re des Arm\u00e9es -  Site\nclass\u00e9 du Bois de Vincennes - 12\u00e8me\narrondissement de Paris.\nDirection r\u00e9gionale des affaires culturelles d'Ile-de-France  - 75-2026-01-23-00022 - Arr\u00eat\u00e9 n\u00b02026-013 autorisant l'abattage d'arbres\nli\u00e9s au d\u00e9ploiement de la s\u00fbret\u00e9 active de la ligne de d\u00e9fense LDD1 situ\u00e9e dans le boisement (zone N) en p\u00e9rim\u00e9trie Nord, Est et Sud\nde la parcelle - d\u00e9pos\u00e9e par le Minist\u00e8re des Arm\u00e9es -  Site class\u00e9 du Bois de Vincennes - 12\u00e8me arrondissement de Paris.\n3\nEiPREFET \u00a9DE LA REGIOND'ILE-DE-FRANCE\nFraternit\u00e9\n \n \n \n Direction r\u00e9gionale des affaires culturelles d'\u00cele-de-France  \n                                     Unit\u00e9 d\u00e9partementale de l'architecture  \n                                                                 et du patrimoine de Paris \n \n \n \n \n \nPR\u00c9FET DE LA R\u00c9GION D'\u00ceLE-DE-FRANCE  \nPR\u00c9FET DE PARIS  \nCOMMANDEUR DE LA L\u00c9GION D'HONNEUR  \nOFFICIER DE L'ORDRE NATIONAL DU M\u00c9RITE  \n  \n \nARR\u00caT\u00c9 N\u00b0 2026 \u2013 013 \n \n \n \nPortant approbation des \u00e9l\u00e9ments compl\u00e9mentaires et modificatifs \u00e0 l'autorisation sp\u00e9ciale de travaux N\u00b0 075 112 24 P0006, \nd\u00e9pos\u00e9e par le Minist\u00e8re des Arm\u00e9es, relatifs aux abattages d'arbres strictement li\u00e9s au d\u00e9ploiement de la s\u00fbret\u00e9 active de la \nligne de d\u00e9fense LDD1 situ\u00e9e dans le boisement (zone N) en p\u00e9rim\u00e9trie Nord, Est et Sud de la parcelle, le tout sur une longueur \nde 1800 m\u00e8tres, sur un terrain sis 2 \u00e0 10 cours des Mar\u00e9chaux dans le site class\u00e9 du Bois de Vincennes dans le 12\u00e8me \narrondissement de Paris. \n \n \nVu le code de l'environnement et notamment ses articles L. 122-1, L.1224-4, L123-19-8, L341- 10, R.122-7, R.122-21 et \nR.122-27 ;\n \n \nVu le code de l'urbanisme et notamment son article R. 421-8 ;\n \n \nVu le code du patrimoine et notamment son article L 621-32 ;\n \n \nVu le code de l'environnement et notamment ses articles L 341-10 et R 341-10 ;\n \n \nVu le code de la D\u00e9fense et notamment son article L 2391-1 ;\n \n \nVu la demande d'autorisation sp\u00e9ciale de travaux (AS) N\u00b0075 112 24 P0006, d\u00e9pos\u00e9e par le Minist\u00e8re des Arm\u00e9es, \napprouv\u00e9e par les arr\u00eat\u00e9s du Pr\u00e9fet de la r\u00e9gion d'\u00cele-de-France N\u00b02025-75-2025-07-16-00001 du 16 juillet 2025 et \nN\u00b02025-75-2025-08-16-00009 du 1 \ner  ao\u00fbt 2025 et notamment ses articles 9 et 10 ; \n \nVu la transmission, effectu\u00e9e le 26 d\u00e9cembre 2025 par le Minist\u00e8re des Arm\u00e9es, des \u00e9l\u00e9ments compl\u00e9mentaires et \nmodificatifs \u00e0 l'AS susvis\u00e9e N\u00b0075 112 24 P0006, relatifs aux abattages d'arbres strictement li\u00e9s au d\u00e9ploiement de \nla s\u00fbret\u00e9 active de la ligne de d\u00e9fense LDD1 situ\u00e9e dans le boisement (zone N) en p\u00e9rim\u00e9trie Nord, Est et Sud de \nla parcelle, le tout sur une longueur de 1800 m\u00e8tres ; \n \nVu l'avis de l'Architecte des B\u00e2timents de France en date du 22 janvier 2026 ; \n \n \n \n \n \n \n \nDirection r\u00e9gionale des affaires culturelles d'Ile-de-France  - 75-2026-01-23-00022 - Arr\u00eat\u00e9 n\u00b02026-013 autorisant l'abattage d'arbres\nli\u00e9s au d\u00e9ploiement de la s\u00fbret\u00e9 active de la ligne de d\u00e9fense LDD1 situ\u00e9e dans le boisement (zone N) en p\u00e9rim\u00e9trie Nord, Est et Sud\nde la parcelle - d\u00e9pos\u00e9e par le Minist\u00e8re des Arm\u00e9es -  Site class\u00e9 du Bois de Vincennes - 12\u00e8me arrondissement de Paris.\n4\n \n \nARR\u00caTE  \n \n \nARTICLE 1 \ner  :  \nLes travaux li\u00e9s aux \u00e9l\u00e9ments compl\u00e9mentaires et modificatifs \u00e0 l'AS N\u00b0 075 112 24 P0006, d\u00e9pos\u00e9s par le Minist\u00e8re \ndes Arm\u00e9es en date du 26 d\u00e9cembre 2025, relatifs aux abattages d'arbres strictement li\u00e9s au d\u00e9ploiement de la \ns\u00fbret\u00e9 active de la ligne de d\u00e9fense LDD1 situ\u00e9e dans le boisement (zone N) en p\u00e9rim\u00e9trie Nord, Est et Sud de la \nparcelle, le tout sur une longueur de 1800 m\u00e8tres, sont autoris\u00e9s.  \n \nARTICLE 2  :  \nPendant la phase des travaux, des protections ad\u00e9quates devront \u00eatre mise en \u0153uvre autour des arbres situ\u00e9s \u00e0 \nproximit\u00e9 imm\u00e9diate des secteurs int\u00e9ress\u00e9s par les op\u00e9rations : protection des troncs et des syst\u00e8mes racinaires \npar une neutralisation d'espace en surface sans circulation d'engins et sans stockage au pied des arbres. \n \nARTICLE 12  :  \nLe pr\u00e9fet de Paris, pr\u00e9fet de la r\u00e9gion d'\u00cele-de-France est charg\u00e9 de l'ex\u00e9cution du pr\u00e9sent arr\u00eat\u00e9 qui sera publi\u00e9 au \nrecueil des actes administratifs de la pr\u00e9fecture de la r\u00e9gion d'\u00cele-de-France. \n \n \n \n \nFait \u00e0 Paris, le 23 janvier 2026 \n \nSign\u00e9 \n \nLe Pr\u00e9fet de la R\u00e9gion d'\u00cele-de-France \nPr\u00e9fet de Paris \n \nMarc GUILLAUME \n \n \n \n \n \n \n \n \n \nInformations importantes \n \n\u2022 Le pr\u00e9sent arr\u00eat\u00e9 est d\u00e9livr\u00e9 sans pr\u00e9judice du droit des tiers (obligations contractuelles, servitudes \nde droit priv\u00e9, etc.)  \n\u2022 D\u00e9lais et voies de recours  : le titulaire de la pr\u00e9sente d\u00e9cision ou les tiers qui d\u00e9sirent contester le \npr\u00e9sent arr\u00eat\u00e9, peuvent saisir le tribunal administratif de Paris, d'un recours contentieux dans les 2 \nmois \u00e0 partir respectivement de sa notification ou de sa publication au recueil des actes administratifs \nde la pr\u00e9fecture de r\u00e9gion d'\u00cele-de-France. Ils peuvent \u00e9galement saisir le pr\u00e9fet d'un recours gracieux \ndans ce m\u00eame d\u00e9lai de 2 mois. Cette derni\u00e8re d\u00e9marche prolonge le d\u00e9lai du recours contentieux \ndevant le tribunal administratif de Paris qui doit, alors, \u00eatre introduit dans les 2 mois suivant la r\u00e9ponse \ndu pr\u00e9fet (l'absence de r\u00e9ponse expresse au terme d'un d\u00e9lai de 2 mois suivant le recours gracieux \nvaut rejet implicite).  \n \n \n \n \n \nDirection r\u00e9gionale des affaires culturelles d'Ile-de-France  - 75-2026-01-23-00022 - Arr\u00eat\u00e9 n\u00b02026-013 autorisant l'abattage d'arbres\nli\u00e9s au d\u00e9ploiement de la s\u00fbret\u00e9 active de la ligne de d\u00e9fense LDD1 situ\u00e9e dans le boisement (zone N) en p\u00e9rim\u00e9trie Nord, Est et Sud\nde la parcelle - d\u00e9pos\u00e9e par le Minist\u00e8re des Arm\u00e9es -  Site class\u00e9 du Bois de Vincennes - 12\u00e8me arrondissement de Paris.\n5\nDirection r\u00e9gionale des affaires culturelles\nd'Ile-de-France \n75-2026-01-26-00012\nArr\u00eat\u00e9 n\u00b02026-014 portant approbation \u00e0 la\nd\u00e9claration pr\u00e9alable de travaux N\u00b0 075 108 26\nV0027, d\u00e9pos\u00e9e par la Ville de Paris - DEVE,\nvisant des travaux sur le domaine public :\nabattage et replantation de 4 arbres tiges\nsis 1B place de la R\u00e9publique Dominicaine\nsitu\u00e9s dans le site class\u00e9 du parc Monceau\ndans le 8\u00e8me arrondissement de Paris\nDirection r\u00e9gionale des affaires culturelles d'Ile-de-France  - 75-2026-01-26-00012 - Arr\u00eat\u00e9 n\u00b02026-014 portant approbation \u00e0 la\nd\u00e9claration pr\u00e9alable de travaux N\u00b0 075 108 26 V0027, d\u00e9pos\u00e9e par la Ville de Paris - DEVE, visant des travaux sur le domaine public :\nabattage et replantation de 4 arbres tiges\nsis 1B place de la R\u00e9publique Dominicaine\nsitu\u00e9s dans le site class\u00e9 du parc Monceau\ndans le 8\u00e8me arrondissement de Paris\n6\nE 3PR\u00c9FET .DE LA R\u00c9GIOND'\u00ceLE-DE-FRANCELibert\u00e9Egalit\u00e9Fraternit\u00e9\n \n \n47, rue Le Peletier \u2013 75009 PARIS \nT\u00e9l. : 01.56.06.50.00 \n1 \n   Direction r\u00e9gionale \n                  des affaires culturelles \n                  d'\u00cele-de-France \n \n \n \n       Unit\u00e9 d\u00e9partementale de l'architecture  \n                                    et du patrimoine de Paris \n \nPR\u00c9FET DE LA REGION D'\u00ceLE DE FRANCE \n                            PR\u00c9FET DE PARIS \n                                 COMMANDEUR DE LA L\u00c9GION D'HONNEUR \n                                 OFFICIER DE L'ORDRE NATIONAL DU M\u00c9RITE  \n \nARR\u00caT\u00c9 N\u00b0 2026 - 014 \n \nPortant approbation \u00e0 la d\u00e9claration pr\u00e9alable de travaux N\u00b0 075 108 26 V0027,  \nd\u00e9pos\u00e9e par la Ville de Paris - DEVE, visant des travaux sur le domaine public : abattage et replantation de 4 arbres tiges \nsis 1B place de la R\u00e9publique Dominicaine  \nsitu\u00e9s dans le site class\u00e9 du parc Monceau  \ndans le 8\u00e8me  arrondissement de Paris \n \nVu le code de l'environnement et notamment ses articles L. 341-7 et L. 341-10  ; \n \nVu le code de l'urbanisme et notamment ses articles R. 421-7 \u00e0 R. 421-12  ; \n \nVu l'arr\u00eat\u00e9 n\u00b02025-084 \u2013 75-2025-10-13-00042 du 13/10/2025 de Monsieur Edward de Lumley, Directeur R\u00e9gional des Affaires \nculturelles d'\u00cele-de-France (DRAC), portant subd\u00e9l\u00e9gation de signature \u00e0 Monsieur Fr\u00e9d\u00e9ric Masviel, chef de l'unit\u00e9 \nd\u00e9partementale de l'architecture et du patrimoine de Paris, en mati\u00e8re d'espaces prot\u00e9g\u00e9s, articles R.341-10 et 11 du code \nde l'environnement  ; \n \nVu la d\u00e9claration pr\u00e9alable de travaux (DP) N\u00b0 075 108 26 V0027, d\u00e9pos\u00e9e par la Ville de Paris - DEVE, visant des travaux sur \nle domaine public  : abattage et replantation de 4 arbres tiges  ; sis 1B place de la R\u00e9publique Dominicaine situ\u00e9s dans le site \nclass\u00e9 du parc Monceau dans le 8\n\u00e8me  arrondissement de Paris ; \n \nVu la transmission de la DP N\u00b0 075 108 26 V0027, visant des travaux sur le domaine public  : abattage et replantation de 4 \narbres tiges ; sis 1B place de la R\u00e9publique Dominicaine situ\u00e9s dans le site class\u00e9 du parc Monceau dans le 8\n\u00e8me  arrondissement \nde Paris par la Direction de l'Urbanisme de la Ville de Paris en date du 20/01/2026; \n \nVu l'avis favorable de l'architecte des b\u00e2timents de France en date du 21/01/2026. \n \nARR\u00caTE \nARTICLE 1 \ner  : Les travaux li\u00e9s \u00e0 la DP N\u00b0 075 108 26 V0027, d\u00e9pos\u00e9e par la Ville de Paris - DEVE, visant des travaux sur le \ndomaine public  : abattage et replantation de 4 arbres tiges  ; sis 1B place de la R\u00e9publique Dominicaine, situ\u00e9s dans le site \nclass\u00e9 du parc Monceau dans le 8\u00e8me  arrondissement de Paris sont autoris\u00e9s. \n \nARTICLE 2 : Le pr\u00e9fet de Paris, pr\u00e9fet de la r\u00e9gion d'\u00cele de France et le Chef de l'Unit\u00e9 D\u00e9partementale de l'Architecture et \ndu Patrimoine de Paris sont charg\u00e9s, chacun en ce qui le concerne, de l'ex\u00e9cution du pr\u00e9sent arr\u00eat\u00e9 qui sera publi\u00e9 au recueil \ndes actes administratifs de la pr\u00e9fecture de r\u00e9gion d'\u00cele-de-France.  \n \n \nFait \u00e0 Paris, le 26 janvier 2026 \n \nPour le Pr\u00e9fet de la R\u00e9gion d'\u00cele-de-France,  \nPr\u00e9fet de Paris \net par subd\u00e9l\u00e9gation, \nle Chef de l'unit\u00e9 d\u00e9partementale \nde l'architecture et du patrimoine de Paris \n \nSign\u00e9 \n \nFr\u00e9d\u00e9ric MASVIEL \nDirection r\u00e9gionale des affaires culturelles d'Ile-de-France  - 75-2026-01-26-00012 - Arr\u00eat\u00e9 n\u00b02026-014 portant approbation \u00e0 la\nd\u00e9claration pr\u00e9alable de travaux N\u00b0 075 108 26 V0027, d\u00e9pos\u00e9e par la Ville de Paris - DEVE, visant des travaux sur le domaine public :\nabattage et replantation de 4 arbres tiges\nsis 1B place de la R\u00e9publique Dominicaine\nsitu\u00e9s dans le site class\u00e9 du parc Monceau\ndans le 8\u00e8me arrondissement de Paris\n7\n \n \n47, rue Le Peletier \u2013 75009 PARIS \nT\u00e9l. : 01.56.06.50.00 \n2 \n \nInformations importantes \n\u2022 Le pr\u00e9sent arr\u00eat\u00e9 est d\u00e9livr\u00e9 sans pr\u00e9judice du droit des tiers (obligations contractuelles, servitudes de droit priv\u00e9, \netc\u2026) \n\u2022 L'autorisation est sous r\u00e9serve de l'obtention de l'accord du propri\u00e9taire de l'immeuble. \n\u2022 Recours  : le titulaire de la pr\u00e9sente d\u00e9cision, qui d\u00e9sire la contester, peut saisir le tribunal administratif comp\u00e9tent, \nd'un recours contentieux dans les 2 mois \u00e0 partir de la notification de l'arr\u00eat\u00e9 attaqu\u00e9. Il peut \u00e9galement saisir le pr\u00e9fet \nd'un recours gracieux. Cette derni\u00e8re d\u00e9marche prolonge le d\u00e9lai du recours contentieux qui doit, alors, \u00eatre introduit dans \nles 2 mois suivant la r\u00e9ponse (l'absence de r\u00e9ponse au terme d'un d\u00e9lai de 4 mois vaut rejet implicite). \n \n \n \n \n \n \n \n \n \n \nDirection r\u00e9gionale des affaires culturelles d'Ile-de-France  - 75-2026-01-26-00012 - Arr\u00eat\u00e9 n\u00b02026-014 portant approbation \u00e0 la\nd\u00e9claration pr\u00e9alable de travaux N\u00b0 075 108 26 V0027, d\u00e9pos\u00e9e par la Ville de Paris - DEVE, visant des travaux sur le domaine public :\nabattage et replantation de 4 arbres tiges\nsis 1B place de la R\u00e9publique Dominicaine\nsitu\u00e9s dans le site class\u00e9 du parc Monceau\ndans le 8\u00e8me arrondissement de Paris\n8\nDirection r\u00e9gionale et interd\u00e9partementale de\nl'h\u00e9bergement et du logement-Unit\u00e9\nd\u00e9partementale de Paris\n75-2025-10-14-00008\nArr\u00eat\u00e9 pr\u00e9cisant la typologie du public accueilli\nau sein du centre d'h\u00e9bergement et de\nr\u00e9insertion sociale \"AMICALE DU NID\" g\u00e9r\u00e9 par\nl'association \"AMICALE DU NID\"\nDirection r\u00e9gionale et interd\u00e9partementale de l'h\u00e9bergement et du logement-Unit\u00e9 d\u00e9partementale de Paris - 75-2025-10-14-00008 -\nArr\u00eat\u00e9 pr\u00e9cisant la typologie du public accueilli au sein du centre d'h\u00e9bergement et de r\u00e9insertion sociale \"AMICALE DU NID\" g\u00e9r\u00e9\npar l'association \"AMICALE DU NID\"\n9\nDirection r\u00e9gionaleet interd\u00e9partementalede I''H\u00e9bergementet du Logement\nDrihlUNITE DEPARTEMENTALEPARTIS\nDirection R\u00e9gionale et Interd\u00e9partementale\nde l'H\u00e9bergement et du Logement (DRIHL)\nUnit\u00e9 D\u00e9partementale de Paris\nARR\u00caT\u00c9 N\u00b0\nPr\u00e9cisant la typologie du public accueilli au sein du centre d'h\u00e9bergement et\nde r\u00e9insertion sociale \u00ab AMICALE DU NID \u00bb g\u00e9r\u00e9 par l'association \u00ab AMICALE\nDU NID \u00bb\nVu le code de l'action sociale et des familles et nota mment, dans sa partie l\u00e9gislative, l'article\nL312-1, les articles L.313-1 \u00e0 L.313-9, l'article L 313-11-2 et l'article L345-1 et, dans sa\npartie r\u00e9glementaire, les articles R.313-1 \u00e0 R.313-10 ;\nVu la loi n\u00b0 2018-1021 du 23 novembre 2018 portant \u00e9vo lution du logement, de l'am\u00e9nagement\net du num\u00e9rique et notamment son article 125 ;\nVu le d\u00e9cret du 22 juillet 2020 portant nomination de Monsieur Marc GUILLAUME, pr\u00e9fet de\nla r\u00e9gion d'IIe-de-France, pr\u00e9fet de Paris ;\nVu le d\u00e9cret du 8 janvier 2025 portant nomination de M onsieur Baptiste ROLLAND, pr\u00e9fet,\ndirecteur de cabinet du pr\u00e9fet de la r\u00e9gion Ile-de-France, pr\u00e9fet de Paris ;\nVu l'arr\u00eat\u00e9  n\u00b0IDF-2025-02-2020-00005  portant  d\u00e9l\u00e9gation  de  signature  aux  agents  de  la\npr\u00e9fecture de r\u00e9gion d'\u00cele-de-France, pr\u00e9fecture de Paris exer\u00e7ant les attributions relevant du\npr\u00e9fet, directeur de cabinet de la pr\u00e9fecture de la r\u00e9gion d'Ile-de-France, pr\u00e9fecture de Paris ;\nVu le plan d\u00e9partemental d'action pour le logement et l'h\u00e9bergement des personnes d\u00e9favoris\u00e9es\ndu d\u00e9partement de Paris 2022-2028 ;\nVu l'arr\u00eat\u00e9 du 25 octobre 2019 fixant le contenu du ca hier des charges du contrat pluriannuel\nd'objectifs et de moyens pr\u00e9vu \u00e0 l'article L. 313-1 1-2 du code de l'action sociale et des\nfamilles pour les \u00e9tablissements mentionn\u00e9s \u00e0 l'article L. 345-1 du m\u00eame code ;  \nVu l'arr\u00eat\u00e9 pr\u00e9fectoral n\u00b02007-33-3 du 02 f\u00e9vrier 2007 autorisant la cr\u00e9ation du CHRS pour une\ncapacit\u00e9 de 148 places \u00e0 l'association AMICALE DU NID ;\nDirection r\u00e9gionale et interd\u00e9partementale de l'h\u00e9bergement et du logement-Unit\u00e9 d\u00e9partementale de Paris - 75-2025-10-14-00008 -\nArr\u00eat\u00e9 pr\u00e9cisant la typologie du public accueilli au sein du centre d'h\u00e9bergement et de r\u00e9insertion sociale \"AMICALE DU NID\" g\u00e9r\u00e9\npar l'association \"AMICALE DU NID\"\n10\nVu l'arr\u00eat\u00e9 pr\u00e9fectoral n\u00b075-2022-01-19-00012 du 19 ja nvier 2022 portant renouvellement de\nl'autorisation  du  centre  d'h\u00e9bergement  et  de r\u00e9insertion  sociale  de  148  places  g\u00e9r\u00e9  par\nl'association \u00ab AMICALE DU NID \u00bb ; \nVu l'instruction du 8 avril 2024 relative \u00e0 la campagn e budg\u00e9taire des centres d'h\u00e9bergement et\nde r\u00e9insertion sociale (CHRS) pour l'ann\u00e9e 2024 ;\nVu le contrat pluriannuel d'objectifs et de moyens ent re l'association AMICALE DU NID et\nl'Etat pour la p\u00e9riode 2022-2026 sign\u00e9 le 24 d\u00e9cembre 2021 ;\nConsid\u00e9rant l'expertise de l'association  AMICALE DU NID dans l' accompagnement d'un\npublic sp\u00e9cifique, notamment celui des personnes en situation de prostitution ;\nARR\u00caTE\nArticle 1\nL'autorisation d\u00e9livr\u00e9e \u00e0 l'\u00e9tablissement \u00ab AMICALE  DU NID \u00bb, situ\u00e9 au 21 rue du Ch\u00e2teau d'eau\n75010 Paris en tant que centre d'h\u00e9bergement et de r\u00e9insertion sociale reste inchang\u00e9e pour une dur\u00e9e\nde 15 ans \u00e0 compter du 19 janvier 2022.\nArticle 2\nLa capacit\u00e9 totale du CHRS est inchang\u00e9e. Elle est fix\u00e9e \u00e0 148 places, r\u00e9partie comme suit :\n- 62 places avec h\u00e9bergement ;\n- 86 places hors les murs (sans h\u00e9bergement).\nArticle 3\nLa  typologie  du  public  accueilli  au  sein  du  CHRS  correspond  \u00e0  des  personnes  en  situation  de\nprostitution.\nArticle 4\nTout  changement  important  dans  l'activit\u00e9,  l'instal lation,  l'organisation,  la  direction  ou  le\nfonctionnement de l'\u00e9tablissement doit \u00eatre port\u00e9 \u00e0 la connaissance des services de l'\u00c9tat comp\u00e9tent.\nArticle 5\nCette  structure  est  r\u00e9pertori\u00e9e  dans  le  Fichier  National  des  Etablissements  Sanitaires  et  Sociaux\n(FINESS) de la fa\u00e7on suivante :\nDirection r\u00e9gionale et interd\u00e9partementale de l'h\u00e9bergement et du logement-Unit\u00e9 d\u00e9partementale de Paris - 75-2025-10-14-00008 -\nArr\u00eat\u00e9 pr\u00e9cisant la typologie du public accueilli au sein du centre d'h\u00e9bergement et de r\u00e9insertion sociale \"AMICALE DU NID\" g\u00e9r\u00e9\npar l'association \"AMICALE DU NID\"\n11\nN\u00b0 FINESS de l'\u00e9tablissement : 750034548\nN\u00b0 FINESS du gestionnaire : 750045395\nArticle 6 :\nUn recours contre le pr\u00e9sent arr\u00eat\u00e9 peut \u00eatre form\u00e9  devant le tribunal administratif comp\u00e9tent dans un\nd\u00e9lai de deux mois \u00e0 compter de sa notification.\n Article 7 :\nLe Pr\u00e9fet de la r\u00e9gion d'\u00cele-de-France, Pr\u00e9fet de Paris et le Directeur r\u00e9gional et interd\u00e9partemental de\nl'h\u00e9bergement  et  du  logement  d'\u00cele-de-France  sont  charg\u00e9s,  chacun  en  ce  qui  le  concerne,  de\nl'ex\u00e9cution du pr\u00e9sent arr\u00eat\u00e9 qui sera publi\u00e9 au re cueil des actes administratifs de la pr\u00e9fecture de la\nr\u00e9gion d'\u00cele-de-France, pr\u00e9fecture de Paris.\n             Fait \u00e0 Paris le 14 octobre 2025, \nLe Pr\u00e9fet de la r\u00e9gion \u00cele-de-France, \n              Pr\u00e9fet de Paris, \n   Sign\u00e9 \n   Marc Guillaume \nDirection r\u00e9gionale et interd\u00e9partementale de l'h\u00e9bergement et du logement-Unit\u00e9 d\u00e9partementale de Paris - 75-2025-10-14-00008 -\nArr\u00eat\u00e9 pr\u00e9cisant la typologie du public accueilli au sein du centre d'h\u00e9bergement et de r\u00e9insertion sociale \"AMICALE DU NID\" g\u00e9r\u00e9\npar l'association \"AMICALE DU NID\"\n12\nPr\u00e9fecture de Police\n75-2026-01-26-00010\nArr\u00eat\u00e9 n\u00b0 2026-00119 modifiant l'arr\u00eat\u00e9\nn\u00b02026-00067 du 15 janvier 2026 instituant un\np\u00e9rim\u00e8tre au sein duquel la pr\u00e9sence de\ncertaines cat\u00e9gories de supporters est\nr\u00e9glement\u00e9e et instaurant certaines mesures de\npolice \u00e0 l'occasion de la rencontre de football de\nLigue 1 du samedi 31 janvier 2026 entre les\n\u00e9quipes du Paris Football Club et de l'Olympique\nde Marseille au stade Jean Bouin \u00e0 Paris\nPr\u00e9fecture de Police - 75-2026-01-26-00010 - Arr\u00eat\u00e9 n\u00b0 2026-00119 modifiant l'arr\u00eat\u00e9 n\u00b02026-00067 du 15 janvier 2026 instituant un\np\u00e9rim\u00e8tre au sein duquel la pr\u00e9sence de certaines cat\u00e9gories de supporters est r\u00e9glement\u00e9e et instaurant certaines mesures de police\n\u00e0 l'occasion de la rencontre de football de Ligue 1 du samedi 31 janvier 2026 entre les \u00e9quipes du Paris Football Club et de\nl'Olympique de Marseille au stade Jean Bouin \u00e0 Paris\n13\nPREFECTURE qp PREFETDE POLICE DES HAUTS-DE-SEINEpur Libert\u00e9Fa \u00c9galit\u00e9Fraternit\u00e9\n \n \n \n \nArr\u00eat\u00e9 n\u00b02026-00119 \nmodifiant l'arr\u00eat\u00e9 n\u00b02026-00067 du 15 janvier 2026 instituant un p\u00e9rim\u00e8tre au sein duquel \nla pr\u00e9sence de certaines cat\u00e9gories de supporters est r\u00e9glement\u00e9e et instaurant certaines \nmesures de police \u00e0 l'occasion de la rencontre de football de Ligue 1 du samedi 31 janvier \n2026 entre les \u00e9quipes du Paris Football Club et de l'Olympique de Marseille au stade Jean \nBouin \u00e0 Paris  \n \n \nLe pr\u00e9fet de police et le pr\u00e9fet des Hauts-de-Seine, \n \nVu l'arr\u00eat\u00e9 n\u00b02026-00067 instituant un p\u00e9rim\u00e8tre au sein duquel la pr\u00e9sence de certaines cat\u00e9gories de \nsupporters est r\u00e9glement\u00e9e et instaurant certaines mesures de police \u00e0 l'occasion de la rencontre de football \nde Ligue 1 du samedi 31 janvier 2026 entre les \u00e9qui pes du Paris Football Club et de l'Olympique de Mar seille \nau stade Jean Bouin \u00e0 Paris ; \n \nVu le d\u00e9cret du 22 octobre 2025 par lequel M. Patrice FAURE, administrateur de l'\u00c9tat du \ntroisi\u00e8me grade, directeur de cabinet du Pr\u00e9sident de la R\u00e9publique, est nomm\u00e9 pr\u00e9fet de \npolice (groupe I), \u00e0 compter du 23 octobre 2025  ; \n \nVu le d\u00e9cret du 31 octobre 2024 par lequel M. Alexandre BRUGERE, pr\u00e9fet, est nomm\u00e9 pr\u00e9fet \ndes Hauts-de-Seine  ; \n \nARR\u00caTE  : \n \nArticle 1 \u2013 L'article 3 de l'arr\u00eat\u00e9 n\u00b02026-00067 susvis\u00e9 est supprim\u00e9.  \n \nArticle 2 \u2013 Le pr\u00e9fet des Hauts-de-Seine, le directeur de l'ordre public et de la circulation et \nle directeur de la s\u00e9curit\u00e9 de proximit\u00e9 de l'agglom\u00e9ration parisienne sont charg\u00e9s, chacun \nen ce qui le concerne, de l'ex\u00e9cution du pr\u00e9sent arr\u00eat\u00e9 qui entrera en vigueur d\u00e8s son \naffichage aux portes de la pr\u00e9fecture de police, sera publi\u00e9 aux recueils des actes \nadministratifs du d\u00e9partement de Paris et de la pr\u00e9fecture des Hauts-de-Seine, et consultable \nsur le site internet de la pr\u00e9fecture de police \n(\nhttps://www.prefecturedepolice.interieur.gouv.fr ). \n \n \nFait \u00e0 Paris, le 26 janvier 2026    Fait \u00e0 Nanterre , le 26 janvier 2026  \n                                                                                       \nSIGNE                                                                                                                    SIGNE \nPour Le pr\u00e9fet de police                                                                      Le pr\u00e9fet des Hauts-de-Seine  \nLe sous-pr\u00e9fet, directeur adjoint du cabinet  \nCharles BARBIER                                                                                        Alexandre BRUGERE  \n \n \n \nPr\u00e9fecture de Police - 75-2026-01-26-00010 - Arr\u00eat\u00e9 n\u00b0 2026-00119 modifiant l'arr\u00eat\u00e9 n\u00b02026-00067 du 15 janvier 2026 instituant un\np\u00e9rim\u00e8tre au sein duquel la pr\u00e9sence de certaines cat\u00e9gories de supporters est r\u00e9glement\u00e9e et instaurant certaines mesures de police\n\u00e0 l'occasion de la rencontre de football de Ligue 1 du samedi 31 janvier 2026 entre les \u00e9quipes du Paris Football Club et de\nl'Olympique de Marseille au stade Jean Bouin \u00e0 Paris\n14\n \n \n                                                                                                                                                                            2 \n \n \nPr\u00e9fecture de Police - 75-2026-01-26-00010 - Arr\u00eat\u00e9 n\u00b0 2026-00119 modifiant l'arr\u00eat\u00e9 n\u00b02026-00067 du 15 janvier 2026 instituant un\np\u00e9rim\u00e8tre au sein duquel la pr\u00e9sence de certaines cat\u00e9gories de supporters est r\u00e9glement\u00e9e et instaurant certaines mesures de police\n\u00e0 l'occasion de la rencontre de football de Ligue 1 du samedi 31 janvier 2026 entre les \u00e9quipes du Paris Football Club et de\nl'Olympique de Marseille au stade Jean Bouin \u00e0 Paris\n15\n \n \n                                                                                                                                                                            3 \n \nAnnexe de l'arr\u00eat\u00e9 n\u00b02026-00119 du 26 janvier 2026  \n \n \n \nVOIES ET DELAIS DE RECOURS \n_______________________ \n \n \n \nSi vous estimez devoir contester le pr\u00e9sent arr\u00eat\u00e9, il vous est possible, dans un \nd\u00e9lai de deux mois \u00e0 compter de la date de sa publication au recueil des actes administratifs \ndu d\u00e9partement de Paris  : \n \n \n- soit de saisir d'un RECOURS GRACIEUX \nle Pr\u00e9fet de Police \n7/9, boulevard du Palais - 75195 PARIS RP \n \n- ou de former un RECOURS HIERARCHIQUE \n  aupr\u00e8s du Ministre de l'int\u00e9rieur  \n  Direction des libert\u00e9s publiques et des affaires juridiques  \n  place Beauvau - 75008 PARIS  \n \n- soit de saisir d'un RECOURS CONTENTIEUX \nle Tribunal administratif comp\u00e9tent \n \n \nAucune de ces voies et recours ne suspend l'application de la pr\u00e9sente d\u00e9cision. \n \nLes recours GRACIEUX et HIERARCHIQUE doivent \u00eatre \u00e9crits, exposer les \narguments ou faits nouveaux et comprendre la copie de l'arr\u00eat\u00e9 contest\u00e9. \n \nLe recours CONTENTIEUX, qui vise \u00e0 contester la LEGALITE de la pr\u00e9sente \nd\u00e9cision, doit \u00e9galement \u00eatre \u00e9crit et exposer votre argumentation juridique. \n \nSi vous n'aviez pas de r\u00e9ponse \u00e0 votre recours GRACIEUX ou HIERARCHIQUE dans \nun d\u00e9lai de deux mois \u00e0 compter de la r\u00e9ception de votre recours par l'administration, votre \ndemande devra \u00eatre consid\u00e9r\u00e9e comme rejet\u00e9e (d\u00e9cision implicite de rejet). \n \nEn cas de rejet des recours GRACIEUX ou HIERARCHIQU E, le Tribunal \nadministratif peut \u00eatre saisi d'un recours contentieux dans le d\u00e9lai de deux mois \u00e0 compter \nde la date de la d\u00e9cision de rejet. \n \n \n \n \n \n \n \nPr\u00e9fecture de Police - 75-2026-01-26-00010 - Arr\u00eat\u00e9 n\u00b0 2026-00119 modifiant l'arr\u00eat\u00e9 n\u00b02026-00067 du 15 janvier 2026 instituant un\np\u00e9rim\u00e8tre au sein duquel la pr\u00e9sence de certaines cat\u00e9gories de supporters est r\u00e9glement\u00e9e et instaurant certaines mesures de police\n\u00e0 l'occasion de la rencontre de football de Ligue 1 du samedi 31 janvier 2026 entre les \u00e9quipes du Paris Football Club et de\nl'Olympique de Marseille au stade Jean Bouin \u00e0 Paris\n16\nPr\u00e9fecture de Police\n75-2026-01-26-00009\nArr\u00eat\u00e9 n\u00b0 2026-00121 autorisant la captation,\nl'enregistrement et la transmission d'images au\nmoyen de cam\u00e9ras install\u00e9es sur des a\u00e9ronefs \u00e0\nParis et en Seine-Saint-Denis (93) les 27 et 29\njanvier 2026\nPr\u00e9fecture de Police - 75-2026-01-26-00009 - Arr\u00eat\u00e9 n\u00b0 2026-00121 autorisant la captation, l'enregistrement et la transmission d'images\nau moyen de cam\u00e9ras install\u00e9es sur des a\u00e9ronefs \u00e0 Paris et en Seine-Saint-Denis (93) les 27 et 29 janvier 2026 17\nExPREFECTUREDE POLICELiibert\u00e9Egalit\u00e9Fraternit\u00e9\nCG\n \nCABINET DU PREFET  \n \n1 \n \n \n \n \nArr\u00eat\u00e9 n\u00b0 2026-00121  \nautorisant la captation, l'enregistrement et la transmission d'images au moyen de cam\u00e9ras \ninstall\u00e9es sur des a\u00e9ronefs \u00e0 Paris et en Seine-Saint-Denis (93) les 27 et 29 janvier 2026  \n \n \nLe pr\u00e9fet de police,  \n \n \nVu le code de la s\u00e9curit\u00e9 int\u00e9rieure, notamment ses articles L. 242-1 \u00e0 L.  242-8 et R.  242-8 \u00e0 R. \n242-15 ;  \n \nVu le d\u00e9cret n\u00b0 2004-374 modifi\u00e9 du 29 avril 2004 relatif aux pouvoirs des pr\u00e9fets, \u00e0 \nl'organisation et \u00e0 l'action des services de l'\u00c9tat dans les r\u00e9gions et d\u00e9partements ; \n \nVu l'arr\u00eat\u00e9 du 19 avril 2023 relatif au nombre maximal de cam\u00e9ras install\u00e9es sur des a\u00e9ronefs \npouvant \u00eatre simultan\u00e9ment utilis\u00e9es dans chaque d\u00e9partement et collectivit\u00e9 d'outre-mer  ; \n \nVu l'instruction minist\u00e9rielle NOR IOMD2311883J du 30 avril 2023 relative \u00e0 la proc\u00e9dure \nd'autorisation des cam\u00e9ras install\u00e9es sur des a\u00e9ronefs pour des missions de police \nadministrative  ; \n \nVu le d\u00e9cret du 22 octobre 2025 par lequel M. Patrice FAURE, administrateur de l'Etat du \ntroisi\u00e8me grade, directeur de cabinet du Pr\u00e9sident de la R\u00e9publique, est nomm\u00e9 pr\u00e9fet de \npolice (groupe I), \u00e0 compter du 23 octobre 2025  ; \n \nVu la demande en date du 23 janvier 2026 form\u00e9e par la direction territoriale de la s\u00e9curit\u00e9 de \nproximit\u00e9 de Seine-Saint-Denis visant \u00e0 obtenir l'autorisation de capter, d'enregistrer et de \ntransmettre des images au moyen de deux cam\u00e9ras install\u00e9es sur des a\u00e9ronefs t\u00e9l\u00e9-pilot\u00e9s afin \nd'assurer la pr\u00e9vention des atteintes \u00e0 la s\u00e9curit\u00e9 des personnes et des biens sur certains \nsecteurs du 19 \n\u00e8me  arrondissement de Paris et de la commune d'Aubervilliers (93)  ; \n \nConsid\u00e9rant que les dispositions du I de l'article L. 242-5 du code de la s\u00e9curit\u00e9 int\u00e9rieure \npermettent aux forces de s\u00e9curit\u00e9 int\u00e9rieure, dans l'exercice de leurs missions de pr\u00e9vention \ndes atteintes \u00e0 l'ordre public et de protection de la s\u00e9curit\u00e9 des personnes et des biens, de \nproc\u00e9der \u00e0 la captation, \u00e0 l'enregistrement et \u00e0 la transmission d'images au moyen de deux \ncam\u00e9ras install\u00e9es sur des a\u00e9ronefs aux fins d'assurer la pr\u00e9vention des atteintes \u00e0 la s\u00e9curit\u00e9 \ndes personnes et des biens dans des lieux particuli\u00e8rement expos\u00e9s ; \n \n \n \nPr\u00e9fecture de Police - 75-2026-01-26-00009 - Arr\u00eat\u00e9 n\u00b0 2026-00121 autorisant la captation, l'enregistrement et la transmission d'images\nau moyen de cam\u00e9ras install\u00e9es sur des a\u00e9ronefs \u00e0 Paris et en Seine-Saint-Denis (93) les 27 et 29 janvier 2026 18\n \n2026-00121 2 \nConsid\u00e9rant que depuis octobre 2023, les consommateurs de crack ont identifi\u00e9 les abords \ndu quai du Lot comme point de ralliement et de stagnation  ; que ce secteur, jouxtant le Canal \nde Saint-Denis, concentre l'activit\u00e9 \u00e9conomique et commerciale de la commune \nd'Aubervilliers  ; que le secteur Le Mill\u00e9naire \u2013 Rosa Parks est \u00e9maill\u00e9 par plusieurs \nprobl\u00e9matiques de s\u00e9curit\u00e9 au titre desquelles la d\u00e9ambulation de consommateurs de crack \net la pr\u00e9gnance d'une d\u00e9linquance acquisitive de fait, induisant des occupations prolong\u00e9es \nde la voie publique comme des parkings, des incivilit\u00e9s en augmentation, des troubles \u00e0 la \nsalubrit\u00e9 publique, une mendicit\u00e9 agressive, du commerce sexuel, du trafic de stup\u00e9fiants, \nnotamment de crack avec des consommateurs sous emprise, au comportement erratique  ; \nque cette situation requiert des interventions r\u00e9guli\u00e8res des forces de l'ordre particuli\u00e8rement \nmobilis\u00e9es dans le secteur dans un contexte o\u00f9 la lutte contre le trafic et la consommation de \nstup\u00e9fiants, en particulier du crack, constitue une priorit\u00e9 majeure pour la pr\u00e9fecture de \npolice, le nord-est parisien restant \u00e0 ce titre, depuis plus de dix ans, le principal point de \nconcentration des consommateurs et des revendeurs  ; qu'il en r\u00e9sulte que, pour \u00e9viter toute \ninstallation durable dans l'espace public, un dispositif de voie publique est maintenu en \npermanence avec des effectifs territoriaux et des compagnies de s\u00e9curisation et \nd'intervention engag\u00e9s quotidiennement, appuy\u00e9s par le renfort r\u00e9gulier des forces mobiles  ; \nque depuis octobre 2022, plus de 141 000 contr\u00f4les ont \u00e9t\u00e9 r\u00e9alis\u00e9s dans le nord-est parisien, \npr\u00e8s de 172 000 \u00e9victions et pr\u00e8s de 6 000 interpellations  ; qu'en 2025, l'activit\u00e9 polici\u00e8re \ndemeure tr\u00e8s soutenue, notamment dans le 19 \u1d49 arrondissement o\u00f9 les saisies de crack ont \nplus que doubl\u00e9 et o\u00f9 le taux d'\u00e9lucidation a \u00e9t\u00e9 multipli\u00e9 par plus de deux et demi tandis que \nles services judiciaires poursuivent un travail important pour identifier et d\u00e9manteler les \nfili\u00e8res d'approvisionnement et les micro-r\u00e9seaux  ; que dans ce contexte sensible, il importe \npour les services de police de b\u00e9n\u00e9ficier de l'appui ponctuel de cam\u00e9ras a\u00e9roport\u00e9es dans \nleurs op\u00e9rations, afin de pr\u00e9venir la survenance de troubles \u00e0 l'ordre public dans un secteur \nparticuli\u00e8rement expos\u00e9, en raison de ses caract\u00e9ristiques et des faits qui s'y sont d\u00e9j\u00e0 \nd\u00e9roul\u00e9s, \u00e0 des risques d'agression, de vol et de trafic de stup\u00e9fiants  ; \nConsid\u00e9rant que le recours aux cam\u00e9ras a\u00e9roport\u00e9es permet de disposer d'une vision en grand \nangle tout en limitant l'engagement des forces au sol afin d'\u00e9viter les menaces pour leur \nint\u00e9grit\u00e9 physique, et le cas \u00e9ch\u00e9ant, d'organiser de mani\u00e8re r\u00e9active et efficace leur \nd\u00e9ploiement op\u00e9rationnel, notamment en cas de mouvement de foule ou d'actions violentes \nde groupes d'individus  ; qu'il n'existe pas de dispositif moins intrusif permettant de parvenir \naux m\u00eames fins  ; \n \nConsid\u00e9rant que la demande de la direction territoriale de la s\u00e9curit\u00e9 de proximit\u00e9 de Seine-\nSaint-Denis porte sur l'engagement de deux cam\u00e9ras a\u00e9roport\u00e9es qui pourront \u00eatre en vol en \nvue de capter, d'enregistrer et de transmettre des images  ; que les aires survol\u00e9es sont \nstrictement limit\u00e9es aux zones o\u00f9 des troubles \u00e0 l'ordre public sont susceptibles de se \nproduire  ; que la dur\u00e9e de l'autorisation demand\u00e9e n'appara\u00eet pas disproportionn\u00e9e au regard \nde la finalit\u00e9 poursuivie  ; \n \nSur proposition de la direction territoriale de la s\u00e9curit\u00e9 de proximit\u00e9 de Seine-Saint-Denis,\n \n \n \n \n \nPr\u00e9fecture de Police - 75-2026-01-26-00009 - Arr\u00eat\u00e9 n\u00b0 2026-00121 autorisant la captation, l'enregistrement et la transmission d'images\nau moyen de cam\u00e9ras install\u00e9es sur des a\u00e9ronefs \u00e0 Paris et en Seine-Saint-Denis (93) les 27 et 29 janvier 2026 19\n \n2026-00121 3  \n \nARRETE  : \n \n \nArticle 1 \ner  \u2013 La captation, l'enregistrement et la transmission d'images par la direction \nterritoriale de la s\u00e9curit\u00e9 de proximit\u00e9 de Seine-Saint-Denis sont autoris\u00e9s dans certains \nsecteurs du 19\u00e8me arrondissement de Paris et de la commune d'Aubervilliers (93) au titre de  \nla pr\u00e9vention des atteintes \u00e0 la s\u00e9curit\u00e9 des personnes et des biens . \n \nArticle 2  \u2013 Le nombre maximal de cam\u00e9ras pouvant proc\u00e9der simultan\u00e9ment \u00e0 des \nenregistrements est fix\u00e9 \u00e0 2 cam\u00e9ras embarqu\u00e9es sur des a\u00e9ronefs t\u00e9l\u00e9-pilot\u00e9s. \n \n \nArticle 3  \n\u2013 La pr\u00e9sente autorisation s'applique au p\u00e9rim\u00e8tre g\u00e9ographique figurant sur le plan \nen annexe au pr\u00e9sent arr\u00eat\u00e9.  \n \nArticle 4  \u2013 La pr\u00e9sente autorisation est d\u00e9livr\u00e9e pour les 27 et 29 janvier 2026 de 15h00 \u00e0 17h30 \npour la mise en \u0153uvre de la finalit\u00e9 pr\u00e9cit\u00e9e.  \n \nArticle 5 \u2013 L'information du public est assur\u00e9e par la publication du pr\u00e9sent arr\u00eat\u00e9 aux recueils \ndes actes administratifs mentionn\u00e9s \u00e0 l'article 7, sa mise en ligne sur le site internet de la \npr\u00e9fecture de police ainsi que par une information sur les r\u00e9seaux sociaux. \n \n \nArticle 6  \u2013 Le registre mentionn\u00e9 \u00e0 l'article L. 242-4 du code de la s\u00e9curit\u00e9 int\u00e9rieure est \ntransmis au pr\u00e9fet de police, \u00e0 l'issue de la p\u00e9riode d'autorisation. \n \n \nArticle 7 \u2013 Le pr\u00e9fet de la Seine-Saint-Denis, le pr\u00e9fet, directeur du cabinet du pr\u00e9fet de police \net le directeur de la s\u00e9curit\u00e9 de proximit\u00e9 de l'agglom\u00e9ration parisienne sont charg\u00e9s, chacun \nen ce qui le concerne, de l'ex\u00e9cution du pr\u00e9sent arr\u00eat\u00e9 qui entrera en vigueur d\u00e8s l'affichage \naux portes de la pr\u00e9fecture de police, sera publi\u00e9 aux recueils des actes administratifs du \nd\u00e9partement de Paris et de la pr\u00e9fecture de la Seine-Saint-Denis et consultable sur le site \ninternet de la pr\u00e9fecture de police (https://www.prefecturedepolice.interieur.gouv.fr). \n \n \nFait \u00e0 Paris, le 26 janvier 2026  \n \n \n \nSIGNE  \nPour le pr\u00e9fet de police  \nLe pr\u00e9fet, directeur de cabinet  \nBaptiste ROLLAND  \n \n \n \n \n \n \nPr\u00e9fecture de Police - 75-2026-01-26-00009 - Arr\u00eat\u00e9 n\u00b0 2026-00121 autorisant la captation, l'enregistrement et la transmission d'images\nau moyen de cam\u00e9ras install\u00e9es sur des a\u00e9ronefs \u00e0 Paris et en Seine-Saint-Denis (93) les 27 et 29 janvier 2026 20\n \n2026-00121 4 \nAnnexe de l'arr\u00eat\u00e9 n\u00b02026-00121 du 26 janvier 2026    \n \n \nVOIES ET DELAIS DE RECOURS  \n_______________________  \n \n \n \nSi vous estimez devoir contester la pr\u00e9sente autorisation, il vous est possible, dans un d\u00e9lai de \ndeux mois \u00e0 compter de la date de son affichage ou de sa publication  : \n \n \n- soit de saisir d'un RECOURS GRACIEUX \n \nle Pr\u00e9fet de Police  \n7/9, boulevard du Palais - 75195 PARIS RP  \n \n- ou de former un RECOURS HIERARCHIQUE \n \n  aupr\u00e8s du Ministre de l'int\u00e9rieur et des outre-mer  \n  Direction des libert\u00e9s publiques et des affaires juridiques  \n  place Beauvau - 75008 PARIS  \n \n- soit de saisir d'un RECOURS CONTENTIEUX \n \nle Tribunal administratif comp\u00e9tent  \n \n \nAucune de ces voies et recours ne suspend l'application de la pr\u00e9sente d\u00e9cision. \n \nLes recours GRACIEUX et HIERARCHIQUE doivent \u00eatre \u00e9crits, exposer les arguments ou faits \nnouveaux et comprendre la copie de la d\u00e9cision contest\u00e9e. \n \nLe recours contentieux, qui vise \u00e0 contester la LEGALITE de la pr\u00e9sente d\u00e9cision, doit \n\u00e9galement \u00eatre \u00e9crit et exposer votre argumentation juridique. \n \nSi vous n'aviez pas de r\u00e9ponse \u00e0 votre recours GRACIEUX ou HIERARCHIQUE dans un d\u00e9lai \nde deux mois \u00e0 compter de la r\u00e9ception de votre recours par l'administration, votre \ndemande devra \u00eatre consid\u00e9r\u00e9e comme rejet\u00e9e (d\u00e9cision implicite de rejet). \n \nEn cas de rejet des RECOURS GRACIEUX ou HIERARCHIQUE, le Tribunal administratif peut \n\u00eatre saisi d'un recours contentieux dans le d\u00e9lai de deux mois \u00e0 compter de la date de la \nd\u00e9cision de rejet. \n \n \n \n \n \n \n \nPr\u00e9fecture de Police - 75-2026-01-26-00009 - Arr\u00eat\u00e9 n\u00b0 2026-00121 autorisant la captation, l'enregistrement et la transmission d'images\nau moyen de cam\u00e9ras install\u00e9es sur des a\u00e9ronefs \u00e0 Paris et en Seine-Saint-Denis (93) les 27 et 29 janvier 2026 21\n \n2026-00121 5 \n \nPr\u00e9fecture de Police - 75-2026-01-26-00009 - Arr\u00eat\u00e9 n\u00b0 2026-00121 autorisant la captation, l'enregistrement et la transmission d'images\nau moyen de cam\u00e9ras install\u00e9es sur des a\u00e9ronefs \u00e0 Paris et en Seine-Saint-Denis (93) les 27 et 29 janvier 2026 22\nPr\u00e9fecture de Police\n75-2026-01-26-00011\nArr\u00eat\u00e9 n\u00b02026-00120 modifiant l'arr\u00eat\u00e9 n\u00b0\n2026-00068 du 15 janvier 2026 instituant un\np\u00e9rim\u00e8tre au sein duquel la pr\u00e9sence de\ncertaines cat\u00e9gories de supporters est\nr\u00e9glement\u00e9e et instaurant certaines mesures de\npolice \u00e0 l'occasion de la rencontre de football de\nLigue 1 du dimanche 8 f\u00e9vrier 2026 entre les\n\u00e9quipes du Paris Saint-Germain et de\nl'Olympique de Marseille au Parc des Princes\nPr\u00e9fecture de Police - 75-2026-01-26-00011 - Arr\u00eat\u00e9 n\u00b02026-00120 modifiant l'arr\u00eat\u00e9 n\u00b0 2026-00068 du 15 janvier 2026 instituant un\np\u00e9rim\u00e8tre au sein duquel la pr\u00e9sence de certaines cat\u00e9gories de supporters est r\u00e9glement\u00e9e et instaurant certaines mesures de police\n\u00e0 l'occasion de la rencontre de football de Ligue 1 du dimanche 8 f\u00e9vrier 2026 entre les \u00e9quipes du Paris Saint-Germain et de\nl'Olympique de Marseille au Parc des Princes\n23\nPREFECTURE qp PREFETDE POLICE DES HAUTS-DE-SEINEpur Libert\u00e9Fa \u00c9galit\u00e9Fraternit\u00e9\n \n \n \n \nArr\u00eat\u00e9 n\u00b02026-00120 \nmodifiant l'arr\u00eat\u00e9 n\u00b02026-00068 du 15 janvier 2026 instituant un p\u00e9rim\u00e8tre au sein duquel \nla pr\u00e9sence de certaines cat\u00e9gories de supporters est r\u00e9glement\u00e9e et instaurant certaines \nmesures de police \u00e0 l'occasion de la rencontre de football de Ligue 1 du dimanche 8 f\u00e9vrier \n2026 entre les \u00e9quipes du Paris Saint-Germain et de l'Olympique de Marseille au Parc des \nPrinces  \n \n \nLe pr\u00e9fet de police et le pr\u00e9fet des Hauts-de-Seine, \n \nVu l'arr\u00eat\u00e9 n\u00b02026-00068 instituant un p\u00e9rim\u00e8tre au sein duquel la pr\u00e9sence de certaines cat\u00e9gories de \nsupporters est r\u00e9glement\u00e9e et instaurant certaines mesures de police \u00e0 l'occasion de la rencontre de football \nde Ligue 1 du dimanche 8 f\u00e9vrier 2026 entre les \u00e9quipes du Paris Saint-Germain et de l'Olympique de Marseille \nau Parc des Princes ; \n \nVu le d\u00e9cret du 22 octobre 2025 par lequel M. Patrice FAURE, administrateur de l'\u00c9tat du \ntroisi\u00e8me grade, directeur de cabinet du Pr\u00e9sident de la R\u00e9publique, est nomm\u00e9 pr\u00e9fet de \npolice (groupe I), \u00e0 compter du 23 octobre 2025  ; \n \nVu le d\u00e9cret du 31 octobre 2024 par lequel M. Alexandre BRUGERE, pr\u00e9fet, est nomm\u00e9 pr\u00e9fet \ndes Hauts-de-Seine  ; \n \nARR\u00caTE  : \n \nArticle 1 \u2013 L'article 3 de l'arr\u00eat\u00e9 n\u00b02026-00068 susvis\u00e9 est supprim\u00e9.  \n \nArticle 2 \u2013 Le pr\u00e9fet des Hauts-de-Seine, le directeur de l'ordre public et de la circulation et \nle directeur de la s\u00e9curit\u00e9 de proximit\u00e9 de l'agglom\u00e9ration parisienne sont charg\u00e9s, chacun \nen ce qui le concerne, de l'ex\u00e9cution du pr\u00e9sent arr\u00eat\u00e9 qui entrera en vigueur d\u00e8s son \naffichage aux portes de la pr\u00e9fecture de police, sera publi\u00e9 aux recueils des actes \nadministratifs du d\u00e9partement de Paris et de la pr\u00e9fecture des Hauts-de-Seine, et consultable \nsur le site internet de la pr\u00e9fecture de police \n(\nhttps://www.prefecturedepolice.interieur.gouv.fr ). \n \n \nFait \u00e0 Paris, le 26 janvier 2026    Fait \u00e0 Nanterre , le 26 janvier 2026 \n                                                                             \n              SIGNE  \nPour le pr\u00e9fet de police                                                                           SIGNE  \n                                                                                                         Le pr\u00e9fet des Hauts-de-Seine  \nLe sous-pr\u00e9fet, directeur adjoint du cabinet  \nCharles BARBIER                                                                              Alexandre BRUGERE  \n \n \n \nPr\u00e9fecture de Police - 75-2026-01-26-00011 - Arr\u00eat\u00e9 n\u00b02026-00120 modifiant l'arr\u00eat\u00e9 n\u00b0 2026-00068 du 15 janvier 2026 instituant un\np\u00e9rim\u00e8tre au sein duquel la pr\u00e9sence de certaines cat\u00e9gories de supporters est r\u00e9glement\u00e9e et instaurant certaines mesures de police\n\u00e0 l'occasion de la rencontre de football de Ligue 1 du dimanche 8 f\u00e9vrier 2026 entre les \u00e9quipes du Paris Saint-Germain et de\nl'Olympique de Marseille au Parc des Princes\n24\n \n \n                                                                                                                                                                            2 \n \n \nPr\u00e9fecture de Police - 75-2026-01-26-00011 - Arr\u00eat\u00e9 n\u00b02026-00120 modifiant l'arr\u00eat\u00e9 n\u00b0 2026-00068 du 15 janvier 2026 instituant un\np\u00e9rim\u00e8tre au sein duquel la pr\u00e9sence de certaines cat\u00e9gories de supporters est r\u00e9glement\u00e9e et instaurant certaines mesures de police\n\u00e0 l'occasion de la rencontre de football de Ligue 1 du dimanche 8 f\u00e9vrier 2026 entre les \u00e9quipes du Paris Saint-Germain et de\nl'Olympique de Marseille au Parc des Princes\n25\n \n \n                                                                                                                                                                            3 \n \nAnnexe de l'arr\u00eat\u00e9 n\u00b02026-00120 du 26 janvier 2026  \n \n \n \nVOIES ET DELAIS DE RECOURS \n_______________________ \n \n \n \nSi vous estimez devoir contester le pr\u00e9sent arr\u00eat\u00e9, il vous est possible, dans un \nd\u00e9lai de deux mois \u00e0 compter de la date de sa publication au recueil des actes administratifs \ndu d\u00e9partement de Paris  : \n \n \n- soit de saisir d'un RECOURS GRACIEUX \nle Pr\u00e9fet de Police \n7/9, boulevard du Palais - 75195 PARIS RP \n \n- ou de former un RECOURS HIERARCHIQUE \n  aupr\u00e8s du Ministre de l'int\u00e9rieur  \n  Direction des libert\u00e9s publiques et des affaires juridiques  \n  place Beauvau - 75008 PARIS  \n \n- soit de saisir d'un RECOURS CONTENTIEUX \nle Tribunal administratif comp\u00e9tent \n \n \nAucune de ces voies et recours ne suspend l'application de la pr\u00e9sente d\u00e9cision. \n \nLes recours GRACIEUX et HIERARCHIQUE doivent \u00eatre \u00e9crits, exposer les \narguments ou faits nouveaux et comprendre la copie de l'arr\u00eat\u00e9 contest\u00e9. \n \nLe recours CONTENTIEUX, qui vise \u00e0 contester la LEGALITE de la pr\u00e9sente \nd\u00e9cision, doit \u00e9galement \u00eatre \u00e9crit et exposer votre argumentation juridique. \n \nSi vous n'aviez pas de r\u00e9ponse \u00e0 votre recours GRACIEUX ou HIERARCHIQUE dans \nun d\u00e9lai de deux mois \u00e0 compter de la r\u00e9ception de votre recours par l'administration, votre \ndemande devra \u00eatre consid\u00e9r\u00e9e comme rejet\u00e9e (d\u00e9cision implicite de rejet). \n \nEn cas de rejet des recours GRACIEUX ou HIERARCHIQU E, le Tribunal \nadministratif peut \u00eatre saisi d'un recours contentieux dans le d\u00e9lai de deux mois \u00e0 compter \nde la date de la d\u00e9cision de rejet. \n \n \n \n \n \n \n \nPr\u00e9fecture de Police - 75-2026-01-26-00011 - Arr\u00eat\u00e9 n\u00b02026-00120 modifiant l'arr\u00eat\u00e9 n\u00b0 2026-00068 du 15 janvier 2026 instituant un\np\u00e9rim\u00e8tre au sein duquel la pr\u00e9sence de certaines cat\u00e9gories de supporters est r\u00e9glement\u00e9e et instaurant certaines mesures de police\n\u00e0 l'occasion de la rencontre de football de Ligue 1 du dimanche 8 f\u00e9vrier 2026 entre les \u00e9quipes du Paris Saint-Germain et de\nl'Olympique de Marseille au Parc des Princes\n26","date":"2026-01-27","first_seen_on":"2026-01-27T16:57:46+00:00","id":"f5cebb39d7228486a7fa3a785e3b0afb31b6363296ca77a2cab7ff7a153128c2","name":"recueil-75-2026-062-recueil-des-actes-administratifs-special du 27.01.2026","pdf_creation_date":"2026-01-27T16:01:59+00:00","pdf_modification_date":null,"timezone":"Europe/Paris","url":"https://www.prefectures-regions.gouv.fr/ile-de-france/irecontenu/telechargement/134995/988455/file/recueil-75-2026-062-recueil-des-actes-administratifs-special%20du%2027.01.2026.pdf"}
