{"administration":"pref83","administration_name":"Pr\u00e9fecture du Var","content":"VAR\nRECUEIL DES ACTES\nADMINISTRATIFS SP\u00c9CIAL\n(NOMINATIFS)\nN\u00b083-2025-247\nPUBLI\u00c9 LE 17 JUILLET 2025\nSommaire\nPr\u00e9fecture du VAR / Direction de la citoyennet\u00e9 et de la l\u00e9galit\u00e9\n83-2025-07-16-00004 - ARR\u00caT\u00c9 PR\u00c9FECTORAL n\u00b0\nDCL/BERG/2025/0102 du 16 juillet 2025 portant renouvellement de\nl'habilitation dans le domaine fun\u00e9raire de l'\u00e9tablissement\nsecondaire \u00ab\u00a0Chambre Fun\u00e9raire de L'Estagnol\u00a0\u00bb 5 Impasse\nLavoisier - La Moutonne - LA CRAU (83260)\nHabilitation N\u00b0\n25-83-0179 (2 pages) Page 3\n83-2025-07-15-00008 - ARR\u00caT\u00c9 PR\u00c9FECTORAL n\u00b0\nDCL/BERG/2025/0104 du 15 juillet 2025 portant renouvellement de\nl'habilitation dans le domaine fun\u00e9raire\nde l'\u00e9tablissement\nsecondaire \u00ab\u00a0POMPES FUNEBRES SIGNORET\u00a0\u00bb Rue Paul Flamencq et\nangle rue Gabriel P\u00e9ri au PRADET (83220)\nHabilitation N\u00b0 25-83-0014\n(2 pages) Page 6\nSecr\u00e9tariat g\u00e9n\u00e9ral commun d\u00e9partemental / Direction du SGCD\n83-2025-07-17-00004 - Arr\u00eat\u00e9 n\u00b0SGC/2025 du 17 juillet 2025 portant\nsubd\u00e9l\u00e9gation de signature et d'ordonnancement secondaire aux\ncadres du secr\u00e9tariat g\u00e9n\u00e9ral commun d\u00e9partemental du Var (11\npages) Page 9\n2\nPr\u00e9fecture du VAR\n83-2025-07-16-00004\nARR\u00caT\u00c9 PR\u00c9FECTORAL n\u00b0 DCL/BERG/2025/0102\ndu 16 juillet 2025 portant renouvellement de\nl'habilitation dans le domaine fun\u00e9raire de\nl'\u00e9tablissement secondaire \u00ab\u00a0Chambre Fun\u00e9raire\nde L'Estagnol\u00a0\u00bb 5 Impasse Lavoisier - La\nMoutonne - LA CRAU (83260)\nHabilitation N\u00b0 25-83-0179\nPr\u00e9fecture du VAR - 83-2025-07-16-00004 - ARR\u00caT\u00c9 PR\u00c9FECTORAL n\u00b0 DCL/BERG/2025/0102 du 16 juillet 2025 portant renouvellement\nde l'habilitation dans le domaine fun\u00e9raire de l'\u00e9tablissement secondaire \u00ab\u00a0Chambre Fun\u00e9raire de L'Estagnol\u00a0\u00bb 5 Impasse Lavoisier -\nLa Moutonne - LA CRAU (83260)\nHabilitation N\u00b0 25-83-0179\n3\n=mPREFETDU VARLibert\u00e9Egalit\u00e9Fraternit\u00e9\nDirection de la citoyennet\u00e9 et de la l\u00e9galit\u00e9\nBureau des \u00e9lections et de la r\u00e9glementation g\u00e9n\u00e9rale\nARR\u00caT\u00c9 PR\u00c9FECTORAL n\u00b0 DCL/BERG/2025/0102 du 16 juillet 2025\nportant renouvellement de l'habilitation dans le domaine fun\u00e9raire\nde l'\u00e9tablissement secondaire \u00ab Chambre Fun\u00e9raire de L'Estagnol \u00bb\n5 Impasse Lavoisier \u2013 La Moutonne \u2013 LA CRAU (83260)\nHabilitation N\u00b0 25-83-0179\nLe Pr\u00e9fet du Var,\nVu le code g\u00e9n\u00e9ral des collectivit\u00e9s territoriales et notamment ses articles L2223-23 et suivants ;\nVu la loi n\u00b0 2008-1350 du 19 d\u00e9cembre 2008 relative \u00e0 la l\u00e9gislation fun\u00e9raire ;\nVu le d\u00e9cret du Pr\u00e9sident de la R\u00e9publique du 15 mai 2025, portant nomination de Monsieur  \nSimon BABRE, pr\u00e9fet du Var ;\nVu l'arr\u00eat\u00e9 pr\u00e9fectoral n\u00b0 2025/12/MCI du 2 juin 2025 portant d\u00e9l\u00e9gation de signature \u00e0 Monsieur  \nLucien GIUDICELLI, secr\u00e9taire g\u00e9n\u00e9ral de la pr\u00e9fecture du Var, sous-pr\u00e9fet de l'arrondissement de  \nToulon ;\nVu  l'arr\u00eat\u00e9  pr\u00e9fectoral  n\u00b0  2025/53/MCI  du  15  juillet  2025  portant  d\u00e9l\u00e9gation  de  signature  \u00e0 \nMonsieur Thibaut DARGON, directeur de la citoyennet\u00e9 et de la l\u00e9galit\u00e9 de la pr\u00e9fecture du Var ;\nVu l'arr\u00eat\u00e9 pr\u00e9fectoral n\u00b0 19-83-26 du 25 juin 2019, portant renouvellement d'habilitation dans \nle domaine fun\u00e9raire de l'\u00e9tablissement secondaire \u00ab Chambre Fun\u00e9raire de L'Estagnol \u00bb situ\u00e9 \n5 Impasse Lavoisier \u2013 La Moutonne \u00e0 La Crau (83260) ;\nVu la demande de renouvellement  d'habilitation dans le domaine fun\u00e9raire  formul\u00e9e par  \nMonsieur Sylvain SIGNORET, directeur g\u00e9n\u00e9ral de la SAS \u00ab  HOLDING CELEBRATION  \u00bb sise  \n149 Chemin du Petit Lac \u00e0 Carqueiranne (83320), et Monsieur Florent SIGNORET, pr\u00e9sident de \nla  SAS  \u00ab HOLDING S \u00bb  sise  36  Avenue  Jean  Jaur\u00e8s  \u00e0  Carqueiranne  (83320),  concernant \nl'\u00e9tablissement secondaire \u00ab Chambre Fun\u00e9raire de L'Estagnol \u00bb situ\u00e9 5 Impasse Lavoisier \u2013 La  \nMoutonne \u00e0 La Crau (83260) ;\nConsid\u00e9rant la compl\u00e9tude du dossier ;\nSur proposition du secr\u00e9taire g\u00e9n\u00e9ral de la pr\u00e9fecture ;\nARR\u00caTE\nArticle 1  : L'\u00e9tablissement de pompes fun\u00e8bres exploit\u00e9 sous l'enseigne \u00ab Chambre Fun\u00e9raire \nde L'Estagnol \u00bb situ\u00e9 5 Impasse Lavoisier \u2013 La Moutonne \u00e0 La Crau (83260 , relevant de la SAS  \n\u00ab HOLDING  CELEBRATION \u00bb  sise  149  Chemin  du  Petit  Lac  \u00e0  Carqueiranne  (83320)  dont \nMonsieur Sylvain SIGNORET est directeur g\u00e9n\u00e9ral, et de la SAS \u00ab HOLDING S \u00bb sise 36 Avenue \nJean  Jaur\u00e8s  \u00e0  Carqueiranne  (83320)  dont  Monsieur  Florent  SIGNORET  est  pr\u00e9sident,  est \nhabilit\u00e9 pour exercer les activit\u00e9s suivantes :\n6 \u2013 Gestion et utilisation chambre fun\u00e9raire.\n1/2\nPr\u00e9fecture du VAR - 83-2025-07-16-00004 - ARR\u00caT\u00c9 PR\u00c9FECTORAL n\u00b0 DCL/BERG/2025/0102 du 16 juillet 2025 portant renouvellement\nde l'habilitation dans le domaine fun\u00e9raire de l'\u00e9tablissement secondaire \u00ab\u00a0Chambre Fun\u00e9raire de L'Estagnol\u00a0\u00bb 5 Impasse Lavoisier -\nLa Moutonne - LA CRAU (83260)\nHabilitation N\u00b0 25-83-0179\n4\nArticle 2     : L'habilitation porte le num\u00e9ro 25-83-0179.\nArticle  3     :  La  pr\u00e9sente  habilitation  est  d\u00e9livr\u00e9e  pour  une  dur\u00e9e  de  cinq  ans,  \u00e0  compter \ndu 26 juillet 2025 et jusqu'au 25 juillet 2030.\nPour  solliciter  le  renouvellement  de  la  pr\u00e9sente  habilitation,  le  b\u00e9n\u00e9ficiaire  devra  faire \nparvenir sa demande en pr\u00e9fecture au plus tard deux mois avant sa date de fin de validit\u00e9.\nArticle 4     : Conform\u00e9ment aux articles L.2223-25 et R.2223-64, D.2223-87 du code g\u00e9n\u00e9ral des  \ncollectivit\u00e9s  territoriales,  et  \u00e0  d\u00e9faut  de  la  production,  dans  les  meilleurs  d\u00e9lais,  des \njustificatifs de conformit\u00e9 des \u00e9quipements, la pr\u00e9sente habilitation pourra \u00eatre suspendue  \npour une dur\u00e9e maximale d'un an ou retir\u00e9e, apr\u00e8s mise en demeure, pour les motifs suivants :\n- non-respect des conditions de sa d\u00e9livrance telles qu'elles sont d\u00e9finies par les dispositions  \ndu code g\u00e9n\u00e9ral des collectivit\u00e9s territoriales ;\n- non exercice ou cessation d'exercice des activit\u00e9s au titre desquelles elle a \u00e9t\u00e9 d\u00e9livr\u00e9e ;\n- atteinte \u00e0 l'ordre public ou danger pour la salubrit\u00e9 publique.\nDans  les  cas  o\u00f9  le  b\u00e9n\u00e9ficiaire  est  un  d\u00e9l\u00e9gataire,  le  retrait  d'habilitation  entra\u00eene  la \nd\u00e9ch\u00e9ance des d\u00e9l\u00e9gations.\nArticle 5     : Le secr\u00e9taire g\u00e9n\u00e9ral de la pr\u00e9fecture du Var est charg\u00e9 de l'ex\u00e9cution du pr\u00e9sent  \narr\u00eat\u00e9 qui sera publi\u00e9 au recueil des actes administratifs de la pr\u00e9fecture du Var et dont une  \ncopie sera adress\u00e9e au maire de la commune de La Crau pour information.\nFait \u00e0 Toulon, le 16 juillet 2025\nPour le pr\u00e9fet et par d\u00e9l\u00e9gation,\nLe directeur de la citoyennet\u00e9\net de la l\u00e9galit\u00e9,\nSign\u00e9\nThibaut DARGON\nDans un d\u00e9lai de deux mois \u00e0 compter de la date de la notification ou de la publication du pr\u00e9sent arr\u00eat\u00e9 au recueil des actes administratifs de la \npr\u00e9fecture, les recours suivants peuvent \u00eatre introduits conform\u00e9ment aux dispositions des articles R. 421-1 et suivants du code de justice \nadministrative :\n- un recours gracieux, adress\u00e9 \u00e0 :\nM. le Pr\u00e9fet du Var - Boulevard du 112\u00e8me r\u00e9giment d'infanterie - CS 31209 - 83070 TOULON CEDEX\n- un recours hi\u00e9rarchique, adress\u00e9 au(x) ministre(s) concern\u00e9(s) ;\nDans ces deux cas, le silence de l'Administration vaut rejet implicite au terme d'un d\u00e9lai de deux mois.\nApr\u00e8s un recours gracieux ou hi\u00e9rarchique, le d\u00e9lai du recours contentieux ne court qu'\u00e0 compter du rejet explicite ou implicite de l'un de ces \nrecours.\n- un recours contentieux, en saisissant le Tribunal Administratif de Toulon : 5 rue Racine -BP 40510 - 83 041 TOULON CEDEX 9\nLe tribunal administratif peut \u00eatre saisi par l'application informatique \u00ab T\u00e9l\u00e9cours \u00bb accessible par le site internet www.telecours.fr.\n2/2\nPr\u00e9fecture du VAR - 83-2025-07-16-00004 - ARR\u00caT\u00c9 PR\u00c9FECTORAL n\u00b0 DCL/BERG/2025/0102 du 16 juillet 2025 portant renouvellement\nde l'habilitation dans le domaine fun\u00e9raire de l'\u00e9tablissement secondaire \u00ab\u00a0Chambre Fun\u00e9raire de L'Estagnol\u00a0\u00bb 5 Impasse Lavoisier -\nLa Moutonne - LA CRAU (83260)\nHabilitation N\u00b0 25-83-0179\n5\nPr\u00e9fecture du VAR\n83-2025-07-15-00008\nARR\u00caT\u00c9 PR\u00c9FECTORAL n\u00b0 DCL/BERG/2025/0104\ndu 15 juillet 2025 portant renouvellement de\nl'habilitation dans le domaine fun\u00e9raire\nde l'\u00e9tablissement secondaire \u00ab\u00a0POMPES\nFUNEBRES SIGNORET\u00a0\u00bb Rue Paul Flamencq et\nangle rue Gabriel P\u00e9ri au PRADET (83220)\nHabilitation N\u00b0 25-83-0014\nPr\u00e9fecture du VAR - 83-2025-07-15-00008 - ARR\u00caT\u00c9 PR\u00c9FECTORAL n\u00b0 DCL/BERG/2025/0104 du 15 juillet 2025 portant renouvellement\nde l'habilitation dans le domaine fun\u00e9raire\nde l'\u00e9tablissement secondaire \u00ab\u00a0POMPES FUNEBRES SIGNORET\u00a0\u00bb Rue Paul Flamencq et angle rue Gabriel P\u00e9ri au PRADET (83220)\nHabilitation N\u00b0 25-83-0014\n6\n=mPREFETDU VARLibert\u00e9Egalit\u00e9Fraternit\u00e9\nDirection de la citoyennet\u00e9 et de la l\u00e9galit\u00e9\nBureau des \u00e9lections et de la r\u00e9glementation g\u00e9n\u00e9rale\nARR\u00caT\u00c9 PR\u00c9FECTORAL n\u00b0 DCL/BERG/2025/0104 du 15 juillet 2025\nportant renouvellement de l'habilitation dans le domaine fun\u00e9raire\nde l'\u00e9tablissement secondaire \u00ab POMPES FUNEBRES SIGNORET \u00bb\nRue Paul Flamencq et angle rue Gabriel P\u00e9ri au PRADET (83220)\nHabilitation N\u00b0 25-83-0014\nLe Pr\u00e9fet du Var,\nVu le code g\u00e9n\u00e9ral des collectivit\u00e9s territoriales et notamment ses articles L2223-23 et suivants ;\nVu la loi n\u00b0 2008-1350 du 19 d\u00e9cembre 2008 relative \u00e0 la l\u00e9gislation fun\u00e9raire ;\nVu le d\u00e9cret du Pr\u00e9sident de la R\u00e9publique du 15 mai 2025, portant nomination de Monsieur  \nSimon BABRE, pr\u00e9fet du Var ;\nVu l'arr\u00eat\u00e9 pr\u00e9fectoral n\u00b0 2025/12/MCI du 2 juin 2025 portant d\u00e9l\u00e9gation de signature \u00e0 Monsieur  \nLucien GIUDICELLI, secr\u00e9taire g\u00e9n\u00e9ral de la pr\u00e9fecture du Var, sous-pr\u00e9fet de l'arrondissement de  \nToulon ;\nVu  l'arr\u00eat\u00e9  pr\u00e9fectoral  n\u00b0  2025/53/MCI  du  15  juillet  2025  portant  d\u00e9l\u00e9gation  de  signature  \u00e0 \nMonsieur Thibaut DARGON, directeur de la citoyennet\u00e9 et de la l\u00e9galit\u00e9 de la pr\u00e9fecture du Var ;\nVu l'arr\u00eat\u00e9 pr\u00e9fectoral n\u00b0 19-83-25 du 25 juin 2019, portant renouvellement d'habilitation dans \nle domaine fun\u00e9raire de l'\u00e9tablissement secondaire  \u00ab POMPES FUNEBRES SIGNORET  \u00bb situ\u00e9  \nRue Paul Flamencq et angle rue Gabriel P\u00e9ri au Pradet (83220) ;\nVu la demande de renouvellement  d'habilitation dans le domaine fun\u00e9raire  formul\u00e9e par  \nMonsieur Sylvain SIGNORET, directeur g\u00e9n\u00e9ral de la SAS \u00ab  HOLDING CELEBRATION  \u00bb sise  \n149 Chemin du Petit Lac \u00e0 Carqueiranne (83320) et Monsieur Florent SIGNORET, pr\u00e9sident de  \nla  SAS  \u00ab HOLDING S \u00bb  sise  36  Avenue  Jean  Jaur\u00e8s  \u00e0  Carqueiranne  (83320),  concernant \nl'\u00e9tablissement secondaire  \u00ab POMPES FUNEBRES SIGNORET  \u00bb situ\u00e9e  Rue Paul Flamencq et  \nangle rue Gabriel P\u00e9ri au PRADET (83220) ;\nConsid\u00e9rant la compl\u00e9tude du dossier ;\nSur proposition du secr\u00e9taire g\u00e9n\u00e9ral de la pr\u00e9fecture ;\nARR\u00caTE\nArticle 1  : L'\u00e9tablissement de pompes fun\u00e8bres exploit\u00e9 sous l'enseigne \u00ab  POMPES FUNEBRES \nSIGNORET \u00bb situ\u00e9e Rue Paul Flamencq et angle rue Gabriel P\u00e9ri au Pradet (83220), relevant de \nla SAS \u00ab HOLDING CELEBRATION \u00bb sise 149 Chemin du Petit Lac \u00e0 Carqueiranne (83320) dont \nMonsieur Sylvain SIGNORET est directeur g\u00e9n\u00e9ral, et de la SAS \u00ab HOLDING S \u00bb sise 36 Avenue \nJean  Jaur\u00e8s  \u00e0  Carqueiranne  (83320)  dont  Monsieur  Florent  SIGNORET  est  pr\u00e9sident,  est \nhabilit\u00e9 pour exercer les activit\u00e9s suivantes :\n1 - Transport de corps avant et apr\u00e8s mise en bi\u00e8re,\n1/2\nPr\u00e9fecture du VAR - 83-2025-07-15-00008 - ARR\u00caT\u00c9 PR\u00c9FECTORAL n\u00b0 DCL/BERG/2025/0104 du 15 juillet 2025 portant renouvellement\nde l'habilitation dans le domaine fun\u00e9raire\nde l'\u00e9tablissement secondaire \u00ab\u00a0POMPES FUNEBRES SIGNORET\u00a0\u00bb Rue Paul Flamencq et angle rue Gabriel P\u00e9ri au PRADET (83220)\nHabilitation N\u00b0 25-83-0014\n7\n2 - Organisation des obs\u00e8ques,\n3 - Soins de conservation,\n4 - Fourniture des housses, cercueils et accessoires int\u00e9rieur et ext\u00e9rieur ainsi que des urnes\ncin\u00e9raires,\n7 - Fourniture des corbillards et voitures de deuil,\n8 - Fourniture  de  personnels  et  des  objets  et  prestations  n\u00e9cessaires  aux  obs\u00e8ques, \ninhumations, exhumations et cr\u00e9mations.\nArticle 2     : L'habilitation porte le num\u00e9ro 25-83-0014.\nArticle 3     : La pr\u00e9sente habilitation est d\u00e9livr\u00e9e pour une dur\u00e9e de cinq ans, \u00e0 compter du 26 juillet \n2025 et jusqu'au 25 juillet 2030.\nPour  solliciter  le  renouvellement  de  la  pr\u00e9sente  habilitation,  le  b\u00e9n\u00e9ficiaire  devra  faire \nparvenir sa demande en pr\u00e9fecture au plus tard deux mois avant sa date de fin de validit\u00e9.\nArticle 4     : Conform\u00e9ment aux articles L.2223-25 et R.2223-64, D.2223-87 du code g\u00e9n\u00e9ral des  \ncollectivit\u00e9s  territoriales,  et  \u00e0  d\u00e9faut  de  la  production,  dans  les  meilleurs  d\u00e9lais,  des \njustificatifs de conformit\u00e9 des \u00e9quipements, la pr\u00e9sente habilitation pourra \u00eatre suspendue  \npour une dur\u00e9e maximale d'un an ou retir\u00e9e, apr\u00e8s mise en demeure, pour les motifs suivants :\n- non-respect des conditions de sa d\u00e9livrance telles qu'elles sont d\u00e9finies par les dispositions  \ndu code g\u00e9n\u00e9ral des collectivit\u00e9s territoriales ;\n- non exercice ou cessation d'exercice des activit\u00e9s au titre desquelles elle a \u00e9t\u00e9 d\u00e9livr\u00e9e ;\n- atteinte \u00e0 l'ordre public ou danger pour la salubrit\u00e9 publique.\nDans  les  cas  o\u00f9  le  b\u00e9n\u00e9ficiaire  est  un  d\u00e9l\u00e9gataire,  le  retrait  d'habilitation  entra\u00eene  la \nd\u00e9ch\u00e9ance des d\u00e9l\u00e9gations.\nArticle 5     : Le secr\u00e9taire g\u00e9n\u00e9ral de la pr\u00e9fecture du Var est charg\u00e9 de l'ex\u00e9cution du pr\u00e9sent  \narr\u00eat\u00e9 qui sera publi\u00e9 au recueil des actes administratifs de la pr\u00e9fecture du Var et dont une  \ncopie sera adress\u00e9e au maire de la commune du Pradet pour information.\nFait \u00e0 Toulon, le 15 juillet 2025\nPour le pr\u00e9fet et par d\u00e9l\u00e9gation,\nLe directeur de la citoyennet\u00e9\net de la l\u00e9galit\u00e9,\nSign\u00e9\nThibaut DARGON\nDans un d\u00e9lai de deux mois \u00e0 compter de la date de la notification ou de la publication du pr\u00e9sent arr\u00eat\u00e9 au recueil des actes administratifs de la \npr\u00e9fecture, les recours suivants peuvent \u00eatre introduits conform\u00e9ment aux dispositions des articles R. 421-1 et suivants du code de justice \nadministrative :\n- un recours gracieux, adress\u00e9 \u00e0 :\nM. le Pr\u00e9fet du Var - Boulevard du 112\u00e8me r\u00e9giment d'infanterie - CS 31209 - 83070 TOULON CEDEX\n- un recours hi\u00e9rarchique, adress\u00e9 au(x) ministre(s) concern\u00e9(s) ;\nDans ces deux cas, le silence de l'Administration vaut rejet implicite au terme d'un d\u00e9lai de deux mois.\nApr\u00e8s un recours gracieux ou hi\u00e9rarchique, le d\u00e9lai du recours contentieux ne court qu'\u00e0 compter du rejet explicite ou implicite de l'un de ces \nrecours.\n- un recours contentieux, en saisissant le Tribunal Administratif de Toulon : 5 rue Racine -BP 40510 - 83 041 TOULON CEDEX 9\nLe tribunal administratif peut \u00eatre saisi par l'application informatique \u00ab T\u00e9l\u00e9cours \u00bb accessible par le site internet www.telecours.fr.\n2/2\nPr\u00e9fecture du VAR - 83-2025-07-15-00008 - ARR\u00caT\u00c9 PR\u00c9FECTORAL n\u00b0 DCL/BERG/2025/0104 du 15 juillet 2025 portant renouvellement\nde l'habilitation dans le domaine fun\u00e9raire\nde l'\u00e9tablissement secondaire \u00ab\u00a0POMPES FUNEBRES SIGNORET\u00a0\u00bb Rue Paul Flamencq et angle rue Gabriel P\u00e9ri au PRADET (83220)\nHabilitation N\u00b0 25-83-0014\n8\nSecr\u00e9tariat g\u00e9n\u00e9ral commun d\u00e9partemental\n83-2025-07-17-00004\nArr\u00eat\u00e9 n\u00b0SGC/2025 du 17 juillet 2025 portant\nsubd\u00e9l\u00e9gation de signature et\nd'ordonnancement secondaire aux cadres du\nsecr\u00e9tariat g\u00e9n\u00e9ral commun d\u00e9partemental du\nVar\nSecr\u00e9tariat g\u00e9n\u00e9ral commun d\u00e9partemental - 83-2025-07-17-00004 - Arr\u00eat\u00e9 n\u00b0SGC/2025 du 17 juillet 2025 portant subd\u00e9l\u00e9gation de\nsignature et d'ordonnancement secondaire aux cadres du secr\u00e9tariat g\u00e9n\u00e9ral commun d\u00e9partemental du Var 9\n=mPREFETDU VARLibert\u00e9Egalit\u00e9Fraternit\u00e9\nARR\u00caT\u00c9 n\u00b0 SGC/2025 \u2013 du 17 juillet 2025\nPortant subd\u00e9l\u00e9gation de signature et d'ordonnancement secondaire aux cadres \ndu secr\u00e9tariat g\u00e9n\u00e9ral commun d\u00e9partemental du Var\nLe Pr\u00e9fet du Var,\nChevalier de la L\u00e9gion d'Honneur,\nChevalier de l'Ordre National du M\u00e9rite,\nVu la loi organique n\u00b0\u00a02001-692 du 1er ao\u00fbt 2001 modifi\u00e9e, relative aux lois de finances\u00a0;\nVu la loi d'orientation n\u00b0\u00a092-125 du 6 f\u00e9vrier 1992 modifi\u00e9e, relative \u00e0 l'administration\nterritoriale de la R\u00e9publique\u00a0;\nVu le d\u00e9cret n\u00b082-453 du 28 mai 1982 relatif \u00e0 l'hygi\u00e8ne et \u00e0 la s\u00e9curit\u00e9 du travail ainsi  \nqu'\u00e0 la pr\u00e9vention m\u00e9dicale dans la fonction publique\u00a0;\nVu le d\u00e9cret n\u00b0 \u00a02004-374 du 29 avril 2004 modifi\u00e9, relatif aux pouvoirs des pr\u00e9fets, \u00e0\nl'organisation et \u00e0 l'action des services de l'\u00c9tat dans les r\u00e9gions et d\u00e9partements\u00a0;\nVu le d\u00e9cret n\u00b0\u00a02006-1780 du 23 d\u00e9cembre 2006 modifi\u00e9, portant d\u00e9l\u00e9gation de pouvoir \nen mati\u00e8re de recrutement et de gestion de certains personnels relevant du minist\u00e8re  \nde l'Int\u00e9rieur\u00a0;\nVu  le  d\u00e9cret  n\u00b0\u00a02009-1484  du  3  d\u00e9cembre  2009  modifi\u00e9,  relatif  aux  directions \nd\u00e9partementales interminist\u00e9rielles\u00a0;\nVu le d\u00e9cret n\u00b0\u00a02012-1246 du 7 novembre 2012 modifi\u00e9, relatif \u00e0 la gestion budg\u00e9taire et \ncomptable publique\u00a0;\nVu le d\u00e9cret n\u00b0\u00a02015-510 du 7 mai 2015 modifi\u00e9, portant charte de la d\u00e9concentration\u00a0;\nVu le d\u00e9cret n\u00b0\u00a02019-1594 du 31 d\u00e9cembre 2019 modifi\u00e9, relatif aux emplois de direction \nde l'\u00c9tat, notamment les articles 34 et suivants\u00a0;\nVu le d\u00e9cret n\u00b0 \u00a02020-99 du 7 f\u00e9vrier 2020 relatif \u00e0 l'organisation et aux missions des  \nsecr\u00e9tariats g\u00e9n\u00e9raux communs d\u00e9partementaux\u00a0;\n                                                                                                                                                                        1/11\nSecr\u00e9tariat g\u00e9n\u00e9ral commun d\u00e9partemental - 83-2025-07-17-00004 - Arr\u00eat\u00e9 n\u00b0SGC/2025 du 17 juillet 2025 portant subd\u00e9l\u00e9gation de\nsignature et d'ordonnancement secondaire aux cadres du secr\u00e9tariat g\u00e9n\u00e9ral commun d\u00e9partemental du Var 10\nVu le d\u00e9cret du Pr\u00e9sident de la R\u00e9publique du 15 mai 2025 portant nomination de M.  \nSimon BABRE, pr\u00e9fet du Var\u00a0;\nVu l'arr\u00eat\u00e9 du Premier Ministre du 31 mars 2011 modifi\u00e9, portant d\u00e9concentration des  \nd\u00e9cisions relatives \u00e0 la situation individuelle des fonctionnaires et agents non titulaires  \nexer\u00e7ant leurs fonctions dans les directions d\u00e9partementales interminist\u00e9rielles\u00a0;\nVu l'arr\u00eat\u00e9 du Ministre d'\u00c9tat, ministre de l'int\u00e9rieur, du 28 d\u00e9cembre 2017 modifi\u00e9,  \nportant d\u00e9l\u00e9gation de pouvoir en mati\u00e8re de recrutement et de gestion des personnels  \nadministratifs du minist\u00e8re de l'Int\u00e9rieur\u00a0;\nVu la circulaire n\u00b0\u00a06104/SG du 2 ao\u00fbt 2019 du Premier ministre relative \u00e0 la constitution  \nde secr\u00e9tariats g\u00e9n\u00e9raux communs aux pr\u00e9fectures et aux directions d\u00e9partementales  \ninterminist\u00e9rielles\u00a0;\nVu l'arr\u00eat\u00e9 n\u00b02020/96/MCI du 29 d\u00e9cembre 2020 portant cr\u00e9ation et organisation du  \nsecr\u00e9tariat g\u00e9n\u00e9ral commun d\u00e9partemental du Var, modifi\u00e9 par l'arr\u00eat\u00e9 n\u00b02022/18/MCI  \ndu 10 juin 2022 et par l'arr\u00eat\u00e9 n\u00b02022/45/MCI du 7 novembre 2022\u00a0;\nVu l'arr\u00eat\u00e9 du Premier ministre et du ministre de l'Int\u00e9rieur du 3 octobre 2024, portant  \nnomination de M. S\u00e9bastien ODDONE, attach\u00e9 d'administration de l'Etat hors classe,  \ndirecteur du secr\u00e9tariat g\u00e9n\u00e9ral commun d\u00e9partemental du Var\u00a0; \nVu  l'arr\u00eat\u00e9  n\u00b0  SGC/2025  \u2013  du  16  juin  2025  portant  subd\u00e9l\u00e9gation  de  signature  et \nd'ordonnancement  secondaire  aux  cadres  du  secr\u00e9tariat  g\u00e9n\u00e9ral  commun  \nd\u00e9partemental du Var\u00a0;\nVu l'arr\u00eat\u00e9 pr\u00e9fectoral n\u00b02025/53/MCI du 8 juillet 2025, po rtant d\u00e9l\u00e9gation de signature \net  d'ordonnancement  secondaire  des  recettes  et  d\u00e9penses  de  l'\u00c9tat  au  titre  des \nprogrammes ex\u00e9cut\u00e9s par la SGCD du Var \u00e0 Monsieur S\u00e9bastien ODDONE,\nDirecteur du secr\u00e9tariat g\u00e9n\u00e9ral commun d\u00e9partemental du Var\u00a0;\nSur proposition du directeur du secr\u00e9tariat g\u00e9n\u00e9ral commun d\u00e9partemental\u00a0;\nARR\u00caTE\nArticle 1 \u00a0: La d\u00e9l\u00e9gation de signature donn\u00e9e \u00e0 M. S\u00e9bastien ODDONE directeur du  \nsecr\u00e9tariat g\u00e9n\u00e9ral commun d\u00e9partemental du Var, n\u00b02025/53/MCI du 8 juillet 2025 est \nsubd\u00e9l\u00e9gu\u00e9e \u00e0\u00a0:\nM. Alexandre PROUD, attach\u00e9 Hors classe d'administration de l'\u00c9tat, directeur adjoint  \ndu secr\u00e9tariat g\u00e9n\u00e9ral commun d\u00e9partemental \u00e0 compter du 15 janvier 2025.\n                                                                                                                                                                        2/11\nSecr\u00e9tariat g\u00e9n\u00e9ral commun d\u00e9partemental - 83-2025-07-17-00004 - Arr\u00eat\u00e9 n\u00b0SGC/2025 du 17 juillet 2025 portant subd\u00e9l\u00e9gation de\nsignature et d'ordonnancement secondaire aux cadres du secr\u00e9tariat g\u00e9n\u00e9ral commun d\u00e9partemental du Var 11\nCette  subd\u00e9l\u00e9gation  porte  sur  toutes  les  mati\u00e8res  d\u00e9finies  \u00e0  l'arr\u00eat\u00e9  pr\u00e9fectoral \nn\u00b02025/53/MCI du 8 juillet 2025 susvis\u00e9, aux fins de signer tous actes, documents ou  \nd\u00e9cisions se traduisant par l'ordonnancement secondaire des recettes et des d\u00e9penses  \nde l'\u00c9tat, relevant des attributions et du fonctionnement du SGCD, imput\u00e9es sur les  \nprogrammes suivants et dans la limite de 100\u00a0000\u00a0\u20ac\u00a0:\n\u2022 124 \u00ab \u00a0Conduite et soutien des politiques sanitaires, sociales, du sport, de la  \njeunesse  et  de  la  vie  associative\u00a0\u00bb,  en  ce  qu'elles  concernent  les  d\u00e9penses \nm\u00e9dicales et d'action sociale\u00a0\u00bb\u00a0;\n\u2022 134 \u00ab\u00a0d\u00e9veloppement des entreprises\u00a0\u00bb, en ce qu'elles concernent les d\u00e9penses  \nm\u00e9dicales et d'action sociale\u00a0;\n\u2022 148 \u00ab\u00a0fonction publique\u00a0\u00bb\u00a0;\n\u2022 155 \u00ab\u00a0Conception, gestion et \u00e9valuation des politiques de l'emploi et du travail , \nen ce qu'elles concernent les d\u00e9penses m\u00e9dicales et d'action sociale\u00a0;\n\u2022 176 \u00ab\u00a0police nationale\u00a0\u00bb, en ce qu'elles concernent les commissions de secours  \net l'action sociale\u00a0; \n\u2022 206 \u00ab\u00a0s\u00e9curit\u00e9 et qualit\u00e9 sanitaires de l'alimentation\u00a0\u00bb, en ce qu'elles concernent \nles d\u00e9penses  m\u00e9dicales et d'action sociale\u00a0;\n\u2022 207 \u00ab\u00a0S\u00e9curit\u00e9 et \u00e9ducation routi\u00e8res\u00a0\u00bb\n\u2022 215  \u00ab\u00a0conduite  et  pilotage  des  politiques  de  l'agriculture\u00a0\u00bb,  en  ce  qu'elles \nconcernent les d\u00e9penses  m\u00e9dicales et d'action sociale\u00a0;\n\u2022 216  \u00ab\u00a0conduite  et  pilotage  des  politiques  de  l'Int\u00e9rieur\u00a0\u00bb,  en  ce  qu'elles \nconcernent  les  d\u00e9penses  d'action  sociale\u00a0et  l'action  6  affaires  juridiques  et \ncontentieuses\u00a0;\n\u2022 217 \u00ab\u00a0conduite et pilotage des politiques de l'\u00e9cologie, du d\u00e9veloppement et de \nla  mobilit\u00e9  durables\u00a0\u00bb,  en  ce  qu'elles  concernent  les  d\u00e9penses  m\u00e9dicales, \nd'action sociale, de d\u00e9placements et de mission ;\n\u2022 232 \u00ab\u00a0Vie politique\u00a0\u00bb en ce qu'elles concernent les d\u00e9penses des \u00e9lections\u00a0; \n\u2022 348  \u00ab\u00a0r\u00e9novation  des  cit\u00e9s  administratives  et  autres  sites  domaniaux  multi-\noccupants\u00a0\u00bb\u00a0;\n\u2022 349 \u00ab\u00a0fonds pour la transformation de l'action publique\u00a0\u00bb ;\n\u2022 354 \u00ab\u00a0administration territoriale de l'\u00c9tat\u00a0\u00bb\u00a0;\n\u2022 362 \u00ab\u00a0\u00e9cologie\u00a0\u00bb\u00a0;\n\u2022 363 \u00ab\u00a0comp\u00e9titivit\u00e9\u00a0\u00bb\u00a0;\n\u2022 723 \u00ab\u00a0op\u00e9rations immobili\u00e8res et entretien des b\u00e2timents de l'\u00c9tat\u00a0\u00bb.\nArticle  2\u00a0:  D\u00e9l\u00e9gation  de  signature  est  donn\u00e9e,  \u00e0  l'effet  de  signer  les  actes  et \ndocuments relevant de la comp\u00e9tence de leur service interminist\u00e9riel \u00e0 \u00a0:\n\u2022 M. Franck MAINAS, attach\u00e9 principal d'administration de l'\u00c9tat, chef du service  \ninterminist\u00e9riel des ressources humaines;\n\u2022 Mme Nathalie TOURET,  attach\u00e9e d 'administration de l'\u00c9tat, cheffe du service  \ninterminist\u00e9riel du budget et des achats\u00a0;\n\u2022 Mme Pascale GRAPPIN, Ing\u00e9nieur principal des Services Techniques, cheffe du  \nservice  interminist\u00e9riel  de  l'immobilier,  de  la  logistique,  du  courrier,  et  de \nl'accueil ;\n                                                                                                                                                                        3/11\nSecr\u00e9tariat g\u00e9n\u00e9ral commun d\u00e9partemental - 83-2025-07-17-00004 - Arr\u00eat\u00e9 n\u00b0SGC/2025 du 17 juillet 2025 portant subd\u00e9l\u00e9gation de\nsignature et d'ordonnancement secondaire aux cadres du secr\u00e9tariat g\u00e9n\u00e9ral commun d\u00e9partemental du Var 12\n\u2022 M. Herv\u00e9 MARCY, ing\u00e9nieur des syst\u00e8mes d'information et de communication,  \nchef du service interminist\u00e9riel d\u00e9partemental des syst\u00e8mes d'information et de  \ncommunication\u00a0;\nArticle 3 \u00a0: D\u00e9l\u00e9gation de signature est donn\u00e9e \u00e0 M. Franck MAINAS, chef du  service \ninterminist\u00e9riel des ressources humaines , pour signer les actes et documents relevant  \ndu service interminist\u00e9riel des ressources humaines, \u00e0 savoir la gestion des carri\u00e8res, le  \ntemps partiel, le suivi des effectifs, la formation, l'action sociale et le dialogue social, se \ntraduisant par l'ordonnancement secondaire des recettes et des d\u00e9penses de l'\u00c9tat,  \nrelevant des attributions et du fonctionnement du SGCD, imput\u00e9es sur les programmes \nsuivants et \u00e0 concurrence de 5\u00a0000\u00a0\u20ac\u00a0:\n\u25aa 124 \u00ab \u00a0conduite et soutien des politiques sanitaires, sociales, du sport, de la  \njeunesse  et  de  la  vie  associative\u00a0\u00bb,  en  ce  qu'elles  concernent  les  d\u00e9penses \nm\u00e9dicales et d'action sociale\u00a0\u00bb\u00a0;\n\u25aa 134 \u00ab\u00a0d\u00e9veloppement des entreprises\u00a0\u00bb, en ce qu'elles concernent les d\u00e9penses \nm\u00e9dicales et d'action sociale\u00a0;\n\u25aa 155 \u00ab\u00a0conception, gestion et \u00e9valuation des politiques de l'emploi et du travail , \nen ce qu'elles concernent les d\u00e9penses m\u00e9dicales et d'action sociale\u00a0;\n\u25aa 176 \u00ab\u00a0police nationale\u00a0\u00bb, en ce qu'elles concernent les commissions de secours  \net l'action sociale\u00a0; \n\u25aa 206  \u00ab\u00a0s\u00e9curit\u00e9  et  qualit\u00e9  sanitaires  de  l'alimentation\u00a0\u00bb,  en  ce  qu'elles \nconcernent les d\u00e9penses m\u00e9dicales et d'action sociale\u00a0;\n\u25aa 215  \u00ab\u00a0conduite  et  pilotage  des  politiques  de  l'agriculture\u00a0\u00bb,  en  ce  qu'elles \nconcernent les d\u00e9penses m\u00e9dicales et d'action sociale\u00a0;\n\u25aa 216  \u00ab\u00a0conduite  et  pilotage  des  politiques  de  l'Int\u00e9rieur\u00a0\u00bb,  en  ce  qu'elles \nconcernent les d\u00e9penses m\u00e9dicales et d'action sociale\u00a0;\n\u25aa 217 \u00ab\u00a0conduite et pilotage des politiques de l'\u00e9cologie, du d\u00e9veloppement et  \nde la mobilit\u00e9 durables\u00a0\u00bb, en ce qu'elles concernent les d\u00e9penses m\u00e9dicales et  \nd'action sociale\u00a0;\n\u25aa 354  \u00ab\u00a0administration  territoriale  de  l'Etat\u00a0\u00bb,  en  ce  qu'elles  concernent  les \nd\u00e9penses d'action sociale, de formation et le titre 2.\nEn cas d'absence ou d'emp\u00eachement de M. Franck MAINAS, d\u00e9l\u00e9gation est donn\u00e9e  \ndans les m\u00eames conditions et sous son contr\u00f4le \u00e0\u00a0:\n\u2022 Mme Vanessa GEBELLIN, attach\u00e9e, en sa qualit\u00e9 d'adjointe au chef du SIRH,  \ncheffe du p\u00f4le MI et du p\u00f4le contractuels ATE, pou r les actes et documents  \nrelevant  du  service  interminist\u00e9riel  des  ressources  humaines  pr\u00e9cit\u00e9s  se \ntraduisant par l'ordonnancement secondaire des recettes et des d\u00e9penses de  \nl'\u00c9tat, relevant des attributions et du fonctionnement du SGCD, imput\u00e9es sur les \nprogrammes suivants et \u00e0 concurrence de 5\u00a0000\u00a0\u20ac\u00a0;\n\u2022 Mme  Karine  DEON,  inspectrice  du  travail,  en  sa  qualit\u00e9  de  cheffe  de  p\u00f4le \nMASA/MSO, pour les actes et documents relevant de la gestion courante  des  \ncarri\u00e8res  du  personnel  du  minist\u00e8re  de  l'agriculture  et  de la  souverainet\u00e9  \n                                                                                                                                                                        4/11\nSecr\u00e9tariat g\u00e9n\u00e9ral commun d\u00e9partemental - 83-2025-07-17-00004 - Arr\u00eat\u00e9 n\u00b0SGC/2025 du 17 juillet 2025 portant subd\u00e9l\u00e9gation de\nsignature et d'ordonnancement secondaire aux cadres du secr\u00e9tariat g\u00e9n\u00e9ral commun d\u00e9partemental du Var 13\nalimentaire  et  du  personnel  relevant  du  secr\u00e9tariat  g\u00e9n\u00e9ral  des  minist\u00e8res \ncharg\u00e9s des affaires sociales ; \n\u2022 Mme Caroline MEZIERES, attach\u00e9e d'administration de l'\u00c9tat, en sa qualit\u00e9 de  \ncheffe de p\u00f4le du minist\u00e8re de la transition \u00e9cologique et du minist\u00e8re des  \n\u00e9conomies, pour les actes et documents relevant de la gestio n courante des  \ncarri\u00e8res du personnel du minist\u00e8re, d e la transition \u00e9cologique et du minist\u00e8re  \ndes \u00e9conomies\u00a0;\n\u2022 M. Jo\u00ebl BELLENGER, attach\u00e9 d'administration de l'\u00c9tat, en sa qualit\u00e9 de chef de  \np\u00f4le action sociale, dialogue social, \u00e0 l'effet de signer les d\u00e9cisions de d\u00e9pense  \nrentrant dans le champ d'action de son p\u00f4le, \u00e0 concurrence d'un montant de  \n5\u00a0000\u00a0\u20ac, et de signer les arr\u00eat\u00e9s attributifs de subvention ainsi que les d\u00e9cisions  \nindividuelles de prestations d'action sociale ;\n\u2022 D\u00e9l\u00e9gation  de  signature  est  \u00e9galement  donn\u00e9e  \u00e0  Mme  Catherine  BUARD, \nsecr\u00e9taire administrative et \u00e0 Mme Astrid DORNEL, adjointe administrative, pour \ntous les actes de gestion dans Chorus Formulaires pour les d\u00e9penses en mati\u00e8re  \nde RH\u00a0;\n\u2022 D\u00e9l\u00e9gation  de  signature  est  \u00e9galement  donn\u00e9e  \u00e0  Mme  Sophie  NAWROCKI, \nsecr\u00e9taire administrative de classe sup\u00e9rieure pour tous les actes de gestion  \ndans Chorus Formulaires pour les d\u00e9penses en mati\u00e8re de RH\u00a0;\nArticle   4  \u00a0: D\u00e9l\u00e9gation de signature est donn\u00e9e \u00e0 Mme Nathalie TOURET, en sa qualit\u00e9 de \ncheffe du service interminist\u00e9riel du budget et des achats, aux fins de signer tous actes, \ndocuments ou d\u00e9cisions se traduisant par l'ordonnancement secondaire des recettes et \ndes d\u00e9penses de l'\u00c9tat, relevant des attributions et du fonctionnement du SGCD et  \nimput\u00e9es sur les programmes suivants, \u00e0 concurrence de 30\u00a0000\u00a0\u20ac\u00a0:\n\u25aa 124 \u00ab \u00a0conduite et soutien des politiques sanitaires, sociales, du sport, de la  \njeunesse  et  de  la  vie  associative\u00a0\u00bb,  en  ce  qu'elles  concernent  les  d\u00e9penses \nd'action sociale\u00a0\u00bb\u00a0;\n\u25aa 134 \u00ab\u00a0d\u00e9veloppement des entreprises\u00a0\u00bb, en ce qu'elles concernent les d\u00e9penses \nd'action sociale\u00a0;\n\u25aa 148 \u00ab\u00a0fonction publique\u00a0\u00bb\u00a0;\n\u25aa 155 \u00ab\u00a0conception, gestion et \u00e9valuation des politiques de l'emploi et du travail , \nen ce qu'elles concernent les d\u00e9penses d'action sociale\u00a0;\n\u25aa 176 \u00ab\u00a0police nationale\u00a0\u00bb, en ce qu'elles concernent l'action sociale\u00a0; \n\u25aa 206  \u00ab\u00a0s\u00e9curit\u00e9  et  qualit\u00e9  sanitaires  de  l'alimentation\u00a0\u00bb,  en  ce  qu'elles \nconcernent les d\u00e9penses d'action sociale\u00a0;\n\u25aa 207 \u00ab\u00a0S\u00e9curit\u00e9 et \u00e9ducation routi\u00e8res\u00a0\u00bb\n\u25aa 215  \u00ab\u00a0conduite  et  pilotage  des  politiques  de  l'agriculture\u00a0\u00bb,  en  ce  qu'elles \nconcernent les d\u00e9penses d'action sociale\u00a0;\n\u25aa 216  \u00ab\u00a0conduite  et  pilotage  des  politiques  de  l'Int\u00e9rieur\u00a0\u00bb,  en  ce  qu'elles \nconcernent  les  d\u00e9penses  d'action  sociale\u00a0et  l'action  6  affaires  juridiques  et \ncontentieuses\u00a0;\n                                                                                                                                                                        5/11\nSecr\u00e9tariat g\u00e9n\u00e9ral commun d\u00e9partemental - 83-2025-07-17-00004 - Arr\u00eat\u00e9 n\u00b0SGC/2025 du 17 juillet 2025 portant subd\u00e9l\u00e9gation de\nsignature et d'ordonnancement secondaire aux cadres du secr\u00e9tariat g\u00e9n\u00e9ral commun d\u00e9partemental du Var 14\n\u25aa 217 \u00ab\u00a0conduite et pilotage des politiques de l'\u00e9cologie, du d\u00e9veloppement et  \nde  la  mobilit\u00e9  durables\u00a0\u00bb,  en  ce  qu'elles  concernent  les  d\u00e9penses  d'action \nsociale, m\u00e9dicales et frais de d\u00e9placements et de mission\u00a0;\n\u25aa 232 \u00ab\u00a0Vie politique\u00a0\u00bb en ce qu'elles concernent les d\u00e9penses des \u00e9lections\u00a0; \n\u25aa 348  \u00ab\u00a0r\u00e9novation  des  cit\u00e9s  administratives  et  autres  sites  domaniaux  multi-\noccupants\u00a0\u00bb\u00a0;\n\u25aa 349 \u00ab \u00a0fonds pour la transformation de l'action publique \u00a0\u00bb pour la saisie des  \nexpressions de besoin et la constatation du service fait dans Chorus formulaires \ndes actes juridiques \u00e9ligibles au fonds de transformation de l'action publique\u00a0;\n\u25aa 354 \u00ab\u00a0administration territoriale de l'\u00c9tat\u00a0\u00bb, hors titre 2\u00a0;\n\u25aa 362 \u00ab\u00a0\u00e9cologie\u00a0\u00bb\u00a0;\n\u25aa 363 \u00ab\u00a0comp\u00e9titivit\u00e9\u00a0\u00bb\u00a0;\n\u25aa 723 \u00ab\u00a0op\u00e9rations immobili\u00e8res et entretien des b\u00e2timents de l'\u00c9tat\u00a0\u00bb.\nAinsi que\u00a0:\n\u2022 la validation des demandes d'achat et la constatation des services faits dans les  \napplications Chorus formulaires et Chorus DT\u00a0;\n\u2022 les actes et documents relevant des march\u00e9s publics;\n\u2022 toutes  les  pi\u00e8ces  relatives  \u00e0  la  programmation  et  au  pilotage  de  l'unit\u00e9 \nop\u00e9rationnelle (UO) 83 des programmes de la r\u00e9gion Provence-Alpes-C\u00f4te d'Azur \ng\u00e9r\u00e9es par le secr\u00e9tariat g\u00e9n\u00e9ral commun d\u00e9partemental\u00a0;\n\u2022 tous  documents  comptables  n\u00e9cessaires  \u00e0  la  gestion  des  cartes  achats  des \nporteurs de cartes achats au titre des programmes suivants\u00a0:\n\u25aa 149 \u00ab\u00a0for\u00eat\u00a0\u00bb\u00a0;\n\u25aa 205 \u00ab\u00a0s\u00e9curit\u00e9 et affaires maritimes, p\u00eache et aquaculture\u00a0\u00bb.\n\u25aa 206 \u00ab\u00a0s\u00e9curit\u00e9 et qualit\u00e9 sanitaires de l'alimentation\u00a0\u00bb\u00a0;\n\u25aa 207 \u00ab\u00a0frais de d\u00e9placements et de mission\u00a0\u00bb\n\u25aa 232 \u00ab\u00a0Vie politique\u00a0\u00bb en ce qu'elles concernent les d\u00e9penses des \u00e9lections\u00a0; \n\u25aa 354 \u00ab\u00a0administration territoriale de l'\u00c9tat\u00a0\u00bb\u00a0;\nEn cas d'absence ou d'emp\u00eachement de Mme Nathalie TOURET d\u00e9l\u00e9gation est donn\u00e9e, \ndans les m\u00eames conditions et sous son contr\u00f4le, \u00e0\u00a0:\n\u2022 Mme Audrey HORNBURG,  secr\u00e9taire administrative de classe sup\u00e9rieure , en sa  \nqualit\u00e9 de gestionnaire \u00ab\u00a0march\u00e9s et d\u00e9penses immobili\u00e8res\u00a0\u00bb pour tous les actes \nde gestion (sauf pilotage et programmation) relatifs aux d\u00e9penses immobili\u00e8res  \nsur les programmes suivants\u00a0:\n\u25aa 348  \"r\u00e9novation  des  cit\u00e9s  administratives  et  autres  sites  domaniaux  multi-\noccupants\"\n\u25aa 349 \"fonds pour la transformation de l'action publique\" \n354 \"administration territoriale de l'\u00c9tat\"\n\u25aa 723 \"op\u00e9rations immobili\u00e8res et entretien des b\u00e2timents de l'\u00c9tat\"\n                                                                                                                                                                        6/11\nSecr\u00e9tariat g\u00e9n\u00e9ral commun d\u00e9partemental - 83-2025-07-17-00004 - Arr\u00eat\u00e9 n\u00b0SGC/2025 du 17 juillet 2025 portant subd\u00e9l\u00e9gation de\nsignature et d'ordonnancement secondaire aux cadres du secr\u00e9tariat g\u00e9n\u00e9ral commun d\u00e9partemental du Var 15\net pour les actes et documents relevant des march\u00e9s publics, \u00e0 concurrence de  \n5\u00a0000\u00a0\u20ac\u00a0;\n\u2022 M. Franck BOUISSOU, attach\u00e9, en sa qualit\u00e9 de chef  du p\u00f4le \u00ab \u00a0d\u00e9penses de  \nfonctionnement et CIC \u00bb pour:\n\u25e6 tous les actes de gestion dans Chorus C\u0153ur, Chorus Formulaires et Chorus  \nDT, \u00e0 concurrence de 5\u00a0000\u00a0\u20ac\u00a0;\n\u25e6 tous  documents comptables n\u00e9cessaires \u00e0 la gestion des cartes achats des  \nporteurs de cartes achats au titre des programmes suivants\u00a0:\n\u2022 124 \u00ab\u00a0conduite et soutien des politiques sanitaires, sociales, du sport, de la  \njeunesse et de la vie associative \u00a0\u00bb, en ce qu'elles concernent les d\u00e9penses  \nd'action sociale\u00a0\u00bb\u00a0;\n\u2022 149 \u00ab\u00a0for\u00eat\u00a0\u00bb\u00a0;\n\u2022 155  \u00ab\u00a0conception,  gestion  et  \u00e9valuation  des  politiques  de  l'emploi  et  du \ntravail, en ce qu'elles concernent les d\u00e9penses d'action sociale\u00a0;\n\u2022 205 \u00ab\u00a0s\u00e9curit\u00e9 et affaires maritimes, p\u00eache et aquaculture\u00a0\u00bb\u00a0;\n\u2022 206 \u00ab\u00a0s\u00e9curit\u00e9 et qualit\u00e9 sanitaires de l'alimentation\u00a0\u00bb\u00a0;\n\u2022 207 \u00ab\u00a0frais de d\u00e9placements et de mission\u00a0\u00bb\n\u2022 215  \u00ab\u00a0conduite  et  pilotage  des  politiques  de  l'agriculture\u00a0\u00bb,  en  ce  qu'elles \nconcernent les d\u00e9penses d'action sociale\u00a0;\n\u2022 216 \u00ab\u00a0conduite et pilotage des politiques de l'int\u00e9rieur\u00a0\u00bb\n\u2022 217 \u00ab\u00a0conduite et pilotage des politiques de l'\u00e9cologie, du d\u00e9veloppement et  \nde la mobilit\u00e9 durables \u00a0\u00bb, en ce qu'elles concernent les d\u00e9penses d'action  \nsociale, m\u00e9dicales et frais de d\u00e9placements et de mission\u00a0;\n\u2022 232 \u00ab Vie politique \u00bb en ce qu'elles concernent les d\u00e9penses des \u00e9lections ;\n\u2022 348 \u00ab \u00a0r\u00e9novation des cit\u00e9s administratives et autres sites domaniaux multi-\noccupants\u00a0\u00bb\u00a0;\n\u2022 349 \u00ab\u00a0fonds pour la transformation de l'action publique \u00a0\u00bb pour la saisie des  \nexpressions  de  besoin  et  la  constatation  du  service  fait  dans  Chorus \nformulaires  des  actes  juridiques  \u00e9ligibles  au  fonds  de  transformation  de \nl'action publique\u00a0;\n\u2022 354 \u00ab\u00a0administration territoriale de l'\u00c9tat\u00a0\u00bb\u00a0;\n\u2022 723 \u00ab\u00a0op\u00e9rations immobili\u00e8res et entretien des b\u00e2timents de l'\u00c9tat\u00a0\u00bb\nMme Audrey HORNBURG,  secr\u00e9taire administrative de classe sup\u00e9rieure \u00a0; Mme \nTania GIANATI-KOULINSKY, secr\u00e9taire administrative de classe normale \u00a0; Mmes \nMuriel GATTI, Mich\u00e8le RAKOTOZAFY, Val\u00e9rie WEISS, et M. St\u00e9phane DENIAU,  \nadjoints  administratifs  principaux;  et  Mmes  Elodie  MIETTE  et  Yolaine  MONI \nadjointes administratives, pour tous les actes de gestion dans Chorus Coeur,  \nChorus Formulaires et Chorus DT.\nArticle     5  \u00a0: D\u00e9l\u00e9gation de signature est donn\u00e9e \u00e0 Mme Pascale GRAPPIN, cheffe du  \nservice interminist\u00e9riel de l'\u00a0immobilier, de la logistique, du courrier, et de l'accueil, aux \nfins de signer tous actes, documents ou d\u00e9cisions portant sur la gestion immobili\u00e8re et  \nlogistique des sites de la pr\u00e9fecture et des DDI et sur la gestion du parc automobile, sur \nla  gestion  du  courrier  et  de  l'accueil,  imput\u00e9es  sur  les  programmes  suivants,  et  \u00e0 \nconcurrence de 5\u00a0000\u00a0\u20ac\u00a0:\n                                                                                                                                                                        7/11\nSecr\u00e9tariat g\u00e9n\u00e9ral commun d\u00e9partemental - 83-2025-07-17-00004 - Arr\u00eat\u00e9 n\u00b0SGC/2025 du 17 juillet 2025 portant subd\u00e9l\u00e9gation de\nsignature et d'ordonnancement secondaire aux cadres du secr\u00e9tariat g\u00e9n\u00e9ral commun d\u00e9partemental du Var 16\n\u25aa 148 \"fonction publique\"\n\u25aa 348  \"r\u00e9novation  des  cit\u00e9s  administratives  et  autres  sites  domaniaux  multi-\noccupants\"\n\u25aa 349 \"fonds pour la transformation de l'action publique\" \n\u25aa 354 \"administration territoriale de l'\u00c9tat\"\n\u25aa 362 \u00ab\u00a0\u00e9cologie\u00a0\u00bb\u00a0;\n\u25aa 723  \"op\u00e9rations  immobili\u00e8res  et  entretien  des  b\u00e2timents  de  l'\u00c9tat\"\nEn  cas  d'absence  ou  d'emp\u00eachement  de  Mme  Pascale  GRAPPIN,  d\u00e9l\u00e9gation  est \ndonn\u00e9e, dans les m\u00eames conditions et sous son contr\u00f4le \u00e0\u00a0:\n\u2022 M. Jean-Paul CURT, ouvrier des parcs et ateliers - Technicien niveau 3, en sa  \nqualit\u00e9  de  chef  de  service  adjoint,  pour  les  actes,  documents  et  d\u00e9penses \nrelevant de son service, \u00e0 concurrence de 5\u00a0000\u00a0\u20ac\u00a0;\n\u2022 M. Julien MARCELLE, contr\u00f4leur des services techniques de classe sup\u00e9rieure, en  \nqualit\u00e9 de chef des sites de la DDETS et de la DDPP pour les actes, documents et \nd\u00e9penses relevant de son unit\u00e9, \u00e0 concurrence de 2\u00a0500\u00a0\u20ac\u00a0;\n\u2022 M.  Jean-Guy  CHRISTOPHE,  contr\u00f4leur  des  services  techniques  de  classe \nsup\u00e9rieure, en qualit\u00e9 de responsable technique du site de la pr\u00e9fecture et de la  \nsous-pr\u00e9fecture de Brignoles, pour les actes, documents et d\u00e9penses relevant de  \nson unit\u00e9, \u00e0 concurrence de 2 500\u00a0\u20ac\u00a0 ;\n\u2022 Mme Fr\u00e9d\u00e9rique NAUDOU, en qualit\u00e9 de responsable du p\u00f4le Courrier-Accueil  \nde tout le p\u00e9rim\u00e8tre de l'ATE dans le Var, pour les actes, documents et d\u00e9penses \nrelevant de son p\u00f4le, \u00e0 concurrence de 2 500\u00a0\u20ac\u00a0;\n\u2022 M. Fabrice VALERE, contr\u00f4leur des services techniques de classe normale, en  \nqualit\u00e9 de chef de site \u00e0 Draguignan et Saint Tropez pour les actes, documents  \net d\u00e9penses relevant de son unit\u00e9, \u00e0 concurrence de 2 500\u00a0\u20ac\u00a0;\n\u2022 Mme  Sophie  BERANGER,  secr\u00e9taire  administrative  de  classe  sup\u00e9rieure,  en \nqualit\u00e9  de  charg\u00e9e  de  mission  immobilier,  s'agissant  de  la  constatation  des \n\u00ab\u00a0services r\u00e9alis\u00e9s \u00bb par les entreprises prestataires ext\u00e9rieures\u00a0;\n\u2022 M.  Fabrice  ALLEGRINI,  Contr\u00f4leur  des  services  techniques  de  classe  \nexceptionnelle, charg\u00e9 de mission immobilier, s'agissant de la constatation des  \n\u00ab\u00a0services r\u00e9alis\u00e9s\u00bb par les entreprises prestataires ext\u00e9rieures\u00a0;\n\u2022 M. Georges JOLO, adjoint technique principal de 2 \u00e8me classe, en qualit\u00e9 d'agent  \ntechnique  du  site  de  la  pr\u00e9fecture  et  des  sous-pr\u00e9fectures,  s'agissant  de  la \nconstatation  des  \u00ab \u00a0services  r\u00e9alis\u00e9s\u00bb  par  les  entreprises  prestataires  \next\u00e9rieures\u00a0dans son p\u00e9rim\u00e8tre d'intervention ;\n\u2022 M. Gerald VANDENBROEK, adjoint technique principal de 2 \u00e8me classe, en qualit\u00e9 \nd'agent technique du site de la pr\u00e9fecture et des sous-pr\u00e9fectures, s'agissant de  \nla  constatation  des  \u00ab \u00a0services  r\u00e9alis\u00e9s\u00bb  par  les  entreprises  prestataires  \next\u00e9rieures\u00a0dans son p\u00e9rim\u00e8tre d'intervention ;\n                                                                                                                                                                        8/11\nSecr\u00e9tariat g\u00e9n\u00e9ral commun d\u00e9partemental - 83-2025-07-17-00004 - Arr\u00eat\u00e9 n\u00b0SGC/2025 du 17 juillet 2025 portant subd\u00e9l\u00e9gation de\nsignature et d'ordonnancement secondaire aux cadres du secr\u00e9tariat g\u00e9n\u00e9ral commun d\u00e9partemental du Var 17\n\u2022 Mme Coralie FERNANDO, adjoint technique principal de 1 \u00e8re classe, en qualit\u00e9  \nd'agent technique du site de la DDTM de Toulon, s'agissant de la constatation  \ndes  \u00ab\u00a0services  r\u00e9alis\u00e9s  \u00bb  par  les  entreprises  prestataires  ext\u00e9rieures\u00a0dans  son \np\u00e9rim\u00e8tre d'intervention ;\n\u2022 M. Said LARABI, adjoint technique principal de 1 \u00e8re classe, en qualit\u00e9 d'agent  \ntechnique  du  site  DDI  DDTM  Draguignan,  s'agissant  de  la  constatation  des \n\u00ab\u00a0services  r\u00e9alis\u00e9s\u00bb  par  les  entreprises  prestataires  ext\u00e9rieures \u00a0dans  son \np\u00e9rim\u00e8tre d'intervention ;\nArticle   6  \u00a0: D\u00e9l\u00e9gation est donn\u00e9e \u00e0 M. Herv\u00e9 MARCY, en sa qualit\u00e9 de chef du service  \ninterminist\u00e9riel  d\u00e9partemental  des  syst\u00e8mes  d'information  et  de  communication \n(SIDSIC)\u00a0,  aux  fins  de  signer  tous  actes,  contrats,  documents  ou  d\u00e9cisions  pour \nl'ordonnancement secondaire des d\u00e9penses relevant de l'exercice des attributions de  \ncette unit\u00e9, dans la limite de 30\u00a0000\u00a0\u20ac et imput\u00e9es sur les programmes suivants\u00a0:\n\u2022 216 \u00ab\u00a0conduite et pilotage des politiques de l'Int\u00e9rieur\u00a0\u00bb\u00a0;\n\u2022 348  \u00ab\u00a0r\u00e9novation  des  cit\u00e9s  administratives  et  autres  sites  domaniaux  multi-\noccupants\u00a0\u00bb\u00a0pour les d\u00e9penses propres au domaine des syst\u00e8mes d'information \net de communication, toutes entit\u00e9s confondues\u00a0;\n\u2022 349 \u00ab\u00a0fonds pour la transformation de l'action publique\u00a0\u00bb\u00a0;\n\u2022 354  \u00ab\u00a0administration  territoriale  de  l'\u00c9tat\u00a0\u00bb  pour  les  d\u00e9penses  propres  au \ndomaine  des  syst\u00e8mes  d'information  et  de  communication,  toutes  entit\u00e9s \nconfondues\u00a0;\n\u2022 363 \u00ab\u00a0comp\u00e9titivit\u00e9\u00a0\u00bb\u00a0;\n\u2022 723 \u00ab \u00a0contribution aux d\u00e9penses immobili\u00e8res \u00a0\u00bb pour les d\u00e9penses de travaux  \npropres au domaine des syst\u00e8mes d'information et de communication.\nEn cas d'absence ou d'emp\u00eachement de M. Herv\u00e9 MARCY, la d\u00e9l\u00e9gation de signature  \nqui  lui  est  accord\u00e9e  au  titre  du  pr\u00e9sent  article  est  exerc\u00e9e  par  M.  Omar  HAMEL, \ning\u00e9nieur des syst\u00e8mes d'information et de communication, en sa qualit\u00e9 d'adjoint au  \nchef de service interminist\u00e9riel dans la limite de 5\u00a0000\u00a0\u20ac.\nEn cas d'absence de MM. Herv\u00e9 MARCY et Omar HAMEL, d\u00e9l\u00e9gation est donn\u00e9e, dans  \nles m\u00eames conditions, \u00e0 Mme Alexandra POLI, ing\u00e9nieure des syst\u00e8mes d'information et \nde communication, dans la limite de 5\u00a0000\u00a0\u20ac.\nArticle 7 \u00a0: M. S\u00e9bastien ODDONE  attribue une carte d'achat nominative aux porteurs  \nde carte d'achat list\u00e9s dans le tableau en annexe 1 du pr\u00e9sent arr\u00eat\u00e9, afin de l'utiliser  \ndans le cadre de leurs attributions, comp\u00e9tences et dans la limite fix\u00e9e.\nArticle 8  \u00a0  :   Toute disposition ant\u00e9rieure contraire \u00e0 celles du pr\u00e9sent arr\u00eat\u00e9, est abrog\u00e9e \n\u00e0 compter de sa publication. \n                                                                                                                                                                        9/11\nSecr\u00e9tariat g\u00e9n\u00e9ral commun d\u00e9partemental - 83-2025-07-17-00004 - Arr\u00eat\u00e9 n\u00b0SGC/2025 du 17 juillet 2025 portant subd\u00e9l\u00e9gation de\nsignature et d'ordonnancement secondaire aux cadres du secr\u00e9tariat g\u00e9n\u00e9ral commun d\u00e9partemental du Var 18\nL'arr\u00eat\u00e9 pr\u00e9fectoral n\u00b0 SGC/2025 \u2013 du 16 juin 2025 portant subd\u00e9l\u00e9gation de signature  \net  d'ordonnancement  secondaire  aux  cadres  du  secr\u00e9tariat  g\u00e9n\u00e9ral  commun  \nd\u00e9partemental du Var est abrog\u00e9.\nArticle     9  \u00a0: Le directeur du secr\u00e9tariat g\u00e9n\u00e9ral commun d\u00e9partemental est charg\u00e9 de  \nl'ex\u00e9cution du pr\u00e9sent arr\u00eat\u00e9, qui sera publi\u00e9 au recueil des actes administratifs de la  \npr\u00e9fecture.\nFait \u00e0 Toulon, le 17 juillet 2025\nPour Le Pr\u00e9fet et par d\u00e9l\u00e9gation\nLe directeur du secr\u00e9tariat\ng\u00e9n\u00e9ral commun d\u00e9partemental\nSign\u00e9\n  S\u00e9bastien ODDONE\n                                                                                                                                                                        10/11\nSecr\u00e9tariat g\u00e9n\u00e9ral commun d\u00e9partemental - 83-2025-07-17-00004 - Arr\u00eat\u00e9 n\u00b0SGC/2025 du 17 juillet 2025 portant subd\u00e9l\u00e9gation de\nsignature et d'ordonnancement secondaire aux cadres du secr\u00e9tariat g\u00e9n\u00e9ral commun d\u00e9partemental du Var 19\nANNEXE 1\nListe nominative des porteurs de carte achat du secr\u00e9tariat g\u00e9n\u00e9ral commun\u00a0\nd\u00e9partemental du Var\nCHRISTOPHE\u00a0\u00a0\u00a0\u00a0\u00a0\u00a0\u00a0\u00a0\u00a0\u00a0\u00a0\u00a0\u00a0\u00a0\u00a0\u00a0\u00a0\u00a0\u00a0\u00a0 JEAN-GUY\u00a0\nCURT\u00a0\u00a0\u00a0\u00a0\u00a0\u00a0\u00a0\u00a0\u00a0\u00a0\u00a0\u00a0\u00a0\u00a0\u00a0\u00a0\u00a0\u00a0\u00a0\u00a0\u00a0\u00a0\u00a0\u00a0\u00a0\u00a0 JEAN\u00a0PAUL\u00a0\nVALERE\u00a0\u00a0\u00a0\u00a0\u00a0\u00a0\u00a0\u00a0\u00a0\u00a0\u00a0\u00a0\u00a0\u00a0\u00a0\u00a0\u00a0\u00a0\u00a0\u00a0\u00a0\u00a0\u00a0\u00a0 FABRICE\u00a0\nWEISS\u00a0\u00a0\u00a0\u00a0\u00a0\u00a0\u00a0\u00a0\u00a0\u00a0\u00a0\u00a0\u00a0\u00a0\u00a0\u00a0\u00a0\u00a0\u00a0\u00a0\u00a0\u00a0\u00a0\u00a0\u00a0 VALERIE\u00a0\nMARCY\u00a0\u00a0\u00a0\u00a0\u00a0\u00a0\u00a0\u00a0\u00a0\u00a0\u00a0\u00a0\u00a0\u00a0\u00a0\u00a0\u00a0\u00a0\u00a0\u00a0\u00a0\u00a0\u00a0 HERVE\u00a0\n                                                                                                                                                                        11/11\nSecr\u00e9tariat g\u00e9n\u00e9ral commun d\u00e9partemental - 83-2025-07-17-00004 - Arr\u00eat\u00e9 n\u00b0SGC/2025 du 17 juillet 2025 portant subd\u00e9l\u00e9gation de\nsignature et d'ordonnancement secondaire aux cadres du secr\u00e9tariat g\u00e9n\u00e9ral commun d\u00e9partemental du Var 20","date":"2025-07-17","first_seen_on":"2025-07-17T16:45:07+00:00","id":"f7123cc1fcf7f7c291260d35f4f7b315d0716c440bcf36ddd801784e70823b07","name":"RAA N\u00b0247 du 17 juillet 2025","pdf_creation_date":"2025-07-17T16:12:57+00:00","pdf_modification_date":null,"timezone":"Europe/Paris","url":"https://www.var.gouv.fr/contenu/telechargement/41941/274580/file/RAA%20N%C2%B0247%20du%2017%20juillet%202025%20NOMINATIF.pdf"}
