{"administration":"pref50","administration_name":"Pr\u00e9fecture de la Manche","content":"RECUEIL DES ACTES\nADMINISTRATIFS\nDE LA MANCHE\nDOCUMENTATION\nET\nINFORMATIONS\nSEPTEMBRE 2023\nNUMERO SPECIAL N\u00b0 80\nLe contenu int\u00e9gral des textes et/ou les documents et plans annex\u00e9s\npeut \u00eatre consult\u00e9 aupr\u00e8s du service sous le timbre duquel la publication\nest r\u00e9alis\u00e9e et sur le site Internet de la pr\u00e9fecture :\nhttp://www.manche.gouv.fr\nRubrique : Publications - Annonces et avis - Recueil des actes administratifs\n\nS O M M A I R E\nCABINET DU PREFET...............................................................................................................................................................................................2\nArr\u00eat\u00e9 pr\u00e9fectoral n\u00b0 23-34 du 18 septembre 2023 relatif \u00e0 la suppl\u00e9ance des pr\u00e9sidents des commissions de s\u00e9curit\u00e9 \nd'arrondissement.........................................................................................................................................................................................................2\nDIRECTION DEPARTEMENTALE DE L'EMPLOI, DU TRAVAIL ET DES SOLIDARITES.....................................................................................2\nArr\u00eat\u00e9 du 13 septembre 2023 d\u00e9signant le comptable du groupement de coop\u00e9ration sociale et m\u00e9dico-sociale (GCSMS) \u00abInter \n\u00e9tablissement du Sud Manche\u00bb..................................................................................................................................................................................2\nDIRECTION DEPARTEMENTALE DES TERRITOIRES ET DE LA MER.................................................................................................................2\nArr\u00eat\u00e9 N\u00b0 DDTM50/SEAT/2023-06 du 13 septembre 2023 constatant la variation pour l'ann\u00e9e 2023 des minima et maxima des loyers \ndes terres nues et des b\u00e2timents d'exploitation..........................................................................................................................................................3\nDIVERS........................................................................................................................................................................................................................3\nDDFIP - DIRECTION D\u00c9PARTEMENTALE DES FINANCES PUBLIQUES................................................................................................................................3\nArr\u00eat\u00e9 du 14 septembre 2023 relatif au r\u00e9gime de fermeture exceptionnelle au public du Service des Imp\u00f4ts des Particuliers de Saint-\nL\u00f4.................................................................................................................................................................................................................................3\nArr\u00eat\u00e9 du 14 septembre 2023 relatif au r\u00e9gime de fermeture exceptionnelle au public de l'antenne de Coutances du Service des Imp\u00f4ts\ndes Particuliers de Saint-L\u00f4,........................................................................................................................................................................................3\nArr\u00eat\u00e9 du 14 septembre 2023 relatif au r\u00e9gime de fermeture exceptionnelle au public du Centre des finances publiques de Carentan............. 3\nD\u00e9cision de d\u00e9l\u00e9gation de signature du 15 septembre 2023 en mati\u00e8re d'ordonnancement secondaire..............................................................4\n\uf0bf\nCABINET DU PREFET\nArr\u00eat\u00e9 pr\u00e9fectoral n\u00b0 23-34 du 18 septembre 2023 relatif \u00e0 la suppl\u00e9ance des pr\u00e9sidents des commissions de s\u00e9curit\u00e9\nd'arrondissement\nArt. 1 : Les commissions d'arrondissement pour la s\u00e9curit\u00e9 contre les risques d'incendie et de panique dans les \u00e9tablissements recevant du\npublic de la 2\u00e8me cat\u00e9gorie \u00e0 la 4\u00e8me cat\u00e9gorie, ainsi que les \u00e9tablissements de 5\u00e8me cat\u00e9gorie abritant des locaux \u00e0 sommeil, sont pr\u00e9sid\u00e9es\npar le sous-pr\u00e9fet territorialement comp\u00e9tent.\nEn cas d'absence ou d'emp\u00eachement de ce dernier, la pr\u00e9sidence est assur\u00e9e par le ou la secr\u00e9taire g\u00e9n\u00e9ral(e) de la sous-pr\u00e9fecture et, dans\nl'arrondissement chef-lieu (Saint-L\u00f4),  par la Directrice de Cabinet ou, en cas d'emp\u00eachement, par un membre du corps pr\u00e9fectoral ou par un\ndes fonctionnaires du cadre national des pr\u00e9fectures d\u00e9sign\u00e9s ci-apr\u00e8s :\n- Mme Anne Maertens, attach\u00e9e principale d'administration, Directrice des S\u00e9curit\u00e9s\n- M. Williams Vervey, attach\u00e9 d'administration hors classe, Chef du service inter-minist\u00e9riel de d\u00e9fense et de protection civile (SIDPC) ,\n- M. Arnaud Derette, contractuel, Adjoint au Chef du service interminist\u00e9riel de d\u00e9fense et de protection civile (SIDPC),\n- Mme Sophie Milleret, secr\u00e9taire administrative, service interminist\u00e9riel de d\u00e9fense et de protection civiles (SIDPC),\n- Mme Magali Anne, secr\u00e9taire administrative, service interminist\u00e9riel de d\u00e9fense et de protection civiles (SIDPC),\n- Mme Audrey En\u00e9e, secr\u00e9taire administrative, service interminist\u00e9riel de d\u00e9fense et de protection civiles (SIDPC),\nArrondissement d'Avranches\n- Mme Isabelle Altmayer, attach\u00e9e d'administration,\n-  Mme Sophie Beaufr\u00e8re, secr\u00e9taire administrative,\n-  Mme Nathalie Mallet, secr\u00e9taire administrative,\nArrondissement de Cherbourg\n- Mme Karine Vivier, attach\u00e9e d'administration,\n- M. Jean-Pierre Vasselin, attach\u00e9 d'administration,\n- M. Beno\u00eet Renault, secr\u00e9taire administratif,\n- Mme Maud Baziard, secr\u00e9taire administrative,\nArrondissement de Coutances\n-  Mme Simonne Quesnel, secr\u00e9taire administrative,\n-  Mme H\u00e9l\u00e8ne Denis, secr\u00e9taire administrative,\nArt. 2 : Le pr\u00e9sent arr\u00eat\u00e9 abroge l'arr\u00eat\u00e9 pr\u00e9fectoral n\u00b022-33 du 29 septembre 2022.\nArt. 3  : La Directrice de Cabinet, les Sous-Pr\u00e9fets d'arrondissement, le Directeur D\u00e9partemental des Services d'Incendie et de Secours, la\nDirectrice D\u00e9partementale des Territoires et de la Mer, le Commandant du Groupement de Gendarmerie et le Directeur D\u00e9partemental de la\nS\u00e9curit\u00e9 Publique sont charg\u00e9s, chacun en ce qui le concerne, de l'ex\u00e9cution du pr\u00e9sent arr\u00eat\u00e9.\nArt. 4: Le pr\u00e9sent arr\u00eat\u00e9 est publi\u00e9 au recueil des actes administratifs de la Pr\u00e9fecture.\nSign\u00e9 : Pour le Pr\u00e9fet et par d\u00e9l\u00e9gation, la Directrice de Cabinet : St\u00e9phanie PETITJEAN\n\uf0bf\nDIRECTION DEPARTEMENTALE DE L'EMPLOI, DU TRAVAIL ET DES SOLIDARITES\nArr\u00eat\u00e9 du 13 septembre 2023 d\u00e9signant le comptable du groupement de coop\u00e9ration sociale et m\u00e9dico-sociale  (GCSMS) \u00abInter\n\u00e9tablissement du Sud Manche\u00bb\nConsid\u00e9rant la proposition de candidature transmise par Monsieur Jason LAUNAY au Directeur D\u00e9partemental des Finances Publiques\nArt. 1 : Monsieur Jason LAUNAY est d\u00e9sign\u00e9 pour assurer la comptabilit\u00e9 du GCSMS  \u00abInter \u00e9tablissement du Sud Manche\u00bb \u00e0 compter du 1er\noctobre 2023.\nArt. 2 : le pr\u00e9sent arr\u00eat\u00e9 peut faire l'objet d'un recours administratif, soit gracieux aupr\u00e8s de M. le Pr\u00e9fet de la Manche, soit hi\u00e9rarchique aupr\u00e8s\nde la Ministre des solidarit\u00e9s et des familles, dans les deux mois suivant sa notification. Un recours contentieux peut \u00eatre d\u00e9pos\u00e9 aupr\u00e8s du\ntribunal administratif , \u00e9galement dans un d\u00e9lai de deux mois \u00e0 compter de la notification, ou dans le d\u00e9lai de deux mois \u00e0 partir de la r\u00e9ponse\nde l'administration si un recours administratif a \u00e9t\u00e9 d\u00e9pos\u00e9, l'absence de r\u00e9ponse au terme de ce d\u00e9lai valant rejet implicite. Le tribunal\nadministratif peut-\u00eatre saisi par l'application informatique \u00abt\u00e9l\u00e9recours citoyens\u00bb accessible par le site internet www.telerecours.fr/. \nArt. 3 : le pr\u00e9sent arr\u00eat\u00e9 sera publi\u00e9 au recueil des actes administratifs de la pr\u00e9fecture de la Manche.\nSign\u00e9 : Pour le Pr\u00e9fet, la Secr\u00e9taire g\u00e9n\u00e9rale : Perrine SERRE\n\uf0bf\nDIRECTION DEPARTEMENTALE DES TERRITOIRES ET DE LA MER\nArr\u00eat\u00e9 N\u00b0 DDTM50/SEAT/2023-06 du 13 septembre 2023 constatant la variation pour l'ann\u00e9e 2023 des minima et maxima des loyers\ndes terres nues et des b\u00e2timents d'exploitation\nArt.1: L'indice national des fermages d\u00e9fini par arr\u00eat\u00e9 du 18 juillet 2023, s'\u00e9tablit pour 2023 \u00e0 116,46 (indice base 100 en 2009). \nLa variation de l'indice national des fermages 2023 par rapport \u00e0 l'ann\u00e9e 2022 est de 5,63 %.\nArt. 2: Terres nues\n\u00c0 compter du 29 septembre 2023 et jusqu'au 28 septembre 2024, les minima et les maxima \u00e0 l'hectare de terres nues sont fix\u00e9s aux valeurs\nactualis\u00e9es suivantes :\nPetites r\u00e9gions agricoles Minima\n(en \u20ac/ha/an)\nMaxima\n(en \u20ac/ha/an)\nLa Hague 55,48 226,18\nVal de Saire 55,48 226,18\nBocage Cherbourg/Valognes 55,48 226,18\nCotentin 55,48 226,18\nBocage Saint-L\u00f4/Coutances 55,48 226,18\nAvranchin 55,48 226,18\nMortainais 55,48 226,18\nArt. 3 : B\u00e2timents d'exploitation\nA compter du 29 septembre 2023 et jusqu'au 28 septembre 2024, les minima et les maxima au m\u00e8tre carr\u00e9 couvert sont fix\u00e9s aux valeurs\nactualis\u00e9es suivantes :\nCat\u00e9gories\nd\u00e9finies selon l'arr\u00eat\u00e9 pr\u00e9fectoral DDTM/SEAT/2014-63 \u2013 Article 5 \nMinima\n(en \u20ac/m2/an)\nMaxima\n(en \u20ac/m2/an)\n1\u00e8re cat\u00e9gorie 2,23 3,03\n2\u00e8me cat\u00e9gorie 1,58 2,24\n3\u00e8me cat\u00e9gorie 0,98 1,58\n4\u00e8me cat\u00e9gorie 0,38 0,97\n5\u00e8me cat\u00e9gorie pour m\u00e9moire 0,38\nArt. 4: B\u00e2timents d'exploitation de centre \u00e9questre\nA compter du 29 septembre 2023 et jusqu'au 28 septembre 2024, les minima et les maxima au m\u00e8tre carr\u00e9 couvert sont fix\u00e9s aux valeurs\nactualis\u00e9es suivantes :\nMinima \n(en \u20ac/m2/an)\nMaxima \n(en \u20ac/m2/an)\n1  \u00e8re   cat\u00e9gorie   : \nB\u00e2timent avec boxes individuels de 10 m2 environ\nCrit\u00e8res d'appr\u00e9ciation :\nEau et \u00e9lectricit\u00e9 aux normes, chemin d'acc\u00e8s, situation par rapport aux tiers, fumi\u00e8re\naux normes, pr\u00e9sence d'un centre d'entra\u00eenement\n5,35 16,37\n2  \u00e8me   cat\u00e9gorie   : \nStabulation paill\u00e9e ou abris de plein champ\nCrit\u00e8res d'appr\u00e9ciation :\nEau et \u00e9lectricit\u00e9, chemin d'acc\u00e8s\n1,61 5,46\nAutres \u00e9quipements : \nPistes et carri\u00e8res et surfaces assimil\u00e9es 0,54 1,64\nSign\u00e9 : Le Pr\u00e9fet : Xavier BRUNETIERE\n\uf0bf\nDIVERS\nDDFIP - Direction D\u00e9partementale des Finances Publiques\nArr\u00eat\u00e9 du 14 septembre 2023 relatif au r\u00e9gime de fermeture exceptionnelle au public du Service des Imp\u00f4ts des Particuliers de Saint-\nL\u00f4\nArt. 1 : Le Service des Imp\u00f4ts des Particuliers de Saint-L\u00f4, situ\u00e9 dans les locaux de la cit\u00e9 administrative, Place de la Pr\u00e9fecture, sera ferm\u00e9 \u00e0\ntitre exceptionnel :\n- le lundi 25 septembre 2023 apr\u00e8s-midi,\nArt. 2 :Le pr\u00e9sent arr\u00eat\u00e9 sera publi\u00e9 au recueil des actes administratifs de la Pr\u00e9fecture et affich\u00e9 dans les locaux des services vis\u00e9s \u00e0\nl'article 1er.\nSign\u00e9 : Le directeur d\u00e9partemental des finances publiques de la Manche : Herv\u00e9 BRABANT\n\uf0bf\nArr\u00eat\u00e9 du 14 septembre 2023 relatif au r\u00e9gime de fermeture exceptionnelle au public de l'antenne de Coutances du Service des\nImp\u00f4ts des Particuliers de Saint-L\u00f4, \nArt. 1  : L'antenne de Coutances du Service des Imp\u00f4ts des Particuliers de Saint-L\u00f4, situ\u00e9e 13 rue Eleonor Daubr\u00e9e, sera ferm\u00e9e \u00e0 titre\nexceptionnel :\n- le lundi 25 septembre 2023 apr\u00e8s-midi,\nArt. 2 : Le pr\u00e9sent arr\u00eat\u00e9 sera publi\u00e9 au recueil des actes administratifs de la Pr\u00e9fecture et affich\u00e9 dans les locaux des services vis\u00e9s \u00e0 l'article\n1er.\nSign\u00e9 : Le directeur d\u00e9partemental des finances publiques de la Manche : Herv\u00e9 BRABANT\n\uf0bf\nArr\u00eat\u00e9 du 14 septembre 2023 relatif au r\u00e9gime de fermeture exceptionnelle au public du Centre des finances publiques de Carentan\nArt. 1 : Les services du Centre des finances publiques de Carentan, situ\u00e9s 1 rue Giesmard, seront ferm\u00e9s \u00e0 titre exceptionnel :\n- le lundi 25 septembre 2023 apr\u00e8s-midi,\nArt. 2 : Le pr\u00e9sent arr\u00eat\u00e9 sera publi\u00e9 au recueil des actes administratifs de la Pr\u00e9fecture et affich\u00e9 dans les locaux des services vis\u00e9s \u00e0 l'article\n1er.\nSign\u00e9 : Le directeur d\u00e9partemental des finances publiques de la Manche : Herv\u00e9 BRABANT\n\uf0bf\nD\u00e9cision de d\u00e9l\u00e9gation de signature du 15 septembre 2023 en mati\u00e8re d'ordonnancement secondaire\nVu le d\u00e9cret n\u00b0 2004-374 du 29 avril 2004 relatif au pouvoir des pr\u00e9fets, \u00e0 l'organisation et \u00e0 l'action des services de l'Etat dans les r\u00e9gions\net les d\u00e9partements, modifi\u00e9 par le d\u00e9cret n\u00b02010-146 du 16 f\u00e9vrier 2010 et par le d\u00e9cret, n\u00b0210-687 du 24 juin 2010 ;\nVu le d\u00e9cret n\u00b02009-208 du 20 f\u00e9vrier 2009 relatif au statut particulier des administrateurs des finances publiques ;\nVu le d\u00e9cret n\u00b02009-707 du 16 juin 2009 modifi\u00e9 relatif aux services d\u00e9concentr\u00e9s de la direction g\u00e9n\u00e9rale des finances publiques ;\nVu le d\u00e9cret n\u00b02012-1246 du 7 novembre 2012 relatif \u00e0 la gestion budg\u00e9taire et comptable publique ;\nVu le d\u00e9cret du 13 juillet 2023 portant nomination de M. Xavier BRUNETIERE, pr\u00e9fet de la Manche ;\nVu l'arr\u00eat\u00e9 du 28 juin 2021 portant r\u00e9int\u00e9gration de M. Emmanuel BAZIN, administrateur des finances publiques adjoint au sein de la\ndirection g\u00e9n\u00e9rale des finances publiques, et l'affectant \u00e0 la direction d\u00e9partementale des finances publiques de la Manche en qualit\u00e9 de\nresponsable du p\u00f4le ressources humaines et moyens au 1er septembre 2021 ;\nVu l'arr\u00eat\u00e9 pr\u00e9fectoral du 23 ao\u00fbt 2023 portant d\u00e9l\u00e9gation de signature en mati\u00e8re d'ordonnancement secondaire \u00e0 M. Emmanuel BAZIN,\nadministrateur des finances publiques adjoint, responsable du p\u00f4le ressources humaines et moyens de la DDFiP de la Manche ;\nVu l'arr\u00eat\u00e9 pr\u00e9fectoral du 11 septembre 2023 portant d\u00e9l\u00e9gation en mati\u00e8re d'actes relevant du pouvoir adjudicateur \u00e0 M. Emmanuel BAZIN,\nadministrateur des finances publiques adjoint, responsable du p\u00f4le ressources humaines et moyens \u00e0 la DDFIP de la Manche ;\nLes d\u00e9l\u00e9gations qui me sont conf\u00e9r\u00e9es par les arr\u00eat\u00e9s du pr\u00e9fet de la Manche en date du 23 ao\u00fbt 2023 et du 11 septembre 2023 seront\nexerc\u00e9es par :\nM. Simon LEPETIT, inspecteur principal des finances publiques\nMme Aur\u00e9lie LECAMPION-COUILLARD, inspectrice divisionnaire des finances publiques\nM. C\u00e9dric FILY, inspecteur des finances publiques, pour Chorus c\u0153ur et Chorus formulaire, avec pour cette derni\u00e8re application les profils\nsaisisseur et valideur, \u00e0 l'exclusion du groupe utilisateur (GU) \u00ab indus sur r\u00e9mun\u00e9ration \u00bb\nM. Alexis LELIEVRE,  contr\u00f4leur  principal  des finances  publiques,  pour  Chorus c\u0153ur et Chorus formulaire, avec  pour  cette derni\u00e8re\napplication les profils saisisseur et valideur, \u00e0 l'exclusion des groupes utilisateurs (GU) \u00ab  gestion de la Cit\u00e9 administrative  \u00bb et \u00ab  indus sur\nr\u00e9mun\u00e9ration \u00bb\nM. Jo\u00ebl  HUS,  agent  administratif  principal  des  finances  publiques,  pour  Chorus  formulaire,  avec  les profils saisisseur  et  valideur,  \u00e0\nl'exclusion des groupes utilisateurs (GU) \u00ab gestion de la Cit\u00e9 administrative \u00bb et \u00ab indus sur r\u00e9mun\u00e9ration \u00bb\nM. Philippe LARBANOIS, contr\u00f4leur principal des finances publiques, pour Chorus formulaire, dans le cadre exclusif du groupe utilisateur\n(GU) \u00ab gestion de la Cit\u00e9 administrative \u00bb\nMme Fanny L'HERMITTE, inspectrice des finances publiques, pour Chorus DT \u00ab  frais de d\u00e9placement  \u00bb, avec le profil valideur (frais de\nd\u00e9placement)\nMme St\u00e9phanie REMANDE, inspectrice des finances publiques, pour Chorus DT \u00ab  frais de d\u00e9placement  \u00bb, avec le profil valideur (frais de\nd\u00e9placement), et Chorus formulaire, avec le profil valideur, dans le cadre exclusif du groupe utilisateur (GU) \u00ab indus sur r\u00e9mun\u00e9ration \u00bb\nMme Patricia VAUBERT, contr\u00f4leuse principale des finances publiques, pour Chorus DT \u00ab  frais de d\u00e9placement  \u00bb, avec le profil valideur\n(frais  de  d\u00e9placement),  et  Chorus  formulaire,  avec  le profil  valideur,  dans  le cadre  exclusif  du  groupe  utilisateur  (GU)  \u00ab indus  sur\nr\u00e9mun\u00e9ration \u00bb\nMme L\u00e9onie  BRUN,  contr\u00f4leuse  principale  des  finances  publiques  et  M.  Jean-No\u00ebl  PERRUAUX,  contr\u00f4leur  principal  des  finances\npubliques, pour Chorus DT \u00ab frais de d\u00e9placement \u00bb, avec le profil valideur (frais de d\u00e9placement)\nToutes dispositions contraires \u00e0 la pr\u00e9sente d\u00e9cision sont abrog\u00e9es.\nSign\u00e9 : L'administrateur des finances publiques adjoint : Emmanuel BAZIN\n\uf0bf\nD\u00e9partement de la Manche - Imprimerie administrative - Directeur de la publication : Mme la Secr\u00e9taire g\u00e9n\u00e9rale","date":"2023-09-19","first_seen_on":"2025-07-18T12:12:23+00:00","id":"f717986c8598dbe884376aba3942c87f15a7070445003aebd4e234fa064537ed","name":"RAA sp\u00e9cial n\u00b080","pdf_creation_date":"2023-09-19T14:28:25+00:00","pdf_modification_date":null,"timezone":"Europe/Paris","url":"https://www.manche.gouv.fr/contenu/telechargement/57876/449070/file/SP%2080.pdf"}
