{"administration":"pref83","administration_name":"Pr\u00e9fecture du Var","content":"VAR\nRECUEIL DES ACTES\nADMINISTRATIFS\nN\u00b083-2025-341\nPUBLI\u00c9 LE  9 OCTOBRE 2025\nSommaire\nPr\u00e9fecture du VAR / Direction de la citoyennet\u00e9 et de la l\u00e9galit\u00e9\n83-2025-10-08-00003 - ARR\u00caT\u00c9 n\u00b0 DCL/BERG/2025/203 du 08 octobre\n2025 accordant la d\u00e9nomination de commune touristique  \u00e0 la\ncommune de Sanary-sur-Mer. (3 pages) Page 3\nPr\u00e9fecture du VAR / Direction des s\u00e9curit\u00e9s\n83-2025-10-09-00001 - AP-2025-09-7 ACTIROUTE ajout de salle (2 pages) Page 7\n2\nPr\u00e9fecture du VAR\n83-2025-10-08-00003\nARR\u00caT\u00c9 n\u00b0 DCL/BERG/2025/203 du 08 octobre\n2025 accordant la d\u00e9nomination de commune\ntouristique  \u00e0 la commune de Sanary-sur-Mer.\nPr\u00e9fecture du VAR - 83-2025-10-08-00003 - ARR\u00caT\u00c9 n\u00b0 DCL/BERG/2025/203 du 08 octobre 2025 accordant la d\u00e9nomination de\ncommune touristique  \u00e0 la commune de Sanary-sur-Mer. 3\n=mPREFETDU VARLibert\u00e9Egalit\u00e9Fraternit\u00e9\nDirection de la citoyennet\u00e9 et de la l\u00e9galit\u00e9\nBureau des \u00e9lections et de la r\u00e9glementation g\u00e9n\u00e9rale\nARR\u00caT\u00c9 n\u00b0 DCL/BERG/2025/203 du 08 octobre 2025\naccordant la d\u00e9nomination de commune touristique \n\u00e0 la commune de Sanary-sur-Mer.\nLe Pr\u00e9fet du Var,\nVu  le code du tourisme, notamment ses articles L. 133-11, L. 133-12, L. 133-15, R. 133-32 et  \nsuivants ;\nVu le d\u00e9cret du Pr\u00e9sident de la R\u00e9publique du 15 mai 2025 portant nomination de Monsieur  \nSimon BABRE, pr\u00e9fet du Var ;\nVu l'arr\u00eat\u00e9 du 02 septembre 2008 modifi\u00e9 relatif aux communes touristiques et aux stations  \nclass\u00e9es de tourisme ;\nVu l'arr\u00eat\u00e9 pr\u00e9fectoral n\u00b024/398 en date du 05 d\u00e9cembre 2024 relatif au classement dans la  \ncat\u00e9gorie I de l'Office de Tourisme de Sanary-sur-Mer ; \nVu l'arr\u00eat\u00e9 pr\u00e9fectoral n\u00b0 2025/12/MCI du 02 juin 2025 portant d\u00e9l\u00e9gation de signature \u00e0  \nMonsieur  Lucien  GIUDICELLI,  secr\u00e9taire  g\u00e9n\u00e9ral  de  la  pr\u00e9fecture  du  Var,  sous-pr\u00e9fet  de \nl'arrondissement de Toulon ;\nVu la d\u00e9lib\u00e9ration n\u00b0 DEL_2025_067 du 02 avril 2025, du conseil municipal de la commune du  \nSanary-sur-Mer, autorisant le maire \u00e0 solliciter la d\u00e9nomination de commune touristique ;\nVu la demande re\u00e7ue le 04 septembre 2025, \u00e0 la pr\u00e9fecture, compl\u00e9t\u00e9e le 29 septembre 2025, \nde d\u00e9nomination en commune touristique de la commune du Sanary-sur-Mer, pr\u00e9sent\u00e9e par \nle maire ;\nConsid\u00e9rant que  la  demande  pr\u00e9sent\u00e9e  est  conforme  aux  textes  en  vigueur,  et  que  la \ncommune satisfait aux conditions fix\u00e9es par les textes susvis\u00e9s ;\nSur proposition du secr\u00e9taire g\u00e9n\u00e9ral de la pr\u00e9fecture ;\n1/2\nPr\u00e9fecture du VAR - 83-2025-10-08-00003 - ARR\u00caT\u00c9 n\u00b0 DCL/BERG/2025/203 du 08 octobre 2025 accordant la d\u00e9nomination de\ncommune touristique  \u00e0 la commune de Sanary-sur-Mer. 4\nA R R E T E\nArticle 1  :  La commune  de  Sanary-sur-Mer est d\u00e9nomm\u00e9e commune touristique,  pour une  \ndur\u00e9e de cinq ans.\nArticle 2 : Le pr\u00e9sent arr\u00eat\u00e9 prendra effet \u00e0 compter de sa date de notification.\nArticle 3 : Le dossier de la demande de d\u00e9nomination en commune touristique est annex\u00e9 au  \npr\u00e9sent arr\u00eat\u00e9. Il est consultable \u00e0 la pr\u00e9fecture du Var.\nArticle 4  :  Le secr\u00e9taire g\u00e9n\u00e9ral de la pr\u00e9fecture du Var et le maire  de  Sanary-sur-Mer sont \ncharg\u00e9s, chacun en ce qui le concerne, de l'ex\u00e9cution du pr\u00e9sent arr\u00eat\u00e9, qui sera publi\u00e9 au  \nrecueil  des  actes  administratifs  de  la  pr\u00e9fecture  du  Var,  et  dont  copie  sera  adress\u00e9e  au \nministre de l'\u00e9conomie, des finances et de la souverainet\u00e9 industrielle et num\u00e9rique, et au  \ndirecteur des archives d\u00e9partementales.\nFait \u00e0 Toulon, le 08 octobre 2025\nPour le Pr\u00e9fet et par d\u00e9l\u00e9gation,\nle secr\u00e9taire g\u00e9n\u00e9ral,\nSign\u00e9 : Lucien GIUDICELLI\nDans un d\u00e9lai de deux mois \u00e0 compter de la date de notification du pr\u00e9sent arr\u00eat\u00e9, les recours suivants peuvent \u00eatre introduits \nconform\u00e9ment aux dispositions des articles R. 421-1 et suivants du code de justice administrative :\n- un recours gracieux, adress\u00e9 \u00e0 : M. le pr\u00e9fet du Var \u2013 Bd du 112\u00e8me r\u00e9giment d'infanterie- CS 31209 - 83070 TOULON CEDEX\n- un recours hi\u00e9rarchique adress\u00e9 au ministre de l'int\u00e9rieur .\nDans ce cas, le silence de l'administration vaut rejet implicite au terme d'un d\u00e9lai de deux mois.\nApr\u00e8s un recours gracieux ou hi\u00e9rarchique, le d\u00e9lai du recours contentieux ne court qu'\u00e0 compter du rejet explicite ou implicite \nde l'un de ces recours.\n- un recours contentieux, en saisissant le tribunal administratif de Toulon : 5 rue Racine -BP 40510 - 83 041 TOULON CEDEX 9\nLe tribunal administratif peut \u00eatre saisi par l'application informatique \u00ab T\u00e9l\u00e9recours citoyens \u00bb accessible par le site internet \n\u00ab www.telerecours.fr \u00bb.\n2/2\nPr\u00e9fecture du VAR - 83-2025-10-08-00003 - ARR\u00caT\u00c9 n\u00b0 DCL/BERG/2025/203 du 08 octobre 2025 accordant la d\u00e9nomination de\ncommune touristique  \u00e0 la commune de Sanary-sur-Mer. 5\nAnnexe \u00e0 l'arr\u00eat\u00e9 n\u00b0 DCL/BERG/2025/203 du 08 octobre 2025\nportant d\u00e9nomination en commune touristique \nde la commune de Sanary-sur-Mer.\nListe  des  documents  annex\u00e9s  et  consultables  \u00e0  la  pr\u00e9fecture  du  Var  /direction  de  la \ncitoyennet\u00e9 et de la l\u00e9galit\u00e9 /bureau des \u00e9lections et de la r\u00e9glementation g\u00e9n\u00e9rale :\n- d\u00e9lib\u00e9ration n\u00b0 DEL_2025_067 du 02 avril 2025, du conseil municipal de la commune du  \nSanary-sur-Mer, autorisant le maire \u00e0 solliciter la d\u00e9nomination de commune touristique ;\n- demande re\u00e7ue le 04 septembre 2025, \u00e0 la pr\u00e9fecture, compl\u00e9t\u00e9e le 29 septembre 2025, \nde d\u00e9nomination en commune touristique de la commune du Sanary-sur-Mer, pr\u00e9sent\u00e9e \npar le maire ;\n- arr\u00eat\u00e9 pr\u00e9fectoral n\u00b024/398 en date du 05 d\u00e9cembre 2024 relatif au classement dans la  \ncat\u00e9gorie I de l'Office de Tourisme de Sanary-sur-Mer ; \n- capacit\u00e9s d'h\u00e9bergement de la population non permanente ;\n- pi\u00e8ces justificatives des capacit\u00e9s d'h\u00e9bergement de la population non permanente ;\n- animations touristiques organis\u00e9es en 2024 et 2025 ;\n- pi\u00e8ces justificatives des animations touristiques.\nPr\u00e9fecture du VAR - 83-2025-10-08-00003 - ARR\u00caT\u00c9 n\u00b0 DCL/BERG/2025/203 du 08 octobre 2025 accordant la d\u00e9nomination de\ncommune touristique  \u00e0 la commune de Sanary-sur-Mer. 6\nPr\u00e9fecture du VAR\n83-2025-10-09-00001\nAP-2025-09-7 ACTIROUTE ajout de salle\nPr\u00e9fecture du VAR - 83-2025-10-09-00001 - AP-2025-09-7 ACTIROUTE ajout de salle 7\nE =PREFETDU VARLibert\u00e9Egalit\u00e9Fraternit\u00e9\n      Direction des S\u00e9curit\u00e9s\n      Service de l'\u00c9ducation \n      et de la S\u00e9curit\u00e9 Routi\u00e8res\n       P\u00f4le \u00c9ducation Routi\u00e8re\nARR\u00caT\u00c9 PR\u00c9FECTORAL n\u00b0 2025-09-7\nportant modification d'un agr\u00e9ment d'un Centre charg\u00e9 d'organiser les Stages de \nSensibilisation \u00e0 la S\u00e9curit\u00e9 Routi\u00e8re\nLe Pr\u00e9fet du Var,\nChevalier de la L\u00e9gion d'honneur,\nChevalier de L'Ordre du M\u00e9rite,\nVu le Code de la route, notamment ses articles L. 212-1 \u00e0 L .212-5, L. 213-l \u00e0 L. 213-7 , L223-6, \nR. 212-1 \u00e0 R. 213-6 , R. 223-5 \u00e0 R. 223-8\u00a0;\nVu l'article L.211-1 du Code des assurances\u00a0;\nVu l'arr\u00eat\u00e9 du 8 janvier 2001 modifi\u00e9 cr\u00e9ant un registre national de l'enseignement de la  \nconduite des v\u00e9hicules \u00e0 moteur et de la s\u00e9curit\u00e9 routi\u00e8re\u00a0;\nVu l'arr\u00eat\u00e9 du 25 f\u00e9vrier 2004 relatif aux documents \u00e9tablis \u00e0 l'occasion du suivi des stages  \nde sensibilisation \u00e0 la s\u00e9curit\u00e9 routi\u00e8re\u00a0;\nVu l'arr\u00eat\u00e9 du 26 juin 2012 modifi\u00e9 fixant les conditions d'exploitation des \u00e9tablissements  \ncharg\u00e9s d'animer  les stages de sensibilisation \u00e0 la s\u00e9curit\u00e9 routi\u00e8re\u00a0;\nVu l'arr\u00eat\u00e9 pr\u00e9fectoral n\u00b0 2025/14/MCI du 2 juin 2025 portant d \u00e9l\u00e9gation de signature \u00e0  \nMme Jos\u00e9phine GUIGLIANO-BOUTONNET, directrice de Cabinet du pr\u00e9fet du Var\u00a0;\nVu  l'arr\u00eat\u00e9 pr\u00e9fectoral du n\u00b02024-01-10 du 28 octobre 2024 modifi\u00e9 , autorisant  Monsieur \nPOLTEAU Jo\u00ebl  \u00e0 exploiter le Centre charg\u00e9 d'organiser des Stages de Sensibilisation \u00e0 la  \nS\u00e9curit\u00e9 Routi\u00e8res (CSSR) d\u00e9nomm\u00e9 \u00ab\u00a0ACTIROUTE\u00a0\u00bb sous l'agr\u00e9ment n\u00b0 R 13\u00a0083 0007 0 situ\u00e9 \n4 rue Georges CHARPAK-85200 FONTENAY-LE-COMTE\u00a0;\nConsid\u00e9rant le courriel du 30 septembre 2025 du C entre charg\u00e9 d'organiser des Stages de  \nSensibilisation \u00e0 la S\u00e9curit\u00e9 Routi\u00e8res (CSSR)  d\u00e9nomm\u00e9 \u00abACTIROUTE\u00bb sous l'agr\u00e9ment n\u00b0 R \n13  083  0007  0, informant  le  Pr\u00e9fet  d'un  ajout  de  salle  d'organisation  de  stages  de \nsensibilisation \u00e0 la s\u00e9curit\u00e9 routi\u00e8re \u00ab \u00a0RH2C FORMATION-1177 Route de TOULON-Quartier  \nSAINT-GERVAIS-83400 HY\u00c8RES\u00a0;\nConsid\u00e9rant  que  la  demande  de  l'int\u00e9ress\u00e9  remplit,  ce  jour,  toutes  les  conditions  \nr\u00e9glementaires\u00a0;\nSur proposition de Madame la directrice de cabinet du pr\u00e9fet du Var\u00a0:\nPr\u00e9fecture du VAR - 83-2025-10-09-00001 - AP-2025-09-7 ACTIROUTE ajout de salle 8\nARR\u00caTE\nArticle 1  er\n  \u00a0  : L'article 3 de l'arr\u00eat\u00e9 du 28 octobre 2024 modifi\u00e9 est modifi\u00e9 comme suit\u00a0:\n             \u00ab\u00a0Article 3  \u00a0  :   L'\u00e9tablissement est habilit\u00e9, \u00e0 dispenser les stages de sensibilisation \u00e0 la \ns\u00e9curit\u00e9 routi\u00e8re dans les salles de formation suivantes\u00a0:\n- RK2C FORMATION-1177 Route de TOULON-Quartier SAINT-GERVAIS-83400 HY\u00c8RES\u00a0;\n- AUTO-\u00c9COLE LA ROUGE ET NOIRE-844 Avenue du XV  Corps-83000 TOULON\u1d49 \u00a0;\n- Centre de formation H\u00e9l\u00e8ne CORNET-VITAMINE FORMATION-1659 Avenue Robert BRUN-\nZA DE CAMP LAURENT-83500 LA SEYNE SUR MER\u00a0;\n- H\u00f4tel KYRIAD FR\u00c9JUS Centre-422 Avenue Andr\u00e9 LEOTARD-83600  FR\u00c9JUS\u00a0;\n- H\u00f4tel IBIS HY\u00c8RES Centre-770 Avenue Jean MOULIN-83400 HY\u00c8RES\u00a0;\n- LE COL DE L'ANGE-1308 Avenue de TUTTLINGEN-83300 DRAGUIGNAN\u00a0;\n-H\u00f4tel  SAINT-AYGULF-Salle-ESTEREL-Quartier  SAINT-AYGULF-20  Rue  d'ALSCACE-83370 \nFR\u00c9JUS\u00a0;\nArticle 2  \u00a0  : Les autres articles de l'arr\u00eat\u00e9 susvis\u00e9 restent inchang\u00e9s.\nArticle 3  \u00a0  :  La modification r\u00e9sultant du pr\u00e9sent arr\u00eat\u00e9 sera enregistr\u00e9e dans le registre  \nnational de l'enseignement de la conduite des v\u00e9hicules \u00e0 moteur et de la s\u00e9curit\u00e9 routi\u00e8re \ncr\u00e9e par l'arr\u00eat\u00e9 du 8 janvier 2001 pr\u00e9cit\u00e9.\nConform\u00e9ment \u00e0 la loi n\u00b0 78-17 du 6 janvier 1978 relative \u00e0 l'informatique, aux fichiers et  \naux libert\u00e9s, toute personne peut obtenir communication et, le cas \u00e9ch\u00e9ant, rectification  \ndes  informations  la  concernant,  en  s'adressant  au  P\u00f4le  \u00e9ducation  Routi\u00e8re  situ\u00e9  244 \nAvenue de l'Infanterie Marine \u00e0 TOULON (83070).\nArticle 4  \u00a0  : Madame la directrice de Cabinet du pr\u00e9fet du Var est charg\u00e9e de l'ex\u00e9cution du \npr\u00e9sent arr\u00eat\u00e9 qui sera publi\u00e9 au recueil des actes administratifs de la Pr\u00e9fecture du Var. Le \npr\u00e9sent arr\u00eat\u00e9 peut-\u00eatre contest\u00e9 devant le tribunal administratif comp\u00e9tant dans un d\u00e9lai \nde deux mois \u00e0 compter de sa publication.\n                                                                                     Fait \u00e0 Toulon, le 9 octobre 2025\n                       Pour le pr\u00e9fet et par d\u00e9l\u00e9gation\nPour le D\u00e9l\u00e9gu\u00e9 \u00e0 l'\u00c9ducation Routi\u00e8re \net par d\u00e9l\u00e9gation\nl'adjoint au D\u00e9l\u00e9gu\u00e9\nSign\u00e9\nRoland ESQUIVA\nConform\u00e9ment aux dispositions de l'article R. 421-1 et suivants du Code de justice administrative, le pr\u00e9sent arr\u00eat\u00e9 peut faire l'objet dans un d\u00e9lai de deux mois \u00e0  \ncompter de sa parution\u00a0:\n\u2013\u00a0d'un recours administratif (recours gracieux aupr\u00e8s du pr\u00e9fet du Var ou recours hi\u00e9rarchique aupr\u00e8s du ministre de l'Int\u00e9rieur)\n\u2013\u00a0d'un recours contentieux devant le tribunal administratif de Toulon. Le tribunal administratif peut \u00eatre saisi par l'application informatique \u00ab \u00a0T\u00e9l\u00e9 recours citoyens\u00a0\u00bb \naccessible par le site Internet www.telerecours.fr\nPr\u00e9fecture du VAR - 83-2025-10-09-00001 - AP-2025-09-7 ACTIROUTE ajout de salle 9","date":"2025-10-09","first_seen_on":"2025-10-09T14:48:29+00:00","id":"f724d9357e9e5add0253b824bd0056b93feb46f764abcba16799c5a575722e27","name":"RAA N\u00b0341 du 9 octobre 2025","pdf_creation_date":"2025-10-09T14:26:09+00:00","pdf_modification_date":null,"timezone":"Europe/Paris","url":"https://www.var.gouv.fr/contenu/telechargement/43071/281753/file/RAA%20N%C2%B0341%20du%209%20octobre%202025%20.pdf"}
