{"administration":"pref56","administration_name":"Pr\u00e9fecture du Morbihan","content":"PR\u00c9FET\nDU MORBIHAN\nRECUEIL DES ACTES\nADMINISTRATIFS SP\u00c9CIAL\n(NOMINATIFS)\nN\u00b0 56-2025-036\nPUBLI\u00c9 LE  2 MAI 2025\nSommaire\n5601_Pr\u00e9fecture et sous-pr\u00e9fectures / Direction de la Citoyennet\u00e9 et de la L\u00e9galit\u00e9 (\nDCL )\n56-2025-04-18-00003 - Arr\u00eat\u00e9 pr\u00e9fectoral du 18 avril 2025 portant composition de la\ncommission d\u00e9partementale de la coop\u00e9ration intercommunale (CDCI) du Morbihan (2 pages)Page 3\n5601_Pr\u00e9fecture et sous-pr\u00e9fectures / DS/Service Interminist\u00e9riel de D\u00e9fense et de\nProtection Civile (SIDPC)\n56-2025-04-18-00004 - Arr\u00eat\u00e9 pr\u00e9fectoral portant renouvellement de la commission de suivi\nde site de la soci\u00e9t\u00e9 SICOGAZ 56530 QUEVEN (2 pages) Page 5\n5603_Direction d\u00e9partementale de l'emploi, du travail et des solidarit\u00e9s du Morbihan / P\u00f4le\nlutte contre l'exclusions et protection des personnes\n56-2025-04-16-00008 - Arr\u00eat\u00e9 pr\u00e9fectoral du 16 avril 2025 fixant la composition du conseil\nm\u00e9dical pl\u00e9nier (6 pages) Page 7\n56-2025-04-25-00003 - Arr\u00eat\u00e9 pr\u00e9fectoral du 25 avril 2025 fixant la composition des deux\nconseils de famille des pupilles de l'\u00e9tat dans le Morbihan (3 pages) Page 13\n5606_Direction des Services D\u00e9partementaux de l'Education Nationale DSDEN / Service\nd\u00e9partemental \u00e0 la jeunesse, \u00e0 l'engagement et aux sports\n56-2025-04-25-00004 - arr\u00eat\u00e9 nominations coll\u00e8ge d\u00e9partemental 2025 56 FDVA-2 (1 page)Page 16\nEnPREFETDU MORBIHANLibert\u00e9Egalit\u00e9Fraternit\u00e9\nDirection de la citoyennet\u00e9 et de la l\u00e9galit\u00e9\nBureau de l'intercommunalit\u00e9\n et de l'urbanisme\nARR\u00caT\u00c9 PORTANT COMPOSITION DE LA COMMISSION D\u00c9PARTEMENTALE DE\n LA COOP\u00c9RATION INTERCOMMUNALE (CDCI) DU MORBIHAN\nLE PREFET DU MORBIHAN\nChevalier de la L\u00e9gion d'honneur\nOfficier de l'ordre national du M\u00e9rite\nVu le code g\u00e9n\u00e9ral des collectivit\u00e9s territoriales, notamment son article L5211-43 ;\nVu le d\u00e9cret du 20 juillet 2022 portant nomination de M. Pascal BOLOT, pr\u00e9fet du Morbihan ;\nVu l'arr\u00eat\u00e9 pr\u00e9fectoral du 22 septembre 2020 constatant le nombre et la r\u00e9partition des si\u00e8ges de la CDCI du Morbihan en formation  \npl\u00e9ni\u00e8re et en formation restreinte ;\nVu l'arr\u00eat\u00e9 pr\u00e9fectoral du 5 d\u00e9cembre 2024 portant composition de la CDCI du Morbihan ;\nVu les r\u00e9sultats des \u00e9lections l\u00e9gislatives ayant eu lieu les 30 juin 2024 et 7 juillet 2024 ;\nVu la nomination de Mme Anne LE H\u00c9NANFF, d\u00e9put\u00e9e du Morbihan, et de M. Paul MOLAC, d\u00e9put\u00e9 du Morbihan, par Mme la  \nPr\u00e9sidente de l'Assembl\u00e9e Nationale le 6 d\u00e9cembre 2024, en qualit\u00e9 de membres de la CDCI du Morbihan ;\nVu le courrier de M. le pr\u00e9fet du Morbihan du 6 janvier 2025 \u00e0 Mme la Pr\u00e9sidente de l'Assembl\u00e9e Nationale l'informant que M. Paul  \nMOLAC est d\u00e9j\u00e0 membre de la CDCI au titre de son mandat de conseiller r\u00e9gional et souhaite le rester ; \nVu le courrier de Mme la Pr\u00e9sidente de l'Assembl\u00e9e Nationale \u00e0 M. le pr\u00e9fet du Morbihan en date du 23 janvier 2025 informant que  \nM. Jimmy PAHUN, d\u00e9put\u00e9 du Morbihan, sera nomm\u00e9 en remplacement de M. Paul MOLAC ;\nSur proposition de M. le secr\u00e9taire g\u00e9n\u00e9ral de la pr\u00e9fecture du Morbihan ;\n                                                                             ARR  \u00ca  TE  \nARTICLE 1er : L'arr\u00eat\u00e9 pr\u00e9fectoral du 5 d\u00e9cembre 2024 portant composition de la CDCI du Morbihan est abrog\u00e9.\nARTICLE 2 : La CDCI du Morbihan est compos\u00e9e des membres suivants :\n- Repr\u00e9sentants des communes ayant une population inf\u00e9rieure \u00e0 la moyenne communale du d\u00e9partement  :\nM. Michel PICHARD, maire de M\u00e9n\u00e9ac\nM. Bruno GICQUELLO, maire de Malestroit\nMme Gwen GUILLERME, maire de Lizio\nMme St\u00e9phanie DOYEN, maire de Saint-Pierre-Quiberon\nM. Nicolas JAGOUDET, maire de Josselin\nM. Pascal PUISAY, maire de P\u00e9nestin\nM. Jo\u00ebl MARIVAIN, maire de Kerfourn\nM. Michel GUERNEVE, maire de Locqueltas\nM. Dominique LE NINIVEN, maire de Priziac\n-  Repr\u00e9sentants des cinq communes les plus peupl\u00e9es du d\u00e9partement :\nM. David ROBO, maire de Vannes\nM. Gilles CARRERIC, maire de Lanester\nM. Ronan LOAS, maire de Plo\u00ebmeur\nM. Andr\u00e9 HARTEREAU, conseiller municipal d'Hennebont\n- Repr\u00e9sentants des autres communes :\nM. Jean-Fran\u00e7ois MARY, maire d'Allaire\nM. Gwenn LE NAY, maire de Plouay\nM. Alain NICOLAZO, maire de Cl\u00e9guer\nMme Anne GALLO, maire de Saint-Av\u00e9\nM. G\u00e9rard CORRIGNAN, maire d'\u00c9vellys\n\nMme Diane HINGRAY, maire de Pluvigner\nMme Pascale GILLET, maire de Baud\nM. Gr\u00e9goire SUPER, maire de Locmin\u00e9\nM. Fabrice ROBELET, maire de Brec'h\n- Repr\u00e9sentants des EPCI \u00e0 fiscalit\u00e9 propre :\nM. Fabrice LOHER, pr\u00e9sident de Lorient Agglom\u00e9ration\nM. Jean-Michel BONHOMME, vice-pr\u00e9sident de Lorient Agglom\u00e9ration\nM. Fran\u00e7ois MOUSSET, vice-pr\u00e9sident de Golfe du Morbihan Vannes Agglom\u00e9ration\nM. Philippe LE RAY, pr\u00e9sident d'Auray Quiberon Terre Atlantique\nM. Bernard LE BRETON, pr\u00e9sident de Pontivy Communaut\u00e9\nM. Patrick LE DIFFON, pr\u00e9sident de Plo\u00ebrmel Communaut\u00e9,\nM. Beno\u00eet ROLLAND, pr\u00e9sident de Centre Morbihan Communaut\u00e9\nM. Jean-Luc BLEHER, pr\u00e9sident de De l'Oust \u00e0 Broc\u00e9liande Communaut\u00e9\nM. Bruno LE BORGNE, pr\u00e9sident d'Arc Sud Bretagne\nM. Michel MORVANT, vice-pr\u00e9sident de Roi Morvan Communaut\u00e9\nM. Patrice LE PENHUIZIC, pr\u00e9sident de Questembert Communaut\u00e9\nMme Sophie LE CHAT, pr\u00e9sidente de Blavet Bellevue Oc\u00e9an Communaut\u00e9\nMme Anna\u00efck HUCHET, pr\u00e9sidente de la communaut\u00e9 de communes de Belle-Ile-en-Mer\n - Repr\u00e9sentants des syndicats intercommunaux et syndicats mixtes :\nM. Dominique RIGUIDEL, pr\u00e9sident du syndicat Eau du Morbihan\nM. Ren\u00e9 LE MOULLEC, pr\u00e9sident du SIVOM du canton de Gu\u00e9m\u00e9n\u00e9-sur-Scorff\n- Repr\u00e9sentants du conseil d\u00e9partemental :\nM.David LAPPARTIENT, pr\u00e9sident du conseil d\u00e9partemental\nMme Marie-H\u00e9l\u00e8ne HERRY, conseill\u00e8re d\u00e9partementale\nM. Pierre GUEGAN, conseiller d\u00e9partemental\nMme Myrianne COCHE, conseill\u00e8re d\u00e9partementale\n- Repr\u00e9sentants du conseil r\u00e9gional :\nM. Paul MOLAC, conseiller r\u00e9gional\nMme Ga\u00eblle LE STRADIC, conseill\u00e8re r\u00e9gionale\nARTICLE 3 : Sont associ\u00e9s aux travaux de la commission, sans voix d\u00e9lib\u00e9rative :\n- en leur qualit\u00e9 de d\u00e9put\u00e9     :\nMme Anne LE H\u00c9NANFF\nM. Jimmy PAHUN\n- en leur qualit\u00e9 de s\u00e9nateur :\nM. Yves BLEUNVEN\nMme Muriel JOURDA\nARTICLE 4 : Le pr\u00e9sent arr\u00eat\u00e9 peut faire l'objet d'un recours contentieux devant le tribunal administratif de Rennes dans un d\u00e9lai de  \ndeux mois \u00e0 compter de sa publication. Ce recours contentieux peut \u00eatre formul\u00e9 en utilisant l'application \u00ab  T\u00e9l\u00e9recours-citoyens\u00bb \nsur le site www.telerecours.fr. Un recours administratif peut suspendre le d\u00e9lai de recours contentieux s'il est form\u00e9 dans un d\u00e9lai de  \ndeux mois. L'absence de r\u00e9ponse expresse \u00e0 l'issue d'un d\u00e9lai de deux mois vaut d\u00e9cision implicite de rejet du recours administratif.\nARTICLE 5  : Le  secr\u00e9taire g\u00e9n\u00e9ral de la pr\u00e9fecture du Morbihan est charg\u00e9 de l'ex\u00e9cution du pr\u00e9sent arr\u00eat\u00e9 qui sera publi\u00e9 au  \nrecueil des actes administratifs de la pr\u00e9fecture et notifi\u00e9 \u00e0 chacun des membres de la commission ainsi qu'\u00e0 :\nM. le pr\u00e9sident du conseil r\u00e9gional\nM. le pr\u00e9sident du conseil d\u00e9partemental\nM. le pr\u00e9sident de l'association des maires et des pr\u00e9sidents d'EPCI du Morbihan\nMme la sous-pr\u00e9f\u00e8te de Pontivy \nMme la sous-pr\u00e9f\u00e8te de Lorient\nM. le directeur d\u00e9partemental des finances publiques\nM. le directeur d\u00e9partemental des territoires et de la mer\nVannes, le 18 avril 2025\nLe pr\u00e9fet,\nSIGN\u00c9\nPascal BOLOT\nDirection du cabinet\nDirection des s\u00e9curit\u00e9s\nARR\u00caT\u00c9 PR\u00c9FECTORAL N\u00b0 2025-04- 60\nPORTANT RENOUVELLEMENT DE LA COMMISSION DE SUIVI DE SITE \nSOCI\u00c9T\u00c9 SICOGAZ - SEVESO SEUIL HAUT  \n LIEUDIT KERGRENNE  56 530 QUEVEN\nLe pr\u00e9fet du Morbihan\nChevalier de la L\u00e9gion d'honneur\nOfficier de l'Ordre National du M\u00e9rite\nVu le code de l'environnement notamment les articles L.125-2, L.125-2-1, L.515-8 et R.125-8-1 \u00e0 R.125-8-5 et D.125-29 \u00e0 D.125-34 ;\nVu le code des relations entre le public et l'administration ;\nVu le d\u00e9cret n\u00b0 2012-189 du 7 f\u00e9vrier 2012 relatif aux commissions de suivi de site ;\nVu le d\u00e9cret du 20 juillet 2022 portant nomination de M. Pascal BOLOT, pr\u00e9fet du Morbihan ;\nVu le d\u00e9cret du 9 octobre 2024 portant nomination de M. Ronan LE PAGE, sous-pr\u00e9fet, directeur de Cabinet du pr\u00e9fet du Morbihan ;\nVu l'arr\u00eat\u00e9 pr\u00e9fectoral du 13 juin 2018 modifi\u00e9 portant renouv ellement de la commission de suivi de site de la soci\u00e9t\u00e9 SICOG AZ \u00e0\nQu\u00e9ven, SEVESO Seuil Haut ; \nVu la d\u00e9lib\u00e9ration du conseil municipal de Qu\u00e9ven du 27 mars 2025  ;\nVu la d\u00e9lib\u00e9ration du conseil communautaire de Lorient Agglom\u00e9ration du 25 mars 2025 ;\nVu le courriel de la chambre de commerce et d'industrie du Morbihan du 7 avril 2025 ; \nVu le courriel de Mme Lisette Eliot du 18 avril 2025, ancienne pr \u00e9sidente de l'association \u00ab les amis de Kergrenn \u00bb d\u00e9signa nt deux\nriverains apr\u00e8s avoir sollicit\u00e9 leur accord pour si\u00e9ger au sein de cette commission ; \nVu le courriel du 18 avril 2025 du chef du centre SICOGAZ ;\nConsid\u00e9rant que le mandat des membres de la commission de suivi de site est arriv\u00e9 \u00e0 expiration le 13 juin 2023 ;  \nConsid\u00e9rant qu'il convient de proc\u00e9der au renouvellement de cette commission pour cette soci\u00e9t\u00e9 SEVESO Seuil Haut ;\nSur proposition de Monsieur le directeur de cabinet du pr\u00e9fet du Morbihan,\nARR\u00caTE\n Article 1\n : COMPOSITION DE LA COMMISSION \nLa commission de suivi de site (C.S.S.) pour le site de la soci \u00e9t\u00e9 SICOGAZ - SEVESO Seuil haut - situ\u00e9e au lieudit \u00ab Kergren ne \u00bb\n56530 QUEVEN est compos\u00e9e ainsi qu'il suit pour une dur\u00e9e de cinq ans.\nColl\u00e8ge \u00abAdministration     de l'\u00c9tat\u00bb \u2013 2 membres     :   \n- le pr\u00e9fet ou son repr\u00e9sentant,\n- le directeur r\u00e9gional de l'environnement, de l'am\u00e9nagement et du logement ou son repr\u00e9sentant\nColl\u00e8ge \u00ab\u00c9lus des collectivit\u00e9s territoriales     ou d'\u00e9tablissement publics de coop\u00e9ration intercommunales concern\u00e9s\u00bb     2 membres     :   \n- M. Marc BOUTRUCHE, maire de Qu\u00e9ven, titulaire\n- M. Raymond BOYER, suppl\u00e9ant\n- M. Lo\u00efc QUEGUINER, Lorient Agglom\u00e9ration, titulaire\n- Mme Armelle NICOLAS, Lorient Agglom\u00e9ration, suppl\u00e9ante\nColl\u00e8ge \u00abExploitant  \n   d'installation class\u00e9e pour laquelle la commission est cr\u00e9 \u00e9e ou organismes professionnels le repr\u00e9sentant\u00bb 2  \nmembres :\n- M. le chef de centre SICOGAZ, titulaire\n- M. le coordonnateur HSE, suppl\u00e9ant\n- M. Thierry MAHO, chambre de commerce et d'industrie du Morbihan, titulaire\nColl\u00e8ge \u00abRiverains  \n   d'installation class\u00e9e pour laquelle la commission est cr\u00e9\u00e9e ou associations de protection de l'environnement dont  \nl'objet couvre tout ou partie de la zone g\u00e9ographique pour laquelle la commission est cr\u00e9\u00e9e\u00bb 1 membre :\n- M. Michel HADO, riverain, titulaire,\n- M. Gilbert GUILLERME, riverain, suppl\u00e9ant\nColl\u00e8ge \u00abSalari\u00e9s  \n   de l'installation class\u00e9e pour laquelle la commission est cr\u00e9\u00e9e\u00bb 1 membre     :    \n- un repr\u00e9sentant du personnel de la soci\u00e9t\u00e9 SICOGAZ, titulaire\n- un repr\u00e9sentant du personnel de la soci\u00e9t\u00e9 SICOGAZ, suppl\u00e9ant\nColl\u00e8ge \u00abPersonnalit\u00e9 qualifi\u00e9e\u00bb\n- le directeur du service d\u00e9partemental d'incendie et de secours (ou son repr\u00e9sentant)\nSont \u00e9galement associ\u00e9s aux travaux de la commission, \u00e0 titre consultatif :\n- le directeur d\u00e9partemental des territoires et de la mer ou son repr\u00e9sentant,\n- le directeur d\u00e9partemental de l'emploi, du travail et des solidarit\u00e9s ou son repr\u00e9sentant,\nLa liste nominative des repr\u00e9sentants des cinq coll\u00e8ges ser a annex\u00e9e au r\u00e8glement int\u00e9rieur vis\u00e9 \u00e0 l'article 2. Cette li ste sera\nr\u00e9guli\u00e8rement mise \u00e0 jour afin de prendre en compte toute modification intervenant dans la situation des membres (perte de la qualit\u00e9\nau titre de laquelle le membre a \u00e9t\u00e9 d\u00e9sign\u00e9, d\u00e9mission, d\u00e9c\u00e8s\u2026).\nArticle 2 : FONCTIONNEMENT DE LA COMMISSION \nLe pr\u00e9sident de la commission est nomm\u00e9 sur proposition de ce tte instance par le pr\u00e9fet ou son repr\u00e9sentant lors de la prem i\u00e8re\nr\u00e9union d'installation de la commission.\nUn membre peut mandater l'un des membres de la commission, lorsqu'il n'est pas suppl\u00e9\u00e9, pour le remplacer en cas d'emp\u00eachement.\nUn membre ne peut d\u00e9tenir plus d'un mandat. En application de l'article R 125-8-4, les modalit\u00e9s de vote sont arr\u00eat\u00e9es comme suit :\n\u2022 01 voix par membre du coll\u00e8ge \u00abadministration de l'\u00c9tat\u00bb\n\u2022 01 voix par membre du coll\u00e8ge \u00abcollectivit\u00e9s territoriales\u00bb\n\u2022 01 voix par membre du coll\u00e8ge \u00abexploitant\u00bb\n\u2022 02 voix par membre du coll\u00e8ge \u00abriverains\u00bb\n\u2022 02 voix par membre du coll\u00e8ge \u00absalari\u00e9s\u00bb\n\u2022 01 voix par membre du coll\u00e8ge \u00abpersonnalit\u00e9 qualifi\u00e9e\u00bb \nCette r\u00e9partition assure l'\u00e9galit\u00e9 du poids des cinq coll\u00e8ges conform\u00e9ment \u00e0 l'article R 125-8-4 du code de l'environnement relatif aux\ncommissions de suivi de site \u00e0 l'exception du coll\u00e8ge \u00ab personnalit\u00e9 qualifi\u00e9e \u00bb. La commission se r\u00e9unit au moins une fois par an ou\nsur demande d'au moins trois membres du bureau. La commissio n de suivi de site \u00e9labore un r\u00e8glement int\u00e9rieur pour les r\u00e8g les de\nfonctionnement conform\u00e9ment aux dispositions des article s R 125-8-1 et suivants du code de l'environnement. La commis sion\ncomporte un bureau compos\u00e9 du pr\u00e9sident et d'un repr\u00e9sentant par coll\u00e8ge d\u00e9sign\u00e9 par les membres de chacun des coll\u00e8ges lors de\nla s\u00e9ance d'installation de la commission.\nLe bureau fixe l'ordre du jour des r\u00e9unions de la commission.L'inscription \u00e0 l'ordre du jour d'une demande d'avis concernant un plan de\npr\u00e9vention des risques technologique est de droit (1er alin\u00e9a de l'article D. 125-31).\nArticle 3\n : DELAIS ET VOIES DE RECOURS\nLe pr\u00e9sent arr\u00eat\u00e9 peut faire l'objet d'un recours administratif : Il peut \u00eatre contest\u00e9 par toute personne ayant un int\u00e9r\u00eat \u00e0 agir dans un\nd\u00e9lai de deux mois \u00e0 compter de sa notification ou de sa publication :\n\u00b7 par recours gracieux aupr\u00e8s du pr\u00e9fet,\n\u00b7 par recours hi\u00e9rarchique aupr\u00e8s du ministre de l'Int\u00e9rieur.\nIl peut \u00eatre d\u00e9f\u00e9r\u00e9 devant la juridiction administrative co mp\u00e9tente (tribunal administratif de Rennes) dans un d\u00e9lai d e deux mois \u00e0\ncompter de sa notification aux membres de la commission de suivi de site et de sa publication pour les tiers.\nLe tribunal administratif de Rennes peut \u00eatre saisi par l'application T\u00e9l\u00e9recours citoyens accessible par le site \nwww.telerecours.fr.\nArticle 4 : ABROGATION \nLes arr\u00eat\u00e9s pr\u00e9fectoraux des 13 juin 2018 et 10 novembre 2020 portant composition de la commission de suivi de site sont abrog\u00e9s. \nArticle 5     : EXECUTION \nLe directeur de cabinet, la sous-pr\u00e9f\u00e8te de Lorient sont cha rg\u00e9s de l'ex\u00e9cution du pr\u00e9sent arr\u00eat\u00e9 qui fera l'objet d'une publication au\nrecueil des actes administratifs de la pr\u00e9fecture du Morbih an, d'un affichage en mairie de Qu\u00e9ven et d'une notification \u00e0 chacun des\nmembres de la commission.\nVannes, le 18 avril 2025\nLe pr\u00e9fet,\nPour le pr\u00e9fet et par d\u00e9l\u00e9gation,\nle sous-pr\u00e9fet, directeur de cabinet,\nRonan LE PAGE\nExPREFETDU MORBIHANLibert\u00e9\u00c9galit\u00e9Fraternit\u00e9\nDirection D\u00e9partementale de l'emploi,\ndu travail et des solidarit\u00e9s du Morbihan\nArr\u00eat\u00e9 pr\u00e9fectoral du 16 avril 2025 fixant la composition du conseil m\u00e9dical pl\u00e9nier\nde la fonction publique territoriale du Morbihan\nLe pr\u00e9fet du Morbihan\nChevalier de la L\u00e9gion d'honneur\nOfficier de l'Ordre national du M\u00e9rite\nVU la loi n\u00b0 83-634 du 13 juillet 1983 modifi\u00e9e portant droits et obligations des fonctionnaires ;\nVU la loi n\u00b0 84-53 du 26 janvier 1984 portant dispositions statutaires relatives \u00e0 la fonction publique territoriale ;\nVU la loi n\u00b02012-347 du 12 mars 2012 modifiant l'article 23 de la loi n\u00b0 84-56 du 26 janvier 1984 portant dispositions statutaires relatives \n\u00e0 l'acc\u00e8s \u00e0 l'emploi titulaire et \u00e0 l'am\u00e9lioration des conditions d'emplois des agents contractuels dans la fonction publique, \u00e0 la lutte  \ncontre les discriminations et portant diverses dispositions relatives \u00e0 la fonction publique et notamment son article 113 concernant le  \ntransfert de ses missions pr\u00e9cit\u00e9es au centre de gestion de la fonction publique territoriale ;\nVU le d\u00e9cret du Pr\u00e9sident de la R\u00e9publique du 20 juillet 2022 portant nomination de Monsieur Pascal BOLOT en qualit\u00e9 de pr\u00e9fet du  \nMorbihan ;\nVU le d\u00e9cret n\u00b0 2004-374 du 29 avril 2004 modifi\u00e9 relatif aux pouvoirs des pr\u00e9fets, \u00e0 l'organisation et \u00e0 l'action des services de l'Etat  \ndans les r\u00e9gions et les d\u00e9partements ;\nVU le d\u00e9cret n\u00b02009-1484 du 03 d\u00e9cembre 2009 relatif aux directions d\u00e9partementales interminist\u00e9rielles ;\nVU le d\u00e9cret n\u00b0 2020-1545 du 9 d\u00e9cembre 2020 relatif \u00e0 l'organisation et aux missions des directions r\u00e9gionales de l'\u00e9conomie, de  \nl'emploi, du travail et des solidarit\u00e9s, des directions d\u00e9partementales de l'emploi, du travail, des solidarit\u00e9s et de la protection des  \npopulations ;\nVU le d\u00e9cret n\u00b0 2022-350 du 11 mars 2022 relatif aux conseils m\u00e9dicaux dans la fonction publique territoriale ;\nVU l'arr\u00eat\u00e9 pr\u00e9fectoral du 2 d\u00e9cembre 2020 fixant la composition de la commission de r\u00e9forme de la fonction publique territoriale et tous  \nses arr\u00eat\u00e9s modificatifs ;\nVU l'arr\u00eat\u00e9 pr\u00e9fectoral du 31  mars 2021 portant organisation de la direction d\u00e9partementale de l'emploi, du travail et des solidarit\u00e9s du  \nMorbihan ;\nVU l'arr\u00eat\u00e9 pr\u00e9fectoral du 20 mars 2023 fixant la composition du conseil m\u00e9dical pl\u00e9nier de la fonction publique territoriale du Morbihan  \nmodifi\u00e9 les 28 avril 2023, 4 ao\u00fbt 2023, 9 novembre 2023, 24 juillet 2024, 14 novembre 2024 et 18 d\u00e9cembre 2024 ;\nVU l'arr\u00eat\u00e9 pr\u00e9fectoral du 29 mars 2024 fixant la d\u00e9signation des m\u00e9decins g\u00e9n\u00e9ralistes et sp\u00e9cialistes agr\u00e9\u00e9s pour le d\u00e9partement du  \nMorbihan et modifi\u00e9 les 14 mai 2024, 21 ao\u00fbt 2024  et 8 janvier 2025 ;\nVU la convention sign\u00e9e le 28 novembre 2013 entre les services de l'Etat et le centre de gestion de la fonction publique territoriale du  \nMorbihan relative au transfert des secr\u00e9tariats du comit\u00e9 m\u00e9dical d\u00e9partemental et de la commission de r\u00e9forme des agents de la  \nfonction publique territoriale ;\nCONSID\u00c9RANT les nouvelles d\u00e9signations du Conseil d\u00e9partemental du Morbihan pour la cat\u00e9gorie A et du CCAS et la ville de Vannes \n;\nSUR proposition du directeur d\u00e9partemental de l'emploi, du travail et des solidarit\u00e9s du Morbihan ;\nARR\u00caTE\nArticle 1  er     : L'arr\u00eat\u00e9 pr\u00e9fectoral du 20 mars 2023 et tous ses arr\u00eat\u00e9s modificatifs suivants sont abrog\u00e9s. Le conseil m\u00e9dical pl\u00e9nier de la  \nfonction publique territoriale se compose ainsi qu'il suit :\n1 \u2013 FORMATION COMPETENTE A L'EGARD DES AGENTS DE LA REGION DE BRETAGNE EXERCANT LEURS FONCTIONS DANS \nLE DEPARTEMENT DU MORBIHAN\nRepr\u00e9sentants de l'administration\nMme Elisabeth JOUNEAUX-PEDRONO Mme Ga\u00eblle LE STRADIC \nMme Kaourintine HULAUD \nM. Simon UZENAT Mme Anne GALLO \nM. Pierre POULIQUEN \nRepr\u00e9sentants du personnel de cat\u00e9gorie A\nTitulaires Suppl\u00e9ants\nM. Pierrick BRIHAYE Mme Juliette CRISTESCU \nMme. Garlonn BERTHOLOM\nM. Didier SELOSSE Mme Ga\u00eblle CUERQ \nM. Michel BOUGAULT \nRepr\u00e9sentants du personnel de cat\u00e9gorie B\nTitulaires Suppl\u00e9ants\nM. Serge COLLETTE Mme Fran\u00e7oise KERMAREC \nMme Sylviane PERAN \nM. Olivier DURANT M. St\u00e9phane DEGAVRE \nMme Nathalie GEFFROY \nRepr\u00e9sentants du personnel de cat\u00e9gorie C\nM. Michel SALLIN Mme Nadia HOURMAND \nM. St\u00e9phane CROIZER \nMme H\u00e9l\u00e8ne TABUTEAU-LONGO M. Reunan LE MOING \nMme Isabelle GAUTELIER\n2 - FORMATION COMPETENTE A L'EGARD DU CONSEIL DEPARTEMENTAL DU MORBIHAN\nRepr\u00e9sentants de l'administration\nTitulaires Suppl\u00e9ants\nMme Anne JEHANNO M. Gilles DUFEIGNEUX \nMme Marianne ROUSSET \nMme Dominique LE MEUR M. Michel JALU \nMme Christine PENHOUET \nRepr\u00e9sentants du personnel de cat\u00e9gorie A\nTitulaires Suppl\u00e9ants\nM. Fr\u00e9d\u00e9ric BOUILLON M. Arnaud CHOUTET\nM. S\u00e9bastien LECCA\nMme Sylvie BATON Mme Myriam CLOAREC-LENOIR \nMme Estelle GUILLERME\nRepr\u00e9sentants du personnel de cat\u00e9gorie B\nTitulaires Suppl\u00e9ants\nM. Didier GOURLAY Mme Karine LE FORMAL \nMme Florence LE BOHEC \nMme Val\u00e9rie BAUBAN M. Jean-Philippe VASLIN \nMme Patricia HAMONET \nRepr\u00e9sentants du personnel de cat\u00e9gorie C\nTitulaires Suppl\u00e9ants\nMme Morgane JOLOIS M. Julien MORIO \nMme Fabienne ALLANOT \nMme Michelle CAROT Mme Nelly LE PLAIN \nMme Sandrine LE PORT \n3 - FORMATION COMPETENTE A L'EGARD DU CCAS ET DE LA VILLE DE VANNES\nRepr\u00e9sentants de l'administration\nTitulaires Suppl\u00e9ants\nM. Eric ROUILLON M. Olivier LE BRUN \nM. Maxime HUGE\nM. Patrick LALOUX M. Franck D'ABOVILLE\nRepr\u00e9sentants du personnel de cat\u00e9gorie A\nMme France LANOE M. Lo\u00efc TREGARAUD\nMme Elisabeth MARCHAND\nMme Ma\u00eblle BENJAMIN Mme Fran\u00e7oise DE LAVAL\nM. Pierre Kaloyann ATANASSOV\nRepr\u00e9sentants du personnel de cat\u00e9gorie B\nTitulaires Suppl\u00e9ants\nMme Sylvie RAYMOND M. Philippe ROUSSEL \nMme Estelle GERARD \nRepr\u00e9sentants du personnel de cat\u00e9gorie C\nTitulaires Suppl\u00e9ants\nMme Marie-Pierre BODIN M. Guy GUEZENNEC\nMme G\u00e9raldine DISSE \nM. Emmanuel CAUDAL M. Marc LE TOQUIN \nMme Rose-Marie COBO \n4 - FORMATION COMPETENTE A L'EGARD DU CCAS ET DE LA VILLE DE LANESTER\nRepr\u00e9sentants de l'administration\nTitulaires Suppl\u00e9ants\nM. Philippe JESTIN Mme Anna\u00efg LE MOEL RAFLIK \nMme Annick LE GAL \nM. Patrick LE GUENNEC M. R\u00e9my COQUELIN \nMme Gu\u00e9nola LE HUEC\nRepr\u00e9sentants du personnel de cat\u00e9gorie A\nTitulaires Suppl\u00e9ants\nM. Benjamin DREANO Mme Sophie DERRIEN \nMme Elodie LOIRAND \nMme Delphine JAMBRY Mme Nathalie GOMES \nM. Ludovic CATROS \nRepr\u00e9sentants du personnel de cat\u00e9gorie B\nTitulaires Suppl\u00e9ants\nMme Nathalie DAMATO M. Paskal CLOAREC \nM. Guillaume DONIAS\nMme Aurore SALOME-COCHARD M. Brendan GUILLOU \nRepr\u00e9sentants du personnel de cat\u00e9gorie C\nTitulaires Suppl\u00e9ants\nMme Gu\u00e9nola LE CALVE M. Franck GUIGO \nMme Virginie GUENNEC \nMme C\u00e9line DOUAY M. Th\u00e9o MOREL \n5 - FORMATION COMPETENTE A L'EGARD DU CCAS ET DE LA VILLE DE LORIENT\nRepr\u00e9sentants de l'administration\nTitulaires Suppl\u00e9ants\nMme Sophie PALANT-LE HEGARAT Mme C\u00e9cile BESNARD \nMme Anita JAUME \nM. Michel LE LANN M. Christian LE CALVE \nMme Brigitte POUCH \nRepr\u00e9sentants du personnel de cat\u00e9gorie A\nTitulaires Suppl\u00e9ants\nMme Laurence RICHOMME Mme Lucie LE SAUX \nM. Guillaume LE MEUR\nM. Pierre CREPEAUX Mme C\u00e9cile COMTE \nM. Yvon GRALL \nRepr\u00e9sentants du personnel de cat\u00e9gorie B\nTitulaires Suppl\u00e9ants\nMme Ana\u00eblle MORZEDEC M. Alain GUILLOU \nMme Anne LE HIRESS \nM. Olivier MOREAU M. Philippe JOUBERT \nMme Sylvie LEMERCIER-YVON \nRepr\u00e9sentants du personnel de cat\u00e9gorie C\nTitulaires Suppl\u00e9ants\nMme Catherine LE MERY M. Jean-Marc LE ROY \nMme Nathalie MORDEGLO \nMme St\u00e9phanie STEPHANT M. C\u00e9dric LE MECHEC \nM. Anthony DAGORNE \n6 - FORMATION COMPETENTE A L'EGARD DE LORIENT AGGLOMERATION\nRepr\u00e9sentants de l'administration\nTitulaires Suppl\u00e9ants\nMme C\u00e9line OLIVIER Mme Patricia QUERO-RUEN \nMme Martine DI GUGLIELMO \nM. Michel DAGORNE Mme Patricia JAFFRE \nMme Dominique BEGHIN \nRepr\u00e9sentants du personnel de cat\u00e9gorie A\nTitulaires Suppl\u00e9ants\nM. Eric BURTHEY M. Bernard LE GARREC \nMme Myriam LE PADELLEC \nMme Aur\u00e9lie DAVID M. Vincent LE SOMMER \nMme Anne-Laure ABAUTRET \nRepr\u00e9sentants du personnel de cat\u00e9gorie B\nTitulaires Suppl\u00e9ants\nM. Ludovic RADIGUET M. Richard FOLIOT \nM. Yann BOSC\nMme Sandra AMUS M. Alban URRUTY \nMme M\u00e9lanie CONNAN \nRepr\u00e9sentants du personnel de cat\u00e9gorie C\nTitulaires Suppl\u00e9ants\nM. Ludovic DUHAMEL Mme Ga\u00eblle RAULT \nM. Jo\u00ebl LEVENARD\nM. Yannick MOUELO M. Jo\u00ebl JESTIN\nM. Ludovic AUBRY\n7 - FORMATION COMPETENTE A L'EGARD DES COLLECTIVITES TERRITORIALES AFFILIEES\nRepr\u00e9sentants de l'administration\nTitulaires Suppl\u00e9ants\nM.  No\u00ebl PAUL M. Jean-Michel BONHOMME \nMme Christine PENHOUET \nM. Jacques MIKUSINSKI M. Bernard RIO \nMme Fran\u00e7oise MERRET \nRepr\u00e9sentants du personnel de cat\u00e9gorie A\nTitulaires Suppl\u00e9ants\nM. Kilian GAUTIER Mme Sophie DANIEL \nMme Typhaine PHILIPPE \nM. Antoine CARRON Mme Christelle LE ROUZIC \nMme Catherine NDIAYE \nRepr\u00e9sentants du personnel de cat\u00e9gorie B\nTitulaires Suppl\u00e9ants\nM. Jean-Pierre LE BOUILLE M. Richard DECOSSE \nMme Carole LE CRUGUEL \nMme Nadine LE GUEN M. Jean-Michel BONIZEC\nM. Aymeric SERGENT\nRepr\u00e9sentants du personnel de cat\u00e9gorie C\nTitulaires Suppl\u00e9ants\nM. Florian NIVINOU Mme Nathalie BELLEC \nM. Julien NOBLET\nMme Nelly BALVA M. Kevin BOUCICAUD \nMme Nolwen BERNARD \n8 - FORMATION COMPETENTE A L'EGARD DES SAPEURS POMPIERS PROFESSIONNELS (SDIS)\nRepr\u00e9sentants de l'administration\nTitulaires Suppl\u00e9ants\nMme Christine PENHOUET M. Denis BERTHOLOM\nM. Fran\u00e7ois LE COTILLEC M. Guy DERBOIS \nM. Kervin ARGENTIN \nRepr\u00e9sentants du personnel de cat\u00e9gorie A\nTitulaires Suppl\u00e9ants\nMme Peggy LEPELTIER M. Franck POISVERT \nM. Fran\u00e7ois GONZALEZ\nM. Didier MOUSEL M. Erwan GANNE \nMme Claire LUTZENBERGER \nRepr\u00e9sentants du personnel de cat\u00e9gorie B\nTitulaires Suppl\u00e9ants\nM. Ga\u00ebl CHEMIN M. S\u00e9bastien GUERIN\nM. Micha\u00ebl ROHO\nRepr\u00e9sentants du personnel de cat\u00e9gorie C\nTitulaires Suppl\u00e9ants\nM. David MAINGUY M. J\u00e9r\u00f4me PRESSE \nM. Vincent LESOURD\nM. R\u00e9gis ALLENO M. Anthony KERSULEC\nM. Claude FALQUERHO\nArticle 2 : La d\u00e9signation des membres titulaires et suppl\u00e9ants appel\u00e9s \u00e0 si\u00e9ger en conseil m\u00e9dical pl\u00e9nier est conforme aux articles 7 et 8 \ndu d\u00e9cret n\u00b0 2022-350 du 11 mars 2022 relatif aux conseils m\u00e9dicaux dans la fonction publique territoriale.\nA cet effet, les collectivit\u00e9s tiendront la direction d\u00e9partementale de l'emploi, du travail et des solidarit\u00e9s du Morbihan inform\u00e9e de tout  \nchangement, d\u00e9mission ou nouvelles d\u00e9signations.\nArticle 3 : La pr\u00e9sidence est assur\u00e9e par le Dr Nadine BRAMOULLE-CATTEAU. En cas d'absence, la pr\u00e9sidente doit d\u00e9signer un autre  \nm\u00e9decin mentionn\u00e9 sur l'arr\u00eat\u00e9 du 21 novembre 2022 ou le plus \u00e2g\u00e9 d'entre eux.\nArticle 4 : Le conseil m\u00e9dical pl\u00e9nier de la fonction publique territoriale ne peut d\u00e9lib\u00e9rer valablement que si au moins quatre de ses  \nmembres ayant voix d\u00e9lib\u00e9rative assistent \u00e0 la s\u00e9ance. Deux m\u00e9decins et un repr\u00e9sentant du personnel doivent \u00eatre obligatoirement  \npr\u00e9sents.\nArticle 5 : Un recours contre le pr\u00e9sent arr\u00eat\u00e9 peut \u00eatre exerc\u00e9 dans un d\u00e9lai de deux mois \u00e0 compter de sa notification sous forme :\n- soit d'un recours gracieux aupr\u00e8s de l'autorit\u00e9 qui a pris la d\u00e9cision,\n- soit d'un recours hi\u00e9rarchique aupr\u00e8s du ministre du travail, de l'emploi,\n- soit d'un recours contentieux aupr\u00e8s du Tribunal Administratif de Rennes, 3 contours de la Motte \u2013 35044 RENNES CEDEX y  \ncompris par l'application T\u00e9l\u00e9recours Citoyens accessible sur le site https://www.telerecours.fr.\nArticle 6 : Le secr\u00e9taire g\u00e9n\u00e9ral de la pr\u00e9fecture du Morbihan, le directeur d\u00e9partemental de l'emploi, du travail et des solidarit\u00e9s du  \nMorbihan et le pr\u00e9sident du centre d\u00e9partemental de gestion de la fonction publique territoriale sont charg\u00e9s de l'ex\u00e9cution du pr\u00e9sent  \narr\u00eat\u00e9 qui sera ins\u00e9r\u00e9 au recueil des actes administratifs de la pr\u00e9fecture du Morbihan.\nVannes, le 16 avril 2025\nLe pr\u00e9fet,\nPascal BOLOT\nExPR\u00c9FETDU MORBIHANLibert\u00e9\u00c9galit\u00e9Fraternit\u00e9\nDirection D\u00e9partementale\nde l'Emploi, du Travail et des Solidarit\u00e9s\nARR\u00caT\u00c9 PR\u00c9FECTORAL DU 25 AVRIL 2025 FIXANT LA COMPOSITION DES DEUX CONSEILS DE FAMILLE\nDES PUPILLES DE L'\u00c9TAT DANS LE MORBIHAN\nLe pr\u00e9fet du Morbihan\nChevalier de la L\u00e9gion d'honneur\nOfficier de l'Ordre national du M\u00e9rite\nVu le code de l'action sociale et des familles et notamment son article L.224-2 ;\nVu la loi n\uf0b0 2022-219 du 21 f\u00e9vrier 2022 visant \u00e0 r\u00e9former l'adoption ;\nVu le d\u00e9cret n\u00b0 2004-374 modifi\u00e9 du 29 avril 2004 relatif aux pouvoirs des pr\u00e9fets, \u00e0 l'organisation et \u00e0 l'action des services de l'\u00c9tat  \ndans les r\u00e9gions et d\u00e9partements, modifi\u00e9 par le d\u00e9cret n\u00b0 2010-146 du 16 f\u00e9vrier 2010 ;\nVu le d\u00e9cret n\u00b0 2009-1484 du 03 d\u00e9cembre 2009 relatif aux missions et attributions des directions d\u00e9partementales interminist\u00e9rielles ;\nVu le d\u00e9cret du 20 juillet 2022 portant nomination de M. Pascal BOLOT en qualit\u00e9 de pr\u00e9fet du Morbihan ; \nVu le d\u00e9cret n\u00b0 98-818 du 11 septembre 1998 modifiant le d\u00e9cret n\u00b0 85-937 du 23 ao\u00fbt 1985 relatif au conseil de famille des pupilles de  \nl'\u00c9tat ;\nVu le d\u00e9cret n\u00b0 2024-491 du 30 mai 2024 relatif au conseil de famille des pupilles de l'\u00c9tat ;\nSur proposition de Monsieur le directeur d\u00e9partemental de l'emploi, du travail et des solidarit\u00e9s du Morbihan,\nARR\u00caTE\nArticle 1: Deux conseils de famille sont instaur\u00e9s pour le d\u00e9partement du Morbihan.\nLa r\u00e9partition des pupilles de l'\u00c9tat s'effectue selon les groupements de l'Aide Sociale \u00e0 l'Enfance : \n\u2022 Les enfants relevant des groupements 1, 2 et 3 \u00e0 l'Ouest du d\u00e9partement sont affect\u00e9s au premier conseil de famille\n\u2022 Les enfants relevant des groupements 4, 5 et 6 \u00e0 l'Est du d\u00e9partement sont affect\u00e9s au deuxi\u00e8me conseil de famille\nArticle 2     : La composition du premier conseil de famille des pupilles de l '\u00c9tat dans le Morbihan comp\u00e9tent pour les pupilles de l'\u00c9tat pris  \nen charge par l'aide sociale \u00e0 l'enfance au titre des groupements un \u00e0 trois est fix\u00e9e comme suit :\nRepr\u00e9sentants du conseil d\u00e9partemental, d\u00e9sign\u00e9s par cette assembl\u00e9e sur proposition du pr\u00e9sident :\nmonsieur Dominique LE NINIVEN, membre titulaire\nmadame Ga\u00eblle FAVENNEC, membre titulaire\nmadame Sophie LE BRETON, membre suppl\u00e9ant\nmadame Marianne ROUSSET, membre suppl\u00e9ant\nPersonnalit\u00e9 qualifi\u00e9e en raison de sa comp\u00e9tence et de son exp\u00e9rience professionnelle en mati\u00e8re m\u00e9dicale, psychologique ou sociale \n:\nmonsieur Jean-Pierre LE DEVEHAT, membre titulaire\nmonsieur Jean-Louis CARTRON, membre suppl\u00e9ant\nPersonnalit\u00e9 qualifi\u00e9e en raison de sa comp\u00e9tence et de son exp\u00e9rience professionnelle en mati\u00e8re d'\u00e9thique et de lutte contre les  \ndiscriminations  :\nmadame Laurence MALLET, membre titulaire\nMembres d'associations \u00e0 caract\u00e8re familial : \nRepr\u00e9sentants l'Union D\u00e9partementale des Associations Familiales :\nmadame Brigitte MIERZWA, membre titulaire\nmadame Marie-Armelle VERNIER, membre suppl\u00e9ant\n1\nRepr\u00e9sentants l'association  \u00ab Enfance et Famille d'Adoption \u00bb :\nmonsieur Jean-Jacques MIERZWA, membre titulaire\nmadame Pascale VILLALON, membre suppl\u00e9ant\nMembres de l'Association D\u00e9partementale d'Entraide des Personnes Accueillies \u00e0 la Protection de l'Enfance du Morbihan :\nmonsieur Morgan ESNAULT, membre titulaire\nmadame Monique LINO, membre suppl\u00e9ant\nMembres de l'Association des Assistantes Maternelles du Morbihan :\nmadame Fran\u00e7oise DE MONCUIT DE BOISCUILLER, membre titulaire\nmadame Anne-Marie RIO, membre suppl\u00e9ant\nArticle 3     : La composition du deuxi\u00e8me conseil de famille des pupilles de l '\u00c9tat dans le Morbihan comp\u00e9tent pour les pupilles de l'\u00c9tat  \npris en charge par l'aide sociale \u00e0 l'enfance au titre des groupements quatre \u00e0 six est fix\u00e9e comme suit :\nRepr\u00e9sentants du conseil d\u00e9partemental, d\u00e9sign\u00e9s par cette assembl\u00e9e sur proposition du pr\u00e9sident :\nmadame Ga\u00eblle FAVENNEC, membre titulaire\nmonsieur Dominique LE NINIVEN, membre titulaire\nmadame Sophie LE BRETON, membre suppl\u00e9ant\nmadame Marianne ROUSSET, membre suppl\u00e9ant\nPersonnalit\u00e9 qualifi\u00e9e en raison de sa comp\u00e9tence et de son exp\u00e9rience professionnelle en mati\u00e8re m\u00e9dicale, psychologique ou sociale \n:\nmonsieur Jean-Louis CARTRON, membre titulaire\nmonsieur Jean-Pierre LE DEVEHAT, membre suppl\u00e9ant\nPersonnalit\u00e9 qualifi\u00e9e en raison de sa comp\u00e9tence et de son exp\u00e9rience professionnelle en mati\u00e8re d'\u00e9thique et de lutte contre les  \ndiscriminations  :\nmadame Laurence MALLET, membre titulaire\nMembres d'associations \u00e0 caract\u00e8re familial : \nRepr\u00e9sentants l'Union D\u00e9partementale des Associations Familiales :\n- madame Marie-Armelle VERNIER, membre titulaire\nmadame Brigitte MIERZWA, membre suppl\u00e9ant\nRepr\u00e9sentants l'association  \u00ab Adoptions et Familles \u00bb :\nmadame St\u00e9phanie SEVENO, membre titulaire\nmadame Anne-Sophie LE BOUQUIN, membre suppl\u00e9ant\nMembres de l'Association D\u00e9partementale d'Entraide des Personnes Accueillies \u00e0 la Protection de l'Enfance du Morbihan :\nmonsieur Morgan ESNAULT, membre titulaire\nmadame Patricia ZEPHORIS, membre suppl\u00e9ant\nMembres de l'Association des Assistantes Maternelles du Morbihan :\nmadame Christine SIMON, membre titulaire\nmadame Anne-Marie RIO, membre suppl\u00e9ant\n2\nArticle 4     : Le directeur d\u00e9partemental de l'emploi, du travail et des solidarit\u00e9s repr\u00e9sente le pr\u00e9fet en sa qualit\u00e9 de tuteur. Le tuteur prend les \nd\u00e9cisions en accord avec le conseil de famille. Le conseil de famille est r\u00e9uni \u00e0 la diligence et en pr\u00e9sence du pr\u00e9fet ou de son  \nrepr\u00e9sentant, qui fixe l'ordre du jour et assure le secr\u00e9tariat du conseil de famille des pupilles de l'\u00c9tat.\nArticle 5     : Le pr\u00e9sent arr\u00eat\u00e9 annule et remplace l'arr\u00eat\u00e9 DDETS/ 56-2022-03-08-00001 du 08 mars 2022.\nArticle   6     :  Le secr\u00e9taire g\u00e9n\u00e9ral de la pr\u00e9fecture du Morbihan et le directeur d\u00e9partemental de l'emploi, du travail et des solidarit\u00e9s sont  \ncharg\u00e9s, chacun en ce qui le concerne, de l'ex\u00e9cution du pr\u00e9sent arr\u00eat\u00e9 qui sera publi\u00e9 au recueil des actes administratifs de la  \npr\u00e9fecture du Morbihan.\nVannes, le 25 avril 2025\nPour le pr\u00e9fet, par d\u00e9l\u00e9gation,\nLe secr\u00e9taire g\u00e9n\u00e9ral,\nSt\u00e9phane JARL\u00c9GAND\n3\nPREFETDU MORBIHANLibert\u00e9Egalit\u00e9Fraternit\u00e9\n \n \n \nService d\u00e9partemental \u00e0 la jeunesse, \n\u00e0 l'engagement et aux sports \n \n \n \n \nArr\u00eat\u00e9 portant nomination des membres du coll\u00e8ge d\u00e9partemental consultatif de la commission r\u00e9gionale du fonds pour le \nd\u00e9veloppement de la vie associative \n \nLe pr\u00e9fet du Morbihan \nChevalier de la L\u00e9gion d'honneur \nOfficier de l'Ordre national du M\u00e9rite \n \nVU le code des relations entre le public et l'administration et notamment ses articles R. 133-3 et R. 133-13 ; \nVU le d\u00e9cret n\u00b02004-374 du 29 avril 2004 modifi\u00e9 relatif aux pouvoirs des pr\u00e9fets, \u00e0 l'organisation et \u00e0 l'action des services de l'\u00c9tat dans \nles r\u00e9gions et d\u00e9partements ; \nVU le d\u00e9cret n\u00b02018-460 du 8 juin 2018 relatif au fonds pour le d\u00e9veloppement de la vie associative et notamment son article 8 ; \nVU le d\u00e9cret n\u00b02020-1542 du 9 d\u00e9cembre 2020 relatif aux comp\u00e9tences des autorit\u00e9s acad\u00e9miques dans le domaine des politiques de la \njeunesse, de l'\u00e9ducation populaire, de la vie associative, de l'engagement civique et des sports et \u00e0 l'organisation des serv ices charg\u00e9s \nde leur mise en \u0153uvre ; \nVU le d\u00e9cret du 20 juillet 2022, portant nomination de monsieur Pascal BOLOT, pr\u00e9fet du Morbihan ; \nVU l'arr\u00eat\u00e9 pr\u00e9fectoral du 14 septembre 2018 portant nomination des membres du coll\u00e8ge d\u00e9partemental consultatif de la commissio n \nr\u00e9gionale du fonds pour le d\u00e9veloppement de la vie associative et modifi\u00e9 par le pr\u00e9sent arr\u00eat\u00e9 ; \nSur proposition du directeur acad\u00e9mique des services de l'\u00e9ducation nationale du Morbihan ; \n \nARRETE \n \nArticle 1 :  Sont d\u00e9sign\u00e9s membres de la commission, pour une dur\u00e9e de cinq ans \u00e0 compter de la publication du pr\u00e9sent arr\u00eat\u00e9, en qualit\u00e9 \nde personnalit\u00e9s qualifi\u00e9es en raison de leur engagement et de leur comp\u00e9tence reconnus en mati\u00e8re associative ou de formation : \n1) Pour le Mouvement Associatif Breton : \n- Madame Catherine LATOUR, repr\u00e9sentant le Mouvement Associatif de Bretagne \n2) Pour la Ligue de l'Enseignement du Morbihan : \n- Madame H\u00e9l\u00e8ne GARRABE-BRUS, Secr\u00e9taire g\u00e9n\u00e9rale de la Ligue de l'Enseignement \n3) Pour le Comit\u00e9 D\u00e9partemental Olympique et Sportif du Morbihan : \n- Monsieur Fran\u00e7ois CARDRON, pr\u00e9sident du Comit\u00e9 D\u00e9partemental Olympique et Sportif du Morbihan (C.D.O.S) \n4) Pour l'Union D\u00e9partementale des Associations Familiales du Morbihan : \n- Madame Maryse PLISSON, pr\u00e9sidente de la F\u00e9d\u00e9ration Familles Rurales de Surzur et membre du conseil d'administration de la \nF\u00e9d\u00e9ration \n \nArticle 2 : L'arr\u00eat\u00e9 du 22 d\u00e9cembre 2023 portant nomination des membres du coll\u00e8ge d\u00e9partemental consultatif de la commission r\u00e9gionale \ndu fonds pour le d\u00e9veloppement de la vie associative est abrog\u00e9. \n \nArticle 3 : Le directeur acad\u00e9mique des services de l'\u00e9ducation nationale du Morbihan est charg\u00e9 de l'ex\u00e9cution du pr\u00e9sent arr\u00eat\u00e9 qui sera \npubli\u00e9 au recueil des actes administratifs de la pr\u00e9fecture du d\u00e9partement du Morbihan.    \n  \nA Vannes, le 25 avril 2025 \n \nLe Pr\u00e9fet, \nPour le Pr\u00e9fet, par d\u00e9l\u00e9gation \nLe secr\u00e9taire g\u00e9n\u00e9ral, \n \nSt\u00e9phane JARL\u00c9GAND","date":"2025-05-02","first_seen_on":"2025-09-01T18:05:01+00:00","id":"f78b7d25f1237dbfd0fbff5111d8a4c677f79f2f67259584d383b683f5c3e168","name":"56-2025-036 - RAA Sp\u00e9cial (NOMINATIF) du 2 mai 2025","pdf_creation_date":"2025-05-02T13:37:10+00:00","pdf_modification_date":null,"timezone":"Europe/Paris","url":"https://www.morbihan.gouv.fr/contenu/telechargement/76100/590355/file/56-2025-036%20-%20RAA%20Sp%C3%A9cial%20%28NOMINATIF%29%20du%202%20mai%202025.pdf"}
