{"administration":"pref83","administration_name":"Pr\u00e9fecture du Var","content":"VAR\nRECUEIL DES ACTES\nADMINISTRATIFS SP\u00c9CIAL\n(NOMINATIFS)\nN\u00b083-2025-237\nPUBLI\u00c9 LE 10 JUILLET 2025\nSommaire\nDirection d\u00e9partementale de l'emploi, du travail et des solidarit\u00e9s du Var\n/ Direction de la DDETS\n83-2025-07-07-00006 - 2025-07-07 arrcomposition CDF1 RAA (3 pages) Page 3\nPr\u00e9fecture du VAR / Direction de la citoyennet\u00e9 et de la l\u00e9galit\u00e9\n83-2025-07-08-00004 - ARR\u00caT\u00c9 n\u00b0 DCL/BERG/2025/138 du 08 juillet\n2025 portant agr\u00e9ment de la SARL \u00ab\u00a0G2C\u00a0\u00bb,\nsise \u00e0 Grimaud\n(83310), pour exercer l'activit\u00e9 de domiciliation d'entreprises. (2\npages) Page 7\n83-2025-07-08-00006 - ARR\u00caT\u00c9 PR\u00c9FECTORAL n\u00b0\nDCL/BERG/2025/0097 du 8 juillet 2025 portant habilitation dans le domaine\nfun\u00e9raire de l'\u00e9tablissement \u00ab\u00a0Pompes fun\u00e8bres les deux\nsoleils\u00a0\u00bb 81 rue R\u00e9publique - SIX-FOURS-LES-PLAGES\n(83140)\nHabilitation N\u00b0 25-83-0297 (2 pages) Page 10\n83-2025-07-08-00005 - ARR\u00caT\u00c9 PR\u00c9FECTORAL n\u00b0\nDCL/BERG/2025/0098 du 8 juillet 2025\nportant renouvellement de\nl'habilitation dans le domaine fun\u00e9raire de l'\u00e9tablissement\nprincipal \u00ab\u00a0CR\u00c9MATORIUM DE VIDAUBAN CLAUDE PIANETTI\u00a0\u00bb\nQuartier l'Ambr\u00e9de - \n139, boulevard des Pins Parasols -\n\n83550 VIDAUBAN\nHabilitation N\u00b0 25-83-0181 (2 pages) Page 13\n2\nDirection d\u00e9partementale de l'emploi, du travail\net des solidarit\u00e9s du Var\n83-2025-07-07-00006\n2025-07-07 arrcomposition CDF1 RAA\nDirection d\u00e9partementale de l'emploi, du travail et des solidarit\u00e9s du Var - 83-2025-07-07-00006 - 2025-07-07 arrcomposition CDF1\nRAA 3\n \nPr\u00e9fecture du Var \u2013DDETS \nService Acc\u00e8s \u00e0 l'Autonomie des Populations Vuln\u00e9rables \nCS 31209 \n83070  TOULON CEDEX \n  \n \n \n  \n \n  \n                                                                                                               \nDirection D\u00e9partementale de l'Emploi, du Travail et des Solidarit\u00e9s\n      \n \n \nDirection d\u00e9partementale de l'emploi, du travail et des solidarit\u00e9s du Var - 83-2025-07-07-00006 - 2025-07-07 arrcomposition CDF1\nRAA 4\nARRETE\nArticle 1\u00b0L'article 2 de l'arr\u00eat\u00e9 pr\u00e9fectoral du 21 janvier 2025, relatif a la composition du Conseil de Familledes Pupilles de l'\u00c9tat du Var n\u00b01, est modifi\u00e9 comme suit :\nPersonnes qualifi\u00e9es pour l'int\u00e9r\u00eat port\u00e9 a la protection de l'Enfance et de la Famille :Madame Sylvie RAMBERT, r\u00e9f\u00e9rente sociale, ancienne directrice d'associationfamiliale, membre titulaire,Madame Claire SOUDAT, r\u00e9f\u00e9rente sociale, ancienne d\u00e9l\u00e9gu\u00e9e mandataire, membresuppl\u00e9ante.\nArticle 2La nouvelle composition du Conseil de Familles des Pupilles de l'\u00c9tat est fix\u00e9e comme suit :Repr\u00e9sentants de l'Association D\u00e9partementale d'Entraide aux Pupilles et Anciens Pupilles del'\u00c9tat (ADEPAPE):Madame Andr\u00e9e BALMAT, membre titulaire,Madame Mimoza ASLLANI, membre suppl\u00e9ant.\nRepr\u00e9sentants d'une association de familles adoptives (E.F.A) :Madame Am\u00e9lie GAUVRY membre titulaire,Madame Sandrine MACIJEWSKI , membre suppl\u00e9ant.\nRepr\u00e9sentants de l'Union D\u00e9partementale des Associations Familiales (UDAF) :Madame Val\u00e9rie RIOS, membre titulaire,Madame Annabelle CHORLAY, membre suppl\u00e9ant.Repr\u00e9sentants de l'Association D\u00e9partementale de Sauvegarde de l'Enfance, de l'Adolescence etdes Adultes en difficult\u00e9 (ADSEEAV), nomm\u00e9e par le Pr\u00e9fet conform\u00e9ment \u00e0 l'article R224-4 duCASF pour suppl\u00e9er \u00e0 l'absence d'association d'assistants familiaux :Madame Aline PADOLY, membre titulaire,Madame C\u00e9cile ARAGON, membre suppl\u00e9ante.Repr\u00e9sentants du Conseil D\u00e9partemental :Madame Caroline DEPALLENS, membre titulaire,Madame Jos\u00e9e MASSI, membre titulaire.\nPr\u00e9fecture du Var \u2013DDETS \nService Acc\u00e8s \u00e0 l'Autonomie des Populations Vuln\u00e9rables \nCS 31209 \n83070  TOULON CEDEX \n  \n \n \n \n \n \n\uf0b7 \n\uf0b7 \n \n \n \n\uf0b7 \n\uf0b7 \n \n\uf0b7 \n\uf0b7 \n \n\uf0b7 \n\uf0b7 \n \n\uf0b7 \n\uf0b7 \n \n\uf0b7 \n\uf0b7 \nDirection d\u00e9partementale de l'emploi, du travail et des solidarit\u00e9s du Var - 83-2025-07-07-00006 - 2025-07-07 arrcomposition CDF1\nRAA 5\nPersonnes qualifi\u00e9es en mati\u00e8re d'\u00e9thique et de lutte contre les discriminations :Madame S\u00e9verine MONTESINO, Conseill\u00e9re technique de l'\u00c9ducation Nationale -titulaire,Madame St\u00e9phanie MARLIN, Inspectrice de l'\u00c9ducation Nationale - Suppl\u00e9ante.\nPersonnes qualifi\u00e9es pour l'int\u00e9r\u00eat port\u00e9 \u00e0 la protection de l'Enfance et de la Famille:Madame Sylvie RAMBERT, r\u00e9f\u00e9rente sociale-ancienne directrice d'associationfamiliale titulaire,Madame Claire SOUDAT, r\u00e9f\u00e9rente sociale, ancienne d\u00e9l\u00e9gu\u00e9e mandataire, membresuppl\u00e9ante.\nArticle 3Le Secr\u00e9taire G\u00e9n\u00e9ral de la Pr\u00e9fecture du Var et la Directrice D\u00e9partementale de l'Emploi, duTravail et des Solidarit\u00e9s, sont charg\u00e9s de l'ex\u00e9cution du pr\u00e9sent arr\u00eat\u00e9 qui sera publi\u00e9 au Recueildes Actes Administratifs de la Pr\u00e9fecture du Var.\nFait \u00e0 Toulon, le 07 juillet 2025\nLe pr\u00e9fet,\nSign\u00e9\nSimon BABRE\nPr\u00e9fecture du Var \u2013DDETS \nService Acc\u00e8s \u00e0 l'Autonomie des Populations Vuln\u00e9rables \nCS 31209 \n83070  TOULON CEDEX \n  \n \n \n \n \n\uf0b7 \n\uf0b7 \n \n\uf0b7 \n\uf0b7 \n \nDirection d\u00e9partementale de l'emploi, du travail et des solidarit\u00e9s du Var - 83-2025-07-07-00006 - 2025-07-07 arrcomposition CDF1\nRAA 6\nPr\u00e9fecture du VAR\n83-2025-07-08-00004\nARR\u00caT\u00c9 n\u00b0 DCL/BERG/2025/138 du 08 juillet 2025\nportant agr\u00e9ment de la SARL \u00ab\u00a0G2C\u00a0\u00bb,\nsise \u00e0 Grimaud (83310), pour exercer l'activit\u00e9 de\ndomiciliation d'entreprises.\nPr\u00e9fecture du VAR - 83-2025-07-08-00004 - ARR\u00caT\u00c9 n\u00b0 DCL/BERG/2025/138 du 08 juillet 2025 portant agr\u00e9ment de la SARL \u00ab\u00a0G2C\u00a0\u00bb,\nsise \u00e0 Grimaud (83310), pour exercer l'activit\u00e9 de domiciliation d'entreprises. 7\n=mPREFETDU VARLibert\u00e9Egalit\u00e9Fraternit\u00e9\nDirection de la citoyennet\u00e9 et de la l\u00e9galit\u00e9\nBureau des \u00e9lections et de la r\u00e9glementation g\u00e9n\u00e9rale\nARR\u00caT\u00c9 n\u00b0 DCL/BERG/2025/138 du 08 juillet 2025\nportant agr\u00e9ment de la SARL \u00ab G2C \u00bb,\nsise \u00e0 Grimaud (83310), pour exercer l'activit\u00e9 de domiciliation d'entreprises.\nLe Pr\u00e9fet du Var,\nVu le code de commerce, notamment ses articles L. 123-11-2 \u00e0 L. 123-11-8, et R. 123-166-1 et  \nsuivants ;\nVu le code mon\u00e9taire et financier, notamment ses articles L. 561-37 \u00e0 L. 561-43  et R. 561-39 et \nsuivants ;\nVu  le d\u00e9cret n\u00b0 2009-1535 du 10 d\u00e9cembre 2009 d\u00e9finissant les modalit\u00e9s de contr\u00f4le du  \nrespect  des  obligations  relatives  \u00e0  la  lutte  contre  le  blanchiment  de  capitaux  et  le  \nfinancement  du  terrorisme  par  les  personnes  mentionn\u00e9es  aux  8\u00b0,  9\u00b0  et  15\u00b0  de  l'article  \nL. 561-2 du code mon\u00e9taire et financier et relatif \u00e0 la commission nationale des sanctions ;\nVu le d\u00e9cret du Pr\u00e9sident de la R\u00e9publique du 15 mai 2025 portant nomination de Monsieur  \nSimon BABRE, pr\u00e9fet du Var ;\nVu l'arr\u00eat\u00e9 pr\u00e9fectoral n\u00b0 2025/12/MCI du 02 juin 2025 portant d\u00e9l\u00e9gation de signature \u00e0  \nMonsieur  Lucien  GIUDICELLI,  secr\u00e9taire  g\u00e9n\u00e9ral  de  la  pr\u00e9fecture  du  Var,  sous-pr\u00e9fet  de  \nl'arrondissement de Toulon ;\nVu l'arr\u00eat\u00e9 pr\u00e9fectoral n\u00b0 2025/17/MCI du 02 juin 2025 portant d\u00e9l\u00e9gation de signature \u00e0  \nMonsieur Thibaut DARGON, directeur de la citoyennet\u00e9 et de la l\u00e9galit\u00e9 de la pr\u00e9fecture du  \nVar ;\nVu la demande re\u00e7ue \u00e0 la pr\u00e9fecture du Var le 20 mai 2025, et compl\u00e9t\u00e9e le 03 juillet 2025 par \nlaquelle la SARL \u00ab G2C \u00bb, repr\u00e9sent\u00e9e par son g\u00e9rant Monsieur Renald DE PAZ, et dont le si\u00e8ge \nsocial est situ\u00e9 chemin du Peyrat \u2013 ZA du Grand Pont \u00e0 Grimaud (83310), demande l'agr\u00e9ment \nafin d'exercer l'activit\u00e9 de domiciliation d'entreprises ;\nConsid\u00e9rant que le dossier de la demande susvis\u00e9e comporte toutes les justifications requises \npar la r\u00e9glementation ;\nSur proposition du secr\u00e9taire g\u00e9n\u00e9ral de la pr\u00e9fecture du Var,\n1/2\nPr\u00e9fecture du VAR - 83-2025-07-08-00004 - ARR\u00caT\u00c9 n\u00b0 DCL/BERG/2025/138 du 08 juillet 2025 portant agr\u00e9ment de la SARL \u00ab\u00a0G2C\u00a0\u00bb,\nsise \u00e0 Grimaud (83310), pour exercer l'activit\u00e9 de domiciliation d'entreprises. 8\nARR\u00caTE\nArticle 1 : La SARL \u00ab Soci\u00e9t\u00e9 Grimaudoise de Comptabilit\u00e9 et Conseil  \u00bb, sous le sigle \u00ab  G2C \u00bb \nrepr\u00e9sent\u00e9e par son g\u00e9rant Monsieur Renald DE PAZ, et dont le si\u00e8ge social est situ\u00e9 chemin  \ndu  Peyrat  \u2013 ZA  du  Grand  Pont  \u00e0  Grimaud  (83310) , est  agr\u00e9\u00e9e  pour  exercer  l'activit\u00e9  de  \ndomiciliation d'entreprises.\nArticle 2 : Cet agr\u00e9ment est accord\u00e9, pour une dur\u00e9e de six ans, et porte le num\u00e9ro \nDE-83-2025-08.\nArticle 3 : Le pr\u00e9sent arr\u00eat\u00e9 prendra effet \u00e0 compter de sa date de notification.\nArticle 4  : Le titulaire de cet agr\u00e9ment devra respecter les obligations relatives \u00e0 la lutte  \ncontre le blanchiment des capitaux et le financement du terrorisme pr\u00e9vues aux parties  \nl\u00e9gislatives et r\u00e9glementaires du code mon\u00e9taire et financier.\nArticle 5  : Tout changement substantiel concernant les donn\u00e9es principales de la soci\u00e9t\u00e9  \nindiqu\u00e9es dans le dossier de demande d'agr\u00e9ment initial devra \u00eatre d\u00e9clar\u00e9, dans un d\u00e9lai de  \ndeux mois, par ladite soci\u00e9t\u00e9 \u00e0 la pr\u00e9fecture du Var.\nArticle 6  : Le secr\u00e9taire g\u00e9n\u00e9ral de la pr\u00e9fecture est charg\u00e9 de l'ex\u00e9cution du pr\u00e9sent arr\u00eat\u00e9  \nqui sera publi\u00e9 au recueil des actes administratifs de la pr\u00e9fecture du Var.\nFait \u00e0 Toulon, le 08 juillet 2025\nPour le Pr\u00e9fet et par d\u00e9l\u00e9gation,\nle Directeur\nSign\u00e9 : Thibaut DARGON\nDans un d\u00e9lai de deux mois \u00e0 compter de la date de notification du pr\u00e9sent arr\u00eat\u00e9, les recours suivants peuvent \u00eatre introduits \nconform\u00e9ment aux dispositions des articles R. 421-1 et suivants du code de justice administrative :\n- un recours gracieux, adress\u00e9 \u00e0 : M. le pr\u00e9fet du Var \u2013 Bd du 112\u00e8me r\u00e9giment d'infanterie- CS 31209 - 83070 TOULON CEDEX\nDans ce cas, le silence de l'administration vaut rejet implicite au terme d'un d\u00e9lai de deux mois.\nApr\u00e8s un recours gracieux ou hi\u00e9rarchique, le d\u00e9lai du recours contentieux ne court qu'\u00e0 compter du rejet explicite ou implicite \nde l'un des recours.\n- un recours contentieux, en saisissant le Tribunal Administratif de Toulon : 5 rue Racine -BP 40510 - 83 041 TOULON CEDEX 9\nLe tribunal administratif peut \u00eatre saisi par l'application informatique \u00ab  T\u00e9l\u00e9recours citoyens \u00bb accessible par le site internet  \n\u00ab www.telerecours.fr \u00bb.\n2/2\nPr\u00e9fecture du VAR - 83-2025-07-08-00004 - ARR\u00caT\u00c9 n\u00b0 DCL/BERG/2025/138 du 08 juillet 2025 portant agr\u00e9ment de la SARL \u00ab\u00a0G2C\u00a0\u00bb,\nsise \u00e0 Grimaud (83310), pour exercer l'activit\u00e9 de domiciliation d'entreprises. 9\nPr\u00e9fecture du VAR\n83-2025-07-08-00006\nARR\u00caT\u00c9 PR\u00c9FECTORAL n\u00b0 DCL/BERG/2025/0097\ndu 8 juillet 2025 portant habilitation dans le\ndomaine fun\u00e9raire de l'\u00e9tablissement \u00ab\u00a0Pompes\nfun\u00e8bres les deux soleils\u00a0\u00bb 81 rue R\u00e9publique -\nSIX-FOURS-LES-PLAGES (83140)\nHabilitation N\u00b0 25-83-0297\nPr\u00e9fecture du VAR - 83-2025-07-08-00006 - ARR\u00caT\u00c9 PR\u00c9FECTORAL n\u00b0 DCL/BERG/2025/0097 du 8 juillet 2025 portant habilitation dans\nle domaine fun\u00e9raire de l'\u00e9tablissement \u00ab\u00a0Pompes fun\u00e8bres les deux soleils\u00a0\u00bb 81 rue R\u00e9publique - SIX-FOURS-LES-PLAGES (83140)\nHabilitation N\u00b0 25-83-0297\n10\n=mPREFETDU VARLibert\u00e9Egalit\u00e9Fraternit\u00e9\nDirection de la citoyennet\u00e9 et de la l\u00e9galit\u00e9\nBureau des \u00e9lections et de la r\u00e9glementation g\u00e9n\u00e9rale\nARR\u00caT\u00c9 PR\u00c9FECTORAL n\u00b0 DCL/BERG/2025/0097 du 8 juillet 2025\nportant habilitation dans le domaine fun\u00e9raire\nde l'\u00e9tablissement \u00ab Pompes fun\u00e8bres les deux soleils \u00bb\n81 rue R\u00e9publique \u2013 SIX-FOURS-LES-PLAGES (83140)\nHabilitation N\u00b0 25-83-0297\nLe Pr\u00e9fet du Var,\nVu le code g\u00e9n\u00e9ral des collectivit\u00e9s territoriales et notamment ses articles L2223-23 et suivants ;\nVu la loi n\u00b0 2008-1350 du 19 d\u00e9cembre 2008 relative \u00e0 la l\u00e9gislation fun\u00e9raire ;\nVu le d\u00e9cret du Pr\u00e9sident de la R\u00e9publique du 15 mai 2025, portant nomination de Monsieur  \nSimon BABRE, pr\u00e9fet du Var ;\nVu l'arr\u00eat\u00e9 pr\u00e9fectoral n\u00b0 2025/12/MCI du 2 juin 2025 portant d\u00e9l\u00e9gation de signature \u00e0 Monsieur  \nLucien GIUDICELLI, secr\u00e9taire g\u00e9n\u00e9ral de la pr\u00e9fecture du Var, sous-pr\u00e9fet de l'arrondissement de  \nToulon ;\nVu l'arr\u00eat\u00e9 pr\u00e9fectoral n\u00b0 2025/17/MCI du 2 juin 2025 portant d\u00e9l\u00e9gation de signature \u00e0 Monsieur  \nThibaut DARGON, directeur de la citoyennet\u00e9 et de la l\u00e9galit\u00e9 de la pr\u00e9fecture du Var ;\nVu la demande formul\u00e9e par Madame H\u00e9l\u00e8ne THIEBART, pr\u00e9sidente de la SAS, en vue d'obtenir  \nl'habilitation dans le domaine fun\u00e9raire de l'\u00e9tablissement de pompes fun\u00e8bres exploit\u00e9 sous le  \nnom commercial et sous l'enseigne \u00ab Pompes fun\u00e8bres les deux soleils \u00bb, situ\u00e9 81 rue R\u00e9publique \u00e0  \nSix-Fours-les-Plages (83140) ;\nConsid\u00e9rant la compl\u00e9tude du dossier ;\nSur proposition du secr\u00e9taire g\u00e9n\u00e9ral de la pr\u00e9fecture ;\nARR\u00caTE\nArticle 1 : L'\u00e9tablissement de pompes fun\u00e8bres exploit\u00e9 sous le nom commercial et sous l'enseigne \n\u00ab Pompes  fun\u00e8bres  les  deux  soleils \u00bb,  situ\u00e9  81  rue  R\u00e9publique  \u00e0  Six-Fours-les-Plages  (83140) et  \nrepr\u00e9sent\u00e9e  par  Madame  H\u00e9l\u00e8ne  THIEBART,  pr\u00e9sidente  est  habilit\u00e9  pour  exercer  les  activit\u00e9s \nsuivantes :\n1 - Transport de corps avant et apr\u00e8s mise en bi\u00e8re, en sous-traitance avec :\n- les  \u00ab Services  Fun\u00e9raires  DELAUD \u00bb  sis  161  Avenue  du  Mas  d'Ixelles  \u00e0  Six-Fours-les-Plages  \n(83140), habilit\u00e9s sous le num\u00e9ro 22-83-0245,\n2 - Organisation des obs\u00e8ques,\n3 - Soins de conservation, en sous-traitance avec :\n-  l'EURL  \u00ab OL\u00c9A  SERVICES  FUN\u00c9RAIRES \u00bb  sise  51  Avenue  des  anciens  combattants  \nd'Indochine \u00e0 La Seyne-sur-Mer (83500), habilit\u00e9e sous le num\u00e9ro 23-83-0097 ,\n1/2\nPr\u00e9fecture du VAR - 83-2025-07-08-00006 - ARR\u00caT\u00c9 PR\u00c9FECTORAL n\u00b0 DCL/BERG/2025/0097 du 8 juillet 2025 portant habilitation dans\nle domaine fun\u00e9raire de l'\u00e9tablissement \u00ab\u00a0Pompes fun\u00e8bres les deux soleils\u00a0\u00bb 81 rue R\u00e9publique - SIX-FOURS-LES-PLAGES (83140)\nHabilitation N\u00b0 25-83-0297\n11\n4 - Fourniture  des  housses,  cercueils  et  accessoires  int\u00e9rieur  et  ext\u00e9rieur  ainsi  que  des  urnes\ncin\u00e9raires, en sous-traitance avec :\n- les  \u00ab Services  Fun\u00e9raires  DELAUD \u00bb  sis  161  Avenue  du  Mas  d'Ixelles  \u00e0  Six-Fours-les-Plages  \n(83140), habilit\u00e9s sous le num\u00e9ro 22-83-0245,\n7 - Fourniture des corbillards et voitures de deuil, en sous-traitance avec :\n- les  \u00ab Services  Fun\u00e9raires  DELAUD \u00bb  sis  161  Avenue  du  Mas  d'Ixelles  \u00e0  Six-Fours-les-Plages  \n(83140), habilit\u00e9s sous le num\u00e9ro 22-83-0245,\n8 - Fourniture de personnels et des objets et prestations n\u00e9cessaires aux obs\u00e8ques, inhumations,  \nexhumations et cr\u00e9mations, en sous-traitance avec :\n- les  \u00ab Services  Fun\u00e9raires  DELAUD \u00bb  sis  161  Avenue  du  Mas  d'Ixelles  \u00e0  Six-Fours-les-Plages  \n(83140), habilit\u00e9s sous le num\u00e9ro 22-83-0245,\n- la soci\u00e9t\u00e9 \u00ab  FUNERAL \u00bb sise 1233 Chemin du Rouquier \u00e0 La Seyne-sur-Mer (83500), habilit\u00e9e \nsous le num\u00e9ro 21-83-0171.\nArticle 2     : L'habilitation porte le num\u00e9ro 25-83-0297 .\nArticle 3     : La pr\u00e9sente habilitation est d\u00e9livr\u00e9e pour une dur\u00e9e de cinq ans.\nPour solliciter le renouvellement de la pr\u00e9sente habilitation, le b\u00e9n\u00e9ficiaire devra faire parvenir sa  \ndemande en pr\u00e9fecture au plus tard deux mois avant sa date de fin de validit\u00e9.\nArticle 4     : Conform\u00e9ment aux articles L.2223-25 et R.2223-64, D.2223-87 du code g\u00e9n\u00e9ral des  \ncollectivit\u00e9s territoriales, et \u00e0 d\u00e9faut de la production, dans les meilleurs d\u00e9lais, des justificatifs de  \nconformit\u00e9 des \u00e9quipements, la pr\u00e9sente habilitation pourra \u00eatre suspendue pour une dur\u00e9e  \nmaximale d'un an ou retir\u00e9e, apr\u00e8s mise en demeure, pour les motifs suivants :\n- non-respect des conditions de sa d\u00e9livrance telles qu'elles sont d\u00e9finies par les dispositions du  \ncode g\u00e9n\u00e9ral des collectivit\u00e9s territoriales ;\n- non exercice ou cessation d'exercice des activit\u00e9s au titre desquelles elle a \u00e9t\u00e9 d\u00e9livr\u00e9e ;\n- atteinte \u00e0 l'ordre public ou danger pour la salubrit\u00e9 publique.\nDans les cas o\u00f9 le b\u00e9n\u00e9ficiaire est un d\u00e9l\u00e9gataire, le retrait d'habilitation entra\u00eene la d\u00e9ch\u00e9ance  \ndes d\u00e9l\u00e9gations.\nArticle 5     : Le secr\u00e9taire g\u00e9n\u00e9ral de la pr\u00e9fecture du Var est charg\u00e9 de l'ex\u00e9cution du pr\u00e9sent arr\u00eat\u00e9 \nqui sera publi\u00e9 au recueil des actes administratifs de la pr\u00e9fecture du Var et dont une copie sera  \nadress\u00e9e au maire de la commune de Six-Fours-les-Plages pour information.\nFait \u00e0 Toulon, le 8 juillet 2025\nPour le pr\u00e9fet et par d\u00e9l\u00e9gation,\nle directeur de la citoyennet\u00e9\net de la l\u00e9galit\u00e9,\nSign\u00e9\nThibaut DARGON\nDans un d\u00e9lai de deux mois \u00e0 compter de la date de la notification ou de la publication du pr\u00e9sent arr\u00eat\u00e9 au recueil des actes administratifs de la \npr\u00e9fecture, les recours suivants peuvent \u00eatre introduits conform\u00e9ment aux dispositions des articles R. 421-1 et suivants du code de justice \nadministrative :\n- un recours gracieux, adress\u00e9 \u00e0 :\nM. le Pr\u00e9fet du Var - Boulevard du 112\u00e8me r\u00e9giment d'infanterie - CS 31209 - 83070 TOULON CEDEX\n- un recours hi\u00e9rarchique, adress\u00e9 au(x) ministre(s) concern\u00e9(s) ;\nDans ces deux cas, le silence de l'Administration vaut rejet implicite au terme d'un d\u00e9lai de deux mois.\nApr\u00e8s un recours gracieux ou hi\u00e9rarchique, le d\u00e9lai du recours contentieux ne court qu'\u00e0 compter du rejet explicite ou implicite de l'un de ces \nrecours.\n- un recours contentieux, en saisissant le Tribunal Administratif de Toulon : 5 rue Racine -BP 40510 - 83 041 TOULON CEDEX 9\nLe tribunal administratif peut \u00eatre saisi par l'application informatique \u00ab T\u00e9l\u00e9cours \u00bb accessible par le site internet www.telecours.fr.\n2/2\nPr\u00e9fecture du VAR - 83-2025-07-08-00006 - ARR\u00caT\u00c9 PR\u00c9FECTORAL n\u00b0 DCL/BERG/2025/0097 du 8 juillet 2025 portant habilitation dans\nle domaine fun\u00e9raire de l'\u00e9tablissement \u00ab\u00a0Pompes fun\u00e8bres les deux soleils\u00a0\u00bb 81 rue R\u00e9publique - SIX-FOURS-LES-PLAGES (83140)\nHabilitation N\u00b0 25-83-0297\n12\nPr\u00e9fecture du VAR\n83-2025-07-08-00005\nARR\u00caT\u00c9 PR\u00c9FECTORAL n\u00b0 DCL/BERG/2025/0098\ndu 8 juillet 2025\nportant renouvellement de l'habilitation dans le\ndomaine fun\u00e9raire de l'\u00e9tablissement principal\n\u00ab\u00a0CR\u00c9MATORIUM DE VIDAUBAN CLAUDE\nPIANETTI\u00a0\u00bb Quartier l'Ambr\u00e9de - \n139, boulevard des Pins Parasols - \n83550 VIDAUBAN\nHabilitation N\u00b0 25-83-0181\nPr\u00e9fecture du VAR - 83-2025-07-08-00005 - ARR\u00caT\u00c9 PR\u00c9FECTORAL n\u00b0 DCL/BERG/2025/0098 du 8 juillet 2025\nportant renouvellement de l'habilitation dans le domaine fun\u00e9raire de l'\u00e9tablissement principal \u00ab\u00a0CR\u00c9MATORIUM DE VIDAUBAN\nCLAUDE PIANETTI\u00a0\u00bb Quartier l'Ambr\u00e9de - \n139, boulevard des Pins Parasols - \n83550 VIDAUBAN\nHabilitation N\u00b0 25-83-0181\n13\n=mPREFETDU VARLibert\u00e9Egalit\u00e9Fraternit\u00e9\nDirection de la citoyennet\u00e9 et de la l\u00e9galit\u00e9\nBureau des \u00e9lections et de la r\u00e9glementation g\u00e9n\u00e9rale\nARR\u00caT\u00c9 PR\u00c9FECTORAL n\u00b0 DCL/BERG/2025/0098 du 8 juillet 2025\nportant renouvellement de l'habilitation dans le domaine fun\u00e9raire\nde l'\u00e9tablissement principal \u00ab CR\u00c9MATORIUM DE VIDAUBAN CLAUDE PIANETTI \u00bb\nQuartier l'Ambr\u00e9de \u2013 139, boulevard des Pins Parasols \u2013 83550 VIDAUBAN\nHabilitation N\u00b0 25-83-0181\nLe Pr\u00e9fet du Var,\nVu le code g\u00e9n\u00e9ral des collectivit\u00e9s territoriales ;\nVu la loi n\u00b0 2008-1350 du 19 d\u00e9cembre 2008 relative \u00e0 la l\u00e9gislation fun\u00e9raire ;\nVu le d\u00e9cret du Pr\u00e9sident de la R\u00e9publique du 15 mai 2025, portant nomination de Monsieur  \nSimon BABRE, pr\u00e9fet du Var ;\nVu  l'arr\u00eat\u00e9  pr\u00e9fectoral  n\u00b0  2025/12/MCI  du  2  juin  2025  portant  d\u00e9l\u00e9gation  de  signature  \u00e0 \nMonsieur  Lucien  GIUDICELLI,  secr\u00e9taire  g\u00e9n\u00e9ral  de  la  pr\u00e9fecture  du  Var,  sous-pr\u00e9fet  de \nl'arrondissement de Toulon ;\nVu  l'arr\u00eat\u00e9  pr\u00e9fectoral  n\u00b0  2025/17/MCI  du  2  juin  2025  portant  d\u00e9l\u00e9gation  de  signature  \u00e0 \nMonsieur Thibaut DARGON, directeur de la citoyennet\u00e9 et de la l\u00e9galit\u00e9 de la pr\u00e9fecture du  \nVar ;\nVu les rapports de contr\u00f4le du site des 28 janvier et 22 avril 2025, \u00e9tablie par les \u00ab  Fun\u00e9raires \nde  France \u00bb  - Contr\u00f4les  officiels  des  installations  fun\u00e9raires  \u2013 RCS  893  816  777  Roanne, \n\u00e9mettant un avis conforme du cr\u00e9matorium et de la chambre fun\u00e9raire de Vidauban ;\nVu la demande de renouvellement formul\u00e9e par Monsieur C\u00e9dric TRIBOUL, directeur g\u00e9n\u00e9ral,  \nen vue d'obtenir le renouvellement d'habilitation fun\u00e9raire de l'\u00e9tablissement principal de la  \nSASU  \u00ab CR\u00c9MATORIUM  DE  VIDAUBAN  CLAUDE  PIANETTI \u00bb,  situ\u00e9  Quartier  l'Ambr\u00e9de, \n139 boulevard des Pins Parasols \u00e0 Vidauban (83550);\nConsid\u00e9rant la compl\u00e9tude du dossier ;\nSur proposition du secr\u00e9taire g\u00e9n\u00e9ral de la pr\u00e9fecture ;\nARR\u00caTE\nArticle 1  : L' \u00e9tablissement principal relevant de la SASU  \u00ab CR\u00c9MATORIUM DE VIDAUBAN  \nCLAUDE PIANETTI  \u00bb, situ\u00e9 Quartier l'Ambr\u00e9de, 139 boulevard des Pins Parasols \u00e0 Vidauban  \n(83550)  et  repr\u00e9sent\u00e9  Monsieur  C\u00e9dric  TRIBOUL,  directeur  g\u00e9n\u00e9ral  et  pr\u00e9sident  la  SAS \n\u00ab FUNECAP SUD EST \u00bb est habilit\u00e9 pour exercer les activit\u00e9s suivantes :\n6 - Gestion et utilisation d'une chambre fun\u00e9raire,\n1/2\nPr\u00e9fecture du VAR - 83-2025-07-08-00005 - ARR\u00caT\u00c9 PR\u00c9FECTORAL n\u00b0 DCL/BERG/2025/0098 du 8 juillet 2025\nportant renouvellement de l'habilitation dans le domaine fun\u00e9raire de l'\u00e9tablissement principal \u00ab\u00a0CR\u00c9MATORIUM DE VIDAUBAN\nCLAUDE PIANETTI\u00a0\u00bb Quartier l'Ambr\u00e9de - \n139, boulevard des Pins Parasols - \n83550 VIDAUBAN\nHabilitation N\u00b0 25-83-0181\n14\n8 - Fourniture  de  personnels  et  des  objets  et  prestations  n\u00e9cessaires  aux  obs\u00e8ques, \ninhumations, exhumations et cr\u00e9mations,\n9 - Gestion et utilisation d'un cr\u00e9matorium.\nArticle 2     : L'habilitation porte le num\u00e9ro 25-83-0181.\nArticle 3     : La pr\u00e9sente habilitation prendra effet \u00e0 compter \u00e0 compter du 23 juillet 2025, pour \nune dur\u00e9e de cinq ans.\nPour  solliciter  le  renouvellement  de  la  pr\u00e9sente  habilitation,  le  b\u00e9n\u00e9ficiaire  devra  faire \nparvenir sa demande en pr\u00e9fecture au plus tard deux mois avant sa date de fin de validit\u00e9.\nArticle 4     : Conform\u00e9ment aux articles L.2223-25 et R.2223-64, D.2223-87 du code g\u00e9n\u00e9ral des  \ncollectivit\u00e9s  territoriales,  et  \u00e0  d\u00e9faut  de  la  production,  dans  les  meilleurs  d\u00e9lais,  des  \njustificatifs de conformit\u00e9 des \u00e9quipements, la pr\u00e9sente habilitation pourra \u00eatre suspendue  \npour une dur\u00e9e maximale d'un an ou retir\u00e9e, apr\u00e8s mise en demeure, pour les motifs suivants :\n- non-respect des conditions de sa d\u00e9livrance telles qu'elles sont d\u00e9finies par les dispositions  \ndu code g\u00e9n\u00e9ral des collectivit\u00e9s territoriales ;\n- non exercice ou cessation d'exercice des activit\u00e9s au titre desquelles elle a \u00e9t\u00e9 d\u00e9livr\u00e9e ;\n- atteinte \u00e0 l'ordre public ou danger pour la salubrit\u00e9 publique.\nDans  les  cas  o\u00f9  le  b\u00e9n\u00e9ficiaire  est  un  d\u00e9l\u00e9gataire,  le  retrait  d'habilitation  entra\u00eene  la \nd\u00e9ch\u00e9ance des d\u00e9l\u00e9gations.\nArticle 5     : Le secr\u00e9taire g\u00e9n\u00e9ral de la pr\u00e9fecture du Var est charg\u00e9 de l'ex\u00e9cution du pr\u00e9sent  \narr\u00eat\u00e9 qui sera publi\u00e9 au recueil des actes administratifs de la pr\u00e9fecture du Var et dont une  \ncopie sera adress\u00e9e au maire de la commune de Vidauban pour information.\nToulon, le 8 juillet 2025\nPour le pr\u00e9fet et par d\u00e9l\u00e9gation,\nle directeur de la citoyennet\u00e9\net de la l\u00e9galit\u00e9,\nSign\u00e9\nThibaut DARGON\nDans un d\u00e9lai de deux mois \u00e0 compter de la date de la notification ou de la publication du pr\u00e9sent arr\u00eat\u00e9 au recueil des actes administratifs de la \npr\u00e9fecture, les recours suivants peuvent \u00eatre introduits conform\u00e9ment aux dispositions des articles R. 421-1 et suivants du code de justice \nadministrative :\n- un recours gracieux, adress\u00e9 \u00e0 :\nM. le Pr\u00e9fet du Var - Boulevard du 112\u00e8me r\u00e9giment d'infanterie - CS 31209 - 83070 TOULON CEDEX\n- un recours hi\u00e9rarchique, adress\u00e9 au(x) ministre(s) concern\u00e9(s) ;\nDans ces deux cas, le silence de l'Administration vaut rejet implicite au terme d'un d\u00e9lai de deux mois.\nApr\u00e8s un recours gracieux ou hi\u00e9rarchique, le d\u00e9lai du recours contentieux ne court qu'\u00e0 compter du rejet explicite ou implicite de l'un de ces \nrecours.\n- un recours contentieux, en saisissant le Tribunal Administratif de Toulon : 5 rue Racine -BP 40510 - 83 041 TOULON CEDEX 9\nLe tribunal administratif peut \u00eatre saisi par l'application informatique \u00ab T\u00e9l\u00e9cours \u00bb accessible par le site internet www.telecours.fr.\n2/2\nPr\u00e9fecture du VAR - 83-2025-07-08-00005 - ARR\u00caT\u00c9 PR\u00c9FECTORAL n\u00b0 DCL/BERG/2025/0098 du 8 juillet 2025\nportant renouvellement de l'habilitation dans le domaine fun\u00e9raire de l'\u00e9tablissement principal \u00ab\u00a0CR\u00c9MATORIUM DE VIDAUBAN\nCLAUDE PIANETTI\u00a0\u00bb Quartier l'Ambr\u00e9de - \n139, boulevard des Pins Parasols - \n83550 VIDAUBAN\nHabilitation N\u00b0 25-83-0181\n15","date":"2025-07-10","first_seen_on":"2025-07-10T14:49:45+00:00","id":"f79b477afa8bcb3a08b8b3744e2d3c85ff3e387b8d71d889faf2a5abb8beced9","name":"RAA N\u00b0 237 du 10 juillet 2025","pdf_creation_date":"2025-07-10T14:12:25+00:00","pdf_modification_date":null,"timezone":"Europe/Paris","url":"https://www.var.gouv.fr/contenu/telechargement/41873/274199/file/RAA%20N%C2%B0%20237%20du%2010%20juillet%202025%20NOMINATIF%20.pdf"}
