{"administration":"prefidf","administration_name":"Pr\u00e9fecture de la r\u00e9gion \u00cele-de-France","content":"PREFECTURE\nREGION ILE DE\nFRANCE\nRECUEIL DES ACTES\nADMINISTRATIFS SP\u00c9CIAL\n(NOMINATIFS)\nN\u00b0IDF-063-2025-12\nPUBLI\u00c9 LE 30 D\u00c9CEMBRE 2025\nSommaire\nAgence R\u00e9gionale de Sant\u00e9 / Agence r\u00e9gionale de sant\u00e9\nd'Ile-de-France-P\u00f4le RH en sant\u00e9\nIDF-2025-12-23-00028 - Arr\u00eat\u00e9 n\u00b0ARS - DOS - 2025/ 4806 fixant la\ncomposition des commissions d'\u00e9valuation des besoins de formation\ncharg\u00e9e de donner un avis au Directeur de l'Agence r\u00e9gionale de\nsant\u00e9 sur le nombre minimum de postes \u00e0 ouvrir chaque semestre et de\nsubdivision charg\u00e9e d'agr\u00e9er les stages pour la formation pratique\ndes \u00e9tudiants en troisi\u00e8me cycle des \u00e9tudes m\u00e9dicales et la\ncomposition de la commission de subdivision charg\u00e9e de r\u00e9partir les\nstages agr\u00e9es \u00e0 proposer au choix des \u00e9tudiants du troisi\u00e8me cycle\ndes \u00e9tudes m\u00e9dicales \n (9 pages) Page 4\nIDF-2025-12-23-00026 - Arr\u00eat\u00e9 n\u00b0ARS - DOS - 2025/ 4807 fixant la\ncomposition de la commission r\u00e9gionale charg\u00e9e d'agr\u00e9er les\nservices, organismes ou laboratoires pour la formation en sciences\npharmaceutiques sp\u00e9cialis\u00e9es et de repartir les postes offerts aux choix\nsemestriels des \u00e9tudiants en troisi\u00e8me cycle des \u00e9tudes\npharmaceutiques\n (6 pages) Page 14\nIDF-2025-12-23-00027 - Arr\u00eat\u00e9 n\u00b0ARS - DOS - 2025/ 4808 fixant la\ncomposition de la commission d'interr\u00e9gion charg\u00e9e d'agr\u00e9er\nles stages pour la formation pratique des \u00e9tudiants en troisi\u00e8me cycle\nlong des \u00e9tudes odontologiques et la composition de la commission\nd'interr\u00e9gion charg\u00e9e de repartir des postes offerts aux choix\nsemestriels des \u00e9tudiants en troisi\u00e8me cycle long des \u00e9tudes\nodontologiques.\n (4 pages) Page 21\nDirection r\u00e9gionale et interd\u00e9partementale de l'\u00e9conomie, de l'emploi,\ndu travail et des solidarit\u00e9s d'\u00cele-de-France / P\u00f4le Politiques du\nTravail\nIDF-2025-12-29-00005 - D\u00e9cision n\u00b0 2025 -269 du 29 d\u00e9cembre\n2025\nportant affectation des agents de contr\u00f4le dans les unit\u00e9s de\ncontr\u00f4le et gestion des int\u00e9rims de l'Unit\u00e9 d\u00e9partementale des\nHauts-de-Seine de la DRIEETS d'Ile-de-France (6 pages) Page 26\nIDF-2025-12-29-00003 - D\u00e9cision n\u00b0 2025-256 du 29 d\u00e9cembre\n2025\nportant affectation des agents de contr\u00f4le dans les unit\u00e9s de\ncontr\u00f4le et gestion des int\u00e9rims de la direction d\u00e9partementale de\nl'emploi, du travail et des solidarit\u00e9s de l'Essonne (3 pages) Page 33\nIDF-2025-12-29-00002 - D\u00e9cision n\u00b0 2025-267 du 29 d\u00e9cembre\n2025\nportant affectation des agents de contr\u00f4le dans les unit\u00e9s de\ncontr\u00f4le et gestion des int\u00e9rims au sein de la direction\nd\u00e9partementale de l'emploi, du travail et des solidarit\u00e9s des Yvelines\n(4 pages) Page 37\n2\nIDF-2025-12-29-00004 - D\u00e9cision n\u00b0 2025-268 du 29 d\u00e9cembre\n2025\nportant affectation des agents de contr\u00f4le dans les unit\u00e9s de\ncontr\u00f4le et gestion des int\u00e9rims de la direction d\u00e9partementale de\nl'emploi, du travail et des solidarit\u00e9s de Seine-et-Marne (4 pages) Page 42\nIDF-2025-12-30-00001 - D\u00e9cision n\u00b0 2025-271 du 30 d\u00e9cembre\n2025\nportant affectation des agents de contr\u00f4le dans les unit\u00e9s de\ncontr\u00f4le et gestion des int\u00e9rims de l'unit\u00e9 d\u00e9partementale de la\nSeine-Saint-Denis de la DRIEETS d'\u00cele-de-France\n (4 pages) Page 47\nIDF-2025-12-29-00006 - D\u00e9cision n\u00b02025-270 du 29 d\u00e9cembre\n2025\nportant affectation des agents de contr\u00f4le dans les unit\u00e9s de\ncontr\u00f4le et gestion des int\u00e9rims de l'unit\u00e9 d\u00e9partementale du\nVal-de-Marne de la DRIEETS d'Ile-de-France (4 pages) Page 52\n3\nAgence R\u00e9gionale de Sant\u00e9\nIDF-2025-12-23-00028\nArr\u00eat\u00e9 n\u00b0ARS - DOS - 2025/ 4806 fixant la\ncomposition des commissions d'\u00e9valuation des\nbesoins de formation charg\u00e9e de donner un avis\nau Directeur de l'Agence r\u00e9gionale de sant\u00e9 sur\nle nombre minimum de postes \u00e0 ouvrir chaque\nsemestre et de subdivision charg\u00e9e d'agr\u00e9er les\nstages pour la formation pratique des \u00e9tudiants\nen troisi\u00e8me cycle des \u00e9tudes m\u00e9dicales et la\ncomposition de la commission de subdivision\ncharg\u00e9e de r\u00e9partir les stages agr\u00e9es \u00e0 proposer\nau choix des \u00e9tudiants du troisi\u00e8me cycle des\n\u00e9tudes m\u00e9dicales \nAgence R\u00e9gionale de Sant\u00e9 - IDF-2025-12-23-00028 - Arr\u00eat\u00e9 n\u00b0ARS - DOS - 2025/ 4806 fixant la composition des commissions\nd'\u00e9valuation des besoins de formation charg\u00e9e de donner un avis au Directeur de l'Agence r\u00e9gionale de sant\u00e9 sur le nombre minimum\nde postes \u00e0 ouvrir chaque semestre et de subdivision charg\u00e9e d'agr\u00e9er les stages pour la formation pratique des \u00e9tudiants en\ntroisi\u00e8me cycle des \u00e9tudes m\u00e9dicales et la composition de la commission de subdivision charg\u00e9e de r\u00e9partir les stages agr\u00e9es \u00e0\nproposer au choix des \u00e9tudiants du troisi\u00e8me cycle des \u00e9tudes m\u00e9dicales \n4\nREPUBLIQUEFRANCAISELibert\u00e9Egalit\u00e9Fraternit\u00e9\nAr\u00a9 \u00bb Agence R\u00e9gionale de Sant\u00e9Ile-de-France\n \n \n1 \n13 rue du Landy \n93200, SAINT-DENIS \nT\u00e9l : 01 44 02 00 00  \nwww.iledefrance.ars.sante.fr \n \n \n \n \n \n \n \n \n \n  ARR\u00caTE N\u00b0 ARS - DOS - 2025/ 4806 \n \n \nfixant la composition des commissions d'\u00e9valuation des besoins de formation charg\u00e9e de donner \nun avis au Directeur de l'Agence r\u00e9gionale de sant\u00e9 sur le nombre minimum de postes \u00e0 ouvrir \nchaque semestre et de subdivision charg\u00e9e d'agr\u00e9er les stages pour la formation pratique des \n\u00e9tudiants en troisi\u00e8me cycle des \u00e9tudes m\u00e9dicales et la composition de la commission de \nsubdivision charg\u00e9e de r\u00e9partir les stages agr\u00e9es \u00e0 proposer au choix des \u00e9tudiants du troisi\u00e8me \ncycle des \u00e9tudes m\u00e9dicales  \n \n \nLe Directeur g\u00e9n\u00e9ral de l'Agence r\u00e9gionale de sant\u00e9 Ile-de-France \n \n \nVU les articles L632-1 et suivants du code de l'\u00e9ducation ; \n \nVU les articles L6153 \u00e0 L6153-6 et les articles R6153-1 \u00e0 R6153-110 du code de la sant\u00e9 publique ; \n \nVU le d\u00e9cret du 1er avril 2010 portant nomination des directeurs g\u00e9n\u00e9raux des agences r\u00e9gionales \nde sant\u00e9 ; \n \nVU le d\u00e9cret du 25 novembre 2016 relatif \u00e0 l'organisation du troisi\u00e8me cycle des \u00e9tudes de m\u00e9decine \net modifiant le code de l'\u00e9ducation ;  \n \nVU le d\u00e9cret du 10 avril 2024 portant nomination du directeur g\u00e9n\u00e9ral de l'agence r\u00e9gionale de sant\u00e9 \nd'Ile-de-France, M. Denis ROBIN ; \n \nVU l'arr\u00eat\u00e9 du 22 septembre 2004 fixant la liste et la r\u00e9glementation des dipl\u00f4mes d'\u00e9tudes \nsp\u00e9cialis\u00e9es de m\u00e9decine ; \n \nVU l'arr\u00eat\u00e9 du 4 f\u00e9vrier 2011 relatif \u00e0 l'agr\u00e9ment, \u00e0 l'organisation, au d\u00e9roulement et \u00e0 la validation \ndes stages des \u00e9tudiants en troisi\u00e8me cycle des \u00e9tudes m\u00e9dicales ; \n \nVU l'arr\u00eat\u00e9 du 12 avril 2017 modifi\u00e9 portant organisation du troisi\u00e8me cycle des \u00e9tudes de m\u00e9decine ; \n \nU l'arr\u00eat\u00e9 du 21 avril 2017 modifi\u00e9 relatif aux connaissances, aux comp\u00e9tences et aux maquettes de \nformation des dipl\u00f4mes d'\u00e9tudes sp\u00e9cialis\u00e9es et fixant la liste de ces dipl\u00f4mes et des options et \nformations sp\u00e9cialis\u00e9es transversales du troisi\u00e8me cycle des \u00e9tudes de m\u00e9decine ; \n \nVU l'arr\u00eat\u00e9 N\u00b0 ARS-DOS-2021/4949 du 2 d\u00e9cembre 2021 fixant la composition de la commission de \nsubdivision charg\u00e9e d'agr\u00e9er les stages pour la formation pratique des \u00e9tudiants en troisi\u00e8me \ncycle des \u00e9tudes m\u00e9dicales et la composition de la commission de subdivision charg\u00e9e de \nrepartir des stages agr\u00e9es \u00e0 pro poser au choix des \u00e9tudiants du troisi\u00e8me cycle des \u00e9tudes \nm\u00e9dicales ; \n \nAgence R\u00e9gionale de Sant\u00e9 - IDF-2025-12-23-00028 - Arr\u00eat\u00e9 n\u00b0ARS - DOS - 2025/ 4806 fixant la composition des commissions\nd'\u00e9valuation des besoins de formation charg\u00e9e de donner un avis au Directeur de l'Agence r\u00e9gionale de sant\u00e9 sur le nombre minimum\nde postes \u00e0 ouvrir chaque semestre et de subdivision charg\u00e9e d'agr\u00e9er les stages pour la formation pratique des \u00e9tudiants en\ntroisi\u00e8me cycle des \u00e9tudes m\u00e9dicales et la composition de la commission de subdivision charg\u00e9e de r\u00e9partir les stages agr\u00e9es \u00e0\nproposer au choix des \u00e9tudiants du troisi\u00e8me cycle des \u00e9tudes m\u00e9dicales \n5\n13 rue du Landy \n93200, SAINT-DENIS \nT\u00e9l : 01 44 02 00 00  \nwww.iledefrance.ars.sante.fr \n2 \n \nVU l'arr\u00eat\u00e9 N\u00b0 ARS -DOS-2021/4950 du 2 d\u00e9cembre 2021 fixant la composition de la commission \nd'\u00e9valuation des besoins de formation charg\u00e9e de donner un avis au directeur g\u00e9n\u00e9ral de \nl'Agence r\u00e9gionale de sant\u00e9 sur le nombre minimum de postes \u00e0 ouvrir chaque semestre, par \nsp\u00e9cialit\u00e9, pour la formation pratique des \u00e9tudiants en troisi\u00e8me cycle des \u00e9tudes de m\u00e9decine ; \n \n \nA R R \u00ca T E \n \nARTICLE 1er :  \n \nL'arr\u00eat\u00e9 N\u00b0 ARS-DOS-2021/4949 du 2 d\u00e9cembre 2021 fixant la composition de la commission de \nsubdivision charg\u00e9e d'agr\u00e9er les stages pour la formation pratique des \u00e9tudiants en troisi\u00e8me cycle \ndes \u00e9tudes m\u00e9dicales et la composition de la commission de subdivision charg\u00e9e de repartir des \nstages agr\u00e9es \u00e0 proposer au choix des \u00e9tudiants du troisi\u00e8me cycle des \u00e9tudes m\u00e9dicales et l'arr\u00eat\u00e9 \nN\u00b0 ARS-DOS-2021/4950 du 2 d\u00e9cembre 2021 fixant la composition de la commission d'\u00e9valuation \ndes besoins de formation charg\u00e9e de donner un avis au directeur g\u00e9n\u00e9ral de l'Agence r\u00e9gionale de \nsant\u00e9 sur le nombre minimum de postes \u00e0 ouvrir chaque semestre, par sp\u00e9cialit\u00e9, pour la formation \npratique des \u00e9tudiants en troisi\u00e8me cycle des \u00e9tudes de m\u00e9decine sont abrog\u00e9s. \n \nARTICLE 2 :  \n \nLa commission d'\u00e9valuation des besoins de formation , comprend les membres suivants , pr\u00e9sents \nou repr\u00e9sent\u00e9s : \n \nAvec voix d\u00e9lib\u00e9rative : \n \n1\u00b0 Le directeur de l'unit\u00e9 de formation et de recherche de m\u00e9decine ou le pr\u00e9sident du comit\u00e9 de \ncoordination des \u00e9tudes m\u00e9dicales de la subdivision en cas de pluralit\u00e9 d'unit\u00e9s de formation et de \nrecherche, pr\u00e9sident de la commission : \n \n- Mme la Pr Sabine SARNACKI, doyenne de la facult\u00e9 de m\u00e9decine de l'universit\u00e9 Paris-Cit\u00e9, \npour les sp\u00e9cialit\u00e9s chirurgicales ; \n- Mme la Pr  Marie ESSIG, doyenne de la facult\u00e9 de sant\u00e9 de l'UVSQ , pour les sp\u00e9cialit\u00e9s \nm\u00e9dicales ; \n- Mme la Pr Carole PLANES, doyenne de la facult\u00e9 de m\u00e9decine de l'universit\u00e9 Sorbonne \nParis-Nord pour la m\u00e9decine g\u00e9n\u00e9rale, la m\u00e9decine du travail, la psychiatrie et la sant\u00e9 \npublique ;  \n \n2\u00b0 Le directeur g\u00e9n\u00e9ral de l'agence r\u00e9gionale de sant\u00e9 ; \n \n3\u00b0 Un praticien des arm\u00e9es, nomm\u00e9 par d\u00e9cision de l'autorit\u00e9 militaire, lorsque des h\u00f4pitaux des \narm\u00e9es ou d'autres \u00e9l\u00e9ments du service de sant\u00e9 des arm\u00e9es mentionn\u00e9s \u00e0 l'article L. 6147 -9 du \ncode de la sant\u00e9 publique rel\u00e8vent de la subdivision : \n  \n- Mme Marion AUBOIN, m\u00e9decin - chef de l'h\u00f4pital national d'instruction des arm\u00e9es B\u00e9gin ; \n \n4\u00b0 Les coordonnateurs locaux ; \n \n5\u00b0 Le ou les pr\u00e9sidents de commission m\u00e9dicale d'\u00e9tablissement du ou des centres hospitaliers \nuniversitaires de la subdivision :  \n \n- M. le Pr R\u00e9mi SALOMON, pr\u00e9sident de la commission m\u00e9dicale d'\u00e9tablissement de l'AP-HP \net chef de service de n\u00e9phrologie p\u00e9diatrique au sein de l'h\u00f4pital Necker-Enfants malades ; \n \n6\u00b0 Cinq repr\u00e9sentants \u00e9tudiants : trois \u00e9tudiants inscrits dans trois sp\u00e9cialit\u00e9s distinctes au sein de \nAgence R\u00e9gionale de Sant\u00e9 - IDF-2025-12-23-00028 - Arr\u00eat\u00e9 n\u00b0ARS - DOS - 2025/ 4806 fixant la composition des commissions\nd'\u00e9valuation des besoins de formation charg\u00e9e de donner un avis au Directeur de l'Agence r\u00e9gionale de sant\u00e9 sur le nombre minimum\nde postes \u00e0 ouvrir chaque semestre et de subdivision charg\u00e9e d'agr\u00e9er les stages pour la formation pratique des \u00e9tudiants en\ntroisi\u00e8me cycle des \u00e9tudes m\u00e9dicales et la composition de la commission de subdivision charg\u00e9e de r\u00e9partir les stages agr\u00e9es \u00e0\nproposer au choix des \u00e9tudiants du troisi\u00e8me cycle des \u00e9tudes m\u00e9dicales \n6\n13 rue du Landy \n93200, SAINT-DENIS \nT\u00e9l : 01 44 02 00 00  \nwww.iledefrance.ars.sante.fr \n3 \n \nla discipline m\u00e9dicale dont un \u00e9tudiant inscrit en m\u00e9decine g\u00e9n\u00e9rale et deux \u00e9tudiants inscrits dans \ndeux sp\u00e9cialit\u00e9s distinctes au sein de la discipline chirurgicale. Ces repr\u00e9sentants \u00e9tudiants sont \naffect\u00e9s dans la subdivision et sont d\u00e9sign\u00e9s par les organisations repr\u00e9sentatives des \u00e9tudiants de \ntroisi\u00e8me cycle de m\u00e9decine de la subdivision.  \n \n 7\u00b0 Le directeur r\u00e9gional des entreprises, de la concurrence, de la consommation, du travail et de \nl'emploi lorsqu'elle se r\u00e9unit au sujet du dipl\u00f4me d'\u00e9tudes sp\u00e9cialis\u00e9es de m\u00e9decine du travail : \n \n-  M. Pascal DUPRAT,  directeur r\u00e9gional des entreprises, de la concurrence, de la \nconsommation du travail et de l'emploi (DIRECCTE) ;  \n \nAvec voix consultative :  \n \n1\u00b0 Le ou les directeurs g\u00e9n\u00e9raux des centres hospitaliers universitaires de la subdivision et un \ndirecteur d'un centre hospitalier de la subdivision, propos\u00e9 par l'organisation ou les organisations \nrepr\u00e9sentatives de ces \u00e9tablissements dans la r\u00e9gion : \n \n- Mme Julie LE GUEN , responsable du bureau des internes et des praticiens \u00e9trangers en \nformation \u00e0 la direction de l'organisation m\u00e9dicale et des relations avec les universit\u00e9s  de \nl'AP-HP ; \n- Maxime LEMEE, directeur du centre hospitalier intercommunal Le Raincy Montfermeil ; \n \n2\u00b0 Un repr\u00e9sentant d\u00e9sign\u00e9 par le conseil r\u00e9gional de l'ordre des m\u00e9decins :  \n \n- Mme le Dr Albane PEROT, pour la m\u00e9decine du travail ; \n- Mme le Dr Caroline DEBACQ, pour la psychiatrie ;  \n- M. le Pr Marc BRODIN, pour la sant\u00e9 publique  \n- M. le Dr Marc BAILLARGEAT, pour les sp\u00e9cialit\u00e9s m\u00e9dicales, les sp\u00e9cialit\u00e9s chirurgicales et \nla m\u00e9decine g\u00e9n\u00e9rale ; \n \nLorsque cette commission traite de la sp\u00e9cialit\u00e9 de biologie m\u00e9dicale, elle comprend en outre les \nmembres suivants avec voix d\u00e9lib\u00e9rative : \n \n1\u00b0 Le ou les directeurs d'unit\u00e9 de formation et de recherche de pharmacie de la subdivision, en \ncopr\u00e9sidence avec le directeur de l'unit\u00e9 de formation et de recherche de m\u00e9decine ou le pr\u00e9sident \ndu comit\u00e9 de coordination des \u00e9tudes m\u00e9dicales de la subdivision : \n \n- M. le Pr Jean-Louis BEAUDEUX, doyen de la facult\u00e9 de pharmacie de Paris Cit\u00e9, pour la \nbiologie m\u00e9dicale ; \n \n2\u00b0 Un praticien des arm\u00e9es, nomm\u00e9 par d\u00e9cision de l'autorit\u00e9 militaire, lorsque des h\u00f4pitaux des \narm\u00e9es rel\u00e8vent de la subdivision : \n \n- Mme Marion AUBOIN, m\u00e9decin g\u00e9n\u00e9ral inspectrice de l'h\u00f4pital d'instruction des arm\u00e9es de \nB\u00e9gin ; \n \n \nARTICLE 3 : \n \nLa commission de subdivision, lorsqu'elle statue en formation en vue de l'agr\u00e9ment des terrains de \nstage, comprend les membres suivants, pr\u00e9sents ou repr\u00e9sent\u00e9s : \n \nAvec voix d\u00e9lib\u00e9rative : \n \n1\u00b0 Le directeur de l'unit\u00e9 de formation et de recherche de m\u00e9decine ou le pr\u00e9sident du comit\u00e9 de \nAgence R\u00e9gionale de Sant\u00e9 - IDF-2025-12-23-00028 - Arr\u00eat\u00e9 n\u00b0ARS - DOS - 2025/ 4806 fixant la composition des commissions\nd'\u00e9valuation des besoins de formation charg\u00e9e de donner un avis au Directeur de l'Agence r\u00e9gionale de sant\u00e9 sur le nombre minimum\nde postes \u00e0 ouvrir chaque semestre et de subdivision charg\u00e9e d'agr\u00e9er les stages pour la formation pratique des \u00e9tudiants en\ntroisi\u00e8me cycle des \u00e9tudes m\u00e9dicales et la composition de la commission de subdivision charg\u00e9e de r\u00e9partir les stages agr\u00e9es \u00e0\nproposer au choix des \u00e9tudiants du troisi\u00e8me cycle des \u00e9tudes m\u00e9dicales \n7\n13 rue du Landy \n93200, SAINT-DENIS \nT\u00e9l : 01 44 02 00 00  \nwww.iledefrance.ars.sante.fr \n4 \n \ncoordination des \u00e9tudes m\u00e9dicales de la subdivision en cas de pluralit\u00e9 d'unit\u00e9s de formation et de \nrecherche, pr\u00e9sident de la commission : \n \n- Mme la Pr Sabine SARNACKI, doyenne de la facult\u00e9 de m\u00e9decine de l'universit\u00e9 Paris-Cit\u00e9, \npour les sp\u00e9cialit\u00e9s chirurgicales ; \n- Mme la Pr  Marie ESSIG, doyenne de la facult\u00e9 de sant\u00e9 de l'UVSQ , pour les sp\u00e9cialit\u00e9s \nm\u00e9dicales ; \n- Mme la Pr Carole PLANES, doyenne de la facult\u00e9 de m\u00e9decine de l'universit\u00e9 Sorbonne \nParis-Nord pour la m\u00e9decine g\u00e9n\u00e9rale, la m\u00e9decine du travail, la psychiatrie et la sant\u00e9 \npublique ;  \n  \n2\u00b0 Le directeur g\u00e9n\u00e9ral de l'agence r\u00e9gionale de sant\u00e9 ; \n  \n3\u00b0 Le ou les directeurs g\u00e9n\u00e9raux des centres hospitaliers universitaires de la subdivision : \n \n- Mme Julie LE GUEN , responsable du bureau des internes et des praticiens \u00e9trangers en \nformation \u00e0 la direction de l'organisation m\u00e9dicale et des relations avec les universit\u00e9s  de \nl'AP-HP ; \n \n4\u00b0 Un praticien des arm\u00e9es, nomm\u00e9 par d\u00e9cision de l'autorit\u00e9 militaire, lorsque des h\u00f4pitaux des \narm\u00e9es ou d'autres \u00e9l\u00e9ments du service de sant\u00e9 des arm\u00e9es mentionn\u00e9s \u00e0 l'article L. 6147 -9 du \ncode de la sant\u00e9 publique rel\u00e8vent de la subdivision : \n  \n- Mme Marion AUBOIN, m\u00e9decin - chef de l'h\u00f4pital national d'instruction des arm\u00e9es B\u00e9gin ; \n \n5\u00b0 Cinq enseignants titulaires ou associ\u00e9s : trois enseignants de trois sp\u00e9cialit\u00e9s distinctes au sein \nde la discipline m\u00e9dicale dont un enseignant de m\u00e9decine g\u00e9n\u00e9rale et deux enseignants de deux \nsp\u00e9cialit\u00e9s distinctes au sein de la discipline chirurgicale. Ces enseignants sont propos\u00e9s par le ou \nles directeurs des unit\u00e9s de formation et de recherche de m\u00e9decine de la subdivision : \n \n- M. le Pr Laurent RIGAL, m\u00e9decin g\u00e9n\u00e9raliste \u00e0 Paris, pour la m\u00e9decine g\u00e9n\u00e9rale ;  \n- M. le Pr Beno\u00eet PLAUD, chef de service en anesth\u00e9sie r\u00e9animation au sein de l'h\u00f4pital Saint-\nLouis, pour les sp\u00e9cialit\u00e9s m\u00e9dicales ;  \n- M. le Pr Yves CASTIER, chirurgien vasculaire au sein de l'h\u00f4pital Bichat, pour les sp\u00e9cialit\u00e9s \nchirurgicales ; \n- M. le Pr Yves CASTIER, chirurgien vasculaire au sein de l'h\u00f4pital Bichat, pour les sp\u00e9cialit\u00e9s \nchirurgicales ; \n- M. le Pr Antoine PELISSOLO, psychiatre au sein de l'h\u00f4pital Albert -Chenevier, pour la \npsychiatrie, la m\u00e9decine du travail et la sant\u00e9 publique ; \n \n 6\u00b0 Cinq repr\u00e9sentants \u00e9tudiants : trois \u00e9tudiants inscrits dans trois sp\u00e9cialit\u00e9s distinctes au sein de \nla discipline m\u00e9dicale dont un \u00e9tudiant inscrit en m\u00e9decine g\u00e9n\u00e9rale et deux \u00e9tudiants inscrits dans \ndeux sp\u00e9cialit\u00e9s distinctes au sein de la discipline chirurgicale. Ces repr\u00e9sentants \u00e9tudiants sont \naffect\u00e9s dans la subdivision et sont d\u00e9sign\u00e9s par les organisations repr\u00e9sentatives des \u00e9tudiants de \ntroisi\u00e8me cycle de m\u00e9decine de la subdivision.  \n \nAvec voix consultative : \n \n1\u00b0 Un directeur d'un centre hospitalier de la subdivision, propos\u00e9 par l'organisation ou les \norganisations repr\u00e9sentatives de ces \u00e9tablissements dans la r\u00e9gion : \n \n- Maxime LEMEE, directeur du centre hospitalier intercommunal Le Raincy Montfermeil ; \n \n2\u00b0 Le ou les pr\u00e9sidents de commission m\u00e9dicale d'\u00e9tablissement du ou des centres hospitaliers \nuniversitaires de la subdivision :  \nAgence R\u00e9gionale de Sant\u00e9 - IDF-2025-12-23-00028 - Arr\u00eat\u00e9 n\u00b0ARS - DOS - 2025/ 4806 fixant la composition des commissions\nd'\u00e9valuation des besoins de formation charg\u00e9e de donner un avis au Directeur de l'Agence r\u00e9gionale de sant\u00e9 sur le nombre minimum\nde postes \u00e0 ouvrir chaque semestre et de subdivision charg\u00e9e d'agr\u00e9er les stages pour la formation pratique des \u00e9tudiants en\ntroisi\u00e8me cycle des \u00e9tudes m\u00e9dicales et la composition de la commission de subdivision charg\u00e9e de r\u00e9partir les stages agr\u00e9es \u00e0\nproposer au choix des \u00e9tudiants du troisi\u00e8me cycle des \u00e9tudes m\u00e9dicales \n8\n13 rue du Landy \n93200, SAINT-DENIS \nT\u00e9l : 01 44 02 00 00  \nwww.iledefrance.ars.sante.fr \n5 \n \n \n- M. le Pr R\u00e9mi SALOMON, pr\u00e9sident de la commission m\u00e9dicale d'\u00e9tablissement de l'AP-HP \net chef de service de n\u00e9phrologie p\u00e9diatrique au sein de l'h\u00f4pital Necker-Enfants malades ; \n \n3\u00b0 Un pr\u00e9sident de commission m\u00e9dicale d'\u00e9tablissement de centre hospitalier de la subdivision \npropos\u00e9 par l'organisation ou les organisations repr\u00e9sentatives de ces \u00e9tablissements dans la \nr\u00e9gion :  \n \n- M. le Dr Edouard DEVAUD, pr\u00e9sident de la commission m\u00e9dicale d'\u00e9tablissement et praticien \nhospitalier au sein du centre hospitalier Ren\u00e9 Dubos de Pontoise ; \n4\u00b0 Un repr\u00e9sentant de l'union r\u00e9gionale des professionnels de sant\u00e9 par coll\u00e8ges de m\u00e9decins : \n \n- Mme le Dr Lamia SLITINE, rhumatologue \u00e0 Paris, pour les sp\u00e9cialit\u00e9s m\u00e9dicales ; \n-  M. le Dr Bertrand de ROCHAMBEAU, gyn\u00e9cologue obst\u00e9tricien \u00e0 Brou -sur-Chantereine, \npour les sp\u00e9cialit\u00e9s chirurgicales ; \n- M. le Dr Mardoche SEBBAG, m\u00e9decin g\u00e9n\u00e9raliste \u00e0 Stains, pour la m\u00e9decine g\u00e9n\u00e9rale ; \n \n5\u00b0 Un repr\u00e9sentant d\u00e9sign\u00e9 par le conseil r\u00e9gional de l'ordre des m\u00e9decins : \n \n- Mme le Dr Albane PEROT, pour la m\u00e9decine du travail ; \n- Mme le Dr Caroline DEBACQ, pour la psychiatrie ;  \n- M. le Pr Marc BRODIN, pour la sant\u00e9 publique  \n- M. le Dr Marc BAILLARGEAT, pour les sp\u00e9cialit\u00e9s m\u00e9dicales, les sp\u00e9cialit\u00e9s chirurgicales et \nla m\u00e9decine g\u00e9n\u00e9rale ; \n \nLe coordonnateur local, le pilote de FST et un repr\u00e9sentant \u00e9tudiant de la sp\u00e9cialit\u00e9 sont invit\u00e9s pour \nl'\u00e9tude des dossiers relevant de leur sp\u00e9cialit\u00e9 d'appartenance. \n \nUn repr\u00e9sentant des \u00e9tablissements priv\u00e9s, lucratif ou non, est invit\u00e9 pour l'\u00e9tude des dossiers \nd'agr\u00e9ment des lieux de stages situ\u00e9s dans ces cat\u00e9gories d'\u00e9tablissements. Il est d\u00e9sign\u00e9 par \nl'organisation ou les organisations repr\u00e9sentatives dans la r\u00e9gi on de la cat\u00e9gorie d'\u00e9tablissements \ncorrespondantes : \n \n- M. Guillaume CHESNEL, directeur g\u00e9n\u00e9ral du groupe hospitalier Diaconesses Croix Saint-\nSimon ; \n \nARTICLE 4 :  \n \nSont nomm\u00e9s membres de la commission de subdivision lorsqu'elle statue en formation en vue de \nla r\u00e9partition des postes offerts au choix semestriel, les membres suivants pr\u00e9sents ou repr\u00e9sent\u00e9s : \n \nAvec voix d\u00e9lib\u00e9rative : \n \n1\u00b0 Le directeur g\u00e9n\u00e9ral de l'agence r\u00e9gionale de sant\u00e9, pr\u00e9sident de la commission ; \n \n2\u00b0 Le directeur de l'unit\u00e9 de formation et de recherche de m\u00e9decine ou le pr\u00e9sident du comit\u00e9 de \ncoordination des \u00e9tudes m\u00e9dicales de la subdivision en cas de pluralit\u00e9 d'unit\u00e9s de formation et de \nrecherche : \n \n- Mme la Pr Sabine SARNACKI, doyenne de la facult\u00e9 de m\u00e9decine de l'universit\u00e9 Paris-Cit\u00e9, \npour les sp\u00e9cialit\u00e9s chirurgicales ; \n- Mme la Pr  Marie ESSIG, doyenne de la facult\u00e9 de sant\u00e9 de l'UVSQ , pour les sp\u00e9cialit\u00e9s \nm\u00e9dicales ; \nAgence R\u00e9gionale de Sant\u00e9 - IDF-2025-12-23-00028 - Arr\u00eat\u00e9 n\u00b0ARS - DOS - 2025/ 4806 fixant la composition des commissions\nd'\u00e9valuation des besoins de formation charg\u00e9e de donner un avis au Directeur de l'Agence r\u00e9gionale de sant\u00e9 sur le nombre minimum\nde postes \u00e0 ouvrir chaque semestre et de subdivision charg\u00e9e d'agr\u00e9er les stages pour la formation pratique des \u00e9tudiants en\ntroisi\u00e8me cycle des \u00e9tudes m\u00e9dicales et la composition de la commission de subdivision charg\u00e9e de r\u00e9partir les stages agr\u00e9es \u00e0\nproposer au choix des \u00e9tudiants du troisi\u00e8me cycle des \u00e9tudes m\u00e9dicales \n9\n13 rue du Landy \n93200, SAINT-DENIS \nT\u00e9l : 01 44 02 00 00  \nwww.iledefrance.ars.sante.fr \n6 \n \n- Mme la Pr Carole PLANES, doyenne de la facult\u00e9 de m\u00e9decine de l'universit\u00e9 Sorbonne \nParis-Nord pour la m\u00e9decine g\u00e9n\u00e9rale, la m\u00e9decine du travail, la psychiatrie et la sant\u00e9 \npublique ;   \n \n3\u00b0 Le ou les directeurs g\u00e9n\u00e9raux des centres hospitaliers universitaires de la subdivision : \n \n- Mme Julie LE GUEN , responsable du bureau des internes et des praticiens \u00e9trangers en \nformation \u00e0 la direction de l'organisation m\u00e9dicale et des relations avec les universit\u00e9s  de \nl'AP-HP ; \n \n4\u00b0 Le ou les pr\u00e9sidents de commissions m\u00e9dicales d'\u00e9tablissement des centres hospitaliers \nuniversitaires de la subdivision : \n \n- M. le Pr R\u00e9mi SALOMON, pr\u00e9sident de la commission m\u00e9dicale d'\u00e9tablissement de l'AP-HP \net chef de service de n\u00e9phrologie p\u00e9diatrique au sein de l'h\u00f4pital Necker-Enfants malades ; \n \n5\u00b0 Un pr\u00e9sident de commission m\u00e9dicale d'\u00e9tablissement de centre hospitalier de la subdivision, \npropos\u00e9 par l'organisation ou les organisations repr\u00e9sentatives de ces \u00e9tablissements dans la r\u00e9gion \n:  \n \n- M. le Dr Edouard DEVAUD, pr\u00e9sident de la commission m\u00e9dicale d'\u00e9tablissement et praticien \nhospitalier au sein du centre hospitalier Ren\u00e9 Dubos de Pontoise ; \n \n6\u00b0 Un pr\u00e9sident de commission m\u00e9dicale d'\u00e9tablissement de centre hospitalier sp\u00e9cialis\u00e9 en \npsychiatrie de la subdivision, propos\u00e9 par l'organisation ou les organisations repr\u00e9sentatives de ces \n\u00e9tablissements dans la r\u00e9gion : \n \n- M. le Dr David TOUITOU pr\u00e9sident de la commission m\u00e9dicale d'\u00e9tablissement du groupe \nhospitalier Paul Guiraud et chef du p\u00f4le UMD Henri Collin ; \n \n7\u00b0 Un pr\u00e9sident de commission m\u00e9dicale d'\u00e9tablissement de sant\u00e9 priv\u00e9 \u00e0 but non lucratif de la \nsubdivision, propos\u00e9 par l'organisation ou les organisations repr\u00e9sentatives de ces \u00e9tablissements \ndans la r\u00e9gion :  \n \n- Mme le Dr Pomme JOUFFROY, pr\u00e9sidente de la commission m\u00e9dicale d'\u00e9tablissement et \nchef de service de chirurgie orthop\u00e9dique et traumatologie au sein du groupe hospitalier \nParis Saint-Joseph ; \n \n8\u00b0 Un pr\u00e9sident de commission m\u00e9dicale d'\u00e9tablissement priv\u00e9 \u00e0 but lucratif de la subdivision, \npropos\u00e9 par l'organisation ou les organisations repr\u00e9sentatives de ces \u00e9tablissements dans la \nr\u00e9gion :  \n \n- M. le Dr Christian DEVAUX, pr\u00e9sident de la commission m\u00e9dicale d'\u00e9tablissement et \nanesth\u00e9siste au sein de la clinique Maussin Nollet ;   \n \n9\u00b0 Un praticien des arm\u00e9es, nomm\u00e9 par d\u00e9cision de l'autorit\u00e9 militaire, lorsque des h\u00f4pitaux des \narm\u00e9es ou d'autres \u00e9l\u00e9ments du service de sant\u00e9 des arm\u00e9es mentionn\u00e9s \u00e0 l'article L. 6147 -9 du \ncode de la sant\u00e9 publique rel\u00e8vent de la subdivision : \n \n- Mme Marion AUBOIN, m\u00e9decin - chef de l'h\u00f4pital national d'instruction des arm\u00e9es B\u00e9gin ; \n                                               \n10\u00b0 Un repr\u00e9sentant de l'union r\u00e9gionale des professionnels de sant\u00e9 par coll\u00e8ges de m\u00e9decins : \n \n- Mme le Dr Lamia SLITINE, rhumatologue \u00e0 Paris, pour les sp\u00e9cialit\u00e9s m\u00e9dicales ; \nAgence R\u00e9gionale de Sant\u00e9 - IDF-2025-12-23-00028 - Arr\u00eat\u00e9 n\u00b0ARS - DOS - 2025/ 4806 fixant la composition des commissions\nd'\u00e9valuation des besoins de formation charg\u00e9e de donner un avis au Directeur de l'Agence r\u00e9gionale de sant\u00e9 sur le nombre minimum\nde postes \u00e0 ouvrir chaque semestre et de subdivision charg\u00e9e d'agr\u00e9er les stages pour la formation pratique des \u00e9tudiants en\ntroisi\u00e8me cycle des \u00e9tudes m\u00e9dicales et la composition de la commission de subdivision charg\u00e9e de r\u00e9partir les stages agr\u00e9es \u00e0\nproposer au choix des \u00e9tudiants du troisi\u00e8me cycle des \u00e9tudes m\u00e9dicales \n10\n13 rue du Landy \n93200, SAINT-DENIS \nT\u00e9l : 01 44 02 00 00  \nwww.iledefrance.ars.sante.fr \n7 \n \n-  M. le Dr Bertrand de ROCHAMBEAU, gyn\u00e9cologue obst\u00e9tricien \u00e0 Brou -sur-Chantereine, \npour les sp\u00e9cialit\u00e9s chirurgicales ; \n- M. le Dr Mardoche SEBBAG, m\u00e9decin g\u00e9n\u00e9raliste \u00e0 Stains, pour la m\u00e9decine g\u00e9n\u00e9rale  ;\n  \n11\u00b0 Cinq enseignants titulaires ou associ\u00e9s : trois enseignants de trois sp\u00e9cialit\u00e9s distinctes au sein \nde la discipline m\u00e9dicale dont un enseignant en m\u00e9decine g\u00e9n\u00e9rale et deux enseignants de deux \nsp\u00e9cialit\u00e9s distinctes au sein de la discipline chirurgicale. Ces enseignants sont propos\u00e9s par le ou \nles directeurs des unit\u00e9s de formation et de recherche de m\u00e9decine de la subdivision : \n \n- M. le Pr Laurent RIGAL, m\u00e9decin g\u00e9n\u00e9raliste \u00e0 Paris, pour la m\u00e9decine g\u00e9n\u00e9rale ;  \n- M. le Pr Beno\u00eet PLAUD, chef de service en anesth\u00e9sie r\u00e9animation au sein de l'h\u00f4pital Saint-\nLouis, pour les sp\u00e9cialit\u00e9s m\u00e9dicales ;  \n- M. le Pr Yves CASTIER, chirurgien vasculaire au sein de l'h\u00f4pital Bichat, pour les sp\u00e9cialit\u00e9s \nchirurgicales ; \n- M. le Pr Yves CASTIER, chirurgien vasculaire au sein de l'h\u00f4pital Bichat, pour les sp\u00e9cialit\u00e9s \nchirurgicales ; \n- M. le Pr Antoine PELISSOLO, psychiatre au sein de l'h\u00f4pital Albert -Chenevier, pour la \npsychiatrie, la m\u00e9decine du travail et la sant\u00e9 publique ; \n \n12\u00b0 Cinq repr\u00e9sentants \u00e9tudiants : trois \u00e9tudiants inscrits dans trois sp\u00e9cialit\u00e9s distinctes au sein de \nla discipline m\u00e9dicale dont un \u00e9tudiant inscrit en m\u00e9decine g\u00e9n\u00e9rale et deux \u00e9tudiants inscrits dans \ndeux sp\u00e9cialit\u00e9s distinctes au sein de la discipline c hirurgicale. Ces repr\u00e9sentants \u00e9tudiants sont \naffect\u00e9s dans la subdivision et sont d\u00e9sign\u00e9s par les organisations repr\u00e9sentatives des \u00e9tudiants de \ntroisi\u00e8me cycle de m\u00e9decine de la subdivision. \n \n13\u00b0 Un directeur d'un centre hospitalier de la subdivision, propos\u00e9 par l'organisation ou les \norganisations repr\u00e9sentatives de ces \u00e9tablissements dans la r\u00e9gion : \n \n- Maxime LEMEE, directeur du centre hospitalier intercommunal Le Raincy Montfermeil ; \n \n14\u00b0 Un directeur de centre hospitalier sp\u00e9cialis\u00e9 en psychiatrie de la subdivision, propos\u00e9 par \nl'organisation ou les organisations repr\u00e9sentatives de ces \u00e9tablissements dans la r\u00e9gion : \n \n- Mme Cl\u00e9a BLOCH, directrice  adjointe du groupe hospitalier universitaire de Psychiatrie et \nNeurosciences ; \n \n15\u00b0 Un directeur d'\u00e9tablissement de sant\u00e9 priv\u00e9 \u00e0 but non lucratif de la subdivision propos\u00e9 par \nl'organisation ou les organisations repr\u00e9sentatives de ces \u00e9tablissements dans la r\u00e9gion : \n \n- M. Guillaume CHESNEL, directeur g\u00e9n\u00e9ral du groupe hospitalier Diaconesses Croix Saint -\nSimon ; \n \n16\u00b0 Un directeur d'\u00e9tablissement de sant\u00e9 priv\u00e9 \u00e0 but lucratif de la subdivision propos\u00e9 par \nl'organisation ou les organisations repr\u00e9sentatives de ces \u00e9tablissements dans la r\u00e9gion : \n \n- Mme H\u00e9l\u00e9na KISLER, secr\u00e9taire g\u00e9n\u00e9rale de la d\u00e9l\u00e9gation r\u00e9gionale d'Ile-de-France de la \nf\u00e9d\u00e9ration de l'hospitalisation priv\u00e9e ;  \n \n17\u00b0 Le directeur r\u00e9gional des entreprises, de la concurrence, de la consommation, du travail et de \nl'emploi lorsqu'elle se r\u00e9unit au sujet du dipl\u00f4me d'\u00e9tudes sp\u00e9cialis\u00e9es de m\u00e9decine du travail : \n \n-  M. Pascal DUPRAT,  directeur r\u00e9gional des entreprises, de la concurrence, de la \nconsommation du travail et de l'emploi (DIRECCTE) ;  \n \nAvec voix consultative : \nAgence R\u00e9gionale de Sant\u00e9 - IDF-2025-12-23-00028 - Arr\u00eat\u00e9 n\u00b0ARS - DOS - 2025/ 4806 fixant la composition des commissions\nd'\u00e9valuation des besoins de formation charg\u00e9e de donner un avis au Directeur de l'Agence r\u00e9gionale de sant\u00e9 sur le nombre minimum\nde postes \u00e0 ouvrir chaque semestre et de subdivision charg\u00e9e d'agr\u00e9er les stages pour la formation pratique des \u00e9tudiants en\ntroisi\u00e8me cycle des \u00e9tudes m\u00e9dicales et la composition de la commission de subdivision charg\u00e9e de r\u00e9partir les stages agr\u00e9es \u00e0\nproposer au choix des \u00e9tudiants du troisi\u00e8me cycle des \u00e9tudes m\u00e9dicales \n11\n13 rue du Landy \n93200, SAINT-DENIS \nT\u00e9l : 01 44 02 00 00  \nwww.iledefrance.ars.sante.fr \n8 \n \n \n1\u00b0 Un directeur d'\u00e9tablissement d'hospitalisation \u00e0 domicile de la subdivision, propos\u00e9 par \nl'organisation ou les organisations repr\u00e9sentatives de ces \u00e9tablissements dans la r\u00e9gion : \n \n- M. Florent BOUSQUIE, directeur hospitalisation \u00e0 domicile AP-HP ; \n  \n2\u00b0 Un repr\u00e9sentant d\u00e9sign\u00e9 par le conseil r\u00e9gional de l'ordre des m\u00e9decins : \n \n- Mme le Dr Albane PEROT, pour la m\u00e9decine du travail ; \n- Mme le Dr Caroline DEBACQ, pour la psychiatrie ;  \n- M. le Pr Marc BRODIN, pour la sant\u00e9 publique  \n- M. le Dr Marc BAILLARGEAT, pour les sp\u00e9cialit\u00e9s m\u00e9dicales, les sp\u00e9cialit\u00e9s chirurgicales et \nla m\u00e9decine g\u00e9n\u00e9rale ; \n \nLes coordonnateurs r\u00e9gionaux et les pilotes peuvent assister avec voix consultative. \nLe coordonnateur local et un repr\u00e9sentant \u00e9tudiant de la sp\u00e9cialit\u00e9 sont invit\u00e9s pour l'examen de la \nr\u00e9partition des postes offerts au choix semestriel de cette sp\u00e9cialit\u00e9. \n \nLorsque cette commission traite de la sp\u00e9cialit\u00e9 de biologie m\u00e9dicale, elle comprend en outre les \nmembres suivants avec voix d\u00e9lib\u00e9rative : \n \n1\u00b0 Le ou les directeurs d'unit\u00e9 de formation et de recherche de pharmacie de la subdivision, en \ncopr\u00e9sidence avec le directeur de l'unit\u00e9 de formation et de recherche de m\u00e9decine ou le pr\u00e9sident \ndu comit\u00e9 de coordination des \u00e9tudes m\u00e9dicales de la subdivision lorsque cette commission statue \nen formation en vue de l'agr\u00e9ment : \n \n- M. le Pr Jean-Louis BEAUDEUX, doyen de la facult\u00e9 de pharmacie de Paris Cit\u00e9, pour la \nbiologie m\u00e9dicale ; \n \n2\u00b0 Un praticien des arm\u00e9es, nomm\u00e9 par d\u00e9cision de l'autorit\u00e9 militaire, lorsque des h\u00f4pitaux des \narm\u00e9es ou d'autres \u00e9l\u00e9ments du service de sant\u00e9 des arm\u00e9es mentionn\u00e9s \u00e0 l'article L. 6147 -7 du \ncode de la sant\u00e9 publique rel\u00e8vent de la subdivision : \n \n- Mme Marion AUBOIN, m\u00e9decin - chef de l'h\u00f4pital national d'instruction des arm\u00e9es B\u00e9gin ; \n \n3\u00b0 Un m\u00e9decin enseignant titulaire de la sp\u00e9cialit\u00e9 de la discipline biologique, propos\u00e9 par le ou les \ndirecteurs des unit\u00e9s de formation et de recherche de m\u00e9decine de la subdivision : \n \n- Mme la Pr Virginie SIGURET-DEPASSE, cheffe du service d'h\u00e9matologie biologique de \nl'h\u00f4pital Lariboisi\u00e8re ; \n \n4\u00b0 Un pharmacien enseignant titulaire hospitalo -universitaire biologiste m\u00e9dical exer\u00e7ant dans la \nsubdivision, propos\u00e9 par le ou les directeurs des unit\u00e9s de formation et de recherche de pharmacie \nde la subdivision : \n \n- Mme la Pr Nad\u00e8ge BOURGEOIS, cheffe du service de microbiologie, h\u00f4pital Antoine \nB\u00e9cl\u00e8re ;  \n \n5\u00b0 Deux repr\u00e9sentants, l'un m\u00e9decin et l'autre pharmacien, des biologistes m\u00e9dicaux exer\u00e7ant en \nlaboratoire de biologie m\u00e9dicale, propos\u00e9s par les organismes repr\u00e9sentatifs de la profession dans \nla subdivision : \n \n- M. M. le Dr Jean-Fran\u00e7ois AUCLAIR, pharmacien, directeur du laboratoire de biologie \nm\u00e9dicale BIOVSM \u00e0 Vaires-sur-Marne ; \n- M. le Dr Jean-Claude AZOULAY, m\u00e9decin biologiste ; \nAgence R\u00e9gionale de Sant\u00e9 - IDF-2025-12-23-00028 - Arr\u00eat\u00e9 n\u00b0ARS - DOS - 2025/ 4806 fixant la composition des commissions\nd'\u00e9valuation des besoins de formation charg\u00e9e de donner un avis au Directeur de l'Agence r\u00e9gionale de sant\u00e9 sur le nombre minimum\nde postes \u00e0 ouvrir chaque semestre et de subdivision charg\u00e9e d'agr\u00e9er les stages pour la formation pratique des \u00e9tudiants en\ntroisi\u00e8me cycle des \u00e9tudes m\u00e9dicales et la composition de la commission de subdivision charg\u00e9e de r\u00e9partir les stages agr\u00e9es \u00e0\nproposer au choix des \u00e9tudiants du troisi\u00e8me cycle des \u00e9tudes m\u00e9dicales \n12\n13 rue du Landy \n93200, SAINT-DENIS \nT\u00e9l : 01 44 02 00 00  \nwww.iledefrance.ars.sante.fr \n9 \n \n \n6\u00b0 Un repr\u00e9sentant d\u00e9sign\u00e9 par les unions r\u00e9gionales des professionnels de sant\u00e9 pharmaciens de \nla subdivision : \n \n- M. le Dr Jean-Claude AZOULAY ; \n \n7\u00b0 Deux repr\u00e9sentants \u00e9tudiants inscrits dans la sp\u00e9cialit\u00e9 de biologie m\u00e9dicale. Ces repr\u00e9sentants \n\u00e9tudiants sont affect\u00e9s dans la subdivision et sont d\u00e9sign\u00e9s, l'un par les organisations \nrepr\u00e9sentatives des \u00e9tudiants de troisi\u00e8me cycle de m\u00e9decine de la subdivision et, l'autre par les \norganisations repr\u00e9sentatives des \u00e9tudiants de troisi\u00e8me cycle sp\u00e9cialis\u00e9 des \u00e9tudes \npharmaceutiques. \n \nARTICLE 5 : \n \nLa dur\u00e9e du mandat des membres des commissions est de cinq ann\u00e9es, renouvelable, \u00e0 l'exception \ndes repr\u00e9sentants \u00e9tudiants  qui sont nomm\u00e9s pour une dur\u00e9e d'une ann\u00e9e renouvelable, sous \nr\u00e9serve de leur maintien sous le statut au titre duquel ils sont d\u00e9sign\u00e9s.  \n \nARTICLE 6 : \n \nLes dispositions du pr\u00e9sent arr\u00eat\u00e9 s'appliquent \u00e0 la formation en stage des \u00e9tudiants affect\u00e9s \nd\u00e9finitivement en troisi\u00e8me cycle des \u00e9tudes de m\u00e9decine en Ile -de-France avant la rentr\u00e9e \nuniversitaire 2017-2018 et \u00e0 la formation en stage des \u00e9tudiants affect\u00e9s d\u00e9finitivement en troisi\u00e8me \ncycle des \u00e9tudes de m\u00e9decine en Ile-de-France \u00e0 compter de la rentr\u00e9e universitaire 2017-2018. \n  \nARTICLE 7 : \n \nLe directeur g\u00e9n\u00e9ral de l'Agence r\u00e9gionale de sant\u00e9 \u00cele -de-France est charg\u00e9 de l'ex\u00e9cution du \npr\u00e9sent arr\u00eat\u00e9 qui sera publi\u00e9 au recueil des actes administratifs de la pr\u00e9fecture de r\u00e9gion. \n \n \n \n \nFait \u00e0 Saint-Denis, le \n23 d\u00e9cembre 2025 \n \nP/Le directeur g\u00e9n\u00e9ral  \nde l'Agence r\u00e9gionale de sant\u00e9 \nIle-de-France \nLe Directeur de l'Offre de soins \n \n \n \n \n \n \n \n                                                                                                 Arnaud CORVAISIER \n \n \nAgence R\u00e9gionale de Sant\u00e9 - IDF-2025-12-23-00028 - Arr\u00eat\u00e9 n\u00b0ARS - DOS - 2025/ 4806 fixant la composition des commissions\nd'\u00e9valuation des besoins de formation charg\u00e9e de donner un avis au Directeur de l'Agence r\u00e9gionale de sant\u00e9 sur le nombre minimum\nde postes \u00e0 ouvrir chaque semestre et de subdivision charg\u00e9e d'agr\u00e9er les stages pour la formation pratique des \u00e9tudiants en\ntroisi\u00e8me cycle des \u00e9tudes m\u00e9dicales et la composition de la commission de subdivision charg\u00e9e de r\u00e9partir les stages agr\u00e9es \u00e0\nproposer au choix des \u00e9tudiants du troisi\u00e8me cycle des \u00e9tudes m\u00e9dicales \n13\nAgence R\u00e9gionale de Sant\u00e9\nIDF-2025-12-23-00026\nArr\u00eat\u00e9 n\u00b0ARS - DOS - 2025/ 4807 fixant la\ncomposition de la commission r\u00e9gionale charg\u00e9e\nd'agr\u00e9er les services, organismes ou laboratoires\npour la formation en sciences pharmaceutiques\nsp\u00e9cialis\u00e9es et de repartir les postes offerts aux\nchoix semestriels des \u00e9tudiants en troisi\u00e8me\ncycle des \u00e9tudes pharmaceutiques\nAgence R\u00e9gionale de Sant\u00e9 - IDF-2025-12-23-00026 - Arr\u00eat\u00e9 n\u00b0ARS - DOS - 2025/ 4807 fixant la composition de la commission\nr\u00e9gionale charg\u00e9e d'agr\u00e9er les services, organismes ou laboratoires pour la formation en sciences pharmaceutiques sp\u00e9cialis\u00e9es et de\nrepartir les postes offerts aux choix semestriels des \u00e9tudiants en troisi\u00e8me cycle des \u00e9tudes pharmaceutiques\n14\nREPUBLIQUEFRANCAISELibert\u00e9Egalit\u00e9Fraternit\u00e9\ne \u00bb Agence R\u00e9gionale de Sant\u00e9Ile-de-France\n \n \n13 rue du Landy \n93200, SAINT-DENIS \nT\u00e9l : 01 44 02 00 00  \nwww.iledefrance.ars.sante.fr \n1 \n \n \n \n   \n ARR\u00caTE N\u00b0 ARS - DOS - 2025/ 4807 \n \n \nfixant la composition de la commission r\u00e9gionale charg\u00e9e d'agr\u00e9er les services, organismes \nou laboratoires pour la formation en sciences pharmaceutiques sp\u00e9cialis\u00e9es et de repartir les \npostes offerts aux choix semestriels des \u00e9tudiants en troisi\u00e8me cycle des \u00e9tudes \npharmaceutiques \n \n \nLe Directeur g\u00e9n\u00e9ral de l'Agence r\u00e9gionale de sant\u00e9 Ile-de-France \n \n \nVU les articles L633-1 et suivants du code de l'\u00e9ducation ; \n \nVU les articles L6153 \u00e0 L6153 -6 et les articles R6153 -1 \u00e0 R6153 -110 du code de la sant\u00e9  \npublique ; \n \nVU le d\u00e9cret du 1er avril 2010 portant nomination des directeurs g\u00e9n\u00e9raux des agences \nr\u00e9gionales de sant\u00e9 ; \n \nVU le d\u00e9cret n\u00b0 2012-257 du 22 f\u00e9vrier 2012 relatif \u00e0 la commission d'interr\u00e9gion du troisi\u00e8me \ncycle des \u00e9tudes sp\u00e9cialis\u00e9es pharmaceutiques et de biologie m\u00e9dicale ; \n \nVU le d\u00e9cret n\u00b0 2019-1022 du 4 octobre 2019 portant modification du troisi\u00e8me cycle long des \n\u00e9tudes pharmaceutiques ; \n \nVU le d\u00e9cret du 10 avril 2024 portant nomination du directeur g\u00e9n\u00e9ral de l'agence r\u00e9gionale \nde sant\u00e9 d'Ile-de-France, M. Denis ROBIN ; \n \nVU l'arr\u00eat\u00e9 du 4 octobre 2019 portant organisation du troisi\u00e8me cycle long des \u00e9tudes \npharmaceutiques ; \n \nVU l'arr\u00eat\u00e9 N\u00b0 ARS\u2013DOS\u20132020/131 du13 f\u00e9vrier 2020 fixant la composition de la commission \nr\u00e9gionale charg\u00e9e d'agr\u00e9er les services, organismes ou laboratoires pour la formation en \nsciences pharmaceutiques sp\u00e9cialis\u00e9es et de r\u00e9partir les postes d'internes dans les \nservices hospitaliers et organismes agr\u00e9\u00e9s de la circonscription. \n \n \nARR\u00caTE \n \n \nARTICLE 1er :  \n \nL'arr\u00eat\u00e9 N\u00b0 ARS \u2013DOS\u20132020/131 du13 f\u00e9vrier 2020 fixant la composition  de la commission \nr\u00e9gionale charg\u00e9e d'agr\u00e9er les services, organismes ou laboratoires pour la formation en \nsciences pharmaceutiques sp\u00e9cialis\u00e9es et de r\u00e9partir les postes d'internes dans les services \nhospitaliers et organismes agr\u00e9\u00e9s de la circonscription est abrog\u00e9.  \n \n \n \n \nAgence R\u00e9gionale de Sant\u00e9 - IDF-2025-12-23-00026 - Arr\u00eat\u00e9 n\u00b0ARS - DOS - 2025/ 4807 fixant la composition de la commission\nr\u00e9gionale charg\u00e9e d'agr\u00e9er les services, organismes ou laboratoires pour la formation en sciences pharmaceutiques sp\u00e9cialis\u00e9es et de\nrepartir les postes offerts aux choix semestriels des \u00e9tudiants en troisi\u00e8me cycle des \u00e9tudes pharmaceutiques\n15\n13 rue du Landy \n93200, SAINT-DENIS \nT\u00e9l : 01 44 02 00 00  \nwww.iledefrance.ars.sante.fr \n2 \n \nARTICLE 2 :  \n \nLa commission d'\u00e9valuation des besoins de formation , comprend les membres suivants , \npr\u00e9sents ou repr\u00e9sent\u00e9s : \n \nAvec voix d\u00e9lib\u00e9rative : \n \n1\u00b0 Le directeur  de l'unit\u00e9  de formation et de recherche dispensant des formations \npharmaceutiques de la r\u00e9gion. Il pr\u00e9side la commission, pr\u00e9sident de la commission : \n \n- Mme la Pr Claire JANOIR, doyenne de la facult\u00e9 de pharmacie - Universit\u00e9 Paris-\nSaclay ; \n \n2\u00b0 Le directeur g\u00e9n\u00e9ral de l'agence r\u00e9gionale de sant\u00e9 ; \n \n3\u00b0 Le coordonnateur r\u00e9gional de la sp\u00e9cialit\u00e9 ; \n \n4\u00b0 Un praticien des arm\u00e9es, nomm\u00e9 par d\u00e9cision de l'autorit\u00e9 militaire :  \n \n- M. Herv\u00e9 DELACOUR, pharmacien \u00e0 l'h\u00f4pital national d'instruction des arm\u00e9es B\u00e9gin ; \n \n5\u00b0 Les coordonnateurs locaux de sp\u00e9cialit\u00e9 ; \n \n6\u00b0 Le ou les pr\u00e9sidents de commission m\u00e9dicale d'\u00e9tablissement du ou des centres \nhospitaliers universitaires de la r\u00e9gion :  \n \n- M. le Pr R\u00e9mi SALOMON, pr\u00e9sident de la commission m\u00e9dicale d'\u00e9tablissement de \nl'AP-HP et chef de service de n\u00e9phrologie p\u00e9diatrique au sein de l'h\u00f4pital Necker -\nEnfants malades ; \n \n7\u00b0 Deux repr\u00e9sentants \u00e9tudiants inscrits dans la sp\u00e9cialit\u00e9 d\u00e9sign\u00e9s par l'organisation \nrepr\u00e9sentative des \u00e9tudiants en troisi\u00e8me cycle de pharmacie ; \n \nAvec voix consultative :  \n \n1\u00b0 Le ou les directeurs g\u00e9n\u00e9raux des centres hospitaliers universitaires de la r\u00e9gion et un \ndirecteur d'un centre hospitalier de la r\u00e9gion, propos\u00e9 par l'organisation ou les organisations \nrepr\u00e9sentatives de ces \u00e9tablissements dans la r\u00e9gion : \n \n- Mme Julie LE GUEN, responsable du bureau des internes et des praticiens \u00e9trangers \nen formation \u00e0 la direction de l'organisation m\u00e9dicale et des relations avec les \nuniversit\u00e9s de l'AP-HP ; \n \n- M. Maxime LEMEE, directeur du centre hospitalier intercommunal Le Raincy \nMontfermeil ; \n-  \n2\u00b0 Un repr\u00e9sentant d\u00e9sign\u00e9 par la section du conseil central de l'ordre des pharmaciens \ncomp\u00e9tente pour la sp\u00e9cialit\u00e9 : \n \n- M. le Dr Julien CRISTOFINI, pharmacien ; \n \n \n \nAgence R\u00e9gionale de Sant\u00e9 - IDF-2025-12-23-00026 - Arr\u00eat\u00e9 n\u00b0ARS - DOS - 2025/ 4807 fixant la composition de la commission\nr\u00e9gionale charg\u00e9e d'agr\u00e9er les services, organismes ou laboratoires pour la formation en sciences pharmaceutiques sp\u00e9cialis\u00e9es et de\nrepartir les postes offerts aux choix semestriels des \u00e9tudiants en troisi\u00e8me cycle des \u00e9tudes pharmaceutiques\n16\n13 rue du Landy \n93200, SAINT-DENIS \nT\u00e9l : 01 44 02 00 00  \nwww.iledefrance.ars.sante.fr \n3 \n \nARTICLE 3 :  \n \nLa commission r\u00e9gionale, lorsqu'elle statue en formation en vue de l'agr\u00e9ment des lieux de \nstage, comprend les membres suivants, pr\u00e9sents ou repr\u00e9sent\u00e9s : \n \nAvec voix d\u00e9lib\u00e9rative : \n \n1\u00b0 Le directeur  de l'unit\u00e9  de formation et de recherche dispensant des formations \npharmaceutiques de la r\u00e9gion. Il pr\u00e9side la commission, pr\u00e9sident de la commission : \n \n- Mme la Pr Claire JANOIR, doyenne de la facult\u00e9 de pharmacie - Universit\u00e9 Paris-\nSaclay ; \n \n2\u00b0 Le coordonnateur r\u00e9gional de la sp\u00e9cialit\u00e9 ; \n \n3\u00b0 Le directeur g\u00e9n\u00e9ral de l'agence r\u00e9gionale de sant\u00e9 : \n  \n4\u00b0 Le ou les directeurs g\u00e9n\u00e9raux des centres hospitaliers universitaires de la r\u00e9gion : \n \n- Mme Julie LE GUEN, responsable du bureau des internes et des praticiens \u00e9trangers \nen formation \u00e0 la direction de l'organisation m\u00e9dicale et des relations avec les \nuniversit\u00e9s de l'AP-HP ; \n \n5\u00b0 Un praticien des arm\u00e9es, nomm\u00e9 par d\u00e9cision de l'autorit\u00e9 militaire :  \n \n- M. Herv\u00e9 DELACOUR, pharmacien \u00e0 l'h\u00f4pital national d'instruction des arm\u00e9es B\u00e9gin ; \n \n6\u00b0 Trois enseignants titulaires propos\u00e9s par le ou les directeurs des unit\u00e9s de formation et de \nrecherche dispensant des formations pharmaceutiques dans la r\u00e9gion : \n \n- M. le Dr Audrey THOMAS-SCHOEMAN, professeur \u00e0 l'universit\u00e9 Paris-Cit\u00e9 ; \n- M. le Dr Nicolas MARTELLI, universit\u00e9 Paris-Saclay ;  \n- Mme la Pr Vanessa BLOCH, professeur \u00e0 l'universit\u00e9 Paris-Cit\u00e9 ; \n \n 7\u00b0 Deux praticiens hospitaliers repr\u00e9sentant les centres hospitaliers de la r\u00e9gion : \n \n-  Mme le Dr Bernadette CORET, Cheffe du service de pharmacie au sein du CHI Robert \nBallanger ; \n-  Mme le Dr St\u00e9phanie POULLAIN, Cheffe du service de pharmacie au sein du CHI de \nCr\u00e9teil ; \n \n8\u00b0 Deux repr\u00e9sentants \u00e9tudiants inscrits dans la sp\u00e9cialit\u00e9 d\u00e9sign\u00e9s par l'organisation \nrepr\u00e9sentative des \u00e9tudiants en troisi\u00e8me cycle de pharmacie ; \n \nAvec voix consultative :  \n \n1\u00b0 Un directeur d'un centre hospitalier de la r\u00e9gion, propos\u00e9 par l'organisation ou les \norganisations repr\u00e9sentatives de ces \u00e9tablissements dans la r\u00e9gion : \n \n- M. Maxime LEMEE, directeur du centre hospitalier intercommunal Le Raincy \nMontfermeil ; \n \nAgence R\u00e9gionale de Sant\u00e9 - IDF-2025-12-23-00026 - Arr\u00eat\u00e9 n\u00b0ARS - DOS - 2025/ 4807 fixant la composition de la commission\nr\u00e9gionale charg\u00e9e d'agr\u00e9er les services, organismes ou laboratoires pour la formation en sciences pharmaceutiques sp\u00e9cialis\u00e9es et de\nrepartir les postes offerts aux choix semestriels des \u00e9tudiants en troisi\u00e8me cycle des \u00e9tudes pharmaceutiques\n17\n13 rue du Landy \n93200, SAINT-DENIS \nT\u00e9l : 01 44 02 00 00  \nwww.iledefrance.ars.sante.fr \n4 \n \n2\u00b0 Le ou les pr\u00e9sidents de commission m\u00e9dicale d'\u00e9tablissement du ou des centres \nhospitaliers universitaires de la r\u00e9gion :  \n \n- M. le Pr R\u00e9mi SALOMON, pr\u00e9sident de la commission m\u00e9dicale d'\u00e9tablissement de \nl'AP-HP et chef de service de n\u00e9phrologie p\u00e9diatrique au sein de l'h\u00f4pital Necker -\nEnfants malades ; \n \n3\u00b0 Un pr\u00e9sident de commission m\u00e9dicale d'\u00e9tablissement de centre hospitalier propos\u00e9 par \nl'organisation ou les organisations repr\u00e9sentatives de ces \u00e9tablissements dans la r\u00e9gion :  \n \n- M. le Dr Jean-Luc PONS, pharmacien au CH Victor Dupouy ; \n \n4\u00b0 Un repr\u00e9sentant d\u00e9sign\u00e9 par la section du conseil central de l'ordre des pharmaciens \ncomp\u00e9tente pour la sp\u00e9cialit\u00e9 : \n \n- M. le Dr Julien CRISTOFINI, pharmacien ; \n \n5\u00b0 Les coordonnateurs locaux, invit\u00e9s pour l'\u00e9tude des dossiers relevant de leur sp\u00e9cialit\u00e9 . \nLe pilote de chaque formation sp\u00e9cialis\u00e9e transversale ou son repr\u00e9sentant est invit\u00e9 pour \nl'\u00e9tude des dossiers des lieux de stage et des praticiens relevant de ladite formation ; \n \nUn repr\u00e9sentant des \u00e9tablissements priv\u00e9s, lucratif ou non, est invit\u00e9 pour l'\u00e9tude des dossiers \nd'agr\u00e9ment des lieux de stage situ\u00e9s dans ces cat\u00e9gories d'\u00e9tablissements. Il est d\u00e9sign\u00e9 par \nl'organisation ou les organisations repr\u00e9sentatives dans la r\u00e9gio n de la cat\u00e9gorie \nd'\u00e9tablissements correspondantes. \n \nARTICLE 4 :  \n \nLa commission r\u00e9gionale, lorsqu'elle statue en formation en vue de la r\u00e9partition des postes \nofferts au choix semestriel y compris pour les options et formations sp\u00e9cialis\u00e9es transversales, \ncomprend les membres suivants, pr\u00e9sents ou repr\u00e9sent\u00e9s : \n \nAvec voix d\u00e9lib\u00e9rative : \n \n1\u00b0 Le directeur g\u00e9n\u00e9ral de l'agence r\u00e9gionale de sant\u00e9, pr\u00e9sident de la commission ; \n \n2\u00b0 Le directeur  de l'unit\u00e9  de formation et de recherche dispensant des formations \npharmaceutiques de la r\u00e9gion. Il pr\u00e9side la commission, pr\u00e9sident de la commission : \n \n- Mme la Pr Claire JANOIR, doyenne de la facult\u00e9 de pharmacie - Universit\u00e9 Paris-\nSaclay ; \n \n3\u00b0 Le ou les directeurs g\u00e9n\u00e9raux des centres hospitaliers universitaires de la r\u00e9gion : \n \n- Mme Julie LE GUEN, responsable du bureau des internes et des praticiens \u00e9trangers \nen formation \u00e0 la direction de l'organisation m\u00e9dicale et des relations avec les \nuniversit\u00e9s de l'AP-HP ; \n \n4\u00b0 Le coordonnateur r\u00e9gional de la sp\u00e9cialit\u00e9 ; \n \n5\u00b0 Le ou les pr\u00e9sidents de commission m\u00e9dicale d'\u00e9tablissement du ou des centres \nhospitaliers universitaires de la r\u00e9gion : \n \nAgence R\u00e9gionale de Sant\u00e9 - IDF-2025-12-23-00026 - Arr\u00eat\u00e9 n\u00b0ARS - DOS - 2025/ 4807 fixant la composition de la commission\nr\u00e9gionale charg\u00e9e d'agr\u00e9er les services, organismes ou laboratoires pour la formation en sciences pharmaceutiques sp\u00e9cialis\u00e9es et de\nrepartir les postes offerts aux choix semestriels des \u00e9tudiants en troisi\u00e8me cycle des \u00e9tudes pharmaceutiques\n18\n13 rue du Landy \n93200, SAINT-DENIS \nT\u00e9l : 01 44 02 00 00  \nwww.iledefrance.ars.sante.fr \n5 \n \n- M. le Pr R\u00e9mi SALOMON, pr\u00e9sident de la commission m\u00e9dicale d'\u00e9tablissement de \nl'AP-HP et chef de service de n\u00e9phrologie p\u00e9diatrique au sein de l'h\u00f4pital Necker -\nEnfants malades ; \n \n6\u00b0 Un pr\u00e9sident de commission m\u00e9dicale d'\u00e9tablissement de centre hospitalier propos\u00e9 par \nl'organisation ou les organisations repr\u00e9sentatives de ces \u00e9tablissements dans la r\u00e9gion : \n \n- M. le Dr Jean-Luc PONS, pharmacien au CH Victor Dupouy ; \n \n7\u00b0 Un pr\u00e9sident de commission m\u00e9dicale d'\u00e9tablissement de sant\u00e9 priv\u00e9 \u00e0 but non lucratif de \nla r\u00e9gion : \n \n8\u00b0 Un praticien des arm\u00e9es, nomm\u00e9 par d\u00e9cision de l'autorit\u00e9 militaire :  \n \n- M. Herv\u00e9 DELACOUR, pharmacien \u00e0 l'h\u00f4pital national d'instruction des arm\u00e9es B\u00e9gin ; \n \n9\u00b0 Trois enseignants titulaires propos\u00e9s par le ou les directeurs des unit\u00e9s de formation et de \nrecherche dispensant des formations pharmaceutiques dans la r\u00e9gion : \n \n- M. le Dr Audrey THOMAS-SCHOEMAN, professeur \u00e0 l'universit\u00e9 Paris-Cit\u00e9 ; \n- M. le Dr Nicolas MARTELLI, universit\u00e9 Paris-Saclay ;  \n- Mme la Pr Vanessa BLOCH, professeur \u00e0 l'universit\u00e9 Paris-Cit\u00e9 ; \n \n10\u00b0 Un pharmacien g\u00e9rant d'une pharmacie \u00e0 usage int\u00e9rieur de la r\u00e9gion ; \n \n-  Mme le Dr St\u00e9phanie POULLAIN, Cheffe du service de pharmacie au sein du CHI de \nCr\u00e9teil ; \n \n11\u00b0 Deux repr\u00e9sentants \u00e9tudiants inscrits dans la sp\u00e9cialit\u00e9 d\u00e9sign\u00e9s par l'organisation \nrepr\u00e9sentative des \u00e9tudiants en troisi\u00e8me cycle de pharmacie ; \n \n12\u00b0 Un directeur d'un centre hospitalier de la r\u00e9gion, propos\u00e9 par l'organisation ou les \norganisations repr\u00e9sentatives de ces \u00e9tablissements dans la r\u00e9gion : \n \n- M. Maxime LEMEE, directeur du centre hospitalier intercommunal Le Raincy \nMontfermeil ; \n \n13\u00b0 Un directeur d'\u00e9tablissement de sant\u00e9 priv\u00e9 de la r\u00e9gion, propos\u00e9 par l'organisation ou les \norganisations repr\u00e9sentatives de ces \u00e9tablissements dans la r\u00e9gion : \n \n- Mme H\u00e9l\u00e9na KISLER, secr\u00e9taire g\u00e9n\u00e9rale de la d\u00e9l\u00e9gation r\u00e9gionale d'Ile-de-France \nde la f\u00e9d\u00e9ration de l'hospitalisation priv\u00e9e ;  \n \nAvec voix consultative : \n \n1\u00b0 Un repr\u00e9sentant d\u00e9sign\u00e9 par la section du conseil central de l'ordre des pharmaciens \ncomp\u00e9tente pour la sp\u00e9cialit\u00e9 : \n \n- M. le Dr Julien CRISTOFINI, pharmacien ; \n \n2\u00b0 Le pilote de chaque formation sp\u00e9cialis\u00e9e transversale ou son repr\u00e9sentant est invit\u00e9 pour \nl'examen de la r\u00e9partition des postes offerts au choix semestriel pour les \u00e9tudiants suivants \nladite formation. \nAgence R\u00e9gionale de Sant\u00e9 - IDF-2025-12-23-00026 - Arr\u00eat\u00e9 n\u00b0ARS - DOS - 2025/ 4807 fixant la composition de la commission\nr\u00e9gionale charg\u00e9e d'agr\u00e9er les services, organismes ou laboratoires pour la formation en sciences pharmaceutiques sp\u00e9cialis\u00e9es et de\nrepartir les postes offerts aux choix semestriels des \u00e9tudiants en troisi\u00e8me cycle des \u00e9tudes pharmaceutiques\n19\n13 rue du Landy \n93200, SAINT-DENIS \nT\u00e9l : 01 44 02 00 00  \nwww.iledefrance.ars.sante.fr \n6 \n \nARTICLE 5 :  \n \nLa dur\u00e9e du mandat des membres des commissions est de cinq ann\u00e9es, renouvelable, \u00e0 \nl'exception des repr\u00e9sentants \u00e9tudiants  qui sont nomm\u00e9s pour une dur\u00e9e d'une ann\u00e9e \nrenouvelable, sous r\u00e9serve de leur maintien sous le statut au titre duquel ils sont d\u00e9sign\u00e9s.  \n \nARTICLE 6 :  \n \nLes dispositions du pr\u00e9sent arr\u00eat\u00e9 s'appliquent \u00e0 la formation en stage des \u00e9tudiants affect\u00e9s \nd\u00e9finitivement en troisi\u00e8me cycle des \u00e9tudes pharmaceutiques en Ile -de-France avant la \nrentr\u00e9e universitaire 2018-2019 et \u00e0 la formation en stage des \u00e9tudiants affect\u00e9s d\u00e9finitivement \nen troisi\u00e8me cycle des \u00e9tudes de pharmaceutiques en Ile-de-France \u00e0 compter de la rentr\u00e9e \nuniversitaire 2018-2019. \n \nARTICLE 7 : \n \nLe directeur g\u00e9n\u00e9ral de l'Agence r\u00e9gionale de san t\u00e9 \u00cele-de-France est charg\u00e9 de l 'ex\u00e9cution \ndu pr\u00e9sent arr\u00eat\u00e9 qui sera publi\u00e9 au recueil des actes administratifs de la pr\u00e9fecture de r\u00e9gion. \n \n \n \n \nFait \u00e0 Saint-Denis,  \nle 23 d\u00e9cembre 2025 \n \nP/Le directeur g\u00e9n\u00e9ral  \nde l'Agence r\u00e9gionale de sant\u00e9 \nIle-de-France \nLe directeur de l'Offre de soins \n \n \n \n \n \n                                                                                                 \n                                                                                                  \n                                                                                                  Arnaud CORVAISIER \nAgence R\u00e9gionale de Sant\u00e9 - IDF-2025-12-23-00026 - Arr\u00eat\u00e9 n\u00b0ARS - DOS - 2025/ 4807 fixant la composition de la commission\nr\u00e9gionale charg\u00e9e d'agr\u00e9er les services, organismes ou laboratoires pour la formation en sciences pharmaceutiques sp\u00e9cialis\u00e9es et de\nrepartir les postes offerts aux choix semestriels des \u00e9tudiants en troisi\u00e8me cycle des \u00e9tudes pharmaceutiques\n20\nAgence R\u00e9gionale de Sant\u00e9\nIDF-2025-12-23-00027\nArr\u00eat\u00e9 n\u00b0ARS - DOS - 2025/ 4808 fixant la\ncomposition de la commission d'interr\u00e9gion\ncharg\u00e9e d'agr\u00e9er les stages pour la formation\npratique des \u00e9tudiants en troisi\u00e8me cycle long\ndes \u00e9tudes odontologiques et la composition de\nla commission d'interr\u00e9gion charg\u00e9e de repartir\ndes postes offerts aux choix semestriels des\n\u00e9tudiants en troisi\u00e8me cycle long des \u00e9tudes\nodontologiques.\nAgence R\u00e9gionale de Sant\u00e9 - IDF-2025-12-23-00027 - Arr\u00eat\u00e9 n\u00b0ARS - DOS - 2025/ 4808 fixant la composition de la commission\nd'interr\u00e9gion charg\u00e9e d'agr\u00e9er les stages pour la formation pratique des \u00e9tudiants en troisi\u00e8me cycle long des \u00e9tudes odontologiques\net la composition de la commission d'interr\u00e9gion charg\u00e9e de repartir des postes offerts aux choix semestriels des \u00e9tudiants en\ntroisi\u00e8me cycle long des \u00e9tudes odontologiques.\n21\nREPUBLIQUEFRANCAISELibert\u00e9Egalit\u00e9Fraternit\u00e9\ne \u00bb Agence R\u00e9gionale de Sant\u00e9Ile-de-France\n \n \n1 \n13 rue du Landy \n93200, SAINT-DENIS \nT\u00e9l : 01 44 02 00 00  \nwww.iledefrance.ars.sante.fr \n \n \n \n \n \n \n \n \n \n \n  ARR\u00caTE N\u00b0 ARS - DOS - 2025/ 4808 \n \n \nfixant la composition  de la commission d'interr\u00e9gion  charg\u00e9e d'agr\u00e9er les stages pour la \nformation pratique des \u00e9tudiants en troi si\u00e8me cycle long des \u00e9tudes odontologiques  et la \ncomposition de la c ommission d'interr\u00e9gion charg\u00e9e de repartir des postes offerts aux choix \nsemestriels des \u00e9tudiants en troisi\u00e8me cycle long des \u00e9tudes odontologiques. \n \nLe Directeur g\u00e9n\u00e9ral de l'Agence r\u00e9gionale de sant\u00e9 d'Ile-de-France \n \nVU les articles L634-1 et suivants du code de l'\u00e9ducation ; \nVU le s articles L6153 \u00e0 L6153 -6 et les articles R6153 -1 \u00e0 R6153 -110 du code de la sant\u00e9  \npublique ; \nVU le d\u00e9cret du 1er avril 2010 portant nomination des directeurs g\u00e9n\u00e9raux des agences    \nr\u00e9gionales de sant\u00e9 ;  \nVU le d\u00e9cret du 10 ao\u00fbt 2011 modifi\u00e9 relatif \u00e0 la commission d'interr\u00e9gion du troisi\u00e8me cycle    \nlong des \u00e9tudes odontologiques et aux modalit\u00e9s d'agr\u00e9ment des stages ; \nVU le d\u00e9cret du 10 avril 2024 portant nomination du directeur g\u00e9n\u00e9ral de l'agence r\u00e9gionale de \nsant\u00e9 d'Ile-de-France, M. Denis ROBIN ; \nVU l'arr\u00eat\u00e9 du 13 avril 2011 portant d\u00e9termination des interr\u00e9gions d'internat d'odontologie ; \nVU l'arr\u00eat\u00e9 du 12 ao\u00fbt 2011 modifi\u00e9 fixant pour l'internat en odontologie l'organisation des choix \nde postes, la r\u00e9partition des postes, l'affectation des internes et le d\u00e9roulement des stages \nparticuliers ; \nVU l 'arr\u00eat\u00e9 N\u00b0ARS \u2013 DOS \u2013 2016/488 du 22 d\u00e9cembre 2016  fixant la composition de la \ncommission charg\u00e9e d'agr\u00e9er les services, organismes ou laboratoires pour la formation \npratique des \u00e9tudes odontologiques et de r\u00e9partir les postes offerts aux choix. \n \nA R R \u00ca T E \n \nArticle 1er :  \nL'arr\u00eat\u00e9 N\u00b0ARS \u2013 DOS \u2013 2016/488 du 22 d\u00e9cembre 2016 fixant la composition de la commission \ncharg\u00e9e d'agr\u00e9er les services, organismes ou laboratoires pour la formation pratique des \u00e9tudes \nodontologiques et de r\u00e9partir les postes offerts aux choix est abrog\u00e9. \nAgence R\u00e9gionale de Sant\u00e9 - IDF-2025-12-23-00027 - Arr\u00eat\u00e9 n\u00b0ARS - DOS - 2025/ 4808 fixant la composition de la commission\nd'interr\u00e9gion charg\u00e9e d'agr\u00e9er les stages pour la formation pratique des \u00e9tudiants en troisi\u00e8me cycle long des \u00e9tudes odontologiques\net la composition de la commission d'interr\u00e9gion charg\u00e9e de repartir des postes offerts aux choix semestriels des \u00e9tudiants en\ntroisi\u00e8me cycle long des \u00e9tudes odontologiques.\n22\n13 rue du Landy \n93200, SAINT-DENIS \nT\u00e9l : 01 44 02 00 00  \nwww.iledefrance.ars.sante.fr \n2 \n \nArticle 2 :  \nLa commission d'interr\u00e9gion, lorsqu'elle statue sur l'agr\u00e9ment des lieux de stage et des \npraticiens-ma\u00eetres de stage, comprend les membres suivants : \n1\u00b0 Le directeur de l'unit\u00e9 de formation et de recherche d'odontologie de la r\u00e9gion, pr\u00e9sident de \nla commission : \n- M. le Professeur Vianney DESCROIX, Doyen de l'Unit\u00e9 de Formation et de Recherche \nd'odontologie de l'universit\u00e9 de Paris ; \n \n2\u00b0 Le directeur g\u00e9n\u00e9ral de l'agence r\u00e9gionale de sant\u00e9 ; \n3\u00b0 Le ou les directeurs g\u00e9n\u00e9raux des centres hospitaliers universitaires de l'interr\u00e9gion ; \n- Mme Julie LE GUEN, responsable du bureau des internes et des praticiens \u00e9trangers \nen formation \u00e0 la direction de l'organisation m\u00e9dicale et des relations avec les \nuniversit\u00e9s de l'AP-HP ; \n4\u00b0 Un enseignant titulaire hospitalo-universitaire responsable d'une structure d'odontologie dans \nla r\u00e9gion ; \n- M. le Pr Benjamin SALMON, chirurgien -dentiste, Universit\u00e9 Paris Cit\u00e9 - praticien \nhospitalier au sein de l'h\u00f4pital Bretonneau ; \n- Mme la Pr Claudine WULFMAN, chirurgienne-dentiste, Universit\u00e9 Paris Cit\u00e9 - praticien \nhospitalier au sein de l'h\u00f4pital Henri-Mondor ; \n \n5\u00b0 Un praticien hospitalier non universitaire responsable d'une structure d'odontologie dans la \nr\u00e9gion ; \n- M. le Dr Fadi BDEOUI, praticien hospitalier au sein de l'h\u00f4pital Henri-Mondor ; \n \n6\u00b0 Un repr\u00e9sentant des internes d'odontologie affect\u00e9s dans la r\u00e9gion ; \n7\u00b0 Le coordonnateur r\u00e9gional de chaque sp\u00e9cialit\u00e9 concern\u00e9e ; \nLa pr\u00e9sidence est assur\u00e9e par le directeur de l'unit\u00e9 de formation et de recherche d'odontologie. \n \nArticle 3 : \nLa commission r\u00e9gionale, lorsqu'elle statue sur la r\u00e9partition des postes offerts au choix \nsemestriel, comprend les membres suivants : \n1\u00b0 Le directeur g\u00e9n\u00e9ral de l'agence r\u00e9gionale de sant\u00e9, pr\u00e9sident de la commission ; \n2\u00b0 Le directeur de l'unit\u00e9 de formation et de recherche d'odontologie de la r\u00e9gion : \n- M. le Professeur Vianney DESCROIX, Doyen de l'Unit\u00e9 de Formation et de Recherche \nd'odontologie de l'universit\u00e9 de Paris ; \n3\u00b0 Le ou les directeurs g\u00e9n\u00e9raux des centres hospitaliers universitaires de l'interr\u00e9gion ; \nAgence R\u00e9gionale de Sant\u00e9 - IDF-2025-12-23-00027 - Arr\u00eat\u00e9 n\u00b0ARS - DOS - 2025/ 4808 fixant la composition de la commission\nd'interr\u00e9gion charg\u00e9e d'agr\u00e9er les stages pour la formation pratique des \u00e9tudiants en troisi\u00e8me cycle long des \u00e9tudes odontologiques\net la composition de la commission d'interr\u00e9gion charg\u00e9e de repartir des postes offerts aux choix semestriels des \u00e9tudiants en\ntroisi\u00e8me cycle long des \u00e9tudes odontologiques.\n23\n13 rue du Landy \n93200, SAINT-DENIS \nT\u00e9l : 01 44 02 00 00  \nwww.iledefrance.ars.sante.fr \n3 \n \n- Mme Julie LE GUEN, responsable du bureau des internes et des praticiens \u00e9trangers \nen formation \u00e0 la direction de l'organisation m\u00e9dicale et des relations avec les \nuniversit\u00e9s de l'AP-HP ; \n4\u00b0 Un directeur d'un centre hospitalier de la r\u00e9gion, propos\u00e9 par l'organisation ou les \norganisations repr\u00e9sentatives de ces \u00e9tablissements dans la r\u00e9gion ; \n- M. Maxime LEMEE, directeur du centre hospitalier intercommunal Le Raincy \nMontfermeil ; \n5\u00b0 Le pr\u00e9sident de la commission m\u00e9dicale d'\u00e9tablissement des centres hospitaliers \nuniversitaires de la r\u00e9gion, si ces \u00e9tablissements disposent de services agr\u00e9\u00e9s ; \n- M. le Professeur R\u00e9mi SALOMON,  pr\u00e9sident de la commission m\u00e9dicale \nd'\u00e9tablissement de l'AP -HP et chef de  service de n\u00e9phrologie p\u00e9diatrique au sein de \nl'h\u00f4pital Necker-Enfants malades ; \n6\u00b0 Un pr\u00e9sident de commission m\u00e9dicale d'\u00e9tablissement si\u00e9geant aupr\u00e8s des centres \nhospitaliers de la r\u00e9gion, si ces \u00e9tablissements disposent de services agr\u00e9\u00e9s ; \n- M. le Dr Edouard DEVAUD, pr\u00e9sident de la commission m\u00e9dicale d'\u00e9tablissement  et \npraticien hospitalier au sein du centre hospitalier Ren\u00e9 Dubos de Pontoise ; \n7\u00b0 Un enseignant titulaire hospitalo-universitaire responsable d'une structure d'odontologie dans \nla r\u00e9gion agr\u00e9\u00e9e au titre de la formation pratique de la sp\u00e9cialit\u00e9 concern\u00e9e, propos\u00e9 par \nl'ensemble des responsables des structures d'odontologie de la r\u00e9gion ; \n- M. le Pr Benjamin SALMON, chirurgien -dentiste, Universit\u00e9 Paris Cit\u00e9 - praticien \nhospitalier au sein de l'h\u00f4pital Bretonneau ; \n- Mme la Pr Claudine WULFMAN, chirurgienne-dentiste, Universit\u00e9 Paris Cit\u00e9 - praticien \nhospitalier au sein de l'h\u00f4pital Henri-Mondor ; \n \n8\u00b0 Un praticien hospitalier non universitaire responsable d'une structure d'odontologie dans la \nr\u00e9gion agr\u00e9\u00e9e au titre de la formation pratique de la sp\u00e9cialit\u00e9 concern\u00e9e, propos\u00e9 par \nl'ensemble des responsables des structures d'odontologie de la r\u00e9gion ; \n- M. le Dr Fadi BDEOUI, praticien hospitalier au sein de l'h\u00f4pital Henri-Mondor ; \n \n9\u00b0 Un repr\u00e9sentant des internes d'odontologie affect\u00e9s dans la r\u00e9gion ; \n10\u00b0 Un repr\u00e9sentant d\u00e9sign\u00e9 par les unions r\u00e9gionales des professionnels de sant\u00e9 chirurgiens-\ndentistes de la r\u00e9gion ; \n- M. le Dr Thomas-Olivier MCDONALD, chirurgien-dentiste \u00e0 Rueil-Malmaison. \n \nARTICLE 4 :  \nLa dur\u00e9e du mandat des membres de la commission est de cinq ann\u00e9es, renouvelable, \u00e0 \nl'exception des repr\u00e9sentants des internes en activit\u00e9, qui sont nomm\u00e9s pour une dur\u00e9e d'une \nann\u00e9e renouvelable, sous r\u00e9serve de leur maintien sous le statut au titre duquel ils sont \nd\u00e9sign\u00e9s. \n \nAgence R\u00e9gionale de Sant\u00e9 - IDF-2025-12-23-00027 - Arr\u00eat\u00e9 n\u00b0ARS - DOS - 2025/ 4808 fixant la composition de la commission\nd'interr\u00e9gion charg\u00e9e d'agr\u00e9er les stages pour la formation pratique des \u00e9tudiants en troisi\u00e8me cycle long des \u00e9tudes odontologiques\net la composition de la commission d'interr\u00e9gion charg\u00e9e de repartir des postes offerts aux choix semestriels des \u00e9tudiants en\ntroisi\u00e8me cycle long des \u00e9tudes odontologiques.\n24\n13 rue du Landy \n93200, SAINT-DENIS \nT\u00e9l : 01 44 02 00 00  \nwww.iledefrance.ars.sante.fr \n4 \n \nARTICLE 5 : \nLes dispositions du pr\u00e9sent arr\u00eat\u00e9 s'appliquent \u00e0 la formation en stage des \u00e9tudiants affect\u00e9s \nd\u00e9finitivement en troisi\u00e8me cycle long des \u00e9tudes d'odontologiques en Ile-de-France. \nARTICLE 6 :  \nLe directeur g\u00e9n\u00e9ral de l'Agence r\u00e9gionale de sant\u00e9 \u00cele-de-France est charg\u00e9 de l'ex\u00e9cution du \npr\u00e9sent arr\u00eat\u00e9 qui sera publi\u00e9 au recueil des actes administratifs de la pr\u00e9fecture de r\u00e9gion. \n \n \n                                                                                           Fait \u00e0 Saint-Denis, le  \n23 d\u00e9cembre 2025 \n \n                                                                                           P/Le Directeur g\u00e9n\u00e9ral  \n                                                                                           de l'Agence r\u00e9gionale de sant\u00e9 \n                                                                                           d'Ile-de-France \n                                                                                           Le directeur de l'Offre de soins \n \n \n \n \n \n \n                                                                                                 Arnaud CORVAISIER \n \nAgence R\u00e9gionale de Sant\u00e9 - IDF-2025-12-23-00027 - Arr\u00eat\u00e9 n\u00b0ARS - DOS - 2025/ 4808 fixant la composition de la commission\nd'interr\u00e9gion charg\u00e9e d'agr\u00e9er les stages pour la formation pratique des \u00e9tudiants en troisi\u00e8me cycle long des \u00e9tudes odontologiques\net la composition de la commission d'interr\u00e9gion charg\u00e9e de repartir des postes offerts aux choix semestriels des \u00e9tudiants en\ntroisi\u00e8me cycle long des \u00e9tudes odontologiques.\n25\nDirection r\u00e9gionale et interd\u00e9partementale de\nl'\u00e9conomie, de l'emploi, du travail et des\nsolidarit\u00e9s d'\u00cele-de-France\nIDF-2025-12-29-00005\nD\u00e9cision n\u00b0 2025 -269 du 29 d\u00e9cembre 2025\nportant affectation des agents de contr\u00f4le dans\nles unit\u00e9s de contr\u00f4le et gestion des int\u00e9rims de\nl'Unit\u00e9 d\u00e9partementale des Hauts-de-Seine de la\nDRIEETS d'Ile-de-France\nDirection r\u00e9gionale et interd\u00e9partementale de l'\u00e9conomie, de l'emploi, du travail et des solidarit\u00e9s d'\u00cele-de-France -\nIDF-2025-12-29-00005 - D\u00e9cision n\u00b0 2025 -269 du 29 d\u00e9cembre 2025\nportant affectation des agents de contr\u00f4le dans les unit\u00e9s de contr\u00f4le et gestion des int\u00e9rims de l'Unit\u00e9 d\u00e9partementale des\nHauts-de-Seine de la DRIEETS d'Ile-de-France\n26\nMINISTEREDU TRAVAILET DES SOLIDARITESLibert\u00e9Egalit\u00e9Fraterait\u00e9\n \n \nDRIEETS Ile-de-France  \n32 rue Jean Jaur\u00e8s  \n93200 SAINt-DENIS                                                                                                                                                                                                                   1 / 6 \n \nDirection r\u00e9gionale et interd\u00e9partementale \nde l'\u00e9conomie, de l'emploi, \ndu travail et des solidarit\u00e9s  \n \n \n \n \n \n \nD\u00e9cision n\u00b0 2025 -269 du 29 d\u00e9cembre 2025 \nportant affectation des agents de contr\u00f4le dans les unit\u00e9s de contr\u00f4le et gestion des int\u00e9rims \nde l'Unit\u00e9 d\u00e9partementale des Hauts-de-Seine de la DRIEETS d'Ile-de-France \n \n \n \nLe Directeur r\u00e9gional et interd\u00e9partemental de l'\u00e9conomie, de l'emploi, du travail et des solidarit\u00e9s d'Ile-de-France, \n \nVu le code du travail, notamment ses articles R 8122-1 et suivants.  \n \nVu l'arr\u00eat\u00e9 interminist\u00e9riel du 12 ao\u00fbt 2025  nommant Monsieur Fabrice MASI  directeur r\u00e9gional et \ninterd\u00e9partemental de l'\u00e9conomie, de l'emploi, du travail et des solidarit\u00e9s d'Ile -de-France \u00e0 compter du 25 ao\u00fbt \n2025, \n \nVu l'arr\u00eat\u00e9 minist\u00e9riel du 25 mars 2024 portant cr\u00e9ation et r\u00e9partition des unit\u00e9s de contr\u00f4le de l'inspection du \ntravail,  \n \nVu la d\u00e9cision n\u00b0 2025-199 du 5 novembre 2025  du directeur r\u00e9gional et interd\u00e9partemental de l'\u00e9conomie, de \nl'emploi, du travail et des solidarit\u00e9s d'Ile de France relative \u00e0 la localisation et \u00e0 la d\u00e9limitation des unit\u00e9s de \ncontr\u00f4le et des sections d'inspection du travail de l'unit\u00e9 d\u00e9partementale des Hauts-de-Seine. \n \nD\u00c9CIDE : \n \nARTICLE 1er  \n \nSont nomm\u00e9s comme responsables des unit\u00e9s de contr\u00f4le de l'unit\u00e9 d\u00e9partementale des Hauts-de-Seine les agents \nsuivants : \n \n- Unit\u00e9 de contr\u00f4le n\u00b0 1 : Madame Adeline GAZZOLA, directrice adjointe du travail. \n \n- Unit\u00e9 de contr\u00f4le n\u00b0 2 : Monsieur William WYTS, directeur adjoint du travail. \n \n- Unit\u00e9 de contr\u00f4le n\u00b0 3 : Madame Sylvie GUINOT, directrice adjointe du travail.  \n \n- Unit\u00e9 de contr\u00f4le n\u00b0 4 : Madame Samya KAMALI, directrice adjointe du travail. \n \n- Unit\u00e9 de contr\u00f4le n\u00b0 5 : Madame Nathalie NAMPON, directrice adjointe du travail. \n \n- Unit\u00e9 de contr\u00f4le n\u00b0 6 : Madame Lydia SAOULI, directrice adjointe du travail. \n \n- Unit\u00e9 de contr\u00f4le n\u00b0 7 : Madame Sylvie GUINOT, directrice adjointe du travail par int\u00e9rim.  \n \n \nARTICLE 2  \n \nSans pr\u00e9judice des dispositions de l'article R.8122 -10-I du code du travail et conform\u00e9ment aux dispositions de \nl'article R.8122-11 du code du travail encadrant la r\u00e9partition organisationnelle des contr\u00f4les et juridique relative \nDirection r\u00e9gionale et interd\u00e9partementale de l'\u00e9conomie, de l'emploi, du travail et des solidarit\u00e9s d'\u00cele-de-France -\nIDF-2025-12-29-00005 - D\u00e9cision n\u00b0 2025 -269 du 29 d\u00e9cembre 2025\nportant affectation des agents de contr\u00f4le dans les unit\u00e9s de contr\u00f4le et gestion des int\u00e9rims de l'Unit\u00e9 d\u00e9partementale des\nHauts-de-Seine de la DRIEETS d'Ile-de-France\n27\n \n \n2 / 6 \naux d\u00e9cisions administratives et pouvoirs relevant de la comp\u00e9tence exclusive des inspecteurs du travail dans les \nsections confi\u00e9es \u00e0 un contr\u00f4leur du travail, sont affect\u00e9s dans les sections d'inspection de l'unit\u00e9 d\u00e9partementale \ndes Hauts-de-Seine les agents suivants : \n \n \nUnit\u00e9 de contr\u00f4le n\u00b0 1 \n \nSection 1-1 : Madame Val\u00e9rie LABATUT, inspectrice du travail.  \n \nSection 1-2 : Madame Delphine SARRASIN, inspectrice du travail. \n \nSection 1-3 : Madame Leslie SALATA, inspectrice du travail. \n \nSection 1- 4 : Monsieur Virgile GARSMEUR, inspecteur du travail.   \n \nSection 1-5 : Madame Christine ONNEE, inspectrice du travail. \n \nSection 1-6 : Madame Lisa ROUZIER, inspectrice du travail. \n \nSection 1-7 : Madame Lisa ROUZIER, inspectrice du travail, par int\u00e9rim. \n \nSection 1-8 : Madame Suzanne BRUNELLI, inspectrice du travail. \n \n \nUnit\u00e9 de contr\u00f4le n\u00b0 2 \n \nSection 2-1 : Madame Caroline COLIN, inspectrice du travail. \n \nMadame Caroline COLIN est \u00e9galement comp\u00e9tente pour le contr\u00f4le des \u00e9tablissements de transports routiers \nsitu\u00e9s 26, quai Charles Pasqua \u00e0 Levallois-Perret. \n \nSection 2-2 : Monsieur Timoth\u00e9e MASSON, inspecteur du travail. \n \nSection 2-3 : Monsieur Th\u00e9o NUGUES-SCHONFELD, inspecteur du travail. \n \nSection 2-4 : Monsieur Farouk DJEBARA, inspecteur du travail. \n \nSection 2-5 : Monsieur Timoth\u00e9e MASSON, inspecteur du travail, par int\u00e9rim. \n \nSection 2-6 : Monsieur Nolit DASYLVA, inspecteur du travail.  \n \nSection 2-7 : Monsieur William WYTS, directeur adjoint du travail, par int\u00e9rim. \n \nSection 2-8 : Madame Marie-Agn\u00e8s YAPO, inspectrice du travail. \n \nSection 2-9 : Madame Marjorie CARO, inspectrice du travail. \n \nSection 2-10 : Madame Manon DEMIGNE, inspectrice du travail. \n \nSection 2-11 : Monsieur Nosr-Eddine SEGHILI, inspecteur du travail. \n \nSection 2-12 : Monsieur Youssef CHEHADY, inspecteur du travail. \n \n \n \nUnit\u00e9 de contr\u00f4le n\u00b0 3 \n \nSection 3-1 : Madame St\u00e9phanie QUECHON, inspectrice du travail. \n \nDirection r\u00e9gionale et interd\u00e9partementale de l'\u00e9conomie, de l'emploi, du travail et des solidarit\u00e9s d'\u00cele-de-France -\nIDF-2025-12-29-00005 - D\u00e9cision n\u00b0 2025 -269 du 29 d\u00e9cembre 2025\nportant affectation des agents de contr\u00f4le dans les unit\u00e9s de contr\u00f4le et gestion des int\u00e9rims de l'Unit\u00e9 d\u00e9partementale des\nHauts-de-Seine de la DRIEETS d'Ile-de-France\n28\n \n \n3 / 6 \nSection 3-2 : Madame Ouarda SAOULA, inspectrice du travail. \n \nSection 3-3 : Monsieur Ronan LE VERGE, inspecteur du travail. \n \nSection 3-4 : Monsieur Guillaume THENOZ, inspecteur du travail. \n \nSection 3-5 : Monsieur Simon MAES, inspecteur du travail. \n \nSection 3-6 : Madame Sylvie BOBIN, inspectrice du travail.  \n \nSection 3-7 : Madame St\u00e9phanie HUDE, inspectrice du travail.  \n \nSection 3-8 : Monsieur Fr\u00e9d\u00e9ric PICARD, inspecteur du travail. \n \nSection 3-9 : Monsieur Philippe GARNEAU, contr\u00f4leur du travail. \n \nMonsieur Simon MAES, inspecteur du travail, est charg\u00e9 du contr\u00f4le des \u00e9tablissements d'au moins 50 salari\u00e9s. \nIl est en outre comp\u00e9tent sur cette section pour prendre les d\u00e9cisions relevant de la comp\u00e9tence exclusive de \nl'inspecteur du travail en vertu de dispositions l\u00e9gislatives ou r\u00e9glementaires. \n \nSection 3-10 : Monsieur Fr\u00e9d\u00e9ric PICARD, inspecteur du travail, par int\u00e9rim. \n \nSection 3-11 : Monsieur Ronan LE VERGE, contr\u00f4leur du travail, par int\u00e9rim. \n \nMonsieur Ronan LE VERGE, inspecteur du travail par int\u00e9rim, est charg\u00e9 du contr\u00f4le des \u00e9tablissements d'au moins \n50 salari\u00e9s. \nIl est en outre comp\u00e9tent sur cette section pour prendre les d\u00e9cisions relevant de la comp\u00e9tence exclusive de \nl'inspecteur du travail en vertu de dispositions l\u00e9gislatives ou r\u00e9glementaires. \n \nSection 3-12 : Monsieur Gaspard CHEVRIER, inspecteur du travail. \n \n \nUnit\u00e9 de contr\u00f4le n\u00b0 4 \n \nSection 4-1 : Monsieur Beno\u00eet GOUEL, inspecteur du travail, par int\u00e9rim. \n \nSection 4-2 : Madame B\u00e9n\u00e9dicte MALAVASI, inspectrice du travail. \n \nSection 4-3 : Monsieur Mathieu DUCELIER, inspecteur du travail. \n \nSection 4-4 : Madame B\u00e9n\u00e9dicte MALAVASI, inspectrice du travail, par int\u00e9rim. \n \nSection 4-5 : Madame Martine JULAUD, inspectrice du travail.  \n \nSection 4-6 : Monsieur Mathieu DUCELIER, inspecteur du travail, par int\u00e9rim.  \n \nSection 4 -7 : Madame Anna TCHADJA -ADJE, inspectrice du travail . En cas d'emp\u00eachement , Monsieur Simon \nMAUGER. \n \nSection 4-8 : Monsieur Simon MAUGER, inspecteur du travail. \n \nSection 4-9 : Madame In\u00e8s WERTHEIMER, inspectrice du travail. \n \nSection 4-10 : Monsieur Beno\u00eet GOUEL, inspecteur du travail.  \n \nSection 4-11 : Madame Aur\u00e9lie LEHOUX, inspectrice du travail. \n \nSection 4-12 : Monsieur Richard BOUDET, inspecteur du travail. \n \nDirection r\u00e9gionale et interd\u00e9partementale de l'\u00e9conomie, de l'emploi, du travail et des solidarit\u00e9s d'\u00cele-de-France -\nIDF-2025-12-29-00005 - D\u00e9cision n\u00b0 2025 -269 du 29 d\u00e9cembre 2025\nportant affectation des agents de contr\u00f4le dans les unit\u00e9s de contr\u00f4le et gestion des int\u00e9rims de l'Unit\u00e9 d\u00e9partementale des\nHauts-de-Seine de la DRIEETS d'Ile-de-France\n29\n \n \n4 / 6 \nSection 4-13 : Monsieur Richard BOUDET, inspecteur du travail, par int\u00e9rim. \n \n \nUnit\u00e9 de contr\u00f4le n\u00b0 5 \n \nSection 5-1 : Monsieur St\u00e9phane GRIMALDI, inspecteur du travail. \n \nSection 5-2 : Monsieur Benoit CHOPPIN, inspecteur du travail.  \n \nSection 5-3 : Madame Anne BOULANGER, inspectrice du travail.  \n \nSection 5-4 : Madame Alexia JOUZEL, inspectrice du travail. \n \nSection 5-5 : Monsieur David BLOYS, contr\u00f4leur du travail. \n \nMadame Alexia JOUZEL, inspectrice du travail, est charg\u00e9e du contr\u00f4le des \u00e9tablissements d'au moins 50 salari\u00e9s. \nElle est en outre comp\u00e9tente sur cette section pour prendre les d\u00e9cisions relevant de la comp\u00e9tence exclusive de \nl'inspecteur du travail en vertu de dispositions l\u00e9gislatives ou r\u00e9glementaires, par int\u00e9rim. \n \nSection 5-6 : Monsieur David BLOYS, contr\u00f4leur du travail, par int\u00e9rim. \n \nMonsieur Beno\u00eet CHOPPIN, inspecteur du travail, est charg\u00e9 du contr\u00f4le des \u00e9tablissements d'au moins 50 salari\u00e9s. \nIl est en outre comp\u00e9tent sur cette section pour prendre les d\u00e9cisions relevant de la comp\u00e9tence exclusive de \nl'inspecteur du travail en vertu de dispositions l\u00e9gislatives ou r\u00e9glementaires, par int\u00e9rim. \n \nSection 5-7 : Madame Audrey RAMASAWMY, contr\u00f4leur du travail.  Madame Audrey RAMASAWMY est en outre \ncomp\u00e9tente pour les chantiers de la section 5-1. \n \nMadame Anne -V\u00e9ronique PENSEREAU, inspectrice du travail, est charg\u00e9e du contr\u00f4le des \u00e9tablissements d'au \nmoins 50 salari\u00e9s. \nElle est en outre comp\u00e9tente sur cette section pour prendre, les d\u00e9cisions relevant de la comp\u00e9tence exclusive de \nl'inspecteur du travail en vertu de dispositions l\u00e9gislatives ou r\u00e9glementaires. \n \nSection 5-8 : Madame Anne-V\u00e9ronique PENSEREAU, inspectrice du travail. \n \nSection 5-9 : Madame Francine LAURENT, inspectrice du travail. \n \nSection 5-10 : Madame Camille LARBANET-MONTUSCLAT, inspectrice du travail. \n \nSection 5-11 : Madame Francine LAURENT, inspectrice du travail, par int\u00e9rim. \n \n \nUnit\u00e9 de contr\u00f4le n\u00b0 6 \n \nSection 6-1 : Monsieur Gilles FERNANDES, inspecteur du travail, par int\u00e9rim. \n \nSection 6-2 : Madame Audrey COLLOBERT-MASSA, inspectrice du travail. \n \nSection 6-3 : Madame Laure BONDUELLE, inspectrice du travail. \n \nSection 6-4 : Madame Laurence LEPROVOST, inspectrice du travail.  \n \nSection 6-5 : Madame Laure BONDUELLE, inspectrice du travail, par int\u00e9rim. \n \nSection 6-6 : Monsieur William RICHETON, inspecteur du travail. \n \nSection 6-7 : Monsieur Farid OUNISSI, inspecteur du travail. \n \nSection 6-8 : Monsieur Gilles FERNANDES, inspecteur du travail. \nDirection r\u00e9gionale et interd\u00e9partementale de l'\u00e9conomie, de l'emploi, du travail et des solidarit\u00e9s d'\u00cele-de-France -\nIDF-2025-12-29-00005 - D\u00e9cision n\u00b0 2025 -269 du 29 d\u00e9cembre 2025\nportant affectation des agents de contr\u00f4le dans les unit\u00e9s de contr\u00f4le et gestion des int\u00e9rims de l'Unit\u00e9 d\u00e9partementale des\nHauts-de-Seine de la DRIEETS d'Ile-de-France\n30\n \n \n5 / 6 \n \nSection 6-9 : Monsieur Hubert GOURDET, inspecteur du travail. En cas d'emp\u00eachement, Monsieur Farid OUNISSI, \ninspecteur du travail. \n \n \nUnit\u00e9 de contr\u00f4le n\u00b0 7 \n \nSection 7-1 : Madame Soizic DUPIRE, inspectrice du travail.  \n \nSection 7-2 : Madame Lise FRIQUET, inspectrice du travail. \n \nSection 7-3 : Madame Anne Charlotte BONNEFONT, inspectrice du travail. En cas d'emp\u00eachement, Madame Sophie \nALGALARRONDO. \n \nSection 7-4 : Madame Oc\u00e9ane DELATTRE, inspectrice du travail. \n \nSection 7-5 : Monsieur Jean-Fran\u00e7ois GOS, inspecteur du travail. \n \nSection 7-6 : Madame Sophie ALGALARRONDO, inspectrice du travail. \n \nSection 7-7 : Monsieur Ludovic FOLY, inspecteur du travail. \n \nSection 7-8 : Monsieur Norbert MAHON, inspecteur du travail.  \n \nSection 7-9 : Madame M\u00e9lina SIERRA, inspectrice du travail.  \n \n \nARTICLE 3 \n \nEn cas d'absence ou d'emp\u00eachement d'un directeur adjoint du travail, d'un inspecteur ou contr\u00f4leur du travail \ncharg\u00e9 des actions d'inspection de la l\u00e9gislation du travail dans les sections d'inspection du travail en application \nde l'article 2, l'int\u00e9rim est organis\u00e9 selon les modalit\u00e9s ci-apr\u00e8s : \n \n- Int\u00e9rim des directeurs-adjoints du travail et des inspecteurs du travail : \n \nL'int\u00e9rim d'un directeur -adjoint du travail ou d'un inspecteur du travail absent ou emp\u00each\u00e9 sera prioritairement \nassur\u00e9 par un inspecteur du travail charg\u00e9 des actions d'inspection de la l\u00e9gislation du travail dans les sections \nd'inspection du travail, en application de l'article 2, \u00e0 d\u00e9faut par un responsable d'unit\u00e9 de contr\u00f4le d\u00e9sign\u00e9 \u00e0 \nl'article 1 et le cas \u00e9ch\u00e9ant par un contr\u00f4leur du travail, tous deux charg\u00e9s des actions d'inspection de la l\u00e9gislation \ndu travail dans les sections d'inspection du travail, en application de l'article 2 pour les \u00e9tablissements de moins de \n50 salari\u00e9s. \n \n- Int\u00e9rim des contr\u00f4leurs du travail : \n \nL'int\u00e9rim d'un contr\u00f4leur du travail absent ou emp\u00each\u00e9 sera assur\u00e9 par un inspecteur du travail ou un contr\u00f4leur \ndu travail charg\u00e9 des actions d'inspection de la l\u00e9gislation du travail dans les sections d'inspection du travail, en \napplication de l'article 2. Lorsque l'int\u00e9rim est assur\u00e9 par un contr\u00f4leur du travail, les pouvoirs de d\u00e9cision \nadministrative relevant de la comp\u00e9tence exclusive d'un inspecteur du travail sont confi\u00e9s \u00e0 un inspecteur du travail \ncharg\u00e9 des actions d'inspection de la l\u00e9gislation d u travail dans les sections d'inspection du travail en application \nde l'article 2 ou \u00e0 un responsable d'unit\u00e9 de contr\u00f4le d\u00e9sign\u00e9 \u00e0 l'article 1, auxquels le contr\u00f4le des \u00e9tablissements \nde plus de 50 salari\u00e9s peut \u00eatre confi\u00e9. \n \n \nARTICLE 4  \n \nEn cas d'absence ou d'emp\u00eachement d'un des responsables d'unit\u00e9 de contr\u00f4le d\u00e9sign\u00e9s \u00e0 l'article 1, l'int\u00e9rim est \nconfi\u00e9 prioritairement \u00e0 un autre responsable d'unit\u00e9 de contr\u00f4le d\u00e9sign\u00e9s \u00e0 l'article 1, \u00e0 d\u00e9faut \u00e0 Monsieur J\u00e9r\u00f4me \nSAJOT, directeur du travail. \n \nDirection r\u00e9gionale et interd\u00e9partementale de l'\u00e9conomie, de l'emploi, du travail et des solidarit\u00e9s d'\u00cele-de-France -\nIDF-2025-12-29-00005 - D\u00e9cision n\u00b0 2025 -269 du 29 d\u00e9cembre 2025\nportant affectation des agents de contr\u00f4le dans les unit\u00e9s de contr\u00f4le et gestion des int\u00e9rims de l'Unit\u00e9 d\u00e9partementale des\nHauts-de-Seine de la DRIEETS d'Ile-de-France\n31\n \n \n6 / 6 \n \n \n \nARTICLE 5  \n \nConform\u00e9ment aux dispositions de l'article R.8122 -10 du code du travail, les agents mentionn\u00e9s aux articles 1 et 2 \nparticipent, lorsque l'action le rend n\u00e9cessaire, aux actions d'inspection de la l\u00e9gislation du travail sur le territoire \nde l'Unit\u00e9 d\u00e9partementale de la DRIEETS \u00e0 laquelle est rattach\u00e9e l'unit\u00e9 de contr\u00f4le o\u00f9 ils sont affect\u00e9s. \n \n \nARTICLE 6 \n \nLa pr\u00e9sente d\u00e9cision prend effet au 1er janvier 2026 et abroge la d\u00e9cision n\u00b0 2025-238 du 24 novembre 2025 portant \naffectation des agents de contr\u00f4le dans les unit\u00e9s de contr\u00f4le et gestion des int\u00e9rims de l' unit\u00e9 d\u00e9partementale \ndes Hauts-de-Seine de la DRIEETS d'Ile-de-France. \n \n \nARTICLE 7 \n \nLe Directeur r\u00e9gional et interd\u00e9partemental de l'\u00e9conomie, de l'emploi, du travail et des solidarit\u00e9s d'Ile-de-France \nest charg\u00e9 de l'application de la pr\u00e9sente d\u00e9cision, qui sera publi\u00e9e au recueil des actes administratifs de la r\u00e9gion \nIle-de-France.  \n \n \n \nFait \u00e0 Saint-Denis, le 29 d\u00e9cembre 2025 \n \nLe Directeur r\u00e9gional et interd\u00e9partemental de \nl'\u00e9conomie, de l'emploi, du travail et des solidarit\u00e9s,  \n \n SIGN\u00c9 \n \nFabrice MASI \n \nDirection r\u00e9gionale et interd\u00e9partementale de l'\u00e9conomie, de l'emploi, du travail et des solidarit\u00e9s d'\u00cele-de-France -\nIDF-2025-12-29-00005 - D\u00e9cision n\u00b0 2025 -269 du 29 d\u00e9cembre 2025\nportant affectation des agents de contr\u00f4le dans les unit\u00e9s de contr\u00f4le et gestion des int\u00e9rims de l'Unit\u00e9 d\u00e9partementale des\nHauts-de-Seine de la DRIEETS d'Ile-de-France\n32\nDirection r\u00e9gionale et interd\u00e9partementale de\nl'\u00e9conomie, de l'emploi, du travail et des\nsolidarit\u00e9s d'\u00cele-de-France\nIDF-2025-12-29-00003\nD\u00e9cision n\u00b0 2025-256 du 29 d\u00e9cembre 2025\nportant affectation des agents de contr\u00f4le dans\nles unit\u00e9s de contr\u00f4le et gestion des int\u00e9rims de\nla direction d\u00e9partementale de l'emploi, du\ntravail et des solidarit\u00e9s de l'Essonne\nDirection r\u00e9gionale et interd\u00e9partementale de l'\u00e9conomie, de l'emploi, du travail et des solidarit\u00e9s d'\u00cele-de-France -\nIDF-2025-12-29-00003 - D\u00e9cision n\u00b0 2025-256 du 29 d\u00e9cembre 2025\nportant affectation des agents de contr\u00f4le dans les unit\u00e9s de contr\u00f4le et gestion des int\u00e9rims de la direction d\u00e9partementale de\nl'emploi, du travail et des solidarit\u00e9s de l'Essonne\n33\nMINISTEREDU TRAVAILET DES SOLIDARITESLibert\u00e9Egalit\u00e9Fraternit\u00e9\n \nDRIEETS Ile de France  \n32, rue Jean Jaur\u00e8s \n93200 SAINT-DENIS                                                                                                                                                                                                                                       \n \nDirection r\u00e9gionale et interd\u00e9partementale \nde l'\u00e9conomie, de l'emploi, \ndu travail et des solidarit\u00e9s \n \n \n \n \n \nD\u00e9cision n\u00b0 2025-256 du 29 d\u00e9cembre 2025 \nportant affectation des agents de contr\u00f4le dans les unit\u00e9s de contr\u00f4le et gestion des int\u00e9rims de la direction \nd\u00e9partementale de l'emploi, du travail et des solidarit\u00e9s de l'Essonne  \n \n \nLe directeur r\u00e9gional et interd\u00e9partemental de l'\u00e9conomie, de l'emploi, du travail et des solidarit\u00e9s d'\u00cele -de-\nFrance,  \n \nVu le code du travail, notamment ses articles R. 8122-1 et suivants, \n \nVu le d\u00e9cret n\u00b0 2020-1545 du 9 d\u00e9cembre 2020 relatif \u00e0 l'organisation et aux missions des directions r\u00e9gionales \nde l'\u00e9conomie, de l'emploi, du travail et des solidarit\u00e9s, des directions d\u00e9partementales de l'emploi, du travail \net des solidarit\u00e9s et des directions d\u00e9partementales de l'emploi, du travail, des solidarit\u00e9s et de la protection \ndes populations, \n \nVu l'arr\u00eat\u00e9 minist\u00e9riel du 25 mars 2024 portant cr\u00e9ation et r\u00e9partition des unit\u00e9s de contr\u00f4le de l'inspection \ndu travail, \n \nVu la d\u00e9cision n\u00b0 2021 -26 du 1er avril 2021 du directeur r\u00e9gional et interd\u00e9partemental de l'\u00e9conomie, de \nl'emploi, du travail et des solidarit\u00e9s d'Ile -de-France relative \u00e0 la localisation et \u00e0 la d\u00e9limitation des unit\u00e9s de \ncontr\u00f4le et des sections d'inspection du travail du d\u00e9partement de l'Essonne,   \n \nD\u00c9CIDE : \n \nArticle 1 : Sont nomm\u00e9s responsables d'unit\u00e9s de contr\u00f4le d'inspection du travail de la direction \nd\u00e9partementale de l'emploi, du travail et des solidarit\u00e9s de l'Essonne les agents suivants :  \n- - Unit\u00e9 de contr\u00f4le n\u00b01 : Monsieur Lo\u00efc CAMUZAT, directeur adjoint du travail, \n- - Unit\u00e9 de contr\u00f4le n\u00b02 : Madame Nad\u00e8ge RAVASSAT, inspectrice du travail, \n- - Unit\u00e9 de contr\u00f4le n\u00b03 : Madame Sylvie MALUDI, directrice adjointe du travail. \n \nArticle 2 : Sans pr\u00e9judice des dispositions de l'article R. 8122 -10-1 du code du travail et conform\u00e9ment aux \ndispositions de l'article R.8122-11 du code du travail, sont affect\u00e9s dans les sections d'inspection du travail de \nla direction d\u00e9partementale de l'emploi, du travail et des solidarit\u00e9s de l'Essonne les agents suivants :  \n \nUnit\u00e9 de contr\u00f4le n\u00b01 : \n\u2022 Section 1 -1T : Madame St\u00e9phanie DUVAL, directrice adjointe  du travail  assumant des fonctions \nd'inspectrice du travail. \n\u2022 Section 1-2T : Section vacante. L'int\u00e9rim est assur\u00e9 par monsieur Lo\u00efc CAMUZAT, directeur adjoint du \ntravail assumant des fonctions d'inspecteur du travail. \n\u2022 Section 1-3 : Section vacante. L'int\u00e9rim est assur\u00e9 par madame St\u00e9phanie DUVAL, directrice adjointe \ndu travail assumant des fonctions d'inspectrice du travail. \n\u2022 Section 1-4 : Mme Na\u00efla OTT, inspectrice du travail. \n\u2022 Section 1-5 :  Monsieur Samy GHERBI, inspecteur du travail. \n\u2022 Section 1-6T : Madame B\u00e9atrice CHARPENTIER, inspectrice du travail  \nDirection r\u00e9gionale et interd\u00e9partementale de l'\u00e9conomie, de l'emploi, du travail et des solidarit\u00e9s d'\u00cele-de-France -\nIDF-2025-12-29-00003 - D\u00e9cision n\u00b0 2025-256 du 29 d\u00e9cembre 2025\nportant affectation des agents de contr\u00f4le dans les unit\u00e9s de contr\u00f4le et gestion des int\u00e9rims de la direction d\u00e9partementale de\nl'emploi, du travail et des solidarit\u00e9s de l'Essonne\n34\n \n2 / 3 \n\u2022 Section 1-7 : Monsieur Micka\u00ebl TADRIST, inspecteur du travail. \n\u2022 Section 1-8 : Madame Pauline BRUNEAU, inspectrice du travail. \n\u2022 Section 1-9 : Madame Farida BARA, inspectrice du travail, \u00e0 l'exception de l'\u00e9tablissement Clinique de \nl'Yvette (n\u00b0 Siret : 96420200600026), sis \u00e0 Longjumeau, dont le contr\u00f4le est confi\u00e9 \u00e0 monsieur Lo\u00efc \nCAMUZAT, directeur adjoint du travail assumant des fonctions d'inspecteur du travail . \n\u2022 Section 1-10A : Madame Nad\u00e8ge CLAUDE, inspectrice du travail, \u00e0 l'exception de l'\u00e9tablissement CSF \n(n\u00b0 Siret : 44028375204822), sis \u00e0 Limours, dont le contr\u00f4le est confi\u00e9 \u00e0 Madame Ma\u00ebva MAUSSE, \ninspectrice du travail. \n\u2022 Section 1-11A :  Madame Ma\u00ebva MAUSSE, inspectrice du travail. \n \n \nUnit\u00e9 de contr\u00f4le n\u00b02 : \n\u2022 Section 2-1 : Monsieur Bastien JUPIN, inspecteur du travail. \n\u2022 Section 2-2A : Madame Alice RINAUDO, inspectrice du travail. \n\u2022 Section 2-3T : Madame Anahita RAHMANINIKOO, inspectrice du travail. En l'absence de Mme Anahita \nRAHMANINIKOO est assur\u00e9 par Monsieur Bastien JUPIN, inspecteur du travail  \n\u2022 Section 2-4 : Monsieur Pascal GRAILLOT, inspecteur du travail. \n\u2022 Section 2-5 : Monsieur Olivier OU-RABAH, inspecteur du travail.  \n\u2022 Section 2-6 : Section vacante. L'int\u00e9rim est assur\u00e9 par Madame C\u00e9cile IVORRA, inspectrice du travail. \n\u2022 Section 2-7 :  Madame C\u00e9cile IVORRA, inspectrice du travail. \n\u2022 Section 2-8T : Madame Chlo\u00e9 DOUT\u00c9, inspectrice du travail. \n\u2022 Section 2-9A : Monsieur Ma\u00ebl GUILLAUME, inspecteur du travail. \n\u2022 Section 2-10 :  Monsieur Paul ALMOUZNI, inspecteur du travail. \n\u2022 Section 2-11 : Section vacante. L'int\u00e9rim est assur\u00e9 par Madame Sylvie MALUDI, directrice adjointe du \ntravail assumant des fonctions d'inspectrice du travail. \n \nUnit\u00e9 de contr\u00f4le n\u00b03 : \n\u2022 Section 3-1 : Madame Nazli NOZARIAN, inspectrice du travail. \n\u2022 Section 3-2 : Madame Corinne CATALIFAUT, inspectrice du travail. \n\u2022 Section 3-3 : Monsieur Emmanuel ROGEZ, inspecteur du travail. \n\u2022 Section 3-4A : Monsieur G\u00e9rald IVA, inspecteur du travail. \n\u2022 Section 3-5 : Madame Am\u00e9lie STOIAN, inspectrice du travail. \n\u2022 Section 3-6T : Monsieur Mathieu MIGEON, inspecteur du travail. \n\u2022 Section 3-7 : Monsieur Fr\u00e9d\u00e9ric CACHEUX, inspecteur du travail. \n\u2022 Section 3-8 : Madame Isabelle ATINE-PONDEZI, inspectrice du travail. \n\u2022 Section 3 -9 : Madame C\u00e9line BARBAROT, inspectrice du travail. En l'absence de Mme C\u00e9line \nBARBAROT, l'int\u00e9rim de la section est assur\u00e9 par Mme Aur\u00e9lie FORHAN, inspectrice du travail, du 1er au \n15 janvier 2026, par Monsieur Mathieu MIGEON, inspecteur du travail, du 16 au 31 janvier 2026 et par \nMadame Corinne CATALIFAUT, inspectrice du travail, du 1er au 28 f\u00e9vrier 2026. \n\u2022 Section 3-10A : Madame Aur\u00e9lie FORHAN, inspectrice du travail. \n\u2022 Section 3-11T :  Monsieur Fran\u00e7ois DA ROCHA, inspecteur du travail.  \n \nArticle 3 : En cas d'emp\u00eachement d'un ou plusieurs agents de contr\u00f4le d\u00e9sign\u00e9s \u00e0 l'article 1 ci-dessus, l'int\u00e9rim \nest organis\u00e9 selon les modalit\u00e9s ci-apr\u00e8s : \n\u00c0 titre principal, en cas d'absence ou d'emp\u00eachement d'un inspecteur du travail, l'int\u00e9rim sera assur\u00e9 par un \ninspecteur du travail affect\u00e9 dans la m\u00eame unit\u00e9 de contr\u00f4le et lorsque les circonstances le n\u00e9cessitent, par \nun inspecteur du travail affect\u00e9 dans une des trois autres unit\u00e9s de contr\u00f4le. \n \nArticle 4 : Conform\u00e9ment aux dispositions de l'article R.8122-10 du code du travail, les agents affect\u00e9s en unit\u00e9 \nde contr\u00f4le, participent lorsque l'action le rend n\u00e9cessaire aux actions d'inspection de la l\u00e9gislation du travail \nsur le territoire de l'unit\u00e9 d\u00e9partementale \u00e0 laquelle est rattach\u00e9e l'unit\u00e9 de contr\u00f4le o\u00f9 ils sont affect\u00e9s.  \n \nArticle 5 : Sans pr\u00e9judice des attributions des agents de contr\u00f4le affect\u00e9s en section d'inspection, Monsieur \nLo\u00efc CAMUZAT, directeur adjoint du travail, Madame Sylvie MALUDI, directrice adjointe du travail, et Madame \nDirection r\u00e9gionale et interd\u00e9partementale de l'\u00e9conomie, de l'emploi, du travail et des solidarit\u00e9s d'\u00cele-de-France -\nIDF-2025-12-29-00003 - D\u00e9cision n\u00b0 2025-256 du 29 d\u00e9cembre 2025\nportant affectation des agents de contr\u00f4le dans les unit\u00e9s de contr\u00f4le et gestion des int\u00e9rims de la direction d\u00e9partementale de\nl'emploi, du travail et des solidarit\u00e9s de l'Essonne\n35\n \n3 / 3 \nNad\u00e8ge RAVASSAT, inspectrice du travail,  exercent une mission de contr\u00f4le en appui \u00e0 toutes les sections \nd'inspection. \n \nArticle 6 : En cas d'absence ou d'emp\u00eachement, l'i nt\u00e9rim de Monsieur Lo\u00efc CAMUZAT , de Madame Sylvie \nMALUDI, ou de madame Nad\u00e8ge RAVASSAT,  responsables d'unit\u00e9 de contr\u00f4le, est assur\u00e9 par l'un des deux \nautres responsables d'unit\u00e9 de contr\u00f4le. \nEn cas d'absence ou d'emp\u00eachement simultan\u00e9 de Monsieur Lo\u00efc CAMUZAT, de Madame Sylvie MALUDI et de \nmadame Nad\u00e8ge RAVASSAT, responsables d'unit\u00e9s de contr\u00f4le, l'int\u00e9rim des unit\u00e9s de contr\u00f4le N\u00b0 1, 2 et 3, \nest assur\u00e9 par Madame Loriane COURTOIS, directrice adjointe du travail ou Monsieur St\u00e9phane ROUXEL, \ndirecteur du travail. \n \nArticle 7 : La pr\u00e9sente d\u00e9cision prend effet  \u00e0 sa date de sa publication  et au plus t\u00f4t au 1 er janvier 2026. Elle \nabroge la d\u00e9cision n\u00b0 2025-245 du 5 d\u00e9cembre 2025. \n \nArticle 8 : Le directeur r\u00e9gional et interd\u00e9partemental de l'\u00e9conomie, de l'emploi, du travail et des solidarit\u00e9s \nd'Ile-de-France et le directeur d\u00e9partemental de l'emploi, du travail et des solidarit\u00e9s de l'Essonne sont charg\u00e9s \nde l'ex\u00e9cution de la pr\u00e9sente d\u00e9cision qui sera publi\u00e9e au recueil des actes administratifs de la r\u00e9gion \u00cele -de-\nFrance et de la pr\u00e9fecture du d\u00e9partement de l'Essonne. \n \n \n \nFait \u00e0 Saint-Denis, le 29 d\u00e9cembre 2025 \nLe directeur r\u00e9gional et interd\u00e9partemental \nde l'\u00e9conomie, de l'emploi, du travail et des solidarit\u00e9s, \n \nSIGN\u00c9 \n \nFabrice MASI \nDirection r\u00e9gionale et interd\u00e9partementale de l'\u00e9conomie, de l'emploi, du travail et des solidarit\u00e9s d'\u00cele-de-France -\nIDF-2025-12-29-00003 - D\u00e9cision n\u00b0 2025-256 du 29 d\u00e9cembre 2025\nportant affectation des agents de contr\u00f4le dans les unit\u00e9s de contr\u00f4le et gestion des int\u00e9rims de la direction d\u00e9partementale de\nl'emploi, du travail et des solidarit\u00e9s de l'Essonne\n36\nDirection r\u00e9gionale et interd\u00e9partementale de\nl'\u00e9conomie, de l'emploi, du travail et des\nsolidarit\u00e9s d'\u00cele-de-France\nIDF-2025-12-29-00002\nD\u00e9cision n\u00b0 2025-267 du 29 d\u00e9cembre 2025\nportant affectation des agents de contr\u00f4le dans\nles unit\u00e9s de contr\u00f4le et gestion des int\u00e9rims au\nsein de la direction d\u00e9partementale de l'emploi,\ndu travail et des solidarit\u00e9s des Yvelines\nDirection r\u00e9gionale et interd\u00e9partementale de l'\u00e9conomie, de l'emploi, du travail et des solidarit\u00e9s d'\u00cele-de-France -\nIDF-2025-12-29-00002 - D\u00e9cision n\u00b0 2025-267 du 29 d\u00e9cembre 2025\nportant affectation des agents de contr\u00f4le dans les unit\u00e9s de contr\u00f4le et gestion des int\u00e9rims au sein de la direction d\u00e9partementale\nde l'emploi, du travail et des solidarit\u00e9s des Yvelines\n37\n|MINISTEREDU TRAVAIL |ET DES SOLIDARIT\u00c9SLibert\u00e9Egalit\u00e9Fraternit\u00e9\n \n \nDirection r\u00e9gionale et interd\u00e9partementale \nde l'\u00e9conomie, de l'emploi, \ndu travail et des solidarit\u00e9s \n \n \n \nDRIEETS d'Ile-de-France \n32 rue Jean Jaur\u00e8s \u2013 93200 Saint-Denis \nhttp://idf.drieets.gouv.fr/ \n \n \n \n \nD\u00e9cision n\u00b0 2025-267 du 29 d\u00e9cembre 2025 \nportant affectation des agents de contr\u00f4le dans les unit\u00e9s de contr\u00f4le et gestion des int\u00e9rims  \nau sein de la direction d\u00e9partementale de l'emploi, du travail et des solidarit\u00e9s des Yvelines  \n \n \nLe directeur r\u00e9gional et interd\u00e9partemental de l'\u00e9conomie, de l'emploi, du travail et des solidarit\u00e9s de la \nr\u00e9gion \u00cele-de-France,  \n \nVu le code du travail, notamment ses articles R. 8122-1 et suivants,  \n \nVu le d\u00e9cret n\u00b0 2020 -1545 du 9 d\u00e9cembre 2020 relatif \u00e0 l'organisation et aux missions des directions \nr\u00e9gionales de l'\u00e9conomie, de l'emploi, du travail et des solidarit\u00e9s, des directions d\u00e9partementales de \nl'emploi, du travail et des solidarit\u00e9s et des directi ons d\u00e9partementales de l'emploi, du travail, des \nsolidarit\u00e9s et de la protection des populations, \n \nVu l'arr\u00eat\u00e9 interminist\u00e9riel du 12 ao\u00fbt 2025 nommant Fabrice MASI directeur r\u00e9gional et \ninterd\u00e9partemental de l'\u00e9conomie, de l'emploi, du travail et des solidarit\u00e9s d'\u00cele -de-France, \u00e0 compter du \n25 ao\u00fbt 2025, \n \nVu l'arr\u00eat\u00e9 minist\u00e9riel du 25 mars 2024 portant r\u00e9partition des unit\u00e9s de contr\u00f4le de l'inspection du travail,  \n \nVu la d\u00e9cision n\u00b0 2025-236 du 21 novembre 2025  du directeur r\u00e9gional et interd\u00e9partemental de \nl'\u00e9conomie, de l'emploi, du travail et des solidarit\u00e9s d'Ile -de-France relative \u00e0 la localisation et \u00e0 la \nd\u00e9limitation des unit\u00e9s de contr\u00f4le et des sections d'inspection du travail de la direction d\u00e9partement ale \nde l'emploi, du travail et des solidarit\u00e9s des Yvelines, \n \nD\u00c9CIDE \n \nArticle 1  : Sont nomm\u00e9s responsables d'unit\u00e9s de contr\u00f4le d'inspection du travail de la direction \nd\u00e9partementale de l'emploi, du travail et des solidarit\u00e9s des Yvelines les agents suivants : \n\u2022 Unit\u00e9 de contr\u00f4le n\u00b01 : Madame Agn\u00e8s DAVID, Directrice Adjointe du Travail ;  \n\u2022 Unit\u00e9 de contr\u00f4le n\u00b02 : Monsieur Jacques POM, Directeur Adjoint du Travail ; \n\u2022 Unit\u00e9 de contr\u00f4le n\u00b03 : Madame Laila EL-MAAKOUL, Directrice Adjointe du Travail ;   \n\u2022 Unit\u00e9 de contr\u00f4le n\u00b04 : poste vacant, l'int\u00e9rim est assur\u00e9 par Madame Laila EL -MAAKOUL, Directrice \nAdjointe du Travail. \n \nArticle 2 : Sans pr\u00e9judice des dispositions de l'article R. 8122-10 1\u00b0 du code du travail et conform\u00e9ment aux \ndispositions de l'article R. 8122-11 du code du travail, sont affect\u00e9s dans les sections d'inspection du travail \nde la direction d\u00e9partementale de l'emploi, du travail et des solidarit\u00e9s des Yvelines les agents suivants :  \n \n1. Unit\u00e9 de contr\u00f4le n\u00b01 : \n\u2022 Section 1 : section vacante, l'int\u00e9rim est assur\u00e9 par : \n\u2022 Madame Capucine GAMBA, Inspectrice du Travail, sur les \u00e9tablissements de transports routiers, \nferroviaires et fluviaux  \n \nDirection r\u00e9gionale et interd\u00e9partementale de l'\u00e9conomie, de l'emploi, du travail et des solidarit\u00e9s d'\u00cele-de-France -\nIDF-2025-12-29-00002 - D\u00e9cision n\u00b0 2025-267 du 29 d\u00e9cembre 2025\nportant affectation des agents de contr\u00f4le dans les unit\u00e9s de contr\u00f4le et gestion des int\u00e9rims au sein de la direction d\u00e9partementale\nde l'emploi, du travail et des solidarit\u00e9s des Yvelines\n38\n \n2 / 4 \n\u2022 Madame Annie ANGER, Inspectrice du Travail  sur les autres \u00e9tablissements des communes \nd'Auffreville-Brassueil, de Breuil-Bois-Robert, de Soindres et de Vert ;  \n\u2022 Madame Sandrine BERTINO, Inspectrice du Travail sur les autres \u00e9tablissements des communes \nde Boinville en Mantois, de Goussonville et de Guerville ;  \n\u2022 Madame Lucie TELBOIS, Inspectrice du Travail sur les autres \u00e9tablissements de la  commune de \nBuchelay ; \n\u2022  Madame Anne -Laure MERELLE, Inspectrice du Travail, sur les autres \u00e9tablissements de la  \ncommune de Magnanville \n\u2022 Madame Agn\u00e8s DAVID, Directrice Adjointe du Travail, sur les autres \u00e9tablissements de la  \ncommune de Mantes-La-Ville:  \n\u2022 Section 2 : Madame Annie ANGER, Inspectrice du Travail ; \n\u2022 Section 3 : Madame Sandrine BERTINO, Inspectrice du Travail ; \n\u2022 Section 4 : Madame Marie-Michelle ALGAIN, Inspectrice du Travail ; \n\u2022 Section 5 : Madame Anne-Laure MERELLE, Inspectrice du Travail ;  \n\u2022 Section 6 : Madame Nolwenn MAUROT, Inspectrice du Travail, et Madame Agn\u00e8s DAVID, Directrice \nAdjointe du Travail pour l'\u00e9tablissement STANNIS, sis 1 IMPASSE CHARLES TELLIER 78520 Limay ;  \n\u25aa Section 7 : Madame Nathalie DE CARVALHO, Inspectrice du Travail ; \n\u2022 Section 8 : section vacante, l'int\u00e9rim est assur\u00e9 par : \n\u25aa Madame Nolwenn MAUROT, Inspectrice du Travail, sur la commune d'Ach\u00e8res ; \n\u25aa Madame Marie-Michelle ALGAIN, Inspectrice du Travail, sur la commune d'Andr\u00e9sy ; \n\u25aa Madame Nathalie DE CARVALHO, Inspectrice du Travail, sur la commune de Poissy ; \n\u2022 Section 9 : Madame Ana\u00efs FERKELI, Inspectrice du Travail ; \n\u2022 Section 10 : Madame Capucine GAMBA, Inspectrice du Travail ; \n\u2022 Section 11 : Madame Lucie TELBOIS, Inspectrice du Travail ; \n \n2. Unit\u00e9 de contr\u00f4le n\u00b02 : \n\u2022 Section 1 : Monsieur Florian TABUTEAU, Inspecteur du travail ; \n\u25aa Section 2 : Madame Marina BARBIER, Inspectrice du Travail ; \n\u2022 Section 3 : Madame Catherine PAGAN, Inspectrice du travail ;  \n\u2022 Section 4 : Madame Aurore GIRARD-WASKIW, Inspectrice du Travail ; \n\u2022 Section 5 : Monsieur Frank GALEA, Inspecteur du Travail ; \n\u2022 Section 6 : Madame Karine TURQUER, Inspectrice du Travail ; \n\u2022 Section 7 : Madame Estelle GIAPPESI SEHEDIC, Inspectrice du Travail ; \n\u2022 Section 8 : Monsieur El Hadji Alce SECK, Inspecteur du Travail ;  \n \n3. Unit\u00e9 de contr\u00f4le n\u00b03 : \n\u2022 Section 1 : Madame Chlo\u00e9 MARIE, Inspectrice du Travail ;  \n\u2022 Section 2 : Madame Nabila GUENDOUZ, Inspectrice du Travail ; \n\u2022 Section 3 : Monsieur Ronel CHOUT, Inspecteur du Travail ; \n\u2022 Section 4 : Madame Catherine BOUGIE, Directrice Adjointe du Travail (\u00e0 l'exception des chantiers du \nBTP) ; \nMonsieur Sylvain QUEVAL, Inspecteur du Travail, pour toute activit\u00e9 exerc\u00e9e sur l'emprise d'un \nchantier du BTP ; \n\u2022 Section 5 : Madame Christine COLLON, Inspectrice du Travail ; \n\u2022 Section 6 : Monsieur Sylvain QUEVAL, Inspecteur du Travail ;  \n\u2022 Section 7 : Monsieur Guillaume LETERREUX, Inspecteur du Travail ; \n\u2022 Section 8 : section vacante, l'int\u00e9rim est assur\u00e9 par : \n \u2022 Monsieur Ronel CHOUT, Inspecteur du Travail, sur les \u00e9tablissements de transports routiers, \nferroviaires et fluviaux ;  \n \u2022 Madame Virginie PETIT, Inspectrice du Travail ; sur les autres \u00e9tablissements ; \n\u2022 Section 9 : Madame Virginie PETIT, Inspectrice du Travail ; \n \n \nDirection r\u00e9gionale et interd\u00e9partementale de l'\u00e9conomie, de l'emploi, du travail et des solidarit\u00e9s d'\u00cele-de-France -\nIDF-2025-12-29-00002 - D\u00e9cision n\u00b0 2025-267 du 29 d\u00e9cembre 2025\nportant affectation des agents de contr\u00f4le dans les unit\u00e9s de contr\u00f4le et gestion des int\u00e9rims au sein de la direction d\u00e9partementale\nde l'emploi, du travail et des solidarit\u00e9s des Yvelines\n39\n \n3 / 4 \n4. Unit\u00e9 de contr\u00f4le n\u00b04 : \n\u2022 Section 1 : Monsieur Adrien LECOMPERE, Inspecteur du Travail ; \n\u25aa Section 2 : section vacante, l'int\u00e9rim est assur\u00e9 par Monsieur Amine BELKIRI, Inspecteur du Travail ; \n\u25aa Section 3  : section vacante, l'int\u00e9rim est assur\u00e9 par Monsieur El Hadji Alce SECK,  Inspecteur du \nTravail ; \nMadame Isabelle GAULTIER, Inspectrice du Travail, est habilit\u00e9e \u00e0 prendre les d\u00e9cisions relevant de \nla comp\u00e9tence exclusive de l'Inspecteur du Travail en vertu de dispositions l\u00e9gislatives ou \nr\u00e9glementaires ; \n\u2022 Section 4 : Monsieur Said HAMDI, Inspecteur du Travail ; \n\u2022 Section 5 : Monsieur Amine BELKIRI, Inspecteur du Travail ;  \n\u2022 Section 6 : Monsieur Hugues POULAIN, Inspecteur du Travail ; \n\u2022 Section 7 : Madame Isabelle GAULTIER, Inspectrice du Travail ; \n\u2022 Section 8 : Madame Camille AHOUANTO, Inspectrice du Travail ; \n\u2022 Section 9 : section vacante, l'int\u00e9rim est assur\u00e9 par Madame Marina BARBIER, Inspectrice du Travail ; \n\u2022 Section 10  : section vacante, l'int\u00e9rim est assur\u00e9 par Monsieur Hugues POULAIN, Inspecteur du \nTravail ; \n \nArticle 3 : En cas d'absence ou d'emp\u00eachement d'un ou plusieurs agents de contr\u00f4le d\u00e9sign\u00e9s \u00e0 l'article 2 \nci-dessus, l'int\u00e9rim est organis\u00e9 selon les modalit\u00e9s ci-apr\u00e8s :  \n\u2022 Unit\u00e9 de contr\u00f4le n\u00b01 : \n- Int\u00e9rim des Inspecteurs du Travail :  \nL'int\u00e9rim d'un Inspecteur du Travail de l'unit\u00e9 de contr\u00f4le n\u00b01 absent ou emp\u00each\u00e9 peut \u00eatre assur\u00e9 par un \nautre inspecteur de l'unit\u00e9 de contr\u00f4le n\u00b01 ou \u00e0 d\u00e9faut par le responsable de l'unit\u00e9 de contr\u00f4le de l'UC1 \net le cas \u00e9ch\u00e9ant par un contr\u00f4leur de l'un it\u00e9 de contr\u00f4le n\u00b01 pour les \u00e9tablissements de moins de 50 \nsalari\u00e9s. \n- Int\u00e9rim des Contr\u00f4leurs du Travail :  \nL'int\u00e9rim d'un Contr\u00f4leur du Travail de l'unit\u00e9 de contr\u00f4le n\u00b01 absent ou emp\u00each\u00e9 sera assur\u00e9 par un autre \ncontr\u00f4leur de l'unit\u00e9 de contr\u00f4le n\u00b01 et le cas \u00e9ch\u00e9ant par un inspecteur de l'unit\u00e9 de contr\u00f4le n\u00b01.  \n\u2022 Unit\u00e9 de contr\u00f4le n\u00b0 2, 3 et 4 : \n- Int\u00e9rim des Inspecteurs du Travail :  \nL'int\u00e9rim d'un Inspecteur du Travail des unit\u00e9s de contr\u00f4le 2, 3 ou 4, absent ou emp\u00each\u00e9, sera \nprioritairement assur\u00e9 par un autre inspecteur de la m\u00eame unit\u00e9 de contr\u00f4le, \u00e0 d\u00e9faut par un inspecteur \nde l'une des deux autres unit\u00e9s de contr\u00f4le ou par l'un d es responsables des unit\u00e9s de contr\u00f4le des UC 2, \nUC3 ou UC4 et le cas \u00e9ch\u00e9ant par un Contr\u00f4leur du Travail de la m\u00eame unit\u00e9 de contr\u00f4le ou de l'une des \ndeux autres unit\u00e9s de contr\u00f4le pour les \u00e9tablissements de moins de 50 salari\u00e9s.  \n- Int\u00e9rim des Contr\u00f4leurs du Travail :  \nL'int\u00e9rim d'un Contr\u00f4leur du Travail des unit\u00e9s de contr\u00f4le 2, 3 ou 4, absent ou emp\u00each\u00e9, sera \nprioritairement assur\u00e9 par un autre contr\u00f4leur de la m\u00eame unit\u00e9 de contr\u00f4le, \u00e0 d\u00e9faut par un contr\u00f4leur \nde l'une des deux autres unit\u00e9s de contr\u00f4le et le cas \u00e9ch\u00e9ant par un Inspecteur du Travail de la m\u00eame unit\u00e9 \nde contr\u00f4le ou de l'une des deux autres unit\u00e9s de contr\u00f4le. \n \nArticle 4 :  En cas d'absence ou d'emp\u00eachement d'un des responsables d'unit\u00e9 de contr\u00f4le d\u00e9sign\u00e9s aux \narticles 1 et 2 ci-dessus, l'int\u00e9rim sera assur\u00e9 par l'un des trois autres responsables d'Unit\u00e9 de Contr\u00f4le de \nla direction d\u00e9partementale de l'emploi du travail et des solidarit\u00e9s des Yvelines. \n \nArticle 5  : La pr\u00e9sente d\u00e9cision prend effet le 1er janvier 2026 et abroge la d \u00e9cision n\u00b0 2025 -236 du 21 \nnovembre 2025  portant affectation des agents de contr\u00f4le dans les unit\u00e9s de contr\u00f4le et gestion des \nint\u00e9rims de la direction d\u00e9partementale de l'emploi, du travail et des solidarit\u00e9s des Yvelines.  \n \nDirection r\u00e9gionale et interd\u00e9partementale de l'\u00e9conomie, de l'emploi, du travail et des solidarit\u00e9s d'\u00cele-de-France -\nIDF-2025-12-29-00002 - D\u00e9cision n\u00b0 2025-267 du 29 d\u00e9cembre 2025\nportant affectation des agents de contr\u00f4le dans les unit\u00e9s de contr\u00f4le et gestion des int\u00e9rims au sein de la direction d\u00e9partementale\nde l'emploi, du travail et des solidarit\u00e9s des Yvelines\n40\n \n4 / 4 \nArticle 6  : Le directeur r\u00e9gional et interd\u00e9partemental de l'\u00e9conomie, de l'emploi, du travail et des \nsolidarit\u00e9s d'Ile-de-France est charg\u00e9 de l'application de la pr\u00e9sente d\u00e9cision, qui sera publi\u00e9e au recueil \ndes actes administratifs de la r\u00e9gion Ile-de-France. \n \n \n \nFait \u00e0 Saint-Denis, le 29 d\u00e9cembre 2025 \nLe directeur r\u00e9gional et interd\u00e9partemental de l'\u00e9conomie, de \nl'emploi, du travail et des solidarit\u00e9s,  \n \nSIGN\u00c9 \n \n \nFabrice MASI \nDirection r\u00e9gionale et interd\u00e9partementale de l'\u00e9conomie, de l'emploi, du travail et des solidarit\u00e9s d'\u00cele-de-France -\nIDF-2025-12-29-00002 - D\u00e9cision n\u00b0 2025-267 du 29 d\u00e9cembre 2025\nportant affectation des agents de contr\u00f4le dans les unit\u00e9s de contr\u00f4le et gestion des int\u00e9rims au sein de la direction d\u00e9partementale\nde l'emploi, du travail et des solidarit\u00e9s des Yvelines\n41\nDirection r\u00e9gionale et interd\u00e9partementale de\nl'\u00e9conomie, de l'emploi, du travail et des\nsolidarit\u00e9s d'\u00cele-de-France\nIDF-2025-12-29-00004\nD\u00e9cision n\u00b0 2025-268 du 29 d\u00e9cembre 2025\nportant affectation des agents de contr\u00f4le dans\nles unit\u00e9s de contr\u00f4le et gestion des int\u00e9rims de\nla direction d\u00e9partementale de l'emploi, du\ntravail et des solidarit\u00e9s de Seine-et-Marne\nDirection r\u00e9gionale et interd\u00e9partementale de l'\u00e9conomie, de l'emploi, du travail et des solidarit\u00e9s d'\u00cele-de-France -\nIDF-2025-12-29-00004 - D\u00e9cision n\u00b0 2025-268 du 29 d\u00e9cembre 2025\nportant affectation des agents de contr\u00f4le dans les unit\u00e9s de contr\u00f4le et gestion des int\u00e9rims de la direction d\u00e9partementale de\nl'emploi, du travail et des solidarit\u00e9s de Seine-et-Marne\n42\nMINISTEREDU TRAVAIL |ET DES SOLIDARIT\u00c9SLibert\u00e9Egalit\u00e9Fraternit\u00e9\n \n \nDRIEETS d'Ile de France \n32 rue Jean Jaur\u00e8s \n      93200 SAINT DENIS                                                                                                                                                                                                                  1 / 4 \n \n  \n \nDirection r\u00e9gionale et interd\u00e9partementale \nde l'\u00e9conomie, de l'emploi, \ndu travail et des solidarit\u00e9s \nd'Ile de France \n \n \n \n \nD\u00e9cision n\u00b0 2025-268 du 29 d\u00e9cembre 2025 \nportant affectation des agents de contr\u00f4le dans les unit\u00e9s de contr\u00f4le et gestion des int\u00e9rims de la \ndirection d\u00e9partementale de l'emploi, du travail et des solidarit\u00e9s de Seine -et-Marne \n \n \n \nLe directeur r\u00e9gional de l'\u00e9conomie, de l'emploi, du travail et des solidarit\u00e9s de la r\u00e9gion Ile-de-France, \n \nVu le code du travail, notamment ses articles R. 8122-1 et suivants.  \n \nVu le d\u00e9cret n\u00b0 2020 -1545 du 9 d\u00e9cembre 2020 relatif \u00e0 l'organisation et aux missions des directions r\u00e9gionales \nde l'\u00e9conomie, de l'emploi, du travail et des solidarit\u00e9s, des directions d\u00e9partementales de l'emploi, du travail et \ndes solidarit\u00e9s et des directi ons d\u00e9partementales de l'emploi, du travail, des solidarit\u00e9s et de la protection des \npopulations, \n \nVu l'arr\u00eat\u00e9 interminist\u00e9riel du 12 ao\u00fbt  2025 nommant Monsieur Fabrice MASI  directeur r\u00e9gional et \ninterd\u00e9partemental de l'\u00e9conomie, de l'emploi, du travail et des solidarit\u00e9s d'\u00cele-de-France, \u00e0 compter du 25 ao\u00fbt \n2025, \n \nVu l'arr\u00eat\u00e9 minist\u00e9riel du 25 mars 2024 portant cr\u00e9ation et r\u00e9partition des unit\u00e9s de contr\u00f4le de l'inspection du \ntravail,  \n \nVu la d\u00e9cision n\u00b0 2025 -237 du 24 novembre 2025 relative \u00e0 la localisation et \u00e0 la d\u00e9limitation des unit\u00e9s de \ncontr\u00f4le et des sections d'inspection du travail de la direction d\u00e9partementale de l'emploi, du travail et des \nsolidarit\u00e9s de Seine-et-Marne \n \nD\u00c9CIDE \n \nArticle 1er  \n \nSans pr\u00e9judice des dispositions de l'article R.8122 -10 du code du travail et conform\u00e9ment aux dispositions de \nl'article R.8122-11 du code du travail, sont affect\u00e9s dans les sections d'inspection de la direction d\u00e9partementale \nde l'emploi, du travail et des solidarit\u00e9s de Seine et Marne les agents suivants : \nUnit\u00e9 de contr\u00f4le N\u00b0 1  \nsise 3 rue de la Galmy CS 10582 77701 Marne la Vall\u00e9e Cedex 4 \n \nResponsable de l'unit\u00e9 de contr\u00f4le : Monsieur Jean-Baptiste LY VAN TU, Directeur adjoint du travail  \n \nSection 1-01 A : Madame Pauline LEFEVRE, Inspectrice du travail \n \nSection 1-02 : Madame Laetitia HENNOUS, Inspectrice du travail \n \nSection 1-03 : Madame Ellouna BENELMOUFFOK, Inspectrice du travail \n \nSection 1-04 : Madame Nolwenn LE YOUDEC, Inspectrice du travail \n \nDirection r\u00e9gionale et interd\u00e9partementale de l'\u00e9conomie, de l'emploi, du travail et des solidarit\u00e9s d'\u00cele-de-France -\nIDF-2025-12-29-00004 - D\u00e9cision n\u00b0 2025-268 du 29 d\u00e9cembre 2025\nportant affectation des agents de contr\u00f4le dans les unit\u00e9s de contr\u00f4le et gestion des int\u00e9rims de la direction d\u00e9partementale de\nl'emploi, du travail et des solidarit\u00e9s de Seine-et-Marne\n43\n \n \n2 / 4 \nSection 1-05 TF et Fl : Madame Juliette MATHIEU, Inspectrice du travail \n \nSection 1-06 : Monsieur Alexis COSTES, Inspecteur du travail  \n \nSection 1-07 : Mme Aur\u00e9lie BELLENGER, Inspectrice du travail \n \nSection 1-08 TR : Monsieur Karim BOURAS, Inspecteur du travail \nUnit\u00e9 de contr\u00f4le N\u00b0 2  \nsise 3 rue de la Galmy CS 10582 77701 Marne la Vall\u00e9e Cedex 4 \n \nResponsable de l'unit\u00e9 de contr\u00f4le : Poste vacant \n \nMonsieur R\u00e9gis PERROT, Directeur du travail, est en charge de l'int\u00e9rim du poste \n \nSection 2-01 : Monsieur Thomas SALGADO, Inspecteur du travail \n \nSection 2-02 : Section vacante  \n \nMonsieur R\u00e9gis PERROT Directeur du travail est en charge de l'int\u00e9rim de la section \n \nSection 2-03 :  Madame Ga\u00eblle BOTZUNG, Inspectrice du travail \n \nSection 2-04 : Monsieur L\u00e9o BOURSIER, Inspecteur du travail \n \nSection 2-05 T : Madame Carmen ZIEGLER, Inspectrice du travail \n \nSection 2-06 : Madame Mathilde MALHER, Inspectrice du travail  \n \nSection 2-07 : Madame Marine DESMORTIERS, Inspectrice du travail \n \nSection 2-08 A : Madame Christine GHIZZONI, Inspectrice du travail  \n \nEn cas d'absence ou d'emp\u00eachement de Madame Christine GHIZZONI, l'int\u00e9rim  de la section  est assur\u00e9 par \nMonsieur Thomas SALGADO, Inspecteur du travail \nUnit\u00e9 de contr\u00f4le N\u00b0 3  \n20 quai Hippolyte Rossignol 77011 Melun cedex \n \nResponsable de l'unit\u00e9 de contr\u00f4le : Monsieur Rapha\u00ebl SEROUR, Directeur adjoint du travail \n \nSection 3-01 : Madame No\u00e9mie CHASSARD, Inspectrice du travail \n \nSection 3-02 : Madame Evelyne ZOUBICOU, Inspectrice du travail \n \nSection 3-03 : Madame Nathalie BARBERYE, Inspectrice du travail \n \nSection 3-04 : Madame Cl\u00e9lia SCALI, Inspectrice du travail \n \nSection 3-5 : Monsieur Miguel REVES, Inspecteur du travail \n  \nSection 3-6 A :  Madame Laura TERROBA, Inspectrice du travail \n \nSection3-07 T : Madame Ingrid LAWSON, Inspectrice du travail \n \nSection3-08 : Madame Amandine BARON-ALECI, Inspectrice du travail \n \nDirection r\u00e9gionale et interd\u00e9partementale de l'\u00e9conomie, de l'emploi, du travail et des solidarit\u00e9s d'\u00cele-de-France -\nIDF-2025-12-29-00004 - D\u00e9cision n\u00b0 2025-268 du 29 d\u00e9cembre 2025\nportant affectation des agents de contr\u00f4le dans les unit\u00e9s de contr\u00f4le et gestion des int\u00e9rims de la direction d\u00e9partementale de\nl'emploi, du travail et des solidarit\u00e9s de Seine-et-Marne\n44\n \n \n3 / 4 \nUnit\u00e9 de contr\u00f4le N\u00b0 4  \n20 quai Hippolyte Rossignol 77011 Melun cedex \n \nResponsable de l'unit\u00e9 de contr\u00f4le : Poste vacant \n \nMonsieur Rapha\u00ebl SEROUR, Directeur adjoint du travail, est en charge de l'int\u00e9rim du poste \n \nSection 4-01A : Madame Karine PAUVERT, Contr\u00f4leuse du Travail  \n \nMadame Caroline ROUSSEAU, Inspectrice du travail, est en charge du contr\u00f4le des \u00e9tablissements d'au moins 50 \nsalari\u00e9s.  \n \nConform\u00e9ment aux dispositions de l'article R. 8122-11 1\u00b0 du code du travail, Madame Caroline ROUSSEAU exerce \nles pouvoirs de d\u00e9cision administrative relevant de la comp\u00e9tence exclusive d'un inspecteur du travail. \n \nSection 4-02: Madame Nadia DIOP, Inspectrice du travail \n \nSection 4-03 : Monsieur Raphael PREAU, Inspecteur du travail \n \nSection 4-04 : Madame Mathilde HERMIER, Inspectrice du travail \n \nSection 4-05 F : Madame Charlotte ALLAIRE, Inspectrice du travail. \n \nSection 4-06 : Madame Maud HABERT, Inspectrice du travail \n \nSection 4-07 : Madame Caroline ROUSSEAU, Inspectrice du travail  \n \nSection 4-08 T : Madame Karine MEDAILLE, Inspectrice du travail \n \nSection 4-09 : Monsieur Anthony TRAVERT, Inspecteur du travail \n \n \nArticle 2 \n \nEn cas d'absence ou d'emp\u00eachement d'un ou d'une responsable d'unit\u00e9 de contr\u00f4le d\u00e9sign\u00e9s \u00e0 l'article 1 ci-dessus, \nl'int\u00e9rim sera assur\u00e9 par un ou une autre responsable d'unit\u00e9 de contr\u00f4le de la Direction d\u00e9partementale de \nl'emploi du travail et des solidarit\u00e9s de Seine et Marne. \n \nEn cas d'absence ou d'emp\u00eachement d'un inspecteur ou d'une inspectrice du travail, l'int\u00e9rim sera \nprioritairement assur\u00e9 par un inspecteur ou inspectrice du travail affect\u00e9(e) dans la m\u00eame unit\u00e9 de contr\u00f4le ou \u00e0 \nd\u00e9faut une autre unit\u00e9 de contr\u00f4le ou par un responsable d'unit\u00e9 de contr\u00f4le dans la m\u00eame ou une autre unit\u00e9 \nde contr\u00f4le. \n \nEn cas d'absence ou d'emp\u00eachement d'un contr\u00f4leur ou d'une contr\u00f4leuse du travail, l'int\u00e9rim sera assur\u00e9 par un \ncontr\u00f4leur ou contr\u00f4leuse du travail affect\u00e9(e) dans la m\u00eame unit\u00e9 de contr\u00f4le et, en cas d'absence ou \nd'emp\u00eachement de celui-ci ou de celle-ci, par un contr\u00f4leur ou une contr\u00f4leuse du travail affect\u00e9(e) sur l'une des \nautres unit\u00e9s de contr\u00f4le ou, en cas d'absence ou d'emp\u00eachement, par un inspecteur du travail ou d'une \ninspectrice du travail affect\u00e9(e) dans la m\u00eame unit\u00e9 de contr\u00f4le ou une autre u nit\u00e9 de contr\u00f4le ou par un \nresponsable d'unit\u00e9 de contr\u00f4le dans la m\u00eame ou une autre unit\u00e9 de contr\u00f4le. \n \n \nArticle 3  \n \nConform\u00e9ment aux dispositions de l'article R.8122 -10 du code du travail, les agents mentionn\u00e9s \u00e0 l'article 1 \nparticipent lorsque l'action le rend n\u00e9cessaire aux actions d'inspection de la l\u00e9gislation du travail sur le territoire \nde la direction d\u00e9partementale de l'emploi du travail et des solidarit\u00e9s de Seine et Marne \u00e0 laquelle est rattach\u00e9e \nl'Unit\u00e9 de contr\u00f4le o\u00f9 ils sont affect\u00e9s. \n \n \n \n \nDirection r\u00e9gionale et interd\u00e9partementale de l'\u00e9conomie, de l'emploi, du travail et des solidarit\u00e9s d'\u00cele-de-France -\nIDF-2025-12-29-00004 - D\u00e9cision n\u00b0 2025-268 du 29 d\u00e9cembre 2025\nportant affectation des agents de contr\u00f4le dans les unit\u00e9s de contr\u00f4le et gestion des int\u00e9rims de la direction d\u00e9partementale de\nl'emploi, du travail et des solidarit\u00e9s de Seine-et-Marne\n45\n \n \n4 / 4 \n \nArticle 4 \n \nLa d\u00e9cision n\u00b0  2025-243 du 09 d\u00e9cembre  2025 portant affectation des agents de contr\u00f4le dans les unit\u00e9s de \ncontr\u00f4le et gestion des int\u00e9rims de la direction d\u00e9partementale de l'emploi, du travail et des solidarit\u00e9s de Seine \net Marne, est abrog\u00e9e. \n \n \nArticle 5 \n \nLa pr\u00e9sente d\u00e9cision prend effet \u00e0 la date de sa publication. \n \n \nArticle 6 \n \nLe directeur r\u00e9gional et interd\u00e9partemental de l'\u00e9conomie, de l'emploi, du travail et des solidarit\u00e9s d'Ile-de-France \nest charg\u00e9 de l'application de la pr\u00e9sente d\u00e9cision, qui sera publi\u00e9e au recueil des actes administratifs de la r\u00e9gion \nIle-de-France. \n \n \n \nFait \u00e0 Saint Denis, le 29 d\u00e9cembre 2025 \n \nLe directeur r\u00e9gional et interd\u00e9partemental de l'\u00e9conomie, de \nl'emploi, du travail et des solidarit\u00e9s de la r\u00e9gion Ile-de-France, \n \nSIGN\u00c9 \n \n \nFabrice MASI \nDirection r\u00e9gionale et interd\u00e9partementale de l'\u00e9conomie, de l'emploi, du travail et des solidarit\u00e9s d'\u00cele-de-France -\nIDF-2025-12-29-00004 - D\u00e9cision n\u00b0 2025-268 du 29 d\u00e9cembre 2025\nportant affectation des agents de contr\u00f4le dans les unit\u00e9s de contr\u00f4le et gestion des int\u00e9rims de la direction d\u00e9partementale de\nl'emploi, du travail et des solidarit\u00e9s de Seine-et-Marne\n46\nDirection r\u00e9gionale et interd\u00e9partementale de\nl'\u00e9conomie, de l'emploi, du travail et des\nsolidarit\u00e9s d'\u00cele-de-France\nIDF-2025-12-30-00001\nD\u00e9cision n\u00b0 2025-271 du 30 d\u00e9cembre 2025\nportant affectation des agents de contr\u00f4le dans\nles unit\u00e9s de contr\u00f4le et gestion des int\u00e9rims de\nl'unit\u00e9 d\u00e9partementale de la Seine-Saint-Denis\nde la DRIEETS d'\u00cele-de-France\nDirection r\u00e9gionale et interd\u00e9partementale de l'\u00e9conomie, de l'emploi, du travail et des solidarit\u00e9s d'\u00cele-de-France -\nIDF-2025-12-30-00001 - D\u00e9cision n\u00b0 2025-271 du 30 d\u00e9cembre 2025\nportant affectation des agents de contr\u00f4le dans les unit\u00e9s de contr\u00f4le et gestion des int\u00e9rims de l'unit\u00e9 d\u00e9partementale de la\nSeine-Saint-Denis de la DRIEETS d'\u00cele-de-France\n47\n| |MINISTEREDU TRAVAIL |ET DES SOLIDARIT\u00c9SLibert\u00e9Egalit\u00e9Fraternit\u00e9\n \nDRIEETS d'\u00cele-de-France  \n32 rue Jean Jaur\u00e8s  \n93200 SAINT-DENIS                                                                                                                                                                                                                   \n \n   Direction r\u00e9gionale et interd\u00e9partementale \nde l'\u00e9conomie, de l'emploi, \ndu travail et des solidarit\u00e9s \n \n \n \n \nD\u00e9cision n\u00b0 2025-271 du 30 d\u00e9cembre 2025 \nportant affectation des agents de contr\u00f4le dans les unit\u00e9s de contr\u00f4le  \net gestion des int\u00e9rims de l'unit\u00e9 d\u00e9partementale de la Seine-Saint-Denis \nde la DRIEETS d'\u00cele-de-France \n \n \nLe directeur r\u00e9gional et interd\u00e9partemental de l'\u00e9conomie, de l'emploi, du travail et des solidarit\u00e9s \nd'\u00cele-de-France, \n \nVu le code du travail, notamment ses articles R 8122-1 et suivants ;  \n \nVu l'arr\u00eat\u00e9 interminist\u00e9riel du 12 aout 2025 nommant Monsieur Fabrice MASI directeur r\u00e9gional et \ninterd\u00e9partemental de l'\u00e9conomie, de l'emploi, du travail et des solidarit\u00e9s d'Ile -de-France \u00e0 \ncompter du 25 aout 2025 ; \n \nVu l'arr\u00eat\u00e9 minist\u00e9riel du 25 mars 2024 portant r\u00e9partition des unit\u00e9s de contr \u00f4le de l'inspection \ndu travail ; \n \nVu la d\u00e9cision n\u00b0 2021 -28 du 1 er avril 2021 du directeur r\u00e9gional et interd\u00e9partemental de \nl'\u00e9conomie, de l'emploi, du travail et des solidarit\u00e9s d'Ile de France relative \u00e0 la localisation et \u00e0 la \nd\u00e9limitation des unit\u00e9s de contr\u00f4le et des sections d'inspection du travail de l'unit\u00e9 \nd\u00e9partementale de Seine-Saint-Denis ; \n \n \nD\u00c9CIDE : \n \n \nArticle 1 : Sont nomm\u00e9s comme responsables des unit\u00e9s de contr\u00f4le de l'unit\u00e9 d\u00e9partementale de \nla Seine-Saint-Denis, les agents suivants :  \n \nUnit\u00e9 de contr\u00f4le n\u00b0 1 : Madame Linda ABERKAN, directrice adjointe du travail \nUnit\u00e9 de contr\u00f4le n\u00b0 2 : Madame Elodie GIRON, directrice adjointe du travail   \nUnit\u00e9 de contr\u00f4le n\u00b0 3 : Madame Lynda KEHILA, directrice adjointe du travail \nUnit\u00e9 de contr\u00f4le n\u00b0 4 : Madame St\u00e9phanie CARRASSET, directrice adjointe du travail \nUnit\u00e9 de contr\u00f4le n\u00b0 5 : Madame Ingrid BURGUNDER, directrice adjointe du travail \n \nSans pr\u00e9judice des attributions des agents de contr\u00f4le affect\u00e9s en section, ils exercent une mission \nde contr\u00f4le en appui \u00e0 toutes les sections d'inspection et \u00e0 titre principal aux sections de l'unit\u00e9 \ndont ils ont la responsabilit\u00e9. \n \nArticle 2 : Sont affect\u00e9s dans les sections d'inspection de l'unit\u00e9 d\u00e9partementale de la Seine-Saint-\nDenis, les agents de contr\u00f4le, charg\u00e9s des actions d'inspection de la l\u00e9gislation du travail dans les \nentreprises, dont les noms suivent : \n \n \nDirection r\u00e9gionale et interd\u00e9partementale de l'\u00e9conomie, de l'emploi, du travail et des solidarit\u00e9s d'\u00cele-de-France -\nIDF-2025-12-30-00001 - D\u00e9cision n\u00b0 2025-271 du 30 d\u00e9cembre 2025\nportant affectation des agents de contr\u00f4le dans les unit\u00e9s de contr\u00f4le et gestion des int\u00e9rims de l'unit\u00e9 d\u00e9partementale de la\nSeine-Saint-Denis de la DRIEETS d'\u00cele-de-France\n48\n \n2 / 4 \nUnit\u00e9 de contr\u00f4le n\u00b0 1  \n \nSection 1-1 : Madame Sophie LE QUERE, inspectrice du travail \nSection 1-2 : Monsieur Camille DIQUAS, inspecteur du travail  \nSection 1-3 : Madame Julia INZOUDINE, inspectrice du travail \nSection 1-4 : Monsieur St\u00e9phane DUPOMMIER, inspecteur du travail  \nSection 1-5 : Madame Linda ABERKAN, directrice adjointe du travail  \nSection 1-6 : Monsieur Jonathan KLUR, inspecteur du travail \nSection 1-7 : Madame C\u00e9cile DRILLEAU, inspectrice du travail \nSection 1-8 : Poste vacant, l'int\u00e9rim est assur\u00e9 par Madame Sophie LE QUERE, inspectrice du travail  \n \n \nUnit\u00e9 de contr\u00f4le n\u00b0 2  \n \nSection 2-1 : Madame Amanda AMATE, directrice adjointe du travail \nSection 2-2: Madame Olivia DOLIBEAU , inspectrice du travail \u00e0 l'exception des \u00e9tablissements \nBERGERAT MONNOYEUR (Siret 380 231 316 00015) et BERGERAT MONNOYEUR SERVICES (Siret \n383 933 942 00013) pour lesquels la comp\u00e9tence est attribu\u00e9e \u00e0 Madame Manon JOUGLET, \ninspectrice du travail, \nSection 2-3 : Madame Manon JOUGLET, inspectrice du travail  \nSection 2-4 : Madame Isabelle LAGARDE, inspectrice du travail \nSection 2-5 : Poste vacant, l'int\u00e9rim est assur\u00e9 par Madame Manon JOUGLET, inspectrice du travail \n\u00e0 l'exception des \u00e9tablissements ADEF RESIDENCES - ADEF LA MAISON DU POMMIER POURPRE  \n(Siret 323 649 525 00504) et ADEF RESIDENCES - ADEF RESIDENCES LA MAISON DU LAURIER NOBLE \n(Siret 323 649 525 00306) pour lesquels la comp\u00e9tence est attribu\u00e9e \u00e0 Monsieur Othman VARGAS, \ninspecteur du travail \nSection 2-6 : Monsieur Nicolas PIREZ, inspecteur du travail \nEn cas d'absence ou d'emp\u00eachement de Monsieur Nicolas PIREZ, l'int\u00e9rim est assur\u00e9 par Madame \nOlivia DOLIBEAU, inspectrice du travail \u00e0 l'exception des \u00e9tablissements SNCF, des \u00e9tablissements \nayant une activit\u00e9 de transport ferroviaire et toutes les activit\u00e9s exerc\u00e9es dans les enceintes \nferroviaires sur l'ensemble des communes relevant des unit\u00e9s de contr\u00f4le n\u00b01, n\u00b03 et n\u00b04  et des \n\u00e9tablissements RATP et des activit\u00e9s exerc\u00e9es dans les enceintes RATP, pour lesquels la \ncomp\u00e9tence est attribu\u00e9e \u00e0 Madame Elodie GIRON, directrice adjointe du travail   \nSection 2-7 : Monsieur Pierre VILLERET, inspecteur du travail  \nSection 2-8 : Monsieur Flavien CHAILLEUX, inspecteur du travail \nSection 2-9 : Poste vacant, l'int\u00e9rim est assur\u00e9 par  Madame Camille PERRODIN, inspectrice du \ntravail, \u00e0 l'exeption du centre bus exploit\u00e9 par RATP CAP BOUCLE NORD SEINE (Siret 982  241 457 \n00026) situ\u00e9 219 boulevard Anatole France \u00e0 Saint -Denis pour lequel la comp\u00e9tence est attribu\u00e9e \n\u00e0 Madame Madison FLUCHER, inspectrice du travail \nSection 2-10 : Monsieur Othman VARGAS, inspecteur du travail \nEn cas d'absence ou d'emp\u00eachement de Monsieur Othman VARGAS , l'int\u00e9rim est assur\u00e9 par \nMadame Elodie GIRON, directrice adjointe du travail   \nSection 2-11 : Monsieur Vincent BOUYX, inspecteur du travail  \nSection 2-12 : Madame Madison FLUCHER, inspectrice du travail \n \n \nUnit\u00e9 de contr\u00f4le n\u00b0 3 \n \nSection 3-1 : Madame L\u00e9na PERTUY, inspectrice du travail  \nSection 3-2 : Monsieur Mathieu MARQUET, inspecteur du travail \nSection 3-3 : Madame Asma\u00e2 EL JERRARI, inspectrice du travail, \u00e0 l'exception du centre bus exploit\u00e9 \npar RATP CAP Boucle de Marne (Siret 937  651 818 00034)  situ\u00e9 32 boulevrad  Gallieni \u00e0 Neuilly \nPlaisance, pour lequel la comp\u00e9tence est attribu\u00e9e \u00e0 Monsieur Nicolas PIREZ, inspecteur du travail, \nDirection r\u00e9gionale et interd\u00e9partementale de l'\u00e9conomie, de l'emploi, du travail et des solidarit\u00e9s d'\u00cele-de-France -\nIDF-2025-12-30-00001 - D\u00e9cision n\u00b0 2025-271 du 30 d\u00e9cembre 2025\nportant affectation des agents de contr\u00f4le dans les unit\u00e9s de contr\u00f4le et gestion des int\u00e9rims de l'unit\u00e9 d\u00e9partementale de la\nSeine-Saint-Denis de la DRIEETS d'\u00cele-de-France\n49\n \n3 / 4 \net en cas d'emp\u00eachement ou d'absence de Monsieur Nicolas PIREZ \u00e0 Madame Elodie GIRON, \ndircetrice adjointe du travail \nSection 3-4 : Madame Delphine GUYOMARCH, inspectrice du travail  \nSection 3-5 : Monsieur Simon CADY, inspecteur du travail \nSection 3-6 : Madame Lila RABESON, inspectrice du travail \nSection 3-7 : Madame Sandrine POUET, inspectrice du travail \nSection 3-8 : Monsieur Toufik DAHMANI, inspecteur du travail  \nSection 3-9 : Monsieur Samir ROCHDI, inspecteur du travail \nSection 3-10 : Monsieur Marc DE MAGALHAES, inspecteur du travail  \nSection 3-11 : Poste vacant, l'int\u00e9rim est assur\u00e9 par Monsieur Pierre VILLERET, inspecteur du travail \n \n \nUnit\u00e9 de contr\u00f4le n\u00b0 4  \n \nSection 4-1 : Madame Charline MAINGUY, inspectrice du travail  \nSection 4-2 : Madame Julie COURT, directrice adjointe du travail \nSection 4-3 : Monsieur Eddy TALBOT, inspecteur du travail  \nSection 4-4 : Madame Camille PERRODIN, inspectrice du travail \nSection 4-5 : Poste vacant, l'int\u00e9rim est assur\u00e9 par Madame St\u00e9phanie CARRASSET, directrice \nadjointe du travail \nSection 4-6 : Madame Marie GAILLARD MARTIN, inspectrice du travail  \nSection 4-7 : Monsieur Fran\u00e7ois LE FLOCH, inspecteur du travail  \nSection 4-8 : Monsieur Nabil EL KHANTACHE, inspecteur du travail  \nSection 4-9 : Madame Nadine TETRON, inspectrice du travail  \nSection 4-10 : Madame Hanaline BREL, inspectrice du travail  \n \n \nUnit\u00e9 de contr\u00f4le n\u00b0 5  \n \nSection 5-1 : Monsieur Fr\u00e9d\u00e9ric RAKOTONIAINA, inspecteur du travail \nSection 5-2 : Monsieur Jules GRENET, inspecteur du travail \nSection 5-3 : Monsieur Vincent BOUZRAR, directeur adjoint du travail \nSection 5-4 : Monsieur Jean GIRAUD, inspecteur du travail \nSection 5-5 : Madame Ga\u00eblle BORDAS, directrice adjointe du travail \nSection 5-6 : Madame Ingrid LEFEBVRE-LEJEUNE, inspectrice du travail \nSection 5-7 : Madame Laure FOGHA-YOUMSI, inspectrice du travail  \nSection 5-8 : Monsieur Laurent COQUEL, inspecteur du travail  \nSection 5-9 : Madame Ingrid BURGUNDER, directrice adjointe du travail  \n \nArticle 3  \n \nEn cas d'absence ou d'emp\u00eachement d'un agent de contr\u00f4le, l'int\u00e9rim est assur\u00e9, \u00e0 titre principal, \npar un agent de contr\u00f4le affect\u00e9 dans la m\u00eame unit\u00e9 de contr\u00f4le ou, lorsque les circonstances le \nn\u00e9cessitent, par un agent de contr\u00f4le affect\u00e9 sur l'une des autres unit\u00e9s de contr\u00f4le de la Seine -\nSaint-Denis. \n \n \nArticle 4  \n \nLa pr\u00e9sente d\u00e9cision prend effet \u00e0 sa date de publication. \nLa d\u00e9cision n\u00b0 2025-239 du 24 novembre 2025 portant affectation des agents de contr\u00f4le dans les \nunit\u00e9s de contr\u00f4le et gestion des int\u00e9rims de l' unit\u00e9 d\u00e9partementale de la Seine -Saint-Denis de la \nDRIEETS d'\u00cele-de-France est abrog\u00e9e. \n \nDirection r\u00e9gionale et interd\u00e9partementale de l'\u00e9conomie, de l'emploi, du travail et des solidarit\u00e9s d'\u00cele-de-France -\nIDF-2025-12-30-00001 - D\u00e9cision n\u00b0 2025-271 du 30 d\u00e9cembre 2025\nportant affectation des agents de contr\u00f4le dans les unit\u00e9s de contr\u00f4le et gestion des int\u00e9rims de l'unit\u00e9 d\u00e9partementale de la\nSeine-Saint-Denis de la DRIEETS d'\u00cele-de-France\n50\n \n4 / 4 \nArticle 5  \n \nLe directeur r\u00e9gional et interd\u00e9partemental de l'\u00e9conomie, de l'emploi, du travail et des solidarit\u00e9s \nd'Ile-de-France est charg\u00e9 de l'application de la pr\u00e9sente d\u00e9cision, qui sera publi\u00e9e au recueil des \nactes administratifs de la r\u00e9gion \u00cele-de-France.  \n \n \n \nFait \u00e0 Saint-Denis, le 30 d\u00e9cembre 2025 \n \nLe directeur r\u00e9gional et interd\u00e9partemental \nde l'\u00e9conomie, de l'emploi, du travail et des solidarit\u00e9s, \n \n \nSIGN\u00c9 \n \nFabrice MASI \n \nDirection r\u00e9gionale et interd\u00e9partementale de l'\u00e9conomie, de l'emploi, du travail et des solidarit\u00e9s d'\u00cele-de-France -\nIDF-2025-12-30-00001 - D\u00e9cision n\u00b0 2025-271 du 30 d\u00e9cembre 2025\nportant affectation des agents de contr\u00f4le dans les unit\u00e9s de contr\u00f4le et gestion des int\u00e9rims de l'unit\u00e9 d\u00e9partementale de la\nSeine-Saint-Denis de la DRIEETS d'\u00cele-de-France\n51\nDirection r\u00e9gionale et interd\u00e9partementale de\nl'\u00e9conomie, de l'emploi, du travail et des\nsolidarit\u00e9s d'\u00cele-de-France\nIDF-2025-12-29-00006\nD\u00e9cision n\u00b02025-270 du 29 d\u00e9cembre 2025\nportant affectation des agents de contr\u00f4le dans\nles unit\u00e9s de contr\u00f4le et gestion des int\u00e9rims de\nl'unit\u00e9 d\u00e9partementale du Val-de-Marne de la\nDRIEETS d'Ile-de-France\nDirection r\u00e9gionale et interd\u00e9partementale de l'\u00e9conomie, de l'emploi, du travail et des solidarit\u00e9s d'\u00cele-de-France -\nIDF-2025-12-29-00006 - D\u00e9cision n\u00b02025-270 du 29 d\u00e9cembre 2025\nportant affectation des agents de contr\u00f4le dans les unit\u00e9s de contr\u00f4le et gestion des int\u00e9rims de l'unit\u00e9 d\u00e9partementale du\nVal-de-Marne de la DRIEETS d'Ile-de-France\n52\nE 3MINIST\u00c8REDU TRAVAILET DES SOLIDARIT\u00c9SLibert\u00e9Egalit\u00e9Fraternit\u00e9\n \nDRIEETS Ile-de-France  \n32 rue Jean Jaur\u00e8s  \n93 200 SAINT-DENIS                                                                                                                                                                                                                  1 / 4 \n  \nDirection r\u00e9gionale et interd\u00e9partementale \nde l'\u00e9conomie, de l'emploi, \ndu travail et des solidarit\u00e9s \nd'Ile de France \n \n \n \n \n \nD\u00e9cision n\u00b02025-270 du 29 d\u00e9cembre 2025 \nportant affectation des agents de contr\u00f4le dans les unit\u00e9s de contr\u00f4le et gestion des int\u00e9rims de \nl'unit\u00e9 d\u00e9partementale du Val-de-Marne de la DRIEETS d'Ile-de-France \n \n \nLe directeur r\u00e9gional et interd\u00e9partemental de l'\u00e9conomie, de l'emploi, du travail et des solidarit\u00e9s  d'Ile-de-\nFrance, \n \nVu le code du travail, notamment ses articles R. 8122-1 et suivants.  \n \nVu le d\u00e9cret n\u00b0 2020-1545 du 9 d\u00e9cembre 2020 relatif \u00e0 l'organisation et aux missions des directions r\u00e9gionales \nde l'\u00e9conomie, de l'emploi, du travail et des solidarit\u00e9s, des directions d\u00e9partementales de l'emploi, du travail \net des solidarit\u00e9s et des directions d\u00e9partementales de l'emploi, du travail, des solidarit\u00e9s et de la protection \ndes populations,  \n \nVu l'arr\u00eat\u00e9 interminist\u00e9riel du 12 ao\u00fbt 2025 nommant Fabrice MASI directeur r\u00e9gional et interd\u00e9partemental de \nl'\u00e9conomie, de l'emploi, du travail et des solidarit\u00e9s d'\u00cele-de-France, \n \nVu l'arr\u00eat\u00e9 minist\u00e9riel du 25 mars 2024 portant cr\u00e9ation et r\u00e9partition des unit\u00e9s de contr\u00f4le de l'inspection du \ntravail,  \n \nVu la d\u00e9cision n\u00b0 2021-29 du 1er avril 2021 du directeur r\u00e9gional et interd\u00e9partemental de l'\u00e9conomie, de l'emploi, \ndu travail et des solidarit\u00e9s d'Ile-de-France relative \u00e0 la localisation et \u00e0 la d\u00e9limitation des unit\u00e9s de contr\u00f4le et \ndes sections d'inspection du travail de l'unit\u00e9 d\u00e9partementale du Val-de-Marne ; \n \nD\u00c9CIDE : \nArticle 1er  \n \nSont nomm\u00e9s en qualit\u00e9 de responsables des unit\u00e9s de contr\u00f4le  d\u00e9partementales et interd\u00e9partementales de \nl'unit\u00e9 d\u00e9partementale du Val-de-Marne, les agents suivants : \n- Unit\u00e9 de contr\u00f4le d\u00e9partementale n\u00b01 : Madame Julie GUINDO, directrice adjointe du travail ; \n- Unit\u00e9 de contr\u00f4le interd\u00e9partementale n\u00b02 : Madame Nimira HASSANALY, directrice adjointe du travail ; \n- Unit\u00e9 de contr\u00f4le d\u00e9partementale n\u00b03 : Madame Audrey GEHIN, directrice adjointe du travail ; \n- Unit\u00e9 de contr\u00f4le interd\u00e9partementale n\u00b04 : Madame Elisabeth LAMORA, directrice adjointe du travail ; \n \nSans pr\u00e9judice des attributions des agents de contr\u00f4le affect\u00e9s en section, ils exercent une mission de contr\u00f4le \nen appui \u00e0 toutes les sections d'inspection et , \u00e0 titre principal , aux sections de l'unit\u00e9 dont ils ont la \nresponsabilit\u00e9 en propre. \n \nArticle 2 \n \nSont affect\u00e9s dans les sections d'inspection du travail des unit\u00e9s de contr\u00f4le d\u00e9partementales et \ninterd\u00e9partementales de l'unit\u00e9 d\u00e9partementale du Val-de-Marne les agents suivants : \n \nUnit\u00e9 de contr\u00f4le d\u00e9partementale n\u00b01 \n \nSection 1-1 : Madame Julie GUINDO, directrice adjointe du travail ; \n \nDirection r\u00e9gionale et interd\u00e9partementale de l'\u00e9conomie, de l'emploi, du travail et des solidarit\u00e9s d'\u00cele-de-France -\nIDF-2025-12-29-00006 - D\u00e9cision n\u00b02025-270 du 29 d\u00e9cembre 2025\nportant affectation des agents de contr\u00f4le dans les unit\u00e9s de contr\u00f4le et gestion des int\u00e9rims de l'unit\u00e9 d\u00e9partementale du\nVal-de-Marne de la DRIEETS d'Ile-de-France\n53\n \n2 / 4 \nSection 1-2 : Madame Hannah USTAZE, inspectrice du travail ; \n \nMadame Am\u00e9lie BALAYRE, inspectrice du travail, est charg\u00e9e du contr\u00f4le de l'entreprise BLUELINK  situ\u00e9e 74 \navenue Vladimir Ilitch L\u00e9nine 94110 ARCUEIL  ; en son absence cet int\u00e9rim est assur\u00e9 par Madame Soizic \nMIRZEIN, inspectrice du travail. \n \nSection 1-3 : Madame Zolikha BENALI, inspectrice du travail ; \n \nSection 1-4 : Madame Anne ZWINGELSTEIN, inspectrice du travail ; \n \nMadame Julie GUINDO, directrice adjointe du travail est comp\u00e9tente et charg\u00e9e du contr\u00f4le de l'\u00e9tablissement \nscolaire EFREI PARIS (\u00e9cole d'ing\u00e9nieurs) situ\u00e9 30 , avenue de la r\u00e9publique \u00e0 Villejuif (94800), Siret  : \n39889833800023, dans le p\u00e9rim\u00e8tre de la section d'inspection 1-4. \n \nSection 1-5 : Madame Camille JOCQUEL, inspectrice du travail ;  \n \nSection 1-6 : Madame Anouk PIAZZONI, inspectrice du travail ; \n \nSection 1-7 : Madame Josepha SABRIE, Inspectrice du travail ; \n \nSection 1-8 : Madame Alice MEUNIER, Inspectrice du travail ; \n \nSection 1-9 : Monsieur Doudou SY, inspecteur du travail ; \n \nSection 1-10 : Madame Am\u00e9lie BALAYRE, inspectrice du travail ; \n \nSection 1-11 : Madame Luce BOUENIKALAMIO, inspectrice du travail ; \n \nUnit\u00e9 de contr\u00f4le interd\u00e9partementale n\u00b02  \n \nSection 2-1 : Madame Nimira HASSANALY, directrice adjointe du travail ; \n \nSection 2-2 : Madame Florence LESPIAUT, inspectrice du travail ; \n \nSection 2-3 : Madame Marie DHERBASSY, inspectrice du travail ; \n \nSection 2-4 : Madame L\u00e9a PAIR, inspectrice du travail ; \n \nSection 2-5 : Madame Soizic MIRZEIN, inspectrice du travail ; \n \nSection 2-6 : Monsieur Vong-Chaleu LY, inspecteur du travail ;  \n \nSection 2-7 : Monsieur Fran\u00e7ois-Xavier BRETON, contr\u00f4leur du travail ; \n \nMonsieur Vong-Chaleu LY, inspecteur du travail, est charg\u00e9 du contr\u00f4le des chantiers de BTP. Il est par ailleurs \nhabilit\u00e9 \u00e0 prendre les d\u00e9cisions relevant de la comp\u00e9tence exclusive de l'inspecteur du travail en vertu des \ndispositions l\u00e9gislatives et r\u00e9glementaires ; \n \nSection 2-8 : Madame Marie-Pierre FILLON, inspectrice du travail ; \n \nSection 2-9 : Madame Belkyss KHERIJI-EL ALOUI, inspectrice du travail ; \n \nSection 2-10 : Madame Cindy ROBERT, inspectrice du travail ; \n \nSection 2-11 : Poste vacant, int\u00e9rim assur\u00e9 par Monsieur Hugo MAZA, inspecteur du travail  \n \nUnit\u00e9 de contr\u00f4le d\u00e9partementale n\u00b03 \n \nSection 3-1 : Madame Audrey GEHIN, directrice adjointe du travail ; \n \nDirection r\u00e9gionale et interd\u00e9partementale de l'\u00e9conomie, de l'emploi, du travail et des solidarit\u00e9s d'\u00cele-de-France -\nIDF-2025-12-29-00006 - D\u00e9cision n\u00b02025-270 du 29 d\u00e9cembre 2025\nportant affectation des agents de contr\u00f4le dans les unit\u00e9s de contr\u00f4le et gestion des int\u00e9rims de l'unit\u00e9 d\u00e9partementale du\nVal-de-Marne de la DRIEETS d'Ile-de-France\n54\n \n3 / 4 \nSection 3-2 : Madame Na\u00efma CHABOU, inspectrice du travail ; \n \nSection 3-3 : Monsieur Yoann JOURNAUX, inspecteur du travail ; \n \nSection 3-4 : Madame Juliette JANECZEK, inspectrice du travail ; \n \nSection 3-5 : Poste vacant, int\u00e9rim assur\u00e9 par Monsieur Edern LE-ROUX, directeur Adjoint du travail ; \n \nSection 3-6 : Madame Christelle GROSS, inspectrice du travail ; \n \nSection 3-7 : Monsieur Edern LE-ROUX, directeur adjoint du travail ;   \n \nSection 3-8 : Monsieur Thomas CHARLES, inspecteur du travail ; \n \nSection 3-9 : Madame F\u00e9lix TOUSSINE, inspectrice du travail ; \n \nSection 3-10 : Monsieur Hicham BOUANANE, inspecteur du travail ; \n  \nSection 3-11 : Monsieur Hugo MAZA, inspecteur du travail ; \n \nUnit\u00e9 de contr\u00f4le interd\u00e9partementale n\u00b04 \n \nSection 4-1 : Madame Elisabeth LAMORA, directrice adjointe du travail ; \n \nSection 4-2 : Monsieur Florent HUART, inspecteur du travail ; \n \nSection 4-3 : Madame Oph\u00e9lie BURY, inspectrice du travail ; \n \nSection 4-4 : Poste vacant, int\u00e9rim assur\u00e9 par Monsieur Gauthier LEWANDOWSKI, inspecteur du travail ; \n  \nSection 4-5 : Madame Rachel WOLF, inspectrice du travail ; \n \nSection 4-6 : Monsieur David TELLALIAN, inspecteur du travail. \n \nSection 4-7 : Madame M\u00e9lissa ALLAGNAT, inspectrice du travail ; \n \nSection 4-8 : Madame Assia BAGHDAD-BELHADJ, inspectrice du travail ; \n \nSection 4-9 : Madame Sophie TAN, inspectrice du travail ; \n \nSection 4-10 : Monsieur Gauthier LEWANDOWSKI, inspecteur du travail ; \n \nSection 4-11 : Madame Claire BAURIN, inspectrice du travail. \n \nArticle 3 \n \nEn cas d'absence ou d'emp\u00eachement d'un responsable d'unit\u00e9 de contr\u00f4le, l'int\u00e9rim sera assur\u00e9 par l'un des \nresponsables d'unit\u00e9 de contr\u00f4le mentionn\u00e9s \u00e0 l'article 1 ou par un membre de la direction du P\u00f4le Politique du \nTravail. \n \nEn cas d'absence ou d'emp\u00eachement d'un agent de contr\u00f4le, l'int\u00e9rim sera assur\u00e9 par l'un des agents de \ncontr\u00f4le mentionn\u00e9s \u00e0 l'article 2 ou par un membre de la direction du P\u00f4le Politique du travail.  \n \nArticle 4 \n \nLa d\u00e9cision prend effet d\u00e8s sa publication au recueil des actes administratifs  et abroge la d\u00e9cision n\u00b02025-242 \ndu 09 d\u00e9cembre 2025  portant affectation des agents de contr\u00f4le dans les unit\u00e9s de contr\u00f4le et gestion des \nint\u00e9rims de l'Unit\u00e9 d\u00e9partementale du Val-de-Marne de la DRIEETS d'Ile-de-France. \n \n \nDirection r\u00e9gionale et interd\u00e9partementale de l'\u00e9conomie, de l'emploi, du travail et des solidarit\u00e9s d'\u00cele-de-France -\nIDF-2025-12-29-00006 - D\u00e9cision n\u00b02025-270 du 29 d\u00e9cembre 2025\nportant affectation des agents de contr\u00f4le dans les unit\u00e9s de contr\u00f4le et gestion des int\u00e9rims de l'unit\u00e9 d\u00e9partementale du\nVal-de-Marne de la DRIEETS d'Ile-de-France\n55\n \n4 / 4 \nArticle 5 \n \nLe directeur r\u00e9gional et interd\u00e9partemental de l'\u00e9conomie, de l'emploi, du travail et des solidarit\u00e9s d'Ile -de-\nFrance est charg\u00e9 de l'ex\u00e9cution de la pr\u00e9sente d\u00e9cision, qui sera publi\u00e9e au recueil des actes administratifs de \nla r\u00e9gion d'Ile-de-France. \n \n \nFait \u00e0 Saint-Denis, le 29 d\u00e9cembre 2025 \n \nLe directeur r\u00e9gional et interd\u00e9partemental  \nde l'\u00e9conomie, de l'emploi, du travail  \net des solidarit\u00e9s d'\u00cele-de-France, \n \n                                                 SIGN\u00c9 \n \nFabrice MASI \nDirection r\u00e9gionale et interd\u00e9partementale de l'\u00e9conomie, de l'emploi, du travail et des solidarit\u00e9s d'\u00cele-de-France -\nIDF-2025-12-29-00006 - D\u00e9cision n\u00b02025-270 du 29 d\u00e9cembre 2025\nportant affectation des agents de contr\u00f4le dans les unit\u00e9s de contr\u00f4le et gestion des int\u00e9rims de l'unit\u00e9 d\u00e9partementale du\nVal-de-Marne de la DRIEETS d'Ile-de-France\n56","date":"2025-12-30","first_seen_on":"2025-12-30T18:16:26+00:00","id":"f7be3826960209ea1851bca83648a09f637f7914713eb3fcfd9bd4008920e3a0","name":"recueil-idf-063-2025-12-RAA-nominatifs du 30.12.2025","pdf_creation_date":"2025-12-30T16:03:22+00:00","pdf_modification_date":null,"timezone":"Europe/Paris","url":"https://www.prefectures-regions.gouv.fr/ile-de-france/irecontenu/telechargement/134126/982811/file/recueil-idf-063-2025-12-RAA-nominatifs%20du%2030.12.2025.pdf"}
