{"administration":"pref64","administration_name":"Pr\u00e9fecture des Pyr\u00e9n\u00e9es-Atlantiques","content":"PYR\u00c9N\u00c9ES-\nATLANTIQUES\nRECUEIL DES ACTES\nADMINISTRATIFS SP\u00c9CIAL\nN\u00b064-2025-284\nPUBLI\u00c9 LE  9 SEPTEMBRE 2025\nSommaire\nPr\u00e9fecture des Pyr\u00e9n\u00e9es-Atlantiques / Pr\u00e9fecture des\nPyr\u00e9n\u00e9es-Atlantiques - Direction des s\u00e9curit\u00e9s\n64-2025-09-09-00015 - Arr\u00eat\u00e9 autorisant la captation,\nl'enregistrement et la transmission d'images au moyen de cam\u00e9ras\ninstall\u00e9es sur des a\u00e9ronefs (2 pages) Page 3\n2\nPr\u00e9fecture des Pyr\u00e9n\u00e9es-Atlantiques\n64-2025-09-09-00015\nArr\u00eat\u00e9 autorisant la captation, l'enregistrement\net la transmission d'images au moyen de\ncam\u00e9ras install\u00e9es sur des a\u00e9ronefs\nPr\u00e9fecture des Pyr\u00e9n\u00e9es-Atlantiques - 64-2025-09-09-00015 - Arr\u00eat\u00e9 autorisant la captation, l'enregistrement et la transmission\nd'images au moyen de cam\u00e9ras install\u00e9es sur des a\u00e9ronefs 3\n| | Direction des s\u00e9curit\u00e9sPREFET Bureau de la s\u00e9curit\u00e9 publiqueDES PYRENEES- et des polices administrativesATLANTIQUESLibert\u00e9\u00c9galit\u00e9Fraternit\u00e9\nArr\u00eat\u00e9 n\u00b064-2025-09-autorisant la captation, l'enregistrement et la transmissiond'images au moyen de cam\u00e9ras install\u00e9es sur des a\u00e9ronefsLE PR\u00c9FET DES PYR\u00c9N\u00c9ES-ATLANTIQUESChevalier de l'Ordre National du M\u00e9rite\nVU le code de la s\u00e9curit\u00e9 int\u00e9rieure et notamment ses articles L. 242-1 \u00e0 L.242-8 et R.242-8 \u00e0 R.242-14;VU le d\u00e9cret 2004-374 du 29 avril 2004 modifi\u00e9 relatif aux pouvoirs des pr\u00e9fets, \u00e0 l'organisation et \u00e0l'action des services de l'\u00c9tat dans les r\u00e9gions et d\u00e9partements ;VU le d\u00e9cret du 6 novembre 2024 portant nomination de M. Jean-Marie GIRIER en qualit\u00e9 de pr\u00e9fet desPyr\u00e9n\u00e9es-Atlantiques ;VU l'arr\u00eat\u00e9 du ministre de l'Int\u00e9rieur et des outre-mer, en date du 19 avril 2023, relatif au nombremaximal de cam\u00e9ras install\u00e9es sur des a\u00e9ronefs pouvant \u00eatre simultan\u00e9ment utilis\u00e9es dans chaqued\u00e9partement et collectivit\u00e9 d'outre-mer ;VU l'arr\u00eat\u00e9 pr\u00e9fectoral du 26 juin 2025 donnant d\u00e9l\u00e9gation de signature \u00e0 Mme Anne-Sophie MARCON,directrice de cabinet du pr\u00e9fet des Pyr\u00e9n\u00e9es-Atlantiques ;VU la demande en date du 9 septembre 2025 d\u00e9pos\u00e9e par le groupement de gendarmeried\u00e9partementale des Pyr\u00e9n\u00e9es-Atlantiques, visant \u00e0 obtenir l'autorisation de capter, d'enregistrer et detransmettre des images au moyen d'un a\u00e9ronef sans \u00e9quipage \u00e0 bord, dot\u00e9 d'une cam\u00e9ra install\u00e9e, auxfins d'assurer la pr\u00e9vention des atteintes \u00e0 la s\u00e9curit\u00e9 des personnes et des biens, dans le cadre d'unemanifestation sociale dite \u00ab Bloquons tout \u00bb, le 10 septembre 2025 de 08h00 \u00e0 16h00 aux abords dessorties 9 et 10 de l'A64, sur les communes d'Artix et de Pau;CONSID\u00c9RANT que les dispositions susvis\u00e9es permettent aux forces de s\u00e9curit\u00e9 int\u00e9rieure, dansl'exercice de leurs missions de pr\u00e9vention des atteintes \u00e0 l'ordre public et de protection de la s\u00e9curit\u00e9des personnes et des biens, de proc\u00e9der \u00e0 la captation, \u00e0 l'enregistrement et \u00e0 la transmission d'imagesau moyen de cam\u00e9ras install\u00e9es sur des a\u00e9ronefs aux fins d'assurer la pr\u00e9vention des atteintes \u00e0 las\u00e9curit\u00e9 des personnes et des biens;CONSID\u00c9RANT que la presse se fait l'\u00e9cho de plusieurs appels \u00e0 manifester en France et dans led\u00e9partement le 10 septembre 2025 pouvant rassembler des centaines de personnes, que certainsmanifestants se revendiquent des gilets jaunes, que des tractations et r\u00e9sultats d'assembl\u00e9es g\u00e9n\u00e9ralessont r\u00e9sum\u00e9s par le slogan \u00ab Bloquons tout \u00bb ;CONSID\u00c9RANT par cons\u00e9quent qu'il revient au repr\u00e9sentant de l'\u00c9tat dans le d\u00e9partement de pr\u00e9voirun dispositif de s\u00e9curisation des axes de circulation avec la mobilisation des forces de s\u00e9curit\u00e9int\u00e9rieure supposant la mobilisation de moyens propres \u00e0 la s\u00e9curisation des d\u00e9ambulations desmanifestants et au r\u00e9tablissement de l'ordre public ;CONSID\u00c9RANT que le parcours et les actions de la manifestation sont ind\u00e9termin\u00e9s ;\n1/22, rue du Mar\u00e9chal Joffre \u2014 64 021 PAU CEDEXT\u00e9l. (standard) : 05 59 98 24 24 - www.pyrenees-atlantiques.gouv.fr\nPr\u00e9fecture des Pyr\u00e9n\u00e9es-Atlantiques - 64-2025-09-09-00015 - Arr\u00eat\u00e9 autorisant la captation, l'enregistrement et la transmission\nd'images au moyen de cam\u00e9ras install\u00e9es sur des a\u00e9ronefs 4\nCONSID\u00c9RANT l'int\u00e9r\u00eat de disposer d'une vision en grand angle pour permettre le maintien et ler\u00e9tablissement de l'ordre public tout en limitant l'engagement des forces au sol, que le recours audispositif de captation install\u00e9 sur des a\u00e9ronefs est n\u00e9cessaire et adapt\u00e9 ; qu'il n'existe pas de dispositifmoins intrusif permettant de parvenir aux m\u00eames fins ;CONSID\u00c9RANT que la demande porte sur l'engagement d'une cam\u00e9ra a\u00e9roport\u00e9e afin de r\u00e9aliser uneop\u00e9ration de pr\u00e9vention des atteintes \u00e0 la s\u00e9curit\u00e9 des personnes et des biens, de s\u00e9curit\u00e9 desrassemblements et de r\u00e9gulation des flux de transport ;CONSID\u00c9RANT que l'op\u00e9ration se d\u00e9roule sur une p\u00e9riode limit\u00e9e et ne concerne qu'un p\u00e9rim\u00e8trerestreint des communes d'Artix et de Pau;\nARRETE:Article premier: La captation, l'enregistrement et la transmission d'images par le groupement degendarmerie d\u00e9partementale des Pyr\u00e9n\u00e9es-Atlantiques, sont autoris\u00e9es au titre de la pr\u00e9vention desatteintes a la s\u00e9curit\u00e9 des personnes et des biens, dans le cadre d'une op\u00e9ration programm\u00e9e le10 septembre 2025, de 08h00 \u00e0 16h00, aux abords des sorties 9 et 10 de l'A64, sur les communes d'Artixet de Pau, et en appui des personnels au sol.Article 2: Le nombre maximal de cam\u00e9ras pouvant proc\u00e9der simultan\u00e9ment aux traitementsmentionn\u00e9s \u00e0 l'article 1\u00b0 est fix\u00e9 \u00e0 une cam\u00e9ra.Article 3 : La pr\u00e9sente autorisation est limit\u00e9e au p\u00e9rim\u00e8tre g\u00e9ographique d\u00e9clar\u00e9 constitu\u00e9 des abordsdes sorties 9 et 10 de l'A64.Article 4 : La pr\u00e9sente autorisation est d\u00e9livr\u00e9e pour la dur\u00e9e de l'op\u00e9ration, soit le 10 septembre 2025,de 08h00 \u00e0 16h00.Article 5: Le registre mentionn\u00e9 \u00e0 l'article L. 242-4 du code de la s\u00e9curit\u00e9 int\u00e9rieure est transmischaque semaine au repr\u00e9sentant de l'\u00c9tat dans le d\u00e9partement.Article 6 : Le pr\u00e9sent arr\u00eat\u00e9 peut faire l'objet d'un recours devant le tribunal administratif de Pau dansun d\u00e9lai de deux mois \u00e0 compter de sa publication.Article 7 : La sous-pr\u00e9f\u00e8te, directrice de cabinet de la pr\u00e9fecture et le commandant du groupement degendarmerie d\u00e9partementale des Pyr\u00e9n\u00e9es-Atlantiques sont charg\u00e9s, chacun en ce qui le concerne, del'ex\u00e9cution du pr\u00e9sent arr\u00eat\u00e9 qui sera publi\u00e9 au recueil des actes administratifs de la pr\u00e9fecture desPyr\u00e9n\u00e9es-Atlantiques.\nPau, leLE PREFET,\nPour le Pr\u00e9\u00e9Vetypar d\u00e9l\u00e9gation,La sous-pr\u00e9f#tettrice de ce\nMne-Sophie MARCON\n2/22, rue du Mar\u00e9chal Joffre \u2014 64 021 PAU CEDEXT\u00e9l. (standard) : 05 59 98 24 24 - www.pyrenees-atlantiques.gouv.fr\nPr\u00e9fecture des Pyr\u00e9n\u00e9es-Atlantiques - 64-2025-09-09-00015 - Arr\u00eat\u00e9 autorisant la captation, l'enregistrement et la transmission\nd'images au moyen de cam\u00e9ras install\u00e9es sur des a\u00e9ronefs 5","date":"2025-09-09","first_seen_on":"2025-09-09T17:21:24+00:00","id":"f7f813439583b8f27ca397c67d2ca4b8676aed5074f4eb5664d1e5f23a40dd38","name":"Recueil sp\u00e9cial n\u00b064-2025-284 du 9 septembre 2025","pdf_creation_date":"2025-09-09T16:46:21+00:00","pdf_modification_date":null,"timezone":"Europe/Paris","url":"https://www.pyrenees-atlantiques.gouv.fr/contenu/telechargement/58889/431849/file/recueil-64-2025-284-recueil-des-actes-administratifs-special.pdf"}
