{"administration":"prefidf","administration_name":"Pr\u00e9fecture de la r\u00e9gion \u00cele-de-France","content":"PREFECTURE\nREGION ILE DE\nFRANCE\nRECUEIL DES ACTES\nADMINISTRATIFS SP\u00c9CIAL\n(NOMINATIFS)\nN\u00b0IDF-030-2025-11\nPUBLI\u00c9 LE 18 NOVEMBRE 2025\nSommaire\nAgence R\u00e9gionale de Sant\u00e9 / service r\u00e9gional des transports sanitaires\nIDF-2025-11-17-00007 - Arr\u00eat\u00e9 n\u00b0 DOS-2025/4789 portant transfert des\nlocaux de la soci\u00e9t\u00e9 AMBULANCES JACK SAS (2 pages) Page 3\nDirection r\u00e9gionale des affaires culturelles d'Ile-de-France  / Conservation\nr\u00e9gionale des monuments historiques\nIDF-2025-11-10-00007 - Arr\u00eat\u00e9 n\u00b0 IDF-2025 portant attribution du label\nJardin remarquable au conservatoire national des plantes \u00e0 parfum,\nm\u00e9dicinales, aromatiques et industrielles\n(CNPMAI) situ\u00e9 \u00e0\nMilly-la-For\u00eat (Essonne) (2 pages) Page 6\nIDF-2025-11-10-00008 - Arr\u00eat\u00e9 n\u00b0 IDF-2025 portant attribution du label\nJardin remarquable au Jardin des Plantes situ\u00e9 \u00e0 Paris (Paris Ve arr.) (2\npages) Page 9\nIDF-2025-11-10-00009 - Arr\u00eat\u00e9 n\u00b0 IDF-2025 portant renouvellement de\nl'attribution du label Jardin Remarquable au Potager du Roi \u00e0 Versailles\n(Yvelines) (1 page) Page 12\nDirection r\u00e9gionale et interd\u00e9partementale de l'\u00e9conomie, de l'emploi,\ndu travail et des solidarit\u00e9s d'\u00cele-de-France / P\u00f4le Politique du travail\nIDF-2025-11-17-00006 - D\u00e9cision n\u00b0 2025- 229 du 17 novembre\n2025\nportant affectation des agents de contr\u00f4le dans les unit\u00e9s de\ncontr\u00f4le et gestion des int\u00e9rims de la direction d\u00e9partementale de\nl'emploi, du travail et des solidarit\u00e9s du Val d'Oise\n\n (3 pages) Page 14\nIDF-2025-11-18-00001 - D\u00e9cision n\u00b0 2025-230 du 18 novembre\n2025\nportant affectation des agents de contr\u00f4le dans les unit\u00e9s de\ncontr\u00f4le et gestion des int\u00e9rims de l'Unit\u00e9 d\u00e9partementale des\nHauts-de-Seine de la DRIEETS d'Ile-de-France\n\n (6 pages) Page 18\n2\nAgence R\u00e9gionale de Sant\u00e9\nIDF-2025-11-17-00007\nArr\u00eat\u00e9 n\u00b0 DOS-2025/4789 portant transfert des\nlocaux de la soci\u00e9t\u00e9 AMBULANCES JACK SAS\nAgence R\u00e9gionale de Sant\u00e9 - IDF-2025-11-17-00007 - Arr\u00eat\u00e9 n\u00b0 DOS-2025/4789 portant transfert des locaux de la soci\u00e9t\u00e9 AMBULANCES\nJACK SAS 3\nEoREPUBLIQUEFRAN CAI SE \u00a9 D Agence R\u00e9gionale de Sant\u00e9Libert\u00e9 Ile-de-France\u00c9galit\u00e9Fraternit\u00e9\n \n \n \n \n \n \n \nAGENCE R\u00c9GIONALE DE SANT\u00c9 \u00ceLE-DE-FRANCE \nARR\u00caT\u00c9 N\u00b0DOS-2025/4789 \nportant transfert des locaux de la soci\u00e9t\u00e9 AMBULANCES JACK SAS \n(93000 Bobigny) \n \nLE DIRECTEUR G\u00c9N\u00c9RAL DE L'AGENCE R\u00c9GIONALE DE SANT\u00c9 \u00ceLE-DE-FRANCE \n \n \nVU le Code de la Sant\u00e9 Publique et notamment ses articles L.6311-1 \u00e0 L.6311-2, L.6312-1 \u00e0 L.6312-\n5, L.6313-1, R.6312-1 \u00e0 R.6312-23, R.6312-29 \u00e0 R.6312-43, R.6313-5 \u00e0 R.6313-7-1 ; \n \nVU la loi n\u00b0 2009-879 du 21 juillet 2009 portant r\u00e9forme de l'h\u00f4pital et relative aux patients, \u00e0 la sant\u00e9 \net aux territoires ; \n \nVU le d\u00e9cret n\u00b0 2010-344 du 31 mars 2010 tirant les cons\u00e9quences, au niveau r\u00e8glementaire, de \nl'intervention de la loi n\u00b0 2009-879 du 21 juillet 2009 portant r\u00e9forme de l'h\u00f4pital et relative aux \npatients, \u00e0 la sant\u00e9 et aux territoires ; \n \nVU le d\u00e9cret du 10 avril 2024 portant nomination de Monsieur Denis ROBIN, Directeur g\u00e9n\u00e9ral de \nl'Agence r\u00e9gionale d'\u00cele de France \u00e0 compter du 29 avril 2024 ; \n \nVU l'arr\u00eat\u00e9 minist\u00e9riel du 21 d\u00e9cembre 1987 modifi\u00e9 relatif \u00e0 la composition du dossier d'agr\u00e9ment \ndes personnes effectuant des transports sanitaires terrestres et au contr\u00f4le des v\u00e9hicules \naffect\u00e9s aux transports sanitaires ; \n \nVU l'arr\u00eat\u00e9 du 12 d\u00e9cembre 2017 modifi\u00e9 fixant les caract\u00e9ristiques et les installations mat\u00e9rielles \nexig\u00e9es pour les v\u00e9hicules affect\u00e9s aux transports sanitaires terrestres ; \n \nVU l'arr\u00eat\u00e9 DS N\u00b0034/2024 du Directeur g\u00e9n\u00e9ral de l'Agence r\u00e9gionale d'\u00cele de France en date du \n29 avril 2024, portant d\u00e9l\u00e9gation de signature \u00e0 Monsieur Arnaud CORVAISIER, Directeur de \nl'offre de soins, et \u00e0 certains de ses collaborateurs ; \n \nVU l'arr\u00eat\u00e9 pr\u00e9fectoral n\u00b0 91.1720 en date du 07 juin 1991, portant agr\u00e9ment sous le n\u00b0 93/TS/274, \nde la SARL AMBULANCES JACK, sise 256, avenue Louis Aragon \u00e0 Bobigny (93000), dont la \ng\u00e9rante est Madame Joelle VITRE ; \n \nVU l'arr\u00eat\u00e9 N\u00b0 2012-2397 du Directeur g\u00e9n\u00e9ral de l'Agence r\u00e9gionale d'\u00cele de France en date du 21 \nao\u00fbt 2012, portant changement de d\u00e9nomination sociale et de forme juridique de la soci\u00e9t\u00e9 \nAMBULANCES JACK SARL qui devient la soci\u00e9t\u00e9 AMBULANCES JACK SAS ; \n \nVU l'arr\u00eat\u00e9 N\u00b0 DOSMS-2016-105 du Directeur g\u00e9n\u00e9ral de l'Agence r\u00e9gionale d'\u00cele de France en date \ndu 29 avril 2016, portant changement de responsable l\u00e9gal de la soci\u00e9t\u00e9 AMBULANCES JACK \nSAS dont la nouvelle responsable l\u00e9gale est Madame Sandrine RICHOL ; \n \n \nAgence R\u00e9gionale de Sant\u00e9 - IDF-2025-11-17-00007 - Arr\u00eat\u00e9 n\u00b0 DOS-2025/4789 portant transfert des locaux de la soci\u00e9t\u00e9 AMBULANCES\nJACK SAS 4\n2 \n \nCONSIDERANT l'accord de transfert des autorisations de mise en service, de 3 v\u00e9hicules de cat\u00e9gorie \nC type A immatricul\u00e9s GR-209-YA, GR-617-YA et GY-713-MJ et d'un v\u00e9hicule de cat\u00e9gorie A type B \nimmatricul\u00e9 GV-029-SNd\u00e9livr\u00e9 par les services de l'ARS Ile-de-France le 03 ao\u00fbt 2023 ; \n \nCONSIDERANT la demande de modification de l'agr\u00e9ment d\u00e9pos\u00e9e par le/la responsable l\u00e9gal/e de \nla soci\u00e9t\u00e9 relative au transfert des locaux ; \n \nCONSIDERANT la conformit\u00e9 du dossier de demande de transfert des locaux aux dispositions de \nl'arr\u00eat\u00e9 du 21 d\u00e9cembre 1987 modifi\u00e9 ci-dessus vis\u00e9 ; \n \nCONSIDERANT l'attestation sur l'honneur relative \u00e0 la conformit\u00e9 des installations mat\u00e9rielles, aux \nnormes d\u00e9finies par l'arr\u00eat\u00e9 du 12 d\u00e9cembre 2017 ci-dessus vis\u00e9 ainsi qu'aux normes d'hygi\u00e8ne et de \nsalubrit\u00e9 ; \n \n \nARR\u00caTE \n \nARTICLE 1er : La soci\u00e9t\u00e9 AMBULANCES JACK SAS est autoris\u00e9e \u00e0 transf\u00e9rer ses locaux du 256, \navenue Louis Aragon \u00e0 Bobigny (93000) au 5, rue Bernard \u00e0 Bobigny (93000) \u00e0 la date du pr\u00e9sent \narr\u00eat\u00e9.    \n \nARTICLE 2 : La pr\u00e9sente d\u00e9cision peut faire l'objet d'un recours gracieux aupr\u00e8s de Monsieur le \nDirecteur g\u00e9n\u00e9ral de l'Agence r\u00e9gionale de sant\u00e9, sise 13, rue du Landy 93200 Saint-Denis. \n Un recours contentieux peut \u00e9galement \u00eatre d\u00e9pos\u00e9 aupr\u00e8s du tribunal administratif comp\u00e9tent.   \n Le d\u00e9lai de recours est de deux mois \u00e0 compter de la notification de l'arr\u00eat\u00e9 pour l'int\u00e9ress\u00e9 ou de sa \npublication pour les tiers. \n Ces recours n'ont pas pour effet de suspendre le caract\u00e8re ex\u00e9cutoire de la pr\u00e9sente d\u00e9cision.    \n \nARTICLE 3 : Le Directeur de l'offre de soins est charg\u00e9 de l'ex\u00e9cution du pr\u00e9sent arr\u00eat\u00e9, qui sera publi\u00e9 \nau Recueil des Actes Administratifs des services de l'\u00c9tat.  \n \n \n \n \nFait \u00e0 Saint-Denis, le 17 novembre 2025          \n \nP/Le Directeur g\u00e9n\u00e9ral \nde l'Agence r\u00e9gionale de sant\u00e9 \nIle-de-France,  \nLa Responsable du service r\u00e9gional \ndes transports sanitaires, \n \n \n \n \n \nS\u00e9verine TEISSEDRE \n \nSign\u00e9 \nAgence R\u00e9gionale de Sant\u00e9 - IDF-2025-11-17-00007 - Arr\u00eat\u00e9 n\u00b0 DOS-2025/4789 portant transfert des locaux de la soci\u00e9t\u00e9 AMBULANCES\nJACK SAS 5\nDirection r\u00e9gionale des affaires culturelles\nd'Ile-de-France \nIDF-2025-11-10-00007\nArr\u00eat\u00e9 n\u00b0 IDF-2025 portant attribution du label\nJardin remarquable au conservatoire national des\nplantes \u00e0 parfum, m\u00e9dicinales, aromatiques et\nindustrielles\n(CNPMAI) situ\u00e9 \u00e0 Milly-la-For\u00eat (Essonne)\nDirection r\u00e9gionale des affaires culturelles d'Ile-de-France  - IDF-2025-11-10-00007 - Arr\u00eat\u00e9 n\u00b0 IDF-2025 portant attribution du label\nJardin remarquable au conservatoire national des plantes \u00e0 parfum, m\u00e9dicinales, aromatiques et industrielles\n(CNPMAI) situ\u00e9 \u00e0 Milly-la-For\u00eat (Essonne)\n6\nzsPREFETDE LA REGIOND'\u00ceLE-DE-FRANCELibert\u00e9Egalit\u00e9Fraternit\u00e9\n \n47 rue Le Peletier \u2013 75009 Paris   \nT\u00e9l . standard  : 01 56 06 50 00  \n \n \nDirection r\u00e9gionale \ndes affaires culturelles \nd'\u00cele-de-France  \n \n \n \n \nD\u00c9CISION N\u00b0 IDF-2025 \n \nportant attribution du label  Jardin remarquable  \nau conservatoire national des plantes \u00e0 parfum, m\u00e9dicinales, aromatiques et industrielles  \n(CNPMAI) situ\u00e9 \u00e0 Milly-la-For\u00eat (Essonne) \n \n \nLE PR\u00c9FET DE LA R\u00c9GION D'\u00ceLE DE FRANCE \nPR\u00c9FET DE PARIS \nGRAND OFFICIER DE LA L\u00c9GION D'HONNEUR \nOFFICIER DE L'ORDRE NATIONAL DU M\u00c9RITE \n \n \n \nVu la circulaire du 15 d\u00e9cembre 2023 du ministre de la Culture relative \u00e0 la mise en \u0153uvre du label \nJardin remarquable ; \n \nVu la circulaire du 11 avril 2005 du ministre de la Culture et de la communication, attribuant au \npr\u00e9fet de r\u00e9gion la d\u00e9cision attributive du label ; \n \nVu la demande d'attribution du label  Jardin remarquable   pr\u00e9sent\u00e9e par Madame Agn\u00e8s Le Men \ndirectrice du CNPMAI, et notamment l'engagement d'ouverture au public sign\u00e9 par le propri\u00e9taire \nen  date du 10 juin 2025 ;  \n \nLe groupe de travail sur les jardins remarquables de la r\u00e9gion d'\u00cele-de-France entendu en sa s\u00e9ance \ndu 14 octobre 2025 ; \n \nConsid\u00e9rant que conservatoire national des plantes \u00e0 parfum, m\u00e9dicinales, aromatiques et \nindustrielles (CNPMAI) situ\u00e9 \u00e0 Milly-la-For\u00eat (Essonne) pr\u00e9sente pour le public un int\u00e9r\u00eat suffisant \njustifiant l'attribution du label Jardin  remarquable  ; \n \nSur proposition du directeur r\u00e9gional des affaires culturelles ; \n \n \nD \u00c9 C I D E \n \n \n \nARTICLE 1er  - Le label  Jardin remarquable   est attribu\u00e9, pour une dur\u00e9e de cinq ans \u00e0 compter de la \ndate de la pr\u00e9sente d\u00e9cision au conservatoire national des plantes \u00e0 parfum, m\u00e9dicinales, \naromatiques et industrielles (CNPMAI) situ\u00e9 \u00e0 Milly-la-For\u00eat (Essonne), propri\u00e9t\u00e9 priv\u00e9e.  \n \n \n \n \nDirection r\u00e9gionale des affaires culturelles d'Ile-de-France  - IDF-2025-11-10-00007 - Arr\u00eat\u00e9 n\u00b0 IDF-2025 portant attribution du label\nJardin remarquable au conservatoire national des plantes \u00e0 parfum, m\u00e9dicinales, aromatiques et industrielles\n(CNPMAI) situ\u00e9 \u00e0 Milly-la-For\u00eat (Essonne)\n7\n \n47 rue Le Peletier \u2013 75009 Paris   \nT\u00e9l . standard  : 01 56 06 50 00  \n \n \nARTICLE 2  \u2013 Le directeur r\u00e9gional des affaires culturelles d'\u00cele-de-France est charg\u00e9 de l'ex\u00e9cution \nde la pr\u00e9sente d\u00e9cision. \n \nFait \u00e0 Paris, le 10/11/2025 \nLe pr\u00e9fet de la r\u00e9gion d'\u00cele-de-France, \nPr\u00e9fet de Paris \n \nSIGN\u00c9 \n \nMarc GUILLAUME \n \nDirection r\u00e9gionale des affaires culturelles d'Ile-de-France  - IDF-2025-11-10-00007 - Arr\u00eat\u00e9 n\u00b0 IDF-2025 portant attribution du label\nJardin remarquable au conservatoire national des plantes \u00e0 parfum, m\u00e9dicinales, aromatiques et industrielles\n(CNPMAI) situ\u00e9 \u00e0 Milly-la-For\u00eat (Essonne)\n8\nDirection r\u00e9gionale des affaires culturelles\nd'Ile-de-France \nIDF-2025-11-10-00008\nArr\u00eat\u00e9 n\u00b0 IDF-2025 portant attribution du label\nJardin remarquable au Jardin des Plantes situ\u00e9 \u00e0\nParis (Paris Ve arr.)\nDirection r\u00e9gionale des affaires culturelles d'Ile-de-France  - IDF-2025-11-10-00008 - Arr\u00eat\u00e9 n\u00b0 IDF-2025 portant attribution du label\nJardin remarquable au Jardin des Plantes situ\u00e9 \u00e0 Paris (Paris Ve arr.) 9\nzsPREFETDE LA REGIOND'\u00ceLE-DE-FRANCELibert\u00e9Egalit\u00e9Fraternit\u00e9\n \n47 rue Le Peletier \u2013 75009 Paris   \nT\u00e9l . standard  : 01 56 06 50 00  \n \n \nDirection r\u00e9gionale \ndes affaires culturelles \nd'\u00cele-de-France  \n \n \n \n \nD\u00c9CISION N\u00b0 IDF-2025 \n \nportant attribution du label  Jardin remarquable  \nau Jardin des Plantes situ\u00e9 \u00e0 Paris (Paris V e arr.) \n \n \nLE PR\u00c9FET DE LA R\u00c9GION D'\u00ceLE DE FRANCE \nPR\u00c9FET DE PARIS \nGRAND OFFICIER DE LA L\u00c9GION D'HONNEUR \nOFFICIER DE L'ORDRE NATIONAL DU M\u00c9RITE \n \n \n \nVu la circulaire du 15 d\u00e9cembre 2023 du ministre de la Culture relative \u00e0 la mise en \u0153uvre du label \nJardin remarquable ; \n \nVu la circulaire du 11 avril 2005 du ministre de la Culture et de la communication, attribuant au \npr\u00e9fet de r\u00e9gion la d\u00e9cision attributive du label ; \n \nVu la demande d'attribution du label  Jardin remarquable   pr\u00e9sent\u00e9 par Madame Isabelle Glais \nDirectrice des jardins botaniques, situ\u00e9 \u00e0 Paris (V\nearr.) et notamment l'engagement d'ouverture au \npublic, sign\u00e9 par la directrice repr\u00e9sentante du propri\u00e9taire en date du 1er  juillet 2025  ;  \n \nLe groupe de travail sur les jardins remarquables de la r\u00e9gion d'\u00cele-de-France entendu en sa s\u00e9ance \ndu 14 octobre 2025 ; \n \nConsid\u00e9rant que Jardin des Plantes situ\u00e9 \u00e0 Paris (Paris V \ne arr.) pr\u00e9sente pour le public un int\u00e9r\u00eat \nsuffisant justifiant l'attribution du label  Jardin remarquable  ; \n \nSur proposition du directeur r\u00e9gional des affaires culturelles ; \n \n \nD \u00c9 C I D E \n \n \n \nARTICLE 1er  - Le label  Jardin remarquable   est attribu\u00e9, pour une dur\u00e9e de cinq ans \u00e0 compter de la \ndate de la pr\u00e9sente d\u00e9cision au Jardin des Plantes situ\u00e9 \u00e0 Paris (Paris V e arr.), propri\u00e9t\u00e9 de l'\u00c9tat. \n \n \n \n \n \n \nDirection r\u00e9gionale des affaires culturelles d'Ile-de-France  - IDF-2025-11-10-00008 - Arr\u00eat\u00e9 n\u00b0 IDF-2025 portant attribution du label\nJardin remarquable au Jardin des Plantes situ\u00e9 \u00e0 Paris (Paris Ve arr.) 10\n \n47 rue Le Peletier \u2013 75009 Paris   \nT\u00e9l . standard  : 01 56 06 50 00  \n \n \n \n \n \n \nARTICLE 2  \u2013 Le directeur r\u00e9gional des affaires culturelles d'\u00cele-de-France est charg\u00e9 de l'ex\u00e9cution \nde la pr\u00e9sente d\u00e9cision. \n Fait \u00e0 Paris, le 10/11/2025 \nLe pr\u00e9fet de la r\u00e9gion d'\u00cele-de-France, \nPr\u00e9fet de Paris \n \nSIGN\u00c9 \n \nMarc GUILLAUME \n \nDirection r\u00e9gionale des affaires culturelles d'Ile-de-France  - IDF-2025-11-10-00008 - Arr\u00eat\u00e9 n\u00b0 IDF-2025 portant attribution du label\nJardin remarquable au Jardin des Plantes situ\u00e9 \u00e0 Paris (Paris Ve arr.) 11\nDirection r\u00e9gionale des affaires culturelles\nd'Ile-de-France \nIDF-2025-11-10-00009\nArr\u00eat\u00e9 n\u00b0 IDF-2025 portant renouvellement de\nl'attribution du label Jardin Remarquable au\nPotager du Roi \u00e0 Versailles (Yvelines)\nDirection r\u00e9gionale des affaires culturelles d'Ile-de-France  - IDF-2025-11-10-00009 - Arr\u00eat\u00e9 n\u00b0 IDF-2025 portant renouvellement de\nl'attribution du label Jardin Remarquable au Potager du Roi \u00e0 Versailles (Yvelines) 12\nE 3PREFET |DE LA REGIOND'ILE-DE-FRANCE\nFraternit\u00e9\n47, rue Le Peletier \u2013 75009 Paris    \nT\u00e9l . standard  : 01.56.06.50.00  \n \nDirection r\u00e9gionale \ndes affaires culturelles \nd'\u00cele-de-France  \n \n \n \n \n \nD\u00c9CISION N\u00b0 IDF-2025- \n \nportant renouvellement de l'attribution du label Jardin Remarquable  \nau Potager du Roi \u00e0 Versailles (Yvelines) \n \nLE PR\u00c9FET DE LA R\u00c9GION D'\u00ceLE DE FRANCE \nPR\u00c9FET DE PARIS \nGRAND OFFICIER DE LA L\u00c9GION D'HONNEUR \nOFFICIER DE L'ORDRE NATIONAL DU M\u00c9RITE \n \n \nVu la circulaire du 15 d\u00e9cembre 2023 du ministre de la Culture relative \u00e0 la mise en \u0153uvre du \nlabel Jardin remarquable ; \n \nVu la circulaire du 11 avril 2005 du ministre de la Culture et de la Communication, attribuant \nau pr\u00e9fet de r\u00e9gion la d\u00e9cision attributive du label ; \n \nVu la demande de renouvellement de l'attribution du label Jardin Remarquable  pr\u00e9sent\u00e9e par \nMadame Alexandra Bonnet, pr\u00e9sidente de l'\u00c9cole nationale sup\u00e9rieure de paysage et \nnotamment l'engagement d'ouverture au public sign\u00e9 par la directrice repr\u00e9sentant du \npropri\u00e9taire du jardin en date du 30 janvier 2025. \n \nLe groupe de travail sur les jardins remarquables de la r\u00e9gion d'\u00cele-de-France entendu en sa \ns\u00e9ance du 14 octobre 2025 ; \n \nConsid\u00e9rant que le Potager du Roi \u00e0 Versailles (Yvelines) pr\u00e9sente pour le public un int\u00e9r\u00eat \nsuffisant justifiant l'attribution du label Jardin Remarquable  ; \n \nSur proposition du directeur r\u00e9gional des affaires culturelles d'\u00cele-de-France ; \n \nD \u00c9 C I D E \n \nARTICLE 1er  - Le label Jardin Remarquable  est renouvel\u00e9, pour une dur\u00e9e de sept ans \u00e0 compter \nde la date de la pr\u00e9sente d\u00e9cision, au Potager du Roi, propri\u00e9t\u00e9 de l'\u00c9tat. \n \nARTICLE 2  \u2013 Le directeur r\u00e9gional des affaires culturelles d'\u00cele-de-France est charg\u00e9 de \nl'ex\u00e9cution de la pr\u00e9sente d\u00e9cision. \n \n \n \nFait \u00e0 Paris, le 10/11/2025 \nLe pr\u00e9fet de la r\u00e9gion d'\u00cele-de-France, \nPr\u00e9fet de Paris \n \nSIGN\u00c9 \n \nMarc GUILLAUME \n \nDirection r\u00e9gionale des affaires culturelles d'Ile-de-France  - IDF-2025-11-10-00009 - Arr\u00eat\u00e9 n\u00b0 IDF-2025 portant renouvellement de\nl'attribution du label Jardin Remarquable au Potager du Roi \u00e0 Versailles (Yvelines) 13\nDirection r\u00e9gionale et interd\u00e9partementale de\nl'\u00e9conomie, de l'emploi, du travail et des\nsolidarit\u00e9s d'\u00cele-de-France\nIDF-2025-11-17-00006\nD\u00e9cision n\u00b0 2025- 229 du 17 novembre 2025\nportant affectation des agents de contr\u00f4le dans\nles unit\u00e9s de contr\u00f4le et gestion des int\u00e9rims de\nla direction d\u00e9partementale de l'emploi, du\ntravail et des solidarit\u00e9s du Val d'Oise\nDirection r\u00e9gionale et interd\u00e9partementale de l'\u00e9conomie, de l'emploi, du travail et des solidarit\u00e9s d'\u00cele-de-France -\nIDF-2025-11-17-00006 - D\u00e9cision n\u00b0 2025- 229 du 17 novembre 2025\nportant affectation des agents de contr\u00f4le dans les unit\u00e9s de contr\u00f4le et gestion des int\u00e9rims de la direction d\u00e9partementale de\nl'emploi, du travail et des solidarit\u00e9s du Val d'Oise\n14\nMINISTEREDU TRAVAILET DES SOLIDARITESLibert\u00e9Egalit\u00e9Frateruit\u00e9\n \nDirection r\u00e9gionale et interd\u00e9partementale \nde l'\u00e9conomie, de l'emploi, du travail  \net des solidarit\u00e9s \nd'Ile de France \n \n \nDRIEETS d'\u00cele-de-France  \n32 rue Jean jaur\u00e8s  \n93200 SAINT-DENIS                                                                                                                                                                                                1 / 3 \n \n \n \n \n \nD\u00e9cision n\u00b0 2025- 229 du 17 novembre 2025 \nportant affectation des agents de contr\u00f4le dans les unit\u00e9s de contr\u00f4le et gestion des int\u00e9rims  \nde la direction d\u00e9partementale de l'emploi, du travail et des solidarit\u00e9s du Val d'Oise  \n \n \nLe directeur r\u00e9gional et interd\u00e9partemental de l'\u00e9conomie, de l'emploi, du travail et des solidarit\u00e9s de la \nr\u00e9gion Ile-de-France, \n \nVu le code du travail, notamment ses articles R. 8122-1 et suivants.  \n \nVu le d\u00e9cret n\u00b0 2020 -1545 du 9 d\u00e9cembre 2020 relatif \u00e0 l'organisation et aux missions des directions \nr\u00e9gionales de l'\u00e9conomie, de l'emploi, du travail et des solidarit\u00e9s, des directions d\u00e9partementales de \nl'emploi, du travail et des solidarit\u00e9s et des directions d\u00e9partementales de l'emploi, du travail, des \nsolidarit\u00e9s et de la protection des populations, \n \nVu l'arr\u00eat\u00e9 interminist\u00e9riel du 12 ao\u00fbt  2025 nommant Monsieur Fabrice MASI  directeur r\u00e9gional et \ninterd\u00e9partemental de l'\u00e9conomie, de l'emploi, du travail et des solidarit\u00e9s d'\u00cele -de-France, \u00e0 compter du \n25 ao\u00fbt 2025, \n \nVu l'arr\u00eat\u00e9 minist\u00e9riel du 25 mars 2024 portant cr\u00e9ation et r\u00e9partition des unit\u00e9s de contr\u00f4le de \nl'inspection du travail,  \n \nVu la d\u00e9cision n\u00b0 2021 -30 du 01 avril 2021 du directeur r\u00e9gional et interd\u00e9partemental de l'\u00e9conomie, de \nl'emploi, du travail et des solidarit\u00e9s d'Ile-de-France relative \u00e0 la localisation et \u00e0 la d\u00e9limitation des unit\u00e9s \nde contr\u00f4le et des sections d'inspection du travail de la direction d\u00e9partementale de l'emploi, du travail \net des solidarit\u00e9s du Val d'Oise. \n \nD\u00c9CIDE \n \nArticle 1 :  \nSont nomm\u00e9s comme responsables des unit\u00e9s de contr\u00f4le de la direction d\u00e9partementale de l'emploi, du \ntravail et des solidarit\u00e9s du Val-d'Oise les agents suivants : \n- Unit\u00e9 de contr\u00f4le n\u00b0 1 : Madame FAGOT Isabelle  \n- Unit\u00e9 de contr\u00f4le n\u00b0 2 : Monsieur MARSY Didier \n- Unit\u00e9 de contr\u00f4le n\u00b0 3 : Madame HOUPIN Elsa  \n \n \nArticle 2 :  \nSans pr\u00e9judice des dispositions de l'article R. 8122 -10-I du code du travail et conform\u00e9ment aux \ndispositions de l'article R. 8122 -11 du code du travail, sont affect\u00e9s dans les sections d'inspection de la \ndirection d\u00e9partementale de l'emploi, du travail et des solidarit\u00e9s du Val-d'Oise les agents suivants : \n \n \nDirection r\u00e9gionale et interd\u00e9partementale de l'\u00e9conomie, de l'emploi, du travail et des solidarit\u00e9s d'\u00cele-de-France -\nIDF-2025-11-17-00006 - D\u00e9cision n\u00b0 2025- 229 du 17 novembre 2025\nportant affectation des agents de contr\u00f4le dans les unit\u00e9s de contr\u00f4le et gestion des int\u00e9rims de la direction d\u00e9partementale de\nl'emploi, du travail et des solidarit\u00e9s du Val d'Oise\n15\n \n2 / 3 \n1. Unit\u00e9 de contr\u00f4le n\u00b0 1 \n- Section 1.1 : Madame SA Laur\u00e8ne, inspectrice du travail \n- Section 1.2 : Madame JOUZEL Priscille, inspectrice du travail,  \n- Section 1.3 : Madame BRUN Priscilla, inspectrice du travail,  \n- Section 1.4 : Madame LIEUMONT Ellora, inspectrice du travail, \n- Section 1.5 : Madame FEST Lia, inspectrice du travail, \n- Section 1.6 : Madame KAROLAK Maud, inspectrice du travail \n- Section 1.7 : Madame DEMANDE Isabelle, Inspectrice du travail, \u00e0 l'exception du num\u00e9ro 24 de la rue \ndu Chapeau Rouge \u00e0 Sannois . Madame FAGOT Isabelle, responsable d'unit\u00e9 de contr\u00f4le est  comp\u00e9tente \npour le num\u00e9ro 24 de la rue du Chapeau Rouge \u00e0 Sannois. \n- Section 1.8 : Madame JAMI Brigitte, inspectrice du travail \n- Section 1.9 : Madame BENO\u00ceT Betty, inspectrice du travail \n- Section 1.10 : Monsieur BRUCHET Lionel, inspecteur du travail  \n \n2. Unit\u00e9 de contr\u00f4le n\u00b0 2 \n- Section 2.1 : Madame NOURY Emily, inspectrice du travail,  \n- Section 2.2 : Madame BANEL St\u00e9phanie, inspectrice du travail  \n- Section 2.3 : Madame HOUARD Guilaine, inspectrice du travail  \n- Section 2.4 : Madame BLANC Sonia, inspectrice du travail \n- Section 2.5 : Madame MULON Aur\u00e9lie, inspectrice du travail \n- Section 2.6 : Monsieur FECHTMEISTER Valentin, inspecteur du travail \n- Section 2.7 : Monsieur BOUCHET Thierry, inspecteur du Travail \n- Section 2.8 : Madame AUVRAY Romane, inspectrice du travail, \u00e0 l'exception du num\u00e9ro 1 de la rue \nRobert Desnos \u00e0 DOMONT , M onsieur MARSY Didier , responsable d'unit\u00e9 de contr\u00f4le , est \ncomp\u00e9tent pour le num\u00e9ro 1 de la rue Robert Desnos \u00e0 DOMONT. \n- Section 2.9 : Madame NORMAND Juliette, inspectrice du travail est charg\u00e9e de l'nt\u00e9rim.   \n- Section 2.10 : Madame DELCLITTE Eulalie, inspectrice du travail   \n- Section 2.11 : Madame NORMAND Juliette, inspectrice du travail \n- Section 2.12 : Madame COMBETTES Kim, inspectrice du travail  \n \n3. Unit\u00e9 de contr\u00f4le n\u00b0 3 \n- Section 3.1 : Monsieur BOUCHET Thierry, inspecteur du travail est charg\u00e9 de l'int\u00e9rim \u00e0 l'exception des \nop\u00e9rations de b\u00e2timent ou de g\u00e9nie civil entrant dans le champ d'application du livre III du titre V de \nla quatri\u00e8me partie du code du travail \nMonsieur MARSY Didier, responsable d'unit\u00e9 de contr\u00f4le, est charg\u00e9 du contr\u00f4le des op\u00e9rations de \nb\u00e2timent ou de g\u00e9nie civil entrant dans le champ d'application du livre III du titre V de la quatri\u00e8me \npartie du code du travail \n- Section 3.2 : Monsieur BOUGE Vincent, inspecteur du travail, \n- Section 3.3 : Monsieur HELARY Gwendal, inspecteur du travail,  \n- Section 3.4 : Madame RAYNAUD Joanne, inspectrice du travail, \n- Section 3.5 : Madame BERGUER Sylvie, inspectrice du travail , \u00e0 l'exception des communes de Persan \net de Champagne sur Oise . Madame HOUPIN Elsa, responsable d'uit\u00e9 de contr\u00f4le, est comp\u00e9tente pour \nles communes de Persan et de Champagne sur Oise  \n- Section 3.6 : Madame TERRIEN Maeva, inspectrice du travail, \n- Section 3.7 : Madame DELAHAIGUE Carine, inspectrice du travail \n- Section 3.8 : Madame LAFDILI Amina, inspectrice du travail \n- Section 3.9 : Madame HOUPIN Elsa, responsable de l'unit\u00e9 de contr\u00f4le  \n \n \nArticle 3 :  \nEn cas d'absence ou d'emp\u00eachement d'un ou d'une responsable d'unit\u00e9 de contr\u00f4le, l'int\u00e9rim sera assur\u00e9 \npar un ou une autre responsable d'unit\u00e9 de contr\u00f4le. En cas d'absence ou d'emp\u00eachement de celui -ci, \nl'int\u00e9rim sera assur\u00e9 par l'adjointe au chef de p\u00f4le ou par le chef de p\u00f4le. \n \nDirection r\u00e9gionale et interd\u00e9partementale de l'\u00e9conomie, de l'emploi, du travail et des solidarit\u00e9s d'\u00cele-de-France -\nIDF-2025-11-17-00006 - D\u00e9cision n\u00b0 2025- 229 du 17 novembre 2025\nportant affectation des agents de contr\u00f4le dans les unit\u00e9s de contr\u00f4le et gestion des int\u00e9rims de la direction d\u00e9partementale de\nl'emploi, du travail et des solidarit\u00e9s du Val d'Oise\n16\n \n3 / 3 \nEn cas d'absence ou d'emp\u00eachement du responsable d'unit\u00e9 de contr\u00f4le en charge de la section 3 -9, \nl'int\u00e9rim sera assur\u00e9 par un autre responsable d'unit\u00e9 de contr\u00f4le. En cas d'absence ou d'emp\u00eachement \nde celui-ci, l'int\u00e9rim sera assur\u00e9 par un inspecteur ou une inspectrice du travail affect\u00e9(e) sur l'UC3, et en \ncas d'absence ou d'emp\u00eachement de celui-ci ou de celle-ci, par un inspecteur ou une inspectrice du travail \naffect\u00e9(e) sur l'une des deux autres unit\u00e9s de contr\u00f4le. \nEn cas d'absence ou d'emp\u00eachement d'un inspecteur ou d'une inspectrice du travail, l'int\u00e9rim sera assur\u00e9 \npar un inspecteur ou inspectrice du travail affect\u00e9(e) dans la m\u00eame unit\u00e9 de contr\u00f4le ou une autre unit\u00e9 \nde contr\u00f4le ou par un responsable d'unit\u00e9 de contr\u00f4le dans la m\u00eame ou une autre unit\u00e9 de contr\u00f4le. \n \n \nArticle 4 :  \nLa d\u00e9cision prend effet au 1er d\u00e9cembre 2025 et abroge la d\u00e9cision n\u00b0 2025-205 du 27 octobre 2025 portant \naffectation des agents de contr\u00f4le dans les unit\u00e9s de contr\u00f4le et gestion des int\u00e9rims de la direction \nd\u00e9partementale de l'emploi, du travail et des solidarit\u00e9s du Val d'Oise.  \n \n \nArticle 5 : \nLe directeur r\u00e9gional et interd\u00e9partemental de l'\u00e9conomie, de l'emploi, du travail et des solidarit\u00e9s d'Ile -\nde-France est charg\u00e9 de l'application de la pr\u00e9sente d\u00e9cision, qui sera publi\u00e9e au recueil des actes \nadministratifs de la r\u00e9gion Ile-de-France.  \n \n \n \n \n \nFait \u00e0 Saint-Denis, le 17 novembre 2025 \n \nLe directeur r\u00e9gional et interd\u00e9partemental de \nl'\u00e9conomie, de l'emploi, du travail et des solidarit\u00e9s \nde la r\u00e9gion d'\u00cele-de-France, \n \n \nSIGNE \n \nFabrice MASI \nDirection r\u00e9gionale et interd\u00e9partementale de l'\u00e9conomie, de l'emploi, du travail et des solidarit\u00e9s d'\u00cele-de-France -\nIDF-2025-11-17-00006 - D\u00e9cision n\u00b0 2025- 229 du 17 novembre 2025\nportant affectation des agents de contr\u00f4le dans les unit\u00e9s de contr\u00f4le et gestion des int\u00e9rims de la direction d\u00e9partementale de\nl'emploi, du travail et des solidarit\u00e9s du Val d'Oise\n17\nDirection r\u00e9gionale et interd\u00e9partementale de\nl'\u00e9conomie, de l'emploi, du travail et des\nsolidarit\u00e9s d'\u00cele-de-France\nIDF-2025-11-18-00001\nD\u00e9cision n\u00b0 2025-230 du 18 novembre 2025\nportant affectation des agents de contr\u00f4le dans\nles unit\u00e9s de contr\u00f4le et gestion des int\u00e9rims de\nl'Unit\u00e9 d\u00e9partementale des Hauts-de-Seine de la\nDRIEETS d'Ile-de-France\nDirection r\u00e9gionale et interd\u00e9partementale de l'\u00e9conomie, de l'emploi, du travail et des solidarit\u00e9s d'\u00cele-de-France -\nIDF-2025-11-18-00001 - D\u00e9cision n\u00b0 2025-230 du 18 novembre 2025\nportant affectation des agents de contr\u00f4le dans les unit\u00e9s de contr\u00f4le et gestion des int\u00e9rims de l'Unit\u00e9 d\u00e9partementale des\nHauts-de-Seine de la DRIEETS d'Ile-de-France\n18\nMINISTEREDU TRAVAILET DES SOLIDARITESLibert\u00e9Egalit\u00e9Fraternit\u00e9\n \nDRIEETS Ile-de-France  \n32 rue Jean Jaur\u00e8s  \n93200 SAINT-DENIS                                                                                                                                                                                                                                  1 / 6 \n  \nDirection r\u00e9gionale et interd\u00e9partementale \nde l'\u00e9conomie, de l'emploi, \ndu travail et des solidarit\u00e9s  \nd'Ile de France \n \n \n \n \n \nD\u00e9cision n\u00b0 2025-230 du 18 novembre 2025 \nportant affectation des agents de contr\u00f4le dans les unit\u00e9s de contr\u00f4le et gestion des int\u00e9rims \nde l'Unit\u00e9 d\u00e9partementale des Hauts-de-Seine de la DRIEETS d'Ile-de-France \n \n \nLe directeur r\u00e9gional et interd\u00e9partemental de l'\u00e9conomie, de l'emploi, du travail et des solidarit\u00e9s  d'Ile-\nde-France, \n \nVu le code du travail, notamment ses articles R 8122-1 et suivants.  \n \nVu l'arr\u00eat\u00e9 interminist\u00e9riel du 12 ao\u00fbt  2025 nommant Fabrice MASI directeur r\u00e9gional et \ninterd\u00e9partemental de l'\u00e9conomie, de l'emploi, du travail et des solidarit\u00e9s d'\u00cele -de-France \u00e0 compter du \n25 ao\u00fbt 2025, \n \nVu l'arr\u00eat\u00e9 minist\u00e9riel du 25 mars 2024 portant cr\u00e9ation et r\u00e9partition des unit\u00e9s de contr\u00f4le de \nl'inspection du travail,  \n \nVu la d\u00e9cision n\u00b0 2025-199 du 5 novembre 2025 du directeur r\u00e9gional et interd\u00e9partemental de l'\u00e9conomie, \nde l'emploi, du travail et des solidarit\u00e9s d'Ile de France relative \u00e0 la localisation et \u00e0 la d\u00e9limitation des \nunit\u00e9s de contr\u00f4le et des sections d'inspection du travail de l'unit\u00e9 d\u00e9partementale des Hauts -de-Seine. \n \nD\u00c9CIDE : \n \nARTICLE 1er  \n \nSont nomm\u00e9s comme responsables des unit\u00e9s de contr\u00f4le de l' unit\u00e9 d\u00e9partementale des Hauts-de-Seine \nles agents suivants : \n \n- Unit\u00e9 de contr\u00f4le n\u00b0 1 : Madame Adeline GAZZOLA, directrice adjointe du travail. \n \n- Unit\u00e9 de contr\u00f4le n\u00b0 2 : Monsieur William WYTS, directeur adjoint du travail. \n \n- Unit\u00e9 de contr\u00f4le n\u00b0 3 : Madame Sylvie GUINOT, directrice adjointe du travail.  \n \n- Unit\u00e9 de contr\u00f4le n\u00b0 4 : Madame Samya KAMALI, directrice adjoint du travail. \n \n- Unit\u00e9 de contr\u00f4le n\u00b0 5 : Madame Nathalie NAMPON, directrice adjointe du travail. \n \n- Unit\u00e9 de contr\u00f4le n\u00b0 6 : Madame Lydia SAOULI, directrice adjointe du travail. \n \n- Unit\u00e9 de contr\u00f4le n\u00b0 7 : Madame Sylvie GUINOT, directrice adjointe du travail, par int\u00e9rim.  \n \n \nDirection r\u00e9gionale et interd\u00e9partementale de l'\u00e9conomie, de l'emploi, du travail et des solidarit\u00e9s d'\u00cele-de-France -\nIDF-2025-11-18-00001 - D\u00e9cision n\u00b0 2025-230 du 18 novembre 2025\nportant affectation des agents de contr\u00f4le dans les unit\u00e9s de contr\u00f4le et gestion des int\u00e9rims de l'Unit\u00e9 d\u00e9partementale des\nHauts-de-Seine de la DRIEETS d'Ile-de-France\n19\n \n2 / 6 \n \nARTICLE 2  \n \nSans pr\u00e9judice des dispositions de l'article R.8122-10 I du code du travail et conform\u00e9ment aux dispositions \nde l'article R.8122-11 du code du travail encadrant la r\u00e9partition organisationnelle des contr\u00f4les et juridique \nrelative aux d\u00e9cisions administratives et pouvoirs relevant de la comp\u00e9tence exclusive des inspecteurs du \ntravail dans les sections confi\u00e9es \u00e0 un contr\u00f4leur du travail, sont affect\u00e9s dans les sections d'inspection de \nl'unit\u00e9 d\u00e9partementale des Hauts-de-Seine les agents suivants : \n \nUnit\u00e9 de contr\u00f4le n\u00b0 1 \n \nSection 1-1 : Madame Val\u00e9rie LABATUT, inspectrice du travail.  \n \nSection 1-2 : Madame Delphine SARRASIN, inspectrice du travail. \n \nSection 1-3 : Madame Leslie SALATA, inspectrice du travail. \n \nSection 1- 4 : Monsieur Virigile GARSMEUR, inspecteur du travail.   \n \nSection 1-5 : Madame Christine ONNEE, inspectrice du travail. \n \nSection 1-6 : Madame Lisa ROUZIER, inspectrice du travail. \n \nSection 1-7 : Madame Suzanne BRUNELLI, inspectrice du travail, par int\u00e9rim.  \n \nSection 1-8 : Madame Suzanne BRUNELLI, inspectrice du travail. \n \nUnit\u00e9 de contr\u00f4le n\u00b0 2 \n \nSection 2-1 : Madame Caroline COLIN, inspectrice du travail. \n \nMadame Caroline COLIN  est \u00e9galement comp\u00e9tente pour le contr\u00f4le des \u00e9tablissements de transports \nroutiers situ\u00e9s 26, quai Charles Pasqua \u00e0 Levallois-Perret. \n \nSection 2-2 : Monsieur Timoth\u00e9e MASSON, inspecteur du travail. \n \nSection 2-3 : Monsieur Th\u00e9o NUGUES-SCHONFELD, inspecteur du travail. \n \nSection 2-4 : Monsieur Farouk DJEBARA, inspecteur du travail. \n \nSection 2-5 : Madame Manon DEMIGNE, inspectrice du travail. \n \nSection 2-6 : Monsieur Nolit DASYLVA, inspecteur du travail.  \n \nSection 2-7 : Monsieur William WYTS, Directeur adjoint du travail, par int\u00e9rim. \n \nSection 2-8 : Madame Marie-Agn\u00e8s YAPO, inspectrice du travail. \n \nSection 2-9 : Madame Marjorie CARO, inspectrice du travail.  \n \nSection 2-10 : Madame Manon DEMIGNE, inspectrice du travail, par int\u00e9rim. \n \nSection 2-11 : Monsieur Nosr-Eddine SEGHILI, inspecteur du travail. \nDirection r\u00e9gionale et interd\u00e9partementale de l'\u00e9conomie, de l'emploi, du travail et des solidarit\u00e9s d'\u00cele-de-France -\nIDF-2025-11-18-00001 - D\u00e9cision n\u00b0 2025-230 du 18 novembre 2025\nportant affectation des agents de contr\u00f4le dans les unit\u00e9s de contr\u00f4le et gestion des int\u00e9rims de l'Unit\u00e9 d\u00e9partementale des\nHauts-de-Seine de la DRIEETS d'Ile-de-France\n20\n \n3 / 6 \nSection 2-12 : Monsieur Youssef CHEHADY, inspecteur du travail. \n \nUnit\u00e9 de contr\u00f4le n\u00b0 3 \n \nSection 3-1 : Madame St\u00e9phanie QUECHON, inspectrice du travail. \n \nSection 3-2 : Madame Ouarda SAOULA, inspectrice du travail. \n \nSection 3-3 : Monsieur Ronan LE VERGE, inspecteur du travail. \n \nSection 3-4 : Monsieur Guillaume THENOZ, inspecteur du travail. \n \nSection 3-5 : Monsieur Simon MAES, inspecteur du travail. \n \nSection 3-6 : Madame Sylvie BOBIN, inspectrice du travail.  \n \nSection 3-7 : Madame St\u00e9phanie HUDE, inspectrice du travail.  \n \nSection 3-8 : Monsieur Fr\u00e9d\u00e9ric PICARD, inspecteur du travail. \n \nSection 3-9 : Monsieur Philippe GARNEAU, contr\u00f4leur du travail. \n \nMonsieur Simon MAES , inspecteur du travail, est charg\u00e9 du contr\u00f4le des \u00e9tablissements d'au moins 50 \nsalari\u00e9s. \nIl est en outre comp\u00e9tent sur cette section pour prendre les d\u00e9cisions relevant de la comp\u00e9tence exclusive \nde l'inspecteur du travail en vertu de dispositions l\u00e9gislatives ou r\u00e9glementaires.  \n \nSection 3-10 : Monsieur Gaspard CHEVRIER, inspecteur du travail. \n \nSection 3-11 : Monsieur Philippe GARNEAU, contr\u00f4leur du travail, par int\u00e9rim. \n \nMonsieur Gaspard CHEVRIER, inspecteur du travail, par int\u00e9rim, est charg\u00e9 du contr\u00f4le des \u00e9tablissements \nd'au moins 50 salari\u00e9s. \nIl est en outre comp\u00e9tent sur cette section pour prendre les d\u00e9cisions relevant de la comp\u00e9tence exclusive \nde l'inspecteur du travail en vertu de dispositions l\u00e9gislatives ou r\u00e9glementaires.  \n \nSection 3-12 : Monsieur Ronan LE VERGE, inspecteur du travail, par int\u00e9rim. \n \nUnit\u00e9 de contr\u00f4le n\u00b0 4 \n \nSection 4-1 : Madame Martine JULAUD, inspectrice du travail, par int\u00e9rim.  \n \nSection 4-2 : Madame B\u00e9n\u00e9dicte MALAVASI, inspectrice du travail. \n \nSection 4-3 : Monsieur Mathieu DUCELIER, inspecteur du travail. \n \nSection 4-4 : Madame B\u00e9n\u00e9dicte MALAVASI, inspectrice du travail, par int\u00e9rim. \n \nSection 4-5 : Madame Martine JULAUD, inspectrice du travail.  \n \nSection 4-6 : Madame In\u00e8s WERTHEIMER, inspectrice du travail, par int\u00e9rim. \n \nSection 4-7 : Monsieur Simon MAUGER, inspecteur du travail, par int\u00e9rim. \nDirection r\u00e9gionale et interd\u00e9partementale de l'\u00e9conomie, de l'emploi, du travail et des solidarit\u00e9s d'\u00cele-de-France -\nIDF-2025-11-18-00001 - D\u00e9cision n\u00b0 2025-230 du 18 novembre 2025\nportant affectation des agents de contr\u00f4le dans les unit\u00e9s de contr\u00f4le et gestion des int\u00e9rims de l'Unit\u00e9 d\u00e9partementale des\nHauts-de-Seine de la DRIEETS d'Ile-de-France\n21\n \n4 / 6 \nSection 4-8 : Monsieur Simon MAUGER, inspecteur du travail. \n \nSection 4-9 : Madame In\u00e8s WERTHEIMER, inspectrice du travail. \n \nSection 4-10 : Monsieur Beno\u00eet GOUEL, inspecteur du travail.  \n \nSection 4-11 : Madame Aur\u00e9lie LEHOUX, inspectrice du travail. \n \nSection 4-12 : Monsieur Richard BOUDET, inspecteur du travail. \n \nSection 4-13 : Monsieur Richard BOUDET, inspecteur du travail, par int\u00e9rim. \n \nUnit\u00e9 de contr\u00f4le n\u00b0 5 \n \nSection 5-1 : Monsieur St\u00e9phane GRIMALDI, inspecteur du travail. En cas d'emp\u00eachement, Monsieur Beno\u00eet \nCHOPPIN, inspecteur du travail. \n \nSection 5-2 : Monsieur Benoit CHOPPIN, inspecteur du travail.  \n \nSection 5-3 : Madame Anne BOULANGER, inspectrice du travail.  \n \nSection 5-4 : Madame Alexia JOUZEL, inspectrice du travail. \n \nSection 5-5 : Monsieur David BLOYS, contr\u00f4leur du travail. \n \nMadame Alexia JOUZEL, inspectrice du travail, est charg\u00e9 e du contr\u00f4le des \u00e9tablissements d'au moins 50 \nsalari\u00e9s. \nElle est en outre comp\u00e9tent e sur cette section pour prendre les d\u00e9cisions relevant de la comp\u00e9tence \nexclusive de l'inspecteur du travail en vertu de dispositions l\u00e9gislatives ou r\u00e9glementaires, par int\u00e9rim.  \n \nSection 5-6 : Monsieur David BLOYS contr\u00f4leur du travail, par int\u00e9rim.  \n \nMadame Camille LARBANET -MONTUSCLAT, inspectrice du travail, est charg\u00e9e du contr\u00f4le des \n\u00e9tablissements d'au moins 50 salari\u00e9s. \nElle est en outre comp\u00e9tente sur cette section pour prendre les d\u00e9cisions relevant de la comp\u00e9tence \nexclusive de l'inspecteur du travail en vertu de dispositions l\u00e9gislatives ou r\u00e9glementaires, par int\u00e9rim.  \n \nSection 5-7 : Madame Audrey RAMASAWMY, contr\u00f4leur du travail.  Madame Audrey RAMASAWMY est en \noutre comp\u00e9tente pour les chantiers de la section 5-1. \n \nMadame Anne-V\u00e9ronique PENSEREAU, inspectrice du travail, est charg\u00e9e du contr\u00f4le des \u00e9tablissements \nd'au moins 50 salari\u00e9s. \nElle est en outre comp\u00e9tente sur cette section pour prendre, les d\u00e9cisions relevant de la comp\u00e9tence \nexclusive de l'inspecteur du travail en vertu de dispositions l\u00e9gislatives ou r\u00e9glementaires.  \n \nSection 5-8 : Madame Anne-V\u00e9ronique PENSEREAU, inspectrice du travail. \n \nSection 5-9 : Madame Francine LAURENT, inspectrice du travail. \n \nSection 5-10 : Madame Camille LARBANET-MONTUSCLAT, inspectrice du travail.  En cas d'emp\u00eachement, \nMadame Nathalie NAMPON, directrice adjointe du travail. \n \nSection 5-11 : Monsieur Gwendal HELARY, inspecteur du travail. \nDirection r\u00e9gionale et interd\u00e9partementale de l'\u00e9conomie, de l'emploi, du travail et des solidarit\u00e9s d'\u00cele-de-France -\nIDF-2025-11-18-00001 - D\u00e9cision n\u00b0 2025-230 du 18 novembre 2025\nportant affectation des agents de contr\u00f4le dans les unit\u00e9s de contr\u00f4le et gestion des int\u00e9rims de l'Unit\u00e9 d\u00e9partementale des\nHauts-de-Seine de la DRIEETS d'Ile-de-France\n22\n \n5 / 6 \nUnit\u00e9 de contr\u00f4le n\u00b0 6 \n \nSection 6-1 : Monsieur Gilles FERNANDES, inspecteur du travail, par int\u00e9rim. \n \nSection 6-2 : Madame Audrey COLLOBERT-MASSA, inspectrice du travail. \n \nSection 6-3 : Madame Laure BONDUELLE, inspectrice du travail. \n \nSection 6-4 : Madame Laurence LEPROVOST, inspectrice du travail \n \nSection 6-5 : Monsieur Jean-Fran\u00e7ois GOS, inspecteur du travail, par int\u00e9rim. \n \nSection 6-6 : Monsieur William RICHETON, inspecteur du travail. \n \nSection 6-7 : Monsieur Farid OUNISSI, inspecteur du travail. \n \nSection 6-8 : Monsieur Gilles FERNANDES, inspecteur du travail. \n \nSection 6-9 : Monsieur Hubert GOURDET , inspecteur du travail . En cas d'emp\u00eachement, M onsieur Farid \nOUNISSI, inspecteur du travail. \n \nUnit\u00e9 de contr\u00f4le n\u00b0 7 \n \nSection 7-1 : Madame Soizic DUPIRE, inspectrice du travail.  \n \nSection 7-2 : Madame Lise FRIQUET, inspectrice du travail. \n \nSection 7 -3 : Madame Anne Charlotte BONNEFONT, inspectrice du travail.  En cas d'emp\u00eachement, \nMadame Sophie ALGALARRONDO. \n \nSection 7-4 : Madame Oc\u00e9ane DELATTRE, inspectrice du travail. \n \nSection 7-5 : Monsieur Jean-Fran\u00e7ois GOS, inspecteur du travail. \n \nSection 7-6 : Madame Sophie ALGALARRONDO, inspectrice du travail. \n \nSection 7-7 : Monsieur Ludovic FOLY, inspecteur du travail. \n \nSection 7-8 : Monsieur Norbert MAHON, inspecteur du travail.  \n \nSection 7-9 : Madame M\u00e9lina SIERRA, inspectrice du travail.  \n \nARTICLE 3 \n \nEn cas d'absence ou d'emp\u00eachement d'un directeur adjoint du travail, d'un inspecteur ou contr\u00f4leur du \ntravail charg\u00e9 des actions d'inspection de la l\u00e9gislation du travail dans les sections d'inspection du travail \nen application de l'article 2, l'int\u00e9rim est organis\u00e9 selon les modalit\u00e9s ci -apr\u00e8s : \n \n- Int\u00e9rim des directeurs-adjoints du travail et des inspecteurs du travail : \n \nL'int\u00e9rim d'un directeur -adjoint du travail ou d'un inspecteur du travail absent ou emp\u00each\u00e9 sera \nprioritairement assur\u00e9 par un inspecteur du travail charg\u00e9 des actions d'inspection de la l\u00e9gislation du \ntravail dans les sections d'inspection du travail, en application de l'article 2, \u00e0 d\u00e9faut par un responsable \nDirection r\u00e9gionale et interd\u00e9partementale de l'\u00e9conomie, de l'emploi, du travail et des solidarit\u00e9s d'\u00cele-de-France -\nIDF-2025-11-18-00001 - D\u00e9cision n\u00b0 2025-230 du 18 novembre 2025\nportant affectation des agents de contr\u00f4le dans les unit\u00e9s de contr\u00f4le et gestion des int\u00e9rims de l'Unit\u00e9 d\u00e9partementale des\nHauts-de-Seine de la DRIEETS d'Ile-de-France\n23\n \n6 / 6 \nd'unit\u00e9 de contr\u00f4le d\u00e9sign\u00e9 \u00e0 l'article 1 et le cas \u00e9ch\u00e9ant par un contr\u00f4leur du travail, tous deux charg\u00e9s \ndes actions d'inspection de la l\u00e9gislation du travail dans les sections d'inspection du travail, en application \nde l'article 2 pour les \u00e9tablissements de moins de 50 salari\u00e9s. \n \n- Int\u00e9rim des contr\u00f4leurs du travail : \n \nL'int\u00e9rim d'un contr\u00f4leur du travail absent ou emp\u00each\u00e9 sera assur\u00e9 par un inspecteur du travail ou un \ncontr\u00f4leur du travail charg\u00e9 des actions d'inspection de la l\u00e9gislation du travail dans les sections \nd'inspection du travail, en application de l'article 2. Lorsque l'int\u00e9rim est assur\u00e9 par un contr\u00f4leur du travail, \nles pouvoirs de d\u00e9cision administrative relevant de la comp\u00e9tence exclusive d'un inspecteur du travail sont \nconfi\u00e9s \u00e0 un inspecteur du travail charg\u00e9 des actions d'inspection de la l\u00e9gislation d u travail dans les \nsections d'inspection du travail en application de l'article 2 ou \u00e0 un responsable d'unit\u00e9 de contr\u00f4le d\u00e9sign\u00e9 \n\u00e0 l'article 1, auxquels le contr\u00f4le des \u00e9tablissements de plus de 50 salari\u00e9s peut \u00eatre confi\u00e9.  \n \nARTICLE 4  \n \nEn cas d'absence ou d'emp\u00eachement d'un des responsables d'unit\u00e9 de contr\u00f4le d\u00e9sign\u00e9s \u00e0 l'article 1, \nl'int\u00e9rim est confi\u00e9 prioritairement \u00e0 un autre responsable d'unit\u00e9 de contr\u00f4le d\u00e9sign\u00e9s \u00e0 l'article 1, \u00e0 d\u00e9faut \n\u00e0 Monsieur J\u00e9r\u00f4me SAJOT, directeur du travail. \n \nARTICLE 5  \n \nConform\u00e9ment aux dispositions de l'article R.8122-10 du code du travail, les agents mentionn\u00e9s aux articles \n1 et 2 participent, lorsque l'action le rend n\u00e9cessaire, aux actions d'inspection de la l\u00e9gislation du travail \nsur le territoire de l'Unit\u00e9 d\u00e9partem entale de la DRIEETS \u00e0 laquelle est rattach\u00e9e l'unit\u00e9 de contr\u00f4le o\u00f9 ils \nsont affect\u00e9s. \n \nARTICLE 6 \n \nLa pr\u00e9sente d\u00e9cision prend effet \u00e0 la date de sa publication  et abroge la d\u00e9cision n\u00b0 2025-208 du 28 \noctobre 2025 portant affectation des agents de contr\u00f4le dans les unit\u00e9s de contr\u00f4le et gestion des int\u00e9rims \nde l'unit\u00e9 d\u00e9partementale des Hauts-de-Seine de la DRIEETS d'Ile-de-France. \n \nARTICLE 7 \n \nLe directeur r\u00e9gional et interd\u00e9partemental de l'\u00e9conomie, de l'emploi, du travail et des solidarit\u00e9s d'Ile -\nde-France est charg\u00e9 de l'application de la pr\u00e9sente d\u00e9cision, qui sera publi\u00e9e au recueil des actes \nadministratifs de la r\u00e9gion Ile-de-France.  \n \n \n \n \n \nFait \u00e0 Saint-Denis, le 18 novembre 2025 \nLe directeur r\u00e9gional et interd\u00e9partemental de \nl'\u00e9conomie, de l'emploi, du travail et des solidarit\u00e9s, \n \n \nSIGNE \n \nFabrice MASI \nDirection r\u00e9gionale et interd\u00e9partementale de l'\u00e9conomie, de l'emploi, du travail et des solidarit\u00e9s d'\u00cele-de-France -\nIDF-2025-11-18-00001 - D\u00e9cision n\u00b0 2025-230 du 18 novembre 2025\nportant affectation des agents de contr\u00f4le dans les unit\u00e9s de contr\u00f4le et gestion des int\u00e9rims de l'Unit\u00e9 d\u00e9partementale des\nHauts-de-Seine de la DRIEETS d'Ile-de-France\n24","date":"2025-11-18","first_seen_on":"2025-11-18T18:04:55+00:00","id":"f837d27a5729e1eb9ece26d8d422df5c54fc0726c5796945dd25605689698965","name":"recueil-idf-030-2025-11-RAA-nominatifs du 18.11.2025","pdf_creation_date":"2025-11-18T15:58:33+00:00","pdf_modification_date":null,"timezone":"Europe/Paris","url":"https://www.prefectures-regions.gouv.fr/ile-de-france/irecontenu/telechargement/132742/973950/file/recueil-idf-030-2025-11-RAA-nominatifs%20du%2018.11.2025.pdf"}
