{"administration":"ppparis","administration_name":"Pr\u00e9fecture de police de Paris","content":"PREFECTUREDE POLICELibert\u00e9Egalit\u00e9Fraternit\u00e9\nOUG\nCABINET DU PREFET\nArr\u00eat\u00e9 n\u00b0 2026-00047\nautorisant la captation, l'enregistrement et la transmission d'images au moyen de cam\u00e9ras \ninstall\u00e9es sur des a\u00e9ronefs \u00e0 Paris du 9 au 10 janvier 2026\nLe pr\u00e9fet de police,\nVu le code de la s\u00e9curit\u00e9 int\u00e9rieure, notamment ses articles L. 242-1 \u00e0 L. \u00a0242-8 et R.\u00a0242-8 \u00e0 \nR. 242-14\u00a0;\nVu le d\u00e9cret n\u00b0 2004-374 du 29 avril 2004 \u00a0 modifi\u00e9 relatif aux pouvoirs des pr\u00e9fets, \u00e0  \nl'organisation et \u00e0 l'action des services de l'Etat dans les r\u00e9gions et d\u00e9partements ;\nVu l'arr\u00eat\u00e9 du 19 avril 2023 relatif au nombre maximal de cam\u00e9ras install\u00e9es sur des  \na\u00e9ronefs pouvant \u00eatre simultan\u00e9ment utilis\u00e9es dans chaque d\u00e9partement et collectivit\u00e9  \nd'outre-mer\u00a0;\nVu l'instruction minist\u00e9rielle NOR IOMD2311883J du 30 avril 2023 relative \u00e0 la proc\u00e9dure  \nd'autorisation  des  cam\u00e9ras  install\u00e9es  sur  des  a\u00e9ronefs  pour  des  missions  de  police \nadministrative\u00a0;\nVu le d\u00e9cret du 22 octobre 2025 par lequel M. Patrice FAURE, administrateur de l'\u00c9tat du  \ntroisi\u00e8me grade, directeur de cabinet du Pr\u00e9sident de la R\u00e9publique, est nomm\u00e9 pr\u00e9fet de  \npolice (groupe I), \u00e0 compter du 23 octobre 2025 ;\nVu la demande en date du 8 janvier 2026 form\u00e9e par la direction de l'ordre public et de la  \ncirculation visant \u00e0 obtenir l'autorisation de capter, d'enregistrer et de transmettre des  \nimages au moyen de  2  cam\u00e9ras install\u00e9es sur des a\u00e9ronefs t\u00e9l\u00e9-pilot\u00e9s afin d'assurer la  \npr\u00e9vention  des  atteintes  \u00e0  la  s\u00e9curit\u00e9  des  personnes  et  des  biens,  la  s\u00e9curit\u00e9  des \nrassemblements, la pr\u00e9vention d'actes de terrorisme et la r\u00e9gulation des flux de transport  \n\u00e0 Paris du 9 au 10 janvier 2026 ;\nConsid\u00e9rant que les dispositions du I de l'article L. 242-5 du code de la s\u00e9curit\u00e9 int\u00e9rieure  \npermettent  aux  forces  de  s\u00e9curit\u00e9  int\u00e9rieure,  dans  l'exercice  de  leurs  missions  de \npr\u00e9vention des atteintes \u00e0 l'ordre public et de protection de la s\u00e9curit\u00e9 des personnes et  \ndes biens, de proc\u00e9der \u00e0 la captation, \u00e0 l'enregistrement et \u00e0 la transmission d'images au  \nmoyen  de  cam\u00e9ras  install\u00e9es  sur  des  a\u00e9ronefs  aux  fins  d'assurer  la  pr\u00e9vention  des \natteintes \u00e0 la s\u00e9curit\u00e9 des personnes et des biens, la s\u00e9curit\u00e9 des rassemblements ainsi que \nl'appui des personnels au sol, en vue de leur permettre de maintenir ou de r\u00e9tablir l'ordre  \npublic lorsque ces rassemblements sont susceptibles d'entra\u00eener des troubles graves \u00e0  \nl'ordre public, la pr\u00e9vention d'actes de terrorisme et la r\u00e9gulation des flux de transport\u00a0;\nConsid\u00e9rant que des rassemblements se tiendront \u00e0 Paris ce 9 janvier 2026 \u00e0 l'initiative de  \nla  F\u00e9d\u00e9ration  nationale  des  syndicats  d'exploitants  agricoles  (FNSEA)  et  de  la  \nCoordination rurale dans le cadre de la mobilisation du monde agricole sur le territoire  \nnational contre la gestion sanitaire de la dermatose nodulaire contagieuse bovine et la  \npossible ratification prochaine de l'accord de libre-\u00e9change entre l'Union europ\u00e9enne et  \nles pays du Mercosur ; que des convois de tracteurs sont install\u00e9s en diff\u00e9rents points de la \nville  depuis  le  8  janvier  2026 ;  que  ces  manifestations  donnent  lieu  \u00e0  de  nombreux \nrassemblements  simultan\u00e9s  dans  diff\u00e9rents  secteurs ;  que  ces  rassemblements  sont \nmouvants  et  ne  peuvent  \u00eatre  anticip\u00e9s ;  que  dans  le  contexte  national  actuel \nparticuli\u00e8rement tendu, il existe un risque s\u00e9rieux que des troubles \u00e0 l'ordre public et des  \nd\u00e9gradations  soient  commis  durant  ces  rassemblements ;  qu'il  convient  d'assurer  la \ns\u00e9curit\u00e9 des personnes, des biens et des rassemblements \u00e0 cette occasion mais \u00e9galement  \nde g\u00e9rer, dans un objectif de maintien de l'ordre et de la s\u00e9curit\u00e9 publics, les diff\u00e9rents  \npoints de congestion du trafic susceptibles d'\u00eatre engendr\u00e9s par les convois motoris\u00e9s des  \nagriculteurs se rendant sur les lieux des rassemblements \u00a0; qu'en outre plusieurs attentats  \nou  tentatives  d'attentats  r\u00e9cents  traduisent  le  niveau  \u00e9lev\u00e9  de  la  menace  terroriste \nactuelle en France dans le cadre du plan VIGIPIRATE \u00ab  urgence attentat \u00bb en vigueur sur  \nl'ensemble du territoire national depuis le 24 mars 2024  ; que dans le contexte actuel de  \nmenace tr\u00e8s \u00e9lev\u00e9e, les manifestations du 9 janvier 2026 sont susceptibles de constituer  \ndes cibles privil\u00e9gi\u00e9es et symboliques pour des actes de nature terroriste ;\nConsid\u00e9rant que le recours \u00e0 des cam\u00e9ras a\u00e9roport\u00e9es permet de disposer d'une vision en  \ngrand angle tout en limitant l'engagement des forces au sol, et le cas \u00e9ch\u00e9ant, d'organiser  \nde mani\u00e8re r\u00e9active et efficace leur d\u00e9ploiement op\u00e9rationnel, notamment en cas de  \nmouvement de foule ou d'actions violentes de groupes d'individus \u00a0; qu'il n'existe pas de  \ndispositif moins intrusif permettant de parvenir aux m\u00eames fins\u00a0;\nConsid\u00e9rant que la demande de la direction de l'ordre public et de la circulation porte sur  \nl'engagement de 2 cam\u00e9ras a\u00e9roport\u00e9es en vue de capter, d'enregistrer et de transmettre  \ndes images\u00a0; que les aires survol\u00e9es sont strictement limit\u00e9es aux zones o\u00f9 seront mises en  \n\u0153uvre les finalit\u00e9s susvis\u00e9es \u00a0; que la dur\u00e9e de l'autorisation demand\u00e9e n'appara\u00eet pas  \ndisproportionn\u00e9e au regard de ces finalit\u00e9s\u00a0;\nSur proposition de la direction de l'ordre public et de la circulation,\nARRETE  \u00a0  :  \nArticle 1er \u2013 La captation, l'enregistrement et la transmission d'images par la direction de  \nl'ordre public et de la circulation sont autoris\u00e9s \u00e0 Paris aux titres de\u00a0:\n- la pr\u00e9vention des atteintes \u00e0 la s\u00e9curit\u00e9 des personnes et des biens\u00a0;\n- la s\u00e9curit\u00e9 des rassemblements\u00a0;\n- la pr\u00e9vention d'actes de terrorisme\u00a0;\n- la r\u00e9gulation des flux de transport.\nArticle  2 \u2013 Le  nombre  maximal  de  cam\u00e9ras  pouvant  proc\u00e9der  simultan\u00e9ment  \u00e0  des \nenregistrements est fix\u00e9 \u00e0  2  cam\u00e9ras embarqu\u00e9es sur des a\u00e9ronefs t\u00e9l\u00e9-pilot\u00e9s \u00e0 raison  \nd'une positionn\u00e9e sur chacun des p\u00e9rim\u00e8tres couverts.\nArticle 3 \u2013 La pr\u00e9sente autorisation s'applique \u00e0 un p\u00e9rim\u00e8tre g\u00e9ographique comprenant  \nl'ensemble du territoire de Paris. \nArticle  4 \u2013 La  pr\u00e9sente  autorisation  est  d\u00e9livr\u00e9e pour  la  mise  en  \u0153uvre  des  finalit\u00e9s \npr\u00e9cit\u00e9es du vendredi 9 janvier 2026 \u00e0 10h30 au samedi 10 janvier 2026 \u00e0 06h00. \nArticle 5 \u2013 L'information du public est assur\u00e9e par la publication de l'arr\u00eat\u00e9 au recueil des  \nactes administratifs mentionn\u00e9 \u00e0 l'article 7, sa mise en ligne sur le site internet de la  \npr\u00e9fecture de police ainsi que par une information sur les r\u00e9seaux sociaux.\n2026-00047      2\nArticle 6 \u2013 Le registre mentionn\u00e9 \u00e0 l'article L.  242-4 du code de la s\u00e9curit\u00e9 int\u00e9rieure est  \ntransmis au pr\u00e9fet de police, \u00e0 l'issue de la p\u00e9riode d'autorisation.\nArticle 7 \u2013 Le pr\u00e9fet, directeur du cabinet du pr\u00e9fet de police et le directeur de l'ordre  \npublic et de la circulation sont charg\u00e9s, chacun en ce qui le concerne, de l'ex\u00e9cution du  \npr\u00e9sent  arr\u00eat\u00e9  qui  entrera  en  vigueur  \u00e0  compter  de  son  affichage  aux  portes  de  la \npr\u00e9fecture de police, sera publi\u00e9 au recueil des actes administratifs du d\u00e9partement de  \nParis  et  consultable  sur  le  site  internet  de  la  pr\u00e9fecture  de  police  \n(https://www.prefecturedepolice.interieur.gouv.fr ).\nFait \u00e0 Paris, le 8 janvier 2026\nSIGN\u00c9\nPour le pr\u00e9fet de police\nLe pr\u00e9fet, directeur du cabinet, \nBaptiste ROLLAND\n2026-00047 3 3\nAnnexe de l'arr\u00eat\u00e9 n\u00b0 2026-00047 du 8 janvier 2026\nVOIES ET DELAIS DE RECOURS\n_______________________\nSi vous estimez devoir contester la pr\u00e9sente autorisation, il vous est possible, dans un  \nd\u00e9lai de deux mois \u00e0 compter de la date de son affichage ou de sa publication\u00a0:\n- soit de saisir d'un RECOURS GRACIEUX\nle Pr\u00e9fet de Police\n7/9, boulevard du Palais - 75195 PARIS RP\n- ou de former un RECOURS HIERARCHIQUE\n  aupr\u00e8s du Ministre de l'int\u00e9rieur et des outre-mer\n  Direction des libert\u00e9s publiques et des affaires juridiques\n  place Beauvau - 75008 PARIS\n- soit de saisir d'un RECOURS CONTENTIEUX\nle Tribunal administratif comp\u00e9tent\nAucune de ces voies et recours ne suspend l'application de la pr\u00e9sente d\u00e9cision.\nLes recours GRACIEUX et HIERARCHIQUE doivent \u00eatre \u00e9crits, exposer les arguments ou  \nfaits nouveaux et comprendre la copie de la d\u00e9cision contest\u00e9e.\nLe recours contentieux, qui vise \u00e0 contester la LEGALITE de la pr\u00e9sente d\u00e9cision, doit  \n\u00e9galement \u00eatre \u00e9crit et exposer votre argumentation juridique.\nSi vous n'aviez pas de r\u00e9ponse \u00e0 votre recours GRACIEUX ou HIERARCHIQUE dans un  \nd\u00e9lai de deux mois \u00e0 compter de la r\u00e9ception de votre recours par l'administration, votre  \ndemande devra \u00eatre consid\u00e9r\u00e9e comme rejet\u00e9e (d\u00e9cision implicite de rejet).\nEn cas de rejet des RECOURS GRACIEUX ou HIERARCHIQUE, le Tribunal administratif peut \n\u00eatre saisi d'un recours contentieux dans le d\u00e9lai de deux mois \u00e0 compter de la date de la  \nd\u00e9cision de rejet.\n2026-00047      4","date":"2026-01-09","first_seen_on":"2026-01-09T11:05:14+00:00","id":"f841d649c94b8941789cfe8063aac668dae2aefba06949b612a18761925e0cb3","name":"Arr\u00eat\u00e9 n\u00b02026-00047 autorisant la captation, l\u2019enregistrement et la transmission d\u2019images au moyen de cam\u00e9ras install\u00e9es sur des a\u00e9ronefs \u00e0 Paris du 9 au 10 janvier 2026","pdf_creation_date":"2026-01-09T09:25:42+00:00","pdf_modification_date":null,"timezone":"Europe/Paris","url":"https://www.prefecturedepolice.interieur.gouv.fr/sites/default/files/Documents/2026_00047_09012026.pdf"}
