{"administration":"pref69","administration_name":"Pr\u00e9fecture du Rh\u00f4ne","content":"PR\u00c9F\u00c8TE\nDU RH\u00d4NE\nRECUEIL DES ACTES\nADMINISTRATIFS SP\u00c9CIAL\nN\u00b069-2026-013\nPUBLI\u00c9 LE 13 JANVIER 2026\nSommaire\n69_Centre Hospitalier Vinatier /\n69-2026-01-13-00003 - 2026-04 D\u00e9cision d\u00e9l\u00e9gation de signature\nS\u00e9bastien Barth\u00e9l\u00e9my (4 pages) Page 3\n69_DDETS_Direction d\u00e9partementale de l'emploi du travail et des\nsolidarit\u00e9s /\n69-2026-01-13-00002 - D\u00e9cision portant subd\u00e9l\u00e9gation de signature\nen mati\u00e8re d'ordonnancement secondaire\net de march\u00e9s publics\n(3 pages) Page 8\n69-2026-01-13-00001 - D\u00e9cision portant subd\u00e9l\u00e9gation en mati\u00e8re\nd'attributions g\u00e9n\u00e9rales des services\nde la Direction\nD\u00e9partementale de l'Emploi, du Travail et des Solidarit\u00e9s (4 pages) Page 12\n69_DDT_Direction d\u00e9partementale des territoires du Rh\u00f4ne /\n69-2026-01-12-00003 - Arr\u00eat\u00e9 pr\u00e9fectoral n\u00b0\u00a0DDT_SENR_2025_B179\n\nimposant des prescriptions sp\u00e9cifiques \u00e0 SARL SG BOIS concernant\nles travaux de franchissement temporaire du cours d'eau Le Boussuivre\n\u00e0 SAINT-MARCEL-L'ECLAIR\u00c9 et JOUX (3 pages) Page 17\n84_ARS_Agence R\u00e9gionale de Sant\u00e9 Auvergne-Rh\u00f4ne-Alpes /\n69-2026-01-12-00002 - Arr\u00eat\u00e9 portant modification d'agr\u00e9ment pour\neffectuer des transports sanitaires relatif \u00e0 la soci\u00e9t\u00e9 MTS\nAMBULANCES \u00e0 VILLEURBANNE (2 pages) Page 21\n2\n69_Centre Hospitalier Vinatier\n69-2026-01-13-00003\n2026-04 D\u00e9cision d\u00e9l\u00e9gation de signature\nS\u00e9bastien Barth\u00e9l\u00e9my\n69_Centre Hospitalier Vinatier - 69-2026-01-13-00003 - 2026-04 D\u00e9cision d\u00e9l\u00e9gation de signature S\u00e9bastien Barth\u00e9l\u00e9my 3\nCENTRE HOSPITALIER LE VINATIER95, Boulevard PinelBP 300 39 LE VINATIER69678 BRON Cedex DELEGATION DE SIGNATURE | PSYCHIATRIE UNIVERSITAIRESIREN : 266.900.083 LYON METROPOLESIRET : 266.900.083.000.12Direction G\u00e9n\u00e9raleT\u00e9l : 04 81 92 56 10Fax : 04 81 92 56 12\nDECISION N\u00b0 2026-04 \u00a9PORTANT DELEGATION DE SIGNATURE\nLe Directeur du Centre Hospitalier Le Vinatier,Vu l'article L.6143-7 du Code de la sant\u00e9 publique,Vu les articles D.6143-33 \u00e0 D.6143-35 du m\u00eame code,Vu l'arr\u00eat\u00e9 2017-269 du 02 ao\u00fbt 2017 du Centre National de Gestion, portant nomination du Directeur duCentre Hospitalier Le Vinatier, prolong\u00e9 par arr\u00eat\u00e9 du 8 juin 2021 puis par arr\u00eat\u00e9 du 18 septembre 2025,Vu le proc\u00e8s-verbal d'installation \u00e0 ses fonctions de Monsieur Pascal MARIOTTI, en date du 18 septembre2017,Vu l'organigramme de Direction du Centre Hospitalier Le Vinatier,Vu la convention constitutive du Groupement Hospitalier de Territoire Val Rh\u00f4ne Centre conclue le10 f\u00e9vrier 2023, approuv\u00e9e par arr\u00eat\u00e9 du Directeur G\u00e9n\u00e9ral de l'Agence R\u00e9gionale de Sant\u00e9 Auvergne Rh\u00f4ne-Alpes n\u00b02023-17-0036-du 27 f\u00e9vrier 2023 et modifi\u00e9e par avenant du 26 novembre 2025 portant int\u00e9grationdu Centre Hospitalier Le Vinatier,Consid\u00e9rant qu'aux termes de l'article R.6132-16 du Code de la sant\u00e9 publique, l'\u00e9tablissement support duGHT (HCL) est charg\u00e9 de la politique, de la strat\u00e9gie d'achat et du contr\u00f4le de gestion des achats pour ce quiconcerne l'ensemble des march\u00e9s et de leurs avenants, qu'il assure la passation des march\u00e9s et de leursavenants conform\u00e9ment au code de la commande publique et que l'\u00e9tablissement partie au GHT assurel'ex\u00e9cution de ces march\u00e9s conform\u00e9ment aux dispositions dudit code,Consid\u00e9rant que l'\u00e9tablissement support du GHT (HCL) assure la fonction achats pour le compte des\u00e9tablissements parties au groupement, \u00e0 l'exclusion de la fonction approvisionnements qui demeure dans lechamp de comp\u00e9tence de l'\u00e9tablissement partie,\nDECIDEARTICLE 1 : DELEGATAIRED\u00e9l\u00e9gation de signature des actes \u00e9num\u00e9r\u00e9s aux articles 2 et 3 ci-dessous est donn\u00e9e \u00e0 S\u00e9bastienBARTHELEMY, Directeur des Syst\u00e8mes d'Information, de la Logistique et des Projets.\n69_Centre Hospitalier Vinatier - 69-2026-01-13-00003 - 2026-04 D\u00e9cision d\u00e9l\u00e9gation de signature S\u00e9bastien Barth\u00e9l\u00e9my 4\nARTICLE 2 : NATURE DES ACTES DELEGUES POUR LES ACHATSLa d\u00e9l\u00e9gation de signature porte sur les actes suivants :e Bons de commande, attestations de service fait et r\u00e9ception des travaux, uniquement aux finsd'approvisionnement dans le cadre de lex\u00e9cution de march\u00e9s existants pass\u00e9s par le Vinatier(march\u00e9s en cours d'ex\u00e9cution au 01/01/2026) ou par le GHT d\u00e8s le 01/01/2026 (fournitures,services, travaux \u2014 Classes 2 et 6) dans la limite du montant du march\u00e9,En cas d'absence ou d'emp\u00e9chement de S\u00e9bastien BARTHELEMY, d\u00e9l\u00e9gation de signature pour ces actes estdonn\u00e9e concomitamment a:- M\u00e9lie MICHEL, Directeur adjoint charg\u00e9 de la Direction Achat et Ing\u00e9nierie.- Estelle LUCAS-PELISSON, Directeur des affaires financi\u00e8res,- Carine MAILLET, Directeur des Ressources humaines- Bertrand CLERC, Pharmacie g\u00e9rant de la Pharmacie a Usage Int\u00e9rieur.(Pour information, il est pr\u00e9cis\u00e9 que par d\u00e9cision n\u00b025-123 du 22 d\u00e9cembre 2025, d\u00e9l\u00e9gation de signatureest \u00e9galement donn\u00e9e par le pouvoir adjudicateur du GHT Val Rh\u00f4ne-Centre \u00e0 M. S\u00e9bastien BARTHELEMY \u00e0effet de signer, pour tous les march\u00e9s publics d'un montant jusqu'\u00e0 25 000 euros HT conclus pour le GHT:e toutes d\u00e9cisions, attestations, documents, correspondances, certificats, relatifs \u00e0 la passation desmarch\u00e9s publics r\u00e9pondant \u00e0 des besoins sp\u00e9cifiques de l'\u00e9tablissement ;e tous march\u00e9s publics r\u00e9pondant \u00e0 des besoins sp\u00e9cifiques de l'\u00e9tablissement;e tout avenant, sous r\u00e9serve que l'engagement financier global reste d'un montant inf\u00e9rieur ou \u00e9gal\u00e0 25 000 euros HT.La passation des achats et march\u00e9s aff\u00e9rents au-del\u00e0 de 25 000 \u20ac HT ainsi que tous les actes contractuels li\u00e9saux march\u00e9s sup\u00e9rieurs \u00e0 25 000 euros HT est assur\u00e9e par les HCL en tant qu'\u00e9tablissement support du GHT).ARTICLE 3 : NATURE DES ACTES DELEGUES POUR LA DIRECTION DES SYSTEMES D'INFORMATION, DE LALOGISTIQUE ET DES PROJETSLa d\u00e9l\u00e9gation de signature porte sur les actes suivants :Ressources humaines (pour les personnels plac\u00e9s sous son autorit\u00e9) :- Organisation du travail- Cong\u00e9s, RTT, t\u00e9l\u00e9travail, autorisations d'absence- El\u00e9ments variables de paie- Ordres de missionDivers :- Actes de gestion couranteEn cas d'absence ou d'emp\u00e9chement de S\u00e9bastien BARTHELEMY, d\u00e9l\u00e9gation est donn\u00e9e pour ces actes a:- M\u00e9lie MICHEL.\nARTICLE 4 : DELEGATIONS SECONDAIRESD\u00e9l\u00e9gation est donn\u00e9e \u00e0 Thierry DECHENAUD, ing\u00e9nieur responsable syst\u00e8me d'information, pour lesactivit\u00e9s de la direction du syst\u00e8me d'information :e Attestations du service fait et conformit\u00e9 de la facturatione L'organisation du travail, les cong\u00e9s, RTT, t\u00e9l\u00e9travail, autorisations d'absence, \u00e9l\u00e9ments variables depaie concernant les agents plac\u00e9s directement sous sa responsabilit\u00e9 hi\u00e9rarchique\n69_Centre Hospitalier Vinatier - 69-2026-01-13-00003 - 2026-04 D\u00e9cision d\u00e9l\u00e9gation de signature S\u00e9bastien Barth\u00e9l\u00e9my 5\nD\u00e9l\u00e9gation est donn\u00e9e \u00e0 Olivier JOVET, ing\u00e9nieur responsable de l'\u00e9quipe Syst\u00e8mes et r\u00e9seaux, responsableadjoint syst\u00e8me d'information, pour les activit\u00e9s de la direction du syst\u00e8me d'information :e Attestations du service fait et conformit\u00e9 de la facturatione L'organisation du travail, les cong\u00e9s, RTT, t\u00e9l\u00e9travail, autorisations d'absence, \u00e9l\u00e9ments variables depaie concernant les agents plac\u00e9s directement sous sa responsabilit\u00e9 hi\u00e9rarchiqueD\u00e9l\u00e9gation est donn\u00e9e \u00e0 Bruno IVARS, responsable de l'\u00e9quipe Equipements micro-informatiques, pour lesactivit\u00e9s microinformatiques :e Attestations du service fait et conformit\u00e9 de la facturationD\u00e9l\u00e9gation est donn\u00e9e \u00e0 Magali COCHET, ing\u00e9nieur responsable des services logistiques, pour les activit\u00e9sdes services logistiques :e Attestations du service fait et conformit\u00e9 de la facturatione L'organisation du travail, les cong\u00e9s, RTT, t\u00e9l\u00e9travail, autorisations d'absence, \u00e9l\u00e9ments variables depaie concernant les agents plac\u00e9s directement sous sa responsabilit\u00e9 hi\u00e9rarchiqueD\u00e9l\u00e9gation est donn\u00e9e \u00e0 Beno\u00eet TANGHE, ing\u00e9nieur responsable du bio-nettoyage, pour les activit\u00e9s duservice bionettoyagee Attestations du service fait et conformit\u00e9 de la facturatione L'organisation du travail, les cong\u00e9s, RTT, t\u00e9l\u00e9travail, autorisations d'absence, \u00e9l\u00e9ments variables depaie concernant les agents plac\u00e9s directement sous sa responsabilit\u00e9 hi\u00e9rarchique\nARTICLE 5 : DUREE DE LA DELEGATIONLa d\u00e9cision n\u00b02021-113 du 8 juin 2021 est abrog\u00e9e au 31 d\u00e9cembre 2025. La pr\u00e9sente d\u00e9l\u00e9gation entre envigueur le 1\u00b0 janvier 2026.La pr\u00e9sente d\u00e9l\u00e9gation est \u00e9tablie \u00e0 titre permanent.Elle cessera de plein droit ses effets en cas de modification des fonctions des d\u00e9l\u00e9gataires.\nARTICLE 6 : PUBLICITELa pr\u00e9sente d\u00e9l\u00e9gation de signature sera notifi\u00e9e aux d\u00e9l\u00e9gataires.La pr\u00e9sente d\u00e9l\u00e9gation de signature est publi\u00e9e sur le site intranet de l'\u00e9tablissement.La pr\u00e9sente d\u00e9l\u00e9gation est communiqu\u00e9e au conseil de surveillance et transmise sans d\u00e9lai au comptable del'\u00e9tablissement. Elle sera publi\u00e9e au recueil des actes administratifs de la pr\u00e9fecture du Rh\u00f4ne.Dans les deux mois suivant sa notification ou sa publication, la pr\u00e9sente d\u00e9cision peut faire l'objet d'unrecours gracieux devant le Directeur du Centre Hospitalier ou d'un recours contentieux devant le Tribunaladministratif de Lyon. A Bron, le 1 janvier 2026\nLe DirecteurPascal MARIOTTI\n69_Centre Hospitalier Vinatier - 69-2026-01-13-00003 - 2026-04 D\u00e9cision d\u00e9l\u00e9gation de signature S\u00e9bastien Barth\u00e9l\u00e9my 6\nSignatures des d\u00e9l\u00e9gataires valant acceptation et recueil de sp\u00e9cimen de signature :S\u00e9bastien BARTHELEMY M\u00e9lie MICHEL Magali COCHET\nThierry DECHENAUD Olivier JOVET Bruno IVARS\nsenor NGHE Estelle LUCAS-PELISSON Carine MAILLET\n> \"th\n~\n69_Centre Hospitalier Vinatier - 69-2026-01-13-00003 - 2026-04 D\u00e9cision d\u00e9l\u00e9gation de signature S\u00e9bastien Barth\u00e9l\u00e9my 7\n69_DDETS_Direction d\u00e9partementale de\nl'emploi du travail et des solidarit\u00e9s\n69-2026-01-13-00002\nD\u00e9cision portant subd\u00e9l\u00e9gation de signature en\nmati\u00e8re d'ordonnancement secondaire\net de march\u00e9s publics\n69_DDETS_Direction d\u00e9partementale de l'emploi du travail et des solidarit\u00e9s - 69-2026-01-13-00002 - D\u00e9cision portant subd\u00e9l\u00e9gation\nde signature en mati\u00e8re d'ordonnancement secondaire\net de march\u00e9s publics\n8\nesPREFETEDU RHONELibert\u00e9Egalit\u00e9Fraternit\u00e9\nDirection d\u00e9partementale de l'emploi, du travail\net des solidarit\u00e9s\nD\u00e9cision n\u00b069-2026-01\nportant subd\u00e9l\u00e9gation de signature en mati\u00e8re d'ordonnancement secondaire\net de march\u00e9s publics\nLE DIRECTEUR D\u00c9PARTEMENTAL\nDE L'EMPLOI, DU TRAVAIL ET DES SOLIDARIT\u00c9S\nVu  le  d\u00e9cret  n\u00b02004-374  du  29  avril  2004  modifi\u00e9  relatif  aux  pouvoirs  des  pr\u00e9fets,  \u00e0 \nl'organisation et \u00e0 l'action des services de l'\u00c9tat dans les r\u00e9gions et d\u00e9partements ;\nVu  le  d\u00e9cret  n\u00b0  2009-1484  du  3  d\u00e9cembre  2009  modifi\u00e9  relatif  aux  directions  \nd\u00e9partementales interminist\u00e9rielles ;\nVu le d\u00e9cret n\u00b02012-1246 du 7 novembre 2012 modifi\u00e9 relatif \u00e0 la gestion budg\u00e9taire et  \ncomptable publique\u00a0;\nVu  le  d\u00e9cret  n\u00b02012-1247  du  11  novembre  2012  relatif  au  contr\u00f4le  financier  au  sein  des \nadministrations de l'\u00c9tat\u00a0;\nVu  le  d\u00e9cret  n\u00b02015-1689  du  17  d\u00e9cembre  2015  modifi\u00e9  portant  diverses  mesures \nd'organisation et de fonctionnement dans les r\u00e9gions de l'administration territoriale de l'\u00c9tat  \net de commissions administratives ;\nVu  le  d\u00e9cret  n\u00b02020-99  du  7  f\u00e9vrier  2020  relatif  \u00e0  l'organisation  et  aux  missions  des \nsecr\u00e9tariats g\u00e9n\u00e9raux communs d\u00e9partementaux\u00a0;\nVu le d\u00e9cret n\u00b0 2020-1545 du 9 d\u00e9cembre 2020 relatif \u00e0 l'organisation et aux missions des  \ndirections r\u00e9gionales de l'\u00e9conomie, de l'emploi et du travail et des solidarit\u00e9s, des directions  \nd\u00e9partementales de l'emploi, du travail et des solidarit\u00e9s et des directions d\u00e9partementales  \nde l'emploi, du travail, des solidarit\u00e9s et de la protection des populations ;\nVu  l'arr\u00eat\u00e9  du  Premier  Ministre  du  31  mars  2011  modifi\u00e9  portant  d\u00e9concentration  des \nd\u00e9cisions  relatives  \u00e0  la  situation  individuelle  des  fonctionnaires  et  agents  non  titulaires \nexer\u00e7ant leurs fonctions dans les directions d\u00e9partementales interminist\u00e9rielles\u00a0;\nVu le d\u00e9cret en conseil des ministres du 11 janvier 2023 portant nomination de Mme Fabienne \nBUCCIO en qualit\u00e9 de pr\u00e9f\u00e8te de la r\u00e9gion Auvergne-Rh\u00f4ne-Alpes, pr\u00e9f\u00e8te de la zone de  \nd\u00e9fense et de s\u00e9curit\u00e9 Sud-Est, pr\u00e9f\u00e8te du Rh\u00f4ne (hors classe) ;\nVu le d\u00e9cret du 15 mai 2025 en conseil des ministres portant nomination de M. Fabrice  \nROSAY en qualit\u00e9 de pr\u00e9fet, secr\u00e9taire g\u00e9n\u00e9ral de la pr\u00e9fecture du Rh\u00f4ne, pr\u00e9fet d\u00e9l\u00e9gu\u00e9  \npour l'\u00e9galit\u00e9 des chances aupr\u00e8s de la pr\u00e9f\u00e8te de la r\u00e9gion Auvergne-Rh\u00f4ne-Alpes, pr\u00e9f\u00e8te  \nde la zone de d\u00e9fense et de s\u00e9curit\u00e9 Sud-Est, pr\u00e9f\u00e8te du Rh\u00f4ne ;\nVu l'arr\u00eat\u00e9 de la Premi\u00e8re ministre et du ministre de l'int\u00e9rieur et des outre-mer du 4 ao\u00fbt  \n2023  portant  nomination  de  Monsieur  Laurent  WILLEMAN  en  qualit\u00e9  de  directeur  \nd\u00e9partemental du de l'emploi, du travail et des solidarit\u00e9s du Rh\u00f4ne ;\n69_DDETS_Direction d\u00e9partementale de l'emploi du travail et des solidarit\u00e9s - 69-2026-01-13-00002 - D\u00e9cision portant subd\u00e9l\u00e9gation\nde signature en mati\u00e8re d'ordonnancement secondaire\net de march\u00e9s publics\n9\nVu  l'arr\u00eat\u00e9  de  la  Premi\u00e8re  ministre  et  du  ministre  de  l'int\u00e9rieur  et  des  outre-mer  du  27 \noctobre 2023 portant nomination de Monsieur Jean-Fran\u00e7ois FOUGNET, inspecteur de classe  \nexceptionnelle de l'action sanitaire et sociale, en qualit\u00e9 de directeur d\u00e9partemental adjoint  \nde l'emploi, du travail et des solidarit\u00e9s du Rh\u00f4ne ;\nVu l'arr\u00eat\u00e9 de la Premi\u00e8re ministre et du ministre de l'int\u00e9rieur et des outre-mer du 26 janvier  \n2024 portant  nomination  de  Monsieur  Alain  TESTOT,  directeur  du  travail,  en  qualit\u00e9  de \ndirecteur d\u00e9partemental adjoint de l'emploi, du travail et des solidarit\u00e9s du Rh\u00f4ne ;\nVu l'arr\u00eat\u00e9 pr\u00e9fectoral n\u00b0 69-2021-03-29-00004 du 29 mars 2021 portant organisation de la  \ndirection d\u00e9partementale de l'emploi, du travail et des solidarit\u00e9s (DDETS) du Rh\u00f4ne ;\nVu  l'arr\u00eat\u00e9  pr\u00e9fectoral  n\u00b069-2023-08-21-00009  du  21  ao\u00fbt  2023  portant  d\u00e9l\u00e9gation  de \nsignature \u00e0 Monsieur Laurent WILLEMAN, directeur d\u00e9partemental de l'emploi, du travail et  \ndes solidarit\u00e9s du Rh\u00f4ne en mati\u00e8re d'ordonnancement secondaire et de march\u00e9s publics\u00a0;\nSur proposition de la pr\u00e9f\u00e8te secr\u00e9taire g\u00e9n\u00e9rale, pr\u00e9f\u00e8te d\u00e9l\u00e9gu\u00e9e \u00e0 l'\u00e9galit\u00e9 des chances\u00a0;\nD\u00c9CIDE\nArticle 1 \u00a0: Pour l 'ordonnancement secondaire des d \u00e9penses et des recettes imput \u00e9es sur  \nl'ensemble des budgets op\u00e9rationnels de programmes \u00e9nonc\u00e9s par l'arr\u00eat\u00e9 pr\u00e9fectoral n\u00b069-\n2023-08-21-00009  du  21  ao\u00fbt  2023  ainsi  que  pour  la  passation  des  march\u00e9s  publics  \u00e0 \nproc\u00e9dure  adapt\u00e9e,  en  cas  d'absence  ou  d'emp\u00eachement  de  M.  Laurent  WILLEMAN,  la \nd\u00e9l\u00e9gation de signature qui lui est conf\u00e9r\u00e9e sera exerc\u00e9e par M. Jean-Fran\u00e7ois FOUGNET,  \ndirecteur d\u00e9partemental adjoint ainsi que par M. Alain TESTOT, directeur d\u00e9partemental  \nadjoint.\nArticle  2 : En  cas  d'absence  des  personnes  vis\u00e9es  \u00e0  l'article  1  et  pour  l'exercice  des \ncomp\u00e9tences  d\u00e9partementales,  subd\u00e9l\u00e9gation  de  signature  est  donn\u00e9e  en  mati\u00e8re  \nd'ordonnancement secondaire et de march\u00e9s publics, dans la limite de leurs attributions et \u00e0  \nl'exclusion des actes vis\u00e9s \u00e0 l'article 3 de la pr\u00e9sente d\u00e9cision, aux personnes suivantes\u00a0:\nChefs de p\u00f4le de la direction\n\uf0b7 Madame Mathilde ARNOULT, directrice adjointe du travail, cheffe du p\u00f4le entreprises,  \nemploi et insertion professionnelle ;\n\uf0b7 Madame Julie NARDIN, directrice du travail, cheffe du p\u00f4le travail\u00a0;\n\uf0b7 Madame Alice PAGEAUX, inspectrice hors classe de l'action sanitaire et sociale, cheffe  \ndu p\u00f4le  h\u00e9bergement et inclusion sociale\u00a0;\n\uf0b7 Madame  Claire  PANIER,  attach\u00e9e  principale  d'administration,  cheffe  du  p\u00f4le  \npartenariats et \u00e9galit\u00e9 des chances\u00a0;\nChefs de service, cadres, secr\u00e9taire administrative :\n\u2022 Monsieur Rapha\u00ebl COULANGE, attach\u00e9 territorial, adjoint \u00e0 la cheffe du service \u00c9galit\u00e9  \ndes chances ;\n\u2022 Madame Camille DAYRAUD, inspectrice hors classe de l'action sanitaire et sociale,  \ncheffe du service droits au logement et pr\u00e9vention des expulsions\u00a0;\n\u2022 Monsieur Arthur DELACHAUX, attach\u00e9 d'administration, chef du service lutte contre  \nle sans-abrisme ;\n2\n69_DDETS_Direction d\u00e9partementale de l'emploi du travail et des solidarit\u00e9s - 69-2026-01-13-00002 - D\u00e9cision portant subd\u00e9l\u00e9gation\nde signature en mati\u00e8re d'ordonnancement secondaire\net de march\u00e9s publics\n10\n\u2022 Madame  Lucie  DURIEU,  attach\u00e9e  principale  d'administration,  cheffe  du  service \nprotection des personnes vuln\u00e9rables\u00a0;\n\u2022 Monsieur Hugo FAURE-GEORS, inspecteur hors classe de l'action sanitaire et sociale,  \nchef du service insertion sociale et parcours vers le logement\u00a0;\n\u2022 Monsieur S\u00e9bastien FIALON, attach\u00e9 d'administration, charg\u00e9 de mission d'appui et de \nsynth\u00e8se, valideur chorus formulaires ;\n\u2022 Madame Astride GAZAMBERT, inspectrice de l'action sanitaire et sociale, adjointe au  \nchef du service insertion sociale et parcours vers le logement ;\n\u2022 Madame Isabelle LEGRAND, attach\u00e9e principale d'administration, cheffe du service  \nacc\u00e8s au logement et mixit\u00e9 sociale\u00a0;\n\u2022 Madame Val\u00e9rie PERRET, agente contractuelle, adjointe \u00e0 la responsable du service  \nprotection des personnes vuln\u00e9rables ;\n\u2022 Madame  Maril\u00e8ne  PINHEIRO,  secr\u00e9taire  administrative  de  classe  exceptionnelle, \nadjointe au  chef du service lutte contre le sans-abrisme ;\n\u2022 Madame  Marie-Fan\u00e9lie  ROUSSE,  attach\u00e9e  principale  d'administration,  cheffe  de  la \ncellule d'appui transversal, valideur chorus formulaires ;\n\u2022 Madame Cl\u00e9mentine SERRA, attach\u00e9e d'administration, cheffe du service \u00c9galit\u00e9 des  \nchances ;\n\u2022 Madame  Virginie  SANZ,  attach\u00e9e  principale  d'administration,  cheffe  du  service \nstrat\u00e9gies partenariales ;\n\u2022 Madame  Fatmata  SILLAH-CISSE,  attach\u00e9e  d'administration,  charg\u00e9e  de  mission \nperformance  sociale  h\u00e9bergement  hors  CHRS  au  sein  de  la  cellule  pilotage,  \nobservation et expertises sociales.\nArticle 3 \u00a0:  Sont exclus de la d\u00e9l\u00e9gation de signature les  actes vis\u00e9s \u00e0 l'article 3 de l'arr\u00eat\u00e9  \npr\u00e9fectoral susvis\u00e9\u00a0:\n\uf0b7 Les ordres de r\u00e9quisition du comptable public\u00a0;\n\uf0b7 En cas de demande de passer outre le refus du contr\u00f4leur budg\u00e9taire r\u00e9gional, la lettre  \ninformant cette autorit\u00e9 des motifs de la d\u00e9cision de ne pas se conformer \u00e0 l'avis  \ndonn\u00e9\u00a0;\n\uf0b7 Les d\u00e9cisions financi\u00e8res d'un montant \u00e9gal ou sup\u00e9rieur \u00e0 150\u00a0000\u20ac.\nArticle 4 \u00a0: Le pr\u00e9sent arr\u00eat\u00e9 peut faire l'objet d'un recours contentieux devant le tribunal  \nadministratif de Lyon dans un d\u00e9lai de deux mois \u00e0 compter de sa publication. Le tribunal  \nadministratif peut \u00eatre saisi d'une requ\u00eate d\u00e9pos\u00e9e sur le site www.telerecours.fr.\nArticle 5\u00a0: le pr\u00e9sent arr\u00eat\u00e9 sera publi\u00e9 au Recueil des Actes Administratifs D\u00e9partemental de  \nla Pr\u00e9fecture du Rh\u00f4ne.\nVilleurbanne, le 13 janvier 2026\nSIGNE\nLe directeur d\u00e9partemental\nLaurent WILLEMAN\n3\n69_DDETS_Direction d\u00e9partementale de l'emploi du travail et des solidarit\u00e9s - 69-2026-01-13-00002 - D\u00e9cision portant subd\u00e9l\u00e9gation\nde signature en mati\u00e8re d'ordonnancement secondaire\net de march\u00e9s publics\n11\n69_DDETS_Direction d\u00e9partementale de\nl'emploi du travail et des solidarit\u00e9s\n69-2026-01-13-00001\nD\u00e9cision portant subd\u00e9l\u00e9gation en mati\u00e8re\nd'attributions g\u00e9n\u00e9rales des services\nde la Direction D\u00e9partementale de l'Emploi, du\nTravail et des Solidarit\u00e9s\n69_DDETS_Direction d\u00e9partementale de l'emploi du travail et des solidarit\u00e9s - 69-2026-01-13-00001 - D\u00e9cision portant subd\u00e9l\u00e9gation\nen mati\u00e8re d'attributions g\u00e9n\u00e9rales des services\nde la Direction D\u00e9partementale de l'Emploi, du Travail et des Solidarit\u00e9s\n12\nesPREFETEDU RHONELibert\u00e9Egalit\u00e9Fraternit\u00e9\nDirection d\u00e9partementale\nde l'emploi, du travail et des solidarit\u00e9s\nD\u00e9cision n\u00b0 69-2026-01-\nportant subd\u00e9l\u00e9gation en mati\u00e8re d'attributions g\u00e9n\u00e9rales des services\nde la Direction D\u00e9partementale de l'Emploi, du Travail et des Solidarit\u00e9s\nLE DIRECTEUR D\u00c9PARTEMENTAL DE L'EMPLOI, DU TRAVAIL ET DES SOLIDARIT\u00c9S DU \nRH\u00d4NE\nVu  le  d\u00e9cret  n\u00b02004-374  du  29  avril  2004  modifi\u00e9  relatif  aux  pouvoirs  des  pr\u00e9fets,  \u00e0 \nl'organisation et \u00e0 l'action des services de l'\u00c9tat dans les r\u00e9gions et d\u00e9partements ;\nVu le d\u00e9cret n\u00b0 2009-1484 du 3 d\u00e9cembre 2009 modifi\u00e9 relatif aux directions d\u00e9partementales \ninterminist\u00e9rielles ;\nVu  le  d\u00e9cret  n\u00b02015-1689  du  17  d\u00e9cembre  2015  modifi\u00e9  portant  diverses  mesures \nd'organisation et de fonctionnement dans les r\u00e9gions de l'administration territoriale de l'\u00c9tat  \net de commissions administratives ;\nVu  le  d\u00e9cret  n\u00b02020-99  du  7  f\u00e9vrier  2020  relatif  \u00e0  l'organisation  et  aux  missions  des \nsecr\u00e9tariats g\u00e9n\u00e9raux communs d\u00e9partementaux ;\nVu le d\u00e9cret n\u00b0 2020-1545 du 9 d\u00e9cembre 2020 relatif \u00e0 l'organisation et aux missions des  \ndirections r\u00e9gionales de l'\u00e9conomie, de l'emploi et du travail et des solidarit\u00e9s, des directions  \nd\u00e9partementales de l'emploi, du travail et des solidarit\u00e9s et des directions d\u00e9partementales  \nde l'emploi, du travail, des solidarit\u00e9s et de la protection des populations ;\nVu  l'arr\u00eat\u00e9  du  Premier  Ministre  du  31  mars  2011  modifi\u00e9  portant  d\u00e9concentration  des \nd\u00e9cisions  relatives  \u00e0  la  situation  individuelle  des  fonctionnaires  et  agents  non  titulaires \nexer\u00e7ant leurs fonctions dans les directions d\u00e9partementales interminist\u00e9rielles ;\nVu le d\u00e9cret en conseil des ministres du 11 janvier 2023 portant nomination de Mme Fabienne \nBUCCIO en qualit\u00e9 de pr\u00e9f\u00e8te de la r\u00e9gion Auvergne-Rh\u00f4ne-Alpes, pr\u00e9f\u00e8te de la zone de  \nd\u00e9fense et de s\u00e9curit\u00e9 Sud-Est, pr\u00e9f\u00e8te du Rh\u00f4ne (hors classe) ;\nVu le d\u00e9cret du 15 mai 2025 en conseil des ministres portant nomination de M. Fabrice ROSAY \nen  qualit\u00e9  de  pr\u00e9fet,  secr\u00e9taire  g\u00e9n\u00e9ral  de  la  pr\u00e9fecture  du  Rh\u00f4ne,  pr\u00e9fet  d\u00e9l\u00e9gu\u00e9  pour \nl'\u00e9galit\u00e9 des chances aupr\u00e8s de la pr\u00e9f\u00e8te de la r\u00e9gion Auvergne-Rh\u00f4ne-Alpes, pr\u00e9f\u00e8te de la  \nzone de d\u00e9fense et de s\u00e9curit\u00e9 Sud-Est, pr\u00e9f\u00e8te du Rh\u00f4ne ;\nVu l'arr\u00eat\u00e9 de la Premi\u00e8re ministre et du ministre de l'int\u00e9rieur et des outre-mer du 4 ao\u00fbt  \n2023  portant  nomination  de  Monsieur  Laurent  WILLEMAN  en  tant  que  directeur  \nd\u00e9partemental de l'emploi, du travail et des solidarit\u00e9s du Rh\u00f4ne ;\n69_DDETS_Direction d\u00e9partementale de l'emploi du travail et des solidarit\u00e9s - 69-2026-01-13-00001 - D\u00e9cision portant subd\u00e9l\u00e9gation\nen mati\u00e8re d'attributions g\u00e9n\u00e9rales des services\nde la Direction D\u00e9partementale de l'Emploi, du Travail et des Solidarit\u00e9s\n13\nVu l'arr\u00eat\u00e9 de la Premi\u00e8re ministre et du ministre de l'int\u00e9rieur et des outre-mer du 27 octobre \n2023 portant  nomination  de  Monsieur  Jean-Fran\u00e7ois  FOUGNET,  inspecteur  de  classe \nexceptionnelle de l'action sanitaire et sociale, en qualit\u00e9 de directeur d\u00e9partemental adjoint  \nde l'emploi, du travail et des solidarit\u00e9s du Rh\u00f4ne ;\nVu l'arr\u00eat\u00e9 de la Premi\u00e8re ministre et du ministre de l'int\u00e9rieur et des outre-mer du 26 janvier \n2024 portant  nomination  de  Monsieur  Alain  TESTOT,  directeur  du  travail,  en  qualit\u00e9  de \ndirecteur d\u00e9partemental adjoint de l'emploi, du travail et des solidarit\u00e9s du Rh\u00f4ne ;\nVu l'arr\u00eat\u00e9 pr\u00e9fectoral n\u00b0 69-2021-03-29-00004 du 29 mars 2021 portant organisation de la  \ndirection d\u00e9partementale de l'emploi, du travail et des solidarit\u00e9s (DDETS) du Rh\u00f4ne ;\nVu l'arr\u00eat\u00e9 pr\u00e9fectoral n\u00b0 6 9-2025-11-10-0004 du 1 0 novembre 2025  portant d\u00e9l\u00e9gation de si -\ngnature \u00e0 Monsieur Laurent WILLEMAN, directeur d\u00e9partemental de l'emploi, du travail et des \nsolidarit\u00e9s du Rh\u00f4ne\u00a0;\nSur proposition du pr\u00e9fet secr\u00e9taire g\u00e9n\u00e9ral, pr\u00e9fet d\u00e9l\u00e9gu\u00e9 \u00e0 l'\u00e9galit\u00e9 des chances ;\nD\u00c9CIDE\nArticle  1 :  En  cas  d'absence  ou  d'emp\u00eachement  de  M.  Laurent  WILLEMAN,  directeur \nd\u00e9partemental de l'emploi, du travail et des solidarit\u00e9s, la d\u00e9l\u00e9gation de signature qui lui est  \nconf\u00e9r\u00e9e par l'arr\u00eat\u00e9 pr\u00e9fectoral n\u00b0 69-2025-11-10-0004 du 10 novembre 2025 sera exerc\u00e9e par \nM. Jean-Fran\u00e7ois FOUGNET , directeur d\u00e9partemental adjoint ainsi que par M. Alain TESTOT,  \ndirecteur d\u00e9partemental adjoint.\nArticle 2  : En cas d'absence des personnes vis\u00e9es \u00e0 l'article 1, subd\u00e9l\u00e9gation de signature est  \ndonn\u00e9e,  pour  tous  les  actes  relevant  de  la  comp\u00e9tence  des  services  de  la  Direction \nd\u00e9partementale de l'emploi, du travail et des solidarit\u00e9s, dans la limite de leurs attributions  \nfonctionnelles  et  \u00e0  l'exclusion  des  actes  vis\u00e9s  \u00e0  l'article  3  de  la  pr\u00e9sente  d\u00e9cision,  aux \npersonnes suivantes :\nChefs de p\u00f4le de la direction\n\uf0b7 Madame Mathilde ARNOULT, directrice adjointe du travail, cheffe du p\u00f4le entreprises,  \nemploi et insertion professionnelle ;\n\uf0b7 Madame Julie NARDIN, directrice du travail, cheffe du p\u00f4le travail ;\n\uf0b7 Madame Alice PAGEAUX, inspectrice hors classe de l'action sanitaire et sociale, cheffe  \ndu p\u00f4le h\u00e9bergement et inclusion sociale ;\n\uf0b7 Madame  Claire  PANIER,  attach\u00e9e  principale  d'administration,  cheffe  du  p\u00f4le \npartenariats et \u00e9galit\u00e9 des chances ;\nChefs de service, chefs de cellule et responsables d'unit\u00e9s de contr\u00f4le\n\u2022 Monsieur Thierry AFFRE, directeur adjoint du travail, responsable de l'unit\u00e9 de contr\u00f4le \n1, Lyon Centre\u00a0;\u00a0\u00a0\n\u2022 Madame Charlotte BAUDOUIN, directrice adjointe du travail, responsable de l'unit\u00e9 de \ncontr\u00f4le 6, Rh\u00f4ne-Transports, Lyon-Villeurbanne\u00a0;\n\u2022 Madame  Christine  BENEDETTO,  inspectrice  du  travail,  cheffe  du  service  accueil, \nrenseignement, travail, emploi ;\n\u2022 Madame  Caroline  BRUN,  attach\u00e9e  principale  d'administration,  cheffe du  service  \naccompagnement des mutations \u00e9conomiques ;\n\u2022 Madame Camille DAYRAUD, inspectrice hors classe de l'action sanitaire et sociale,  \ncheffe du service droits au logement et pr\u00e9vention des expulsions ;\n2\n69_DDETS_Direction d\u00e9partementale de l'emploi du travail et des solidarit\u00e9s - 69-2026-01-13-00001 - D\u00e9cision portant subd\u00e9l\u00e9gation\nen mati\u00e8re d'attributions g\u00e9n\u00e9rales des services\nde la Direction D\u00e9partementale de l'Emploi, du Travail et des Solidarit\u00e9s\n14\n\u2022 Monsieur Arthur DELACHAUX, attach\u00e9 d'administration, chef du service lutte contre le \nsans-abrisme ;\n\u2022 Monsieur Alain DUNEZ, directeur adjoint du travail, responsable de l'unit\u00e9 de contr\u00f4le  \n2, Rh\u00f4ne-Sud-Ouest ;\n\u2022 Madame  Lucie  DURIEU,  attach\u00e9e  principale  d'administration,  cheffe  du  service \nprotection des personnes vuln\u00e9rables ;\n\u2022 Monsieur Hugo FAURE-GEORS, inspecteur hors classe de l'action sanitaire et sociale,  \nchef du service insertion sociale et parcours vers le logement\u00a0;\n\u2022 Madame M\u00e9lanie GIMENEZ, directrice adjointe du travail, cheffe du service emploi et  \ninsertion professionnelle ;\n\u2022 Madame Agathe KHERBACHE, directrice adjointe du travail, responsable de l'unit\u00e9 de  \ncontr\u00f4le 7, Lyon - Vall\u00e9e du Rh\u00f4ne ;\n\u2022 Madame Isabelle LEGRAND, attach\u00e9e principale d'administration, cheffe du service  \nacc\u00e8s au logement et mixit\u00e9 sociale ;\n\u2022 Madame Fr\u00e9d\u00e9rique LIBAUD, directrice adjointe du travail, responsable de l'unit\u00e9 de  \ncontr\u00f4le 4, Rh\u00f4ne-Centre-Est ;\n\u2022 Madame Marie-Fan\u00e9lie ROUSS E, attach\u00e9e principale  d'administration, responsable de  \nla cellule appui au pilotage de la DDETS ;\n\u2022 Madame Nathalie ROCHE, directrice adjointe du travail, cheffe du service dialogue  \nsocial et administration du travail ;\n\u2022 Madame Sophie RUAT, directrice adjointe du travail, responsable de l'unit\u00e9 de contr\u00f4le \n3, Lyon-Villeurbanne ;\n\u2022 Madame Cl\u00e9mentine SERRA, attach\u00e9e d'administration, cheffe du service \u00c9galit\u00e9 des  \nchances ;\n\u2022 Madame  Virginie  SANZ,  attach\u00e9e  principale  d'administration, cheffe  du  service  \nstrat\u00e9gies partenariales ;\nAutres cadres A et B\n\u2022 Monsieur  Antoine  BOHY,  attach\u00e9  d'administration,  charg\u00e9  de  mission  mutations \n\u00e9conomiques, s'agissant des actes pris au titre de l'activit\u00e9 partielle et de l'activit\u00e9  \npartielle de longue dur\u00e9e ;\n\u2022 Monsieur Rapha\u00ebl COULANGE, attach\u00e9 territorial, adjoint \u00e0 cheffe du service \u00c9galit\u00e9  \ndes chances ;\n\u2022 Madame Astride GAZAMBERT, i nspectrice de l'action sanitaire et sociale, adjointe au  \nchef du service insertion sociale et parcours vers le logement\n\u2022 Madame Maud GRARE, attach\u00e9e d'administration, adjointe \u00e0 la cheffe du service acc\u00e8s \nau logement et mixit\u00e9 sociale\u00a0;\n\u2022 Monsieur  Dominique  HANOT,  professeur  de  sport,  charg\u00e9  de  mission  politiques \n\u00e9ducatives ;\n\u2022 Monsieur Louis MONNOT, charg\u00e9 de mission DALO ;\n\u2022 Madame Val\u00e9rie PERRET, agente contractuelle, adjointe \u00e0 la responsable du service  \nprotection des personnes vuln\u00e9rables ;\n\u2022 Monsieur Maxime PUTIGNY, attach\u00e9 principal d'administration, c harg\u00e9 de mission ICE  \net veille sociale ;\n\u2022 Madame Nad\u00e8ge RODIER, attach\u00e9e d'administration, coordinatrice activit\u00e9 partielle , \ns'agissant des actes pris au titre de l'activit\u00e9 partielle et de l'activit\u00e9 partielle de longue  \ndur\u00e9e ;\n\u2022 Madame  Fatmata  SILLAH-CISSE,  attach\u00e9e  d'administration,  Charg\u00e9e  de  mission \nperformance sociale, restructuration de l'offre ;\n3\n69_DDETS_Direction d\u00e9partementale de l'emploi du travail et des solidarit\u00e9s - 69-2026-01-13-00001 - D\u00e9cision portant subd\u00e9l\u00e9gation\nen mati\u00e8re d'attributions g\u00e9n\u00e9rales des services\nde la Direction D\u00e9partementale de l'Emploi, du Travail et des Solidarit\u00e9s\n15\n\u2022 Monsieur Fr\u00e9d\u00e9ric VERT, agent contractuel, adjoint \u00e0 la responsable de la cellule appui  \nau pilotage.\nArticle 3 : Sont exclus de la pr\u00e9sente d\u00e9l\u00e9gation :\n\uf0b7 les actes \u00e0 port\u00e9e r\u00e9glementaire,\n\uf0b7 les actes d\u00e9favorables faisant grief \u00e0 des tiers lorsqu'ils rel\u00e8vent d'une appr\u00e9ciation  \ndiscr\u00e9tionnaire,  notamment  les  sanctions  administratives,  suspensions,  annulations, \nretraits d'agr\u00e9ments ou d'autorisation ainsi que les d\u00e9cisions de refus, sauf s'ils rel\u00e8vent \nde la mise en \u0153uvre des d\u00e9cisions prises par la commission de m\u00e9diation du Rh\u00f4ne,  \ndes  dispositifs  d'activit\u00e9  partielle  et  des  d\u00e9cisions  d'opposition  \u00e0  l'engagement \nd'apprentis.\n\uf0b7 les  arr\u00eat\u00e9s  portant  nomination  de  membres  de  commissions  et  comit\u00e9s  \nd\u00e9partementaux,\n\uf0b7 les arr\u00eat\u00e9s d'ouverture d'enqu\u00eate publique et de tous arr\u00eat\u00e9s subs\u00e9quents,\n\uf0b7 les conventions de tous ordres avec des collectivit\u00e9s territoriales ou des \u00e9tablissements \npublics engageant financi\u00e8rement l'\u00c9tat,\n\uf0b7 les instructions ou circulaires adress\u00e9es aux collectivit\u00e9s territoriales,\n\uf0b7 les r\u00e9ponses aux recours gracieux dans le cadre du contr\u00f4le de l\u00e9galit\u00e9.\nArticle 4  : La pr\u00e9sente d\u00e9cision peut faire l'objet d'un recours contentieux devant le tribunal  \nadministratif de Lyon dans un d\u00e9lai de deux mois \u00e0 compter de sa publication. Le tribunal  \nadministratif peut \u00eatre saisi d'une requ\u00eate d\u00e9pos\u00e9e sur le site www.telerecours.fr.\nArticle  5 : La  pr\u00e9sente  d\u00e9cision  sera  publi\u00e9e  au  Recueil  des  Actes  Administratifs \nD\u00e9partemental de la Pr\u00e9fecture du Rh\u00f4ne.\nVilleurbanne, le 13 janvier 2026\nSIGNE\nLe directeur d\u00e9partemental\nLaurent WILLEMAN\n4\n69_DDETS_Direction d\u00e9partementale de l'emploi du travail et des solidarit\u00e9s - 69-2026-01-13-00001 - D\u00e9cision portant subd\u00e9l\u00e9gation\nen mati\u00e8re d'attributions g\u00e9n\u00e9rales des services\nde la Direction D\u00e9partementale de l'Emploi, du Travail et des Solidarit\u00e9s\n16\n69_DDT_Direction d\u00e9partementale des\nterritoires du Rh\u00f4ne\n69-2026-01-12-00003\nArr\u00eat\u00e9 pr\u00e9fectoral n\u00b0\u00a0DDT_SENR_2025_B179 \nimposant des prescriptions sp\u00e9cifiques \u00e0 SARL\nSG BOIS concernant les travaux de\nfranchissement temporaire du cours d'eau Le\nBoussuivre \u00e0 SAINT-MARCEL-L'ECLAIR\u00c9 et JOUX\n69_DDT_Direction d\u00e9partementale des territoires du Rh\u00f4ne - 69-2026-01-12-00003 - Arr\u00eat\u00e9 pr\u00e9fectoral n\u00b0\u00a0DDT_SENR_2025_B179 \nimposant des prescriptions sp\u00e9cifiques \u00e0 SARL SG BOIS concernant les travaux de franchissement temporaire du cours d'eau Le\nBoussuivre \u00e0 SAINT-MARCEL-L'ECLAIR\u00c9 et JOUX\n17\nesPREFETEDU RHONELibert\u00e9Egalit\u00e9Fraternit\u00e9\nDirection d\u00e9partementale\ndes territoires\nArr\u00eat\u00e9 pr\u00e9fectoral n\u00b0 DDT_SENR_2025_B179 du 12 janvier 2026\nimposant des prescriptions sp\u00e9cifiques \u00e0 SARL SG BOIS concernant les travaux de franchissement\ntemporaire du cours d'eau Le Boussuivre \u00e0 SAINT-MARCEL-L'ECLAIR\u00c9 et JOUX\nLa Pr\u00e9f\u00e8te de la R\u00e9gion Auvergne-Rh\u00f4ne-Alpes,\nPr\u00e9f\u00e8te de la Zone de d\u00e9fense et de s\u00e9curit\u00e9 sud-est,\nPr\u00e9f\u00e8te du Rh\u00f4ne,\nCommandeur de la L\u00e9gion d'honneur,\nCommandeur de l'ordre national du M\u00e9rite,\nVU le code de l'environnement \u2013 Livre II \u2013 Titre 1er et notamment les articles L. 214-1 \u00e0 L. 214-6 et R. 214-\n35,\nVU  le  Sch\u00e9ma  Directeur  d'Am\u00e9nagement  et  de  Gestion  des  Eaux  du  bassin  Rh\u00f4ne-M\u00e9diterran\u00e9e\n(SDAGE),\nVU le d\u00e9cret du 11 janvier 2023 en conseil des ministres portant nomination de Mme Fabienne BUCCIO\nen qualit\u00e9 de pr\u00e9f\u00e8te de la r\u00e9gion Auvergne-Rh\u00f4ne-Alpes, pr\u00e9f\u00e8te de la Zone de d\u00e9fense et de s\u00e9curit\u00e9\nSud-Est, pr\u00e9f\u00e8te du Rh\u00f4ne (hors classe),\nVU l'arr\u00eat\u00e9 pr\u00e9fectoral n\u00b0 69-2025-09-08-00008 du 08 septembre 2025 portant d\u00e9l\u00e9gation de signature\n\u00e0 M. Xavier CEREZA, directeur d\u00e9partemental des territoires du Rh\u00f4ne,\nVU la d\u00e9cision n\u00b0 69-2025-09-11-00001 du 11 septembre 2025 portant subd\u00e9l\u00e9gation de signatures en\nmati\u00e8re d'attributions g\u00e9n\u00e9rales,\nVU le dossier de d\u00e9claration d\u00e9pos\u00e9 au titre de l'article L. 214-3 du code de l'environnement re\u00e7u le\n17 novembre 2025, pr\u00e9sent\u00e9 par SARL SG BOIS, enregistr\u00e9 sous le n\u00b0 0100302692 et relatif aux travaux\nde franchissement temporaire du cours d'eau Le Boussuivre \u00e0 SAINT-MARCEL-L'ECLAIR\u00c9 et JOUX,\nVU le r\u00e9c\u00e9piss\u00e9 de d\u00e9claration d\u00e9livr\u00e9 \u00e0 SARL SG BOIS, apr\u00e8s analyse de la compl\u00e9tude du dossier,\nVU le  projet  d'arr\u00eat\u00e9  adress\u00e9  au  p\u00e9titionnaire  pour  observations  \u00e9ventuelles  en  date  du\n29 d\u00e9cembre 2025,\nVU l'absence d'observations du p\u00e9titionnaire sur le projet d'arr\u00eat\u00e9 confirm\u00e9e par courrier r\u00e9ceptionn\u00e9\nle 29 d\u00e9cembre 2025,\nCONSID\u00c9RANT que des prescriptions additionnelles sont n\u00e9cessaires pour assurer la protection des\n\u00e9l\u00e9ments  mentionn\u00e9s  \u00e0  l'article L.  211-1 du code de l'environnement  et  peuvent  donc  \u00eatre fix\u00e9es,\nconform\u00e9ment aux dispositions de l'article R. 214-35 du m\u00eame code,\nCONSID\u00c9RANT que ces travaux, de par leur nature, entra\u00eenent des perturbations sur les milieux et\npeuplements piscicoles notamment par alt\u00e9ration de la qualit\u00e9 de l'eau (mise en suspension de fines),\net de l'habitat (colmatage et destruction de zones de fray\u00e8res),\nCONSID\u00c9RANT la pr\u00e9sence dans le cours d'eau de la truite fario et des \u00e9crevisses \u00e0 pieds blancs,\nesp\u00e8ces prot\u00e9g\u00e9es par arr\u00eat\u00e9 minist\u00e9riel,\nCONSID\u00c9RANT qu'ainsi il convient de limiter les impacts de ces travaux sur le cours d'eau \u00e0 l'aval du\nprojet par le respect de prescriptions,\n1/3\n69_DDT_Direction d\u00e9partementale des territoires du Rh\u00f4ne - 69-2026-01-12-00003 - Arr\u00eat\u00e9 pr\u00e9fectoral n\u00b0\u00a0DDT_SENR_2025_B179 \nimposant des prescriptions sp\u00e9cifiques \u00e0 SARL SG BOIS concernant les travaux de franchissement temporaire du cours d'eau Le\nBoussuivre \u00e0 SAINT-MARCEL-L'ECLAIR\u00c9 et JOUX\n18\nSUR proposition du directeur d\u00e9partemental des territoires du Rh\u00f4ne,\nARR\u00caTE\nArticle     1   : Objet de la d\u00e9claration.\nIl est donn\u00e9 acte \u00e0 SARL SG BOIS de sa d\u00e9claration en application de l'article L. 214-3 du code de\nl'environnement, sous r\u00e9serve des prescriptions \u00e9nonc\u00e9es \u00e0 l'article suivant, concernant less travaux de\nfranchissement temporaire du cours d'eau Le Boussuivre \u00e0 SAINT-MARCEL-L'ECLAIR\u00c9 et JOUX.\nCes travaux rentrent dans la nomenclature des op\u00e9rations soumises \u00e0 d\u00e9claration au titre de l'article\nL. 214-3  du  code  de  l'environnement.  Les  rubriques  du  tableau  de  l'article  R.  214-1  du  code  de\nl'environnement concern\u00e9es sont les suivantes :\nRubrique(s) de la nomenclature\n(R\u00e9gime de la d\u00e9claration)\nArr\u00eat\u00e9s de\nprescriptions\ng\u00e9n\u00e9rales\n3.1.2.0*. Installations, ouvrages, travaux ou activit\u00e9s conduisant \u00e0 modifier le \nprofil en long ou le profil en travers du lit mineur d'un cours d'eau, \u00e0 \nl'exclusion de ceux vis\u00e9s \u00e0 la rubrique 3.1.4.0, ou conduisant \u00e0 la d\u00e9rivation \nd'un cours d'eau :\n1\u00b0 Sur une longueur de cours d'eau sup\u00e9rieure ou \u00e9gale \u00e0 100 m (A) ;\n2\u00b0 Sur une longueur de cours d'eau inf\u00e9rieure \u00e0 100 m (D).\nLe lit mineur d'un cours d'eau est l'espace recouvert par les eaux coulant \u00e0 \npleins bords avant d\u00e9bordement.\n3.1.5.0. Installations, ouvrages, travaux ou activit\u00e9s, dans le lit mineur d'un \ncours d'eau, \u00e9tant de nature \u00e0 d\u00e9truire les fray\u00e8res, les zones de croissance \nou les zones d'alimentation de la faune piscicole, des crustac\u00e9s et des \nbatraciens ou dans le lit majeur d'un cours d'eau, \u00e9tant de nature \u00e0 d\u00e9truire \nles fray\u00e8res de brochet. :\n1\u00b0 Destruction de plus de 200 m\u00b2 de fray\u00e8res (A) ;\n2\u00b0 Dans les autres cas (D).\narr\u00eat\u00e9\nminist\u00e9riel du\n28/11/2007\narr\u00eat\u00e9\nminist\u00e9riel du\n30/09/2014\nArticle     2   : Prescriptions techniques.\nLes prescriptions suivantes sont ins\u00e9r\u00e9es :\nLe d\u00e9clarant communique aux services de police de l'eau (sd69@ofb.gouv.fr ; ddt-eau@rhone.gouv.fr), au\nmoins 10 jours \u00e0 l'avance les dates de d\u00e9but et fin du chantier.\nLes interventions dans le lit mineur sont interdites durant la p\u00e9riode du 1er novembre au 15 juin.\nPendant  la  dur\u00e9e  des  travaux,  le  p\u00e9titionnaire  veille  \u00e0  ne  pas  entraver  l'\u00e9coulement  des  eaux  en\nmaintenant un \u00e9coulement entre l'amont et l'aval des travaux.\nLe cours d'eau, les berges et les zones humides associ\u00e9es sont clairement identifi\u00e9es et, si n\u00e9cessaire,\nbalis\u00e9s pour les op\u00e9rateurs.\nToutes les mesures sont prises pour limiter l'\u00e9rosion des sols et le ravinement sur toute l'emprise du\nchantier et r\u00e9duire au maximum le rejet de mati\u00e8res en suspension (MES) dans le cours d'eau (travail en\np\u00e9riode s\u00e8che, contre-pentes, merlon ou tranch\u00e9e provisoire, etc.). Si le ruisseau n'est pas en assec lors\ndes travaux, un barrage filtrant est mis en place \u00e0 l'aval imm\u00e9diat du chantier.\nToutes les mesures sont prises pour \u00e9viter le stockage de bois ou de r\u00e9manents dans le lit mineur du\ncours d'eau.\nToutes les mesures pr\u00e9ventives sont mises en \u0153uvre pour supprimer les risques li\u00e9s \u00e0 la pr\u00e9sence\nd'engins \u00e0 proximit\u00e9 de la rivi\u00e8re. Aucun engin ne peut circuler dans le lit mouill\u00e9 de la rivi\u00e8re et les\npistes d'acc\u00e8s sont balis\u00e9es par les op\u00e9rateurs.\n2/3\n69_DDT_Direction d\u00e9partementale des territoires du Rh\u00f4ne - 69-2026-01-12-00003 - Arr\u00eat\u00e9 pr\u00e9fectoral n\u00b0\u00a0DDT_SENR_2025_B179 \nimposant des prescriptions sp\u00e9cifiques \u00e0 SARL SG BOIS concernant les travaux de franchissement temporaire du cours d'eau Le\nBoussuivre \u00e0 SAINT-MARCEL-L'ECLAIR\u00c9 et JOUX\n19\nToutes les mesures sont mises en \u0153uvre par l'entreprise en charge des travaux pour r\u00e9duire le risque de\npollution accidentelle (fuites d'hydrocarbures ou d'huiles hydrauliques, stock de carburant, etc).\nLes travaux ne doivent pas conduire \u00e0 rehausser le niveau du terrain naturel en berge lors de la remise \u00e0\nl'\u00e9tat initial.\nAfin de justifier de la remise en \u00e9tat des lieux, un compte rendu de fin de chantier est transmis par mail\nsous un mois \u00e0 ddt-eau@rhone.gouv.fr, comprenant : un descriptif des mesures prises pour la protection\ndu milieu aquatique, les incidents \u00e9ventuels, des photos du site am\u00e9nag\u00e9 pour la travers\u00e9e du cours\nd'eau (\u00e9tat initial et apr\u00e8s travaux).\nSi  le  d\u00e9clarant  veut  obtenir  la  modification  de  certaines  prescriptions  sp\u00e9cifiques  applicables  \u00e0\nl'installation,  il  en  fait  la  demande  au  pr\u00e9fet,  qui  statue  alors  par  arr\u00eat\u00e9.  Le  silence  gard\u00e9  par\nl'administration pendant plus de trois mois sur la demande du d\u00e9clarant vaut rejet.\nArticle 3 : Droits des tiers.\nLes droits des tiers sont et demeurent express\u00e9ment r\u00e9serv\u00e9s.\nArticle 4 : D\u00e9lais et voies de recours.\nLe  pr\u00e9sent  arr\u00eat\u00e9  est  susceptible  de  recours  devant  le  tribunal  administratif  territorialement\ncomp\u00e9tent, dans les conditions fix\u00e9es \u00e0 l'article R. 514-3-1 du code de l'environnement :\n\u00ab 1\u00b0 Par les tiers int\u00e9ress\u00e9s en raison des inconv\u00e9nients ou des dangers que le fonctionnement de\nl'installation pr\u00e9sente pour les int\u00e9r\u00eats mentionn\u00e9s aux articles L. 211-1 et L. 511-1 dans un d\u00e9lai de deux\nmois \u00e0 compter du premier jour de la publication ou de l'affichage de ces d\u00e9cisions,\n2\u00b0 Par les demandeurs ou exploitants, dans un d\u00e9lai de deux mois \u00e0 compter de la date \u00e0 laquelle la\nd\u00e9cision leur a \u00e9t\u00e9 notifi\u00e9e.\nLes d\u00e9cisions mentionn\u00e9es au premier alin\u00e9a peuvent faire l'objet d'un recours gracieux ou hi\u00e9rarchique\ndans le d\u00e9lai de deux mois. Ce recours administratif prolonge de deux mois les d\u00e9lais mentionn\u00e9s aux 1\u00b0\net 2\u00b0 \u00bb. Le tribunal administratif peut \u00eatre saisi d'une requ\u00eate d\u00e9pos\u00e9e sur le site www.telerecours.fr.\nArticle 5 : Publicit\u00e9\nConform\u00e9ment aux dispositions r\u00e9glementaires en vigueur :\n- Une copie du pr\u00e9sent arr\u00eat\u00e9 sera affich\u00e9e en mairies de SAINT-MARCEL-L'ECLAIR\u00c9 et JOUX avec\nune copie de la d\u00e9claration et du r\u00e9c\u00e9piss\u00e9 d\u00e9livr\u00e9 pendant un d\u00e9lai d'au moins un mois.\n- Le pr\u00e9sent arr\u00eat\u00e9 sera publi\u00e9 au recueil des actes administratifs de la pr\u00e9fecture.\n- Ces documents seront mis \u00e0 disposition du public sur le site internet des services de l'\u00c9tat dans\nle Rh\u00f4ne pendant au moins 6 mois.\nArticle 6 : Ex\u00e9cution\nLe Pr\u00e9fet, secr\u00e9taire g\u00e9n\u00e9ral de la pr\u00e9fecture du Rh\u00f4ne, pr\u00e9fet d\u00e9l\u00e9gu\u00e9 pour l'\u00e9galit\u00e9 des chances, le\ndirecteur d\u00e9partemental des territoires du Rh\u00f4ne, sont charg\u00e9s, chacun en ce qui le concerne, de\nl'ex\u00e9cution du pr\u00e9sent arr\u00eat\u00e9 qui sera notifi\u00e9 au p\u00e9titionnaire et dont copie sera adress\u00e9e \u00e0 l'office\nfran\u00e7ais de la biodiversit\u00e9 et aux maires de SAINT-MARCEL-L'ECLAIR\u00c9 et JOUX, charg\u00e9s de l'affichage\npr\u00e9vu \u00e0 l'article 5 du pr\u00e9sent arr\u00eat\u00e9.\nPour la Pr\u00e9f\u00e8te et par d\u00e9l\u00e9gation,\n Pour le directeur d\u00e9partemental des Territoires du Rh\u00f4ne \nLe directeur adjoint\nNicolas ROUGIER\n3/3\n69_DDT_Direction d\u00e9partementale des territoires du Rh\u00f4ne - 69-2026-01-12-00003 - Arr\u00eat\u00e9 pr\u00e9fectoral n\u00b0\u00a0DDT_SENR_2025_B179 \nimposant des prescriptions sp\u00e9cifiques \u00e0 SARL SG BOIS concernant les travaux de franchissement temporaire du cours d'eau Le\nBoussuivre \u00e0 SAINT-MARCEL-L'ECLAIR\u00c9 et JOUX\n20\n84_ARS_Agence R\u00e9gionale de Sant\u00e9\nAuvergne-Rh\u00f4ne-Alpes\n69-2026-01-12-00002\nArr\u00eat\u00e9 portant modification d'agr\u00e9ment pour\neffectuer des transports sanitaires relatif \u00e0 la\nsoci\u00e9t\u00e9 MTS AMBULANCES \u00e0 VILLEURBANNE\n84_ARS_Agence R\u00e9gionale de Sant\u00e9 Auvergne-Rh\u00f4ne-Alpes - 69-2026-01-12-00002 - Arr\u00eat\u00e9 portant modification d'agr\u00e9ment pour\neffectuer des transports sanitaires relatif \u00e0 la soci\u00e9t\u00e9 MTS AMBULANCES \u00e0 VILLEURBANNE 21\nEEREPUBLIQUEFRAN\u00c7AISE @ D Agence R\u00e9gionale de Sant\u00e9Libert\u00e9 A \u00e0ee uvergne-Rh\u00f4ne-AlpesEgalit\u00e9 8 PFraternit\u00e9\nArr\u00e9t\u00e9 n\u00b0 2026-10-0013Portant modification d'agr\u00e9ment pour effectuer des transports sanitaires terrestresLa Directrice g\u00e9n\u00e9rale de l'Agence R\u00e9gionale de Sant\u00e9 Auvergne-Rh\u00f4ne-AlpesVU le Code de la Sant\u00e9 Publique et notamment les articles L 6312-1 \u00e0 L 6313-1 et R 6312-1 \u00e0 R 6314-6;VU l'arr\u00eat\u00e9 minist\u00e9riel du 12 d\u00e9cembre 2017 modifi\u00e9 fixant les conditions exig\u00e9es pour les v\u00e9hiculeset les installations mat\u00e9rielles affect\u00e9s aux transports sanitaires terrestres;VU l'arr\u00eat\u00e9 n\u00b0 2024-10-0263 portant modification d'agr\u00e9ment pour effectuer des transportssanitaires terrestres d\u00e9livr\u00e9 le 30 d\u00e9cembre 2024 \u00e0 la SASU MTS AMBULANCE,Consid\u00e9rant l'attestation de conformit\u00e9 des installations mat\u00e9rielles d\u00e9pos\u00e9e le 10 janvier 2026 parla SASU MTS AMBULANCE via la plateforme \u00ab d\u00e9marche.numerique.gouv.fr \u00bb sous la r\u00e9f\u00e9rence n\u00b028630024, -ARR\u00caTE-ARTICLE 1 : un agr\u00e9ment pour effectuer des transports sanitaires terrestres sur prescriptionm\u00e9dicale et dans le cadre de l'aide m\u00e9dicale urgente, est d\u00e9livr\u00e9 a:SASU MTS AMBULANCEMonsieur Montasar MOUELHI14 rue Dovamont - 69100 VILLEURBANNEN\u00b0 d'agr\u00e9ment : 692023008ARTICLE 2 : le pr\u00e9sent arr\u00eat\u00e9 annule et remplace l'arr\u00eat\u00e9 n\u00b0 2024-10-0263 portant modificationd'agr\u00e9ment pour effectuer des transports sanitaires terrestres d\u00e9livr\u00e9 le 30 d\u00e9cembre 2024 \u00e0 laSASU MTS AMBULANCE.ARTICLE 3: l'agr\u00e9ment est d\u00e9livr\u00e9 pour l'implantation \u00e0 l'adresse ci-dessus mentionn\u00e9e.ARTICLE 4: les v\u00e9hicules de transports sanitaires associ\u00e9s \u00e0 cette implantation font l'objet d'uned\u00e9cision d'autorisation de mise en service conform\u00e9ment aux dispositions de l'article L.6312-4 ducode de sant\u00e9 publique.ARTICLE 5: la personne titulaire de l'agr\u00e9ment devra porter sans d\u00e9lai \u00e0 la connaissance de l'agencer\u00e9gionale de sant\u00e9,\nCourrier : CS 93383 - 69418 Lyon cedex 0304 72 34 74 00www.auvergne-rhone-alpes.ars.sante.fr\n Conform\u00e9ment au r\u00e8glement (UE) 2016/679 du Parlement europ\u00e9en et \u00e0 la loi n\u00b0 78-17 du 6 janvier 1978 modifi\u00e9e relative \u00e0 l'informatique, aux fichiers et aux libert\u00e9s, vous pouvez acc\u00e9der aux donn\u00e9es vous concernant ou demander leur effacement. Vous disposez \u00e9galement d'un droit d'opposition, d'un droit de rectification et d'un droit \u00e0 la limitation du traitement de vos donn\u00e9es. Pour exercer ces droits, vous pouvez contacter le D\u00e9l\u00e9gu\u00e9 \u00e0 la protection des donn\u00e9es de l'ARS (ars-ara-dpd@ars.sante.fr). \n \n \n \n \n \n \n \n \n84_ARS_Agence R\u00e9gionale de Sant\u00e9 Auvergne-Rh\u00f4ne-Alpes - 69-2026-01-12-00002 - Arr\u00eat\u00e9 portant modification d'agr\u00e9ment pour\neffectuer des transports sanitaires relatif \u00e0 la soci\u00e9t\u00e9 MTS AMBULANCES \u00e0 VILLEURBANNE 22\ntoutes modifications au regard des normes pr\u00e9vues, toute mise hors service, cession oumodification des v\u00e9hicules indiqu\u00e9s,toute embauche de nouveau personnel,toute cessation de fonctions d'un ou plusieurs membres de leur personnel,toute obtention par le personnel de dipl\u00f4me relatif a la profession,L'inobservation de tout ou partie de ces dispositions est susceptible d'entrainer une suspension ouun retrait d'agr\u00e9ment.ARTICLE 6 : le pr\u00e9sent arr\u00eat\u00e9 peut faire l'objet d'un recours contentieux aupr\u00e8s du tribunaladministratif comp\u00e9tent, dans un d\u00e9lai de deux mois \u00e0 compter de sa notification pour le titulaireet de sa publication au recueil des actes administratifs pour les tiers.ARTICLE 7 : Monsieur le Directeur de la d\u00e9l\u00e9gation d\u00e9partementale du Rh\u00f4ne et de la M\u00e9tropolede Lyon est charg\u00e9 de l'ex\u00e9cution du pr\u00e9sent arr\u00eat\u00e9.\nLYON, le 12 janvier 2026Pour la Directrice g\u00e9n\u00e9rale et par d\u00e9l\u00e9gation,D\u00e9l\u00e9gation d\u00e9partementale du Rh\u00f4ne et de la M\u00e9tropole de LyonResponsable Service Transports SanitairesFabienne GUILLAUD\n- \n- \n- \n- \n84_ARS_Agence R\u00e9gionale de Sant\u00e9 Auvergne-Rh\u00f4ne-Alpes - 69-2026-01-12-00002 - Arr\u00eat\u00e9 portant modification d'agr\u00e9ment pour\neffectuer des transports sanitaires relatif \u00e0 la soci\u00e9t\u00e9 MTS AMBULANCES \u00e0 VILLEURBANNE 23","date":"2026-01-13","first_seen_on":"2026-01-13T15:47:42+00:00","id":"f8ddd93ceceabf64fd5db611caaef3b32b68fac165b344cd5ab5ceda14a86e20","name":"RAA_69-2026-013-130126","pdf_creation_date":"2026-01-13T15:06:20+00:00","pdf_modification_date":"2026-01-13T15:06:59+00:00","timezone":"Europe/Paris","url":"https://www.rhone.gouv.fr/contenu/telechargement/66912/450446/file/RAA_69-2026-013-130126.pdf"}
