{"administration":"prefidf","administration_name":"Pr\u00e9fecture de la r\u00e9gion \u00cele-de-France","content":"PREFECTURE\nREGION ILE DE\nFRANCE\nRECUEIL DES ACTES\nADMINISTRATIFS SP\u00c9CIAL\n(NOMINATIFS)\nN\u00b0IDF-029-2025-05\nPUBLI\u00c9 LE 19 MAI 2025\nSommaire\nAgence R\u00e9gionale de Sant\u00e9 /\nIDF-2025-05-07-00014 - Arr\u00eat\u00e9 2025-149 portant modification de la\nnomenclature FINESS de l'arr\u00eat\u00e9 2024-253 autorisant la transformation\npar requalification de 5 places pour d\u00e9ficience intellectuelle en 5 place\ntroubles du spectre autistique et extension de 35 \u00e0 40 places de l'IME Le\nPr\u00e9 d'Orient \u00e0 la Celle Saint-Cloud g\u00e9r\u00e9 par l'Association pour\nl'insertion, l'\u00e9ducation et les soins (AIES) (4 pages) Page 3\nAgence R\u00e9gionale de Sant\u00e9 / Agence r\u00e9gionale de sant\u00e9\nd'Ile-de-France-Cellule officines de pharmacie\nIDF-2025-05-16-00004 - Arr\u00eat\u00e9 n\u00b0  DOS/EFF/OFF/2025/56 constatant la\ncessation d\u00e9finitive d'activit\u00e9 d'une officine de pharmacie (1\npage) Page 8\nIDF-2025-05-16-00005 - Arr\u00eat\u00e9 n\u00b0 DOS/EFF/OFF/2025/55 constatant la\ncaducit\u00e9 d'une licence d'une officine de pharmacie (1 page) Page 10\nIDF-2025-05-16-00002 - Arr\u00eat\u00e9 n\u00b0 DOS/EFF/OFF/2025/60 portant\nautorisation de transfert d'une officine de pharmacie (3 pages) Page 12\nAgence R\u00e9gionale de Sant\u00e9 / Agence r\u00e9gionale de sant\u00e9\nd'Ile-de-France-Direction de l'Offre de Soins (DOS)\nIDF-2025-05-02-00019 - Arr\u00eat\u00e9 n\u00b0 DOS - 2025/1996\nportant\nmodification de l'autorisation de fonctionnement du laboratoire de\nbiologie m\u00e9dicale \"CERBA\" sis 10-12 avenue Rolland Moreno, ZAC des\nEpineaux, 95740 FREPILLON (4 pages) Page 16\nAgence R\u00e9gionale de Sant\u00e9 / service r\u00e9gional des transports sanitaires\nIDF-2025-05-15-00006 - Arr\u00eat\u00e9 n\u00b0DOS-2025-2137 Portant retrait\nd'agr\u00e9ment de la SARL AMBULANCES DSM (77380 Combs-la-Ville) (1\npage) Page 21\nIDF-2025-05-16-00006 - Arr\u00eat\u00e9 n\u00b0DOS-2025-2139 Portant agr\u00e9ment\nde la SAS THERENE AMBULANCES (77240 Cesson) (2 pages) Page 23\nIDF-2025-05-15-00007 - Arr\u00eat\u00e9 n\u00b0DOS-2025/2140 portant transfert des\nlocaux de la SAS AMBULANCES DU PANTH\u00c9ON (92700 Colombes) (2\npages) Page 26\n2\nAgence R\u00e9gionale de Sant\u00e9\nIDF-2025-05-07-00014\nArr\u00eat\u00e9 2025-149 portant modification de la\nnomenclature FINESS de l'arr\u00eat\u00e9 2024-253\nautorisant la transformation par requalification\nde 5 places pour d\u00e9ficience intellectuelle en 5\nplace troubles du spectre autistique et extension\nde 35 \u00e0 40 places de l'IME Le Pr\u00e9 d'Orient \u00e0 la\nCelle Saint-Cloud g\u00e9r\u00e9 par l'Association pour\nl'insertion, l'\u00e9ducation et les soins (AIES)\nAgence R\u00e9gionale de Sant\u00e9 - IDF-2025-05-07-00014 - Arr\u00eat\u00e9 2025-149 portant modification de la nomenclature FINESS de l'arr\u00eat\u00e9\n2024-253 autorisant la transformation par requalification de 5 places pour d\u00e9ficience intellectuelle en 5 place troubles du spectre\nautistique et extension de 35 \u00e0 40 places de l'IME Le Pr\u00e9 d'Orient \u00e0 la Celle Saint-Cloud g\u00e9r\u00e9 par l'Association pour l'insertion,\nl'\u00e9ducation et les soins (AIES)\n3\nREPUBLIQUEFRANCAISELibert\u00e9\u00c9galit\u00e9Fraternit\u00e9\ne \u00bb Agence R\u00e9gionale de Sant\u00e9Ile-de-France\n \n \n \n \n \n \n \n \n \n \nAGENCE R\u00c9GIONALE DE SANT\u00c9 \u00ceLE-DE-FRANCE \n \nARRETE N\u00b02025 \u2013 149 \n \n \nportant modification de la nomenclature FINESS de l'arr\u00eat\u00e9 n\u00b02024-253 autorisant la \ntransformation par requalification de 5 places pour de d\u00e9ficience intellectuelle en 5 places \ntroubles du spectre autistique et d'extension de 35 \u00e0 40 places de l'IME Le Pr\u00e9 D'Orient sis \n2 ALLEE DU GUI BEAUREGARD 78170 LA CELLE ST CLOUD  \n \ng\u00e9r\u00e9 par l'Association pour l'insertion, l'\u00e9ducation et les soins (A.I.E.S) \n \n \n \nLE DIRECTEUR G\u00c9N\u00c9RAL DE L'AGENCE R\u00c9GIONALE DE SANT\u00c9 \u00ceLE-DE-FRANCE \n \nVU le code de l'action sociale et des familles et notamment les articles L. 312-1, L. 313-1,   L. \n314-3 et suivants ; \n \nVU        le d\u00e9cret du 10 avril 2024 portant nomination de Monsieur Denis ROBIN, Directeur g\u00e9n\u00e9ral \nde l'Agence r\u00e9gionale de sant\u00e9 Ile-de-France \u00e0 compter du 29 avril 2024 ; \n \nVU l'arr\u00eat\u00e9 DS n\u00b0007/2025 du 24 mars 2025 portant d\u00e9l\u00e9gation de signature du Directeur \nG\u00e9n\u00e9ral de l'Agence r\u00e9gionale de sant\u00e9 \u00cele -de-France vers le directeur de la d\u00e9l\u00e9gation \nd\u00e9partementale des Yvelines ; \n \nVU l'arr\u00eat\u00e9 n\u00b0 DIRNOV-2023/08 de la Directrice g\u00e9n\u00e9rale de l'Agence r\u00e9gionale de sant\u00e9 Ile-\nde-France en date du 26 octobre 2023 portant adoption du cadre d'orientation strat\u00e9gique \n2018-2028 du projet r\u00e9gional de sant\u00e9 d'Ile-de-France ; \n \nVU l'arr\u00eat\u00e9 n\u00b0 DIRNOV-2023/09 de la Directrice g\u00e9n\u00e9rale de l'Agence r\u00e9gionale de sant\u00e9 Ile-\nde-France en date du 26 octobre 2023 portant adoption du sch\u00e9ma r\u00e9gional de sant\u00e9 \n2023-2028 du projet r\u00e9gional de sant\u00e9 d'Ile -de-France, modifi\u00e9 par l'arr\u00eat\u00e9 n\u00b0DIRNOV -\n2023/09 en date du 12 janvier 2024 ; \n \nVU l'arr\u00eat\u00e9 n\u00b0 2023-346 de la Directrice g\u00e9n\u00e9rale de l'Agence r\u00e9gionale de sant\u00e9 Ile-de-France \nen date du 4 d\u00e9cembre 2023 \u00e9tablissant le programme interd\u00e9partemental \nd'accompagnement des handicaps et de la perte d'autonomie (PRIAC) 2023-2027 pour la \nr\u00e9gion Ile-de-France ; \n \nVU la d\u00e9cision d'agr\u00e9ment du 1er septembre 1971 autorisant la cr\u00e9ation de l'IME \u00ab  Le Pr\u00e9 \nd'Orient \u00bb, sis all\u00e9e du Gui Beauregard 78170 La Celle Saint-Cloud g\u00e9r\u00e9 par l'Association \npour la Promotion des Enfants D\u00e9ficients et Inadapt\u00e9s (APEDIX), modifi\u00e9 par arr\u00eat\u00e9 n\u00b0 94-\n68 du 01 f\u00e9vrier 1994 portant la capacit\u00e9 de l'IME \u00e0 35 places pour des enfants d\u00e9ficients \nintellectuels ; \n \nAgence R\u00e9gionale de Sant\u00e9 - IDF-2025-05-07-00014 - Arr\u00eat\u00e9 2025-149 portant modification de la nomenclature FINESS de l'arr\u00eat\u00e9\n2024-253 autorisant la transformation par requalification de 5 places pour d\u00e9ficience intellectuelle en 5 place troubles du spectre\nautistique et extension de 35 \u00e0 40 places de l'IME Le Pr\u00e9 d'Orient \u00e0 la Celle Saint-Cloud g\u00e9r\u00e9 par l'Association pour l'insertion,\nl'\u00e9ducation et les soins (AIES)\n4\n       2 \n \nVU l'arr\u00eat\u00e9 n\u00b0 2017-136 du 15 mai 2017 accordant la cession de l'autorisation de l'IME \u00ab Le \nPr\u00e9 d'Orient \u00bb \u00e0 l'Association pour l'insertion, l'\u00e9ducation et les soins (A.I.E.S) ; \n \nVU Le renouvellement d'autorisation de l'agr\u00e9ment de l'IME \u00ab Le Pr\u00e9 d'Orient \u00bb en date du 20 \nd\u00e9cembre 2016 d\u00e9butant au 3 janvier 2017 ; \n \nVU le contrat pluriannuel d'objectifs et de moyens d\u00e9partemental portant sur les ann\u00e9es 2023 \n\u00e0 2027 sign\u00e9 le 18 avril 2023  avec l'Association pour l'insertion, l'\u00e9ducation et les soins \n(A.I.E.S) ; \n \nVU  l'avis d'appel \u00e0 manifestation d'int\u00e9r\u00eat 2023 du Plan Inclus'IF pour le d\u00e9ploiement de \nsolutions \u00e0 destination des personnes en situation de handicap en Ile-de-France publi\u00e9 le \n06 novembre 2023 ; \n \nVU la demande de l'association pour l'insertion, l'\u00e9ducation et les soins (I.E.S) visant \u00e0 \ntransformer 5 places existantes pour l'accueil d'un public atteint d'une d\u00e9ficience \nintellectuelle en 5 places pour l'accueil d'un public atteint de troubles du spectre autistique \n \nVU le dossier de candidature d\u00e9pos\u00e9 par l'Association pour l'insertion, l'\u00e9ducation et les soins \n(A.I.E.S) aupr\u00e8s de l'Agence R\u00e9gionale de Sant\u00e9 Ile-de-France, en r\u00e9ponse \u00e0 l'AMI \npr\u00e9cit\u00e9 ; \n \nVU l'avis de r\u00e9sultats de l'appel \u00e0 manifestation d'int\u00e9r\u00eat pour le d\u00e9ploiement de solutions \u00e0 \ndestination des personnes en situation de handicap en Ile -de-France, dans le cadre du \nPlan Inclus'IF 2030 publi\u00e9 le 11 avril 2024 ;  \n \n \n \nCONSID\u00c9RANT  que la transformation par requalification et l'extension viennent soutenir le \nd\u00e9veloppement des comp\u00e9tences dans l'accompagnement des jeunes \nautistes, tout en conservant l'exp\u00e9rience acquise autour de l'accueil des \njeunes avec une d\u00e9ficience intellectuelle ; \n \nCONSID\u00c9RANT  qu'il r\u00e9pond \u00e0 un besoin de d\u00e9veloppement de l'offre m\u00e9dico -sociale \nidentifi\u00e9 sur le d\u00e9partement des Yvelines pour les jeunes ayant un trouble \ndu spectre autistique ; \n \nCONSID\u00c9RANT qu'il est compatible avec les objectifs et r\u00e9pond aux besoins sociaux et \nm\u00e9dico-sociaux fix\u00e9s par le sch\u00e9ma r\u00e9gional de sant\u00e9 ;  \n \nCONSID\u00c9RANT qu'il satisfait aux r\u00e8gles d'organisation et de fonctionnement pr\u00e9vues par le \ncode de l'action sociale et des familles ;  \n \nCONSID\u00c9RANT qu'il pr\u00e9sente un co\u00fbt de fonctionnement en ann\u00e9e pleine compatible avec \nle PRIAC  Ile-de-France et avec le montant de l'une des dotations \nmentionn\u00e9es \u00e0 l'article L. 314-3 du code de l'action sociale et des familles ; \n \nCONSID\u00c9RANT que l'Agence r\u00e9gionale de sant\u00e9 Ile-de-France dispose pour ce projet des \ncr\u00e9dits n\u00e9cessaires \u00e0 sa mise en \u0153uvre \u00e0 hauteur de 371 257\u20ac au titre de \nl'AMI Plan Inclus'IF 2030.  \n \n \n \n \n \nAgence R\u00e9gionale de Sant\u00e9 - IDF-2025-05-07-00014 - Arr\u00eat\u00e9 2025-149 portant modification de la nomenclature FINESS de l'arr\u00eat\u00e9\n2024-253 autorisant la transformation par requalification de 5 places pour d\u00e9ficience intellectuelle en 5 place troubles du spectre\nautistique et extension de 35 \u00e0 40 places de l'IME Le Pr\u00e9 d'Orient \u00e0 la Celle Saint-Cloud g\u00e9r\u00e9 par l'Association pour l'insertion,\nl'\u00e9ducation et les soins (AIES)\n5\n       3 \n \n \n \n \nARR\u00caTE \n \n \nARTICLE 1er :  L'autorisation visant \u00e0 la transformation par requalification de 5 places de d\u00e9ficience \nintellectuelle en 5 places pour des troubles du spectre autistique  de l'IME Le Pr\u00e9 \nd'Orient et \u00e0 l'extension de capacit\u00e9 de 35 \u00e0 40 places de l'IME Le Pr\u00e9 d'Orient \ndestin\u00e9es \u00e0 accueillir des enfants et jeunes adultes \u00e2g\u00e9s de 0 \u00e0 20 ans, sis 2 ALLEE \nDU GUI BEAUREGARD 78170 LA CELLE ST CLOUD est accord\u00e9e \u00e0 l'Association \npour l'insertion, l'\u00e9ducation et les soins (A.I.E.S) \n \nARTICLE 2e :    La capacit\u00e9 totale de l'IME le Pr\u00e9 d'orient est dor\u00e9navant de 40 places destin\u00e9es \u00e0 \ndes personnes en situation de handicap r\u00e9parties comme suit : \n \n- 30 places ( pour des enfants et jeunes adultes , pr\u00e9sentant une d\u00e9ficience \nintellectuelle, en semi-internat) \n- 10 places (pour des enfants et jeunes adultes, pr\u00e9sentant des troubles du spectre \nautistique, en semi-internat) \n \n \nARTICLE 3e : Conform\u00e9ment aux termes du dernier alin\u00e9a du I de l'article D. 312 -0-3 du code de \nl'action sociale et des familles, a ucune sp\u00e9cialisation n'exclut la prise en charge de \npersonnes pr\u00e9sentant des troubles associ\u00e9s \u00e0 ceux qui font l'objet de la pr\u00e9sente \nautorisation.  \n \n \nARTICLE 4e : Cette structure est r\u00e9pertori\u00e9e dans le Fichier National des Etablissements Sanitaires \net Sociaux (FINESS) de la fa\u00e7on suivante : \n \nN\u00b0 FINESS de l'\u00e9tablissement : 78 069 024 4 \n \nCode \ncat\u00e9gorie : \n \n[183] \u2013 Institut M\u00e9dico-Educatif (I.M.E.) \n \nCode \ndiscipline :  \n \n \n \n[844] \u2013 Tous projets \u00e9ducatifs \nth\u00e9rapeutiques et p\u00e9dagogiques \n \nCode \nfonctionnement  \n(mode d'accueil et \nd'accompagnement) :  \n \n \n \n[21] \u2013 Accueil de jour \n \n \n \n  \n \nCode client\u00e8le : \n \n \n[117] \u2013 D\u00e9ficience Intellectuelle \n \n \n[437] \u2013 Troubles du Spectre de \nl'Autisme \n \n \n30 \nplaces \n \n10 \nplaces \nCode mode de fixation des tarifs : [05]  ARS \u00e9tablissements m\u00e9dico-social non  \nfinanc\u00e9s dotation globale  \n \nN\u00b0 FINESS du gestionnaire : 78 070 844 2 \n \nAgence R\u00e9gionale de Sant\u00e9 - IDF-2025-05-07-00014 - Arr\u00eat\u00e9 2025-149 portant modification de la nomenclature FINESS de l'arr\u00eat\u00e9\n2024-253 autorisant la transformation par requalification de 5 places pour d\u00e9ficience intellectuelle en 5 place troubles du spectre\nautistique et extension de 35 \u00e0 40 places de l'IME Le Pr\u00e9 d'Orient \u00e0 la Celle Saint-Cloud g\u00e9r\u00e9 par l'Association pour l'insertion,\nl'\u00e9ducation et les soins (AIES)\n6\n       4 \n \nCode statut : [60] Association Loi 1901 non reconnue d'Utilit\u00e9 Publique \n \n \nARTICLE 5e :   La pr\u00e9sente autorisation est valable sous r\u00e9serve du r\u00e9sultat positif de la visite de \nconformit\u00e9 pr\u00e9vue par l'article L. 313-6 du code de l'action sociale et des familles. \n \n \nARTICLE 6e :   Elle est caduque en l'absence d'ouverture au public de l'\u00e9tablissement ou du service \ndans un d\u00e9lai de quatre ans suivant la notification de la d\u00e9cision d'autorisation \nconform\u00e9ment aux articles L. 313-1 et D. 313-7-2 du code de l'action sociale et des \nfamilles. \n \n \nARTICLE 7e :   Tout changement important dans l'activit\u00e9, l'installation, l'organisation, la direction ou \nle fonctionnement de l'\u00e9tablissement ou du service doit \u00eatre port\u00e9 \u00e0 la connaissance \nde l'autorit\u00e9 comp\u00e9tente. \n \nARTICLE 8e :  Un recours contre le pr\u00e9sent arr\u00eat\u00e9 peut \u00eatre form\u00e9 devant le tribunal administratif \ncomp\u00e9tent dans un d\u00e9lai de deux mois \u00e0 compter de sa notification ou, pour les tiers, \n\u00e0 compter de sa publication.   \n \n \nARTICLE 9e :    Le Directeur de la d\u00e9l\u00e9gation d\u00e9partementale des Yvelines de l'Agence r\u00e9gionale de \nsant\u00e9 Ile-de-France est charg\u00e9 de l'ex\u00e9cution du pr\u00e9sent arr\u00eat\u00e9 qui sera publi\u00e9 au \nrecueil des actes administratifs de la R\u00e9gion Ile-de-France. \n \n \n \n       \n Fait \u00e0 Versailles, le 7 mai 2025   \n \n       \n Pour le Directeur g\u00e9n\u00e9ral \n de l'Agence r\u00e9gionale de sant\u00e9 \n Ile-de-France et par d\u00e9l\u00e9gation \n \n \n \n \n \n \n Simon KIEFFER \nDirecteur de la D\u00e9l\u00e9gation D\u00e9partementale des \nYvelines \nAgence R\u00e9gionale de Sant\u00e9 - IDF-2025-05-07-00014 - Arr\u00eat\u00e9 2025-149 portant modification de la nomenclature FINESS de l'arr\u00eat\u00e9\n2024-253 autorisant la transformation par requalification de 5 places pour d\u00e9ficience intellectuelle en 5 place troubles du spectre\nautistique et extension de 35 \u00e0 40 places de l'IME Le Pr\u00e9 d'Orient \u00e0 la Celle Saint-Cloud g\u00e9r\u00e9 par l'Association pour l'insertion,\nl'\u00e9ducation et les soins (AIES)\n7\nAgence R\u00e9gionale de Sant\u00e9\nIDF-2025-05-16-00004\nArr\u00eat\u00e9 n\u00b0  DOS/EFF/OFF/2025/56 constatant la\ncessation d\u00e9finitive d'activit\u00e9 d'une officine de\npharmacie\nAgence R\u00e9gionale de Sant\u00e9 - IDF-2025-05-16-00004 - Arr\u00eat\u00e9 n\u00b0  DOS/EFF/OFF/2025/56 constatant la cessation d\u00e9finitive d'activit\u00e9\nd'une officine de pharmacie 8\nEuREPUBLIQUEFRAN\u00c7AISELibert\u00e9\u00c9galit\u00e9Fraternit\u00e9 \u00a9 D Agence R\u00e9gionale de Sant\u00e9\u00cele-de-France\n \n \nAGENCE R\u00c9GIONALE DE SANT\u00c9 \u00ceLE-DE-FRANCE \nARR\u00caT\u00c9 N\u00b0 DOS/EFF/OFF/2025/56 constatant la cessation d\u00e9finitive d'activit\u00e9 d'une \nofficine de pharmacie \n \nLE DIRECTEUR G\u00c9N\u00c9RAL DE L'AGENCE R\u00c9GIONALE DE SANT\u00c9 \u00ceLE-DE-FRANCE \n \nVU le code de la sant\u00e9 publique  et notamment ses articles L. 5125 -21, L. 5125 -22,  \nR. 5125-30 et R. 5132-37 ; \n \nVU le d\u00e9cret du 10 avril 2024 portant nomination de Monsieur Denis ROBIN, Directeur g\u00e9n\u00e9ral de l'Agence \nr\u00e9gionale de sant\u00e9 \u00cele-de-France, \u00e0 compter du 29 avril 2024 ;  \n \nVU l'arr\u00eat\u00e9 n\u00b0 DS 034/2024 du 29 avril 2024, publi\u00e9 le 30 avril 2024, portant d\u00e9l\u00e9gation de signature du Directeur \ng\u00e9n\u00e9ral de l'Agence r\u00e9gionale de sant\u00e9 \u00cele -de-France \u00e0 Monsieur Arnaud CORVAISIER, Directeur de l'offre \nde soins et \u00e0 plusieurs de ses collaborateurs ;  \n \nVU l'arr\u00eat\u00e9 en date du 10 d\u00e9cembre 1942 portant octroi de la licence n\u00b075#000500 \u00e0 l'officine de pharmacie sise \n81-83 avenue Ledru Rollin \u00e0 Paris (75012) ; \n \nVU  \n \nla d\u00e9claration d'exploitation en date du 28 avril 2025 par laquelle Monsieur Yves LAHYANI d\u00e9clare exploiter \nla licence de l'officine de pharmacie sise 81-83 avenue Ledru Rollin \u00e0 Paris (75012) ; \n \nVU l'avis favorable d u Directeur g\u00e9n\u00e9ral de l'Agence r\u00e9gionale de sant\u00e9 \u00cele-de-France en date du   \n07 janvier 2025  pr\u00e9alablement \u00e0 une op\u00e9ration de restructuration du r\u00e9seau officinal au sein du  \n12\u00e8me arrondissement de Paris (75012) ; \n \nVU la d\u00e9claration en date du 28 avril 2025 \u00e0  minuit par laquelle Monsieur Yves LAHYANI informe de la cessation \nd\u00e9finitive de l'activit\u00e9 de l'officine de pharmacie sise 81-83 avenue Ledru Rollin \u00e0 Paris (75012)  dont il est \ntitulaire et restitue la licence correspondante ; \n \n  \nCONSIDERANT que le titulaire d\u00e9clare cesser d\u00e9finitivement l'activit\u00e9 de l'officine \u00e0 compter du 30 avril 2025 \u00e0 \nminuit ;  \n \nARR\u00caTE \n \nARTICLE 1er : La cessation d\u00e9finitive d'activit\u00e9 depuis le 30 avril 2025 \u00e0 minuit de l'officine de pharmacie exploit\u00e9e \npar Monsieur Yves LAHYANI sise 81-83 avenue Ledru Rollin \u00e0 Paris (75012) est constat\u00e9e. \n \nLa licence n\u00b075#000500 est caduque \u00e0 compter de cette date. \n \nARTICLE 2e : Un recours contentieux contre le pr\u00e9sent arr\u00eat\u00e9 peut \u00eatre form\u00e9 aupr\u00e8s du tribunal administratif \ncomp\u00e9tent. Le d\u00e9lai de recours est de deux mois \u00e0 compter de la notification de l'arr\u00eat\u00e9 pour les \nint\u00e9ress\u00e9s ou de sa publication pour les tiers. \n \nARTICLE 3e : Le Directeur g\u00e9n\u00e9ral de l'Agence r\u00e9gionale de sant\u00e9 \u00cele-de-France est charg\u00e9 de l'ex\u00e9cution du \npr\u00e9sent arr\u00eat\u00e9 qui sera publi\u00e9 au recueil des actes administratifs de la pr\u00e9fecture de la r\u00e9gion  \n\u00cele-de-France. \n        \nFait \u00e0 Saint-Denis, le 16 mai 2025 \n \nPour le Directeur g\u00e9n\u00e9ral \nde l'Agence r\u00e9gionale de sant\u00e9  \n\u00cele-de-France \n \net par d\u00e9l\u00e9gation, \n \nLe Directeur du P\u00f4le Efficience \n \nSIGN\u00c9 \n \nFabien P\u00c9RUS \nAgence R\u00e9gionale de Sant\u00e9 - IDF-2025-05-16-00004 - Arr\u00eat\u00e9 n\u00b0  DOS/EFF/OFF/2025/56 constatant la cessation d\u00e9finitive d'activit\u00e9\nd'une officine de pharmacie 9\nAgence R\u00e9gionale de Sant\u00e9\nIDF-2025-05-16-00005\nArr\u00eat\u00e9 n\u00b0 DOS/EFF/OFF/2025/55 constatant la\ncaducit\u00e9 d'une licence d'une officine de\npharmacie\nAgence R\u00e9gionale de Sant\u00e9 - IDF-2025-05-16-00005 - Arr\u00eat\u00e9 n\u00b0 DOS/EFF/OFF/2025/55 constatant la caducit\u00e9 d'une licence d'une\nofficine de pharmacie 10\nREPUBLIQUEFRANCAISELibert\u00e9\u00c9galit\u00e9Fraternit\u00e9 e D Agence R\u00e9gionale de Sant\u00e9\u00cele-de-France\n \n \nAGENCE R\u00c9GIONALE DE SANT\u00c9 \u00ceLE-DE-FRANCE \nARR\u00caT\u00c9 N\u00b0 DOS/EFF/OFF/2025/55 constatant la caducit\u00e9 d'une licence d'une officine de \npharmacie \nLE DIRECTEUR G\u00c9N\u00c9RAL DE L'AGENCE R\u00c9GIONALE DE SANT\u00c9 \u00ceLE-DE-FRANCE \n \nVU le code de la sant\u00e9 publique ; \n \nVU le d\u00e9cret du 10 avril 2024 portant nomination de Monsieur Denis ROBIN, Directeur g\u00e9n\u00e9ral de l'Agence r\u00e9gionale \nde sant\u00e9 \u00cele-de-France, \u00e0 compter du 29 avril 2024 ;  \n \nVU l'arr\u00eat\u00e9 n\u00b0 DS 034/2024 du 29 avril 2024, publi\u00e9 le 30 avril 2024, portant d\u00e9l\u00e9gation de signature du Directeur \ng\u00e9n\u00e9ral de l'Agence r\u00e9gionale de sant\u00e9 \u00cele -de-France \u00e0 Monsieur  Arnaud CORVAISIER, Directeur de l'offre de \nsoins et \u00e0 plusieurs de ses collaborateurs ; \n \nVU l'arr\u00eat\u00e9 en date du 20 avril 2006 , portant octroi de la licence n\u00b0 75#001878 \u00e0 l'officine de pharmacie  sise19 rue \nOlivier Messiaen \u00e0 Paris (75013) ; \n \nVU l'arr\u00eat\u00e9 n \u00b0 DOS/EFF/OFF/2024-115 en date du 31 octobre 2024  ayant autoris\u00e9 le transfert d'une officine  de \npharmacie du 19 rue Olivier Messiaen \u00e0 Paris (75013) vers le 110 avenue de France \u00e0 Paris (75013) et octroyant \nla licence n\u00b075#001924 \u00e0 l'officine de pharmacie ainsi transf\u00e9r\u00e9e ; \nVU \n \nla d\u00e9claration en date du 28 avril 2025 par laquelle Monsieur St\u00e9phane DELOUYA informe l'Agence r\u00e9gionale de \nsant\u00e9 de l'ouverture effective au public de l'officine sise 110 avenue de France \u00e0 Paris (75013) suite \u00e0 transfert \net restitue la licence n\u00b0 75#001878 ; \n \nCONSIDERANT que l'officine de pharmacie issue du transfert autoris\u00e9 par arr\u00eat\u00e9 du 31 octobre 2024 susvis\u00e9, sise \n110 avenue de France \u00e0 Paris (75013) et exploit\u00e9e sous la licence n\u00b075#001924, est effectivement \nouverte au public \u00e0 compter du 15 avril 2025 ; \n \nCONSIDERANT que l'ouverture au public de l'officine exploit\u00e9e sous la licence n\u00b075#001924 entra\u00eene la caducit\u00e9 de \nla licence n\u00b075#001878 ;  \n \nCONSIDERANT qu'il y a lieu de constater cette caducit\u00e9 ; \n \nARR\u00caTE \n \nARTICLE 1er : Est constat\u00e9e, \u00e0 compter du 15 avril 2025, la caducit\u00e9 de la licence n\u00b075#001878, du fait de l'ouverture \neffective au public, sous la licence n\u00b075#001924, de l'officine de pharmacie issue du transfert vers le \nlocal sis 110 avenue de France \u00e0 Paris (75013). \n \nARTICLE 2e : Un recours contentieux contre le pr\u00e9sent arr\u00eat\u00e9 peut \u00eatre form\u00e9 aupr\u00e8s du tribunal administratif \ncomp\u00e9tent. Le d\u00e9lai de recours est de deux mois \u00e0 compter de la notification de l'arr\u00eat\u00e9 pour les \nint\u00e9ress\u00e9s ou de sa publication pour les tiers. \n \nARTICLE 3e : Le Directeur g\u00e9n\u00e9ral de l'Agence r\u00e9gionale de sant\u00e9 \u00cele-de-France est charg\u00e9 de l'ex\u00e9cution du \npr\u00e9sent arr\u00eat\u00e9 qui sera publi\u00e9 au recueil des actes administratifs de la pr\u00e9fecture de la r\u00e9gion  \n\u00cele-de-France.         \nFait \u00e0 Saint-Denis, le 16 mai 2025 \n \nPour le Directeur g\u00e9n\u00e9ral \nde l'Agence r\u00e9gionale de sant\u00e9  \n\u00cele-de-France \n \net par d\u00e9l\u00e9gation, \n \nLe Directeur du P\u00f4le Efficience \nSIGN\u00c9 \n \nFabien P\u00c9RUS \n \nAgence R\u00e9gionale de Sant\u00e9 - IDF-2025-05-16-00005 - Arr\u00eat\u00e9 n\u00b0 DOS/EFF/OFF/2025/55 constatant la caducit\u00e9 d'une licence d'une\nofficine de pharmacie 11\nAgence R\u00e9gionale de Sant\u00e9\nIDF-2025-05-16-00002\nArr\u00eat\u00e9 n\u00b0 DOS/EFF/OFF/2025/60 portant\nautorisation de transfert d'une officine de\npharmacie\nAgence R\u00e9gionale de Sant\u00e9 - IDF-2025-05-16-00002 - Arr\u00eat\u00e9 n\u00b0 DOS/EFF/OFF/2025/60 portant autorisation de transfert d'une officine\nde pharmacie 12\nREPUBLIQUEFRANCAISELibert\u00e9Egalit\u00e9Fraternit\u00e9 @ D Agence R\u00e9gionale de Sant\u00e9\u00cele-de-France\n \n \n \nAGENCE R\u00c9GIONALE DE SANT\u00c9 \u00ceLE-DE-FRANCE \nARR\u00caT\u00c9 N\u00b0 DOS/EFF/OFF/2025/60 \nportant autorisation de transfert d'une officine de pharmacie \n \nLE DIRECTEUR G\u00c9N\u00c9RAL DE L'AGENCE R\u00c9GIONALE DE SANT\u00c9 \u00ceLE-DE-FRANCE \n \n \nVU le code de la sant\u00e9 publique  et notamment ses articles L.  5125-3 et suivants et R.  5125-1 et \nsuivants ; \n \nVU l'ordonnance n\u00b0 2018 -3 du 3 janvier 2018 relative \u00e0 l'adaptation des conditions de cr\u00e9ation, \ntransfert, regroupement et cession des officines de pharmacie ; \n \nVU le d\u00e9cret n\u00b0 2018-671 du 30 juillet 2018 pris en application de l'article L. 5125 -3, 1\u00b0 du code de \nla sant\u00e9 publique d\u00e9finissant les conditions de transport pour l'acc\u00e8s \u00e0 une officine en vue de \ncaract\u00e9riser un approvisionnement en m\u00e9dicament compromis pour la population ; \n \nVU l'arr\u00eat\u00e9 minist\u00e9riel du 30 juillet 2018 fixant la liste des pi\u00e8ces justificatives accompagnant toute \ndemande de cr\u00e9ation, de transfert ou de regroupement d'officines de pharmacie  ; \n \nVU le d\u00e9cret du 10 avril 2024 portant nomination de Monsieur Denis ROBIN, Directeur g\u00e9n\u00e9ral de \nl'Agence r\u00e9gionale de sant\u00e9 \u00cele-de-France, \u00e0 compter du 29 avril 2024 ; \n \nVU l'arr\u00eat\u00e9 n\u00b0 DS 034/2024 du 29 avril 2024, publi\u00e9 le 30 avril 2024, portant d\u00e9l\u00e9gation de signature \ndu Directeur g\u00e9n\u00e9ral de l'Agence r\u00e9gionale de sant\u00e9 \u00cele -de-France \u00e0 \nMonsieur Arnaud CORVAISIER, Directeur de l'offre de soins et \u00e0 plusieurs de ses \ncollaborateurs ;  \n \nVU l'arr\u00eat\u00e9 du 27 novembre 1964 portant octroi de la licence n\u00b077#000204 \u00e0 l'officine de pharmacie \nsise 13 rue de l'Avenir \u00e0 LONGUEVILLE (77650) ; \n \nVU la demande enregistr\u00e9e le 3 f\u00e9vrier 2025, pr\u00e9sent\u00e9e par Madame Carine PICCOLO, \npharmacien titulaire et repr\u00e9sentant de la SELARL PHARMACIE PICCOLO \u00e0 LONGUEVILLE \n(77650) en vue du transfert de cette officine vers le 24 Route de Bray \u00e0 LONGUEVILLE \n(77650) ; \n \nVU l'avis sur la conformit\u00e9 du local propos\u00e9 aux conditions minimales d'installation rendu le  \n5 mai 2025 par le D\u00e9partement Qualit\u00e9 S\u00e9curit\u00e9 Pharmacie M \u00e9dicament Biologie de l'Agence \nr\u00e9gionale de sant\u00e9 d'Ile-de-France ; \n \nVU l'avis r\u00e9put\u00e9 rendu du repr\u00e9sentant de l'Union des Syndicats de Pharmaciens d' Officine pour la \nr\u00e9gion Ile-de-France ; \n \nVU l'avis r\u00e9put\u00e9 rendu du repr\u00e9sentant de la F\u00e9d\u00e9ration des Syndicats Pharmaceutiques de France \npour la r\u00e9gion Ile-de-France ; \n \nVU l'avis du Conseil R\u00e9gional de l'Ordre des Pharmac iens d'Ile -de-France en date du                                \n7 avril 2025 ; \nAgence R\u00e9gionale de Sant\u00e9 - IDF-2025-05-16-00002 - Arr\u00eat\u00e9 n\u00b0 DOS/EFF/OFF/2025/60 portant autorisation de transfert d'une officine\nde pharmacie 13\n \n \n \n \n \n \n \n \n \n \nCONSID\u00c9RANT \n \nque le d\u00e9placement envisag\u00e9 se fera \u00e0 220 m\u00e8tres de l'emplacement actuel de \nl'officine, dans le m\u00eame quartier d\u00e9limit\u00e9 par les fronti\u00e8res communales de \nLONGUEVILLE (77650) ; \n \n \n \nCONSID\u00c9RANT que le transfert n'aura pas pour effet de compromettre l'approvisionnement \nn\u00e9cessaire en m\u00e9dicaments de la population r\u00e9sidente du quartier d'origine ; \n  \n \nCONSID\u00c9RANT \n \nque l'acc\u00e8s \u00e0 la nouvelle officine sera ais\u00e9 par sa visibilit\u00e9, par des am\u00e9nagements \npi\u00e9tonniers et des stationnements ; \n \nCONSID\u00c9RANT que le local propos\u00e9, qui est situ\u00e9 dans un lieu garantissant un acc\u00e8s permanent du \npublic \u00e0 la pharmacie, est conforme aux conditions minimales d'installation et remplit \nles conditions d'accessibilit\u00e9 ; \n \nCONSID\u00c9RANT que le transfert envisag\u00e9 permet de r\u00e9pondre de fa\u00e7on optimale aux besoins en \nm\u00e9dicaments de la population r\u00e9sidente du quartier d'accueil de l'officine ; \n \n \nARR\u00caTE \n \n \n \n \nARTICLE 1er : Madame Carine PICCOLO , pharmacien titulaire et repr\u00e9sentant  de la SELARL \nPHARMACIE PICCOLO, est autoris\u00e9e \u00e0 transf\u00e9rer l'officine de pharmacie dont elle est \ntitulaire du 13 rue de l'Avenir \u00e0 LONGUEVILLE (77650) vers le 24 Route de Bray \u00e0 \nLONGUEVILLE (77650). \n \nARTICLE 2e : La licence n\u00b0 77#000629 est octroy\u00e9e \u00e0 l'officine 24 Route de Bray \u00e0 LONGUEVILLE \n(77650). \n \nCette licence ne pourra \u00eatre c\u00e9d\u00e9e ind\u00e9pendamment du fonds de commerce auquel \nelle se rapporte. \n \nARTICLE 3e : La licence n\u00b077#000204 devra \u00eatre restitu\u00e9e \u00e0 l'Agence r\u00e9gionale de sant\u00e9 \nd'Ile-de-France avant l'ouverture au public de la nouvelle officine. \n \nARTICLE 4e : Conform\u00e9ment aux dispositions de l'article L. 5125-19 du code de la sant\u00e9 publique, la \npr\u00e9sente autorisation de transfert ne prendra effet qu'\u00e0 l'issue d'un d\u00e9lai de trois mois \n\u00e0 compter de la notification de l'arr\u00eat\u00e9 d'autorisation au pharmacien demandeur. \n \nARTICLE 5e : Sauf cas de force majeure constat\u00e9 par le Directeur  g\u00e9n\u00e9ral de l'Agence r\u00e9gionale de \nsant\u00e9 Ile -de-France, l'officine ainsi transf\u00e9r\u00e9e devra \u00eatre effectivement ouverte au \npublic au plus tard \u00e0 l'issue d'un d\u00e9lai de deux ans \u00e0 compter de la notification du \npr\u00e9sent arr\u00eat\u00e9. \nARTICLE 6e : Un recours contentieux contre le pr\u00e9sent arr\u00eat\u00e9 peut \u00eatre form\u00e9 aupr\u00e8s du Tribunal \nadministratif comp\u00e9tent. Le d\u00e9lai de recours est de deux mois \u00e0 compter de la \nnotification de l'arr\u00eat\u00e9 pour les int\u00e9ress\u00e9s ou de sa publication pour les tiers.  \n \nAgence R\u00e9gionale de Sant\u00e9 - IDF-2025-05-16-00002 - Arr\u00eat\u00e9 n\u00b0 DOS/EFF/OFF/2025/60 portant autorisation de transfert d'une officine\nde pharmacie 14\n \n \n \n \n \n \n \nARTICLE 7e : Le Directeur g\u00e9n\u00e9ral de l'Agence r\u00e9gionale de sant\u00e9  Ile-de-France est charg\u00e9 de \nl'ex\u00e9cution du pr\u00e9sent arr\u00eat\u00e9 qui sera publi\u00e9 au recueil des actes administratifs de la \npr\u00e9fecture de la r\u00e9gion Ile-de-France. \n \n \n           Fait \u00e0 Saint-Denis, le 16 mai 2025 \n \nLe Directeur g\u00e9n\u00e9ral \nde l'Agence r\u00e9gionale de sant\u00e9 \n\u00cele-de-France \n \nPar d\u00e9l\u00e9gation, \nLe directeur du P\u00f4le Efficience \n  \nSIGN\u00c9 \n    \n    \n    \nFabien P\u00c9RUS \n \n \n \n \n \n \n \n \n \n \n \n \n \n \n \n \n \n \n \n \n \n \n \n \n \n \n \n \nAgence R\u00e9gionale de Sant\u00e9 - IDF-2025-05-16-00002 - Arr\u00eat\u00e9 n\u00b0 DOS/EFF/OFF/2025/60 portant autorisation de transfert d'une officine\nde pharmacie 15\nAgence R\u00e9gionale de Sant\u00e9\nIDF-2025-05-02-00019\nArr\u00eat\u00e9 n\u00b0 DOS - 2025/1996\nportant modification de l'autorisation de\nfonctionnement du laboratoire de biologie\nm\u00e9dicale \"CERBA\" sis 10-12 avenue Rolland\nMoreno, ZAC des Epineaux, 95740 FREPILLON\nAgence R\u00e9gionale de Sant\u00e9 - IDF-2025-05-02-00019 - Arr\u00eat\u00e9 n\u00b0 DOS - 2025/1996\nportant modification de l'autorisation de fonctionnement du laboratoire de biologie m\u00e9dicale \"CERBA\" sis 10-12 avenue Rolland\nMoreno, ZAC des Epineaux, 95740 FREPILLON\n16\nREPUBLIQUEFRANCAISELibert\u00e9Egalit\u00e9Fraternit\u00e9\nAr@ D Agence R\u00e9gionale de Sant\u00e9lle-de-France\n \n \n1 \n \n \n \n \nAGENCE REGIONALE DE SANTE D'ILE-DE-FRANCE \n \nArr\u00eat\u00e9 n\u00b0 DOS \u2013 2025/1996 \nportant modification de l'autorisation de fonctionnement du laboratoire de biologie m\u00e9dicale \n\u00ab CERBA \u00bb sis 10-12 avenue Rolland Moreno, ZAC des Epineaux, 95740 FREPILLON \n \nLE DIRECTEUR GENERAL DE L'AGENCE REGIONALE DE SANTE D'ILE-DE-FRANCE \n \nVU  Le code de la sant\u00e9 publique et notamment le livre II de la sixi\u00e8me partie ; \n \nVU  La loi n\u00b0 2013-442 du 30 mai 2013 portant r\u00e9forme de la biologie m\u00e9dicale et ratifiant l'ordonnance \nn\u00b0 2010-49 du 13 janvier 2010 relative \u00e0 la biologie m\u00e9dicale ; \n \nVU  Le d\u00e9cret n\u00b0 2016-46 du 26 janvier 2016 relatif \u00e0 la biologie m\u00e9dicale ; \n \nVU \n \nVU \nL'arr\u00eat\u00e9 du 15 juillet 2021 modifi\u00e9 fixant la liste des laboratoires de biologie m\u00e9dicale de r\u00e9f\u00e9rence ; \n \nL'ordonnance n\u00b0 2023-77 du 8 f\u00e9vrier 2023 relative \u00e0 l'exercice en soci\u00e9t\u00e9 des professions lib\u00e9rales \nr\u00e9glement\u00e9es ; \n \nVU  Le d\u00e9cret du 10 avril 2024 portant nomination de Monsieur Denis ROBIN, Directeur g\u00e9n\u00e9ral de l'Agence \nr\u00e9gionale de sant\u00e9 d'\u00cele-de-France, \u00e0 compter du 29 avril 2024 ; \nVU  L'arr\u00eat\u00e9 n\u00b0 DS 2024/0034 du 29 avril 2024 portant d\u00e9l\u00e9gation de signature du Directeur g\u00e9n\u00e9ral de \nl'Agence r\u00e9gionale de sant\u00e9 d'Ile-de-France \u00e0 Monsieur Arnaud CORVAISIER, Directeur de l'offre de \nsoins, et \u00e0 diff\u00e9rents collaborateurs ; \n \nVU L'arr\u00eat\u00e9 n\u00b0 DOS-2024/5837 en date du 19 d\u00e9cembre 2024 portant autorisation de fonctionnement du \nlaboratoire de biologie m\u00e9dicale \u00ab CERBA \u00bb, sis 10-12 avenue Rolland Moreno, ZAC des Epineaux, \n95740 FREPILLON ; \n \n \nCONSIDERANT  Les demandes en date des 17 janvier 2025, 10 f\u00e9vrier 2025, le 21 mars 2025 et compl\u00e9t\u00e9es \nd\u00e9finitivement le 8 avril 2025, adress\u00e9es par B\u00e9n\u00e9dicte ROQUEBERT biologiste-\ncoresponsable du laboratoire de biologie m\u00e9dicale \u00ab CERBA \u00bb, exploit\u00e9 par la Soci\u00e9t\u00e9 \nd'Exercice Lib\u00e9rale A Forme Anonyme \u00ab CERBA \u00bb, sise 10-12 avenue Rolland Moreno, \nZAC des Epineaux, 95740 FREPILLON, en vue de la modification de l'autorisation \nadministrative dudit laboratoire afin de prendre en compte : \n- L'int\u00e9gration de Madame S\u00e9v\u00e9rine BACROT, m\u00e9decin, en qualit\u00e9 de biologiste \nm\u00e9dical salari\u00e9e, au 8 janvier 2025 ;  \n- La cessation des fonctions de Madame Fabienne FLOC'H, biologiste m\u00e9dical \nassoci\u00e9e au 31 d\u00e9cembre 2024 et la cession de 262 actions au b\u00e9n\u00e9fice de \nMadame Aur\u00e9lie DRISS-CORBIN ;  \n- La cessation des fonctions de Monsieur Victor Vignesh Guru PILLAY, biologiste \nm\u00e9dical salari\u00e9, au 4 f\u00e9vrier 2025 ; \n- La cessation des fonctions de biologiste m\u00e9dical de Madame Isabelle LANOIS, \nbiologiste m\u00e9dical associ\u00e9e, \u00e0 effet du 20 juin 2024, et la cession de 1 action au \nb\u00e9n\u00e9fice de Madame Aur\u00e9lie DRISS-CORBIN ; \n- La cessation des fonctions de biologiste m\u00e9dical de Madame Sara CHIKHI, \nbiologiste m\u00e9dical associ\u00e9e, \u00e0 effet du 21 juin 2024, et la cession de 1 action au \nb\u00e9n\u00e9fice de Madame Aur\u00e9lie DRISS-CORBIN ; \nAgence R\u00e9gionale de Sant\u00e9 - IDF-2025-05-02-00019 - Arr\u00eat\u00e9 n\u00b0 DOS - 2025/1996\nportant modification de l'autorisation de fonctionnement du laboratoire de biologie m\u00e9dicale \"CERBA\" sis 10-12 avenue Rolland\nMoreno, ZAC des Epineaux, 95740 FREPILLON\n17\n2 / 4 \n \n  \nCONSIDERANT La copie du dipl\u00f4me de docteur en m\u00e9decine et du dipl\u00f4me d'\u00e9tudes sp\u00e9cialis\u00e9es de \nbiologie m\u00e9dicale accord\u00e9s \u00e0 Madame S\u00e9verine BACROT ainsi que son inscription au \ntableau de l'ordre des m\u00e9decins \u00e0 jour ; \n \nCONSIDERANT La copie du contrat de travail \u00e0 dur\u00e9e ind\u00e9termin\u00e9e conclu entre la soci\u00e9t\u00e9 \u00ab CERBA \u00bb et \nMadame S\u00e9verine BACROT en date du 3 janvier 2025 et \u00e0 compter du 8 janvier 2025 ; \n \nCONSIDERANT Le courrier de Madame B\u00e9n\u00e9dicte ROQUEBERT, biologiste-coresponsable, en date du 21 \nmars 2025 informant des modifications suivantes : \n- La cessation des fonctions de biologiste m\u00e9dical de Madame Fabienne FLOC'H \u00e0 \neffet du 31 d\u00e9cembre 2024, et la cession de 262 actions au b\u00e9n\u00e9fice de Madame \nAur\u00e9lie DRISS CORBIN ; \n- La cessation des fonctions de biologiste m\u00e9dical de Madame Isabelle LANOIS \u00e0 \neffet du 20 juin 2024, et la cession de 1 action au b\u00e9n\u00e9fice de Madame Aur\u00e9lie \nDRISS CORBIN ; \n- La cessation des fonctions de biologiste m\u00e9dical de Madame Sara CHIKHI \u00e0 effet \ndu 21 juin 2024, et la cession de 1 action au b\u00e9n\u00e9fice de Madame Aur\u00e9lie DRISS \nCORBIN ; \n \nCONSIDERANT Les copies des ordres de mouvements relatifs aux cessions des actions d\u00e9tenues par \nMesdames Fabienne FLOC'H, Isabelle LANOIS et Sara CHIKHI au profit de Madame \nAur\u00e9lie DRISS-CORBIN ; \n \n \nCONSIDERANT Le courrier de la directrice des ressources humaines du laboratoire \u00ab CERBA \u00bb en date du \n4 f\u00e9vrier 2025, notifiant \u00e0 Monsieur Victor Vignesh Guru PILLAY la rupture de sa p\u00e9riode \nd'essai \u00e0 effet au 4 f\u00e9vrier 2025 ; \n \nCONSIDERANT La nouvelle r\u00e9partition du capital social et des droits de vote de la SELAFA \u00ab CERBA \u00bb ; \n \nARRETE : \n \nARTICLE 1er : Le laboratoire de biologie m\u00e9dicale \u00ab CERBA \u00bb sis 10-12, avenue Rolland Moreno \u2013 ZAC des \nEpineaux \u00e0 Fr\u00e9pillon (95740), codirig\u00e9 par Mesdames Aur\u00e9lie DRISS-CORBIN et B\u00e9n\u00e9dicte \nROQUEBERT, biologistes coresponsables, exploit\u00e9 par la Soci\u00e9t\u00e9 d'Exercice Lib\u00e9ral \u00e0 Forme \nAnonyme \u00ab CERBA \u00bb sise \u00e0 la m\u00eame adresse, enregistr\u00e9e dans le fichier FINESS EJ sous le \nn\u00b0 95 000 380 6, est autoris\u00e9 \u00e0 fonctionner sous le n\u00b0 95-9 sur les deux sites ci-dessous : \n \n- Le site de Saint-Ouen l'Aum\u00f4ne, jusqu'au 30 juin 2025 \n7 rue de l'Equerre \u00e0 SAINT-OUEN-L'AUMONE (95310) \nFerm\u00e9 au public \nPratiquant les activit\u00e9s de conservation des \u00e9chantillons biologiques \nN\u00b0 FINESS ET en cat\u00e9gorie : 610 : 95 000 381 4 \n \n- Le site de Fr\u00e9pillon \n10-12, avenue Rolland Moreno \u2013 ZAC des Epineaux \u00e0 FREPILLON (95740) \nFerm\u00e9 au public \nPratiquant les activit\u00e9s de biochimie-g\u00e9n\u00e9tique (biochimie g\u00e9n\u00e9rale et sp\u00e9cialis\u00e9e, \npharmacologie-toxicologie, g\u00e9n\u00e9tique constitutionnelle, g\u00e9n\u00e9tique somatique), \nimmunologie-h\u00e9matologie (h\u00e9matocytologie, h\u00e9mostase, immunoh\u00e9matologie, \nauto-immunit\u00e9, allergie, immunologie cellulaire sp\u00e9cialis\u00e9e et histocompatibilit\u00e9), \nmicrobiologie (bact\u00e9riologie, parasitologie-mycologie, virologie) \nN\u00b0 FINESS ET en cat\u00e9gorie : 610 : 95 000 381 4 \n \n \nAgence R\u00e9gionale de Sant\u00e9 - IDF-2025-05-02-00019 - Arr\u00eat\u00e9 n\u00b0 DOS - 2025/1996\nportant modification de l'autorisation de fonctionnement du laboratoire de biologie m\u00e9dicale \"CERBA\" sis 10-12 avenue Rolland\nMoreno, ZAC des Epineaux, 95740 FREPILLON\n18\n3 / 4 \n \nLa liste des biologistes m\u00e9dicaux exer\u00e7ant au sein du laboratoire de biologie m\u00e9dicale est la \nsuivante : \n1. Madame Aur\u00e9lie DRISS-CORBIN, pharmacien, biologiste coresponsable, Pr\u00e9sidente, \nassoci\u00e9e \n2. Madame B\u00e9n\u00e9dicte ROQUEBERT, pharmacien, biologiste coresponsable et Directrice \ng\u00e9n\u00e9rale, associ\u00e9e \n3. Madame Sylvie GRUEZ-CADO, pharmacien, biologiste m\u00e9dical, associ\u00e9e \n4. Monsieur Hamid BELAOUNI, m\u00e9decin, biologiste m\u00e9dical, associ\u00e9 \n5. Monsieur Jean-Marc COSTA, pharmacien, biologiste m\u00e9dical, associ\u00e9 \n6. Madame Marie-Magdelaine COUDE, pharmacien, biologiste m\u00e9dical, associ\u00e9e \n7. Madame Sabine DEFASQUE, m\u00e9decin, biologiste m\u00e9dical, associ\u00e9e \n8. Madame Amandine GANON, m\u00e9decin, biologiste m\u00e9dical, associ\u00e9e \n9. Madame Pascale KLEINFINGER, m\u00e9decin, biologiste m\u00e9dical, associ\u00e9e \n10. Madame Laurence LOHMANN, m\u00e9decin, biologiste m\u00e9dical, associ\u00e9e \n11. Madame Marianne PERRET, pharmacien, biologiste m\u00e9dical, associ\u00e9e \n12. Monsieur Simon SAMAAN, pharmacien, biologiste m\u00e9dical, associ\u00e9 \n13. Madame St\u00e9phanie SCHMIT, pharmacien, biologiste m\u00e9dical, associ\u00e9e \n14. Madame Sabine TROMBERT-PAOLANTONI, pharmacien, biologiste m\u00e9dical, \nassoci\u00e9e \n15. Madame Laura VERDURME, pharmacien, biologiste m\u00e9dical, associ\u00e9e \n16. Madame Armelle LUSCAN VALERI, pharmacien, biologiste m\u00e9dical, associ\u00e9e \n17. Monsieur Detlef TROST, biologiste g\u00e9n\u00e9ticien \n18. Madame Myl\u00e8ne VALDUGA, biologiste g\u00e9n\u00e9ticien, associ\u00e9e \n19. Madame Abla AMARA PETITJEAN, pharmacien, biologiste m\u00e9dical, associ\u00e9e \n20. Madame Mathilde ROUSSEL, m\u00e9decin, biologiste m\u00e9dical, associ\u00e9e \n21. Madame St\u00e9phanie MALARD, pharmacien, biologiste m\u00e9dical, associ\u00e9e \n22. Madame Anne LEGRAND, pharmacien, biologiste m\u00e9dical associ\u00e9e \n23. Monsieur Beno\u00eet VISSEAUX, pharmacien, biologiste m\u00e9dical associ\u00e9 \n24. Madame Aline RECEVEUR, m\u00e9decin, biologise m\u00e9dical salari\u00e9e \n25. Madame Camille D'HUMIERES, pharmacien, biologiste m\u00e9dical associ\u00e9e \n26. Madame Marie SENANT, pharmacien, biologiste m\u00e9dical salari\u00e9e \n27. Madame Marine BILLET-DELECOURT, pharmacien, biologiste m\u00e9dical salari\u00e9e \n28. Monsieur Guillaume HERBRETEAU, m\u00e9decin, biologiste m\u00e9dical salari\u00e9 \n29. Madame Claire BRACQUEMART, pharmacien, biologiste m\u00e9dical salari\u00e9e \n30. Monsieur Julien BOURGAIN, pharmacien, biologiste m\u00e9dical salari\u00e9 \n31. Monsieur Quentin BEAULIEU, pharmacien, biologiste m\u00e9dical salari\u00e9 \n32. Madame Florence BATUSANSKI, m\u00e9decin, biologiste m\u00e9dical salari\u00e9e  \n33. Madame S\u00e9verine BACROT, m\u00e9decin, biologiste m\u00e9dical salari\u00e9e \nLa nouvelle r\u00e9partition du capital social et des droits de vote de la SELAFA \u00ab CERBA \u00bb est \nla suivante :  \n \nAssoci\u00e9s Nombre d'actions Capital en % Droits de vote en % \nSylvie GRUEZ-CADO 21 748 36,25% 36,25% \nAur\u00e9lie DRISS CORBIN 16 384 27,31% 27,31% \nB\u00e9n\u00e9dicte ROQUEBERT 3 504 5,84% 5,84% \nHamid BELAOUNI 262 0,44% 0,44% \nJean-Marc COSTA 262 0,44% 0,44% \nSabine DEFASQUE 262 0,44% 0,44% \nAgence R\u00e9gionale de Sant\u00e9 - IDF-2025-05-02-00019 - Arr\u00eat\u00e9 n\u00b0 DOS - 2025/1996\nportant modification de l'autorisation de fonctionnement du laboratoire de biologie m\u00e9dicale \"CERBA\" sis 10-12 avenue Rolland\nMoreno, ZAC des Epineaux, 95740 FREPILLON\n19\n4 / 4 \n \nAmandine GANON 210 0,35% 0,35% \nPascale KLEINFINGER 657 1,10% 1,10% \nLaurence LOHMANN 131 0,22% 0,22% \nSabine TROMBERT 262 0,44% 0,44% \nMarie-Madeleine COUDE 262 0,44% 0,44% \nSt\u00e9phanie SCHMIT 262 0,44% 0,44% \nMyl\u00e8ne VALDUGA 262 0,44% 0,44% \nLaura VERDURME 262 0,44% 0,44% \nSimon SAMAAN 262 0,44% 0,44% \nMarianne PERRET 1 0,00% 0,00% \nAbla Amara PETITJEAN 1 0,00% 0,00% \nMathilde ROUSSEL 1 0,00% 0,00% \nArmelle LUSCAN VALERI 1 0,00% 0,00% \nSt\u00e9phanie MALARD 1 0,00% 0,00% \nBeno\u00eet VISSEAUX 1  0,00% 0,00% \nAnne LEGRAND 1  0,00% 0,00% \nCamille D'HUMIERES 1  0,00% 0,00% \nS/Total Associ\u00e9s Professionnels \nInternes 45 000 75 % 75 % \nSoci\u00e9t\u00e9 CEFID 15 000 25 % 25,00% \nS/Total Tiers Porteurs 15 000 25 % 25 % \nTOTAL 60 000 100% 100% \n \n \nARTICLE 2e : \n \nL'arr\u00eat\u00e9 n\u00b0 DOS-2024/5837 en date du 19 d\u00e9cembre 2024 portant modification de \nl'autorisation de fonctionnement du laboratoire de biologie m\u00e9dicale \u00ab CERBA \u00bb, sis 10-12, \navenue Rolland Moreno \u2013 ZAC des Epineaux \u00e0 Fr\u00e9pillon (95740) est abrog\u00e9. \n \nARTICLE 3e : Un recours contentieux contre le pr\u00e9sent arr\u00eat\u00e9 peut \u00eatre form\u00e9 aupr\u00e8s du tribunal \nadministratif comp\u00e9tent. Le d\u00e9lai de recours est de deux mois \u00e0 compter de sa notification \npour les int\u00e9ress\u00e9s ou de sa publication pour les tiers. \n \nARTICLE 4e : Le Directeur du p\u00f4le Efficience de l'Agence r\u00e9gionale de sant\u00e9 Ile-de-France est charg\u00e9 de \nl'ex\u00e9cution du pr\u00e9sent arr\u00eat\u00e9 qui sera publi\u00e9 au recueil des actes administratifs de la \npr\u00e9fecture de la r\u00e9gion Ile-de-France. \n  \nFait \u00e0 Saint-Denis, le 2 mai 2025 \n \nPour le Directeur g\u00e9n\u00e9ral \nde l'Agence R\u00e9gionale de sant\u00e9 \nIle-de France \n \nPar d\u00e9l\u00e9gation, \nLe directeur du P\u00f4le Efficience \n Fabien P\u00c9RUS \nAgence R\u00e9gionale de Sant\u00e9 - IDF-2025-05-02-00019 - Arr\u00eat\u00e9 n\u00b0 DOS - 2025/1996\nportant modification de l'autorisation de fonctionnement du laboratoire de biologie m\u00e9dicale \"CERBA\" sis 10-12 avenue Rolland\nMoreno, ZAC des Epineaux, 95740 FREPILLON\n20\nAgence R\u00e9gionale de Sant\u00e9\nIDF-2025-05-15-00006\nArr\u00eat\u00e9 n\u00b0DOS-2025-2137 Portant retrait\nd'agr\u00e9ment de la SARL AMBULANCES DSM\n(77380 Combs-la-Ville)\nAgence R\u00e9gionale de Sant\u00e9 - IDF-2025-05-15-00006 - Arr\u00eat\u00e9 n\u00b0DOS-2025-2137 Portant retrait d'agr\u00e9ment de la SARL AMBULANCES\nDSM (77380 Combs-la-Ville) 21\nREPUBLIQUEFRANCAISELibert\u00e9Egalit\u00e9Fraternit\u00e9\n4@ D Agence R\u00e9gionale de Sant\u00e9Ile-de-France\n \n \n \n \n \n \n \nAGENCE R\u00c9GIONALE DE SANT\u00c9 \u00ceLE-DE-FRANCE \nARR\u00caT\u00c9 N\u00b0DOS-2025-2137 \nPortant retrait d'agr\u00e9ment de la SARL AMBULANCES DSM \n(77380 Combs-la-Ville) \n \nLE DIRECTEUR G\u00c9N\u00c9RAL DE L'AGENCE R\u00c9GIONALE DE SANT\u00c9 \u00ceLE-DE-FRANCE \n \nVU le Code de la Sant\u00e9 Publique et notamment ses articles L.6311-1 \u00e0 L.6311-2, L.6312-1 \u00e0 L.6312-\n5, L.6313-1, R.6312-1 \u00e0 R.6312-23, R.6312-29 \u00e0 R.6312-43, R.6313-5 \u00e0 R.6313-7-1 ;  \n \nVU la loi n\u00b0 2009-879 du 21 juillet 2009 portant r\u00e9forme de l'h\u00f4pital et relative aux patients, \u00e0 la sant\u00e9 \net aux territoires ; \n \nVU le d\u00e9cret n\u00b0 2010-344 du 31 mars 2010 tirant les cons\u00e9quences, au niveau r\u00e8glementaire, de \nl'intervention de la loi n\u00b0 2009-879 du 21 juillet 2009 portant r\u00e9forme de l'h\u00f4pital et relative aux \npatients, \u00e0 la sant\u00e9 et aux territoires ; \n \nVU le d\u00e9cret du 10 avril 2024 portant nomination de Monsieur Denis ROBIN, Directeur g\u00e9n\u00e9ral de \nl'Agence r\u00e9gionale d'\u00cele de France \u00e0 compter du 29 avril 2024 ; \n \nVU l'arr\u00eat\u00e9 minist\u00e9riel du 21 d\u00e9cembre 1987 modifi\u00e9 relatif \u00e0 la composition du dossier d'agr\u00e9ment \ndes personnes effectuant des transports sanitaires terrestres et au contr\u00f4le des v\u00e9hicules \naffect\u00e9s aux transports sanitaires ; \n \nVU l'arr\u00eat\u00e9 du 12 d\u00e9cembre 2017 modifi\u00e9 fixant les caract\u00e9ristiques et les installations mat\u00e9rielles \nexig\u00e9es pour les v\u00e9hicules affect\u00e9s aux transports sanitaires terrestres ; \n \nVU l'arr\u00eat\u00e9 DS N\u00b0034/2024 du Directeur g\u00e9n\u00e9ral de l'Agence r\u00e9gionale de sant\u00e9 \u00cele de France en \ndate du 29 avril 2024, portant d\u00e9l\u00e9gation de signature \u00e0 Monsieur Arnaud CORVAISIER, \nDirecteur de l'offre de soins, et \u00e0 certains de ses collaborateurs ; \n \nVU l'arr\u00eat\u00e9 pr\u00e9fectoral DDASS/2009/ASP/AMB/n\u00b0 130 en date du 07 juillet 2009, portant agr\u00e9ment \nde la SARL DSM AMBULANCES, sise 5, rue Pierre Weczerka \u00e0 Champs-sur-Marne (77240), \ndont les co-g\u00e9rants sont Messieurs Malek DIDANE et Sa\u00efd DJILI ; \n \nVU l'arr\u00eat\u00e9 n\u00b077-45 ARS/APS-A/2014 du Directeur g\u00e9n\u00e9ral de l'Agence r\u00e9gionale de sant\u00e9 Ile de \nFrance en date du 09 mai 2014, portant transfert des locaux et changement de g\u00e9rance, de la \nSARL AMBULANCES DSM, du 5, rue Pierre Weczerka \u00e0 Champs-sur-Marne (77240) au 34, \nboulevard de Nesles \u00e0 Champs-sur-Marne (77240), dont le seul g\u00e9rant est Monsieur Malek \nDIDANE ;  \nAgence R\u00e9gionale de Sant\u00e9 - IDF-2025-05-15-00006 - Arr\u00eat\u00e9 n\u00b0DOS-2025-2137 Portant retrait d'agr\u00e9ment de la SARL AMBULANCES\nDSM (77380 Combs-la-Ville) 22\nAgence R\u00e9gionale de Sant\u00e9\nIDF-2025-05-16-00006\nArr\u00eat\u00e9 n\u00b0DOS-2025-2139 Portant agr\u00e9ment de la\nSAS THERENE AMBULANCES (77240 Cesson)\nAgence R\u00e9gionale de Sant\u00e9 - IDF-2025-05-16-00006 - Arr\u00eat\u00e9 n\u00b0DOS-2025-2139 Portant agr\u00e9ment de la SAS THERENE AMBULANCES\n(77240 Cesson) 23\nREPUBLIQUEFRANCAISELibert\u00e9Egalit\u00e9Fraternit\u00e9\n4@ D Agence R\u00e9gionale de Sant\u00e9Ile-de-France\n \n \n \n \n \n \n \nAGENCE R\u00c9GIONALE DE SANT\u00c9 \u00ceLE-DE-FRANCE \nARR\u00caT\u00c9 N\u00b0DOS-2025-2139 \nPortant agr\u00e9ment de la SAS THERENE AMBULANCES \n(77240 Cesson)  \n \nLE DIRECTEUR G\u00c9N\u00c9RAL DE L'AGENCE R\u00c9GIONALE DE SANT\u00c9 \u00ceLE-DE-FRANCE \n \n \nVU le Code de la Sant\u00e9 Publique et notamment ses articles L.6311-1 \u00e0 L.6311-2, L.6312-1 \u00e0 L.6312-\n5, L.6313-1, R.6312-1 \u00e0 R.6312-23, R.6312-29 \u00e0 R.6312-43, R.6313-5 \u00e0 R.6313-7-1 ;   \n \nVU la loi n\u00b0 2009-879 du 21 juillet 2009 portant r\u00e9forme de l'h\u00f4pital et relative aux patients, \u00e0 la sant\u00e9 \net aux territoires ; \n \nVU le d\u00e9cret n\u00b0 2010-344 du 31 mars 2010 tirant les cons\u00e9quences, au niveau r\u00e8glementaire, de \nl'intervention de la loi n\u00b0 2009-879 du 21 juillet 2009 portant r\u00e9forme de l'h\u00f4pital et relative aux \npatients, \u00e0 la sant\u00e9 et aux territoires ;  \n \nVU le d\u00e9cret du 10 avril 2024 portant nomination de Monsieur Denis ROBIN, Directeur g\u00e9n\u00e9ral de \nl'Agence r\u00e9gionale de sant\u00e9 \u00cele de France \u00e0 compter du 29 avril 2024 ; \n \nVU l'arr\u00eat\u00e9 minist\u00e9riel du 21 d\u00e9cembre 1987 modifi\u00e9 relatif \u00e0 la composition du dossier d'agr\u00e9ment \ndes personnes effectuant des transports sanitaires terrestres et au contr\u00f4le des v\u00e9hicules \naffect\u00e9s aux transports sanitaires ; \n \nVU l'arr\u00eat\u00e9 du 12 d\u00e9cembre 2017 modifi\u00e9 fixant les caract\u00e9ristiques et les installations mat\u00e9rielles \nexig\u00e9es pour les v\u00e9hicules affect\u00e9s aux transports sanitaires terrestres ; \n \nVU l'arr\u00eat\u00e9 DS N\u00b0034/2024 du Directeur g\u00e9n\u00e9ral de l'Agence r\u00e9gionale de sant\u00e9 \u00cele de France en \ndate du 29 avril 2024, portant d\u00e9l\u00e9gation de signature \u00e0 Monsieur Arnaud CORVAISIER, \nDirecteur de l'offre de soins, et \u00e0 certains de ses collaborateurs ; \n \nVU le dossier de demande d'agr\u00e9ment pr\u00e9sent\u00e9 par le responsable l\u00e9gal de la SAS THERENE \nAMBULANCES sise 36, rue du Mistral \u00e0 Cesson (77240) dont le responsable l\u00e9gal est Monsieur \nSteve MOANDA ; \n \nCONSIDERANT l'accord de transfert de l'autorisation de mise en service d'un v\u00e9hicule de cat\u00e9gorie C \ntype A immatricul\u00e9 GH-399-PZ et d'un v\u00e9hicule de cat\u00e9gorie D immatricul\u00e9 GQ-160-KV provenant de \nla soci\u00e9t\u00e9 AMBULANCES DSM \u00e0 Combs-la-Ville (77380), d\u00e9livr\u00e9 par les services de l'ARS Ile de \nFrance le 06 f\u00e9vrier 2025 ; \n \nCONSIDERANT la conformit\u00e9 du dossier de demande d'agr\u00e9ment, des installations mat\u00e9rielles, des \nv\u00e9hicules et des \u00e9quipages, aux dispositions du code de la sant\u00e9 publique et des arr\u00eat\u00e9s ci-dessus \nvis\u00e9s relatifs \u00e0 la composition du dossier d'agr\u00e9ment et fixant les caract\u00e9ristiques exig\u00e9es pour les \nv\u00e9hicules et les installations mat\u00e9rielles affect\u00e9s aux transports sanitaires terrestres ; \n \nAgence R\u00e9gionale de Sant\u00e9 - IDF-2025-05-16-00006 - Arr\u00eat\u00e9 n\u00b0DOS-2025-2139 Portant agr\u00e9ment de la SAS THERENE AMBULANCES\n(77240 Cesson) 24\n2 \n \nCONSIDERANT l'attestation sur l'honneur du responsable l\u00e9gal de la soci\u00e9t\u00e9 relative \u00e0 la conformit\u00e9 \ndes installations mat\u00e9rielles, aux normes d\u00e9finies par l'arr\u00eat\u00e9 du 12 d\u00e9cembre 2017 ci-dessus vis\u00e9 ainsi \nqu'aux normes d'hygi\u00e8ne et de salubrit\u00e9 ; \n \nCONSIDERANT les attestations sur l'honneur du responsable l\u00e9gal de la soci\u00e9t\u00e9 relative \u00e0 la conformit\u00e9 \ndes v\u00e9hicules de transports sanitaires, aux normes d\u00e9finies par l'arr\u00eat\u00e9 du 12 d\u00e9cembre 2017 ci-dessus \nvis\u00e9 ; \n \n \nARR\u00caTE \n \n \nARTICLE 1er :  La SAS THERENE AMBULANCES, sise 36, rue du Mistral \u00e0 Cesson (77240), dont le \nresponsable l\u00e9gal est Monsieur Steve MOANDA, est agr\u00e9\u00e9e sous le n\u00b0 ARS-IDF-TS/395 \u00e0 compter \nde la date du pr\u00e9sent arr\u00eat\u00e9. \n \n ARTICLE 2 : La liste des v\u00e9hicules et des personnels composant les \u00e9quipages est pr\u00e9cis\u00e9e en \nannexe au pr\u00e9sent arr\u00eat\u00e9. \n \nARTICLE 3 : La pr\u00e9sente d\u00e9cision peut faire l'objet d'un recours gracieux aupr\u00e8s de Monsieur le \nDirecteur g\u00e9n\u00e9ral de l'Agence r\u00e9gionale de sant\u00e9, sise 13, rue du Landy 93200 Saint-Denis. \n Un recours contentieux peut \u00e9galement \u00eatre d\u00e9pos\u00e9 aupr\u00e8s du tribunal administratif comp\u00e9tent.   \n Le d\u00e9lai de recours est de deux mois \u00e0 compter de la notification de l'arr\u00eat\u00e9 pour l'int\u00e9ress\u00e9 ou de sa \npublication pour les tiers. \n Ces recours n'ont pas pour effet de suspendre le caract\u00e8re ex\u00e9cutoire de la pr\u00e9sente d\u00e9cision.    \n \nARTICLE 4 : Le Directeur de l'offre de soins est charg\u00e9 de l'ex\u00e9cution du pr\u00e9sent arr\u00eat\u00e9, qui sera \npubli\u00e9 au Recueil des Actes Administratifs des services de l'\u00c9tat. \n \n \nFait \u00e0 Saint-Denis, le 16 mai 2025                             \n \nP/Le Directeur g\u00e9n\u00e9ral \nde l'Agence r\u00e9gionale de sant\u00e9 \nIle-de-France, \nLa Responsable du Service r\u00e9gional \ndes transports sanitaires, \n \n \n \n \n \nS\u00e9verine TEISSEDRE \n \n \nSign\u00e9 \nAgence R\u00e9gionale de Sant\u00e9 - IDF-2025-05-16-00006 - Arr\u00eat\u00e9 n\u00b0DOS-2025-2139 Portant agr\u00e9ment de la SAS THERENE AMBULANCES\n(77240 Cesson) 25\nAgence R\u00e9gionale de Sant\u00e9\nIDF-2025-05-15-00007\nArr\u00eat\u00e9 n\u00b0DOS-2025/2140 portant transfert des\nlocaux de la SAS AMBULANCES DU PANTH\u00c9ON\n(92700 Colombes)\nAgence R\u00e9gionale de Sant\u00e9 - IDF-2025-05-15-00007 - Arr\u00eat\u00e9 n\u00b0DOS-2025/2140 portant transfert des locaux de la SAS AMBULANCES\nDU PANTH\u00c9ON (92700 Colombes) 26\nEoREPUBLIQUEFRAN CAI SE \u00a9 D Agence R\u00e9gionale de Sant\u00e9Libert\u00e9 Ile-de-France\u00c9galit\u00e9Fraternit\u00e9\n \n \n \n \n \n \n \nAGENCE R\u00c9GIONALE DE SANT\u00c9 \u00ceLE-DE-FRANCE \nARR\u00caT\u00c9 N\u00b0DOS-2025/2140 \nportant transfert des locaux de la SAS AMBULANCES DU PANTH\u00c9ON \n(92700 Colombes) \n \nLE DIRECTEUR G\u00c9N\u00c9RAL DE L'AGENCE R\u00c9GIONALE DE SANT\u00c9 \u00ceLE-DE-FRANCE \n \n \nVU le Code de la Sant\u00e9 Publique et notamment ses articles L.6311-1 \u00e0 L.6311-2, L.6312-1 \u00e0 \nL.6312-5, L.6313-1, R.6312-1 \u00e0 R.6312-23, R.6312-29 \u00e0 R.6312-43, R.6313-5 \u00e0 R.6313-7-1 ; \n \nVU la loi n\u00b0 2009-879 du 21 juillet 2009 portant r\u00e9forme de l'h\u00f4pital et relative aux patients, \u00e0 la \nsant\u00e9 et aux territoires ; \n \nVU le d\u00e9cret n\u00b0 2010-344 du 31 mars 2010 tirant les cons\u00e9quences, au niveau r\u00e8glementaire, de \nl'intervention de la loi n\u00b0 2009-879 du 21 juillet 2009 portant r\u00e9forme de l'h\u00f4pital et relative aux \npatients, \u00e0 la sant\u00e9 et aux territoires ; \n \nVU le d\u00e9cret du 10 avril 2024 portant nomination de Monsieur Denis ROBIN, Directeur g\u00e9n\u00e9ral de \nl'Agence r\u00e9gionale d'\u00cele de France \u00e0 compter du 29 avril 2024 ; \n \nVU l'arr\u00eat\u00e9 minist\u00e9riel du 21 d\u00e9cembre 1987 modifi\u00e9 relatif \u00e0 la composition du dossier d'agr\u00e9ment \ndes personnes effectuant des transports sanitaires terrestres et au contr\u00f4le des v\u00e9hicules \naffect\u00e9s aux transports sanitaires ; \n \nVU l'arr\u00eat\u00e9 du 12 d\u00e9cembre 2017 modifi\u00e9 fixant les caract\u00e9ristiques et les installations mat\u00e9rielles \nexig\u00e9es pour les v\u00e9hicules affect\u00e9s aux transports sanitaires terrestres ; \n \nVU l'arr\u00eat\u00e9 DS N\u00b0034/2024 du Directeur g\u00e9n\u00e9ral de l'Agence r\u00e9gionale d'\u00cele de France en date du \n29 avril 2024, portant d\u00e9l\u00e9gation de signature \u00e0 Monsieur Arnaud CORVAISIER, Directeur de \nl'offre de soins, et \u00e0 certains de ses collaborateurs ; \n \nVU l'arr\u00eat\u00e9 n\u00b0DOS-2023/1766 du Directeur g\u00e9n\u00e9ral de l'Agence r\u00e9gionale de sant\u00e9 Ile de France \nen date du 17 mai 2023, portant agr\u00e9ment sous le n\u00b0 ARS-IDF-TS/324, de la SAS \nAMBULANCES DU PANT\u00c9ON, sise 1, rue de Metz \u00e0 Colombes (92700), dont le, pr\u00e9sident \nest Monsieur Samir BOUALIME ; \n \n \nCONSIDERANT l'accord de transfert des autorisations de mise en service, des v\u00e9hicules de cat\u00e9gorie \nC type A immatricul\u00e9s GZ-506-EK et GP-302-SV d\u00e9livr\u00e9 par les services de l'ARS Ile-de-France le 13 \nmars 2025 ; \n \nCONSIDERANT la demande de modification de l'agr\u00e9ment d\u00e9pos\u00e9e par le responsable l\u00e9gal de la \nsoci\u00e9t\u00e9 relative au transfert des locaux ; \n \nCONSIDERANT la conformit\u00e9 du dossier de demande de transfert des locaux aux dispositions de \nl'arr\u00eat\u00e9 du 21 d\u00e9cembre 1987 modifi\u00e9 ci-dessus vis\u00e9 ; \nAgence R\u00e9gionale de Sant\u00e9 - IDF-2025-05-15-00007 - Arr\u00eat\u00e9 n\u00b0DOS-2025/2140 portant transfert des locaux de la SAS AMBULANCES\nDU PANTH\u00c9ON (92700 Colombes) 27\n2 \n \n \nCONSIDERANT l'attestation sur l'honneur relative \u00e0 la conformit\u00e9 des installations mat\u00e9rielles, aux \nnormes d\u00e9finies par l'arr\u00eat\u00e9 du 12 d\u00e9cembre 2017 ci-dessus vis\u00e9 ainsi qu'aux normes d'hygi\u00e8ne et de \nsalubrit\u00e9 ; \n \n \nARR\u00caTE \n \nARTICLE 1er : La SAS AMBUANCES DU PANT\u00c9ON est autoris\u00e9e \u00e0 transf\u00e9rer ses locaux du sise 1, \nrue de Metz \u00e0 Colombes (92700), au 42, avenue de l'Agent Sarre \u00e0 Colombes (92700) \u00e0 la date du \npr\u00e9sent arr\u00eat\u00e9.    \n \nARTICLE 2 : La pr\u00e9sente d\u00e9cision peut faire l'objet d'un recours gracieux aupr\u00e8s de Monsieur le \nDirecteur g\u00e9n\u00e9ral de l'Agence r\u00e9gionale de sant\u00e9, sise 13, rue du Landy 93200 Saint-Denis. \n Un recours contentieux peut \u00e9galement \u00eatre d\u00e9pos\u00e9 aupr\u00e8s du tribunal administratif comp\u00e9tent.   \n Le d\u00e9lai de recours est de deux mois \u00e0 compter de la notification de l'arr\u00eat\u00e9 pour l'int\u00e9ress\u00e9 ou de sa \npublication pour les tiers. \n Ces recours n'ont pas pour effet de suspendre le caract\u00e8re ex\u00e9cutoire de la pr\u00e9sente d\u00e9cision.    \n \nARTICLE 3 : Le Directeur de l'offre de soins est charg\u00e9 de l'ex\u00e9cution du pr\u00e9sent arr\u00eat\u00e9, qui sera \npubli\u00e9 au Recueil des Actes Administratifs des services de l'\u00c9tat.  \n \n \n \n \nFait \u00e0 Saint-Denis, le 15 mai 2025         \n \nP/Le Directeur g\u00e9n\u00e9ral \nde l'Agence r\u00e9gionale de sant\u00e9 \nIle-de-France,  \nLa Responsable du service r\u00e9gional \ndes transports sanitaires, \n \n \n \n \n \nS\u00e9verine TEISSEDRE \n \nSign\u00e9 \nAgence R\u00e9gionale de Sant\u00e9 - IDF-2025-05-15-00007 - Arr\u00eat\u00e9 n\u00b0DOS-2025/2140 portant transfert des locaux de la SAS AMBULANCES\nDU PANTH\u00c9ON (92700 Colombes) 28","date":"2025-05-19","first_seen_on":"2025-05-19T17:08:33+00:00","id":"f9536471f8d6e71b6e4f2c32f227b6ed26ed9d76fffcef40831671dba9794727","name":"recueil-idf-029-2025-05-RAA-nominatifs du 19.05.2025","pdf_creation_date":"2025-05-19T14:56:02+00:00","pdf_modification_date":null,"timezone":"Europe/Paris","url":"https://www.prefectures-regions.gouv.fr/ile-de-france/irecontenu/telechargement/127791/942692/file/recueil-idf-029-2025-05-RAA-nominatifs%20du%2019.05.2025.pdf"}
