{"administration":"pref75","administration_name":"Pr\u00e9fecture de Paris","content":"PREFECTURE\nDE PARIS\nRECUEIL DES ACTES\nADMINISTRATIFS SP\u00c9CIAL\nN\u00b075-2026-097\nPUBLI\u00c9 LE 16 F\u00c9VRIER 2026\nSommaire\nPr\u00e9fecture de Police / Cabinet\n75-2026-02-14-00001 - Arr\u00eat\u00e9 n\u00b0 2026-00192 du 14 f\u00e9vrier 2026 relatif\naux mesures restrictives de circulation prises dans le cadre de la mise en\noeuvre du Plan neige et verglas en \u00cele-de-France (PNVIF) (7 pages) Page 3\n75-2026-02-16-00017 - Arr\u00eat\u00e9 n\u00b0 2026-00193 du 16 f\u00e9vrier\n2026\nautorisant la captation, l'enregistrement et la transmission\nd'images au moyen de cam\u00e9ras install\u00e9es sur des a\u00e9ronefs \u00e0 Paris\nle 17 f\u00e9vrier 2026 (4 pages) Page 11\n75-2026-02-16-00018 - Arr\u00eat\u00e9 n\u00b0 2026-00194 du 16 f\u00e9vrier\n2026\nportant mesures de police applicables dans certains secteurs \u00e0\nParis du 21 f\u00e9vrier au 22 f\u00e9vrier 2026 \u00e0 l'occasion de l'ouverture\ndu salon international de l'agriculture (5 pages) Page 16\n2\nPr\u00e9fecture de Police\n75-2026-02-14-00001\nArr\u00eat\u00e9 n\u00b0 2026-00192 du 14 f\u00e9vrier 2026 relatif\naux mesures restrictives de circulation prises\ndans le cadre de la mise en oeuvre du Plan neige\net verglas en \u00cele-de-France (PNVIF)\nPr\u00e9fecture de Police - 75-2026-02-14-00001 - Arr\u00eat\u00e9 n\u00b0 2026-00192 du 14 f\u00e9vrier 2026 relatif aux mesures restrictives de circulation\nprises dans le cadre de la mise en oeuvre du Plan neige et verglas en \u00cele-de-France (PNVIF) 3\nPREFECTUREDE POLICELibert\u00e9Egalit\u00e9Fraternit\u00e9\nfea:\nSecr\u00e9tariat g\u00e9n\u00e9ral\nde la Zone de d\u00e9fense et de s\u00e9curit\u00e9 de Paris\nARR\u00caT\u00c9 N\u00b0 2026-00192\nRelatif aux mesures restrictives de circulation prises dans le cadre de la mise en \n\u0153uvre du Plan neige et verglas en \u00cele-de-France (PNVIF)\nLe pr\u00e9fet de Police,\nPr\u00e9fet de la Zone de d\u00e9fense et de s\u00e9curit\u00e9 de Paris,\nVu le code de la d\u00e9fense\u00a0; \nVu le code des collectivit\u00e9s territoriales\u00a0; \nVu le code p\u00e9nal\u00a0; \nVu le code de la s\u00e9curit\u00e9 int\u00e9rieure, notamment ses articles L. 122-5, L122-4, L742-3, R. \n122-4, R. 122-8, R122-39 et R. 122-41\u00a0;\nVu le code de la route, notamment ses articles R. 311-1, R. 413-8 et R414-14\u00a0; \nVu le code des transports, notamment son article L. 1252-1\u00a0;\nVu le code de la voirie routi\u00e8re\u00a0;  \nVu le d\u00e9cret n\u00b0 2004-374 du 29 avril 2004 modifi\u00e9 relatif aux pouvoirs des pr\u00e9fets, \u00e0  \nl'organisation et \u00e0 l'action des services de l'\u00c9tat dans les r\u00e9gions et les d\u00e9partements\u00a0;\nVu le d\u00e9cret du 6 novembre 2024 portant nomination de la pr\u00e9f\u00e8te, secr\u00e9taire g\u00e9n\u00e9 -\nrale de la zone de d\u00e9fense et de s\u00e9curit\u00e9 de Paris \u2013 Mme STEFFAN (B\u00e9atrice) ;\nVu le d\u00e9cret n\u00b0 2025-492 du 2 juin 2025 relatif \u00e0 la consistance du r\u00e9seau routier \nnational ;\nVu le d\u00e9cret du 22 octobre 2025 portant nomination du pr\u00e9fet de police \u2013 M. FAURE  \n(Patrice)\u00a0;\nVu le d\u00e9cret du 22 octobre 2025 portant nomination du pr\u00e9fet, directeur de cabinet  \ndu pr\u00e9fet de police \u2013 M. ROLLAND (Baptiste) ; \nVu  l'arr\u00eat\u00e9 minist\u00e9riel du 29 mai 2009 modifi\u00e9 relatif aux transports de mati\u00e8res  \ndangereuses par voies terrestres\u00a0;\n1\nPr\u00e9fecture de Police - 75-2026-02-14-00001 - Arr\u00eat\u00e9 n\u00b0 2026-00192 du 14 f\u00e9vrier 2026 relatif aux mesures restrictives de circulation\nprises dans le cadre de la mise en oeuvre du Plan neige et verglas en \u00cele-de-France (PNVIF) 4\nVu l'arr\u00eat\u00e9 minist\u00e9riel du 23 juin 2010 modifi\u00e9 fixant la liste des routes de la r\u00e9gion d'\u00cele-\nde-France relevant de la comp\u00e9tence du pr\u00e9fet de Police\u00a0;\nVu l'arr\u00eat\u00e9 interminist\u00e9riel du 16 mars avril 2021 modifi\u00e9 relatif \u00e0 l'interdiction de  \ncirculation des v\u00e9hicules de transport de marchandises \u00e0 certaines p\u00e9riodes\u00a0;\nVu l'arr\u00eat\u00e9 interpr\u00e9fectoral n\u00b0 2019-00901 en date du 22 novembre  2019 portant  \napprobation du Plan neige et verglas en \u00cele-de-France (PNVIF)\u00a0applicable au sein de la \nZone de d\u00e9fense et de s\u00e9curit\u00e9 de Paris\u00a0;\nVu l'arr\u00eat\u00e9  pr\u00e9fectoral  n\u00b02025-01600  du  27  novembre  2025  accordant  la  \nd\u00e9l\u00e9gation de la signature pr\u00e9fectorale au sein du cabinet ;\nVu l'instruction du  14  novembre 2011 relative au tri des  poids-lourds  en p\u00e9riode  \nd'intemp\u00e9ries\u00a0;\nVu le document op\u00e9rationnel de circulation (DOC) et le document d'organisation  \nr\u00e9gional pour l'exploitation des routes et du trafic (DOR)\u00a0;\nVu  le bulletin de vigilance m\u00e9t\u00e9orologique de M\u00e9t\u00e9o France en date du samedi 14  \nf\u00e9vrier 2026 ; \nVu l'audioconf\u00e9rence en date du samedi 14 f\u00e9vrier 2026 associant M\u00e9t\u00e9o France et le \nComit\u00e9 des experts\u00a0;\nConsid\u00e9rant conform\u00e9ment \u00e0 l'article R. 122-4 du code de la s\u00e9curit\u00e9 int\u00e9rieure (CSI),  \nque le pr\u00e9fet de Zone de d\u00e9fense et de s\u00e9curit\u00e9 assure la coordination des mesures  \nd'information et de circulation routi\u00e8re dans sa zone de d\u00e9fense et de s\u00e9curit\u00e9 et qu'\u00e0 \nce titre, d'une part il arr\u00eate et met en \u0153uvre les plans de gestion du trafic d\u00e9passant  \nle cadre d'un d\u00e9partement et d'autre part, il coordonne la mise en \u0153uvre des mesures \nde gestion du trafic et d'information routi\u00e8re ; \nConsid\u00e9rant en application des dispositions de l'article R. 122-8 du m\u00eame code, que le \npr\u00e9fet de Zone de d\u00e9fense et de s\u00e9curit\u00e9 prend, dans le cadre de son pouvoir de  \ncoordination, les mesures de police administrative n\u00e9cessaires lorsqu'intervient une  \nsituation de crise ou que se d\u00e9veloppent des \u00e9v\u00e9nements d'une particuli\u00e8re gravit\u00e9,  \nquelle qu'en soit l'origine, de nature \u00e0 menacer des vies humaines, \u00e0 compromettre la \ns\u00e9curit\u00e9  ou  la  libre  circulation  des  personnes  et  des  biens  et  porter  atteinte  \u00e0  \nl'environnement, et que cette situation ou ces \u00e9v\u00e9nements peuvent avoir des effets  \nsusceptibles de d\u00e9passer le cadre d'un d\u00e9partement\u00a0; \nConsid\u00e9rant que le Plan neige et verglas en \u00cele-de-France a pour objectif d'une part, de \npr\u00e9venir des effets d'un \u00e9pisode de neige ou de verglas par un traitement pr\u00e9ventif sur \nles axes routiers identifi\u00e9s et d'autre part, de ma\u00eetriser la gestion du trafic des poids-\nlourds afin d'\u00e9viter le blocage en pleine voie des usagers de la route, tout en facilitant \nl'intervention des v\u00e9hicules proc\u00e9dant au traitement curatif\u00a0; \nConsid\u00e9rant que les d\u00e9partements de la r\u00e9gion d'\u00cele-de-France font l'objet d'une  \nvigilance  m\u00e9t\u00e9orologique  de  nive au  ORANGE  par  M\u00e9t\u00e9o  France,  en  raison  de  \npr\u00e9cipitations de neige sur l'ensemble de l'\u00cele-de-France et qu'ainsi, les conditions de  \ncirculation peuvent rapidement devenir tr\u00e8s difficiles sur l'ensemble du r\u00e9seau et, qu'\u00e0 \nce titre, les risques d'accident sont accrus\u00a0;\n2\nPr\u00e9fecture de Police - 75-2026-02-14-00001 - Arr\u00eat\u00e9 n\u00b0 2026-00192 du 14 f\u00e9vrier 2026 relatif aux mesures restrictives de circulation\nprises dans le cadre de la mise en oeuvre du Plan neige et verglas en \u00cele-de-France (PNVIF) 5\nConsid\u00e9rant le d\u00e9clenchement par le pr\u00e9fet de Police, pr\u00e9fet de la Zone de d\u00e9fense et \nde s\u00e9curit\u00e9 de Paris du niveau 2 du Plan Neige et Verglas en \u00cele-de-France le dimanche \n15 f\u00e9vrier 2026\u00a0; \nConsid\u00e9rant la n\u00e9cessit\u00e9, pour les autorit\u00e9s administratives comp\u00e9tentes, d'assurer la \ns\u00e9curit\u00e9 routi\u00e8re des usagers en \u00cele-de-France d'une part, et de r\u00e9pondre aux objectifs \ndu PNVIF relatifs \u00e0 la gestion du trafic et \u00e0 l'assistance aux populations lors d'\u00e9pisodes \nm\u00e9t\u00e9orologiques hivernaux d'autre part\u00a0;\nSur proposition de la pr\u00e9f\u00e8te, Secr\u00e9taire g\u00e9n\u00e9rale de la Zone de d\u00e9fense et de s\u00e9curit\u00e9 \nde Paris,\nARR\u00caTE\u00a0:\nArticle 1\u00a0:\nLa vitesse est abaiss\u00e9e de 20 kilom\u00e8tres/heure  sur l'ensemble des axes du r\u00e9seau  \nroutier du p\u00e9rim\u00e8tre d'application territorial du PNVIF mentionn\u00e9s \u00e0 l'annexe de  \nl'arr\u00eat\u00e9 (hors boulevard p\u00e9riph\u00e9rique parisien), \u00e0 compter du dimanche 15 f\u00e9vrier 2026 \n8h00 jusqu'au dimanche 15 f\u00e9vrier 2026 14h00 pour l'ensemble des v\u00e9hicules.\nArticle 2  \u00a0  :\nLes  v\u00e9hicules  suivants  ne  sont  pas  autoris\u00e9s  \u00e0  effectuer  une  man\u0153uvre  de  \nd\u00e9passement le dimanche 15 f\u00e9vrier 2026, \u00e0 compter de 8h00 jusqu'a 14h00  :\n- v\u00e9hicules destin\u00e9s exclusivement au transport de marchandises   dont le poids  \ntotal autoris\u00e9 en charge (PTAC) est sup\u00e9rieur \u00e0 3.5 tonnes ;  \n- v\u00e9hicules destin\u00e9s au transport de personnes   incluant les v\u00e9hicules de transport \nde personnes, les v\u00e9hicules de transport en commun, les autobus ou autocars  \narticul\u00e9s ou non, les v\u00e9hicules de transport en commun d'enfants, les v\u00e9hicules \naffect\u00e9s au transport d'enfants ;\n- v\u00e9hicules de transport de mati\u00e8res dangereuses  .\nArticle 3  \u00a0  :  \nLa pr\u00e9f\u00e8te, Secr\u00e9taire g\u00e9n\u00e9rale de la Zone de d\u00e9fense et de s\u00e9curit\u00e9 de Paris \u00a0; les  \npr\u00e9fets des d\u00e9partements de la Seine-et-Marne, des Yvelines, de l'Essonne, des Hauts-\nde-Seine, de la Seine-Saint-Denis, du Val-de-Marne, et du Val-d 'Oise\u00a0; la directrice  \nr\u00e9gionale  et  interd\u00e9partementale  de  l'environnement,  de  l'am\u00e9nagement  et  des  \ntransports\u00a0; le directeur de l'ordre public et de la circulation de la pr\u00e9fecture de Police \nsont charg\u00e9s, chacun en ce qui le concerne, de l'ex\u00e9cution du pr\u00e9sent arr\u00eat\u00e9.\nArticle 4  \u00a0  :  \nLe pr\u00e9sent arr\u00eat\u00e9 sera publi\u00e9 au recueil des actes administratifs des pr\u00e9fectures des  \nd\u00e9partements de la Zone de d\u00e9fense et de s\u00e9curit\u00e9 de Paris et \u00e0 celui du d\u00e9partement \n3\nPr\u00e9fecture de Police - 75-2026-02-14-00001 - Arr\u00eat\u00e9 n\u00b0 2026-00192 du 14 f\u00e9vrier 2026 relatif aux mesures restrictives de circulation\nprises dans le cadre de la mise en oeuvre du Plan neige et verglas en \u00cele-de-France (PNVIF) 6\nde Paris ou affich\u00e9 aux portes de la pr\u00e9fecture de Police, et consultable sur le site de  \nla pr\u00e9fecture de Police (www.prefecturedepolice.interieur.gouv.fr), ampliation en sera  \nadress\u00e9e aux services suivants\u00a0:\n- R\u00e9gion de la gendarmerie d'\u00cele-de-France\u00a0;\n- Direction zonale CRS d'\u00cele-de-France\u00a0;\n- Compagnies autorouti\u00e8res de CRS d'\u00cele-de-France\u00a0;\n- Direction de l'ordre public et de la circulation\u00a0;\n- Direction des transports et de la protection du public\u00a0;\n- Direction de la s\u00e9curit\u00e9 de proximit\u00e9 de l'agglom\u00e9ration parisienne\u00a0;\n- Directions interd\u00e9partementales de la police nationale 77 , 78, 91 et 95\u00a0;\n- Gestionnaires  de  voirie  du  r\u00e9seau  routier  national  (DiRIF,  APRR,  COFIROUTE,  \nSANEF, SAPN)\u00a0;\n- Mairie de Paris (Direction de la Voirie et des D\u00e9placements)\u00a0;\n- Conseils d\u00e9partementaux d'\u00cele-de-France (Directions de la voirie).\nFait \u00e0 Paris, le 14 f\u00e9vrier 2026\nPour le pr\u00e9fet de Police, \nPr\u00e9fet de la Zone de d\u00e9fense et de s\u00e9curit\u00e9 de Paris et par d\u00e9l\u00e9gation, \nLe directeur de cabinet, \nSign\u00e9\nBaptiste ROLLAND\nD\u00e9lais et voies de recours : Conform\u00e9ment \u00e0 l'article R.421-1 du code de justice administrative, le pr\u00e9sent acte peut faire l'objet \nd'un recours contentieux, dans le d\u00e9lai de deux mois \u00e0 compter de sa notification, devant le tribunal administratif de Paris. Le \ntribunal administratif de Paris peut \u00eatre saisi par l'application T\u00e9l\u00e9recours accessible par le site https://www.telerecours.fr. Il \npeut \u00e9galement faire l'objet d'un recours gracieux aupr\u00e8s de Monsieur le Pr\u00e9fet de zone. Cette d\u00e9marche interrompt le d\u00e9lai  \nde recours contentieux, ce dernier devant \u00eatre introduit dans le d\u00e9lai de deux mois suivant une d\u00e9cision implicite ou explicite  \nde l'autorit\u00e9 comp\u00e9tente (le silence de l'administration pendant un d\u00e9lai de deux mois valant d\u00e9cision implicite de rejet).\n4\nPr\u00e9fecture de Police - 75-2026-02-14-00001 - Arr\u00eat\u00e9 n\u00b0 2026-00192 du 14 f\u00e9vrier 2026 relatif aux mesures restrictives de circulation\nprises dans le cadre de la mise en oeuvre du Plan neige et verglas en \u00cele-de-France (PNVIF) 7\nANNEXE 1 DE L'ARR\u00caTE n\u00b02025-01575\nAxes routiers publics sur lesquels s'appliquent les restrictions de circulation \npr\u00e9vues\n aux articles 1 et 2 de l'arr\u00eat\u00e9\u00a0:\n- R\u00e9seau conc\u00e9d\u00e9 aux soci\u00e9t\u00e9s d'autoroutes suivantes  \u00a0  :  \n\uf0b7 Soci\u00e9t\u00e9 des Autoroutes du Nord et de l'Est de la France (SA -\nNEF) pour les autoroutes A1 et A4\u00a0;\n\uf0b7 Autoroutes Paris Rhin Rh\u00f4ne (APRR) pour les autoroutes A5,  \nA5a, A5b, A6, A6a, A6b et A77\u00a0;\n\uf0b7 COmpagnie FInanci\u00e8re et Industrielle des autoROUTEs (COFI-\nROUTE) pour les autoroutes A10, A11 et le Duplex A86\u00a0;\n\uf0b7 Soci\u00e9t\u00e9 des Autoroutes Paris Normandie (SAPN) pour les au -\ntoroutes A13, A14 et A16\u00a0;\n- R\u00e9seau non conc\u00e9d\u00e9 suivant (radiales)  \u00a0  :  \n\uf0b7 Autoroute A1 de la porte de la Chapelle \u00e0 Roissy-Charles-de-\nGaulle (95)\u00a0;\n\uf0b7 Autoroute A3 de la porte de Bagnolet \u00e0 Roissy-Charles-de-\nGaulle (95)\u00a0;\n\uf0b7 Autoroute A103 de Villemomble (93) \u00e0 Rosny-sous-Bois (93)\u00a0;\n\uf0b7 Autoroute A4 de la porte de Bercy \u00e0 Noisy-le-Grand (93)\u00a0;\n\uf0b7 Autoroute A6 des portes d'Italie (A6b) ou d'Orl\u00e9ans (A6a) \u00e0  \nC\u00e9ly-en-Bi\u00e8re (77)\u00a0;\n\uf0b7 Autoroute A10 de Wissous (91) \u00e0 Les Ulis (91)\u00a0;\n\uf0b7 Autoroute A14 de Nanterre (92) \u00e0 la D\u00e9fense (92), jonction  \nRD933\u00a0;\n\uf0b7 RN118 de S\u00e8vres (92) \u00e0 Les Ulis (91)\u00a0;\n\uf0b7 Autoroute A13 de la porte d'Auteuil \u00e0 Orgeval (78)\u00a0;\n\uf0b7 Autoroute A15 de Gennevilliers (92) \u00e0 Cergy-Pontoise (95)\u00a0;\n\uf0b7 Autoroute A115 de M\u00e9ry-sur-Oise (95), jonction N184 \u00e0 Sannois \n(95), jonction A15\u00a0;\n\uf0b7 RN406 de Boissy-Saint-L\u00e9ger RN19 (94) au Carrefour Pompa -\ndour (Cr\u00e9teil-94), jonction A86\u00a0;\n\uf0b7 RN315 de Gennevilliers (92), jonction A15/A86 \u00e0 Asni\u00e8res (92)\u00a0;\n\uf0b7 A106 de l'a\u00e9roport d'Orly (94) \u00e0 Chevilly-Larue (94), jonction  \nA6a/A6b\u00a0;\n\uf0b7 RN12 de Bois-d'Arcy \u00e0 Houdan (78)\u00a0;\n\uf0b7 N184 entre N104 et A16\u00a0;\n\uf0b7 RN4 de Pontault-Combault (77) \u00e0 Courgivaux (51)\u00a0;\n\uf0b7 RN2 de la porte de la Villette (75) \u00e0 Rouvres (77)\u00a0;\n\uf0b7 RN3 entre l'A 104 (77) \u00e0 l'A3 (93)\u00a0;\n\uf0b7 D4 entre la N 104 (77) et Paris (75)\u00a0;\n\uf0b7 RN19 de la N104 (77) \u00e0 la N406 (94)\u00a0;\n\uf0b7 RN 6 entre la N 104 (77) et l'A86 (94)\u00a0;\n\uf0b7 RN 7 entre la N 104 (91) et l'A106 (91)\u00a0;\n\uf0b7 RN 20 entre Angerville (91) et la jonction avec l'A10 (91)\u00a0;\n\uf0b7 Barreau de liaison (93) entre A86 et A1 (A16)\u00a0;\n5\nPr\u00e9fecture de Police - 75-2026-02-14-00001 - Arr\u00eat\u00e9 n\u00b0 2026-00192 du 14 f\u00e9vrier 2026 relatif aux mesures restrictives de circulation\nprises dans le cadre de la mise en oeuvre du Plan neige et verglas en \u00cele-de-France (PNVIF) 8\n- R\u00e9seau non conc\u00e9d\u00e9 suivant (rocades)  \u00a0  :  \n\uf0b7 Autoroute A86\u00a0;\n\uf0b7 RN12 du pont Colbert (78) \u00e0 Bois-d'Arcy (78), jonction A12\u00a0;\n\uf0b7 RN186 de Delta \u00e0 Senia (94 M.I.N. de Rungis)\u00a0;\n\uf0b7 Autoroute A12 de Bois-d'Arcy (78) au triangle de Rocquen -\ncourt (78), jonction A13\u00a0;\n\uf0b7 Autoroute A104 de Gonesse (95) jonction A1 au n\u0153ud de  \nColl\u00e9gien (77)\u00a0jonction A4 (Francilienne)\u00a0;\n\uf0b7 RN104 du n\u0153ud de Val-Maubu\u00e9e (77) \u00e0 Marcoussis (91), jonc -\ntion A10 (Francilienne)\u00a0;\n\uf0b7 RN104 d'Epiais-l\u00e8s-Louvres (95), jonction A1 \u00e0 Villiers-Adam  \n(95), jonction N184 (Francilienne)\u00a0;\n\uf0b7 RN184 de Villiers-Adam (95) jonction RN104 \u00e0 Eragny-sur-Oise \n(RN184 - PR z\u00e9ro) en limite de d\u00e9partement 78 (Francilienne)\u00a0;\n\uf0b7 Autoroute A126 Palaiseau-Polytechnique (91), jonction D36 \u00e0 \n\uf0b7 Chilly-Mazarin (91), jonction A6\u00a0;\n\uf0b7 RN1104 entre la jonction RN2 (77) et la jonction avec l'auto -\nroute A1 (95) desservant l'acc\u00e8s Est de l'a\u00e9roport CDG\u00a0;\n\uf0b7 RD 317 depuis la RN 2 \u00a0vers la RN 104 (95), itin\u00e9raire de d\u00e9les -\ntage taxi dans le cadre du module Chamant\u00a0;\n\uf0b7 RD 902a depuis la RD 317 vers A\u00e9roports de Paris /A1\u00a0;\n- Portions de r\u00e9seau assurant la continuit\u00e9 des voies rapides  \u00a0:\n\uf0b7 RD914 du pont de Rouen (92), jonction A86 \u00e0 la D\u00e9fense (92), \njonction A14\u00a0;\n\uf0b7 RD910 (entre la porte de Saint-Cloud et le pont de S\u00e8vres)\u00a0;\n\uf0b7 RN13 (entre la porte Maillot et la jonction A14 / A86)\u00a0;\n\uf0b7 RN 14 entre l'A15 (95) et la RD14 (95) au niveau de la sortie 13  \n\u2013 Puiseux-Pontoise (PR24)\u00a0;\n\uf0b7 RD7 de l'a\u00e9roport d'Orly (94) \u00e0 Rungis (94), jonction A86\u00a0;\n\uf0b7 Boulevard Circulaire de la D\u00e9fense RD933 (92)\u00a0;\n\uf0b7 RD444  de  la  Croix-de-Palaiseau  (A10)  \u00e0  Bi\u00e8vres  (jonction  \nRN118)\u00a0;\n\uf0b7 RN10 de Bois-d'Arcy \u00e0 Ablis (78)\u00a0;\n\uf0b7 RN1 entre N104 et A16\u00a0;\n\uf0b7 RN486 (pont de Nogent) entre A4 et A86.\n6\nPr\u00e9fecture de Police - 75-2026-02-14-00001 - Arr\u00eat\u00e9 n\u00b0 2026-00192 du 14 f\u00e9vrier 2026 relatif aux mesures restrictives de circulation\nprises dans le cadre de la mise en oeuvre du Plan neige et verglas en \u00cele-de-France (PNVIF) 9\nv[\\\nD LeP\u00e9rim\u00e8tre Territorial du PNVIF{a SSSL\n\u2014<\nwy4\nYvelinesLa Quewe-bea-Yvetines\n~~ Seine et marne\n28Eure-et-Loir\nLiteon + ee sinewR\u00c9PUBLIQUE PRANCARE\nDirection s\u00e9gionake'SottqapereeeiinService dede Exploitationetdel'Entretien du +ig Coardination au Tat et Information Routi\u00e8re ; NSODIRIF -Oct 2013-CL = NM\nCartes des axes du r\u00e9seau routier du p\u00e9rim\u00e8tre d'application territorial du PNVIF\nPr\u00e9fecture de Police - 75-2026-02-14-00001 - Arr\u00eat\u00e9 n\u00b0 2026-00192 du 14 f\u00e9vrier 2026 relatif aux mesures restrictives de circulation\nprises dans le cadre de la mise en oeuvre du Plan neige et verglas en \u00cele-de-France (PNVIF) 10\nPr\u00e9fecture de Police\n75-2026-02-16-00017\nArr\u00eat\u00e9 n\u00b0 2026-00193 du 16 f\u00e9vrier 2026\nautorisant la captation, l'enregistrement et la\ntransmission d'images au moyen de cam\u00e9ras\ninstall\u00e9es sur des a\u00e9ronefs \u00e0 Paris le 17 f\u00e9vrier\n2026\nPr\u00e9fecture de Police - 75-2026-02-16-00017 - Arr\u00eat\u00e9 n\u00b0 2026-00193 du 16 f\u00e9vrier 2026\nautorisant la captation, l'enregistrement et la transmission d'images au moyen de cam\u00e9ras install\u00e9es sur des a\u00e9ronefs \u00e0 Paris le 17\nf\u00e9vrier 2026\n11\nPREFECTUREDE POLICELibert\u00e9Egalit\u00e9Fraternit\u00e9\nLUa\nCABINET DU PREFET\nArr\u00eat\u00e9 n\u00b02026-00193\nautorisant la captation, l'enregistrement et la transmission d'images au moyen de cam\u00e9ras \ninstall\u00e9es sur des a\u00e9ronefs \u00e0 Paris le 17 f\u00e9vrier 2026\nLe pr\u00e9fet de police,\nVu le code de la s\u00e9curit\u00e9 int\u00e9rieure, notamment ses articles L. 242-1 \u00e0 L. \u00a0242-8 et R.\u00a0242-8 \u00e0 R. 242-\n14\u00a0;\nVu le d\u00e9cret n\u00b0 2004-374 modifi\u00e9 du 29 avril 2004 relatif aux pouvoirs des pr\u00e9fets, \u00e0 l'organisation  \net \u00e0 l'action des services de l'Etat dans les r\u00e9gions et d\u00e9partements, notamment son article 72 ;\nVu l'arr\u00eat\u00e9 du 19 avril 2023 relatif au nombre maximal de cam\u00e9ras install\u00e9es sur des a\u00e9ronefs  \npouvant \u00eatre simultan\u00e9ment utilis\u00e9es dans chaque d\u00e9partement et collectivit\u00e9 d'outre-mer\u00a0;\nVu  l'instruction  minist\u00e9rielle  NOR  IOMD2311883J  du  30  avril  2023  relative  \u00e0  la  proc\u00e9dure  \nd'autorisation des cam\u00e9ras install\u00e9es sur des a\u00e9ronefs pour des missions de police administrative\u00a0;\nVu  le  d\u00e9cret  du  22  octobre  2025  par  lequel  M.  Patrice  FAURE,  administrateur  de  l'Etat  du  \ntroisi\u00e8me grade, directeur de cabinet du Pr\u00e9sident de la R\u00e9publique, est nomm\u00e9 pr\u00e9fet de police  \n(groupe I), \u00e0 compter du 23 octobre 2025\u00a0;\nVu la demande en date du 12 f\u00e9vrier 2026  form\u00e9e par la direction de l'ordre public et de la  \ncirculation visant \u00e0 obtenir l'autorisation de capter, d'enregistrer et de transmettre des images au  \nmoyen de deux cam\u00e9ras install\u00e9es sur des a\u00e9ronefs t\u00e9l\u00e9-pilot\u00e9s afin d'assurer la pr\u00e9vention des  \natteintes \u00e0 la s\u00e9curit\u00e9 des personnes et des biens \u00e0 Paris le mardi 17 f\u00e9vrier 2026\u00a0;\nConsid\u00e9rant  que  les  dispositions  du  I  de  l'article  L.  242-5  du  code  de  la  s\u00e9curit\u00e9  int\u00e9rieure  \npermettent aux forces de s\u00e9curit\u00e9 int\u00e9rieure, dans l'exercice de leurs missions de pr\u00e9vention des  \natteintes \u00e0 l'ordre public et de protection de la s\u00e9curit\u00e9 des personnes et des biens, de proc\u00e9der \u00e0 \nla captation, \u00e0 l'enregistrement et \u00e0 la transmission d'images au moyen de cam\u00e9ras install\u00e9es sur  \ndes a\u00e9ronefs aux fins d'assurer la pr\u00e9vention des atteintes \u00e0 la s\u00e9curit\u00e9 des personnes et des biens  \ndans des lieux particuli\u00e8rement expos\u00e9s ;\nConsid\u00e9rant la recrudescence de ventes \u00e0 la sauvette dans le 18 \u00e8me arrondissement de Paris et les  \ndifficult\u00e9s rencontr\u00e9es par les forces de l'ordre pour pr\u00e9venir la commission d'infractions \u00a0; que les \nsurveillances physiques et l'observation par les moyens de surveillance ne permettent pas de  \nlutter efficacement contre les ventes \u00e0 la sauvette \u00a0; que le recours \u00e0 des cam\u00e9ras a\u00e9roport\u00e9es a  \npour objectif de pr\u00e9venir les troubles \u00e0 l'ordre public ainsi que d'assurer la s\u00e9curit\u00e9 des personnes  \net des biens, dans le cadre d'une op\u00e9ration de police contre les ventes \u00e0 la sauvette pr\u00e9vue le  \nmardi 17 f\u00e9vrier 2026 dans ce secteur\u00a0;\nConsid\u00e9rant que le recours \u00e0 des cam\u00e9ras a\u00e9roport\u00e9es permet de disposer d'une vision en grand  \nangle depuis le ciel tout en limitant l'engagement des forces au sol afin d'\u00e9viter des menaces pour  \nleur  int\u00e9grit\u00e9  physique,  et  le  cas  \u00e9ch\u00e9ant,  d'organiser  de  mani\u00e8re  r\u00e9active  et  efficace  leur  \nd\u00e9ploiement op\u00e9rationnel, notamment en cas de mouvement de foule ou d'actions violentes de  \nPr\u00e9fecture de Police - 75-2026-02-16-00017 - Arr\u00eat\u00e9 n\u00b0 2026-00193 du 16 f\u00e9vrier 2026\nautorisant la captation, l'enregistrement et la transmission d'images au moyen de cam\u00e9ras install\u00e9es sur des a\u00e9ronefs \u00e0 Paris le 17\nf\u00e9vrier 2026\n12\ngroupes d'individus \u00a0; qu'il n'existe pas de dispositif moins intrusif permettant de parvenir aux  \nm\u00eames fins\u00a0;\nConsid\u00e9rant  que la  demande  de  la direction  de  l'ordre  public  et  de  la  circulation porte  sur  \nl'engagement de deux cam\u00e9ras a\u00e9roport\u00e9es qui pourront \u00eatre en vol simultan\u00e9ment en vue de  \ncapter,  d'enregistrer  et  de  transmettre  des  images\u00a0;  que  les  aires  survol\u00e9es  sont  strictement \nlimit\u00e9es aux zones o\u00f9 des troubles \u00e0 l'ordre public sont susceptibles de se produire \u00a0; que la dur\u00e9e \nde l'autorisation demand\u00e9e n'appara\u00eet pas disproportionn\u00e9e au regard de la finalit\u00e9 poursuivie\u00a0;\nSur proposition de la direction de l'ordre public et de la circulation,\nARRETE\u00a0:\nArticle 1er \u2013 La captation, l'enregistrement et la transmission d'images par la direction de l'ordre  \npublic et de la circulation sont autoris\u00e9s \u00e0 Paris le 17 f\u00e9vrier 2026, dans le cadre de l'op\u00e9ration de  \nlutte contre les ventes \u00e0 la sauvette, au titre de \u00a0 la pr\u00e9vention des atteintes \u00e0 la s\u00e9curit\u00e9 des  \npersonnes et des biens.\nArticle  2  \u2013 Le  nombre  maximal  de  cam\u00e9ras  pouvant  proc\u00e9der  simultan\u00e9ment  \u00e0  des  \nenregistrements est fix\u00e9 \u00e0 2 cam\u00e9ras embarqu\u00e9es sur des a\u00e9ronefs t\u00e9l\u00e9-pilot\u00e9s.\nArticle 3 \u2013 La pr\u00e9sente autorisation s'applique au p\u00e9rim\u00e8tre g\u00e9ographique figurant sur le plan en  \nannexe au pr\u00e9sent arr\u00eat\u00e9.\nArticle 4 \u2013 La pr\u00e9sente autorisation est d\u00e9livr\u00e9e pour le mardi 17 f\u00e9vrier 2026 de 12h00 \u00e0 17h00  \npour la mise en \u0153uvre de la finalit\u00e9 pr\u00e9cit\u00e9e.\nArticle 5 \u2013 Le registre mentionn\u00e9 \u00e0 l'article L. 242-4 du code de la s\u00e9curit\u00e9 int\u00e9rieure est transmis  \nau pr\u00e9fet de police, \u00e0 l'issue de la p\u00e9riode d'autorisation.\nArticle 6 \u2013 Le pr\u00e9fet, directeur du cabinet du pr\u00e9fet de police et le directeur de l'ordre public et  \nde la circulation sont charg\u00e9s, chacun en ce qui le concerne, de l'ex\u00e9cution du pr\u00e9sent arr\u00eat\u00e9 qui  \nentrera en vigueur d\u00e8s son affichage aux portes de la pr\u00e9fecture de police et sera publi\u00e9 au recueil \ndes actes administratifs du d\u00e9partement de Paris.\nFait \u00e0 Paris, le 16 f\u00e9vrier 2026 \nSIGNE\nPour le pr\u00e9fet de police\nLe pr\u00e9fet, directeur de cabinet\nBaptiste ROLLAND\n2026-00193\n2\nPr\u00e9fecture de Police - 75-2026-02-16-00017 - Arr\u00eat\u00e9 n\u00b0 2026-00193 du 16 f\u00e9vrier 2026\nautorisant la captation, l'enregistrement et la transmission d'images au moyen de cam\u00e9ras install\u00e9es sur des a\u00e9ronefs \u00e0 Paris le 17\nf\u00e9vrier 2026\n13\nAnnexe de l'arr\u00eat\u00e9 n\u00b0 2026-00193 du 16 f\u00e9vrier 2026 \nVOIES ET DELAIS DE RECOURS\n_______________________\nSi vous estimez devoir contester la pr\u00e9sente autorisation, il vous est possible, dans un d\u00e9lai de  \ndeux mois \u00e0 compter de la date de son affichage ou de sa publication\u00a0:\n- soit de saisir d'un RECOURS GRACIEUX\nle Pr\u00e9fet de Police\n7/9, boulevard du Palais - 75195 PARIS RP\n- ou de former un RECOURS HIERARCHIQUE\n  aupr\u00e8s du Ministre de l'int\u00e9rieur et des outre-mer\n  Direction des libert\u00e9s publiques et des affaires juridiques\n  place Beauvau - 75008 PARIS\n- soit de saisir d'un RECOURS CONTENTIEUX\nle Tribunal administratif comp\u00e9tent\nAucune de ces voies et recours ne suspend l'application de la pr\u00e9sente d\u00e9cision.\nLes recours GRACIEUX et HIERARCHIQUE doivent \u00eatre \u00e9crits, exposer les arguments ou faits  \nnouveaux et comprendre la copie de la d\u00e9cision contest\u00e9e.\nLe recours contentieux, qui vise \u00e0 contester la LEGALITE de la pr\u00e9sente d\u00e9cision, doit \u00e9galement  \n\u00eatre \u00e9crit et exposer votre argumentation juridique.\nSi vous n'aviez pas de r\u00e9ponse \u00e0 votre recours GRACIEUX ou HIERARCHIQUE dans un d\u00e9lai de  \ndeux mois \u00e0 compter de la r\u00e9ception de votre recours par l'administration, votre demande devra  \n\u00eatre consid\u00e9r\u00e9e comme rejet\u00e9e (d\u00e9cision implicite de rejet).\nEn cas de rejet des RECOURS GRACIEUX ou HIERARCHIQUE, le Tribunal administratif peut \u00eatre  \nsaisi d'un recours contentieux dans le d\u00e9lai de deux mois \u00e0 compter de la date de la d\u00e9cision de  \nrejet.\n                                        \n2026-00193\n3\nPr\u00e9fecture de Police - 75-2026-02-16-00017 - Arr\u00eat\u00e9 n\u00b0 2026-00193 du 16 f\u00e9vrier 2026\nautorisant la captation, l'enregistrement et la transmission d'images au moyen de cam\u00e9ras install\u00e9es sur des a\u00e9ronefs \u00e0 Paris le 17\nf\u00e9vrier 2026\n14\n2026-00193\n4\nPr\u00e9fecture de Police - 75-2026-02-16-00017 - Arr\u00eat\u00e9 n\u00b0 2026-00193 du 16 f\u00e9vrier 2026\nautorisant la captation, l'enregistrement et la transmission d'images au moyen de cam\u00e9ras install\u00e9es sur des a\u00e9ronefs \u00e0 Paris le 17\nf\u00e9vrier 2026\n15\nPr\u00e9fecture de Police\n75-2026-02-16-00018\nArr\u00eat\u00e9 n\u00b0 2026-00194 du 16 f\u00e9vrier 2026\nportant mesures de police applicables dans\ncertains secteurs \u00e0 Paris du 21 f\u00e9vrier au 22\nf\u00e9vrier 2026 \u00e0 l'occasion de l'ouverture du salon\ninternational de l'agriculture\nPr\u00e9fecture de Police - 75-2026-02-16-00018 - Arr\u00eat\u00e9 n\u00b0 2026-00194 du 16 f\u00e9vrier 2026\nportant mesures de police applicables dans certains secteurs \u00e0 Paris du 21 f\u00e9vrier au 22 f\u00e9vrier 2026 \u00e0 l'occasion de l'ouverture du\nsalon international de l'agriculture\n16\nPREFECTUREDE POLICELibert\u00e9Egalit\u00e9Fraternit\u00e9\na\n \n CABINET DU PREFET \n \n \n         1 \n \n \n \nArr\u00eat\u00e9 n\u00b02026-00194 \nportant mesures de police applicables dans certains secteurs \u00e0 Paris du 21 f\u00e9vrier au 22 \nf\u00e9vrier 2026 \u00e0 l'occasion de l'ouverture du salon international de l'agriculture \n \nLe pr\u00e9fet de police, \n \nVu le r\u00e8glement (CE) n\u00b0 1272/2008 du Parlement europ\u00e9en et du Conseil du 16 d\u00e9cembre \n2008 modifi\u00e9 relatif \u00e0 la classification, \u00e0 l'\u00e9tiquetage et \u00e0 l'emballage des substances et \ndes m\u00e9langes  ; \n \nVu le code de l'environnement, notamment le chapitre VII du titre V du livre V  ; \n \nVu le code g\u00e9n\u00e9ral des collectivit\u00e9s territoriales, notamment son article L. 2512-13 et \nL. 2512-14  ; \n \nVu le code p\u00e9nal, notamment ses articles 132-75, 431-9, 431-9-1, R.610-5 et R.644-5 ; \n \nVu le code de proc\u00e9dure p\u00e9nale, notamment ses articles 78-2-4, 78-2-5 et R.48-1 ; \n \nVu le code de la s\u00e9curit\u00e9 int\u00e9rieure, notamment ses articles L. 122-1 et L. 211-1 \u00e0 L. 211-3 ;  \n \nVu le d\u00e9cret n\u00b0 2004-374 du 29 avril 2004 modifi\u00e9 relatif aux pouvoirs des pr\u00e9fets, \u00e0 \nl'organisation et \u00e0 l'action des services de l'Etat dans les r\u00e9gions et d\u00e9partements, \nnotamment son article 72  ; \n \nVu l'arr\u00eat\u00e9 pr\u00e9fectoral n\u00b02017-00801 du 24 juillet 2017 relatif aux sites \u00e9nonc\u00e9s au II de \nl'article L. 2512-14 du code g\u00e9n\u00e9ral des collectivit\u00e9s territoriales ;\n \n \nVu le d\u00e9cret du 22 octobre 2025 par lequel M. Patrice FAURE, administrateur de l'Etat du \ntroisi\u00e8me grade, directeur de cabinet du Pr\u00e9sident de la R\u00e9publique, est nomm\u00e9 pr\u00e9fet de \npolice (groupe I), \u00e0 compter du 23 octobre 2025 ; \n \nConsid\u00e9rant que, en application des articles L. 122-1 du code de la s\u00e9curit\u00e9 int\u00e9rieure et 72 \ndu d\u00e9cret du 29 avril 2004 susvis\u00e9, le pr\u00e9fet de police a la charge \u00e0 Paris, de l'ordre public, \nnotamment la pr\u00e9vention des atteintes \u00e0 la s\u00e9curit\u00e9 des personnes et des biens  ; \n \nConsid\u00e9rant que, en application de l'article 431-9 du code p\u00e9nal, est puni de six mois \nd'emprisonnement et de 7 500 euros d'amende le fait d'avoir organis\u00e9 une manifestation \nsur la voie publique n'ayant pas fait l'objet d'une d\u00e9claration pr\u00e9alable dans les conditions \nfix\u00e9es par la loi ; \n \nConsid\u00e9rant que, en application de l'article 431-9-1 du code p\u00e9nal, le fait pour une \npersonne de dissimuler volontairement tout ou partie de son visage sans motif l\u00e9gitime au \nsein, ou aux abords imm\u00e9diats, d'une manifestation sur la voie publique au cours, ou \u00e0 \nl'issue, de laquelle des troubles \u00e0 l'ordre public sont commis ou risquent d'\u00eatre commis est \npuni d'un an d'emprisonnement et de 15 000 \u20ac d'amende  ;  \n \nPr\u00e9fecture de Police - 75-2026-02-16-00018 - Arr\u00eat\u00e9 n\u00b0 2026-00194 du 16 f\u00e9vrier 2026\nportant mesures de police applicables dans certains secteurs \u00e0 Paris du 21 f\u00e9vrier au 22 f\u00e9vrier 2026 \u00e0 l'occasion de l'ouverture du\nsalon international de l'agriculture\n17\n \n2026-00194         2 \nConsid\u00e9rant que sont punis de l'amende pr\u00e9vue pour les contraventions de la 4 e classe la \nviolation des interdictions et le manquement aux obligations \u00e9dict\u00e9es par arr\u00eat\u00e9s pris sur \nle fondement des pouvoirs de police, en application de l'article R. 644-5 du code p\u00e9nal \nrelatif \u00e0 l'usage des artifices de divertissement sur la voie publique et le transport de \nr\u00e9cipients contenant du carburant \u00e0 l'occasion d'\u00e9v\u00e9nements comportant des risques \nd'atteinte \u00e0 la s\u00e9curit\u00e9 publique  ; que l'article R. 48-1 du code de proc\u00e9dure p\u00e9nale rend \napplicable la proc\u00e9dure de l'amende forfaitaire pour les contraventions pr\u00e9cit\u00e9es  ; \n \nConsid\u00e9rant que, en application des r\u00e9quisitions \u00e9crites du procureur de la R\u00e9publique, les \nofficiers de police judiciaire et, sur l'ordre et sous la responsabilit\u00e9 de ceux-ci, les agents \nde police judiciaire, sont autoris\u00e9s \u00e0 proc\u00e9der sur les lieux d'une manifestation et \u00e0 ses \nabords imm\u00e9diats \u00e0 l'inspection visuelle et \u00e0 la fouille des bagages, ainsi qu'\u00e0 la visite de \nv\u00e9hicules circulant, arr\u00eat\u00e9s ou stationnant sur la voie publique, conform\u00e9ment \u00e0 l'article \n78-2-5 du code de proc\u00e9dure p\u00e9nale  ; \n \nConsid\u00e9rant que l'\u00e9dition 2026 du salon international de l'agriculture se tiendra du 21 \nf\u00e9vrier au 1 \ner  mars 2026 au Parc des Expositions Paris Expo \u2013 Porte de Versailles \u00e0 Paris \n15 \u00e8me ; que le Pr\u00e9sident de la R\u00e9publique, des membres du gouvernement et de \nnombreuses personnalit\u00e9s seront pr\u00e9sents \u00e0 l'occasion de l'inauguration et du premier \nweek-end du salon international ; que cet \u00e9v\u00e8nement particuli\u00e8rement m\u00e9diatis\u00e9 \nintervient dans un contexte de crise agricole et d'attentes fortes au sein du monde \npaysan ; qu'ainsi, il existe un risque s\u00e9rieux que des rassemblements non d\u00e9clar\u00e9s de \nnature \u00e0 troubler l'ordre public aient lieu \u00e0 proximit\u00e9 des si\u00e8ges des institutions fran\u00e7aises \ndans la capitale de mani\u00e8re concomitante \u00e0 l'ouverture de ce salon  ; \n \nConsid\u00e9rant, en outre, le contexte de menace terroriste aig\u00fce qui sollicite \u00e0 un niveau \nparticuli\u00e8rement \u00e9lev\u00e9 les forces de s\u00e9curit\u00e9 int\u00e9rieure pour garantir la protection des \npersonnes et des biens contre les risques d'attentat, dans le cadre du plan VIGIPIRATE \n\u00ab urgence attentat  \u00bb en vigueur depuis le 24 mars 2024  ; \n \nConsid\u00e9rant, enfin, qu'il appartient \u00e0 l'autorit\u00e9 de police comp\u00e9tente de concilier \nl'exercice du droit de manifester avec les imp\u00e9ratifs de l'ordre public  ; que, dans ce cadre, \nelle se doit de prendre les mesures de nature \u00e0 pr\u00e9venir, outre les infractions \u00e0 la loi \np\u00e9nale, les troubles \u00e0 l'ordre public \u00e0 partir de l'appr\u00e9ciation qu'elle fait du risque qu'ils \nsurviennent  ; que r\u00e9pond \u00e0 ces objectifs une mesure qui d\u00e9finit un p\u00e9rim\u00e8tre dans lequel \ndes restrictions sont mises en \u0153uvre, notamment \u00e0 l'\u00e9gard de rassemblements pr\u00e9sentant \ndes risques de troubles graves \u00e0 l'ordre public, afin de garantir la s\u00e9curit\u00e9 des personnes et \ndes biens  ; \n \n \nARRETE : \n \nTITRE PREMIER  \nMESURES INTERDISANT TOUT RASSEMBLEMENT NON DECLARE DANS CERTAINS SECTEURS DE LA \nCAPITALE  \n \nArticle 1 \ner  \u2013 La pr\u00e9sence et la circulation des personnes participant \u00e0 des cort\u00e8ges, d\u00e9fil\u00e9s \net rassemblements qui n'ont pas \u00e9t\u00e9 d\u00e9clar\u00e9s, dans les conditions fix\u00e9es par la loi, sont \ninterdites du samedi 21 f\u00e9vrier 2026 \u00e0 00h00 au dimanche 22 f\u00e9vrier 2026 \u00e0 23h59, dans le \np\u00e9rim\u00e8tre d\u00e9limit\u00e9 selon la cartographie figurant en annexe. \n \n \nPr\u00e9fecture de Police - 75-2026-02-16-00018 - Arr\u00eat\u00e9 n\u00b0 2026-00194 du 16 f\u00e9vrier 2026\nportant mesures de police applicables dans certains secteurs \u00e0 Paris du 21 f\u00e9vrier au 22 f\u00e9vrier 2026 \u00e0 l'occasion de l'ouverture du\nsalon international de l'agriculture\n18\n \n2026-00194         3 \nTITRE II  \nMESURES DE POLICE APPLICABLES AUX ABORDS ET AU SEIN DES CORTEGES , DEFILES ET \nRASSEMBLEMENTS AU SEIN DU PERIMETRE  \n \nArticle 2  \u2013 Dans le p\u00e9rim\u00e8tre institu\u00e9 par l'article 1 \ner  et durant la p\u00e9riode mentionn\u00e9e par \nce m\u00eame article sont interdits aux abords et au sein des cort\u00e8ges, d\u00e9fil\u00e9s et \nrassemblements le port et le transport par des particuliers, sans motif l\u00e9gitime  : \n- d'armes par nature et de tous objets susceptibles de constituer une arme au sens de \nl'article 132-75 du code p\u00e9nal ; \n- d'artifices de divertissement et d'articles pyrotechniques  ; \n- dans des conteneurs individuels, de substances ou de m\u00e9langes dangereux, \ninflammables ou corrosifs, au sens du r\u00e8glement (CE) n\u00b0 1272/2008 du Parlement \neurop\u00e9en et du Conseil du 16 d\u00e9cembre 2008 susvis\u00e9, tels que l'essence, le p\u00e9trole, le \ngaz, l'alcool \u00e0 br\u00fbler, le m\u00e9thanol, la t\u00e9r\u00e9benthine, les solvants  ; \n- d'\u00e9quipements de protection destin\u00e9 \u00e0 mettre en \u00e9chec tout ou partie des moyens \nutilis\u00e9s par les repr\u00e9sentants de la force publique pour le maintien de l'ordre public. \n \nTITRE III  \nDISPOSITIONS FINALES  \n \nArticle 3  \u2013  Le pr\u00e9fet, directeur du cabinet du pr\u00e9fet de police, le directeur de l'ordre \npublic et de la circulation et le directeur de la s\u00e9curit\u00e9 de proximit\u00e9 de l'agglom\u00e9ration \nparisienne sont charg\u00e9s, chacun en ce qui le concerne, de l'ex\u00e9cution du pr\u00e9sent arr\u00eat\u00e9 \nqui sera publi\u00e9 au recueil des actes administratifs du d\u00e9partement de Paris, consultable \nsur le site internet de la pr\u00e9fecture de police \n(\nhttps://www.prefecturedepolice.interieur.gouv.fr ) et transmis \u00e0 la procureure de la \nR\u00e9publique pr\u00e8s le tribunal judiciaire de Paris. \n \n \nFait \u00e0 Paris, le 16 f\u00e9vrier 2026 \n \n \n \nSIGNE \nPour le pr\u00e9fet de police \nLe pr\u00e9fet, directeur de cabinet \nBaptiste ROLLAND \n \n  \nPr\u00e9fecture de Police - 75-2026-02-16-00018 - Arr\u00eat\u00e9 n\u00b0 2026-00194 du 16 f\u00e9vrier 2026\nportant mesures de police applicables dans certains secteurs \u00e0 Paris du 21 f\u00e9vrier au 22 f\u00e9vrier 2026 \u00e0 l'occasion de l'ouverture du\nsalon international de l'agriculture\n19\n \n2026-00194         4 \nAnnexe de l'arr\u00eat\u00e9 n\u00b02026-00194 du 16 f\u00e9vrier 2026  \n \n \n \nVOIES ET DELAIS DE RECOURS \n \n_______________________  \n \n \n \nSi vous estimez devoir contester le pr\u00e9sent arr\u00eat\u00e9, il vous est possible, dans un d\u00e9lai de \ndeux mois \u00e0 compter de la date de son affichage ou de sa publication :\n \n \n \n- soit de saisir d'un RECOURS GRACIEUX \n \nle Pr\u00e9fet de Police  \n7/9, boulevard du Palais - 75195 PARIS RP  \n \n- ou de former un RECOURS HIERARCHIQUE \n \n  aupr\u00e8s du Ministre de l'int\u00e9rieur  \n  Direction des libert\u00e9s publiques et des affaires juridiques  \n  place Beauvau - 75008 PARIS  \n \n- soit de saisir d'un RECOURS CONTENTIEUX \n \nle Tribunal administratif comp\u00e9tent  \n \n \nAucune de ces voies et recours ne suspend l'application de la pr\u00e9sente d\u00e9cision.\n \n \nLes recours GRACIEUX et HIERARCHIQUE doivent \u00eatre \u00e9crits, exposer les arguments ou \nfaits nouveaux et comprendre la copie de l'arr\u00eat\u00e9 contest\u00e9.\n \n \nLe recours CONTENTIEUX, qui vise \u00e0 contester la LEGALITE de la pr\u00e9sente d\u00e9cision, doit \n\u00e9galement \u00eatre \u00e9crit et exposer votre argumentation juridique.\n \n \nSi vous n'aviez pas de r\u00e9ponse \u00e0 votre recours GRACIEUX ou HIERARCHIQUE dans un d\u00e9lai \nde deux mois \u00e0 compter de la r\u00e9ception de votre recours par l'administration, votre \ndemande devra \u00eatre consid\u00e9r\u00e9e comme rejet\u00e9e (d\u00e9cision implicite de rejet).\n \n \nEn cas de rejet des recours GRACIEUX ou HIERARCHIQUE, le Tribunal administratif peut \n\u00eatre saisi d'un recours contentieux dans le d\u00e9lai de deux mois \u00e0 compter de la date de la \nd\u00e9cision de rejet.\n \n \n \n \n \n \n \n \n \n \nPr\u00e9fecture de Police - 75-2026-02-16-00018 - Arr\u00eat\u00e9 n\u00b0 2026-00194 du 16 f\u00e9vrier 2026\nportant mesures de police applicables dans certains secteurs \u00e0 Paris du 21 f\u00e9vrier au 22 f\u00e9vrier 2026 \u00e0 l'occasion de l'ouverture du\nsalon international de l'agriculture\n20\n74\n l\nASSZ\n!\n \n2026-00194         5 \n \n \n \nPr\u00e9fecture de Police - 75-2026-02-16-00018 - Arr\u00eat\u00e9 n\u00b0 2026-00194 du 16 f\u00e9vrier 2026\nportant mesures de police applicables dans certains secteurs \u00e0 Paris du 21 f\u00e9vrier au 22 f\u00e9vrier 2026 \u00e0 l'occasion de l'ouverture du\nsalon international de l'agriculture\n21","date":"2026-02-16","first_seen_on":"2026-02-16T19:35:24+00:00","id":"f968136a6c1b4306725bfc4da4307ea4d29ad5c6617b4190b2db3b4708bd9942","name":"recueil-75-2026-097-recueil-des-actes-administratifs-special du 16.02.2026","pdf_creation_date":"2026-02-16T16:10:04+00:00","pdf_modification_date":null,"timezone":"Europe/Paris","url":"https://www.prefectures-regions.gouv.fr/ile-de-france/irecontenu/telechargement/135518/991857/file/recueil-75-2026-097-recueil-des-actes-administratifs-special%20du%2016.02.2026.pdf"}
