{"administration":"pref21","administration_name":"Pr\u00e9fecture de C\u00f4te-d\u2019Or","content":"PR\u00c9FET\nDE LA C\u00d4TE-D'OR\nRECUEIL DES ACTES\nADMINISTRATIFS SP\u00c9CIAL\n(NOMINATIFS)\nN\u00b021-2025-036\nPUBLI\u00c9 LE 10 MARS 2025\nSommaire\nPr\u00e9fecture de la C\u00f4te-d'Or / P\u00f4le juridique inter-services\n21-2025-03-07-00003 - \nArr\u00eat\u00e9 pr\u00e9fectoral n\u00b0 387 SG du 07 mars\n2025\ndonnant d\u00e9l\u00e9gation de signature \u00e0 Monsieur S\u00e9bastien\nGAUTHEY, attach\u00e9 hors classe,\n directeur de l'immigration et de la\nnationalit\u00e9 (DIN) (8 pages) Page 3\n21-2025-03-07-00004 - Arr\u00eat\u00e9 pr\u00e9fectoral N\u00b0 402 / SG du 7 mars 2025\ndonnant  d\u00e9l\u00e9gation de signature en mati\u00e8re de gestion des budgets\nop\u00e9rationnels\n104-111-112-113-119-122-124-129-135-137-147-148-161-163-172-181-206-207-209-215-216-217-218-219-232-303-348-349-354-357-362-363-364-380-723-754-780-833\ndes fonds europ\u00e9ens et des recettes non fiscales et son annexe (30 pages) Page 12\n21-2025-03-07-00005 - ARR\u00caT\u00c9 PR\u00c9FECTORAL n\u00b0 404 du 7 mars\n2025\nportant habilitation \u00e0 la consultation du Traitement des\nAnt\u00e9c\u00e9dents Judiciaires (TAJ)\n (3 pages) Page 43\n2\nPr\u00e9fecture de la C\u00f4te-d'Or\nP\u00f4le juridique inter-services\n21-2025-03-07-00003\nArr\u00eat\u00e9 pr\u00e9fectoral n\u00b0 387 SG du 07 mars 2025\ndonnant d\u00e9l\u00e9gation de signature \u00e0 Monsieur\nS\u00e9bastien GAUTHEY, attach\u00e9 hors classe,\n directeur de l'immigration et de la nationalit\u00e9\n(DIN)\nPr\u00e9fecture de la C\u00f4te-d'Or - 21-2025-03-07-00003 - \nArr\u00eat\u00e9 pr\u00e9fectoral n\u00b0 387 SG du 07 mars 2025\ndonnant d\u00e9l\u00e9gation de signature \u00e0 Monsieur S\u00e9bastien GAUTHEY, attach\u00e9 hors classe,\n directeur de l'immigration et de la nationalit\u00e9 (DIN)\n3\nE=zPREFETDE LACOTE-D'ORLibert\u00e9Egalit\u00e9Fraternit\u00e9\nSECR\u00c9TARIAT G\u00c9N\u00c9RAL\nDirection de la coordination des politiques publiques\net de l'appui territorial\nArr\u00eat\u00e9 pr\u00e9fectoral n\u00b0 387 SG du 07 mars 2025\ndonnant d\u00e9l\u00e9gation de signature \u00e0 Monsieur S\u00e9bastien GAUTHEY, attach\u00e9 hors classe,\n directeur de l'immigration et de la nationalit\u00e9 (DIN)\nLe pr\u00e9fet de la C\u00f4te-d'Or\nVu la loi n\u00b0 82-213 du 2 mars 1982 modifi\u00e9e relative aux droits et libert\u00e9s des communes, des  \nd\u00e9partements et des r\u00e9gions ;\nVu le d\u00e9cret n\u00b0 2004-374 du 29 avril 2004 relatif aux pouvoirs des pr\u00e9fets, \u00e0 l'organisation et \u00e0  \nl'action des services de l'\u00c9tat dans les r\u00e9gions et d\u00e9partements, modifi\u00e9 par le d\u00e9cret n\u00b0 2010-146  \ndu 16 f\u00e9vrier 2010 et par le d\u00e9cret n\u00b0 2010-687 du 24 juin 2010 ;\nVu le d\u00e9cret n\u00b0 2008-158 du 22 f\u00e9vrier 2008 relatif \u00e0 la suppl\u00e9ance des pr\u00e9fets de r\u00e9gion et \u00e0 la  \nd\u00e9l\u00e9gation de signature des pr\u00e9fets et hauts-commissaires de la R\u00e9publique en Polyn\u00e9sie fran\u00e7aise \net en Nouvelle-Cal\u00e9donie ;\nVu le d\u00e9cret n\u00b0 2009-176 du 16 f\u00e9vrier 2009 modifiant le d\u00e9cret n\u00b0 64-805 du 29  juillet 1964 fixant \nles dispositions r\u00e9glementaires applicables aux pr\u00e9fets et le d\u00e9cret n\u00b0  2004-374 du 29 avril 2004  \nrelatif aux pouvoirs des pr\u00e9fets, \u00e0 l'organisation et \u00e0 l'action des services de l'\u00c9tat dans les r\u00e9gions  \net d\u00e9partements ;\nVu le  d\u00e9cret  du  10  octobre  2024  nommant  Monsieur  Paul  MOURIER,  pr\u00e9fet  de  la  r\u00e9gion \nBourgogne-Franche-Comt\u00e9, pr\u00e9fet de la C\u00f4te d'Or; \nVu l'arr\u00eat\u00e9 pr\u00e9fectoral du 1251/SG du 18 d\u00e9cembre 2020 portant organisation des services de la  \npr\u00e9fecture de la r\u00e9gion Bourgogne-Franche-Comt\u00e9, pr\u00e9fecture du d\u00e9partement de la C\u00f4te d'Or ;\nVu l'arr\u00eat\u00e9 minist\u00e9riel du 3 mars 2021 portant nomination de Monsieur S\u00e9bastien GAUTHEY,  \nattach\u00e9 hors classe, directeur de l'immigration et de la nationalit\u00e9 \u00e0 compter du 1er janvier 2021 ;\nVu l'arr\u00eat\u00e9 pr\u00e9fectoral n\u00b0 1654/SG du 28 octobre 2024 donnant d\u00e9l\u00e9gation de signature \u00e0 Monsieur \nS\u00e9bastien GAUTHEY, attach\u00e9 hors classe, directeur de l'immigration et de la nationalit\u00e9 (DIN)  ;\nSur proposition de Monsieur le secr\u00e9taire g\u00e9n\u00e9ral de la pr\u00e9fecture de la C\u00f4te-d'Or ;\n1/8\nPr\u00e9fecture de la C\u00f4te-d'Or - 21-2025-03-07-00003 - \nArr\u00eat\u00e9 pr\u00e9fectoral n\u00b0 387 SG du 07 mars 2025\ndonnant d\u00e9l\u00e9gation de signature \u00e0 Monsieur S\u00e9bastien GAUTHEY, attach\u00e9 hors classe,\n directeur de l'immigration et de la nationalit\u00e9 (DIN)\n4\nARR\u00caTE\nArticle 1  er     : L'arr\u00eat\u00e9 pr\u00e9fectoral n\u00b0 1654/SG du 28 octobre 2024 donnant d\u00e9l\u00e9gation de signature \u00e0  \nMonsieur S\u00e9bastien GAUTHEY, attach\u00e9 hors classe, directeur de l'immigration et de la nationalit\u00e9  \n(DIN), ainsi que toutes dispositions ant\u00e9rieures et contraires au pr\u00e9sent arr\u00eat\u00e9 sont abrog\u00e9s \u00e0  \ncompter de l'entr\u00e9e en vigueur du pr\u00e9sent arr\u00eat\u00e9.\nArticle 2  : D\u00e9l\u00e9gation de signature est donn\u00e9e \u00e0  Monsieur S\u00e9bastien GAUTHEY , attach\u00e9  hors \nclasse, directeur de l'immigration de la nationalit\u00e9 en ce qui concerne :\nI - SERVICE D'IMMIGRATION ET D'INT\u00c9GRATION :\n\u2022 toutes  d\u00e9cisions  relatives  aux  diverses  proc\u00e9dures  d'autorisation  de  s\u00e9jour  en  France,  y \ncompris les refus de s\u00e9jour, et les refus de s\u00e9jour assortis d'une obligation de quitter le  \nterritoire fran\u00e7ais ;\n\u2022 la signature des demandes de laissez-passer consulaires ;\n\u2022 la signature des courriers de saisine adress\u00e9s \u00e0 l'OFPRA (Office fran\u00e7ais de protection des  \nr\u00e9fugi\u00e9s et apatrides) dans le cadre des demandes d'asile pr\u00e9sent\u00e9es par des \u00e9trangers  \nplac\u00e9s en centre de r\u00e9tention administrative ;\n\u2022 les demandes d'escortes pour transf\u00e9rer les \u00e9trangers en situation irr\u00e9guli\u00e8re dans un centre  \nde r\u00e9tention administrative ;\n\u2022 la d\u00e9livrance et le refus de d\u00e9livrance des documents suivants :\n\u2013 cartes de s\u00e9jour  : cartes de s\u00e9jour temporaire, cartes de s\u00e9jour pluriannuelles, cartes de  \nr\u00e9sident, cartes de s\u00e9jour de ressortissant d'un \u00c9tat membre de l'Union europ\u00e9enne ou de  \nl'espace \u00e9conomique europ\u00e9en, certificat de r\u00e9sidence pour les Alg\u00e9riens, carte de s\u00e9jour  \n\u00ab retrait\u00e9 \u00bb ;\n\u2013 r\u00e9c\u00e9piss\u00e9s  de  demande  de  titre  de  s\u00e9jour  et  r\u00e9c\u00e9piss\u00e9s  d\u00e9livr\u00e9s  dans  le  cadre  des \ndemandes d'asile ;\n\u2013 attestations de demandes d'asile ;\n\u2013 autorisations provisoires de s\u00e9jour ;\n\u2013 titres d'identit\u00e9 et de voyage ;\n\u2013 sauf-conduits ;\n\u2013 documents de voyage collectif pour \u00e9trangers mineurs dans le cadre de voyages scolaires ;\n\u2013 documents de circulation pour les mineurs \u00e9trangers \u00e9tablis en France ;\n\u2013 visas de toute nature sur les passeports \u00e9trangers ;\n\u2013 les lettres d'information dans le cadre d'une proc\u00e9dure de r\u00e9admission DUBLIN ainsi que les  \nconvocations DUBLIN et les laissez-passer dans le cadre d'une proc\u00e9dure de r\u00e9admission  \nDUBLIN.\n\u2022 les  saisines  du  juge  des  libert\u00e9s  pour  les  demandes  de prolongation  en  r\u00e9tention \nadministrative ;\n\u2022 les saisines du juge des libert\u00e9s pour les demandes d'autorisation \u00e0 requ\u00e9rir les services de  \npolice  ou  les  unit\u00e9s  de  gendarmerie  pour  qu'ils  visitent  le  domicile  de  l'\u00e9tranger  afin  de \ns'assurer de sa pr\u00e9sence et de le reconduire \u00e0 la fronti\u00e8re sur le fondement de l'article L 561-2  \nII du CESEDA (Code de l'entr\u00e9e et du s\u00e9jour des \u00e9trangers et du droit d'asile) ;\n\u2022 les saisines du juge des libert\u00e9s pour les demandes d'autorisation \u00e0 requ\u00e9rir les services de  \npolice  ou  les  unit\u00e9s  de  gendarmerie  pour  qu'ils  visitent  le  domicile  de  l'\u00e9tranger  afin  de \ns'assurer de sa pr\u00e9sence et de le conduire aupr\u00e8s des autorit\u00e9s consulaires sur le fondement  \nde l'article L 513-5 du CESEDA ;\n\u2022 les mandats sp\u00e9ciaux destin\u00e9s aux repr\u00e9sentants charg\u00e9s de d\u00e9fendre le pr\u00e9fet de C\u00f4te d'Or  \nlors de l'examen, par le juge des libert\u00e9s et de la d\u00e9tention, des demandes de premi\u00e8re , \ndeuxi\u00e8me, troisi\u00e8me et quatri\u00e8me prolongation de la r\u00e9tention administrative ;\n2/8\nPr\u00e9fecture de la C\u00f4te-d'Or - 21-2025-03-07-00003 - \nArr\u00eat\u00e9 pr\u00e9fectoral n\u00b0 387 SG du 07 mars 2025\ndonnant d\u00e9l\u00e9gation de signature \u00e0 Monsieur S\u00e9bastien GAUTHEY, attach\u00e9 hors classe,\n directeur de l'immigration et de la nationalit\u00e9 (DIN)\n5\n\u2022 les arr\u00eat\u00e9s de mandatement des condamnations p\u00e9cuniaires dues par l'\u00c9tat dans le cadre du  \ncontentieux des \u00e9trangers ;\n\u2022 les observations \u00e9crites adress\u00e9es \u00e0 une juridiction administrative dans le cadre de recours  \ncontentieux trait\u00e9s en proc\u00e9dure orale ;\n\u2022 les observations \u00e9crites adress\u00e9es \u00e0 une juridiction administrative dans le cadre de recours  \ncontentieux trait\u00e9s en proc\u00e9dure \u00e9crite ;\n\u2022 les arr\u00eat\u00e9s pr\u00e9fectoraux d'assignation \u00e0 r\u00e9sidence ;\n\u2022 les arr\u00eat\u00e9s pr\u00e9fectoraux portant refus de s\u00e9jour et obligation de quitter le territoire fran\u00e7ais au  \ntitre de l'asile assortie ou non d'un d\u00e9lai de d\u00e9part volontaire et d'une interdiction de retour.\nEn cas d'absence de tout membre du corps pr\u00e9fectoral :\n\u2013 les arr\u00eat\u00e9s de reconduite \u00e0 la fronti\u00e8re, les arr\u00eat\u00e9s de remise d'office,  les Obligations de  \nQuitter  le  Territoire  Fran\u00e7ais  sans  d\u00e9lai  de  d\u00e9part  volontaire,  \u00e9ventuellement  assortis \nd'interdiction de retour, les arr\u00eat\u00e9s portant interdiction de retour seule ou les prolongations  \nd'interdiction de retour, et les arr\u00eat\u00e9s portant maintien en r\u00e9tention administrative ;\n\u2013 les d\u00e9cisions et arr\u00eat\u00e9s fixant le choix du pays de destination des \u00e9trangers faisant l'objet  \nd'une mesure d'\u00e9loignement du territoire fran\u00e7ais.\nII -  PLATEFORME INTERD  \u00c9  PARTEMENTALE DE LA NATURALISATION   :\nles d\u00e9cisions de classement sans suite en mati\u00e8re de naturalisation et les actes relevant de la  \nplateforme interd\u00e9partementale de la naturalisation.\nArticle 3 : En cas d'absence ou d'emp\u00eachement de Monsieur S\u00e9bastien GAUTHEY, la d\u00e9l\u00e9gation qui  \nlui est conf\u00e9r\u00e9e par l'article 2 sera exerc\u00e9e par Madame C\u00e9line MANELLI, attach\u00e9e d'administration  \nde l'\u00c9tat, adjointe au directeur de l'immigration et de la nationalit\u00e9 et cheffe du service de l'immigration  \net de l'int\u00e9gration.\nEn cas d'absence concomitante de Monsieur S\u00e9bastien GAUTHEY et de Madame C\u00e9line MANELLI,  \nla d\u00e9l\u00e9gation est conf\u00e9r\u00e9e \u00e0 Madame Anne DELVALLE, attach\u00e9e d'administration de l'\u00c9tat,  cheffe-\nadjointe du service immigration et int\u00e9gration et cheffe du p\u00f4le contentieux des \u00e9trangers.\nEn cas d'absence concomitante de Monsieur S\u00e9bastien GAUTHEY, de Madame C\u00e9line MANELLI, et  \nde Madame Anne DELVALLE, la d\u00e9l\u00e9gation est conf\u00e9r\u00e9e \u00e0 Monsieur Jean-Christophe THUILLIER,  \nattach\u00e9 d'administration de l'\u00c9tat, chef de la plateforme interd\u00e9partementale de la naturalisation.\nEn cas d'absence concomitante de Monsieur S\u00e9bastien GAUTHEY, de Madame C\u00e9line MANELLI, de  \nMadame Anne DELVALLE et de Monsieur Jean-Christophe THUILLIER, la d\u00e9l\u00e9gation est conf\u00e9r\u00e9e \u00e0  \nMadame Marie-Suzel TABARD, contractuelle longue dur\u00e9e, cheffe de p\u00f4le asile-\u00e9loignement.\nEn cas d'absence concomitante de Monsieur S\u00e9bastien GAUTHEY, de Madame C\u00e9line MANELLI, de  \nMadame Anne DELVALLE de Monsieur Jean-Christophe THUILLIER et  de Madame Marie-Suzel  \nTABARD, la d\u00e9l\u00e9gation est conf\u00e9r\u00e9e \u00e0 Madame Lola PINSONNEAUX, contractuelle longue dur\u00e9e,  \ncheffe-adjointe du p\u00f4le asile-\u00e9loignement.\nEn cas d'absence concomitante de Monsieur S\u00e9bastien GAUTHEY, de Madame C\u00e9line MANELLI, de  \nMadame  Anne  DELVALLE  de  Monsieur  Jean-Christophe  THUILLIER,  de  Madame  Marie-Suzel \nTABARD, de Madame Lola PINSONNEAUX, la d\u00e9l\u00e9gation est conf\u00e9r\u00e9e \u00e0 Madame Cateline ZARIC,  \nagent  contractuel  en  contrat  \u00e0  dur\u00e9e  ind\u00e9termin\u00e9e,  adjointe  au  chef  de  la  plateforme \ninterd\u00e9partementale de la naturalisation.\n3/8\nPr\u00e9fecture de la C\u00f4te-d'Or - 21-2025-03-07-00003 - \nArr\u00eat\u00e9 pr\u00e9fectoral n\u00b0 387 SG du 07 mars 2025\ndonnant d\u00e9l\u00e9gation de signature \u00e0 Monsieur S\u00e9bastien GAUTHEY, attach\u00e9 hors classe,\n directeur de l'immigration et de la nationalit\u00e9 (DIN)\n6\nArticle 4     :   D\u00e9l\u00e9gation est donn\u00e9e \u00e0 Monsieur Jean-Christophe THUILLIER, attach\u00e9 d'administration \nde l'\u00c9tat, chef de la plateforme interd\u00e9partementale de la naturalisation pour :\n- les d\u00e9cisions de classement sans suite en mati\u00e8re de naturalisation et les actes relevant de la  \nplateforme interd\u00e9partementale de la naturalisation.\nEn  cas  d'absence  ou  d'emp\u00eachement  de  Monsieur  Jean-Christophe  THUILLIER,  la  d\u00e9l\u00e9gation \nconf\u00e9r\u00e9e au pr\u00e9sent article sera exerc\u00e9e Madame Cateline ZARIC, agent contractuel en contrat \u00e0  \ndur\u00e9e ind\u00e9termin\u00e9e, adjointe au chef de la plateforme interd\u00e9partementale de la naturalisation.\nEn  cas  d'absence  ou  d'emp\u00eachement  de  Monsieur  Jean-Christophe  THUILLIER  et  de  Madame \nCateline  ZARIC,  la  d\u00e9l\u00e9gation  conf\u00e9r\u00e9e  au  pr\u00e9sent  article  sera  exerc\u00e9e  par  Madame  B\u00e9n\u00e9dicte \nBOEUF, secr\u00e9taire administratif de classe normale.\n* D\u00e9l\u00e9gation est donn\u00e9e \u00e0     :  \n\u27a2  Madame Tatiana BOYON, secr\u00e9taire administratif de classe sup\u00e9rieure, Mesdames  \nB\u00e9n\u00e9dicte  BOEUF,  Ma\u00eflis  GAUDILLAT,  S\u00e9verine  GROSSEL  et  Sahar  HASSANI, \nsecr\u00e9taires  administratifs  de  classe  normale,  Mesdames  Camille  DUPUY  et   Lin \nSANDAFI,  contractuelles  de  longue  dur\u00e9e,  Monsieur  Josua  BARRET,  agent \ncontractuel, pour :\n\u2022 les convocations des postulants et des d\u00e9clarants, \n\u2022 les attestations de d\u00e9p\u00f4t et les accus\u00e9s de r\u00e9ception,\n\u2022 les demandes d'enqu\u00eate,\n\u2022 les saisines des TJ et TGI, \n\u2022 les r\u00e9c\u00e9piss\u00e9s, \n\u2022 la conduite d'entretien et les compte-rendus des entretiens d'assimilation de la nationalit\u00e9  \nfran\u00e7aise, \n\u2022 les retours de dossiers incomplets,\n\u2022 les correspondances courantes n'emportant pas de d\u00e9cision.\nArticle 5  : D\u00e9l\u00e9gation est donn\u00e9e \u00e0 Madame C\u00e9line MANELLI, adjointe au directeur et  cheffe du  \nservice de l'immigration et de l'int\u00e9gration, attach\u00e9e d'administration de l'\u00c9tat pour :\n\u2022 toutes d\u00e9cisions relatives aux diverses proc\u00e9dures d'autorisation de s\u00e9jour et de refus de  \ns\u00e9jour en France ;\n\u2022 la d\u00e9livrance et le refus de d\u00e9livrance des documents suivants :\n\u2013 cartes de s\u00e9jour  : cartes de s\u00e9jour temporaire, cartes de s\u00e9jour pluriannuelles, cartes de  \nr\u00e9sident, cartes de s\u00e9jour de ressortissant d'un \u00c9tat membre de la communaut\u00e9 europ\u00e9enne  \nou de l'Espace \u00c9conomique Europ\u00e9en, certificat de r\u00e9sidence pour les Alg\u00e9riens, carte de  \ns\u00e9jour \u00ab retrait\u00e9 \u00bb ;\n\u2013 r\u00e9c\u00e9piss\u00e9s  de  demande  de  titre  de  s\u00e9jour  et  r\u00e9c\u00e9piss\u00e9s  d\u00e9livr\u00e9s  dans  le  cadre  d'une \ndemande d'asile ;\n\u2013 attestations de demandes d'asile ;\n\u2013 autorisations provisoires de s\u00e9jour ;\n\u2013 titres d'identit\u00e9 et de voyage ;\n\u2013 sauf-conduits ;\n\u2013 documents de voyage collectif pour \u00e9trangers mineurs dans le cadre de voyages scolaires ;\n\u2013 documents de circulation pour les mineurs \u00e9trangers \u00e9tablis en France ;\n\u2013 visas de toute nature sur les passeports \u00e9trangers ;\n4/8\nPr\u00e9fecture de la C\u00f4te-d'Or - 21-2025-03-07-00003 - \nArr\u00eat\u00e9 pr\u00e9fectoral n\u00b0 387 SG du 07 mars 2025\ndonnant d\u00e9l\u00e9gation de signature \u00e0 Monsieur S\u00e9bastien GAUTHEY, attach\u00e9 hors classe,\n directeur de l'immigration et de la nationalit\u00e9 (DIN)\n7\n\u2013 les lettres d'information dans le cadre d'une proc\u00e9dure de r\u00e9admission DUBLIN ainsi que les  \nconvocations  DUBLIN,  les  lettres  d'information  des  demandeurs  d'asile  maintenus \nprovisoirement au s\u00e9jour ainsi que les laissez-passer dans le cadre d'une proc\u00e9dure de  \nr\u00e9admission DUBLIN.\n\u2022 les refus de prolongation de visa ;\n\u2022 les convocations aux entretiens dans le cadre du contr\u00f4le des cartes de s\u00e9jour pluriannuelles\n\u2022 la signature des demandes de laissez-passer consulaires ;\n\u2022 la signature des courriers de saisine adress\u00e9s \u00e0 l'OFPRA (office fran\u00e7ais de protection des  \nr\u00e9fugi\u00e9s et apatrides) dans le cadre des demandes d'asile pr\u00e9sent\u00e9es par des \u00e9trangers  \nplac\u00e9s en centre de r\u00e9tention administrative ;\n\u2022 les demandes d'escortes pour transf\u00e9rer les \u00e9trangers en situation irr\u00e9guli\u00e8re dans un centre  \nde r\u00e9tention administrative ;\n\u2022 les observations \u00e9crites adress\u00e9es \u00e0 une juridiction administrative dans le cadre de recours  \ncontentieux trait\u00e9s en proc\u00e9dure orale ;\n\u2022 les observations \u00e9crites adress\u00e9es \u00e0 une juridiction administrative dans le cadre de recours  \ncontentieux trait\u00e9s en proc\u00e9dure \u00e9crite ;\n\u2022 les saisines du juge des libert\u00e9s et de la d\u00e9tention pour les demandes  de prolongation en  \nr\u00e9tention administrative ;\n\u2022 les saisines du juge des libert\u00e9s et de la d\u00e9tention pour les demandes d'autorisation \u00e0 requ\u00e9rir  \nles services de police ou les unit\u00e9s de gendarmerie pour qu'ils visitent le domicile de l'\u00e9tranger  \nafin de s'assurer de sa pr\u00e9sence et de le reconduire \u00e0 la fronti\u00e8re sur le fondement de l'article  \nL561-2 II du CESEDA ;\n\u2022 les saisines du juge des libert\u00e9s et de la d\u00e9tention pour les demandes d'autorisation \u00e0 requ\u00e9rir  \nles services de police ou les unit\u00e9s de gendarmerie pour qu'ils visitent le domicile de l'\u00e9tranger  \nafin de s'assurer de sa pr\u00e9sence et de le conduire aupr\u00e8s des autorit\u00e9s consulaires sur le  \nfondement de l'article L513-5 du CESEDA ;\n\u2022 les mandats sp\u00e9ciaux destin\u00e9s aux repr\u00e9sentants charg\u00e9s de d\u00e9fendre le pr\u00e9fet de C\u00f4te d'Or  \nlors de l'examen, par le juge des libert\u00e9s et de la d\u00e9tention, des demandes  de premi\u00e8re,  \ndeuxi\u00e8me, troisi\u00e8me et quatri\u00e8me prolongation de la r\u00e9tention administrative ;\n\u2022 les arr\u00eat\u00e9s de mandatement des condamnations p\u00e9cuniaires dues par l'\u00c9tat dans le cadre du  \ncontentieux des \u00e9trangers ;\nEn cas d'absence ou d'emp\u00eachement de Madame C\u00e9line MANELLI, la d\u00e9l\u00e9gation est conf\u00e9r\u00e9e \u00e0  \nMadame Anne DELVALLE, attach\u00e9e, chef-adjoint du service immigration et int\u00e9gration et chef du p\u00f4le  \ncontentieux des \u00e9trangers.\nEn cas d'absence ou d'emp\u00eachement de Madame C\u00e9line MANELLI et de Madame Anne DELVALLE, \nla d\u00e9l\u00e9gation est conf\u00e9r\u00e9e \u00e0 Madame Marie-Suzel TABARD, contractuelle longue dur\u00e9e, chef du p\u00f4le  \nasile-\u00e9loignement du service d'immigration et d'int\u00e9gration.\nEn cas d'absence ou d'emp\u00eachement de Madame C\u00e9line MANELLI, de Madame Anne DELVALLE et \nde  Madame  Marie-Suzel  TABARD,  la  d\u00e9l\u00e9gation  est  conf\u00e9r\u00e9e  \u00e0  Madame  Lola  PINSONNEAUX, \ncontractuelle longue dur\u00e9e, chef-adjoint du p\u00f4le asile-\u00e9loignement.\nEn cas d'absence ou d'emp\u00eachement de Madame C\u00e9line MANELLI, de Madame Anne DELVALLE, de \nMadame Marie-Suzel TABARD et de Madame Lola PINSONNEAUX, la d\u00e9l\u00e9gation est conf\u00e9r\u00e9e \u00e0  \nMadame Catherine VALENTIN, attach\u00e9e, chef du p\u00f4le s\u00e9jour du Service d'immigration et d'int\u00e9gration.\nEn cas d'absence ou d'emp\u00eachement de Madame C\u00e9line MANELLI, de Madame Anne DELVALLE, de \nMadame  Marie-Suzel  TABARD,  de  Madame  Lola  PINSONNEAUX  et  de  Madame  Catherine \nVALENTIN, la d\u00e9l\u00e9gation est conf\u00e9r\u00e9e \u00e0 Monsieur Jean-Claude WEBER, attach\u00e9e, chef-adjoint du  \np\u00f4le s\u00e9jour du Service d'immigration et d'int\u00e9gration.\n5/8\nPr\u00e9fecture de la C\u00f4te-d'Or - 21-2025-03-07-00003 - \nArr\u00eat\u00e9 pr\u00e9fectoral n\u00b0 387 SG du 07 mars 2025\ndonnant d\u00e9l\u00e9gation de signature \u00e0 Monsieur S\u00e9bastien GAUTHEY, attach\u00e9 hors classe,\n directeur de l'immigration et de la nationalit\u00e9 (DIN)\n8\n*   Pour le p\u00f4le contentieux des \u00e9trangers, d\u00e9l\u00e9gation est donn\u00e9e \u00e0     :  \nMadame Anne DELVALLE, attach\u00e9e, chef-adjoint du service immigration et int\u00e9gration et chef du p\u00f4le  \ncontentieux des \u00e9trangers Monsieur Manuel DA ROCHA, attach\u00e9, et Mme Anne-Sophie LEVEQUE,  \ncontractuelle longue dur\u00e9e, pour :\n\u2022 les observations \u00e9crites adress\u00e9es \u00e0 une juridiction administrative dans le cadre de recours  \ncontentieux trait\u00e9s en proc\u00e9dure orale ;\n\u2022 les observations \u00e9crites adress\u00e9es \u00e0 une juridiction administrative dans le cadre de recours  \ncontentieux trait\u00e9s en proc\u00e9dure \u00e9crite ;\n\u2022 les accus\u00e9s de r\u00e9ception des requ\u00eates devant les juridictions administratives\n\u2022 les correspondances courantes n'emportant pas de d\u00e9cision, les lettre-types, les bordereaux  \nd'envoi et t\u00e9l\u00e9copies dans les domaines de l'\u00e9loignement, des r\u00e9admissions et du contentieux.\n* Pour le P\u00f4le S\u00e9jour, d\u00e9l\u00e9gation est donn\u00e9e \u00e0     :  \n\u27a2 Madame  Catherine  VALENTIN,  attach\u00e9e,  Cheffe  du  P\u00f4le  S\u00e9jour,  Monsieur  Jean-\nClaude  WEBER,  attach\u00e9,  adjoint  \u00e0  la  Cheffe  du  p\u00f4le  s\u00e9jour,  et  Mme  Justine \nMICHELET, secr\u00e9taire administrative de classe normale, pour :\n\u2022 les bordereaux d'envoi et les t\u00e9l\u00e9copies ;\n\u2022 les correspondances courantes et les lettres-types n'emportant pas d\u00e9cision ;\n\u2022 les titres de voyage et sauf-conduits pour les \u00e9trangers ;\n\u2022 les visas de toute nature sur les passeports \u00e9trangers ;\n\u2022 les r\u00e9c\u00e9piss\u00e9s de demandes de titre de s\u00e9jour, les autorisations provisoires de s\u00e9jour \n\u2022 la d\u00e9livrance des documents de circulation pour les \u00e9trangers mineurs\n\u2022 les demandes de casier judiciaire ;\n\u2022 la d\u00e9livrance de documents de voyage collectif pour \u00e9trangers mineurs dans le cadre de \nvoyages scolaires ;\n\u2022 les refus de prolongation de visa ;\n\u2022 les premi\u00e8res demandes et les renouvellements de titres de s\u00e9jour ;\n\u2022 les demandes de duplicatas, de changements d'adresse et de modifications de cartes de  \ns\u00e9jour temporaires\n\u2022 les attestations sur l'honneur de communaut\u00e9 de vie (d\u00e9claration par mariage),\n\u2022 les demandes d'enqu\u00eates ;\n\u2022 les Proc\u00e8s-Verbaux d'Int\u00e9gration R\u00e9publicaine (PVIR)\n\u27a2 Marine  BOUDET,  secr\u00e9taire  administrative,  Chlo\u00e9  TALLANDIER  et  C\u00e9lia  MOSA, \ncontractuelles longue dur\u00e9e, pour :\n\u2022 les bordereaux d'envoi et les t\u00e9l\u00e9copies ;\n\u2022 les correspondances courantes et les lettres-types n'emportant pas d\u00e9cision ;\n\u2022 les r\u00e9c\u00e9piss\u00e9s de demande de titre de s\u00e9jour et le renouvellement des r\u00e9c\u00e9piss\u00e9s ;\n\u2022 les demandes de casier judiciaire ;\n\u2022 les demandes d'enqu\u00eates ;\n\u2022 les Proc\u00e8s-Verbaux d'Int\u00e9gration R\u00e9publicaine (PVIR)\n6/8\nPr\u00e9fecture de la C\u00f4te-d'Or - 21-2025-03-07-00003 - \nArr\u00eat\u00e9 pr\u00e9fectoral n\u00b0 387 SG du 07 mars 2025\ndonnant d\u00e9l\u00e9gation de signature \u00e0 Monsieur S\u00e9bastien GAUTHEY, attach\u00e9 hors classe,\n directeur de l'immigration et de la nationalit\u00e9 (DIN)\n9\n\u27a2 Mesdames Marie-Christine DAUDET, adjoint administratif principal 1\u00e8re classe,  Emilie \nLORET-MASSON,  adjoint  administratif,  Mesdames  G\u00e9raldine  ROLLING,  Muriel \nCORDIER, Mil\u00e8ne MARONNAT et Marie GOICHOT, adjointes administratives principal  \n2\u00e8me classe, Mesdames Maeva LYPS et Sibel OCZELIK, agents contractuels :\nles bordereaux d'envoi et les t\u00e9l\u00e9copies ;\nles correspondances courantes et les lettres-types n'emportant pas d\u00e9cision ;\nles attestations sur l'honneur de communaut\u00e9 de vie (d\u00e9claration par mariage),\nles r\u00e9c\u00e9piss\u00e9s de titre de s\u00e9jour ainsi que le renouvellement des r\u00e9c\u00e9piss\u00e9s ;\nles demandes de casier judiciaire ;\nles demandes de duplicatas, de changements d'adresse et de modifications de cartes de  \ns\u00e9jour ;\nles  premi\u00e8res  demandes  et  renouvellements  de  titres  de  s\u00e9jour  sauf  pour  les  cat\u00e9gories \nsuivantes : conjoint de fran\u00e7ais, parent d'enfant fran\u00e7ais et membre de famille de citoyen de  \nl'Union europ\u00e9enne\n* Pour le P\u00f4le Asile-\u00e9loignement, d\u00e9l\u00e9gation est donn\u00e9e \u00e0     :   \n\u27a2 Madame  Marie-Suzel  TABARD,  contractuelle  longue  dur\u00e9e,  cheffe  de  p\u00f4le  asile-\n\u00e9loignement et Madame Lola PINSONNEAUX, contractuelle longue dur\u00e9e, adjointe \u00e0 la \ncheffe de p\u00f4le asile-\u00e9loignement pour :\n\u27a2 les convocations DUBLIN ;\n\u27a2 les laissez-passer dans le cadre d'une proc\u00e9dure de r\u00e9admission DUBLIN.\n\u27a2 les r\u00e9c\u00e9piss\u00e9s et attestations de demandes d'asile ;\n\u27a2 les bordereaux d'envoi, t\u00e9l\u00e9copies, correspondances courantes et demandes d'avis li\u00e9s \u00e0  \nl'asile,  aux  proc\u00e9dures  de  r\u00e9admission  et  \u00e0  la  reconduite  \u00e0  la  fronti\u00e8re  des  demandeurs \nd'asile ;\n\u27a2 les autorisations provisoires de s\u00e9jour ;\n\u27a2 les demandes de r\u00e9admission d'un \u00e9tranger dans un autre \u00c9tat ;\n\u27a2 les fiches d'information transmises \u00e0 l'OFPRA ;\n\u27a2 les lettres d'information du demandeur d'asile  ;\n\u27a2 les accus\u00e9s de r\u00e9ception des requ\u00eates devant les juridictions administratives ;\n\u27a2 les correspondances courantes n'emportant pas de d\u00e9cision, les lettre-types, les bordereaux  \nd'envoi et t\u00e9l\u00e9copies dans les domaines de l'\u00e9loignement, des r\u00e9admissions et du contentieux ;\n\u27a2 la signature des demandes de laissez-passer consulaires ;\n\u27a2 la signature des courriers de saisine adress\u00e9s \u00e0 l'OFPRA (office fran\u00e7ais de protection des  \nr\u00e9fugi\u00e9s et apatrides) dans le cadre des demandes d'asile pr\u00e9sent\u00e9es par des \u00e9trangers  \nplac\u00e9s en centre de r\u00e9tention administrative ;\n\u27a2 les lettres d'information dans le cadre d'une proc\u00e9dure de r\u00e9admission DUBLIN ainsi que les  \nconvocations  DUBLIN,  les  lettres  d'information  des  demandeurs  d'asile  maintenus \nprovisoirement  au  s\u00e9jour  ainsi  que  les  laissez-passer  dans  le  cadre  d'une  proc\u00e9dure  de \nr\u00e9admission DUBLIN.\n\u27a2 les demandes d'escortes pour transf\u00e9rer les \u00e9trangers en situation irr\u00e9guli\u00e8re dans un centre  \nde r\u00e9tention administrative ;\n\u27a2 les saisines du juge des libert\u00e9s et de la d\u00e9tention pour les demandes  de prolongation en  \nr\u00e9tention administrative ;\n\u27a2 les saisines du juge des libert\u00e9s et de la d\u00e9tention pour les demandes d'autorisation \u00e0 requ\u00e9rir  \nles services de police ou les unit\u00e9s de gendarmerie pour qu'ils visitent le domicile de l'\u00e9tranger  \nafin de s'assurer de sa pr\u00e9sence et de le reconduire \u00e0 la fronti\u00e8re sur le fondement de l'article  \nL561-2 II du CESEDA ;\n7/8\nPr\u00e9fecture de la C\u00f4te-d'Or - 21-2025-03-07-00003 - \nArr\u00eat\u00e9 pr\u00e9fectoral n\u00b0 387 SG du 07 mars 2025\ndonnant d\u00e9l\u00e9gation de signature \u00e0 Monsieur S\u00e9bastien GAUTHEY, attach\u00e9 hors classe,\n directeur de l'immigration et de la nationalit\u00e9 (DIN)\n10\n\u27a2 les saisines du juge des libert\u00e9s et de la d\u00e9tention pour les demandes d'autorisation \u00e0 requ\u00e9rir  \nles services de police ou les unit\u00e9s de gendarmerie pour qu'ils visitent le domicile de l'\u00e9tranger  \nafin de s'assurer de sa pr\u00e9sence et de le conduire aupr\u00e8s des autorit\u00e9s consulaires sur le  \nfondement de l'article L513-5 du CESEDA ;\n\u27a2 les mandats sp\u00e9ciaux destin\u00e9s aux repr\u00e9sentants charg\u00e9s de d\u00e9fendre le pr\u00e9fet de C\u00f4te d'Or  \nlors de l'examen, par le juge des libert\u00e9s et de la d\u00e9tention, des demandes de premi\u00e8re,  \ndeuxi\u00e8me, troisi\u00e8me et quatri\u00e8me prolongation de la r\u00e9tention administrative ;\n\u27a2 les titres internationaux de voyage, les titres de voyage pour r\u00e9fugi\u00e9s et sauf-conduits pour les  \n\u00e9trangers ;\n\u27a2 les 1\u00e8res demandes de carte de r\u00e9sident mention r\u00e9fugi\u00e9 et les 1\u00e8res demandes de titres de  \ns\u00e9jour au titre de b\u00e9n\u00e9ficiaires de la protection subsidiaire\n\u27a2 les r\u00e9c\u00e9piss\u00e9s de 1\u00e8res demande de carte de r\u00e9sident mention r\u00e9fugi\u00e9 et de 1\u00e8res demandes  \nde titres de s\u00e9jour au titre de b\u00e9n\u00e9ficiaires de la protection subsidiaire\n\u27a2 Mesdames  Corinne  MERCUZOT-TURELLO,  secr\u00e9taire  administrative,  Rachida \nBOUTCHACHA,  secr\u00e9taire  administrative,  et  Marie-Christine  BOUILLOT,  secr\u00e9taire \nadministrative pour :\n\u2022 les convocations DUBLIN ;\n\u2022 les r\u00e9c\u00e9piss\u00e9s et les attestations de demandes d'asile ;\n\u2022 les bordereaux d'envoi, t\u00e9l\u00e9copies, correspondances courantes et demandes d'avis li\u00e9s \u00e0  \nl'asile,  aux  proc\u00e9dures  de  r\u00e9admission  et  \u00e0  la  reconduite  \u00e0  la  fronti\u00e8re  des  demandeurs \nd'asile ;\n\u2022 les demandes de r\u00e9admission d'un \u00e9tranger dans un autre \u00c9tat ;\n\u2022 les fiches d'information transmises \u00e0 l'OFPRA ;\n\u2022 les lettres d'information du demandeur d'asile ;\n\u2022 les r\u00e9c\u00e9piss\u00e9s de 1\u00e8res demandes de carte de r\u00e9sident mention r\u00e9fugi\u00e9 et de 1\u00e8res demandes \nde titres de s\u00e9jour au titre de b\u00e9n\u00e9ficiaires de la protection subsidiaire\n\u27a2 Mesdames  Louison  AMBROSIONI,  contractuelle  longue  dur\u00e9e,  Marl\u00e8ne  ALDAYA, \nsecr\u00e9taire  administrative,  C\u00e9cile  BRETON,  secr\u00e9taire  administrative,  Justine \nKAROTSCH, contractuelle longue dur\u00e9e, C\u00e9line THOMAS,  secr\u00e9taire administrative,  \nLyna AIT EL FASSY, secr\u00e9taire administrative, pour :\n\u2022 les correspondances courantes n'emportant pas de d\u00e9cision, les lettre-types, les bordereaux  \nd'envoi et t\u00e9l\u00e9copies dans les domaines de l'\u00e9loignement et des r\u00e9admissions.\nArticle 6 : Le secr\u00e9taire g\u00e9n\u00e9ral de la pr\u00e9fecture de la C\u00f4te d'Or, et les agents b\u00e9n\u00e9ficiaires de la  \nd\u00e9l\u00e9gation de signature, sont charg\u00e9s, chacun pour ce qui le concerne, de l'ex\u00e9cution du pr\u00e9sent  \narr\u00eat\u00e9 qui sera publi\u00e9 au recueil des actes administratifs de la pr\u00e9fecture de la C\u00f4te-d'Or.\nFait \u00e0 Dijon, le 07 mars 2025\nLe pr\u00e9fet,\nSign\u00e9 :\nPaul MOURIER\n8/8\nPr\u00e9fecture de la C\u00f4te-d'Or - 21-2025-03-07-00003 - \nArr\u00eat\u00e9 pr\u00e9fectoral n\u00b0 387 SG du 07 mars 2025\ndonnant d\u00e9l\u00e9gation de signature \u00e0 Monsieur S\u00e9bastien GAUTHEY, attach\u00e9 hors classe,\n directeur de l'immigration et de la nationalit\u00e9 (DIN)\n11\nPr\u00e9fecture de la C\u00f4te-d'Or\nP\u00f4le juridique inter-services\n21-2025-03-07-00004\nArr\u00eat\u00e9 pr\u00e9fectoral N\u00b0 402 / SG du 7 mars 2025 \ndonnant  d\u00e9l\u00e9gation de signature en mati\u00e8re de\ngestion des budgets op\u00e9rationnels\n104-111-112-113-119-122-124-129-135-137-147-148-1\n61-163-172-181-206-207-209-215-216-217-218-219-\n232-303-348-349-354-357-362-363-364-380-723-7\n54-780-833  des fonds europ\u00e9ens et des recettes\nnon fiscales et son annexe\nPr\u00e9fecture de la C\u00f4te-d'Or - 21-2025-03-07-00004 - Arr\u00eat\u00e9 pr\u00e9fectoral N\u00b0 402 / SG du 7 mars 2025  donnant  d\u00e9l\u00e9gation de signature\nen mati\u00e8re de gestion des budgets op\u00e9rationnels\n104-111-112-113-119-122-124-129-135-137-147-148-161-163-172-181-206-207-209-215-216-217-218-219-232-303-348-349-354-357-362-363-3\n64-380-723-754-780-833  des fonds europ\u00e9ens et des recettes non fiscales et son annexe\n12\nEPREFETDE LACOTE-D'ORLibert\u00e9Egalit\u00e9Fraternit\u00e9\nArr\u00e9t\u00e9 pr\u00e9fectoral N\u00b0 402 / SG du 7 mars 2025 donnant d\u00e9l\u00e9gation de signature en mati\u00e9re degestion des budgets op\u00e9rationnels 104-111-112-113-119-122-124-129-135-137-147-148-161-163-172-181-206-207-209-215-216-217-218-219-232-303-348-349-354-357-362-363-364-380-723-754-780-833 des fonds europ\u00e9ens et des recettes non fiscalesLe pr\u00e9fet de la C\u00f4te-d'OrVu la loi n\u00b0 85.1098 du 11 octobre 1985 relative \u00e0 la prise en charge par l'\u00c9tat, les d\u00e9partements etles r\u00e9gions des d\u00e9penses de personnel, de fonctionnement et d'\u00e9quipement des services plac\u00e9ssous leur autorit\u00e9 ;Vu le d\u00e9cret n\u00b0 2004-374 du 29 avril 2004 relatif aux pouvoirs des pr\u00e9fets, \u00e0 lorgamsatlon et \u00e0l'action des services de I'Etat dans les r\u00e9gions et d\u00e9partements, modifi\u00e9 par le d\u00e9cret n\u00b0 2010-146 du16 f\u00e9vrier 2010 et par le d\u00e9cret n\u00b0 2010-687 du 24 juin 2010;Vu le d\u00e9cret n\u00b0 2009-176 du 16 f\u00e9vrier 2009 modifiant le d\u00e9cret n\u00b0 64-805 du 29 juillet 1964 fixant lesdispositions r\u00e9glementaires applicables aux pr\u00e9fets et le d\u00e9cret n\u00b0 2004-374 du 29 avril 2004 relatifaux pouvoirs des pr\u00e9fets, \u00e0 l'organisation et \u00e0 I'action des services de I'Etat dans les r\u00e9gions etd\u00e9partements ;Vu le d\u00e9cret du 10 octobre 2024 nommant Monsieur Paul MOURIER pr\u00e9fet de la r\u00e9gionBourgogne-Franche- Comte pr\u00e9fet de la C\u00f4te-d'Or,;Vu Le d\u00e9cret du 19 f\u00e9vrier 2025 portant portant cessation de fonctions de Monsieur Olivier GERSTL\u00c9en qualit\u00e9 de sous-pr\u00e9fet, directeur de cabinet du pr\u00e9fet de la r\u00e9gion Bourgogne-Franche-Comt\u00e9, pr\u00e9fetde la C\u00f4te-d'Or ;Vu le d\u00e9cret du 27 f\u00e9vrier 2025 portant cessation de fonctions de Madame Amelle GHAYOU, sous-pr\u00e9f\u00e8te charg\u00e9e de mission aupr\u00e8s du pr\u00e9fet de r\u00e9gion Bourgogne-Franche-Comt\u00e9, pr\u00e9fet de la C\u00f4ted'Or;Vu le d\u00e9cret du 6 juillet 2023 portant nomination de Monsieur Beno\u00eet BYRSKI, sous-pr\u00e9fet deBeaune;Vu le d\u00e9cret du 17 novembre 2023 portant nomination de Monsieur S\u00e9bastien LANOYE, sous-pr\u00e9fetde Montbard ;Vu le d\u00e9cret du 14 novembre 2024 portant nomination de MonS|eur Denis BRUEL, secr\u00e9taire g\u00e9n\u00e9ralde la pr\u00e9fecture de la C\u00f4te-d'Or;Vu l'arr\u00e9t\u00e9 du Premier Ministre et du Ministre de I'Int\u00e9rieur en date du 12/01/22 nommant Mme AnneCOSTE DE CHAMPERON, administratrice de I'Etat hors classe, en qualit\u00e9 de secr\u00e9taire g\u00e9n\u00e9ralepour les affaires r\u00e9gionales de la R\u00e9gion Bourgogne-Franche Comt\u00e9, \u00e0 compter du 1/02/22, pour unedur\u00e9e de 4 ans, avec une p\u00e9riode probatoire de 6 mois ;Vu l'arr\u00e9t\u00e9 du Premier Ministre et du Ministre de I'Int\u00e9rieur en date du2 juin 2021 nommant MmeMilada PANTIC, en qualit\u00e9 d'adjointe au secr\u00e9taire g\u00e9n\u00e9ral pour les affaires r\u00e9gionales de la R\u00e9gion\nPr\u00e9fecture de la C\u00f4te-d'Or - 21-2025-03-07-00004 - Arr\u00eat\u00e9 pr\u00e9fectoral N\u00b0 402 / SG du 7 mars 2025  donnant  d\u00e9l\u00e9gation de signature\nen mati\u00e8re de gestion des budgets op\u00e9rationnels\n104-111-112-113-119-122-124-129-135-137-147-148-161-163-172-181-206-207-209-215-216-217-218-219-232-303-348-349-354-357-362-363-3\n64-380-723-754-780-833  des fonds europ\u00e9ens et des recettes non fiscales et son annexe\n13\nBourgogne \u2014 Franche-Comt\u00e9, en charge du p\u00f4le \u00ab moyens, modernisation, mutualisations \u00bb, pourune dur\u00e9e de 4 ans \u00e0 compter du 1\u00b0 juillet 2021 ;Vu l'arr\u00e9t\u00e9 du Premier Ministre et du Ministre de I'Int\u00e9rieur en date du 22 d\u00e9cembre 2022 nommantMme Florence BERNARD, en qualit\u00e9 d'adjointe au secr\u00e9taire g\u00e9n\u00e9ral pour les affaires r\u00e9gionales dela R\u00e9gion Bourgogne \u2014 Franche-Comt\u00e9, en charge du p\u00f4le \u00ab politiques publiquesinterminist\u00e9rielles \u00bb,Vu l'arr\u00eat\u00e9 1184/SG du 3 d\u00e9cembre 2020 portant organisation du Secr\u00e9tariat G\u00e9n\u00e9ral CommunD\u00e9partemental ;Vu l'arr\u00eat\u00e9 pr\u00e9fectoral 1251/SG du 18 d\u00e9cembre 2020 portant organisation des services de lapr\u00e9fecture de la r\u00e9gion Bourgogne-Franche-Comt\u00e9, pr\u00e9fecture du d\u00e9partement de la C\u00f4te d'Or ;Vu l'accord local relatif \u00e0 l'application du protocole d'exp\u00e9rimentation de la carte voyagiste dans lecadre du d\u00e9ploiement de CHORUS DT (D\u00e9placements Temporaires) sign\u00e9 conjointement le 17 avril2018 par Mme Christiane BARRET, Pr\u00e9f\u00e8te de la r\u00e9gion Bourgogne-Franche-Comt\u00e9 et de la C\u00f4ted'Or et Mme Martine VIALLET, Directrice r\u00e9gionale des finances publiques de la r\u00e9gion Bourgogne-Franche-Comt\u00e9 et du d\u00e9partement de la C\u00f4te d'Or,Vu l' arr\u00e9t\u00e9 pr\u00e9fectoral N\u00b0 326/SG du 21 f\u00e9vrier 2025 donnant d\u00e9l\u00e9gation de signatureb en matiere degestion des budgets op\u00e9rationnels 104-111-112-119-122-129-137-147-148 -161-172-181-206-207-209-215-216-217-218-219-232-303-348-349-354-357-380-723-754-780-833, des fonds europ\u00e9ens etdes recettes non fiscales ; 'Sur proposition de Monsieur le secr\u00e9taire g\u00e9n\u00e9ral de la pr\u00e9fecture de la C\u00f4te-d'Or ;ARR\u00caTE .Article 1er: L'arr\u00eat\u00e9 pr\u00e9fectoral n\u00b0 326/SG du 21 f\u00e9vrier 2025 donnant d\u00e9l\u00e9gation de signature enmati\u00e8re de gestion des budgets op\u00e9rationnels 104-111-112-113-119-122-124-129-135-137-147-148-161-163-172-181-206-207-209-215-216-217-218-219-232-303-348-349-354-357-362-363-364-380-723-754-780-833,des fonds europ\u00e9ens et des recettes non fiscales et toutes dispositionsant\u00e9rieures et contraires au pr\u00e9sent arr\u00eat\u00e9 sont abrog\u00e9s.Article 2 : D\u00e9l\u00e9gation de signature et de gestion est donn\u00e9e aux membres du corps pr\u00e9fectoral etaux agents mentionn\u00e9s dans le tableau en annexe 1 du pr\u00e9sent arr\u00eat\u00e9 dans les conditions et limitespr\u00e9vues, pour I'ex\u00e9cution des d\u00e9penses au titre des BOP 104-111-112-113-119-122-124-129-135-137-147-148-161-163-172-181-206-207-209-215-216-217-218-219-232-303-348-349-354-357-362-363-364-380-723-754-780-833, des fonds europ\u00e9ens et des recettes non fiscales.Article 3 : Le secr\u00e9taire g\u00e9n\u00e9ral de la pr\u00e9fecture de la C\u00f4te-d'Or, la directrice r\u00e9gionale desfinances publiques, les membres du corps pr\u00e9fectoral ainsi que les agents mentionn\u00e9s dansI'annexe vis\u00e9e \u00e0 l'article 2, sont charg\u00e9s, chacun en ce qui le concerne, de l'ex\u00e9cution du pr\u00e9sentarr\u00eat\u00e9 qui sera publi\u00e9 au recueil des actes administratifs de la pr\u00e9fecture de la C\u00f4te-d'Or.Fait \u00e0 Dijon, le 7 mars 2025Le pr\u00e9fet,Sign\u00e9:Paul MOURIER\nPr\u00e9fecture de la C\u00f4te-d'Or - 21-2025-03-07-00004 - Arr\u00eat\u00e9 pr\u00e9fectoral N\u00b0 402 / SG du 7 mars 2025  donnant  d\u00e9l\u00e9gation de signature\nen mati\u00e8re de gestion des budgets op\u00e9rationnels\n104-111-112-113-119-122-124-129-135-137-147-148-161-163-172-181-206-207-209-215-216-217-218-219-232-303-348-349-354-357-362-363-3\n64-380-723-754-780-833  des fonds europ\u00e9ens et des recettes non fiscales et son annexe\n14\nBOP\n|ANNEXE\u00e0Parr\u00e9t\u00e9pr\u00e9fectoraln\u00b0402/SGdu7mars2025|__DELEGATIONDESIGNATUREENMATI\u00c8REDEGESTIONDEL'UNIT\u00c9OPERATIONNELLED\u00c9PARTEMENTDELACOTED'ORETDESBUDGETSOP\u00c9RATIONNELSDEPROGRAMMEREGIONAL104-111-112-113-119-122-124-129-135-137-147-148-161-163-172-181-206-207-209-215-216-217-218-219-232-303-348-349-354-357-362-363-364-380-723-754-780-833,desfondseurop\u00e9ensetdesrecettesnonfiscalesValidationdel'engagementjuridiqueIM.EddyGAFFIOTchefduCentredeServicesPartag\u00e9sR\u00e9gionalCHORUSMmeNathalieBORNOTCheffedup\u00f4lecommandepubliqueprojetscomplexesMmeC\u00e9liaMOREAUX,responsableQualit\u00e9PerformanceM.DenisBRUEL,secr\u00e9taireg\u00e9n\u00e9ralMmeC\u00e9lineJOUVENCEAUXadjointeAuresponsableduCSPRCHORUS,Cheffedup\u00f4lesubventionsrecettesM.OlivierSOUPRAYENValideurDP,RNF,EJPage1\nPr\u00e9fecture de la C\u00f4te-d'Or - 21-2025-03-07-00004 - Arr\u00eat\u00e9 pr\u00e9fectoral N\u00b0 402 / SG du 7 mars 2025  donnant  d\u00e9l\u00e9gation de signature\nen mati\u00e8re de gestion des budgets op\u00e9rationnels\n104-111-112-113-119-122-124-129-135-137-147-148-161-163-172-181-206-207-209-215-216-217-218-219-232-303-348-349-354-357-362-363-3\n64-380-723-754-780-833  des fonds europ\u00e9ens et des recettes non fiscales et son annexe\n15\nBOP\nCertificationdu\u00abservicefait\u00bbdansChorussurlabasedela\u00abconstatationduservicefait\u00bb\u00e9tablieparlescentresprescripteursM.PatrickSCHOUMAKERGestionnaireMmeChristelleMEYNIERGestionnaireMmeBouchraPAGANTGestionnaireMmeMurielDEMORGestionnaireMmeB\u00e9atriceLAVALETTEGestionnaireMmeRachelMAILLARDGestionnaireMmeLeylaLAOUAJGestionnaireM.BenoitGAUTRETGestionnaireM.DenisBRUEL,secr\u00e9taireg\u00e9n\u00e9ralM.EddyGAFFIOTchefduCentredeServicesPartag\u00e9sR\u00e9gionalCHORUSMmeC\u00e9lineJOUVENCEAUXadjointeauresponsableduCSPRCHORUS,cheffedup\u00f4lesubventionsrecettesMmeC\u00e9liaMOREAUX,responsablequalit\u00e9Performance\nValidationdesdemandesdepaiementetdesrecettesnonfiscalesMmeC\u00e9lineJOUVENCEAUXadjointeauresponsableduCSPRCHORUS,Cheffedup\u00f4lesubventionsrecettesM.OlivierSOUPRAYENValideurDP,RNFetEJ|MmeC\u00e9liaMOREAUX,responsablequalit\u00e9performanceM.DenisBRUEL,secr\u00e9taireg\u00e9n\u00e9ralM.EddyGAFFIOTchefduCentredeServicesPartag\u00e9sR\u00e9gionalCHORUSMmeNathalieBORNOTCheffedup\u00f4leCommandepubliqueprojetscomplexesTenuedelacomptabilit\u00e9auxiliairedesimmobilisationsM.EddyGAFFIOTchefduCentredeServicesPartag\u00e9sR\u00e9gionalCHORUSIM.BenoitGAUTRETGestionnaireMmeNathalieBORNOTCheffedup\u00f4leCommandepubliqueprojetscomplexesR3EMIPage2M.DenisBRUEL,secr\u00e9taireg\u00e9n\u00e9ralMmeC\u00e9lineJOUVENCEAUXadjointeauresponsableduCSPRCHORUS,cheffedup\u00f4lesubventionsrecette\nPr\u00e9fecture de la C\u00f4te-d'Or - 21-2025-03-07-00004 - Arr\u00eat\u00e9 pr\u00e9fectoral N\u00b0 402 / SG du 7 mars 2025  donnant  d\u00e9l\u00e9gation de signature\nen mati\u00e8re de gestion des budgets op\u00e9rationnels\n104-111-112-113-119-122-124-129-135-137-147-148-161-163-172-181-206-207-209-215-216-217-218-219-232-303-348-349-354-357-362-363-3\n64-380-723-754-780-833  des fonds europ\u00e9ens et des recettes non fiscales et son annexe\n16\nBOP\nM.DenisBRUEL,secr\u00e9taireg\u00e9n\u00e9ralM.JeanPRUDHOMME,chefduServiceBudget-AchatMmeMartineTHUNOT,>&o_:$auchefduServiceBudget-Achat,MmeMoniqueFIOREOrdre\u00e0payerdansChorusformulaire.SERVICESPRESCRIPTEURSDanslecadredeCHORUSDT:Frais\"|ded\u00e9placementpourlesmembresducorpspr\u00e9fectoral:ordredemissionetM.DenisBRUEL,secr\u00e9taireg\u00e9n\u00e9ral\u00e9tatdefraisentantquevalideurhi\u00e9rarchiqueM.David<mxmzm>c_DirecteuradjointduVH1_[Secr\u00e9tariatg\u00e9n\u00e9ralcommund\u00e9partemental';'M.JeanPRUDHOMME,chefduServiceMmeNathalieBERGET,Directricedu|Budget-AchatSecr\u00e9tariatg\u00e9n\u00e9ralcommund\u00e9partementalMmeMartineTHUNOT,AdjointeauchefduServiceBudget-AchatMmeLaurenceGRANGER,MmeMaudDEHAROPage3\nPr\u00e9fecture de la C\u00f4te-d'Or - 21-2025-03-07-00004 - Arr\u00eat\u00e9 pr\u00e9fectoral N\u00b0 402 / SG du 7 mars 2025  donnant  d\u00e9l\u00e9gation de signature\nen mati\u00e8re de gestion des budgets op\u00e9rationnels\n104-111-112-113-119-122-124-129-135-137-147-148-161-163-172-181-206-207-209-215-216-217-218-219-232-303-348-349-354-357-362-363-3\n64-380-723-754-780-833  des fonds europ\u00e9ens et des recettes non fiscales et son annexe\n17\nBOP\nDanslecadredeCHORUSDT:-Fraisded\u00e9placementpourlesdirecteursetlaconseill\u00e8retechniquer\u00e9gionale:ordredemissionet\u00e9tatdefrais-Fraisded\u00e9placementpourlesassistantessocialesdelar\u00e9gion.Bourgogne-Franche-Comt\u00e9:ordredemissionet\u00e9tatdefraisentantquevalideurHi\u00e9rarchiqueVH1.M.DenisBRUEL,m.m.o_d\\...m_\u2014mg\u00e9n\u00e9ralMme\u00c9dithPERRON,conseill\u00e8retechniquer\u00e9gionaleMmeNathalieBERGET,DirectriceduSecr\u00e9tariatg\u00e9n\u00e9ralcommund\u00e9partementalM.DavidVERGNEAU,DirecteuradjointduSecr\u00e9tariatg\u00e9n\u00e9ralcommund\u00e9partementalM.JeanPRUDHOMME,chefduServiceBudget-AchatMmeMartineTHUNOT,AdjointeauchefduServiceBudget-AchatMmeMaudDEHARO\nD\u00e9cisionsded\u00e9pensesetderecettesetcertificationdeservicefaitquelquesoitlemontantD\u00e9cisionsded\u00e9penseset_...momnmm_\u2014certificationduservicefaitR\u00e9serv\u00e9es\u00e0lasignaturedeM.PaulMOURIER,Pr\u00e9fetM.DenisBRUEL,secr\u00e9taireg\u00e9n\u00e9ralPage4SaisiedansChorusFormulairedesDAetcertificationdesSF:CaroleRATEL.SaisiedansChorusFormulaireetcertificationdesSF:MmeMartineTHUNOT,MoniqueFIORE,M.LouisDUSARTeiTSRETRREEEeSaisieam:_wChorusFormulairedesDAetcertificationdesSF:NathalieDEMONTMmeMoniqueFIORE,MmeMartineTHUNOT,M.LouisDUSART\nPr\u00e9fecture de la C\u00f4te-d'Or - 21-2025-03-07-00004 - Arr\u00eat\u00e9 pr\u00e9fectoral N\u00b0 402 / SG du 7 mars 2025  donnant  d\u00e9l\u00e9gation de signature\nen mati\u00e8re de gestion des budgets op\u00e9rationnels\n104-111-112-113-119-122-124-129-135-137-147-148-161-163-172-181-206-207-209-215-216-217-218-219-232-303-348-349-354-357-362-363-3\n64-380-723-754-780-833  des fonds europ\u00e9ens et des recettes non fiscales et son annexe\n18\nBOP\nD\u00e9cisionsded\u00e9pensesetrecettes\u2014certificationduservicefaitD\u00e9cisionsded\u00e9pensesetrecettes-certificationduservicefaitD\u00e9cisionsded\u00e9pensesetrecettes-certificationduservicefaitD\u00e9cisionsded\u00e9pensesetrecettes-certificationduservicefaitM.OlivierGERSTLE,directeurdecabinet(jusqu'au5mars2025)MmeAnneCOSTEDECHAMPERON,secr\u00e9taireg\u00e9n\u00e9ralepourlesaffairesr\u00e9gionalesDeBourgogne\u2014Franche-Comt\u00e9M.BenoitBYRSKI,sous-pr\u00e9fetdeBeauneSaisiedansChorusFormulairedesDAetcertificationdesSF:NathalieDEMONTmm_w_\\mdansChorusetcertificationdesSF:SaisiedansChorusFormulairedesDAetcertificationdesSF:CaroleRATEL,SaisiedansChorusetcertificationdesSF:MartineTHUNOT,MoniqueFIOREetM.LouisDUSARTSaisiedansChorusFormulairedesDAetcertificationdesSF:ZhorHAMANI,C\u00e9cilineLEVENARD,JulienMARLOTetOlivierBONNEVIE.-_SaisiedansChorusFormulaireetcertificationdesSF:MmeMoniqueFIORE,MmeMartineTHUNOTetM.LouisDUSARTSaisiedansChorusFormulairedesDAetcertificationdesSF:MarieFETEIRAetFlorineCAILLOT,4.MmeMoniqueFIORE,MartineTHUNOTetM.LouisDUSARTPage5\nPr\u00e9fecture de la C\u00f4te-d'Or - 21-2025-03-07-00004 - Arr\u00eat\u00e9 pr\u00e9fectoral N\u00b0 402 / SG du 7 mars 2025  donnant  d\u00e9l\u00e9gation de signature\nen mati\u00e8re de gestion des budgets op\u00e9rationnels\n104-111-112-113-119-122-124-129-135-137-147-148-161-163-172-181-206-207-209-215-216-217-218-219-232-303-348-349-354-357-362-363-3\n64-380-723-754-780-833  des fonds europ\u00e9ens et des recettes non fiscales et son annexe\n19\nBOP\nD\u00e9cisionsded\u00e9pensesetrecettes-certificationduservicefaitD\u00e9cisionsded\u00e9pensesetrecettesrelativesauxfraisderepr\u00e9sentationdusecr\u00e9taireG\u00e9n\u00e9raletcertificationduservicefaitM.S\u00e9bastienLANOYE,sous-pr\u00e9fetdeMontbardM.LaurentBOILLEE,secr\u00e9taireg\u00e9n\u00e9raldelaSous-pr\u00e9fecturedeBeauneM.LouisDUSARTM.BenoitBYRSKI,sous-pr\u00e9fetdeBeaunSaisiedansChorusFormulairedesDAetcertificationdesSF:MadameLisaMONOTetM.QuentinLECLERCQMmeMoniqueFIORE,MmeMartineTHUNOT\n2\nSaisiedansChorusFormulairedesDAetcertificationdesSF:MarieFETEIRAetFlorineCAILLOTMoniqueFIORE,MartineTHUNOT,LouisDUSART\nDanslecadredeCHORUSDT:Fraisded\u00e9placement(ycomprisformation),ordresdemissionet\u00e9tatsdefraisenTantquevalideurhi\u00e9rarchiqueVH1M.BenoitBYRSKI,sous-pr\u00e9fetdeBeauneM.LaurentBOILLEE,secr\u00e9taireg\u00e9n\u00e9raldelasous-pr\u00e9fecturedeBeauneMmeLailaBENJDIR,secr\u00e9taireg\u00e9n\u00e9raleAdjointeD\u00e9cisionsded\u00e9pensesetrecettes-certificationduservicefaitM.Beno\u00eetBYRSKI,sous-pr\u00e9fetdeBeaunePage6|R\u00e9miBARRIERro:...mDUSARTM.LaurentBOILL\u00c9E,secr\u00e9taireg\u00e9n\u00e9raldelasous-pr\u00e9fecturedeBeauneSaisiedansChorusFormulairedesDAetcertificationdesSF:MarieFETEIRAetFlorineCAILLOTMoniqueFIORE,MartineTHUNOT,\n,\nLaurenceGRANGER,MaudDEHARO\nPr\u00e9fecture de la C\u00f4te-d'Or - 21-2025-03-07-00004 - Arr\u00eat\u00e9 pr\u00e9fectoral N\u00b0 402 / SG du 7 mars 2025  donnant  d\u00e9l\u00e9gation de signature\nen mati\u00e8re de gestion des budgets op\u00e9rationnels\n104-111-112-113-119-122-124-129-135-137-147-148-161-163-172-181-206-207-209-215-216-217-218-219-232-303-348-349-354-357-362-363-3\n64-380-723-754-780-833  des fonds europ\u00e9ens et des recettes non fiscales et son annexe\n20\nBOP\nD\u00e9cisionsded\u00e9pensesetrecettesrelativesauxfraisderepr\u00e9sentationdusecr\u00e9taireg\u00e9n\u00e9raletcertificationduservicefaitMmeMargueriteMOINDROTsecr\u00e9taireg\u00e9n\u00e9raledelasous-pr\u00e9fecturedeMontbardM.S\u00e9bastienLANOYE,sous-pr\u00e9fetdeMontbardSaisiedansChorusFormulairedesDAetCertificationdesSF:LisaMONOT,QuentinLECLERCQMmeMoniqueFIORE,MmeMartineTHUNOT,M.LouisDUSARTDanslecadredeCHORUSDT:Fraisded\u00e9placement(ycomprisformation),ordresdemissionet\u00e9tatsdefraisentantquevalideurhi\u00e9rarchiqueVH1M.S\u00e9bastienLANOYE,sous-pr\u00e9fetdeMontbard\nMmeMargueriteMOINDROTsecr\u00e9taireg\u00e9n\u00e9raledelasous-pr\u00e9fecturedeMontbardMmeIsabelleBAIJOT,chefdup\u00f4lecollectivit\u00e9slocalesetd\u00e9veloppementterritorial\\D\u00e9cisionsded\u00e9pensesetrecettes-certificationduservicefaitM.S\u00e9bastienLANOYE,sous-pr\u00e9fetdeMontbard\nMmeMargueriteMOINDROT,secr\u00e9taireg\u00e9n\u00e9raledelasous-pr\u00e9fecturedeMontbardSaisiedansChorusFormulairedesDAetcertificationdesSF:LisaMONOT,QuentinLECLERCQ,MoniqueFIORE,MartineTHUNOT,LouisDUSART,LaurenceGRANGER,_sm:a_umI>_~O\u2014\u2014\u2014TSeYPeN=i.\u03abWJ\u00cfT.J\u00bb...L,.\u00abr.10tIy.......soLSPISSNpF\nD\u00e9cisionsded\u00e9pensesetrecettesetcertificationduservicefaitM.OlivierGERSTLE,directeurdeCabinet(jusqu'au5mars2025)_sUm:_mmmcm_.mmo\u00f4\u00f1m_fimmm:mqm_SaisiedansChorusFormulairedesDAetcertificationdesSF:MesdamesH\u00e9l\u00e8neTURLIER,LaurenceGRANGER,.Monique_u_Oxm_Martine._._.._CZO._..MaudDE-HARO,M.LouisDUSARTPage7\nPr\u00e9fecture de la C\u00f4te-d'Or - 21-2025-03-07-00004 - Arr\u00eat\u00e9 pr\u00e9fectoral N\u00b0 402 / SG du 7 mars 2025  donnant  d\u00e9l\u00e9gation de signature\nen mati\u00e8re de gestion des budgets op\u00e9rationnels\n104-111-112-113-119-122-124-129-135-137-147-148-161-163-172-181-206-207-209-215-216-217-218-219-232-303-348-349-354-357-362-363-3\n64-380-723-754-780-833  des fonds europ\u00e9ens et des recettes non fiscales et son annexe\n21\nBOP\nDanslecadredechorus-DT:Fraisded\u00e9placement(ycomprisformation)pourlesagentsducabinetetdeladirectiondess\u00e9curit\u00e9s:ordresdemissionet\u00e9tatsdefraisentantquevalideurhi\u00e9rarchiqueVH1M.OlivierGERSTL\u00c9,directeurdecabinet(jusqu'au5mars2025)M.DenisBRUEL,secr\u00e9taireg\u00e9n\u00e9ralMmeNathalieAUBERTIN,Directricedess\u00e9curit\u00e9s.MmeC\u00e9cileHERMIER,chefduservicer\u00e9gionaletd\u00e9partementaldelacommunicationinterminist\u00e9rielleMadameCaroleRATEL\nElections\u2014fraisdebouche:d\u00e9cisionsded\u00e9pensesetrecettes\u2014certificationduservice\nfait\nM.OlivierGERSTLE,directeurdecabinet(Jusqu'au5mars2025)M.Louis-JosephVANDERSTUYF,Chefdubureaudelarepr\u00e9sentationdeI'EtatMmeFranceHERRSCHER,adjointeauchefdubureaudelarepr\u00e9sentationdeI'EtatFraisdebouche(exercicesded\u00e9fense):d\u00e9cisionsded\u00e9pensesetcertificationduservicefaitM.OlivierGERSTLE,directeurdecabinet(jusqu'au5mars2025)MmeNathalieAUBERTIN,Directricedess\u00e9curit\u00e9sM.ThierryBRULE,chefdelas\u00e9curit\u00e9civileM.Timoth\u00e9eDANIEL,chefdubureaud\u00e9fenseet\ns\u00e9curit\u00e9SaisiedansChorusFormulairedesDAetcertificationdesSF:MesdamesLaurenceGRANGER,MoniqueFIORE,MartineTHUNOT,MaudDE-HARO,M.LouisDUSARTD\u00e9cisionsded\u00e9pensesetrecettesrelativesauxfraisderepr\u00e9sentationdudirecteurdess\u00e9curit\u00e9setcertificationdeservicefaitMmeNathalieAUBERTIN,Directricedess\u00e9curit\u00e9s_SaisiedansChorusFormulairedesDAetcertificationdesSF:MesdamesLaurenceGRANGER,MoniqueFIORE,MartineTHUNOT,MaudDE-HARO,M.LouisDUSARTPage8\nPr\u00e9fecture de la C\u00f4te-d'Or - 21-2025-03-07-00004 - Arr\u00eat\u00e9 pr\u00e9fectoral N\u00b0 402 / SG du 7 mars 2025  donnant  d\u00e9l\u00e9gation de signature\nen mati\u00e8re de gestion des budgets op\u00e9rationnels\n104-111-112-113-119-122-124-129-135-137-147-148-161-163-172-181-206-207-209-215-216-217-218-219-232-303-348-349-354-357-362-363-3\n64-380-723-754-780-833  des fonds europ\u00e9ens et des recettes non fiscales et son annexe\n22\nBOP\nC\u00e9r\u00e9moniespubliques(achatdem\u00e9dailles):d\u00e9cisionsded\u00e9pensesetderecettesetcertificationduservicefaitMmeC\u00e9cileHERMIER,cheffeduservicer\u00e9gionaletd\u00e9partementaldelacommunicationinterminist\u00e9rielleM.OlivierGERSTL\u00c9,directeurdecabinet(jusqu'au5mars2025)M.J\u00e9r\u00f4meCOLIN,adjointauchefduservicer\u00e9gionaletd\u00e9partementaldelacommunicationinterminist\u00e9rielleSaisiedansChorusFormulairedesDAetcertificationdesSF:MesdamesLaurenceGRANGER,MoniqueFIORE,MartineTHUNOT,MaudDE-HARO,M.LouisDUSARTPoliceadministrative:d\u00e9cisionsded\u00e9pensesetrecettes,certificationdeservicefaitpourlesvacationsdesmembresdelacommissiondevid\u00e9o-surveillanceM.OlivierGERSTL\u00c9,directeurdecabinet(jusqu'au5mars2025)M.DenisBRUEL,secr\u00e9taireg\u00e9n\u00e9ralFondsinterminist\u00e9rieldepr\u00e9ventiondelad\u00e9linquance-Missioninterminist\u00e9rielledeluttecontredroguesetconduitesaddictives:d\u00e9cisionsded\u00e9penses\u2014subventionsM.OlivierGERSTL\u00c9,directeurdecabinet(jusqu'au5mars2025)M.DenisBRUEL,secr\u00e9taireg\u00e9n\u00e9ralDanslecadredeCHORUSformulaires:Fondsinterminist\u00e9rieldepr\u00e9ventiondelad\u00e9linquance-Missioninterminist\u00e9rielledeluttecontrelesdroguesetlesconduitesaddictives:om:_.qom:o:dumm2_omdflm;MmeSandrineDASILVA,charg\u00e9edemissionpr\u00e9ventiond\u00e9linquanceMesdamesS\u00e9verineLACROIXetAnaisGASPALONEMENTALDECOTE-D'ORe%Page10\nPr\u00e9fecture de la C\u00f4te-d'Or - 21-2025-03-07-00004 - Arr\u00eat\u00e9 pr\u00e9fectoral N\u00b0 402 / SG du 7 mars 2025  donnant  d\u00e9l\u00e9gation de signature\nen mati\u00e8re de gestion des budgets op\u00e9rationnels\n104-111-112-113-119-122-124-129-135-137-147-148-161-163-172-181-206-207-209-215-216-217-218-219-232-303-348-349-354-357-362-363-3\n64-380-723-754-780-833  des fonds europ\u00e9ens et des recettes non fiscales et son annexe\n23\nBOP\nCommunicationinterminist\u00e9rielle:d\u00e9cisionsded\u00e9pensesetrecettes>a250\u20acM.OlivierGERSTLE,directeurdecabinet(jusqu'au5mars2025)MmeC\u00e9cileHERMIER,chefduservicer\u00e9gionaletd\u00e9partementaldelacommunicationinterminist\u00e9rielleSaisiedansChorusFormulairedesDAetcertificationdesSF:M.J\u00e9r\u00f4meCOLIN,MesdamesLaurenceGRANGER,MoniqueFIORE,MartineTHUNOT,MaudDE-HARO,M.LouisDUSART\nCommunicationinterminist\u00e9rielle:d\u00e9cisionsded\u00e9pensesetrecettes<\u00e0250\u20acMmeC\u00e9cileHERMIER,cheffeduservicer\u00e9gionaletd\u00e9partementaldelacommunicationinterminist\u00e9rielleM.J\u00e9r\u00f4meCOLIN,adjointauchefduservicer\u00e9gionaletd\u00e9partementaldelacommunicationinterminist\u00e9rielleSaisiedansChorusFormulairedesDAetcertificationdesSF:M.J\u00e9r\u00f4meCOLIN,MesdamesLaurenceGRANGER,MoniqueFIORE,MartineTHUNOT,MaudDE-HARO,M.LouisDUSART\nCommunicationinterminist\u00e9rielle:certificationduservicefaitquelquesoitlemontantM.OlivierGERSTLE,directeurdecabinet(jusqu'au5mars2025)|MmeC\u00e9cileHERMIER,cheffeduservicer\u00e9gionaletd\u00e9partementaldelacommunicationinterminist\u00e9rielleM.J\u00e9r\u00f4meCOLIN,adjointauchefduservice|r\u00e9gionaletd\u00e9partementaldelacommunicationinterminist\u00e9rielleSaisiedansChorusFormulairedesDAetcertificationdesSF:MesdamesLaurenceGRANGER,MoniqueFIORE,MartineTHUNOT,MaudDE-HARO,M.LouisDUSARTPage9\nPr\u00e9fecture de la C\u00f4te-d'Or - 21-2025-03-07-00004 - Arr\u00eat\u00e9 pr\u00e9fectoral N\u00b0 402 / SG du 7 mars 2025  donnant  d\u00e9l\u00e9gation de signature\nen mati\u00e8re de gestion des budgets op\u00e9rationnels\n104-111-112-113-119-122-124-129-135-137-147-148-161-163-172-181-206-207-209-215-216-217-218-219-232-303-348-349-354-357-362-363-3\n64-380-723-754-780-833  des fonds europ\u00e9ens et des recettes non fiscales et son annexe\n24\nDanslecadredeCHORUSDT:Fraisded\u00e9placement,ordresdemissionet\u00e9tatsdefraisentantquevalideurhi\u00e9rarchique\nVH1\nMmeNathalieBERGET,DirectriceduSecr\u00e9tariatg\u00e9n\u00e9ralcommund\u00e9partementalM.DenisBRUEL,secr\u00e9taireg\u00e9n\u00e9ralM.DavidVERGNEAU,directeuradjointduSGCD'M.EricLATHUILLE,chefduserviceGCQVT,MmeDESNOUVAUXSylvie,adjointeauchefduserviceGCQVT,cheffeduservicer\u00e9gionaletd\u00e9partementaldeformationMmeVal\u00e9rieMALATY,cheffedesressources'lhumainesM.ThomasGEVREY,adjointauchefduservicedesressourceshumainesetdelaformation,M.JeanPRUDHOMME,chefduserviceBudget-\nAchatMmeMartineTHUNOT,AdjointeauchefduServiceBudget-Achat,MmesLaurenceGRANGERetMaudDEHAROM.EddyGAFFIOT,Responsableducentredeservicespartag\u00e9sr\u00e9gionalCHORUS,MmeC\u00e9lineJOUVENCEAUX,adjointeauresponsableducentredeservicespartag\u00e9sr\u00e9gionalCHORUS,M.DidierPERALDI,chefduserviceLogistique/Immobilier/servicesinternes,M.Jean-ChristopheBRIOT,chefduSDISICM.Jean-LucJOBARD,chefdep\u00f4leduSDISICPage11\nPr\u00e9fecture de la C\u00f4te-d'Or - 21-2025-03-07-00004 - Arr\u00eat\u00e9 pr\u00e9fectoral N\u00b0 402 / SG du 7 mars 2025  donnant  d\u00e9l\u00e9gation de signature\nen mati\u00e8re de gestion des budgets op\u00e9rationnels\n104-111-112-113-119-122-124-129-135-137-147-148-161-163-172-181-206-207-209-215-216-217-218-219-232-303-348-349-354-357-362-363-3\n64-380-723-754-780-833  des fonds europ\u00e9ens et des recettes non fiscales et son annexe\n25\nBOP\nTitresdeperceptiondesBOPvis\u00e9sentitredelapr\u00e9senteannexe,destaxesfiscalesaffect\u00e9es,despensionsalimentairesetdesconsignationsenvironnement,desd\u00e9gr\u00e9vementsderedevancesarch\u00e9ologiques-\u00e9tatr\u00e9capitulatifdescr\u00e9ancespourmiseenrecouvrement-lesadmissionsennon-valeurMmeNathalieBERGET,DirectriceduSecr\u00e9tariatg\u00e9n\u00e9ralcommund\u00e9partementalM.DavidVERGNEAU,directeuradjointduSGCD,M.EddyGAFFIOT,Responsableducentredeservicespartag\u00e9sr\u00e9gionalCHORUSMmeC\u00e9lineJOUVENCEAUX,adjointeauresponsableducentredeservicespartag\u00e9sr\u00e9gionalCHORUServicedesressourceshumainesD\u00e9cisionsded\u00e9pensesetderecettespourl'organisationdesconcours(locationsalles,publicit\u00e9,vacations)etler\u00e8glementdeshonorairesm\u00e9dicaux;\n<500\u20ac\nMmeNathalieBERGET,DirectriceduSecr\u00e9tariatg\u00e9n\u00e9ralcommund\u00e9partementalM.DavidVERGNEAU,directeuradjointduSGCD;MmeVal\u00e9rieMALATY,cheffedesressourceshumainesM.ThomasGEVREY,adjoint\u00e0lacheffeduservicedesressourceshumainesMmeChristelleTHEVENOT,cheffedep\u00f4leRHSaisiedansChorusFormulairedesDAetcertificationdesSF:MesdamesCoralieHAUTIER,MauraneHOUSNI,MartineTHUNOT,LaurenceGRANGER,MoniqueFIORE,etMaudDE-HARO,M.LouisDUSARTD\u00e9cisionsded\u00e9pensesetderecettes<\u00e05000\u20ac,MmeNathalieBERGET,DirectriceduSecr\u00e9tariatg\u00e9n\u00e9ralcommund\u00e9partementalM.DenisBRUEL,secr\u00e9taireg\u00e9n\u00e9ralSaisiedansChorusFormulairedesDAetcertificationdesSF:M.DavidVERGNEAUdirecteuradjointduSGCD;MesdamesCoralieHAUTIER,MauraneHOUSNI,MartineTHUNOT,LaurenceGRANGER,MoniqueFIORE,etMaudDE-HARO,M.LouisDUSARTPage12\nPr\u00e9fecture de la C\u00f4te-d'Or - 21-2025-03-07-00004 - Arr\u00eat\u00e9 pr\u00e9fectoral N\u00b0 402 / SG du 7 mars 2025  donnant  d\u00e9l\u00e9gation de signature\nen mati\u00e8re de gestion des budgets op\u00e9rationnels\n104-111-112-113-119-122-124-129-135-137-147-148-161-163-172-181-206-207-209-215-216-217-218-219-232-303-348-349-354-357-362-363-3\n64-380-723-754-780-833  des fonds europ\u00e9ens et des recettes non fiscales et son annexe\n26\nBOP\nD\u00e9pensesli\u00e9es\u00e0l'activit\u00e9RH:organisationdesconcours(locationsalles,publicit\u00e9,vacations),ler\u00e8glementdeshonorairesm\u00e9dicaux,gratificationsdesstagiaires:certificationdeservicefaitquelquesoitlemontant\nMmeNathalieBERGET,DirectriceduSecr\u00e9tariatg\u00e9n\u00e9ralcommund\u00e9partementalM.DenisBRUEL,secr\u00e9taireg\u00e9n\u00e9ralM.DavidVERGNEAU,directeuradjointduMmeVal\u00e9rieMALATY,cheffedesressourceshumainesM.ThomasGEVREY,adjoint\u00e0lacheffea:servicedesressourceshumainesM.JeanPRUDHOMME,chefduServiceBudget-\nAchatMmeMartineTHUNOT,>a_o_:\\...mduchefduServiceBudget-AchatSaisiedansChorusFormulairedesDAetcertificationdesSF:CoralieHAUTIER,MauraneHOUSNI,LaurenceGRANGERetMoniqueFIORE,D\u00e9cisionsded\u00e9pensesetderecettesrelatives\u00e0laformation\nB...\u00e6fi...\u00abH_LouisUcm>_\u00bb._.z_m:aUm_._>_~OM.DenisBRUEL,secr\u00e9taireg\u00e9n\u00e9ral|M.O__<_oqmem._._.ma_\u00abmo...m:\u2014amomc_:mfi(jusqu'au5marsmommvSaisiedansChorusFormulairedesDAetcertificationdesSF:MmeEmmanuelleBONNARDOT,EricLATHUILLE,SylvieDESNOUVAUX,SophieLEFEBVRED\u00e9cisionsdeamnm:mmmetderecettesrelativesalaformation<a5000\u20acMmeNathalieBERGET,DirectriceduSecr\u00e9tariatg\u00e9n\u00e9ralcommund\u00e9partementalM.DavidVERGNEAU,directeuradjointduSecr\u00e9tariatg\u00e9n\u00e9ralcommund\u00e9partementalSaisiedansChorusFormulairedesDAetcertificationdesSF:EmmanuelleBONNARDOT,SophieLEFEBVRE,MartineTHUNOT,MoniqueFIORE,MaudDE-HARO,LouisDUSARTPage13\nPr\u00e9fecture de la C\u00f4te-d'Or - 21-2025-03-07-00004 - Arr\u00eat\u00e9 pr\u00e9fectoral N\u00b0 402 / SG du 7 mars 2025  donnant  d\u00e9l\u00e9gation de signature\nen mati\u00e8re de gestion des budgets op\u00e9rationnels\n104-111-112-113-119-122-124-129-135-137-147-148-161-163-172-181-206-207-209-215-216-217-218-219-232-303-348-349-354-357-362-363-3\n64-380-723-754-780-833  des fonds europ\u00e9ens et des recettes non fiscales et son annexe\n27\nBOP\nD\u00e9cisionsded\u00e9pensesetderecettesrelatives\u00e0laformation<\u00e01000\u20acEricLATHUILLE,chefduserviceGCQVTM.DenisBRUEL,secr\u00e9taireg\u00e9n\u00e9ralMmeDESNOUVAUXSylvie,adjointeauchefduserviceGCQVT,cheffeduservicer\u00e9gionaletd\u00e9partementaldeformationSaisiedansChorusFormulairedesDAetcertificationdesSF:EmmanuelleBONNARDOT,SophieLEFEBVREM.JeanPRUDHOMME,chefduserviceBudget-\nAchat\n_\nMartineTHUNOT,LouisDUSART,MaudDE-\nHARO\nDocumentsrelatifsauxindemnit\u00e9sd'enseignementMmeDESNOUVAUXSylvie,adjointeauchefduserviceGCQVT,cheffeduservicer\u00e9gionaletd\u00e9partementaldeformation\nMmeNathalieBERGET,DirectriceduSecr\u00e9tariatg\u00e9n\u00e9ralcommund\u00e9partementalM.DavidVERGNEAU,directeuradjointdu\nSGCDM.EricLATHUILLE,chefduserviceGCQVTDanslecadredeCHORUSDT:D\u00e9cisionsded\u00e9pensesetderecettesrelativesauxtransportset\u00e0l''h\u00e9bergementetauxfraisdebouchedesformateursentantquevalideurhi\u00e9rarchiqueVH1MmeDESNOUVAUXSylvie,adjointeauchefduserviceGCQVT,cheffeduservicer\u00e9gionaletd\u00e9partementaldeformationMmeNathalieBERGET,DirectriceduSecr\u00e9tariatg\u00e9n\u00e9ralcommund\u00e9partementalM.DavidVERGNEAU,directeuradjointdu\nSGCDM.EricLATHUILLE,chefduserviceGCQVTMesdamesEmmanuelleBONNARDOT,SophieLEFEBVRE,LaurenceGRANGER,MaudDE\nHAROPage14\nPr\u00e9fecture de la C\u00f4te-d'Or - 21-2025-03-07-00004 - Arr\u00eat\u00e9 pr\u00e9fectoral N\u00b0 402 / SG du 7 mars 2025  donnant  d\u00e9l\u00e9gation de signature\nen mati\u00e8re de gestion des budgets op\u00e9rationnels\n104-111-112-113-119-122-124-129-135-137-147-148-161-163-172-181-206-207-209-215-216-217-218-219-232-303-348-349-354-357-362-363-3\n64-380-723-754-780-833  des fonds europ\u00e9ens et des recettes non fiscales et son annexe\n28\nBOP\nDanslecadredeCHORUSDT:D\u00e9cisionsded\u00e9pensesetderecettesrelativesauxtransportset\u00e0l'h\u00e9bergementetauxfraisdebouchedesformateursentantquevalideurhi\u00e9rarchiqueVH1MmeDESNOUVAUXSylvie,adjointeauchefduserviceGCQVT,cheffeduservicer\u00e9gionaletd\u00e9partementaldeformation\nMmeNathalieBERGET,DirectriceduSecr\u00e9tariatg\u00e9n\u00e9ralcommund\u00e9partementalM.DavidVERGNEAU,directeuradjointdu\nSGCDM.EricLATHUILLE,chefduserviceGCQVTMesdamesEmmanuelleBONNARDOT,SophieLEFEBVRE,LaurenceGRANGER,MaudDE\nHARO\nFormation:certificationdeservicefaitquelquesoitlemontant'M.EricLATHUILLE,chefduserviceGCQVTMmeNathalieBERGET,DirectriceduSecr\u00e9tariatg\u00e9n\u00e9ralcommund\u00e9partementalM.DavidVERGNEAU,directeuradjointdu\nSGCD'\nM.EricLATHUILLE,chefduserviceGCQVT.MmeEmmanuelleBONNARDOT,MmeSophieLEFEBVRE\nServiced\u00e9partementald'actionsocialeD\u00e9cisionsded\u00e9pensesrelatives\u00e0l'actionsocialeet\u00e0lam\u00e9decinedepr\u00e9vention<1000\u20ac\nM.EricLATHUILLE,chefduserviceGCQVTMmeNathalieBERGET,directriceduSGCDM.DavidVERGNEAU,directeuradjointdu\nSGCDMmeDESNOUVAUXSylvie,adjointeauchefduserviceGCQVT,cheffeduservicer\u00e9gionaletd\u00e9partementaldeformationMmeIsabelleGUERIN,cheffeduSDAS,M.JeanPRUDHOMME,chefduserviceB-Budget-AchatSaisiedansChorusFormulairedesDAetcertificationdesSF:MesdamesFlorenceVUILLEMIN,C\u00e9lineMEILLIER,IsabelleGUERIN,MartineTHUNOT,LaurenceGRANGER,MoniqueFIORE,MaudDE-HARO,LouisDUSARTPage15\nPr\u00e9fecture de la C\u00f4te-d'Or - 21-2025-03-07-00004 - Arr\u00eat\u00e9 pr\u00e9fectoral N\u00b0 402 / SG du 7 mars 2025  donnant  d\u00e9l\u00e9gation de signature\nen mati\u00e8re de gestion des budgets op\u00e9rationnels\n104-111-112-113-119-122-124-129-135-137-147-148-161-163-172-181-206-207-209-215-216-217-218-219-232-303-348-349-354-357-362-363-3\n64-380-723-754-780-833  des fonds europ\u00e9ens et des recettes non fiscales et son annexe\n29\nBOP\nD\u00e9cisionsded\u00e9pensesrelatives\u00e0l'actionsocialeet\u00e0lam\u00e9decinedepr\u00e9ventionM.DenisBRUEL,secr\u00e9taireg\u00e9n\u00e9ralMmeNathalieBERGET,DirectriceduSecr\u00e9tariatg\u00e9n\u00e9ralcommund\u00e9partemental(jusqu'\u00e05000\u20ac)M.DavidVERGNEAU,directeuradjointduSGCD(jusqu'\u00e05000\u20ac)M.JeanPRUDHOMME,chefduserviceBudget-Achat(jusqu'a1500\u20ac)MmeMartineTHUNOT,adjointeauchefduServiceBudget-Achat(jusqu'\u00e01500\u20ac)Page16\nPr\u00e9fecture de la C\u00f4te-d'Or - 21-2025-03-07-00004 - Arr\u00eat\u00e9 pr\u00e9fectoral N\u00b0 402 / SG du 7 mars 2025  donnant  d\u00e9l\u00e9gation de signature\nen mati\u00e8re de gestion des budgets op\u00e9rationnels\n104-111-112-113-119-122-124-129-135-137-147-148-161-163-172-181-206-207-209-215-216-217-218-219-232-303-348-349-354-357-362-363-3\n64-380-723-754-780-833  des fonds europ\u00e9ens et des recettes non fiscales et son annexe\n30\nBOP\nActionsocialeetm\u00e9decinedepr\u00e9vention:constatationdeservicefaitquelquesoitlemontantM.EricLATHUILLE,chefduserviceGCQVTMmeNathalieBERGET,DirectriceduSecr\u00e9tariatg\u00e9n\u00e9ralcommund\u00e9partementalM.DavidVERGNEAU,DirecteuradjointduSecr\u00e9tariatg\u00e9n\u00e9ralcommund\u00e9partementalMmeSylvieDESNOUVAUX,adjointeauchefduserviceGCQVT,cheffeduservicer\u00e9gionaletd\u00e9partementaldeformationM.JeanPRUDHOMME,chefduserviceBudget-Achat_:MmeFlorenceVUILLEMIN,adjointechefdu\nSDASSaisiedansChorusFormulairedesDAetcertificationdesSF:.MesdamesFlorenceVUILLEMIN,C\u00e9lineMEILLIER,IsabelleGUERIN,H\u00e9l\u00e9neTURLIER,MartineTHUNOT,LaurenceGRANGER,MoniqueFIOREetMaudDE-HARO,M.LouisDUSARTD\u00e9cisionsded\u00e9pensesetderecettesSGCServiceBudgetAchatetServiceLogistiqueImmobilierServicesInternesM.DenisBRUEL,secr\u00e9taireg\u00e9n\u00e9ralM.OlivierGERSTLE,directeurdecabinet(jusqu'au5mars2025)SaisiedansCHORUSFormulairedesDAetcertificationdesSF:MesdamesH\u00e9l\u00e8neTURLIER,LaurenceGRANGER,MoniqueFIORE,MartineTHUNOT,etMaudDE-HARO,M.LouisDUSART\nPage17\nPr\u00e9fecture de la C\u00f4te-d'Or - 21-2025-03-07-00004 - Arr\u00eat\u00e9 pr\u00e9fectoral N\u00b0 402 / SG du 7 mars 2025  donnant  d\u00e9l\u00e9gation de signature\nen mati\u00e8re de gestion des budgets op\u00e9rationnels\n104-111-112-113-119-122-124-129-135-137-147-148-161-163-172-181-206-207-209-215-216-217-218-219-232-303-348-349-354-357-362-363-3\n64-380-723-754-780-833  des fonds europ\u00e9ens et des recettes non fiscales et son annexe\n31\nBOP\nD\u00e9cisionsded\u00e9pensesetderecettes<a5000\u20acMmeNathalieBERGET,DirectriceduSecr\u00e9tariatg\u00e9n\u00e9ralcommund\u00e9partementalM.DavidVERGNEAU,DirecteuradjointduSecr\u00e9tariatg\u00e9n\u00e9ralcommund\u00e9partementalSaisiedansChorusFormulairedesDAetcertificationdesSF:MesdamesLaurenceGRANGER,MoniqueFIORE,MartineTHUNOTetMaudDE-HARO,M.LouisDUSARTD\u00e9cisionsded\u00e9pensesetderecettes<\u00e01500\u20acM.DidierPERALDI,chefduserviceLogistique,ImmobilieretServicesInternesM.JeanPRUDHOMME,chefduserviceBudget-\nAchat\nMmeMartineTHUNOT,AdjointeduChefduserviceBudget-AchatSaisiedansChorusFormulairedesDAetcertificationdesSF:MesdamesLaurenceGRANGER,MoniqueFIORE,MartineTHUNOTetMaudDE-HARO,M.LouisDUSARTD\u00e9cisionsded\u00e9pensesetderecettes<a500\u20acMmeMartineTHUNOTSaisiedansChorusFormulairedesDAetcertificationdesSF:MesdamesLaurenceGRANGER,MoniqueFIOREetMaudDE-HARO,M.LouisDUSART\nDanslecadredeChorusDT:D\u00e9cisionsded\u00e9pensesetderecettesrelativesauxtransports,\u00e0l'h\u00e9bergementetauxfraisdeboucheentantquevalideurhi\u00e9rarchiqueVH1,validationgestionnairesduBOP354,administrateurlocalautitredel'assistancedesutilisateursM.JeanPRUDHOMME,chefduserviceBudget-\nAchat\nM.DavidVERGNEAU,directeuradjointdu\nSGCDMmeMartineTHUNOT,AdjointeduChefduserviceBudget-AchatMesdamesLaurenceGRANGERetMaudU.m\nHAROMmeC\u00e9lineJOUVENCEAUX,adjointeauresponsableducentredeservicespartag\u00e9sr\u00e9gionalCHORUSPage18\nPr\u00e9fecture de la C\u00f4te-d'Or - 21-2025-03-07-00004 - Arr\u00eat\u00e9 pr\u00e9fectoral N\u00b0 402 / SG du 7 mars 2025  donnant  d\u00e9l\u00e9gation de signature\nen mati\u00e8re de gestion des budgets op\u00e9rationnels\n104-111-112-113-119-122-124-129-135-137-147-148-161-163-172-181-206-207-209-215-216-217-218-219-232-303-348-349-354-357-362-363-3\n64-380-723-754-780-833  des fonds europ\u00e9ens et des recettes non fiscales et son annexe\n32\nBOP\nConstatationdeservicefaitquelquesoitlemontant\nM.DidierPERALDI,chefduserviceLogistique,ImmobilieretServicesInternesM.JeanPRUDHOMME,chefduservicebudget\nachat\nM.DavidVERGNEAU,directeuradjointduM.KarimBRAHIMI,chefdup\u00f4leimmobilierMmeGhislaineTOULON,adjointeauchefdep\u00f4leimmobilierDidierTHEVENET,agentduserviceLogistique,ImmobilieretServicesInternesMmeMartineTHUNOT,adjointeduchefduServiceBudget-AchatSaisiedansChorusFormulairedesDAetcertificationdesSF:MesdamesLaurenceGRANGER,MoniqueFIOREetMaudDE-HARO,M.LouisDUSARTGarage:d\u00e9cisionsded\u00e9pensesetrecettes<\u00e01500\u20acMmeNathalieBERGET,DirectriceduSecr\u00e9tariatg\u00e9n\u00e9ralcommund\u00e9partementalM.DavidVERGNEAU,directeuradjointdu\nSGCDM.DidierPERALDI,chefduserviceLogistique,ImmobilieretServicesInternesSaisiedansChorusFormulairedesDAetcertificationdesSF:MesdamesLaurenceGRANGER,MoniqueFIORE,MartineTHUNOTetMaudDE-HARO,M.LouisDUSARTPage19\nPr\u00e9fecture de la C\u00f4te-d'Or - 21-2025-03-07-00004 - Arr\u00eat\u00e9 pr\u00e9fectoral N\u00b0 402 / SG du 7 mars 2025  donnant  d\u00e9l\u00e9gation de signature\nen mati\u00e8re de gestion des budgets op\u00e9rationnels\n104-111-112-113-119-122-124-129-135-137-147-148-161-163-172-181-206-207-209-215-216-217-218-219-232-303-348-349-354-357-362-363-3\n64-380-723-754-780-833  des fonds europ\u00e9ens et des recettes non fiscales et son annexe\n33\nBOP\nGarage:certificationduservicefaitquelquesoitlemontantM.DidierPERALDI,chefduserviceLogistique,ImmobilieretServicesInternes|P\u00e9cisionsded\u00e9pensesetderecettesrelativesauSIDSIC>5000\u20ac(STEMESD'INFORMATIONEM.DenisBRUEL,mmofim\u00f1m..._.mg\u00e9n\u00e9ral_sUm<_a<mxmzm>Ca:mofimcflma_o_:fiac\nSGCD.M.Jean_u_\u00bbcc_._o_s_smchefduserviceBudget-\nAchatSaisiedansChorusFormulairedesDAetcertificationdesSF:MesdamesLaurenceGRANGER,MoniqueFIORE,MartineTHUNOTmfi_smca_um_._>_~O_<__.o:_mUcm>_~._.)fllfl.\u00abwfV_fF..PE\nes'..........!steM.OlivierGERSTL\u00c9,directeurdecabinet(jusqu'au5mars2025)SaisiedansChorusFormulairedesDAetcertificationdesSF:MesdamesLaurenceGRANGER,MoniqueFIORE,MartineTHUNOTetMaudDE-HARO,M.LouisDUSARTD\u00e9cisionsded\u00e9pensesetderecettesrelativesauSIDSIC<\u00e05000\u20acMmeNathalieBERGET,DirectriceduSecr\u00e9tariatg\u00e9n\u00e9ralcommund\u00e9partementalM.DavidVERGNEAU,directeuradjointdu\nSGCDM.JeanPRUDHOMME,chefduserviceBudget-Achat(jusqu'\u00e01500\u20ac)MmeMartineTHUNOT,adjointeduChefduserviceBudget-Achat(jusqu'\u00e01500\u20ac)SaisiedansChorusFormulairedesDAetcertificationdesSF:MesdamesLaurenceGRANGER,MoniqueFIORE,MaudDE-HARO,MonsieurLouisDUSARTPage20\nPr\u00e9fecture de la C\u00f4te-d'Or - 21-2025-03-07-00004 - Arr\u00eat\u00e9 pr\u00e9fectoral N\u00b0 402 / SG du 7 mars 2025  donnant  d\u00e9l\u00e9gation de signature\nen mati\u00e8re de gestion des budgets op\u00e9rationnels\n104-111-112-113-119-122-124-129-135-137-147-148-161-163-172-181-206-207-209-215-216-217-218-219-232-303-348-349-354-357-362-363-3\n64-380-723-754-780-833  des fonds europ\u00e9ens et des recettes non fiscales et son annexe\n34\nBOP\nD\u00e9cisionsded\u00e9pensesetderecettesrelativesauSIDSIC<a500\u20acM.Jean-ChristopheBRIOT,chefduSDISICM.Jean-LucJOBARD,adjointauchefdu\nSIDSICSaisiedansChorusFormulairedesDAetcertificationdesSF:MesdamesLaurenceGRANGER,MoniqueFIORE,MartineTHUNOTetMaudDE-HARO,M.LouisDUSARTConstatationdeservicefaitrelatifauSIDSIC,quelquesoitlemontantM.Jean-ChristopheBRIOT,chefduSDISICM.Jean-LucJOBARD,adjointauchefdu\nSIDSICM.JeanPRUDHOMME,chefduserviceBudget-\nAchatMmeMartineTHUNOT,adjointeduChefdu-ServiceBudget-Achat|SaisiedansChorusFormulairedesDAetcertificationdesSF:MesdamesH\u00e9l\u00e8neTURLIER,LaurenceGRANGER,MoniqueFIOREetMaudDE-HARO,M.LouisDUSARTBonsdelivraison\u2014Fichesetrapportsn__:Hm\u00ebm::o:mtechniques.M.Jean-O_:._mnou_..mBRIOT,chefduSDISIC|SIDSICM.Jean-LucJOBARD,adjointauchefdu\u00cb.l\u00ee\"xc..............\u00ce\u00ce%...\u00ff.kL[wr[gmL\u2014rFraisderepr\u00e9sentationdudirecteur:d\u00e9cisionsded\u00e9pensesetderecettes-certificationduservicefaitS6MonsieurS\u00e9bastienGAUTHEY,directeurdel'immigrationetdelanationalit\u00e9M.DenisBRUEL,secr\u00e9taireg\u00e9n\u00e9ralMmeBERGET,directriceduSGCDM.DavidVERGNEAU,directeuradjointdu\nSGCD\nPage21\nPr\u00e9fecture de la C\u00f4te-d'Or - 21-2025-03-07-00004 - Arr\u00eat\u00e9 pr\u00e9fectoral N\u00b0 402 / SG du 7 mars 2025  donnant  d\u00e9l\u00e9gation de signature\nen mati\u00e8re de gestion des budgets op\u00e9rationnels\n104-111-112-113-119-122-124-129-135-137-147-148-161-163-172-181-206-207-209-215-216-217-218-219-232-303-348-349-354-357-362-363-3\n64-380-723-754-780-833  des fonds europ\u00e9ens et des recettes non fiscales et son annexe\n35\nBOP\nDanslecadredeCHORUSDT:Fraisded\u00e9placementpourl'ensembledesagentsdeladirection:ordresdemissionetMonsieurS\u00e9bastienGAUTHEY,directeurdel'immigrationetdelanationalit\u00e9__s.DenisBRUEL,secr\u00e9taireg\u00e9n\u00e9ralMmeC\u00e9lineMANELLI,cheffeduserviceimmigrationetint\u00e9grationMmeAnneDELVALLE,adjointe\u00e0lacheffeduserviceimmigrationetint\u00e9gration,cheffedup\u00f4lecontentieuxM.JeanChristopheTHUILLIER,responsabledelaplateformenaturalisationMmeCatelineZARIC,adjointduresponsabledeServiced'immigrationetd'int\u00e9grationlaplateformenaturalisationD\u00e9cisionsded\u00e9pensesetderecettesetcertificationdeservicefaitpourlesvacationsdetraducteurs-interpr\u00e8tesMonsieurS\u00e9bastienGAUTHEY,directeurdel'immigrationetdelanationalit\u00e9M.DenisBRUEL,secr\u00e9taireg\u00e9n\u00e9ralMmeC\u00e9lineMANELLI,cheffeduserviceimmigrationetint\u00e9grationMmeAnneDELVALLE,adjointe\u00e0lacheffeduserviceimmigrationetint\u00e9gration,cheffedup\u00f4lecontentieuxMmeMartineTHUNOT,adjointeduChefduServiceBudget-AchatPage22\nPr\u00e9fecture de la C\u00f4te-d'Or - 21-2025-03-07-00004 - Arr\u00eat\u00e9 pr\u00e9fectoral N\u00b0 402 / SG du 7 mars 2025  donnant  d\u00e9l\u00e9gation de signature\nen mati\u00e8re de gestion des budgets op\u00e9rationnels\n104-111-112-113-119-122-124-129-135-137-147-148-161-163-172-181-206-207-209-215-216-217-218-219-232-303-348-349-354-357-362-363-3\n64-380-723-754-780-833  des fonds europ\u00e9ens et des recettes non fiscales et son annexe\n36\nBOP\nD\u00e9cisionsderecoursauxprestationsd'avocatMonsieurS\u00e9bastienGAUTHEY,directeurdeI'immigrationetdelanationalit\u00e9M.DenisBRUEL,secr\u00e9taireg\u00e9n\u00e9ralMmeC\u00e9lineMANELLI,cheffeduserviceimmigrationetint\u00e9grationMmeAnneDELVALLE,adjointe\u00e0lacheffeduserviceimmigrationetint\u00e9gration,cheffedup\u00f4lecontentieuxMmeMartineTHUNOT,adjointeduFraisderepr\u00e9sentationdudirecteur:d\u00e9cisionsded\u00e9pensesetderecettes-certificationduservicefait-Chefdumm\u00eb...om_Budget-AchatMonsieurJean-LucMILANI,attach\u00e9hors\nclasse\nM.DenisBRUEL,secr\u00e9taireg\u00e9n\u00e9ralMmeBERGET,directriceduSGCDM.DavidVERGNEAU,directeuradjointdu\nSGCD\nDanslecadredeCHORUSDT:Fraisded\u00e9placementpourl'ensembledesagentsdeladirection:ordresdemissionet\u00e9tatsdefraisMonsieurJean-LucMILANI,directeurammcollectivit\u00e9slocalesetdesm_mo:o:wM.DenisBRUEL,secr\u00e9taireg\u00e9n\u00e9ralMmeFadilaELHARTI,cheffedubureaudescollectivit\u00e9slocales.MmeClaireBROUSSE,chefdubureaudes\u00e9lectionsetdelar\u00e9glementationD\u00e9cisionsded\u00e9pensesetconstatationduservicefaitpourlesfrais(horslignest\u00e9l\u00e9phoniques)relatifs\u00e0l'organisationmat\u00e9rielledesdiff\u00e9rentes\u00e9lections(imprim\u00e9s,acheminementdedocuments\u00e9lectoraux,locationsdiverses,bulletinsdevotepourlespr\u00e9sidentielles,prestatairedeservice...)MonsieurJean-LucMILANI,directeurdescollectivit\u00e9slocalesetdes\u00e9lectionsMmeClaireBROUSSE,cheffedubureauQmm\u00e9lectionsetdela_'m@_m\u00e2m:_m\u00e6o:MmeDelphineHORNY,adjointeauchefacbureaudes\u00e9lectionsetdelar\u00e9glementationMmeFadilaELHARTI,cheffedubureaudescollectivit\u00e9slocalesSaisiedansChorusFormulairedesDAetcertificationdesSF:M.EricFINOT\u2014MmesClaireBROUSSEetDelphineHORNYPage23\nPr\u00e9fecture de la C\u00f4te-d'Or - 21-2025-03-07-00004 - Arr\u00eat\u00e9 pr\u00e9fectoral N\u00b0 402 / SG du 7 mars 2025  donnant  d\u00e9l\u00e9gation de signature\nen mati\u00e8re de gestion des budgets op\u00e9rationnels\n104-111-112-113-119-122-124-129-135-137-147-148-161-163-172-181-206-207-209-215-216-217-218-219-232-303-348-349-354-357-362-363-3\n64-380-723-754-780-833  des fonds europ\u00e9ens et des recettes non fiscales et son annexe\n37\nBOP\nD\u00e9cisionsded\u00e9pensesetcertificationduservicefaitpourlesfraisrelatifs\u00e0l'installationdeslignest\u00e9l\u00e9phoniquesn\u00e9cessairesaI'organisationdes\u00e9lectionsdiversesMonsieurJean-LucMILANI,directeurdescollectivit\u00e9slocalesetdes\u00e9lectionsMmeClaireBROUSSE,cheffedubureaudes\u00e9lectionsetdelar\u00e9glementation.MmeDelphineHORNY,adjointeauchefdubureaudes\u00e9lectionsetdelar\u00e9glementationMmeFadilaELHARTI,cheffedubureaudescollectivit\u00e9slocales,M.Jean-ChristopheBRIOT,chefduSIDSICM.Jean-LucJOBARD,adjointauchefdu\nSIDSIC|SaisiedansChorusFormulairedesDAetcertificationdesSF:M.EricFINOT\u2014MmesClaireBROUSSEetDelphineHORNYD\u00e9cisionsderemboursementdesfraisdepropagandeauxcandidatsouauximprimeurs,etdesfraisd'affichagedelapropagandeetcertificationdeservicefaitMonsieurJean-LucMILANI,directeurdescollectivit\u00e9slocalesetdes\u00e9lectionsMmeClaireBROUSSE,cheffedubureaudes|\u00e9lectionsetdelar\u00e9glementationMmeDelphineHORNY,adjointeauchefdubureaudes\u00e9lectionsetdelar\u00e9glementationMmeFadilaELHARTI,cheffedubureaudescollectivit\u00e9slocalesSaisiedansChorusFormulairedesDAetcertificationdesSF:M.EricFINOT\u2014-MmesClaireBROUSSEetDelphineHORNYPage24\nPr\u00e9fecture de la C\u00f4te-d'Or - 21-2025-03-07-00004 - Arr\u00eat\u00e9 pr\u00e9fectoral N\u00b0 402 / SG du 7 mars 2025  donnant  d\u00e9l\u00e9gation de signature\nen mati\u00e8re de gestion des budgets op\u00e9rationnels\n104-111-112-113-119-122-124-129-135-137-147-148-161-163-172-181-206-207-209-215-216-217-218-219-232-303-348-349-354-357-362-363-3\n64-380-723-754-780-833  des fonds europ\u00e9ens et des recettes non fiscales et son annexe\n38\nBOP\nD\u00e9cisionsderemboursementdesfraisdecampagneauxcandidatsayantobtenu5%dessuffragessurd\u00e9cisiondelaCNCCFPetcertificationduservicefaitMonsieurJean-LucMILANI,directeurdescollectivit\u00e9slocalesetdes\u00e9lectionsMmeClaireBROUSSE,cheffedubureaudes\u00e9lectionsetdelar\u00e9glementationMmeDelphineHORNY,adjointeauchefdubureaudes\u00e9lectionsetdelar\u00e9glementationMmeFadilaELHARTI,cheffedubureaudescollectivit\u00e9slocalesSaisiedansChorusFormulairedesDAetcertificationdesSF:M.EricFINOT\u2014MmesClaireBROUSSEetDelphineHORNY-D\u00e9cisionsderemboursementdesfraisengag\u00e9sparlescommunes(fraisd'assembl\u00e9e,urnes,\u00e9tiquettes,\u00e9tablissementdeslistes\u00e9lectorales)etcertificationduservicefait-D\u00e9cisionsded\u00e9pensesetcertificationduservicefaitrelatives\u00e0l'indemnisationdesmembresdesdiversescommissionsetdesOPJdanslecadredel'organisationdes\u00e9lections\nMonsieurJean-LucMILANI,directeurdescollectivit\u00e9slocalesetdes\u00e9lectionsM.DenisBRUEL,secr\u00e9taireg\u00e9n\u00e9ralMmeClaireBROUSSE,cheffedubureaudes\u00e9lectionsetdelar\u00e9glementationMmeDelphineHORNY,adjointeauchefdubureaudes\u00e9lectionsetdelar\u00e9glementationMmeFadilaELHARTI,cheffedubureaudescollectivit\u00e9slocalesSaisiedansChorusFormulairedesDAetcertificationdesSF:M.EricFINOT\u2014MmesClaireBROUSSE,DelphineHORNYetMMEELHARTI\nConstatationdeservicefaitpourleremboursementdesfraisded\u00e9placement-Electionss\u00e9natorialesMonsieurJean-LucMILANI,directeurdescollectivit\u00e9slocalesetdes\u00e9lectionsMmeClaireBROUSSE,cheffedubureaudes\u00e9lectionsetdelar\u00e9glementationMmeDelphineHORNY,adjointeauchefdubureaudes\u00e9lectionsetdelar\u00e9glementationMmeFadilaELHARTI,cheffedubureaudescollectivit\u00e9slocalesHERRTORAEEETE\nPr\u00e9fecture de la C\u00f4te-d'Or - 21-2025-03-07-00004 - Arr\u00eat\u00e9 pr\u00e9fectoral N\u00b0 402 / SG du 7 mars 2025  donnant  d\u00e9l\u00e9gation de signature\nen mati\u00e8re de gestion des budgets op\u00e9rationnels\n104-111-112-113-119-122-124-129-135-137-147-148-161-163-172-181-206-207-209-215-216-217-218-219-232-303-348-349-354-357-362-363-3\n64-380-723-754-780-833  des fonds europ\u00e9ens et des recettes non fiscales et son annexe\n39\nBOP\nD\u00e9cisionsded\u00e9pensesetderecettes-certificationduservicefaitpourlesfraisderepr\u00e9sentationdudirecteurM.PhilippeGOUTORBE,directeurdelacoordinationdespolitiquespubliquesetdel'appuiterritorialM.DenisBRUEL,secr\u00e9taireg\u00e9n\u00e9ralMmeChristelleDASILVA,adjointeaudirecteurdelaDCPPAT\nDanslecadredeCHORUSDT:Fraisded\u00e9placementpourI'ensembledesagentsdeladirection:ordresdemissionet\u00e9tatsdefraisM.PhilippeGOUTORBE,directeurdelacoordinationdespolitiquespubliquesetdel'appuiterritorialM.DenisBRUEL,secr\u00e9taireg\u00e9n\u00e9ralMmeChristelleDASILVA,adjointeaudirecteurdelaDCPPATMme\u00c9velyneMORI,cheffedup\u00f4leenvironnementetScm:_mamMmeMich\u00e8leGUSCHEMANN,cheffedup\u00f4leam\u00e9nagementduterritoirePublicationsd'annoncesl\u00e9galesrelativesauxenqu\u00eatespubliques:d\u00e9cisionsded\u00e9pensesetderecettes-certificationduservicefait.MmeEvelyneMORI,chefdup\u00f4leenvironnementeturbanismeM.DenisBRUEL,secr\u00e9taireg\u00e9n\u00e9ralMmeChristelleDASILVA,adjointeaudirecteurdelaDCPPATMPhilippeGOUTORBE,directeurdelacoordinationdespolitiquespubliquesetdel'appuiterritorial,M.GuillaumeBROUILLARD,adjointauchefdup\u00f4leenvironnementeturbanismeDotationsetavancesauxcollectivit\u00e9slocales:d\u00e9cisionsded\u00e9pensesetderecettes-certificationduservicefaitMmeMich\u00e8leGUSCHEMANN,chefdup\u00f4leam\u00e9nagementduterritoireM.DenisBRUEL,secr\u00e9taireg\u00e9n\u00e9ralMmeChristelleDASILVA,adjointeaudirecteurdelaDCPPATMmeC\u00e9liaHAMOUD,adjointeauo:m\u00e2dup\u00f4leam\u00e9nagementdu_m:_\u00f1o_\u2014mSaisiedansChorusFormulairedesDSetcertificationdesSF:MesdamesC\u00e9liaHAMOUD,Marie-PierreAUBRY,AuroreCHAMBORAND,NathalieVARNEY,PaulineCORDIERPage26\nPr\u00e9fecture de la C\u00f4te-d'Or - 21-2025-03-07-00004 - Arr\u00eat\u00e9 pr\u00e9fectoral N\u00b0 402 / SG du 7 mars 2025  donnant  d\u00e9l\u00e9gation de signature\nen mati\u00e8re de gestion des budgets op\u00e9rationnels\n104-111-112-113-119-122-124-129-135-137-147-148-161-163-172-181-206-207-209-215-216-217-218-219-232-303-348-349-354-357-362-363-3\n64-380-723-754-780-833  des fonds europ\u00e9ens et des recettes non fiscales et son annexe\n40\nBOP\nCertificationdeservicefaitdesd\u00e9pensesd'avocat\nM.Fr\u00e9d\u00e9ricPELISSIER,chefdup\u00f4lejuridiqueinter-servicesMmeDominiqueLEMAITRE,charg\u00e9edemissiondup\u00f4lejuridiqueinter-servicesM.DenisBRUEL,secr\u00e9taireg\u00e9n\u00e9ralMmeChristelleDASILVA,adjointeaudirecteurdelaDCPPAT\nCondamnationsdeI'EtatparlesjuridictionsM.Fr\u00e9d\u00e9ricPELISSIER,chefdup\u00f4lejuridiqueinter-servicesMmeDominiqueLEMAITRE,o:m\u00f4mmdemissiondup\u00f4lejuridiqueinter-servicesM.DenisBRUEL,secr\u00e9taireg\u00e9n\u00e9ralMmeChristelleDASILVA,adjointeaudirecteurdelaDCPPAT\nIndemnisationsparl'\u00c9tatsuiteaurefusdelaforcepubliquedanslecadredesexpulsionslocatives\nM.Fr\u00e9d\u00e9ricPELISSIER,chefdup\u00f4lejuridiqueinter-servicesMmeDominiqueLEMAITRE,charg\u00e9edemissiondup\u00f4lejuridiqueinter-servicesM.DenisBRUEL,secr\u00e9taireg\u00e9n\u00e9ralMmeChristelleDASILVA,adjointeaudirecteurdelaDCPPAT\nToutesautresindemnisationsli\u00e9es\u00e0,l'engagementdelaresponsabilit\u00e9del'EtatM.Fr\u00e9d\u00e9ricPELISSIER,chefdup\u00f4lejuridiqueinter-servicesMmeDominiqueLEMAITRE,charg\u00e9edemissiondup\u00f4lejuridiqueinter-servicesM.DenisBRUEL,secr\u00e9taireg\u00e9n\u00e9ralMmeChristelleDASILVA,ma_o_:nmaudirecteuram_mDO\u00cbu>._.\nVIl\u2014SECRETARIATGENERALPOURLES_u_,m_mderepr\u00e9sentationdusecr\u00e9taireg\u00e9n\u00e9ralpourlesaffairesr\u00e9gionales:d\u00e9cisionsded\u00e9pensesetderecettes\u2014certificationduservicefait\nAFFAIRESREGIONALES_MmeAnneCOSTEDECHAMPERON,secr\u00e9taireg\u00e9n\u00e9ralepourlesaffairesr\u00e9gionalesdeBourgogne\u2014Franche-Comt\u00e9mm...m...mam:mO:oEmFormulairesdesDAetcertificationdesSF:MmeC\u00e9cilineLEVENARD\u2014MmeZhorHAMANI\u2014M.OlivierBONNEVIE\u2014M.JulienMARLOT\nFraisderepr\u00e9sentationdesadjointsausecr\u00e9taireg\u00e9n\u00e9ralpourlesaffairesr\u00e9gionales:d\u00e9cisionsded\u00e9pensesetderecettes\u2014certificationduservicefaitMmeBERNARD,adjointeausecr\u00e9taireg\u00e9n\u00e9ralpourlesaffairesr\u00e9gionalesdeBourgogne\u2014Franche-Comt\u00e9,charg\u00e9edup\u00f4le\u00abpolitiquespubliquesinterminist\u00e9rielles\u00bbMmeMiladaPANTIC,adjointeausecr\u00e9taireg\u00e9n\u00e9ralpourlesaffairesr\u00e9gionalesdeBourgogne-Franche-Comt\u00e9,charg\u00e9edup\u00f4lemoyens,mutualisationetmodernisationSaisiedansChorusFormulairesdesDAetcertificationdesSF:MmeC\u00e9cilineLEVENARD\u2014MmeZhorHAMANI\u2014M.OlivierBONNEVIE\u2014M.JulienMARLOTPage27\nPr\u00e9fecture de la C\u00f4te-d'Or - 21-2025-03-07-00004 - Arr\u00eat\u00e9 pr\u00e9fectoral N\u00b0 402 / SG du 7 mars 2025  donnant  d\u00e9l\u00e9gation de signature\nen mati\u00e8re de gestion des budgets op\u00e9rationnels\n104-111-112-113-119-122-124-129-135-137-147-148-161-163-172-181-206-207-209-215-216-217-218-219-232-303-348-349-354-357-362-363-3\n64-380-723-754-780-833  des fonds europ\u00e9ens et des recettes non fiscales et son annexe\n41\nBOP\nDanslecadredeCHORUSDT:Fraisded\u00e9placementpourlesecr\u00e9taireg\u00e9n\u00e9ralpourlesaffairesr\u00e9gionales:ordredemissionet\u00e9tatdefraisFraisded\u00e9placementpourl'ensembledesagentsduSGAR:ordredemissionet\u00e9tatde\nfrais\nM.JulienMARLOT,directeurdelaplate-former\u00e9gionaledesfinancesetde'immobilierM.OlivierBONNEVIE,directeuradjointdelaplate-former\u00e9gionaledesfinancesetdel'immobilierM.ArnaudPENTECOTE,directeurdelacoordination\nDanslecadredeCHORUSDT:D\u00e9cisionsded\u00e9pensesetderecettesconcernantlestransportsetl'h\u00e9bergement(ycomprispourlaformation)M.JulienMARLOT,directeurdelaplate-former\u00e9gionaledesfinancesetdel'immobilierM.OlivierBONNEVIE,directeuradjointdelaplate-former\u00e9gionaledesfinancesetdel'immobilierMmeC\u00e9cilineLEVENARD,MmeZhorHAMANIPage28Fait\u00e0Dijon,le7mars2025LePr\u00e9fet,Sign\u00e9:PaulMourier\nPr\u00e9fecture de la C\u00f4te-d'Or - 21-2025-03-07-00004 - Arr\u00eat\u00e9 pr\u00e9fectoral N\u00b0 402 / SG du 7 mars 2025  donnant  d\u00e9l\u00e9gation de signature\nen mati\u00e8re de gestion des budgets op\u00e9rationnels\n104-111-112-113-119-122-124-129-135-137-147-148-161-163-172-181-206-207-209-215-216-217-218-219-232-303-348-349-354-357-362-363-3\n64-380-723-754-780-833  des fonds europ\u00e9ens et des recettes non fiscales et son annexe\n42\nPr\u00e9fecture de la C\u00f4te-d'Or\nP\u00f4le juridique inter-services\n21-2025-03-07-00005\nARR\u00caT\u00c9 PR\u00c9FECTORAL n\u00b0 404 du 7 mars 2025\nportant habilitation \u00e0 la consultation du\nTraitement des Ant\u00e9c\u00e9dents Judiciaires (TAJ)\nPr\u00e9fecture de la C\u00f4te-d'Or - 21-2025-03-07-00005 - ARR\u00caT\u00c9 PR\u00c9FECTORAL n\u00b0 404 du 7 mars 2025\nportant habilitation \u00e0 la consultation du Traitement des Ant\u00e9c\u00e9dents Judiciaires (TAJ) 43\nExPREFETDE LACOTE-D'ORLibert\u00e9Egalit\u00e9Fraternit\u00e9\nDirection de l'Immigration\net de la Nationalit\u00e9\nSERVICE D'IMMIGRATION\nET D'INT\u00c9GRATION\nLe Pr\u00e9fet de la r\u00e9gion Bourgogne-Franche-Comt\u00e9\nPr\u00e9fet de la C\u00f4te-d'Or\nARR\u00caT\u00c9 PR\u00c9FECTORAL n\u00b0 404 du 7 mars 2025\nportant habilitation \u00e0 la consultation du Traitement des Ant\u00e9c\u00e9dents Judiciaires (TAJ)\nVU les articles 230-6 et suivants, les articles R40-23 et suivants du Code de  \nproc\u00e9dure p\u00e9nale, et notamment son article R40-29,\nVU l'article 17-1 de la loi n\u00b0 95-73 du 21 janvier 1995, les articles L114-1, L114-\n2, L211-11-1, L234-1 et L234-2 du Code de la s\u00e9curit\u00e9 int\u00e9rieure et \u00e0 l'article L4123-9-1  \ndu Code de la d\u00e9fense,\nVU  les  articles  L.251-1,  L.252-1,  L.252-2,  L.412-5,  L.432-1,  L.432-3,  L.432-4, \nL.434-6, L.511-7 , L.561-3, L.581-5 du code de l'entr\u00e9e et du s\u00e9jour des \u00e9trangers et du  \ndroit d'asile ;\nVU le d\u00e9cret du 10 octobre 2024 nommant Monsieur Paul MOURIER, pr\u00e9fet \nde la r\u00e9gion Bourgogne Franche-Comt\u00e9, pr\u00e9fet de la C\u00f4te d'Or ;\nVU  le  d\u00e9cret  du 14  novembre  2024  portant  nomination  de  M.  Denis \nBRUEL, administrateur de l'\u00c9tat du deuxi\u00e8me grade, en qualit\u00e9 de secr\u00e9taire g\u00e9n\u00e9ral  \nde la Pr\u00e9fecture de la C\u00f4te-d'Or, sous-pr\u00e9fet de Dijon (groupe II) ;\nVU l'arr\u00eat\u00e9  pr\u00e9fectoral  du  29  novembre  2024  r\u00e9guli\u00e8rement  publi\u00e9, \ndonnant  d\u00e9l\u00e9gation  de  signature  \u00e0  M.  Denis  BRUEL,  secr\u00e9taire  g\u00e9n\u00e9ral  de  la \npr\u00e9fecture de la C\u00f4te-d'Or ;\nSUR proposition de Monsieur le Secr\u00e9taire G\u00e9n\u00e9ral de la Pr\u00e9fecture de la  \nC\u00f4te-d'Or ;\nA R R E T E\nArticle 1er : Sont habilit\u00e9s \u00e0 consulter le traitement d'ant\u00e9c\u00e9dents judiciaires (TAJ) en \nleur  qualit\u00e9  d'agents  de  la  Pr\u00e9fecture  de  la  C\u00f4te  d'Or  affect\u00e9s  au  service  de \nl'immigration et de l'int\u00e9gration et investis de missions de police administrative :\nPr\u00e9fecture de la C\u00f4te-d'Or - 21-2025-03-07-00005 - ARR\u00caT\u00c9 PR\u00c9FECTORAL n\u00b0 404 du 7 mars 2025\nportant habilitation \u00e0 la consultation du Traitement des Ant\u00e9c\u00e9dents Judiciaires (TAJ) 44\n- 2 -\nMme C\u00e9line MANELLI (1274059),\nMme Anne DELVALLE (1708729),\nMme Anne-Sophie LEVEQUE (1543179),\nMr Manuel DA ROCHA (1278790),\nMme Catherine VALENTIN (1255439),\nMr Jean-Claude WEBER (1276101),\nMme Justine MICHELET (1639195),\nMme Chlo\u00e9 TALLANDIER (1688132),\nMme Marine BOUDET (1510002),\nMme C\u00e9lia MOSA (1661964),\nMme B\u00e9r\u00e9nice MULLER (1460463),\nMme Maeva LYPS (1675754),\nMme Marie-Christine DAUDET (1315081),\nMme Muriel CORDIER (0208842),\nMme G\u00e9raldine ROLLING (1715951)\nMme Mil\u00e8ne MARONNAT (1491125),\nMme Marie GOICHOT (1445294),\nMme EmilIe LORET-MASSON (1043550),\nMme Sibel OZCELIK (1704426),\nMme Marie-Suzel TABARD (1668198),\nMme Lola PINSONNEAUX (1684009),\nMme Justine KAROTSCH (1459903),\nMme Lyna AIT EL FASSY (1705521),\nMme C\u00e9line THOMAS (1707241),\nMme Corine MERCUZOT-TURELLO (1443450),\nMme Rachida BOUTCHACHA (1498908),\nMme Marie-Christine BOUILLOT (1496174),\nMr Aimeric AVEZOU (1694528),\nPr\u00e9fecture de la C\u00f4te-d'Or - 21-2025-03-07-00005 - ARR\u00caT\u00c9 PR\u00c9FECTORAL n\u00b0 404 du 7 mars 2025\nportant habilitation \u00e0 la consultation du Traitement des Ant\u00e9c\u00e9dents Judiciaires (TAJ) 45\n- 3 -\nMme Louison AMBROSIONI (1541123),\nMme Marl\u00e8ne ALDAYA (1363946),\nMme C\u00e9cile BRETON (1508533),\ndans le cadre des enqu\u00eates \u00e9num\u00e9r\u00e9es \u00e0 l'article R 40-29 du Code de proc\u00e9dure  \np\u00e9nale et qui rel\u00e8ve du droit des \u00e9trangers.\nArticle 2  : Monsieur le Secr\u00e9taire g\u00e9n\u00e9ral de la Pr\u00e9fecture de la C\u00f4te d'Or , le directeur de  \nl'immigration et de la nationalit\u00e9, la cheffe du service de l'immigration et de l'int\u00e9gration  \net les agents b\u00e9n\u00e9ficiaires de la pr\u00e9sente habilitation,  sont charg\u00e9s, chacun pour ce qui le  \nconcerne, de l'ex\u00e9cution du pr\u00e9sent arr\u00eat\u00e9.\nFait \u00e0 Dijon, le 7 mars 2025\nLe pr\u00e9fet,\nSign\u00e9 :\nPaul MOURIER\nPr\u00e9fecture de la C\u00f4te-d'Or - 21-2025-03-07-00005 - ARR\u00caT\u00c9 PR\u00c9FECTORAL n\u00b0 404 du 7 mars 2025\nportant habilitation \u00e0 la consultation du Traitement des Ant\u00e9c\u00e9dents Judiciaires (TAJ) 46","date":"2025-03-10","first_seen_on":"2025-09-14T01:36:19+00:00","id":"f999bdf93929fb8a9f5b027039a0b566f313671ca618cb700a6e070551d6be0e","name":"RAA n\u00b0 036 du 10 mars 2025","pdf_creation_date":"2025-03-10T15:11:39+00:00","pdf_modification_date":null,"timezone":"Europe/Paris","url":"https://www.cote-dor.gouv.fr/contenu/telechargement/22936/175052/file/recueil-21-2025-036-recueil-des-actes-administratifs-nominatifs.pdf"}
