{"administration":"pref21","administration_name":"Pr\u00e9fecture de C\u00f4te-d\u2019Or","content":"PR\u00c9FET\nDE LA C\u00d4TE-D'OR\nRECUEIL DES ACTES\nADMINISTRATIFS\nN\u00b021-2025-044\nPUBLI\u00c9 LE 21 MARS 2025\nSommaire\nPr\u00e9fecture de la C\u00f4te-d'Or / Direction des s\u00e9curit\u00e9s\n21-2025-03-21-00001 - Arr\u00eat\u00e9 pr\u00e9fectoral N\u00b0476 portant interdiction\nde rassemblements festifs \u00e0 caract\u00e8re musical et interdiction de\ncirculation\nde tout v\u00e9hicule transportant du mat\u00e9riel de son \u00e0\ndestination d'un rassemblement festif\n\u00e0 caract\u00e8re musical non\nautoris\u00e9 (2 pages) Page 3\n2\nPr\u00e9fecture de la C\u00f4te-d'Or\nDirection des s\u00e9curit\u00e9s\n21-2025-03-21-00001\nArr\u00eat\u00e9 pr\u00e9fectoral N\u00b0476 portant interdiction de\nrassemblements festifs \u00e0 caract\u00e8re musical et\ninterdiction de circulation\nde tout v\u00e9hicule transportant du mat\u00e9riel de son\n\u00e0 destination d'un rassemblement festif\n\u00e0 caract\u00e8re musical non autoris\u00e9\nPr\u00e9fecture de la C\u00f4te-d'Or - 21-2025-03-21-00001 - Arr\u00eat\u00e9 pr\u00e9fectoral N\u00b0476 portant interdiction de rassemblements festifs \u00e0\ncaract\u00e8re musical et interdiction de circulation\nde tout v\u00e9hicule transportant du mat\u00e9riel de son \u00e0 destination d'un rassemblement festif\n\u00e0 caract\u00e8re musical non autoris\u00e9\n3\nPr\u00e9fecture de la C\u00f4te-d'Or - 21-2025-03-21-00001 - Arr\u00eat\u00e9 pr\u00e9fectoral N\u00b0476 portant interdiction de rassemblements festifs \u00e0\ncaract\u00e8re musical et interdiction de circulation\nde tout v\u00e9hicule transportant du mat\u00e9riel de son \u00e0 destination d'un rassemblement festif\n\u00e0 caract\u00e8re musical non autoris\u00e9\n4\n-\n-\nPr\u00e9fecture de la C\u00f4te-d'Or - 21-2025-03-21-00001 - Arr\u00eat\u00e9 pr\u00e9fectoral N\u00b0476 portant interdiction de rassemblements festifs \u00e0\ncaract\u00e8re musical et interdiction de circulation\nde tout v\u00e9hicule transportant du mat\u00e9riel de son \u00e0 destination d'un rassemblement festif\n\u00e0 caract\u00e8re musical non autoris\u00e9\n5","date":"2025-03-21","first_seen_on":"2025-09-14T02:12:19+00:00","id":"fa0c82bc916ccdab41a6191172533b64db596dae1cd9e7f2f9f8eb63ad2b6850","name":"RAA n\u00b0 044 du 21 mars 2025","pdf_creation_date":"2025-03-21T08:30:20+00:00","pdf_modification_date":null,"timezone":"Europe/Paris","url":"https://www.cote-dor.gouv.fr/contenu/telechargement/22997/175552/file/recueil-21-2025-044-recueil-des-actes-administratifs.pdf"}
