{"administration":"prefidf","administration_name":"Pr\u00e9fecture de la r\u00e9gion \u00cele-de-France","content":"PREFECTURE\nREGION ILE DE\nFRANCE\nRECUEIL DES ACTES\nADMINISTRATIFS SP\u00c9CIAL\nN\u00b0IDF-034-2025-08\nPUBLI\u00c9 LE 22 AO\u00dbT 2025\nSommaire\nAgence R\u00e9gionale de Sant\u00e9 /\nIDF-2025-05-20-00005 - Arr\u00eat\u00e9 2025--234 portant modification de\nl'arr\u00eat\u00e9 2024-382 portant autorisation d'extension de 32 \u00e0 42 places de\nla plateforme de services coordonn\u00e9es Eclair \u00e0 Bussy-Saint-Georges\ng\u00e9re par l'association Autisme en \u00cele-de-France (5 pages) Page 3\nIDF-2025-05-20-00006 - Arr\u00eat\u00e9 2025-231 portant modification de\nl'arr\u00eat\u00e9 2024-207 portant autorisation d'extension de capacit\u00e9 de 223\n\u00e0 242 places de la plateforme enfant \u00e0 Fontenay-Tresigny par extension\nde 9 places de la plateforme de services coordonn\u00e9es enfant et\ncr\u00e9ation d'une Unit\u00e9 d'Enseignement Coll\u00e8ge Autisme (UECA) de 10\nplaces g\u00e9r\u00e9e par l'EPMS Fondation Hardy (4 pages) Page 9\nIDF-2025-05-20-00003 - Arr\u00eat\u00e9 2025-232 portant modification de\nl'arr\u00eat\u00e9 2024-290 portant autorisation d'extension de capacit\u00e9 de 226\n\u00e0 247 places du P\u00f4le enfance \u00e0 Roissy-en-Brie par extension de 11\nplaces de la plateforme de services coordonn\u00e9es et cr\u00e9ation d'une\nUnit\u00e9 d'Enseignement El\u00e9mentaire Autisme (UEEA) de 10 places\ng\u00e9r\u00e9 par l'association de la Fondation des Amis de l'Atelier (4 pages) Page 14\nIDF-2025-05-20-00004 - Arr\u00eat\u00e9 2025-233 portant modification de\nl'arr\u00eat\u00e9 2024-339 portant autorisation d'extension de capacit\u00e9 de 382\n\u00e0 393 places au profit de l'\u00e9tablissement fonctionnant en plateforme\nde services coordonn\u00e9es dit P-PIT \u00e0 Dammarie-les-Lys g\u00e9r\u00e9e par la\nFondation Ellen Poidatz (5 pages) Page 19\nAgence R\u00e9gionale de Sant\u00e9 / D\u00e9partement Personnes en Difficult\u00e9s\nSp\u00e9cifiques, addictions\nIDF-2025-08-21-00012 - Arr\u00eat\u00e9 n\u00b0 2025 - 29\nPortant programmation\ndes \u00e9valuations de la qualit\u00e9 des \u00e9tablissements et services sociaux\net\nm\u00e9dico-sociaux relevant du b) de l'article L. 313-3 du code de\nl'action sociale et des familles\npour les ann\u00e9es 2025 \u00e0 2029,\nconform\u00e9ment aux articles L. 312-8 et D. 312-204 du m\u00eame code (18\npages) Page 25\nDirection r\u00e9gionale et interd\u00e9partementale de l'h\u00e9bergement et du\nlogement / Accueil h\u00e9bergement insertion\nIDF-2025-08-21-00011 - Arr\u00eat\u00e9 de tarificationdotation globalis\u00e9e\ncommune relative aux frais de fonctionnement pour 2025 des\ncentres\nd'h\u00e9bergement et de r\u00e9insertion sociale (CHRS) compris\ndans le p\u00e9rim\u00e8tre du contrat pluriannuel\nd'objectifs et de moyens\n(CPOM)  (4 pages) Page 44\n2\nAgence R\u00e9gionale de Sant\u00e9\nIDF-2025-05-20-00005\nArr\u00eat\u00e9 2025--234 portant modification de\nl'arr\u00eat\u00e9 2024-382 portant autorisation\nd'extension de 32 \u00e0 42 places de la plateforme\nde services coordonn\u00e9es Eclair \u00e0\nBussy-Saint-Georges g\u00e9re par l'association\nAutisme en \u00cele-de-France\nAgence R\u00e9gionale de Sant\u00e9 - IDF-2025-05-20-00005 - Arr\u00eat\u00e9 2025--234 portant modification de l'arr\u00eat\u00e9 2024-382 portant autorisation\nd'extension de 32 \u00e0 42 places de la plateforme de services coordonn\u00e9es Eclair \u00e0 Bussy-Saint-Georges g\u00e9re par l'association Autisme en\n\u00cele-de-France\n3\nREPUBLIQUEFRANCAISELibert\u00e9Egalit\u00e9Fraternit\u00e9\nAr@ D Agence R\u00e9gionale de Sant\u00e9\u00cele-de-France\n \n \n \n \n \n1 sur 5 \n \n \nAGENCE R\u00c9GIONALE DE SANT\u00c9 \u00ceLE-DE-FRANCE \n                                                          ARR\u00caT\u00c9 N\u00b0 2025 \u2013 234  \nportant modification de l'arr\u00eat\u00e9 N\u00b02024-382 \n  \nportant autorisation d'extension de 32 \u00e0 42 places de la plateforme de services \ncoordonn\u00e9s Eclair sise 2 avenue du G\u00e9n\u00e9ral De Gaulle \u00e0 Bussy-Saint-Georges (77600) \n \ng\u00e9r\u00e9e par l'association Autisme en \u00cele-de-France \n \n \n \nLE DIRECTEUR G\u00c9N\u00c9RAL DE L'AGENCE R\u00c9GIONALE DE SANT\u00c9 \u00ceLE-DE-FRANCE \n \nVU le code de l'action sociale et des familles et notamment les articles L. 312-1, L. 313-1, \nL. 314-3 et suivants ; \n \nVU        le d\u00e9cret du 10 avril 2024 portant nomination de Monsieur Denis ROBIN, Directeur \ng\u00e9n\u00e9ral de l'Agence r\u00e9gionale de sant\u00e9 \u00cele-de-France \u00e0 compter du 29 avril 2024 ; \n \nVU l'arr\u00eat\u00e9 DS N\u00b0070/2024 du 29 avril 2024 portant d\u00e9l\u00e9gation de signature \u00e0 Madame \nSt\u00e9phanie TALBOT, Directrice de l'autonomie ; \n \n  VU       la d\u00e9cision de d\u00e9l\u00e9gation de signature du Directeur G\u00e9n\u00e9ral de l 'ARS vers Madame \nH\u00e9l\u00e8ne MARIE, la directrice de la d\u00e9l\u00e9gation d\u00e9partementale de Seine-et-Marne en \ndate du 29 avril 2024 ; \n \nVU l'arr\u00eat\u00e9 n\u00b0 DIRNOV-2023/08 de la Directrice g\u00e9n\u00e9rale de l'Agence r\u00e9gionale de sant\u00e9 \n\u00cele-de-France en date du 26 octobre 2023 portant adoption du cadre d'orientation \nstrat\u00e9gique 2018-2028 du projet r\u00e9gional de sant\u00e9 d'\u00cele-de-France ; \n \nVU l'arr\u00eat\u00e9 n\u00b0 DIRNOV-2023/09 de la Directrice g\u00e9n\u00e9rale de l'Agence r\u00e9gionale de sant\u00e9 \n\u00cele-de-France en date du 26 octobre 2023 portant adoption du sch\u00e9ma r\u00e9gional de \nsant\u00e9 2023 -2028 du  projet r\u00e9gional de sant\u00e9 d' \u00cele-de-France, modifi\u00e9 par l'arr\u00eat\u00e9 \nn\u00b0DIRNOV-2023/09 en date du 12 janvier 2024 ; \n \nVU l'arr\u00eat\u00e9 n\u00b0 2023 -346 de la Directrice g\u00e9n\u00e9rale de l'Agence r\u00e9gionale de sant\u00e9 \u00cele-de-\nFrance en date du 4 d\u00e9cembre 2023 \u00e9tablissant le programme interd\u00e9partemental \nd'accompagnement des handicaps et de la perte d'autonomie (PRIAC) 2023-2027 pour \nla r\u00e9gion \u00cele-de-France ; \n \nVU l'arr\u00eat\u00e9 n\u00b0 144-2009 \u2013 DDASS/PH du 25 juillet 2009 portant autorisation de cr\u00e9ation de \nl'IME exp\u00e9rimental AIME 77 situ\u00e9 avenue du G\u00e9n\u00e9ral De Gaulle \u00e0 Bussy -Saint-\nGeorges (77600), pour enfants atteints de troubles envahissants du d\u00e9veloppement \nd'une capacit\u00e9 de 10 places ; \n \nVU l'arr\u00eat\u00e9 n\u00b0173-2009 \u2013 DDASS/PH du 29 septembre 2009 portant ouverture de l'IME \nexp\u00e9rimental Eclair, situ\u00e9 91 rue Andr\u00e9 Malraux \u00e0 Bussy-Saint-Georges (77600), pour \nune dur\u00e9e de 5 ans \u00e0 compter du 1 er octobre 2009, pour enfants atteints de troubles \nenvahissants du d\u00e9veloppement d'une capacit\u00e9 de 15 places ; \n \nAgence R\u00e9gionale de Sant\u00e9 - IDF-2025-05-20-00005 - Arr\u00eat\u00e9 2025--234 portant modification de l'arr\u00eat\u00e9 2024-382 portant autorisation\nd'extension de 32 \u00e0 42 places de la plateforme de services coordonn\u00e9es Eclair \u00e0 Bussy-Saint-Georges g\u00e9re par l'association Autisme en\n\u00cele-de-France\n4\n2 sur 5 \n \nVU l'arr\u00eat\u00e9 n\u00b0 2014-192 du 24 ao\u00fbt 2014 portant renouvellement de l'autorisation de l'IME \nEclair pour une dur\u00e9e de 5 ans \u00e0 compter du 1 er septembre 2014, pour enfants \u00e2g\u00e9s \nde 3 \u00e0 20 ans atteints d'autisme et pr\u00e9sentant des troubles envahissants du \nd\u00e9veloppement d'une capacit\u00e9 de 15 places ; \n \nVU l'arr\u00eat\u00e9 n\u00b02019-236 du 19 novembre 2019 portant autorisation d'extension de capacit\u00e9 \nde 15 \u00e0 25 places de l'IME Eclair fonctionnant en plateforme sis 2 avenue du G\u00e9n\u00e9ral \nDe Gaulle \u00e0 Bussy -Saint-Georges (77600), pour des personnes pr\u00e9sentant des \ntroubles du spectre de l'autisme ; \n \nVU le contrat pluriannuel d'objectifs et de moyens portant sur les ann\u00e9es 2021 \u00e0 2025 \nsign\u00e9 le 24 d\u00e9cembre 2020 ; \n \nVU l'arr\u00eat\u00e9 n\u00b02021-139 du 1er septembre 2021 portant autorisation d'extension de capacit\u00e9 \nde 25 \u00e0 32 places de l'IME Eclair fonctionnant en plateforme sis 2 avenue du G\u00e9n\u00e9ral \nDe Gaulle \u00e0 Bussy-Saint-Georges (77600) ; \n \nVU l'arr\u00eat\u00e9 n\u00b02023 -155 du 28 juin 2023 portant cession des autorisations des IME  \nplateforme et IME \u00e0 l'\u00e9cole de TED et ses amis g\u00e9r\u00e9 par AIME, au profit de l'association \nAutisme en IDF ; \n \nVU  l'avis de l'Appel \u00e0 Manifestation d'Int\u00e9r\u00eat Plan Inclusif 2030 visant au d\u00e9ploiement de \nsolutions nouvelles pour l'inclusion des personnes en situation de handicap en \u00cele-de-\nFrance publi\u00e9 le 6 novembre 2023 au recueil des actes administratifs de la r\u00e9gion \u00cele-\nde-France ; \n \nVU      la Commission conjointe de s\u00e9lection sur le territoire de Seine-et-Marne des dossiers \nd\u00e9pos\u00e9s dans le cadre de l'Appel \u00e0 manifestation d'int\u00e9r\u00eat qui s'est tenue le 18 mars \n2024 ; \n \nVU    l'avis de r\u00e9sultats de l'appel \u00e0 manifestation d'int\u00e9r\u00eat sign\u00e9 le 11 avril 2024 et publi\u00e9 au \nrecueil des actes administratifs de la r\u00e9gion \u00cele-de-France ; \n \nVU      l'arr\u00eat\u00e9 portant modification de l'arr\u00eat\u00e9 N\u00b02024-382 portant autorisation d'extension de \n32 \u00e0 42 places de la plateforme de services coordonn\u00e9s Eclair, g\u00e9r\u00e9e par l'association \nAutisme en \u00cele-de-France. \n \n \nCONSID\u00c9RANT  que le projet d\u00e9pos\u00e9 par l'association Autisme en \u00cele-de-France, dont le \nsi\u00e8ge social est situ\u00e9 au 43bis rue de Cronstadt 75015 Paris, a \u00e9t\u00e9 \nretenu ; \n \nCONSID\u00c9RANT que ce projet constitue une augmentation de capacit\u00e9 de 25 \u00e0 42 places \namenant \u00e0 180% l'augmentation cumul\u00e9e de la capacit\u00e9 d'accueil de la \nplateforme de services coordonn\u00e9s Eclair ; \n \nCONSID\u00c9RANT qu'au regard de l'article D313 -2 du code de l'action sociale et des \nfamilles, les demandes d'augmentation capacitaire au-del\u00e0 de 30% ou, \npar exception, au -del\u00e0 100% de la capacit\u00e9 actuellement autoris\u00e9e \ndoivent faire l'objet d'une proc\u00e9dure d'appel \u00e0 projet ; \n \n                                     Cependant, qu'en application de l'article R1435-40 du code de la sant\u00e9 \npublique et de l'article R. 121 -12-19 du code de l'action sociale et des \nfamilles, le Directeur g\u00e9n\u00e9ral de l'Agence r\u00e9gionale de sant\u00e9 peut \nd\u00e9roger, sur son territoire, \u00e0 des normes arr\u00eat\u00e9es par l'administration de \nAgence R\u00e9gionale de Sant\u00e9 - IDF-2025-05-20-00005 - Arr\u00eat\u00e9 2025--234 portant modification de l'arr\u00eat\u00e9 2024-382 portant autorisation\nd'extension de 32 \u00e0 42 places de la plateforme de services coordonn\u00e9es Eclair \u00e0 Bussy-Saint-Georges g\u00e9re par l'association Autisme en\n\u00cele-de-France\n5\n3 sur 5 \n \nl'Etat pour prendre des d\u00e9cisions non r\u00e9glementaires relevant de sa \ncomp\u00e9tence, concernant notamment les autorisations en mati\u00e8re de \ncr\u00e9ation et d'activit\u00e9s des \u00e9tablissements et services m\u00e9dico -sociaux \nmentionn\u00e9s \u00e0 l'article L.313-3 du code de l'action sociale et des familles ; \n \nCONSID\u00c9RANT que le projet d'extension de la plateforme de services coordonn\u00e9s pour \ndes enfants et des jeunes adultes \u00e2g\u00e9s de 0 \u00e0 20 ans pr\u00e9sentant des \nd\u00e9ficiences de type troubles du neurod\u00e9veloppement dits TND (soit \nd\u00e9ficient intellectuel, Dys cognitif sp\u00e9cifique et/ou TSA)  propos\u00e9 par \nl'association Autisme en \u00cele -de-France vient r\u00e9pondre \u00e0 l'important \nbesoin de d\u00e9veloppement de l'offre m\u00e9dico -sociale identifi\u00e9 sur le \nd\u00e9partement de Seine-et-Marne ; \n \nCONSID\u00c9RANT que ce projet r\u00e9pond \u00e0 un objectif d'int\u00e9r\u00eat g\u00e9n\u00e9ral de par sa \ncompatibilit\u00e9 avec les objectifs et sa r\u00e9ponse apport\u00e9e aux besoins \nsociaux et m\u00e9dico -sociaux fix\u00e9s par le sch\u00e9ma r\u00e9gional de sant\u00e9, \nnotamment en ce qui concerne l'accompagnement des enfants et jeunes \nadultes pr\u00e9sentant des troubles du spectre de l'autisme, puisqu'il va \nparticiper \u00e0 combler les carences actuelles dans l'offre de services et \ncontribuera \u00e0 r\u00e9duire les in\u00e9galit\u00e9s d'acc\u00e8s aux soins et aux soutiens \n\u00e9ducatifs, ce qui sera b\u00e9n\u00e9fique \u00e0 l'ensemble de la population ; \n \nCONSID\u00c9RANT que l'op\u00e9rateur Autisme en \u00cele de France a d\u00e9montr\u00e9 son savoir -faire \ndans l'accompagnement de personnes atteintes de troubles du spectre \nde l'autisme et dispose par ailleurs d'un site permettant la mise en \noeuvre de cette extension dans les d\u00e9lais prescrit s par le cahier des \ncharges de l'appel \u00e0 manifestation d'int\u00e9r\u00eat ; \n \nCONSID\u00c9RANT que dans l'attente de l'aboutissement de la r\u00e9flexion d'une sectorisation \ng\u00e9ographique men\u00e9e dans le cadre de la d\u00e9marche RA (R\u00e9ponse \naccompagn\u00e9e), la liste des communes d\u00e9clar\u00e9es par l'association \nAutisme en \u00cele -de-France d\u00e9pos\u00e9e conjointement avec la fic he de \ndemande d'autorisation est consid\u00e9r\u00e9e comme composant le territoire \nprioritaire d'intervention de la structure ; \n \nCONSID\u00c9RANT           qu'il est compatible avec les objectifs et r\u00e9pond aux besoins sociaux et \nm\u00e9dico-sociaux fix\u00e9s par le sch\u00e9ma r\u00e9gional de sant\u00e9 et d\u00e9clin\u00e9 de \nmani\u00e8re chiffr\u00e9e dans le diagnostic territorial partag\u00e9 ; \n \nCONSID\u00c9RANT  qu'il satisfait aux r\u00e8gles d'organisation et de fonctionnement pr\u00e9vues par \nle code de l'action sociale et des familles ; \n \nCONSIDERANT qu'au vu des \u00e9l\u00e9ments pr\u00e9cit\u00e9s il est d\u00e9cid\u00e9 de d\u00e9roger aux dispositions \nde l'article D313 -2 du Code de l'action sociale et des familles et \nd'autoriser l'extension capacitaire sollicit\u00e9e ; \n \nCONSID\u00c9RANT  qu'il pr\u00e9sente un co\u00fbt de fonctionnement en ann\u00e9e pleine compatible \navec le PRIAC \u00cele-de-France et avec le montant de l'une des dotations \nmentionn\u00e9es \u00e0 l'article L. 314 -3 du code de l'action sociale et des \nfamilles ; \n \nCONSID\u00c9RANT  que l'Agence r\u00e9gionale de sant\u00e9 \u00cele -de-France dispose pour ce projet \ndes cr\u00e9dits n\u00e9cessaires \u00e0 sa mise en oeuvre \u00e0 hauteur de 531 363 \u20ac au \ntitre de l'enveloppe AMI \u2013 Plan Inclus'IF 2030 ; \n \nAgence R\u00e9gionale de Sant\u00e9 - IDF-2025-05-20-00005 - Arr\u00eat\u00e9 2025--234 portant modification de l'arr\u00eat\u00e9 2024-382 portant autorisation\nd'extension de 32 \u00e0 42 places de la plateforme de services coordonn\u00e9es Eclair \u00e0 Bussy-Saint-Georges g\u00e9re par l'association Autisme en\n\u00cele-de-France\n6\n4 sur 5 \n \nCONSID\u00c9RANT       que le pr\u00e9sent arr\u00eat\u00e9 annule et remplace l'arr\u00eat\u00e9 2024 -382 comportant \nune erreur de num\u00e9ro FINESS dans l'article 4. \n \nARR\u00caTE  \n \nARTICLE 1er : Le num\u00e9ro FINESS juridique est modifi\u00e9 comme suit : 75 006 352 1. \n \nARTICLE 2e : L'autorisation d'extension de capacit\u00e9 de 32 \u00e0 42 places de l'IME Eclair sis avenue \ndu G\u00e9n\u00e9ral de Gaulle \u00e0 Bussy -Saint-Georges destin\u00e9es \u00e0 la prise en charge \nd'enfants de 0 \u00e0 20 ans pr\u00e9sentant des troubles du neuro d\u00e9veloppement est \naccord\u00e9e \u00e0 l'association Autisme en \u00cele-de-France. \n \n ARTICLE 3e :  La capacit\u00e9 totale de la plateforme Eclair est dor\u00e9navant de 42 places destin\u00e9es \u00e0 \ndes enfants  et jeunes adultes pr\u00e9sentant des troubles du neuro d\u00e9veloppement \ncomprenant une d\u00e9ficience intellectuelle, et/ou des troubles du spectre de l'autisme \net/ou un handicap psychique et/ou des troubles cognitifs sp\u00e9cifiques associ\u00e9s et \nr\u00e9parties comme suit : \n \n\u2022 7 places pour une unit\u00e9 d'enseignement maternelle autisme (UEMA) ; \n \n\u2022 35 places  fonctionnant en plateforme de services coordonn\u00e9s, toutes \nmodalit\u00e9s d'accueil destin\u00e9 \u00e0 la prise en charge d'enfants et adolescents \nde 0 \u00e0 20 ans pr\u00e9sentant des troubles du neuro d\u00e9veloppement. \n \nARTICLE 4e : Conform\u00e9ment aux termes du dernier alin\u00e9a du I de l'article D. 312-0-3 du code de \nl'action sociale et des familles, aucune sp\u00e9cialisation n'exclut la prise en charge de \npersonnes pr\u00e9sentant des troubles associ\u00e9s \u00e0 ceux qui font l'objet de la pr\u00e9sente \nautorisation. \n \nARTICLE 5e : Cette structure est r\u00e9pertori\u00e9e dans le Fichier National des Etablissements \nSanitaires et Sociaux (FINESS) de la fa\u00e7on suivante : \n \nN\u00b0 FINESS de l'\u00e9tablissement principal : 77 002 135 0 \n \n2 avenue du G\u00e9n\u00e9ral De Gaulle \u00e0 Bussy-Saint-Georges (77600) \nPlaces : 42 \nCode cat\u00e9gorie : [183] \u2013  Institut M\u00e9dico-Educatif (I.M.E) \nCode discipline :  [844] \u2013  Tous projets \u00e9ducatifs, p\u00e9dagogiques et \nth\u00e9rapeutiques \n \nCode \nfonctionnement :  \n(Mode \nd'accueil)  \nCode client\u00e8le :  \n \n[48] \u2013 Tous modes d'accompagnement et d'accueil \n \n \n[10]   \u2013 Toutes d\u00e9ficiences \n[117] \u2013 D\u00e9ficience intellectuelle \n[206] \u2013 Handicap Psychique \n[207] \u2013 Handicap cognitif sp\u00e9cifique \n[437] \u2013 Troubles du spectre de l'autisme \nN\u00b0 FINESS de l'\u00e9tablissement secondaire : 77 001 768 9 \n \n                 11 rue des artisans \u00e0 Coll\u00e9gien (77090) \n Code mode de fixation des tarifs : [57] ARS / Dot. Globalis\u00e9e \n \n N\u00b0 FINESS du gestionnaire : 75 006 352 1 \n Code statut : [61] Association Loi 1901 reconnue d'utilit\u00e9 publique  \nAgence R\u00e9gionale de Sant\u00e9 - IDF-2025-05-20-00005 - Arr\u00eat\u00e9 2025--234 portant modification de l'arr\u00eat\u00e9 2024-382 portant autorisation\nd'extension de 32 \u00e0 42 places de la plateforme de services coordonn\u00e9es Eclair \u00e0 Bussy-Saint-Georges g\u00e9re par l'association Autisme en\n\u00cele-de-France\n7\ncig\n5 sur 5 \n \n \n \nARTICLE 6e : Conform\u00e9ment aux dispositions de l'article D. 313-12-1 du code de l'action sociale \net des familles, la pr\u00e9sente autorisation est valable sous r\u00e9serve de la \ntransmission, \u00e0 l'autorit\u00e9 comp\u00e9tente , avant la date d'entr\u00e9e en service de la \nnouvelle capacit\u00e9 autoris\u00e9e, d'une d\u00e9claration sur l'honneur attestant de la \nconformit\u00e9 de l'\u00e9tablissement ou du service aux conditions techniques minimales \nd'organisation et de fonctionnement mentionn\u00e9es au II de l'article L. 312-1 du \nm\u00eame code.                          \n \nARTICLE 7e : Elle est caduque en l'absence d'ouverture au public de l'\u00e9tablissement dans un \nd\u00e9lai de 2 ans suivant la notification de la d\u00e9cision d'autorisation conform\u00e9ment \naux articles L. 313-1 et D. 313-7-2 du code de l'action sociale et des familles. \n \nARTICLE 8e :   Tout changement important dans l'activit\u00e9, l'installation, l'organisation, la direction \nou le fonctionnement de l'\u00e9tablissement  ou du service  doit \u00eatre port\u00e9 \u00e0 la \nconnaissance de l'autorit\u00e9 comp\u00e9tente. \n \nARTICLE 9e :   Un recours contre le pr\u00e9sent arr\u00eat\u00e9 peut \u00eatre form\u00e9 devant le tribunal administratif \ncomp\u00e9tent dans un d\u00e9lai de deux mois \u00e0 compter de sa notification ou pour les \ntiers, \u00e0 compter de sa publication.   \n \nARTICLE 10e : La Directrice de la d\u00e9l\u00e9gation d\u00e9partementale de  Seine-et-Marne de l'Agence \nr\u00e9gionale de sant\u00e9 \u00cele-de-France est charg\u00e9e de l'ex\u00e9cution du pr\u00e9sent arr\u00eat\u00e9 qui \nsera publi\u00e9 aux recueils des actes administratifs de la R\u00e9gion \u00cele-de-France et du \nD\u00e9partement de Seine-et-Marne. \n   \n \n       \n               Fait \u00e0 Lieusaint, le 20 mai 2025  \n \n      \n  Directrice de la d\u00e9l\u00e9gation \n                                                                                             d\u00e9partementale de l'ARS \n                                                                                             de Seine-et-Marne \n \n \n                                                                                             H\u00e9l\u00e8ne MARIE \n \nAgence R\u00e9gionale de Sant\u00e9 - IDF-2025-05-20-00005 - Arr\u00eat\u00e9 2025--234 portant modification de l'arr\u00eat\u00e9 2024-382 portant autorisation\nd'extension de 32 \u00e0 42 places de la plateforme de services coordonn\u00e9es Eclair \u00e0 Bussy-Saint-Georges g\u00e9re par l'association Autisme en\n\u00cele-de-France\n8\nAgence R\u00e9gionale de Sant\u00e9\nIDF-2025-05-20-00006\nArr\u00eat\u00e9 2025-231 portant modification de l'arr\u00eat\u00e9\n2024-207 portant autorisation d'extension de\ncapacit\u00e9 de 223 \u00e0 242 places de la plateforme\nenfant \u00e0 Fontenay-Tresigny par extension de 9\nplaces de la plateforme de services coordonn\u00e9es\nenfant et cr\u00e9ation d'une Unit\u00e9 d'Enseignement\nColl\u00e8ge Autisme (UECA) de 10 places g\u00e9r\u00e9e par\nl'EPMS Fondation Hardy\nAgence R\u00e9gionale de Sant\u00e9 - IDF-2025-05-20-00006 - Arr\u00eat\u00e9 2025-231 portant modification de l'arr\u00eat\u00e9 2024-207 portant autorisation\nd'extension de capacit\u00e9 de 223 \u00e0 242 places de la plateforme enfant \u00e0 Fontenay-Tresigny par extension de 9 places de la plateforme\nde services coordonn\u00e9es enfant et cr\u00e9ation d'une Unit\u00e9 d'Enseignement Coll\u00e8ge Autisme (UECA) de 10 places g\u00e9r\u00e9e par l'EPMS\nFondation Hardy\n9\nExREPUBLIQUEFRAN\u00c7AISELibert\u00e9Egalit\u00e9Fraternit\u00e9\ne \u00bb Agence R\u00e9gionale de Sant\u00e9Ile-de-France\n \n \n \n \n \n \n \n \n \nAGENCE R\u00c9GIONALE DE SANT\u00c9 \u00ceLE-DE-FRANCE \n                                                                  ARR\u00caT\u00c9 N\u00b0 2025 \u2013 231  \nportant modification de l'arr\u00eat\u00e9 N\u00b02024-207 \n  \nportant autorisation d'extension de capacit\u00e9 de 223 \u00e0 242 places de la plateforme enfant, sise 23 \nbis avenue du G\u00e9n\u00e9ral Leclerc \u00e0 FONTENAY-TRESIGNY (77610) par extension de 9 places de la \nplateforme de services coordonn\u00e9s enfant et cr\u00e9ation d'une Unit\u00e9 d'Enseignement Coll\u00e8ge \nAutisme (UECA) de 10 places  \ng\u00e9r\u00e9e par l'EPMS FONDATION HARDY   \n \nLE DIRECTEUR G\u00c9N\u00c9RAL DE L'AGENCE R\u00c9GIONALE DE SANT\u00c9 \u00ceLE-DE-FRANCE \n \nVU le code de l'action sociale et des familles et notamment les article s L. 312-1, L. 313-1, L. 314-3 \net suivants ; \n \nVU        le d\u00e9cret du 10 avril 2024 portant nomination de Monsieur Denis ROBIN, Directeur g\u00e9n\u00e9ral de \nl'Agence r\u00e9gionale de sant\u00e9 \u00cele-de-France \u00e0 compter du 29 avril 2024 ; \n \nVU l'arr\u00eat\u00e9 DS N\u00b0070/2024 du 29 avril 2024 portant d\u00e9l\u00e9gation de signature \u00e0 Madame St\u00e9phanie \nTALBOT, Directrice de l'autonomie ; \n \nVU       la d\u00e9cision de d\u00e9l\u00e9gation de signature du Directeur G\u00e9n\u00e9ral de l'ARS vers Madame H\u00e9l\u00e8ne \nMARIE, la directrice de la d\u00e9l\u00e9gation d\u00e9partementale de Seine-et-Marne en date du 29  avril \n2024 ; \n \nVU l'arr\u00eat\u00e9 n\u00b0 DIRNOV -2023/08 de la Directrice g\u00e9n\u00e9rale de l'Agence r\u00e9gionale de sant\u00e9 \u00ce le-de-\nFrance en date du 26 octobre 2023 portant adoption du cadre d'orientation strat\u00e9gique 2018 -\n2028 du projet r\u00e9gional de sant\u00e9 d'\u00cele-de-France ; \n \nVU l'arr\u00eat\u00e9 n\u00b0 DIRNOV -2023/09 de la Directrice g\u00e9n\u00e9rale de l'Agence r\u00e9gionale de sant\u00e9 \u00ce le-de-\nFrance en date du 26 octobre 2023 portant adoption du sch\u00e9ma r\u00e9gional de sant\u00e9 2023 -2028 \ndu projet r\u00e9gional de sant\u00e9 d'\u00ce le-de-France, modifi\u00e9 par l'arr\u00eat\u00e9 n\u00b0DIRNOV -2023/09 en date du \n12 janvier 2024 ; \n \nVU l'arr\u00eat\u00e9 n\u00b0 2023 -346 de la Directrice g\u00e9n\u00e9rale de l'Agence r\u00e9gionale de sant\u00e9 \u00ce le-de-France en \ndate du 4 d\u00e9cembre 2023 \u00e9tablissant le programme interd\u00e9partemental d'accompagnement des \nhandicaps et de la perte d'autonomie (PRIAC) 2023-2027 pour la r\u00e9gion \u00cele-de-France ; \n \nVU l'arr\u00eat\u00e9 du Pr\u00e9fet d'\u00cele-de-France n\u00b077-85 du 16 octobre 1985 portant cr\u00e9ation en \u00e9tablissement \npublic de l'institut m\u00e9dico -\u00e9ducatif d\u00e9partemental de FONTENAY TRESIGNY \u00e0 compter du 31 \nd\u00e9cembre 1985 ; \n \nVU  l'arr\u00eat\u00e9 N\u00b0 2023-103 du 9 mai 2023 portant autorisation de transformation de l'IME et du SESSAD \nde la Fondation Hardy en plateforme de services coordonn\u00e9s ;   \n \nVU l'avis de l'appel \u00e0 manifestation d'int\u00e9r\u00eat Plan Inclus'IF 2030 visant au d\u00e9ploiement de solutions \nnouvelles pour l'inclusion des personn es en situation de handicap en \u00ce le-de-France publi\u00e9 le 6 \nnovembre 2023 sur le site de l'Agence r\u00e9gionale de sant\u00e9 \u00cele-de-France ; \n \nAgence R\u00e9gionale de Sant\u00e9 - IDF-2025-05-20-00006 - Arr\u00eat\u00e9 2025-231 portant modification de l'arr\u00eat\u00e9 2024-207 portant autorisation\nd'extension de capacit\u00e9 de 223 \u00e0 242 places de la plateforme enfant \u00e0 Fontenay-Tresigny par extension de 9 places de la plateforme\nde services coordonn\u00e9es enfant et cr\u00e9ation d'une Unit\u00e9 d'Enseignement Coll\u00e8ge Autisme (UECA) de 10 places g\u00e9r\u00e9e par l'EPMS\nFondation Hardy\n10\n       2 \n \nVU l'avis de r\u00e9sultats de l'appel \u00e0 manifestation d'int\u00e9r\u00eat pour le d\u00e9ploiement de solutions \u00e0 \ndestination des personn es en situation de handicap en \u00ce le-de-France, dans l e cadre du Plan \nInclus'IF 2030 publi\u00e9 le 11 avril 2024 ;  \n \nVU     l'arr\u00eat\u00e9 N\u00b02024 \u2013 314 portant autorisation de r\u00e9duction de capacit\u00e9 de 224 \u00e0 223 places de la \nplateforme de services coordonn\u00e9es Fondation Hardy par la transformation d'une place de la \nplateforme en une place d'\u00e9tablissement d'accueil m\u00e9dicalis\u00e9 (EAM) ; \n \nVU     l'arr\u00eat\u00e9 N\u00b02024-207 du 1er ao\u00fbt 2024 portant autorisation d'extension de capacit\u00e9 de 223 \u00e0 242 \nplaces de la plateforme enfant par extension de 9 places de la plateforme de services coordonn\u00e9s \nenfant et cr\u00e9ation d'une Unit\u00e9 d'Enseignement Coll\u00e8ge Autisme (UECA) de 10 places, g\u00e9r\u00e9e par \nl'EPMS Fondation Hardy. \n \nCONSID\u00c9RANT  que le projet r\u00e9pond \u00e0 un besoin de d\u00e9veloppement de l'offre m\u00e9dico -sociale \nidentifi\u00e9 sur le d\u00e9partement de Seine-et-Marne ; \n \nCONSID\u00c9RANT que dans l'attente de l'aboutissement de la r\u00e9flexion d'une sectorisation \ng\u00e9ographique men\u00e9e dans le cadre de la d\u00e9marche r\u00e9ponse accompagn\u00e9e, la liste \ndes communes d\u00e9clar\u00e9es par l'EPMS de la Fondation Hardy  d\u00e9pos\u00e9e \nconjointement avec la fiche de demande d'autorisation est consid\u00e9r\u00e9e comme \ncomposant le territoire prioritaire d'intervention de la structure ;  \n \nCONSID\u00c9RANT que le projet  est compatible avec les objectifs et r\u00e9pond aux besoins sociaux et \nm\u00e9dico-sociaux fix\u00e9s par le sch\u00e9ma r\u00e9gional de sant\u00e9 ;  \n \nCONSID\u00c9RANT qu'il satisfait aux r\u00e8gles d'organisation et de fonctionnement pr\u00e9vues par le code \nde l'action sociale et des familles ;  \n \nCONSID\u00c9RANT qu'il pr\u00e9sente un co\u00fbt de fonctionnement  en ann\u00e9e pleine compatible avec le \nPRIAC Ile-de-France et avec le montant de l'une des dotations mentionn\u00e9 es \u00e0 \nl'article L. 314-3 du code de l'action sociale et des familles ; \n \nCONSID\u00c9RANT que l'Agence r\u00e9gionale de sant\u00e9 \u00cele-de-France dispose pour ces projets des cr\u00e9dits \nn\u00e9cessaires \u00e0 leur mise en \u0153uvre \u00e0 hauteur de  478 330 \u20ac pour l'extension de la \nplateforme enfant et 154 000 \u20ac pour l'UECA ; \n \nCONSID\u00c9RANT         que le pr\u00e9sent arr\u00eat\u00e9 annule et remplace l'arr\u00eat\u00e9 N\u00b02024-207 comportant une \nerreur sur le nombre de places autoris\u00e9es dans l'article 4. \n \nARR\u00caT\u00c9  \nARTICLE 1er : Le nombre de places autoris\u00e9es est modifi\u00e9 \u00e0 242 places.        \nARTICLE 2e : L'autorisation visant \u00e0 l'extension de capacit\u00e9 de : \n \n- 9 places de la plateforme enfant Fondation HARDY sise 23 bis avenue du G\u00e9n\u00e9ral \nLeclerc \u00e0 Fontenay-Tr\u00e9signy (77 610) destin\u00e9es \u00e0 accueillir des enfants et jeunes \nadultes pr\u00e9sentant de troubles du neuro -d\u00e9veloppement (TND) est accord\u00e9e \u00e0 \nl'EPMS de la Fondation HARDY. \n \n- 10 places de la plateforme enfant  Fondation HARDY  par la cr\u00e9ation d'une unit\u00e9 \nd'enseignement coll\u00e8ge pour autistes (UECA) pour enfants \u00e2g\u00e9s de 11 \u00e0 15 ans est \naccord\u00e9e \u00e0 l'EPMS de la Fondation HARDY.  \n \nAgence R\u00e9gionale de Sant\u00e9 - IDF-2025-05-20-00006 - Arr\u00eat\u00e9 2025-231 portant modification de l'arr\u00eat\u00e9 2024-207 portant autorisation\nd'extension de capacit\u00e9 de 223 \u00e0 242 places de la plateforme enfant \u00e0 Fontenay-Tresigny par extension de 9 places de la plateforme\nde services coordonn\u00e9es enfant et cr\u00e9ation d'une Unit\u00e9 d'Enseignement Coll\u00e8ge Autisme (UECA) de 10 places g\u00e9r\u00e9e par l'EPMS\nFondation Hardy\n11\n       3 \n \nARTICLE 3e : La capacit\u00e9 totale de cet \u00e9tablissement est dor\u00e9navant de 242 places destin\u00e9es \u00e0 des \nenfants \u00e2g\u00e9s de 0 \u00e0 20 ans pr\u00e9sentant des troubles du neuro-d\u00e9veloppement. \n Cette structure peut assurer l'ensemble des modalit\u00e9s d'accueil et d'accompagnement \npr\u00e9vues au dernier alin\u00e9a du I de l'article L -312-1 du code de l'action sociale et des \nfamilles. \nARTICLE 4e :  Conform\u00e9ment aux termes du dernier alin\u00e9a du I de l'article D. 312-0-3 du code de l'action \nsociale et des familles, a ucune sp\u00e9cialisation n'exclut la prise en charge de personnes \npr\u00e9sentant des troubles associ\u00e9s \u00e0 ceux qui font l'objet de la pr\u00e9sente autorisation.  \n \nARTICLE 5e :  Cette structure est r\u00e9pertori\u00e9e dans le Fichier National des Etablissements Sanitaires et \nSociaux (FINESS) de la fa\u00e7on suivante : \n \nN\u00b0 FINESS de l'\u00e9tablissement principal : 77 069 007 1 \n \nAdresse : 23 bis avenue du G\u00e9n\u00e9ral Leclerc Fontenay-Tr\u00e9signy (77610), \nPlaces : 242 \nCode cat\u00e9gorie : [183] Institut m\u00e9dico-\u00e9ducatif \nCode discipline : [844] Tous projets \u00e9ducatifs, p\u00e9dagogiques et th\u00e9rapeutiques \nCode fonctionnement (type d'activit\u00e9) : 48 Tous modes d'accueil et d'accompagnement \nCode client\u00e8le : [10]   Toutes d\u00e9ficiences \n   [117] D\u00e9ficience intellectuelle \n   [437] Troubles du spectre de l'autisme \n   [206] Handicap psychique \n   [207] Handicap cognitif sp\u00e9cifique \n \nCode MFT : 57 Tarification globalis\u00e9e dans le cadre d'un CPOM \n \nN\u00b0 FINESS de l'\u00e9tablissement secondaire : 77 001 505 5 \n \nAdresse : 35, Rue Fran\u00e7ois de TESSAN 77330 OZOIR-LA-FERRIERE \n \nN\u00b0 FINESS du gestionnaire : 77 000 039 6 \n \nCode statut : 19 Etablissement Public Social et M\u00e9dico-Social \n \nARTICLE 6e : Conform\u00e9ment aux dispositions de l'article D. 313-12-1 du code de l'action sociale et des \nfamilles, la pr\u00e9sente autorisation est valable sous r\u00e9serve de la transmission, aux autorit\u00e9s \ncomp\u00e9tentes, avant la date d'entr\u00e9e en service de la nouvelle capacit\u00e9 autoris\u00e9e, d'une \nd\u00e9claration sur l'honneur attestant de la conformit\u00e9 de l'\u00e9tablissement ou du service aux \nconditions techniques minimales d'organisation et de fonctionnement mentionn\u00e9es au II \nde l'article L. 312-1 du m\u00eame code. \nARTICLE 7e : Elle est caduque en l'absence d'ouverture au public de l'\u00e9tablissement ou du service dans \nun d\u00e9lai de six mois suivant la notification de la d\u00e9cision d'autorisation conform\u00e9ment aux \narticles L. 313-1 et D. 313-7-2 du code de l'action sociale et des familles. \nARTICLE 8e : Tout changement important dans l'activit\u00e9, l'installation, l'organisation, la direction ou le \nfonctionnement de l'\u00e9tablissement ou du service doit \u00eatre port\u00e9 \u00e0 la connaissance de \nl'autorit\u00e9 comp\u00e9tente. \nARTICLE 9e : Un recours contre le pr\u00e9sent arr\u00eat\u00e9 peut \u00eatre form\u00e9 devant le tribunal administratif \ncomp\u00e9tent dans un d\u00e9lai de deux mois \u00e0 compter de sa notification ou, pour les tiers, \u00e0 \ncompter de sa publication.   \nAgence R\u00e9gionale de Sant\u00e9 - IDF-2025-05-20-00006 - Arr\u00eat\u00e9 2025-231 portant modification de l'arr\u00eat\u00e9 2024-207 portant autorisation\nd'extension de capacit\u00e9 de 223 \u00e0 242 places de la plateforme enfant \u00e0 Fontenay-Tresigny par extension de 9 places de la plateforme\nde services coordonn\u00e9es enfant et cr\u00e9ation d'une Unit\u00e9 d'Enseignement Coll\u00e8ge Autisme (UECA) de 10 places g\u00e9r\u00e9e par l'EPMS\nFondation Hardy\n12\ngig\n       4 \n \nARTICLE 10e : La directrice de la d\u00e9l\u00e9gation d\u00e9partementale de Seine-et-Marne de l'Agence r\u00e9gionale \nde sant\u00e9 \u00ce le-de-France est charg\u00e9e de l'ex\u00e9cution du pr\u00e9sent arr\u00eat\u00e9 qui sera publi\u00e9 au \nrecueil des actes administratifs de la R\u00e9gion \u00cele-de-France. \n \n \n  \n Fait \u00e0 Lieusaint, le 20 mai 2025 \n \n Directrice de la d\u00e9l\u00e9gation \n                                                                               d\u00e9partemenale de l'ARS \n                                                                               de Seine-et-Marne \n \n H\u00e9l\u00e8ne MARIE \n  \n \nAgence R\u00e9gionale de Sant\u00e9 - IDF-2025-05-20-00006 - Arr\u00eat\u00e9 2025-231 portant modification de l'arr\u00eat\u00e9 2024-207 portant autorisation\nd'extension de capacit\u00e9 de 223 \u00e0 242 places de la plateforme enfant \u00e0 Fontenay-Tresigny par extension de 9 places de la plateforme\nde services coordonn\u00e9es enfant et cr\u00e9ation d'une Unit\u00e9 d'Enseignement Coll\u00e8ge Autisme (UECA) de 10 places g\u00e9r\u00e9e par l'EPMS\nFondation Hardy\n13\nAgence R\u00e9gionale de Sant\u00e9\nIDF-2025-05-20-00003\nArr\u00eat\u00e9 2025-232 portant modification de l'arr\u00eat\u00e9\n2024-290 portant autorisation d'extension de\ncapacit\u00e9 de 226 \u00e0 247 places du P\u00f4le enfance \u00e0\nRoissy-en-Brie par extension de 11 places de la\nplateforme de services coordonn\u00e9es et cr\u00e9ation\nd'une Unit\u00e9 d'Enseignement El\u00e9mentaire\nAutisme (UEEA) de 10 places g\u00e9r\u00e9 par\nl'association de la Fondation des Amis de\nl'Atelier\nAgence R\u00e9gionale de Sant\u00e9 - IDF-2025-05-20-00003 - Arr\u00eat\u00e9 2025-232 portant modification de l'arr\u00eat\u00e9 2024-290 portant autorisation\nd'extension de capacit\u00e9 de 226 \u00e0 247 places du P\u00f4le enfance \u00e0 Roissy-en-Brie par extension de 11 places de la plateforme de services\ncoordonn\u00e9es et cr\u00e9ation d'une Unit\u00e9 d'Enseignement El\u00e9mentaire Autisme (UEEA) de 10 places g\u00e9r\u00e9 par l'association de la Fondation\ndes Amis de l'Atelier\n14\n| =REPUBLIQUEFRANCAISE \u00a9 D Agence R\u00e9gionale de Sant\u00e9Libert\u00e9 \u00cele-de-France\u00c9galit\u00e9Fraternit\u00e9\n \n \n \n \n \nPage 1 sur 4 \n \n \n \n \nAGENCE R\u00c9GIONALE DE SANT\u00c9 \u00ceLE-DE-FRANCE \n                                                    ARR\u00caT\u00c9 N\u00b0 2025 \u2013 232  \nportant modification de l'arr\u00eat\u00e9 N\u00b02024-290 \n  \nportant autorisation d'extension de capacit\u00e9 de 226 \u00e0 247 places du P\u00f4le enfance, sis rue \nJoseph de Boismortier \u00e0 ROISSY-EN-BRIE (77680) par extension de 11 places de la \nplateforme de services coordonn\u00e9s et cr\u00e9ation d'une Unit\u00e9 d'Enseignement El\u00e9mentaire \nAutisme (UEEA) de 10 places \n \ng\u00e9r\u00e9 par l'association La Fondation des Amis de l'Atelier      \n \n \nLE DIRECTEUR G\u00c9N\u00c9RAL DE L'AGENCE R\u00c9GIONALE DE SANT\u00c9 D'\u00ceLE-DE-FRANCE \n \nVU le code de l'action sociale et des familles et notamment les articles L. 312-1, L. 313-1,   L. \n314-3 et suivants ; \n \nVU        le d\u00e9cret du 10 avril 2024 portant nomination de Monsieur Denis ROBIN, Directeur g\u00e9n\u00e9ral \nde l'Agence r\u00e9gionale de sant\u00e9 \u00cele-de-France \u00e0 compter du 29 avril 2024 ; \n \nVU l'arr\u00eat\u00e9 DS N\u00b0070/2024 du 29 avril 2024 portant d\u00e9l\u00e9gation de signature \u00e0 Madame \nSt\u00e9phanie TALBOT, Directrice de l'autonomie ; \n \n  VU       la d\u00e9cision de d\u00e9l\u00e9gation de signature du Directeur G\u00e9n\u00e9ral de l 'ARS vers Madame \nH\u00e9l\u00e8ne MARIE, la directrice de la d\u00e9l\u00e9gation d\u00e9partementale de Seine-et-Marne en date \ndu 29 avril 2024 ; \n \nVU l'arr\u00eat\u00e9 n\u00b0 DIRNOV-2023/08 de la Directrice g\u00e9n\u00e9rale de l'Agence r\u00e9gionale de sant\u00e9 \u00cele-\nde-France en date du 26 octobre 2023 portant adoption du cadre d'orientation strat\u00e9gique \n2018-2028 du projet r\u00e9gional de sant\u00e9 d'\u00cele-de-France ; \n \nVU l'arr\u00eat\u00e9 n\u00b0 DIRNOV-2023/09 de la Directrice g\u00e9n\u00e9rale de l'Agence r\u00e9gionale de sant\u00e9 \u00cele-\nde-France en date du 26 octobre 2023 portant adoption du sch\u00e9ma r\u00e9gional de sant\u00e9 \n2023-2028 du projet r\u00e9gional de sant\u00e9 d'\u00ce le-de-France, modifi\u00e9 par l'arr\u00eat\u00e9 n\u00b0DIRNOV -\n2023/09 en date du 12 janvier 2024 ; \n \nVU l'arr\u00eat\u00e9 n\u00b0 2023-346 de la Directrice g\u00e9n\u00e9rale de l'Agence r\u00e9gionale de sant\u00e9 \u00cele-de-France \nen date du 4 d\u00e9cembre 2023 \u00e9tablissant le programme interd\u00e9partemental \nd'accompagnement des handicaps et de la perte d'autonomie (PRIAC) 2023-2027 pour la \nr\u00e9gion \u00cele-de-France ; \n \nVU  l'arr\u00eat\u00e9 du Pr\u00e9fet d'\u00cele-de-France n\u00b088-384 du 2 mai 1988 relatif \u00e0 l'autorisation de cr\u00e9er \nun semi-internat de 9 places par diminution de 9 places d'internat, portant la capacit\u00e9 \ntotale comme suit : \n\u27a2 61 places d'internat \n\u27a2 9 places d'externat \nAgence R\u00e9gionale de Sant\u00e9 - IDF-2025-05-20-00003 - Arr\u00eat\u00e9 2025-232 portant modification de l'arr\u00eat\u00e9 2024-290 portant autorisation\nd'extension de capacit\u00e9 de 226 \u00e0 247 places du P\u00f4le enfance \u00e0 Roissy-en-Brie par extension de 11 places de la plateforme de services\ncoordonn\u00e9es et cr\u00e9ation d'une Unit\u00e9 d'Enseignement El\u00e9mentaire Autisme (UEEA) de 10 places g\u00e9r\u00e9 par l'association de la Fondation\ndes Amis de l'Atelier\n15\nPage 2 sur 4 \n \n \nVU  l'arr\u00eat\u00e9 pr\u00e9fectoral n\u00b02007 -1163 en date du 17 octobre 2007, autorisant le transfert de \ngestion de l 'INSTITUT MEDICO EDUCATIF situ\u00e9  rue Joseph Bodin de Boismortier \u2013 \n77680 ROISSY EN BRIE, au profit de l'Association \u00ab Les Amis de l'Atelier \u00bb sise 17, rue \nde l'\u00e9galit\u00e9 \u2013 92290 CHATENAY-MALABRY ;  \n \nVU  l'arr\u00eat\u00e9 n\u00b02023-235 du 23 ao\u00fbt 2023 portant autorisation de fonctionnement en plateforme \nde l'\u00e9tablissement P\u00f4le enfance de la Fondation des Amis de l'Atelier et de l'extension de \ncapacit\u00e9 de la plateforme de 174 \u00e0 226 places ;  \n \nVU  l'avis de l'appel \u00e0 manifestation d'i nt\u00e9r\u00eat Plan Inclus 'IF 2030 visant au d\u00e9ploiement de \nsolutions nouvelles pour l'inclusion des personn es en situation de handicap en \u00ce le-de-\nFrance publi\u00e9 le 6 novembr e 2023 sur le site de l'Agence r\u00e9gionale de s ant\u00e9 \u00ce le-de-\nFrance ; \n \nVU    l'avis de r\u00e9sultats de l'appel \u00e0 manifestation d'int\u00e9r\u00eat pour le d\u00e9ploiement de solutions \u00e0 \ndestination des personnes en situation de handicap en \u00ce le-de-France, dans le cadre du \nPlan Inclus'IF 2030 publi\u00e9 le 11 avril 2024 ;  \n \nVU l'arr\u00eat\u00e9 n\u00b02024-290 du 13/09/2024 portant autorisation d'extension de capacit\u00e9 de 226 \u00e0 \n247 places du P\u00f4le enfance, par extension de 11 places de la plateforme de services \ncoordonn\u00e9s et cr\u00e9ation d'une Unit\u00e9 d'Enseignement El\u00e9mentaire Autisme (UEEA) de 10 \nplaces . \n \nCONSID\u00c9RANT    que le projet r\u00e9pond \u00e0 un besoin de d\u00e9veloppement de l'offre m\u00e9dico- sociale  \n                               identifi\u00e9 sur le d\u00e9partement de Seine-et-Marne ; \n \nCONSID\u00c9RANT  que dans l'attente de l'aboutissement de la r\u00e9flexion d'une sectorisation \ng\u00e9ographique men\u00e9e dans le cadre de la d\u00e9marche r\u00e9ponse accompagn\u00e9e, \nla liste des communes d\u00e9clar\u00e9es par la Fondation des Amis de l'Atelier \nd\u00e9pos\u00e9e conjointement avec la fiche de demand e d'autorisation est \nconsid\u00e9r\u00e9e comme composant le territoire prioritaire d'intervention de la \nstructure ; \n \nCONSID\u00c9RANT   que le projet est compatible avec les objectifs et r\u00e9pond aux besoins sociaux  \net m\u00e9dico-sociaux fix\u00e9s par le sch\u00e9ma r\u00e9gional de sant\u00e9 ; \n \nCONSID\u00c9RANT   qu'il satisfait aux r\u00e8gles d'organisation et de fonctionnement pr\u00e9vues par le \ncode de l'action sociale et des familles ; \n \n  CONSID\u00c9RANT    qu'il pr\u00e9sente un co\u00fbt de fonctionnement en ann\u00e9e pleine compatible avec le  \nPRIAC Ile-de-France et avec le montant de l'une des dotations mentionn\u00e9es \n\u00e0 l'article L. 314-3 du code de l'action sociale et des familles ; \n \nCONSID\u00c9RANT  que l'Agence r\u00e9gionale de sant\u00e9 \u00cele -de-France dispose pour ce projet des \ncr\u00e9dits n\u00e9cessaires \u00e0 sa mise en oeuvre \u00e0 hauteur de 584 498 \u20ac pour \nl'extension de la plateforme \u00ab P\u00f4le enfance \u00bb et 154 000 \u20ac pour la cr\u00e9ation de \nl'UEEA ; \n \nCONSID\u00c9RANT    que le pr\u00e9sent arr\u00eat\u00e9 annule et remplace l'arr\u00eat\u00e9 n\u00b02024-290 comportant une       \nerreur sur le nombre de places \u00e0 l'article 4.  \n \nARR\u00caT\u00c9  \n \nARTICLE 1er :     Le nombre de places autoris\u00e9es est modifi\u00e9 \u00e0 247 places. \nAgence R\u00e9gionale de Sant\u00e9 - IDF-2025-05-20-00003 - Arr\u00eat\u00e9 2025-232 portant modification de l'arr\u00eat\u00e9 2024-290 portant autorisation\nd'extension de capacit\u00e9 de 226 \u00e0 247 places du P\u00f4le enfance \u00e0 Roissy-en-Brie par extension de 11 places de la plateforme de services\ncoordonn\u00e9es et cr\u00e9ation d'une Unit\u00e9 d'Enseignement El\u00e9mentaire Autisme (UEEA) de 10 places g\u00e9r\u00e9 par l'association de la Fondation\ndes Amis de l'Atelier\n16\nPage 3 sur 4 \n \nARTICLE 2e :      L'autorisation visant \u00e0 l'extension de capacit\u00e9 de : \n- 11 places de la plateforme \u00ab P\u00f4le enfance \u00bb sise rue Joseph de Boismortier \n\u00e0 Roissy-en-Brie (77680) destin\u00e9es \u00e0 accueillir des enfants \u00e2g\u00e9s de 0 \u00e0 20 ans \npr\u00e9sentant des troubles du neuro-d\u00e9veloppement est accord\u00e9e \u00e0 la Fondation \ndes Amis de l'Atelier, \n- 10 places de la plateforme \u00ab  P\u00f4le enfance  \u00bb, par cr\u00e9ation d'une Unit\u00e9 \nd'Enseignement El\u00e9mentaire Autisme (UEEA) pour enfants \u00e2g\u00e9s de 6 \u00e0 11 ans \nest accord\u00e9e \u00e0 la Fondation des Amis de l'Atelier.  \n \n  ARTICLE 3e :     La capacit\u00e9 totale de cet \u00e9tablissement est dor\u00e9navant de 247 places destin\u00e9es \n\u00e0 des enfants \u00e2g\u00e9s de 0 \u00e0 20 ans  pr\u00e9sentant des troubles du neuro -\nd\u00e9veloppement. Cette structure peut assurer l'ensemble des modalit\u00e9s \nd'accueil et d'accompagnement pr\u00e9vu es au dernier alin\u00e9a du I de l'article L. \n312-1 du code de l'action sociale et des familles. \n \nARTICLE 4e :  Conform\u00e9ment aux termes du dernier alin\u00e9a du I de l'article D. 312-0-3 du code \nde l'action sociale et des familles, a ucune sp\u00e9cialisation n'exclut la prise en \ncharge de personnes pr\u00e9sentant des troubles associ\u00e9s \u00e0 ceux qui font l'objet \nde la pr\u00e9sente autorisation. \n \nARTICLE 5e :  Cette structure est r\u00e9pertori\u00e9e dans le Fichier National des Etablissements \nSanitaires et Sociaux (FINESS) de la fa\u00e7on suivante : \n \n \nN\u00b0 FINESS de l'\u00e9tablissement principal : 77 069 030 3 \nAdresse : rue Joseph Bodin de Boismortier \u2013 77680 Roissy-en-Brie \nPlaces : 247 \n \nCode cat\u00e9gorie : [183] - Institut m\u00e9dico-\u00e9ducatif \n \nCode discipline : [844] - Tous projets \u00e9ducatifs, p\u00e9dagogiques et th\u00e9rapeutiques \n \nCode fonctionnement (type d'activit\u00e9) : [48] - Tous modes d'accueil et d'accompagnement \n \nCode client\u00e8le : [10] Toutes d\u00e9ficiences \n                          [117] \u2013 D\u00e9ficience intellectuelle \n                          [206] \u2013 Handicap Psychique \n                          [207] \u2013 Handicap cognitif sp\u00e9cifique \n                          [437] \u2013 Troubles du spectre de l'autisme \n \nN\u00b0 FINESS de l'\u00e9tablissement secondaire : 77 001 737 4 \nAdresse : 6 rue du jeu de Paume - 77200 Torcy \n \nN\u00b0FINESS de l'\u00e9tablissement secondaire : 77 002 138 4 \nAdresse : 32 boulevard Robert Triboust \u2013 77700 Serris \n \nN\u00b0 FINESS du gestionnaire : 92 000 141 9 \n         Code statut : 63 (Fondation) \n \n \nCode MFT : 57 Tarification globalis\u00e9e dans le cadre d'un CPOM \n \n  \nAgence R\u00e9gionale de Sant\u00e9 - IDF-2025-05-20-00003 - Arr\u00eat\u00e9 2025-232 portant modification de l'arr\u00eat\u00e9 2024-290 portant autorisation\nd'extension de capacit\u00e9 de 226 \u00e0 247 places du P\u00f4le enfance \u00e0 Roissy-en-Brie par extension de 11 places de la plateforme de services\ncoordonn\u00e9es et cr\u00e9ation d'une Unit\u00e9 d'Enseignement El\u00e9mentaire Autisme (UEEA) de 10 places g\u00e9r\u00e9 par l'association de la Fondation\ndes Amis de l'Atelier\n17\nPage 4 sur 4 \n \n \nARTICLE 6e :  Conform\u00e9ment aux dispositions de  l'article D. 313 -12-1 du code de l'action \nsociale et des familles, la pr\u00e9sente autorisation est valable sous r\u00e9serve de la \ntransmission, aux autorit\u00e9s comp\u00e9tentes, avant la date d'entr\u00e9e en service de \nla nouvelle capacit\u00e9 autoris\u00e9e, d'une d\u00e9claration sur l'honneur attestant de la \nconformit\u00e9 de l'\u00e9tablissement ou du service aux conditions techniques \nminimales d'organisation et de fonctionnement mentionn\u00e9es au II de l'article \nL. 312-1 du m\u00eame code. \n \nARTICLE 7e :    Elle est caduque en l'absence d'ouverture au public de l'\u00e9tablissement ou du  \nservice dans un d\u00e9lai de six mois  suivant la notification de la d\u00e9cision \nd'autorisation conform\u00e9ment aux articles L . 313-1 et D . 313-7-2 du code de \nl'action sociale et des familles. \n \nARTICLE 8e :    Tout changement important dans l'activit\u00e9, l'installation, l'organisation, la \ndirection ou le fonctionnement de l'\u00e9tablissement ou du service doit \u00eatre port\u00e9 \n\u00e0 la connaissance de l'autorit\u00e9 comp\u00e9tente. \n \nARTICLE 9e :   Un recours contre le pr\u00e9sent arr\u00eat\u00e9 peut \u00eatre form\u00e9 devant le tribunal \nadministratif comp\u00e9tent dans un d\u00e9lai de deux mois \u00e0 compter de sa notification \nou, pour les tiers, \u00e0 compter de sa publication.   \n \nARTICLE 10e :   La directrice de la d\u00e9l\u00e9gation d\u00e9partementale de Seine-et-Marne de l'Agence \nr\u00e9gionale de sant\u00e9 \u00cele-de-France est charg\u00e9e de l'ex\u00e9cution du pr\u00e9sent arr\u00eat\u00e9  \nqui sera publi\u00e9 au recueil des actes administratifs de la R\u00e9gion \u00cele-de-France. \n \n \n \n \n \n  \n Fait \u00e0 Lieusaint, le 20 mai 2025  \n \n \n \n H\u00e9l\u00e8ne MARIE \n Directrice de la d\u00e9l\u00e9gation d\u00e9partementale \n                                                                               de Seine-et-Marne \n \n \nAgence R\u00e9gionale de Sant\u00e9 - IDF-2025-05-20-00003 - Arr\u00eat\u00e9 2025-232 portant modification de l'arr\u00eat\u00e9 2024-290 portant autorisation\nd'extension de capacit\u00e9 de 226 \u00e0 247 places du P\u00f4le enfance \u00e0 Roissy-en-Brie par extension de 11 places de la plateforme de services\ncoordonn\u00e9es et cr\u00e9ation d'une Unit\u00e9 d'Enseignement El\u00e9mentaire Autisme (UEEA) de 10 places g\u00e9r\u00e9 par l'association de la Fondation\ndes Amis de l'Atelier\n18\nAgence R\u00e9gionale de Sant\u00e9\nIDF-2025-05-20-00004\nArr\u00eat\u00e9 2025-233 portant modification de l'arr\u00eat\u00e9\n2024-339 portant autorisation d'extension de\ncapacit\u00e9 de 382 \u00e0 393 places au profit de\nl'\u00e9tablissement fonctionnant en plateforme de\nservices coordonn\u00e9es dit P-PIT \u00e0\nDammarie-les-Lys g\u00e9r\u00e9e par la Fondation Ellen\nPoidatz\nAgence R\u00e9gionale de Sant\u00e9 - IDF-2025-05-20-00004 - Arr\u00eat\u00e9 2025-233 portant modification de l'arr\u00eat\u00e9 2024-339 portant autorisation\nd'extension de capacit\u00e9 de 382 \u00e0 393 places au profit de l'\u00e9tablissement fonctionnant en plateforme de services coordonn\u00e9es dit\nP-PIT \u00e0 Dammarie-les-Lys g\u00e9r\u00e9e par la Fondation Ellen Poidatz\n19\nExREPUBLIQUEFRAN\u00c7AISELibert\u00e9Egalit\u00e9Fraternit\u00e9\ne \u00bb Agence R\u00e9gionale de Sant\u00e9Ile-de-France\n \n \n \n \n \n \n \n \nAGENCE R\u00c9GIONALE DE SANT\u00c9 \u00ceLE-DE-FRANCE \n                                                           ARR\u00caT\u00c9 N\u00b0 2025 \u2013 233  \n \nportant modification de l'arr\u00eat\u00e9 N\u00b02024-339 \n \n  portant autorisation d'extension de capacit\u00e9 de 382 \u00e0 393 places  \nau profit de l'\u00e9tablissement fonctionnant en plateforme de services coordonn\u00e9s dit P-PIT,  \nsise 911, avenue Foch \u00e0 Dammarie-l\u00e8s-Lys (77190),  \n \ng\u00e9r\u00e9e par la Fondation Ellen Poidatz.  \n \n \n \nLE DIRECTEUR G\u00c9N\u00c9RAL DE L'AGENCE R\u00c9GIONALE DE SANT\u00c9 \u00ceLE-DE-FRANCE \n \nVU le code de l'action sociale et des familles et notamment les article s L. 312 -1, L. 313 -1,      \nL. 314-3 et suivants ; \n \nVU        le d\u00e9cret du 10 avril 2024 portant nomination de Monsieur Denis ROBIN, Directeur g\u00e9n\u00e9ral \nde l'Agence r\u00e9gionale de sant\u00e9 \u00cele-de-France \u00e0 compter du 29 avril 2024 ; \n \nVU l'arr\u00eat\u00e9 DS N\u00b0070/2024 du 29 avril 2024 portant d\u00e9l\u00e9gation de signature \u00e0 Madame \nSt\u00e9phanie TALBOT, Directrice de l'autonomie ; \n \n  VU       la d\u00e9cision de d\u00e9l\u00e9gation de signature du Directeur G\u00e9n\u00e9ral de l 'ARS vers Madame \nH\u00e9l\u00e8ne MARIE, la directrice de la d\u00e9l\u00e9gation d\u00e9partementale de Seine-et-Marne en date \ndu 29 avril 2024 ; \n \nVU l'arr\u00eat\u00e9 n\u00b0 DIRNOV-2023/08 de la Directrice g\u00e9n\u00e9rale de l'Agence r\u00e9gionale de sant\u00e9 \u00cele-\nde-France en date du 26 octobre 2023 portant adoption du cadre d'orientation strat\u00e9gique \n2018-2028 du projet r\u00e9gional de sant\u00e9 d'\u00cele-de-France ; \n \nVU l'arr\u00eat\u00e9 n\u00b0 DIRNOV-2023/09 de la Directrice g\u00e9n\u00e9rale de l'Agence r\u00e9gionale de sant\u00e9 \u00cele-\nde-France en date du 26 octobre 2023 portant adoption du sch\u00e9ma r\u00e9gional de sant\u00e9 \n2023-2028 du projet r\u00e9gional de sant\u00e9 d'\u00ce le-de-France, modifi\u00e9 par l'arr\u00eat\u00e9 n\u00b0DIRNOV-\n2023/09 en date du 12 janvier 2024 ; \n \nVU l'arr\u00eat\u00e9 n\u00b0 2023-346 de la Directrice g\u00e9n\u00e9rale de l'Agence r\u00e9gionale de sant\u00e9 \u00cele-de-France \nen date du 4 d\u00e9cembre 2023 \u00e9tablissant le programme interd\u00e9partemental \nd'accompagnement des handicaps et de la perte d'autonomie (PRIAC) 2023-2027 pour la \nr\u00e9gion \u00cele-de-France ; \n \nVU l'arr\u00eat\u00e9 n\u00b0 88 -2023 portant autorisation de regroupement des Instituts M\u00e9dico -Educatif \n(IME) la Sittelle, le Reverdi, et des Services d'Education Sp\u00e9ciale et de Soins \u00e0 Domicile \n(SESSAD) l'Espar et l'Eveil et fonctionnement en plateforme Parcours Inclusion et \nTerritoire \u00ab P-PIT \u00bb, au profit de l'IME l'Envol\u00e9e sis 911 avenue Foch \u00e0 Dammarie-l\u00e8s-Lys \n(77190) et d'une extension de 366 \u00e0 370 places au profit de cette plateforme g\u00e9r\u00e9e par la \nFondation Ellen Poidatz dont le si\u00e8ge social est situ\u00e9 1, route de la Gland\u00e9e 77930 Chailly-\nen-Bi\u00e8re ; \n \nAgence R\u00e9gionale de Sant\u00e9 - IDF-2025-05-20-00004 - Arr\u00eat\u00e9 2025-233 portant modification de l'arr\u00eat\u00e9 2024-339 portant autorisation\nd'extension de capacit\u00e9 de 382 \u00e0 393 places au profit de l'\u00e9tablissement fonctionnant en plateforme de services coordonn\u00e9es dit\nP-PIT \u00e0 Dammarie-les-Lys g\u00e9r\u00e9e par la Fondation Ellen Poidatz\n20\n       2 \n \nVU le contrat pluriannuel d'objectifs et de moyens 2020-2024 en date du 19 d\u00e9cembre 2019 \nconclu entre la Fondation Ellen Poidatz, la d\u00e9l\u00e9gation d\u00e9partementale de l'Agence \nr\u00e9gionale de sant\u00e9 de Seine-et-Marne et le Conseil d\u00e9partemental de Seine-et-Marne ; \n \n \nVU l'arr\u00eat\u00e9 n\u00b02024-283 portant autorisation d'extension de capacit\u00e9 de 370 \u00e0 382 places pour \nun dispositif de r\u00e9pit et la cr\u00e9ation d'un dispositif d'autor\u00e9gulation (DAR) ; \n \nVU  l'avis de l'Appel \u00e0 Manifestation d'Int\u00e9r\u00eat Plan Inclusif 2030 visant au d\u00e9ploiement de \nsolutions nouvelles pour l'inclusion des personnes en situation de handicap en \u00cele-de-\nFrance publi\u00e9 le 6 novembre 2023 ; \n \nVU    l'avis de r\u00e9sultats de l'appel \u00e0 manifestation d'int\u00e9r\u00eat pour le d\u00e9ploiement de solutions \u00e0 \ndestination des personnes en situation de handicap en \u00cele-de-France, dans le cadre du \nPlan Inclus'IF 2030 publi\u00e9 le 11 avril 2024 ;  \n \n  VU       l'arr\u00eat\u00e9 n\u00b02024-339 du 25/10/2024 portant autorisation d'extension de capacit\u00e9 de 382 \u00e0 \n393 places au profit de l'\u00e9tablissement fonctionnant en plateforme de services coordonn\u00e9s \ndit P-PIT, g\u00e9r\u00e9e par la Fondation Ellen Poidatz. \n \nCONSID\u00c9RANT        que le projet r\u00e9pond \u00e0 un besoin de d\u00e9veloppement de l'offre m\u00e9dicosociale \nidentifi\u00e9 sur le d\u00e9partement de Seine-et-Marne ; \n \n  CONSID\u00c9RANT     que dans l 'attente de l 'aboutissement de la r \u00e9flexion d 'une sectorisation  \ng\u00e9ographique men \u00e9e dans le cadre de la d \u00e9marche RA (R \u00e9ponse \naccompagn\u00e9e), la liste des  communes d \u00e9clar\u00e9es par la Fondation Ellen  \nPoidatz d\u00e9pos\u00e9e conjointement avec la fiche de demande d'autorisation est \nconsid\u00e9r\u00e9e comme composant le territoire prioritaire d 'intervention de  la \nstructure ; \n \n  CONSID\u00c9RANT        que l'autorisation pr\u00e9c\u00e9dente incluait trois dispositifs sp \u00e9cifiques de r \u00e9pit : \n(Tremplin en milieu ordinaire, Toboggan en accueil de jour, Oxyg \u00e8ne en  \nh\u00e9bergement) qu'il est n\u00e9cessaire d'identifier dans cette plateforme ; \n \nCONSID\u00c9RANT       que l'op\u00e9ration retenue dans le cadre de la r \u00e9ponse \u00e0 l'AMI est destin\u00e9e \u00e0 \naccueillir un public pr \u00e9sentant des d \u00e9ficiences de type troubles du \nneurod\u00e9veloppement dits TND (soit d \u00e9ficient intellectuel, Dys cognitif \nsp\u00e9cifique et/ou TSA) ; \n \n  CONSID\u00c9RANT        qu'il est compatible avec les objectifs et r \u00e9pond aux besoins sociaux et  \nm\u00e9dico-sociaux fix\u00e9s par le sch\u00e9ma r\u00e9gional de sant\u00e9 ; \n \nCONSID\u00c9RANT        qu'il satisfait aux r\u00e8gles d'organisation et de fonctionnement pr\u00e9vues par le \ncode de l'action sociale et des familles ; \n \n  CONSID\u00c9RANT        que ces extensions pr\u00e9sentent un co\u00fbt de fonctionnement en ann\u00e9e pleine \ncompatible avec le PRIAC \u00cele-de-France et avec le montant de l 'une des \ndotations mentionn\u00e9es \u00e0 l'article L. 314-3 du code de l'action sociale et des \nfamilles ; \n \nCONSIDERANT         que l'Agence r\u00e9gionale de sant\u00e9 \u00cele-de-France dispose pour ce projet \n                                     d'extension, des cr \u00e9dits n \u00e9cessaires \u00e0 sa mise en oeuvre \u00e0 hauteur \nde  584  504 \u20ac  au titre des cr\u00e9dits CNH ; \n \nAgence R\u00e9gionale de Sant\u00e9 - IDF-2025-05-20-00004 - Arr\u00eat\u00e9 2025-233 portant modification de l'arr\u00eat\u00e9 2024-339 portant autorisation\nd'extension de capacit\u00e9 de 382 \u00e0 393 places au profit de l'\u00e9tablissement fonctionnant en plateforme de services coordonn\u00e9es dit\nP-PIT \u00e0 Dammarie-les-Lys g\u00e9r\u00e9e par la Fondation Ellen Poidatz\n21\n       3 \n \nCONSID\u00c9RANT           que le pr\u00e9sent arr\u00eat\u00e9 annule et remplace l'arr\u00eat\u00e9 2024-339 comportant une \nerreur sur le nombre de places autoris\u00e9es dans l'article 4. \n \n \nARR\u00caTE  \n \nARTICLE 1er :   Le nombre de places autoris\u00e9es est modifi\u00e9 \u00e0 393 places.        \n \nARTICLE 2e : L'autorisation visant \u00e0 l'extension de 11 places de la plateforme de services  \ncoordonn\u00e9s P-PIT, destin\u00e9es \u00e0 accueillir des enfants et jeunes adultes \u00e2g\u00e9s de 0 \u00e0 \n20 ans est accord\u00e9e \u00e0 la Fondation Ellen Poidatz dont le si\u00e8ge social est situ\u00e9 au 1, \nroute de la Gland\u00e9e 77930 Chailly-en-Bi\u00e8re.        \n \n \nARTICLE 3e : La capacit\u00e9 totale de cet \u00e9tablissement est dor\u00e9navant de 393 places destin\u00e9es \u00e0 des     \nenfants et jeunes adultes pr\u00e9sentant des troubles du neuro d\u00e9veloppement \ncomprenant une d\u00e9ficience intellectuelle, et/ou des troubles du spectre de l'autisme \net/ou un handicap psychique et/ou des troubles cognitifs sp\u00e9cifiques associ\u00e9s et \nr\u00e9parties comme suit : \n \n\u2022 10 places pour un dispositif d'auto-r\u00e9gulation (DAR) ; \n\u2022 383 places fonctionnant en plateforme de services coordonn\u00e9s, \ntoutes modalit\u00e9s d'accueil. \n \n \nARTICLE 4e : Conform\u00e9ment aux termes du dernier alin\u00e9a du I de l'article D. 312 -03 du code de \nl'action sociale et des familles, aucune sp\u00e9cialisation n'exclut la prise en charge de \npersonnes pr\u00e9sentant des troubles associ\u00e9s \u00e0 ceux qui font l'objet de la pr\u00e9sente \nautorisation. \n \n \nARTICLE 5e : Cette structure est r\u00e9pertori\u00e9e dans le Fichier National des Etablissements Sanitaires \net Sociaux (FINESS) de la fa\u00e7on suivante : \n \nN\u00b0 FINESS de l'\u00e9tablissement principal : 77 069 020 4 \nAdresse : 911 avenue Foch \u00e0 Dammarie-l\u00e8s-Lys (77190) \n \n \nCode cat\u00e9gorie : \n[183] \u2013  Institut M\u00e9dico-Educatif (I.M.E) \nCode discipline :  \n \n \n[844] \u2013  Tous projets \u00e9ducatifs, p\u00e9dagogiques et \nth\u00e9rapeutiques \n \nCode \nfonctionnement :  \n(Mode \nd'accueil)  \n \nCode client\u00e8le :   \n \n \n[48] \u2013 Tous modes d'accompagnement et d'accueil \n \n \n \n[10] Toutes d\u00e9ficiences \n[117] \u2013 D\u00e9ficience intellectuelle \n[206] \u2013 Handicap Psychique \n[207] \u2013 Handicap cognitif sp\u00e9cifique \n[437] \u2013 Troubles du spectre de l'autisme \n \nAgence R\u00e9gionale de Sant\u00e9 - IDF-2025-05-20-00004 - Arr\u00eat\u00e9 2025-233 portant modification de l'arr\u00eat\u00e9 2024-339 portant autorisation\nd'extension de capacit\u00e9 de 382 \u00e0 393 places au profit de l'\u00e9tablissement fonctionnant en plateforme de services coordonn\u00e9es dit\nP-PIT \u00e0 Dammarie-les-Lys g\u00e9r\u00e9e par la Fondation Ellen Poidatz\n22\n       4 \n \n \nCapacit\u00e9 totale autoris\u00e9e : 393 places \n \n \nN\u00b0 FINESS de l'\u00e9tablissement secondaire : 77 002 256 4 \n  Adresse : 7 all\u00e9e du Reverdi \u00e0 Vert-Saint-Denis (77240) \n  \nN\u00b0 FINESS de l'\u00e9tablissement secondaire : 77 002 257 2 \nAdresse : 1 route de la Gland\u00e9e \u00e0 Chailly-en-Bi\u00e8re (77930) \n \nN\u00b0 FINESS de l'\u00e9tablissement secondaire : 77 069 002 2 \nAdresse : 2 rue Anne-Marie Javouhey \u00e0 Fontainebleau (77300) \n  \nN\u00b0 FINESS de l'\u00e9tablissement secondaire : 77 001 660 8 \nAdresse : 32 rue de Neuville \u00e0 Fontainebleau (77300) \n  \nN\u00b0 FINESS de l'\u00e9tablissement secondaire : 77 002 100 4 \nAdresse : 11 rue Kecker \u00e0 Montereau-Fault-Yonne (77130) \n  \nN\u00b0 FINESS de l'\u00e9tablissement secondaire : 77 069 019 6 \nAdresse : 2 all\u00e9e du Reverdi \u00e0 Vert-Saint-Denis (77240) \n \nN\u00b0 FINESS de l'\u00e9tablissement secondaire : 77 081 596 7 \nAdresse : 24 rue du Colonel Picot \u00e0 Melun (77000) \n  \nN\u00b0 FINESS de l'\u00e9tablissement secondaire : 77 000 981 9 \nAdresse : 59 avenue Charles Monier \u00e0 Cesson (77240) \n \nN\u00b0 FINESS du gestionnaire : 77 070 002 9 \nCode statut : 63 (Fondation) \n \n \nCode mode de fixation des tarifs : 57 Tarification globalis\u00e9e dans le cadre d'un CPOM \n \n \nARTICLE 6e : Conform\u00e9ment \u00e0 l'article D 313 -12-1 du code de l'action sociale et des familles, la \npr\u00e9sente autorisation est valable sous r\u00e9serve de la transmission \u00e0 l'autorit\u00e9 \ncomp\u00e9tente, avant la date d'entr\u00e9e en service de la nouvelle capacit\u00e9 autoris\u00e9e, d'une \nd\u00e9claration sur l'honneur attestant de la conformit\u00e9 de l'\u00e9tablissement aux conditions \ntechniques minimales d'organisation et de fonctionnement  mentionn\u00e9es au II de \nl'article L 312-1 du m\u00eame code. \n \nARTICLE 7e : La pr\u00e9sente autorisation est caduque en l'absence d'ouverture au public de \nl'\u00e9tablissement dans un d\u00e9lai de deux ans suivant la notification de la d\u00e9cision \nd'autorisation conform\u00e9ment aux articles L. 313 -1 et D. 313 -7-2 du code de l'action \nsociale et des familles. \n \nARTICLE 8e : Tout changement important dans l'activit\u00e9, l'installation, l'organisation, la direction ou \nle fonctionnement de l'\u00e9tablissement ou du service doit \u00eatre port\u00e9 \u00e0 la connaissance \nde l'autorit\u00e9 comp\u00e9tente. \n \nARTICLE 9e : Un recours contre le pr\u00e9sent arr\u00eat\u00e9 peut \u00eatre form\u00e9 devant le tribunal administratif \ncomp\u00e9tent dans un d\u00e9lai de deux mois \u00e0 compter de sa notification ou, pour les tiers, \n\u00e0 compter de sa publication.  \n \nAgence R\u00e9gionale de Sant\u00e9 - IDF-2025-05-20-00004 - Arr\u00eat\u00e9 2025-233 portant modification de l'arr\u00eat\u00e9 2024-339 portant autorisation\nd'extension de capacit\u00e9 de 382 \u00e0 393 places au profit de l'\u00e9tablissement fonctionnant en plateforme de services coordonn\u00e9es dit\nP-PIT \u00e0 Dammarie-les-Lys g\u00e9r\u00e9e par la Fondation Ellen Poidatz\n23\n       5 \n \nARTICLE 10e :  La d irectrice de la d\u00e9l\u00e9gation d\u00e9partementale de Seine-et-Marne de l'Agence \nr\u00e9gionale de sant\u00e9 \u00cele-de-France est charg\u00e9e de l'ex\u00e9cution du pr\u00e9sent arr\u00eat\u00e9 qui sera \npubli\u00e9 aux recueils des act es administratifs de la R\u00e9gion \u00ce le-de-France et du \nD\u00e9partement de Seine-et-Marne. \n \n \n \n \n \n        Fait \u00e0 Lieusaint, 20 mai 2025  \n \n \n   \n               Directrice de la d\u00e9l\u00e9gation \n                                                                                             D\u00e9partementale de l'ARS \n                                                                                             De Seine-et-Marne \n \n \n                                                                                             H\u00e9l\u00e8ne MARIE \n \n \nAgence R\u00e9gionale de Sant\u00e9 - IDF-2025-05-20-00004 - Arr\u00eat\u00e9 2025-233 portant modification de l'arr\u00eat\u00e9 2024-339 portant autorisation\nd'extension de capacit\u00e9 de 382 \u00e0 393 places au profit de l'\u00e9tablissement fonctionnant en plateforme de services coordonn\u00e9es dit\nP-PIT \u00e0 Dammarie-les-Lys g\u00e9r\u00e9e par la Fondation Ellen Poidatz\n24\nAgence R\u00e9gionale de Sant\u00e9\nIDF-2025-08-21-00012\nArr\u00eat\u00e9 n\u00b0 2025 - 29\nPortant programmation des \u00e9valuations de la\nqualit\u00e9 des \u00e9tablissements et services sociaux et\nm\u00e9dico-sociaux relevant du b) de l'article L. 313-3\ndu code de l'action sociale et des familles\npour les ann\u00e9es 2025 \u00e0 2029, conform\u00e9ment aux\narticles L. 312-8 et D. 312-204 du m\u00eame code\nAgence R\u00e9gionale de Sant\u00e9 - IDF-2025-08-21-00012 - Arr\u00eat\u00e9 n\u00b0 2025 - 29\nPortant programmation des \u00e9valuations de la qualit\u00e9 des \u00e9tablissements et services sociaux et\nm\u00e9dico-sociaux relevant du b) de l'article L. 313-3 du code de l'action sociale et des familles\npour les ann\u00e9es 2025 \u00e0 2029, conform\u00e9ment aux articles L. 312-8 et D. 312-204 du m\u00eame code\n25\nExREPUBLIQUEFRAN\u00c7AISELibert\u00e9Egalit\u00e9Fraternit\u00e9\n\u00a9 \u00bb Agence R\u00e9gionale de Sant\u00e9Ile-de-France\n                                                                                                                                       \n \n \n \n \nAGENCE R\u00c9GIONALE DE SANT\u00c9 \u00ceLE-DE-FRANCE \nARR\u00caT\u00c9 N\u00b0 2025 - 29 \nPortant programmation des \u00e9valuations de la qualit\u00e9 des \u00e9tablissements et services sociaux et \nm\u00e9dico-sociaux relevant du b) de l'article L. 313 -3 du code de l'action sociale et d es familles \npour les ann\u00e9es 2025 \u00e0 2029, conform\u00e9ment aux articles L. 312-8 et D. 312-204 du m\u00eame code \n \nLE DIRECTEUR G\u00c9N\u00c9RAL DE L'AGENCE R\u00c9GIONALE DE SANT\u00c9 D'\u00ceLE-DE-FRANCE \n \nVU le code de l'action sociale et des familles, notamment ses articles L. 312 -1, L. 312-8, L.313-1 et \nD. 312-204 ; \nVU le d\u00e9cret n\u00b0 2021-1476 du 12 novembre 2021 relatif au rythme des \u00e9valuations de la qualit\u00e9 des \n\u00e9tablissements et services sociaux et m\u00e9dico-sociaux ; \nVU le d\u00e9cret n\u00b0 2022-695 du 26 avril 2022 modifiant le d\u00e9cret n\u00b0 2021-1476 du 12 novembre 2021 \nrelatif au rythme des \u00e9valuations de la qualit\u00e9 des \u00e9tablissements et services sociaux et m\u00e9dico -\nsociaux. \n \n \nARR\u00caTE \n \nARTICLE 1er : \nLa programmation pluriannuelle pr\u00e9vue \u00e0 l'article D. 312-204 du code de l'action sociale et des familles \ndes \u00e9ch\u00e9ances pr\u00e9visionnelles de transmission, \u00e0 l'autorit\u00e9 en charge de leur autorisation, des rapports \nd'\u00e9valuation des \u00e9tablissements et services  sociaux et m\u00e9dico -sociaux dont l'autorisation est d\u00e9livr\u00e9e \nconform\u00e9ment au b) de l'article L. 313-3 du m\u00eame code est annex\u00e9e au pr\u00e9sent arr\u00eat\u00e9. \n \n \nARTICLE 2 :  \nConform\u00e9ment \u00e0 l'article 2 du d\u00e9cret n\u00b0 2021-1476 du 12 novembre 2021 modifi\u00e9 relatif au rythme des \n\u00e9valuations de la qualit\u00e9 des services et \u00e9tablissements sociaux et m\u00e9dico-sociaux, la programmation \npr\u00e9vue \u00e0 l'article 1er porte sur la p\u00e9riode du 1er janvier 2025 au 31 d\u00e9cembre 2029. \n \nCette programmation peut \u00eatre modifi\u00e9e notamment pour tenir compte de changements  intervenus \ndans la situation des \u00e9tablissements et services concern\u00e9s. \n \n \nARTICLE 3 :  \nLe pr\u00e9sent arr\u00eat\u00e9 est susceptible de faire l'objet d'un recours contentieux devant le Tribunal \nadministratif comp\u00e9tent dans un d\u00e9lai de deux mois \u00e0 compter de sa publication. Il est \u00e9galement \nsusceptible de faire l'objet d'un recours administratif pr\u00e9alable dans le m\u00eame d\u00e9lai . \n \n \n \n \n \nAgence R\u00e9gionale de Sant\u00e9 - IDF-2025-08-21-00012 - Arr\u00eat\u00e9 n\u00b0 2025 - 29\nPortant programmation des \u00e9valuations de la qualit\u00e9 des \u00e9tablissements et services sociaux et\nm\u00e9dico-sociaux relevant du b) de l'article L. 313-3 du code de l'action sociale et des familles\npour les ann\u00e9es 2025 \u00e0 2029, conform\u00e9ment aux articles L. 312-8 et D. 312-204 du m\u00eame code\n26\nARTICLE 4 : \nLe Directeur de la sant\u00e9 publique de l'Agence r\u00e9gionale de sant\u00e9 d'Ile -de-France est charg\u00e9 de \nl'ex\u00e9cution du pr\u00e9sent arr\u00eat\u00e9. \n \n \n \n \nFait \u00e0 Saint-Denis, le 21 ao\u00fbt 2025 \n \nLe Directeur g\u00e9n\u00e9ral \nde l'Agence r\u00e9gionale de sant\u00e9 \n\u00cele-de-France \nSIGN\u00c9 \nDenis ROBIN \n \n \n \nAgence R\u00e9gionale de Sant\u00e9 - IDF-2025-08-21-00012 - Arr\u00eat\u00e9 n\u00b0 2025 - 29\nPortant programmation des \u00e9valuations de la qualit\u00e9 des \u00e9tablissements et services sociaux et\nm\u00e9dico-sociaux relevant du b) de l'article L. 313-3 du code de l'action sociale et des familles\npour les ann\u00e9es 2025 \u00e0 2029, conform\u00e9ment aux articles L. 312-8 et D. 312-204 du m\u00eame code\n27\nREPUBLIQUEFRANCAISELibert\u00e9\u00c9galit\u00e9Fraternit\u00e9\nAr@ D Agence R\u00e9gionale de Sant\u00e9\u00cele-de-France\n                                                                                                                                       \n \n \n \n \nAnnexe  \nRelative \u00e0 la programmation du 1er janvier 2025 au 31 d\u00e9cembre 2029 de transmission des rapports d'\u00e9valuation des \u00e9tablissements sociaux ou \nm\u00e9dico-sociaux autoris\u00e9s par le directeur g\u00e9n\u00e9ral de l'agence r\u00e9gionale de sant\u00e9 \n \nAnn\u00e9e de \ntransmission \ndu rapport \nEch\u00e9ance \ntrimestrielle de \ntransmission \ndu rapport \nOrganisme gestionnaire ESMS ou ESSMS concern\u00e9s \nRaison sociale N\u00b0 FINESS \njuridique \nRaison sociale  \n(Nom de la structure) \nN\u00b0 FINESS \ng\u00e9ographique \n2025 1er trimestre CROIX-ROUGE FRAN\u00c7AISE 750721334 LHSS Croix-Rouge 910024777 \n2025 1er trimestre ASSOCIATION OPPELIA 750054157 CAARUD FREESSONNE 910010008 \n2025 1er trimestre CASH DE NANTERRE 920110020 LAM CASH NANTERRE 920038320 \n2025 1er trimestre ASSOCIATION OPPELIA 750054157 EMSP OPPELIA Centre Sud 910026277 \n2025 1er trimestre GROUPE SOS SOLIDARIT\u00c9S 750015968 EMSP Alta\u00efr 920038734 \n2025 1er trimestre GROUPE SOS SOLIDARIT\u00c9S 750015968 EMSP SOS 930031752 \n2025 1er trimestre ASSOCIATION OPPELIA 750054157 EMSP ASSOCIATION OPPELIA Rivage 950046623 \n2025 1er trimestre FONDATION MAISON DES \nCHAMPS 750815367 ESSIP Fondation Maison des champs 750070070 \nAgence R\u00e9gionale de Sant\u00e9 - IDF-2025-08-21-00012 - Arr\u00eat\u00e9 n\u00b0 2025 - 29\nPortant programmation des \u00e9valuations de la qualit\u00e9 des \u00e9tablissements et services sociaux et\nm\u00e9dico-sociaux relevant du b) de l'article L. 313-3 du code de l'action sociale et des familles\npour les ann\u00e9es 2025 \u00e0 2029, conform\u00e9ment aux articles L. 312-8 et D. 312-204 du m\u00eame code\n28\n2025 1er trimestre GROUPE SOS SOLIDARIT\u00c9S 750015968 ESSIP SOS 940029226 \n2025 1er trimestre FONDATION L\u00c9ONIE CHAPTAL 950001271 ESSIP Chaptal 950046607 \n2025 1er trimestre ASSOCIATION AURORE 750719361 CAARUD CHI ROBERT BALLANGER 930018619 \n2025 1er trimestre ASSOCIATION CIT\u00c9S CARITAS 750720591 EMSP Cit\u00e9 Caritas 770026268 \n2025 1er trimestre ASSOCIATION MAAVAR 750825804 ACT OFEK 750038788 \n2025 1er trimestre ASSOCIATION PROSES 930018668 CAARUD PROSES 930018718 \n2025 1er trimestre AP-HP  750712184 CSAPA BOUCEBCI 930812334 \n2025 1er trimestre INTERLOGEMENT 93 930031257 EMSP INTERLOGEMENT 93 930031737 \n2025 2\u00e8me trimestre FONDATION L'\u00c9LAN RETROUV\u00c9 750721391 LHSS FONDATION L'\u00c9LAN RETROUV\u00c9 780027892 \n2025 2\u00e8me trimestre ASSOCIATION AURORE 750719361 EMSP Aurore 77 770026276 \n2025 3\u00e8me trimestre ASSOCIATION CIT\u00c9S CARITAS 750720591 ACT Cit\u00e9s Caritas Argenteuil 950047928 \n2025 4\u00e8me trimestre ASSOCIATION AIDES  750024739 CAARUD AIDES 95 950009308 \n2025 4\u00e8me trimestre CROIX-ROUGE FRAN\u00c7AISE 750721334 EMSP CRF Nord et Sud 780028981 \n2025 4\u00e8me trimestre CROIX-ROUGE FRAN\u00c7AISE 750721334 EMSP CRF Ouest 920038726 \nAgence R\u00e9gionale de Sant\u00e9 - IDF-2025-08-21-00012 - Arr\u00eat\u00e9 n\u00b0 2025 - 29\nPortant programmation des \u00e9valuations de la qualit\u00e9 des \u00e9tablissements et services sociaux et\nm\u00e9dico-sociaux relevant du b) de l'article L. 313-3 du code de l'action sociale et des familles\npour les ann\u00e9es 2025 \u00e0 2029, conform\u00e9ment aux articles L. 312-8 et D. 312-204 du m\u00eame code\n29\n2025 4\u00e8me trimestre CROIX-ROUGE FRAN\u00c7AISE 750721334 EMSP CRF Nord Ouest  950046631 \n2025 4\u00e8me trimestre ASSOCIATION AURORE 750719361 EMSP Aurore 92 750070112 \n2025 4\u00e8me trimestre ASSOCIATION AURORE 750719361 EMSP Aurore 94 750070120 \n2025 4\u00e8me trimestre GIP SAMUSOCIAL DE PARIS 750040594 ACT NDBS (EMLT) 750071300 \n2025 4\u00e8me trimestre CASH DE NANTERRE 920110020 LHSS CASH de Nanterre 920003696 \n2025 4\u00e8me trimestre ASSOCIATION H\u00d4TEL SOCIAL 93 930001201 LHSS H\u00f4tel social 93 930033063 \n \n \nAnn\u00e9e de \ntransmission \ndu rapport \nEch\u00e9ance \ntrimestrielle de \ntransmission \ndu rapport \nOrganisme gestionnaire ESMS ou ESSMS concern\u00e9s \nRaison sociale N\u00b0 FINESS \njuridique \nRaison sociale \n (Nom de la structure) \nN\u00b0 FINESS \ng\u00e9ographique \n2026 1er trimestre FONDATION COGNACQ-JAY 750720468 ACT La Berlugane 750012718 \n2026 1er trimestre ASSOCIATION DIACONESSES 780017984 ACT Studio de la Tourelle 750042715 \n2026 1er trimestre ASSOCIATION AURORE  750719361 ACT Aurore 93 930007588 \n2026 1er trimestre ASSOCIATION AURORE 750719361 LHSS HSR P\u00e9rinat - MAJEURS 910026947 \n2026 2\u00e8me trimestre GIP SAMUSOCIAL DE PARIS 750040594 LAM Babinski 940017429 \nAgence R\u00e9gionale de Sant\u00e9 - IDF-2025-08-21-00012 - Arr\u00eat\u00e9 n\u00b0 2025 - 29\nPortant programmation des \u00e9valuations de la qualit\u00e9 des \u00e9tablissements et services sociaux et\nm\u00e9dico-sociaux relevant du b) de l'article L. 313-3 du code de l'action sociale et des familles\npour les ann\u00e9es 2025 \u00e0 2029, conform\u00e9ment aux articles L. 312-8 et D. 312-204 du m\u00eame code\n30\n2026 2\u00e8me trimestre ESPERER 95 950803361 LHSS ESPERER 95 950044198 \n2026 3\u00e8me trimestre FONDATION COS ALEXANDRE \nGLASBERG 750721235 ACT COS Maison Marie-Louise 750011298 \n2026 3\u00e8me trimestre ASSOCIATION OPPELIA 750001588 ACT Charonne  750804809 \n2026 3\u00e8me trimestre ASSOCIATION CIT\u00c9S CARITAS 750720591 ACT Cit\u00e9 Le Village 750002883 \n2026 3\u00e8me trimestre ASSOCIATION CORDIA PARIS 750011678 ACT Cordia Paris 750011728 \n2026 3\u00e8me trimestre ASSOCIATION EQUALIS 770023539 ACT EQUALIS 770004018 \n2026 3\u00e8me trimestre ASSOCIATION SEAY  780708293 ACT Info Soins 780004628 \n2026 3\u00e8me trimestre ASSOCIATION RELAIS ENFANTS-\nPARENTS 920005618 ACT Relais Enfants-Parents 920005659 \n2026 3\u00e8me trimestre ASSOCIATION INITIATIVES 920000072 ACT Initiatives 920005568 \n2026 3\u00e8me trimestre ASSOCIATION CIT\u00c9S CARITAS 750720591 ACT Cit\u00e9 Myriam 930007158 \n2026 3\u00e8me trimestre EMMA\u00dcS ALTERNATIVES 930017413 ACT Emma\u00fcs Alternatives 930007208 \n2026 3\u00e8me trimestre ASSOCIATION MAAVAR 750825804 ACT MAAVAR 930007489 \n2026 3\u00e8me trimestre ASSOCIATION CIT\u00c9S CARITAS 750720591 ESSIP Cit\u00e9s Caritas 77 770027480 \n2026 3\u00e8me trimestre ASSOCIATION CIT\u00c9S CARITAS 750720591 ESSIP Cit\u00e9s Caritas 78 780030920 \nAgence R\u00e9gionale de Sant\u00e9 - IDF-2025-08-21-00012 - Arr\u00eat\u00e9 n\u00b0 2025 - 29\nPortant programmation des \u00e9valuations de la qualit\u00e9 des \u00e9tablissements et services sociaux et\nm\u00e9dico-sociaux relevant du b) de l'article L. 313-3 du code de l'action sociale et des familles\npour les ann\u00e9es 2025 \u00e0 2029, conform\u00e9ment aux articles L. 312-8 et D. 312-204 du m\u00eame code\n31\n2026 3\u00e8me trimestre CROIX-ROUGE FRAN\u00c7AISE 750721334 ESSIP Croix-Rouge Fran\u00e7aise 910027507 \n2026 3\u00e8me trimestre GROUPE SOS SOLIDARIT\u00c9S 750015968 ESSIP Alta\u00efr 920042041 \n2026 3\u00e8me trimestre ASSOCIATION AURORE 750719361 EMSP P\u00e9rinatalit\u00e9 Aurore 77 770027506 \n2026 3\u00e8me trimestre GCSMS un chez soi d'abord 75 750062150 UN CHEZ SOI D'ABORD 75 750053308 \n2026 3\u00e8me trimestre ASSOCIATION AURORE  750719361 CSAPA GEORGES SAND - \nHEBERGERIE-CADENCE 770802585 \n2026 4\u00e8me trimestre ASSOCIATION AURORE 750719361 ACT Espace Rivi\u00e8re 750011819 \n2026 4\u00e8me trimestre GROUPE SOS SOLIDARIT\u00c9S  750016008 ACT Confluences 750044372 \n2026 4\u00e8me trimestre GROUPE SOS SOLIDARIT\u00c9S  750015968 ACT PARIS EST 750013658 \n2026 4\u00e8me trimestre ASSOCIATION EMPREINTES 770813475 ACT Accueil et H\u00e9bergement 770003929 \n2026 4\u00e8me trimestre ASSOCIATION DIAGONALE 910002112 ACT Diagonale  910814912 \n2026 4\u00e8me trimestre ASSOCIATION ALTA\u00cfR VESTA 920808011 ACT Alta\u00efr Vesta 920005469 \n2026 4\u00e8me trimestre ASSOCIATION OPPELIA 750054157 ACT Le Trait d'Union 920005428 \n2026 4\u00e8me trimestre GROUPE SOS SOLIDARIT\u00c9S  750015968 ACT Paris Nord 930020060 \n2026 4\u00e8me trimestre GROUPE SOS SOLIDARIT\u00c9S 750015968 ACT SOS Habitat et Soins 940004039 \nAgence R\u00e9gionale de Sant\u00e9 - IDF-2025-08-21-00012 - Arr\u00eat\u00e9 n\u00b0 2025 - 29\nPortant programmation des \u00e9valuations de la qualit\u00e9 des \u00e9tablissements et services sociaux et\nm\u00e9dico-sociaux relevant du b) de l'article L. 313-3 du code de l'action sociale et des familles\npour les ann\u00e9es 2025 \u00e0 2029, conform\u00e9ment aux articles L. 312-8 et D. 312-204 du m\u00eame code\n32\n2026 4\u00e8me trimestre ASSOCIATION AURORE 750719361 ACT Bords de l'Oise 950003699 \n2026 4\u00e8me trimestre GROUPE SOS SOLIDARIT\u00c9S 750015968 LAM Wangari Maathai  950044180 \n2026 4\u00e8me trimestre GCSMS un chez soi d'abord 95 950048231 UN CHEZ SOI D'ABORD 95 950048249 \n \n \nAnn\u00e9e de \ntransmission \ndu rapport \nEch\u00e9ance \ntrimestrielle de \ntransmission \ndu rapport \nOrganisme gestionnaire ESMS ou ESSMS concern\u00e9s \nRaison sociale N\u00b0 FINESS \njuridique \nRaison sociale N\u00b0 FINESS \ng\u00e9ographique (Nom de la structure) \n2027 1er trimestre ASSOCIATION ADDICTIONS \nFRANCE 750713406 CSAPA ANPAA 75 750812661 \n2027 1er trimestre ASSOCIATION MCATMS 940012818 CAARUD MCATMS 940012859 \n2027 2\u00e8me trimestre GIP SAMUSOCIAL DE PARIS 750040594 LAM 14\u00e8me NDBS 750070922 \n2027 2\u00e8me trimestre ASSOCIATION EMPREINTES 770813475 LAM EMPREINTES 770027928 \n2027 2\u00e8me trimestre ASSOCIATION AURORE 750719361 CSAPA H\u00e9bergement Aurore (ex. \ncommunaut\u00e9 th\u00e9rapeutique) 930022520 \n2027 2\u00e8me trimestre ASSOCIATION EQUALIS 770023539 LHSS EQUALIS 770017457 \n2027 2\u00e8me trimestre ASSOCIATION AURORE 750719361 LHSS AURORE 920042652 \n2027 2\u00e8me trimestre GROUPE SOS SOLIDARIT\u00c9S 750015968 LHSS 93 Les Voisins 930022587 \nAgence R\u00e9gionale de Sant\u00e9 - IDF-2025-08-21-00012 - Arr\u00eat\u00e9 n\u00b0 2025 - 29\nPortant programmation des \u00e9valuations de la qualit\u00e9 des \u00e9tablissements et services sociaux et\nm\u00e9dico-sociaux relevant du b) de l'article L. 313-3 du code de l'action sociale et des familles\npour les ann\u00e9es 2025 \u00e0 2029, conform\u00e9ment aux articles L. 312-8 et D. 312-204 du m\u00eame code\n33\n2027 3\u00e8me trimestre CENTRE D'ACTION SOCIALE \nPROTESTANT 750038085 ACT ARAPEJ 92 920009529 \n2027 4e trimestre ASSOCIATION OSIRIS 780008678 ACT Horizons (Poissy)  780011078 \n2027 4e trimestre CROIX-ROUGE FRAN\u00c7AISE 750721334 LHSS Le Coteau 940008618 \n2027 4e trimestre ASSOCIATION ESP\u00c9RER 95 950803361 EMSP P\u00e9rinatalit\u00e9 Esp\u00e9rer 95 950048942 \n2027 4e trimestre AVIH 770026284 ESSIP AVIH 770026292 \n2027 4e trimestre FONDATION \u00c9LAN RETROUV\u00c9 750721391 ESSIP \u00c9LAN RETROUV\u00c9 En attente de \ncr\u00e9ation FINESS \n2027 4e trimestre ASSOCIATION AURORE  750719361 CSAPA GAINVILLE 930817226 \n \n \nAnn\u00e9e de \ntransmission \ndu rapport \nEch\u00e9ance \ntrimestrielle de \ntransmission du \nrapport \nOrganisme gestionnaire ESMS ou ESSMS concern\u00e9s \nRaison sociale N\u00b0 FINESS \njuridique \nRaison sociale \n (Nom de la structure) \nN\u00b0 FINESS \ng\u00e9ographique \n2028 1er trimestre  ASSOCIATION EQUALIS 770023539 LAM Equalis 770023604 \n2028 1er trimestre  ASSOCIATION AURORE 750719361 CSAPA Cl\u00e9menceau 930009048 \n2028 1er trimestre  GHI LE RAINCY-MONTFERMEIL 930021480 CSAPA VALJEAN - MONTFERMEIL 930018544 \n2028 1er trimestre  CHI ANDR\u00c9 GREGOIRE 930110036 CSAPA La Mosa\u00efque 930818414 \nAgence R\u00e9gionale de Sant\u00e9 - IDF-2025-08-21-00012 - Arr\u00eat\u00e9 n\u00b0 2025 - 29\nPortant programmation des \u00e9valuations de la qualit\u00e9 des \u00e9tablissements et services sociaux et\nm\u00e9dico-sociaux relevant du b) de l'article L. 313-3 du code de l'action sociale et des familles\npour les ann\u00e9es 2025 \u00e0 2029, conform\u00e9ment aux articles L. 312-8 et D. 312-204 du m\u00eame code\n34\n2028 1er trimestre  CH DELAFONTAINE 930011051 CSAPA Le Corbillon 930812201 \n2028 1er trimestre  MAIRIE d'AUBERVILLIERS 930812862 CSAPA Ville Aubervilliers 930018627 \n2028 1er trimestre  MAIRIE d'AULNAY-SOUS-BOIS 930812870 CSAPA Ville Aulnay-sous-Bois 930018601 \n2028 1er trimestre  ASSOCIATION OPPELIA 750054157 CSAPA CAP 93 930018635 \n2028 1er trimestre  MAIRIE de LA COURNEUVE 930812946 CSAPA Ville de la Courneuve 930018643 \n2028 1er trimestre  MAIRIE de SAINT-DENIS 930813159 CSAPA Ville de Saint-Denis 930813555 \n2028 1er trimestre  ASSOCIATION caPASScit\u00e9 930028360 CSAPA Rabelais 930801022 \n2028 1er trimestre  APHP JEAN VERDIER 750712184 CSAPA Boucebci 930812334 \n2028 1er trimestre  CHI POISSY/ST GERMAIN 780001236 CSAPA CHIPS 780024907 \n2028 1er trimestre  FONDATION L'\u00c9LAN RETROUV\u00c9 750721391 CSAPA Emergence Tolbiac 750012288 \n2028 1er trimestre  ASSOCIATION OPPELIA 750054157 CSAPA Charonne 750015778 \n2028 1er trimestre  UDSM 940721400 CSAPA UDSM La Corde Raide  750827917 \n2028 1er trimestre  APHP 750712184 Monte Cristo 750000358 \n2028 1er trimestre  APHP 750712184 CSAPA Espace Murger 750805228 \nAgence R\u00e9gionale de Sant\u00e9 - IDF-2025-08-21-00012 - Arr\u00eat\u00e9 n\u00b0 2025 - 29\nPortant programmation des \u00e9valuations de la qualit\u00e9 des \u00e9tablissements et services sociaux et\nm\u00e9dico-sociaux relevant du b) de l'article L. 313-3 du code de l'action sociale et des familles\npour les ann\u00e9es 2025 \u00e0 2029, conform\u00e9ment aux articles L. 312-8 et D. 312-204 du m\u00eame code\n35\n2028 1er trimestre  APHP 750712184 CSAPA Centre Cassini 750830945 \n2028 1er trimestre  ASSOCIATION ADDICTIONS \nFRANCE 750713406 CSAPA ANPAA 75 750812661 \n2028 1er trimestre  GHU PPN 750062036 CSAPA Sainte Anne 750832222 \n2028 1er trimestre  GROUPE SOS SOLIDARIT\u00c9S 750015968 CSAPA SOS 75 110 les Halles 750000408 \n2028 1er trimestre  GHU PPN 750062036 CSAPA MARMOTTAN 750803819 \n2028 1er trimestre  ASSOCIATION GA\u00cfA PARIS 750031809 Bus GAIA 750012478 \n2028 1er trimestre  ASSOCIATION ESTRELIA 750827933 CSAPA Horizons 750827941 \n2028 1er trimestre  GHU PPN 750062036 CSAPA La Terrasse 750826414 \n2028 1er trimestre  ASSOCIATION AURORE 750719361 CSAPA AURORE 75 750031999 \n2028 1er trimestre  CROIX-ROUGE FRAN\u00c7AISE 750721334 CSAPA Pierre Nicole 750020141 \n2028 1er trimestre  ASSOCIATION NOVA DONA 750002289 CSAPA Nova Dona 750002297 \n2028 1er trimestre  ASSOCIATION DROGUE ET \nJEUNESSE 750804858 CSAPA ADAJE 750803868 \n2028 1er trimestre  ASSOCIATION ADDICTIONS \nFRANCE 750716406  CSAPA ANPAA 77 770810265 \n2028 1er trimestre  GHSIF 770110054 CSAPA LE CARROUSEL - CH MARC \nJACQUET MELUN 770816494 \nAgence R\u00e9gionale de Sant\u00e9 - IDF-2025-08-21-00012 - Arr\u00eat\u00e9 n\u00b0 2025 - 29\nPortant programmation des \u00e9valuations de la qualit\u00e9 des \u00e9tablissements et services sociaux et\nm\u00e9dico-sociaux relevant du b) de l'article L. 313-3 du code de l'action sociale et des familles\npour les ann\u00e9es 2025 \u00e0 2029, conform\u00e9ment aux articles L. 312-8 et D. 312-204 du m\u00eame code\n36\n2028 1er trimestre  GHEF 770021145 CSAPA HEVEA - CH MEAUX  770001949 \n2028 1er trimestre  CH Andr\u00e9 Mignot LE CHESNAY  780110078  CSAPA g\u00e9n\u00e9raliste \"LE CEDAT\" 780708558 \n2028 1er trimestre  CH de PLAISIR 780024113 CSAPA du centre p\u00e9nitentiaire de Bois \nd'Arcy 780003158 \n2028 1er trimestre  ASSOCIATION OPPELIA 750054157 CTR \"LE KAIROS\" 780020608 \n2028 1er trimestre  ASSOCIATION ADDICTIONS \nFRANCE 750713406 Sp\u00e9cialis\u00e9 Alcool ANPAA 91 910814961 \n2028 1er trimestre  CH SUD-ESSONNE 910019447 Sp\u00e9cialis\u00e9 Alcool Etampes 910018530 \n2028 1er trimestre  GHNE 910110063 CSAPA CH ORSAY - Sp\u00e9cialis\u00e9 Alcool  910017417 \n2028 1er trimestre  CH SUD FRANCILIEN 910002773 CSAPA G\u00e9n\u00e9raliste MA Fleury M\u00e9rogis 910004498 \n2028 1er trimestre  EPS BARTH\u00c9L\u00c9MY DURAND 910140029 CSAPA G\u00e9n\u00e9raliste L'Espace 910005149 \n2028 1er trimestre  ASSOCIATION OPPELIA 750054157 CSAPA G\u00e9n\u00e9raliste Essonne Accueil 910811124 \n2028 1er trimestre  ASSOCIATION RESSOURCES 910000041 CSAPA G\u00e9n\u00e9raliste du Val D'Orge 910000058 \n2028 1er trimestre  CH DES 4 VILLES 920009909 CSAPA Centre Hospitalier des 4 Villes 920814704 \n2028 1er trimestre  ASSOCIATION OPPELIA 750054157 CSAPA Trait d'union 920801859 \n2028 1er trimestre  GH PAUL GUIRAUD 940140049 CSAPA Libert\u00e9 920802733 \nAgence R\u00e9gionale de Sant\u00e9 - IDF-2025-08-21-00012 - Arr\u00eat\u00e9 n\u00b0 2025 - 29\nPortant programmation des \u00e9valuations de la qualit\u00e9 des \u00e9tablissements et services sociaux et\nm\u00e9dico-sociaux relevant du b) de l'article L. 313-3 du code de l'action sociale et des familles\npour les ann\u00e9es 2025 \u00e0 2029, conform\u00e9ment aux articles L. 312-8 et D. 312-204 du m\u00eame code\n37\n2028 1er trimestre  ASSOCIATION AGATA 920002771 CSAPA Aporia 920808904 \n2028 1er trimestre  ASSOCIATION AGATA 920002771 CSAPA Agata 920811973 \n2028 1er trimestre  ASSOCIATION CIDE 920718053 CSAPA Chim\u00e8ne 920811940 \n2028 1er trimestre  ASSOCIATION DE L'H\u00d4PITAL \nNORD 920810330 CSAPA Nord 92 920815776 \n2028 1er trimestre  UDSM 940721400 CSAPA MELTEM 94 940808587 \n2028 1er trimestre  H\u00d4PITAL SAINT CAMILLE  940150014 CSAPA REGAIN 940811052 \n2028 1er trimestre  AFASER 940721384 CSAPA ITHAQUE 940811300 \n2028 1er trimestre  CHU BIC\u00caTRE 750712184 CSAPA BIC\u00caTRE 940019144 \n2028 1er trimestre  CHU DE CR\u00c9TEIL 940811326 CSAPA HENRI DUCHENE 940811326 \n2028 1er trimestre  ASSOCIATIONS DROGUES ET \nSOCI\u00c9T\u00c9 940002132 CSAPA EPICE 940002140 \n2028 1er trimestre  CHI VILLENEUVE-SAINT-\nGEORGES 940110042 CSAPA INTERVALLE 940807597 \n2028 1er trimestre  CH LES MURETS 940140023 CSAPA JET 94 940812928 \n2028 1er trimestre  GH PAUL GUIRAUD 940110049 CSAPA M.A FRESNES 940002959 \n2028 1er trimestre  ASSOCIATION ADDICTIONS \nFRANCE 750713406 CSAPA ANPAA 95 950809863 \nAgence R\u00e9gionale de Sant\u00e9 - IDF-2025-08-21-00012 - Arr\u00eat\u00e9 n\u00b0 2025 - 29\nPortant programmation des \u00e9valuations de la qualit\u00e9 des \u00e9tablissements et services sociaux et\nm\u00e9dico-sociaux relevant du b) de l'article L. 313-3 du code de l'action sociale et des familles\npour les ann\u00e9es 2025 \u00e0 2029, conform\u00e9ment aux articles L. 312-8 et D. 312-204 du m\u00eame code\n38\n2028 1er trimestre  ASSOCIATION DUNE 950806455 CSAPA CERGY 950808832 \n2028 1er trimestre  G.H.E.M. 950013870 CSAPA IMAGINE 950802421 \n2028 1er trimestre  GHCPO - H\u00d4PITAL NOVO 950110080 CSAPA PORTE DE L'OISE - PERSAN 950015370 \n2028 1er trimestre  ASSOCIATION caPASScit\u00e9 930028360 CSAPA EDGAR MORIN - GARGES LES \nGONESSE 950008508 \n2028 1er trimestre  ASSOCIATION OPPELIA 750054157 CSAPA SARCELLES 950003509 \n2028 1er trimestre  GIP SAMUSOCIAL DE PARIS 750040594 LHSS Ridder 750076911 \n2028 1er trimestre  GIP SAMUSOCIAL DE PARIS 750040594 LHSS Saint-Michel 750040644 \n2028 1er trimestre  GIP SAMUSOCIAL DE PARIS 750040594 LHSS Les Lilas                  750076929 \n2028 1er trimestre  GIP SAMUSOCIAL DE PARIS 750040594 LHSS Babinski 940032345 \n2028 1er trimestre  CROIX-ROUGE FRAN\u00c7AISE 750721334 LHSS Croix-Rouge 910024777 \n2028 2\u00e8me trimestre APS CONTACT 770816445 CSAPA APS CONTACT  770816452 \n2028 2\u00e8me trimestre FONDATION L'\u00c9LAN RETROUV\u00c9 750721391 LHSS FONDATION L'\u00c9LAN RETROUV\u00c9 780027892 \n2028 3\u00e8me trimestre CROIX-ROUGE FRAN\u00c7AISE 750721334 LAM H\u00f4pital \u00c9mile ROUX AP-HP 940026636 \n2028 3\u00e8me trimestre GROUPE SOS SOLIDARIT\u00c9S 750015968 LAM Olympiades 93 930027396 \nAgence R\u00e9gionale de Sant\u00e9 - IDF-2025-08-21-00012 - Arr\u00eat\u00e9 n\u00b0 2025 - 29\nPortant programmation des \u00e9valuations de la qualit\u00e9 des \u00e9tablissements et services sociaux et\nm\u00e9dico-sociaux relevant du b) de l'article L. 313-3 du code de l'action sociale et des familles\npour les ann\u00e9es 2025 \u00e0 2029, conform\u00e9ment aux articles L. 312-8 et D. 312-204 du m\u00eame code\n39\n2028 3\u00e8me trimestre FONDATION MAISON DES \nCHAMPS 750815367 ACT Maison des Champs 940003999 \n2028 3\u00e8me trimestre ASSOCIATION AIDES 750024739 CAARUD AIDES 750027989 \n2028 3\u00e8me trimestre ASSOCIATION SIDA PAROLE 920013158 CAARUD SIDA PAROLES 92 920013208 \n2028 3\u00e8me trimestre ASSOCIATION AURORE 750719361 LHSS HSR P\u00e9rinat - MINEURS 910025568 \n2028 4\u00e8me trimestre ASSOCIATION MAAVAR 950015499 ACT MAAVAR SARCELLES 950007039 \n2028 4\u00e8me trimestre ASSOCIATION AURORE  750719361 LHSS CLEMENCEAU 930023635 \n \n \nAnn\u00e9e de \ntransmission \ndu rapport \nEch\u00e9ance \ntrimestrielle de \ntransmission du \nrapport \nOrganisme gestionnaire ESMS ou ESSMS concern\u00e9s \nRaison sociale N\u00b0 FINESS \njuridique \nRaison sociale  \n(Nom de la structure) \nN\u00b0 FINESS \ng\u00e9ographique \n2029 1er trimestre MAIRIE de SAINT-OUEN 930813167 CSAPA Ville de Saint-Ouen 930018676 \n2029 1er trimestre ASSOCIATION AURORE 750719361 ACT HSR P\u00e9rinat Confluence 910026939 \n2029 1er trimestre GCSMS un chez soi d'abord 92 920037694 UN CHEZ SOI D'ABORD 92 920037702 \n2029 3\u00e8me trimestre ASSOCIATION MAAVAR 750825804 ACT OFEK 750825804 \n2029 3\u00e8me trimestre GHU PPN 750062036 CAARUD BOR\u00c9AL 750028359 \nAgence R\u00e9gionale de Sant\u00e9 - IDF-2025-08-21-00012 - Arr\u00eat\u00e9 n\u00b0 2025 - 29\nPortant programmation des \u00e9valuations de la qualit\u00e9 des \u00e9tablissements et services sociaux et\nm\u00e9dico-sociaux relevant du b) de l'article L. 313-3 du code de l'action sociale et des familles\npour les ann\u00e9es 2025 \u00e0 2029, conform\u00e9ment aux articles L. 312-8 et D. 312-204 du m\u00eame code\n40\n2029 3\u00e8me trimestre ASSOCIATION OPPELIA 750054157 CAARUD CHARONNE OPPELIA 750028029 \n2029 3\u00e8me trimestre ASSOCIATION AURORE 750719361 CAARUD ESPOIR GOUTTE D'OR 750028128 \n2029 3\u00e8me trimestre ASSOCIATION AURORE 750719361 CAARUD DOUDEAUVILLE 750066946 \n2029 3\u00e8me trimestre ASSOCIATION GA\u00cfA PARIS 750031809 CAARUD PPMU 750027948 \n2029 3\u00e8me trimestre GROUPE SOS SOLIDARIT\u00c9S 750015968 CAARUD KALE\u00cfDOSCOPE 750028169 \n2029 3\u00e8me trimestre ASSOCIATION NOVA DONA 750002289 CAARUD NOVA DONA 750028219 \n2029 3\u00e8me trimestre ASSOCIATION EMERGENCES 770014538 CAARUD EMERGENCES 770014579 \n2029 3\u00e8me trimestre ASSOCIATION CIT\u00c9S CARITAS 750720591 CAARUD 77 SUD 770014488 \n2029 3\u00e8me trimestre ASSOCIATION VISA 940008279 CAARUD VISA 94 940008329 \n2029 4e trimestre FONDATION MAISON DES \nCHAMPS 750815367 ACT Maison des Champs 750033359 \n2029 4e trimestre GCSMS un chez soi d'abord 93 930031075 ACT UCSD 93 930031208 \n2029 4e trimestre ASSOCIATION SIDA PAROLES 920013158 CAARUD SIDA PAROLES 78 780013058 \n2029 4e trimestre ASSOCIATION AURORE 750719361 CAARUD CHI ROBERT BALLANGER 930018619 \n2029 4e trimestre ASSOCIATION PROSES 930018668 CAARUD PROSES 930018718 \nAgence R\u00e9gionale de Sant\u00e9 - IDF-2025-08-21-00012 - Arr\u00eat\u00e9 n\u00b0 2025 - 29\nPortant programmation des \u00e9valuations de la qualit\u00e9 des \u00e9tablissements et services sociaux et\nm\u00e9dico-sociaux relevant du b) de l'article L. 313-3 du code de l'action sociale et des familles\npour les ann\u00e9es 2025 \u00e0 2029, conform\u00e9ment aux articles L. 312-8 et D. 312-204 du m\u00eame code\n41\n2029 4e trimestre GROUPE SOS SOLIDARIT\u00c9S 750016008 CAARUD YUCCA 930018478 \n2029 4e trimestre FONDATION L\u00c9ONIE CHAPTAL 950001271 ESSIP Chaptal 950046607 \n2029 4e trimestre FONDATION MAISON DES \nCHAMPS 750815367 ESSIP Fondation Maison des champs 750070070 \n2029 4e trimestre ASSOCIATION LA MAIN TENDUE 930000278 ESSIP La main tendue 930031729 \n2029 4e trimestre GROUPE SOS SOLIDARIT\u00c9S 750015968 ESSIP SOS 940029226 \n2029 4e trimestre CROIX-ROUGE FRAN\u00c7AISE 750721334 EMSP CRF Nord-Ouest 950046631 \n2029 4e trimestre CROIX-ROUGE FRAN\u00c7AISE 750721334 EMSP CRF Nord et Sud 780028981 \n2029 4e trimestre AVIH 770026284 EMSP AVIH 770026292 \n2029 4e trimestre ASSOCIATION CIT\u00c9S CARITAS 750720591 EMSP Cit\u00e9 Caritas 77 770026268 \n2029 4e trimestre ASSOCIATION ESP\u00c9RER 95 950803361 EMSP Esp\u00e9rer 95 950046615 \n2029 4e trimestre ASSOCIATION AURORE 750719361 EMSP P\u00e9rinatalit\u00e9 Aurore 77 770027506 \n2029 4e trimestre CROIX-ROUGE FRAN\u00c7AISE 750721334 EMSP CRF Ouest 920038726 \n2029 4e trimestre ASSOCIATION OPPELIA 750054157 EMSP OPPELIA Centre Sud 910026277 \n2029 4e trimestre ASSOCIATION AURORE 750719361 EMSP Aurore 92 750070112 \nAgence R\u00e9gionale de Sant\u00e9 - IDF-2025-08-21-00012 - Arr\u00eat\u00e9 n\u00b0 2025 - 29\nPortant programmation des \u00e9valuations de la qualit\u00e9 des \u00e9tablissements et services sociaux et\nm\u00e9dico-sociaux relevant du b) de l'article L. 313-3 du code de l'action sociale et des familles\npour les ann\u00e9es 2025 \u00e0 2029, conform\u00e9ment aux articles L. 312-8 et D. 312-204 du m\u00eame code\n42\n2029 4e trimestre GROUPE SOS SOLIDARIT\u00c9S 750015968 EMSP Alta\u00efr 920038734 \n2029 4e trimestre INTERLOGEMENT 93 930031257 EMSP INTERLOGEMENT 93 930031737 \n2029 4e trimestre ASSOCIATION AURORE 750719361 EMSP Aurore 94 750070120 \n2029 4e trimestre GROUPE SOS SOLIDARIT\u00c9S 750015968 EMSP SOS 93 930031752 \n2029 4e trimestre ASSOCIATION BASILIADE 750045072 EMSP Perinat Basiliade 75-92 750070088 \n2029 4e trimestre ASSOCIATION H\u00d4TEL SOCIAL \n93 930001201 EMSP H\u00f4tel social 93 930031745 \n \nAgence R\u00e9gionale de Sant\u00e9 - IDF-2025-08-21-00012 - Arr\u00eat\u00e9 n\u00b0 2025 - 29\nPortant programmation des \u00e9valuations de la qualit\u00e9 des \u00e9tablissements et services sociaux et\nm\u00e9dico-sociaux relevant du b) de l'article L. 313-3 du code de l'action sociale et des familles\npour les ann\u00e9es 2025 \u00e0 2029, conform\u00e9ment aux articles L. 312-8 et D. 312-204 du m\u00eame code\n43\nDirection r\u00e9gionale et interd\u00e9partementale de\nl'h\u00e9bergement et du logement\nIDF-2025-08-21-00011\nArr\u00eat\u00e9 de tarificationdotation globalis\u00e9e\ncommune relative aux frais de fonctionnement\npour 2025 des centres\nd'h\u00e9bergement et de r\u00e9insertion sociale (CHRS)\ncompris dans le p\u00e9rim\u00e8tre du contrat pluriannuel\nd'objectifs et de moyens (CPOM) \nDirection r\u00e9gionale et interd\u00e9partementale de l'h\u00e9bergement et du logement - IDF-2025-08-21-00011 - Arr\u00eat\u00e9 de tarificationdotation\nglobalis\u00e9e commune relative aux frais de fonctionnement pour 2025 des centres\nd'h\u00e9bergement et de r\u00e9insertion sociale (CHRS) compris dans le p\u00e9rim\u00e8tre du contrat pluriannuel\nd'objectifs et de moyens (CPOM) \n44\nExPREFET .DE LA R\u00c9GIOND'ILE-DE-FRANCELibert\u00e9Egalit\u00e9Fraternit\u00e9\nT\u00e9l. : 01 82 52 40 00  \nLe Ponant, 5 rue Leblanc, 75015 Paris  \nwww.drihl.ile -de -france.developpement -durable.gouv.fr  \n \n \n1/4 \n \n \n      Direction r\u00e9gionale et interd\u00e9partementale  \nde l'H\u00e9bergement et du Logement  \nDRIHL  \n \n \n \nOp\u00e9rateur  : \nSAEM ADOMA  \nN\u00b0 SIRET : 788 058 030 095 79  \nN\u00b0 EJ Chorus : 2104615105  \nARR\u00caT\u00c9 n \u00b0  \nLE PR\u00c9FET DE LA R\u00c9GION D'\u00ceLE-DE-FRANCE  \nCOMMANDEUR DE LA L\u00c9GION D'HONNEUR \nOFFICIER DE L'ORDRE NATIONAL DU M\u00c9RITE \n \nVu \n l'article 125 de la loi n\u00b0 2018-1021 du 23 novembre  2018 portant \u00e9volution du logement, \nde l'am\u00e9nagement et du num\u00e9rique ;  \nVu  la loi n\u00b02025-127 du 14 f\u00e9vrier 2025 de finances po ur 2025 \u2013 Mission Coh\u00e9sion des \nterritoires et logement \u2013 Programme 177 5 H\u00e9bergeme nt, parcours vers le logement et \ninsertion des personnes vuln\u00e9rables 7 ;  \nVu  le code de l'action sociale et des familles, notamment les articles L 312-1, L.313-11, L 314-1, \nL.314-4 \u00e0 L. 314-7 , L.345-1, R. 314-1 \u00e0 R. 314-43, R. 314-47 , R.314-49, R.314-50, R.314-55, R.314-\n82 \u00e0 R.314-93, R. 314-106 \u00e0 R.314-110 et R. 314-150 \u00e0 R. 314-156 ; \nVu  l'arr\u00eat\u00e9 du 5 septembre 2013 modifiant l'arr\u00eat\u00e9 du 22 octobre 2003 fixant les mod\u00e8les de \ndocuments relatifs \u00e0 la gestion budg\u00e9taire, comptable et financi\u00e8re des \u00e9tablissements et \nservices sociaux et m\u00e9dico-sociaux ; \nVu l'arr\u00eat\u00e9 du 12 mars 2018 fixant le mod\u00e8le du tableau d'analyse de l'activit\u00e9 et des co\u00fbts de \nl'enqu\u00eate nationale des co\u00fbts applicable au secteur  de l'accueil, de l'h\u00e9bergement et de \nl'insertion pr\u00e9vue aux articles L.345-1 et L322-8-1  du code de l'action sociale et des \nfamilles ; \nVu l 'arr\u00eat\u00e9 du 25 octobre 2019 fixant le contenu du cahier des charges du contrat pluriannuel \nd'objectifs et de moyens pr\u00e9vu \u00e0 l'article L. 313-1 1-2 du code de l'action sociale et des \nfamilles pour les \u00e9tablissements mentionn\u00e9s \u00e0 l'article L. 345-1 du m\u00eame code ; \nVu  l'accord du 4 juin 2024 relatif \u00e0 l'extension du S \u00e9gur dans le cadre de la politique salariale \nen lien avec la n\u00e9gociation sur la CCNUE dans le secteur sanitaire, social et m\u00e9dico-social \npriv\u00e9 \u00e0 but non lucratif, n\u00e9goci\u00e9 par les partenair es sociaux, agr\u00e9\u00e9 par la Convention \nnationale d'agr\u00e9ment du 20 juin 2024, \u00e9tendu par l'arr\u00eat\u00e9 du 5 ao\u00fbt 2024 ; \nVu l'arr\u00eat\u00e9 du 11 avril 2025 pris en application de l'article L.314-4 du code de l'action sociale \net des familles fixant les dotations r\u00e9gionales lim itatives relatives aux frais de \nfonctionnement des centres d'h\u00e9bergement et de r\u00e9insertion sociale (CHRS), publi\u00e9 JORF \nn\u00b00104 du 3 mai 2025 ; \nVu l'instruction NOR : ATDI2513550J du 6 mai 2025 rela tive \u00e0 la campagne budg\u00e9taire des \ncentres d'h\u00e9bergement et de r\u00e9insertion sociale (CH RS) pour l'ann\u00e9e 2025 publi\u00e9e au \nBulletin Officiel du Minist\u00e8re de la Transition Ecologique du 13 mai 2025 ;  \nVu le contrat pluriannuel d'objectifs et de moyens (CP OM) pour la p\u00e9riode  2024 \u00e0 2027  \nconclu entre l'\u00c9tat et Adoma et l'avenant du 3 octobre 2024 ; \nDirection r\u00e9gionale et interd\u00e9partementale de l'h\u00e9bergement et du logement - IDF-2025-08-21-00011 - Arr\u00eat\u00e9 de tarificationdotation\nglobalis\u00e9e commune relative aux frais de fonctionnement pour 2025 des centres\nd'h\u00e9bergement et de r\u00e9insertion sociale (CHRS) compris dans le p\u00e9rim\u00e8tre du contrat pluriannuel\nd'objectifs et de moyens (CPOM) \n45\nT\u00e9l. : 01 82 52 40 00 \nLe Ponant, 5 rue Leblanc, 75015 Paris  \nwww.drihl.ile -de -france.developpement -durable.gouv.fr  \n \n \n2/4 \n \n \nARR\u00caTE \n \nArticle 1 \ner : \n \nLa dotation globalis\u00e9e commune relative aux frais d e fonctionnement pour 2025 des centres \nd'h\u00e9bergement et de r\u00e9insertion sociale (CHRS) comp ris dans le p\u00e9rim\u00e8tre du contrat pluriannuel \nd'objectifs et de moyens (CPOM) g\u00e9r\u00e9s par Adoma, dont le si\u00e8ge social est situ\u00e9 33 avenue Pierre Mendes-\nFrance (75 0313), \n est fix\u00e9e, en application des dispositions du CPOM susvis\u00e9 et des relev\u00e9s de d\u00e9cisions \ndes comit\u00e9s de suivi du contrat, \u00e0  1 046 453 \u20ac.  \n \nCette dotation int\u00e8gre \ndes cr\u00e9dits non reconductibles (CNR) pour l'am\u00e9nagem ent d'un espace s\u00e9curis\u00e9 et \nr\u00e9serv\u00e9 aux femmes du CHRS Gargenville d'un montant de 20 000 \u20ac . \n \nLe co\u00fbt moyen journalier \u00e0 la place des CHRS du CPOM pour l'exercice 2025 est de 34,96 \u20ac. Ce co\u00fbt est \ncalcul\u00e9 \u00e0 partir de la dotation globalis\u00e9e de finan cement allou\u00e9e pour 82 places sur un fonctionnement \n\u00e0 365 jours. \n \n \nLa quote-part de la dotation globalis\u00e9e commune r\u00e9p artie par \u00e9tablissement, \u00e0 titre pr\u00e9visionnel et \nindicatif, est annex\u00e9e au pr\u00e9sent arr\u00eat\u00e9. \n \nEn application de l'article R.314-107 du code de l'action sociale et des familles, la fraction forfaitaire \u00e9gale \nau douzi\u00e8me de la dotation globale de financement s'\u00e9l\u00e8ve \u00e0 \n 87 204,42 \u20ac.  \n \n \nArticle 2 :\n \n \nCette dotation sera imput\u00e9e sur les cr\u00e9dits du programme 177 5 H\u00e9bergement, parcours vers le logement \net insertion des personnes vuln\u00e9rables 7 de la mission 5 Coh\u00e9sion des territoires 7. \n \n \n \nArticle 3  :\n \n \nEn 2023, le r\u00e9sultat global des CHRS compris dans le p\u00e9rim\u00e8tre du contrat pluriannuel d'objectifs et d e \nmoyens (CPOM) g\u00e9r\u00e9s par  Adoma  est de 50 139,40 \u20ac . A la suite du comit\u00e9 de suivi 2025 du CPOM, \nl'affectation de ce r\u00e9sultat s'op\u00e8re de la mani\u00e8re suivante :\n \n 25 000,00 \u20ac affect\u00e9s au compte de r\u00e9serve de compensation des d\u00e9ficits du CHRS Beauchamp ;  \n 25 139,40 \u20ac affect\u00e9s au compte de r\u00e9serve de compensation des d\u00e9ficits du CHRS Gargenville.  \n \nArticle 4 :\n \n \nPour l'exercice budg\u00e9taire 2026, dans l'attente de la fixation de la dotation globale de financement, et \nen application du IV bis de l'article L.314-7 du CA SF et de l'article D.314-106-1 du CASF, il est retenu une \ndotation provisoire d'un montant de 1 026 453 \u20ac, co rrespondant \u00e0 la DGF 2025 hors CNR et r\u00e9sultats \n2023 repris neutralis\u00e9s. Le montant des acomptes mensuels s'\u00e9l\u00e8ve \u00e0 85 537 ,75 \u20ac. \n \n \n \n \n \n \nDirection r\u00e9gionale et interd\u00e9partementale de l'h\u00e9bergement et du logement - IDF-2025-08-21-00011 - Arr\u00eat\u00e9 de tarificationdotation\nglobalis\u00e9e commune relative aux frais de fonctionnement pour 2025 des centres\nd'h\u00e9bergement et de r\u00e9insertion sociale (CHRS) compris dans le p\u00e9rim\u00e8tre du contrat pluriannuel\nd'objectifs et de moyens (CPOM) \n46\nT\u00e9l. : 01 82 52 40 00 \nLe Ponant, 5 rue Leblanc, 75015 Paris  \nwww.drihl.ile -de -france.developpement -durable.gouv.fr  \n \n \n3/4 \n \nArticle 5 : \n \nLes recours dirig\u00e9s contre le pr\u00e9sent arr\u00eat\u00e9 doivent \u00eatre port\u00e9s devant le tribunal administratif de P aris \nsis 7 rue de Jouy, 75181 Paris Cedex 04, dans le d\u00e9 lai d'un mois \u00e0 compter de sa publication ou, pour les \npersonnes auxquelles il sera notifi\u00e9, \u00e0 compter de sa notification.\n \n \nArticle 6 :\n \n \nLe Pr\u00e9fet de la r\u00e9gion d'\u00cele-de-France, Pr\u00e9fet de P aris et le directeur r\u00e9gional et interd\u00e9partemental  de \nl'h\u00e9bergement et du logement d'\u00cele-de-France sont charg\u00e9s, chacun en ce qui le concerne, de l'ex\u00e9cution \ndu pr\u00e9sent arr\u00eat\u00e9 qui sera publi\u00e9 au recueil des actes administratifs de la pr\u00e9fecture de la r\u00e9gion d'\u00cele-de-\nFrance, pr\u00e9fecture de Paris. \n \n \nFait \u00e0 Paris, le 21/08/2025 \n \nPour le Pr\u00e9fet de la r\u00e9gion d'\u00cele-de-France, \nPr\u00e9fet de Paris et par d\u00e9l\u00e9gation \n \nLe Directeur adjoint \nde l'H\u00e9bergement et du Logement \nSIGNE  \nGuillaume MANGIN \nDirection r\u00e9gionale et interd\u00e9partementale de l'h\u00e9bergement et du logement - IDF-2025-08-21-00011 - Arr\u00eat\u00e9 de tarificationdotation\nglobalis\u00e9e commune relative aux frais de fonctionnement pour 2025 des centres\nd'h\u00e9bergement et de r\u00e9insertion sociale (CHRS) compris dans le p\u00e9rim\u00e8tre du contrat pluriannuel\nd'objectifs et de moyens (CPOM) \n47\nT\u00e9l. : 01 82 52 40 00 Le Ponant, 5 rue Leblanc, 75015 Paris  \nwww.drihl.ile -de -france.developpement -durable.gouv.fr  \n  \n4/4 \n \nANNEXE 1  \n \nR\u00e9partition de la quote-part de la dotation globalis\u00e9e commune (DGC) 2025 par \u00e9tablissement  \n  \nCHRS  \n2025  \nDGF initiale  Cr\u00e9dits non reconductibles (CNR)  DGF finale  \nCHRS Gargenville 479 875 \u20ac  20 000 \u20ac  499 875 \u20ac  \nCHRS Beauchamp 546 578 \u20ac  0 \u20ac  546 578 \u20ac  \nCPOM r\u00e9gional 1 026 453 \u20ac  20 000 \u20ac  1 046 453 \u20ac \n \n \nDirection r\u00e9gionale et interd\u00e9partementale de l'h\u00e9bergement et du logement - IDF-2025-08-21-00011 - Arr\u00eat\u00e9 de tarificationdotation\nglobalis\u00e9e commune relative aux frais de fonctionnement pour 2025 des centres\nd'h\u00e9bergement et de r\u00e9insertion sociale (CHRS) compris dans le p\u00e9rim\u00e8tre du contrat pluriannuel\nd'objectifs et de moyens (CPOM) \n48","date":"2025-08-22","first_seen_on":"2025-08-22T16:41:16+00:00","id":"fa0e39293cdb06dda715737bdc95ca78840b5f71407df37d85b7b1b1f2177be9","name":"recueil-idf-034-2025-08-recueil-des-actes-administratifs-special  du 22.08.2025","pdf_creation_date":"2025-08-22T14:42:20+00:00","pdf_modification_date":null,"timezone":"Europe/Paris","url":"https://www.prefectures-regions.gouv.fr/ile-de-france/irecontenu/telechargement/130409/959281/file/recueil-idf-034-2025-08-recueil-des-actes-administratifs-special%20%20du%2022.08.2025.pdf"}
