{"administration":"pref64","administration_name":"Pr\u00e9fecture des Pyr\u00e9n\u00e9es-Atlantiques","content":"PYR\u00c9N\u00c9ES-\nATLANTIQUES\nRECUEIL DES ACTES\nADMINISTRATIFS\nN\u00b064-2025-203\nPUBLI\u00c9 LE  8 JUILLET 2025\nSommaire\nPr\u00e9fecture des Pyr\u00e9n\u00e9es-Atlantiques / Pr\u00e9fecture des\nPyr\u00e9n\u00e9es-Atlantiques - Service Interminist\u00e9riel de D\u00e9fense et de\nProtection Civiles\n64-2025-07-07-00006 - 20250707-AP portant approbation des dispositions\nORSEC f\u00eates de Bayonne 2025 (1 page) Page 3\n2\nPr\u00e9fecture des Pyr\u00e9n\u00e9es-Atlantiques\n64-2025-07-07-00006\n20250707-AP portant approbation des\ndispositions ORSEC f\u00eates de Bayonne 2025\nPr\u00e9fecture des Pyr\u00e9n\u00e9es-Atlantiques - 64-2025-07-07-00006 - 20250707-AP portant approbation des dispositions ORSEC f\u00eates de\nBayonne 2025 3\nPREFET 'net seDES PYRENEES- _ Cabinet du pr\u00e9fetATLANTIQUES Direction des s\u00e9curit\u00e9s| Q | Service interminist\u00e9riel deLibert\u00e9 | e e e.\u00c9galit\u00e9 | d\u00e9fense et de protection civilesFraternit\u00e9 Arr\u00eat\u00e9 n\u00b064-2025-0portant approbation des dispositions sp\u00e9cifiques ORSECF\u00eates de Bayonne 2025LE PR\u00c9FET DES PYR\u00c9N\u00c9ES-ATLANTIQUES\u00bb Chevalier de l'ordre national du M\u00e9rite\nVU le code g\u00e9n\u00e9ral des collectivit\u00e9s territoriales et notamment ses articles L.2212-1 et suivants ;\n\u2014\nVU le code de la s\u00e9curit\u00e9 int\u00e9rieure et notamment le livre VII relatif \u00e0 la s\u00e9curit\u00e9 civile ;VU le d\u00e9cret du 6 novembre 2024 portant nomination de M. Jean-Marie GIRIER pr\u00e9fet des Pyr\u00e9n\u00e9es-Atlantiques ;VU l'arr\u00eat\u00e9 pr\u00e9fectoral n\u00b064-2024-02-02-00007 en date du 2 f\u00e9vrier 2024 instituant Une commissiond\u00e9partementale pour la s\u00e9curit\u00e9 des grands rassemblements dans le d\u00e9partement des Pyr\u00e9n\u00e9es-Atlantiques ;VU la circulaire du 2 f\u00e9vrier 2024 relative au cadre r\u00e9glementaire applicable \u00e0 la s\u00e9curit\u00e9 desrassemblements dans l'espace public dans les Pyr\u00e9n\u00e9es-Atlantiques ;\nxVU les dispositions g\u00e9n\u00e9rales ORSEC \u00ab Secours a Nombreuses Victimes \u00bb approuv\u00e9es par arr\u00e9t\u00e9 dupr\u00e9fet des Pyr\u00e9n\u00e9es-Atlantiques en date du 11 juillet 2024 ;SUR proposition de la sous-pr\u00e9f\u00e8te, directrice de cabinet du pr\u00e9fet des Pyr\u00e9n\u00e9es-Atlantiques :ARRETEArticle 1er : Les dispositions sp\u00e9cifiques ORSEC relatives aux f\u00eates de Bayonne se d\u00e9roulant du 9 juillet2025 au 13 juillet 2025 inclus et annex\u00e9es au pr\u00e9sent arr\u00eat\u00e9, sont approuv\u00e9es ;Article 2 _: La directrice de cabinet du pr\u00e9fet des Pyr\u00e9n\u00e9es-Atlantiques, le sous-pr\u00e9fet del'arrondissement de Bayonne, les chefs de service d\u00e9partementaux concern\u00e9s, le directeurinterd\u00e9partemental de la police nationale, le commandant du groupement de gendarmeried\u00e9partementale des Pyr\u00e9n\u00e9es-Atlantiques, le directeur d\u00e9partemental du service d'incendie et desecours des Pyr\u00e9n\u00e9es-Atlantiques, les chefs des SAMU de Pau et Bayonne, le d\u00e9l\u00e9gu\u00e9 militaired\u00e9partemental, le maire de Bayonne, les responsables des associations agr\u00e9\u00e9es de s\u00e9curit\u00e9 civile sontcharg\u00e9s, chacun en ce qui le concerne, de l'ex\u00e9cution du pr\u00e9sent arr\u00eat\u00e9 ;Article 3 : Le pr\u00e9sent arr\u00eat\u00e9 est publi\u00e9 au recueil des actes administratifs de la pr\u00e9fecture, \u00e0 l'exceptionde ses annexes lesquelles sont class\u00e9es \u00ab diffusion restreinte \u00bb.\nPU un > eePau, le 2Ff/op/ 2225\nPr\u00e9fecture des Pyr\u00e9n\u00e9es-Atlantiques2, rue du Mar\u00e9chal Joffre - 64 021 PAU CEDEX: \"*T\u00e9l. (standard) : 05 59 98 24 24www.pyrenees-atlantiques.gouv.fr 1/1\nPr\u00e9fecture des Pyr\u00e9n\u00e9es-Atlantiques - 64-2025-07-07-00006 - 20250707-AP portant approbation des dispositions ORSEC f\u00eates de\nBayonne 2025 4","date":"2025-07-08","first_seen_on":"2025-07-08T10:25:41+00:00","id":"fa6734adcf0c66fc88a8bfed0bea03c0d5ce2f8b7a4489ba38a97957ae90a856","name":"Recueil n\u00b064-2025-203 du 08 juillet 2025","pdf_creation_date":"2025-07-08T09:05:41+00:00","pdf_modification_date":null,"timezone":"Europe/Paris","url":"https://www.pyrenees-atlantiques.gouv.fr/contenu/telechargement/57884/424500/file/recueil-64-2025-203-recueil-des-actes-administratifs.pdf"}
