{"administration":"pref83","administration_name":"Pr\u00e9fecture du Var","content":"VAR\nRECUEIL DES ACTES\nADMINISTRATIFS\nN\u00b083-2025-223\nPUBLI\u00c9 LE  1 JUILLET 2025\nSommaire\nAgence r\u00e9gionale de sant\u00e9 du Var / Direction de l'ARS du var\n83-2025-06-17-00008 - Arr\u00eat\u00e9 fixant le nombre th\u00e9orique d'AMS des\nv\u00e9hicules affect\u00e9s aux transports sanitaires terrestres dans le Var (2\npages) Page 3\nDirection d\u00e9partementale des territoires et de la mer du Var / Service\nagriculture et for\u00eat de la DDTM\n83-2025-07-01-00007 - D\u00e9cision pr\u00e9fectorale portant retrait de\nl'agr\u00e9ment du \nGroupement Agricole d'Exploitation en Commun\nGAEC SAINT GERMAIN n\u00b0 83-2023-011 (2 pages) Page 6\nDirection d\u00e9partementale des territoires et de la mer du Var / Service eau\net biodiversit\u00e9 de la DDTM\n83-2025-07-01-00006 - ARR\u00caTE PR\u00c9FECTORAL n\u00b0 DDTM/SEBIO/2025-65\ndu 01 JUILLET 2025 relatif \u00e0 la gestion des p\u00e9riodes de s\u00e9cheresse\npour le d\u00e9partement du Var (42 pages) Page 9\n83-2025-06-30-00004 - ARR\u00caT\u00c9 PR\u00c9FECTORAL\nn\u00b0DDTM/SEBIO/2025-01 du 30 juin 2025Portant modification de\nl'arr\u00eat\u00e9 pr\u00e9fectoral du 07 avril 2022 portant cr\u00e9ation du\ncomit\u00e9 ressources en eau du Var\n (4 pages) Page 52\nPr\u00e9fecture du VAR / Direction des s\u00e9curit\u00e9s\n83-2025-07-01-00003 - AP Ouverture Jury FPSE FNMNS (2 pages) Page 57\n83-2025-07-01-00002 - AP Ouverture Jury FPSE MARINE (2 pages) Page 60\n83-2025-07-01-00001 - AP Ouverture Jury FPSE SDIS (2 pages) Page 63\n83-2025-06-30-00002 - Arr\u00eat\u00e9 pr\u00e9fectoral n\u00b02025-BSP-SUR-32 du 30\njuin 2025 modifiant l'arr\u00eat\u00e9 pr\u00e9fectoral n\u00b02024-BSP-SUR-06 du 23\nf\u00e9vrier 2024 fixant les modalit\u00e9s d'ouverture du PPF a\u00e9rodrome de La\nM\u00f4le aux vols extra-Schengen. (3 pages) Page 66\n2\nAgence r\u00e9gionale de sant\u00e9 du Var\n83-2025-06-17-00008\nArr\u00eat\u00e9 fixant le nombre th\u00e9orique d'AMS des\nv\u00e9hicules affect\u00e9s aux transports sanitaires\nterrestres dans le Var\nAgence r\u00e9gionale de sant\u00e9 du Var - 83-2025-06-17-00008 - Arr\u00eat\u00e9 fixant le nombre th\u00e9orique d'AMS des v\u00e9hicules affect\u00e9s aux\ntransports sanitaires terrestres dans le Var 3\nEuREPUBLIQUEFRAN\u00c7AISELibert\u00e9Egalit\u00e9Fraternit\u00e9\n5EsDuf\nAr\u00a9 ) Agence R\u00e9gionale de Sant\u00e9Provence-AlpesC\u00f4te d'Azur\n \n            \n Page 1/2 \n \n \nR\u00e9f : DD83-0225-1005-D \n \nARR\u00caTE DD83-0225-1005-D FIXANT LE NOMBRE THEORIQUE D'AUTORISATIONS DE MISE EN \nSERVICE DES VEHICULES AFFECTES AUX TRANSPORTS SANITAIRES TERRESTRES DANS LE \nDEPARTEMENT DU VAR \n \nLe directeur g\u00e9n\u00e9ral de l'Agence r\u00e9gionale de sant\u00e9 Provence-Alpes-C\u00f4te d'Azur \nVU la loi n\u00b02009-879 du 21 juillet 2009 portant r\u00e9forme de l'h\u00f4pital et relative aux patients, \u00e0 la sant\u00e9 \net aux territoires ; \n \nVU le code de la sant\u00e9 publique et notamment les articles R. 6311-1, R 6311-2, R 6312-1 \u00e0  \nR 6312-23-2 et R. 6312-29 \u00e0 R. 6312-43 ; \n \nVU les r\u00e9sultats de l'enqu\u00eate de recensement pour les communes du Var \u00e0 la date de r\u00e9f\u00e9rence du  \n1er janvier 2021 ; \n \nVU le d\u00e9cret du 16 juillet 2024 portant nomination de Monsieur Yann BUBIEN, en qualit\u00e9 de Directeur \ng\u00e9n\u00e9ral, de l'Agence r\u00e9gionale de sant\u00e9 Provence-Alpes-C\u00f4te d'Azur ; \n \nVU l'arr\u00eat\u00e9 du directeur g\u00e9n\u00e9ral de l'Agence r\u00e9gionale de sant\u00e9 Provence-Alpes-C\u00f4te d'Azur en date \ndu 18 juillet 2024 portant d\u00e9l\u00e9gation de signature de Monsieur S\u00e9bastien MONIE directeur \nd\u00e9partemental du Var ; \n \nConsid\u00e9rant que le d\u00e9partement du Var comptabilise au 1er janvier 2022 une population recens\u00e9e \ntotale qui s'\u00e9l\u00e8ve \u00e0 un million cent huit mille trois-cent-soixante-quatre habitants (1 108 364) ; \n \nConsid\u00e9rant l'arr\u00eat\u00e9 du 5 octobre 1995 relatif \u00e0 l'autorisation de mise en service des v\u00e9hicules affect\u00e9s \naux transports sanitaires terrestres ; \n \nConsid\u00e9rant les caract\u00e9ristiques d\u00e9mographiques du d\u00e9partement du Var et de sa fr\u00e9quentation \nsaisonni\u00e8re estivale ; \n \nConsid\u00e9rant l'avenant 9 \u00e0 la convention nationale des transporteurs sanitaires, sign\u00e9 le 6 d\u00e9cembre \n2019 et publi\u00e9 au Journal officiel le 2 ao\u00fbt 2020, qui autorise la facturation d'un suppl\u00e9ment pour les \ntransports de personnes \u00e0 mobilit\u00e9 r\u00e9duite (TPMR) r\u00e9alis\u00e9s par des v\u00e9hicules sp\u00e9cialement \u00e9quip\u00e9s et \nam\u00e9nag\u00e9s pour accueillir des personnes en fauteuil roulant ; \n \nConsid\u00e9rant l'appel \u00e0 candidatures du 8 juillet 2024 visant \u00e0 renforcer les secteurs 5 et 8 du \nd\u00e9partement du Var ;  \n \nConsid\u00e9rant l'avis rendu par le sous-comit\u00e9 des transports sanitaires du d\u00e9partement du Var lors de la \ns\u00e9ance du 12 d\u00e9cembre 2024 ;  \nAgence r\u00e9gionale de sant\u00e9 du Var - 83-2025-06-17-00008 - Arr\u00eat\u00e9 fixant le nombre th\u00e9orique d'AMS des v\u00e9hicules affect\u00e9s aux\ntransports sanitaires terrestres dans le Var 4\n            \n Page 2/2 \n \n \nSur proposition du directeur d\u00e9partemental de la d\u00e9l\u00e9gation du Var de l'Agence r\u00e9gionale de sant\u00e9 \nProvence-Alpes-C\u00f4te d'Azur ; \n \nARRETE \n \nArticle 1 : \nLe nombre total de v\u00e9hicules autoris\u00e9s aux transports sanitaires terrestres dans le d\u00e9partement du Var \nest de 406 (quatre cent six). \n \nArticle 2 : \nLe pr\u00e9sent arr\u00eat\u00e9 peut faire l'objet, dans un d\u00e9lai de deux mois \u00e0 compter de sa publication au recueil \ndes actes Administratifs de la pr\u00e9fecture Var, d'un recours contentieux devant le Tribunal Administratif \nde Toulon. \n \nArticle 3 :  \nLe directeur d\u00e9partemental de la d\u00e9l\u00e9gation du Var de l'ARS PACA est charg\u00e9 de l'ex\u00e9cution du pr\u00e9sent \narr\u00eat\u00e9 qui sera publi\u00e9 au recueil des actes administratifs du d\u00e9partement du Var. \n \nFait \u00e0 Toulon, le 17 juin 2025 \n \nP/le directeur g\u00e9n\u00e9ral de l'Agence r\u00e9gionale \nde sant\u00e9 PACA, \nLe directeur d\u00e9partemental adjoint du Var \n \n \nNicolas LAMPIRE \n \nSign\u00e9 \nAgence r\u00e9gionale de sant\u00e9 du Var - 83-2025-06-17-00008 - Arr\u00eat\u00e9 fixant le nombre th\u00e9orique d'AMS des v\u00e9hicules affect\u00e9s aux\ntransports sanitaires terrestres dans le Var 5\nDirection d\u00e9partementale des territoires et de la\nmer du Var\n83-2025-07-01-00007\nD\u00e9cision pr\u00e9fectorale portant retrait de\nl'agr\u00e9ment du \nGroupement Agricole d'Exploitation en\nCommun GAEC SAINT GERMAIN n\u00b0 83-2023-011\nDirection d\u00e9partementale des territoires et de la mer du Var - 83-2025-07-01-00007 - D\u00e9cision pr\u00e9fectorale portant retrait de\nl'agr\u00e9ment du \nGroupement Agricole d'Exploitation en Commun GAEC SAINT GERMAIN n\u00b0 83-2023-011\n6\nE =PREFETDU VARLibert\u00e9Egalit\u00e9Fraternit\u00e9\nD\u00e9cision pr\u00e9fectorale portant retrait de l'agr\u00e9ment du \nGroupement Agricole d'Exploitation en Commun (GAEC) concernant le\nGAEC SAINT GERMAIN   n\u00b0   83-2023-011  \nLe Pr\u00e9fet du VAR,\nVU le Code rural et de la p\u00eache maritime, et notamment ses articles L 323-1 \u00e0 L 323-16, R 323-8 \u00e0 323-\n23 et R 323-52 \u00e0 R 323-54,\nVU le d\u00e9cret n\u00b02014-1515 du 15 d\u00e9cembre 2014 relatif aux conditions d'acc\u00e8s des GAEC totaux aux  \naides de la politique agricole commune,\nVU le d\u00e9cret 2025-215 du 25 f\u00e9vrier 2015 relatif aux conditions et modalit\u00e9s d'agr\u00e9ment des GAEC et  \nportant diverses dispositions d'adaptation r\u00e9glementaire,\nVU le d\u00e9cret 2015-216 du 25 f\u00e9vrier 2015 relatif \u00e0 l'agr\u00e9ment en tant que GAEC,\nVU l'arr\u00eat\u00e9 minist\u00e9riel du 24 mars 2015 relatif aux statuts types des GAEC et au dossier de demande  \nd'agr\u00e9ment,\nVU l'arr\u00eat\u00e9 pr\u00e9fectoral du 20 juin 2019 fixant la composition de la formation sp\u00e9cialis\u00e9e de la CDOA  \nconsacr\u00e9e \u00e0 l'examen des dossiers des GAEC,\nVU l'arr\u00eat\u00e9 pr\u00e9fectoral n\u00b02025/25/MCI en date du 02 juin 2025, portant d\u00e9l\u00e9gation de signature \u00e0 M.  \nLaurent BOULET, Directeur d\u00e9partemental des territoires et de la mer du Var, et en cas d'absence ou  \nd'emp\u00eachement, \u00e0 M. Xavier PRUD'HON, directeur d\u00e9partemental adjoint ou \u00e0 M. Lionel HOULLIER,  \ndirecteur d\u00e9partemental adjoint d\u00e9l\u00e9gu\u00e9 \u00e0 la mer et au littoral,\nVU l'arr\u00eat\u00e9 pr\u00e9fectoral n\u00b0DDTM/MPCA/2025-04 du 05 juin 2025 donnant subd\u00e9l\u00e9gation de signature \u00e0  \ndes agents de la Direction d\u00e9partementale des territoires et de la Mer du Var,\nVU  la d\u00e9cision pr\u00e9fectorale du 07 d\u00e9cembre 2023 relative \u00e0 l'agr\u00e9ment du Groupement Agricole  \nd'Exploitation en Commun (GAEC) et \u00e0 l'application de la transparence concernant le GAEC SAINT  \nGERMAIN sous le num\u00e9ro 83-2023-011,\nCONSID\u00c9RANT  que par courriel en date du 01 juillet 2025, Monsieur Christophe GIOLITTI a inform\u00e9 la \nDDTM du Var de son souhait ainsi que de celui de Madame Christine RAGAZZON de ne pas finaliser la  \ncr\u00e9ation de leur GAEC et de rester sur l'entit\u00e9 juridique actuelle, \u00e0 savoir entreprise individuelle avec  \nconjoint collaborateur, pour des raisons \u00e9conomiques,\nCONSID\u00c9RANT qu'au 01 juillet 2025, aucune formalit\u00e9 d'immatriculation du GAEC SAINT GERMAIN  \nn'a \u00e9t\u00e9 r\u00e9alis\u00e9e,\nCONSID\u00c9RANT que le dit groupement ne peut pas \u00eatre regard\u00e9 comme un groupement agricole  \nd'exploitation en commun agr\u00e9\u00e9, au sens du chapitre III du titre II du livre III du code rural et de la  \np\u00eache maritime,\nSur proposition du Directeur d\u00e9partemental des territoires et de la mer du Var ;\nD\u00c9CIDE : \nArticle 1  er     :  \nL'agr\u00e9ment  en  qualit\u00e9  de  Groupement  Agricole  d'Exploitation  en  Commun  total  accord\u00e9  sous  le \nnum\u00e9ro  83-2023-011  au  GAEC  SAINT  GERMAIN,  si\u00e8ge  social  localis\u00e9  Quartier  les  Angognes  \u00e0 \nCORRENS (83570), est retir\u00e9.\nDirection d\u00e9partementale\ndes territoires et de la mer du Var\nDirection d\u00e9partementale des territoires et de la mer du Var - 83-2025-07-01-00007 - D\u00e9cision pr\u00e9fectorale portant retrait de\nl'agr\u00e9ment du \nGroupement Agricole d'Exploitation en Commun GAEC SAINT GERMAIN n\u00b0 83-2023-011\n7\nGAEC compos\u00e9 entre: \nMadame Christine RAGAZZON Quartier les Angognes 83570 CORRENS\nMonsieur Christophe GIOLITTI Quartier les Angognes 83570 CORRENS\nGAEC constitu\u00e9 d'un capital social de 1 500 euros divis\u00e9 en 150 parts de 10 euros :\nNom Nombre de Parts Sociales Proportion du capital social en %\nMadame Christine RAGAZZON 75 50\nMonsieur Christophe GIOLITTI 75 50\nArticle 2:\nLe GAEC SAINT GERMAIN ne peut pas b\u00e9n\u00e9ficier des dispositions des articles R.323-52 et R.323-53 du  \nCode rural et de la p\u00eache maritime pour l'acc\u00e8s aux aides de la politique agricole commune.\nArticle 3:\nLe Directeur d\u00e9partemental des territoires et de la mer du Var est charg\u00e9 de la notification de la  \npr\u00e9sente  d\u00e9cision  \u00e0  Monsieur  Christophe  GIOLITTI  et  Madame  Christine  RAGAZZON,  et  de  sa \npublication au recueil des actes administratifs des services de l'\u00e9tat dans le Var.\nFait \u00e0 Toulon, le 01 juillet 2025\nLe pr\u00e9fet du Var\nSign\u00e9\nSimon BABRE\nCette d\u00e9cision peut \u00eatre contest\u00e9e dans les deux mois qui suivent sa notification si vous estimez qu'il a \u00e9t\u00e9 fait une application  \nincorrecte de la r\u00e9glementation en vigueur, en pr\u00e9cisant le point sur lequel porte votre contestation, par un recours contentieux  \ndevant  le  tribunal  administratif,  pr\u00e9c\u00e9d\u00e9,  \u00e0  peine  d'irrecevabilit\u00e9,  d'un  recours  administratif  pr\u00e9alable  obligatoire  aupr\u00e8s  du \nMinistre charg\u00e9 de l'Agriculture.\nDirection d\u00e9partementale des territoires et de la mer du Var - 83-2025-07-01-00007 - D\u00e9cision pr\u00e9fectorale portant retrait de\nl'agr\u00e9ment du \nGroupement Agricole d'Exploitation en Commun GAEC SAINT GERMAIN n\u00b0 83-2023-011\n8\nDirection d\u00e9partementale des territoires et de la\nmer du Var\n83-2025-07-01-00006\nARR\u00caTE PR\u00c9FECTORAL n\u00b0 DDTM/SEBIO/2025-65\ndu 01 JUILLET 2025 relatif \u00e0 la gestion des\np\u00e9riodes de s\u00e9cheresse pour le d\u00e9partement du\nVar\nDirection d\u00e9partementale des territoires et de la mer du Var - 83-2025-07-01-00006 - ARR\u00caTE PR\u00c9FECTORAL n\u00b0 DDTM/SEBIO/2025-65\ndu 01 JUILLET 2025 relatif \u00e0 la gestion des p\u00e9riodes de s\u00e9cheresse pour le d\u00e9partement du Var 9\n=mPREFETDU VARLibert\u00e9Egalit\u00e9Fraternit\u00e9\nARR\u00caTE PR\u00c9FECTORAL n\u00b0 DDTM/SEBIO/2025-65 du 01 JUILLET 2025\nrelatif \u00e0 la gestion des p\u00e9riodes de s\u00e9cheresse pour le d\u00e9partement du Var\nLe Pr\u00e9fet du Var,\nVu le code de l'environnement  et notamment les articles L. 211-3, L. 212-4, R. 216-9 et  \nR. 211-66 \u00e0 R. 211-70  ;\nVu le code de la sant\u00e9 publique et notamment l'article R. 1321-9 ;\nVu le code g\u00e9n\u00e9ral des collectivit\u00e9s territoriales, notamment les articles L. 2215-1 et L. 2212-2 ; \nVu le d\u00e9cret du Pr\u00e9sident de la R\u00e9publique du 15 mai 2025 portant nomination de M. Simon  \nBABRE, pr\u00e9fet du Var ;\nVu l'arr\u00eat\u00e9 pr\u00e9fectoral n\u00b0 2025/12/ MCI du 2 juin 2025 portant d\u00e9l\u00e9gation de signature \u00e0 M.  \nLucien  GIUDICELLI,  Secr\u00e9taire  g\u00e9n\u00e9ral  de  la  pr\u00e9fecture  du  Var,  Sous-pr\u00e9fet  de  \nl'arrondissement de Toulon ;\nVu le d\u00e9cret n\u00b02021-795 du 23 juin 2021 relatif \u00e0 la gestion quantitative de la ressource en eau  \net \u00e0 la gestion des situations de crise li\u00e9es \u00e0 la s\u00e9cheresse ;\nVu l'arr\u00eat\u00e9  du  21  mars  2022  du  pr\u00e9fet coordonnateur  du  bassin  Rh\u00f4ne-M\u00e9diterran\u00e9e \napprouvant le sch\u00e9ma directeur d'am\u00e9nagement et de gestion des eaux du bassin (SDAGE) et \nle programme de mesures 2022-2027 du bassin Rh\u00f4ne-M\u00e9diterran\u00e9e ;\nVu l'arr\u00eat\u00e9  n\u00b02023-87  du  pr\u00e9fet coordonnateur  du  Bassin  Rh\u00f4ne-M\u00e9diterran\u00e9e  du  \n21 mars 2023 modifiant l'arr\u00eat\u00e9 n\u00b02021-327 du 23 juillet 2021 relatif au renforcement de la  \ncoordination des mesures de gestion de la s\u00e9cheresse sur le bassin Rh\u00f4ne-M\u00e9diterran\u00e9e ;\nVu  l'arr\u00eat\u00e9 du 30 juin 2023 modifi\u00e9 le 3 juillet 2024 relatif aux mesures de restriction, en  \np\u00e9riode  de  s\u00e9cheresse,  portant  sur  le  pr\u00e9l\u00e8vement  d'eau  et  la  consommation  d'eau  des \ninstallations class\u00e9es pour la protection de l'environnement ;\nVu l'arr\u00eat\u00e9 cadre interd\u00e9partemental du 26 juin 2024 relatif \u00e0 la gestion et \u00e0 la pr\u00e9vention de  \nla ressource en eau stock\u00e9e dans les syst\u00e8mes Serre-Pon\u00e7on, Sainte-Croix/Castillon et Saint-  \nCassien en p\u00e9riode de p\u00e9nurie ;\nVu l'arr\u00eat\u00e9 pr\u00e9fectoral n\u00b0DDTM/SEBIO/2025-01 du                                 portant modification de  \nl'arr\u00eat\u00e9 pr\u00e9fectoral du 07 avril 2022 portant cr\u00e9ation du comit\u00e9 ressources en eau du Var ;\n1\nDirection d\u00e9partementale\ndes territoires et de la mer du Var\nDirection d\u00e9partementale des territoires et de la mer du Var - 83-2025-07-01-00006 - ARR\u00caTE PR\u00c9FECTORAL n\u00b0 DDTM/SEBIO/2025-65\ndu 01 JUILLET 2025 relatif \u00e0 la gestion des p\u00e9riodes de s\u00e9cheresse pour le d\u00e9partement du Var 10\nVu l'arr\u00eat\u00e9  modificatif  n\u00b0DDTM/SEBIO/2022-73  du  12  ao\u00fbt  2022  portant  modification  de \nl'arr\u00eat\u00e9 cadre d\u00e9partemental n\u00b0DDTM/SEBIO/2022-35 du 17 juin 2022 relatif \u00e0 la gestion des  \np\u00e9riodes de s\u00e9cheresse pour le d\u00e9partement du Var ;\nVu l'instruction de la ministre de la transition \u00e9cologique du 27 juillet 2021 relative \u00e0 la gestion \ndes situations de crise li\u00e9es \u00e0 la s\u00e9cheresse hydrologique ;\nVu l'instruction du ministre de la transition \u00e9cologique et de la coh\u00e9sion des territoires du  \n16 mai 2023 relative \u00e0 la gestion de la gestion de la s\u00e9cheresse pr\u00e9sentant le guide circulaire  \nde mise en \u0153uvre des mesures de restriction des usages de l'eau en p\u00e9riode de s\u00e9cheresse ;\nVu  l'instruction du ministre de la transition \u00e9cologique et de la coh\u00e9sion des territoires du  \n14 d\u00e9cembre 2023 relative \u00e0 la mise en \u0153uvre du d\u00e9cret n\u00b0 2021-795 et du d\u00e9cret n\u00b0 2022-1078 \ndu 29 juillet 2022 relatifs \u00e0 la gestion quantitative de la ressource en eau ;\nVu le rapport sur le retour d'exp\u00e9rience sur la gestion de la s\u00e9cheresse 2019 dans le domaine  \nde l'eau, de d\u00e9cembre 2019, du conseil g\u00e9n\u00e9ral de l'environnement et du d\u00e9veloppement  \ndurable ;\nVu  le  plan  d'adaptation  au  changement  climatique  pour  le  bassin  Rh\u00f4ne-M\u00e9diterran\u00e9e \nadopt\u00e9 le 08 d\u00e9cembre 2023, identifiant notamment comme enjeux prioritaires pour r\u00e9duire  \nla sensibilit\u00e9 des territoires :  la baisse de la disponibilit\u00e9 en eau et l'ass\u00e8chement des sols ;\nVu le courrier du  pr\u00e9fet de r\u00e9gion Provence-Alpes-C\u00f4te-d'Azur du 24 f\u00e9vrier 2014 portant  \nnotification de l'\u00e9tude d'\u00e9valuation des volumes pr\u00e9levables de l'Argens ;\nVu le  courrier  du  pr\u00e9fet de  r\u00e9gion  Provence-Alpes-C\u00f4te-d'Azur  du  12  avril  2016 portant  \nnotification de l'\u00e9tude d'\u00e9valuation des volumes pr\u00e9levables des nappes alluviales Giscle-\nM\u00f4le ;\nVu le  courrier  du  pr\u00e9fet de  r\u00e9gion  Provence-Alpes-C\u00f4te-d'Azur  du  28  mars  2018  portant \nnotification de l'\u00e9tude d'\u00e9valuation des volumes pr\u00e9levables du Gapeau ;\nVu les avis \u00e9mis lors de la consultation du public qui s'est d\u00e9roul\u00e9e dans le d\u00e9partement du  \nVar du 27 f\u00e9vrier 2025 au 20 mars 2025 inclus, en application de l'article L.123-19-1 du code de \nl'environnement ;\nConsid\u00e9rant la  n\u00e9cessit\u00e9  d'anticiper  les  p\u00e9riodes  de  s\u00e9cheresse  par  une  planification \npr\u00e9alable des mesures de limitation afin de faciliter la gestion de la ressource en eau en  \np\u00e9riode de crise et de renforcer la coordination par bassin versant ;\nConsid\u00e9rant que l'article R. 211-67 du code de l'environnement permet au pr\u00e9fet la cr\u00e9ation  \nd'une zone d'alerte pour un sous-bassin, bassin ou groupement de bassins correspondant \u00e0  \nune unit\u00e9 hydrographique coh\u00e9rente, dans laquelle sont susceptibles d'\u00eatre prescrites les  \nmesures mentionn\u00e9es \u00e0 l'article R. 211-66 du m\u00eame code ;\nConsid\u00e9rant  que  les  mesures  de  vigilance,  de  restriction  ou  d'interdiction  provisoires  de \ncertains usages de l'eau peuvent \u00eatre rendues n\u00e9cessaires pour la pr\u00e9servation de la sant\u00e9, de  \nla salubrit\u00e9 publique, de l'alimentation en eau potable, des \u00e9cosyst\u00e8mes aquatiques et pour la \nprotection de la ressource en eau ;\nConsid\u00e9rant  qu'il  est  n\u00e9cessaire  d'adapter  les  dispositions  de  l'arr\u00eat\u00e9  minist\u00e9riel  du \n30 juin 2023 relatif  aux  mesures  de  restriction,  en  p\u00e9riode  de  s\u00e9cheresse,  portant  sur  le \n2\nDirection d\u00e9partementale des territoires et de la mer du Var - 83-2025-07-01-00006 - ARR\u00caTE PR\u00c9FECTORAL n\u00b0 DDTM/SEBIO/2025-65\ndu 01 JUILLET 2025 relatif \u00e0 la gestion des p\u00e9riodes de s\u00e9cheresse pour le d\u00e9partement du Var 11\npr\u00e9l\u00e8vement  d'eau  et  la  consommation  des  installations  class\u00e9es  pour  la  protection  de \nl'environnement,  aux  circonstances  locales  en  fixant  des  objectifs  de  r\u00e9duction  moins \ncontraignants que le national concernant la ressource stock\u00e9e en seuil de crise ;\nConsid\u00e9rant  qu'il  est  n\u00e9cessaire  d'adapter  les  dispositions  de  l'arr\u00eat\u00e9  minist\u00e9riel  du \n30 juin 2023 aux  circonstances  locales  en  proposant  l'\u00e9laboration  d'un  plan  de  sobri\u00e9t\u00e9 \nhydrique (PSH) ayant pour objectif de r\u00e9aliser une \u00e9conomie p\u00e9renne de la ressource en eau,  \ncomme mesure d'adaptation aux restrictions ;\nConsid\u00e9rant  que  la  planification  des  mesures  de  limitation  des  pr\u00e9l\u00e8vements  d'eau  est \nessentielle  pour  garantir  l'efficacit\u00e9,  la  coh\u00e9rence,  la  progressivit\u00e9  et  l'acceptabilit\u00e9  des \nmesures, permettant une plus grande transparence et garantissant une solidarit\u00e9 entre usages \net usagers ;\nConsid\u00e9rant la n\u00e9cessit\u00e9 d'anticiper les situations de p\u00e9nurie, de renforcer les actions de  \ncommunication aupr\u00e8s des usagers, et de r\u00e9duire les d\u00e9lais entre l'appr\u00e9ciation de l'\u00e9volution  \nde la situation et la prise des mesures r\u00e9glementant les usages de l'eau et leur application ;\nConsid\u00e9rant que les mesures de limitations des pr\u00e9l\u00e8vements d'eau ne doivent pas seulement \ntenir compte des limites administratives des d\u00e9partements dans lesquels elles sont arr\u00eat\u00e9es,  \nmais \u00e9galement de la r\u00e9alit\u00e9 hydrologique et/ou hydrog\u00e9ologique de la ressource en eau  \nconcern\u00e9e ;\nConsid\u00e9rant qu'une connaissance permanente des d\u00e9bits de certains cours d'eau est rendue  \npossible  par  le  suivi  hydrom\u00e9trique  de  la  direction  r\u00e9gionale  de  l'environnement,  de \nl'am\u00e9nagement  et  du  logement  (DREAL)  Provence-Alpes-C\u00f4te-d'Azur,  compl\u00e9t\u00e9e  par  les \ndonn\u00e9es issues du r\u00e9seau de l'observatoire national des \u00e9tiages (ONDE) fournies par l'office  \nfran\u00e7ais pour la biodiversit\u00e9 (OFB) ;\nConsid\u00e9rant la n\u00e9cessit\u00e9 de maintenir les usages contribuant \u00e0 la souverainet\u00e9 alimentaire ;\nConsid\u00e9rant la concertation r\u00e9alis\u00e9e lors du comit\u00e9 ressources en eau du 10 mars 2025 ;\nSur proposition du directeur d\u00e9partemental des territoires et de la mer du Var :\nARR\u00caTE\nArticle 1  er   : Abrogation de l'arr\u00eat\u00e9 pr\u00e9c\u00e9dent\nL'arr\u00eat\u00e9-cadre d\u00e9partemental n\u00b0DDTM/SEBIO/2022-35 du 17 juin 2022 et l'arr\u00eat\u00e9 modificatif  \nn\u00b0DDTM/SEBIO/2022-73 du 12 ao\u00fbt 2022 sont abrog\u00e9s.\nArticle 2 : Objet de l'arr\u00eat\u00e9-cadre d\u00e9partemental du Var\nLe pr\u00e9sent arr\u00eat\u00e9-cadre d\u00e9partemental d\u00e9finit, pour le d\u00e9partement du Var, un dispositif de  \nmesures et de contr\u00f4les pour faire face aux cons\u00e9quences de s\u00e9cheresse et de p\u00e9nurie d'eau.\nL'objectif g\u00e9n\u00e9ral est de g\u00e9rer une situation d\u00e9ficitaire en eau et de pr\u00e9server les usages  \nprioritaires, plus particuli\u00e8rement l'alimentation en eau potable des populations, les usages en \n3\nDirection d\u00e9partementale des territoires et de la mer du Var - 83-2025-07-01-00006 - ARR\u00caTE PR\u00c9FECTORAL n\u00b0 DDTM/SEBIO/2025-65\ndu 01 JUILLET 2025 relatif \u00e0 la gestion des p\u00e9riodes de s\u00e9cheresse pour le d\u00e9partement du Var 12\nlien  avec  la  sant\u00e9,  la  salubrit\u00e9  publique,  la  s\u00e9curit\u00e9  civile,  la  s\u00e9curit\u00e9  des  installations \nindustrielles, l'abreuvement des animaux ainsi que les fonctions biologiques des cours d'eau.\nLe pr\u00e9sent arr\u00eat\u00e9 pr\u00e9conise \u00e9galement des actions d'incitation \u00e0 la lutte contre le gaspillage  \npour les gestionnaires et les usagers  ; la ma\u00eetrise des pr\u00e9l\u00e8vements s'av\u00e8re en effet un outil  \nefficace pour retarder l'apparition de situations de p\u00e9nurie.\nPour les collectivit\u00e9s, une bonne gestion patrimoniale programm\u00e9e des r\u00e9seaux d'eau potable \net des plans fournis de lutte contre les fuites constituent des mesures socles destin\u00e9es \u00e0 \u00eatre  \nrenforc\u00e9es.\nArticle 3 : Champs d'application des mesures de limitation\nLe  pr\u00e9sent  arr\u00eat\u00e9-cadre  d\u00e9partemental est  fond\u00e9  sur  un  zonage  (zones  d'alerte),  sur  des \nniveaux de gravit\u00e9 rattach\u00e9s \u00e0 des conditions de d\u00e9clenchement (seuils de d\u00e9bits, niveaux de  \nnappes d'eau souterraine, donn\u00e9es d'observation sur les assecs, stations de r\u00e9f\u00e9rence) et sur  \ndes mesures de restriction gradu\u00e9es \u00e0 prendre selon le niveau de gravit\u00e9 (vigilance, alerte,  \nalerte renforc\u00e9e et crise).\nLes mesures de vigilance, restriction ou interdiction temporaires des usages sont prononc\u00e9es  \npar arr\u00eat\u00e9 pr\u00e9fectoral. Celui-ci pr\u00e9cise la dur\u00e9e de validit\u00e9 de ces mesures, fix\u00e9e par d\u00e9faut au \n15 octobre de l'ann\u00e9e en cours.\nLe seuil de vigilance s'applique sur l'ensemble du d\u00e9partement.\nLes seuils d'alerte, d'alerte renforc\u00e9e ou de crise sont examin\u00e9s zone par zone et entra\u00eenent  \nles mesures de limitation des usages par zone.  Dans un objectif de r\u00e9activit\u00e9 renforc\u00e9e, le  \nd\u00e9lai entre le constat d'un \u00e9tat probl\u00e9matique et la signature d'un arr\u00eat\u00e9 de restrictions des  \nusages est fix\u00e9 \u00e0 huit jours. \nLe respect des mesures de restrictions contribue \u00e0 ne pas atteindre ou atteindre le plus tard  \npossible les niveaux de gravit\u00e9 sup\u00e9rieurs.\nArticle 4 : Gouvernance\nLe comit\u00e9 ressources en eau (CRE), permet de repr\u00e9senter l'ensemble des usagers de l'eau. Il  \nconstitue  l'instance  de  concertation  pour  la  gestion  de  la  s\u00e9cheresse,  ainsi  que  pour \nl'\u00e9laboration, la r\u00e9vision et le suivi de la mise en \u0153uvre de l'arr\u00eat\u00e9-cadre d\u00e9partemental.\nIl est compos\u00e9 :\n\u2022 des repr\u00e9sentants de l'\u00c9tat ;\n\u2022 des  repr\u00e9sentants  des  collectivit\u00e9s  territoriales,  de  leurs  groupements  et  des \n\u00e9tablissements publics locaux ;\n\u2022 des repr\u00e9sentants des usagers et des associations.\nLa composition compl\u00e8te et le r\u00f4le du comit\u00e9 ressources en eau figurent en annexe 8.\n4\nDirection d\u00e9partementale des territoires et de la mer du Var - 83-2025-07-01-00006 - ARR\u00caTE PR\u00c9FECTORAL n\u00b0 DDTM/SEBIO/2025-65\ndu 01 JUILLET 2025 relatif \u00e0 la gestion des p\u00e9riodes de s\u00e9cheresse pour le d\u00e9partement du Var 13\nLorsque le service charg\u00e9 de la police de l'eau de la direction d\u00e9partementale des territoires  \net de la mer constate que les conditions de passage aux stades de vigilance, d'alerte, d'alerte  \nrenforc\u00e9e ou de crise sur une ou plusieurs zones du d\u00e9partement sont r\u00e9unies, il propose au  \npr\u00e9fet de  prescrire  les  mesures  de  restriction  pr\u00e9vues  par  le  pr\u00e9sent  arr\u00eat\u00e9  cadre \nd\u00e9partemental.\nLe comit\u00e9 ressources en eau peut \u00eatre consult\u00e9 pr\u00e9alablement \u00e0 la prise de mesures de  \nrestrictions temporaires des usages de l'eau.\nCette consultation peut se faire de mani\u00e8re d\u00e9mat\u00e9rialis\u00e9e, avec un d\u00e9lai de consultation  \npermettant de respecter la r\u00e9activit\u00e9 recherch\u00e9e. Le passage en crise, en particulier sur des  \nbassins versants de taille importante, pourra n\u00e9cessiter la tenue d'une r\u00e9union pl\u00e9ni\u00e8re du  \ncomit\u00e9, le cas \u00e9ch\u00e9ant par visioconf\u00e9rence.\nLe  comit\u00e9  ressources  en  eau  veille  \u00e9galement  \u00e0  renforcer  la  communication  et  la \nsensibilisation des usagers et du public sur les mesures prises.\nArticle     5   : Zones d'alerte s\u00e9cheresse\nAfin de prendre en compte les sp\u00e9cificit\u00e9s locales, le d\u00e9partement du Var a \u00e9t\u00e9 divis\u00e9 en  \ndiff\u00e9rentes  zones  caract\u00e9ris\u00e9es  par  un  fonctionnement  hydraulique  et  hydrog\u00e9ologique \ncoh\u00e9rent,  tenant  compte  \u00e9galement  du  mode  d'approvisionnement  de  la  ressource \nd'alimentation en eau potable.\nLes annexes 1 et 2 pr\u00e9sentent respectivement une cartographie des zones et la r\u00e9partition des \ncommunes par zone.\nEaux superficielles     :  \n\u2022 Zone Argens \u2022 Zone Gapeau\n\u2022 Zone fleuves c\u00f4tiers Ouest \u2022 Zone Artuby-Jabron\n\u2022 Zone Verdon \u2022 Zone Huveaune amont\n\u2022 Zone Arc amont \u2022 Zone Durance\n\u2022 Zone Siagne amont \u2022 Zone Siagne aval\nEaux souterraines     :  \n\u2022 Zone nappe alluviale de la basse vall\u00e9e  \nde l'Argens \u2022 Zone nappe alluviale de la Giscle-M\u00f4le\nArticle 6 : Niveaux de gravit\u00e9\nLes quatre niveaux, de gravit\u00e9 croissante, correspondent aux situations suivantes :\n\u2022 Niveau de vigilance : il marque le d\u00e9clenchement de mesures de communication et de  \nsensibilisation du grand public et des professionnels d\u00e8s que la tendance hydrologique  \n5\nDirection d\u00e9partementale des territoires et de la mer du Var - 83-2025-07-01-00006 - ARR\u00caTE PR\u00c9FECTORAL n\u00b0 DDTM/SEBIO/2025-65\ndu 01 JUILLET 2025 relatif \u00e0 la gestion des p\u00e9riodes de s\u00e9cheresse pour le d\u00e9partement du Var 14\nlaisse pressentir un risque de crise \u00e0 court ou moyen terme et que la situation est  \nsusceptible de s'aggraver en l'absence de pluies significatives \u00e0 venir. Ce niveau fait  \nappel aux utilisateurs d'eau pour r\u00e9duire \u00e0 leur initiative leur consommation et \u00e9viter  \nles usages non indispensables.\n\u2022 Niveau d'alerte : le franchissement de ce niveau signifie que la coexistence de tous les  \nusages et le bon fonctionnement des milieux risquent de ne plus \u00eatre assur\u00e9s. Lorsque  \nles conditions de d\u00e9clenchement sont constat\u00e9es, les premi\u00e8res mesures de limitation  \neffectives des usages de l'eau sont mises en place.\n\u2022 Niveau  d'alerte  renforc\u00e9e :  tous  les  pr\u00e9l\u00e8vements  ne  peuvent  \u00eatre  simultan\u00e9ment \nsatisfaits. Cette situation d'aggravation du niveau d'alerte conduit \u00e0 une limitation  \nprogressive des pr\u00e9l\u00e8vements et le renforcement substantiel des mesures de restriction \nou de suspension provisoire des usages si n\u00e9cessaire, afin de ne pas atteindre le niveau  \nde crise.\n\u2022 Niveau de crise  : l'atteinte de ce niveau doit imp\u00e9rativement \u00eatre \u00e9vit\u00e9e par toute  \nmesure pr\u00e9alable. En effet, l'atteinte de ce niveau implique de r\u00e9server les capacit\u00e9s de \nla ressource pour l'alimentation en eau potable des populations, pour les usages en lien \navec  la  sant\u00e9,  la  salubrit\u00e9  publique,  la  s\u00e9curit\u00e9  civile,  la  s\u00e9curit\u00e9  des  installations \nindustrielles, l'abreuvement des animaux et la pr\u00e9servation des fonctions biologiques  \ndes cours d'eau. L'arr\u00eat des usages non prioritaires s'impose alors.\nArticle     7     : Crit\u00e8res de d\u00e9clenchement des niveaux de gravit\u00e9\nArticle 7 .1 : Param\u00e8tres d'\u00e9valuation de la situation\nLa situation hydrologique est appr\u00e9ci\u00e9e par les indicateurs suivants :\n\u2794 les d\u00e9bits des cours d'eau, mesur\u00e9s en des points strat\u00e9giques de r\u00e9f\u00e9rence du r\u00e9seau  \nde  surveillance  des  cours  d'eau  g\u00e9r\u00e9s  par  la  DREAL  Provence-Alpes-C\u00f4te-d'Azur et \ndisponibles sur le site HydroPortail (https://www.hydro.eaufrance.fr/) ;\n\u2794 les cumuls de pr\u00e9cipitation et les pr\u00e9visions m\u00e9t\u00e9orologiques transmis par les services  \nde M\u00e9t\u00e9o France ;\n\u2794 l'\u00e9tat des milieux aquatiques, via les campagnes d'observation d'\u00e9tiage men\u00e9es par  \nl'office fran\u00e7ais de la biodiversit\u00e9 dans le cadre du r\u00e9seau de l'observatoire national des \n\u00e9tiages (ONDE). Ces observations permettent d'une part d'appr\u00e9cier la pr\u00e9cocit\u00e9 de  \nl'\u00e9tiage  et  d'autre  part  de  suivre  l'\u00e9volution  de  la  situation.  Les  donn\u00e9es  sont \ndisponibles sur le site du r\u00e9seau ONDE (https://onde.eaufrance.fr/) ;\n\u2794 le niveau des nappes alluviales (basse vall\u00e9e de l'Argens et Giscle-M\u00f4le) utilis\u00e9es pour  \nl'alimentation en eau potable, suivis par les gestionnaires d'eau potable ;\n\u2794 des  donn\u00e9es  compl\u00e9mentaires  (suivis  hydrologiques  sur  des  sous-bassins  versants \npr\u00e9cisant les donn\u00e9es des stations retenues dans le pr\u00e9sent arr\u00eat\u00e9 cadre, donn\u00e9es  \npiscicoles, thermiques, donn\u00e9es sur l'alimentation en eau potable, etc.) fournies par les \nacteurs du territoire (f\u00e9d\u00e9ration de p\u00eache, syndicats de rivi\u00e8re, structures de gestion  \nd'eau potable, etc.).\n6\nDirection d\u00e9partementale des territoires et de la mer du Var - 83-2025-07-01-00006 - ARR\u00caTE PR\u00c9FECTORAL n\u00b0 DDTM/SEBIO/2025-65\ndu 01 JUILLET 2025 relatif \u00e0 la gestion des p\u00e9riodes de s\u00e9cheresse pour le d\u00e9partement du Var 15\nCrit\u00e8res d'analyses de l'\u00e9volution de la situation\nSeuil de \nvigilance\n\u2022 \u00c0 compter du 1er mars, sauf situation exceptionnelle, pluviom\u00e9trie d\u00e9ficitaire sur une \np\u00e9riode de 6 mois (d\u00e9ficit sup\u00e9rieur \u00e0 30 % sur plusieurs secteurs par rapport \u00e0 la moyenne \npluriannuelle sur cette m\u00eame p\u00e9riode), ou d\u00e9ficit de plus de 20 % sur une p\u00e9riode de \nplusieurs ann\u00e9es cons\u00e9cutives ;\n\u2022 Pr\u00e9cocit\u00e9 d'apparition des assecs (ONDE)\nSeuil \nd'alerte \n\u2022 D\u00e9bit du cours d'eau ou niveau pi\u00e9zom\u00e9trique inf\u00e9rieur pendant 5 jours cons\u00e9cutifs ou 5 \njours par p\u00e9riode de 7 jours au d\u00e9bit ou niveau d'alerte sur une zone ;\n\u2022 D\u00e9croissance rapide du niveau des cours d'eau et pr\u00e9cocit\u00e9 d'apparition des assecs \nsup\u00e9rieure \u00e0 2 mois (ONDE) ;\n\u2022 Pr\u00e9visions m\u00e9t\u00e9orologiques\nSeuil \nd'alerte \nrenforc\u00e9e \n\u2022 D\u00e9bit du cours d'eau ou niveau pi\u00e9zom\u00e9trique inf\u00e9rieur pendant 5 jours cons\u00e9cutifs ou 5 \njours par p\u00e9riode de 7 jours au d\u00e9bit ou niveau d'alerte renforc\u00e9e sur une zone ;\n\u2022 D\u00e9croissance de l'indice ONDE ;\n\u2022 Pr\u00e9visions m\u00e9t\u00e9orologiques\nSeuil de \ncrise\n\u2022 D\u00e9bit du cours d'eau ou niveau pi\u00e9zom\u00e9trique inf\u00e9rieur pendant 5 jours cons\u00e9cutifs ou 5 \njours par p\u00e9riode de 7 jours au d\u00e9bit ou niveau de crise sur une zone ;\n\u2022 D\u00e9gradation importante des niveaux des nappes ;\n\u2022 Assecs exceptionnels des cours d'eau ;\n\u2022 P\u00e9nurie d'eau potable, etc.\nPassage \u00e0 \nun seuil \ninf\u00e9rieur\nOn consid\u00e8re le seuil inf\u00e9rieur franchi lorsque le d\u00e9bit ou le niveau pi\u00e9zom\u00e9trique moyen \njournalier repasse \u00e0 un niveau sup\u00e9rieur \u00e0 un seuil donn\u00e9 pendant au moins 10 jours \ncons\u00e9cutifs\nArticle 7 .2 : Valeurs des seuils de d\u00e9clenchement pour les zones superficielles\nLes d\u00e9bits de gestion sont repris dans les tableaux suivants pour les zones superficielles  \nconcern\u00e9es.\nZONE ARGENS\nStation hydrom\u00e9trique QMNA5\n(l/s)\nD\u00e9bit d'ALERTE \n(l/s)\nD\u00e9bit d'ALERTE\nRENFORC\u00c9E (l/s)\nD\u00e9bit de CRISE \n(l/s)\nL'Argens \u00e0 Chateauvert - \n[Y5032010] 711 800 692 500\nL'Argens \u00e0 Roquebrune -\n[Y5312010] 3241 3920 3400 2900\nLe Caramy \u00e0 Vins-sur-Caramy \n- [Y5105010] 374 455 365 300\nSource\u00a0:\u00a0Notification\u00a0des\u00a0\u00e9tudes\u00a0EVP\u00a0Argens\u00a0(2014)\n7\nDirection d\u00e9partementale des territoires et de la mer du Var - 83-2025-07-01-00006 - ARR\u00caTE PR\u00c9FECTORAL n\u00b0 DDTM/SEBIO/2025-65\ndu 01 JUILLET 2025 relatif \u00e0 la gestion des p\u00e9riodes de s\u00e9cheresse pour le d\u00e9partement du Var 16\nZONE GAPEAU\nStation hydrom\u00e9trique QMNA5\n(l/s)\nD\u00e9bit d'ALERTE \n(l/s)\nD\u00e9bit d'ALERTE\nRENFORC\u00c9E (l/s)\nD\u00e9bit de CRISE \n(l/s)\nLe R\u00e9al-Martin \u00e0 La Crau - \n[Y4615020] 81 168 125 100\nLe Gapeau \u00e0 Solli\u00e8s-Pont  - \n[Y4604020] 57 150 125 100\nSource\u00a0:\u00a0Notification\u00a0des\u00a0\u00e9tudes\u00a0EVP\u00a0Gapeau\u00a0(2018)\nZONE ARTUBY-JABRON\nStation hydrom\u00e9trique QMNA5\n(l/s)\nD\u00e9bit d'ALERTE \n(l/s)\nD\u00e9bit d'ALERTE\nRENFORC\u00c9E (l/s)\nD\u00e9bit de CRISE \n(l/s)\nL'Artuby \u00e0 La Bastide - \n[X2414030] 195 200 170 110\nSource\u00a0:\u00a0\u00c9tude\u00a0d'incidence\u00a0des\u00a0pr\u00e9l\u00e8vements\u00a0en\u00a0eau\u00a0sur\u00a0les\u00a0nappes\u00a0et\u00a0cours\u00a0d'eau\u00a0du\u00a0bassin\u00a0versant\u00a0de\u00a0\nl'Artuby\u00a0et\u00a0proposition\u00a0de\u00a0mesures\u00a0de\u00a0gestion\u00a0(PNR\u00a0Verdon)\nArticle 7 .3 : Valeurs des seuils de d\u00e9clenchement pour les zones souterraines \nNappe alluviale de la basse vall\u00e9e de l'Argens :\nLa nappe alluviale de la basse vall\u00e9e de l'Argens est peu influenc\u00e9e par le fleuve, les apports  \nd'eau superficielles provenant surtout des versants, l'essentiel des apports provenant des  \nr\u00e9seaux superficiels et souterrains amont. Ces apports en provenance de l'amont sont sal\u00e9s  \nnaturellement (sulfates essentiellement), alors que des intrusions salines marines peuvent \u00eatre \nobserv\u00e9es. \nLe d\u00e9s\u00e9quilibre pluviom\u00e9trique cumul\u00e9 reste un indicateur compl\u00e9mentaire.\nZONE NAPPE BASSE VALL\u00c9E DE L'ARGENS\nPi\u00e9zom\u00e8tre suivi D\u00e9bit d'ALERTE \n(mNGF)\nD\u00e9bit d'ALERTE\nRENFORC\u00c9E (mNGF)\nD\u00e9bit de CRISE \n(mNGF)\nCoulloubrier 13,2 13,1 13\nVerteil 0,6 0,55 0,5\nLa transmission des donn\u00e9es de niveaux pi\u00e9zom\u00e9triques est \u00e0 effectuer aupr\u00e8s de la DDTM,  \nservice  police  de  l'eau :  ddtm-secheresse@var.gouv.fr,  par  les  services  producteurs  (SEVE- \nsyndicat  de  l'Eau  Est  Var)  d\u00e8s  l'atteinte  du  niveau  d'alerte  et  suivant  une  fr\u00e9quence \npermettant de suivre la situation hebdomadairement et a minima tous les 15 jours.\nNappe alluviale Giscle - M\u00f4le :\nDu fait de relations nappes-cours d'eau, les pr\u00e9l\u00e8vements en nappe contribuent \u00e0 accentuer  \nles assecs naturels le long des cours d'eau. La r\u00e9activit\u00e9 de la nappe vis-\u00e0-vis des conditions  \nhydroclimatiques, inf\u00e9rieure au mois, est forte, ce qui a pour cons\u00e9quence d'une part une  \n8\nDirection d\u00e9partementale des territoires et de la mer du Var - 83-2025-07-01-00006 - ARR\u00caTE PR\u00c9FECTORAL n\u00b0 DDTM/SEBIO/2025-65\ndu 01 JUILLET 2025 relatif \u00e0 la gestion des p\u00e9riodes de s\u00e9cheresse pour le d\u00e9partement du Var 17\n\u00e9troite d\u00e9pendance entre pluviom\u00e9trie et d\u00e9bit pr\u00e9levable dans la nappe  et d'autre part une \n\u00e9tendue des assecs des cours d'eau comme facteur limitant des pr\u00e9l\u00e8vements en nappe.\nS'agissant du biseau sal\u00e9,  le barrage anti-sel limite les entr\u00e9es d'eau saum\u00e2tre  ; la contrainte  \ndes assecs des cours d'eau limite les pr\u00e9l\u00e8vements en nappe bien en de\u00e7\u00e0 des pr\u00e9l\u00e8vements  \nn\u00e9cessaires \u00e0 une intrusion saline.\n\u2022 Les niveaux pi\u00e9zom\u00e9triques d'alerte (NPA) ont \u00e9t\u00e9 d\u00e9finis, de sorte qu'une pi\u00e9zom\u00e9trie \nde  nappe  inf\u00e9rieure  pourra  engendrer  dans  un  d\u00e9lai  court  (inf\u00e9rieur  \u00e0  1 mois)  une \nincidence p\u00e9jorative sur les assecs (en longueur et/ou en dur\u00e9e) par rapport \u00e0 ceux  \njug\u00e9s n\u00e9cessaires \u00e0 la conservation du bon \u00e9tat du milieu et la satisfaction des usages 8  \nann\u00e9es sur 10. Ce niveau n\u00e9cessite la mise en place de mesures de plafonnement des  \npr\u00e9l\u00e8vements par l'exploitation de ressources de soutien d'\u00e9tiage ou de substitutions  \nexistantes.\n\u2022 Les  3  NPA  d\u00e9finis  se  suffisent  \u00e0  eux-m\u00eames  pour  g\u00e9rer  les  volumes  maximums \npr\u00e9levables.  Dans  ce  contexte,  il  n'est  pas  n\u00e9cessaire  de  fixer  les  niveaux \npi\u00e9zom\u00e9triques de crise.\nPour suivre l'\u00e9volution de la nappe, il sera fait r\u00e9f\u00e9rence aux valeurs suivantes :\nZONE GISCLE-MOLE\nPi\u00e9zom\u00e8tre suivi Niveaux pi\u00e9zom\u00e9triques \nd'alerte\nChamp captant\nMR 53\nR\u00e9f\u00e9rence BSS 10475X0065/S\n0,5 m NGF M\u00f4le : entre champs captants du Val \nd'Astier et du Rayol\nMR 01 (=MR 39)\nR\u00e9f\u00e9rence BSS 10475X0034/S\n1,5 m NGF M\u00f4le : Aval champ captant Rayol \nGE 15 (=F4)\nR\u00e9f\u00e9rence BSS 10475X0004/F\n3,5 m NGF Forage usine de Grimaud\nSource :\u00e9tude d'estimation des volumes pr\u00e9levables globaux et notamment le rapport de phase 5 \u00ab  pr\u00e9sentation de la ressource \nstrat\u00e9gique \u2013 novembre 2015 \u00bb\nLa transmission des donn\u00e9es de niveaux pi\u00e9zom\u00e9triques est \u00e0 effectuer aupr\u00e8s de la DDTM,  \nservice police de l'eau : ddtm-secheresse@var.gouv.fr, par le service producteur (communaut\u00e9 \nde  communes  du  golfe  de  Saint-Tropez)  d\u00e8s  l'atteinte  du  niveau  d'alerte  et  suivant  une \nfr\u00e9quence permettant de suivre la situation hebdomadairement et a minima tous les 15 jours.\nL'arr\u00eat\u00e9 pr\u00e9fectoral du 20 juin 2020 fixe les conditions de pr\u00e9l\u00e8vement ainsi que les modalit\u00e9s \nde suivi de la nappe de la Giscle et de la M\u00f4le , notamment lorsque les niveaux d'alerte sont  \natteints.  Lorsque  les  niveaux  d'alerte  sont  atteints,  information  est  donn\u00e9e  par  la \ncommunaut\u00e9 de communes du golfe de Saint-Tropez aux maires des communes desservies en \neau potable, qui pourront prendre un arr\u00eat\u00e9 communal de restriction des usages.\n9\nDirection d\u00e9partementale des territoires et de la mer du Var - 83-2025-07-01-00006 - ARR\u00caTE PR\u00c9FECTORAL n\u00b0 DDTM/SEBIO/2025-65\ndu 01 JUILLET 2025 relatif \u00e0 la gestion des p\u00e9riodes de s\u00e9cheresse pour le d\u00e9partement du Var 18\nArticle 7 .4 : Principe de solidarit\u00e9 amont-aval\nSi sur une zone int\u00e9rieure un niveau de gravit\u00e9 est \u00e9mis, le niveau de gravit\u00e9 inf\u00e9rieur sera \u00e9mis \npour  les  zones littorales, avec pas plus d'un niveau d'\u00e9cart entre zone int\u00e9rieure et zone  \nlittorale.\nLes zones int\u00e9rieures d\u00e9signent les zones Gapeau et Argens. Les zones littorales d\u00e9signent les  \nzones fleuves c\u00f4tiers Ouest, nappe Giscle-M\u00f4le et nappe basse vall\u00e9e de l'Argens.\nUn principe de solidarit\u00e9 amont-aval identique est \u00e9galement appliqu\u00e9 entre la zone Siagne  \namont et la zone Siagne aval. \nLe principe de solidarit\u00e9 s'applique de mani\u00e8re automatique.\nArticle 7 .5 : Coordination avec les d\u00e9partements limitrophes\nLa gestion de la s\u00e9cheresse dans les zones en limite de d\u00e9partement  peut  faire l'objet de  \nmesures de coordination avec les d\u00e9partements limitrophes :\n1. Durance : d\u00e8s lors qu'un niveau de gravit\u00e9 s\u00e9cheresse est \u00e9tabli par le pr\u00e9fet des Bouches-\ndu-Rh\u00f4ne pour la ressource stock\u00e9e issue du syst\u00e8me Serre-Pon\u00e7on tel que d\u00e9fini dans  \nl'arr\u00eat\u00e9 cadre interd\u00e9partemental du 26 juin 2024, le pr\u00e9fet du Var prendra un arr\u00eat\u00e9 de  \nrestrictions de niveau de gravit\u00e9 identique pour la zone varoise Durance ; \n2. Huveaune amont : d\u00e8s lors qu'un arr\u00eat\u00e9 de restrictions est pris par le pr\u00e9fet des Bouches-\ndu-Rh\u00f4ne  pour  la  zone  Huveaune,  le  pr\u00e9fet  du  Var  pourra  prendre  un  arr\u00eat\u00e9  de \nrestrictions de niveau de gravit\u00e9 identique ou inf\u00e9rieur pour la zone varoise Huveaune  \namont ;\n3. Arc amont  : d\u00e8s lors qu'un arr\u00eat\u00e9 de restrictions est pris par le pr\u00e9fet des Bouches-du-\nRh\u00f4ne pour la zone Arc amont ou la zone Arc aval, le pr\u00e9fet du Var pourra prendre un  \narr\u00eat\u00e9 de restrictions de niveau de gravit\u00e9 identique ou inf\u00e9rieur pour la zone varoise Arc  \namont ;\n4. Verdon : d\u00e8s lors qu'un niveau de gravit\u00e9 s\u00e9cheresse est \u00e9tabli par le pr\u00e9fet des Bouches-\ndu-Rh\u00f4ne pour la ressource stock\u00e9e issue du syst\u00e8me Sainte-Croix/Castillon tel que d\u00e9fini  \ndans l'arr\u00eat\u00e9 cadre interd\u00e9partemental du 26 juin 2024, le pr\u00e9fet du Var prendra un arr\u00eat\u00e9 \nde restrictions de niveau de gravit\u00e9 identique pour la zone varoise Verdon ;\n5. Siagne  amont :  d\u00e8s  lors  qu'un  arr\u00eat\u00e9  de  restriction  est  pris  par  le  pr\u00e9fet  des  Alpes-\nMaritimes pour la zone Siagne amont, le pr\u00e9fet du Var pourra prendre un arr\u00eat\u00e9 de  \nrestrictions de niveau de gravit\u00e9 identique pour la zone varoise Siagne amont ;\n6. Siagne aval : d\u00e8s lors qu'un arr\u00eat\u00e9 de restriction est pris par le pr\u00e9fet des Alpes-Maritimes  \npour la zone Siagne aval, le pr\u00e9fet du Var pourra prendre un arr\u00eat\u00e9 de restrictions de  \nniveau de gravit\u00e9 identique pour la zone varoise Siagne aval ;\n10\nDirection d\u00e9partementale des territoires et de la mer du Var - 83-2025-07-01-00006 - ARR\u00caTE PR\u00c9FECTORAL n\u00b0 DDTM/SEBIO/2025-65\ndu 01 JUILLET 2025 relatif \u00e0 la gestion des p\u00e9riodes de s\u00e9cheresse pour le d\u00e9partement du Var 19\n7 .Artuby-Jabron : d\u00e8s lors qu'un arr\u00eat\u00e9 de restriction est pris par le pr\u00e9fet du Var pour la  \nzone  Artuby-Jabron,  les  pr\u00e9fets  des  Alpes  de  Haute-Provence  et  des  Alpes-Maritimes \npourront prendre des arr\u00eat\u00e9s de restrictions de niveau de gravit\u00e9 identique pour leur zone \ncorrespondante.\nArticle 8     :   Vigilance\nLe niveau de vigilance s'applique sur l'ensemble du d\u00e9partement d\u00e8s que l'un des crit\u00e8res  \nd'analyse est franchi. Il correspond au constat d'insuffisance des pluies et une pr\u00e9cocit\u00e9  \nd'apparition  des  assecs.  Le  franchissement  de  ce  seuil  d\u00e9clenche  des  mesures  de \ncommunication et de sensibilisation du grand public, des collectivit\u00e9s territoriales et des  \nprofessionnels.\nLes recommandations et prescriptions suivantes s'appliquent : \n\u2022 Pour les particuliers\n\u2714 \u00eatre vigilant sur les usages secondaires (arrosage, nettoyage des voitures, remplissage des  \npiscines\u2026),\n\u2714 utiliser la stricte quantit\u00e9 d'eau n\u00e9cessaire,\n\u2714 rechercher les fuites,\n\u2714 mettre en place des syst\u00e8mes de r\u00e9cup\u00e9ration de l'eau de pluie pour l'arrosage,\n\u2714 privil\u00e9gier les techniques d'arrosage \u00e9conomes telles que le goutte-\u00e0-goutte,\n\u2714 limiter sa consommation de mani\u00e8re g\u00e9n\u00e9rale\n\u2714 si la r\u00e9glementation en vigueur pr\u00e9voit un syst\u00e8me de comptage, de relever les compteurs \n\u00e0 fr\u00e9quence mensuelle , le pr\u00e9fet  peut prescrire la communication des donn\u00e9es des trois  \nderni\u00e8res ann\u00e9es au service charg\u00e9 de la police de l'eau.\n\u2022 Pour les collectivit\u00e9s\n\u2714 lutter contre les fuites sur les r\u00e9seaux d'eau potable ou d'eaux brutes (r\u00e9seaux, poteaux  \nincendie et bornes de sulfatage, fontaines\u2026) ;\n\u2714 relever \u00e0 une fr\u00e9quence mensuelle les compteurs d'arrosage des espaces sportifs de toute \nnature  et  des  stades,  et  ce  quelle  que  soit  l'origine  de  l'eau ;  les  index  doivent  \u00eatre \nenregistr\u00e9s sur un registre ou un cahier pr\u00e9vu \u00e0 cet effet. Ce registre sera pr\u00e9sent\u00e9 \u00e0 toute  \nr\u00e9quisition des services de contr\u00f4le.\nLes maires sont invit\u00e9s \u00e0 porter \u00e0 la connaissance de leurs administr\u00e9s, par tous moyens  \nqu'ils jugeront utiles, les \u00e9conomies d'eau pouvant \u00eatre r\u00e9alis\u00e9es. \nLes  collectivit\u00e9s  et  les  industriels  doivent  porter  une  attention  toute  particuli\u00e8re  au \nrendement et au bon fonctionnement de leurs stations d'\u00e9puration ainsi que de leurs  \nr\u00e9seaux d'eau potable. \nLes pr\u00e9leveurs agricoles collectifs doivent s'organiser et adopter une gestion concert\u00e9e de  \nl'eau d\u00e9finie dans les mesures de limitation, soumise au pr\u00e9fet pour approbation (service  \ncharg\u00e9 de la police de l'eau).\n11\nDirection d\u00e9partementale des territoires et de la mer du Var - 83-2025-07-01-00006 - ARR\u00caTE PR\u00c9FECTORAL n\u00b0 DDTM/SEBIO/2025-65\ndu 01 JUILLET 2025 relatif \u00e0 la gestion des p\u00e9riodes de s\u00e9cheresse pour le d\u00e9partement du Var 20\nArticle 9     :   Usages exclus des mesures de restrictions\nNe sont pas concern\u00e9s par les mesures de limitation et de suspension des usages de l'eau des  \narticles 12, 13, 14 et 15 :\n\u2022 les usages prioritaires de l'eau, il s'agit des usages li\u00e9s \u00e0 la sant\u00e9 (dispositifs d'abattage \ndes poussi\u00e8res en carri\u00e8res, abreuvement des animaux, etc),  \u00e0 la salubrit\u00e9 (op\u00e9rations  \nde  nettoyage  ne  pouvant  \u00eatre  report\u00e9es  par  exemple),  \u00e0  la  s\u00e9curit\u00e9  civile  (eaux \nd'extinction  des  incendies  par  exemple),  \u00e0  l'alimentation  en  eau  potable  et  \u00e0  la \npr\u00e9servation des \u00e9cosyst\u00e8mes aquatiques ;\n\u2022 les usages aliment\u00e9s par des eaux us\u00e9es trait\u00e9es et recycl\u00e9es en sortie de stations  \nd'\u00e9puration,  et  qui  ont  fait  l'objet  d'une  autorisation  pr\u00e9fectorale.  Toutefois,  ces \narrosages sont d\u00e9conseill\u00e9s pendant les heures de forte \u00e9vaporation (9h \u00e0 19h en \u00e9t\u00e9) ;\n\u2022 les usages aliment\u00e9s par  des r\u00e9serves constitu\u00e9es hors p\u00e9riode de s\u00e9cheresse ou par  \nl'eau de pluie (retenues, r\u00e9cup\u00e9rateurs eaux de pluie). Toutefois, ces arrosages sont  \nd\u00e9conseill\u00e9s pendant les heures de forte \u00e9vaporation (9h \u00e0 19h en \u00e9t\u00e9).\nArticle 10     :   Usages \u00e9conomiques et arrosages sp\u00e9cifiques aliment\u00e9s par la ressource \nstock\u00e9e\nLes  termes  \u00ab ressources  stock\u00e9es \u00bb,  \u00ab usage  \u00e9conomique \u00bb,  \u00ab arrosages  sp\u00e9cifiques \u00bb, \n\u00ab aliment\u00e9s \u00e0 partir de la ressource stock\u00e9e  \u00bb sont d\u00e9finis \u00e0 l'article 1 de l'arr\u00eat\u00e9 cadre  \ninterd\u00e9partemental du 26 juin 2024.\nLes arrosages sp\u00e9cifiques devront \u00eatre d\u00e9clar\u00e9s et valid\u00e9s aupr\u00e8s du service police de la  \ndirection d\u00e9partementale des territoires et de la mer (ddtm-secheresse@var.gouv.fr).\nLes  restrictions  appliqu\u00e9es  aux  \u00ab usages  \u00e9conomiques \u00bb  et  \u00ab arrosages  sp\u00e9cifiques \u00bb, \n\u00ab aliment\u00e9s par les ressources stock\u00e9es \u00bb, sont celles d\u00e9finies en annexe 1 de l'arr\u00eat\u00e9 cadre  \ninterd\u00e9partemental du 26 juin 2024 pour les niveaux de gravit\u00e9 s\u00e9cheresse \u00e9tablis par le  \npr\u00e9fet coordinateur de ce dernier.\nLes autres usages sont concern\u00e9s par les niveaux de gravit\u00e9 s\u00e9cheresse des zones d'alerte  \net les restrictions du pr\u00e9sent arr\u00eat\u00e9.\nLes communes concern\u00e9es par l'utilisation des ressources stock\u00e9es ainsi que les zonages sont  \nlist\u00e9s dans l'annexe 4. \nArticle 11     :   Mesures de restrictions li\u00e9es au stade d'alerte, d'alerte renforc\u00e9e et de crise\nLes niveaux d'alerte, d'alerte renforc\u00e9e ou de crise sont d\u00e9clench\u00e9s zone par zone. Le  \nrespect des mesures a pour effet de ne pas atteindre, ou atteindre le plus tard possible,  \ndes niveaux de gravit\u00e9 sup\u00e9rieurs.\nSi la r\u00e9glementation en vigueur pr\u00e9voit un syst\u00e8me de comptage, les relev\u00e9s des compteurs \nsont  effectu\u00e9s  \u00e0  fr\u00e9quence  bimestrielle  pr\u00e9cis\u00e9e  dans  les  tableaux  de  restrictions  des \narticles 12, 13 et 14 et transmis \u00e0 l'adresse ddtm-secheresse@var.gouv.fr\u00a0 \u00a0.\u00a0\u00a0\n12\nDirection d\u00e9partementale des territoires et de la mer du Var - 83-2025-07-01-00006 - ARR\u00caTE PR\u00c9FECTORAL n\u00b0 DDTM/SEBIO/2025-65\ndu 01 JUILLET 2025 relatif \u00e0 la gestion des p\u00e9riodes de s\u00e9cheresse pour le d\u00e9partement du Var 21\nLes op\u00e9rations exceptionnelles g\u00e9n\u00e9ratrices d'eaux pollu\u00e9es ou consommatrices d'eau sont \nreport\u00e9es (exercices incendies, op\u00e9rations de nettoyage \u00e0 grande eau) sauf imp\u00e9ratif li\u00e9 \u00e0  \nla salubrit\u00e9 ou \u00e0 la s\u00e9curit\u00e9 publique.\nLes interdictions horaires ont pour but de limiter l'irrigation et l'arrosage durant les heures o\u00f9  \nl'\u00e9vapotranspiration est maximale. Afin de garantir une r\u00e9elle r\u00e9duction des pr\u00e9l\u00e8vements,  \ncette r\u00e9duction des horaires doit \u00eatre associ\u00e9e \u00e0 une r\u00e9duction effective des pr\u00e9l\u00e8vements.\nLes articles suivants listent les mesures de limitation et de suspension par usage, \u00e0 mettre en  \n\u0153uvre en fonction du niveau de gravit\u00e9. Ils distinguent :\n\u2022 les usages hors usages \u00e9conomiques, hors usages \u00e9conomiques, hors usages agricoles,  \nhors pr\u00e9l\u00e8vements par des canaux (article 12, tableau 1) ;\n\u2022 les usages \u00e9conomiques, hors usages agricoles (article 13, tableau 2) ;\n\u2022 les usages agricoles (article 14, tableau 3) ;\n\u2022 les pr\u00e9l\u00e8vements par canaux (article 15, tableau 4).\n13\nDirection d\u00e9partementale des territoires et de la mer du Var - 83-2025-07-01-00006 - ARR\u00caTE PR\u00c9FECTORAL n\u00b0 DDTM/SEBIO/2025-65\ndu 01 JUILLET 2025 relatif \u00e0 la gestion des p\u00e9riodes de s\u00e9cheresse pour le d\u00e9partement du Var 22\nArticle 12     :    Mesures de limitations relatives aux usages de l'eau, hors usages \u00e9conomiques,  \nhors usages agricoles, hors pr\u00e9l\u00e8vements par des canaux\nTableau 1 :  Mesures de limitations relatives aux usages de l'eau, hors usages \u00e9conomiques,  \nhors usages agricoles, hors pr\u00e9l\u00e8vements par des canaux\n14\nDirection d\u00e9partementale des territoires et de la mer du Var - 83-2025-07-01-00006 - ARR\u00caTE PR\u00c9FECTORAL n\u00b0 DDTM/SEBIO/2025-65\ndu 01 JUILLET 2025 relatif \u00e0 la gestion des p\u00e9riodes de s\u00e9cheresse pour le d\u00e9partement du Var 23\nUsage de l'eau Alerte Alerte renforc\u00e9e Crise\nPOUR LES RESSOURCES STOCK\u00c9ES (SCP)\nArrosages sp\u00e9cifiques Se r\u00e9f\u00e9rer \u00e0 l'arr\u00eat\u00e9 cadre interd\u00e9partemental du 26 juin 2024 relatif \u00e0 la gestion et \u00e0 la \npr\u00e9servation de la ressource en eau stock\u00e9e dans les syst\u00e8mes Serre-Pon\u00e7on, Sainte-\nCroix/Castillon et Saint-Cassien en p\u00e9riode de p\u00e9nurie, \ndisponible sur le site de l'\u00c9tat dans le Var \n https://www.var.gouv.fr/Actions-de-l-Etat/Secheresse/Arretes-cadre/Arretes-cadre-\ndepartemental-et-interdepartemental\nPiscines \u00e0 usage \ncollectif\nJeux d'eau\nPOUR LES RESSOURCES LOCALES\nArrosage\ndes pelouses, massifs \nfleuris, espaces verts\nInterdit entre 9h et \n19h \nInterdit\n(sauf pour arbres et arbustes \nplant\u00e9s en pleine terre depuis \nmoins de 3 ans : arrosage \nautoris\u00e9 avec techniques \n\u00e9conomes de 20h \u00e0 8h)\nInterdit\n(sauf pour arbres et arbustes \nplant\u00e9s en pleine terre depuis \nmoins de 3 ans : arrosage \nautoris\u00e9 avec techniques \n\u00e9conomes  de 21h \u00e0 7h)\nArrosage des potagers Interdit entre 9h et \n19h Interdit entre 8h et 20h Interdit entre 7h et 21h \nArrosage des terrains \nde sport, hippodromes \net centres \u00e9questres\nInterdit entre 9h \u00e0 \n19h\nUn registre de \npr\u00e9l\u00e8vement devra \n\u00eatre rempli \nhebdomadairement\nInterdit entre 8h \u00e0 20h\nUn registre de pr\u00e9l\u00e8vement \ndevra \u00eatre rempli \nhebdomadairement\nInterdiction d'arroser les \nterrains de sport.\nLes terrains de comp\u00e9tition \nsportive professionnelle \u00e0 enjeu \nnational ou international \npourront toutefois \u00eatre \npr\u00e9serv\u00e9s, sauf en cas de \np\u00e9nurie d'eau potable, par un \narrosage r\u00e9duit au strict \nn\u00e9cessaire entre 21h et 7h sur \ndemande d'une d\u00e9rogation \nvalid\u00e9e par la DDTM\nUn registre de pr\u00e9l\u00e8vement \ndevra \u00eatre rempli \nhebdomadairement \nAbreuvement des \nanimaux Pas de limitation, sauf arr\u00eat\u00e9 sp\u00e9cifique\nTout type d'usage par \npr\u00e9l\u00e8vement dans un \ncours d'eau\n(< 1 000 m3/an)\nInterdiction de pr\u00e9l\u00e8vement avec retrait des installations de pompage\nTout type d'usage par \npr\u00e9l\u00e8vement dans un \nforage \u00e0 usage \ndomestique\n(< 1 000 m3/an)\nMesure de limitation correspondante \u00e0 l'usage concern\u00e9\nUn registre des consommations devra \u00eatre tenu hebdomadairement\nInterdiction de cr\u00e9ation de forages domestiques en zone de r\u00e9partition des eaux \nsouterraines et commune d\u00e9clar\u00e9e en tension en eau potable \u00e0 la date de l'arr\u00eat\u00e9\nLavage de v\u00e9hicules \nautomobiles chez les \nparticuliers\nInterdit\n15\nDirection d\u00e9partementale des territoires et de la mer du Var - 83-2025-07-01-00006 - ARR\u00caTE PR\u00c9FECTORAL n\u00b0 DDTM/SEBIO/2025-65\ndu 01 JUILLET 2025 relatif \u00e0 la gestion des p\u00e9riodes de s\u00e9cheresse pour le d\u00e9partement du Var 24\nUsage de l'eau Alerte Alerte renforc\u00e9e Crise\nLavage d'engins \nnautiques par des \nparticuliers\nInterdit \u00e0 titre priv\u00e9 en tous lieux, y compris \u00e0 domicile\nNettoyage des voiries, \nterrasses, fa\u00e7ades, \ntoitures, trottoirs et \nautres surfaces \nimperm\u00e9abilis\u00e9es\nInterdit sauf si r\u00e9alis\u00e9 par une collectivit\u00e9 ou une \nentreprise professionnelle avec lavage sous pression\nInterdit sauf imp\u00e9ratif sanitaire \nou s\u00e9curitaire, et r\u00e9alis\u00e9 avec un \nlavage sous pression par une \ncollectivit\u00e9 ou une entreprise \nde nettoyage professionnel \navec lavage sous pression\nLes communes doivent d\u00e9finir \npar arr\u00eat\u00e9 municipal les lieux et \ncrit\u00e8res qui rel\u00e8vent de ces \nimp\u00e9ratifs\nPiscines priv\u00e9es \u00e0 usage \nunifamilial (enterr\u00e9es et \nhors sol)\nVidange et remplissage interdits \nSauf en cas de remise \u00e0 niveau et de premier \nremplissage (1)\nVidange, remplissage et remise \n\u00e0 niveau interdits\nPiscines \u00e0 usage \ncollectif (2) et baignades \nartificielles en syst\u00e8me \nferm\u00e9 aliment\u00e9es par \nde l'eau du r\u00e9seau \npublic\nHors piscines \u00e0 usage \nm\u00e9dical, bains \u00e0 remous \nde volume <10m3 et \nbassins individuels et \nsans remous\nVidange et remplissage \nautoris\u00e9s\nVidange et remplissage \ninterdits \nSauf en cas de premier \nremplissage (1) et si \ndemand\u00e9s par l'ARS pour \nraisons sanitaires (3)\nLes imp\u00e9ratifs sanitaires \net techniques li\u00e9s au \nrenouvellement d'eau \nquotidien r\u00e9glementaire \net \u00e0 la remise \u00e0 niveau des \nbassins restent autoris\u00e9s.\nVidange et remplissage interdits \nSauf si demand\u00e9s par l'ARS \npour raisons sanitaires (3)\nLes imp\u00e9ratifs sanitaires et \ntechniques li\u00e9s au \nrenouvellement d'eau \nquotidien r\u00e9glementaire (dans \nla limite de 30L/jour/baigneur) \net \u00e0 la remise \u00e0 niveau des \nbassins restent autoris\u00e9s.\nEn\u00a0p\u00e9riode\u00a0de\u00a0s\u00e9cheresse,\u00a0il\u00a0est\u00a0souhaitable\u00a0de\u00a0reporter\u00a0ces\u00a0op\u00e9rations\u00a0\u00e0\u00a0l'issue\u00a0de\u00a0la\u00a0p\u00e9riode\u00a0d'\u00e9tiage,\u00a0sous\u00a0r\u00e9serve\u00a0du\u00a0respect\u00a0des\u00a0\nexigences\u00a0de\u00a0qualit\u00e9\u00a0r\u00e9glementaires\u00a0de\u00a0l'eau\u00a0du\u00a0bassin.\u00a0L'ARS\u00a0doit\u00a0\u00eatre\u00a0inform\u00e9e\u00a0du\u00a0report\u00a0de\u00a0ces\u00a0op\u00e9rations\u00a0et\u00a0des\u00a0fermetures\u00a0\n\u00e9ventuelles\u00a0de\u00a0bassins\u00a0en\u00a0lien\u00a0avec\u00a0la\u00a0s\u00e9cheresse.\n(1)\u00a0\u2013\u00a0Premier\u00a0remplissage\u00a0autoris\u00e9\u00a0uniquement\u00a0pour\u00a0la\u00a0mise\u00a0en\u00a0eau\u00a0des\u00a0piscines\u00a0et\u00a0des\u00a0baignades\u00a0artificielles\u00a0saisonni\u00e8res\u00a0et\u00a0des\u00a0\nnouvelles\u00a0constructions\u00a0enterr\u00e9es,\u00a0sous\u00a0r\u00e9serve\u00a0que\u00a0le\u00a0chantier\u00a0ait\u00a0d\u00e9but\u00e9\u00a0avant\u00a0la\u00a0mise\u00a0en\u00a0place\u00a0des\u00a0restrictions\u00a0d'usage.\n(2)\u00a0\u2013\u00a0Piscines\u00a0\u00e0\u00a0usage\u00a0collectif\u00a0(usage\u00a0d\u00e9fini\u00a0\u00e0\u00a0l'article\u00a0D.\u00a01332-1\u00a0du\u00a0code\u00a0de\u00a0la\u00a0sant\u00e9\u00a0publique)\u00a0:\u00a0piscines\u00a0publiques\u00a0et\u00a0priv\u00e9es,\u00a0\nouvertes\u00a0\u00e0\u00a0tous\u00a0ou\u00a0\u00e0\u00a0un\u00a0groupe\u00a0d\u00e9fini\u00a0de\u00a0personnes\u00a0et\u00a0qui\u00a0ne\u00a0sont\u00a0pas\u00a0destin\u00e9es\u00a0\u00e0\u00a0\u00eatre\u00a0utilis\u00e9es\u00a0dans\u00a0un\u00a0cadre\u00a0familial,\u00a0par\u00a0le\u00a0\npropri\u00e9taire\u00a0ou\u00a0locataire,\u00a0sa\u00a0famille\u00a0et\u00a0les\u00a0personnes\u00a0qu'il\u00a0invite,\u00a0et\u00a0dont\u00a0l'eau\u00a0du\u00a0bassin\u00a0n'est\u00a0pas\u00a0vidang\u00e9e\u00a0entre\u00a0chaque\u00a0baigneur.\nLes\u00a0bains\u00a0\u00e0\u00a0remous\u00a0dont\u00a0le\u00a0volume\u00a0est\u00a0inf\u00e9rieur\u00a0\u00e0\u00a010\u00a0m3\u00a0et\u00a0les\u00a0bassins\u00a0individuels\u00a0et\u00a0sans\u00a0remous\u00a0\u00e9tant\u00a0soumis\u00a0\u00e0\u00a0des\u00a0fr\u00e9quences\u00a0de\u00a0\nvidange\u00a0p\u00e9riodiques\u00a0plus\u00a0\u00e9lev\u00e9es\u00a0pour\u00a0des\u00a0raisons\u00a0sanitaires,\u00a0ainsi\u00a0que\u00a0les\u00a0piscines\u00a0\u00e0\u00a0usage\u00a0m\u00e9dical,\u00a0ne\u00a0sont\u00a0pas\u00a0concern\u00e9s\u00a0par\u00a0ces\u00a0\nmesures\u00a0de\u00a0restriction.\n(3)\u00a0\u2013\u00a0Pour\u00a0les\u00a0piscines,\u00a0il\u00a0est\u00a0rappel\u00e9\u00a0que\u00a0le\u00a0pr\u00e9fet\u00a0peut,\u00a0sur\u00a0proposition\u00a0de\u00a0l'ARS,\u00a0demander\u00a0l'augmentation\u00a0de\u00a0la\u00a0valeur\u00a0de\u00a0\nrenouvellement\u00a0de\u00a0l'eau\u00a0des\u00a0bassins\u00a0(valeur\u00a0minimale\u00a0de\u00a030L/j/baigneur)\u00a0et\u00a0la\u00a0vidange\u00a0du\u00a0bassin\u00a0si\u00a0l'eau\u00a0n'est\u00a0pas\u00a0conforme\u00a0aux\u00a0\nexigences\u00a0de\u00a0qualit\u00e9\u00a0ou\u00a0en\u00a0cas\u00a0de\u00a0danger\u00a0pour\u00a0la\u00a0sant\u00e9\u00a0des\u00a0baigneurs.\u00a0En\u00a0p\u00e9riode\u00a0de\u00a0canicule,\u00a0le\u00a0pr\u00e9fet\u00a0peut\u00a0\u00e9galement,\u00a0\nnotamment\u00a0sur\u00a0proposition\u00a0de\u00a0l'ARS,\u00a0demander\u00a0la\u00a0vidange\u00a0et\u00a0le\u00a0remplissage\u00a0des\u00a0bassins\u00a0pour\u00a0raisons\u00a0sanitaires,\u00a0afin\u00a0d'offrir\u00a0des\u00a0\nmoyens\u00a0de\u00a0rafra\u00eechissement\u00a0suppl\u00e9mentaires\u00a0\u00e0\u00a0la\u00a0population.\nDouches des plages \n(publiques ou priv\u00e9es \ninstall\u00e9es dans les \n\u00e9tablissements de plage \nsitu\u00e9s sur le domaine \npublic maritime) et \ncelles sur les sites \nd'eaux de baignades\nFermeture des douches et utilisation interdite sauf handiplages\n16\nDirection d\u00e9partementale des territoires et de la mer du Var - 83-2025-07-01-00006 - ARR\u00caTE PR\u00c9FECTORAL n\u00b0 DDTM/SEBIO/2025-65\ndu 01 JUILLET 2025 relatif \u00e0 la gestion des p\u00e9riodes de s\u00e9cheresse pour le d\u00e9partement du Var 25\nUsage de l'eau Alerte Alerte renforc\u00e9e Crise\nJeux d'eau\nInterdits, sauf les jeux d'eau li\u00e9s \u00e0 la sant\u00e9 publique (notamment en cas d'activation du \nniveau 3 du plan national canicule par le pr\u00e9fet de d\u00e9partement) et ceux avec eau \nrecycl\u00e9e (mention affich\u00e9e sur place) sous autorisation de la DDTM (4)\nRemplissage / vidange \ndes plans d'eau\nRemplissage, mise \u00e0 niveau et vidange des plans d'eau et bassins interdits\nSauf la mise \u00e0 niveau pour les usages commerciaux sous autorisation de la DDTM (4)\nAlimentation des \nfontaines publiques et \npriv\u00e9es d'ornement\nL'alimentation des fontaines publiques et priv\u00e9es en circuit ouvert est interdite, sauf \nd\u00e9rogation valid\u00e9e par la DDTM (4) et affich\u00e9e sur les fontaines concern\u00e9es\nObligation d'affichage de la mention \u00ab circuit ferm\u00e9 \u00bb sur les fontaines concern\u00e9es\nTravaux en cours d'eau\nLimitation au maximum \ndes risques de \nperturbation des milieux \naquatiques\nReport des travaux sauf cas suivants non cumulatifs :\n\u2022 situation d'assec total ;\n\u2022 pour des raisons de s\u00e9curit\u00e9 ;\n\u2022 autorisation de la DDTM (4)\nLes autorisations pour travaux en cours d'eau d\u00e9livr\u00e9es \npr\u00e9alablement pourront \u00eatre modifi\u00e9es pour prendre en \ncompte l'incidence des travaux en p\u00e9riode de s\u00e9cheresse.\nContr\u00f4les p\u00e9riodiques \ndes points d'eau \nd'incendie\nAutoris\u00e9\nInterdiction des contr\u00f4les p\u00e9riodiques \u00e0 r\u00e9aliser dans le \ncadre de l'arr\u00eat\u00e9 pr\u00e9fectoral en vigueur portant \napprobation du R\u00e8glement d\u00e9partemental de d\u00e9fense \next\u00e9rieure contre l'incendie du Var, sauf d\u00e9rogation aupr\u00e8s \nde la DDTM (4)\nEntretien des stations \nd'\u00e9puration\nInterdiction des travaux d'entretien des stations d'\u00e9puration entra\u00eenant un \nd\u00e9passement des normes de rejet, sauf autorisation de la DDTM \n(4)\u00a0\u2013\u00a0Pour\u00a0une\u00a0demande\u00a0de\u00a0d\u00e9rogation\u00a0consulter\u00a0le\u00a0site\u00a0de\u00a0l'\u00c9tat\u00a0dans\u00a0le\u00a0Var\u00a0:\u00a0\nhttps://www.var.gouv.fr/Actions-de-l-Etat/Secheresse/Point-de-situation-2024/Derogation/Formulaire-de-derogation\nArticle 13     :   Mesures de limitations relatives aux usages \u00e9conomiques hors usages agricoles\nTableau 2 : Mesures de limitations relatives aux usages \u00e9conomiques hors usages agricoles\nUsage de l'eau Alerte Alerte renforc\u00e9e Crise\nPOUR LES RESSOURCES STOCK\u00c9ES (SCP)\nArrosage des golfs\nSe r\u00e9f\u00e9rer \u00e0 l'arr\u00eat\u00e9 cadre interd\u00e9partemental du 26 juin 2024 relatif \u00e0 la gestion et \n\u00e0 la pr\u00e9servation de la ressource en eau stock\u00e9e dans les syst\u00e8mes Serre-Pon\u00e7on, \nSainte-Croix/Castillon et Saint-Cassien en p\u00e9riode de p\u00e9nurie, \ndisponible sur le site de l'\u00c9tat dans le Var : https://www.var.gouv.fr/Actions-de-l-\nEtat/Secheresse/Arretes-cadre/Arretes-cadre-departemental-et-\ninterdepartemental\nLavage de v\u00e9hicules \nautomobiles en centres \nprofessionnels\nLavage d'engins nautiques \npar des professionnels \nExploitation d'Installations \nclass\u00e9es pour la protection \nde l'environnement (ICPE) \net autres activit\u00e9s \nindustrielles, commerciales \net artisanales\n17\nDirection d\u00e9partementale des territoires et de la mer du Var - 83-2025-07-01-00006 - ARR\u00caTE PR\u00c9FECTORAL n\u00b0 DDTM/SEBIO/2025-65\ndu 01 JUILLET 2025 relatif \u00e0 la gestion des p\u00e9riodes de s\u00e9cheresse pour le d\u00e9partement du Var 26\nUsage de l'eau Alerte Alerte renforc\u00e9e Crise\nActivit\u00e9s commerciales et \nartisanales et activit\u00e9s \nindustrielles hors ICPE\nPOUR LES RESSOURCES LOCALES\nArrosage des golfs\nInterdiction d'arroser les \nterrains de golf (5) de 9h \u00e0 \n19h\nUn registre de \npr\u00e9l\u00e8vement devra \n\u00eatre rempli \nhebdomadairement\nInterdiction d'arroser les\nterrains de golf (5), \u00e0 \nl'exception\ndes \u00ab greens et d\u00e9parts \u00bb \nde 20h \u00e0 8h\nUn registre de \npr\u00e9l\u00e8vement devra \n\u00eatre rempli \nhebdomadairement\nInterdiction d'arroser les \nterrains de golf (5)\n(Les greens pourront \ntoutefois \u00eatre pr\u00e9serv\u00e9s, \nsauf en cas de p\u00e9nurie d'eau \npotable, par un arrosage \nr\u00e9duit \u00e0 350m3/semaine \nmaximum par tranche de 9 \ntrous entre 21h et 7h)\nUn registre de pr\u00e9l\u00e8vement \ndevra \u00eatre rempli \nhebdomadairement\n(5)\u00a0\u2013\u00a0Le\u00a0p\u00e9rim\u00e8tre\u00a0de\u00a0golf\u00a0est\u00a0strictement\u00a0restreint\u00a0\u00e0\u00a0la\u00a0zone\u00a0de\u00a0pratique\u00a0de\u00a0l'activit\u00e9\u00a0sportive\u00a0:\u00a0d\u00e9parts,\u00a0greens,\u00a0fairways.\u00a0Sont\u00a0\nexclus\u00a0de\u00a0ce\u00a0champ\u00a0les\u00a0am\u00e9nagements\u00a0p\u00e9riph\u00e9riques\u00a0:\u00a0pelouses,\u00a0massifs\u00a0fleuris,\u00a0espaces\u00a0verts,\u00a0etc.\u00a0qui\u00a0rel\u00e8vent\u00a0d'autres\u00a0usages\nLavage de \nv\u00e9hicules \nautomobiles en \ncentres \nprofessionnels \navec dispositif \nde recyclage \u00e0 \n70 % (6)\nStations (7) Pas de restriction\nHaute pression autoris\u00e9e\n4 programmes ouverts \npour les portiques, les \nmoins consommateurs \nd'eau (maximum 100L \npar lavage)\nHaute pression limit\u00e9e aux 4 \nprogrammes les moins \nconsommateurs d'eau\n2 programmes ouverts pour \nles portiques, les moins \nconsommateurs d'eau \n(maximum 100L par lavage)\nLavage de \nv\u00e9hicules \nautomobiles en \ncentres \nprofessionnels \nsans dispositif \nde recyclage\nStations (7)\nHaute pression limit\u00e9e \naux 4 programmes les \nmoins consommateurs \nd'eau\n2 programmes ouverts \npour les portiques, les \nmoins consommateurs \nd'eau (maximum 100L par \nlavage)\nHaute pression limit\u00e9e \nau 2 programmes les \nmoins consommateurs \nd'eau\nUn unique programme \npour les portiques, le \nmoins consommateur \nd'eau (maximum 100L \npar lavage)\nInterdiction\n(sauf v\u00e9hicule ayant une \nobligation r\u00e9glementaire \nsanitaire ou alimentaire)\nLavage de \nv\u00e9hicules \nautomobiles en \ncentres \nprofessionnels\nUsagers Usage interdit pour les pistes de lavage et les programmes faisant l'objet d'une \ninterdiction\n(6)\u00a0\u2013\u00a0Obligation\u00a0d'afficher\u00a0la\u00a0pr\u00e9sence\u00a0d'un\u00a0syst\u00e8me\u00a0de\u00a0recyclage\u00a0avec\u00a0ses\u00a0caract\u00e9ristiques\u00a0et\u00a0sa\u00a0localisation,\u00a0contr\u00f4lable\u00a0sur\u00a0la\u00a0base\u00a0\nd'un\u00a0justificatif\u00a0(notice\u00a0constructeurs,\u00a0etc.)\n(7)\u00a0\u2013\u00a0Rendre\u00a0inutilisable\u00a0les\u00a0pistes\u00a0de\u00a0lavage\u00a0faisant\u00a0l'objet\u00a0d'une\u00a0interdiction\u00a0d'utilisation\u00a0\u2013\u00a0Masquer\u00a0les\u00a0programmes\u00a0faisant\u00a0l'objet\u00a0\nd'une\u00a0interdiction\u00a0d'utilisation\u00a0\u2013\u00a0Affichage\u00a0de\u00a0l'arr\u00eat\u00e9\u00a0de\u00a0restriction\u00a0en\u00a0vigueur\nLavage d'engins nautiques \npar des professionnels\nUsages autoris\u00e9s pour nettoyage et lavage avec du mat\u00e9riel haute-pression et avec \ndes eaux non conventionnelles (eau de mer, eau d\u00e9salinis\u00e9e, eau recycl\u00e9e)\n18\nDirection d\u00e9partementale des territoires et de la mer du Var - 83-2025-07-01-00006 - ARR\u00caTE PR\u00c9FECTORAL n\u00b0 DDTM/SEBIO/2025-65\ndu 01 JUILLET 2025 relatif \u00e0 la gestion des p\u00e9riodes de s\u00e9cheresse pour le d\u00e9partement du Var 27\nUsage de l'eau Alerte Alerte renforc\u00e9e Crise\nDans les autres cas, interdiction sauf d\u00e9rogation valid\u00e9e par la DDTM justifiant une \nconsommation sobre\nActivit\u00e9s commerciales, \nartisanales et activit\u00e9s \nindustrielles hors ICPE\nR\u00e9duction des \npr\u00e9l\u00e8vements d'eau\nde 20 %\nR\u00e9duction des \npr\u00e9l\u00e8vements d'eau\nde 40 %\nInterdiction\nExploitation d'installations \nclass\u00e9es pour la protection \nde l'environnement (ICPE) \nsoumises au r\u00e9gime de \nl'Autorisation, de \nl'Enregistrement ou de la \nD\u00e9claration\nExploitation d'installations \nclass\u00e9es pour la protection \nde l'environnement (ICPE) \nsoumises au r\u00e9gime de \nl'Autorisation, de \nl'Enregistrement ou de la \nD\u00e9claration\nR\u00e9duction des \npr\u00e9l\u00e8vements (8) \njournaliers (9) d'eau (ou \nconsommation (10) \njournali\u00e8re d'eau lorsque \nle rejet est fait dans le \nm\u00eame milieu (11)) de 20 %\nRegistre journalier mis \u00e0 \ndisposition des services \nde contr\u00f4le.\nR\u00e9duction des \npr\u00e9l\u00e8vements (8) \njournaliers (9) d'eau (ou \nconsommation (10) \njournali\u00e8re d'eau lorsque \nle rejet est fait dans le \nm\u00eame milieu (11))de 40 %\nRegistre journalier mis \u00e0 \ndisposition des services \nde contr\u00f4le\n+\nPour les ICPE soumises \u00e0 \nl'AM s\u00e9cheresse du 30  \njuin 2023 : application \nde l'article 2-IV de \nl'arr\u00eat\u00e9 minist\u00e9riel \n(d\u00e9claration sur \nplateforme minist\u00e9rielle)\nLes mesures du niveau de \ngravit\u00e9 \u00ab alerte renforc\u00e9e \u00bb \ns'appliquent par d\u00e9faut :\nDes prescriptions plus \ncontraignantes pourront \n\u00eatre prises par arr\u00eat\u00e9 \npr\u00e9fectoral.\nLes r\u00e9ductions mentionn\u00e9es dans le tableau ci-dessus sont atteintes au plus tard \ntrois jours apr\u00e8s le d\u00e9clenchement du niveau de gravit\u00e9 correspondant.\nLes op\u00e9rations exceptionnelles consommatrices d'eau et g\u00e9n\u00e9ratrices d'eaux \npollu\u00e9es sont report\u00e9es (exemple d'op\u00e9ration de nettoyage grande eau) sauf \nimp\u00e9ratif sanitaire ou li\u00e9 \u00e0 la s\u00e9curit\u00e9 publique.\nDes adaptations aux dispositions pr\u00e9sent\u00e9es ci-dessus sont possibles dans 2 cas :\n1. L'\u00e9tablissement dispose de restrictions d\u00e9j\u00e0 prescrites dans un arr\u00eat\u00e9\n pr\u00e9fectoral conduisant \u00e0 une diminution effective des pr\u00e9l\u00e8vements d'eau selon \nles niveaux de gravit\u00e9 de la s\u00e9cheresse. L'arr\u00eat\u00e9 pr\u00e9fectoral pr\u00e9vaut alors(12).\n2. L'\u00e9tablissement a mis en place un plan de sobri\u00e9t\u00e9 hydrique (PSH) dont le \ncontenu est d\u00e9fini par l'inspection des installations class\u00e9es (IIC). Le PSH \npermettra notamment d'identifier les activit\u00e9s exempt\u00e9es de l'article 3.1 de l'arr\u00eat\u00e9 \nminist\u00e9riel du 30 juin 2023 modifi\u00e9 ainsi que des \u00e9tablissements r\u00e9pondant aux \ndispositions des articles 3.2 et 3.3 dudit arr\u00eat\u00e9 minist\u00e9riel (13)\nIl sera tenu \u00e0 disposition de l'IIC.\nLe pr\u00e9fet peut d\u00e9cider de lever cette adaptation s'il consid\u00e8re que les mesures de \nr\u00e9duction propos\u00e9es dans le PSH sont insuffisantes.\n(8)\u00a0\u2013\u00a0Pr\u00e9l\u00e8vement\u00a0d'eau\u00a0:\u00a0Pr\u00e9l\u00e8vement\u00a0(en\u00a0m\u00b3/j)\u00a0effectu\u00e9\u00a0dans\u00a0le\u00a0r\u00e9seau\u00a0d'adduction\u00a0en\u00a0eau\u00a0potable\u00a0(AEP),\u00a0\u00e9ventuellement\u00a0dans\u00a0\nd'autres\u00a0r\u00e9seaux\u00a0(priv\u00e9,\u00a0public)\u00a0et\u00a0dans\u00a0le\u00a0milieu\u00a0naturel\u00a0(eaux\u00a0superficielles\u00a0ou\u00a0eaux\u00a0souterraines)\u00a0\u00e0\u00a0l'exclusion\u00a0des\u00a0pr\u00e9l\u00e8vements\u00a0en\u00a0\nmilieu\u00a0marin\u00a0et\u00a0de\u00a0la\u00a0r\u00e9cup\u00e9ration\u00a0des\u00a0eaux\u00a0de\u00a0pluie\u00a0en\u00a0vue\u00a0de\u00a0sa\u00a0r\u00e9utilisation\u00a0selon\u00a0les\u00a0dispositions\u00a0de\u00a0l'arr\u00eat\u00e9\u00a0du\u00a021\u00a0ao\u00fbt\u00a02008\u00a0\nsusvis\u00e9\u00a0et\u00a0de\u00a0l'eau\u00a0issue\u00a0des\u00a0mati\u00e8res\u00a0premi\u00e8res.\u00a0\n(9)\u00a0\u2013\u00a0Les\u00a0objectifs\u00a0de\u00a0r\u00e9duction\u00a0s'entendent\u00a0par\u00a0rapport\u00a0\u00e0\u00a0un\u00a0volume\u00a0de\u00a0r\u00e9f\u00e9rence\u00a0d\u00e9fini\u00a0\u00e0\u00a0l'article\u00a02.\u00a0II\u00a0de\u00a0l'arr\u00eat\u00e9\u00a0minist\u00e9riel\u00a0du\u00a030\n19\nDirection d\u00e9partementale des territoires et de la mer du Var - 83-2025-07-01-00006 - ARR\u00caTE PR\u00c9FECTORAL n\u00b0 DDTM/SEBIO/2025-65\ndu 01 JUILLET 2025 relatif \u00e0 la gestion des p\u00e9riodes de s\u00e9cheresse pour le d\u00e9partement du Var 28\nUsage de l'eau Alerte Alerte renforc\u00e9e Crise\njuin\u00a02023,\u00a0\u00ab\u00a0le\u00a0pr\u00e9l\u00e8vement\u00a0d'eau\u00a0moyen\u00a0journalier\u00a0\u00bb.\n(10)\u00a0\u2013\u00a0Consommation\u00a0d'eau\u00a0:\u00a0volume\u00a0d'eau\u00a0pr\u00e9lev\u00e9,\u00a0tel\u00a0que\u00a0d\u00e9fini\u00a0ci-dessus\u00a0au\u00a0(6),\u00a0duquel\u00a0est\u00a0soustrait\u00a0le\u00a0volume\u00a0(en\u00a0m\u00b3/j)\u00a0rejet\u00e9,\ndirectement\u00a0ou\u00a0indirectement\u00a0dans\u00a0le\u00a0m\u00eame\u00a0milieu.\nLe\u00a0pr\u00e9l\u00e8vement\u00a0dans\u00a0le\u00a0r\u00e9seau\u00a0d'adduction\u00a0en\u00a0eau\u00a0potable\u00a0(AEP)\u00a0n'est\u00a0pas\u00a0consid\u00e9r\u00e9\u00a0comme\u00a0\u00e9tant\u00a0effectu\u00e9\u00a0dans\u00a0le\u00a0m\u00eame\nmilieu\u00a0que\u00a0le\u00a0rejet.\nDans\u00a0le\u00a0cas\u00a0o\u00f9,\u00a0au\u00a0sein\u00a0d'un\u00a0m\u00eame\u00a0milieu\u00a0le\u00a0volume\u00a0rejet\u00e9\u00a0est\u00a0sup\u00e9rieur\u00a0au\u00a0pr\u00e9l\u00e8vement\u00a0d'eau,\u00a0la\u00a0consommation\u00a0d'eau\u00a0est\nconsid\u00e9r\u00e9e\u00a0comme\u00a0nulle.\n(11)\u00a0\u2013\u00a0Milieu\u00a0:\u00a0une\u00a0partie\u00a0distincte\u00a0et\u00a0significative\u00a0d'eau\u00a0superficielle\u00a0ou\u00a0souterraine,\u00a0d'origine\u00a0naturelle\u00a0ou\u00a0artificielle\u00a0\u00e0\u00a0laquelle\u00a0peut\n\u00eatre\u00a0associ\u00e9e\u00a0un\u00a0classement\u00a0selon\u00a0les\u00a0dispositions\u00a0de\u00a0l'arr\u00eat\u00e9\u00a0du\u00a012\u00a0janvier\u00a02010.\n(12)\u00a0\u2013\u00a0Sous\u00a0r\u00e9serve\u00a0que\u00a0cet\u00a0arr\u00eat\u00e9\u00a0conduise\u00a0\u00e0\u00a0des\u00a0r\u00e9ductions\u00a0effectives\u00a0en\u00a0fonction\u00a0des\u00a0diff\u00e9rents\u00a0niveaux\u00a0de\u00a0gravit\u00e9,\u00a0au-del\u00e0\u00a0des\nsimples\u00a0mesures\u00a0g\u00e9n\u00e9riques\u00a0(arrosage,\u00a0fontaines,\u00a0lavage,\u00a0sensibilisation\u2026)\n(13)\u00a0\u2013\u00a0Les\u00a0conditions\u00a0d'application\u00a0des\u00a03-2\u00b0\u00a0et\u00a03-3\u00b0\u00a0de\u00a0l'arr\u00eat\u00e9\u00a0minist\u00e9riel\u00a0du\u00a030\u00a0juin\u00a02023\u00a0sont\u00a0indiqu\u00e9es\u00a0dans\u00a0le\u00a0mod\u00e8le\u00a0de\u00a0PSH\n20\nDirection d\u00e9partementale des territoires et de la mer du Var - 83-2025-07-01-00006 - ARR\u00caTE PR\u00c9FECTORAL n\u00b0 DDTM/SEBIO/2025-65\ndu 01 JUILLET 2025 relatif \u00e0 la gestion des p\u00e9riodes de s\u00e9cheresse pour le d\u00e9partement du Var 29\nArticle 14     :   Mesures de limitation des usages de l'eau relatives aux exploitations agricoles\nTableau 3 : Mesures de limitation relatives aux exploitants agricoles\nUsage de l'eau Alerte Alerte renforc\u00e9e Crise\nPOUR LES RESSOURCES STOCK\u00c9ES (SCP)\nTout type \nd'irrigation\nSe r\u00e9f\u00e9rer \u00e0 l'arr\u00eat\u00e9 cadre interd\u00e9partemental du 26 juin 2024 relatif \u00e0 la gestion et \u00e0 la \npr\u00e9servation de la ressource en eau stock\u00e9e dans les syst\u00e8mes Serre-Pon\u00e7on, \nSainte-Croix/Castillon et Saint-Cassien en p\u00e9riode de p\u00e9nurie, \ndisponible sur le site de l'\u00c9tat dans le Var : \nhttps://www.var.gouv.fr/Actions-de-l-Etat/Secheresse/Arretes-cadre/Arretes-cadre-\ndepartemental-et-interdepartemental\nToutefois recommandation d'une abstention d'irrigation entre 9h et 19h\nPOUR LES RESSOURCES LOCALES\nIrrigation par \naspersion \nInterdit entre 9h et 19h \n(une tol\u00e9rance sur l'horaire \nd'interdiction sera observ\u00e9e \npour l'irrigation par \nenrouleur jusqu'\u00e0 11h du \nmatin)\nInterdit entre 9h et 19h \n(une tol\u00e9rance sur l'horaire \nd'interdiction sera observ\u00e9e \npour l'irrigation par \nenrouleur jusqu'\u00e0 11h du \nmatin)\nInterdit\nsauf mara\u00eechage, vergers et \ncas particuliers list\u00e9s ci-\ndessous (14) soumis \u00e0 \ninterdiction d'arrosage de 8h \n\u00e0 20h\nIrrigation par \nsyst\u00e8me d'irrigation \nlocalis\u00e9e (goutte \u00e0 \ngoutte, micro-\naspersion par \nexemple)\nAutoris\u00e9e\nInterdit\nsauf cas particuliers de \ncultures list\u00e9s ci-dessous (15) \nsoumis \u00e0 interdiction \nd'arrosage de 9h \u00e0 19h\nET\nsauf mara\u00eechage et vergers \nsans restrictions d'horaires\nIrrigation par canal \ngravitaire Voir ci-dessous \u00ab Article 13 : Mesures de limitation des pr\u00e9l\u00e8vements par canaux \u00bb\n(14) \u2013 Cas\u00a0particulier\u00a0de\u00a0cultures\u00a0:\u00a0semences,\u00a0fleurs\u00a0et\u00a0plantes\u00a0ornementales,\u00a0plantes\u00a0\u00e0\u00a0parfum,\u00a0aromatiques\u00a0et\u00a0m\u00e9dicinales,\u00a0jeunes\u00a0\nplants\u00a0de\u00a0moins\u00a0de\u00a0trois\u00a0ans\u00a0pour\u00a0les\u00a0cultures\u00a0p\u00e9rennes\u00a0;\n(15)\u00a0\u2013\u00a0Cas\u00a0particulier\u00a0de\u00a0cultures\u00a0:\u00a0semences,\u00a0fleurs\u00a0et\u00a0plantes\u00a0ornementales,\u00a0plantes\u00a0\u00e0\u00a0parfum,\u00a0aromatiques\u00a0et\u00a0m\u00e9dicinales,\u00a0jeunes\u00a0\nplants\u00a0de\u00a0moins\u00a0de\u00a0trois\u00a0ans\u00a0pour\u00a0les\u00a0cultures\u00a0p\u00e9rennes\u00a0;\u00a0ainsi\u00a0que\u00a0les\u00a0parcelles\u00a0de\u00a0vignes\u00a0ayant\u00a0fait\u00a0l'objet\u00a0d'une\u00a0d\u00e9claration\u00a0\npr\u00e9alable\u00a0aupr\u00e8s\u00a0des\u00a0services\u00a0de\u00a0la\u00a0police\u00a0de\u00a0l'eau\u00a0(DDTM\u00a0:\u00a0dttm-secheresse@var.gouv.fr),\u00a0et\u00a0justifiant\u00a0l'\u00e9tat\u00a0de\u00a0stress\u00a0hydrique.\n21\nDirection d\u00e9partementale des territoires et de la mer du Var - 83-2025-07-01-00006 - ARR\u00caTE PR\u00c9FECTORAL n\u00b0 DDTM/SEBIO/2025-65\ndu 01 JUILLET 2025 relatif \u00e0 la gestion des p\u00e9riodes de s\u00e9cheresse pour le d\u00e9partement du Var 30\nArticle 15     :   Mesures de limitation des pr\u00e9l\u00e8vements par canaux\nLes gestionnaires de canaux non \u00e0 jour r\u00e9glementairement et dont le pr\u00e9l\u00e8vement d'eau est  \nobserv\u00e9 lors de contr\u00f4les par les services de la police de l'eau doivent d\u00e9poser un dossier de  \nr\u00e9gularisation du canal sous 15  jours calendaires, \u00e0 compter de la date du contr\u00f4le, sans quoi \nils s'exposent \u00e0 la fermeture du canal.\nIl est rappel\u00e9 qu'il convient de maintenir dans le cours d'eau, en tout temps, un d\u00e9bit r\u00e9serv\u00e9. \nEn cas d'abaissement du d\u00e9bit du cours d'eau en dessous de ce d\u00e9bit r\u00e9serv\u00e9, le canal doit  \n\u00eatre ferm\u00e9. En application de l'article L.214-18 du code de l'environnement, le d\u00e9bit r\u00e9serv\u00e9  \nd'un cours d'eau est au moins \u00e9gal au 1/10 \u00e8me  du module interannuel du cours d'eau. Il peut  \n\u00e9galement avoir \u00e9t\u00e9 notifi\u00e9 par arr\u00eat\u00e9 pr\u00e9fectoral. La r\u00e9gulation du canal se fait par la prise  \nd'eau. Il est donc n\u00e9cessaire de d\u00e9finir, pour les diff\u00e9rents niveaux de gravit\u00e9 de la s\u00e9cheresse, \nles mesures qui s'appliquent aux canaux et \u00e0 leur prise d'eau.\nTableau 4 : Mesures de limitation des pr\u00e9l\u00e8vements par canaux autoris\u00e9s et en r\u00e8gle \nadministrativement\nAlerte Alerte renforc\u00e9e Crise\nDiminution de 20% du d\u00e9bit autoris\u00e9 \net/ou capable du canal ou, si cela n'est \npas possible techniquement, \nfermeture de 11h \u00e0 17h\n Possibilit\u00e9 de fermer 2 jours par \nsemaine si un r\u00e8glement d'ouverture \ndes canaux en p\u00e9riode de s\u00e9cheresse \nfixant les jours de fermeture est \ntransmis \u00e0 la DDTM\nDiminution de 40 % du d\u00e9bit autoris\u00e9 \net/ou capable du canal ou, si cela n'est \npas possible techniquement, fermeture \nde 9h \u00e0 19h\nPossibilit\u00e9 de fermer 3 jours par \nsemaine si un r\u00e8glement d'ouverture \ndes canaux en p\u00e9riode de s\u00e9cheresse \nfixant les jours de fermeture est \ntransmis \u00e0 la DDTM\nCanal ferm\u00e9\nPossibilit\u00e9 d'arroser uniquement \npour : \n- les agriculteurs faisant du \nmara\u00eechage, des vergers ou les \ncultures list\u00e9es ci-dessous (16)\n- les potagers des particuliers qui \nn'ont pas d'autres ressource \nd'alimentation en eau\net \n sous r\u00e9serve d'un r\u00e8glement \nd'ouverture des canaux en p\u00e9riode \nde s\u00e9cheresse pr\u00e9alablement \ntransmis et valid\u00e9 par la DDTM \njustifiant d'une diminution de 50 % \ndu d\u00e9bit autoris\u00e9 du canal : \nfermeture entre 8h et 20h ou \n4 jours par semaine\n(16)\u00a0\u2013\u00a0Cas\u00a0particulier\u00a0de\u00a0cultures\u00a0:\u00a0semences,\u00a0fleurs\u00a0et\u00a0plantes\u00a0ornementales,\u00a0plantes\u00a0\u00e0\u00a0parfum,\u00a0aromatiques\u00a0et\u00a0m\u00e9dicinales,\u00a0jeunes\u00a0\nplants\u00a0de\u00a0moins\u00a0de\u00a0trois\u00a0ans\u00a0pour\u00a0les\u00a0cultures\u00a0p\u00e9rennes\u00a0;\u00a0ainsi\u00a0que\u00a0les\u00a0parcelles\u00a0de\u00a0vignes\u00a0en\u00a0goutte-\u00e0-goutte\u00a0et\u00a0micro-aspersion\u00a0ayant\u00a0\nfait\u00a0l'objet\u00a0d'une\u00a0d\u00e9claration\u00a0pr\u00e9alable\u00a0aupr\u00e8s\u00a0des\u00a0services\u00a0de\u00a0la\u00a0police\u00a0de\u00a0l'eau\u00a0(DDTM\u00a0et\u00a0OFB),\u00a0et\u00a0justifiant\u00a0l'\u00e9tat\u00a0de\u00a0stress\u00a0hydrique.\nCadre particulier d'application : organisations collectives d'irrigation\nLes  organisations  collectives  d'irrigation  (OUGC,  associations  syndicales,  collectivit\u00e9s, \ngroupements d'agriculteurs) optant pour un r\u00e8glement d'ouverture des canaux en p\u00e9riode de \ns\u00e9cheresse minimisant l'impact \u00e9conomique en optimisant la r\u00e9partition sur leur p\u00e9rim\u00e8tre,  \nd\u00e9posent, avant la campagne d'irrigation, pour agr\u00e9ment aupr\u00e8s du service de la police de  \n22\nDirection d\u00e9partementale des territoires et de la mer du Var - 83-2025-07-01-00006 - ARR\u00caTE PR\u00c9FECTORAL n\u00b0 DDTM/SEBIO/2025-65\ndu 01 JUILLET 2025 relatif \u00e0 la gestion des p\u00e9riodes de s\u00e9cheresse pour le d\u00e9partement du Var 31\nl'eau, un r\u00e8glement pr\u00e9voyant des mesures de gestion. Ce r\u00e8glement peut \u00eatre annuel ou  \np\u00e9renne ; dans ce dernier cas, il peut \u00eatre int\u00e9gr\u00e9 dans l'autorisation administrative.\nLe r\u00e8glement doit organiser les consommations d'eau individuelles de fa\u00e7on \u00e0 faire ressortir  \nune \u00e9conomie.\nCe r\u00e8glement d'arrosage rev\u00eatu du cachet du service charg\u00e9 de la police de l'eau, ainsi que les \nautorisations de pr\u00e9l\u00e8vement, devront \u00eatre transmis aux services de contr\u00f4le, consultables au \nsi\u00e8ge de l'organisation et devront pouvoir \u00eatre pr\u00e9sent\u00e9s sur toute r\u00e9quisition des techniciens \nde l'environnement et agents charg\u00e9s du contr\u00f4le de l'application des mesures de limitation  \ndes usages de l'eau. \nLe non-respect des dispositions du pr\u00e9sent arr\u00eat\u00e9 pourra entra\u00eener la remise en cause des  \nautorisations de pr\u00e9l\u00e8vement, sans pr\u00e9judice des sanctions pr\u00e9vues par l'article R.216-9 du  \ncode de l'environnement.\nLes organisations collectives d'irrigation qui n'auront pas d\u00e9pos\u00e9 de r\u00e8glement d'arrosage  \ndevront n\u00e9anmoins respecter et faire respecter par leurs adh\u00e9rents, d\u00e8s signature de l'arr\u00eat\u00e9  \npr\u00e9fectoral  constatant  la  situation  d'alerte,  d'alerte  renforc\u00e9e  ou  de  crise,  les  conditions \ng\u00e9n\u00e9rales de restriction d\u00e9finies dans les tableaux qui pr\u00e9c\u00e8dent.\nEn l'absence de r\u00e8glement, le r\u00e9gime g\u00e9n\u00e9ral est applicable.\nArticles 16     :   Adaptation des mesures de restrictions sur demande d'un usager\nA titre exceptionnel, une mesure de restriction adapt\u00e9e peut s'appliquer \u00e0 la demande d'un  \nusager sous r\u00e9serve de faire une demande aupr\u00e8s du service de police de l'eau par mail \u00e0  \nl'adresse suivante : ddtm-secheresse@var.gouv.fr. \nCette demande doit :\n\u2022 justifier des cons\u00e9quences des restrictions en cours sur l'usage ;\n\u2022 expliciter l'usage concern\u00e9, la ressource utilis\u00e9e, l'estimation du volume n\u00e9cessaire, les  \ndates  et  heures  de  pr\u00e9l\u00e8vement  ainsi  que  les  mesures  de  sobri\u00e9t\u00e9  pr\u00e9vues  pour \n\u00e9conomiser l'eau.\nArticle 17     :   R\u00f4le des maires et des services publics d'eau potable\nD\u00e8s lors qu'un arr\u00eat\u00e9 pr\u00e9fectoral de restriction a \u00e9t\u00e9 pris, le maire d'une commune sous le  \np\u00e9rim\u00e8tre d'action de ce m\u00eame arr\u00eat\u00e9 de restriction temporaire des usages, peut d\u00e9cider de  \nprendre un arr\u00eat\u00e9 municipal au moins aussi contraignant que l'arr\u00eat\u00e9 pr\u00e9fectoral. \n\u00c0 tout moment, le maire peut ainsi prendre des mesures de police administrative g\u00e9n\u00e9rale  \nadapt\u00e9es \u00e0 la situation localis\u00e9e pour restreindre l'usage de l'eau, sur le fondement de la  \nsalubrit\u00e9 et de la s\u00e9curit\u00e9 \u2013 article L.2212-2 du code g\u00e9n\u00e9ral des collectivit\u00e9s territoriales,  en \nparticulier lorsque les ressources utilis\u00e9es pour l'alimentation en eau potable viennent \u00e0 \u00eatre  \nen tension.\nLe maire en tient imm\u00e9diatement inform\u00e9 le pr\u00e9fet par mail aux adresses suivantes : \nddtm-secheresse@var.gouv.fr et ars-paca-dt83-sante-environnement@ars.sante.fr \nLes agents de la police municipale et les gardes champ\u00eatres pourront r\u00e9aliser des contr\u00f4les du \nrespect des arr\u00eat\u00e9s municipaux. \nPour la gestion des pollutions et des p\u00e9nuries d'eau potable, conform\u00e9ment \u00e0 l'article L.732-1  \ndu code de la s\u00e9curit\u00e9 int\u00e9rieure, les services publics d'eau potable s'assurent de l'\u00e9laboration \n23\nDirection d\u00e9partementale des territoires et de la mer du Var - 83-2025-07-01-00006 - ARR\u00caTE PR\u00c9FECTORAL n\u00b0 DDTM/SEBIO/2025-65\ndu 01 JUILLET 2025 relatif \u00e0 la gestion des p\u00e9riodes de s\u00e9cheresse pour le d\u00e9partement du Var 32\net  de  la  r\u00e9vision  de  leur  plan  interne  de  crise  permettant  la  gestion  op\u00e9rationnelle  des \n\u00e9v\u00e8nements venant \u00e0 perturber la continuit\u00e9 et le fonctionnement du service public d'eau  \npotable.\nChaque maire est invit\u00e9, sur sa commune, \u00e0 mettre en \u0153uvre une gestion permanente des  \nnappes utilis\u00e9es pour l'alimentation en eau potable comprenant notamment : \n\u2022 un enregistrement en continu des volumes pr\u00e9lev\u00e9s et du niveau de l'eau (pi\u00e9zom\u00e9trie), \nsinon des mesures au moins mensuelles \u2014 bimensuelles en \u00e9t\u00e9 \u2013 et la tenue d'un  \nregistre pluriannuel.\n\u2022 le recensement de l'int\u00e9gralit\u00e9 des forages pr\u00e9levant dans les m\u00eames nappes.\nLes usages de l'eau provenant des r\u00e9seaux d'eau potable publics doivent \u00eatre r\u00e9serv\u00e9s en  \npriorit\u00e9 \u00e0 la satisfaction des besoins de l'alimentation humaine, de l'hygi\u00e8ne et de la salubrit\u00e9  \npublique. \nLe maire devra prendre des dispositions pour assurer la publicit\u00e9 des arr\u00eat\u00e9s pr\u00e9fectoraux et  \nmunicipaux de limitation des usages et des pr\u00e9l\u00e8vements et pour sensibiliser ses administr\u00e9s \u00e0 \nla n\u00e9cessit\u00e9 d'\u00e9conomiser l'eau.\nArticle 18 : Contr\u00f4les \u2013 sanctions\nLe contr\u00f4le du respect des mesures impos\u00e9es par les arr\u00eat\u00e9s pr\u00e9fectoraux de restriction est  \nassur\u00e9 par les agents en charge de la police de l'eau et des installations class\u00e9es, par les agents \net officiers asserment\u00e9s au titre de la police de l'eau et des installations class\u00e9es ainsi que par  \nla gendarmerie et la police nationale.\nIl porte sur les secteurs plac\u00e9s en alerte, en alerte renforc\u00e9e et en crise et est orient\u00e9 selon le  \nplan de contr\u00f4le Eau et Nature sur l'ensemble des restrictions vis\u00e9es par l'arr\u00eat\u00e9 pr\u00e9fectoral. \nSanctions\nLe  non-respect  des  mesures  \u00e9dict\u00e9es  au  titre  du  pr\u00e9sent  arr\u00eat\u00e9  cadre  d\u00e9partemental \ns\u00e9cheresse fait encourir au contrevenant une amende de 5 \u00e9me classe (1.500 euros pour les  \npersonnes physiques en application de l'article 131-13-5\u00b0 du Code p\u00e9nal, pouvant aller au  \nquintuple pour les personnes morales, en application de l'article 131-41 du code p\u00e9nal).\nLes amendes peuvent s'appliquer de mani\u00e8re cumulative \u00e0 chaque fois qu'une infraction aux  \nmesures de restriction est constat\u00e9e.\nInd\u00e9pendamment des poursuites p\u00e9nales, le pr\u00e9fet peut mettre en demeure l'exploitant ou le \npropri\u00e9taire de satisfaire aux dispositions de l'arr\u00eat\u00e9.\nCeci ne pr\u00e9juge pas des infractions qui sont susceptibles d'\u00eatre constat\u00e9es au titre de la  \nl\u00e9gislation  sur  l'eau  (notamment  articles  L.214-18,  L.216-6  \u00e0  L.216-13,  L.432-2  du  code  de \nl'environnement).\nArticle 19 : Publication et modalit\u00e9s de communication et information du public\nLe  pr\u00e9sent  arr\u00eat\u00e9  cadre  d\u00e9partemental  ainsi  que  les  arr\u00eat\u00e9s  pr\u00e9fectoraux  de  restrictions \nd'usages de l'eau sont publi\u00e9s au recueil des actes administratifs de la pr\u00e9fecture du Var. \n24\nDirection d\u00e9partementale des territoires et de la mer du Var - 83-2025-07-01-00006 - ARR\u00caTE PR\u00c9FECTORAL n\u00b0 DDTM/SEBIO/2025-65\ndu 01 JUILLET 2025 relatif \u00e0 la gestion des p\u00e9riodes de s\u00e9cheresse pour le d\u00e9partement du Var 33\nIls sont mis \u00e9galement \u00e0 la disposition du public sur le site internet de la pr\u00e9fecture du Var  : \nhttp://www.var.gouv.fr/ et sur le portail national VigiEau : https://vigieau.gouv.fr/.\nPar ailleurs, ces arr\u00eat\u00e9s sont diffus\u00e9s aux membres du comit\u00e9 ressources en eau et aux mairies \npour affichage en des points choisis assurant leur plus large diffusion au public . Ils sont alors  \napplicables de droit \u00e0 tous les usagers de l'eau qui sont r\u00e9put\u00e9s en avoir eu connaissance.\nArticle 20 : D\u00e9lais et voies de recours\nLes droits des tiers sont et demeurent express\u00e9ment r\u00e9serv\u00e9s.\nLe pr\u00e9sent arr\u00eat\u00e9 peut faire l'objet d'un recours gracieux ou hi\u00e9rarchique dans un d\u00e9lai de  \n2 mois \u00e0 compter de sa publication au recueil des actes administratifs (RAA). Il peut aussi faire \nl'objet d'un recours contentieux devant le tribunal administratif de Toulon dans ce m\u00eame  \nd\u00e9lai.\nLe d\u00e9faut de r\u00e9ponse de l'administration au recours gracieux ou hi\u00e9rarchique dans un d\u00e9lai de \n2 mois apr\u00e8s sa r\u00e9ception fait na\u00eetre une d\u00e9cision implicite de rejet. L'int\u00e9ress\u00e9 dispose alors,  \npour former un recours contentieux devant le tribunal administratif de Toulon, d'un d\u00e9lai de  \ndeux mois \u00e0 compter de la date \u00e0 laquelle est n\u00e9e la d\u00e9cision implicite de rejet. Toutefois,  \nlorsqu'une d\u00e9cision explicite de rejet intervient avant l'expiration de cette p\u00e9riode, elle fait \u00e0  \nnouveau courir le d\u00e9lai de recours. \nLe tribunal administratif peut \u00eatre saisi par l'application informatique \u00ab T\u00e9l\u00e9recours citoyens \u00bb, \naccessible sur le site internet : \u00ab www.telerecours.fr \u00bb.\nArticle 21 : Ex\u00e9cution\nLe secr\u00e9taire g\u00e9n\u00e9ral de la pr\u00e9fecture du Var, la sous-pr\u00e9f\u00e8te de Brignoles, la sous-pr\u00e9f\u00e8te de  \nDraguignan,  les  maires  des  communes  du  Var,  le  commandant  du  groupement  de \ngendarmerie du Var, le directeur d\u00e9partemental de la s\u00e9curit\u00e9 publique, le chef du service  \nd\u00e9partemental d'incendie et de secours, le directeur d\u00e9partemental des territoires et de la  \nmer, le directeur r\u00e9gional de l'environnement, de l'am\u00e9nagement et du logement, le d\u00e9l\u00e9gu\u00e9  \nd\u00e9partemental de l'agence r\u00e9gionale de sant\u00e9, le chef du service d\u00e9partemental de l'office  \nfran\u00e7ais pour la biodiversit\u00e9 sont charg\u00e9s, chacun en ce qui le concerne, de l'ex\u00e9cution du  \npr\u00e9sent arr\u00eat\u00e9.\nCopie de cet arr\u00eat\u00e9 sera adress\u00e9e pour information \u00e0 la  pr\u00e9f\u00e8te coordonnatrice du bassin  \nRh\u00f4ne-M\u00e9diterran\u00e9e, au directeur de l'eau et de la biodiversit\u00e9 du minist\u00e8re de la transition  \n\u00e9cologique, au pr\u00e9fet de la r\u00e9gion Provence-Alpes-C\u00f4te d'Azur, au pr\u00e9fet des Alpes de Haute-\nProvence,  au  pr\u00e9fet des  Alpes-Maritimes,  au  pr\u00e9fet  des  Bouches-du-Rh\u00f4ne  et  au  pr\u00e9fet \nmaritime de la M\u00e9diterran\u00e9e.\nFait \u00e0 Toulon, le 01 juillet 2025\n  Pour le Pr\u00e9fet et par d\u00e9l\u00e9gation,\n le Secr\u00e9taire g\u00e9n\u00e9ral,\n   Sign\u00e9\n    Lucien GIUDICELLI\n25\nDirection d\u00e9partementale des territoires et de la mer du Var - 83-2025-07-01-00006 - ARR\u00caTE PR\u00c9FECTORAL n\u00b0 DDTM/SEBIO/2025-65\ndu 01 JUILLET 2025 relatif \u00e0 la gestion des p\u00e9riodes de s\u00e9cheresse pour le d\u00e9partement du Var 34\n26\nDirection d\u00e9partementale des territoires et de la mer du Var - 83-2025-07-01-00006 - ARR\u00caTE PR\u00c9FECTORAL n\u00b0 DDTM/SEBIO/2025-65\ndu 01 JUILLET 2025 relatif \u00e0 la gestion des p\u00e9riodes de s\u00e9cheresse pour le d\u00e9partement du Var 35\nANNEXES : \n\u2013 Annexe 1 : Cartographie des zones s\u00e9cheresse\n\u2013 Annexe 2 : R\u00e9partition des communes par zones s\u00e9cheresse\n\u2013 Annexe 3 : Stations hydrom\u00e9triques suivies pour la gestion de s\u00e9cheresse \n\u2013 Annexe 4 : Ressources stock\u00e9es\n\u2013 Annexe 5  :  Conseils pour la gestion de l'eau en p\u00e9riode estivale et exemple d'arr\u00eat\u00e9  \nmunicipal\n\u2013 Annexe 6 : Exemple d'\u00e9criteau \u00e0 apposer sur les fontaines fonctionnant avec recyclage  \nde l'eau\n\u2013 Annexe 7 : Rappels r\u00e9glementaires concernant les usages et pr\u00e9l\u00e8vements d'eau\n\u2013 Annexe 8 : Arr\u00eat\u00e9 pr\u00e9fectoral portant modification de l'arr\u00eat\u00e9 pr\u00e9fectoral du 07 avril  \n2022 portant cr\u00e9ation du comit\u00e9 ressources en eau du Var\n27\nDirection d\u00e9partementale des territoires et de la mer du Var - 83-2025-07-01-00006 - ARR\u00caTE PR\u00c9FECTORAL n\u00b0 DDTM/SEBIO/2025-65\ndu 01 JUILLET 2025 relatif \u00e0 la gestion des p\u00e9riodes de s\u00e9cheresse pour le d\u00e9partement du Var 36\nZonage de l'arr\u00eat\u00e9 cadre d\u00e9partemental relatif a la gestion de las\u00e9cheresse dans le Var C i eu:Le beds x\nGesaine Se farty\u00e9-a BLex Spies Arturby-Jabronvad &Aiguines Bargeme Esg a?i PArtuby Seillanspes notDuran c\u00e9 7 a | : fies ne aa Eaux superficiellesRa ; prow\" Ve igani\u00e8res Callas V7 Paul le 2siagne aval\" ET Arc amontANTS TS : \u00f9 June i, LE] Arturby-JabronfA | Gapeau[__] Siagne avalLhe Kee vall\u00e9e [J buranceCay de Argens [__] Siagne amontFleuves c\u00f4tiers Ouest| ArgensBE Huveaune amont\njulien L\u00e9gende\nttf,Pgurri\u00e9res,ic ArccamontPourciey\u00c0\nHuv\u00e9aune\\amonte:\nA c \u2014 cl ae  Pigndy . P Gri cd\nA Signes SCOR ille aS GogolBelg \u00e0 RS Cuers iene eu Colle\u00ebfi\u00e8res \u2014 LaIdie 2 #7 25 Eaux soutertainesRamatublle FA Nappe Giscle-M\u00e9le4 :fog td Biaire 7 iy Nappe basse vall\u00e9e ArgensLa Londe ReBormes,\nMandrier 0 10 20 km\nEa . a. ,PR\u00c9FET R\u00e9alisation : BRP, SEBIO, DDTM du Var, d\u00e9cembre 2024DU VAR Sources : IGN BD Topo 2020 - BD Carthage 2016Libert\u00e9\u00c9galit\u00e9Fraternit\u00e9\nANNEXE 1 - Cartographie des zones s\u00e9cheresse\n \nANNEXE 2 \u2013 R\u00e9partition des communes par zones s\u00e9cheresse\nEaux superficielles     :  \n28\nDirection d\u00e9partementale des territoires et de la mer du Var - 83-2025-07-01-00006 - ARR\u00caTE PR\u00c9FECTORAL n\u00b0 DDTM/SEBIO/2025-65\ndu 01 JUILLET 2025 relatif \u00e0 la gestion des p\u00e9riodes de s\u00e9cheresse pour le d\u00e9partement du Var 37\nARGENS (66) GAPEAU (15)\nAMPUS MAYONS (LES) BELGENTIER\nARCS (LES) MAZAUGUES CARNOULES\nAUPS MONTFERRAT COLLOBRIERES\nBARGEMON MONTFORT /ARGENS CRAU (LA)\nBARJOLS MOTTE (LA) CUERS\nBESSE-SUR-ISSOLE MUY (LE) FARLEDE (LA)\nBRAS NANS LES PINS HYERES\nBRIGNOLES NEOULES MEOUNES\nBRUE-AURIAC OLLIERES PIERREFEU\nCABASSE PLAN D'AUPS PIGNANS\nCALLAS PONTEVES PUGET VILLE\nCAMPS LA SOURCE ROCBARON SIGNES \nCANNET DES MAURES (LE) ROQUEBRUSSANNE (LA) SOLLIES PONT\nCARCES ROUGIERS SOLLIES TOUCAS\nCELLE (LA) SAINT-ANTONIN-DU-VAR SOLLIES VILLE\nCHATEAUDOUBLE SAINT-MARTIN-DE-PALLIERES \nCHATEAUVERT SAINT-MAXIMIN-LA-STE-BAUME C\u00d4TIERS OUEST (17)\nCLAVIERS SAINTE-ANASTASIE-SUR-ISSOLE BANDOL\nCORRENS SALERNES BEAUSSET (LE)\nCOTIGNAC SEILLONS-SOURCE D'ARGENS CADIERE D'AZUR\nDRAGUIGNAN SILLANS LA CASCADE CARQUEIRANNE\nENTRECASTEAUX TARADEAU CASTELLET (LE)\nESPARRON TAVERNES EVENOS \nFIGANIERES THORONET (LE) GARDE (LA)\nFLASSANS SUR ISSOLE TOURTOUR OLLIOULES \nFLAYOSC TOURVES PRADET (LE) \nFORCALQUEIRET TRANS EN PROVENCE REVEST LES EAUX (LE)\nFOX-AMPHOUX VAL (LE) SAINT-CYR-SUR-MER\nGARDE FREINET (LA) VARAGES SAINT-MANDRIER\nGAREOULT VERDIERE (LA) SANARY-SUR-MER\nGONFARON VIDAUBAN SEYNE (LA)\nLORGUES VILLECROZE SIX FOURS \nLUC (LE) VINS-SUR-CARAMY TOULON \nVALETTE DU VAR (LA)\nEaux superficielles     :  \nARTUBY-JABRON (9) VERDON (11) SIAGNE AMONT (9)\nBARGEME AIGUINES ADRETS-DE-L'ESTEREL (LES)\n29\nDirection d\u00e9partementale des territoires et de la mer du Var - 83-2025-07-01-00006 - ARR\u00caTE PR\u00c9FECTORAL n\u00b0 DDTM/SEBIO/2025-65\ndu 01 JUILLET 2025 relatif \u00e0 la gestion des p\u00e9riodes de s\u00e9cheresse pour le d\u00e9partement du Var 38\nBASTIDE (LA) ARTIGNOSC BAGNOLS EN FORET\nBOURGUET (LE) BAUDINARD CALLIAN\nCOMPS SUR ARTUBY BAUDUEN FAYENCE\nLA MARTRE MOISSAC - BELLEVUE MONS\nBRENON MONTMEYAN MONTAUROUX\nCHATEAUVIEUX REGUSSE SAINT PAUL EN FORET\nLA ROQUE ESCLAPON SALLES SUR VERDON (LES) SEILLANS\nTRIGANCE ST JULIEN LE MONTAGNIER TOURRETTES\nVERIGNON\nHUVEAUNE AMONT (2) VINON-SUR-VERDON SIAGNE AVAL (1)\nRIBOUX TANNERON\nSAINT-ZACHARIE ZONE DURANCE (3)\nARTIGUES\nARC AMONT (2) GINASSERVIS\nPOURCIEUX RIANS\nPOURRIERES\nEaux souterraines     :  \nNAPPE GISCLE MOLE (14) NAPPE BASSE VALL\u00c9E ARGENS (4)\nBORMES LES MIMOSAS FREJUS\nCAVALAIRE-SUR-MER PUGET SUR ARGENS\nLA CROIX VALMER ROQUEBRUNE SUR ARGENS\nCOGOLIN SAINT-RAPHA\u00cbL\nGASSIN\nGRIMAUD\nLA MOLE\nLE LAVANDOU\nLONDE LES MAURES (LA)\nPLAN-DE-LA-TOUR\nRAMATUELLE\nRAYOL-CANADEL-SUR-MER\nSAINTE-MAXIME\nSAINT-TROPEZ\n30\nDirection d\u00e9partementale des territoires et de la mer du Var - 83-2025-07-01-00006 - ARR\u00caTE PR\u00c9FECTORAL n\u00b0 DDTM/SEBIO/2025-65\ndu 01 JUILLET 2025 relatif \u00e0 la gestion des p\u00e9riodes de s\u00e9cheresse pour le d\u00e9partement du Var 39\nStations hydrom\u00e9triques suivies et seuils associ\u00e9s en lien avec l'arr\u00eat\u00e9 cadre d\u00e9partemental s\u00e9cheresse du Var\u00c0 Zone -JabronSeuil (L/s) Artuby \u00e0 la BastideAlerte 200Alerte renforc\u00e9eCrise\nY,\n170110\n125100 R\u00e9alisation : ERP/SEBIO, DOTNE3, d\u00e9cembre 2024Sources : IGN BP Topo 2020 - BD Cartage 2016 \u00bb DDTMEG\nANNEXE 3 : Stations hydrom\u00e9triques suivies pour la gestion de s\u00e9cheresse\n31\nDirection d\u00e9partementale des territoires et de la mer du Var - 83-2025-07-01-00006 - ARR\u00caTE PR\u00c9FECTORAL n\u00b0 DDTM/SEBIO/2025-65\ndu 01 JUILLET 2025 relatif \u00e0 la gestion des p\u00e9riodes de s\u00e9cheresse pour le d\u00e9partement du Var 40\nCommune Code INSEELa Cadi\u00e8re-d'Azur 83027Saint-Cyr-sur-Mer 83112Vinon-sur-Verdon 83150\nCommune | Code Commune | Code Commune | Code Commune | CodeINSEE INSEE INSEE INSEELes Adrets- | 83001 Fayence 83055 Le Muy 83086 Tanneron 83133de-l'Est\u00e9relLes Arcs 83004 Figani\u00e8res 83056 Puget-sur- 83099 Taradeau 83134ArgensBagnols- 83008 Fr\u00e9jus 83061 Roquebrune- | 83107 Tourrettes | 83138en-For\u00eat sur-ArgensCallas 83028 Mons 83080 Saint-Paul- 83117 Trans-en- 83141en-For\u00eat ProvenceCallian 83029 Montauroux | 83081 Saint- 83118 Vidauban 83148Rapha\u00eblDraguignan | 83050 La Motte 83085 Seillans 83124\nANNEXE 4 \u2013 Ressources stock\u00e9es\nLes\u00a0tableaux\u00a0d\u00e9taillant\u00a0les\u00a0communes\u00a0concern\u00e9es\u00a0par\u00a0les\u00a0ressources\u00a0stock\u00e9es\u00a0ainsi\u00a0que\u00a0les\u00a0zonages\u00a0sont\u00a0\nissus\u00a0de\u00a0l'annexe\u00a03\u00a0de\u00a0l'Arr\u00eat\u00e9-cadre\u00a0interd\u00e9partemental\u00a0du\u00a026\u00a0juin\u00a02024\u00a0relatif\u00a0\u00e0\u00a0la\u00a0gestion\u00a0et\u00a0\u00e0\u00a0la\u00a0\npr\u00e9servation\u00a0de\u00a0la\u00a0ressource\u00a0en\u00a0eau\u00a0stock\u00e9e\u00a0dans\u00a0les\u00a0syst\u00e8mes\u00a0Serre-Pon\u00e7on,\u00a0Sainte-Croix/Castillon\u00a0et\u00a0\nSaint-Cassien\u00a0en\u00a0p\u00e9riode\u00a0de\u00a0p\u00e9nurie\nLac de Serre-Pon\u00e7on (3)\nLac de Saint-Cassien (23)\n32\nDirection d\u00e9partementale des territoires et de la mer du Var - 83-2025-07-01-00006 - ARR\u00caTE PR\u00c9FECTORAL n\u00b0 DDTM/SEBIO/2025-65\ndu 01 JUILLET 2025 relatif \u00e0 la gestion des p\u00e9riodes de s\u00e9cheresse pour le d\u00e9partement du Var 41\nCommune | Code Commune | Code Commune | Code Commune | CodeINSEE INSEE INSEE INSEELes Arcs 83004 Esparron 83052 La Garde 83062 Puget-sur- 83099ArgensArtigues 83006 \u00c9venos 83053 La Garde- 83063 Ramatuelle 83101FreinetBandol 83009 La Farl\u00e8de | 83054 Gassin 83065 R\u00e9gusse 83102Le Beausset 83016 Figani\u00e8res | 83056 Ginasservis | 83066Belgentier 83017 Flassans- 83057 Gassin 83065 Le Revest- 83103sur-Issole les-EauxBormes-les- | 83019 Fox- 83060 Grimaud 83068 PLand'Aups | 83093Mimosas AmphouxBras 83021 Rougiers 83110 Hy\u00e8res 83069 Rians 83104Brignoles 83023 Saint-Cyr- 83112 Le 83070 Roquebrune- | 83107sur-Mer Lavandou sur-ArgensBrue-Auriac 83025 Saint-Julien | 83113 La Londe- 83071 Solli\u00e8s-Pont 83130les-MauresCabasse 83026 Saint- 83114 Le Luc 83073 Solli\u00e8s- 83131Martin-de- ToucasPalli\u00e8resLa Cadi\u00e8re- 83027 Sainte- 83115 Mazaugues | 83076 Solli\u00e8s-Ville 83132d'Azur MaximeCallas 83028 Saint- 83118 La M\u00f4le 83079 Taradeau 83134Rapha\u00eblLe Cannet- 83031 Saint- 83116 Montmeyan | 83084 Le Thoronet | 83136des-Maures Maximin-la-Sainte-BaumeCarqueiranne | 83034 Saint- 83119 La Motte 83085 Toulon 83137TropezLe Castellet 83035 Saint- 83120 Le Muy 83086 Tourves 83140ZacharieCavalaire sur | 83036 Les Salles- | 83122 Nans-les- 83087 Trans-en- 83141Mer sur-Verdon Pins ProvenceLa Celle 83037 Sanary-sur- | 83123 Olli\u00e8res 83089 La Valette- 83144Mer du-VarCogolin 83042 Seillons- 83125 Ollioules 83090 La Verdi\u00e8re | 83146Source-d'Argens\nLac de Sainte-Croix (71)\n33\nDirection d\u00e9partementale des territoires et de la mer du Var - 83-2025-07-01-00006 - ARR\u00caTE PR\u00c9FECTORAL n\u00b0 DDTM/SEBIO/2025-65\ndu 01 JUILLET 2025 relatif \u00e0 la gestion des p\u00e9riodes de s\u00e9cheresse pour le d\u00e9partement du Var 42\nZone d'alerte Serre - Pon\u00e7on\nZone d'alerte Serre - Pon\u00e7onCA Commune concern\u00e9eRessource stock\u00e9e5oe Cours d'eau\u2014 carsCL] limites de d\u00e9partement\nCartographies des zones d'alerte des ressources stock\u00e9es\n34\nDirection d\u00e9partementale des territoires et de la mer du Var - 83-2025-07-01-00006 - ARR\u00caTE PR\u00c9FECTORAL n\u00b0 DDTM/SEBIO/2025-65\ndu 01 JUILLET 2025 relatif \u00e0 la gestion des p\u00e9riodes de s\u00e9cheresse pour le d\u00e9partement du Var 43\nre Zone d'alerte Saint - Cassien\nPons + + 2RNA SASS.\n.\u00e6 Zone d'alerte Sainte - Croix / Castillon[|] Commune concern\u00e9eLM Ressource stock\u00e9e| ss Retenue hydro\u2014 Cours d'eau\u2014 cs\nCS}\nSOURCE BREAL PACA, IGE BDC\u00c7ar10 - REALISATION DREAL PACAISCADERIGS (\"2094 106) - 20/06/2024\n35\nDirection d\u00e9partementale des territoires et de la mer du Var - 83-2025-07-01-00006 - ARR\u00caTE PR\u00c9FECTORAL n\u00b0 DDTM/SEBIO/2025-65\ndu 01 JUILLET 2025 relatif \u00e0 la gestion des p\u00e9riodes de s\u00e9cheresse pour le d\u00e9partement du Var 44\nANNEXE 5 \u2212 Conseils pour la gestion de l'eau en p\u00e9riode estivale \net exemple d'arr\u00eat\u00e9 municipal\n1. CONSEILS D'\u00c9CONOMIES D'EAU\n\uf0b7 A court terme   :\n- Restreindre, voire supprimer, les usages secondaires (arrosage, nettoyage des voitures, \nremplissage des piscines\u2026).\n- Organiser la gestion du remplissage des piscines, publiques ou priv\u00e9es, aliment\u00e9es \u00e0 partir \ndu r\u00e9seau d'alimentation en eau potable pour \u00e9viter que ces remplissages ne d\u00e9stabilisent \nle fonctionnement des r\u00e9seaux. \n- Privil\u00e9gier certaines heures pour l'arrosage\n- Ne faire tourner les lave-linge et lave-vaisselle que lorsqu'ils sont pleins.\n- Pr\u00e9f\u00e9rer les douches aux bains\n- Ne pas laisser couler l'eau pendant le lavage des dents ou des mains\n- Supprimer les fuites : Chasse d'eau ou robinet qui fuit = 30 \u00e0 50 m3 par an\n- Changer les joints des robinetteries pour \u00e9viter les fuites\n- Informer les touristes de la situation de s\u00e9cheresse (traduction au minimum en langue \nanglaise)\n- Afficher en mairie et dans les lieux publics des rappels des mesures d'\u00e9conomie d'eau.\n\uf0b7 A long terme   :\n- Mettre en place des syst\u00e8mes de r\u00e9cup\u00e9ration de l'eau de pluie pour l'arrosage\n- Privil\u00e9gier les techniques d'arrosage au goutte-\u00e0-goutte\n- Privil\u00e9gier les v\u00e9g\u00e9taux de type m\u00e9diterran\u00e9ens, r\u00e9sistant \u00e0 la s\u00e9cheresse, dans les espaces  \nverts\n- Pr\u00e9f\u00e9rer les chasses d'eau \u00ab \u00e9conomes \u00bb \n- Pr\u00e9f\u00e9rer les lave-vaisselle et lave-linge \u00e0 faible consommation\n- Sensibiliser les scolaires aux pratiques d'\u00e9conomie d'eau       \n- Am\u00e9liorer le rendement des r\u00e9seaux d'eau\n- Programmer les man\u0153uvres d'essai effectu\u00e9es par les pompiers en dehors des p\u00e9riodes \nprobables de s\u00e9cheresse.\n-\n2. GESTION DU R\u00c9SEAU PUBLIC D'EAU POTABLE\nDe  mani\u00e8re  g\u00e9n\u00e9rale,  pour  les  collectivit\u00e9s,  les  mesures  raisonn\u00e9es  d'\u00e9conomie  d'eau  ne \ndoivent  pas  conduire  \u00e0  une d\u00e9cision  de  rupture  d'alimentation  du  r\u00e9seau  public d'eau \npotable. En  effet,  les  coupures  d'eau  du  r\u00e9seau  public pr\u00e9sentent  des  risques  sanitaires \nimportants : casses et fuites aggrav\u00e9es, d\u00e9collement des concr\u00e9tions ou d\u00e9p\u00f4ts pr\u00e9sents sur  \nles parois, introduction d'eaux parasites, dysfonctionnement de l'\u00e9vacuation des eaux us\u00e9es\u2026\nN\u00e9anmoins, si la coupure d'eau du r\u00e9seau public ne peut \u00eatre \u00e9vit\u00e9e, l'autorit\u00e9 sanitaire (ARS) \net la population doivent \u00eatre inform\u00e9es des mesures prises dont une restriction des usages de \nl'eau (interdiction pour la boisson, le lavage des dents et la pr\u00e9paration des aliments) et  \nl'organisation rapide d'une distribution d'eau embouteill\u00e9e \u00e0 la population. En cas d'utilisation \nde camions-citernes, seuls ceux de type alimentaire peuvent \u00eatre utilis\u00e9s.\nLors de la remise en service le r\u00e9seau doit \u00eatre purg\u00e9, d\u00e9sinfect\u00e9 et des r\u00e9sultats d'analyses \nconformes doivent \u00eatre obtenus avant de mettre fin \u00e0 la restriction des usages de l'eau.\n36\nDirection d\u00e9partementale des territoires et de la mer du Var - 83-2025-07-01-00006 - ARR\u00caTE PR\u00c9FECTORAL n\u00b0 DDTM/SEBIO/2025-65\ndu 01 JUILLET 2025 relatif \u00e0 la gestion des p\u00e9riodes de s\u00e9cheresse pour le d\u00e9partement du Var 45\n3. LISTE DES RESTRICTIONS D'USAGES ENVISAGEABLES DANS LE CADRE D'UN ARR\u00caT\u00c9 \nMUNICIPAL\nUsages de type arrosage :\narrosage des espaces verts publics (1)\narrosage terrains de sport (1)\narrosage des jardins et espaces verts priv\u00e9s\narrosage terrains de golf (2)\nirrigation agricole (2)\nLes usages de type \"arrosage\" peuvent \u00eatre restreints de mani\u00e8re progressive : interdiction  \nd'arrosage \u00e0 certaines heures (pour \u00e9viter le gaspillage d\u00fb \u00e0 l'\u00e9vaporation) dans un premier  \ntemps, interdiction compl\u00e8te dans un second temps.\nAutres usages :\nvidange et remplissage des piscines, remise \u00e0 niveau\nnettoyage terrasses, rues et trottoirs (sauf imp\u00e9ratifs sanitaires),\nlavage de v\u00e9hicules, y compris chez les professionnels (sauf lavages li\u00e9s \u00e0 des imp\u00e9ratifs  \nsanitaires ou techniques). (2).\n(1)\u00a0Les\u00a0restrictions\u00a0concernant\u00a0ces\u00a0usages,\u00a0qui\u00a0sont\u00a0du\u00a0ressort\u00a0de\u00a0la\u00a0collectivit\u00e9,\u00a0ne\u00a0n\u00e9cessitent\u00a0\npas\u00a0la\u00a0prise\u00a0d'un\u00a0arr\u00eat\u00e9\u00a0municipal.\u00a0Il\u00a0para\u00eet\u00a0cependant\u00a0souhaitable\u00a0de\u00a0les\u00a0inclure\u00a0dans\u00a0un\u00a0arr\u00eat\u00e9\u00a0\nmunicipal\u00a0qui\u00a0restreindrait\u00a0l'arrosage\u00a0des\u00a0espaces\u00a0verts\u00a0priv\u00e9s,\u00a0dans\u00a0un\u00a0souci\u00a0de\u00a0coh\u00e9rence\u00a0et\u00a0\nd'exemple.\n(2)\u00a0Ces\u00a0restrictions,\u00a0qui\u00a0touchent\u00a0des\u00a0activit\u00e9s\u00a0professionnelles,\u00a0m\u00e9ritent\u00a0une\u00a0r\u00e9flexion\u00a0\napprofondie.\u00a0Dans\u00a0certains\u00a0cas,\u00a0les\u00a0professionnels\u00a0peuvent\u00a0n'\u00eatre\u00a0couverts\u00a0par\u00a0leur\u00a0assurance\u00a0\npour\u00a0perte\u00a0d'exploitation\u00a0qu'\u00e0\u00a0condition\u00a0que\u00a0la\u00a0restriction\u00a0soit\u00a0impos\u00e9e\u00a0par\u00a0un\u00a0arr\u00eat\u00e9\u00a0\npr\u00e9fectoral.\u00a0Dans\u00a0tous\u00a0les\u00a0cas,\u00a0il\u00a0est\u00a0conseill\u00e9\u00a0d'avoir\u00a0un\u00a0contact\u00a0pr\u00e9alable\u00a0avec\u00a0les\u00a0professionnels\u00a0\nconcern\u00e9s\u00a0et\u00a0de\u00a0communiquer\u00a0le\u00a0plus\u00a0largement\u00a0possible.\n37\nDirection d\u00e9partementale des territoires et de la mer du Var - 83-2025-07-01-00006 - ARR\u00caTE PR\u00c9FECTORAL n\u00b0 DDTM/SEBIO/2025-65\ndu 01 JUILLET 2025 relatif \u00e0 la gestion des p\u00e9riodes de s\u00e9cheresse pour le d\u00e9partement du Var 46\nANNEXE 6 \u2013 Exemple d'\u00e9criteau \u00e0 apposer sur les fontaines \nfonctionnant avec recyclage de l'eau\n  \nANNEXE 7 \u2013 Rappels r\u00e9glementaires concernant \nles usages et pr\u00e9l\u00e8vements d'eau\n\uf0b7 L'article  L.214-18  du  code  de  l'environnement  dispose  que  tout  ouvrage  de \npr\u00e9l\u00e8vement dans un cours d'eau doit comporter des dispositifs maintenant un d\u00e9bit  \nminimal  garantissant  en  permanence,  ind\u00e9pendamment  des  mesures  de  limitations \n\u00e9ventuelles, la vie, la circulation et la reproduction des esp\u00e8ces vivant dans les eaux. Ce  \nd\u00e9bit minimal ne doit pas \u00eatre inf\u00e9rieur au dixi\u00e8me du module du cours d'eau au droit de  \nl'ouvrage ou au d\u00e9bit \u00e0 l'amont imm\u00e9diat si celui-ci est inf\u00e9rieur.\n\uf0b7 L'article R.214-1 du code de l'environnement dit \u00ab  nomenclature \u00bb dispose que tout  \npr\u00e9l\u00e8vement en cours d'eau ou dans sa nappe d'accompagnement sup\u00e9rieur \u00e0 2% du  \nd\u00e9bit moyen mensuel sec de r\u00e9currence 5 ans ou sup\u00e9rieur ou \u00e9gal \u00e0 400 m3/h, ainsi que  \ntout pr\u00e9l\u00e8vement dans les eaux souterraines (puits, forage,...) sup\u00e9rieur \u00e0 10 000 m3/an est  \nsoumis \u00e0 une proc\u00e9dure de d\u00e9claration ou d'autorisation au titre de la l\u00e9gislation sur l'eau.  \nLes  ouvrages  de  pr\u00e9l\u00e8vement  doivent  donc  \u00eatre  r\u00e9guli\u00e8rement  autoris\u00e9s  ou  avoir  \u00e9t\u00e9 \nr\u00e9gularis\u00e9s.\n\uf0b7 Dans  les  secteurs  caract\u00e9ris\u00e9s  par  une  insuffisance  autre  qu'exceptionnelle  des \nressources en eau par rapport aux besoins (d\u00e9s\u00e9quilibre quantitatif permanent d\u00fb \u00e0 des  \npr\u00e9l\u00e8vements et notamment en zone de R\u00e9partition des Eaux), la nomenclature 1.3.1.0 de  \nl'article R.214-1 du code de l'environnement pr\u00e9voit un r\u00e9gime de protection renforc\u00e9 de la \nressource avec application de r\u00e8gles plus contraignantes qu'en zone de droit commun  : \ntous les pr\u00e9l\u00e8vements non domestiques, c'est-\u00e0-dire sup\u00e9rieurs \u00e0 1  000 m\u00b3/an, sont soumis \n\u00e0 une proc\u00e9dure de d\u00e9claration ou d'autorisation au titre de la l\u00e9gislation sur l'eau.\n\uf0b7 L'article L.214-8 du code de l'environnement (compl\u00e9t\u00e9 par la loi sur l'eau et les milieux \naquatiques du 30 d\u00e9cembre 2006) dispose que les installations soumises \u00e0 autorisation ou  \n\u00e0 d\u00e9claration au titre de la l\u00e9gislation sur l'eau, permettant d'effectuer \u00e0 des fins non  \ndomestiques  des  pr\u00e9l\u00e8vements  en  eau  superficielle,  ainsi  que  toute  installation  de \npompage  des  eaux  souterraines, doivent  \u00eatre  pourvues  des  moyens  de  mesure ou  \nd'\u00e9valuation appropri\u00e9s. Lorsque le pr\u00e9l\u00e8vement d'eau est r\u00e9alis\u00e9 par pompage, la mesure  \nest effectu\u00e9e au moyen d'un compteur d'eau. Les donn\u00e9es correspondantes doivent \u00eatre  \nconserv\u00e9es pendant trois ans et tenues \u00e0 la disposition de l'autorit\u00e9 administrative. \n  \nANNEXE 8 \u2013 Arr\u00eat\u00e9 pr\u00e9fectoral portant modification de l'arr\u00eat\u00e9 pr\u00e9fectoral du 07 avril 2022 \nportant cr\u00e9ation du comit\u00e9 ressources en eau du Var\n38\nAfin de pr\u00e9server les ressources en eau,\ncette fontaine fonctionne avec recyclage de l'eau\nDirection d\u00e9partementale des territoires et de la mer du Var - 83-2025-07-01-00006 - ARR\u00caTE PR\u00c9FECTORAL n\u00b0 DDTM/SEBIO/2025-65\ndu 01 JUILLET 2025 relatif \u00e0 la gestion des p\u00e9riodes de s\u00e9cheresse pour le d\u00e9partement du Var 47\nARR\u00caT\u00c9 PR\u00c9FECTORAL n\u00b0DDTM/SEBIO/2025-01 du \nPortant modification de l'arr\u00eat\u00e9 pr\u00e9fectoral du 07 avril 2022 portant cr\u00e9ation du comit\u00e9 \nressources en eau du Var\nLe Pr\u00e9fet du Var,\nVu la directive europ\u00e9enne sur l'eau n\u00b0 2000/60 du 23 octobre 2000 ;\nVu le code de l'environnement et notamment les articles L. 211-3, L. 212-4, R. 216-9 et R. 211-66 \n\u00e0 R. 211-70  ;\nVu le code de la sant\u00e9 publique ;\nVu le d\u00e9cret du Pr\u00e9sident de la R\u00e9publique du  13 juillet 2023 nommant M. Philippe MAH\u00c9,  \nPr\u00e9fet du Var ;\nVu le d\u00e9cret n\u00b02021-795 du 23 juin 2021 relatif \u00e0 la gestion quantitative de la ressource en eau  \net \u00e0 la gestion des situations de crise li\u00e9es \u00e0 la s\u00e9cheresse ;\nVu l'arr\u00eat\u00e9  n\u00b02023-87  du  pr\u00e9fet coordonnateur  du  Bassin  Rh\u00f4ne-M\u00e9diterran\u00e9e  du  \n21 mars 2023 modifiant l'arr\u00eat\u00e9 n\u00b02021-327 du 23 juillet 2021 relatif au renforcement de la  \ncoordination des mesures de gestion de la s\u00e9cheresse sur le bassin Rh\u00f4ne-M\u00e9diterran\u00e9e ;\nVu  l'arr\u00eat\u00e9 pr\u00e9fectoral n\u00b0 2023/47/MCI du 21 ao\u00fbt 2023 portant d\u00e9l\u00e9gation de signature \u00e0  \nM. Lucien GIUDICELLI, secr\u00e9taire g\u00e9n\u00e9ral de la pr\u00e9fecture du Var ;\nVu l'arr\u00eat\u00e9 pr\u00e9fectoral du 07 avril 2022 portant cr\u00e9ation du comit\u00e9 ressources en eau du Var ;\nVu l'instruction de la ministre de la transition \u00e9cologique du 27 juillet 2021 relative \u00e0 la gestion \ndes situations de crise li\u00e9es \u00e0 la s\u00e9cheresse hydrologique ;\nConsid\u00e9rant la n\u00e9cessit\u00e9 de pr\u00e9server les usages prioritaires de l'eau, notamment pour la  \nsant\u00e9 humaine, la s\u00e9curit\u00e9 civile, l'approvisionnement en eau potable et la pr\u00e9servation des  \n\u00e9cosyst\u00e8mes aquatiques ;\nConsid\u00e9rant la n\u00e9cessit\u00e9 de d\u00e9finir et mettre en \u0153uvre un programme d'action lors des  \np\u00e9riodes de s\u00e9cheresse ;\nConsid\u00e9rant l'int\u00e9r\u00eat de garantir la transparence et la concertation entre les diff\u00e9rents usages \nde l'eau ;\nConsid\u00e9rant la n\u00e9cessit\u00e9 de faire \u00e9voluer les outils de gestion de la s\u00e9cheresse pour optimiser  \nla r\u00e9activit\u00e9 des d\u00e9cisions et actions pr\u00e9vues relatives au plan d'action s\u00e9cheresse vis\u00e9 ci-\ndessus ;\nSur proposition du directeur d\u00e9partemental des territoires et de la mer du Var ;\nARR\u00caTE\n39\nDirection d\u00e9partementale des territoires et de la mer du Var - 83-2025-07-01-00006 - ARR\u00caTE PR\u00c9FECTORAL n\u00b0 DDTM/SEBIO/2025-65\ndu 01 JUILLET 2025 relatif \u00e0 la gestion des p\u00e9riodes de s\u00e9cheresse pour le d\u00e9partement du Var 48\nArticle 1  er   : Modification de la liste des membres\nL'article 3 de l'arr\u00eat\u00e9 pr\u00e9fectoral du 07 avril 2022 portant cr\u00e9ation du comit\u00e9 ressources en  \neau du Var est modifi\u00e9 comme suit :\n\u00ab La composition du comit\u00e9 ressources en eau du Var est fix\u00e9e comme suit.\nA / Coll\u00e8ge des repr\u00e9sentants de l'\u00c9tat et de ses \u00e9tablissements publics :\n\u2022 le Pr\u00e9fet du Var ou son repr\u00e9sentant ;\n\u2022 le/la sous-pr\u00e9fet/e de Brignoles ou son repr\u00e9sentant ;\n\u2022 le/la sous-pr\u00e9fet/e  de Draguignan ou son repr\u00e9sentant ;\n\u2022 le directeur d\u00e9partemental des territoires et de la mer du Var ou son repr\u00e9sentant ;\n\u2022 le directeur d\u00e9partemental des territoires et de la mer des Bouches-du-Rh\u00f4ne ou son  \nrepr\u00e9sentant ;\n\u2022 la  directrice  d\u00e9partementale  des  territoires  des  Alpes-de-Haute-Provence  ou  son \nrepr\u00e9sentant ;\n\u2022 le directeur d\u00e9partemental de la d\u00e9l\u00e9gation du Var de l'agence r\u00e9gionale de sant\u00e9 ou  \nson repr\u00e9sentant ;\n\u2022 la directrice r\u00e9gionale de l'environnement, de l'am\u00e9nagement et du logement ou son  \nrepr\u00e9sentant ;\n\u2022 le directeur r\u00e9gional de l'agriculture, de l'alimentation et la for\u00eat ou son repr\u00e9sentant ;\n\u2022 le chef de l'unit\u00e9 territoriale du Var de la direction r\u00e9gionale de l'environnement, de  \nl'am\u00e9nagement et du logement ou son repr\u00e9sentant ;\n\u2022 le directeur interr\u00e9gional de l'office fran\u00e7ais de la biodiversit\u00e9 ou son repr\u00e9sentant ;\n\u2022 le  chef  du  service  d\u00e9partemental  de  l'office  fran\u00e7ais  de  la  biodiversit\u00e9  ou  son \nrepr\u00e9sentant ;\n\u2022 le d\u00e9l\u00e9gu\u00e9 d\u00e9partemental de M\u00e9t\u00e9o-France ou son repr\u00e9sentant ;\n\u2022 le  directeur  r\u00e9gional  du  bureau  de  recherches  g\u00e9ologiques  et  mini\u00e8res  ou  son \nrepr\u00e9sentant ;\n\u2022 la directrice de la d\u00e9l\u00e9gation PACA-Corse de l'agence de l'eau Rh\u00f4ne M\u00e9diterran\u00e9e  \nCorse ou son repr\u00e9sentant ;\n\u2022 le directeur du parc national de Port-Cros ou son repr\u00e9sentant ;\n\u2022 le directeur de l'agence  interd\u00e9partementale Alpes-Maritimes - Var de l'office national \ndes for\u00eats ou son repr\u00e9sentant ;\n\u2022 le commandant du groupement de gendarmerie d\u00e9partementale ou son repr\u00e9sentant ;\n\u2022 le directeur d\u00e9partemental de la s\u00e9curit\u00e9 publique  ou son repr\u00e9sentant ;\n\u2022 le directeur d\u00e9partemental des services d'incendie et de secours ou son repr\u00e9sentant.\nB / Coll\u00e8ge des repr\u00e9sentants des collectivit\u00e9s territoriales :\n\u2022 le pr\u00e9sident du Conseil r\u00e9gional ou son repr\u00e9sentant ;\n\u2022 le pr\u00e9sident du Conseil d\u00e9partemental ou son repr\u00e9sentant ;\n\u2022 le pr\u00e9sident de l'association des maires du Var ou son repr\u00e9sentant ;\n\u2022 le pr\u00e9sident de l'association des maires ruraux du Var ou son repr\u00e9sentant ;\n\u2022 le pr\u00e9sident de la commission locale de l'eau du SAGE du Gapeau ou son repr\u00e9sentant ;\n\u2022 le pr\u00e9sident de la commission locale de l'eau du SAGE du Verdon ou son repr\u00e9sentant ;\n\u2022 le pr\u00e9sident de la commission locale de l'eau du SAGE de l'Arc ou son repr\u00e9sentant ; \n\u2022 le pr\u00e9sident de la m\u00e9tropole de Toulon Provence M\u00e9diterran\u00e9e ou son repr\u00e9sentant ;\n\u2022 le pr\u00e9sident de la communaut\u00e9 d'agglom\u00e9ration Provence verte ou son repr\u00e9sentant ;\n40\nDirection d\u00e9partementale des territoires et de la mer du Var - 83-2025-07-01-00006 - ARR\u00caTE PR\u00c9FECTORAL n\u00b0 DDTM/SEBIO/2025-65\ndu 01 JUILLET 2025 relatif \u00e0 la gestion des p\u00e9riodes de s\u00e9cheresse pour le d\u00e9partement du Var 49\n\u2022 le pr\u00e9sident d'Est\u00e9rel C\u00f4te d'Azur agglom\u00e9ration ou son repr\u00e9sentant ;\n\u2022 le  pr\u00e9sident  de  la  communaut\u00e9  de  communes  du  Golfe  de  Saint-Tropez  ou  son \nrepr\u00e9sentant ;\n\u2022 le pr\u00e9sident de la communaut\u00e9 de communes M\u00e9diterran\u00e9e Porte des Maures ou son  \nrepr\u00e9sentant ;\n\u2022 le pr\u00e9sident de la communaut\u00e9 de communes C\u0153ur du Var ou son repr\u00e9sentant ;\n\u2022 le pr\u00e9sident de Drac\u00e9nie Provence Verdon agglom\u00e9ration ou son repr\u00e9sentant ;\n\u2022 le  pr\u00e9sident  de  la  communaut\u00e9  de  communes  du  Pays  de  Fayence ou  son \nrepr\u00e9sentant ;\n\u2022 le  pr\u00e9sident  de  la  communaut\u00e9  d'agglom\u00e9ration  Sud  Sainte  Baume  ou  son \nrepr\u00e9sentant ;\n\u2022 le pr\u00e9sident de la communaut\u00e9 de communes Provence Verdon ou son repr\u00e9sentant ;\n\u2022 le  pr\u00e9sident  de  la  communaut\u00e9  de  communes  Lacs  et  Gorges  du  Verdon ou  son \nrepr\u00e9sentant ;\n\u2022 le  pr\u00e9sident  de  la  communaut\u00e9  de  communes  de  la  Vall\u00e9e  du  Gapeau  ou  son \nrepr\u00e9sentant ;\n\u2022 le pr\u00e9sident du comit\u00e9 de rivi\u00e8re du Verdon \u2013 Parc naturel r\u00e9gional du Verdon ou son  \nrepr\u00e9sentant ;\n\u2022 le pr\u00e9sident du parc naturel r\u00e9gional de la Sainte-Baume ou son repr\u00e9sentant ;\n\u2022 le pr\u00e9sident du syndicat mixte de l'Argens ou son repr\u00e9sentant ;\n\u2022 le pr\u00e9sident du syndicat mixte du bassin versant du Gapeau ou son repr\u00e9sentant ;\n\u2022 le pr\u00e9sident du syndicat de gestion de l'Eygoutier ou son repr\u00e9sentant ;\n\u2022 le pr\u00e9sident du Menelik, \u00e9tablissement public d'am\u00e9nagement et de gestion de l'eau de \nl'Arc, la Cadi\u00e8re, la Touloubre et du pourtour de Berre ou son repr\u00e9sentant ;\n\u2022 le  pr\u00e9sident  de  l'\u00e9tablissement  public  d'am\u00e9nagement  et  de  gestion  des  eaux \nHuveaune \u2013 C\u00f4tiers \u2013 Aygalades ou son repr\u00e9sentant ;\n\u2022 le pr\u00e9sident du syndicat de l'Eau Var Est ou son repr\u00e9sentant ;\nC/ Coll\u00e8ge des repr\u00e9sentants des usagers et des associations :\n\u2022 le pr\u00e9sident de la f\u00e9d\u00e9ration du Var pour la p\u00eache et la protection du milieu aquatique  \nou son repr\u00e9sentant ;\n\u2022 le pr\u00e9sident de la chambre d'agriculture du Var ou son repr\u00e9sentant ;\n\u2022 le pr\u00e9sident de la chambre de commerce et d'industrie du Var ou son repr\u00e9sentant ;\n\u2022 le pr\u00e9sident de la chambre des m\u00e9tiers du Var ou son repr\u00e9sentant ;\n\u2022 le pr\u00e9sident de la f\u00e9d\u00e9ration hydraulique du Var ou son repr\u00e9sentant ;\n\u2022 un repr\u00e9sentant de l'organisme unique de gestion collective de l'eau pour l'irrigation  \nagricole dans le bassin versant de l'ARTUBY ;\n\u2022 le pr\u00e9sident de la maison r\u00e9gionale de l'eau ou son repr\u00e9sentant ;\n\u2022 le pr\u00e9sident de l'association UFC-QUE CHOISIR ou son repr\u00e9sentant ;\n\u2022 le pr\u00e9sident de l'association varoise pour la sauvegarde de l'agriculture, de la nature et  \nde l'environnement ou son repr\u00e9sentant \n\u2022 le directeur d'EDF (\u00e9nergie M\u00e9diterran\u00e9e) ou son repr\u00e9sentant ;\n\u2022 le directeur de V\u00e9olia ou son repr\u00e9sentant ;\n\u2022 le directeur de Suez ou son repr\u00e9sentant ;\n\u2022 le directeur g\u00e9n\u00e9ral de Aqualter ou son repr\u00e9sentant ;\n\u2022 le directeur g\u00e9n\u00e9ral de la Soci\u00e9t\u00e9 du canal de Provence ou son repr\u00e9sentant ;\n\u2022 le pr\u00e9sident du syndicat de l'h\u00f4tellerie de plein-air Var ou son repr\u00e9sentant. \u00bb\nArticle 2 : Voies et d\u00e9lais de recours\n41\nDirection d\u00e9partementale des territoires et de la mer du Var - 83-2025-07-01-00006 - ARR\u00caTE PR\u00c9FECTORAL n\u00b0 DDTM/SEBIO/2025-65\ndu 01 JUILLET 2025 relatif \u00e0 la gestion des p\u00e9riodes de s\u00e9cheresse pour le d\u00e9partement du Var 50\nLe pr\u00e9sent arr\u00eat\u00e9 peut faire l'objet d'un recours gracieux ou hi\u00e9rarchique dans un d\u00e9lai de  \n2 mois \u00e0 compter de sa publication au recueil des actes administratifs (RAA). Il peut aussi faire \nl'objet d'un recours contentieux devant le tribunal administratif de Toulon dans ce m\u00eame  \nd\u00e9lai.\nLe d\u00e9faut de r\u00e9ponse de l'administration au recours gracieux ou hi\u00e9rarchique dans un d\u00e9lai de \n2 mois apr\u00e8s sa r\u00e9ception fait na\u00eetre une d\u00e9cision implicite de rejet. L'int\u00e9ress\u00e9 dispose alors,  \npour former un recours contentieux devant le tribunal administratif de Toulon, d'un d\u00e9lai de  \ndeux mois \u00e0 compter de la date \u00e0 laquelle est n\u00e9e la d\u00e9cision implicite de rejet. Toutefois,  \nlorsqu'une d\u00e9cision explicite de rejet intervient avant l'expiration de cette p\u00e9riode, elle fait \u00e0  \nnouveau courir le d\u00e9lai de recours. \nLe tribunal administratif peut \u00eatre saisi par l'application informatique \u00ab T\u00e9l\u00e9recours citoyens \u00bb, \naccessible sur le site internet : \u00ab www.telerecours.fr \u00bb.\nArticle 3 : Ex\u00e9cution et publication\nLe secr\u00e9taire g\u00e9n\u00e9ral de la pr\u00e9fecture du Var et le directeur d\u00e9partemental des territoires et  \nde la mer du Var sont charg\u00e9s, chacun en ce qui le concerne, de l'ex\u00e9cution du pr\u00e9sent arr\u00eat\u00e9 \nqui sera publi\u00e9 au recueil des actes administratifs de la pr\u00e9fecture du Var.\n42\nDirection d\u00e9partementale des territoires et de la mer du Var - 83-2025-07-01-00006 - ARR\u00caTE PR\u00c9FECTORAL n\u00b0 DDTM/SEBIO/2025-65\ndu 01 JUILLET 2025 relatif \u00e0 la gestion des p\u00e9riodes de s\u00e9cheresse pour le d\u00e9partement du Var 51\nDirection d\u00e9partementale des territoires et de la\nmer du Var\n83-2025-06-30-00004\nARR\u00caT\u00c9 PR\u00c9FECTORAL n\u00b0DDTM/SEBIO/2025-01\ndu 30 juin 2025Portant modification de l'arr\u00eat\u00e9\npr\u00e9fectoral du 07 avril 2022 portant cr\u00e9ation du\ncomit\u00e9 ressources en eau du Var\nDirection d\u00e9partementale des territoires et de la mer du Var - 83-2025-06-30-00004 - ARR\u00caT\u00c9 PR\u00c9FECTORAL n\u00b0DDTM/SEBIO/2025-01\ndu 30 juin 2025Portant modification de l'arr\u00eat\u00e9 pr\u00e9fectoral du 07 avril 2022 portant cr\u00e9ation du comit\u00e9 ressources en eau du Var 52\n=mPREFETDU VARLibert\u00e9Egalit\u00e9Fraternit\u00e9\nARR\u00caT\u00c9 PR\u00c9FECTORAL n\u00b0DDTM/SEBIO/2025-01 du 30 juin 2025\nPortant modification de l'arr\u00eat\u00e9 pr\u00e9fectoral du 07 avril 2022 portant cr\u00e9ation du comit\u00e9  \nressources en eau du Var\nLe Pr\u00e9fet du Var,\nVu la directive europ\u00e9enne sur l'eau n\u00b0 2000/60 du 23 octobre 2000 ;\nVu le code de l'environnement et notamment les articles L. 211-3, L. 212-4, R. 216-9 et R. 211-66 \n\u00e0 R. 211-70  ;\nVu le code de la sant\u00e9 publique ;\nVu le d\u00e9cret du Pr\u00e9sident de la R\u00e9publique du 15 mai 2025 portant nomination de M. Simon  \nBABRE, pr\u00e9fet du Var ;\nVu l'arr\u00eat\u00e9 pr\u00e9fectoral n\u00b0 2025/12/ MCI du 2 juin 2025 portant d\u00e9l\u00e9gation de signature \u00e0 M.  \nLucien  GIUDICELLI,  Secr\u00e9taire  g\u00e9n\u00e9ral  de  la  pr\u00e9fecture  du  Var,  Sous-pr\u00e9fet  de  \nl'arrondissement de Toulon ;\nVu le d\u00e9cret n\u00b02021-795 du 23 juin 2021 relatif \u00e0 la gestion quantitative de la ressource en eau  \net \u00e0 la gestion des situations de crise li\u00e9es \u00e0 la s\u00e9cheresse ;\nVu l'arr\u00eat\u00e9  n\u00b02023-87  du  pr\u00e9fet coordonnateur  du  Bassin  Rh\u00f4ne-M\u00e9diterran\u00e9e  du  \n21 mars 2023 modifiant l'arr\u00eat\u00e9 n\u00b02021-327 du 23 juillet 2021 relatif au renforcement de la  \ncoordination des mesures de gestion de la s\u00e9cheresse sur le bassin Rh\u00f4ne-M\u00e9diterran\u00e9e ;\nVu l'arr\u00eat\u00e9 pr\u00e9fectoral du 07 avril 2022 portant cr\u00e9ation du comit\u00e9 ressources en eau du Var ;\nVu l'instruction de la ministre de la transition \u00e9cologique du 27 juillet 2021 relative \u00e0 la gestion \ndes situations de crise li\u00e9es \u00e0 la s\u00e9cheresse hydrologique ;\nConsid\u00e9rant la n\u00e9cessit\u00e9 de pr\u00e9server les usages prioritaires de l'eau, notamment pour la  \nsant\u00e9 humaine, la s\u00e9curit\u00e9 civile, l'approvisionnement en eau potable et la pr\u00e9servation des  \n\u00e9cosyst\u00e8mes aquatiques ;\nConsid\u00e9rant la n\u00e9cessit\u00e9 de d\u00e9finir et mettre en \u0153uvre un programme d'action lors des  \np\u00e9riodes de s\u00e9cheresse ;\n1/4\nDirection d\u00e9partementale\ndes territoires et de la mer du Var\nService eau et biodiversit\u00e9\nDirection d\u00e9partementale des territoires et de la mer du Var - 83-2025-06-30-00004 - ARR\u00caT\u00c9 PR\u00c9FECTORAL n\u00b0DDTM/SEBIO/2025-01\ndu 30 juin 2025Portant modification de l'arr\u00eat\u00e9 pr\u00e9fectoral du 07 avril 2022 portant cr\u00e9ation du comit\u00e9 ressources en eau du Var53\nConsid\u00e9rant l'int\u00e9r\u00eat de garantir la transparence et la concertation entre les diff\u00e9rents usages  \nde l'eau ;\nConsid\u00e9rant la n\u00e9cessit\u00e9 de faire \u00e9voluer les outils de gestion de la s\u00e9cheresse pour optimiser  \nla r\u00e9activit\u00e9 des d\u00e9cisions et actions pr\u00e9vues relatives au plan d'action s\u00e9cheresse vis\u00e9 ci-\ndessus ;\nSur proposition du directeur d\u00e9partemental des territoires et de la mer du Var ;\nARR\u00caTE\nArticle 1  er   : Modification de la liste des membres\nL'article 3 de l'arr\u00eat\u00e9 pr\u00e9fectoral du 07 avril 2022 portant cr\u00e9ation du comit\u00e9 ressources en  \neau du Var est modifi\u00e9 comme suit :\n\u00ab La composition du comit\u00e9 ressources en eau du Var est fix\u00e9e comme suit.\nA / Coll\u00e8ge des repr\u00e9sentants de l'\u00c9tat et de ses \u00e9tablissements publics :\n\u2022 le Pr\u00e9fet du Var ou son repr\u00e9sentant ;\n\u2022 le/la sous-pr\u00e9fet/e de Brignoles ou son repr\u00e9sentant ;\n\u2022 le/la sous-pr\u00e9fet/e  de Draguignan ou son repr\u00e9sentant ;\n\u2022 le directeur d\u00e9partemental des territoires et de la mer du Var ou son repr\u00e9sentant ;\n\u2022 le directeur d\u00e9partemental des territoires et de la mer des Bouches-du-Rh\u00f4ne ou son  \nrepr\u00e9sentant ;\n\u2022 la  directrice  d\u00e9partementale  des  territoires  des  Alpes-de-Haute-Provence  ou  son \nrepr\u00e9sentant ;\n\u2022 le directeur d\u00e9partemental de la d\u00e9l\u00e9gation du Var de l'agence r\u00e9gionale de sant\u00e9 ou  \nson repr\u00e9sentant ;\n\u2022 la directrice r\u00e9gionale de l'environnement, de l'am\u00e9nagement et du logement ou son  \nrepr\u00e9sentant ;\n\u2022 le directeur r\u00e9gional de l'agriculture, de l'alimentation et la for\u00eat ou son repr\u00e9sentant ;\n\u2022 le chef de l'unit\u00e9 territoriale du Var de la direction r\u00e9gionale de l'environnement, de  \nl'am\u00e9nagement et du logement ou son repr\u00e9sentant ;\n\u2022 le directeur interr\u00e9gional de l'office fran\u00e7ais de la biodiversit\u00e9 ou son repr\u00e9sentant ;\n\u2022 le  chef  du  service  d\u00e9partemental  de  l'office  fran\u00e7ais  de  la  biodiversit\u00e9  ou  son \nrepr\u00e9sentant ;\n\u2022 le d\u00e9l\u00e9gu\u00e9 d\u00e9partemental de M\u00e9t\u00e9o-France ou son repr\u00e9sentant ;\n\u2022 le  directeur  r\u00e9gional  du  bureau  de  recherches  g\u00e9ologiques  et  mini\u00e8res  ou  son \nrepr\u00e9sentant ;\n\u2022 la directrice de la d\u00e9l\u00e9gation PACA-Corse de l'agence de l'eau Rh\u00f4ne M\u00e9diterran\u00e9e  \nCorse ou son repr\u00e9sentant ;\n\u2022 le directeur du parc national de Port-Cros ou son repr\u00e9sentant ;\n\u2022 le directeur de l'agence  interd\u00e9partementale Alpes-Maritimes - Var de l'office national \ndes for\u00eats ou son repr\u00e9sentant ;\n\u2022 le commandant du groupement de gendarmerie d\u00e9partementale ou son repr\u00e9sentant ;\n\u2022 le directeur d\u00e9partemental de la s\u00e9curit\u00e9 publique  ou son repr\u00e9sentant ;\n\u2022 le directeur d\u00e9partemental des services d'incendie et de secours ou son repr\u00e9sentant.\n2/4\nDirection d\u00e9partementale des territoires et de la mer du Var - 83-2025-06-30-00004 - ARR\u00caT\u00c9 PR\u00c9FECTORAL n\u00b0DDTM/SEBIO/2025-01\ndu 30 juin 2025Portant modification de l'arr\u00eat\u00e9 pr\u00e9fectoral du 07 avril 2022 portant cr\u00e9ation du comit\u00e9 ressources en eau du Var 54\nB / Coll\u00e8ge des repr\u00e9sentants des collectivit\u00e9s territoriales :\n\u2022 le pr\u00e9sident du Conseil r\u00e9gional ou son repr\u00e9sentant ;\n\u2022 le pr\u00e9sident du Conseil d\u00e9partemental ou son repr\u00e9sentant ;\n\u2022 le pr\u00e9sident de l'association des maires du Var ou son repr\u00e9sentant ;\n\u2022 le pr\u00e9sident de l'association des maires ruraux du Var ou son repr\u00e9sentant ;\n\u2022 le pr\u00e9sident de la commission locale de l'eau du SAGE du Gapeau ou son repr\u00e9sentant ;\n\u2022 le pr\u00e9sident de la commission locale de l'eau du SAGE du Verdon ou son repr\u00e9sentant ;\n\u2022 le pr\u00e9sident de la commission locale de l'eau du SAGE de l'Arc ou son repr\u00e9sentant ; \n\u2022 le pr\u00e9sident de la m\u00e9tropole de Toulon Provence M\u00e9diterran\u00e9e ou son repr\u00e9sentant ;\n\u2022 le pr\u00e9sident de la communaut\u00e9 d'agglom\u00e9ration Provence verte ou son repr\u00e9sentant ;\n\u2022 le pr\u00e9sident d'Est\u00e9rel C\u00f4te d'Azur agglom\u00e9ration ou son repr\u00e9sentant ;\n\u2022 le  pr\u00e9sident  de  la  communaut\u00e9  de  communes  du  Golfe  de  Saint-Tropez  ou  son \nrepr\u00e9sentant ;\n\u2022 le pr\u00e9sident de la communaut\u00e9 de communes M\u00e9diterran\u00e9e Porte des Maures ou son  \nrepr\u00e9sentant ;\n\u2022 le pr\u00e9sident de la communaut\u00e9 de communes C\u0153ur du Var ou son repr\u00e9sentant ;\n\u2022 le pr\u00e9sident de Drac\u00e9nie Provence Verdon agglom\u00e9ration ou son repr\u00e9sentant ;\n\u2022 le  pr\u00e9sident  de  la  communaut\u00e9  de  communes  du  Pays  de  Fayence ou  son \nrepr\u00e9sentant ;\n\u2022 le  pr\u00e9sident  de  la  communaut\u00e9  d'agglom\u00e9ration  Sud  Sainte  Baume  ou  son \nrepr\u00e9sentant ;\n\u2022 le pr\u00e9sident de la communaut\u00e9 de communes Provence Verdon ou son repr\u00e9sentant ;\n\u2022 le  pr\u00e9sident  de  la  communaut\u00e9  de  communes  Lacs  et  Gorges  du  Verdon ou  son \nrepr\u00e9sentant ;\n\u2022 le  pr\u00e9sident  de  la  communaut\u00e9  de  communes  de  la  Vall\u00e9e  du  Gapeau  ou  son \nrepr\u00e9sentant ;\n\u2022 le pr\u00e9sident du comit\u00e9 de rivi\u00e8re du Verdon \u2013 Parc naturel r\u00e9gional du Verdon ou son  \nrepr\u00e9sentant ;\n\u2022 le pr\u00e9sident du parc naturel r\u00e9gional de la Sainte-Baume ou son repr\u00e9sentant ;\n\u2022 le pr\u00e9sident du syndicat mixte de l'Argens ou son repr\u00e9sentant ;\n\u2022 le pr\u00e9sident du syndicat mixte du bassin versant du Gapeau ou son repr\u00e9sentant ;\n\u2022 le pr\u00e9sident du syndicat de gestion de l'Eygoutier ou son repr\u00e9sentant ;\n\u2022 le pr\u00e9sident du Menelik, \u00e9tablissement public d'am\u00e9nagement et de gestion de l'eau de \nl'Arc, la Cadi\u00e8re, la Touloubre et du pourtour de Berre ou son repr\u00e9sentant ;\n\u2022 le  pr\u00e9sident  de  l'\u00e9tablissement  public  d'am\u00e9nagement  et  de  gestion  des  eaux \nHuveaune \u2013 C\u00f4tiers \u2013 Aygalades ou son repr\u00e9sentant ;\n\u2022 le pr\u00e9sident du syndicat de l'Eau Var Est ou son repr\u00e9sentant ;\nC/ Coll\u00e8ge des repr\u00e9sentants des usagers et des associations :\n\u2022 le pr\u00e9sident de la f\u00e9d\u00e9ration du Var pour la p\u00eache et la protection du milieu aquatique  \nou son repr\u00e9sentant ;\n\u2022 le pr\u00e9sident de la chambre d'agriculture du Var ou son repr\u00e9sentant ;\n\u2022 le pr\u00e9sident de la chambre de commerce et d'industrie du Var ou son repr\u00e9sentant ;\n\u2022 le pr\u00e9sident de la chambre des m\u00e9tiers du Var ou son repr\u00e9sentant ;\n\u2022 le pr\u00e9sident de la f\u00e9d\u00e9ration hydraulique du Var ou son repr\u00e9sentant ;\n\u2022 un repr\u00e9sentant de l'organisme unique de gestion collective de l'eau pour l'irrigation  \nagricole dans le bassin versant de l'ARTUBY ;\n\u2022 le pr\u00e9sident de la maison r\u00e9gionale de l'eau ou son repr\u00e9sentant ;\n3/4\nDirection d\u00e9partementale des territoires et de la mer du Var - 83-2025-06-30-00004 - ARR\u00caT\u00c9 PR\u00c9FECTORAL n\u00b0DDTM/SEBIO/2025-01\ndu 30 juin 2025Portant modification de l'arr\u00eat\u00e9 pr\u00e9fectoral du 07 avril 2022 portant cr\u00e9ation du comit\u00e9 ressources en eau du Var 55\n\u2022 le pr\u00e9sident de l'association UFC-QUE CHOISIR ou son repr\u00e9sentant ;\n\u2022 le pr\u00e9sident de l'association varoise pour la sauvegarde de l'agriculture, de la nature et  \nde l'environnement ou son repr\u00e9sentant \n\u2022 le directeur d'EDF (\u00e9nergie M\u00e9diterran\u00e9e) ou son repr\u00e9sentant ;\n\u2022 le directeur de V\u00e9olia ou son repr\u00e9sentant ;\n\u2022 le directeur de Suez ou son repr\u00e9sentant ;\n\u2022 le directeur g\u00e9n\u00e9ral de Aqualter ou son repr\u00e9sentant ;\n\u2022 le directeur g\u00e9n\u00e9ral de la Soci\u00e9t\u00e9 du canal de Provence ou son repr\u00e9sentant ;\n\u2022 le pr\u00e9sident du syndicat de l'h\u00f4tellerie de plein-air Var ou son repr\u00e9sentant. \u00bb\nArticle 2 : Voies et d\u00e9lais de recours\nLe pr\u00e9sent arr\u00eat\u00e9 peut faire l'objet d'un recours gracieux ou hi\u00e9rarchique dans un d\u00e9lai de  \n2 mois \u00e0 compter de sa publication au recueil des actes administratifs (RAA). Il peut aussi faire \nl'objet d'un recours contentieux devant le tribunal administratif de Toulon dans ce m\u00eame  \nd\u00e9lai.\nLe d\u00e9faut de r\u00e9ponse de l'administration au recours gracieux ou hi\u00e9rarchique dans un d\u00e9lai de \n2 mois apr\u00e8s sa r\u00e9ception fait na\u00eetre une d\u00e9cision implicite de rejet. L'int\u00e9ress\u00e9 dispose alors,  \npour former un recours contentieux devant le tribunal administratif de Toulon, d'un d\u00e9lai de  \ndeux mois \u00e0 compter de la date \u00e0 laquelle est n\u00e9e la d\u00e9cision implicite de rejet. Toutefois,  \nlorsqu'une d\u00e9cision explicite de rejet intervient avant l'expiration de cette p\u00e9riode, elle fait \u00e0  \nnouveau courir le d\u00e9lai de recours. \nLe tribunal administratif peut \u00eatre saisi par l'application informatique \u00ab T\u00e9l\u00e9recours citoyens \u00bb, \naccessible sur le site internet : \u00ab www.telerecours.fr \u00bb.\nArticle 3 : Ex\u00e9cution et publication\nLe secr\u00e9taire g\u00e9n\u00e9ral de la pr\u00e9fecture du Var et le directeur d\u00e9partemental des territoires et  \nde la mer du Var sont charg\u00e9s, chacun en ce qui le concerne, de l'ex\u00e9cution du pr\u00e9sent arr\u00eat\u00e9  \nqui sera publi\u00e9 au recueil des actes administratifs de la pr\u00e9fecture du Var.\nPour le Pr\u00e9fet et par d\u00e9l\u00e9gation,\nle secr\u00e9taire g\u00e9n\u00e9ral\nSign\u00e9\nLucien GIUDICELLI\n4/4\nDirection d\u00e9partementale des territoires et de la mer du Var - 83-2025-06-30-00004 - ARR\u00caT\u00c9 PR\u00c9FECTORAL n\u00b0DDTM/SEBIO/2025-01\ndu 30 juin 2025Portant modification de l'arr\u00eat\u00e9 pr\u00e9fectoral du 07 avril 2022 portant cr\u00e9ation du comit\u00e9 ressources en eau du Var 56\nPr\u00e9fecture du VAR\n83-2025-07-01-00003\nAP Ouverture Jury FPSE FNMNS\nPr\u00e9fecture du VAR - 83-2025-07-01-00003 - AP Ouverture Jury FPSE FNMNS 57\n=mPREFETDU VARLibert\u00e9Egalit\u00e9Fraternit\u00e9\nCabinet du pr\u00e9fet\nDirection des s\u00e9curit\u00e9s\nService interminist\u00e9riel de d\u00e9fense et protection civiles\nARR\u00caT\u00c9 PR\u00c9FECTORAL n\u00b0 2025_06_DS_SIDPC_12\nd\u00e9signant le jury d\u00e9partemental pour l'examen des dossiers des candidats \nde la F\u00e9d\u00e9ration Nationale des M\u00e9tiers de la Natation et du sport  (FNMNS-ASV)\ndu certificat de comp\u00e9tences de formateur aux premiers secours en \u00e9quipe.\nLe Pr\u00e9fet du Var,\nVu le Code de la s\u00e9curit\u00e9 int\u00e9rieure ;\nVu la loi n\u00b0 2004-811 du 13 ao\u00fbt 2004 modifi\u00e9e, de modernisation de la s\u00e9curit\u00e9 civile ;\nVu le d\u00e9cret n\u00b0 2024-242 du 20 mars 2024 relatif aux formations aux premiers secours ; \nVu l'arr\u00eat\u00e9 du 15 juin 2024 relatif \u00e0 la fili\u00e8re p\u00e9dagogique de s\u00e9curit\u00e9 civile ; \nVu l'arr\u00eat\u00e9 du 15 juin 2024 relatif \u00e0 la fili\u00e8re op\u00e9rationnelle de s\u00e9curit\u00e9 civile dans le domaine  \nde la formation aux premiers secours ; \nVu l'arr\u00eat\u00e9 du 17 juin 2024 relatif \u00e0 l'habilitation pour la formation aux premiers secours ;\nVu l'arr\u00eat\u00e9 du 21 d\u00e9cembre 2020 modifi\u00e9 portant organisation de la formation continue des  \npremiers secours ;\nVu l'arr\u00eat\u00e9 pr\u00e9fectoral n\u00b0 2025/08/MCI du 25 mars 2025 portant d\u00e9l\u00e9gation de signature \u00e0  \nMme Jos\u00e9phine GUIGLIANO-BOUTONNET, directrice de cabinet du pr\u00e9fet du Var ;\nVu la demande d'ouverture de formation de p\u00e9dagogie appliqu\u00e9e \u00e0 l'emploi de formateur aux \npremiers secours en \u00e9quipe re\u00e7ue le 24 juin 2025.\nSur proposition de Madame la directrice de cabinet du pr\u00e9fet du Var, \nARR\u00caTE\nArticle  1er : Le  jury  d\u00e9partemental  pour  l'examen  des  dossiers  de  candidature  pour  \nl'attribution du certificat de comp\u00e9tences de formateur aux  premiers secours en \u00e9quipe,  se \nr\u00e9unira le jeudi 17 juillet 2025 \u00e0 16h00 pour l'examen des dossiers pr\u00e9sent\u00e9s par FNMNS-ASV.\nArr\u00eat\u00e9 pr\u00e9fectoral n\u00b02025_06_DS_SIDPC_12  1/2\nPr\u00e9fecture du VAR - 83-2025-07-01-00003 - AP Ouverture Jury FPSE FNMNS 58\nArticle 2 : La pr\u00e9sidence du jury sera assur\u00e9e par Monsieur Oliver COURTESOLLE, \nformateur de formateur - cef, les trois autres membres du jury sont les suivants :\n\uf0b7 Madame B\u00e9linda FRECHE, (FdF);\n\uf0b7 Monsieur Damien SPIESS, (FdF);\n\uf0b7 Monsieur David LIBOUBAN, (FdF);\nArticle  3 :  Hormis  le   pr\u00e9sident,  un  des  membres  titulaires  peut  \u00eatre  remplac\u00e9  en  cas  \nd'emp\u00eachement par :\n\uf0b7 Monsieur Mickael NIRLO, (FdF);\nArticle 4  : Le jury ne peut valablement d\u00e9lib\u00e9rer que s'il est au complet et sur pr\u00e9sentation  \ndes dossiers complets d'\u00e9valuation de la formation des candidats permettant au jury de  \nstatuer. Les d\u00e9lib\u00e9rations sont secr\u00e8tes.\nArticle 5  : Madame la  directrice de cabinet du pr\u00e9fet du Var est charg\u00e9e de l'ex\u00e9cution du  \npr\u00e9sent arr\u00eat\u00e9.\nFait \u00e0 Toulon, le 01 JUILLET 2025\nORIGINAL sign\u00e9 par V. BARASTIER\nDirecteur des S\u00e9curit\u00e9s\nArr\u00eat\u00e9 pr\u00e9fectoral n\u00b02025_03_DS_SIDPC_12  2/2\nPr\u00e9fecture du VAR - 83-2025-07-01-00003 - AP Ouverture Jury FPSE FNMNS 59\nPr\u00e9fecture du VAR\n83-2025-07-01-00002\nAP Ouverture Jury FPSE MARINE\nPr\u00e9fecture du VAR - 83-2025-07-01-00002 - AP Ouverture Jury FPSE MARINE 60\n=mPREFETDU VARLibert\u00e9Egalit\u00e9Fraternit\u00e9\nCabinet du pr\u00e9fet\nDirection des s\u00e9curit\u00e9s\nService interminist\u00e9riel de d\u00e9fense et protection civiles\nARR\u00caT\u00c9 PR\u00c9FECTORAL n\u00b0 2025_06_DS_SIDPC_11\nd\u00e9signant le jury d\u00e9partemental pour l'examen des dossiers des candidats \ndu P\u00f4le \u00e9cole m\u00e9diterran\u00e9e de la Marine Nationale (MN-PEM)\ndu certificat de comp\u00e9tences de formateur aux premiers secours en \u00e9quipe.\nLe Pr\u00e9fet du Var,\nVu le Code de la s\u00e9curit\u00e9 int\u00e9rieure ;\nVu la loi n\u00b0 2004-811 du 13 ao\u00fbt 2004 modifi\u00e9e, de modernisation de la s\u00e9curit\u00e9 civile ;\nVu le d\u00e9cret n\u00b0 2024-242 du 20 mars 2024 relatif aux formations aux premiers secours ; \nVu l'arr\u00eat\u00e9 du 15 juin 2024 relatif \u00e0 la fili\u00e8re p\u00e9dagogique de s\u00e9curit\u00e9 civile ; \nVu l'arr\u00eat\u00e9 du 15 juin 2024 relatif \u00e0 la fili\u00e8re op\u00e9rationnelle de s\u00e9curit\u00e9 civile dans le domaine  \nde la formation aux premiers secours ; \nVu l'arr\u00eat\u00e9 du 17 juin 2024 relatif \u00e0 l'habilitation pour la formation aux premiers secours ;\nVu l'arr\u00eat\u00e9 du 21 d\u00e9cembre 2020 modifi\u00e9 portant organisation de la formation continue des  \npremiers secours ;\nVu l'arr\u00eat\u00e9 pr\u00e9fectoral n\u00b0 2025/08/MCI du 25 mars 2025 portant d\u00e9l\u00e9gation de signature \u00e0  \nMme Jos\u00e9phine GUIGLIANO-BOUTONNET, directrice de cabinet du pr\u00e9fet du Var ;\nVu la demande d'ouverture de formation de p\u00e9dagogie appliqu\u00e9e \u00e0 l'emploi de formateur aux \npremiers secours en \u00e9quipe re\u00e7ue le 19 mai 2025.\nSur proposition de Madame la directrice de cabinet du pr\u00e9fet du Var, \nARR\u00caTE\nArticle  1er : Le  jury  d\u00e9partemental  pour  l'examen  des  dossiers  de  candidature  pour  \nl'attribution du certificat de comp\u00e9tences de formateur aux  premiers secours en \u00e9quipe,  se \nr\u00e9unira le jeudi 17 juillet 2025 \u00e0 14h30 pour l'examen des dossiers pr\u00e9sent\u00e9s par la MN-PEM.\nArr\u00eat\u00e9 pr\u00e9fectoral n\u00b02025_06_DS_SIDPC_11  1/2\nPr\u00e9fecture du VAR - 83-2025-07-01-00002 - AP Ouverture Jury FPSE MARINE 61\nArticle 2 : La pr\u00e9sidence du jury sera assur\u00e9e par Monsieur Mickael NIRLO, \nformateur de formateur - cef, les trois autres membres du jury sont les suivants :\n\uf0b7 Madame B\u00e9linda FRECHE, (FdF);\n\uf0b7 Monsieur Olivier COURTESOLLE, (FdF);\n\uf0b7 Monsieur David LIBOUBAN, (FdF);\nArticle  3 :  Hormis  le   pr\u00e9sident,  un  des  membres  titulaires  peut  \u00eatre  remplac\u00e9  en  cas  \nd'emp\u00eachement par :\n\uf0b7 Monsieur Damien SPIESS, (FdF);\nArticle 4  : Le jury ne peut valablement d\u00e9lib\u00e9rer que s'il est au complet et sur pr\u00e9sentation  \ndes dossiers complets d'\u00e9valuation de la formation des candidats permettant au jury de  \nstatuer. Les d\u00e9lib\u00e9rations sont secr\u00e8tes.\nArticle 5  : Madame la  directrice de cabinet du pr\u00e9fet du Var est charg\u00e9e de l'ex\u00e9cution du  \npr\u00e9sent arr\u00eat\u00e9.\nFait \u00e0 Toulon, le 01 JUILLET 2025\nORIGINAL sign\u00e9 par V. BARASTIER\n                                                             Directeur des S\u00e9curit\u00e9s \nArr\u00eat\u00e9 pr\u00e9fectoral n\u00b02025_03_DS_SIDPC_11  2/2\nPr\u00e9fecture du VAR - 83-2025-07-01-00002 - AP Ouverture Jury FPSE MARINE 62\nPr\u00e9fecture du VAR\n83-2025-07-01-00001\nAP Ouverture Jury FPSE SDIS\nPr\u00e9fecture du VAR - 83-2025-07-01-00001 - AP Ouverture Jury FPSE SDIS 63\n=mPREFETDU VARLibert\u00e9Egalit\u00e9Fraternit\u00e9\nCabinet du pr\u00e9fet\nDirection des s\u00e9curit\u00e9s\nService interminist\u00e9riel de d\u00e9fense et protection civiles\nARR\u00caT\u00c9 PR\u00c9FECTORAL n\u00b0 2025_06_DS_SIDPC_10\nd\u00e9signant le jury d\u00e9partemental pour l'examen des dossiers des candidats \ndu Service d'incendie et de Secours du Var (SDIS83)\ndu certificat de comp\u00e9tences de formateur aux premiers secours en \u00e9quipe.\nLe Pr\u00e9fet du Var,\nVu le Code de la s\u00e9curit\u00e9 int\u00e9rieure ;\nVu la loi n\u00b0 2004-811 du 13 ao\u00fbt 2004 modifi\u00e9e, de modernisation de la s\u00e9curit\u00e9 civile ;\nVu le d\u00e9cret n\u00b0 2024-242 du 20 mars 2024 relatif aux formations aux premiers secours ; \nVu l'arr\u00eat\u00e9 du 15 juin 2024 relatif \u00e0 la fili\u00e8re p\u00e9dagogique de s\u00e9curit\u00e9 civile ; \nVu l'arr\u00eat\u00e9 du 15 juin 2024 relatif \u00e0 la fili\u00e8re op\u00e9rationnelle de s\u00e9curit\u00e9 civile dans le domaine  \nde la formation aux premiers secours ; \nVu l'arr\u00eat\u00e9 du 17 juin 2024 relatif \u00e0 l'habilitation pour la formation aux premiers secours ;\nVu l'arr\u00eat\u00e9 du 21 d\u00e9cembre 2020 modifi\u00e9 portant organisation de la formation continue des  \npremiers secours ;\nVu l'arr\u00eat\u00e9 pr\u00e9fectoral n\u00b0 2025/08/MCI du 25 mars 2025 portant d\u00e9l\u00e9gation de signature \u00e0  \nMme Jos\u00e9phine GUIGLIANO-BOUTONNET, directrice de cabinet du pr\u00e9fet du Var ;\nVu la demande d'ouverture de formation de p\u00e9dagogie appliqu\u00e9e \u00e0 l'emploi de formateur aux \npremiers secours en \u00e9quipe re\u00e7ue le 09 mai 2025.\nSur proposition de Madame la directrice de cabinet du pr\u00e9fet du Var, \nARR\u00caTE\nArticle  1er : Le  jury  d\u00e9partemental  pour  l'examen  des  dossiers  de  candidature  pour  \nl'attribution du certificat de comp\u00e9tences de formateur aux  premiers secours en \u00e9quipe,  se \nr\u00e9unira le jeudi 17 juillet 2025 \u00e0 13h00 pour l'examen des dossiers pr\u00e9sent\u00e9s par le SDIS83.\nArr\u00eat\u00e9 pr\u00e9fectoral n\u00b02025_06_DS_SIDPC_10  1/2\nPr\u00e9fecture du VAR - 83-2025-07-01-00001 - AP Ouverture Jury FPSE SDIS 64\nArticle 2 : La pr\u00e9sidence du jury sera assur\u00e9e par Madame B\u00e9linda FRECHE, \nformateur de formateur - cef, les trois autres membres du jury sont les suivants :\n\uf0b7 Monsieur Olivier COURTESOLLE, (FdF);\n\uf0b7 Monsieur Damien SPIESS, (FdF);\n\uf0b7 Monsieur Mickael NIRLO, (FdF);\nArticle  3 :  Hormis  le   pr\u00e9sident,  un  des  membres  titulaires  peut  \u00eatre  remplac\u00e9  en  cas  \nd'emp\u00eachement par :\n\uf0b7 Monsieur David LIBOUBAN, (FdF);\nArticle 4  : Le jury ne peut valablement d\u00e9lib\u00e9rer que s'il est au complet et sur pr\u00e9sentation  \ndes dossiers complets d'\u00e9valuation de la formation des candidats permettant au jury de  \nstatuer. Les d\u00e9lib\u00e9rations sont secr\u00e8tes.\nArticle 5  : Madame la  directrice de cabinet du pr\u00e9fet du Var est charg\u00e9e de l'ex\u00e9cution du  \npr\u00e9sent arr\u00eat\u00e9.\nFait \u00e0 Toulon, le 01 JUILLET 2025\nORIGINAL sign\u00e9 par V. BARASTIER\nDirecteur des S\u00e9curit\u00e9s\nArr\u00eat\u00e9 pr\u00e9fectoral n\u00b02025_03_DS_SIDPC_10  2/2\nPr\u00e9fecture du VAR - 83-2025-07-01-00001 - AP Ouverture Jury FPSE SDIS 65\nPr\u00e9fecture du VAR\n83-2025-06-30-00002\nArr\u00eat\u00e9 pr\u00e9fectoral n\u00b02025-BSP-SUR-32 du 30 juin\n2025 modifiant l'arr\u00eat\u00e9 pr\u00e9fectoral\nn\u00b02024-BSP-SUR-06 du 23 f\u00e9vrier 2024 fixant les\nmodalit\u00e9s d'ouverture du PPF a\u00e9rodrome de La\nM\u00f4le aux vols extra-Schengen.\nPr\u00e9fecture du VAR - 83-2025-06-30-00002 - Arr\u00eat\u00e9 pr\u00e9fectoral n\u00b02025-BSP-SUR-32 du 30 juin 2025 modifiant l'arr\u00eat\u00e9 pr\u00e9fectoral\nn\u00b02024-BSP-SUR-06 du 23 f\u00e9vrier 2024 fixant les modalit\u00e9s d'ouverture du PPF a\u00e9rodrome de La M\u00f4le aux vols extra-Schengen. 66\n=mPREFETDU VARLibert\u00e9Egalit\u00e9Fraternit\u00e9\nCabinet du Pr\u00e9fet\nDirection des s\u00e9curit\u00e9s\nARR\u00caTE PR\u00c9FECTORAL N\u00b02025-BSP-SUR-32 du 30 JUIN 2025\nMODIFIANT L'ARR\u00caTE PR\u00c9FECTORAL N\u00b02024-BSP-SUR-06 du 23 FEVRIER 2024\nFIXANT LES MODALIT\u00c9S D'OUVERTURE DE L'A\u00c9RODROME DE LA MOLE\nAUX VOLS EXTRA-SCHENGEN\nLe pr\u00e9fet du Var,\nVu le r\u00e8glement (UE) n\u00b0 2016/399 du Parlement europ\u00e9en et du Conseil du 9 mars 2016\nconcernant un code de l'Union relatif au r\u00e9gime de franchissement des fronti\u00e8res par\nles personnes (code fronti\u00e8res Schengen) ;\nVu la liste des points de passages frontaliers mise \u00e0 jour, en application de l'article 39 du\nr\u00e8glement  (UE)  n\u00b02016/399  du  Parlement  europ\u00e9en  et  du  Conseil  du  9  mars  2016\nconcernant un Code l'Union relatif au r\u00e9gime de franchissement des fronti\u00e8res par les\npersonnes ;\nVu le code des transports notamment ses articles L. 6212-2, L. 6232-3 et L. 6332-2 ;\nVu le code de l'aviation civile notamment ses articles R. 213-1-3 et D. 221-5 ;\nVu le code des douanes ; \nVu le d\u00e9cret du 15 mai 2025 portant nomination de Monsieur Simon BABRE, pr\u00e9fet du Var ;\nVu le code de l'entr\u00e9e et du s\u00e9jour des \u00e9trangers et du droit d'asile, notamment ses articles \nR. 332-1 et R. 341-2 ;\nVu le d\u00e9cret n\u00b0 2017-1490 du 24 octobre 2017 modifiant la partie r\u00e9glementaire du code de\nl'aviation civile, notamment l'article D.221-5 ;\nVu l'arr\u00eat\u00e9 interminist\u00e9riel du 24 octobre 2017 relatif au franchissement des fronti\u00e8res par  \nles personnes et les marchandises sur les a\u00e9rodromes ;\nVu l'arr\u00eat\u00e9  pr\u00e9fectoral  N\u00b0  2024-BSP-SUR-06  du  23  f\u00e9vrier  2024  fixant  les  modalit\u00e9s\nd'ouverture de l'a\u00e9rodrome de La Mole aux vols extra-Schengen ;\nVu la circulaire  interminist\u00e9rielle  du  6 novembre  1995,  compl\u00e9t\u00e9e  par  un  protocole\nd'organisation  de  la  compl\u00e9mentarit\u00e9  entre  la  direction  centrale  de  la  police  aux\nfronti\u00e8res et les services de la direction g\u00e9n\u00e9rale des douanes et droits indirects pour le\ncontr\u00f4le des fronti\u00e8res ext\u00e9rieures Schengen du 9 d\u00e9cembre 2011 ;\n1/3\nPr\u00e9fecture du Var - Boulevard du 112\u00e8me R.I. - CS 31 209 - 83 070 TOULON CEDEX\nStandard t\u00e9l\u00e9phonique : 04 94 18 83 83 - Horaires d'ouverture et modalit\u00e9s d'accueil sur le portail Internet : www.var.gouv.fr    \nPr\u00e9fecture du VAR - 83-2025-06-30-00002 - Arr\u00eat\u00e9 pr\u00e9fectoral n\u00b02025-BSP-SUR-32 du 30 juin 2025 modifiant l'arr\u00eat\u00e9 pr\u00e9fectoral\nn\u00b02024-BSP-SUR-06 du 23 f\u00e9vrier 2024 fixant les modalit\u00e9s d'ouverture du PPF a\u00e9rodrome de La M\u00f4le aux vols extra-Schengen.67\nVu la demande de madame la directrice r\u00e9gionale des douanes d'Aix-en-Provence en date  \ndu  25  juin  2025  sollicitant  le  report  de  l'ouverture  du  PPF  de  l'a\u00e9rodrome  de  La\nM\u00f4le/Saint-Tropez au 5 juillet 2025 ;\nConsid\u00e9rant que l'a\u00e9rodrome de LA MOLE figure dans cette liste ;\nConsid\u00e9rant la demande du directeur r\u00e9gional des douanes d'Aix-en-Provence ;\nConsid\u00e9rant l'avis de la directrice de la s\u00e9curit\u00e9 de l'aviation civile Sud-Est ;\nSur proposition de la sous-pr\u00e9f\u00e8te, directrice de cabinet du pr\u00e9fet du Var ;\nARR\u00caTE :\nArticle  1  : L'arr\u00eat\u00e9  pr\u00e9fectoral  n\u00b0 2024-BSP-SUR-06  du  23  f\u00e9vrier  2024  fixant  les  modalit\u00e9s \nd'ouverture de l'a\u00e9rodrome de La Mole aux vols extra-Schengen est modifi\u00e9 ainsi qu'il suit :\n\uf0d8Les modalit\u00e9s d'ouvertures de l'a\u00e9rodrome de LA MOLE mentionn\u00e9es dans le pr\u00e9sent arr\u00eat\u00e9\n   sont fix\u00e9es pour la p\u00e9riode du 5 juillet au 15 octobre 2025.\n\uf0d8Il est annex\u00e9 au pr\u00e9sent arr\u00eat\u00e9 un plan de l'a\u00e9rogare de l'a\u00e9rodrome de LA MOLE d\u00e9limitant \n   la zone internationale et fixant les limites du point de passage frontalier.\nArticle 2 : Pour l'unique terminal accueillant l'aviation d'affaire et les vols commerciaux, les vols  \nextra-Schengen sont autoris\u00e9s chaque jour de 09h00 \u00e0 19h00, sous r\u00e9serve des dispositions  \npr\u00e9vues \u00e0 l'article 3.\nArticle 3 : La direction g\u00e9n\u00e9rale des douanes d'Aix-en-Provence/brigade de Toulon est charg\u00e9e,  \nsur l'a\u00e9rodrome de LA MOLE, du contr\u00f4le aux fronti\u00e8res des personnes et des marchandises en  \nprovenance directe d'un pays situ\u00e9 en dehors de l'espace Schengen. \nL'exploitant de l'a\u00e9rodrome de LA MOLE est tenu d'informer la direction r\u00e9gionale des douanes  \nd'Aix-en-Provence / brigade de Toulon de tout vol extra-Schengen par un pr\u00e9avis distinct du plan \nde vol fix\u00e9, au plus tard 24h00 avant l'heure locale pr\u00e9vue de d\u00e9collage ou d'atterrissage sur  \nl'a\u00e9roport.\nEn cas de r\u00e9tablissement des contr\u00f4les aux fronti\u00e8res int\u00e9rieures, un pr\u00e9avis de 24  heures est \nn\u00e9cessaire pour les liaisons intra-Schengen.\nL'exploitant de l'a\u00e9rodrome de LA MOLE informe \u00e9galement la direction r\u00e9gionale des douanes  \nd'Aix-en-Provence/brigade  de  Toulon  de  tout  vol  intracommunautaire  en  provenance  ou  \u00e0 \ndestination d'un pays membre.\nCe pr\u00e9avis et cet avis sont adress\u00e9s par voie \u00e9lectronique ou par tout autre support pouvant  \npermettre la transmission.\nArticle  4 : En  cas  de  force  majeure  ou  lorsque  des  circonstances  particuli\u00e8res  emp\u00eachent \nl'exploitant de l'a\u00e9roport de se conformer strictement aux dispositions pr\u00e9vues par l'article 2, il  \npeut \u00eatre d\u00e9rog\u00e9 au d\u00e9lai de pr\u00e9avis de 24h00 ou aux horaires d'ouvertures pr\u00e9vues \u00e0 l'article 1 du \npr\u00e9sent arr\u00eat\u00e9, sous la stricte r\u00e9serve que le contr\u00f4le aux fronti\u00e8res des passagers puisse \u00eatre  \nassur\u00e9 dans les conditions \u00e9quivalentes \u00e0 celles pr\u00e9valant lorsque le d\u00e9lai de pr\u00e9avis ou les  \nhoraires d'ouverture sont respect\u00e9s.\nL'exploitant sollicite la d\u00e9rogation au pr\u00e9avis ou aux horaires en contactant la direction r\u00e9gionale \ndes douanes d'Aix-en-Provence/brigade de Toulon par t\u00e9l\u00e9phone et voie \u00e9lectronique.\n2/3\nPr\u00e9fecture du Var - Boulevard du 112\u00e8me R.I. - CS 31 209 - 83 070 TOULON CEDEX\nStandard t\u00e9l\u00e9phonique : 04 94 18 83 83 - Horaires d'ouverture et modalit\u00e9s d'accueil sur le portail Internet : www.var.gouv.fr    \nPr\u00e9fecture du VAR - 83-2025-06-30-00002 - Arr\u00eat\u00e9 pr\u00e9fectoral n\u00b02025-BSP-SUR-32 du 30 juin 2025 modifiant l'arr\u00eat\u00e9 pr\u00e9fectoral\nn\u00b02024-BSP-SUR-06 du 23 f\u00e9vrier 2024 fixant les modalit\u00e9s d'ouverture du PPF a\u00e9rodrome de La M\u00f4le aux vols extra-Schengen.68\nArticle 5 :  En l'absence de contr\u00f4le aux fronti\u00e8res, les vols extra-Schengen sont interdits sur  \nl'a\u00e9rodrome de LA MOLE.\nArticle 6 : La sous-pr\u00e9f\u00e8te, directrice de cabinet du pr\u00e9fet du Var, la directrice d e la s\u00e9curit\u00e9 de \nl'aviation civile Sud-Est , le directeur r\u00e9gional des douanes d'Aix-en-Provence, le directeur de  \nl'a\u00e9rodrome de LA MOLE, sont charg\u00e9s, chacun en ce qui le concerne de l'ex\u00e9cution du pr\u00e9sent  \narr\u00eat\u00e9 qui sera publi\u00e9 au recueil des actes administratifs de la pr\u00e9fecture du Var.\n       Fait \u00e0 Toulon, le 30 juin 2025 \nLe pr\u00e9fet du Var,\n                                                                                                 Sign\u00e9\n                                                                                                 Simon BABRE\nVoies  et  d\u00e9lais  de  recours  \u2013  Conform\u00e9ment  aux  dispositions  des  articles  R.421-1  \u00e0  R.421-5  du  Code  de  justice  \nadministrative, le pr\u00e9sent arr\u00eat\u00e9 peut faire l'objet d'un recours contentieux devant le tribunal administratif de Toulon  \ndans le d\u00e9lai de deux mois \u00e0 compter de sa notification ou de sa publication. Le tribunal administratif peut \u00eatre saisi par \nl'application \u00ab T\u00e9l\u00e9recours citoyens \u00bb accessible par le site internet www.telerecours.fr\n3/3\nPr\u00e9fecture du Var - Boulevard du 112\u00e8me R.I. - CS 31 209 - 83 070 TOULON CEDEX\nStandard t\u00e9l\u00e9phonique : 04 94 18 83 83 - Horaires d'ouverture et modalit\u00e9s d'accueil sur le portail Internet : www.var.gouv.fr    \nPr\u00e9fecture du VAR - 83-2025-06-30-00002 - Arr\u00eat\u00e9 pr\u00e9fectoral n\u00b02025-BSP-SUR-32 du 30 juin 2025 modifiant l'arr\u00eat\u00e9 pr\u00e9fectoral\nn\u00b02024-BSP-SUR-06 du 23 f\u00e9vrier 2024 fixant les modalit\u00e9s d'ouverture du PPF a\u00e9rodrome de La M\u00f4le aux vols extra-Schengen.69","date":"2025-07-01","first_seen_on":"2025-07-01T16:44:50+00:00","id":"fb20bbf2f515ef587e02d650d71fb085ce26c600b35d9dbca996ce42b1c478c1","name":"RAA N\u00b0223 du1er juillet 2025","pdf_creation_date":"2025-07-01T14:50:05+00:00","pdf_modification_date":null,"timezone":"Europe/Paris","url":"https://www.var.gouv.fr/contenu/telechargement/41720/273173/file/RAA%20N%C2%B0223%20du1er%20juillet%202025.pdf"}
