{"administration":"prefidf","administration_name":"Pr\u00e9fecture de la r\u00e9gion \u00cele-de-France","content":"PREFECTURE\nREGION ILE DE\nFRANCE\nRECUEIL DES ACTES\nADMINISTRATIFS SP\u00c9CIAL\n(NOMINATIFS)\nN\u00b0IDF-050-2025-11\nPUBLI\u00c9 LE 27 NOVEMBRE 2025\nSommaire\nAgence R\u00e9gionale de Sant\u00e9 /\nIDF-2025-11-26-00022 - Arr\u00eat\u00e9 n\u00b0 SG/DRH 2025-013 portant\nnomination de Monsieur Charles Rigaud aux fonctions de directeur adjoint\nde la Direction de l'autonomie de l'Agence r\u00e9gionale de sant\u00e9\n\u00cele-de-France (1 page) Page 3\nAgence R\u00e9gionale de Sant\u00e9 / Agence r\u00e9gionale de sant\u00e9\nd'Ile-de-France-Cellule officines de pharmacie\nIDF-2025-11-26-00020 - Arr\u00eat\u00e9 n\u00b0 DOS/EFF/OFF/2025/124 constatant la\ncessation d\u00e9finitive d'activit\u00e9 d'une officine de pharmacie\n (1\npage) Page 5\nDirection r\u00e9gionale et interd\u00e9partementale de l'h\u00e9bergement et du\nlogement /\nIDF-2025-11-25-00009 - Appel \u00e0 manifestation d'int\u00e9r\u00eat (AMI) 2025\npour l'ouverture du dispositif d'accompagnement des personnes en \nr\u00e9admission en application de l'accord pilote franco-britannique du 6\nAo\u00fbt 2025 de pr\u00e9vention des travers\u00e9es p\u00e9rilleuses volet\nH\u00e9bergement transitoire en Ile-De-France (8 pages) Page 7\n2\nAgence R\u00e9gionale de Sant\u00e9\nIDF-2025-11-26-00022\nArr\u00eat\u00e9 n\u00b0 SG/DRH 2025-013 portant nomination\nde Monsieur Charles Rigaud aux fonctions de\ndirecteur adjoint de la Direction de l'autonomie\nde l'Agence r\u00e9gionale de sant\u00e9 \u00cele-de-France\nAgence R\u00e9gionale de Sant\u00e9 - IDF-2025-11-26-00022 - Arr\u00eat\u00e9 n\u00b0 SG/DRH 2025-013 portant nomination de Monsieur Charles Rigaud aux\nfonctions de directeur adjoint de la Direction de l'autonomie de l'Agence r\u00e9gionale de sant\u00e9 \u00cele-de-France 3\nEzREPUBLIQUEFRANCAISE @ D Agence R\u00e9gionale de Sant\u00e9Libert\u00e9 \u00cele-de-FranceEgalit\u00e9Fraternit\u00e9\n7 roneee  eee  eee  i\nit\u00e9 \u00cele\n777777777777 E DE SANTE ILE-~ \"7\n_ - 2 \u00a9\n \n \n \n \n \n \n \nAGENCE R\u00c9GIONALE DE SANT\u00c9 \u00ceLE-DE-FRANCE \nARR\u00caT\u00c9 N\u00b0 SG/DRH 2025-013 \nportant nomination de Monsieur Charles RIGAUD aux fonctions de \nDirecteur adjoint de la Direction de l'Autonomie de l'Agence r\u00e9gionale de sant\u00e9 \u00cele-de-\nFrance \n \n \nLE DIRECTEUR G\u00c9N\u00c9RAL DE L'AGENCE R\u00c9GIONALE DE SANT\u00c9 \u00ceLE-DE-FRANCE \n \n \nVU le code de la sant\u00e9 publique et notamment le titre III du livre IV de la premi\u00e8re partie, consacr\u00e9 \naux Agences r\u00e9gionales de sant\u00e9 ; \n \nVU le d\u00e9cret du 10 avril 2024 portant nomination de Monsieur Denis ROBIN, Directeur g\u00e9n\u00e9ral de \nl'Agence r\u00e9gionale de sant\u00e9 \u00cele-de-France \u00e0 compter du 29 avril 2024  ; \n \n \n \nARR\u00caTE \n \n \nARTICLE 1er : Monsieur Charles RIGAUD est charg\u00e9 des fonctions de Directeur adjoint de la Direction \nde l'Autonomie de l'Agence r\u00e9gionale de sant\u00e9 \u00cele- de-France, \u00e0 compter du \n1er  d\u00e9cembre 2025. \n  \nARTICLE 2 : La Directrice de la Direction de l'Autonomie de l'Agence r\u00e9gionale de sant\u00e9 \u00cele -de-\nFrance est charg\u00e9e de l'ex\u00e9cution du pr\u00e9sent arr\u00eat\u00e9 qui sera publi\u00e9 au recueil des actes \nadministratifs de la Pr\u00e9fecture de la R\u00e9gion d'\u00cele-de-France. \n \n \n \n \nFait \u00e0 Saint-Denis, le 26 novembre 2025 \n \nLe Directeur g\u00e9n\u00e9ral  \nde l'Agence r\u00e9gionale de sant\u00e9 \n\u00cele-de-France \n \n \n \nDenis ROBIN \n \nAgence R\u00e9gionale de Sant\u00e9 - IDF-2025-11-26-00022 - Arr\u00eat\u00e9 n\u00b0 SG/DRH 2025-013 portant nomination de Monsieur Charles Rigaud aux\nfonctions de directeur adjoint de la Direction de l'autonomie de l'Agence r\u00e9gionale de sant\u00e9 \u00cele-de-France 4\nAgence R\u00e9gionale de Sant\u00e9\nIDF-2025-11-26-00020\nArr\u00eat\u00e9 n\u00b0 DOS/EFF/OFF/2025/124 constatant la\ncessation d\u00e9finitive d'activit\u00e9 d'une officine de\npharmacie\nAgence R\u00e9gionale de Sant\u00e9 - IDF-2025-11-26-00020 - Arr\u00eat\u00e9 n\u00b0 DOS/EFF/OFF/2025/124 constatant la cessation d\u00e9finitive d'activit\u00e9\nd'une officine de pharmacie 5\nREPUBLIQUEFRANCAISELibert\u00e9Egalit\u00e9Fraternit\u00e9 \u00a9 D Agence R\u00e9gionale de Sant\u00e9\u00cele-de-France\n \n \nAGENCE R\u00c9GIONALE DE SANT\u00c9 \u00ceLE-DE-FRANCE \nARR\u00caT\u00c9 N\u00b0 DOS/EFF/OFF/2025/124  \nconstatant la cessation d\u00e9finitive d'activit\u00e9 d'une officine de pharmacie \n \nLE DIRECTEUR G\u00c9N\u00c9RAL DE L'AGENCE R\u00c9GIONALE DE SANT\u00c9 \u00ceLE-DE-FRANCE  \n \nVU le code de la sant\u00e9 publique  et notamment ses articles L. 5125 -21, L. 5125 -22, R. 5125 -30  \net R. 5132-37 ; \n \nVU le d\u00e9cret du 10 avril 2024 portant nomination de Monsieur Denis ROBIN, Directeur g\u00e9n\u00e9ral de l'Agence \nr\u00e9gionale de sant\u00e9 \u00cele-de-France, \u00e0 compter du 29 avril 2024 ; \n \nVU l'arr\u00eat\u00e9 n\u00b0 DS 034/2024 du 29 avril 2024, publi\u00e9 le 30 avril 2024, portant d\u00e9l\u00e9gation de signature du \nDirecteur g\u00e9n\u00e9ral de l'Agence r\u00e9gionale de sant\u00e9 \u00cele -de-France \u00e0 Monsieur Arnaud CORVAISIER, \nDirecteur de l'Offre de soins et \u00e0 plusieurs de ses collaborateurs ;  \n \nVU l'arr\u00eat\u00e9 en date du 23 d\u00e9cembre 1943 portant octroi de la licence n\u00b075#000567 \u00e0 l'officine de pharmacie \nsise 112 avenue Jean Jaur\u00e8s \u00e0 Paris (75019) ; \n \nVU la d\u00e9claration en date du 22 octobre 2025  par laquelle Madame Clarisse COHEN  d\u00e9clare cesser \nd\u00e9finitivement l'exploitation de l'officine de pharmacie sise 112 avenue Jean Jaur\u00e8s \u00e0 Paris (75019) dont \nelle est titulaire et restitue la licence correspondante ; \n \n   \nCONSIDERANT que la titulaire d\u00e9clare cesser d\u00e9finitivement l'activit\u00e9 de l'officine de pharmacie \u00e0 compter du \n04 octobre 2025 ;  \n \nARR\u00caTE \n \nARTICLE 1er : La cessation  d\u00e9finitive d'activit\u00e9 \u00e0 compter du  4 octobre 2025  de l'officine de pharmacie \nexploit\u00e9e par Madame Clarisse COHEN , sise 112 avenue Jean Jaur\u00e8s \u00e0 Paris (75019 )  \nest constat\u00e9e. \n \nLa licence n\u00b075#000567 est caduque \u00e0 compter de cette date. \n \nARTICLE 2e : Un recours contentieux contre le pr\u00e9sent arr\u00eat\u00e9 peut \u00eatre form\u00e9 aupr\u00e8s du tribunal administratif \ncomp\u00e9tent. Le d\u00e9lai de recours est de deux mois \u00e0 compter de la notification de l'arr\u00eat\u00e9 pour \nles int\u00e9ress\u00e9s ou de sa publication pour les tiers. \n \nARTICLE 3e : Le Directeur g\u00e9n\u00e9ral de l'Agence r\u00e9gionale de sant\u00e9 \u00cele-de-France est charg\u00e9 de l'ex\u00e9cution \ndu pr\u00e9sent arr\u00eat\u00e9 qui sera publi\u00e9 au recueil des actes administratifs de la pr\u00e9fecture de la \nr\u00e9gion \u00cele-de-France. \n        \nFait \u00e0 Saint-Denis, le 26 novembre 2025 \n \nLe Directeur g\u00e9n\u00e9ral  \nde l'Agence r\u00e9gionale de sant\u00e9  \n\u00cele-de-France  \n \nPar d\u00e9l\u00e9gation, \n \nLe Directeur du P\u00f4le Efficience \n \nSIGN\u00c9 \nFabien P\u00c9RUS \nAgence R\u00e9gionale de Sant\u00e9 - IDF-2025-11-26-00020 - Arr\u00eat\u00e9 n\u00b0 DOS/EFF/OFF/2025/124 constatant la cessation d\u00e9finitive d'activit\u00e9\nd'une officine de pharmacie 6\nDirection r\u00e9gionale et interd\u00e9partementale de\nl'h\u00e9bergement et du logement\nIDF-2025-11-25-00009\nAppel \u00e0 manifestation d'int\u00e9r\u00eat (AMI) 2025 pour\nl'ouverture du dispositif d'accompagnement des\npersonnes en  r\u00e9admission en application de\nl'accord pilote franco-britannique du 6 Ao\u00fbt\n2025 de pr\u00e9vention des travers\u00e9es p\u00e9rilleuses\nvolet H\u00e9bergement transitoire en Ile-De-France\nDirection r\u00e9gionale et interd\u00e9partementale de l'h\u00e9bergement et du logement - IDF-2025-11-25-00009 - Appel \u00e0 manifestation d'int\u00e9r\u00eat\n(AMI) 2025 pour l'ouverture du dispositif d'accompagnement des personnes en  r\u00e9admission en application de l'accord pilote\nfranco-britannique du 6 Ao\u00fbt 2025 de pr\u00e9vention des travers\u00e9es p\u00e9rilleuses volet H\u00e9bergement transitoire en Ile-De-France\n7\n| 3PREFET |DE LA REGIOND'iLE-DE-FRANCELibert\u00e9Egalit\u00e9Fraternit\u00e9\nDirection R\u00e9gionale et Interd\u00e9partementale\nde l'H\u00e9bergement et du Logement\nDRIHL \nPr\u00e9fecture de R\u00e9gion\nAPPEL \u00c0 MANIFESTATION D'INT\u00c9R\u00caT (AMI) 2025 \nPOUR L'OUVERTURE DU DISPOSITIF D'ACCOMPAGNEMENT DES PERSONNES EN R\u00c9ADMISSION\nEN APPLICATION DE L'ACCORD PILOTE FRANCO-BRITANNIQUE DU 6 AO\u00dbT 2025 \nDE PR\u00c9VENTION DES TRAVERS\u00c9ES P\u00c9RILLEUSES\nVOLET H\u00c9BERGEMENT TRANSITOIRE EN ILE-DE-FRANCE\nAutorit\u00e9 responsable de l'avis d'appel \u00e0 manifestation d'int\u00e9r\u00eat\u00a0: Le Directeur r\u00e9gional et \ninterd\u00e9partemental de l'h\u00e9bergement et du logement\nDate de publication de l'avis de l'appel \u00e0 manifestation d'int\u00e9r\u00eat\u00a0: 27/11/2025\nDate limite de d\u00e9p\u00f4t des candidatures\u00a0: 12/12/2025\nPour toute question\u00a0: \nsahi.drihl-if@developpement-durable.gouv.fr\nEl\u00e9ments de contexte et enjeux\nL'accord migratoire entre la France et le Royaume-U ni conclu le 10 juillet 2025  et entr\u00e9 en\nvigueur le 6 ao\u00fbt 2025 pr\u00e9voit la r\u00e9admission en Fra nce de personnes arriv\u00e9es irr\u00e9guli\u00e8rement\nau Royaume-Uni. \nIl a \u00e9t\u00e9 d\u00e9cid\u00e9 de soumettre \u00e0 un appel \u00e0 manifesta tion d'int\u00e9r\u00eat r\u00e9gional l'ouverture d'un\ndispositif  d'h\u00e9bergement transitoire et d'accompagn ement des personnes en r\u00e9admission en\nIle-de-France. \nIl  est  pr\u00e9vu  d'accueillir  entre  20  et  50  personnes  par  semaine  \u00e0  raison  de  deux  arriv\u00e9es\nsuccessives par semaine dans un site situ\u00e9 \u00e0 proxim it\u00e9 de l'a\u00e9roport Roissy Charles De Gaulle\ndans le Nord/Est parisien (92/93/95).\nLes personnes sont h\u00e9berg\u00e9es sur ce site pendant 3 jours (2 nuits) et sont ensuite orient\u00e9es sur\nParis, soit vers une  structure de type DPAR (dispos itif de pr\u00e9paration au retour) soit vers un\nCentre d'accueil et d'\u00e9valuation des situations (CAES).\nLes ouvertures de places devront \u00eatre r\u00e9alis\u00e9es \u00e0 partir du 1   \ner\n   janvier 2026.   \n1\nDirection r\u00e9gionale et interd\u00e9partementale de l'h\u00e9bergement et du logement - IDF-2025-11-25-00009 - Appel \u00e0 manifestation d'int\u00e9r\u00eat\n(AMI) 2025 pour l'ouverture du dispositif d'accompagnement des personnes en  r\u00e9admission en application de l'accord pilote\nfranco-britannique du 6 Ao\u00fbt 2025 de pr\u00e9vention des travers\u00e9es p\u00e9rilleuses volet H\u00e9bergement transitoire en Ile-De-France\n8\nLe  pr\u00e9sent  AMI  vise  la  s\u00e9lection  de  l'op\u00e9rateur  qui  portera  ce  dispositif  conform\u00e9ment  \u00e0\nl'accord pilote franco-britannique. \nTous les op\u00e9rateurs qui souhaitent proposer un site  d'h\u00e9bergement pour la prise en charge de\nces personnes devront imp\u00e9rativement d\u00e9poser un projet dans le cadre du pr\u00e9sent AMI.\nLa date limite de d\u00e9p\u00f4t des projets\u00a0est fix\u00e9e le 12 d\u00e9cembre 2025.\nLes projets qui n'auront pas fait l'objet d'un d\u00e9p\u00f4 t via cette proc\u00e9dure ne seront pas instruits.\nLes candidatures d\u00e9pos\u00e9es seront \u00e9tudi\u00e9es au fil de l'eau sur la p\u00e9riode d'ouverture de l'AMI.\nLa  pr\u00e9fecture  de  r\u00e9gion  Ile-de-France,  pr\u00e9fecture  d e  Paris  et  la  direction  r\u00e9gionale  et\ninterd\u00e9partementale  de  l'h\u00e9bergement  et  du  logement  (Drihl)  se  r\u00e9servent  le  droit  de  ne\ns\u00e9lectionner aucun candidat \u00e0 l'issue de la proc\u00e9du re du pr\u00e9sent AMI, dans le cas o\u00f9 aucun des\ndossiers transmis ne satisferait aux objectifs pour suivis ou aux crit\u00e8res de s\u00e9lection ou  dans le\ncas d'une r\u00e9vision des modalit\u00e9s d'accueil d\u00e9cid\u00e9es  par le niveau national dans le cadre de la\nmise en \u0153uvre de l'accord migratoire entre la France et le Royaume-Uni du 10 juillet 2025..\nLa mise en \u0153uvre effective de cet AMI est condition n\u00e9e \u00e0 la disponibilit\u00e9, en 2026 sur le BOP\n303, des cr\u00e9dits correspondants.\n1. Contenu du projet et objectifs poursuivis\u00a0\n  \nCet h\u00e9bergement est temporaire, d'une dur\u00e9e  pr\u00e9visi onnelle  d'un semestre, l'accord  pilote\nfranco-britannique prenant fin  mi-juin  2026. Il a p our objectif d'accueillir  les personnes en\nr\u00e9admission durant la p\u00e9riode d'information sur la proc\u00e9dure de r\u00e9admission et jusqu'au d\u00e9part\nen structure de type DPAR ou vers un CAES.\nLes missions de ce dispositif sont les suivantes :\n- L'accueil physique, \u00e0 l'a\u00e9roport de Roissy Charle s de Gaulle, des personnes en provenance de\nRoyaume-Uni dont la France aura pr\u00e9alablement accept\u00e9 les demandes de r\u00e9admission ;\n- L'accompagnement des personnes de l'a\u00e9roport vers le lieu d'h\u00e9bergement temporaire ;\n- L'h\u00e9bergement de ces personnes pendant trois jours (2 nuits) \u00e0 leur arriv\u00e9e en France ;\n- La d\u00e9livrance de trois repas par jour, selon la pr\u00e9sence effective des int\u00e9ress\u00e9s ; \n- L'organisation, en lien avec l'Office fran\u00e7ais de l'immigration et de l'int\u00e9gration (OFII)i, d'une\nsession collective d'information aux  droits, le cad re juridique et social de leur pr\u00e9sence en\nFrance  et  les  d\u00e9marches  qui  pourront  \u00eatre  mises  en  \u0153uvre  (aide  au  retour  volontaire\nnotamment) ;\n- La mise \u00e0 disposition, chaque semaine, d'une salle  pour l'information, par l'OFII, de l'ensemble\ndes personnes en r\u00e9admission sur les modalit\u00e9s de l 'aide au retour volontaire le lendemain de\nleur arriv\u00e9e ;\n- Une information, un diagnostic rapide et l'accompagnement avant r\u00e9orientation\u00a0;\n- L'apport de soins m\u00e9dicaux en cas de besoin\u00a0;\n- La fourniture de produits de premi\u00e8re n\u00e9cessit\u00e9 et apports en nature\u00a0; \n2\nDirection r\u00e9gionale et interd\u00e9partementale de l'h\u00e9bergement et du logement - IDF-2025-11-25-00009 - Appel \u00e0 manifestation d'int\u00e9r\u00eat\n(AMI) 2025 pour l'ouverture du dispositif d'accompagnement des personnes en  r\u00e9admission en application de l'accord pilote\nfranco-britannique du 6 Ao\u00fbt 2025 de pr\u00e9vention des travers\u00e9es p\u00e9rilleuses volet H\u00e9bergement transitoire en Ile-De-France\n9\n- La s\u00e9curisation du site d'h\u00e9bergement temporaire en fonction de la r\u00e9glementation applicable\nnotamment la nuit et, en cas de pr\u00e9sence des person nes r\u00e9admises, une astreinte le week-\nend\u00a0(agent de s\u00e9curit\u00e9, veilleur de nuit).\n- Le 3\u00e8me jour de l'arriv\u00e9e des personnes r\u00e9admises,  la fourniture d'accompagnateurs pour leur\ntransfert du site d'h\u00e9bergement vers un CAES parisien.\n2. Modalit\u00e9s d'instrucon des projets et crit\u00e8res de s\u00e9lecon \nLes projets seront analys\u00e9s par les instructeurs d\u00e9 sign\u00e9s par le pr\u00e9fet de r\u00e9gion d'Ile-de-France,\npr\u00e9fet de Paris au sein de la pr\u00e9fecture et de la Drihl.\nLa v\u00e9rification des dossiers re\u00e7us dans la p\u00e9riode de d\u00e9p\u00f4t se fait selon deux \u00e9tapes\u00a0:\n V\u00e9rification de la r\u00e9gularit\u00e9 administrative et de la compl\u00e9tude du dossier\u00a0;\n Analyse sur le fond du projet.\nSur le fondement de l'ensemble des projets r\u00e9pondant au pr\u00e9sent AMI, la Drihl op\u00e9rera alors la\ns\u00e9lection du gestionnaire du dispositif d'h\u00e9bergeme nt et d'accompagnement. Le projet retenu\nfera  l'objet  d'une  d\u00e9cision  d'autorisation  du  pr\u00e9fet  de  R\u00e9gion  publi\u00e9e  au  recueil  des  actes\nadministratifs (RAA). Elle sera notifi\u00e9e au candida t retenu par lettre recommand\u00e9e avec avis de\nr\u00e9ception.\n Crit\u00e8res d'\u00e9valuation et de s\u00e9lection des projets   \n- La capacit\u00e9 des candidats \u00e0 ouvrir de fa\u00e7on effective les places \u00e0 partir du 1\ner\n janvier 2026\u00a0;\n- La capacit\u00e9 des op\u00e9rateurs \u00e0 s'engager sur un plan de mont\u00e9e en charge pr\u00e9cis\u00a0;\n- La capacit\u00e9 des op\u00e9rateurs \u00e0 proposer un site I\u00a0co llectif\u00a0J dans le nord de Paris ou \u00e0 l'est \u00e0\nproximit\u00e9 de l'a\u00e9roport de Roissy Charles De Gaulle, avec des places modulables, afin d'\u00e9viter la\nvacance de places et de s'adapter \u00e0 l'\u00e9volution des typologies de publics\u00a0;\n-  La capacit\u00e9 des candidats \u00e0 pr\u00e9senter un projet efficient\u00a0;\n-  Le co\u00fbt \u00e0 la place par jour\u00a0;\n- La capacit\u00e9 des candidats \u00e0 justifier les d\u00e9penses , via des factures, \u00e0 fournir chaque mois ainsi\nqu'un reporting d'activit\u00e9 et un rapport d'incident.\n3. Modalit\u00e9s de transmission du dossier du candidat \nChaque  candidat  devra  adresser,  en  une seule  fois, un  dossier  de  candidature par courrier\nrecommand\u00e9 avec demande d'avis de r\u00e9ception au plus tard le 12 d\u00e9cembre 2025, le cachet de\nla poste faisant foi. \nLe dossier sera constitu\u00e9 de deux exemplaires en ve rsion papier\u00a0et un exemplaire en version\nd\u00e9mat\u00e9rialis\u00e9e (dossier enregistr\u00e9 sur cl\u00e9 USB).\n3\nDirection r\u00e9gionale et interd\u00e9partementale de l'h\u00e9bergement et du logement - IDF-2025-11-25-00009 - Appel \u00e0 manifestation d'int\u00e9r\u00eat\n(AMI) 2025 pour l'ouverture du dispositif d'accompagnement des personnes en  r\u00e9admission en application de l'accord pilote\nfranco-britannique du 6 Ao\u00fbt 2025 de pr\u00e9vention des travers\u00e9es p\u00e9rilleuses volet H\u00e9bergement transitoire en Ile-De-France\n10\nLe dossier de candidature (version papier et versio n d\u00e9mat\u00e9rialis\u00e9e) devra \u00eatre adress\u00e9 au si\u00e8ge\nde la Direction r\u00e9gionale et interd\u00e9partementale de l'H\u00e9bergement et du Logement - Immeuble\nPonant, 5 rue Leblanc, 75015 Paris. \nQu'il soit envoy\u00e9 ou d\u00e9pos\u00e9, le dossier de candidat ure devra porter la mention I\u00a0Dispositif\nd'h\u00e9bergement et d'accompagnement des personnes en r\u00e9admission J.\nD\u00e8s la publication du pr\u00e9sent avis, les candidats s ont invit\u00e9s \u00e0 faire part de leur d\u00e9claration de\ncandidature,  en  pr\u00e9cisant  leurs  coordonn\u00e9es postales,  t\u00e9l\u00e9phoniques  et  courriel  par  mail  \u00e0\nl'adresse sahi.drihl-if@developpement-durable.gouv.fr.\n4. Composion du dossier \nConcernant le dossier de candidature, les pi\u00e8ces suivantes devront figurer au dossier\u00a0:\na. les documents permettant une identification du c andidat, notamment un exemplaire des\nstatuts s'il s'agit d'une personne morale de droit priv\u00e9\u00a0;\nb.  une  d\u00e9claration  sur  l'honneur  du  candidat,  certifiant  qu'il  n'est  pas  l'objet  de  l'une  des\ncondamnations devenues d\u00e9finitives mentionn\u00e9es au livre III du CASF\u00a0;\nc.  une  d\u00e9claration  sur  l'honneur  certifiant  qu'il  n 'est  l'objet  d'aucune  des  proc\u00e9dures\nmentionn\u00e9es aux articles L.322-8, L.331-5, L.471-3, L.472-2 ou L.474-5 du CASF\u00a0;\nd. une copie de la derni\u00e8re certification du commissaire aux comptes\u00a0;\ne. les \u00e9l\u00e9ments descriptifs de son activit\u00e9 et de la situation financi\u00e8re de cette activit\u00e9 ou de son\nobjet, tel que r\u00e9sultant de ses statuts lorsqu'il ne dispose pas encore d'une telle activit\u00e9.\nLes documents suivants devront \u00eatre joints\u00a0conform\u00e9ment aux annexes 1 et 2 du pr\u00e9sent AMI :\na. tout document permettant de d\u00e9crire de mani\u00e8re compl\u00e8te le projet en r\u00e9ponse aux besoins\nsusmentionn\u00e9s ;\nb. un \u00e9tat descriptif des principales caract\u00e9ristiques auxquelles le projet doit satisfaire\u00a0:\n- Le lieu d'h\u00e9bergement\u00a0;\n- Les modalit\u00e9s pr\u00e9vues de nature \u00e0 garantir la qualit\u00e9 de la prise en charge ;\n- La composition de l'\u00e9quipe comprenant une r\u00e9partition pr\u00e9visionnelle des effectifs par type de\nqualification\u00a0(cadre  administratif\u00a0;  infirmier\u00a0; travailleur  social)  et  les  astreintes  de  nuit  et  le\nweek-end (cadre\u00a0; veilleur de nuit) en pr\u00e9cisant le  cas \u00e9ch\u00e9ant les recours \u00e0 des prestataires,\nnotamment pour la mission transport (chauffeur, accompagnateur) et la mission sanitaire ;\n- Un dossier financier comportant\u00a0:\n le plan de financement de l'op\u00e9ration\u00a0d\u00e9taillant les achats, les services ext\u00e9rieurs les frais\nde fonctionnement et faisant appara\u00eetre le co\u00fbt \u00e0 la place ;\n les comptes annuels consolid\u00e9s de l'organisme gestionnaire lorsqu'ils sont obligatoires\u00a0;\n4\nDirection r\u00e9gionale et interd\u00e9partementale de l'h\u00e9bergement et du logement - IDF-2025-11-25-00009 - Appel \u00e0 manifestation d'int\u00e9r\u00eat\n(AMI) 2025 pour l'ouverture du dispositif d'accompagnement des personnes en  r\u00e9admission en application de l'accord pilote\nfranco-britannique du 6 Ao\u00fbt 2025 de pr\u00e9vention des travers\u00e9es p\u00e9rilleuses volet H\u00e9bergement transitoire en Ile-De-France\n11\n le programme de fonctionnement pr\u00e9visionnel pr\u00e9cisa nt la nature des op\u00e9rations, leurs\nco\u00fbts, leurs modes de financement et un planning de r\u00e9alisation.\n5. Pr\u00e9cisions compl\u00e9mentaires \nLes candidats peuvent demander \u00e0 la Drihl des compl \u00e9ments d'informations exclusivement par\nmessagerie \u00e9lectronique aux adresses suivantes\u00a0:  \nEn destinataire\u00a0: \nsahi.drihl-if@developpement-durable.gouv.fr\nCopies\u00a0: \nclaire.du-merle@developpement-durable.gouv.fr\nlionelle.drillien@developpement-durable.gouv.fr\nhugo.repetto@developpement-durable.gouv.fr\npatricia.kwanou@developpement-durable.gouv.fr\nen mentionnant dans l'objet du courriel la r\u00e9f\u00e9renc e suivante I\u00a0Dispositif  d'h\u00e9bergement et\nd'accompagnement des personnes en r\u00e9admission J.\n6. Publicaon et modalit\u00e9s de consultaon de l'avis d'appel \u00e0 manifestaon d'int\u00e9r\u00eat\nLe pr\u00e9sent avis et son calendrier seront publi\u00e9s su r le site internet de la Drihl, au recueil des\nactes administratifs et au recueil des actes admini stratifs de la pr\u00e9fecture de r\u00e9gion d'Ile-de-\nFrance, pr\u00e9fecture de Paris.\nFait \u00e0 Paris, le 25/11/2025\n                                                         Pour le pr\u00e9fet de la r\u00e9gion d'\u00cele-de-France,\n                                       Pr\u00e9fet de Pa ris et par d\u00e9l\u00e9gation\n                                                                      Le Directeur adjoint de l'H\u00e9bergement et du Logement\nSIGN\u00c9\nJacques Bertrand de Reboul\n5\nDirection r\u00e9gionale et interd\u00e9partementale de l'h\u00e9bergement et du logement - IDF-2025-11-25-00009 - Appel \u00e0 manifestation d'int\u00e9r\u00eat\n(AMI) 2025 pour l'ouverture du dispositif d'accompagnement des personnes en  r\u00e9admission en application de l'accord pilote\nfranco-britannique du 6 Ao\u00fbt 2025 de pr\u00e9vention des travers\u00e9es p\u00e9rilleuses volet H\u00e9bergement transitoire en Ile-De-France\n12\nAnnexe 1\u00a0: Fiche \u00e0 compl\u00e9ter et \u00e0 annexer au dossier de candidature\nOrganisme : ....................................................................................................................................................\nContact de l'association\u00a0: Nom\u00a0: .....................................................................................\u2026\u2026\u2026\u2026\u2026\u2026\u2026\u2026\u2026.\nT\u00e9l\u00e9phone\u00a0: ........................................ Courriel\u00a0: ...........................................................................................\nContact financier : Nom\u00a0: ............................................................................................................................ \nT\u00e9l\u00e9phone\u00a0: \u2026\u2026\u2026\u2026\u2026\u2026.................. Courriel\u00a0: \u2026\u2026.............................................................................................\nContact Direction : Nom\u00a0: .............................................................................................................................\nT\u00e9l\u00e9phone\u00a0:  ........................................  Courriel\u00a0:\n\u2026\u2026.......................................................................................\nAdresse de la structure : \u2026.............................................................................................................................\n............................................................................................................................................................................\nAccord de de la commune : Oui / Non \nDescriptif du projet\u00a0: \n............................................................................................................................................................................\n............................................................................................................................................................................\n............................................................................................................................................................................\n............................................................................................................................................................................\nCaract\u00e9ristiques et fonctionnement du projet : \n............................................................................................................................................................................\n............................................................................................................................................................................\n............................................................................................................................................................................\n............................................................................................................................................................................\n...........................................................................................................................................................................\nPr\u00e9sentation du porteur - exp\u00e9rience et connaissance du territoire\u00a0:\n............................................................................................................................................................................\n............................................................................................................................................................................\n............................................................................................................................................................................\n...........................................................................................................................................................................\nDescription de l'accompagnement envisag\u00e9 et des sp\u00e9cificit\u00e9s \u00e9ventuelles en fonction du public\ncible (interpr\u00e9tariat etc) : \n............................................................................................................................................................................\n............................................................................................................................................................................\n............................................................................................................................................................................\n6\nDirection r\u00e9gionale et interd\u00e9partementale de l'h\u00e9bergement et du logement - IDF-2025-11-25-00009 - Appel \u00e0 manifestation d'int\u00e9r\u00eat\n(AMI) 2025 pour l'ouverture du dispositif d'accompagnement des personnes en  r\u00e9admission en application de l'accord pilote\nfranco-britannique du 6 Ao\u00fbt 2025 de pr\u00e9vention des travers\u00e9es p\u00e9rilleuses volet H\u00e9bergement transitoire en Ile-De-France\n13\n............................................................................................................................................................................\n...........................................................................................................................................................................\nPartenariats engag\u00e9s et pr\u00e9vus pour mener \u00e0 bien l' accompagnement et le suivi des personnes\nconcern\u00e9es\u00a0:\n\u2026\u2026\u2026\u2026\u2026..\n.............................................................................................................................................................\n............................................................................................................................................................................\n............................................................................................................................................................................\n............................................................................................................................................................................\nMoyens  humains  -  Ressources  humaines  allou\u00e9es  au  pr ojet\u00a0(Infirmiers/psychologues/cadre\nadministratif / \u00e9ventuellement un juriste, un inter pr\u00e8te, un cadre d'astreinte, un veilleur de\nnuit) :\n\u2026\u2026\u2026\u2026\u2026\u2026\u2026\u2026\u2026\u2026\u2026\u2026\u2026\u2026\u2026\u2026\u2026\u2026\u2026\u2026\u2026\u2026\u2026\u2026\u2026\u2026\u2026\u2026\u2026\u2026\u2026\u2026\u2026\u2026\u2026\u2026\u2026\u2026\u2026\u2026\u2026\u2026\u2026\u2026\u2026\u2026\u2026\u2026\u2026\u2026\u2026\u2026\u2026\u2026\u2026\u2026..\n........................\n............................................................................................................................................................................\n............................................................................................................................................................................\nMoyens mat\u00e9riels et architecturaux - Description du site comprenant la typologie des chambres,\ndes sanitaires, des espaces de vie collectifs ainsi que tous les am\u00e9nagements pr\u00e9vus\u00a0:\n............................................................................................................................................................................\n............................................................................................................................................................................\n............................................................................................................................................................................\n............................................................................................................................................................................\n..................................................................................................................................\nMoyens financiers - Budget de l'annexe 2 \u00e0 compl\u00e9te r et descriptif d\u00e9taill\u00e9 des charges de\nfonctionnement et des frais ext\u00e9rieurs \u00e9ventuellement engag\u00e9s\u00a0: \n............................................................................................................................................................................\n............................................................................................................................................................................\n............................................................................................................................................................................\n...........................................................................................................................................................................\nCalendrier de mise en \u0153uvre\u00a0:\n\u00a0\u2026\u2026\u2026\u2026\u2026\u2026\u2026\u2026..\u2026\u2026\u2026\u2026\u2026\u2026\u2026\u2026\u2026\u2026\u2026\u2026\u2026\u2026\u2026\u2026\u2026\u2026\u2026\u2026\u2026\u2026\u2026\u2026\u2026\u2026\u2026\u2026\u2026\u2026\u2026\u2026\u2026.\n\u2026\u2026\u2026\u2026\u2026\u2026\u2026\u2026\u2026\u2026\u2026\u2026\u2026\u2026\u2026\u2026\u2026\u2026\u2026\u2026\u2026\u2026\u2026\u2026\u2026\u2026\u2026\u2026\u2026\u2026\u2026\u2026\u2026\u2026\u2026\u2026\u2026\u2026\u2026\u2026\u2026\u2026\u2026\u2026\u2026\u2026\u2026\u2026\u2026\u2026\u2026.......................................\n..........................................................\nNombre de places au total\u00a0: \u2026\u2026\u2026\u2026\u2026\u2026\u2026\u2026\u2026\u2026\u2026\u2026\u2026\u2026\u2026\u2026\u2026\u2026\u2026\u2026\u2026\u2026\u2026\u2026\u2026\u2026\u2026\u2026\u2026\u2026\u2026\u2026\u2026\u2026\u2026\u2026\u2026\u2026\u2026\u2026\u2026\u2026\u2026\u2026\u2026..\nModalit\u00e9s d'h\u00e9bergement\u00a0: H\u00f4tel / Centre d'h\u00e9bergement / Autre\u00a0:\n7\nDirection r\u00e9gionale et interd\u00e9partementale de l'h\u00e9bergement et du logement - IDF-2025-11-25-00009 - Appel \u00e0 manifestation d'int\u00e9r\u00eat\n(AMI) 2025 pour l'ouverture du dispositif d'accompagnement des personnes en  r\u00e9admission en application de l'accord pilote\nfranco-britannique du 6 Ao\u00fbt 2025 de pr\u00e9vention des travers\u00e9es p\u00e9rilleuses volet H\u00e9bergement transitoire en Ile-De-France\n14\n\u2026\u2026\u2026\u2026\u2026\u2026\u2026\u2026\u2026\u2026\u2026\u2026\u2026\u2026\u2026\u2026\u2026\u2026\u2026\u2026\u2026\u2026\u2026\u2026\u2026\u2026\u2026\u2026\u2026\u2026\u2026\u2026\u2026\u2026\u2026\u2026\u2026\u2026\u2026\u2026\u2026\u2026\u2026\u2026\u2026\u2026\u2026\u2026\u2026\u2026\u2026\u2026\u2026\u2026\u2026\u2026\u2026\u2026\u2026\u2026\u2026\u2026\u2026\u2026\u2026\u2026\n\u2026\u2026\u2026\u2026\u2026\u2026\u2026\u2026\u2026\u2026\u2026\u2026\u2026\u2026\u2026\u2026\u2026\u2026\u2026\u2026\u2026\u2026\u2026\u2026\u2026\u2026\u2026\u2026\u2026\u2026\u2026\u2026\u2026\u2026\u2026\u2026\u2026\u2026\u2026\u2026\u2026\u2026\u2026\u2026\u2026\u2026\u2026\u2026\u2026\u2026\u2026\u2026\u2026\u2026\u2026\u2026\u2026\u2026\u2026\u2026\u2026\u2026\u2026\u2026\u2026\u2026\nCo\u00fbt de l'action\u00a0: \u2026\u2026\u2026\u2026\u2026\u2026\u2026\u2026\u2026\u2026\u2026\u2026\u2026\u2026..\u2026\u2026\u2026\u2026\u2026\u2026\u2026\u2026\u2026\u2026\u2026\u2026\u2026\u2026\u2026\u2026\u2026\u2026\u2026\u2026\u2026\u2026\u2026\u2026\u2026\u2026\u2026\u2026\u2026\u2026\u2026\u2026\u2026\u2026\u2026\u2026\u2026\u2026\u2026\nCo\u00fbt  de  fonctionnement  semestriel\u00a0:\n\u2026\u2026\u2026\u2026\u2026\u2026\u2026\u2026\u2026\u2026\u2026\u2026\u2026\u2026\u2026\u2026\u2026\u2026\u2026\u2026\u2026\u2026\u2026\u2026\u2026\u2026\u2026\u2026\u2026\u2026\u2026\u2026\u2026\u2026\u2026\u2026\u2026\u2026\u2026\u2026. \nCo\u00fbt \u00e0 la place/jour\u00a0: \u2026\u2026\u2026\u2026\u2026\u2026\u2026\u2026\u2026\u2026\u2026\u2026\u2026\u2026\u2026\u2026\u2026\u2026\u2026\u2026\u2026\u2026\u2026\u2026\u2026\u2026\u2026\u2026\u2026\u2026\u2026\u2026\u2026\u2026\u2026\u2026\u2026\u2026\u2026\u2026\u2026\u2026\u2026\u2026\u2026\u2026\u2026\u2026\u2026\u2026\u2026\nModalit\u00e9s d'occupation du site\u00a0: Location / Prix de la nuit\u00e9e h\u00f4teli\u00e8re\u00a0:\n\u2026\u2026\u2026\u2026\u2026\u2026\u2026\u2026\u2026\u2026\u2026\u2026\u2026\u2026\u2026\u2026\u2026\u2026\u2026\u2026\u2026\u2026\u2026\u2026\u2026\u2026\u2026\u2026\u2026\u2026\u2026\u2026\u2026\u2026\u2026\u2026\u2026\u2026\u2026\u2026\u2026\u2026\u2026\u2026\u2026\u2026\u2026\u2026\u2026\u2026\u2026\u2026\u2026\u2026\u2026\u2026\u2026\u2026\u2026\u2026\u2026\u2026\u2026\u2026\u2026\u2026\nDate : \nVisa de l'op\u00e9rateur :\n8\nDirection r\u00e9gionale et interd\u00e9partementale de l'h\u00e9bergement et du logement - IDF-2025-11-25-00009 - Appel \u00e0 manifestation d'int\u00e9r\u00eat\n(AMI) 2025 pour l'ouverture du dispositif d'accompagnement des personnes en  r\u00e9admission en application de l'accord pilote\nfranco-britannique du 6 Ao\u00fbt 2025 de pr\u00e9vention des travers\u00e9es p\u00e9rilleuses volet H\u00e9bergement transitoire en Ile-De-France\n15","date":"2025-11-27","first_seen_on":"2025-11-27T18:19:36+00:00","id":"fb778f7783f02fd1923290edbb2adc0cb0f43a80bc8da63470627ce2f434b4c8","name":"recueil-idf-050-2025-11-RAA-nominatifs du 27.11.2025","pdf_creation_date":"2025-11-27T15:57:30+00:00","pdf_modification_date":null,"timezone":"Europe/Paris","url":"https://www.prefectures-regions.gouv.fr/ile-de-france/irecontenu/telechargement/133040/975971/file/recueil-idf-050-2025-11-RAA-nominatifs%20du%2027.11.2025.pdf"}
