{"administration":"prefidf","administration_name":"Pr\u00e9fecture de la r\u00e9gion \u00cele-de-France","content":"PREFECTURE\nREGION ILE DE\nFRANCE\nRECUEIL DES ACTES\nADMINISTRATIFS SP\u00c9CIAL\nN\u00b0IDF-028-2025-05\nPUBLI\u00c9 LE 16 MAI 2025\nSommaire\nDirection r\u00e9gionale et interd\u00e9partementale de l'alimentation, de\nl'agriculture et de la for\u00eat d'Ile de France /\nIDF-2025-05-12-00007 - Arr\u00eat\u00e9 portant subd\u00e9l\u00e9gation de signature\nde Madame Myl\u00e8ne TESTUT-NEVES\nDirectrice r\u00e9gionale et\ninterd\u00e9partementale de l'alimentation, de l'agriculture\net de la\nfor\u00eat d'\u00cele-de-France, en mati\u00e8re administrative\n\n (2 pages) Page 3\n2\nDirection r\u00e9gionale et interd\u00e9partementale de\nl'alimentation, de l'agriculture et de la for\u00eat d'Ile\nde France\nIDF-2025-05-12-00007\nArr\u00eat\u00e9 portant subd\u00e9l\u00e9gation de signature de\nMadame Myl\u00e8ne TESTUT-NEVES\nDirectrice r\u00e9gionale et interd\u00e9partementale de\nl'alimentation, de l'agriculture\net de la for\u00eat d'\u00cele-de-France, en mati\u00e8re\nadministrative\nDirection r\u00e9gionale et interd\u00e9partementale de l'alimentation, de l'agriculture et de la for\u00eat d'Ile de France - IDF-2025-05-12-00007 -\nArr\u00eat\u00e9 portant subd\u00e9l\u00e9gation de signature de Madame Myl\u00e8ne TESTUT-NEVES\nDirectrice r\u00e9gionale et interd\u00e9partementale de l'alimentation, de l'agriculture\net de la for\u00eat d'\u00cele-de-France, en mati\u00e8re administrative\n3\nEuPREFET |DE LA REGIOND'\u00ceLE-DE-FRANCELibert\u00e9Egalit\u00e9Fraternit\u00e9\n       5 rue Leblanc \u2013 75911 PARIS Cedex 15  \n       T\u00e9l : 01 82 52 46 46 \n       draaf-ile-de-france@agriculture.gouv.fr \n       http://driaaf.ile-de-france.agriculture.gouv.fr/ \n \n \nDirection R\u00e9gionale et Interd\u00e9partementale  \n                               de l'Alimentation, de l'Agriculture \net de la For\u00eat \n \n \nARR\u00caT\u00c9 \n  \nPortant subd\u00e9l\u00e9gation de signature de Madame Myl\u00e8ne TESTUT-NEVES \nDirectrice r\u00e9gionale et interd\u00e9partementale de l'alimentation, de l'agriculture \net de la for\u00eat d'\u00cele-de-France, en mati\u00e8re administrative  \n \n \nLa directrice r\u00e9gionale et interd\u00e9partementale de l'alimentation, de l'agriculture \net de la for\u00eat \n \n \nVu le d\u00e9cret n\u00b0 2004-374 du 29 avril 2004 modifi\u00e9 relatif aux pouvoirs des pr\u00e9fets, \u00e0 l'organisation \net \u00e0 l'action des services de l'\u00c9tat dans les r\u00e9gions et d\u00e9partements,  \nVu  le d\u00e9cret n\u00b0 2010-429 du 29 avril 2010 relatif \u00e0 l'organisation et aux missions des directions \nr\u00e9gionales de l'alimentation, de l'agriculture et de la for\u00eat, \n \nVu  le d\u00e9cret n\u00b0 2010-687 du 24 juin 2010 relatif \u00e0 l'organisation et aux missions des services de l'\u00c9tat \ndans la r\u00e9gion et les d\u00e9partements d'\u00cele-de-France, \nVu l'arr\u00eat\u00e9 minist\u00e9riel du 08 juillet 2024 modifi\u00e9 nommant Mme Myl\u00e8ne TESTUT-NEVES, ing\u00e9nieure \ng\u00e9n\u00e9rale des ponts, des eaux et des for\u00eats, directrice r\u00e9gionale et interd\u00e9partementale de \nl'alimentation, de l'agriculture et de la for\u00eat d'Ile-de-France, \u00e0 compter du 1 er  septembre 2024 , \nVu l'arr\u00eat\u00e9 du Pr\u00e9fet de la r\u00e9gion d'\u00cele-de-France, Pr\u00e9fet de Paris N\u00b0IDF-2024-08-21-00002 du 21 ao\u00fbt \n2024 portant d\u00e9l\u00e9gation de signature \u00e0 Mme Myl\u00e8ne TESTUT-NEVES, directrice r\u00e9gionale et \ninterd\u00e9partementale de l'alimentation, de l'agriculture et de la for\u00eat d'\u00cele-de-France, en mati\u00e8re \nadministrative,  \n \nARR\u00caTE : \n \nArticle 1 \ner  : En cas d'absence ou d'emp\u00eachement de Mme Myl\u00e8ne T ESTUT-NEVES, directrice \nr\u00e9gionale et interd\u00e9partementale de l'alimentation, de l'agriculture et de la for\u00eat, la d\u00e9l\u00e9gation de \nsignature qui lui est consentie par l'arr\u00eat\u00e9 pr\u00e9fectoral N\u00b0IDF-2024-08-21-00002 du 21 ao\u00fbt 2024 \nsusvis\u00e9 est exerc\u00e9e par  :  \n\u2022 M. Benjamin GENTON, directeur r\u00e9gional et interd\u00e9partemental adjoint,  \n\u2022 Mme Claire LE BIGOT, directrice r\u00e9gionale et interd\u00e9partementale adjointe, \n \nArticle 2 : Subd\u00e9l\u00e9gation de signature est donn\u00e9e aux agents suivants de la direction r\u00e9gionale et \ninterd\u00e9partementale de l'alimentation, de l'agriculture et de la for\u00eat d'\u00cele-de-France, dans les \nmati\u00e8res et pour les actes relevant de leur domaine d'activit\u00e9 : \n \n\u2022 M. Filipe SANTOS, chef de mission, pour ce qui concerne la mission du pilotage strat\u00e9gique, \n\u2022 Mme Emilie CAVAILLES, cheffe de service pour ce qui concerne le service r\u00e9gional de \nl'\u00e9conomie agricole. En cas d'emp\u00eachement ou d'absence, la subd\u00e9l\u00e9gation est donn\u00e9e \u00e0 \nMme Anne-Laure LAVAL, adjointe \u00e0 la cheffe de service  ; \nDirection r\u00e9gionale et interd\u00e9partementale de l'alimentation, de l'agriculture et de la for\u00eat d'Ile de France - IDF-2025-05-12-00007 -\nArr\u00eat\u00e9 portant subd\u00e9l\u00e9gation de signature de Madame Myl\u00e8ne TESTUT-NEVES\nDirectrice r\u00e9gionale et interd\u00e9partementale de l'alimentation, de l'agriculture\net de la for\u00eat d'\u00cele-de-France, en mati\u00e8re administrative\n4\n\u2022 Mme Claire FUENTES, cheffe de service, pour ce qui concerne le service r\u00e9gional de la for\u00eat \net du bois, de la biomasse et des territoires. En cas d'emp\u00eachement ou d'absence, la \nsubd\u00e9l\u00e9gation est donn\u00e9e \u00e0 Mme Clara GOOSSAERT, adjointe \u00e0 la cheffe de service  ; \n\u2022 Mme Fanny HERAUD, cheffe du service, pour ce qui co ncerne le service r\u00e9gional de \nl'information statistique et \u00e9conomique. En cas d'emp\u00eachement ou d'absence, la \nsubd\u00e9l\u00e9gation est donn\u00e9e \u00e0 M. Vladimir TARDY, adjoint \u00e0 la cheffe de service  ; \n\u2022 Mme Anne RICHARD, cheffe du service, pour ce qui concerne le service r\u00e9gional de la \nformation et du d\u00e9veloppement. En cas d'emp\u00eachement ou d'absence, la subd\u00e9l\u00e9gation \nest donn\u00e9e \u00e0 Mme Fatiha LOUNICI, adjointe \u00e0 la cheffe de service  ;  \n\u2022 M. Arnaud CHATRY, chef du service, pour ce qui conc erne le service r\u00e9gional de \nl'alimentation. En cas d'emp\u00eachement ou d'absence, la subd\u00e9l\u00e9gation est donn\u00e9e \u00e0 Mme \nClaire VILLEDARY, adjointe au chef de service.  \n \nArticle 3  : L'arr\u00eat\u00e9 n\u00b0IDF-2024-12-12-00005 du 12 d\u00e9cembre 2024 est abrog\u00e9. \n \nArticle 4  : Une copie de cet arr\u00eat\u00e9 sera adress\u00e9e au pr\u00e9fet de la r\u00e9gion d'\u00cele-de-France, pr\u00e9fet de \nParis (direction des affaires juridiques).  \n \nArticle 5  : La directrice r\u00e9gionale et interd\u00e9partementale de l'alimentation, de l'agriculture et de \nla for\u00eat et les personnes mentionn\u00e9es aux articles 1 et 2 sont charg\u00e9s, chacun en ce qui le concerne, \nde l'ex\u00e9cution du pr\u00e9sent arr\u00eat\u00e9 qui sera publi\u00e9 au recueil des actes administratifs de la pr\u00e9fecture \nde la r\u00e9gion d'\u00cele-de-France, pr\u00e9fecture de Paris (\u00e9chelon de la r\u00e9gion d'\u00cele-de-France) accessible sur \nle site internet de la pr\u00e9fecture : www.prefectures-regions.gouv.fr/ile-de-france/. \n \n \n \n                                                                                                    Fait \u00e0 Paris, le 12 mai 2025 \n \nLa directrice r\u00e9gionale et interd\u00e9partementale \nde l'alimentation, de l'agriculture  et de la for\u00eat \n \nSIGNE \n \nMyl\u00e8ne TESTUT-NEVES \n \n    \n \n \nDirection r\u00e9gionale et interd\u00e9partementale de l'alimentation, de l'agriculture et de la for\u00eat d'Ile de France - IDF-2025-05-12-00007 -\nArr\u00eat\u00e9 portant subd\u00e9l\u00e9gation de signature de Madame Myl\u00e8ne TESTUT-NEVES\nDirectrice r\u00e9gionale et interd\u00e9partementale de l'alimentation, de l'agriculture\net de la for\u00eat d'\u00cele-de-France, en mati\u00e8re administrative\n5","date":"2025-05-16","first_seen_on":"2025-05-16T18:28:29+00:00","id":"fbbc4a5cdfbe3c54cdd7f3d1bf1f0cb64a28474f28d6904ef5d85c60f1a4ab3b","name":"recueilDS-idf-028-2025-05-recueil-des-actes-administratifs-special du 16.05.2025","pdf_creation_date":"2025-05-16T14:58:04+00:00","pdf_modification_date":null,"timezone":"Europe/Paris","url":"https://www.prefectures-regions.gouv.fr/ile-de-france/irecontenu/telechargement/127744/942433/file/recueilDS-idf-028-2025-05-recueil-des-actes-administratifs-special%20du%2016.05.2025.pdf"}
