{"administration":"pref83","administration_name":"Pr\u00e9fecture du Var","content":"VAR\nRECUEIL DES ACTES\nADMINISTRATIFS SP\u00c9CIAL\n(NOMINATIFS)\nN\u00b083-2025-282\nPUBLI\u00c9 LE 20 AO\u00dbT 2025\nSommaire\nPr\u00e9fecture du VAR / Direction de la citoyennet\u00e9 et de la l\u00e9galit\u00e9\n83-2025-08-19-00001 - ARR\u00caT\u00c9 PR\u00c9FECTORAL n\u00b0\nDCL/BERG/2025/0175 du 19 ao\u00fbt 2025 portant habilitation dans le\ndomaine fun\u00e9raire de l'\u00e9tablissement secondaire de pompes\nfun\u00e8bres \u00ab\u00a0POMPES FUN\u00c8BRES DAGUENET\u00a0\u00bb situ\u00e9 Angle et\nImpasse de la Farinette - 50 Avenue du Char de Verdun -\n83160 LA\nVALETTE-DU-VAR\nHabilitation N\u00b0 25-83-0302 (2 pages) Page 3\nPr\u00e9fecture du VAR / Direction des s\u00e9curit\u00e9s\n83-2025-08-12-00009 - ARR\u00caT\u00c9 PR\u00c9FECTORAL n\u00b0\n2025-00010-PM-CAM-VB\nautorisant l'enregistrement audiovisuel des\ninterventions \ndes agents de police municipale de la commune de\nFlassans-sur-Issole. (2 pages) Page 6\n2\nPr\u00e9fecture du VAR\n83-2025-08-19-00001\nARR\u00caT\u00c9 PR\u00c9FECTORAL n\u00b0 DCL/BERG/2025/0175\ndu 19 ao\u00fbt 2025 portant habilitation dans le\ndomaine fun\u00e9raire de l'\u00e9tablissement secondaire\nde pompes fun\u00e8bres \u00ab\u00a0POMPES FUN\u00c8BRES\nDAGUENET\u00a0\u00bb situ\u00e9 Angle et Impasse de la\nFarinette - 50 Avenue du Char de Verdun -\n83160 LA VALETTE-DU-VAR\nHabilitation N\u00b0 25-83-0302\nPr\u00e9fecture du VAR - 83-2025-08-19-00001 - ARR\u00caT\u00c9 PR\u00c9FECTORAL n\u00b0 DCL/BERG/2025/0175 du 19 ao\u00fbt 2025 portant habilitation dans\nle domaine fun\u00e9raire de l'\u00e9tablissement secondaire de pompes fun\u00e8bres \u00ab\u00a0POMPES FUN\u00c8BRES DAGUENET\u00a0\u00bb situ\u00e9 Angle et Impasse\nde la Farinette - 50 Avenue du Char de Verdun -\n83160 LA VALETTE-DU-VAR\nHabilitation N\u00b0 25-83-0302\n3\n=mPREFETDU VARLibert\u00e9Egalit\u00e9Fraternit\u00e9\nDirection de la citoyennet\u00e9 et de la l\u00e9galit\u00e9\nBureau des \u00e9lections et de la r\u00e9glementation g\u00e9n\u00e9rale\nARR\u00caT\u00c9 PR\u00c9FECTORAL n\u00b0 DCL/BERG/2025/0175 du 19 ao\u00fbt 2025\nportant habilitation dans le domaine fun\u00e9raire de l'\u00e9tablissement secondaire\nde pompes fun\u00e8bres \u00ab POMPES FUN\u00c8BRES DAGUENET \u00bb\nAngle et Impasse de la Farinette \u2013 50 Avenue du Char de Verdun -\n83160 LA VALETTE-DU-VAR\nHabilitation N\u00b0 25-83-0302\nLe Pr\u00e9fet du Var,\nVu le code g\u00e9n\u00e9ral des collectivit\u00e9s territoriales  et notamment ses articles L2223-23 et suivants  \nainsi que ses articles R223-56 et suivants ;\nVu la loi n\u00b0 2008-1350 du 19 d\u00e9cembre 2008 relative \u00e0 la l\u00e9gislation fun\u00e9raire ;\nVu le d\u00e9cret du Pr\u00e9sident de la R\u00e9publique du 15 mai 2025, portant nomination de Monsieur  \nSimon BABRE, pr\u00e9fet du Var ;\nVu l'arr\u00eat\u00e9 pr\u00e9fectoral n\u00b0 2025/12/MCI du 2 juin 2025 portant d\u00e9l\u00e9gation de signature \u00e0 Monsieur  \nLucien GIUDICELLI, secr\u00e9taire g\u00e9n\u00e9ral de la pr\u00e9fecture du Var, sous-pr\u00e9fet de l'arrondissement de  \nToulon ;\nVu  l'arr\u00eat\u00e9  pr\u00e9fectoral  n\u00b0  2025/53/MCI  du  15  juillet  2025  portant  d\u00e9l\u00e9gation  de  signature  \u00e0 \nMonsieur Thibaut DARGON, directeur de la citoyennet\u00e9 et de la l\u00e9galit\u00e9 de la pr\u00e9fecture du Var ;\nVu  la  demande  formul\u00e9e  par  Monsieur  Emmanuel  DAGUENET,  g\u00e9rant,  en  vue  d'obtenir \nl'habilitation dans le domaine fun\u00e9raire de l'\u00e9tablissement secondaire \u00ab  POMPES FUN\u00c8BRES  \nDAGUENET \u00bb  situ\u00e9  Angle  et  Impasse  de  la  Farinette,  50  Avenue  du  Char  de  Verdun  \u00e0 \nLa Valette-du-Var (83160) ;\nConsid\u00e9rant la compl\u00e9tude du dossier ;\nSur proposition du secr\u00e9taire g\u00e9n\u00e9ral de la pr\u00e9fecture ;\nARR\u00caTE\nArticle  1  :  L '\u00e9tablissement  secondaire  de  pompes  fun\u00e8bres  relevant  de  la  SAS  \n\u00ab ACCOMPAGNEMENT FUN\u00c9RAIRE VAROIS \u00bb \u00e0 Toulon, exploit\u00e9 sous le nom commercial et  \nsous  l'enseigne  \u00ab POMPES  FUN\u00c8BRES  DAGUENET \u00bb  sis  Angle  et  Impasse  de  la  Farinette, \n50 Avenue du Char de Verdun \u00e0 La Valette-du-Var (83160), dont la pr\u00e9sidence est assur\u00e9e par \nla SAS \u00ab SPV TOULON 83 \u00bb, associ\u00e9 unique, est habilit\u00e9 pour exercer les activit\u00e9s suivantes :\n1 - Transport de corps avant et apr\u00e8s mise en bi\u00e8re,\n2 - Organisation des obs\u00e8ques,\n1/2\nPr\u00e9fecture du VAR - 83-2025-08-19-00001 - ARR\u00caT\u00c9 PR\u00c9FECTORAL n\u00b0 DCL/BERG/2025/0175 du 19 ao\u00fbt 2025 portant habilitation dans\nle domaine fun\u00e9raire de l'\u00e9tablissement secondaire de pompes fun\u00e8bres \u00ab\u00a0POMPES FUN\u00c8BRES DAGUENET\u00a0\u00bb situ\u00e9 Angle et Impasse\nde la Farinette - 50 Avenue du Char de Verdun -\n83160 LA VALETTE-DU-VAR\nHabilitation N\u00b0 25-83-0302\n4\n3 - Soins de conservation, en sous-traitance avec :\n -  l'EURL  \u00ab  OLEA  SERVICES  FUN\u00c9RAIRES \u00bb  sise  51,  Avenue  des  anciens  combattants  \nd'Indochine \u00e0 La Seyne-sur-Mer (83500), habilit\u00e9e sous le n\u00b0 22-83-0097 ,\n4 - Fourniture des housses, cercueils et accessoires int\u00e9rieur et ext\u00e9rieur ainsi que des urnes\ncin\u00e9raires,\n7 - Fourniture des corbillards et voitures de deuil,\n8 - Fourniture  de  personnels  et  des  objets  et  prestations  n\u00e9cessaires  aux  obs\u00e8ques, \ninhumations, exhumations et cr\u00e9mations.\nArticle 2     : L'habilitation porte le num\u00e9ro 25-83-0302.\nArticle 3     : La pr\u00e9sente habilitation est d\u00e9livr\u00e9e pour une dur\u00e9e de cinq ans.\nPour  solliciter  le  renouvellement  de  la  pr\u00e9sente  habilitation,  le  b\u00e9n\u00e9ficiaire  devra  faire \nparvenir sa demande en pr\u00e9fecture au plus tard deux mois avant sa date de fin de validit\u00e9.\nArticle 4     : Conform\u00e9ment aux articles L.2223-25 et R.2223-64, D.2223-87 du code g\u00e9n\u00e9ral des  \ncollectivit\u00e9s  territoriales,  et  \u00e0  d\u00e9faut  de  la  production,  dans  les  meilleurs  d\u00e9lais,  des \njustificatifs de conformit\u00e9 des \u00e9quipements, la pr\u00e9sente habilitation pourra \u00eatre suspendue  \npour une dur\u00e9e maximale d'un an ou retir\u00e9e, apr\u00e8s mise en demeure, pour les motifs suivants :\n- non-respect des conditions de sa d\u00e9livrance telles qu'elles sont d\u00e9finies par les dispositions  \ndu code g\u00e9n\u00e9ral des collectivit\u00e9s territoriales ;\n- non exercice ou cessation d'exercice des activit\u00e9s au titre desquelles elle a \u00e9t\u00e9 d\u00e9livr\u00e9e ;\n- atteinte \u00e0 l'ordre public ou danger pour la salubrit\u00e9 publique.\nDans  les  cas  o\u00f9  le  b\u00e9n\u00e9ficiaire  est  un  d\u00e9l\u00e9gataire,  le  retrait  d'habilitation  entra\u00eene  la \nd\u00e9ch\u00e9ance des d\u00e9l\u00e9gations.\nArticle 5     : Le secr\u00e9taire g\u00e9n\u00e9ral de la pr\u00e9fecture du Var est charg\u00e9 de l'ex\u00e9cution du pr\u00e9sent  \narr\u00eat\u00e9 qui sera publi\u00e9 au recueil des actes administratifs de la pr\u00e9fecture du Var et dont une  \ncopie sera adress\u00e9e au maire de la commune de La Valette-du-Var pour information.\nFait \u00e0 Toulon, le 19 ao\u00fbt 2025\nPour le pr\u00e9fet et par d\u00e9l\u00e9gation,\nLe directeur de la citoyennet\u00e9\net de la l\u00e9galit\u00e9\nSign\u00e9\nThibaut DARGON\nDans un d\u00e9lai de deux mois \u00e0 compter de la date de la notification ou de la publication du pr\u00e9sent arr\u00eat\u00e9 au recueil des actes administratifs de la \npr\u00e9fecture, les recours suivants peuvent \u00eatre introduits conform\u00e9ment aux dispositions des articles R. 421-1 et suivants du code de justice \nadministrative :\n- un recours gracieux, adress\u00e9 \u00e0 :\nM. le Pr\u00e9fet du Var - Boulevard du 112\u00e8me r\u00e9giment d'infanterie - CS 31209 - 83070 TOULON CEDEX\n- un recours hi\u00e9rarchique, adress\u00e9 au(x) ministre(s) concern\u00e9(s) ;\nDans ces deux cas, le silence de l'Administration vaut rejet implicite au terme d'un d\u00e9lai de deux mois.\nApr\u00e8s un recours gracieux ou hi\u00e9rarchique, le d\u00e9lai du recours contentieux ne court qu'\u00e0 compter du rejet explicite ou implicite de l'un de ces \nrecours.\n- un recours contentieux, en saisissant le Tribunal Administratif de Toulon : 5 rue Racine -BP 40510 - 83 041 TOULON CEDEX 9\nLe tribunal administratif peut \u00eatre saisi par l'application informatique \u00ab T\u00e9l\u00e9cours \u00bb accessible par le site internet www.telecours.fr.\n2/2\nPr\u00e9fecture du VAR - 83-2025-08-19-00001 - ARR\u00caT\u00c9 PR\u00c9FECTORAL n\u00b0 DCL/BERG/2025/0175 du 19 ao\u00fbt 2025 portant habilitation dans\nle domaine fun\u00e9raire de l'\u00e9tablissement secondaire de pompes fun\u00e8bres \u00ab\u00a0POMPES FUN\u00c8BRES DAGUENET\u00a0\u00bb situ\u00e9 Angle et Impasse\nde la Farinette - 50 Avenue du Char de Verdun -\n83160 LA VALETTE-DU-VAR\nHabilitation N\u00b0 25-83-0302\n5\nPr\u00e9fecture du VAR\n83-2025-08-12-00009\nARR\u00caT\u00c9 PR\u00c9FECTORAL n\u00b0\n2025-00010-PM-CAM-VB\nautorisant l'enregistrement audiovisuel des\ninterventions \ndes agents de police municipale de la commune\nde Flassans-sur-Issole.\nPr\u00e9fecture du VAR - 83-2025-08-12-00009 - ARR\u00caT\u00c9 PR\u00c9FECTORAL n\u00b0 2025-00010-PM-CAM-VB\nautorisant l'enregistrement audiovisuel des interventions \ndes agents de police municipale de la commune de Flassans-sur-Issole.\n6\n=mPREFETDU VARLibert\u00e9Egalit\u00e9Fraternit\u00e9\nPr\u00e9fecture\nCabinet-Direction des S\u00e9curit\u00e9s\nBureau des Polices Administratives de S\u00e9curit\u00e9\nARR\u00caT\u00c9 PR\u00c9FECTORAL n\u00b0 2025-00010-PM-CAM-VB\nautorisant l'enregistrement audiovisuel des interventions \ndes agents de police municipale de la commune de Flassans-sur-Issole.\nLe Pr\u00e9fet du Var,\nVu le code de la s\u00e9curit\u00e9 int\u00e9rieure, notamment ses articles L.241-2 et R.241-8 \u00e0 R.241-15 ;\nVu la loi n\u00b0 78-17 du 6 janvier 1978 modifi\u00e9e relative \u00e0 l'informatique, aux fichiers et aux  \nlibert\u00e9s ;\nVu le d\u00e9cret du Pr\u00e9sident de la R\u00e9publique du 15 mai 2025 portant nomination de M. Simon  \nBABRE, pr\u00e9fet du Var ;\nVU le d\u00e9cret du Pr\u00e9sident de la R\u00e9publique du 3 avril 2024 portant nomination de Mme  \nJos\u00e9phine  GUIGLIANO-BOUTONNET,  en  qualit\u00e9  de  sous-pr\u00e9f\u00e8te,  directrice  de  cabinet  du \npr\u00e9fet du Var ;\nVU l'arr\u00eat\u00e9 pr\u00e9fectoral n\u00b02025/54/MCI du 15 juillet 2025 portant d\u00e9l\u00e9gation de signature \u00e0 \nMme Jos\u00e9phine GUIGLIANO-BOUTONNET, directrice de Cabinet du pr\u00e9fet du Var ;\nVu la demande re\u00e7ue le 8 ao\u00fbt 2025 par le Maire de la commune de Flassans-sur-Issole, en vue \nd'obtenir  l'autorisation  de  proc\u00e9der  \u00e0  l'enregistrement  audiovisuel  des  interventions  des \nagents de police municipale de sa commune ;\nVu la convention de coordination des interventions de la police municipale et des forces de  \ns\u00e9curit\u00e9 de l'\u00c9tat du 31 octobre 2023 ;\nConsid\u00e9rant que la demande transmise par le Maire de la commune de Flassans-sur-Issole est \ncompl\u00e8te et conforme aux exigences des articles R.241-8 \u00e0 R.241-15 du code de la s\u00e9curit\u00e9  \nint\u00e9rieure ;\nSur proposition de Mme la Directrice de cabinet ,\n1/2\nPr\u00e9fecture du VAR - 83-2025-08-12-00009 - ARR\u00caT\u00c9 PR\u00c9FECTORAL n\u00b0 2025-00010-PM-CAM-VB\nautorisant l'enregistrement audiovisuel des interventions \ndes agents de police municipale de la commune de Flassans-sur-Issole.\n7\nARR\u00caTE :\nArticle 1  : L'enregistrement audiovisuel des interventions des agents de police municipale de  \nla commune de  Flassans-sur-Issole est autoris\u00e9 au moyen de quatre (4) cam\u00e9ras individuelles  \npour une dur\u00e9e de 5 ans. \nArticle 2  : Le public est inform\u00e9 de l'\u00e9quipement des agents de police municipale de la  \ncommune de  Flassans-sur-Issole en cam\u00e9ras individuelles ( quatre) et des modalit\u00e9s d'acc\u00e8s  \naux images.\nArticle 3 : Les enregistrements sont conserv\u00e9s pendant une p\u00e9riode de 1 mois. A l'issue de ce  \nd\u00e9lai, ils sont d\u00e9truits.\nArticle 4  : D\u00e9s notification du pr\u00e9sent arr\u00eat\u00e9, le Maire de la commune de Flassans-sur-Issole \nadresse  \u00e0  la  Commission  nationale  de  l'informatique  et  des  libert\u00e9s  un  engagement  de \nconformit\u00e9 aux dispositions des articles R.241-8 \u00e0 R.241-15 du code de la s\u00e9curit\u00e9 int\u00e9rieure.\nL'enregistrement audiovisuel des interventions des agents de police municipale autoris\u00e9 par le \npr\u00e9sent arr\u00eat\u00e9 ne peut \u00eatre mis en \u0153uvre qu'apr\u00e8s r\u00e9ception du r\u00e9c\u00e9piss\u00e9 de la Commission  \nnationale de l'informatique et des libert\u00e9s.\nArticle  5 :  La  pr\u00e9sente  autorisation  est  publi\u00e9e  au  recueil  des  actes  administratifs  de  la \npr\u00e9fecture. Elle peut faire l'objet d'un recours devant le tribunal administratif de Toulon dans  \nun d\u00e9lai de deux mois \u00e0 compter de sa publication.\nArticle 6 : Toute modification portant sur le nombre de cam\u00e9ras individuelles doit faire l'objet \nd'une demande d'autorisation aupr\u00e8s des services pr\u00e9fectoraux.\nArticle 7 : Mme la Directrice de cabinet et le Maire de Flassans-sur-Issole sont charg\u00e9s, chacun \nen ce qui le concerne, de l'application du pr\u00e9sent arr\u00eat\u00e9.\nDans un d\u00e9lai de deux mois \u00e0 compter de la date de la notification ou de la publication du pr\u00e9sent arr\u00eat\u00e9 au recueil des actes administratifs de la \npr\u00e9fecture, les recours suivants peuvent \u00eatre introduits conform\u00e9ment aux dispositions des articles R. 421-1 et suivants du code de justice \nadministrative :\n-  un recours gracieux, adress\u00e9 \u00e0 :\n M. le Pr\u00e9fet du Var \u2013 Boulevard du 112\u00e8me r\u00e9giment d'infanterie - CS 31209 - 83070 TOULON CEDEX\n- un recours hi\u00e9rarchique, adress\u00e9 au(x) ministre(s) concern\u00e9(s) ;\nDans ces deux cas, le silence de l'Administration vaut rejet implicite au terme d'un d\u00e9lai de deux mois.\nApr\u00e8s un recours gracieux ou hi\u00e9rarchique, le d\u00e9lai du recours contentieux ne court qu'\u00e0 compter du rejet explicite ou implicite de l'un de ces \nrecours.\n-   un recours contentieux, en saisissant le Tribunal Administratif de Toulon : 5 rue Racine -BP 40510 - 83 041 TOULON CEDEX 9\nLe tribunal administratif peut \u00eatre saisi par l'application informatique \u00ab t\u00e9l\u00e9recours citoyens \u00bb accessible par le site internet www.t\u00e9l\u00e9recours.fr \u00bb\n2/2\nToulon, le 12 ao\u00fbt 2025\nPour le Pr\u00e9fet et par d\u00e9l\u00e9gation\nLa Directrice de Cabinet\nSign\u00e9\nJos\u00e9phine GUIGLIANO-BOUTONNET\nPr\u00e9fecture du VAR - 83-2025-08-12-00009 - ARR\u00caT\u00c9 PR\u00c9FECTORAL n\u00b0 2025-00010-PM-CAM-VB\nautorisant l'enregistrement audiovisuel des interventions \ndes agents de police municipale de la commune de Flassans-sur-Issole.\n8","date":"2025-08-20","first_seen_on":"2025-08-20T14:29:59+00:00","id":"fbd2cca6eae3618ead654cf5cd1b06038e26bf605b9cacc363dc95363209a291","name":"RAA N\u00b0282 du 20 ao\u00fbt 2025 .pdf","pdf_creation_date":"2025-08-20T14:07:18+00:00","pdf_modification_date":null,"timezone":"Europe/Paris","url":"https://www.var.gouv.fr/contenu/telechargement/42445/277699/file/RAA%20N%C2%B0282%20du%2020%20ao%C3%BBt%202025%20NOMINATIF.pdf"}
