{"administration":"prefidf","administration_name":"Pr\u00e9fecture de la r\u00e9gion \u00cele-de-France","content":"PREFECTURE\nREGION ILE DE\nFRANCE\nRECUEIL DES ACTES\nADMINISTRATIFS SP\u00c9CIAL\nN\u00b0IDF-024-2026-05\nPUBLI\u00c9 LE 13 MAI 2026\nSommaire\nDirection r\u00e9gionale et interd\u00e9partementale de l'environnement, de\nl'am\u00e9nagement et des transports d'\u00cele-de-France / D\u00e9partement\ndes affaires juridiques, des archives et de la documentation\nIDF-2026-05-13-00006 - D\u00e9cision du 13 mai 2026 portant\nsubd\u00e9l\u00e9gation de signature en mati\u00e8re administrative pour le compte\ndu pr\u00e9fet de la r\u00e9gion d'\u00cele-de-France (14 pages) Page 3\n2\nDirection r\u00e9gionale et interd\u00e9partementale de\nl'environnement, de l'am\u00e9nagement et des\ntransports d'\u00cele-de-France\nIDF-2026-05-13-00006\nD\u00e9cision du 13 mai 2026 portant subd\u00e9l\u00e9gation\nde signature en mati\u00e8re administrative pour le\ncompte du pr\u00e9fet de la r\u00e9gion d'\u00cele-de-France\nDirection r\u00e9gionale et interd\u00e9partementale de l'environnement, de l'am\u00e9nagement et des transports d'\u00cele-de-France -\nIDF-2026-05-13-00006 - D\u00e9cision du 13 mai 2026 portant subd\u00e9l\u00e9gation de signature en mati\u00e8re administrative pour le compte du\npr\u00e9fet de la r\u00e9gion d'\u00cele-de-France\n3\nPREFET |DE LA REGIOND'ILE-DE-FRANCELibert\u00e9Egalit\u00e9Fraternit\u00e9\n \nDRIEAT \n21-23 rue Miollis \u2013 75 732 Paris CEDEX 15 \nT\u00e9l : +33 (0)1 40 61 80 80 \nwww.drieat.ile-de-france.developpement-durable.gouv.fr   1 \n \nDirection r\u00e9gionale et interd\u00e9partementale \nde l'environnement, de l'am\u00e9nagement \net des transports d'\u00cele-de-France \n \n \n \nD\u00e9cision portant subd\u00e9l\u00e9gation de signature en mati\u00e8re administrative  \npour le compte du pr\u00e9fet de la r\u00e9gion d'\u00cele-de-France \n \n \nLa directrice r\u00e9gionale et interd\u00e9partementale de l'environnement, de l'am\u00e9nagement et des transports \nd'\u00cele-de-France, \n \nVu la loi n\u00b0 82-213 du 2 mars 1982 relative aux droits et libert\u00e9s des communes, des d\u00e9partements et des \nr\u00e9gions ; \n \nVu la loi d'orientation n\u00b0 92-125 du 6 f\u00e9vrier 1992 relative \u00e0 l'administration territoriale de la R\u00e9publique ; \n \nVu le d\u00e9cret n\u00b0  2004-374 du 29 avril 2004 relatif aux pouvoirs des pr\u00e9fets, \u00e0 l'organisation et \u00e0 l'action \ndes services de l'\u00c9tat dans les r\u00e9gions et d\u00e9partements ; \n \nVu le d\u00e9cret n\u00b0 2005-636 du 30 mai 2005 relatif \u00e0 l'organisation de l'administration dans le domaine de \nl'eau et aux missions du pr\u00e9fet coordonnateur de bassin ; \n \nVu le d\u00e9cret n\u00b0  2006-304 du 16  mars 2006 portant cr\u00e9ation et organisation des directions \ninterd\u00e9partementales des routes ; \n \nVu le d\u00e9cret n\u00b0  2010-687 du 24 juin 2010 modifi\u00e9 relatif \u00e0 l'organisation et aux missions des services de \nl'\u00c9tat dans la r\u00e9gion et les d\u00e9partements d'\u00cele-de-France ; \n \nVu le d\u00e9cret n\u00b0 2013-1041 du 20 novembre 2013 modifi\u00e9 autorisant le ministre charg\u00e9 du d\u00e9veloppement \ndurable \u00e0 d\u00e9l\u00e9guer certains de ses pouvoirs de recrutement et de gest ion d'agents plac\u00e9s sous son \nautorit\u00e9 ; \n \nVu le d\u00e9cret n\u00b0 2015-510 du 7 mai 2015 portant charte de la d\u00e9concentration ; \n \nVu le d\u00e9cret du 22 juillet 2020 portant nomination du pr\u00e9fet de la r\u00e9gion d'\u00cele-de-France, pr\u00e9fet de Paris \n(hors classe) - M. GUILLAUME (Marc) ; \n \nVu l'arr\u00eat\u00e9 interminist\u00e9riel du 26 mai 2006 portant constitution des directions interd\u00e9partementales des \nroutes ; \n \nVu l'arr\u00eat\u00e9 interminist\u00e9riel du 20  ao\u00fbt 2025 modifi\u00e9 portant d\u00e9concentration des actes relatifs \u00e0 la \nsituation individuel le des agents publics exer\u00e7ant leurs fonctions dans les services d\u00e9concentr\u00e9s des \nadministrations civiles de l'\u00c9tat au sens de l'article 15 du d\u00e9cret n\u00b0  2004-374 du 29  avril 2004 modifi\u00e9 \nrelatif aux pouvoirs des pr\u00e9fets, \u00e0 l'organisation et \u00e0 l'action des services de l'\u00c9tat dans les r\u00e9gions et \nd\u00e9partements ; \nDirection r\u00e9gionale et interd\u00e9partementale de l'environnement, de l'am\u00e9nagement et des transports d'\u00cele-de-France -\nIDF-2026-05-13-00006 - D\u00e9cision du 13 mai 2026 portant subd\u00e9l\u00e9gation de signature en mati\u00e8re administrative pour le compte du\npr\u00e9fet de la r\u00e9gion d'\u00cele-de-France\n4\n \n  2 \n \nVu l'arr\u00eat\u00e9 du 16  d\u00e9cembre 2025 portant d\u00e9l\u00e9gation de pouvoirs du ministre charg\u00e9 de la transition \n\u00e9cologique en mati\u00e8re de gestion d'agents plac\u00e9s sous son autorit\u00e9 ;  \n \nVu l'arr\u00eat\u00e9 du 16  d\u00e9cembre 2025 portant d\u00e9l\u00e9gation de pouvoirs du ministre charg\u00e9 de la transition \n\u00e9cologique en mati\u00e8re de gestion des membres du corps des adjoints administratifs des administrations \nde l'\u00c9tat ; \n \nVu l'arr\u00eat\u00e9 du pr\u00e9fet de la r\u00e9gion d'\u00cele -de-France, pr\u00e9fet de Paris n\u00b0  IDF-2025-02-07-00001 du \n7 f\u00e9vrier 2025 portant organisation de la direction r\u00e9gionale et interd\u00e9partementale de l'environnement, \nde l'am\u00e9nagement et des transports d'\u00cele-de-France ; \n \nVu l'arr\u00eat\u00e9 interminist\u00e9riel du 8  juillet 2022 portant nomination d'une directrice r\u00e9gionale et \ninterd\u00e9partementale de l'environnement, de l'am\u00e9nagement et des transports de la r\u00e9gion \u00cele -de-\nFrance ; \n \nVu l'arr\u00eat\u00e9 n\u00b0 IDF-2026-05-11-00001 du 11 mai 2026 du pr\u00e9fet de la r\u00e9gion \u00cele -de-France, pr\u00e9fet de Paris, \nportant d\u00e9l\u00e9gation de signature \u00e0 Mme  Emmanuelle GAY, directrice r\u00e9gionale et interd\u00e9partementale \nde l'environnement, de l'am\u00e9nagement et des transports d'\u00cele-de-France, en mati\u00e8re administrative ; \n \nVu la d\u00e9cision n\u00b0 IDF-2026-04-07-00001 du 7 avril 2026 portant organisation de la direction r\u00e9gionale et \ninterd\u00e9partementale de l'environnement, de l'am\u00e9nagement et des transports d'\u00cele -de-France ; \n \nSur proposition de l'adjoint de la directrice r\u00e9gionale et interd\u00e9partementale de l'environnement, de \nl'am\u00e9nagement et des transports d'\u00cele-de-France, charg\u00e9 du pilotage, \n \nD\u00e9cide : \nArticle 1er  \n \nSubd\u00e9l\u00e9gation est donn\u00e9e \u00e0 l'effet de signer tous arr\u00eat\u00e9s, d\u00e9cisions, pi\u00e8ces ou conventions relevant des \nattributions de la direction r\u00e9gionale et interd\u00e9partementale de l'environnement, de l'am\u00e9nagement et \ndes transports \u00e0 :  \n \n\u2022 M. Laurent PAILLARD, directeur r\u00e9gional et interd\u00e9partemental adjoint, c harg\u00e9 des ressources \nhumaines et de la gestion des moyens ;  \n\u2022 Mme Val\u00e9rie BELROSE, directrice r\u00e9gionale et interd\u00e9partementale adjointe, charg\u00e9e de l'eau et \ndu d\u00e9veloppement durable ;  \n\u2022 M. Jacques SALHI, directeur r\u00e9gional et interd\u00e9partemental adjoint, directeur des routes d'\u00cele -\nde- France ;  \n\u2022 M. Jean-Marc PICARD, directeur r\u00e9gional et interd\u00e9partemental adjoint, charg\u00e9 de l'\u00e9nergie, des \nrisques et de la nature ;  \n\u2022 M. Paul WEICK, directeur r\u00e9gional et interd\u00e9partemental adjoint,  charg\u00e9 de la s\u00e9curit\u00e9 des \ntransports et des missions de d\u00e9fense et de s\u00e9curit\u00e9 ;  \n\u2022 M. Herv\u00e9 SCHMITT, directeur r\u00e9gional et interd\u00e9partemental adjoint, charg\u00e9 de l'am\u00e9nagement \ndurable et des transports ;  \n\u2022 M. Pascal H\u00c9RITIER, adjoint de la directrice, charg\u00e9 du pilotage. \n \nArticle 2 \n \nI. - Pour le cabinet de la direction, subd\u00e9l\u00e9gation de signature est accord\u00e9e, dans la limite de ses \nattributions, \u00e0 Mme Agathe BALTZER, directrice de cabinet, pour le fonctionnement du cabinet.  \n \nDirection r\u00e9gionale et interd\u00e9partementale de l'environnement, de l'am\u00e9nagement et des transports d'\u00cele-de-France -\nIDF-2026-05-13-00006 - D\u00e9cision du 13 mai 2026 portant subd\u00e9l\u00e9gation de signature en mati\u00e8re administrative pour le compte du\npr\u00e9fet de la r\u00e9gion d'\u00cele-de-France\n5\n \n  3 \nII. - Pour le service communicatio n, subd\u00e9l\u00e9gation de signature est accord\u00e9e \u00e0  Mme St\u00e9phanie \nCARVALHEIRO, directrice de la communication, et son adjointe, Mme Magali MAUGER. \n \nIII. - Pour la mission s\u00e9curit\u00e9 -d\u00e9fense, subd\u00e9l\u00e9gation est accord\u00e9e \u00e0 M. Silv\u00e8re RAYNAUD, chef de la \nmission s\u00e9curit\u00e9-d\u00e9fense et son adjointe, Mme Alicia BOISARD. \n \nArticle 3 \n \nI. - Pour la direction des routes d'\u00cele-de-France (DiRIF), subd\u00e9l\u00e9gation de signature est accord\u00e9e \u00e0 : \n \n\u2022 M. Najib MAHFOUDHI, directeur adjoint des routes d'\u00cele-de-France, charg\u00e9 du pilotage transversal et \nde la modernisation ; \n\u2022 Mme Sophie DUPAS, directrice adjointe des routes d'\u00cele -de-France, charg\u00e9e de l'exploitation et de \nl'entretien ; \n\u2022 Mme H\u00e9l\u00e8ne LAMBERT, directrice de la communication d\u00e9l\u00e9gu\u00e9e, cheffe de la mission \ncommunication de la direction des routes d'\u00cele-de-France ; \n\u2022 M. R\u00e9my MENSIRE, chef du service de la modernisation du r\u00e9seau ; \n\u2022 M. Pierre-Baptiste DELPUECH, chef du service du trafic et des tunnels ; \n\u2022 M. David JUIN, chef du service de la gestion patrimoniale du r\u00e9seau ; \n\u2022 M. Olivier ROUQUETTE, chef de l'arrondissement de gestion et d'exploitation de la route Nord  ; \n\u2022 M. Fr\u00e9d\u00e9ric ESNAULT, chef de l'arrondissement de gestion et d'exploitation de la route Est  ; \n\u2022 M. Bastien SALESSE, chef de l'arrondissement de gestion et d'exploitation de la route Sud ; \n\u2022 M. Michel PERREL, chef de l'arrondissement de gestion et d'exploitation de la route Ouest.  \n \nII. - Pour le secr\u00e9tariat g\u00e9n\u00e9ral d\u00e9l\u00e9gu\u00e9 \u00e0 la DiRIF, subd\u00e9l\u00e9gation de signature est accord\u00e9e, dans la limite \nde leurs attributions respectives, \u00e0 M. Jean-Baptiste MOTTE, secr\u00e9taire g\u00e9n\u00e9ral d\u00e9l\u00e9gu\u00e9 aupr\u00e8s de la DiRIF \net ses adjoints, M. Pascal ERRECART et Mme S\u00e9verine TROMPARENT. \n \nIII. - La subd\u00e9l\u00e9gation mentionn\u00e9e au II. est \u00e9galement accord\u00e9e, dans la limite de leurs attributions \nrespectives, \u00e0 : \n\u2022 Mme Annabelle DANOUMBE, cheffe du bureau des ressources humaines de la DiRIF  ;  \n\u2022 Mme Sandrine FLORENTINY, adjointe \u00e0 la cheffe du bureau des ressources humaines de la DiRIF ; \n\u2022 Mme Warda BOURICHE, cheffe du bureau formation, concours et recrutements de la DiRIF  ; \n\u2022 M. Patrick VALERE, chef du bureau logistique immobilier et informatique de la DiRIF  ; \n\u2022 M. Christophe LOUISET, adjoint au chef du bureau logistique immobilier et informatique de la DiRIF ; \n\u2022 M. Salman BENKHEIRA, chef du bureau des affaires juridiques du secr\u00e9tariat g\u00e9n\u00e9ral d\u00e9l\u00e9gu\u00e9 \u00e0 la DiRIF. \n \nIII. \u2013 Pour la mission de la politique et des moyens de l'exploitation, subd\u00e9l\u00e9gation de signature est \naccord\u00e9e, dans la limite de leurs attributions respectives, \u00e0 : \n \n\u2022 Monsieur Jean-Fran\u00e7ois TARISTAS, chef de la mission de la politique et des moyens de l'exploitation ; \n\u2022 Monsieur Jean -Fran\u00e7ois BERNAUER -BUSSIER, a djoint au chef de la mission de la politique et des \nmoyens de l'exploitation. \n \nIV. - Pour le service de la modernisation du r\u00e9seau, subd\u00e9l\u00e9gation de signature est \u00e9galement accord\u00e9e, \ndans la limite de leurs attributions respectives, \u00e0 : \n \n\u2022 Mme Emmanuelle PAGES, adjointe au chef du service de la modernisation du r\u00e9seau  ; \n\u2022 M. Guillaume BENNET, chef du d\u00e9partement de la modernisation du r\u00e9seau Sud -Ouest ; \n\u2022 M. R\u00e9gis BOST, adjoint au chef du d\u00e9partement de la modernisation du r\u00e9seau Sud-Ouest ; \n\u2022 M. \u00c9ric VILBE, chef du d\u00e9partement de la modernisation du r\u00e9seau Est ; \nDirection r\u00e9gionale et interd\u00e9partementale de l'environnement, de l'am\u00e9nagement et des transports d'\u00cele-de-France -\nIDF-2026-05-13-00006 - D\u00e9cision du 13 mai 2026 portant subd\u00e9l\u00e9gation de signature en mati\u00e8re administrative pour le compte du\npr\u00e9fet de la r\u00e9gion d'\u00cele-de-France\n6\n \n  4 \n\u2022 Mme Florence DERUMIGNY, adjointe au chef du d\u00e9partement de la modernisation du r\u00e9seau Est ; \n\u2022 M. Antoine CHEVALIER, chef du d\u00e9partement de la modernisation du r\u00e9seau Nord  ; \n\u2022 Mme Aur\u00e9lie CEUX, adjointe au chef du d\u00e9partement de la modernisation du r\u00e9seau Nord ; \n\u2022 M. Christophe DESNOUAILLES, chef du d\u00e9partement des \u00e9tudes g\u00e9n\u00e9rales et des voies r\u00e9serv\u00e9es  ; \n\u2022 Mme Micheline LEHOUX, cheffe du bureau des affaires fonci\u00e8res ; \n\u2022 Monsieur Andr\u00e9 BOYER, chef du bureau programmation, gestion et ordonnancement. \n \nV. - Pour le service du trafic et des tunnels, subd\u00e9l\u00e9gation de signature est accord\u00e9e, dans la limite de \nleurs attributions respectives, \u00e0 : \n \n\u2022 M. Jonathan COL\u00c9, adjoint au chef du service du trafic et des tunnels ; \n\u2022 M. Cl\u00e9ment MORIN, chef du d\u00e9partement de la ma\u00eetrise d'ouvrage et de la s\u00e9curit\u00e9 des tunnels  ; \n\u2022 M. Wahbi YAKOUBI, adjoint au chef du d\u00e9partement de la ma\u00eetrise d'ouvrage et de la s\u00e9curit\u00e9 des \ntunnels ; \n\u2022 Mme S\u00e9verine CARPENTIER, cheffe du d\u00e9partement de l'exploitation du trafic et des tunnels ; \n\u2022 M. Olivier NALIN, adjoint au chef du d\u00e9partement de l'exploitation du trafic et des tunnels  ; \n\u2022 M. Quentin LABRUE, adjoint au chef du d\u00e9partement de l'exploitation du trafic et des tunnels  ; \n\u2022 M. Alexandre ROSSI, chef de l'unit\u00e9 observatoire et ing\u00e9nierie du trafic ; \n\u2022 M. Marc RIVIERE, adjoint au chef de l'unit\u00e9 observatoire et ing\u00e9nierie du trafic ; \n\u2022 M. Nicolas BERNARD, chef de l'unit\u00e9 coordination du trafic et information routi\u00e8re  ; \n\u2022 M. Marc KOENIG, chef du centre coordination trafic ; \n\u2022 M. David THOMACHOT, chef du p\u00f4le gestion de crises routi\u00e8res et chantiers  ; \n\u2022 M. Arnaud IFFLY, chef de l'unit\u00e9 politique de maintenance et modernisation  ;  \n\u2022 M. Foued ABDELKAOUI, adjoint au chef de l'unit\u00e9 politique de maintenance et de mode rnisation ; \n\u2022 M. Antoine PERRAIS, chef de l'unit\u00e9 informatique et r\u00e9seaux centraux ;  \n\u2022 M. David QUINTANS, adjoint au chef de l'unit\u00e9 informatique et r\u00e9seaux centraux ;  \n\u2022 M. Hassan BELKACEM, chef du poste de contr\u00f4le trafic et tunnels (PCTT) Nord ;  \n\u2022 M. Philippe THULLIER, adjoint au chef du PCTT Nord charg\u00e9 de l'exploitation ; \n\u2022 Mme Aude COVIN, cheffe du poste de contr\u00f4le trafic et tunnels Ouest ; \n\u2022 M. Jean-Bernard GAUQUELIN, adjoint \u00e0 la cheffe du PCTT Ouest, charg\u00e9 de l'exploitation  ; \n\u2022 M. C\u00e9dric LALLEMANT, adjoint \u00e0 la cheffe du PCTT Ouest, charg\u00e9 de la maintenance  ;  \n\u2022 M. Fr\u00e9d\u00e9ric MILICEVIC, charg\u00e9 de p\u00f4le de maintenance de Nanterre ; \n\u2022 Mme Samantha MIOTTI, charg\u00e9 de p\u00f4le de maintenance de Boulogne ; \n\u2022 Mme Morgane ALATORRE, cheffe du poste de contr\u00f4le trafic et tunnels Sud ; \n\u2022 M. Robert TOUATI, adjoint \u00e0 la cheffe du PCTT Sud, en charge de l'exploitation  ; \n\u2022 M. Julien PROUST, adjoint \u00e0 la cheffe du PCTT Sud, en charge de la maintenance  ; \n\u2022 M. J\u00e9r\u00f4me RODRIGUEZ, chef du poste de contr\u00f4le trafic et tunnels Est ;  \n\u2022 M. Laurent MOUSSEUX, adjoint au chef du PCTT Est, en charge de l'exploitation  ; \n\u2022 M. Jean-Pierre SULLY, adjoint au chef du PCTT Est, en charge de la maintenance  ; \n\u2022 Mme Marjorie HELION, cheffe de la mission gestion de la s\u00e9curit\u00e9 des tunnels.  \n \nVI. - Pour le service de la gestion patrimoniale du r\u00e9seau, subd\u00e9l\u00e9gation de signature est accord\u00e9e, dans \nla limite de leurs attributions respectives, \u00e0 : \n \n\u2022 M. Claude STREITH, adjoint au chef du service de la gestion patrimoniale du r\u00e9seau  ; \n\u2022 M. Guillaume DAMIEN, chef du d\u00e9partement ouvrages d'art ; \n\u2022 M. Victor MARTINET, adjoint au chef du d\u00e9partement ouvrages d'art  ; \n\u2022 M. Fernando DIAS, chef de l'unit\u00e9 expertise ouvrages d'art ; \n\u2022 Mme Marie BUSSAC, cheffe de l'unit\u00e9 ma\u00eetrise d'ouvrage ; \n\u2022 M. St\u00e9phane BIANCOTTO, adjoint au chef de l'unit\u00e9 gestion centralis\u00e9e des ouvrages d'art   \n\u2022 M. Lionel BARASCUD, chef du P\u00f4le Sud-Ouest de l'unit\u00e9 gestion centralis\u00e9e des ouvrages d'art \n\u2022 Mme Lily BOUSSEAU, cheffe du P\u00f4le Nord-Est de l'unit\u00e9 gestion centralis\u00e9e des ouvrages d'art ; \nDirection r\u00e9gionale et interd\u00e9partementale de l'environnement, de l'am\u00e9nagement et des transports d'\u00cele-de-France -\nIDF-2026-05-13-00006 - D\u00e9cision du 13 mai 2026 portant subd\u00e9l\u00e9gation de signature en mati\u00e8re administrative pour le compte du\npr\u00e9fet de la r\u00e9gion d'\u00cele-de-France\n7\n \n  5 \n\u2022 M. Sylvain G\u00c9RARD, chef du d\u00e9partement des politiques et des techniques routi\u00e8res  ; \n\u2022 Mme Dalila AIT ALI, adjointe au chef du d\u00e9partement des politiques et des techniques routi\u00e8res  ;  \n\u2022 M. Lucas MICHARD, chef de l'unit\u00e9 \u00e9quipement de la route ; \n\u2022 M. Alex LAM, chef de l'unit\u00e9 Eau Environnement ; \n\u2022 M. Patrick VINCENT, adjoint au chef de l'unit\u00e9 Eau Environnement ; \n\u2022 M. Youva SAADI, chef de l'unit\u00e9 Chauss\u00e9e Terrassement ; \n\u2022 Mme \u00c9lise CAMPAIGNOLLE, cheffe de la mission transition \u00e9cologique  ;  \n\u2022 Mme Mich\u00e8le MARLIERE, cheffe du d\u00e9partement des achats, du budget et de la connaissance  ;  \n\u2022 Mme Laura SAPATEIRO, cheffe de la mission s\u00e9curit\u00e9 routi\u00e8re ; \n\u2022 M. Valentin PRATESI, chef de l'unit\u00e9 connaissance ; \n\u2022 Mme Vanessa FERREZ, cheffe de l'unit\u00e9 gestion financi\u00e8re des march\u00e9s ; \n\u2022 M. Xavier POTIER, chef de l'unit\u00e9 fonction achat et budget ; \n\u2022 Mme Sophie MOZER, adjointe au chef de l'unit\u00e9 fonction achat et budget.  \n \nVII. - Pour l'arrondissement de gestion et d'exploitation Nord, subd\u00e9l\u00e9gation est accord\u00e9e, dans la limite \nde leurs attributions respectives, \u00e0 : \n \n\u2022 M. Louis ESCUDERO, adjoint au chef de l'arrondissement de gestion et d'exploitation Nord  ; \n\u2022 M. Juan-Manuel MARTIN, chef du bureau de gestion administrative et de la route  ; \n\u2022 Mme Nadine AZOULAY, cheffe contentieux et administratif ; \n\u2022 M. Jean-Willem LALLEMAND, chef de l'unit\u00e9 d'exploitation de la route de Saint -Denis ; \n\u2022 M. Maurice LABYLLE, adjoint au chef de l'unit\u00e9 d'exploitation de la route de Saint-Denis ; \n\u2022 M. Mathieu ROYER, chef de l'unit\u00e9 d'exploitation de la route d'\u00c9ragny -sur-Oise ;  \n\u2022 Mme Nathalie POTAILLON, adjointe au chef de l'unit\u00e9 d'exploitation de la route d'\u00c9ragny -sur-Oise. \n \nVIII. - Pour l'arrondissement de gestion et d'exploitation Est, subd\u00e9l\u00e9gation de signature est accord\u00e9e, \ndans la limite de leurs attributions respectives, \u00e0 : \n \n\u2022 M. Anthony MITRANO, adjoint au chef de l'arrondissement de gestion et d'exploitation Est  ; \n\u2022 M. Claude GRUMELART, chef du bureau de gestion administrative et de la route ; \n\u2022 Mme Val\u00e9rie DITTE, cheffe de l'unit\u00e9 d'exploitation de la route de Brie -Comte-Robert ; \n\u2022 M. Patrice DEGLA, adjoint \u00e0 la cheffe de l'unit\u00e9 d'exploitation de la route de Brie -Comte-Robert ; \n\u2022 M. Ludovic CADET, chef de l'unit\u00e9 d'exploitation de la route de Champigny  ;  \n\u2022 M. Florent GRANDJEAN, adjoint au chef de l'unit\u00e9 d'exploitation de la route de Champigny  ; \n \nIX. - Pour l'arrondissement de gestion et d'exploitation Sud, subd\u00e9l\u00e9gation est accord\u00e9e, dans la lim ite \nde leurs attributions respectives, \u00e0 : \n \n\u2022 M. Moustapha SAVANE, adjoint au chef de l'arrondissement de gestion et d'exploitation Sud  ; \n\u2022 Mme Lucienne LIBER, adjointe au chef de l'unit\u00e9 d'exploitation de la route de Chevilly -Larue ; \n\u2022 M. Fr\u00e9d\u00e9ric BERTRAND, chef de l'unit\u00e9 d'exploitation de la route d'Orsay-Villab\u00e9 ; \n\u2022 M. Denis PRUDHOMME, adjoint au chef de l'unit\u00e9 d'exploitation de la route d'Orsay -Villab\u00e9. \n \nX. - Pour l'arrondissement de gestion et d'exploitation Ouest, subd\u00e9l\u00e9gation de signature est accord\u00e9e, \ndans la limite de leurs attributions respectives, \u00e0 : \n \n\u2022 M. Damien BRADELLE, adjoint au chef de l'arrondissement de gestion et d'exploitation Ouest ;  \n\u2022 Mme Audrey MERCHEZ ; cheffe du bureau de gestion administrative et de la route ;  \n\u2022 M. Jonathan PROD'HOMME, adjoint au chef de l'unit\u00e9 d'exploitation de la route de Jouy -en-Josas ; \n\u2022 Mme M\u00e9lanie LIMIER, responsable de l'UER de Nanterre-Boulogne. \n \nDirection r\u00e9gionale et interd\u00e9partementale de l'environnement, de l'am\u00e9nagement et des transports d'\u00cele-de-France -\nIDF-2026-05-13-00006 - D\u00e9cision du 13 mai 2026 portant subd\u00e9l\u00e9gation de signature en mati\u00e8re administrative pour le compte du\npr\u00e9fet de la r\u00e9gion d'\u00cele-de-France\n8\n \n  6 \nArticle 4 \n \nI. - Pour le secr\u00e9tariat g\u00e9n\u00e9ral (SG), subd\u00e9l\u00e9gation de signature est accord\u00e9e, dans la limite de leurs \nattributions respectives, \u00e0 M. Ivan ROCHARD, secr\u00e9taire g\u00e9n\u00e9ral et son adjointe, Mme Justine SONG.  \n \nII. - La subd\u00e9l\u00e9gation mentionn\u00e9e au I. est \u00e9galement ac cord\u00e9e, dans la limite de leurs attributions \nrespectives, \u00e0 : \n\u2022 Mme Annie LACROIX, cheffe du d\u00e9partement des ressources humaines et des comp\u00e9tences (DRHC) ;  \n\u2022 M. Jean-Antoine DELMAS, adjoint \u00e0 la cheffe du DRHC ; \n\u2022 Mme V\u00e9ronique CHAPELLIER, cheffe de l'unit\u00e9 fo rmation, handicap accompagnement et \ncomp\u00e9tences ; \n\u2022 Mme Pauline SAENZ, cheffe de l'unit\u00e9 du temps de travail, des effectifs, du recrutement et de la \nmobilit\u00e9 (UTERM) ; \n\u2022 Mme Laurence GUIRAMAND, adjointe \u00e0 la cheffe de l'UTERM ; \n\u2022 M. Valentin RAULT, chef du d\u00e9partement des affaires financi\u00e8res ; \n\u2022 M. R\u00e9gis SLAGMULDER, adjoint au chef du d\u00e9partement des affaires financi\u00e8res  ; \n\u2022 M. Vincent ROUVEYROL, chef du d\u00e9partement de la commande publique et de la politique d'achat ; \n\u2022 M. Jean AUTERNAUD, chef du d\u00e9partement de la logistique et de la gestion immobili\u00e8re (DLGI)  ;  \n\u2022 M. Yanis KHERBOUCHE, adjoint au chef du DLGI ;  \n\u2022 Mme Catherine KHELAF, cheffe de l'unit\u00e9 immobili\u00e8re ; \n\u2022 M. Joseph WALHA, chef de l'unit\u00e9 territoriale des Hauts-de-Seine et de la Seine-Saint-Denis ; \n\u2022 Mme Nadjette BENAOUDA-GARCIA, cheffe de l'unit\u00e9 territoriale du Val-de-Marne ;  \n\u2022 M. Fran\u00e7ois MALARE adjoint \u00e0 la cheffe de l'unit\u00e9 territoriale du Val-de-Marne. \n \nArticle 5 \n \nI. - Pour le service accompagnement et pilotage (SAP), subd\u00e9l\u00e9gation de signature est accord\u00e9e, dans la \nlimite de leurs attributions respectives, \u00e0 M. Jean-Yves D\u00c9MARETZ, chef du service et son adjointe, Mme \nKatell ELLEOUET-BRETON. \n \nII. - Subd\u00e9l\u00e9gation de signature est \u00e9galement accord\u00e9e, dans la limite de leurs attributions respectives, \n\u00e0 : \n\u2022 Mme Sonia EL FIL, cheffe du d\u00e9partement de l'accompagnement et de la qualit\u00e9 de vie au travail  ; \n\u2022 M. Jean -Baptiste PUIGGALI, chef du d\u00e9partement des affaires juridiques, de l'archivage et de la \ndocumentation, dans la l imite de ses attributions, pour signer notamment tout acte ou pi\u00e8ces \nn\u00e9cessaires \u00e0 la d\u00e9fense des activit\u00e9s des services devant les juridictions administratives et judiciaires \net pour pr\u00e9senter des observations orales devant les juridictions ; \n\u2022 M. Jonas COSTAGLIOLA, chef de l'unit\u00e9 des affaires juridiques, dans la limite de ses attributions, pour \nsigner notamment tout acte ou pi\u00e8ces n\u00e9cessaires \u00e0 la d\u00e9fense des activit\u00e9s des services devant les \njuridictions administratives et judiciaires et pour pr\u00e9senter de s observations orales devant les \njuridictions ; \n\u2022 Mme Julie MANINI, cheffe du d\u00e9partement du pilotage des ressources humaines, des effectifs et du \nbudget (DPRHEB) ;  \n\u2022 Mme Aude MORRIS, adjointe \u00e0 la cheffe du DPRHEB ; \n\u2022 Mme Patricia AKPWA-MEDOU, charg\u00e9e d'\u00e9tudes budg\u00e9taires et financi\u00e8res ; \n\u2022 Mme Sandie CHAMBARET, cheffe du d\u00e9partement de la qualit\u00e9 et de l'innovation . \n \nArticle 6 \n \nI. - Pour le service de la connaissance et du d\u00e9veloppement durable (SCDD), subd\u00e9l\u00e9gation de signature \nest accord\u00e9e, \u00e0 Mme Dominique BERTHON, cheffe du service, et ses adjoints, M. J\u00e9r\u00f4me AYACHE et M. \nGuillaume CRIEF, dans la limite de leurs attributions respectives et \u00e0 l'effet de signer, au titre de l'autorit\u00e9 \nDirection r\u00e9gionale et interd\u00e9partementale de l'environnement, de l'am\u00e9nagement et des transports d'\u00cele-de-France -\nIDF-2026-05-13-00006 - D\u00e9cision du 13 mai 2026 portant subd\u00e9l\u00e9gation de signature en mati\u00e8re administrative pour le compte du\npr\u00e9fet de la r\u00e9gion d'\u00cele-de-France\n9\n \n  7 \ncharg\u00e9e de l'examen au cas par cas mentionn\u00e9e au premier alin\u00e9a du IV de l'article L.  122-1 du code de \nl'environnement pour les projets (articles L.  122-1, L. 122-2, L. 512-7-2 et R.  122-2, R. 122-3, R. 122-3-1 du \ncode l'environnement) : \n \n\u27a2 Les r\u00e9c\u00e9piss\u00e9s de d\u00e9p\u00f4t, les courriers de demande de compl\u00e9ments, d'accus\u00e9 de r\u00e9ception, de \ndemande de contribution aux services experts ; \n\u27a2 Les d\u00e9cisions portant obligation ou non, de r\u00e9aliser une \u00e9valuation environnementale  ; \n\u27a2 Les r\u00e9ponses aux recours admin istratifs pr\u00e9alables rendus dans le cadre de la proc\u00e9dure d'examen \n\u00ab au cas par cas \u00bb conform\u00e9ment aux dispositions de l'article R. 122-3 du code de l'environnement. \n \nII. - La subd\u00e9l\u00e9gation mentionn\u00e9e au I. est \u00e9galement accord\u00e9e, dans la limite de leurs a ttributions \nrespectives, \u00e0 : \n \n\u2022 Mme Anne-Laure VERNEIL, cheffe du d\u00e9partement de l'\u00e9valuation environnementale et ses adjoints, \nM. Tristan AVRY et M. Benjamin HOBBS ; \n\u2022 Mme Agn\u00e8s COURET, cheffe de l'unit\u00e9 d\u00e9partementale de Seine et Marne  et ses adjoints, Mme \nCl\u00e9mence JAHANGIR et M. David LEROUGE ; \n\u2022 Mme Delphine DUBOIS, cheffe de l'unit\u00e9 d\u00e9partementale des Yvelines et son adjointe, Mme Marielle \nMUGUERRA ; \n\u2022 M. Patrick POIRET, chef de l'unit\u00e9 d\u00e9partementale de l'Essonne et son adjointe, Mme Sophie PIERRET ; \n\u2022 M. Mathieu FERNANDEZ, r\u00e9f\u00e9rent d\u00e9partemental risques accidentels  ; \n\u2022 M. Alain TUFFERY, directeur r\u00e9gional et interd\u00e9partemental adjoint de l'environnement, de \nl'am\u00e9nagement et des transports de la r\u00e9gion \u00cele -de-France, directeur de l'unit\u00e9 d\u00e9partementale des \nHauts-de-Seine et ses adjoints, M. Fabrice MORONVAL et Mme Sybille MULLER ; \n\u2022 M. Renaud MOREL, directeur r\u00e9gional et interd\u00e9partemental adjoint  de l'environnement, de \nl'am\u00e9nagement et des transports de la r\u00e9gion \u00cele -de-France, directeur de l'unit\u00e9 d\u00e9partementa le de \nla Seine-Saint-Denis et ses adjointes, Mme Ghislaine BORDES et Mme Sylvie CHATY ; \n\u2022 Mme Julie TISSOT, directrice r\u00e9gionale et interd\u00e9partementale adjointe de l'environnement, de \nl'am\u00e9nagement et des transports d'\u00cele -de-France, directrice de l'unit\u00e9 d\u00e9p artementale du Val -de-\nMarne et ses adjointes, Mme Sarah BERNHARD et Mme Fiona TCHANAKIAN ; \n\u2022 M. Alexis RAFA, chef de l'unit\u00e9 d\u00e9partementale du Val d'Oise et son adjoint, M. Thomas BLATON. \n \nArticle 7 \n \nPour le service de la politique des transports (SPOT), sub d\u00e9l\u00e9gation de signature est accord\u00e9e, dans la \nlimite de leurs attributions respectives, \u00e0 M. Christophe DENIAU, chef du service et ses adjoints, M. Denis \nLAISNEY, chef du d\u00e9partement des transports urbains et M. Eliott VARON, chef du d\u00e9partement des \nmobilit\u00e9s et de la logistique. \n \nArticle 8 \n \nI. - Pour le service de la s\u00e9curit\u00e9 des transports et des v\u00e9hicules (SSTV), subd\u00e9l\u00e9gation de signature est \naccord\u00e9e, dans la limite de leurs attributions respectives, \u00e0 M. Paul WEICK, directeur r\u00e9gional et \ninterd\u00e9partemental adjoint charg\u00e9 de la s\u00e9curit\u00e9 des transports et des missions de d\u00e9fense et de s\u00e9curit\u00e9, \nchef du service et son adjointe Mme Odile S\u00c9GUIN. \n \nII. - La subd\u00e9l\u00e9gation de signature mentionn\u00e9e au I. est \u00e9galement accord\u00e9e, dans la limite de leurs \nattributions respectives, \u00e0 : \n \n\u2022 Mme Marion ESCARGUEIL-RAYNAUD, cheffe du d\u00e9partement de la s\u00e9curit\u00e9 des transports fluviaux  ; \n\u2022 Mme Justine GODARD, adjointe \u00e0 la cheffe du d\u00e9partement de la s\u00e9curit\u00e9 des transports fluviaux  ; \n\u2022 M. Cyril CIRETTE, chef de l'unit\u00e9 s\u00e9curit\u00e9 des bateaux ; \nDirection r\u00e9gionale et interd\u00e9partementale de l'environnement, de l'am\u00e9nagement et des transports d'\u00cele-de-France -\nIDF-2026-05-13-00006 - D\u00e9cision du 13 mai 2026 portant subd\u00e9l\u00e9gation de signature en mati\u00e8re administrative pour le compte du\npr\u00e9fet de la r\u00e9gion d'\u00cele-de-France\n10\n \n  8 \n\u2022 M. Julien BEDOS, adjoint au chef de l'unit\u00e9 s\u00e9curit\u00e9 des bateaux ; \n\u2022 M. Adrien BLASQUEZ, chef de l'unit\u00e9 documents de bord et police de la navigation  ; \n\u2022 Mme Evangelia DELCHANIDIS,  adjointe au chef de l'unit\u00e9 documents de bord et police de la \nnavigation ; \n\u2022 M. Dominique GOURGES, chef de l'unit\u00e9 des permis plaisance ; \n\u2022 M. Ren\u00e9 ALBERTI, chef du d\u00e9partement de la s\u00e9curit\u00e9, de l'\u00e9ducation et de la circulation routi\u00e8res,  \n\u2022 Mme St\u00e9phanie COMBARET, adjointe au chef du d\u00e9partement de la s\u00e9curit\u00e9, de l'\u00e9ducation et de la \ncirculation routi\u00e8res ; \n\u2022 M. Jean-Fran\u00e7ois FRATINI, chef de l'unit\u00e9 s\u00e9curit\u00e9 et \u00e9ducation routi\u00e8res ; \n\u2022 M. Guillaume THUAULT, chef de l'unit\u00e9 circulation routi\u00e8re ;  \n\u2022 Mme F\u00e9lie LESUR, adjointe au chef de l'unit\u00e9 circulation routi\u00e8re ; \n\u2022 M. Ronan MEAR, chef du d\u00e9partement de la r\u00e9gulation des transports routiers  ;  \n\u2022 Mme Isabelle MONMOUSSEAU, adjointe au chef du d\u00e9partement de la r\u00e9gulation des transports \nroutiers ;  \n\u2022 Mme Sadia KHELIFI, cheffe de la division gestion ; \n\u2022 Mme Laurence MURZEAU, cheffe de l'unit\u00e9 gestion des titres ;  \n\u2022 Mme Gina DUVALLON, charg\u00e9e de mission appui \u00e0 la gestion ; \n\u2022 M. Christophe DEPRUGNEY, chef de l'unit\u00e9 du registre des voitures de transport avec chauffeur  ; \n\u2022 Mme Fran\u00e7oise GARNIER, adjointe au chef de l'unit\u00e9 du registre des v oitures de transport avec \nchauffeur ; \n\u2022 M. Hugues NOLLET, chef de la division contr\u00f4le ; \n\u2022 M. Yves SCHOEFFNER, chef du d\u00e9partement de l'homologation et de la surveillance des v\u00e9hicules.  \n \nArticle 9 \n \nPour le service de la pr\u00e9vention des risques (SPR), subd\u00e9l\u00e9gation de signature est accord\u00e9e, dans la limite \nde leurs attributions respectives, \u00e0 :  \n\u2022 Mme Guillemette de KERDREL, cheffe du service ; \n\u2022 M. Baptiste POTERSZMAN, adjoint de la cheffe du service, chef du d\u00e9partement des risques \nchroniques ; \n\u2022 Mme Ir\u00e8ne ALFONSI, adjointe au chef du d\u00e9partement des risques chroniques ; \n\u2022 Mme \u00c9lisabeth BLATON, cheffe du d\u00e9partement des risques accidentels ;  \n\u2022 Mme Audrey PINGARD, adjointe \u00e0 la cheffe du d\u00e9partement des risques accidentels ;  \n\u2022 M. Baptiste LORENZI, chef du d\u00e9partement des risques naturels et ses adjointes,  \n\u2022 Mme Laurence BALMES, adjointe au chef du d\u00e9partement des risques naturels ;  \n\u2022 Mme Sophie SAUVAGNAT adjointe au chef du d\u00e9partement des risques naturels ; \n\u2022 Mme Manon VIGNES, cheffe du d\u00e9partement de l'hydrologie et de la pr\u00e9vision des crues  ; \n\u2022 Mme Carine CHALEON adjointe cheffe du d\u00e9partement de l'hydrologie et de la pr\u00e9vision des crues.  \n \nArticle 10 \n \nI. - Pour le service de l'am\u00e9nagement durable (SAD), s ubd\u00e9l\u00e9gation de signature est accord\u00e9e, dans la \nlimite de ses attributions, \u00e0 Mme Muriel BENSAID, cheffe du service et son adjointe, Mme Catherine \nLANGLET. \n \nII. - Subd\u00e9l\u00e9gation de signature est \u00e9galement accord\u00e9e, pour ce qui concerne les non -soumissions et \ndispenses d'agr\u00e9ment des locaux d'activit\u00e9s, \u00e0 :  \n\u2022 M. Vincent BRUGER, chef de la mission immobilier d'entreprise ;  \n\u2022 Mme \u00c9milie TOUCHARD, adjointe au chef de la mission immobilier d'entreprise.  \n \n  \nDirection r\u00e9gionale et interd\u00e9partementale de l'environnement, de l'am\u00e9nagement et des transports d'\u00cele-de-France -\nIDF-2026-05-13-00006 - D\u00e9cision du 13 mai 2026 portant subd\u00e9l\u00e9gation de signature en mati\u00e8re administrative pour le compte du\npr\u00e9fet de la r\u00e9gion d'\u00cele-de-France\n11\ny'au1\u00b0\" juin 2026;\n \n  9 \nArticle 11 \n \nI. - Pour le service des politiques et de la police de l'eau (SPPE), subd\u00e9l\u00e9gation de signature est accord\u00e9e, \ndans la limite de leurs attributions respectives, \u00e0 M. Thomas BOUYER, chef du service et ses adjointes, \nMme Caroline LAVALLART et Mme \u00c9milie BONNET -DERIVIERE, pour signer et accomplir les actes \nsuivants, en qualit\u00e9 de d\u00e9l\u00e9gu\u00e9 du bassin Seine-Normandie : \n \n\u27a2 Saisir et convoquer au nom du pr\u00e9fet de la r\u00e9gion d'\u00cele -de-France, pr\u00e9fet coordonnateur du bassin \nSeine-Normandie, le comit\u00e9 de gestion des poissons migrateurs du bassin Seine-Normandie ; \n\u27a2 Signer, au nom du pr\u00e9fet de la r\u00e9gion d'\u00cele -de-France, pr\u00e9fet coordonnateur du bassin Seine -\nNormandie, tous les arr\u00eat\u00e9s et d\u00e9cisions concernant le plan de gestion des poissons migrateurs du \nbassin Seine-Normandie et la fixation des limitations de p\u00eache selon les modalit\u00e9s fix\u00e9es par ledit \nplan de gestion ; \n\u27a2 Saisir le comit\u00e9 de bassin Seine -Normandie pour avis sur les projets de p\u00e9rim\u00e8tres de sch\u00e9mas \nd'am\u00e9nagement et de gestion des eaux, les projets de sch\u00e9mas d 'am\u00e9nagement et de gestion des \neaux et les projets de d\u00e9limitation de zones vuln\u00e9rables \u00e0 la pollution par les nitrates  ; \n\u27a2 Repr\u00e9senter, en application de l'article R.  212-30 du code de l 'environnement, le pr \u00e9fet \ncoordonnateur du bassin Seine Normandie dans les Commissions locales de l'eau des SAGE du bassin ; \n\u27a2 Saisir, en application de l'article R. 566-11 du code de l'environnement, le comit\u00e9 de bassin pour avis \nsur les documents relatifs \u00e0 la mise en \u0153uvre de la Directive Inondation ; \n\u27a2 Signer au nom du pr\u00e9fet de la r\u00e9gion \u00cele-de-France, pr\u00e9fet coordinateur du bassin Seine -Normandie, \ntoutes les d\u00e9cisions d'habilitation des organismes pour la r\u00e9alisation des diagnostics sur site de \ndispositifs m\u00e9trologiques utilis\u00e9s pour le calcul des redevances pour pr\u00e9l\u00e8vement  sur la ressource en \neau et pour pollution non domestique de l'eau per\u00e7ues par les agences de l'eau.  \n \nII. - Subd\u00e9l\u00e9gation de signature est accord\u00e9e, dans la limite de leurs attributions respectives, \u00e0  : \n \n\u2022 M. Thomas BOUYER, chef du service des politiques et de la police de l'eau et ses adjointes, Mme \u00c9milie \nBONNET-DERIVIERE et Mme Caroline LAVALLART, cheffe de la mission \u00ab  strat\u00e9gie eau et \nplanification \u00bb ; \n\u2022 Mme Evelyne GODEHEU, cheffe du d\u00e9partement de l'instruction \u00ab Loi sur l'eau \u00bb ; \n\u2022 Mme Gabri\u00e8le BENDAYAN, adjointe \u00e0 la cheffe du d\u00e9partement de l'instruction \u00ab Loi sur l'eau \u00bb ; \n\u2022 Mme \u00c9lise DELGOULET, cheffe du d\u00e9partement \n \n\u2022 M. Maxime HAVIER, chef de l'unit\u00e9 Oise-Seine-Aval ; \n\u2022 Mme Clara-Li\u00ean TRUONG, adjointe au chef de l'unit\u00e9 Oise-Seine-Aval ; \n\u2022 M. T\u00e9o MORNAS, chef de l'unit\u00e9 Marne-Seine-Amont. \n \nPour signer, au titre de la mission interd\u00e9partementale inter -services de l'eau et de la nature, tous les \nactes ou d\u00e9cisions li\u00e9s au fonctio nnement et \u00e0 la mise en \u0153uvre des actions de la mission \ninterd\u00e9partementale inter-services de l'eau et de la nature de Paris et de la proche couronne.  \n \nArticle 12 \n \nI. - Pour le service de la nature et du paysage (SNP),  subd\u00e9l\u00e9gation de signature est accord\u00e9e, dans la \nlimite de leurs attributions, \u00e0 Mme Lucile RAMBAUD, cheffe du service et son adjoint, M. St\u00e9phane LUCET, \n\u00e0 l'effet de signer les accords pr\u00e9alables \u00e0 la d\u00e9livrance d'une autorisation d'installation d'une ens eigne \nsur un monument naturel, dans un site class\u00e9, un c\u0153ur de parc national, une r\u00e9serve naturelle ou sur un \narbre. \n \nII. - La subd\u00e9l\u00e9gation mentionn\u00e9e au I. est \u00e9galement accord\u00e9e, dans la limite de leurs attributions \nrespectives, \u00e0 :  \nDirection r\u00e9gionale et interd\u00e9partementale de l'environnement, de l'am\u00e9nagement et des transports d'\u00cele-de-France -\nIDF-2026-05-13-00006 - D\u00e9cision du 13 mai 2026 portant subd\u00e9l\u00e9gation de signature en mati\u00e8re administrative pour le compte du\npr\u00e9fet de la r\u00e9gion d'\u00cele-de-France\n12\nt de l'\u00e9nergie\n \n  10 \n \n\u2022 Mme Florence MOTTES, cheffe du d\u00e9partement des sites et paysages ; \n\u2022 Mme Paola VITA, adjointe \u00e0 la cheffe du d\u00e9partement des sites et paysages ; \n\u2022 M. Antoine LOMBARD, chef du d\u00e9partement des espaces naturels  ; \n\u2022 Mme Magali GIRARD, adjointe au chef du d\u00e9partement des espaces natur els. \n \nArticle 13 \n \nI. - Pour le service de l'\u00e9nergie et du b\u00e2timent (SEB), subd\u00e9l\u00e9gation de signature est accord\u00e9e, dans la \nlimite de ses attributions, \u00e0  Mme Aurore FARGETTE, cheffe du service et son adjointe, Mme  Alice \nMETAYER-MATHIEU. \n \nII. - Subd\u00e9l\u00e9gation de signature est \u00e9galement accord\u00e9e, dans la limite de leurs attributions respectives \n\u00e0 :  \n \n\u2022 Mme Louise ASSELIN, cheffe du \n  \n\u2022 Mme Julie LODEWYCKX, \n cheffe du \n  ; \n\u2022 Mme Florence BOUCHET, cheffe de l'unit\u00e9 des activit\u00e9s mini\u00e8res ; \n\u2022 Mme \u00c9lise CHAPPAZ, cheffe de l'unit\u00e9 \u00e9lectricit\u00e9 ; \n\u2022 Mme Nathalie BOUSQUET, cheffe du d\u00e9partement du b\u00e2timent ; \n\u2022 M. Xavier DE LACAZE, adjoint \u00e0 la cheffe du d\u00e9partement du b\u00e2timent ; \n\u2022 M. Patrick DUTEYRAT, chef de l'unit\u00e9 contr\u00f4le des r\u00e8gles de la construction  ; \n\u2022 Mme H\u00e9l\u00e8ne BONNET, cheffe du d\u00e9partement du patrimoine immobilier ;  \n\u2022 M. Louis ORTA, adjoint \u00e0 la cheffe du d\u00e9partement du patrimoine immobilier ; \n\u2022 M. Jean-Michel DUBOIS, chef de l'unit\u00e9 politique immobili\u00e8re. \n \nArticle 14 \n \nI. - Pour le service du num\u00e9rique, subd\u00e9l\u00e9gation de signature est accord\u00e9e, dans la limite de ses \nattributions, \u00e0 Mme Nathalie TINGRY, cheffe du service et son adjoint M. Ga\u00ebl BINTEIN, pour signer les \nactes relatifs \u00e0 la logistique et aux moyens g\u00e9n\u00e9raux relevant de son service.  \n \nII. La subd\u00e9l\u00e9gation mentionn\u00e9e au I. est \u00e9galement accord\u00e9e, dans la limite de leurs attributions \nrespectives, \u00e0 : \n\u2022 Mme Emmanuelle AIRAUD, cheffe du d\u00e9partement de l'environnement num\u00e9rique du travail ; \n\u2022 M. Jean-Marc VADO, chef du d\u00e9partement des infrastructures, des syst\u00e8mes d'information et de la \ns\u00e9curit\u00e9. \n \nArticle 15 \n \nI. - Pour l'unit\u00e9 d\u00e9partementale de Paris (UD 75), subd\u00e9l\u00e9gation de signature est accord\u00e9e \u00e0 M. Jean -\nPascal BIARD, directeur r\u00e9gional et interd\u00e9partemental adjoint, directeur de l'unit\u00e9 d\u00e9partementale de \nParis. \n \nII. - La subd\u00e9l\u00e9gation mentionn\u00e9e au I. est \u00e9gale ment accord\u00e9e, dans la limite de leurs attributions \nrespectives, \u00e0 : \n\u2022 M. Fran\u00e7ois BELBEZET, chef du service de l'am\u00e9nagement durable et de la connaissance des \nterritoires ; \n\u2022 Mme Christelle ALOT, adjointe \u00e0 la cheffe du service du patrimoine, du paysage et du droit des sols ; \n\u2022 Mme Natacha CARRIER -SCHRUMPF, cheffe du service de l'utilit\u00e9 publique et des \u00e9quilibres \nterritoriaux ; \n\u2022 M. Franck FUERTES adjoint \u00e0 la cheffe du service de l'utilit\u00e9 publique et des \u00e9quilibres territoriaux  ; \nDirection r\u00e9gionale et interd\u00e9partementale de l'environnement, de l'am\u00e9nagement et des transports d'\u00cele-de-France -\nIDF-2026-05-13-00006 - D\u00e9cision du 13 mai 2026 portant subd\u00e9l\u00e9gation de signature en mati\u00e8re administrative pour le compte du\npr\u00e9fet de la r\u00e9gion d'\u00cele-de-France\n13\n \n  11 \n\u2022 Mme Karine DUCREUX, cheffe de la mission d'appui au pilotage local. \n \nArticle 16 \n \nI. - Pour l'unit\u00e9 d\u00e9partementale des Hauts -de-Seine (UD 92), subd\u00e9l\u00e9gation de signature est accord\u00e9e \u00e0 \nM. Alain TUFFERY, directeur r \u00e9gional et interd \u00e9partemental adjoint de l'environnement, de \nl'am\u00e9nagement et des transports de la r \u00e9gion \u00cele -de-France, directeur de l'unit\u00e9 d\u00e9partementale des \nHauts-de-Seine et ses adjoints, Mme Sybille MULLER et M. Fabrice MORONVAL.  \n \nII. - La subd\u00e9l\u00e9gation mentionn\u00e9e au I. est \u00e9galement accord\u00e9e, dans la limite de leurs attri butions \nrespectives, \u00e0 : \n\u2022 Mme Claire ROSEV\u00c8GUE, cheffe du service des risques et des installations class\u00e9es  ; \n\u2022 M. Olivier PAS, adjoint \u00e0 la cheffe du service des risques et des installations class\u00e9es  ; \n\u2022 M. Rodolphe VAN VLAENDEREN, chef du service de l'urbanisme et de la construction durable ; \n\u2022 Mme Sophie TCHENG, adjointe au chef du service de l'urbanisme et de la construction durable  ; \n\u2022 Mme Louise DEVRIES, cheffe du service de la planification et de l'am\u00e9nagement des territoires  ; \n\u2022 Lola MAGAZ, adjointe \u00e0 la cheffe du service de la planification et de l'am\u00e9nagement des territoires  ; \n\u2022 M. Fr\u00e9d\u00e9ric SEIGLE, chef du p\u00f4le v\u00e9hicules infra-r\u00e9gional Ouest ;  \n\u2022 M. \u00c9tienne MERLIN, adjoint au chef du p\u00f4le v\u00e9hicules infra-r\u00e9gional Ouest ; \n\u2022 Mme Karine BOSTON, charg\u00e9e de la partie secr\u00e9tariat mutualis\u00e9 et ressources humaines du p\u00f4le \nd'appui au pilotage local. \n \nArticle 17 \n \nI. - Pour l'unit\u00e9 d\u00e9partementale de la Seine-Saint-Denis (UD 93), subd\u00e9l\u00e9gation de signature est accord\u00e9e \n\u00e0 M. Renaud MOREL, directeur r\u00e9gional et interd \u00e9partemental adjoint de l'environnement, de \nl'am\u00e9nagement et des transports d'\u00cele-de-France, directeur de l'unit\u00e9 d\u00e9partementale de la Seine-Saint-\nDenis et ses adjointes, Mme Ghislaine BORDES et Mme Sylvie CHATY.  \n \nII. - La subd\u00e9l\u00e9gation mentionn\u00e9e au I.  est \u00e9galement accord\u00e9e, dans la limite de leurs attributions \nrespectives, \u00e0 : \n\u2022 M. Alaoudine MAYOUFI, chef du service des risques et des installations class\u00e9es  ; \n\u2022 M. Mohamed SEGHROUCHNI, adjoint au chef du service des risques et des installations class\u00e9es  ; \n\u2022 Mme Isabelle SCAUSSE, cheffe du p\u00f4le v\u00e9hicules infra-r\u00e9gional Nord ; \n\u2022 M. Didier BEAURAIN, chef du service de l'\u00e9ducation et de la s\u00e9curit\u00e9 routi\u00e8re  ; \n\u2022 M. St\u00e9phane MUNCH, adjoint au chef du service de l'\u00e9ducation et de la s\u00e9curit\u00e9 routi\u00e8re  ; \n\u2022 Mme Florence MONFORT, cheffe du service de l'urbanisme et de la construction durable  ;  \n\u2022 Mme C\u00e9line BARON, adjointe \u00e0 la cheffe du service de l'urbanisme et de la construction durable  ; \n\u2022 Mme Mathilde HONORAT, cheffe du service de la planification et de l'am\u00e9nagement des territo ires ; \n\u2022 Mme Marie JUILLE adjointe \u00e0 la cheffe du service de la planification et de l'am\u00e9nagement des \nterritoires. \n \nArticle 18 \n \nI. - Pour l'unit\u00e9 d\u00e9partementale du Val -de-Marne (UD 94), subd\u00e9l\u00e9gation est accord\u00e9e, dans la limite de \nleurs attributions respectives \u00e0 Mme Julie TISSOT, directrice r\u00e9gionale et interd\u00e9partementale adjointe \nde l'environnement, de l'am\u00e9nagement et des transports d'\u00cele -de-France, directrice de l'unit\u00e9 \nd\u00e9partementale du Val-de-Marne et ses adjointes, Mme Sarah BERNHARD et Mme Fiona TCHANAKIAN. \n \nII. - La subd\u00e9l\u00e9gation mentionn\u00e9e au I. est \u00e9galement accord\u00e9e, dans la limite de leurs attributions \nrespectives, \u00e0 : \n \nDirection r\u00e9gionale et interd\u00e9partementale de l'environnement, de l'am\u00e9nagement et des transports d'\u00cele-de-France -\nIDF-2026-05-13-00006 - D\u00e9cision du 13 mai 2026 portant subd\u00e9l\u00e9gation de signature en mati\u00e8re administrative pour le compte du\npr\u00e9fet de la r\u00e9gion d'\u00cele-de-France\n14\n \n  12 \n\u2022 M. Didier CATTENOZ, chef du service de l'urbanisme et de la construction durable  ;  \n\u2022 Mme Marie PRESANI, adjointe au chef du service de l'urbanisme et de la construction durable  ; \n\u2022 Mme G\u00e9raldine SANAUR, cheffe du service de la planification et de l'am\u00e9nagement des territoires  ; \n\u2022 M. Olivier COMPAGNET, adjoint \u00e0 la cheffe du service de la planification et de l'am\u00e9nag ement des \nterritoires ; \n\u2022 Mme Flora DELHOMME,  adjointe \u00e0 la cheffe du service de la planification et de l'am\u00e9nagement des \nterritoires ; \n\u2022 M. Fran\u00e7ois BOLLENGIER, chef du service de l'\u00e9ducation et de la s\u00e9curit\u00e9 routi\u00e8re  ; \n\u2022 Mme Sa\u00efba KUMAR, adjointe au chef du service de l'\u00e9ducation et de la s\u00e9curit\u00e9 routi\u00e8re ; \n\u2022 Mme Sonia GUILLOT, cheffe du service des risques et des installations class\u00e9es  ; \n\u2022 Mme Anne JOHANNY, adjointe \u00e0 la cheffe du service des risques et des installations class\u00e9es  ; \n\u2022 M. S\u00e9bastien CUCURULO, chef du p\u00f4le v\u00e9hicules infra-r\u00e9gional Sud. \n \nArticle 19 \n \nPour l'unit\u00e9 d\u00e9partementale de Seine-et-Marne (UD 77), subd\u00e9l\u00e9gation est donn\u00e9e, dans la limite de leurs \nattributions respectives, \u00e0 Mme Agn\u00e8s COURET, cheffe de l'unit\u00e9 d\u00e9partementale de Seine et Marne, et \nses adjoints, Mme Cl\u00e9mence JAHANGIR et M. David LEROUGE. \n \nArticle 20 \n \nPour l'unit\u00e9 d\u00e9partementale des Yvelines (UD 78), subd\u00e9l\u00e9gation de signature est donn\u00e9e, dans la limite \nde leurs attributions respectives, \u00e0  Mme Delphine DUBOIS, cheffe de l 'unit\u00e9 d\u00e9partementale des \nYvelines, et \u00e0 son adjointe, Mme Marielle MUGUERRA. \n \nArticle 21 \n \nI. - Pour l'unit\u00e9 d\u00e9partementale de l'Essonne (UD 91), subd\u00e9l\u00e9gation de signature est donn\u00e9e, dans la \nlimite de leurs attributions respectives, \u00e0 M. Patrick POIRET, chef de l'unit\u00e9 d\u00e9partementale de l'Essonne, \net \u00e0 son adjointe, Mme Sophie PIERRET. \n \nII. - La subd\u00e9l\u00e9gation mentionn\u00e9e au I. est \u00e9galement accord\u00e9e, dans la limite de ses attributions, \n\u00e0 M. Mathieu FERNANDEZ, r\u00e9f\u00e9rent d\u00e9partemental risques technologiques. \n \nArticle 22 \n \nPour l'unit\u00e9 d\u00e9partementale du Val-d'Oise (UD 95), subd\u00e9l\u00e9gation de signature est donn\u00e9e, dans la limite \nde leurs attributions respectives, \u00e0  M. Alexis RAFA, chef de l 'unit\u00e9 d\u00e9partementale du Val -d'Oise, et \u00e0 \nson adjoint, M. Thomas BLATON. \n \nArticle 23 \n \nI. - Sont exclus des subd\u00e9l\u00e9gations vis\u00e9es dans les articles 2 \u00e0 22 : \n \n\u27a2 Les conventions pass\u00e9es avec des collectivit\u00e9s locales, les \u00e9tablissements publics, les op\u00e9rateurs \npublics et les agences d'urbanisme ; \n\u27a2 Les correspondances ou avis formul\u00e9s \u00e0 l'attention des directeurs d'administration centrale ; \n\u27a2 Les avis, propositions ou d\u00e9cisions relatifs aux cadres sup\u00e9rieurs de la direction r\u00e9gionale et \ninterd\u00e9partementale de l'environnement, de l'am\u00e9nagement et des transports d'\u00cele -de-France ; \n\u27a2 Les mesures de suspension des fonctions et les d\u00e9cisions d'engagement de la proc\u00e9dure disciplinaire \n\u00e0 l'\u00e9gard des agents ; \n\u27a2 L'instruction et les actes relevant de la sanction disciplinaire, ainsi que de l'abandon de poste  ; \nDirection r\u00e9gionale et interd\u00e9partementale de l'environnement, de l'am\u00e9nagement et des transports d'\u00cele-de-France -\nIDF-2026-05-13-00006 - D\u00e9cision du 13 mai 2026 portant subd\u00e9l\u00e9gation de signature en mati\u00e8re administrative pour le compte du\npr\u00e9fet de la r\u00e9gion d'\u00cele-de-France\n15\n \n  13 \n\u27a2 Les avis, propositions ou d\u00e9cisions relatifs aux  cadres sup\u00e9rieurs de la direction r\u00e9gionale et \ninterd\u00e9partementale de l'environnement, de l'am\u00e9nagement et des transports d'\u00cele -de-France. \n \nII. - Sont exclues des subd\u00e9l\u00e9gations vis\u00e9es dans les articles 2 \u00e0 22, sauf pour les directeurs -adjoints et \nles directeurs des unit\u00e9s d\u00e9partementales : \n \n\u27a2 Les correspondances avec les maires des communes chefs -lieux de d\u00e9partement et les pr\u00e9sidents \nd'\u00e9tablissements publics territoriaux (EPT), de communaut\u00e9 d'agglom\u00e9ration ou de communaut\u00e9 de \ncommunes ; \n\u27a2 Les conventions relatives aux prestations mutualis\u00e9es, assur\u00e9es par une entit\u00e9 de la DRIEAT pour le \ncompte d'autres directions de l'\u00c9tat en \u00cele-de-France, y compris en mati\u00e8re immobili\u00e8re. \n \nIII. - Sont exclues des subd\u00e9l\u00e9gations vis\u00e9es dans les articles 7 \u00e0 22  : \n \n\u27a2 Les correspondances avec les parlementaires, les anciens ministres, les conseillers r\u00e9gionaux et \nd\u00e9partementaux, les pr\u00e9sidents des associations de maires, la maire de Paris et les maires des \ncommunes chefs-lieux de d\u00e9partement ; \n\u27a2 Les correspondances entrant dans le cadre de la n\u00e9gociation du contrat de plan \u00c9tat -r\u00e9gion ; \n \nIV. - Sont exclus des subd\u00e9l\u00e9gations vis\u00e9es aux articles ci -dessus, les m\u00e9moires en d\u00e9fense pr\u00e9sent\u00e9s au \nnom de l'\u00c9tat \u00e0 l'occasion des recours form\u00e9s devant les juridictions administratives et n\u00e9s de l'activit\u00e9 \nde la direction r\u00e9gionale et interd\u00e9partementale de l'environnement, de l'am\u00e9nagement et des \ntransports d'\u00cele-de-France, ou relevant de la d\u00e9l\u00e9gation de pouvoir consentie au pr\u00e9fet de la r\u00e9gion d'\u00cele-\nde-France en mati\u00e8re de gestion de certains personnels du minist\u00e8re de l'\u00e9cologie, du d\u00e9veloppement \ndurable, des transports et du logement par le d\u00e9cret n\u00b0  2013-1041 du 20 novembre 2013 modifi\u00e9 et les \narr\u00eat\u00e9s du 26 d\u00e9cembre 2019 modifi\u00e9s susvis\u00e9s. Ne sont pas concern\u00e9es par cette exclusion, et ce pour \nles activit\u00e9s relevant des articles 3 \u00e0 6 ainsi que des articles 11, 13 \u00e0 22, les proc\u00e9dures d'urgence pr\u00e9vues \nau livre V du code de justice administrative. \n \nUne copie de to utes correspondances avec les autres \u00e9lus, maires, conseillers municipaux ainsi que de \ncelles concernant le contr\u00f4le de l\u00e9galit\u00e9 et les m\u00e9moires produits dans le cadre des proc\u00e9dures \nd'urgence susmentionn\u00e9es, sera simultan\u00e9ment adress\u00e9e au pr\u00e9fet de la r\u00e9g ion d'\u00cele-de-France. \n \nArticle 24 \n \nLes subd\u00e9l\u00e9gations accord\u00e9es au titre de la pr\u00e9sente d\u00e9cision sont valables en cas d'int\u00e9rim exerc\u00e9 par \nun subd\u00e9l\u00e9gataire d\u00e9sign\u00e9 formellement par la directrice r\u00e9gionale et interd\u00e9partementale de \nl'environnement, de l'am\u00e9nagement et des transports d'\u00cele-de-France. \n \nArticle 25 \n \nLa d\u00e9cision du 16  f\u00e9vrier 2026 portant subd\u00e9l\u00e9g ation de signature en mati\u00e8re administrative pour le \ncompte du pr\u00e9fet de la r\u00e9gion d'\u00cele-de-France est abrog\u00e9e. \n \n  \nDirection r\u00e9gionale et interd\u00e9partementale de l'environnement, de l'am\u00e9nagement et des transports d'\u00cele-de-France -\nIDF-2026-05-13-00006 - D\u00e9cision du 13 mai 2026 portant subd\u00e9l\u00e9gation de signature en mati\u00e8re administrative pour le compte du\npr\u00e9fet de la r\u00e9gion d'\u00cele-de-France\n16\n \n  14 \nArticle 26 \n \nL'adjoint de la directrice r\u00e9gionale et interd\u00e9partementale de l'environnement, de l'am\u00e9nagement et \ndes transports d'\u00cele-de-France, charg\u00e9 du pilotage, est charg\u00e9 de l'ex\u00e9cution de la pr\u00e9sente d\u00e9cision qui \nsera publi\u00e9e au recueil des actes administratifs de la pr\u00e9fecture de la r\u00e9gion d'\u00cele-de-France. \n \n Paris, le 13 mai 2026 \nLa directrice r\u00e9gionale et interd\u00e9partementale  \nde l'environnement, de l'am\u00e9nagement  \net des transports d'\u00cele-de-France \n \n \nSign\u00e9 \n \n \nEmmanuelle GAY \nDirection r\u00e9gionale et interd\u00e9partementale de l'environnement, de l'am\u00e9nagement et des transports d'\u00cele-de-France -\nIDF-2026-05-13-00006 - D\u00e9cision du 13 mai 2026 portant subd\u00e9l\u00e9gation de signature en mati\u00e8re administrative pour le compte du\npr\u00e9fet de la r\u00e9gion d'\u00cele-de-France\n17","date":"2026-05-13","first_seen_on":"2026-05-13T16:30:52+00:00","id":"fbdd5ef9d85cc7bfa9001206e12bb007a5118d127be895312860957db8b37cac","name":"recueilDS-idf-024-2026-05-recueil-des-actes-administratifs-special du 13.05.2026","pdf_creation_date":"2026-05-13T16:03:13+00:00","pdf_modification_date":null,"timezone":"Europe/Paris","url":"https://www.prefectures-regions.gouv.fr/ile-de-france/irecontenu/telechargement/137762/1006194/file/recueilDS-idf-024-2026-05-recueil-des-actes-administratifs-special%20du%2013.05.2026.pdf"}
