{"administration":"prefidf","administration_name":"Pr\u00e9fecture de la r\u00e9gion \u00cele-de-France","content":"PREFECTURE\nREGION ILE DE\nFRANCE\nRECUEIL DES ACTES\nADMINISTRATIFS SP\u00c9CIAL\nN\u00b0IDF-026-2025-05\nPUBLI\u00c9 LE 15 MAI 2025\nSommaire\nChambre de commerce et d'industrie de r\u00e9gion Paris - \u00cele-de-France /\nIDF-2025-05-12-00006 - Subd\u00e9l\u00e9gation de pouvoirs -Sant\u00e9 -\nS\u00e9curit\u00e9 -S\u00fbret\u00e9 de la Chambre de commerce et d'industrie de\nr\u00e9gion Paris - \u00cele-de-France - \u00e0 I. HENANE (1 page) Page 3\nIDF-2025-05-12-00005 - Subd\u00e9l\u00e9gation de pouvoirs -Sant\u00e9 -\nS\u00e9curit\u00e9 -S\u00fbret\u00e9 de la Chambre de commerce et d'industrie de\nr\u00e9gion Paris - \u00cele-de-France- S. COPIN (1 page) Page 5\nRectorat de l'acad\u00e9mie de Cr\u00e9teil / Affaires juridiques\nIDF-2025-05-15-00003 - Arr\u00eat\u00e9 du 15 mai 2025 portant d\u00e9l\u00e9gation de\nsignature \u00e0 madame Sandrine LAIR, directrice acad\u00e9mique des services\nde l'\u00e9ducation nationale dans le d\u00e9partement de la Seine-Saint-Denis (5\npages) Page 7\nIDF-2025-05-15-00002 - Arr\u00eat\u00e9 du 15 mai 2025 portant d\u00e9l\u00e9gation de\nsignature \u00e0 madame Val\u00e9rie DEBUCHY directrice acad\u00e9mique des\nservices de l'\u00e9ducation nationale du d\u00e9partement de la\nSeine-et-Marne (5 pages) Page 13\nIDF-2025-05-15-00004 - Arr\u00eat\u00e9 du 15 mai 2025 portant d\u00e9l\u00e9gation de\nsignature \u00e0 monsieur Gr\u00e9gory PREMON, directeur acad\u00e9mique des\nservices de l'\u00e9ducation nationale dans le d\u00e9partement du\nVal-de-Marne (5 pages) Page 19\n2\nChambre de commerce et d'industrie de r\u00e9gion\nParis - \u00cele-de-France\nIDF-2025-05-12-00006\nSubd\u00e9l\u00e9gation de pouvoirs -Sant\u00e9 - S\u00e9curit\u00e9\n-S\u00fbret\u00e9 de la Chambre de commerce et\nd'industrie de r\u00e9gion Paris - \u00cele-de-France - \u00e0 I.\nHENANE\nChambre de commerce et d'industrie de r\u00e9gion Paris - \u00cele-de-France - IDF-2025-05-12-00006 - Subd\u00e9l\u00e9gation de pouvoirs -Sant\u00e9 -\nS\u00e9curit\u00e9 -S\u00fbret\u00e9 de la Chambre de commerce et d'industrie de r\u00e9gion Paris - \u00cele-de-France - \u00e0 I. HENANE 3\nACCI, Directeur g\u00e9n\u00e9ral\n75 S,M Administrative,\nParis\nCCIR\nSubd\u00e9l\u00e9gation de pouvoirs Sant\u00e9-S\u00e9curit\u00e9-S\u00fbret\u00e9  Page 1 sur 1  \nCCID 75                                                    \n \n \n \n \n \nSUBDELEGATION DE POUVOIRS  \nSANTE-SECURITE-SURETE \n \n \n \n \nVu la d\u00e9l\u00e9gation de po uvoirs ci-annex\u00e9e, accord\u00e9e par Monsieur St\u00e9phane FRATACCI, Directeur g\u00e9n\u00e9ral \nde la Chambre de commerce et d'industrie de r\u00e9gion Paris \u00cele-de-France (CCIR), \nJe soussign\u00e9, Monsieur Damien WALKER , Directeur g\u00e9n\u00e9ral d\u00e9l\u00e9gu\u00e9 d\u00e9partemental de la Chambre de \ncommerce et d'indust rie d\u00e9partementale de Paris (CCID 75 ), donne dans les m\u00eames termes, \nsubd\u00e9l\u00e9gation de pouvoirs \u00e0 M adame Ibtissam HENANE  en qualit\u00e9 de Responsable Administrative, \nFinanci\u00e8re et Logistique qui l'accepte, \n\u00e0 l'effet d'assurer pendant mes absences de la R\u00e9gion \u00cele-de-France et d'\u00e9ventuels cong\u00e9s, la s\u00e9curit\u00e9 et \nla s\u00fbret\u00e9 des personnes et des biens du site situ\u00e9 2 place de la Bourse \u00e0 Paris (75002). \nLe subd\u00e9l\u00e9gataire d\u00e9clare avoir une parfaite connaissance des droits et obligations qui r\u00e9sultent de la \nd\u00e9l\u00e9gation de p ouvoirs susvis\u00e9e, consentie par Monsieur Damien WALKER, Directeur g\u00e9n\u00e9ral d\u00e9l\u00e9gu\u00e9 \nd\u00e9partemental de la Chambre de commerce et d'indust rie d\u00e9partementale de Paris (CCID 75) et qui lui \nsont transf\u00e9r\u00e9s \u00e0 compter de ce jour dans les domaines ci-dessus pr\u00e9cis\u00e9s.  \n \nIl reconnait \u00eatre inform\u00e9 que la centrale d'achat du GIE Groupe CCI Paris \u00ce le-de-France a souscrit pour le \ncompte du Groupe CCI Paris \u00cele-de-France et de ses EESC une police d'assurance \u00ab responsabilit\u00e9 civile des \ndirigeants et mandataires sociaux \u00bb dont le subd\u00e9l\u00e9gataire est b\u00e9n\u00e9ficiaire.  \n \nFait \u00e0 Paris, le  12 / 05 / 25  , en un exemplaire \n \n \nLe primo-d\u00e9l\u00e9gant \n \n \n- sign\u00e9 - \nLe d\u00e9l\u00e9gataire \n \n- sign\u00e9 - \nLe subd\u00e9l\u00e9gataire \n \n- sign\u00e9 -  \n \nSt\u00e9phane FRATACCI \n \n  Damien WALKER \n \n \n   Ibtissam HENANE \nDiffusion : \n  \nFrance MOROT-VIDELAINE, Directrice G\u00e9n\u00e9rale Adjointe Partenariats, Observations, Prospective et \u00e9tudes de la CCIR \nParis \u00cele-de-France  \nVal\u00e9rie HENRIOT, Directrice g\u00e9n\u00e9rale du GIE Groupe CCI Paris \u00cele-de-France  \nBenoit ICARD, Directeur de la Strat\u00e9gie Immobili\u00e8re de la CCIR Paris \u00cele-de-France \nThierry MENUET, Directeur de la S\u00e9curit\u00e9 & S\u00fbret\u00e9 de la CCIR Paris \u00cele-de-France \n \nwww.cci-paris-idf.fr - inscrit au recueil des actes administratifs de la pr\u00e9fecture de r\u00e9gion d'\u00cele -de-France \n \n   \n \nChambre de commerce et d'industrie de r\u00e9gion Paris - \u00cele-de-France - IDF-2025-05-12-00006 - Subd\u00e9l\u00e9gation de pouvoirs -Sant\u00e9 -\nS\u00e9curit\u00e9 -S\u00fbret\u00e9 de la Chambre de commerce et d'industrie de r\u00e9gion Paris - \u00cele-de-France - \u00e0 I. HENANE 4\nChambre de commerce et d'industrie de r\u00e9gion\nParis - \u00cele-de-France\nIDF-2025-05-12-00005\nSubd\u00e9l\u00e9gation de pouvoirs -Sant\u00e9 - S\u00e9curit\u00e9\n-S\u00fbret\u00e9 de la Chambre de commerce et\nd'industrie de r\u00e9gion Paris - \u00cele-de-France- S.\nCOPIN\nChambre de commerce et d'industrie de r\u00e9gion Paris - \u00cele-de-France - IDF-2025-05-12-00005 - Subd\u00e9l\u00e9gation de pouvoirs -Sant\u00e9 -\nS\u00e9curit\u00e9 -S\u00fbret\u00e9 de la Chambre de commerce et d'industrie de r\u00e9gion Paris - \u00cele-de-France- S. COPIN 5\nParis12\n75\nACCI, Directeur g\u00e9n\u00e9ral\nCCIR\nSubd\u00e9l\u00e9gation de pouvoirs Sant\u00e9-S\u00e9curit\u00e9-S\u00fbret\u00e9  Page 1 sur 1  \nCCID 75                                                    \n \n \n \n \n \nSUBDELEGATION DE POUVOIRS  \nSANTE-SECURITE-SURETE \n \n \n \n \nVu la d\u00e9l\u00e9gation de po uvoirs ci-annex\u00e9e, accord\u00e9e par Monsieur St\u00e9phane FRATACCI, Directeur g\u00e9n\u00e9ral \nde la Chambre de commerce et d'industrie de r\u00e9gion Paris \u00cele-de-France (CCIR), \nJe soussign\u00e9, Monsieur Damien WALKER , Directeur g\u00e9n\u00e9ral d\u00e9l\u00e9gu\u00e9 d\u00e9partemental de la Chambre de \ncommerce et d'indust rie d\u00e9partementale de Paris (CCID 75 ), donne dans les m\u00eames termes, \nsubd\u00e9l\u00e9gation de pouvoirs \u00e0 M adame Sabrina COPIN  en qualit\u00e9 de Directrice des Op\u00e9rations et \nPartenariats qui l'accepte, \n\u00e0 l'effet d'assurer pendant mes absences de la R\u00e9gion \u00cele-de-France et d'\u00e9ventuels cong\u00e9s, la s\u00e9curit\u00e9 et \nla s\u00fbret\u00e9 des personnes et des biens du site situ\u00e9 2 place de la Bourse \u00e0 Paris (75002). \nLe subd\u00e9l\u00e9gataire d\u00e9clare avoir une parfaite connaissance des droits et obligations qui r\u00e9sultent de la \nd\u00e9l\u00e9gation de p ouvoirs susvis\u00e9e, consentie par Monsieur Damien WALKER, Directeur g\u00e9n\u00e9ral d\u00e9l\u00e9gu\u00e9 \nd\u00e9partemental de la Chambre de commerce et d'indust rie d\u00e9partementale de Paris (CCID 75) et qui lui \nsont transf\u00e9r\u00e9s \u00e0 compter de ce jour dans les domaines ci-dessus pr\u00e9cis\u00e9s.  \n \nIl reconnait \u00eatre inform\u00e9 que la centrale d'achat du GIE Groupe CCI Paris \u00ce le-de-France a souscrit pour le \ncompte du Groupe CCI Paris \u00cele-de-France et de ses EESC une police d'assurance \u00ab responsabilit\u00e9 civile des \ndirigeants et mandataires sociaux \u00bb dont le subd\u00e9l\u00e9gataire est b\u00e9n\u00e9ficiaire.  \n \nFait \u00e0 Paris, le 12 / 05  /  25   , en un exemplaire \n \n \nLe primo-d\u00e9l\u00e9gant \n \n- Sign\u00e9 - \nLe d\u00e9l\u00e9gataire \n \n- sign\u00e9 - \nLe subd\u00e9l\u00e9gataire \n \n- sign\u00e9 - \n \nSt\u00e9phane FRATACCI \n \n  Damien WALKER \n \n \n   Sabrina COPIN \nDiffusion : \n  \nFrance MOROT-VIDELAINE Directrice G\u00e9n\u00e9rale Adjointe Partenariats, Observations, Prospective et \u00e9tudes de la CCIR \nParis \u00cele-de-France  \nVal\u00e9rie HENRIOT, Directrice g\u00e9n\u00e9rale du GIE Groupe CCI Paris \u00cele-de-France  \nBenoit ICARD, Directeur de la Strat\u00e9gie Immobili\u00e8re de la CCIR Paris \u00cele-de-France \nThierry MENUET, Directeur de la S\u00e9curit\u00e9 & S\u00fbret\u00e9 de la CCIR Paris \u00cele-de-France \n \nwww.cci-paris-idf.fr - inscrit au recueil des actes administratifs de la pr\u00e9fecture de r\u00e9gion d'\u00cele -de-France \n \n   \n \nChambre de commerce et d'industrie de r\u00e9gion Paris - \u00cele-de-France - IDF-2025-05-12-00005 - Subd\u00e9l\u00e9gation de pouvoirs -Sant\u00e9 -\nS\u00e9curit\u00e9 -S\u00fbret\u00e9 de la Chambre de commerce et d'industrie de r\u00e9gion Paris - \u00cele-de-France- S. COPIN 6\nRectorat de l'acad\u00e9mie de Cr\u00e9teil\nIDF-2025-05-15-00003\nArr\u00eat\u00e9 du 15 mai 2025 portant d\u00e9l\u00e9gation de\nsignature \u00e0 madame Sandrine LAIR, directrice\nacad\u00e9mique des services de l'\u00e9ducation\nnationale dans le d\u00e9partement de la\nSeine-Saint-Denis\nRectorat de l'acad\u00e9mie de Cr\u00e9teil - IDF-2025-05-15-00003 - Arr\u00eat\u00e9 du 15 mai 2025 portant d\u00e9l\u00e9gation de signature \u00e0 madame Sandrine\nLAIR, directrice acad\u00e9mique des services de l'\u00e9ducation nationale dans le d\u00e9partement de la Seine-Saint-Denis 7\nACADEMIEDE CRETEILLibert\u00e9Egalit\u00e9Fraternit\u00e9\n  \n \n \n \n \n \n \n \n \n \n \nArr\u00eat\u00e9 du 15 mai 2025 portant d\u00e9l\u00e9gation de signature  \n\u00e0 madame Sandrine LAIR, directrice acad\u00e9mique des services de l'\u00e9ducation nationale dans le \nd\u00e9partement de la Seine-Saint-Denis \n \n                                               LE RECTEUR DE L'ACADEMIE DE CRETEIL \n \n \nVU le code de l'\u00e9ducation et notamment, ses articles R. 222-17-1, R. 222-19 et suivants, R. 222-24 et suivants, \nD. 222-27 et L. 917-1 ; \nVU le code g\u00e9n\u00e9ral de la fonction publique ; \nVU le d\u00e9cret n\u00b0 2012 -1246 du 7 novembre 2012 modifi\u00e9 relatif \u00e0 la gestion budg\u00e9taire et comptable \npublique ; \nVU  le d\u00e9cret du 14 d\u00e9cembre  2023 portant nomination de monsieur F lorent AUCOUTURIER , directeur de \ncabinet du recteur de l'acad\u00e9mie de Versailles, en qualit\u00e9 de directeur acad\u00e9mique adjoint des services de \nl'\u00e9ducation nationale de la Seine-Saint-Denis ; \nVU  le d\u00e9cret du 14 d\u00e9cembre 2023 portant nomination de m onsieur Thomas HEUZE, inspecteur d'acad\u00e9mie-\ninspecteur p\u00e9dagogique r\u00e9gional, en qualit\u00e9 de direct eur acad\u00e9mique adjoint des services de l'\u00e9ducation \nnationale de la Seine-Saint-Denis ; \nVU  le d\u00e9cret du 31 ao\u00fbt 2024 portant nomination de m adame Sandrine LAIR , directrice acad\u00e9mique des \nservices de l'\u00e9ducation nationale  des Yvelines , en qualit\u00e9 de direct rice acad\u00e9mique des services de \nl'\u00e9ducation nationale de la Seine-Saint-Denis \u00e0 compter du 30 septembre 2024 ; \nVU  le d\u00e9cret du 30 d\u00e9cembre 2024 portant nomination de monsieur Pascal FOURESTIER, conseiller de recteur \nadjoint au d\u00e9l\u00e9gu\u00e9 de la r\u00e9gion acad\u00e9mique Ile-de-France \u00e0 la formation professionnelle initiale et continue, \nen qualit\u00e9 de directeur acad\u00e9mique adjoint des services de l'\u00e9ducation nationale de la Seine-Saint-Denis ; \nVU  le d\u00e9cret du 27 janvier 2025 portant nomination de m adame Florence MARON, insp ectrice de l'\u00e9ducation \nnationale, en qualit\u00e9 de directrice acad\u00e9mique adjointe de s services de l'\u00e9ducation nationale de la Seine-\nSaint-Denis ; \nVU le d\u00e9cret du 12 mars 2025 nommant monsieur Jean-Fran\u00e7ois CHANET recteur de l'acad\u00e9mie de Cr\u00e9teil ;  \nVU l'arr\u00eat\u00e9 du 22 d\u00e9cembre 2022 relatif aux r\u00e8gles de la comptabilit\u00e9 budg\u00e9taire de l'Etat pris en application de \nl'article 54 du d\u00e9cret n\u00b0 2012-1246 du 7 novembre 2012 modifi\u00e9 relatif \u00e0 la gestion budg\u00e9taire et comptable \npublique ; \nVU  l'arr\u00eat\u00e9 minist\u00e9riel du 17 juin 2022 portant nomination, d\u00e9tachement et classement de monsieur Alexandre \nTOBATY, inspecteur de l'\u00e9ducation nationale, dans l'emploi d'adjoint au directeur acad\u00e9mique des services \nde l'\u00e9ducation nationale de la Seine-Saint-Denis, charg\u00e9 du premier degr\u00e9 \u00e0 compter du 1er juillet 2022 ; \nVU  l'arr\u00eat\u00e9 minist\u00e9riel du 22 f\u00e9vrier 2024 portant nomination et classement de madame Paola DAOUD, attach\u00e9e \nd'administration de l'\u00c9tat hors classe, dans l'emploi de secr\u00e9taire g\u00e9n\u00e9ral e de la direction des services \nd\u00e9partementaux de l'\u00e9ducation nationale de Seine-Saint-Denis \u00e0 compter du 1er mars 2024 ; \nVU les arr\u00eat\u00e9s du pr\u00e9fet de la r\u00e9gion d'Ile -de-France n\u00b0 IDF -2025-03-26-00009 du 26 mars 2025 portant \nd\u00e9l\u00e9gation de signature \u00e0 monsieur Jean -Fran\u00e7ois CHANET, recteur de l'ac ad\u00e9mie de Cr\u00e9teil, en mati\u00e8re \nde contr\u00f4le de l\u00e9galit\u00e9 des \u00e9tablissements publics locaux d'enseignement rattach\u00e9s \u00e0 la r\u00e9gion d'Ile -de-\nFrance dans le ressort de l'acad\u00e9mie de Cr\u00e9teil et n\u00b0 IDF -2025-03-26-00008 du 26 mars 2025 portant \nd\u00e9l\u00e9gation de signature \u00e0 monsieur Jean-Fran\u00e7ois CHANET, recteur de l'acad\u00e9mie de Cr\u00e9teil, en mati\u00e8re \nd'ordonnancement secondaire ; \n \nRectorat de l'acad\u00e9mie de Cr\u00e9teil - IDF-2025-05-15-00003 - Arr\u00eat\u00e9 du 15 mai 2025 portant d\u00e9l\u00e9gation de signature \u00e0 madame Sandrine\nLAIR, directrice acad\u00e9mique des services de l'\u00e9ducation nationale dans le d\u00e9partement de la Seine-Saint-Denis 8\n \n 2 \nVU l'arr\u00eat\u00e9 de la rectrice de la r\u00e9gion acad\u00e9mique Ile -de-France, rectrice de l'acad\u00e9mie de Paris, chanceli\u00e8re \ndes universit\u00e9s de Paris et d'Ile -de-France n\u00b0 2025 -034-RRA du 27 mars 2025 portant d\u00e9l\u00e9gation de \nsignature \u00e0 caract\u00e8re administratif ; \nVU la d\u00e9cisi on du 11 d\u00e9cembre 2020 portant d\u00e9signation des responsables de budget op\u00e9rationnel de \nprogramme (BOP) et d'unit\u00e9s op\u00e9rationnelles (UO) pour le programme 214 \u00ab  soutien de la politique de \nl'\u00e9ducation nationale \u00bb ; \nVU la d\u00e9cision du 21 d\u00e9cembre 2020 portant d \u00e9signation des responsables de budget op\u00e9rationnel de \nprogramme (BOP) et d'unit\u00e9s op\u00e9rationnelles (UO) pour le programme 150 \u00ab  formations sup\u00e9rieures et \nrecherche universitaire \u00bb ; \n \n \nARRETE \n \nARTICLE 1 : \n \nMadame Sandrine LAIR, directrice acad\u00e9mique des services de l'\u00e9ducation nationale dans le d\u00e9partement de la \nSeine-Saint-Denis, dispose, \u00e0 compter du jour suivant la publication de sa nomination ou \u00e0 compter du jour o\u00f9 cet \nacte prend effet si ce jour est post\u00e9rieur,  de l'ensemble des d\u00e9l\u00e9g ations de signature de droit telles qu'elles \nd\u00e9coulent de l'article R. 222-19-3 du code de l'\u00e9ducation modifi\u00e9 par le d\u00e9cret n\u00b0 2012-16 du 5 janvier 2012 relatif \n\u00e0 l'organisation acad\u00e9mique (notamment inscription, d\u00e9rogation \u00e0 la sectorisation, vie scolair e, etc.) \u00e0 l'exception \ndes d\u00e9l\u00e9gations de signature pour les actes suivants :  \n- actes relatifs au contr\u00f4le administratif des lyc\u00e9es, EREA et ERPD : action \u00e9ducatrice et fonctionnement ; \n- actes relatifs au contr\u00f4le financier des EPLE ; \n- actes relatifs au suivi des EPLE : arr\u00eat\u00e9s des groupements comptables ; \n- actes relatifs aux projets des lyc\u00e9es, lyc\u00e9es professionnels et EREA ; \n- autorisations de voyages et d'accompagnement des \u00e9l\u00e8ves du second degr\u00e9  dans le cadre des \nappariements \u00e0 l'\u00e9tranger.  \n \n \n \nARTICLE 2 : \n \nEn tant que responsable d'unit\u00e9s op\u00e9rationnelles, d\u00e9l\u00e9gation de signature est donn\u00e9e \u00e0 madame Sandrine LAIR, \ndirectrice acad\u00e9mique des services de l'\u00e9ducation nationale dans le d\u00e9partement de la Seine-Saint-Denis, pour :  \n             - la gestion des cr\u00e9dits de fonctionnement et d'intervention de l'unit\u00e9 op\u00e9rationnelle pour le programme \n140 \u00ab Enseignement scolaire public du premier degr\u00e9 \u00bb ; \n             - la gestion des cr\u00e9dits de personnel en mati\u00e8re de d\u00e9penses d'accidents de service et de formation pour \nle premier degr\u00e9 et des cr\u00e9dits de fonctionnement pour les examens ; \n             - la gestion des cr\u00e9dits de personnel en mati\u00e8re de d\u00e9penses d'accidents de service et de formation des \naccompagnants des \u00e9l\u00e8ves en situation de handicap  et la gestion des cr\u00e9dits de fonctionnement et \nd'intervention en mati\u00e8re de d\u00e9penses de formation des accompagnants des \u00e9l\u00e8ves en situation de \nhandicap et de d\u00e9penses relatives \u00e0 l'inclusion scolaire des \u00e9l\u00e8ves en situation de handicap dans le \ncadre de l'unit\u00e9 op\u00e9rationnelle pour le programme 230 \u00ab Vie de l'\u00e9l\u00e8ve \u00bb.  \n \n \n \nARTICLE 3 : \n \nSubd\u00e9l\u00e9gation de signature est donn\u00e9e \u00e0 madame Sandrine LAIR , directrice acad\u00e9mique des services de \nl'\u00e9ducation nationale dans le d\u00e9partement de la Seine-Saint-Denis, pour la gestion des cr\u00e9dits de fonctionnement \net d'intervention, en mati\u00e8re de fonctionnement et d'examens, dans le cadre de l'unit\u00e9 op\u00e9rationnelle pour le \nprogramme 214 \u00ab Soutien de la politique de l'\u00e9ducation nationale \u00bb. \n \n \nRectorat de l'acad\u00e9mie de Cr\u00e9teil - IDF-2025-05-15-00003 - Arr\u00eat\u00e9 du 15 mai 2025 portant d\u00e9l\u00e9gation de signature \u00e0 madame Sandrine\nLAIR, directrice acad\u00e9mique des services de l'\u00e9ducation nationale dans le d\u00e9partement de la Seine-Saint-Denis 9\n \n 3 \n \nARTICLE 4 :  \n \nEn mati\u00e8re de gestion du personnel, d\u00e9l\u00e9gation de signature est donn\u00e9e \u00e0 madame Sandrine LAIR, directrice \nacad\u00e9mique des services de l'\u00e9ducation nationale dans le d\u00e9partement de la Seine -Saint-Denis, pour :  \n \n\u2022 La d\u00e9signation des jurys, le d\u00e9ro ulement des \u00e9preuves du premier concours interne de professeur des \n\u00e9coles ; \n \n\u2022 La gestion des professeurs des \u00e9coles stagiaires : \n \ntoutes d\u00e9cisions \u00e9num\u00e9r\u00e9es par l'arr\u00eat\u00e9 du 23 septembre 1992 modifi\u00e9 \u00e0 l'exception de celles relatives \u00e0 \nl'organisation des concours dans les conditions pr\u00e9vues par l'arr\u00eat\u00e9 du 25 janvier 2021 ; \n \n\u2022 la gestion des professeurs des \u00e9coles et des instituteurs de l'enseignement public  : \n \n             - les actes pris en application des dispositions des arr\u00eat\u00e9s modifi\u00e9s du 12 avril 1988 et du 28 ao\u00fbt 1990 ; \n             - les arr\u00eat\u00e9s pla\u00e7ant en cong\u00e9 d'office pour un mois en vertu de l'article R. 911-36 du code l'\u00e9ducation ; \n             - les sanctions disciplinaires pr\u00e9vues \u00e0 l'article L. 533-1 du code g\u00e9n\u00e9ral de la fonction publique ; \n \n\u2022 tous les personnels en fonction dans le d\u00e9partement, \u00e0 l'exception de ceux affect\u00e9s dans les \n\u00e9tablissements d'enseignement sup\u00e9rieur et au rectorat : \n \n             - autorisations d'absence ;  \n             - d\u00e9cisions relatives aux demandes de d\u00e9rogation \u00e0 l'obligation d'occuper un logement de fonction et \u00e0 \nl'obligation de r\u00e9sidence pour les personnels exer\u00e7ant en coll\u00e8ge ; \n             - d\u00e9cisions d'imputabilit\u00e9 au service des accidents du trav ail pour les personnels relev ant des corps du \npremier degr\u00e9 ; \n             - d\u00e9cisions relatives au compte personnel de formation ; \n \n\u2022 les personnels du service d\u00e9partemental de l'\u00e9ducation nationale :  \n \n             - d\u00e9cisions d'octroi de cong\u00e9 de maladie pr\u00e9vu aux articles L. 822-1, L. 822-2 et L. 822-3 du code g\u00e9n\u00e9ral \nde la fonction publique et \u00e0 l'article 24 du d\u00e9cret n\u00b0 94-874 du 7 octobre 1994 modifi\u00e9 ; \n             - d\u00e9cisions d'octroi d'un cong\u00e9 pour maternit\u00e9 ou pour adoption ou d'un cong\u00e9 de paternit\u00e9 pr\u00e9vu \u00e0 l'article \nL. 631-1 du code g\u00e9n\u00e9ral de la fonction publique et \u00e0 l'article 22 du d\u00e9cret n\u00b0 94-874 du 7 octobre 1994 \nmodifi\u00e9 ; \n \n\u2022 les d\u00e9cisions relatives au recrutement, \u00e0 la gestion administrative et financi\u00e8re et \u00e0 la fin du contrat de \ncertains agents non titulaires exer\u00e7ant dans les \u00e9coles primaires et les d\u00e9cisions relatives au recrutement, \n\u00e0 la gestion et \u00e0 la fin de contrat d'intervenants dans les \u00e9coles primaires ;  \n \n\u2022 les d\u00e9cisions relatives au recrutement, \u00e0 la gestion administrative et financi\u00e8re et \u00e0 la fin d u contrat des \naccompagnants des \u00e9l\u00e8ves en situation de handicap (AESH) (contrat \u00e0 dur\u00e9e d\u00e9termin\u00e9e ou contr at \u00e0 \ndur\u00e9e ind\u00e9termin\u00e9e) ; \n \n\u2022 les d\u00e9cisions relatives au recrutement, \u00e0 la gestion administrative et financi\u00e8re et \u00e0 la fin du contrat des \naccompagnants des personnels en situation de handicap (APSH) (contrat \u00e0 dur\u00e9e d\u00e9termin\u00e9e ou contrat \n\u00e0 dur\u00e9e ind\u00e9termin\u00e9e). \n \n \n \n \n \n \nRectorat de l'acad\u00e9mie de Cr\u00e9teil - IDF-2025-05-15-00003 - Arr\u00eat\u00e9 du 15 mai 2025 portant d\u00e9l\u00e9gation de signature \u00e0 madame Sandrine\nLAIR, directrice acad\u00e9mique des services de l'\u00e9ducation nationale dans le d\u00e9partement de la Seine-Saint-Denis 10\n \n 4 \nARTICLE 5 : \n \nEn application de l'article R. 222 -17-1 du code de l'\u00e9ducation, d\u00e9l\u00e9gation de signature est donn\u00e9e madame \nSandrine LAIR, directrice acad\u00e9mique des services de l'\u00e9ducation nationale dans le d\u00e9partement de la Seine-\nSaint-Denis, pour signer au nom d u recteur de l'acad\u00e9mie de Cr\u00e9teil  tous actes, arr\u00eat\u00e9s, d\u00e9cisions et \ncorrespondances, dans la limite de leurs attributions, dans les domaines suivants  :   \n- l'organisation du s\u00e9jour de coh\u00e9sion du service national unive rsel (SNU), le recrutement et la gestion des \npersonnes physiques participant \u00e0 des fonctions d'animation ou de direction de ce s\u00e9jour, l'approbation \ndans le cadre de la r\u00e9serve du SNU des missions d'int\u00e9r\u00eat g\u00e9n\u00e9ral, l'inscription, l'affectation des r\u00e9servistes \net le contr\u00f4le des conditions de mise en \u0153uvre de la r\u00e9serve ; \n  \n- l'agr\u00e9ment des associations de jeunesse et d'\u00e9ducation populaire ;  \n \n- l'attribution des subventions d'appui au secteur associatif vers\u00e9es par l'interm\u00e9diaire du Fonds de \ncoop\u00e9ration de la jeunesse et d'\u00e9ducation populaire (FONJEP) ;  \n \n- la d\u00e9livrance du brevet d'aptitude aux fonctions d'animateur (BAFA). \n \n \n \nARTICLE 6 :  \n \nLa gestion des bourses du second degr\u00e9 s'effectue au sein d'un service interd\u00e9partemental situ\u00e9 dans le \nd\u00e9partement de la Seine-et-Marne.  \n \n \n \nARTICLE 7 : \n \nPour les d\u00e9cisions relevant de l'article R. 222-19-3 du code de l'\u00e9ducation (notamment inscription, d\u00e9rogation \u00e0 la \nsectorisation, vie scolaire, etc.) et pour les d\u00e9cisions \u00e9nonc\u00e9es \u00e0 l'article 5 du pr\u00e9sent arr\u00eat\u00e9, madame Sandrine \nLAIR, directrice acad\u00e9mique des services de l'\u00e9ducation nationale dans le d\u00e9partement de la Seine -Saint-Denis, \npeut accorder une subd\u00e9l\u00e9gation de signature aux personnes mentionn\u00e9es \u00e0 l'article D.  222-20 du code de \nl'\u00e9ducation : \n \n- aux directeurs acad\u00e9miques adjoints des services de l'\u00e9ducation nationale, au secr\u00e9taire g\u00e9n\u00e9ral de la \ndirection du service d\u00e9partemental de l'\u00e9ducation national e ou au chef des services administratifs de ce \nm\u00eame service ; \n \n- aux inspecteurs de l'\u00e9ducation nationale, qui sont ses adjoints ; \n \n- au chef du service d\u00e9partemental \u00e0 la jeunesse, \u00e0 l'engagement et aux sports, lequel peut \u00e9galement \ndonner d\u00e9l\u00e9gation aux agents plac\u00e9s sous son autorit\u00e9 pour signer tous actes relatifs aux affaires pour \nlesquelles il a lui-m\u00eame re\u00e7u d\u00e9l\u00e9gation. \n \n \n \n \n \n \nRectorat de l'acad\u00e9mie de Cr\u00e9teil - IDF-2025-05-15-00003 - Arr\u00eat\u00e9 du 15 mai 2025 portant d\u00e9l\u00e9gation de signature \u00e0 madame Sandrine\nLAIR, directrice acad\u00e9mique des services de l'\u00e9ducation nationale dans le d\u00e9partement de la Seine-Saint-Denis 11\n \n 5 \nARTICLE 8 : \n \nPour les d\u00e9cisions mentionn\u00e9es aux articles 2, 3 et 4, en cas d'absence ou d'emp\u00eachement de madame Sandrine \nLAIR, directrice acad\u00e9mique des services de l'\u00e9ducation nationale dans le d\u00e9partement de la Seine-Saint-Denis, \nd\u00e9l\u00e9gation de signature est donn\u00e9e \u00e0 :  \n- Monsieur Florent AUCOUTURIER, directeur acad\u00e9mique adjoint des services de l'\u00e9ducation nationale de \nla Seine-Saint-Denis ; \n \n- Monsieur Thomas HEUZE , direct eur acad\u00e9mique adjoint des services de l'\u00e9ducation nationale de la \nSeine-Saint-Denis ; \n \n- Monsieur Pascal FOURESTIER, directeur acad\u00e9mique adjoint des services de l'\u00e9ducation nationale de la \nSeine-Saint-Denis ; \n \n- Madame Florence MARON, directrice acad\u00e9mique adjo inte des services de l'\u00e9ducation nationale de la \nSeine-Saint-Denis ; \n \n- Madame Paola DAOUD, secr\u00e9taire g\u00e9n\u00e9rale de la direction des services d\u00e9partementaux de l'\u00e9ducation \nnationale de la Seine-Saint-Denis ; \n \nEt en cas d'absence ou d'emp\u00eachement de ces derniers \u00e0 : \n \n- Monsieur Alexandre TOBATY, adjoint \u00e0 la directrice acad\u00e9mique des services de l'\u00e9ducation nationale de \nla Seine-Saint-Denis en charge du premier degr\u00e9. \n \n \n \nARTICLE 9 :  \n \nLe pr\u00e9sent arr\u00eat\u00e9 abroge l'arr\u00eat\u00e9 du 4 avril 2025. \n \n \n \nARTICLE 10 : \n \nLe secr\u00e9taire g\u00e9n\u00e9ral de l'acad\u00e9mie de Cr\u00e9teil et l a directrice acad\u00e9mique des services de l'\u00e9ducation nationale \ndans le d\u00e9partement de la Seine-Saint-Denis, sont charg\u00e9s, chacun en ce qui le concerne, de l'ex\u00e9cution du \npr\u00e9sent arr\u00eat\u00e9, qui sera publi\u00e9 au recueil des actes administratifs de la pr\u00e9fecture de r\u00e9gion d'Ile -de-France et au \nrecueil des actes administratifs de la pr\u00e9fecture du d\u00e9partement de Seine-Saint-Denis. \n \n \n \n \n Fait \u00e0 Cr\u00e9teil, le 15 mai 2025 \n \n  \n Le recteur de l'acad\u00e9mie de Cr\u00e9teil \n \n                                                                                                           Sign\u00e9 \n \n          Jean-Fran\u00e7ois CHANET \n \nRectorat de l'acad\u00e9mie de Cr\u00e9teil - IDF-2025-05-15-00003 - Arr\u00eat\u00e9 du 15 mai 2025 portant d\u00e9l\u00e9gation de signature \u00e0 madame Sandrine\nLAIR, directrice acad\u00e9mique des services de l'\u00e9ducation nationale dans le d\u00e9partement de la Seine-Saint-Denis 12\nRectorat de l'acad\u00e9mie de Cr\u00e9teil\nIDF-2025-05-15-00002\nArr\u00eat\u00e9 du 15 mai 2025 portant d\u00e9l\u00e9gation de\nsignature \u00e0 madame Val\u00e9rie DEBUCHY directrice\nacad\u00e9mique des services de l'\u00e9ducation\nnationale du d\u00e9partement de la Seine-et-Marne\nRectorat de l'acad\u00e9mie de Cr\u00e9teil - IDF-2025-05-15-00002 - Arr\u00eat\u00e9 du 15 mai 2025 portant d\u00e9l\u00e9gation de signature \u00e0 madame Val\u00e9rie\nDEBUCHY directrice acad\u00e9mique des services de l'\u00e9ducation nationale du d\u00e9partement de la Seine-et-Marne 13\nACADEMIEDE CRETEILLibert\u00e9Egalit\u00e9Fraternit\u00e9\n  \n \n \n \n \n \n \n \n \nArr\u00eat\u00e9 du 15 mai 2025 portant d\u00e9l\u00e9gation de signature \n \u00e0 madame Val\u00e9rie DEBUCHY directrice acad\u00e9mique des services de l'\u00e9ducation nationale du \nd\u00e9partement de la Seine-et-Marne \n \n \nLE RECTEUR DE L'ACADEMIE DE CRETEIL \n \n \nVU le code de l'\u00e9ducation et notamment, ses articles R. 222-17-1, R. 222-19 et suivants, R. 222-24 et suivants, \nD. 222-27 et L. 917-1 ; \nVU le code g\u00e9n\u00e9ral de la fonction publique ; \nVU le d\u00e9cret n\u00b0 2012-1246 du 7 novembre 2012 modifi\u00e9 relatif \u00e0 la gestion budg\u00e9taire et comptable publique ; \nVU le d\u00e9cret du 19 octobre 2018 nommant madame Val\u00e9rie DEBUCHY, inspectrice g\u00e9n\u00e9rale de l'\u00e9ducation \nnationale, directrice acad\u00e9mique des services de l '\u00e9ducation nationale du d\u00e9partement de la Seine -et-\nMarne ;  \nVU le d\u00e9cret du 11 mai 2023 portant nomination de monsieur Philippe PICARD, conseiller technique de recteur \npour les \u00e9tablissements et la vie scolaire , dans l'emploi de directeur acad\u00e9mique adjoin t des services de \nl'\u00e9ducation nationale du d\u00e9partement de Seine-et-Marne ;  \nVU   le d\u00e9cret du 12 mars 2025 nommant monsieur Jean-Fran\u00e7ois CHANET recteur de l'acad\u00e9mie de Cr\u00e9teil;  \n \nVU l'arr\u00eat\u00e9 du 22 d\u00e9cembre 2022 relatif aux r\u00e8gles de la comptabilit\u00e9 budg\u00e9taire de l'Etat pris en application de \nl'article 54 du d\u00e9cret n\u00b0 2012-1246 du 7 novembre 2012 modifi\u00e9 relatif \u00e0 la gestion budg\u00e9taire et comptable \npublique ; \nVU         l'arr\u00eat\u00e9 minist\u00e9riel du 20 mai 2019 portant nomination de monsieur Sylvain DEMONT, attach\u00e9 principal \nd'administration de l'\u00c9tat, dans l'emploi de secr\u00e9taire g\u00e9n\u00e9ral de la direction des services d\u00e9partementaux \nde l'\u00e9ducation nationale de Seine-et-Marne \u00e0 compter du 6 mai 2019 ;  \nVU l'arr\u00eat\u00e9 minist\u00e9riel du 23 octobre 2020 portant nomination, d\u00e9tachement et classement de monsieur Gilles \nBOUSQUET, inspecteur de l'\u00e9ducation nationale hors classe, dans l'emploi d'ad joint \u00e0 la directrice \nacad\u00e9mique des ser vices de l'\u00e9ducation nationale charg\u00e9 du premier degr\u00e9 du d\u00e9partement de Seine -et-\nMarne \u00e0 compter du 2 novembre 2020 ; \nVU les arr\u00eat\u00e9s du pr\u00e9fet de la r\u00e9gion d'Ile -de-France n\u00b0 IDF -2025-03-26-00009 du 26 mars 2025 portant \nd\u00e9l\u00e9gation de signature \u00e0 monsieur Jean -Fran\u00e7ois CHANET, recteur de l'acad\u00e9mie de Cr\u00e9teil, en mati\u00e8re \nde contr\u00f4le de l\u00e9galit\u00e9 des \u00e9tablissements publics loca ux d'enseignement rattach\u00e9s \u00e0 la r\u00e9gion d'Ile -de-\nFrance dans le ressort de l'acad\u00e9mie de Cr\u00e9teil et n\u00b0 IDF -2025-03-26-00008 du 26 mars 2025 portant \nd\u00e9l\u00e9gation de signature \u00e0 monsieur Jean -Fran\u00e7ois CHANET, recteur de l'acad\u00e9mie de Cr\u00e9teil, en mati\u00e8re \nd'ordonnancement secondaire ; \nVU l'arr\u00eat\u00e9 de la rectrice de la r\u00e9gion acad\u00e9mique Ile -de-France, rectrice de l'acad\u00e9mie de Paris, chanceli\u00e8re \ndes universit\u00e9s de Paris et d'Ile -de-France n\u00b0 2025 -034-RRA du 27 mars 2025 portant d\u00e9l\u00e9gation de \nsignature \u00e0 caract\u00e8re administratif ; \nVU la d\u00e9cision du 11 d\u00e9cembre 2020 portant d\u00e9signation des responsables de budget op\u00e9rationnel de \nprogramme (BOP) et d'unit\u00e9s op\u00e9rationnelles (UO) pour le programme 214 \u00ab  soutien de la politique de \nl'\u00e9ducation nationale \u00bb ; \nVU la d\u00e9cision du  21 d\u00e9cembre 2020 portant d\u00e9signation des responsables de budget op\u00e9rationnel de \nprogramme (BOP) et d'unit\u00e9s op\u00e9rationnelles (UO) pour le programme 150 \u00ab  formations sup\u00e9rieures et \nrecherche universitaire \u00bb ; \n \nRectorat de l'acad\u00e9mie de Cr\u00e9teil - IDF-2025-05-15-00002 - Arr\u00eat\u00e9 du 15 mai 2025 portant d\u00e9l\u00e9gation de signature \u00e0 madame Val\u00e9rie\nDEBUCHY directrice acad\u00e9mique des services de l'\u00e9ducation nationale du d\u00e9partement de la Seine-et-Marne 14\n \n 2 \nARRETE \n \n \n \nARTICLE 1 :  \nMadame Val\u00e9rie DEBUCHY, directrice acad\u00e9mique des services de l'\u00e9ducation nationale dans le d\u00e9partement de \nla Seine-et-Marne, dispose, \u00e0 compter du jour suivant la publication de sa nomination ou \u00e0 compter du jour o\u00f9 cet \nacte prend effet si ce jour est post\u00e9rieu r, de l'ensemble des d\u00e9l\u00e9gations de signature de droit telles qu'elles \nd\u00e9coulent de l'article R. 222-19-3 du code de l'\u00e9ducation modifi\u00e9 par le d\u00e9cret n\u00b0 2012-16 du 5 janvier 2012 relatif \n\u00e0 l'organisation acad\u00e9mique (notamment inscription, d\u00e9rogation \u00e0 la sectorisation, vie scolaire, etc.) \u00e0 l'exception \ndes d\u00e9l\u00e9gations de signature pour les actes suivants :  \n \n- actes relatifs au contr\u00f4le administratif des lyc\u00e9es, EREA et ERPD : action \u00e9ducatrice et  \n  fonctionnement ; \n- actes relatifs au contr\u00f4le financier des EPLE ; \n- actes relatifs au suivi des EPLE : arr\u00eat\u00e9s des groupements comptables ; \n- actes relatifs aux projets des lyc\u00e9es, lyc\u00e9es professionnels et EREA ; \n- autorisations de voyages et d'accompagnement des \u00e9l\u00e8ves du second degr\u00e9  dans le cadre  \n  des appariements \u00e0 l'\u00e9tranger.  \n \n \n \nARTICLE 2 : \n \nEn tant que responsable d'unit\u00e9s op\u00e9rationnelles , d\u00e9l\u00e9gation de signature est donn\u00e9e \u00e0 m adame Val\u00e9rie \nDEBUCHY, directrice acad\u00e9mique des services de l'\u00e9ducation nationale dans le d\u00e9partement de Seine -et-Marne \npour :  \n             - la gestion des cr\u00e9dits de fonctionnement et d'intervention de l'unit\u00e9 op\u00e9rationnelle pour le programme \n140 \u00ab Enseignement scolaire public du premier degr\u00e9 \u00bb ; \n             - la gestion des cr\u00e9dits de personnel en mati\u00e8re de d\u00e9penses d'accidents de service et de formation pour \nle premier degr\u00e9 et des cr\u00e9dits de fonctionnement pour les examens ; \n             - la gestion des cr\u00e9dits de personnel en m ati\u00e8re de d\u00e9penses d'accidents de service et de formation des \naccompagnants des \u00e9l\u00e8ves en situation de handicap et la gestion des cr\u00e9dits de fonctionnement et \nd'intervention en mati\u00e8re de d\u00e9penses de formation des accompagnants des \u00e9l\u00e8ves en situation de \nhandicap et de d\u00e9penses relatives \u00e0 l'inclusion scolaire des \u00e9l\u00e8ves en situation de handicap dans le \ncadre de l'unit\u00e9 op\u00e9rationnelle pour le programme 230 \u00ab Vie de l'\u00e9l\u00e8ve \u00bb.  \n \n \n \nARTICLE 3 : \n \nSubd\u00e9l\u00e9gation de signature est donn\u00e9e \u00e0 madame Val\u00e9rie DEBUCHY , directrice acad\u00e9mique des services de \nl'\u00e9ducation nationale dans le d\u00e9partement de la Seine-et-Marne pour la gestion des cr\u00e9dits de fonctionnement et \nd'intervention, en mati\u00e8re de fonctionneme nt et d'examens, dans le cadre de l'unit\u00e9 op\u00e9rationnelle pour le \nprogramme 214 \u00ab Soutien de la politique de l'\u00e9ducation nationale \u00bb. \n \n \n \n \n \n \n \n \n \nRectorat de l'acad\u00e9mie de Cr\u00e9teil - IDF-2025-05-15-00002 - Arr\u00eat\u00e9 du 15 mai 2025 portant d\u00e9l\u00e9gation de signature \u00e0 madame Val\u00e9rie\nDEBUCHY directrice acad\u00e9mique des services de l'\u00e9ducation nationale du d\u00e9partement de la Seine-et-Marne 15\n \n 3 \n \nARTICLE 4 : \n \nEn mati\u00e8re de gestion du personnel, d\u00e9l\u00e9gation de signature est donn\u00e9e \u00e0 madame Val\u00e9rie DEBUCHY, directrice \nacad\u00e9mique des services de l'\u00e9ducation nationale du d\u00e9partement de la Seine-et-Marne pour :  \n\u2022 la d\u00e9signation des jurys, le d\u00e9roulement des \u00e9preuves d u premier concours interne de professeur des \n\u00e9coles ; \n \n\u2022 la gestion des professeurs des \u00e9coles stagiaires :  \ntoutes les d\u00e9cisions \u00e9num\u00e9r\u00e9es par l'arr\u00eat\u00e9 du 23 septembre 1992 modifi\u00e9 \u00e0 l'exception de celles relatives \n\u00e0 l'organisation des concours dans les conditions pr\u00e9vues par l'arr\u00eat\u00e9 du 25 janvier 2021 ; \n \n\u2022 la gestion des professeurs des \u00e9coles et des instituteurs de l'enseignement public :  \n \n             - les actes pris en application des dispositions des arr\u00eat\u00e9s modifi\u00e9s du 12 avril 1988 et du 28 ao\u00fbt 1990 ; \n             - les arr\u00eat\u00e9s pla\u00e7ant en cong\u00e9 d'office pour un mois en vertu de l'article R. 911-36 du code l'\u00e9ducation ; \n             - les sanctions disciplinaires pr\u00e9vues \u00e0 l'article L. 533-1 du code g\u00e9n\u00e9ral de la fonction publique ; \n \n\u2022 tous les  personnels en fonction dans le d\u00e9partement, \u00e0 l'exception de ceux affect\u00e9s dans les \n\u00e9tablissements d'enseignement sup\u00e9rieur et au rectorat :  \n \n             - autorisations d'absence ;  \n             - d\u00e9cisions relatives aux demandes de d\u00e9rogation \u00e0 l'obligation d'occuper un logement de fonction et \u00e0 \nl'obligation de r\u00e9sidence pour les personnels exer\u00e7ant en coll\u00e8ge ; \n             - d\u00e9cisions d'imputabilit\u00e9 au service des accidents du travail pour les personnels relev ant des corps du \npremier degr\u00e9 ; \n             - d\u00e9cisions relatives au compte personnel de formation ; \n \n\u2022 les personnels du service d\u00e9partemental de l'\u00e9ducation nationale : \n \n             - d\u00e9cisions d'octroi de cong\u00e9 de maladie pr\u00e9vu aux articles L. 822-1, L. 822-2 et L. 822-3 du code g\u00e9n\u00e9ral \nde la fonction publique et \u00e0 l'article 24 du d\u00e9cret n\u00b0 94-874 du 7 octobre 1994 modifi\u00e9 ; \n             - d\u00e9cisions d'octroi d'un cong\u00e9 pour maternit\u00e9 ou pour adoption ou d'un cong\u00e9 de paternit\u00e9 pr\u00e9vu \u00e0 l'article \nL. 631-1 du code g\u00e9n\u00e9ral de la fonction publique et \u00e0 l'article 22 du d\u00e9cret n\u00b0 94-874 du 7 octobre 1994 \nmodifi\u00e9 ; \n \n\u2022 les d\u00e9cisions relatives au recrutement, \u00e0 la gestion et \u00e0 la fin du contrat de certains agents non titulaires \nexer\u00e7ant dans les \u00e9coles primaires  et les d\u00e9cisions relatives au recrutement, \u00e0 la gestion et \u00e0 la fin de \ncontrat d'intervenants dans les \u00e9coles primaires ; \n \n\u2022 les d\u00e9cisions relatives au recrutement, \u00e0 la gestion administrative et financi\u00e8re et \u00e0 la fin d u contrat des \naccompagnants des \u00e9l\u00e8ves en situation de handicap (AESH) (contrat \u00e0 dur\u00e9e d\u00e9termin\u00e9e ou contrat \u00e0 \ndur\u00e9e ind\u00e9termin\u00e9e) ; \n \n\u2022 les d\u00e9cisions relatives au recrutement, \u00e0 la gestion administrative et financi\u00e8re et \u00e0 la fin du contrat des \naccompagnants des personnels en situation de handicap (APSH) (contrat \u00e0 dur\u00e9e d\u00e9termin\u00e9e ou contrat \n\u00e0 dur\u00e9e ind\u00e9termin\u00e9e). \n \n \n \n \n \n \n \n \nRectorat de l'acad\u00e9mie de Cr\u00e9teil - IDF-2025-05-15-00002 - Arr\u00eat\u00e9 du 15 mai 2025 portant d\u00e9l\u00e9gation de signature \u00e0 madame Val\u00e9rie\nDEBUCHY directrice acad\u00e9mique des services de l'\u00e9ducation nationale du d\u00e9partement de la Seine-et-Marne 16\n \n 4 \nARTICLE 5 : \n \nEn application de l'article R.  222-17-1 du code de l'\u00e9ducation, d\u00e9l\u00e9gation de signature est donn\u00e9e \u00e0 madame \nVal\u00e9rie DEBUCHY, directrice acad\u00e9mique des services de l'\u00e9ducation nationale dans le d\u00e9partement de Seine -\net-Marne, pour signer au nom du recteur de l' acad\u00e9mie de Cr\u00e9teil tous actes, arr\u00eat\u00e9s, d\u00e9cisions et \ncorrespondances, dans la limite de leurs attributions, dans les domaines suivants  :   \n- l'organisation du s\u00e9jour de coh\u00e9sion du service national universel (SNU), le recrutement et la \ngestion des personnes physiques participant \u00e0 des fonctions d'animation ou de direction de ce \ns\u00e9jour, l'approbation dans le cadre de la r\u00e9serve du SNU des missions d'int\u00e9r\u00eat g\u00e9n\u00e9ral, \nl'inscription, l'affectation des r\u00e9servistes et le contr\u00f4le des conditions de mise en \u0153uvre de la \nr\u00e9serve ; \n  \n- l'agr\u00e9ment des associations de jeunesse et d'\u00e9ducation populaire ;  \n \n- l'attribution des subventions d'appui au secteur associatif vers\u00e9es par l'interm\u00e9diaire du Fonds \nde coop\u00e9ration de la jeunesse et d'\u00e9ducation populaire (FONJEP) ;  \n \n- la d\u00e9livrance du brevet d'aptitude aux fonctions d'animateur (BAFA). \n \n \n \nARTICLE 6 : \n \nLa gestion des bourses du second degr\u00e9 s'effectue au sein d'un service interd\u00e9partemental situ\u00e9 dans le \nd\u00e9partement de la Seine-et-Marne.  \n \n \n \nARTICLE 7 : \n \nPour les d\u00e9cisions relevant de l'article R. 222-19-3 du code de l'\u00e9ducation (notamment inscription, d\u00e9rogation \u00e0 la \nsectorisation, vie scolaire ) et pour les d\u00e9cisions \u00e9nonc\u00e9es \u00e0 l'article 5 du pr\u00e9sent arr\u00eat\u00e9 , madame Val\u00e9rie \nDEBUCHY, directrice acad\u00e9mique des services de l'\u00e9ducation nationale dans le d\u00e9partement d e la Seine-et-\nMarne, peut acc order une subd\u00e9l\u00e9gation de signature aux personnes mentionn\u00e9es \u00e0 l'article D.  222-20 du code \nde l'\u00e9ducation : \n \n- aux directeurs  acad\u00e9miques adjoints des services de l'\u00e9ducation nationale, au secr\u00e9taire \ng\u00e9n\u00e9ral de  la direction du service d\u00e9partemental de l' \u00e9ducation national e ou au chef des \nservices administratifs de ce m\u00eame service ;  \n \n- aux inspecteurs de l'\u00e9ducation nationale, qui sont ses adjoints ; \n \n- au chef de service d\u00e9partemental \u00e0 la jeunesse, \u00e0 l'engagement et aux sports, lequel peut \n\u00e9galement donner d\u00e9l\u00e9gation aux agents plac\u00e9s sous son autorit\u00e9 pour signer tous actes relatifs \naux affaires pour lesquelles il a lui-m\u00eame re\u00e7u d\u00e9l\u00e9gation.  \n \nARTICLE 8 : \n \nPour les d\u00e9cisions mentionn\u00e9es aux articles 2, 3 , et 4 en cas d'absence ou d'emp\u00eachement de madame  Val\u00e9rie \nDEBUCHY, directrice acad\u00e9mique des services de l'\u00e9ducation nationale du d\u00e9partement de la Seine-et-Marne, \nd\u00e9l\u00e9gation de signature est donn\u00e9e \u00e0 : \n \n- Monsieur Philippe PICARD, directeur acad\u00e9mique adjoint de s services de l'\u00e9ducation \nnationale de la Seine-et-Marne ;  \n \n \nRectorat de l'acad\u00e9mie de Cr\u00e9teil - IDF-2025-05-15-00002 - Arr\u00eat\u00e9 du 15 mai 2025 portant d\u00e9l\u00e9gation de signature \u00e0 madame Val\u00e9rie\nDEBUCHY directrice acad\u00e9mique des services de l'\u00e9ducation nationale du d\u00e9partement de la Seine-et-Marne 17\n \n 5 \n- Monsieur Sylvain DEMONT, secr\u00e9taire g\u00e9n\u00e9ral de la direction  des services d\u00e9partementaux \nde l'\u00e9ducation nationale de la Seine-et-Marne directeur acad\u00e9mique adjoint des services de \nl'\u00e9ducation nationale de la Seine-et-Marne ;  \n \nEt en cas d'absence ou d'emp\u00eachement de ces derniers \u00e0 : \n \n- Monsieur Gilles BOUSQUET, adjoint de la directrice acad\u00e9mique des services de l'\u00e9ducation \nnationale de la Seine-et-Marne en charge du premier degr\u00e9.  \n \n \n \nARTICLE 9 : \n \nLe pr\u00e9sent arr\u00eat\u00e9 abroge l'arr\u00eat\u00e9 du 4 avril 2025. \n \n \n \nARTICLE 10 : \n \nLe secr\u00e9taire g\u00e9n\u00e9ral de l'acad\u00e9mie de Cr\u00e9teil et la directrice acad\u00e9mique des services de l'\u00e9ducation nationale \nde la Seine-et-Marne, sont charg\u00e9s, chacun en ce qui le concerne, de l'ex\u00e9cution du pr\u00e9sent arr\u00eat\u00e9, qui sera publi\u00e9 \nau recueil des actes administratifs de la pr\u00e9fecture de r\u00e9gion d'Ile-de-France et au recueil des actes administratifs \nde la pr\u00e9fecture du d\u00e9partement de la Seine et Marne.  \n \n \n Fait \u00e0 Cr\u00e9teil, le 15 mai 2025 \n \n \n Le recteur de l'acad\u00e9mie de Cr\u00e9teil \n \n            \n                                                                                                        Sign\u00e9 \n  \n        Jean-Fran\u00e7ois CHANET  \nRectorat de l'acad\u00e9mie de Cr\u00e9teil - IDF-2025-05-15-00002 - Arr\u00eat\u00e9 du 15 mai 2025 portant d\u00e9l\u00e9gation de signature \u00e0 madame Val\u00e9rie\nDEBUCHY directrice acad\u00e9mique des services de l'\u00e9ducation nationale du d\u00e9partement de la Seine-et-Marne 18\nRectorat de l'acad\u00e9mie de Cr\u00e9teil\nIDF-2025-05-15-00004\nArr\u00eat\u00e9 du 15 mai 2025 portant d\u00e9l\u00e9gation de\nsignature \u00e0 monsieur Gr\u00e9gory PREMON, directeur\nacad\u00e9mique des services de l'\u00e9ducation\nnationale dans le d\u00e9partement du Val-de-Marne\nRectorat de l'acad\u00e9mie de Cr\u00e9teil - IDF-2025-05-15-00004 - Arr\u00eat\u00e9 du 15 mai 2025 portant d\u00e9l\u00e9gation de signature \u00e0 monsieur Gr\u00e9gory\nPREMON, directeur acad\u00e9mique des services de l'\u00e9ducation nationale dans le d\u00e9partement du Val-de-Marne 19\nACADEMIEDE CRETEILLibert\u00e9Egalit\u00e9Fraternit\u00e9\n 1 \n  \n   \n \nArr\u00eat\u00e9 du 15 mai 2025 portant d\u00e9l\u00e9gation de signature \n\u00e0 monsieur Gr\u00e9gory PREMON, directeur acad\u00e9mique des services de l'\u00e9ducation nationale \ndans le d\u00e9partement du Val-de-Marne \n \n         \n       LE RECTEUR DE L'ACADEMIE DE CRETEIL \n \nVU le code de l'\u00e9ducation et, notamment, ses articles R. 222-17-1, R. 222-19 et suivants, R. 222-24 et suivants,  \n           D. 222-27 et l'article L.917-1 ; \n \nVU le code g\u00e9n\u00e9ral de la fonction publique ; \n \nVU le d\u00e9cret n\u00b0 2012-1246 du 7 novembre 2012 modifi\u00e9 relatif \u00e0 la gestion budg\u00e9taire et comptable publique ; \n \nVU   le d\u00e9cret du 10 f\u00e9vrier 2020 nommant monsieur Olivier LANEZ, conseiller du recteur, d\u00e9l\u00e9gu\u00e9 acad\u00e9mique aux \nenseignants techniques de l'acad\u00e9mie de Paris, en tant que directeur acad\u00e9mique adjoint des services de  \nl'\u00e9ducation nationale du Val-de-Marne ; \n \nVU le d\u00e9cret du 16 d\u00e9cembre 2024 nommant monsieur Gr\u00e9gory PREMON , directeur acad\u00e9mique des services de \nl'\u00e9ducation nationale de la Moselle, en qualit\u00e9 de directeur acad\u00e9mique des services de l'\u00e9ducation nationale \ndu Val de Marne ; \n \nVU le d\u00e9cret du 26 f\u00e9vrier 2025 nommant m onsieur Franck GOUSSET , conseiller technique de recteur pour les \n\u00e9tablissements et la vie scolaire de l'acad\u00e9mie de Versailles, directeur acad\u00e9mique adjoint des services de \nl'\u00e9ducation nationale du Val de Marne ; \n \nVU le d\u00e9cret du 12 mars 2025 nommant monsieur Jean-Fran\u00e7ois CHANET recteur de l'acad\u00e9mie de Cr\u00e9teil ; \n \nVU l'arr\u00eat\u00e9 du 22 d\u00e9cembre 2022  relatif aux r\u00e8gles de la comptabilit\u00e9 budg\u00e9taire de l'Etat pris en application de \nl'article 54 du d\u00e9cret  n\u00b0 2012-1246 du 7 novembre 2012 modifi\u00e9 relatif \u00e0 la gestion budg\u00e9taire et comptable \npublique ; \n \nVU l'arr\u00eat\u00e9 minist\u00e9riel du  11 ao\u00fbt 2021 portant nomination , d\u00e9tachement et classement  de m adame Elisabeth \nLORIN, inspectrice de l'\u00e9ducation nationale  hors classe, dans l'emploi d'adjointe au directeur acad\u00e9mique des \nservices de l'\u00e9ducation nationale du d\u00e9partement de Val-de-Marne, charg\u00e9e du 1er degr\u00e9 ; \n \nVU l'arr\u00eat\u00e9 minist\u00e9riel du 15 janvier 2025 portant nomination et classement de m onsieur Yohann PRUNIER , \nattach\u00e9 principal d'administration, dans l'emploi de secr\u00e9taire g\u00e9n\u00e9ral de la direction des services \nd\u00e9partementaux de l'\u00e9ducation nationale du Val-de-Marne ;  \n \nVU les arr\u00eat\u00e9s du pr\u00e9fet de la r\u00e9gion d'Ile-de-France n\u00b0 IDF-2025-03-26-00009 du 26 mars 2025 portant d\u00e9l\u00e9gation \nde signature \u00e0 m onsieur Jean-Fran\u00e7ois CHANET, recteur de l'acad\u00e9mie de Cr\u00e9teil, en mati\u00e8re de contr\u00f4le de \nl\u00e9galit\u00e9 des \u00e9tablissements publics locaux d'enseignement rattach\u00e9s \u00e0 la r\u00e9gion d'Ile-de-France dans le ressort \nde l'acad\u00e9mie de Cr\u00e9teil  et n\u00b0 IDF-2025-03-26-00008 du 26 mars 2025  portant d\u00e9l\u00e9gation de signature \u00e0 \nmonsieur Jean-Fran\u00e7ois CHANET, recteur de l'acad\u00e9mie de Cr\u00e9teil, en mati\u00e8re d'ordonnancement secondaire; \nRectorat de l'acad\u00e9mie de Cr\u00e9teil - IDF-2025-05-15-00004 - Arr\u00eat\u00e9 du 15 mai 2025 portant d\u00e9l\u00e9gation de signature \u00e0 monsieur Gr\u00e9gory\nPREMON, directeur acad\u00e9mique des services de l'\u00e9ducation nationale dans le d\u00e9partement du Val-de-Marne 20\n 2 \n \nVU l'arr\u00eat\u00e9 de la rectrice  de la r\u00e9gion acad\u00e9mique Ile -de-France, rectrice de l'acad\u00e9mie de Paris, chance li\u00e8re des \nuniversit\u00e9s de Paris et d'Ile -de-France n\u00b0 202 5-034-RRA du 27 mars 2025 portant d\u00e9l\u00e9gation de signature \u00e0 \ncaract\u00e8re administratif ; \nVU la d\u00e9cision du 11 d\u00e9cembre 2020 portant d\u00e9signation des responsables de budget  op\u00e9rationnel de programme \n(BOP) e t d'uni t\u00e9s op\u00e9rationnelles (UO) pour le programme 214 \u00ab  soutien de la politique de l'\u00e9ducation \nnationale \u00bb ; \nVU la d\u00e9cision du 21 d\u00e9cembre 2020 portant d\u00e9signation des responsables de budget op\u00e9rationnel de programme \n(BOP) et d'unit\u00e9s op\u00e9rationnelles (UO) pour le  programme 150 \u00ab formations sup\u00e9rieures et recherche \nuniversitaire \u00bb ; \n \n \nARRETE \n \n \n \n  ARTICLE 1 : \n \nMonsieur Gr\u00e9gory PREMON, directeur acad\u00e9mique des services de l'\u00e9ducation nationale dans le d\u00e9partement du \nVal-de-Marne dispose, \u00e0 compter du jour suiv ant la publication de sa nomination ou \u00e0 compter du jour o\u00f9 cet acte \nprend effet si ce jour est post\u00e9rieur, de l'ensemble des d\u00e9l\u00e9gations de signature de droit telles qu'elles d\u00e9coulent de \nl'article R. 222-19-3 du code de l'\u00e9ducation modifi\u00e9 par le d\u00e9cret n\u00b0 2012-16 du 5 janvier 2012 relatif \u00e0 l'organisation \nacad\u00e9mique (notamment inscription, d\u00e9rogation \u00e0 la sectorisation, vie scolaire, etc.) \u00e0 l'exception des d\u00e9l\u00e9gations de \nsignature pour les actes suivants : \n  -   actes relatifs au contr\u00f4le administratif des lyc\u00e9es, EREA et ERPD : action \u00e9ducatrice et \n                                            fonctionnement ; \n  -   actes relatifs au contr\u00f4le financier des EPLE ; \n  -   acte relatif au suivi des EPLE :  arr\u00eat\u00e9s des groupements comptables ; \n  -   actes relatifs aux projets des lyc\u00e9es, lyc\u00e9es professionnels et EREA ; \n  -   autorisations de voyages et d'accompagnement des \u00e9l\u00e8ves du second degr\u00e9 dans le cadre  \n                                            des appariements \u00e0 l'\u00e9tranger.  \n \n \nARTICLE 2 : \n \nEn tant que responsable d'unit\u00e9s op\u00e9rationnelles, d\u00e9l\u00e9gation de signature est donn\u00e9e \u00e0 monsieur Gr\u00e9gory PREMON, \ndirecteur acad\u00e9mique des services de l'\u00e9ducation nationale dans le d\u00e9partement du Val -de-Marne pour :  \n             - la gestion des cr\u00e9dits de fonctionneme nt et d 'intervention de l'unit\u00e9 op\u00e9rationnelle pour le programme 140 \n\u00ab Enseignement scolaire public du premier degr\u00e9 \u00bb ; \n             - la gestion des cr\u00e9dits de personnel en mati\u00e8re de d\u00e9penses d'accidents de service et d e formation pour le \npremier degr\u00e9 et des cr\u00e9dits de fonctionnement pour les examens ; \n             - la gestion des cr\u00e9dits de personnel en mati\u00e8re de d\u00e9penses d'accidents de service et de formation des \naccompagnants des \u00e9l\u00e8ves en situation de handicap et la gestion des cr\u00e9dits de fonction nement et \nd'intervention en mati\u00e8re de d\u00e9penses de formation des accompagnants des \u00e9l\u00e8ves en situation de \nhandicap et de d\u00e9penses relatives \u00e0 l'inclusion scolaire des \u00e9l\u00e8ves en situation de handicap dans le cadre \nde l'unit\u00e9 op\u00e9rationnelle pour le programme 230 \u00ab Vie de l'\u00e9l\u00e8ve \u00bb.  \n \n \nARTICLE 3 : \n \nSubd\u00e9l\u00e9gation de signature est donn\u00e9e \u00e0 monsieur Gr\u00e9gory PREMON , direct eur acad\u00e9mique des services de \nl'\u00e9ducation nationale dans le d\u00e9partement du Val -de-Marne pour la gestion des c r\u00e9dits de fonctionnement et \nd'intervention, en mati\u00e8re de fonctionnement et d'examens, dans le cadre de l'unit\u00e9 op\u00e9rationnelle pour le programme \n214 \u00ab Soutien de la politique de l'\u00e9ducation nationale \u00bb. \n \nRectorat de l'acad\u00e9mie de Cr\u00e9teil - IDF-2025-05-15-00004 - Arr\u00eat\u00e9 du 15 mai 2025 portant d\u00e9l\u00e9gation de signature \u00e0 monsieur Gr\u00e9gory\nPREMON, directeur acad\u00e9mique des services de l'\u00e9ducation nationale dans le d\u00e9partement du Val-de-Marne 21\n 3 \n \nARTICLE 4 : \n \nEn mati\u00e8re de gestion du personnel, d\u00e9 l\u00e9gation de signature est donn\u00e9e \u00e0  monsieur Gr\u00e9gory PREMON , direct eur \nacad\u00e9mique des services de l'\u00e9ducation nationale dans le d\u00e9partement du Val -de-Marne pour :  \n \n \n\u2022 la d\u00e9signation des jurys, le d\u00e9roulement des \u00e9preuves du premier concours interne de profes seur des  \n\u00e9coles ;  \n \n\u2022 la gestion des professeurs des \u00e9coles stagiaires : \n \ntoutes d\u00e9cisions \u00e9num\u00e9r\u00e9es par l'arr\u00eat\u00e9 du 23 septembre 1992 modifi\u00e9 \u00e0 l'exception de celles relatives \u00e0 \nl'organisation des concours dans les conditions pr\u00e9vues par l'arr\u00eat\u00e9 du 25 janvier 2021 ; \n \n\u2022 la gestion des professeurs des \u00e9coles et des instituteurs de l'enseignement public : \n \n             - les actes pris en application des dispositions des arr\u00eat\u00e9s modifi\u00e9s du 12 avril 1988 et du 28 ao\u00fbt 1990 ;  \n             - les arr\u00eat\u00e9s pla\u00e7ant en cong\u00e9 d'office pour un mois en vertu de l'article R. 911-36 du code l'\u00e9ducation ; \n             - les sanctions disciplinaires pr\u00e9vues \u00e0 l'article L. 533-1 du code g\u00e9n\u00e9ral de la fonction publique ; \n \n\u2022 tous les personnels en fonction dans le d\u00e9partement, \u00e0 l' exception de ceux affect\u00e9s dan s les \u00e9tablissements \nd'enseignement sup\u00e9rieur et au rectorat : \n \n             - autorisations d'absence ;  \n             - d\u00e9cisions relatives aux demandes de d\u00e9rogation \u00e0 l'obligation d'occuper un logement de fonction et \u00e0 \nl'obligation de r\u00e9sidence pour les personnels exer\u00e7ant en coll\u00e8ge ; \n             - d\u00e9cisions d'imputabilit\u00e9 au service des accidents du travail pour les personnels relevant des corps du \npremier degr\u00e9 ; \n             - d\u00e9cisions relatives au compte personnel de formation ; \n \n\u2022 les personnels du service d\u00e9partemental de l'\u00e9ducation nationale :  \n \n             - d\u00e9cisions d'octroi de cong\u00e9 de maladie pr\u00e9vu aux articles L. 822 -1, L. 822-2 et L. 822-3 du code g\u00e9n\u00e9ral de \nla fonction publique et \u00e0 l'article 24 du d\u00e9cret n\u00b0 94-874 du 7 octobre 1994 modifi\u00e9 ; \n             - d\u00e9cisions d'octroi d'un cong\u00e9 pour maternit\u00e9 ou pour adoption ou d'un cong\u00e9 de paternit\u00e9 pr\u00e9vu \u00e0 l'article L. \n631-1 du code g\u00e9n\u00e9ral de la fonction publique et \u00e0 l'article 22 du d\u00e9cret n\u00b0 94 -874 du 7 octobr e 1994 \nmodifi\u00e9 ; \n \n\u2022 les d\u00e9cision s relatives au recrutement, \u00e0 la g estion et \u00e0 la fin du contrat de certains agents non titulaires \nexer\u00e7ant dans les \u00e9coles primaires et les d\u00e9cisions relatives au recrutement, \u00e0 la gestion et \u00e0 la fin de contrat \nd'intervenants dans les \u00e9coles primaires ;  \n \n \n\u2022 les d\u00e9cisions relatives au recru tement, \u00e0 la gestion administrative et financi\u00e8re et \u00e0 la fin du contrat des \naccompagnants des \u00e9l\u00e8ves en situation de handicap (AESH) (contrat \u00e0 dur\u00e9e d\u00e9termin\u00e9e ou contrat \u00e0 dur\u00e9e \nind\u00e9termin\u00e9e) ; \n \n \n\u2022 les d\u00e9cisions relatives au recrutement, \u00e0 la gestion administrative et financi\u00e8re et \u00e0 la fin du contrat des \naccompagnants des personnels en situation de handicap (APSH) (contrat \u00e0 dur\u00e9e d\u00e9termin\u00e9e ou contrat \u00e0 \ndur\u00e9e ind\u00e9termin\u00e9e). \n \n \n \n \n \n \nRectorat de l'acad\u00e9mie de Cr\u00e9teil - IDF-2025-05-15-00004 - Arr\u00eat\u00e9 du 15 mai 2025 portant d\u00e9l\u00e9gation de signature \u00e0 monsieur Gr\u00e9gory\nPREMON, directeur acad\u00e9mique des services de l'\u00e9ducation nationale dans le d\u00e9partement du Val-de-Marne 22\n 4 \nARTICLE 5 : \n \nEn application de l'article R.  222-17-1 du code de l'\u00e9ducation, d\u00e9l\u00e9gation de signature est donn\u00e9e \u00e0 m onsieur \nGr\u00e9gory PREMON , direct eur acad\u00e9mique des services de l'\u00e9ducation nationale dans le d\u00e9partement d u Val -de-\nMarne, pour signer au nom d u recteur de  l'acad\u00e9mie de Cr\u00e9teil  tous actes, arr\u00eat\u00e9s, d\u00e9c isions et c orrespondances, \ndans la limite de leurs attributions, dans les domaines suivants :   \n- l'organisation du s\u00e9jour de coh\u00e9sion du service national universel (SNU), le recrutement et la \ngestion des pers onnes physiqu es participant \u00e0 de s fonctions d'a nimation ou  de direction de ce \ns\u00e9jour, l'approbation dans le cadre de la r\u00e9serve du SNU des missions d'int\u00e9r\u00eat g\u00e9n\u00e9ral, \nl'inscription, l'affectation des r\u00e9servistes et le contr\u00f4le des conditions de mise en \u0153uv re de la \nr\u00e9serve ; \n  \n- l'agr\u00e9ment des associations de jeunesse et d'\u00e9ducation populaire ;  \n \n- l'attribution des subventions d'appui au secteur associatif vers\u00e9es par l'interm\u00e9diaire du Fonds de \ncoop\u00e9ration de la jeunesse et d'\u00e9ducation populaire (FONJEP) ;  \n \n- la d\u00e9livrance du brevet d'aptitude aux fonctions d'animateur (BAFA). \n \n \n  ARTICLE 6 : \n \nLa gestion des bourses du second degr\u00e9 s'effectue au sein d'un service interd\u00e9partemental situ\u00e9 dans le d\u00e9partement \nde la Seine-et-Marne.  \n \n \nARTICLE 7 : \n \nPour les d\u00e9 cisions relev ant de l'article R.  222-19-3 du code de l'\u00e9du cation (notamment inscription, d\u00e9rogation \u00e0 la \nsectorisation, v ie scolaire, etc. ) et pour les d\u00e9cisions \u00e9nonc\u00e9es \u00e0 l'article 5 du pr\u00e9sent arr\u00eat\u00e9 , monsieur Gr\u00e9gory \nPREMON, direct eur acad\u00e9mique des se rvices de l'\u00e9 ducation nationale dans le d\u00e9parte ment du Val -de-Marne, peut \naccorder une subd\u00e9l\u00e9gation de signature aux personnes mentionn\u00e9es \u00e0 l'article D. 222-20 du code de l'\u00e9ducation : \n \n- aux directeurs acad\u00e9miques adjoints des services de l'\u00e9ducation nati onale, au sec r\u00e9taire g\u00e9n\u00e9ral de la \ndirection du service d\u00e9partemental de l'\u00e9ducation nationale ou au chef des services administratifs de ce m\u00eame \nservice ; \n \n- aux inspecteurs de l'\u00e9ducation nationale, qui sont ses adjoints ; \n \n- au chef du service d\u00e9partemental \u00e0 la jeunesse, \u00e0 l'engagement et  aux sports, lequel peut \u00e9galement donner \nd\u00e9l\u00e9gation aux agents plac\u00e9s sous son autorit\u00e9 pour signer tous actes relatifs aux affaires pour lesquelles il a \nlui-m\u00eame re\u00e7u d\u00e9l\u00e9gation. \n \n \nARTICLE 8 : \n \nPour les  d\u00e9cisions mentionn\u00e9 es aux articl es 2, 3  et 4 , en cas d'absence ou d'emp\u00eachement de m onsieur Gr\u00e9gory \nPREMON, direct eur acad\u00e9mique des services de l'\u00e9ducation nationale dans l e d\u00e9partement du Val -de-Marne, \nd\u00e9l\u00e9gation de signature est donn\u00e9e \u00e0 :  \n- Monsieur Olivier LANEZ, directeur acad\u00e9mique adjoint des services de l'\u00e9ducation nationale du Val-de-Marne; \n- Monsieur Franck GOUSSET, directeur acad\u00e9mique adjoint des services de l'\u00e9ducation nationale du Val -de-\nMarne ; \n- Monsieur Yohann PRUNIER , secr\u00e9taire g\u00e9n\u00e9ral de la direction des  services d\u00e9partementaux de l'\u00e9ducatio n \nnationale du Val-de-Marne ; \n \nEt en cas d'absence ou d'emp\u00eachement de ces derniers \u00e0 : \n \n- Madame Elisabeth LORIN, inspectrice de l'\u00e9ducation nationale adjointe au directeur acad\u00e9mique des services \nde l'\u00e9ducation nationale du Val-de-Marne, charg\u00e9e du 1er degr\u00e9. \nRectorat de l'acad\u00e9mie de Cr\u00e9teil - IDF-2025-05-15-00004 - Arr\u00eat\u00e9 du 15 mai 2025 portant d\u00e9l\u00e9gation de signature \u00e0 monsieur Gr\u00e9gory\nPREMON, directeur acad\u00e9mique des services de l'\u00e9ducation nationale dans le d\u00e9partement du Val-de-Marne 23\n 5 \n \n  ARTICLE 9 : \n \nLe pr\u00e9sent arr\u00eat\u00e9 abroge l'arr\u00eat\u00e9 du 4 avril 2025. \n \n \n  ARTICLE 10 :  \n \nLe secr\u00e9taire g\u00e9n\u00e9ra l de l'acad\u00e9mie de Cr\u00e9teil et l e directeur acad\u00e9mique des services de l'\u00e9ducation nationale du \nVal-de-Marne, sont, chacun en ce qui le concerne, charg\u00e9s de l'ex\u00e9cution du pr\u00e9sent arr\u00eat\u00e9 qui sera publi\u00e9 au recueil \ndes actes administratifs de la pr\u00e9fecture de r\u00e9gion d'Ile -de-France et au recueil des actes administratifs de la \npr\u00e9fecture du d\u00e9partement du Val-de-Marne.  \n \n \n \n \n \n Fait \u00e0 Cr\u00e9teil, le 15 mai 2025 \n \n \n \n Le recteur de l'acad\u00e9mie de Cr\u00e9teil \n                                                                                              \n \n                                                                                                                Sign\u00e9 \n \n \n  Jean-Fran\u00e7ois CHANET \nRectorat de l'acad\u00e9mie de Cr\u00e9teil - IDF-2025-05-15-00004 - Arr\u00eat\u00e9 du 15 mai 2025 portant d\u00e9l\u00e9gation de signature \u00e0 monsieur Gr\u00e9gory\nPREMON, directeur acad\u00e9mique des services de l'\u00e9ducation nationale dans le d\u00e9partement du Val-de-Marne 24","date":"2025-05-15","first_seen_on":"2025-05-15T16:46:01+00:00","id":"fbffd619de4eb9d38cdf84d0a1738e2739111e380a00d2753d3257759bffbba8","name":"recueilDS-idf-026-2025-05-recueil-des-actes-administratifs-special du 15.05.2025","pdf_creation_date":"2025-05-15T14:58:40+00:00","pdf_modification_date":null,"timezone":"Europe/Paris","url":"https://www.prefectures-regions.gouv.fr/ile-de-france/irecontenu/telechargement/127705/942178/file/recueilDS-idf-026-2025-05-recueil-des-actes-administratifs-special%20du%2015.05.2025.pdf"}
