{"administration":"pref50","administration_name":"Pr\u00e9fecture de la Manche","content":"MANCHE\nRECUEIL DES ACTES\nADMINISTRATIFS SP\u00c9CIAL\nN\u00b050-2025-082\nPUBLI\u00c9 LE 22 SEPTEMBRE 2025\nSommaire\nPr\u00e9fecture de la Manche /\n50-2025-09-22-00030 - Arr\u00eat\u00e9 confiant la suppl\u00e9ance du poste de M. le\nPr\u00e9fet de la Manche, le 24 septembre 2025 (2 pages) Page 3\n2\nPr\u00e9fecture de la Manche\n50-2025-09-22-00030\nArr\u00eat\u00e9 confiant la suppl\u00e9ance du poste de M. le\nPr\u00e9fet de la Manche, le 24 septembre 2025\nPr\u00e9fecture de la Manche - 50-2025-09-22-00030 - Arr\u00eat\u00e9 confiant la suppl\u00e9ance du poste de M. le Pr\u00e9fet de la Manche, le 24\nseptembre 2025 3\nExPR\u00c9FETDE LA MANCHEijerte'Egalit\u00e9Fraternit\u00e9\nSECR\u00c9TARIAT G\u00c9N\u00c9RAL\nService de la coordination des politiques publiques\n et de l'appui territorial\nArr\u00eat\u00e9 n\u00b02025-79 \u2013 VN\nA R R \u00ca T \u00c9\nconfiant la suppl\u00e9ance du poste de M. le Pr\u00e9fet de la Manche\nle 24 septembre 2025\nLe Pr\u00e9fet de la Manche,\nChevalier de l'Ordre national du M\u00e9rite\nVU la loi n\u00b0 82-213 du 3 mars 1982 modifi\u00e9e relative aux droits et libert\u00e9s des communes,  \ndes d\u00e9partements et des r\u00e9gions ;\nVU  la loi d'orientation n\u00b0 92-125 du 6 f\u00e9vrier 1992 modifi\u00e9e relative \u00e0 l'administration  \nterritoriale de la R\u00e9publique ;\nVU le d\u00e9cret n\u00b0 2004-374 du 29 avril 2004 modifi\u00e9 relatif aux pouvoirs des pr\u00e9fets, \u00e0  \nl'organisation et \u00e0 l'action des services de l'\u00c9tat dans les r\u00e9gions et d\u00e9partements ;\nVU le d\u00e9cret du 27 ao\u00fbt 2025 portant nomination de M. Marc CHAPPUIS, pr\u00e9fet de la  \nManche ;\nVU le d\u00e9cret du 23 mars 2023 portant nomination de M. Julien MINICONI, sous-pr\u00e9fet de  \nCoutances ; \nSUR proposition de la secr\u00e9taire g\u00e9n\u00e9rale de la pr\u00e9fecture,\nA R R \u00ca T E\nARTICLE  1  er   :  M.  Julien  MINICONI,  sous-pr\u00e9fet  de  Coutances,  est  charg\u00e9  d'assurer  la \nsuppl\u00e9ance du poste de pr\u00e9fet le 24 septembre 2025.\nARTICLE 2 : D\u00e9l\u00e9gation de signature est donn\u00e9e, \u00e0 ce titre, \u00e0 M. Julien MINICONI en toutes \nmati\u00e8res relevant des attributions du repr\u00e9sentant de l'\u00c9tat dans le d\u00e9partement \u00e0 l'effet  \nd'exercer pleinement cette responsabilit\u00e9.\n.../...\nBP 70522 - 50002 SAINT-LO CEDEX - T\u00e9l. : 02.33.75.49.50 - M\u00e9l. : prefecture@manche.gouv.fr\nAccueil du public les lundi, mardi, jeudi et vendredi\nbureau des migrations et de l'int\u00e9gration de 8h30 \u00e0 12h \u2013 point accueil num\u00e9rique de 8h30 \u00e0 12h30\nwww.manche.gouv.fr\nAccueil g\u00e9n\u00e9ral ouvert du lundi au vendredi de 8h30 \u00e0 12h30 et de 14h \u00e0 17h\nPr\u00e9fecture de la Manche - 50-2025-09-22-00030 - Arr\u00eat\u00e9 confiant la suppl\u00e9ance du poste de M. le Pr\u00e9fet de la Manche, le 24\nseptembre 2025 4\nARTICLE 3  : La  secr\u00e9taire g\u00e9n\u00e9rale de la pr\u00e9fecture et Julien MINICONI, sous-pr\u00e9fet de  \nCoutances, sont charg\u00e9s, chacun en ce qui la concerne, de l'ex\u00e9cution du pr\u00e9sent arr\u00eat\u00e9  \nqui sera publi\u00e9 au recueil des actes administratifs de la pr\u00e9fecture.\nSAINT-LO, le 22 septembre 2025\nSign\u00e9\n                          Marc CHAPPUIS\nPr\u00e9fecture de la Manche - 50-2025-09-22-00030 - Arr\u00eat\u00e9 confiant la suppl\u00e9ance du poste de M. le Pr\u00e9fet de la Manche, le 24\nseptembre 2025 5","date":"2025-01-22","first_seen_on":"2025-10-06T20:12:47+00:00","id":"fc3e64fa16a15ba1cf93051e859abbbe452d07dac7480351852273d38f91765d","name":"RAA sp\u00e9cial d\u00e9l\u00e9gation de signature 50-2025-082 PDF - 0,09 Mb - 22/09/2025","pdf_creation_date":"2025-09-22T12:08:59+00:00","pdf_modification_date":null,"timezone":"Europe/Paris","url":"https://www.manche.gouv.fr/contenu/telechargement/66357/507887/file/RAA%20sp%C3%A9cial-50-2025-082%20suppl%C3%A9ance.pdf"}
