{"administration":"prefidf","administration_name":"Pr\u00e9fecture de la r\u00e9gion \u00cele-de-France","content":"PREFECTURE\nREGION ILE DE\nFRANCE\nRECUEIL DES ACTES\nADMINISTRATIFS SP\u00c9CIAL\nN\u00b0IDF-006-2025-07\nPUBLI\u00c9 LE  3 JUILLET 2025\nSommaire\nAgence R\u00e9gionale de Sant\u00e9 /\nIDF-2025-06-30-00005 - Arr\u00eat\u00e9 2025-195 portant modification de\nl'arr\u00eat\u00e9 de renouvellement de l'autorisation de l'Etablissement d'Accueil\nM\u00e9dicalis\u00e9 (EAM) Troas \u00e0 Guyancourt g\u00e9r\u00e9 par la Fondation John\nBost (4 pages) Page 3\nAgence R\u00e9gionale de Sant\u00e9 / Direction de la Sant\u00e9 Publique\nIDF-2025-06-30-00006 - Arr\u00eat\u00e9 n\u00b0DSP-PDS-2025-06-30 portant sur la\np\u00e9rennisation de 25 places de Lits Halte Soins Sant\u00e9 (LHSS) accueillant\ndes personnes sans domicile fixe mineures, g\u00e9r\u00e9s par l'association\nAurore (3 pages) Page 8\nAgence R\u00e9gionale de Sant\u00e9 / Direction Veille et S\u00e9curit\u00e9 Sanitaires\nIDF-2025-04-08-00006 - D\u00e9cision rectificative 2021/123 portant erreur\nmaterielle de la pharmacie a usage interieur du ESMR Le Prieure  (2 pages) Page 12\nIDF-2025-06-05-00019 - D\u00e9cision renouvellement pharmacie usage\ninterieur Hop Jean Jaures (3 pages) Page 15\nIDF-2025-06-02-00025 - D\u00e9cision renouvellement pharmacie usage\ninterieur Hopital Les Magnolias (3 pages) Page 19\nIDF-2025-06-02-00026 - D\u00e9cision renouvellement pharmacie usage\ninterieur MAS Monique MEZE (3 pages) Page 23\nAgence R\u00e9gionale de Sant\u00e9  - D\u00e9l\u00e9gation D\u00e9partementale de la\nSeine Saint-Denis /  D\u00e9partement Territoires - Parcours de soins\nIDF-2025-07-03-00008 - Arr\u00eat\u00e9 n\u00b0DD93- 2025/006 du 3 juillet\n2025\nportant agr\u00e9ment du centre de sant\u00e9 Centre Ophtalmologique\nde Tremblay en France ayant pour num\u00e9ro FINESS Etablissement 93 003\n661 1 pour ses activit\u00e9s ophtalmologiques et orthoptiques  (1 page) Page 27\nChambre de commerce et d'industrie de r\u00e9gion Paris - \u00cele-de-France /\nAdministration g\u00e9n\u00e9rale et droit consulaire\nIDF-2025-06-26-00005 - D\u00e9l\u00e9b\u00e9ration n\u00b016-2025 Extrait PV AG CCIR\nPARIS IDF 26 juin 2025 (Approbation du changement du si\u00e8ge de la CCIR)\n(2 pages) Page 29\nRectorat de la r\u00e9gion acad\u00e9mique d'Ile-de-France, rectorat de\nl'acad\u00e9mie de Paris /\nIDF-2025-07-02-00003 - Arr\u00eat\u00e9 n\u00b0 2025-083-RRA portant cr\u00e9ation de\nla commission d'acc\u00e8s au deuxi\u00e8me cycle de l'enseignement sup\u00e9rieur\n(CADCES) de la r\u00e9gion d'\u00cele-de-France au titre de l'ann\u00e9e 2025-2026\n(4 pages) Page 32\n2\nAgence R\u00e9gionale de Sant\u00e9\nIDF-2025-06-30-00005\nArr\u00eat\u00e9 2025-195 portant modification de l'arr\u00eat\u00e9\nde renouvellement de l'autorisation de\nl'Etablissement d'Accueil M\u00e9dicalis\u00e9 (EAM) Troas\n\u00e0 Guyancourt g\u00e9r\u00e9 par la Fondation John Bost\nAgence R\u00e9gionale de Sant\u00e9 - IDF-2025-06-30-00005 - Arr\u00eat\u00e9 2025-195 portant modification de l'arr\u00eat\u00e9 de renouvellement de\nl'autorisation de l'Etablissement d'Accueil M\u00e9dicalis\u00e9 (EAM) Troas \u00e0 Guyancourt g\u00e9r\u00e9 par la Fondation John Bost 3\nREPUBLIQUEFRAN\u00c7AISELibert\u00e9Egalit\u00e9Fraternit\u00e9 vyYvelinesLe D\u00e9partementAr@ D Agence R\u00e9gionale de Sant\u00e9lle-de-France\n \n \n \n \n \n \n \nAGENCE R\u00c9GIONALE DE SANT\u00c9 \u00ceLE-DE-FRANCE \n \nARRETE N\u00b0 2025 - 195 \n  \n \nportant modification de l'arr\u00eat\u00e9 de renouvellement de l'autorisation de l'Etablissement \nd'Accueil M\u00e9dicalis\u00e9 (EAM) Troas, sis 19-21-23 rue Louis Bl\u00e9riot, 78280 Guyancourt \ng\u00e9r\u00e9 par La Fondation John Bost      \n \n \nLE DIRECTEUR G\u00c9N\u00c9RAL DE L'AGENCE R\u00c9GIONALE DE SANT\u00c9 \u00ceLE-DE-FRANCE \nLE PRESIDENT DU CONSEIL DEPARTEMENTAL DES YVELINES \n \n \n \nVU le code de l'action sociale et des familles et notamment les articles L. 312-1, L. 313-1, L. \n314-3 et suivants ; \n \nVU  le code g\u00e9n\u00e9ral des collectivit\u00e9s territoriales ; \n \nVU        le d\u00e9cret du 10 avril 2024 portant nomination de Monsieur Denis ROBIN, Directeur g\u00e9n\u00e9ral \nde l'Agence r\u00e9gionale de sant\u00e9 \u00cele-de-France \u00e0 compter du 29 avril 2024 ; \n \nVU        l'arr\u00eat\u00e9 n\u00b0 2022-305 du 12 juillet 2022 donnant d\u00e9l\u00e9gation de signature du pr\u00e9sident du \nConseil d\u00e9partemental des Yvelines \u00e0 Monsieur Albert Fernandez, directeur g\u00e9n\u00e9ral \nd\u00e9l\u00e9gu\u00e9 aux solidarit\u00e9s ; \n \nVU l'arr\u00eat\u00e9 DS n\u00b0007/2025 du 24 mars 2025 portant d\u00e9l\u00e9gation de signature du Directeur \nG\u00e9n\u00e9ral de l'Agence r\u00e9gionale de sant\u00e9 \u00cele -de-France vers le directeur de la d\u00e9l\u00e9gation \nd\u00e9partementale des Yvelines ; \n \nVU l'arr\u00eat\u00e9 n\u00b0 DIRNOV-2023/08 de la Directrice g\u00e9n\u00e9rale de l'Agence r\u00e9gionale de sant\u00e9 \u00cele-\nde-France en date du 26 octobre 2023 portant adoption du cadre d'orientation strat\u00e9gique \n2018-2028 du projet r\u00e9gional de sant\u00e9 d'\u00cele-de-France ; \n \nVU l'arr\u00eat\u00e9 n\u00b0 DIRNOV-2023/09 de la Directrice g\u00e9n\u00e9rale de l'Agence r\u00e9gionale de sant\u00e9 \u00cele-\nde-France en date du 26 octobre 2023 portant adoption du sch\u00e9ma r\u00e9gional de sant\u00e9 \n2023-2028 du projet r\u00e9gional de sant\u00e9 d' \u00cele-de-France, modifi\u00e9 par l'arr\u00eat\u00e9 n\u00b0DIRNOV -\n2023/09 en date du 12 janvier 2024 ; \n \nVU l'arr\u00eat\u00e9 n\u00b0 2023-346 de la Directrice g\u00e9n\u00e9rale de l'Agence r\u00e9gionale de sant\u00e9 \u00cele-de-France \nen date du 4 d\u00e9cembre 2023 \u00e9tablissant le programme interd\u00e9partemental \nd'accompagnement des handicaps et de la perte d'autonomie (PRIAC) 2023-2027 pour la \nr\u00e9gion \u00cele-de-France ; \n \n \n \nAgence R\u00e9gionale de Sant\u00e9 - IDF-2025-06-30-00005 - Arr\u00eat\u00e9 2025-195 portant modification de l'arr\u00eat\u00e9 de renouvellement de\nl'autorisation de l'Etablissement d'Accueil M\u00e9dicalis\u00e9 (EAM) Troas \u00e0 Guyancourt g\u00e9r\u00e9 par la Fondation John Bost 4\n2 \n \n \nVU  le Sch\u00e9ma d\u00e9partemental 2024-2028 en faveur des personnes handicap\u00e9es ; \n \nVU l'arr\u00eat\u00e9 n\u00b0 A-07-01721 et n\u00b02007 -Tarif-343 du 31 juillet 2007 portant autorisation de \ncr\u00e9ation du Foyer d'Accueil M\u00e9dicalis\u00e9 (FAM) Troas de 40 places dont 5 places en accueil \ntemporaire, destin\u00e9 \u00e0 recevoir des adultes handicap\u00e9s souffrant de troubles \nschizophr\u00e9niques et autres troubles d\u00e9lirants \u00e0 l'exclusion des pat hologies aigues, de \ntroubles du comportement et de la personnalit\u00e9 de l'adulte ; \n \nVU l'arr\u00eat\u00e9 n\u00b02023-89 et n\u00b02023-POMS-185 du 25 avril 2023 portant autorisation d'extension \nde capacit\u00e9 de 45 \u00e0 50 places de l'Etablissement d'Accueil M\u00e9dicalis\u00e9 (EAM) Troas sis \n21, rue Louis Bl\u00e9riot \u2013 78 280 Guyancourt ; \n \nVU l'arr\u00eat\u00e9 n\u00b02023-369 et n\u00b02023-POMS-385 du 1er d\u00e9cembre 2023 portant renouvellement \nde l'autorisation de l'Etablissement d'Accueil M\u00e9dicalis\u00e9 (EAM) Troas, sis 19 -21-23 rue \nLouis Bl\u00e9riot, 78280 Guyancourt g\u00e9r\u00e9 par la Fondation John Bost ;  \n \nVU le rapport d'\u00e9valuation externe du 19 novembre 2021 de l'Etablissement d'Accueil \nM\u00e9dicalis\u00e9 situ\u00e9 19-21-23 rue Louis Bl\u00e9riot \u00e0 Guyancourt (78 280) ; \n \n \nCONSID\u00c9RANT que l'autorisation initiale accord\u00e9e \u00e0 l'\u00e9tablissement a \u00e9t\u00e9 d\u00e9livr\u00e9e apr\u00e8s le \n3 janvier 2002 et que l'ouverture est ant\u00e9rieure au 22 juillet 2009 ;  \n \nCONSID\u00c9RANT  que les r\u00e9sultats de l'\u00e9valuation externe du 19 novembre 2021 ne \ns'opposent pas au renouvellement de l'autorisation en vertu de l'article \nL.313-5 du code de l'action sociale et des familles ; \n \nCONSID\u00c9RANT qu'il satisfait aux r\u00e8gles d'organisation et de fonctionnement pr\u00e9vues par le \ncode de l'action sociale et des familles ;  \n \nCONSID\u00c9RANT qu'il pr\u00e9sente un co\u00fbt de fonctionnement en ann\u00e9e pleine compatible avec \nle PRIAC \u00cele-de-France et avec le montant de l'une des dotations \nmentionn\u00e9es \u00e0 l'article L. 314-3 du code de l'action sociale et des familles ; \n \nCONSID\u00c9RANT  que l'op\u00e9ration peut s'effectuer \u00e0 moyens constants  et n'entra\u00eene donc \naucun surco\u00fbt ; \n \nARR\u00caTENT  \n \n \nARTICLE 1er : L'autorisation accord\u00e9e \u00e0 l'\u00e9tablissement d'accueil m\u00e9dicalis\u00e9 Troas, situ\u00e9 19 -21-23 \nrue Louis Bl\u00e9riot \u00e0 Guyancourt (78  280), g\u00e9r\u00e9 par la Fondation John Bost, est \nrenouvel\u00e9e \u00e0 compter du 31 juillet 2022 pour une dur\u00e9e de 15 ans.  \n \nARTICLE 2e :  La capacit\u00e9 totale de cet \u00e9tablissement est de 50 places destin\u00e9es \u00e0 des adultes \npr\u00e9sentant un handicap psychique, r\u00e9parties comme suit :  \n- 43 places en h\u00e9bergement complet internat \n- 2 places en accueil temporaire avec h\u00e9bergement \n- 5 places d'accueil de jour \n \n \n \nAgence R\u00e9gionale de Sant\u00e9 - IDF-2025-06-30-00005 - Arr\u00eat\u00e9 2025-195 portant modification de l'arr\u00eat\u00e9 de renouvellement de\nl'autorisation de l'Etablissement d'Accueil M\u00e9dicalis\u00e9 (EAM) Troas \u00e0 Guyancourt g\u00e9r\u00e9 par la Fondation John Bost 5\n3 \n \n \nARTICLE 3e : Conform\u00e9ment aux termes du dernier alin\u00e9a du I de l'article D. 312 -0-3 du code de \nl'action sociale et des familles, aucune sp\u00e9cialisation n'exclut la prise en charge de \npersonnes pr\u00e9sentant des troubles associ\u00e9s \u00e0 ceux qui font l'objet de la pr\u00e9sente \nautorisation.  \n \n \nARTICLE 4e : Cette structure est r\u00e9pertori\u00e9e dans le Fichier National des Etablissements \nSanitaires et Sociaux (FINESS) de la fa\u00e7on suivante : \n \nN\u00b0 FINESS de l'\u00e9tablissement : 78 001 892 5 \n \nCode \ncat\u00e9gorie : \n[448] Etablissement d'accueil m\u00e9dicalis\u00e9 en tout ou partie \npour personnes handicap\u00e9es (EAM) \n \nCode \ndiscipline :  \n \n[966] Accueil et accompagnement \nm\u00e9dicalis\u00e9 pour personnes \nhandicap\u00e9es \n \n \nCode \nfonctionnement  \n(mode d'accueil et \nd'accompagnement) :  \n \n[11] H\u00e9bergement complet internat 43 places \n [40] Accueil temporaire avec \nh\u00e9bergement  \n2 places \n \n \n \n [21] Accueil de jour 5 places \n \nCode client\u00e8le : [206] \u2013 Handicap psychique 50 places \n   \nCode mode de fixation des tarifs : [09] ARS PCD mixte (2 arr\u00eat\u00e9s)  \n \nN\u00b0 FINESS du gestionnaire : 24 000 026 5 \n \nCode statut : [63] Fondation \n \nARTICLE 5e : Tout changement important dans l'activit\u00e9, l'installation, l'organisation, la direction ou \nle fonctionnement de l'\u00e9tablissement ou du service doit \u00eatre port\u00e9 \u00e0 la connaissance \ndes autorit\u00e9s comp\u00e9tentes. \n \n \nARTICLE 6e : Un recours contre le pr\u00e9sent arr\u00eat\u00e9 peut \u00eatre form\u00e9 devant le tribunal administratif \ncomp\u00e9tent dans un d\u00e9lai de deux mois \u00e0 compter de sa notification ou, pour les tiers, \n\u00e0 compter de sa publication.   \n \n \n \n \n \n \n \n \nAgence R\u00e9gionale de Sant\u00e9 - IDF-2025-06-30-00005 - Arr\u00eat\u00e9 2025-195 portant modification de l'arr\u00eat\u00e9 de renouvellement de\nl'autorisation de l'Etablissement d'Accueil M\u00e9dicalis\u00e9 (EAM) Troas \u00e0 Guyancourt g\u00e9r\u00e9 par la Fondation John Bost 6\nage\n4 \n \n \nARTICLE 7e : Le Directeur de la d\u00e9l\u00e9gation d\u00e9partementale des Yvelines de l'Agence r\u00e9gionale de \nsant\u00e9 \u00cele-de-France et le Pr\u00e9sident du Conseil d\u00e9partemental de s Yvelines sont \ncharg\u00e9s, chacun en ce qui le concerne, de l'ex\u00e9cution du pr\u00e9sent arr\u00eat\u00e9 qui sera \npubli\u00e9 aux recueils des actes administratifs de la R\u00e9gion \u00cele-de-France et au bulletin \nofficiel du D\u00e9partement des Yvelines ; \n \n       \n Fait \u00e0 Versailles, le 30 juin 2025 \n \n         \nPour le Directeur g\u00e9n\u00e9ral \nde l'Agence r\u00e9gionale sant\u00e9 \n\u00cele-de-France et par d\u00e9l\u00e9gation  \nLe Directeur de la D\u00e9l\u00e9gation  \nD\u00e9partementale des Yvelines \n \n \n \n \n \nSimon KIEFFER \n \nLe Pr\u00e9sident du Conseil d\u00e9partemental des \nYvelines,  \nEt par d\u00e9l\u00e9gation,  \nLe Directeur g\u00e9n\u00e9ral d\u00e9l\u00e9gu\u00e9 aux solidarit\u00e9s \n \n \n \n \n \n \nDr Albert FERNANDEZ \n \nAgence R\u00e9gionale de Sant\u00e9 - IDF-2025-06-30-00005 - Arr\u00eat\u00e9 2025-195 portant modification de l'arr\u00eat\u00e9 de renouvellement de\nl'autorisation de l'Etablissement d'Accueil M\u00e9dicalis\u00e9 (EAM) Troas \u00e0 Guyancourt g\u00e9r\u00e9 par la Fondation John Bost 7\nAgence R\u00e9gionale de Sant\u00e9\nIDF-2025-06-30-00006\nArr\u00eat\u00e9 n\u00b0DSP-PDS-2025-06-30 portant sur la\np\u00e9rennisation de 25 places de Lits Halte Soins\nSant\u00e9 (LHSS) accueillant des personnes sans\ndomicile fixe mineures, g\u00e9r\u00e9s par l'association\nAurore\nAgence R\u00e9gionale de Sant\u00e9 - IDF-2025-06-30-00006 - Arr\u00eat\u00e9 n\u00b0DSP-PDS-2025-06-30 portant sur la p\u00e9rennisation de 25 places de Lits\nHalte Soins Sant\u00e9 (LHSS) accueillant des personnes sans domicile fixe mineures, g\u00e9r\u00e9s par l'association Aurore 8\nREPUBLIQUEFRANCAISELibert\u00e9Egalit\u00e9Fraternit\u00e9\ne \u00bb Agence R\u00e9gionale de Sant\u00e9Ile-de-France\n \n \n \n \n \n \n \nAGENCE R\u00c9GIONALE DE SANT\u00c9 \u00ceLE-DE-FRANCE \nARR\u00caT\u00c9 N\u00b0DSP-PDS-2025-06-30 \nportant sur la p\u00e9rennisation de 25 places de Lits Halte Soins Sant\u00e9 (LHSS)  \naccueillant des personnes sans domicile fixe mineures, g\u00e9r\u00e9s par l'association Aurore \n \n \nLE DIRECTEUR G\u00c9N\u00c9RAL DE L'AGENCE R\u00c9GIONALE DE SANT\u00c9 \u00ceLE -DE-FRANCE \n \n  \nVU le Code de l'Action Sociale et des familles, notamment les articles L.312 -,9\u00b0, L.313-1 et suivants, \nL.314-3 et suivants, L.314-3-3, R.313-1 et suivants, D.312-176-1 et D.312-176-2 ; \n  \nVU \n \nle Code de la S\u00e9curit\u00e9 Sociale ; \nVU le Code de Justice Administrative, notamment son article R. 312-1 ; \n \nVU \n \nVU \nla loi n\u00b0 2025-199 du 28 f\u00e9vrier 2025 de financement de la s\u00e9curit\u00e9 sociale pour 2025 ; \n \nle d\u00e9cret n\u00b02010-336 du 31 mars 2010 portant cr\u00e9ation des Agences R\u00e9gionales de Sant\u00e9 ;  \n  \nVU le d\u00e9cret du 10 avril 2024 portant nomination de Monsieur Denis Robin en qualit\u00e9 de Directeur \ng\u00e9n\u00e9ral de l'Agence r\u00e9gionale de sant\u00e9 Ile-de-France \u00e0 compter du 29 avril 2024 ; \n \nVU le d\u00e9cret n\u00b0 2024-1105 du 3 d\u00e9cembre 2024 relatif aux conditions techniques d'organisation et de \nfonctionnement de structures intervenant aupr\u00e8s de personnes confront\u00e9es \u00e0 des difficult\u00e9s \nsp\u00e9cifiques ; \n \nVU l'arr\u00eat\u00e9 du 12 janvier 2024 la Directrice g\u00e9n\u00e9rale de l'Agence r\u00e9gionale de sant\u00e9 d'Ile -de-France \nportant modification de l'arr\u00eat\u00e9 n\u00b0DIRNOV-2023/09 portant adoption du sch\u00e9ma r\u00e9gional de sant\u00e9 \n2023-2028 du Projet r\u00e9gional de sant\u00e9 d'\u00cele-de-France ; \n \nVU \n \nl'arr\u00eat\u00e9 du 14 juin 2024 fixant pour l'ann\u00e9e 2024 les dotations r\u00e9gionales limitatives de d\u00e9penses \nm\u00e9dico-sociales des \u00e9tablissements et services m\u00e9dico -sociaux publics et priv\u00e9s mentionn\u00e9s \u00e0 \nl'article L. 314-3-3 du code de l'action sociale et des familles ; \n \nVU \n \nl'arr\u00eat\u00e9 n\u00b02024-442 portant prolongation de l'autorisation de 25 places de LHSS accueillant des \npersonnes sans domicile fixe mineurs et extension d'une \u00e9quipe de Lits Halte Soins Sant\u00e9 (LHSS) \nmobile sp\u00e9cialis\u00e9e en p\u00e9rinatalit\u00e9 \u00ab HSR P\u00e9riNat \u00bb g\u00e9r\u00e9s par l'Association AURORE ; \n \nVU \n \nl'arr\u00eat\u00e9 n\u00b0 DIRNOV-2023/07 portant adoption du programme r\u00e9gional d'acc\u00e8s \u00e0 la pr\u00e9vention et \naux soins 2023-2028 du projet r\u00e9gional de sant\u00e9 d'\u00cele-de-France ; \n \nVU \n \n \n \n \nl'arr\u00eat\u00e9 du 22 janvier 2021 portant agr\u00e9ment d'une exp\u00e9rimentation d'actions m\u00e9dico-sociales en \nfaveur de personnes en situation de pr\u00e9carit\u00e9 ; \n \n \n \nAgence R\u00e9gionale de Sant\u00e9 - IDF-2025-06-30-00006 - Arr\u00eat\u00e9 n\u00b0DSP-PDS-2025-06-30 portant sur la p\u00e9rennisation de 25 places de Lits\nHalte Soins Sant\u00e9 (LHSS) accueillant des personnes sans domicile fixe mineures, g\u00e9r\u00e9s par l'association Aurore 9\n2 \n \nVU \n \nl'arr\u00eat\u00e9 n\u00b02021-25 portant autorisation d'une exp\u00e9rimentation de 25 places de Lits Halte Soins \nSant\u00e9 (LHSS) accueillant des personnes sans domicile fixe mineurs g\u00e9r\u00e9s par l'association Aurore \net implant\u00e9s \u00e0 Athis-Mons (Essonne-91) ; \n  \nVU l'instruction interminist\u00e9rielle  N\u00b0 DGCS/SD5B/SD1B/DSS/SD1A/DGS/SP2/SP3/2024/65 du \n10 juin 2024 relative aux orientations de la campagne budg\u00e9taire, pour l'ann\u00e9e 2024, des \n\u00e9tablissements et services m\u00e9dico-sociaux (ESMS) accueillant des personnes confront\u00e9es \u00e0 des \ndifficult\u00e9s sp\u00e9cifiques : appartements de coordination th\u00e9rapeutique (ACT), lits halte soins sant\u00e9 \n(LHSS), centres d'accueil et d'accompagnement \u00e0 la r\u00e9duction des risques pour les usagers de \ndrogues (CAARUD), centres de soins, d'accompagnement et de pr\u00e9vention en addictologie \n(CSAPA), lits d'accueil m\u00e9dicalis\u00e9 (LAM), \u00e9quipes mobiles sant\u00e9 pr\u00e9carit\u00e9 (EMSP, LHSS mobiles \nou de jour), \u00e9quipes sp\u00e9cialis\u00e9es de soins infirmiers (ESSIP) et \u00ab Un chez soi d'abord \u00bb  ; \n \nVU \n \nle rapport d'Orientation Budg\u00e9taire 2024 des \u00e9tablissements et services accueillant des personnes \nconfront\u00e9es \u00e0 des difficult\u00e9s sp\u00e9cifiques (ESMS PDS) du 28 juin 2024 et financ\u00e9s par des cr\u00e9dits \nd'assurances maladie du 26 d\u00e9cembre 2023. \n \nVU \n \nle projet de l'association AURORE sise 34 Boulevard de S\u00e9bastopol 75004 Paris, intitul\u00e9 \n\u00ab H\u00e9bergement et Soin R\u00e9sidentiel pour femmes enceintes ou sortant de maternit\u00e9 sans solution \nd'h\u00e9bergement \u00bb implant\u00e9 \u00e0 Athis-Mons (91200), int\u00e9grant l'exp\u00e9rimentation de 25 places de Lits \nHalte Soins Sant\u00e9 (LHSS) accueillant des personnes sans domicile fixe mineures, dans le cadre \nde la proc\u00e9dure pr\u00e9vue \u00e0 l'article L.162-31 du code de s\u00e9curit\u00e9 sociales dont l'objet, l'activit\u00e9 et le \nfonctionnement sont d\u00e9finis dans le cahier des charges annex\u00e9 \u00e0 l'arr\u00eat\u00e9 du 22 janvier 2021 \nportant agr\u00e9ment d'une exp\u00e9rimentation d'actions m\u00e9dico -sociales en faveur de personnes en \nsituation de pr\u00e9carit\u00e9 ci-dessus vis\u00e9 ; \n  \n  \n  \nCONSID\u00c9RANT que l'exp\u00e9rimentation port\u00e9e par l'association AURORE et implant\u00e9e \u00e0 Athis-Mons a \nd\u00e9montr\u00e9 la pertinence et l'efficience du mod\u00e8le d'accompagnement m\u00e9dico-social \net de prise en charge des femmes enceintes ou venant d'accoucher d'un nouveau-\nn\u00e9 et sans h\u00e9bergement au sein du service de Lits Halte Soins Sant\u00e9 p\u00e9rinatalit\u00e9 ; \n \nCONSID\u00c9RANT que la p\u00e9rennisation de ce dispositif r\u00e9pond aux besoins identifi\u00e9s sur le territoire de \nl'Essonne et s'inscrit dans les orientations du Sch\u00e9ma R\u00e9gional de Sant\u00e9 / Sch\u00e9ma \nD\u00e9partemental d'Organisation Sociale et M\u00e9dico-Sociale ; \n \nCONSID\u00c9RANT que l'organisme gestionnaire AURORE a d\u00e9montr\u00e9 sa capacit\u00e9 \u00e0 mettre en \u0153uvre et \n\u00e0 g\u00e9rer le service dans le respect des exigences de qualit\u00e9 et de s\u00e9curit\u00e9 ; \n \n \n \nARR\u00caTE \n \n \nARTICLE 1er : L'autorisation visant \u00e0 la p\u00e9rennisation des 25 places de Lits Halte Soins Sant\u00e9 (LHSS) \np\u00e9rinatalit\u00e9, accueillant des personnes sans domicile fixe mineur es mentionn\u00e9e \u00e0 \nl'arr\u00eat\u00e9 du 22 janvier 2021 et implant\u00e9es sur le site d'Athis-Mons, sis 8 all\u00e9e du Docteur \nGu\u00e9rin 91200 Athis-Mons est accord\u00e9e \u00e0 l'association AURORE sise 34 Boulevard de \nS\u00e9bastopol 75004 Paris, \u00e0 compter du 1er juillet 2025. \n  \nARTICLE 2e : La structure lits halte soins sant\u00e9 p\u00e9rinatalit\u00e9, qui fait l'objet de la pr\u00e9sente autorisation \na pour objet d'assurer de fa\u00e7on privil\u00e9gi\u00e9e l'accueil de femmes sans domicile fixe \nenceintes ou sortantes de maternit\u00e9, accompagn\u00e9es de leur nouveau -n\u00e9, quelle que \nsoit leur situation administrative, lorsque la m\u00e8re, le nouveau-n\u00e9, ou les deux, souffrent \n \n \n \n \nAgence R\u00e9gionale de Sant\u00e9 - IDF-2025-06-30-00006 - Arr\u00eat\u00e9 n\u00b0DSP-PDS-2025-06-30 portant sur la p\u00e9rennisation de 25 places de Lits\nHalte Soins Sant\u00e9 (LHSS) accueillant des personnes sans domicile fixe mineures, g\u00e9r\u00e9s par l'association Aurore 10\n3 \n \nde pathologies n\u00e9cessitant une prise en charge m\u00e9dico -sociale ne relevant pas/plus \nd'une hospitalisation. \n \n \nARTICLE 3e : La capacit\u00e9 totale du \u00ab HSR P\u00e9riNat \u00bb est r\u00e9partie comme suit : \n- 25 places de LHSS p\u00e9rinatalit\u00e9 ; \n- 2 \u00e9quipes de LHSS mobile sp\u00e9cialis\u00e9es en p\u00e9rinatalit\u00e9. \n \nLe financement est assur\u00e9 par une dotation de l'Assurance Maladie.  \n \n \nARTICLE 4e : Cette structure est r\u00e9pertori\u00e9e dans le Fichier National des Etablissements Sanitaires \net Sociaux (FINESS) de la fa\u00e7on suivante :  \n- N\u00b0FINESS de l'\u00e9tablissement : 910025568 LHSS AURORE HSR P\u00e9riNat - Mineurs \n- N\u00b0 FINESS du gestionnaire : 75 071 936 1 \n \n \nARTICLE 5e :  \n \nL'autorisation est accord\u00e9e pour une dur\u00e9e de quinze ans  conform\u00e9ment \u00e0 l'article \nL.313-1 du code d l'action sociale et des familles et sous r\u00e9serve du r\u00e9sultat positif \nd'une visite de conformit\u00e9 r\u00e9alis\u00e9e selon les dispositions pr\u00e9vues par l'article L .316-6 \ndu code de l'action sociale et des familles.  \n \nEn application du premier alin\u00e9a de l'article L.312 -8 du code de l'action sociale et des \nfamilles, les structures transmettent tous les cinq ans les r\u00e9sultats des \u00e9valuations de \nla qualit\u00e9 des prestations d\u00e9livr\u00e9es, selon une programmation arr\u00eat\u00e9 par l'ARS .  \n \nPour le renouvellement des autorisations, sont pris en compte, conform\u00e9ment \u00e0 la \nprogrammation mentionn\u00e9e ci -dessus, les r\u00e9sultats des \u00e9valuations transmis dans la \np\u00e9riode comprise entre la date de l'autorisation et au plus tard deux ans avant la date \nde fin des autorisations, conform\u00e9ment \u00e0 l'article D.312-204 du code de l'action sociale \net des familles. \n \nARTICLE 6e : \n \nTout changement important dans l'activit\u00e9, l'installation, l'organisation, la direction  ou \nle fonctionnement de l'\u00e9tablissement doit \u00eatre port\u00e9 \u00e0 la connaissance du Directeur \ng\u00e9n\u00e9ral de l'Agence r\u00e9gionale de sant\u00e9 \u00cele-de-France. L'autorisation ne peut \u00eatre c\u00e9d\u00e9e \nsans l'accord pr\u00e9alable de l'autorit\u00e9 comp\u00e9tente concern\u00e9e. \n \nARTICLE 7e : \n \nUn recours contre le pr\u00e9sent arr\u00eat\u00e9 peut \u00eatre form\u00e9 devant le Tribunal administratif \ncomp\u00e9tent dans un d\u00e9lai de deux mois \u00e0 compter de sa publication.  \n \nARTICLE 8e :  \n \nLe directeur de la D\u00e9l\u00e9gation d\u00e9partementale de l'Essonne de l'Agence r\u00e9gionale de \nsant\u00e9 \u00cele-de-France est charg\u00e9 de l'ex\u00e9cution du pr\u00e9sent arr\u00eat\u00e9 qui est publi\u00e9 dans le \nrecueil des actes administratifs de la r\u00e9gion \u00cele-de-France et dans celui du d\u00e9partement \nde l'Essonne. \n  \n  \n \nFait \u00e0 Saint-Denis, le 30 juin 2025 \n \nLe Directeur g\u00e9n\u00e9ral  \nde l'Agence r\u00e9gionale de sant\u00e9 \n\u00cele-de-France \n \nSign\u00e9 \n \nDenis ROBIN \nAgence R\u00e9gionale de Sant\u00e9 - IDF-2025-06-30-00006 - Arr\u00eat\u00e9 n\u00b0DSP-PDS-2025-06-30 portant sur la p\u00e9rennisation de 25 places de Lits\nHalte Soins Sant\u00e9 (LHSS) accueillant des personnes sans domicile fixe mineures, g\u00e9r\u00e9s par l'association Aurore 11\nAgence R\u00e9gionale de Sant\u00e9\nIDF-2025-04-08-00006\nD\u00e9cision rectificative 2021/123 portant erreur\nmaterielle de la pharmacie a usage interieur du\nESMR Le Prieure \nAgence R\u00e9gionale de Sant\u00e9 - IDF-2025-04-08-00006 - D\u00e9cision rectificative 2021/123 portant erreur materielle de la pharmacie a usage\ninterieur du ESMR Le Prieure 12\nREPUBLIQUEFRANCAISELibert\u00e9Egalit\u00e9Fraternit\u00e9\ne \u00bb Agence R\u00e9gionale de Sant\u00e9Ile-de-France\n \n \n1 / 2 \n \n \n \n \nAGENCE R\u00c9GIONALE DE SANTE \u00ceLE-DE-FRANCE \nD\u00c9CISION N\u00b0 DVSS - QSPHARMBIO - 2024 / 123 \nportant rectification d'une erreur mat\u00e9rielle de l'autorisation de la pharmacie \u00e0 usage int\u00e9rieur  \nde l'Etablissement de Soins M\u00e9dicaux et de R\u00e9adaptation (ESMR ) LE PRIEURE \nLE DIRECTEUR G\u00c9N\u00c9RAL DE L'AGENCE R\u00c9GIONALE DE SANT\u00c9 \u00ceLE-DE-FRANCE \n \n \nVU le code de la  sant\u00e9  publique et notamment les articles L.5126 -1 \u00e0 L.5126 -11 ainsi que les \narticles R.5126-1 \u00e0 R.5126-41 et R.5126-49 \u00e0 66 ; \n \nVU l'ordonnance n\u00b0 2016-1729 en date du 15 d\u00e9cembre 2016 relative aux pharmacies \u00e0 usage \nint\u00e9rieur prise en application de l'article 204 de la loi n\u00b0 2016-41 en date du 26 janvier 2016 de \nmodernisation de notre syst\u00e8me de sant\u00e9 en sa version modifi\u00e9e par l'ordonnance \nn\u00b0  2020- 1407 en date du 18 novembre 2020 relative aux missions des agences r\u00e9gionales \nde sant\u00e9 ; \n \nVU le d\u00e9cret n\u00b0 2019-489 en date du 21 mai 2019 modifi\u00e9 relatif aux pharmacies \u00e0 usage int\u00e9rieur \npris en application de l'ordonnance n\u00b0 2016-1729, notamment son article 4 ; \n \nVU  l'arr\u00eat\u00e9 en date du 22 juin 2001 relatif aux bonnes pratiques de pharmacie hospitali\u00e8re ; \n \nVU  la d\u00e9cision en date du 21 juillet 2023, prise en application des articles L.5121-1 et L.5121-5 du \ncode de la sant\u00e9 publique, relative aux bonnes pratiques de pr\u00e9paration ;  \n \nVU  le d\u00e9cret en date du  10 avril 2024 portant nomination de Monsieur Denis ROBIN,  Directeur \ng\u00e9n\u00e9ral de l'Agence r\u00e9gionale de sant\u00e9 \u00cele-de-France \u00e0 compter du 29 avril 2024 ;  \n \nVU  l'arr\u00eat\u00e9 N\u00b0 DVSS - QSPHARMBIO - 2024 / 097  en date du 26 septembre 2024 portant \nrenouvellement de l'autorisation de la pharmacie \u00e0 usage int\u00e9rieur de l'Etablissement de Soins \nM\u00e9dicaux et de R\u00e9adaptation le Prieur\u00e9 situ\u00e9 au 4, rue Bezout \u00e0 Avon 77210 ;  \n \nCONSID\u00c9RANT  \n \n \nque l'absence de l'article 3 de l'arr\u00eat\u00e9 n\u00b0DVSS-QSPHARMBIO-2024/097 en date du \n26 septembre 2024 portant modification de l'autorisation relative au renouvellement \nde l'autorisation de la pharmacie int\u00e9rieur de l'Etablissement de Soins M\u00e9dicaux et \nde R\u00e9adaptation le Prieur\u00e9  entache ladite d\u00e9cision d'une erreur mat\u00e9rielle qu'il \nconvient de rectifier ; \n  \n \nDECIDE  \n \n \nARTICLE 1 L'arr\u00eat\u00e9 n\u00b0 DVSS - QSPHARMBIO - 2024 / 097 en date du 26 septembre 2024 portant \nrenouvellement de l'autorisation de la pharmacie \u00e0 usage int\u00e9rieur de l'Etablissement \nde Soins M\u00e9dicaux et de R\u00e9adaptation le Prieur\u00e9 situ\u00e9 au 4, rue Bezout \u00e0 \nAvon 77210 est ainsi modifi\u00e9 :  \n \nAgence R\u00e9gionale de Sant\u00e9 - IDF-2025-04-08-00006 - D\u00e9cision rectificative 2021/123 portant erreur materielle de la pharmacie a usage\ninterieur du ESMR Le Prieure 13\n \n2 / 2 \n \nL'article 3 est ins\u00e9r\u00e9 \u00e0 ladite d\u00e9cision comme suit \u00ab Article 3 : La pharmacie assurera, \npour son propre compte l 'activit\u00e9 mentionn\u00e9e aux articles L.5126 -4 et R.5126 -9 du \ncode de la sant\u00e9 publique : \n \n- la pr\u00e9paration de doses \u00e0 administrer de m\u00e9dicaments exp\u00e9rimentaux ou \nauxiliaires d\u00e9finis \u00e0 l'article L. 5121-1-1 du code de la sant\u00e9 publique \u00bb. \n  \nARTICLE 2   Toutefois les autres dispositions de l'arr\u00eat n\u00b0 DVSS-QSPHARMBIO-2024/097 en date \ndu 26 septembre 2024 demeurent inchang\u00e9es. \nARTICLE 3 \n \nUn recours contentieux contre la pr\u00e9sente d\u00e9cision peut \u00eatre form\u00e9 aupr\u00e8s du Tribunal \nadministratif comp\u00e9tent. Le d\u00e9lai de recours est de deux mois \u00e0 compter de la \nnotification de la d\u00e9cision pour les int\u00e9ress\u00e9s ou de sa publication pour les tiers. Cette \njuridiction peut notamment \u00eatre saisie via une requ\u00eate remise ou envoy\u00e9e au greffe du \nTribunal administratif ou aussi par l'application \u00ab  T\u00e9l\u00e9recours \u00bb accessible \u00e0 partir du \nsite www.telerecours.fr.   \nARTICLE 4  \n \nLes Directeurs de l'Agence r\u00e9gionale de sant\u00e9 \u00cele-de-France sont charg\u00e9s, chacun en \nce qui les concerne, de l'ex\u00e9cution de la pr\u00e9sente d\u00e9cision, qui sera publi\u00e9e au recueil \ndes actes administratifs de la Pr\u00e9fecture de r\u00e9gion \u00cele-de-France. \n \nFait \u00e0 Saint-Denis, le 8 avril 2025 \n \nLe Directeur g\u00e9n\u00e9ral \nde l'Agence r\u00e9gionale de sant\u00e9  \n\u00cele-de-France \n \nSIGNE \n \nDenis ROBIN \nAgence R\u00e9gionale de Sant\u00e9 - IDF-2025-04-08-00006 - D\u00e9cision rectificative 2021/123 portant erreur materielle de la pharmacie a usage\ninterieur du ESMR Le Prieure 14\nAgence R\u00e9gionale de Sant\u00e9\nIDF-2025-06-05-00019\nD\u00e9cision renouvellement pharmacie usage\ninterieur Hop Jean Jaures\nAgence R\u00e9gionale de Sant\u00e9 - IDF-2025-06-05-00019 - D\u00e9cision renouvellement pharmacie usage interieur Hop Jean Jaures 15\nREPUBLIQUEFRANCAISELibert\u00e9Egalit\u00e9Fraternit\u00e9\ne \u00bb Agence R\u00e9gionale de Sant\u00e9Ile-de-France\n \n \n1 / 3 \n \n \nAGENCE R\u00c9GIONALE DE SANTE \u00ceLE-DE-FRANCE \nD\u00c9CISION N\u00b0 DVSS - QSPHARMBIO - 2025 / 047 \nportant renouvellement de l'autorisation de la pharmacie \u00e0 usage int\u00e9rieur  \nde l'H\u00f4pital Jean-Jaur\u00e8s \nLE DIRECTEUR G\u00c9N\u00c9RAL DE L'AGENCE R\u00c9GIONALE DE SANT\u00c9 \u00ceLE-DE-FRANCE \n \nVU le code de la sant\u00e9 publique  et notamment les articles L.5126 -1 \u00e0 L.5126 -11 ainsi que les \narticles R.5126-1 \u00e0 R.5126-62 ;  \n \nVU l'ordonnance n\u00b0 2016-1729 en date du 15 d\u00e9cembre 2016 relative aux pharmacies \u00e0 usage \nint\u00e9rieur prise en application de l'article 204 de la loi n\u00b0 2016-41 en date du 26 janvier 2016 de \nmodernisation de notre syst\u00e8me de sant\u00e9 en sa version modifi\u00e9e par l'ordonnance \nn\u00b0  2020- 1407 en date du 18 novembre 2020 relative aux missions des agences r\u00e9gionales \nde sant\u00e9 ; \n \nVU le d\u00e9cret n\u00b0 2019-489 en date du 21 mai 2019 modifi\u00e9 relatif aux pharmacies \u00e0 usage int\u00e9rieur \npris en application de l'ordonnance n\u00b02016-1729, notamment son article 4 ; \n \nVU  l'arr\u00eat\u00e9 en date du 22 juin 2001 relatif aux bonnes pratiques de pharmacie hospitali\u00e8re ; \n \nVU  la d\u00e9cision en date du 21 juillet 2023, prise en application des articles L.5121-1 et L.5121-5 du \ncode de la sant\u00e9 publique, relative aux bonnes pratiques de pr\u00e9paration ; \n \nVU  le d\u00e9cret en date du 10 avril 2024 portant nomination de  Monsieur Denis ROBIN, Direct eur \ng\u00e9n\u00e9ral de l'Agence r\u00e9gionale de sant\u00e9 \u00cele-de-France \u00e0 compter du 29 avril 2024 ;  \n \nVU  l'arr\u00eat\u00e9 pr\u00e9fectoral en date du 28 juillet 1971 ayant autoris\u00e9 la cr\u00e9ation d'une pharmacie \u00e0 usage \nint\u00e9rieur sous le n\u00b0 H.75-3 au sein de l'h\u00f4pital Jean-Jaur\u00e8s situ\u00e9 au 21, sente des Dor\u00e9es \u00e0 \nParis (75019) ;  \n  \nVU  la demande d\u00e9pos\u00e9e le 30 janvier 2025 par la directrice de l'\u00e9tablissement, repr\u00e9sentant l\u00e9gal \nde la personne morale exploitant l' h\u00f4pital Jean-Jaur\u00e8s, en vue du renouvellement, au titre de  \nl'article 4 du d\u00e9cret n\u00b0   2019-489 en date du 21 mai 2019 modifi\u00e9 relatif aux pharmacies \u00e0 \nusage int\u00e9rieur, de l'autorisation de la pharmacie \u00e0 usage int\u00e9rieur concernant  les missions \ng\u00e9n\u00e9rales ainsi que les actions de pharmacie clinique, telles que d\u00e9finies \u00e0 l'article L.5126 -1 \ndu code de la sant\u00e9 publique, afin de r\u00e9pondre aux besoins pharmaceutiques des personnes \nprises en charge  et les missions d\u00e9finies \u00e0 l'article L.5126 -6 du code de la sant\u00e9 publique, \nnotamment, la d\u00e9livrance au public, au d\u00e9tail, des aliments di\u00e9t\u00e9tiques destin\u00e9s \u00e0 des fins \nm\u00e9dicales sp\u00e9ciales mentionn\u00e9es \u00e0 l'article L.5137-1 ; \n \nVU  la demande d\u00e9pos\u00e9e le 30 janvier 2025 par la directrice de l'\u00e9tablissement, repr\u00e9sentant l\u00e9gal \nde la personne morale exploitant l' h\u00f4pital Jean-Jaur\u00e8s, en vue du renouvellement, au titre de \nl'article 4 du d\u00e9cret n\u00b0   2019-489 en date du 21 mai 2019 modifi\u00e9 relatif aux pharmacies \u00e0 \nusage int\u00e9rieur, de l'autorisation de la pharmacie \u00e0 usage int\u00e9rieur  et l'activit\u00e9 suivante assur\u00e9e \npar la pharmacie \u00e0 usage int\u00e9rieur pour son propre compte :  \n \n- la pr\u00e9paration de doses \u00e0 administrer  de m\u00e9dicaments mentionn\u00e9s \u00e0 \nl'article L. 4211-1 du code de la sant\u00e9 publique ; \n \nAgence R\u00e9gionale de Sant\u00e9 - IDF-2025-06-05-00019 - D\u00e9cision renouvellement pharmacie usage interieur Hop Jean Jaures 16\n \n2 / 3 \n \nl'activit\u00e9 suivante assur\u00e9e par une autre pharmacie \u00e0 usage int\u00e9rieur pour le compte de la \npharmacie \u00e0 usage int\u00e9rieur :  \n \n- la pr\u00e9paration magistrale de chimioth\u00e9rapies anticanc\u00e9reuses ; \n \nVU  le rapport d'instruction en date du  3 mars 2025  et la conclusion d\u00e9finitive en date du \n06 mai 2025 \u00e9tablis par le pharmacien instructeur ;  \n \nVU  l'avis favorable et d\u00e9favorable du Conseil central de la section H de l'Ordre des pharmaciens, \nen date du 10 avril 2025 ;  \n  \nCONSID\u00c9RANT  \n \n \nLes r\u00e9ponses apport\u00e9es et les engagements pris par l'\u00e9tablissement suite au rapport \nd'instruction du pharmacien instructeur notamment :  \n \n- mise en place d'op\u00e9rations de pharmacie clinique de type conciliation \nm\u00e9dicamenteuse ; \n- \u00e9largissement du processus de s\u00e9rialisation \u00e0 l'ensemble des \nm\u00e9dicaments ;  \n- mise \u00e0 jour du syst\u00e8me documentaire ; \n- mise en place de formation du personnel en lien avec la pr\u00e9paration de doses \n\u00e0 administrer ; \n- mise \u00e0 jour la convention de d\u00e9pannage avec l'H\u00f4pital Saint louis ; \n- am\u00e9lioration de la s\u00e9curisation du circuit des pr\u00e9parations de chimioth\u00e9rapies \nsous-trait\u00e9es par le Centre Hospitalier Intercommunal Le Raincy Montfermeil \n(en termes prescriptions et de circuit des pr\u00e9parations) pour le compte de \nl'H\u00f4pital Jean Jaur\u00e8s ; \n \nCONSID\u00c9RANT que l'h\u00f4pital Jean-Jaur\u00e8s dispose de locaux, de moyens en personnel, de moyens \nen \u00e9quipement et d'un syst\u00e8me d'information, conform\u00e9ment aux articles R.5126 -8 \net R.5126-14 du code de la sant\u00e9 publique , lui permettant d'assurer l'ensemble des \nmissions et des activit\u00e9s sollicit\u00e9es ; \n  \nDECIDE  \n \nARTICLE 1  La pharmacie \u00e0 usage int\u00e9rieur au sein de l'h\u00f4pital Jean -Jaur\u00e8s \n(n\u00b0 FINESS EJ :  570010181 - n\u00b0 FINESS ET  : 750150286), situ\u00e9 au 21, sente des \nDor\u00e9es \u00e0 Paris (75019) est autoris\u00e9 \u00e0 exercer les missions et l'activit\u00e9 cit\u00e9e aux articles \nsuivants. \n \nARTICLE 2   La pharmacie \u00e0 usage int\u00e9rieur assurera pour son propre compte, dans la limite du \nrespect des conditions r\u00e8glementaires fix\u00e9es pour leur exercice au regard du statut de \nl'\u00e9tablissement au sein duquel elle est \u00e9tablie les missions g\u00e9n\u00e9rales ainsi que les \nactions de pharmacie clinique, telles que d\u00e9finies \u00e0 l'article L.5126 -1 du code de la \nsant\u00e9 publique, afin de r\u00e9pondre aux besoins pharmaceutiques des personnes prises \nen charge  et les missions d\u00e9finies \u00e0 l'article L.5126 -6 du code de la sant\u00e9 publique, \nnotamment la d\u00e9livrance au public, au d\u00e9tail, des aliments di\u00e9t\u00e9tiques destin\u00e9s \u00e0 des \nfins m\u00e9dicales sp\u00e9ciales mentionn\u00e9es \u00e0 l'article L.5137-1 du code de la sant\u00e9 publique. \n \n \n \n \n \n \n \nAgence R\u00e9gionale de Sant\u00e9 - IDF-2025-06-05-00019 - D\u00e9cision renouvellement pharmacie usage interieur Hop Jean Jaures 17\n \n3 / 3 \n \nARTICLE 3  La pharmacie \u00e0 usage int\u00e9rieur assurera, pour son propre compte l'activit\u00e9 mentionn\u00e9e \naux articles L.5126-4 et R.5126-9 du code de la sant\u00e9 publique :  \n- la pr\u00e9paration manuelle de doses \u00e0 administrer de m\u00e9dicaments mentionn\u00e9s \n\u00e0 l'article  L. 4211-1 du m\u00eame code  : \n\u2981 type de doses pr\u00e9par\u00e9es : pilulier individuel nominatif, doses unitaires,  \n\u2981 op\u00e9rations r\u00e9alis\u00e9es :  sur\u00e9tiquetage des blisters de m\u00e9dicaments non \npr\u00e9sent\u00e9s en conditionnement unitaire. \nARTICLE 4  La pharmacie \u00e0 usage int\u00e9rieur, faisant l'objet de la pr\u00e9sente d\u00e9cision, est autoris\u00e9e \u00e0 \nfaire r\u00e9aliser pour son propre compte l'activit\u00e9 suivante : \n- la pr\u00e9paration magistrale de chimioth\u00e9rapies anticanc\u00e9reuses par le Groupe \nHospitalier Intercommunal le Raincy-Montfermeil situ\u00e9 au 10 , rue du G\u00e9n\u00e9ral \nLeclerc \u00e0 Montfermeil (93370) -  n\u00b0 FINESS ET : 930000286). \nARTICLE 5  La pharmacie \u00e0 usage int\u00e9rieur est install\u00e9e dans des locaux d'une superficie totale \nde 291.83 m\u00b2, comprenant :  \n  \n- local stockage pharmacie : 70.20 m\u00b2 ; \n- bureau pr\u00e9paratrice : 28.56 m\u00b2 ; \n- local livraison : 19.60 m\u00b2 ; \n- CNO solut\u00e9 : 14.70 m\u00b2 ; \n- entr\u00e9e SAS : 9.40 m\u00b2 ; \n- local stup\u00e9fiants : 5.74 m\u00b2 ; \n- local m\u00e9dicaments et zone pr\u00e9paration de doses \u00e0 administrer : 47.10 m\u00b2 ; \n- salle de pause : 15.84 m\u00b2 ; \n- bureau pharmacienne : 13.00 m\u00b2 ; \n- r\u00e9serve dispositifs m\u00e9dicaux st\u00e9rile : 37.96 m\u00b2; \n- local reconditionnement : 9.90 m\u00b2 ; \n- local gaz m\u00e9dicaux :19.83 m\u00b2. \n \nARTICLE 6  \n \nLe temps de pr\u00e9sence du pharmacien charg\u00e9 de la g\u00e9rance de dix demi-journ\u00e9es par \nsemaine est en conformit\u00e9 avec les dispositions de l'article R.5126 -39 du code de la \nsant\u00e9 publique. \n \n \nARTICLE 7  Un recours contentieux contre la pr\u00e9sente d\u00e9cision peut \u00eatre form\u00e9 aupr\u00e8s du Tribunal \nadministratif comp\u00e9tent. Le d\u00e9lai de recours est de deux mois \u00e0 compter de la \nnotification de la d\u00e9cision pour les int\u00e9ress\u00e9s ou de sa publication pour les tiers. Cette \njuridiction peut notamment \u00eatre saisie via une requ\u00eate remise ou envoy\u00e9e au greffe du \nTribunal administratif ou aussi par l'application \u00ab  T\u00e9l\u00e9recours \u00bb accessible \u00e0 partir du \nsite www.telerecours.fr.  \nARTICLE 8  Les Directeurs de l'Agence r\u00e9gionale de sant\u00e9 \u00cele-de-France sont charg\u00e9s, chacun en \nce qui les concerne, de l'ex\u00e9cution de la pr\u00e9sente d\u00e9cision, qui sera publi\u00e9e au recueil \ndes actes administratifs de la Pr\u00e9fecture de r\u00e9gion \u00cele-de-France. \nFait \u00e0 Saint-Denis, le 5 juin 2025 \n \nLe Directeur g\u00e9n\u00e9ral \nde l'Agence r\u00e9gionale de sant\u00e9  \n\u00cele-de-France \n \nSIGNE \n \nDenis ROBIN \n \nAgence R\u00e9gionale de Sant\u00e9 - IDF-2025-06-05-00019 - D\u00e9cision renouvellement pharmacie usage interieur Hop Jean Jaures 18\nAgence R\u00e9gionale de Sant\u00e9\nIDF-2025-06-02-00025\nD\u00e9cision renouvellement pharmacie usage\ninterieur Hopital Les Magnolias\nAgence R\u00e9gionale de Sant\u00e9 - IDF-2025-06-02-00025 - D\u00e9cision renouvellement pharmacie usage interieur Hopital Les Magnolias 19\nREPUBLIQUEFRANCAISELibert\u00e9Egalit\u00e9Fraternit\u00e9\ne \u00bb Agence R\u00e9gionale de Sant\u00e9Ile-de-France\n \n \n1 / 3 \n \n \nAGENCE R\u00c9GIONALE DE SANTE \u00ceLE-DE-FRANCE \nD\u00c9CISION N\u00b0 DVSS - QSPHARMBIO - 2025 / 046 \nportant renouvellement de l'autorisation de la pharmacie \u00e0 usage int\u00e9rieur  \nde l'H\u00f4pital Les Magnolias \nLE DIRECTEUR G\u00c9N\u00c9RAL DE L'AGENCE R\u00c9GIONALE DE SANT\u00c9 \u00ceLE-DE-FRANCE \n \nVU le code de la sant\u00e9 publique  et notamment les articles L.5126 -1 \u00e0 L.5126 -11 ainsi que les \narticles R.5126-1 \u00e0 R.5126-62 ;  \n \nVU l'ordonnance n\u00b0 2016-1729 en date du 15 d\u00e9cembre 2016 relative aux pharmacies \u00e0 usage \nint\u00e9rieur prise en application de l'article 204 de la loi n\u00b0 2016-41 en date du 26 janvier 2016 de \nmodernisation de notre syst\u00e8me de sant\u00e9 en sa version modifi\u00e9e par l'ordonnance \nn\u00b0 2020- 1407 en date du 18 novembre 2020 relative aux missions des agences r\u00e9gionales de \nsant\u00e9 ; \n \nVU le d\u00e9cret n\u00b0 2019-489 en date du 21 mai 2019 modifi\u00e9 relatif aux pharmacies \u00e0 usage int\u00e9rieur \npris en application de l'ordonnance n\u00b02016-1729, notamment son article 4 ; \n \nVU  l'arr\u00eat\u00e9 en date du 22 juin 2001 relatif aux bonnes pratiques de pharmacie hospitali\u00e8re ; \n \nVU  la d\u00e9cision en date du 21 juillet 2023, prise en application des articles L.5121-1 et L.5121-5 du \ncode de la sant\u00e9 publique, relative aux bonnes pratiques de pr\u00e9paration ; \n \nVU  le d\u00e9cret en date du 10 avril 2024 portant nomination de  Monsieur Denis ROBIN, Direct eur \ng\u00e9n\u00e9ral de l'Agence r\u00e9gionale de sant\u00e9 \u00cele-de-France \u00e0 compter du 29 avril 2024 ;  \n \nVU  l'arr\u00eat\u00e9 pr\u00e9fectoral en date du 5 d\u00e9cembre 1974 ayant autoris\u00e9 la cr\u00e9ation d'une pharmacie \u00e0 \nusage int\u00e9rieur sous le n\u00b0 H 91-13 au sein de l'H\u00f4pital Les Magnolias, sis 77 rue du Perray \u00e0 \nBallainvilliers (91160) ;  \n \nVU  la demande d\u00e9pos\u00e9e le 30 septembre 2024 par le directeur de l'\u00e9tablissement, en vue du \nrenouvellement, au titre de  l'article 4 du d\u00e9cret n\u00b0  2019-489 en date du 21 mai 2019 modifi\u00e9 \nrelatif aux pharmacies \u00e0 usage int\u00e9rieur, de l'autorisation de la pharmacie \u00e0 usage int\u00e9rieur \nconcernant les missions g\u00e9n\u00e9rales ainsi que les actions de pharmacie clinique, telles que \nd\u00e9finies \u00e0 l'article L.5126 -1 du code de la sant\u00e9 publique, afin de r\u00e9pondre aux besoins \npharmaceutiques des personnes prises en charge ;  \n \nVU  la demande d\u00e9pos\u00e9e le 30 septembre 2024 par le directeur de l'\u00e9tablissement, en  vue du \nrenouvellement, au titre de l'article 4 du d\u00e9cret n\u00b0  2019-489 en date du 21 mai 2019 modifi\u00e9 \nrelatif aux pharmacies \u00e0 usage int\u00e9rieur, de l'autorisation de la pharmacie \u00e0 usage int\u00e9rieur  \nconcernant l'activit\u00e9 suivante assur\u00e9e pour son propre compte :  \n \n- la pr\u00e9paration de doses \u00e0 administrer de m\u00e9dicaments mentionn\u00e9s \u00e0 l'article \nL. 4211- 1 ; \nVU  le rapport d'instruction en date du 25 mars 2025 et la conclusion d\u00e9finitive en date du 6 mai \n2025 \u00e9tablis par le pharmacien inspecteur de sant\u00e9 publique ;  \n \nVU  l'avis favorable du Conseil central de la section H de l'Ordre des pharmaciens, en date du \n12 d\u00e9cembre 2024 ;  \nAgence R\u00e9gionale de Sant\u00e9 - IDF-2025-06-02-00025 - D\u00e9cision renouvellement pharmacie usage interieur Hopital Les Magnolias 20\n \n2 / 3 \n \nCONSID\u00c9RANT  \n \n \nles r\u00e9ponses apport\u00e9es et les engagements pris par l'\u00e9tablissement \u00e0 la suite du \nrapport d'instruction du pharmacien inspecteur de sant\u00e9 publique notamment :  \n \n- la r\u00e9daction, dans un d\u00e9lai de 3 mois, de la proc\u00e9dure de gestion des risques \nrelatifs \u00e0 la prise en charge m\u00e9dicamenteuse et de la proc\u00e9dure de gestion \ndes non-conformit\u00e9s ;  \n- la finalisation de la r\u00e9daction, dans un d\u00e9lai de 3 mois, de la proc\u00e9dure de \ncontr\u00f4le pharmaceutique de la pr\u00e9paration de doses \u00e0 administrer ; \n \nCONSID\u00c9RANT  \n \nqu'il est attendu la mise en \u0153uvre par l'\u00e9tablissement des mesures suivantes  : \n \n- la revue du mode op\u00e9ratoire relatif \u00e0 la r\u00e9ception des dispositifs m\u00e9dicaux \nst\u00e9rilis\u00e9s par le prestataire ext\u00e9rieur ; \n- le contr\u00f4le de l'ensemble des m\u00e9dicaments s\u00e9rialis\u00e9s ; \nCONSID\u00c9RANT que l'H\u00f4pital Les Magnolias dispose de locaux, de moyens en personnel, de moyens \nen \u00e9quipement et d'un syst\u00e8me d'information, conform\u00e9ment aux articles R.5126 -8 \net R.5126-14 du code de la sant\u00e9 publique , lui permettant d'assurer l'ensemble des \nmissions et des activit\u00e9s sollicit\u00e9es ; \n \n \nD\u00c9CIDE  \n \n \nARTICLE 1 La pharmacie \u00e0 usage int\u00e9rieur implant\u00e9e au sein de l'H\u00f4pital Les Magnolias  \u2013 (n\u00b0 \nFINESS EJ 910000033 - n\u00b0 FINESS ET 910150069), sis 77 rue du Perray (91160) est \nautoris\u00e9 \u00e0 exercer les missions et activit\u00e9s cit\u00e9es aux articles suivants. \n \nARTICLE 2  La pharmacie \u00e0 usage int\u00e9rieur dessert, outre l'h\u00f4pital Les Magnolias au sein duquel \nelle est implant\u00e9e, les \u00e9tablissements suivants : \n \n- EHPAD R\u00e9sidence Europa sis 77 rue du Perray \u00e0 Ballainvilliers (91160) N\u00b0 \nFINESS EJ : 910000033 \u2013 N\u00b0 FINESS ET : 910015809 ; \n- USLD Les Magnolias, sis 77 rue du Perray \u00e0 Ballainvilliers (91160) N\u00b0 FINESS \nEJ : 910000033 \u2013 N\u00b0 FINESS ET : 910815992.    \n \nARTICLE 3   La pharmacie \u00e0 usage int\u00e9rieur assurera pour son propre compte, dans la limite du \nrespect des conditions r\u00e8glementaires fix\u00e9es pour leur exercice au regard du statut de \nl'\u00e9tablissement au sein duquel elle est \u00e9tablie, les missions g\u00e9n\u00e9rales ainsi que les \nactions de pharmacie clinique, telles que d\u00e9finies \u00e0 l'article L.5126 -1 du code de la \nsant\u00e9 publique, afin de r\u00e9pondre aux besoins pharmaceutiques des personnes prises \nen charge. \n \nARTICLE 4  La pharmacie  \u00e0 usage int\u00e9rieur  assurera, pour son propre compte les activit\u00e9s \nmentionn\u00e9es aux articles L.5126-4 et R.5126-9 du code de la sant\u00e9 publique :  \n- la pr\u00e9paration de doses \u00e0 administrer de m\u00e9dicaments mentionn\u00e9s \u00e0 \nl'article  L. 4211-1 du m\u00eame code  : \n\u2981 proc\u00e9d\u00e9 : manuel ; \n\u2981 type de doses pr\u00e9par\u00e9es : pilulier individuel nominatif, doses unitaires ; \n\u2981 op\u00e9rations r\u00e9alis\u00e9es : d\u00e9conditionnement, reconditionnement, \nsurconditionnement, sur\u00e9tiquetage  des blisters de m\u00e9dicaments non \npr\u00e9sent\u00e9s en conditionnement unitaire. \nAgence R\u00e9gionale de Sant\u00e9 - IDF-2025-06-02-00025 - D\u00e9cision renouvellement pharmacie usage interieur Hopital Les Magnolias 21\n \n3 / 3 \n \nARTICLE 5 La pharmacie \u00e0 usage int\u00e9rieur, au titre de l'article R.6111 -20 du code de la sant\u00e9 \npublique, confie la r\u00e9alisation, sur la base d'un contrat conforme aux bonnes pratiques \nde pharmacie hospitali\u00e8re, la pr\u00e9paration des dispositifs m \u00e9dicaux st\u00e9riles par le \nproc\u00e9d\u00e9 \u00e0 la vapeur d'eau, \u00e0 une soci\u00e9t\u00e9 industrielle tiers : APPERTON sise 4 avenue \ndes Orangers, \u00e0 Bonneuil-sur-Marne (94380).  \nARTICLE  6 La pharmacie \u00e0 usage int\u00e9rieur est install\u00e9e dans les locaux d'une superficie totale de \n271,9 m\u00b2, comprenant : \nau rez-de-chauss\u00e9e \u2013 Aile A :  \n- sas : 22,6 m\u00b2 ; \n- bureau 1 : 11,8 m\u00b2 ; \n- bureau 2 : 8,2 m\u00b2 ; \n- pr\u00e9paration / conditionnement : 50 m\u00b2 ; \n- stockage des dispositifs m\u00e9dicaux / m\u00e9dicaments : 99 m\u00b2 ; \n- local de dispensation journali\u00e8re individuelle nominative : 44,5 m\u00b2 ; \nau sous-sol de l'Aile A : \n- r\u00e9serve pharmacie : 35,8 m\u00b2. \nARTICLE  7 \n \nLe temps de pr\u00e9sence du pharmacien charg\u00e9 de la g\u00e9rance de dix demi-journ\u00e9es par \nsemaine est en conformit\u00e9 avec les dispositions de l'article R.5126 -39 du code de la \nsant\u00e9 publique. \nARTICLE  8 Un recours contentieux contre la pr\u00e9sente d\u00e9cision peut \u00eatre form\u00e9 aupr\u00e8s du Tribunal \nadministratif comp\u00e9tent. Le d\u00e9lai de recours est de deux mois \u00e0 compter de la \nnotification de la d\u00e9cision pour les int\u00e9ress\u00e9s ou de sa publication pour les tiers. Cette \njuridiction peut notamment \u00eatre saisie via une requ\u00eate remise ou envoy\u00e9e au greffe du \nTribunal administratif ou aussi par l'application \u00ab  T\u00e9l\u00e9recours \u00bb accessible \u00e0 partir du \nsite www.telerecours.fr.  \nARTICLE 9 Les Directeurs de l'Agence r\u00e9gionale de sant\u00e9 \u00cele-de-France sont charg\u00e9s, chacun en \nce qui les concerne, de l'ex\u00e9cution de la pr\u00e9sente d\u00e9cision, qui sera publi\u00e9e au recueil \ndes actes administratifs de la Pr\u00e9fecture de r\u00e9gion \u00cele-de-France. \n \nFait \u00e0 Saint-Denis, le 2 juin 2025 \n \nLe Directeur g\u00e9n\u00e9ral \nde l'Agence r\u00e9gionale de sant\u00e9  \n\u00cele-de-France \n \nSIGNE \n \nDenis ROBIN \n \nAgence R\u00e9gionale de Sant\u00e9 - IDF-2025-06-02-00025 - D\u00e9cision renouvellement pharmacie usage interieur Hopital Les Magnolias 22\nAgence R\u00e9gionale de Sant\u00e9\nIDF-2025-06-02-00026\nD\u00e9cision renouvellement pharmacie usage\ninterieur MAS Monique MEZE\nAgence R\u00e9gionale de Sant\u00e9 - IDF-2025-06-02-00026 - D\u00e9cision renouvellement pharmacie usage interieur MAS Monique MEZE 23\nREPUBLIQUEFRANCAISELibert\u00e9Egalit\u00e9Fraternit\u00e9\ne \u00bb Agence R\u00e9gionale de Sant\u00e9Ile-de-France\n \n \n1 / 3 \n \n \nAGENCE R\u00c9GIONALE DE SANTE \u00ceLE-DE-FRANCE \nD\u00c9CISION N\u00b0 DVSS - QSPHARMBIO \u2013 2025 / 045 \nportant renouvellement de l'autorisation de la pharmacie \u00e0 usage int\u00e9rieur  \nde la Maison d'Accueil Sp\u00e9cialis\u00e9e (MAS) Monique MEZE \nLE DIRECTEUR G\u00c9N\u00c9RAL DE L'AGENCE R\u00c9GIONALE DE SANT\u00c9 \u00ceLE-DE-FRANCE \n \nVU le code de la sant\u00e9  publique et notamment les articles L.5126 -1 \u00e0 L.5126 -11 ainsi que les \narticles R.5126-1 \u00e0 R.5126-62 ;  \n \nVU l'ordonnance n\u00b0 2016-1729 en date du 15 d\u00e9cembre 2016 relative aux pharmacies \u00e0 usage \nint\u00e9rieur prise en application de l'article 204 de la loi n\u00b0 2016-41 en date du 26 janvier 2016 de \nmodernisation de notre syst\u00e8me de sant\u00e9 en sa version modifi\u00e9e par l'ordonnance \nn\u00b0 2020- 1407 en date du 18 novembre 2020 relative aux missions des agences r\u00e9gionales de \nsant\u00e9 ; \n \nVU le d\u00e9cret n\u00b0 2019-489 en date du 21 mai 2019 modifi\u00e9 relatif aux pharmacies \u00e0 usage int\u00e9rieur \npris en application de l'ordonnance n\u00b0 2016-1729, notamment son article 4 ; \n \nVU  l'arr\u00eat\u00e9 en date du 22 juin 2001 relatif aux bonnes pratiques de pharmacie hospitali\u00e8re ; \n \nVU  la d\u00e9cision en date du 21 juillet 2023, prise en application des articles L.5121-1 et L.5121-5 du \ncode de la sant\u00e9 publique, relative aux bonnes pratiques de pr\u00e9paration ; \n \nVU  le d\u00e9cret en date du 10 avril 2024 portant nomination de  Monsieur Denis ROBIN, Direct eur \ng\u00e9n\u00e9ral de l'Agence r\u00e9gionale de sant\u00e9 \u00cele-de-France \u00e0 compter du 29 avril 2024 ;  \n \nVU  l'arr\u00eat\u00e9 pr\u00e9fectoral n\u00b0 2005/DDASS/ESOS/050141 en date du 26 janvier 2005 ayant autoris\u00e9 \nla cr\u00e9ation d'une pharmacie \u00e0 usage int\u00e9rieur sous le n\u00b0 91 H.37 au sein de la Maison d'Accueil \nSp\u00e9cialis\u00e9e (MAS) Monique MEZE , situ\u00e9e au 5, rue du Docteur Jean -Martin Charcot \u00e0 Evry \nCourcouronnes (91080) ;  \nVU  la demande d\u00e9pos\u00e9e le 30 septembre 2024 et compl\u00e9t\u00e9e le 4 octobre 2024 par le directeur de \nl'\u00e9tablissement, repr\u00e9sentant l\u00e9gal de la personne morale exploitant la Maison d'Accueil \nSp\u00e9cialis\u00e9e (MAS) Monique MEZE, en vue du renouvellement, au titre de l'article 4 du d\u00e9cret \nn\u00b0 2019-489 en date du 21 mai 2019 modifi\u00e9 relatif aux pharmacies \u00e0 usage int\u00e9rieur, de \nl'autorisation de la pharmacie \u00e0 usage int\u00e9rieur concernant  les missions g\u00e9n\u00e9rales ainsi que \nles actions de pharmacie clinique, telles que d\u00e9finies \u00e0 l'article L.5126 -1 du code de la sant\u00e9 \npublique, afin de r\u00e9pondre aux besoins pharmaceutiques des personnes prises en charge ;  \n \nVU  la demande d\u00e9pos\u00e9e le 30 septembre 2024 et compl\u00e9t\u00e9e le 4 octobre 2024 par le directeur de \nl'\u00e9tablissement, repr\u00e9sentant l\u00e9gal de la personne morale exploitant la MAS Monique MEZE, \nen vue du renouvellement, au titre de l'article 4 du d\u00e9cret n\u00b0 2019-489 en date du 21 mai 2019 \nmodifi\u00e9 relatif aux pharmacies \u00e0 usage int\u00e9rieur, de l'autorisation de la pharmacie \u00e0 usage \nint\u00e9rieur concernant l'activit\u00e9 suivante assur\u00e9e par la pharmacie \u00e0 usage int\u00e9rieur pour son \npropre compte :  \n \n- la pr\u00e9paration manuelle des doses \u00e0 administrer de m\u00e9dicaments ; \n \nVU  le rapport d'instruction en date du 20 janvier 2025  et la conclusion d\u00e9finitive en date du \n24 avril 2025 \u00e9tablis par le pharmacien inspecteur de sant\u00e9 publique ;  \n \nAgence R\u00e9gionale de Sant\u00e9 - IDF-2025-06-02-00026 - D\u00e9cision renouvellement pharmacie usage interieur MAS Monique MEZE 24\n \n2 / 3 \n \nVU  l'avis favorable du Conseil central de la section H de l'Ordre des pharmaciens, en date du \n21 d\u00e9cembre 2024 et 3 f\u00e9vrier 2025 ; \n  \nCONSID\u00c9RANT  \n \n \nLes r\u00e9ponses apport\u00e9es et les engagements pris par l'\u00e9tablissement suite au rapport \nd'instruction du pharmacien inspecteur de sant\u00e9 publique notamment :  \n \n- mettre en place d'une formation continue annuelle pour le pharmacien \ng\u00e9rant ; \n- formaliser et int\u00e9grer au manuel qualit\u00e9 de la pharmacie \u00e0 usage int\u00e9rieur , \nune proc\u00e9dure de fonctionnement de la solution d\u00e9grad\u00e9e en cas de panne \ninformatique ainsi que la r\u00e9alisation d'un test de fonctionnement de cette \nsolution d\u00e9grad\u00e9e (\u00e9ch\u00e9ance 30 juin 2025) ; \n- assurer la tra\u00e7abilit\u00e9 et l'archivage papier des m\u00e9dicaments sur-\u00e9tiquet\u00e9s en \nremplissant l'int\u00e9gralit\u00e9 des champs sur le fichier produit via le logiciel \nEticonform ; \n \nCONSID\u00c9RANT que la MAS Monique MEZE dispose de locaux, de moyens en personnel, de moyens \nen \u00e9quipement et d'un syst\u00e8me d'information, conform\u00e9ment aux articles R.5126 -8 \net R.5126-14 du code de la sant\u00e9 publique , lui permettant d'assurer l'ensemble des \nmissions et l'activit\u00e9 sollicit\u00e9e ; \n  \nDECIDE  \n \nARTICLE 1  La pharmacie \u00e0 usage int\u00e9rieur implant\u00e9e au sein de la MAS Monique MEZE  \u2013 \n(n\u00b0 FINESS EJ :  910004993 - n\u00b0 FINESS ET  : 750015968), si tu\u00e9e au  5, rue du \nDocteur Jean-Martin Charcot \u00e0 Evry Courcouronnes (91080 ) est autoris\u00e9e \u00e0 exercer \nles missions et l'activit\u00e9 cit\u00e9e aux articles suivants. \n \nARTICLE 2   La pharmacie \u00e0 usage int\u00e9rieur assurera pour son propre compte, dans la limite du \nrespect des conditions r\u00e8glementaires fix\u00e9es pour leur exercice au regard du statut de \nl'\u00e9tablissement au sein duquel elle est \u00e9tablie, les missions g\u00e9n\u00e9rales ainsi que les \nactions de pharmacie clinique, telles que d\u00e9finies \u00e0 l'article L.5126 -1 du code de la \nsant\u00e9 publique, afin de r\u00e9pondre aux besoins pharmaceutiques des personnes prises \nen charge. \n \nARTICLE 3  La pharmacie \u00e0 usage int\u00e9rieur assurera, pour son propre compte l'activit\u00e9 mentionn\u00e9e \naux articles L.5126-4 et R.5126-9 du code de la sant\u00e9 publique :  \n- la pr\u00e9paration de s doses \u00e0 administrer de m\u00e9dicaments mentionn\u00e9s \u00e0 \nl'article L. 4211-1 du m\u00eame code : \n \no proc\u00e9d\u00e9 : manuel \no dispensation : dotation reglobalis\u00e9e ; \no voie d'administration des doses pr\u00e9par\u00e9es : voie orale ; \no op\u00e9rations r\u00e9alis\u00e9es : sur\u00e9tiquetage des blisters de m\u00e9dicaments non \ntra\u00e7ables \u00e0 l'unit\u00e9. \nARTICLE 4  La pharmacie \u00e0 usage int\u00e9rieur est install\u00e9e dans les locaux d'une superficie totale de \n48.19 m\u00b2, comprenant : \n- bureau pharmacien : 14.74 m\u00b2 ; \n- pharmacie \u00e0 usage int\u00e9rieur (stockage m\u00e9dicaments et certains dispositifs \nm\u00e9dicaux et/ou dispositifs m\u00e9dicaux st\u00e9riles) :  11.5 m\u00b2 ; \n- stockage dispositifs m\u00e9dicaux et/ou dispositifs m\u00e9dicaux st\u00e9riles : 5.98 m\u00b2 ; \nAgence R\u00e9gionale de Sant\u00e9 - IDF-2025-06-02-00026 - D\u00e9cision renouvellement pharmacie usage interieur MAS Monique MEZE 25\n \n3 / 3 \n \n- sas de livraison grossiste : 4.61 m\u00b2 ; \n- centrale de vide (compresseur) : 5.56 m\u00b2 ; \n- centrale de gaz m\u00e9dicaux : oxyg\u00e8ne : 5.8 m\u00b2. \nARTICLE 5  \n \nLe temps de pr\u00e9sence du pharmacien charg\u00e9 de la g\u00e9rance, de dix demi-journ\u00e9es par \nsemaine, est en conformit\u00e9 avec les dispositions de l'article R.5126 -39 du code de la \nsant\u00e9 publique. \nARTICLE 6   Un recours contentieux contre la pr\u00e9sente d\u00e9cision peut \u00eatre form\u00e9 aupr\u00e8s du Tribunal \nadministratif comp\u00e9tent. Le d\u00e9lai de recours est de deux mois \u00e0 compter de la \nnotification de la d\u00e9cision pour les int\u00e9ress\u00e9s ou de sa publication pour les tiers. Cette \njuridiction peut notamment \u00eatre saisie via une requ\u00eate remise ou envoy\u00e9e au greffe du \nTribunal administratif ou aussi par l'application \u00ab  T\u00e9l\u00e9recours \u00bb accessible \u00e0 partir du \nsite www.telerecours.fr.  \nARTICLE 7 Les Directeurs de l'Agence r\u00e9gionale de sant\u00e9 \u00cele-de-France sont charg\u00e9s, chacun en \nce qui les concerne, de l'ex\u00e9cution de la pr\u00e9sente d\u00e9cision, qui sera publi\u00e9e au recueil \ndes actes administratifs de la Pr\u00e9fecture de r\u00e9gion \u00cele-de-France. \n \n \nFait \u00e0 Saint-Denis, le 2 juin 2025 \n \nLe Directeur g\u00e9n\u00e9ral \nde l'Agence r\u00e9gionale de sant\u00e9  \n\u00cele-de-France \n \nSIGNE \n \nDenis ROBIN \n \nAgence R\u00e9gionale de Sant\u00e9 - IDF-2025-06-02-00026 - D\u00e9cision renouvellement pharmacie usage interieur MAS Monique MEZE 26\nAgence R\u00e9gionale de Sant\u00e9  - D\u00e9l\u00e9gation\nD\u00e9partementale de la Seine Saint-Denis\nIDF-2025-07-03-00008\nArr\u00eat\u00e9 n\u00b0DD93- 2025/006 du 3 juillet 2025\nportant agr\u00e9ment du centre de sant\u00e9 Centre\nOphtalmologique de Tremblay en France ayant\npour num\u00e9ro FINESS Etablissement 93 003 661 1\npour ses activit\u00e9s ophtalmologiques et\northoptiques \nAgence R\u00e9gionale de Sant\u00e9  - D\u00e9l\u00e9gation D\u00e9partementale de la Seine Saint-Denis - IDF-2025-07-03-00008 - Arr\u00eat\u00e9 n\u00b0DD93- 2025/006\ndu 3 juillet 2025\nportant agr\u00e9ment du centre de sant\u00e9 Centre Ophtalmologique de Tremblay en France ayant pour num\u00e9ro FINESS Etablissement 93\n003 661 1 pour ses activit\u00e9s ophtalmologiques et orthoptiques \n27\nEEREPUBLIQUEFRAN\u00c7AISELibert\u00e9Egalit\u00e9Fraternit\u00e9\nAr@ D Agence R\u00e9gionale de Sant\u00e9Ile-de-France\n \n \nAGENCE R\u00c9GIONALE DE SANT\u00c9 D'\u00ceLE-DE-FRANCE \nARR\u00caT\u00c9 N\u00b0DD93\u2013 2025/006 \nPortant agr\u00e9ment du centre de sant\u00e9 Centre Ophtalmologique de Tremblay en France ayant \npour num\u00e9ro FINESS Etablissement 93 003 661 1 pour ses activit\u00e9s ophtalmologiques et \northoptiques  \n \nLE DIRECTEUR G\u00c9N\u00c9RAL DE L'AGENCE R\u00c9GIONALE DE SANT\u00c9 D'\u00ceLE-DE-FRANCE \n \nVU le code de la sant\u00e9 publique, notamment ses articles L. 6323-1 et suivants et D. 6323-1 \u00e0 D. 6323-12 ainsi que \nles dispositions de l'arr\u00eat\u00e9 du 27 f\u00e9vrier 2018 relatif aux centres de sant\u00e9 ; \n \nVU \n \n \nVU \nl'arr\u00eat\u00e9 du 10 avril 2024 portant nomination de Monsieur Denis ROBIN, directeur g\u00e9n\u00e9ral de l'Agence r\u00e9gionale \nde sant\u00e9 d'\u00cele-de-France, \u00e0 compter du 29 avril 2024 ; \n \nl'arr\u00eat\u00e9 DS N\u00b0014/2025 du 12 juin 2025 de Monsieur le directeur g\u00e9n\u00e9ral de l'Agence r\u00e9gionale de sant\u00e9 Ile-de-\nFrance portant d\u00e9l\u00e9gation de signature \u00e0 Madame Emmanuelle LATOUR, directrice de la d\u00e9l\u00e9gation \nd\u00e9partementale de la Seine-Saint-Denis ; \n \nARRETE \n \n \nARTICLE 1 : \n \nLe centre de sant\u00e9 dont la raison sociale est Centre ophtalmologique de Tremblay-en-France \nsitu\u00e9 \u00e0 l'adresse suivante 149 Avenue Gilbert Berger, 93290 Tremblay-en-France \ndont le num\u00e9ro FINESS est 93 003 661 1 \net dont la raison sociale de l'organisme gestionnaire est Association Centre m\u00e9dical et \nophtalmologique de Tremblay en France (CMOTF) \nsitu\u00e9 \u00e0 l'adresse suivante 149 Avenue Gilbert Berger, 93290 Tremblay-en-France, \n \nEST AGR\u00c9\u00c9 pour ses activit\u00e9s ophtalmologiques et orthoptiques. \nCet agr\u00e9ment vaut autorisation de dispenser des soins aux assur\u00e9s sociaux dans le centre ou \nl'antenne concern\u00e9.  \n  \nARTICLE 2 : Le pr\u00e9sent agr\u00e9ment est provisoire et d\u00e9livr\u00e9 pour une dur\u00e9e d'un an.  \n  \nARTICLE 3 : Un recours hi\u00e9rarchique contre cet arr\u00eat\u00e9 peut \u00eatre form\u00e9 par tout int\u00e9ress\u00e9 dans les deux mois \u00e0 \ncompter de sa notification devant le Ministre de la Sant\u00e9 et de la Pr\u00e9vention. \n \nCe recours hi\u00e9rarchique ne constitue pas un pr\u00e9alable obligatoire au recours contentieux, qui peut \n\u00eatre form\u00e9 devant le tribunal administratif comp\u00e9tent dans les deux mois suivant la notification du \npr\u00e9sent arr\u00eat\u00e9. \n \nARTICLE 4 : La Directrice de la d\u00e9l\u00e9gation d\u00e9partementale de Seine-Saint-Denis de l'Agence r\u00e9gionale de sant\u00e9 \nd'Ile-de-France est charg\u00e9e de l'ex\u00e9cution du pr\u00e9sent arr\u00eat\u00e9, qui sera publi\u00e9 au recueil des actes \nadministratifs de la pr\u00e9fecture de r\u00e9gion Ile-de-France.  \n \n \nFait \u00e0 Saint-Denis, le 3 juillet 2025 \n \nPour le Directeur g\u00e9n\u00e9ral de l'Agence R\u00e9gionale  \nde Sant\u00e9 d'Ile-de-France \n \nLa Directrice de la D\u00e9l\u00e9gation d\u00e9partementale  \nde Seine-Saint-Denis \n \n       SIGN\u00c9 \nEmmanuelle LATOUR \nAgence R\u00e9gionale de Sant\u00e9  - D\u00e9l\u00e9gation D\u00e9partementale de la Seine Saint-Denis - IDF-2025-07-03-00008 - Arr\u00eat\u00e9 n\u00b0DD93- 2025/006\ndu 3 juillet 2025\nportant agr\u00e9ment du centre de sant\u00e9 Centre Ophtalmologique de Tremblay en France ayant pour num\u00e9ro FINESS Etablissement 93\n003 661 1 pour ses activit\u00e9s ophtalmologiques et orthoptiques \n28\nChambre de commerce et d'industrie de r\u00e9gion\nParis - \u00cele-de-France\nIDF-2025-06-26-00005\nD\u00e9l\u00e9b\u00e9ration n\u00b016-2025 Extrait PV AG CCIR\nPARIS IDF 26 juin 2025 (Approbation du\nchangement du si\u00e8ge de la CCIR)\nChambre de commerce et d'industrie de r\u00e9gion Paris - \u00cele-de-France - IDF-2025-06-26-00005 - D\u00e9l\u00e9b\u00e9ration n\u00b016-2025 Extrait PV AG\nCCIR PARIS IDF 26 juin 2025 (Approbation du changement du si\u00e8ge de la CCIR) 29\nG CCI PARIS ILE-DE-FRANCE\n' d'industrie de r\u00e9gion Paris \u00cele\nChambre de commerce et d'industrie de r\u00e9gion Paris Ile-de-France 1/2 \n27 avenue de Friedland - 75382 Paris cedex 08 \nT. 01 55 65 44 44 (prix d'un appel local) www.cci-paris-idf.fr \n \nEXTRAIT DU PROC\u00c8S-VERBAL DE LA S\u00c9ANCE D'ASSEMBL\u00c9E G\u00c9N\u00c9RALE \nDE LA CHAMBRE DE COMMERCE ET D'INDUSTRIE \nDE R\u00c9GION PARIS \u00ceLE-DE-FRANCE DU 26 JUIN 2025 \n-  D ELIBERATION  \u2013 \n \nD\u00e9lib\u00e9ration n\u00b016-2025 \n \n \n \nObjet :  \nApprobation du \nchangement du si\u00e8ge \nde la CCIR  \n \nRapporteur : \nDominique RESTINO \n \n \n \n \n \n \n \n \n \n \n \n \n \n \n \n \n \n \n \n \n \n \n \n \n \nNombre de membres \nen exercice :  92 \nQuorum :  47 \nVotes :  55 \nVoix pour : 55 \nVoix contre : 0 \nAbstention :  0 \nETAIENT PR\u00c9SENTS OU REPR\u00c9SENT\u00c9S :  \nShaoul ABRAMCZYK \u2013  Jean-Paul AGON \u2013  Nathalie AMASSE \u2013  Elisabeth AUDER \u2013 Nadia AYADI \u2013  \nG\u00e9rald BARBIER \u2013 Muriel BARNEOUD \u2013 Edwige BECKER \u2013 J\u00e9r\u00f4me BEDIER \u2013 Marcel BENEZET \u2013 Saliha \nBENNACER \u2013 Jean-Lou BLACHIER \u2013 Bastien BRUNIS \u2013 Guillaume CAIROU \u2013 Rachel CHICHEPORTICHE \n\u2013 Bernard COHEN-HADAD \u2013 G\u00e9rard DELMAS \u2013 Dominique DENIS \u2013 Bruno DIDIER \u2013 Danielle DUBRAC \n\u2013 Philippe ECRAN \u2013 Paola FABIANI \u2013 Beno\u00eet FEYTIT \u2013 J\u00e9r\u00f4me FRANTZ  \u2013 Philippe GOETZMANN \u2013 \nBrigitte GOTTI \u2013 Dominique GUILLOU \u2013 Jean-Charles HERRENSCHMIDT \u2013 Jean-Robert JACQUEMARD \n\u2013 Nordine JAFRI \u2013 Pierre KUCHLY \u2013 Edmond DE LA PANOUSE \u2013 Michel LAURENT \u2013 Jo\u00eblle LELLOUCHE \n\u2013 Isabelle LERIQUIER \u2013  Fabienne LICHENTIN \u2013  Lydie LIENHART \u2013  Christine LOIZY \u2013 Soumia \nMALINBAUM \u2013 Bernard MICHEL\u2013 Beno\u00eet MONROCHE \u2013 Marie-Christine OGHLY \u2013 Aur\u00e9lie PERRUCHE \n\u2013 Patrick PONTHIER \u2013 Patrick RAKOTOSON \u2013 Myriam RANGAN \u2013 Dominique RESTINO  \u2013  Claude de \nSAINT-VINCENT \u2013 Annick SCHWEBIG \u2013 Thomas TCHEN \u2013 Corinne THEVENIAU \u2013 Soed TOUMI \u2013 Jackie \nTROY \u2013 Fr\u00e9d\u00e9ric VERNHES. \n \nETAIENT ABSENTS OU EXCUS\u00c9S :  \nAhmed AKAABOUN \u2013  Tanneguy AUDIC DE QUERNEN \u2013  Pierre-Jean BAUDEY-VIGNAUD \u2013 Micha\u00ebl \nBELISSA \u2013 Jean BOUZID \u2013 Catherine BRONSARD \u2013 Cyril CAPLIEZ \u2013 Magali CARRE \u2013 Arnaud CAUJOLLE \n\u2013 Thene DIA \u2013  Porfirio ESTEVES \u2013 Alain EYGRETEAU \u2013  Frank GENTIN \u2013  V\u00e9ronique GOU \u2013  Beno\u00eet \nHUVER \u2013 Katia KAZANDJIEFF -FRAIOLI \u2013 Didier KLING \u2013  Fabrice LABORDE \u2013 Merry LIUZZO \u2013 \nDominique MOCQUAX \u2013 Jean-Marc MORANDI \u2013  Daniel NABET \u2013 Gilles OURAGHI \u2013  Agn\u00e8s \nPARMENTIER \u2013 Pascal PELTIER \u2013  Laurent PFEIFFER \u2013 Alexandre POCHON  \u2013 Karima RAFIK \u2013 Jos\u00e9 \nRAMOS \u2013 Jean-Paul RIGAL \u2013  Sylvie SALINIE \u2013 C\u00e9cile de SAINT- MICHEL \u2013 Marie-Laure SIMONIN -\nBRAUN \u2013 Beno\u00eet SOURY \u2013 Pascal TEURQUETIL \u2013 St\u00e9phanie TONDINI \u2013 Pierre TROUILLET \u2013 Corinne \nVIEILLEMARD. \n_____________ \nLa Chambre de commerce et d'industrie de r\u00e9gion Paris \u00cele-de-France, \nRappelant : \n- l'article L. 711-6 du code de commerce, en application duquel le si\u00e8ge des chambres \nde commerce et d'industrie de r\u00e9gion est fix\u00e9 par d\u00e9cret ; \n- l'article 1 du d\u00e9cret n\u00b0 2012- 595 du 27 avril 2012 portant cr\u00e9ation de la chambre de \ncommerce et d'industrie de r\u00e9gion Paris \u00cele-de-France, et mentionnant que son \"si\u00e8ge \nest situ\u00e9 \u00e0 Paris\" ; \n \n \nChambre de commerce et d'industrie de r\u00e9gion Paris - \u00cele-de-France - IDF-2025-06-26-00005 - D\u00e9l\u00e9b\u00e9ration n\u00b016-2025 Extrait PV AG\nCCIR PARIS IDF 26 juin 2025 (Approbation du changement du si\u00e8ge de la CCIR) 30\n55\nAssembl\u00e9e g\u00e9n\u00e9rale de la CCI Paris Ile-de-France du 22 mai 2025 \u2013 D\u00e9lib\u00e9ration n\u00b016-2025 2/2 \n \nConsid\u00e9rant : \n \n- que l'Assembl\u00e9e g\u00e9n\u00e9rale a d\u00e9cid\u00e9 un projet de transformation de la CCIR Paris \u00cele -\nde-France, lequel comprend notamment dans son volet immobilier, d'une part, la \npassation d'un bail emphyt\u00e9otique pour une dur\u00e9e de 80 ans sur l'ensemble \nimmobilier dit \u00ab H\u00f4te l Potocki \u00bb, actuel si\u00e8ge social, sign\u00e9 le 20 d\u00e9cembre 2022 , et \nd'autre part, le d\u00e9m\u00e9nagement sur le site de Jouhaux-Toudic r\u00e9am\u00e9nag\u00e9 \u00e0 cet effet ; \n  \n- que ce nouveau site doit permettre de favoriser la transversalit\u00e9 des services, et de \nchanger l'image de la CCIR Paris \u00cele-de-France aupr\u00e8s de ses ressortissants ; \nD\u00e9lib\u00e8re et d\u00e9cide : \n- de transf\u00e9rer le si\u00e8ge social de la CCIR Paris \u00cele -de-France actuellement situ\u00e9 au \n27 avenue de Friedland, Paris 8\u1d49, au 11 rue L\u00e9on Jouhaux, Paris 10 \u1d49, \u00e0 compter du \n1\u1d49\u02b3 janvier 2026. Ce transfert s'accompagne de celui de certaines de ses entit\u00e9s ;  \n \n- d'habiliter le Pr\u00e9sident, ou toute personne qu'il se substituerait, \u00e0 accomplir tous les \nactes n\u00e9cessaires \u00e0 l'ex\u00e9cution de la pr\u00e9sente d\u00e9lib\u00e9ration.  \n \n(La d\u00e9lib\u00e9ration est approuv\u00e9e : 55 voix pour) \n \n \n \nLe 26 juin 2025 \nCOPIE CERTIFIEE CONFORME A L'ORIGINAL  \nPAR DELEGATION DU PRESIDENT \n \n \nSign\u00e9 \n \n \n \nFrance MOROT-VIDELAINE \nDirectrice g\u00e9n\u00e9rale adjointe charg\u00e9e des Partenariats, de \nl'Observation, de la Prospective et des \u00e9tudes \n \nChambre de commerce et d'industrie de r\u00e9gion Paris - \u00cele-de-France - IDF-2025-06-26-00005 - D\u00e9l\u00e9b\u00e9ration n\u00b016-2025 Extrait PV AG\nCCIR PARIS IDF 26 juin 2025 (Approbation du changement du si\u00e8ge de la CCIR) 31\nRectorat de la r\u00e9gion acad\u00e9mique\nd'Ile-de-France, rectorat de l'acad\u00e9mie de Paris\nIDF-2025-07-02-00003\nArr\u00eat\u00e9 n\u00b0 2025-083-RRA portant cr\u00e9ation de la\ncommission d'acc\u00e8s au deuxi\u00e8me cycle de\nl'enseignement sup\u00e9rieur (CADCES) de la r\u00e9gion\nd'\u00cele-de-France au titre de l'ann\u00e9e 2025-2026\nRectorat de la r\u00e9gion acad\u00e9mique d'Ile-de-France, rectorat de l'acad\u00e9mie de Paris - IDF-2025-07-02-00003 - Arr\u00eat\u00e9 n\u00b0 2025-083-RRA\nportant cr\u00e9ation de la commission d'acc\u00e8s au deuxi\u00e8me cycle de l'enseignement sup\u00e9rieur (CADCES) de la r\u00e9gion d'\u00cele-de-France au\ntitre de l'ann\u00e9e 2025-2026\n32\nREGION ACADEMIQUE\u00ceLE-DE-FRANCELibert\u00e9Fgaliz\u00e9Frateravte\n \n \n \n \n \n \n \n \nArr\u00eat\u00e9 n\u00b0 2025- 083 portant cr\u00e9ation de la commission d'acc\u00e8s \nau deuxi\u00e8me cycle de l'enseignement sup\u00e9rieur de la r\u00e9gion \nd'\u00cele-de-France \n \n \nRectrice de la r\u00e9gion acad\u00e9mique \u00cele-de-France,  \nRectrice de l'Acad\u00e9mie de Paris,  \nChanceli\u00e8re des Universit\u00e9s de Paris et d'\u00cele-de-France  \n  \n  \nVu le code de l'\u00e9ducation et notamment ses articles L.612-6 et R.612-36-3 ;  \n  \nVu l'arr\u00eat\u00e9 n\u00b02020-06-RRA portant cr\u00e9ation du service r\u00e9gional intitul\u00e9 \u00ab service r\u00e9gional de \nl'enseignement sup\u00e9rieur, de la recherche et de l'innovation d'\u00cele-de-France \u00bb (ES-ESRI) en date du 1er \nmars 2020 ;  \n  \nVu l'arr\u00eat\u00e9 n\u00b02021-51-RRA portant organisation du service r\u00e9gional de l'enseignement sup\u00e9rieur, de la \nrecherche et de l'innovation d'\u00cele-de-France ;  \n  \nVu l'arr\u00eat\u00e9 minist\u00e9riel du 13 juillet 2021 fixant le calendrier de la commission d'acc\u00e8s au deuxi\u00e8me \ncycle de l'enseignement sup\u00e9rieur ;   \n  \nVu le d\u00e9cret pris en conseil des ministres du 12 mars 2025 portant nomination de Madame Julie \nBENETTI, rectrice de la r\u00e9gion acad\u00e9mique Ile-de-France, rectrice de l'acad\u00e9mie de Paris, Chanceli\u00e8re \ndes Universit\u00e9s de Paris et d'Ile-de-France ;  \n  \nVu le d\u00e9cret pris en conseil des ministres du 16 juillet 2024 portant nomination de Madame Isabelle \nPRAT, rectrice d\u00e9l\u00e9gu\u00e9e pour l'enseignement sup\u00e9rieur, la recherche et l'innovation de la r\u00e9gion \nacad\u00e9mique Ile-de-France ;   \n  \nVu l'arr\u00eat\u00e9 minist\u00e9riel du 15 mars 2022 portant nomination de Monsieur Alexandre BOSCH, secr\u00e9taire \ng\u00e9n\u00e9ral, chef du service r\u00e9gional de l'enseignement sup\u00e9rieur, de la recherche et de l'innovation de la \nr\u00e9gion acad\u00e9mique \u00cele-de-France, secr\u00e9taire g\u00e9n\u00e9ral de l'\u00e9tablissement public Chancellerie des \nuniversit\u00e9s de Paris ;  \n  \nRectorat de la r\u00e9gion acad\u00e9mique d'Ile-de-France, rectorat de l'acad\u00e9mie de Paris - IDF-2025-07-02-00003 - Arr\u00eat\u00e9 n\u00b0 2025-083-RRA\nportant cr\u00e9ation de la commission d'acc\u00e8s au deuxi\u00e8me cycle de l'enseignement sup\u00e9rieur (CADCES) de la r\u00e9gion d'\u00cele-de-France au\ntitre de l'ann\u00e9e 2025-2026\n33\n \n \nARR\u00caTE  \n  \nArticle 1 - La commission d'acc\u00e8s au deuxi\u00e8me cycle de l'enseignement sup\u00e9rieur institu\u00e9e au niveau \nde la r\u00e9gion acad\u00e9mique d'Ile-de-France est r\u00e9gie par les dispositions du pr\u00e9sent arr\u00eat\u00e9 pour les \ndemandes pr\u00e9sent\u00e9es au titre de l'ann\u00e9e universitaire 2025-2026.  \n  \n  \nArticle 2 - La commission d'acc\u00e8s au deuxi\u00e8me cycle de l'enseignement sup\u00e9rieur se r\u00e9unit entre le \n1er et le 21 septembre de chaque ann\u00e9e universitair e, pour examiner la situation des \u00e9tudiants qui, \nayant saisi le recteur de r\u00e9gion acad\u00e9mique via le t\u00e9l\u00e9service \u00ab Trouver Mon Master \u00bb, n'ont pas \nb\u00e9n\u00e9fici\u00e9 d'une proposition d'admission en master, sur cette p\u00e9riode.  \nL'organisation et le suivi de la commission d'acc\u00e8s au deuxi\u00e8me cycle de l'enseignement sup\u00e9rieur est \nassur\u00e9 par le Bureau de la Vie Universitaire. \n  \nArticle 3  - La commission d'acc\u00e8s au deuxi\u00e8me cycle de l'enseignement sup\u00e9rieur est compos\u00e9e \ncomme suit :   \n  \nPr\u00e9sidence :   \n  \nMadame Julie BENETTI, rectrice de la r\u00e9gion acad\u00e9mique Ile-de-France, rectrice de l'acad\u00e9mie de \nParis, Chanceli\u00e8re des Universit\u00e9s de Paris et d'Ile-de-France, ou ses repr\u00e9sentants, Madame Isabelle \nPRAT, rectrice d\u00e9l\u00e9gu\u00e9e pour l'enseignement sup\u00e9rieur, la recherche et l'innovation de la r\u00e9gion \nacad\u00e9mique Ile-de-France ou Monsieur Alexandre BOSCH, secr\u00e9taire g\u00e9n\u00e9ral, chef du service r\u00e9gional \nde l'enseignement sup\u00e9rieur, de la recherche et de l'innovation de la r\u00e9gion acad\u00e9mique \u00cele-de-\nFrance, secr\u00e9taire g\u00e9n\u00e9ral de l'\u00e9tablissement public Chancellerie des universit\u00e9s de Paris.  \n \nMembres titulaires :   \n  \n- La rectrice d\u00e9l\u00e9gu\u00e9e pour l'enseignement sup\u00e9rieur, la recherche et l'innovation de la r\u00e9gion \nacad\u00e9mique Ile-de-France, Madame Isabelle PRAT ;  \n- La d\u00e9l\u00e9gu\u00e9e de r\u00e9gion acad\u00e9mique \u00e0 l'information et \u00e0 l'orientation (DRAIO), Madame Patricia \nBLOCH ;  \n- Les conseillers pour l'enseignement sup\u00e9rieur des acad\u00e9mies de Cr\u00e9teil et de Versailles, \nrespectivement Monsieur Laurent GADESSAUD et Madame Sonja DENOT-LEDUNOIS ;   \n- Les chefs des services acad\u00e9miques \u00e0 l'information et \u00e0 l'orientation (CSAIO) des acad\u00e9mies \nde Paris, Cr\u00e9teil et Versailles, respectivement Mesdames Virginie COUSIN-DOUEL, Rafa\u00eblle \nLARTIGOU et Elisabeth BOYER ; \n- Les repr\u00e9sentants de chacun des \u00e9tablissements de la r\u00e9gion acad\u00e9mique qui dispensent des \nformations d'enseignement sup\u00e9rieur conduisant \u00e0 la d\u00e9livrance du dipl\u00f4me national de \nmaster (cf. annexe).   \n- Le secr\u00e9taire g\u00e9n\u00e9ral, chef du service r\u00e9gional de l'enseignement sup\u00e9rieur, de la \nrecherche et de l'innovation de la r\u00e9gion acad\u00e9mique \u00cele-de-France, secr\u00e9taire g\u00e9n\u00e9ral \nde l'\u00e9tablissement public Chancellerie des universit\u00e9s de Paris, Monsieur Alexandre \nBOSCH ;  \n- Le chef de la division des \u00e9tablissements et de la vie universitaire (DEVU), Monsieur Thierry \nMALINGE ;  \nRectorat de la r\u00e9gion acad\u00e9mique d'Ile-de-France, rectorat de l'acad\u00e9mie de Paris - IDF-2025-07-02-00003 - Arr\u00eat\u00e9 n\u00b0 2025-083-RRA\nportant cr\u00e9ation de la commission d'acc\u00e8s au deuxi\u00e8me cycle de l'enseignement sup\u00e9rieur (CADCES) de la r\u00e9gion d'\u00cele-de-France au\ntitre de l'ann\u00e9e 2025-2026\n34\n \n \n- La cheffe du bureau de la vie universitaire, Madame P\u00e9n\u00e9lope DIA-SYPHENGPHET.  \n Article 4 - La commission d'acc\u00e8s au deuxi\u00e8me cycle de l'enseignement sup\u00e9rieur sous l'autorit\u00e9 du \nrecteur de r\u00e9gion acad\u00e9mique, tient compte dans l'examen de la situation de l'\u00e9tudiant, du projet \npersonnel et professionnel de l'\u00e9tudiant, de l'offre de formation existante, des capacit\u00e9s d'accueil \ntelles que d\u00e9finies \u00e0 l'article L. 612-6 et de la compatibilit\u00e9 de la mention du dipl\u00f4me national de \nlicence obtenu par l'\u00e9tudiant avec les mentions de master existantes.   \n  \nLe suivi des donn\u00e9es relatives aux dossiers de sais ine en attente est effectu\u00e9 par la division des \n\u00e9tablissements et de la vie universitaire.  \n  \n  \nArticle 5 - Sur proposition de la commission d'acc\u00e8s au deuxi\u00e8me cycle de l'enseignement sup\u00e9rieur \net apr\u00e8s accord des chefs d'\u00e9tablissements concern\u00e9s, le recteur de r\u00e9gion acad\u00e9mique pr\u00e9sente aux \n\u00e9tudiants dont la saisine rel\u00e8ve des dispositions de l'article 2, trois propositions d'admission dans une \nformation conduisant au dipl\u00f4me national de master.  \n  \n  \nArticle 6 - L'arr\u00eat\u00e9 n\u00b02024-116-RRA portant cr\u00e9ation de la commission d'acc\u00e8s au deuxi\u00e8me cycle de \nl'enseignement sup\u00e9rieur de la r\u00e9gion d'\u00cele-de-France, en date du 25 juillet 2024, est abrog\u00e9.  \n  \n  \nArticle 7 - Le secr\u00e9taire g\u00e9n\u00e9ral, chef du service r\u00e9gional de l'enseignement sup\u00e9rieur, de la recherche \net de l'innovation est charg\u00e9 de l'ex\u00e9cution du pr\u00e9sent arr\u00eat\u00e9 qui sera publi\u00e9 au recueil des actes \nadministratifs de la pr\u00e9fecture de r\u00e9gion d'\u00cele-de-France.  \n  \nFait \u00e0 Paris, le 02 juillet 2025  \n  \nLa Rectrice de la r\u00e9gion acad\u00e9mique \u00cele-de-France,  \nRectrice de l'Acad\u00e9mie de Paris,  \nChanceli\u00e8re des Universit\u00e9s de Paris et d'\u00cele-de-France   \n \n \n                                                         Sign\u00e9 \n \n \nJulie BENETTI  \nRectorat de la r\u00e9gion acad\u00e9mique d'Ile-de-France, rectorat de l'acad\u00e9mie de Paris - IDF-2025-07-02-00003 - Arr\u00eat\u00e9 n\u00b0 2025-083-RRA\nportant cr\u00e9ation de la commission d'acc\u00e8s au deuxi\u00e8me cycle de l'enseignement sup\u00e9rieur (CADCES) de la r\u00e9gion d'\u00cele-de-France au\ntitre de l'ann\u00e9e 2025-2026\n35\nANNEXE : \nListe des repr\u00e9sentants de chacun des \u00e9tablissements de la r\u00e9gion acad\u00e9mique \nqui dispensent des formations d'enseignement sup\u00e9rieur conduisa n t  \u00e0  l a  \nd\u00e9livrance du dipl\u00f4me national de master convi\u00e9s \u00e0 la CADCES IDF \n \nIDF : \nLe repr\u00e9sentant de la COMUE Universit\u00e9 Paris Lumi\u00e8res \n \nACADEMIE DE CRETEIL : \n- Le repr\u00e9sentant de l'universit\u00e9 Gustave Eiffel ; \n- Le repr\u00e9sentant de l'universit\u00e9 Paris 8 ; \n- Le repr\u00e9sentant de l'universit\u00e9 Sorbonne Paris Nord ; \n- Le repr\u00e9sentant de l'universit\u00e9 Paris Est Cr\u00e9teil Val de Marn e ; \n \nACADEMIE DE PARIS : \n- Le repr\u00e9sentant de l'universit\u00e9 Panth\u00e9on Sorbonne ; \n- Le repr\u00e9sentant de l'universit\u00e9 Panth\u00e9on Assas ; \n- Le repr\u00e9sentant de l'universit\u00e9 Sorbonne Nouvelle ; \n- Le repr\u00e9sentant de Sorbonne Universit\u00e9 ; \n- Le repr\u00e9sentant de l'universit\u00e9 Paris Cit\u00e9 ; \n- Le repr\u00e9sentant de l'universit\u00e9 Paris Sciences et Lettres ; \n- Le repr\u00e9sentant de l'Institut National des Langues et Civilis ations Orientales ; \n- Le repr\u00e9sentant d'Arts et M\u00e9tiers Sciences et Technologies ; \n- Le repr\u00e9sentant du Mus\u00e9um National d'Histoire Naturelle ; \n- Le repr\u00e9sentant du Conservatoire National des Arts et M\u00e9tiers  ; \n- Le repr\u00e9sentant de l'Ecole des Hautes Etudes en Sciences Soci ales ; \n- Le repr\u00e9sentant de l'Institut Agro ; \n \nACADEMIE DE VERSAILLES : \n- Le repr\u00e9sentant de l'universit\u00e9 Paris Nanterre ; \n- Le repr\u00e9sentant de CY Cergy Paris Universit\u00e9 ; \n- Le repr\u00e9sentant de l'universit\u00e9 Evry Val d'Essone ; \n- Le repr\u00e9sentant de l'universit\u00e9 Versailles Saint-Quentin ; \n- Le repr\u00e9sentant de l'Ecole des Ponts Paristech (Paris Saclay)  ; \n- Le repr\u00e9sentant d'AgroParistech (Paris Saclay); \n- Le repr\u00e9sentant de Centrale Sup\u00e9lec (Paris Saclay); \n- Le repr\u00e9sentant de l'Institut National Sup\u00e9rieur Formation et  Recherche \u2013 Handicaps \net Enseignements Adapt\u00e9s (COMUE UPL). \n- Le repr\u00e9sentant de l'Institut Polytechnique de Paris (Paris S aclay); \n- Le repr\u00e9sentant de l'Institut des Mines T\u00e9l\u00e9com (Paris Saclay ) ; \n- Le repr\u00e9sentant de l'universit\u00e9 Paris Saclay. \nRectorat de la r\u00e9gion acad\u00e9mique d'Ile-de-France, rectorat de l'acad\u00e9mie de Paris - IDF-2025-07-02-00003 - Arr\u00eat\u00e9 n\u00b0 2025-083-RRA\nportant cr\u00e9ation de la commission d'acc\u00e8s au deuxi\u00e8me cycle de l'enseignement sup\u00e9rieur (CADCES) de la r\u00e9gion d'\u00cele-de-France au\ntitre de l'ann\u00e9e 2025-2026\n36","date":"2025-07-03","first_seen_on":"2025-07-04T04:36:23+00:00","id":"fc8a107ab0daaae595215a1b486d21d77fff481560b162278319aa900e5f0469","name":"recueil-idf-006-2025-07-recueil-des-actes-administratifs-special du 03.07.2025","pdf_creation_date":"2025-07-03T14:29:54+00:00","pdf_modification_date":null,"timezone":"Europe/Paris","url":"https://www.prefectures-regions.gouv.fr/ile-de-france/irecontenu/telechargement/129178/951566/file/recueil-idf-006-2025-07-recueil-des-actes-administratifs-special%20du%2003.07.2025.pdf"}
