{"administration":"pref58","administration_name":"Pr\u00e9fecture de la Ni\u00e8vre","content":"NI\u00c8VRE\nRECUEIL DES ACTES\nADMINISTRATIFS SP\u00c9CIAL\n(NOMINATIFS)\nN\u00b058-2026-075\nPUBLI\u00c9 LE 12 MARS 2026\nSommaire\nSous-pr\u00e9fecture de Ch\u00e2teau-Chinon /\n58-2026-03-10-00005 - Arr\u00eat\u00e9 n\u00b0 2026-CH-CH-4 portant\nrenouvellement de l'agr\u00e9ment de Monsieur Alain BLANCHET en qualit\u00e9\nde garde-p\u00eache particulier  (2 pages) Page 3\n2\nSous-pr\u00e9fecture de Ch\u00e2teau-Chinon\n58-2026-03-10-00005\nArr\u00eat\u00e9 n\u00b0 2026-CH-CH-4 portant renouvellement\nde l'agr\u00e9ment de Monsieur Alain BLANCHET en\nqualit\u00e9 de garde-p\u00eache particulier \n{signataire}\nSous-pr\u00e9fecture de Ch\u00e2teau-Chinon - 58-2026-03-10-00005 - Arr\u00eat\u00e9 n\u00b0 2026-CH-CH-4 portant renouvellement de l'agr\u00e9ment de\nMonsieur Alain BLANCHET en qualit\u00e9 de garde-p\u00eache particulier 3\nPREFETE | Sous-pr\u00e9fecture de Chateau-ChinonDE LA NIEVRELibert\u00e9\u00c9galit\u00e9Fraternit\u00e9\nAffaire suivie par : S\u00e9gol\u00e8ne MARTINBureau des activit\u00e9s r\u00e9glement\u00e9esT\u00e9l : 03 86 79 48 48m\u00e9l : segolene.martin@nievre.gouv.fr\nArr\u00eat\u00e9 N\u00b0 2026-CH-CH-4Portant renouvellement de l'agr\u00e9ment de Monsieur Alain BLANCHETen qualit\u00e9 de garde-p\u00eache particulierLa Pr\u00e9f\u00e8te de la Ni\u00e8vrechevalier de la L\u00e9gion d'Honneurofficier de l'Ordre National du M\u00e9riteVU le Code de proc\u00e9dure p\u00e9nale, notamment ses articles 29,29-1 et R.15-33-24- \u00e0 R.15-33-29-2 ;VU le Code de l'environnement, notamment ses articles L.428-21, L.437-13, R.322-15-1, R.428-25et R.437-3-1 :Vu le d\u00e9cret n\u00b0 2005-1124 du 6 septembre 2005 fixant la liste des enqu\u00eates administrativesdonnant lieu \u00e0 la consultation de traitements automatis\u00e9s de donn\u00e9es \u00e0 caract\u00e8re personnelmentionn\u00e9s \u00e0 l'article 21 de la loi n\u00b0 2003-239 du 18 mars 2003 ;VU le d\u00e9cret 2006-1100 du 30 ao\u00fbt 2006, relatif aux gardes particuliers asserment\u00e9s ;VU la circulaire interminist\u00e9rielle du 09 janvier 2007 relative \u00e0 l'agr\u00e9ment des gardes particuliers ;VU l'arr\u00eat\u00e9 pr\u00e9fectoral n\u00b0 BCLEAR/2021/133 en date du 2 ao\u00fbt 2021 reconnaissant l'aptitudetechnique (module 1 et 3) de Monsieur Alain BLANCHET en qualit\u00e9 de garde-p\u00e9che particulier;VU l'arr\u00eat\u00e9 pr\u00e9fectoral en date du 13 janvier 2026 portant d\u00e9l\u00e9gation de signature \u00e0 MadameEmilie ACQUISTAPACE, en qualit\u00e9 de Sous-pr\u00e9f\u00e8te de Chateau-Chinon ;VU la commission de garde du 24 f\u00e9vrier 2026 pr\u00e9sent\u00e9e par Monsieur Christian HEINTZ, Pr\u00e9sidentde la f\u00e9d\u00e9ration de p\u00eache de la Ni\u00e8vre, en faveur de Monsieur Alain BLANCHET, par laquelle elle lui\nSous-pr\u00e9fecture de Ch\u00e2teau-Chinon - 58-2026-03-10-00005 - Arr\u00eat\u00e9 n\u00b0 2026-CH-CH-4 portant renouvellement de l'agr\u00e9ment de\nMonsieur Alain BLANCHET en qualit\u00e9 de garde-p\u00eache particulier 4\nconfie la surveillance des parcelles C951, C952, 953 et 957 situ\u00e9es au r\u00e9servoir du Chatelet sur lacommune d'aRLEUF ;Sur proposition de Madame la Sous-pr\u00e9f\u00e9te de Chateau-Chinon :\nARRETEArticle 1er : Monsieur Alain, Raymond, Jean, Marie BLANCHETN\u00e9 le 30 octobre 1957 a Dijon (21), domicili\u00e9 \u00ab Les Champs du Moulin \u00bb 58430 FACHIN,EST AGREE en qualit\u00e9 de GARDE-PECHE PARTICULIER pour constater tous d\u00e9lits et contraventionsrelatifs a la p\u00eache en eau douce pr\u00e9vus au Code de l'environnement ;Article 2: La qualit\u00e9 de garde particulier charg\u00e9 de certaines fonctions de police judiciaire eststrictement limit\u00e9 aux territoires pour lesquels Monsieur Alain, Raymond, Jean, Marie BLANCHET a\u00e9t\u00e9 commissionn\u00e9 par son employeur et agr\u00e9\u00e9 pour la surveillance des parcelles C951, 952, 953 et957 situ\u00e9es au r\u00e9servoir du Ch\u00e2telet sur la commune d'Arleuf. En dehors de ce territoire, il n'a pascomp\u00e9tence pour dresser proc\u00e8s-verbal ;Article 3 : Le pr\u00e9sent agr\u00e9ment est d\u00e9livr\u00e9 pour une dur\u00e9e de CINQ ANS ;Article 4: Dans l'exercice de ses fonctions, Monsieur Alain, Raymond, Jean, Marie BLANCHET doit\u00eatre porteur en permanence du pr\u00e9sent agr\u00e9ment et doit le pr\u00e9senter \u00e0 toute personne qui en faitla demande ;Article 5: Le pr\u00e9sent agr\u00e9ment doit \u00eatre retourn\u00e9 sans d\u00e9lai \u00e0 la sous-pr\u00e9fecture de Ch\u00e2teau-Chinon en cas de cessation de fonctions, que celle-ci r\u00e9sulte de l'initiative du garde particulier, deson employeur ou de la perte des droits du commettant ;Article 6 : Le pr\u00e9sent arr\u00eat\u00e9 peut faire l'objet, dans un d\u00e9lai de deux mois \u00e0 compter de la date desa notification, d'un recours gracieux aupr\u00e8s de la Pr\u00e9fecture de la Ni\u00e8vre ou d'un recourshi\u00e9rarchique aupr\u00e8s du Minist\u00e8re d'\u00c9tat, ministre de la transition \u00e9cologique et solidaire ou d'unrecours devant le tribunal administratif de Dijon, 22 rue d'Assas \u00e0 Dijon (21000). L'exercice d'unrecours gracieux ou hi\u00e9rarchique proroge de deux mois le d\u00e9lai pour exercer un recourscontentieux ;Article 7: La Sous-pr\u00e9f\u00e9te de Chateau-Chinon est charg\u00e9e de l'application du pr\u00e9sent arr\u00eat\u00e9 quisera notifi\u00e9 \u00e0 Monsieur Alain, Raymond, jean, Marie BLANCHET et \u00e0 Monsieur Christian HEINTZ etpubli\u00e9 au recueil des actes administratifs de la pr\u00e9fecture.Fait \u00e0 Ch\u00e2teau-Chinon, le 10 mars 2026La Sous-pr\u00e9f\u00e8te de Ch\u00e2teau-Chinon,\nEmilie ACQUISTAPACE\nSous-pr\u00e9fecture de Ch\u00e2teau-Chinon - 58-2026-03-10-00005 - Arr\u00eat\u00e9 n\u00b0 2026-CH-CH-4 portant renouvellement de l'agr\u00e9ment de\nMonsieur Alain BLANCHET en qualit\u00e9 de garde-p\u00eache particulier 5","date":"2026-03-12","first_seen_on":"2026-03-12T13:29:12+00:00","id":"fd15d8dfa0164a0c6e4debae7d6f63e97d11edb3571860dc621858521fe27fce","name":"n\u00b058-2026-075-nominatifs du 12 mars 2026","pdf_creation_date":"2026-03-12T12:14:09+00:00","pdf_modification_date":null,"timezone":"Europe/Paris","url":"https://www.nievre.gouv.fr/contenu/telechargement/23894/198162/file/recueil-58-2026-075-nominatifs%20du%2012%20mars%202026.pdf"}
