{"administration":"pref72","administration_name":"Pr\u00e9fecture de la Sarthe","content":"SARTHE\nRECUEIL DES ACTES\nADMINISTRATIFS\nN\u00b0 27 12 2024 \nPUBLI\u00c9 LE 27 D\u00c9CEMBRE 2024\nSommaire\nPr\u00e9fecture de la Sarthe / DCPPAT\n72-2024-12-26-00001 - Arr\u00eat\u00e9 relatif \u00e0 l'organisation de la pr\u00e9fecture\net des sous-pr\u00e9fectures de la Sarthe (3 pages) Page 3\n2\nPr\u00e9fecture de la Sarthe\n72-2024-12-26-00001\nArr\u00eat\u00e9 relatif \u00e0 l'organisation de la pr\u00e9fecture et\ndes sous-pr\u00e9fectures de la Sarthe\nPr\u00e9fecture de la Sarthe - 72-2024-12-26-00001 - Arr\u00eat\u00e9 relatif \u00e0 l'organisation de la pr\u00e9fecture et des sous-pr\u00e9fectures de la Sarthe 3\nExPREFETDE LA SARTHELibert\u00e9Egalit\u00e9Fraternit\u00e9\nSecr\u00e9tariat g\u00e9n\u00e9ral\ncommun d\u00e9partemental\nLe Mans, le 26/12/2024   \nArr\u00eat\u00e9 pr\u00e9fectoral du 26/12/2024\nportant modification de l'arr\u00eat\u00e9 n\u00b0 72-2023-06-12 du 1er septembre 2023 relatif \u00e0 l'organisation de la\npr\u00e9fecture et des sous-pr\u00e9fectures de la Sarthe\nLe Pr\u00e9fet de la Sarthe\nChevalier de la L\u00e9gion d'honneur\nChevalier de l'Ordre national du M\u00e9rite \nVU le d\u00e9cret n\u00b02004-374 du 29 avril 2004 modifi\u00e9 relatif aux pouvoirs des pr\u00e9fets, \u00e0 l'organisation et\n\u00e0 l'action des services de l'Etat dans les r\u00e9gions et d\u00e9partements ;\nVU le d\u00e9cret n\u00b0 2006-1780 du 23 d\u00e9cembre 2006 modifi\u00e9 portant d\u00e9l\u00e9gation de pouvoir en mati\u00e8re\nde recrutement et de gestion de certains personnels relevant du minist\u00e8re de l'int\u00e9rieur ;\nVU le d\u00e9cret n\u00b0 2015-510 du 7 mai 2015 modifi\u00e9 portant charte de la d\u00e9concentration ;\nVU le d\u00e9cret n\u00b0 2020-99 du 7 f\u00e9vrier 2020 relatif \u00e0 l'organisation et aux missions des secr\u00e9tariats\ng\u00e9n\u00e9raux communs d\u00e9partementaux ;\nVU le d\u00e9cret du 15 f\u00e9vrier 2022 portant nomination du pr\u00e9fet de la Sarthe - M. AUBRY (Emmanuel) ;\nVU l'arr\u00eat\u00e9 du 1 er septembre 2023 portant modification de l'organisation de la pr\u00e9fecture et des\nsous-pr\u00e9fectures de la Sarthe modifi\u00e9 ;\nVU l'avis du CSA du 17 d\u00e9cembre 2024 ;\nSUR proposition de la secr\u00e9taire g\u00e9n\u00e9rale,\nARR\u00caTE\nArticle 1     :  \nL'organigramme de la direction de la citoyennet\u00e9 et de la l\u00e9galit\u00e9 est ainsi modifi\u00e9 :\n- Les bureaux du contr\u00f4le de l\u00e9galit\u00e9 et du contr\u00f4le budg\u00e9taire  fusionnent : est cr\u00e9e le bureau du droit\ndes collectivit\u00e9s territoriales; ce bureau comprend deux p\u00f4les  : un p\u00f4le budg\u00e9taire et un p\u00f4le du\ncontr\u00f4le de l\u00e9galit\u00e9 ;\n- le poste de directeur adjoint de la direction de la citoyennet\u00e9 et de la l\u00e9galit\u00e9 est cr\u00e9\u00e9.\nT\u00e9l : 02 43 39 72 72\nMel : pref-mail@sarthe.gouv.fr\nPlace Aristide Briand - 72041 Le Mans Cedex 9 1/2\nPr\u00e9fecture de la Sarthe - 72-2024-12-26-00001 - Arr\u00eat\u00e9 relatif \u00e0 l'organisation de la pr\u00e9fecture et des sous-pr\u00e9fectures de la Sarthe 4\nArticle 2     :  \nLe nouvel organigramme de la pr\u00e9fecture et des sous-pr\u00e9fectures de la Sarthe figurant en annexe entre\nen vigueur au 1er janvier 2025.\nArticle   3   :   D\u00e9lai et voie de recours \nLe pr\u00e9sent arr\u00eat\u00e9 peut faire l'objet d'un recours contentieux aupr\u00e8s du tribunal administratif de Nantes\n(44) dans un d\u00e9lai de deux mois \u00e0 compter de sa publication au recueil des actes administratifs de la\npr\u00e9fecture  de  la  Sarthe.  Le  tribunal  administratif  de  Nantes  peut  \u00eatre  saisi  par  l'application\n\u00ab T\u00e9l\u00e9recours citoyens \u00bb, accessible par le site internet : www.telerecours.fr.\nIl peut faire l'objet d'un recours hi\u00e9rarchique  dans les m\u00eames conditions de d\u00e9lais, aupr\u00e8s du Ministre\nde l'Int\u00e9rieur et des outre-mer.\nArticle   4   :  \nLa secr\u00e9taire g\u00e9n\u00e9rale de la pr\u00e9fecture de la Sarthe et le directeur  du Secr\u00e9tariat g\u00e9n\u00e9ral commun\nd\u00e9partemental sont charg\u00e9s, chacun en ce qui les concerne, de l'ex\u00e9cution du pr\u00e9sent arr\u00eat\u00e9 qui sera\npubli\u00e9 au recueil des actes administratifs de la pr\u00e9fecture de la Sarthe.\nPour le pr\u00e9fet,\nLa secr\u00e9taire g\u00e9n\u00e9rale,\nSign\u00e9 : Christine TORRES\n2/2\nPr\u00e9fecture de la Sarthe - 72-2024-12-26-00001 - Arr\u00eat\u00e9 relatif \u00e0 l'organisation de la pr\u00e9fecture et des sous-pr\u00e9fectures de la Sarthe 5\nrZOz/z1/eL : feway3iJes e| ap 19401g : YOOGa0E4JJ ANOZ-ayyIESO IEW-JaId1J ANOS'3UJIES MMM PIIUAOIPLT055 es ec \u00e0 ICL'ELTE'SB'TO : PIEPUEIS QT6 xapao suely 21 LbOZZ 3HLVS VT 10pueug apnsiy ade|d 1343\u00a5dayyses e| ap 21n3934814dIVWHOINLO SIWJISASS Y31YYN029VINDOVW IDIAH3S4 1390N8 3DIN835SINIVWNHSIKYNOSSIYJONVWYO4Y3dJLITVYND 3LN3YIIIN1agaFLIWIXO\u00a5d 30SILNI\u00a5IIYNNWWOD 1VY3N39JVIdVLIWDIS\nTVYOLI34344SdYOD NA 1VIYV1L3WIISd29S NA 13 SIYNLI343\u0178d-SNOS SIO 'FYNLI3434d V1 30 INNVYDINVOYO13434d NA SIN93130 _\nPr\u00e9fecture de la Sarthe - 72-2024-12-26-00001 - Arr\u00eat\u00e9 relatif \u00e0 l'organisation de la pr\u00e9fecture et des sous-pr\u00e9fectures de la Sarthe 6","date":"2024-12-27","first_seen_on":"2025-08-31T02:14:19+00:00","id":"fd2c6252da18e0a6a893689176237779e00ec219f6be805aa79d612a770e6c59","name":"RAA n\u00b0219 du 27 d\u00e9cembre 2024","pdf_creation_date":"2024-12-27T14:27:46+00:00","pdf_modification_date":null,"timezone":"Europe/Paris","url":"https://www.sarthe.gouv.fr/contenu/telechargement/23273/146198/file/recueil-27-12-2024-recueil-des-actes-administratifs.pdf"}
