{"administration":"pref37","administration_name":"Pr\u00e9fecture d\u2019Indre-et-Loire","content":"INDRE-ET-LOIRE\nRECUEIL DES ACTES\nADMINISTRATIFS SP\u00c9CIAL\nN\u00b037-2026-03038\nPUBLI\u00c9 LE 19 MARS 2026\nSommaire\nPr\u00e9fecture d'Indre et Loire / Service d'animation interminist\u00e9rielle des\npolitiques publiques\n37-2026-03-18-00002 - Arr\u00eat\u00e9 de d\u00e9l\u00e9gation sp\u00e9ciale \u00e0 Sazilly (2\npages) Page 3\n2\nPr\u00e9fecture d'Indre et Loire\n37-2026-03-18-00002\nArr\u00eat\u00e9 de d\u00e9l\u00e9gation sp\u00e9ciale \u00e0 Sazilly\nPr\u00e9fecture d'Indre et Loire - 37-2026-03-18-00002 - Arr\u00eat\u00e9 de d\u00e9l\u00e9gation sp\u00e9ciale \u00e0 Sazilly 3\nARR\u00caT\u00c9\ninstituant une d\u00e9l\u00e9gation sp\u00e9ciale pour la commune de Sazilly\nLe pr\u00e9fet d'Indre-et-Loire\nChevalier de la L\u00e9gion d'honneur\nChevalier de l'Ordre National du M\u00e9rite\nVu le code g\u00e9n\u00e9ral des collectivit\u00e9s territoriales et notamment les articles L. 2121-35 et suivants, L. 2123-\n18 et suivants ;\nVu  le d\u00e9cret du 6 novembre 2024 portant nomination du pr\u00e9fet d'Indre-et-Loire \u2013 M. CAMPEAUX  \n(Thomas) ;\nVu le d\u00e9cret n\u00b0 2025-848 du 27 ao\u00fbt 2025 fixant la date du renouvellement des conseillers municipaux  \net communautaires, des conseillers m\u00e9tropolitains de Lyon, des conseillers de Paris et des conseillers  \nd'arrondissement de Paris, Lyon et Marseille et portant convocation des \u00e9lecteurs\u00a0;\nVu l'arr\u00eat\u00e9 pr\u00e9fectoral du 8 janvier 2026 fixant les dates et heures d'ouverture et de cl\u00f4ture de la  \np\u00e9riode  de  d\u00e9p\u00f4t  des  candidatures  en  vue  de  l'\u00e9lection  des  conseillers  municipaux  et  conseillers \ncommunautaires des 15 et 22 mars 2026 ;\nConsid\u00e9rant l'impossibilit\u00e9 de constituer le conseil municipal de Sazilly en l'absence de d\u00e9claration de  \ncandidature dans la commune\u00a0;\nSur proposition de la sous-pr\u00e9f\u00e8te de Chinon\u00a0; \nARR\u00caTE\nArticle  1er\u00a0\n: Il  est  institu\u00e9  une  d\u00e9l\u00e9gation  sp\u00e9ciale  dans  la  commune  de  Sazilly  dont  les  pouvoirs  \nprendront fin \u00e0 la constitution du nouveau conseil municipal.\nArticle 2\u00a0: Elle est compos\u00e9e de :\n1. Nathalie BODIN, retrait\u00e9e de la sous-pr\u00e9fecture de Chinon\u00a0;\n2. Laurent  COURAUD,  retrait\u00e9  de  la  Direction  d\u00e9partementale  des  Finances  publiques  ayant  \nexerc\u00e9 les missions de conseiller aux d\u00e9cideurs locaux, ancien maire de Chambourg-sur-Indre\u00a0; \n3. Bruno PITHOIS, g\u00e9n\u00e9ral en deuxi\u00e8me section.\n15, rue Bernard Palissy\n37925 Tours Cedex 9\nT\u00e9l.\u00a0: 02 47 64 37 37\nM\u00e9l\u00a0: prefecture@indre-et-loire.gouv.fr\nwww.indre-et-loire.gouv.fr 1/2\nSous-pr\u00e9fecture de Chinon\nPr\u00e9fecture d'Indre et Loire - 37-2026-03-18-00002 - Arr\u00eat\u00e9 de d\u00e9l\u00e9gation sp\u00e9ciale \u00e0 Sazilly 4\nArticle 3\u00a0: D\u00e8s son installation, la d\u00e9l\u00e9gation sp\u00e9ciale proc\u00e9dera \u00e0 l'\u00e9lection de son pr\u00e9sident et s'il y a  \nlieu de son vice-pr\u00e9sident. Le pr\u00e9sident ou \u00e0 d\u00e9faut le vice-pr\u00e9sident remplit les fonctions de maire.\nArticle  4\u00a0:  les  pouvoirs  de  la  d\u00e9l\u00e9gation  sp\u00e9ciale  sont  limit\u00e9s  aux  actes  de  pure  administration  \nconservatoire et urgente.\nEn aucun cas, il ne lui est permis d'engager les finances municipales au-del\u00e0 des ressources disponibles  \nde l'exercice courant.\nElle ne peut ni pr\u00e9parer le budget communal, ni recevoir les comptes du maire ou du receveur, ni  \nmodifier le personnel ou le r\u00e9gime de l'enseignement public.\nArticle 5 \u00a0:  Le versement d'indemnit\u00e9s de fonctions s'effectue selon les taux maximaux applicables  \nrespectivement au maire et aux adjoints.\nLe pr\u00e9sident et les membres de la d\u00e9l\u00e9gation sp\u00e9ciale ont droit au versement des frais que n\u00e9cessitent  \nl'ex\u00e9cution des mandats sp\u00e9ciaux. Ils b\u00e9n\u00e9ficient \u00e9galement du remboursement des frais de transport  \net  de  s\u00e9jour  qu'ils  ont  engag\u00e9s  pour  se  rendre  \u00e0  des  r\u00e9unions  d'instance  ou  d'organisme  au  sein \ndesquels ils repr\u00e9sentent la commune \u00e8s qualit\u00e9s lorsque la r\u00e9union a lieu hors du territoire communal.\nArticle 6\u00a0: Le pr\u00e9sent arr\u00eat\u00e9 est susceptible, dans un d\u00e9lai de deux mois \u00e0 compter de sa notification ou \nde sa publication de faire l'objet\u00a0:\n\u2022 d'un recours gracieux devant le pr\u00e9fet d'Indre-et-Loire\u00a0;\n\u2022 d'un  recours  hi\u00e9rarchique  devant  la  ministre  de  l'am\u00e9nagement  du  territoire  et  de  la  \nd\u00e9centralisation ;\n\u2022 d'un recours contentieux devant le tribunal administratif d'Orl\u00e9ans \u2013 28, rue de la Bretonnerie \u2013 \n45057 Orl\u00e9ans Cedex 1 par voie postale ou par voie d\u00e9mat\u00e9rialis\u00e9e via \u00ab \u00a0t\u00e9l\u00e9recours citoyen\u00a0\u00bb \naccessible sur le site Internet www.telerecours.fr.\nArticle 7 \u00a0: La secr\u00e9taire g\u00e9n\u00e9rale de la pr\u00e9fecture d'Indre-et-Loire, la sous-pr\u00e9f\u00e8te de l'arrondissement  \nde Chinon et les membres de la d\u00e9l\u00e9gation sp\u00e9ciale de Sazilly sont charg\u00e9s, chacun en ce qui le  \nconcerne, de l'ex\u00e9cution du pr\u00e9sent arr\u00eat\u00e9 qui sera affich\u00e9 en mairie de Sazilly et publi\u00e9 au recueil des  \nactes administratifs de la pr\u00e9fecture d'Indre-et-Loire.\nTours, le 18 mars 2026\nLe Pr\u00e9fet d'Indre-et-Loire\nSign\u00e9\nThomas CAMPEAUX\n15, rue Bernard Palissy\n37925 Tours Cedex 9\nT\u00e9l.\u00a0: 02 47 64 37 37\nM\u00e9l\u00a0: prefecture@indre-et-loire.gouv.fr\nwww.indre-et-loire.gouv.fr 2/2\nPr\u00e9fecture d'Indre et Loire - 37-2026-03-18-00002 - Arr\u00eat\u00e9 de d\u00e9l\u00e9gation sp\u00e9ciale \u00e0 Sazilly 5","date":"2026-03-19","first_seen_on":"2026-03-19T15:19:28+00:00","id":"fd45e92c8301dc4cee3c0cf2c2bd6a1f945f1b712f7828bc719d72178455559d","name":"2026.03.19 RAA sp\u00e9cial d\u00e9l\u00e9gation sp\u00e9ciale pour la commune de Sazilly","pdf_creation_date":"2026-03-19T13:47:56+00:00","pdf_modification_date":null,"timezone":"Europe/Paris","url":"https://www.indre-et-loire.gouv.fr/contenu/telechargement/49693/373500/file/2026.03.19%20RAA%20sp%C3%A9cial%20d%C3%A9l%C3%A9gation%20sp%C3%A9ciale%20pour%20la%20commune%20de%20Sazilly.pdf"}
