{"administration":"pref69","administration_name":"Pr\u00e9fecture du Rh\u00f4ne","content":"PR\u00c9F\u00c8TE\nDU RH\u00d4NE\nRECUEIL DES ACTES\nADMINISTRATIFS SP\u00c9CIAL\nN\u00b069-2025-244\nPUBLI\u00c9 LE 26 SEPTEMBRE 2025\nSommaire\n63_ENFP_Ecole Nationale des Finances Publiques / Secr\u00e9tariat\n69-2025-09-24-00003 - ENFIP-PPR-38-2025 DS Lyon (4 pages) Page 4\n69_DDT_Direction d\u00e9partementale des territoires du Rh\u00f4ne /\n69-2025-09-23-00003 - Arr\u00eat\u00e9 pr\u00e9fectoral\nn\u00b0\u00a0DDT_SENR_2025_B129 \nportant d\u00e9claration d'int\u00e9r\u00eat\ng\u00e9n\u00e9ral au titre de l'article L. 211-7 et d\u00e9claration au titre des\narticles L. 214-1 \u00e0 L. 214-6 du code de l'environnement pour la mise en\nplace de points d'abreuvements bovins, am\u00e9nagement d'un passage\n\u00e0 gu\u00e9 et recr\u00e9ation de ripisylve sur le P\u00eacher sur la commune de\nSAINT MARTIN EN HAUT (7 pages) Page 9\n69_HCL_Hospices civils de Lyon / Direction des affaires juridiques\n69-2025-09-23-00004 - D\u00e9cision modificative de d\u00e9l\u00e9gation de\nsignature n\u00b025-97 du 23 septembre 2025 pour le Groupement hospitalier\nNord des Hospices civils de Lyon (1 page) Page 17\n69_Pr\u00e9f_Pr\u00e9fecture du Rh\u00f4ne / Direction de la Coordination des\nPolitiques Interminist\u00e9rielles\n69-2025-09-26-00009 - Arr\u00eat\u00e9 pr\u00e9fectoral portant autorisation de\nsignature pour l'engagement juridique et la liquidation des d\u00e9penses\nhors programme 354 (3 pages) Page 19\n69-2025-09-26-00005 - Arr\u00eat\u00e9 pr\u00e9fectoral portant d\u00e9l\u00e9gation de\nsignature \u00e0 M. Antoine GUERIN, pr\u00e9fet d\u00e9l\u00e9gu\u00e9 pour la d\u00e9fense\net la s\u00e9curit\u00e9 aupr\u00e8s de la pr\u00e9f\u00e8te de la r\u00e9gion\nAuvergne-Rh\u00f4ne-Alpes, pr\u00e9f\u00e8te de la zone de d\u00e9fense et de\ns\u00e9curit\u00e9 Sud-Est, pr\u00e9f\u00e8te du Rh\u00f4ne (9 pages) Page 23\n69-2025-09-26-00006 - Arr\u00eat\u00e9 pr\u00e9fectoral portant d\u00e9l\u00e9gation de\nsignature \u00e0 M. Antoine GUERIN, pr\u00e9fet d\u00e9l\u00e9gu\u00e9 pour la d\u00e9fense\net la s\u00e9curit\u00e9, en mati\u00e8re d'ordonnancement secondaire (3 pages) Page 33\n69-2025-09-26-00004 - Arr\u00eat\u00e9 pr\u00e9fectoral portant d\u00e9l\u00e9gation de\nsignature \u00e0 M. Fabrice ROSAY, pr\u00e9fet, secr\u00e9taire g\u00e9n\u00e9ral de la\npr\u00e9fecture du Rh\u00f4ne, en mati\u00e8re d'ordonnancement secondaire (3\npages) Page 37\n69-2025-09-26-00003 - Arr\u00eat\u00e9 pr\u00e9fectoral portant d\u00e9l\u00e9gation de\nsignature \u00e0 M. Fabrice ROSAY, pr\u00e9fet, secr\u00e9taire g\u00e9n\u00e9ral de la\npr\u00e9fecture du Rh\u00f4ne, pr\u00e9fet d\u00e9l\u00e9gu\u00e9 pour l'\u00e9galit\u00e9 des\nchances aupr\u00e8s de la pr\u00e9f\u00e8te de la r\u00e9gion Auvergne-Rh\u00f4ne-Alpes,\npr\u00e9f\u00e8te de la zone de d\u00e9fense et de s\u00e9curit\u00e9 Sud-Est, pr\u00e9f\u00e8te\ndu Rh\u00f4ne (3 pages) Page 41\n2\n69-2025-09-26-00001 - Arr\u00eat\u00e9 pr\u00e9fectoral portant d\u00e9l\u00e9gation de\nsignature \u00e0 M. Lucas TURGIS, directeur de cabinet de la pr\u00e9f\u00e8te de la\nr\u00e9gion Auvergne-Rh\u00f4ne-Alpes, pr\u00e9f\u00e8te de la zone de d\u00e9fense et de\ns\u00e9curit\u00e9 Sud-Est, pr\u00e9f\u00e8te du Rh\u00f4ne (2 pages) Page 45\n69-2025-09-26-00002 - Arr\u00eat\u00e9 pr\u00e9fectoral portant d\u00e9l\u00e9gation de\nsignature \u00e0 M. Lucas TURGIS, directeur de cabinet de la pr\u00e9f\u00e8te de la\nr\u00e9gion Auvergne-Rh\u00f4ne-Alpes, pr\u00e9f\u00e8te de la zone de d\u00e9fense et de\ns\u00e9curit\u00e9 Sud-Est, pr\u00e9f\u00e8te du Rh\u00f4ne en mati\u00e8re\nd'ordonnancement secondaire (2 pages) Page 48\n69-2025-09-26-00007 - Arr\u00eat\u00e9 pr\u00e9fectoral portant d\u00e9l\u00e9gation de\nsignature pour les d\u00e9penses du programme 354 (4 pages) Page 51\n69-2025-09-26-00008 - Arr\u00eat\u00e9 pr\u00e9fectoral portant d\u00e9l\u00e9gation de\nsignature pour les p\u00e9riodes de permanence (3 pages) Page 56\n69_Pr\u00e9f_Pr\u00e9fecture du Rh\u00f4ne / Direction de la s\u00e9curit\u00e9 et de la\nprotection civile\n69-2025-09-24-00008 - Arr\u00eat\u00e9 portant agr\u00e9ment d'un centre de\nformation taxi n\u00b069-25-001 (2 pages) Page 60\n69-2025-09-24-00002 - Arr\u00eat\u00e9 portant agr\u00e9ment d'un centre de\nformation VTC n\u00b0 69-25-003 (2 pages) Page 63\n69-2025-09-24-00001 - Arret\u00e9 portant renouvellement de l'agr\u00e9ment\nd'un centre de formation taxi n\u00b069-20-001 (2 pages) Page 66\n69_Pr\u00e9f_Pr\u00e9fecture du Rh\u00f4ne / Direction des affaires juridiques et de\nl'administration locale\n69-2025-09-24-00005 - agr\u00e9ment pour l'exercice de l'activit\u00e9 de\ndomiciliation d'entreprises : Sarl DIPOLE CONSEIL - 128 cours Emile Zola\n69100 Villeurbanne, (2 pages) Page 69\n69-2025-09-24-00007 - Ordre du jour de la CDAC du 16 octobre 2025 (1\npage) Page 72\n3\n63_ENFP_Ecole Nationale des Finances Publiques\n69-2025-09-24-00003\nENFIP-PPR-38-2025 DS Lyon\n63_ENFP_Ecole Nationale des Finances Publiques - 69-2025-09-24-00003 - ENFIP-PPR-38-2025 DS Lyon 4\nREPUBLIQUEFRANCAISELibert\u00e9Egalit\u00e9Fraternit\u00e9\nTFINANCES PUBLIQUES\nDIRECTION G\u00c9N\u00c9RALE DES FINANCES PUBLIQUES\n\u00c9COLE NATIONALE DES FINANCES PUBLIQUES\nP\u00d4LE DU PILOTAGE ET DES RESSOURCES\n10, rue du Centre\n93464 Noisy-le-Grand CEDEX\nNoisy-le-Grand, le 24 septembre 2025\nModification de la d\u00e9cision de d\u00e9l\u00e9gation de signature du 23 juillet 2025\npubli\u00e9e dans le RAA Sp\u00e9cial N\u00b069-2025-192 du 24 juillet 2025\n-----------------\nL'administrateur de l'\u00c9tat , directeur de l'\u00c9cole Nationale des Finances Publiques,\nVu le d\u00e9cret n\u00b0 97-464 du 9 mai 1997 modifi\u00e9 relatif \u00e0 la cr\u00e9ation et \u00e0 l'organisation des services\n\u00e0 comp\u00e9tence nationale ; \nVu le d\u00e9cret n\u00b0 2008-310 du 3 avril 2008 relatif \u00e0 la direction g\u00e9n\u00e9rale des Finances publiques ;\nVu  le  d\u00e9cret  n\u00b0  2009-707  du  16  juin  2009  modifi\u00e9  relatif  aux  services  d\u00e9concentr\u00e9s  de  la\ndirection g\u00e9n\u00e9rale des Finances publiques ;\nVu  le  d\u00e9cret  n\u00b0  2012-1246  du  7  novembre  2012  modifi\u00e9  relatif  \u00e0  la  gestion  budg\u00e9taire  et\ncomptable publique ; \nVu le d\u00e9cret du 2  novembre 2020 portant d\u00e9tachement et nomination de M. Yannick GIRAULT\nen qualit\u00e9 de directeur de l'\u00c9cole nationale des Finances publiques ;\nVu l'arr\u00eat\u00e9 du 4 ao\u00fbt 2010 portant cr\u00e9ation d'un service \u00e0 comp\u00e9tence nationale d\u00e9nomm\u00e9\n\u00ab \u00c9cole nationale des finances publiques \u00bb .\nD\u00e9cide:\nArticle 1. \u2013 D\u00e9l\u00e9gation de signature organisant la continuit\u00e9 dans l'\u00e9tablissement de l'ENFiP\nsitu\u00e9 \u00e0 Lyon\nLa  directrice  de  l'\u00e9tablissement  de  Lyon  assure,  sous  mon  autorit\u00e9,  la  direction  de\nl'\u00e9tablissement \u00e0 la t\u00eate duquel elle a \u00e9t\u00e9 nomm\u00e9e.\nA ce titre, d\u00e9l\u00e9gation de signature lui est donn\u00e9e \u00e0 l'effet de signer les pi\u00e8ces ou documents\nrelatifs aux attributions de l'\u00e9tablissement, dans les limites mentionn\u00e9es dans le tableau ci-\ndessous. \nArticle 2 - D\u00e9l\u00e9gations n\u00e9cessaires \u00e0 l'exercice des fonctions au sein de l'\u00e9tablissement de Lyon\nD\u00e9l\u00e9gation de signature pour signer les pi\u00e8ces ou documents relatifs aux attributions de leur\nservice est donn\u00e9e aux personnes recens\u00e9es dans les tableaux et aux conditions pr\u00e9cis\u00e9es ci-\napr\u00e8s.\nENFIP-PPR-38-2025 DS Lyon.odt              1\n63_ENFP_Ecole Nationale des Finances Publiques - 69-2025-09-24-00003 - ENFIP-PPR-38-2025 DS Lyon 5\n2.1. D\u00e9l\u00e9gation de signature en mati\u00e8re de d\u00e9penses, de recettes et de march\u00e9s : \nSous r\u00e9serve de l'article 1 organisant la continuit\u00e9 de service de  la d\u00e9cision du  24 septembre\n2025 vis\u00e9e ci-dessus, demeurent r\u00e9serv\u00e9s \u00e0 ma signature quel qu'en soit le montant :\no les contrats relevant de la programmation immobili\u00e8re ; \no en cas d'avis pr\u00e9alable d\u00e9favorable de l'autorit\u00e9 charg\u00e9e du contr\u00f4le financier, le\ncourrier  informant  cette  autorit\u00e9,  des  motifs  de  la  d\u00e9cision  de  ne  pas  se\nconformer \u00e0 l'avis donn\u00e9 ;\no les ordres de r\u00e9quisition du comptable public ;\no les d\u00e9cisions de passer outre. \nLes d\u00e9cisions de march\u00e9s et de d\u00e9penses inf\u00e9rieures ou \u00e9gales \u00e0 20 000 \u20ac HT sont d\u00e9cid\u00e9es de\nfa\u00e7on autonome, dans le cadre du circuit interne retenu par l'\u00e9tablissement.\nLa  signature  des  agents  habilit\u00e9s  doit  \u00eatre  accr\u00e9dit\u00e9e  aupr\u00e8s  des  comptables  payeurs\nassignataires. \nLes porteurs de carte effectuent les achats dans le cadre du circuit interne de d\u00e9cision retenu\ndans l'\u00e9tablissement. \n2.2. D\u00e9l\u00e9gation de signature en mati\u00e8re de gestion des personnels : \nD\u00e9l\u00e9gation de signature est donn\u00e9e pour signer les actes de gestion courante des personnels et\ndes stagiaires ainsi que les \u00e9tats liquidatifs de r\u00e9mun\u00e9rations ou d'indemnit\u00e9s des intervenants,\naux personnes d\u00e9sign\u00e9es et dans les limites pr\u00e9cis\u00e9es pour chacune d'elles dans les tableaux ci-\napr\u00e8s.\nArticle 3. \u2013 La pr\u00e9sente d\u00e9cision prend effet l e 1er septembre 2025. Elle sera publi\u00e9e au recueil\ndes actes administratifs du Rh\u00f4ne. \nLe Directeur de l'ENFIP, \n      Yannick GIRAULT\n63_ENFP_Ecole Nationale des Finances Publiques - 69-2025-09-24-00003 - ENFIP-PPR-38-2025 DS Lyon 6\nAnnexe  1\nStructure Nom du d\u00e9l\u00e9gataire Grade du d\u00e9l\u00e9gataire Fonction du d\u00e9l\u00e9gataire Objet de la d\u00e9l\u00e9gation\n\u00c9tablissement de Lyon Sandrine ALIX Administratrice de l'\u00c9tat directrice de \nl'\u00e9tablissement,  \n-  tous  actes  relatifs  \u00e0  la  gestion  administrative  de\nl'\u00e9tablissement, des personnels et des stagiaires;\n- d\u00e9cisions de d\u00e9penses de l'\u00e9tablissement d'un montant inf\u00e9rieur\nou \u00e9gal \u00e0 20 000\u20ac HT ;\nPatricia DESAYE Inspectrice  principale  des\nFinances publiques \nAdjointe \u00e0 la directrice de\nl'\u00e9tablissement \n-  re\u00e7oit  les  m\u00eames  d\u00e9l\u00e9gations  en  cas  d'absence  ou\nd'emp\u00eachements de Mme Sandrine ALIX\nNathalie MAZUY Inspectrice  divisionnaire\ndes Finances publiques\nresponsable  de  la division\ndes formations\n-  re\u00e7oit  les  m\u00eames  d\u00e9l\u00e9gations  en  cas  d'absence  ou\nd'emp\u00eachement de Mme Sandrine ALIX\nMarie-Pierre\nLACLAVERIE\nInspectrice  divisionnaire\ndes Finances publiques\nresponsable  de  la division\nadministrative\n- porteur de carte d'achat\n-  re\u00e7oit  les  m\u00eames  d\u00e9l\u00e9gations  en  cas  d'absence  ou\nd'emp\u00eachement de Mme Sandrine ALIX\n- achats par carte\nRossana MENDIELA \u00e0\ncompter du 01/08/2025\nInspectrice  principale  des\nFinances publiques \nresponsable  de  la division\ndes  formations  \u00e0  compter\ndu 01/08/2025\n-  re\u00e7oit  les  m\u00eames  d\u00e9l\u00e9gations  en  cas  d'absence  ou\nd'emp\u00eachement de Mme Sandrine ALIX\nMarie-Fran\u00e7oise\nPOTHIN \nInspectrice  divisionnaire\ndes finances publiques\nresponsable  de  la division\ndes formations\n-  re\u00e7oit  les  m\u00eames  d\u00e9l\u00e9gations  en  cas  d'absence  ou\nd'emp\u00eachement de Mme Sandrine ALIX\nAlexandre MINARDI Inspecteur divisionnaire des\nFinances publiques\nresponsable  de  la division\ndes formations\n-  re\u00e7oit  les  m\u00eames  d\u00e9l\u00e9gations  en  cas  d'absence  ou\nd'emp\u00eachement de Mme Sandrine ALIX\nMonique PIGENET Inspectrice  des  Finances\npubliques \nchef  du service en charge\nde la gestion RH ; \n- porteur de carte d'achat\n- tous actes relatifs \u00e0 la gestion des personnels et des stagiaires\n validation des frais de d\u00e9placements.\n- achats par carte\nENFIP-PPR-38-2025 DS Lyon.odt 3\n63_ENFP_Ecole Nationale des Finances Publiques - 69-2025-09-24-00003 - ENFIP-PPR-38-2025 DS Lyon 7\nAnnexe  1\nStructure Nom du d\u00e9l\u00e9gataire Grade du d\u00e9l\u00e9gataire Fonction du d\u00e9l\u00e9gataire Objet de la d\u00e9l\u00e9gation\n\u00c9tablissement de Lyon L\u00e9a MADEJ Inspectrice  des  Finances\npubliques\ncheffe du service budget et\nlogistique\n- re\u00e7oit  les  m\u00eames  d\u00e9l\u00e9gations en mati\u00e8re de  d\u00e9penses en cas\nd'absence ou d'emp\u00eachement de Mmes Sandrine ALIX, Patricia\nDESAYE,  Marie-Pierre  LACLAVERIE ,  Nathalie  MAZUY,\nRossana  MENDIELA,  Mme  Marie-Fran\u00e7oise  POTHIN  et  M.\nAlexandre MINARDI \n- Gestionnaire du budget, approvisionneur-r\u00e9ceptionneur\nEric CHAUCHAT Agent  administratif\nprincipal  des  Finances\npubliques\n- gestionnaire du budget\n- approvisionneur\n- r\u00e9ceptionneur\n- porteur de carte d'achat\n- expression des besoins d'achat et constatation du service fait\n- achats par carte\nFabrice HERMANN Contr\u00f4leur  principal  des\nFinances publiques\nGestionnaire  \u00e0  la  division\nRH\n- validation des frais de d\u00e9placement\nJean-Baptiste\nGERMAIN\nContr\u00f4leur  des  Finances\npubliques\nGestionnaire  \u00e0  la  division\nRH\n- validation des frais de d\u00e9placement\nV\u00e9ronique SANCHEZ Contr\u00f4leuse  des  Finances\npubliques\nGestionnaire  \u00e0  la  division\nRH\n- validation des frais de d\u00e9placement\nAlain DEOTTI Contr\u00f4leur  des  Finances\npubliques\n- gestionnaire du budget\n- approvisionneur-\nr\u00e9ceptionneur\n- expression des besoins d'achat et constatation du service fait\nHanna DIF Contr\u00f4leuse  des  Finances\npubliques\n- gestionnaire du budget\n- approvisionneur-\nr\u00e9ceptionneur\n- expression des besoins d'achat et constatation du service fait\nENFIP-PPR-38-2025 DS Lyon.odt 4\n63_ENFP_Ecole Nationale des Finances Publiques - 69-2025-09-24-00003 - ENFIP-PPR-38-2025 DS Lyon 8\n69_DDT_Direction d\u00e9partementale des\nterritoires du Rh\u00f4ne\n69-2025-09-23-00003\nArr\u00eat\u00e9 pr\u00e9fectoral n\u00b0\u00a0DDT_SENR_2025_B129 \nportant d\u00e9claration d'int\u00e9r\u00eat g\u00e9n\u00e9ral au titre de\nl'article L. 211-7 et d\u00e9claration au titre des\narticles L. 214-1 \u00e0 L. 214-6 du code de\nl'environnement pour la mise en place de points\nd'abreuvements bovins, am\u00e9nagement d'un\npassage \u00e0 gu\u00e9 et recr\u00e9ation de ripisylve sur le\nP\u00eacher sur la commune de SAINT MARTIN EN\nHAUT\n69_DDT_Direction d\u00e9partementale des territoires du Rh\u00f4ne - 69-2025-09-23-00003 - Arr\u00eat\u00e9 pr\u00e9fectoral n\u00b0\u00a0DDT_SENR_2025_B129 \nportant d\u00e9claration d'int\u00e9r\u00eat g\u00e9n\u00e9ral au titre de l'article L. 211-7 et d\u00e9claration au titre des articles L. 214-1 \u00e0 L. 214-6 du code de\nl'environnement pour la mise en place de points d'abreuvements bovins, am\u00e9nagement d'un passage \u00e0 gu\u00e9 et recr\u00e9ation de ripisylve\nsur le P\u00eacher sur la commune de SAINT MARTIN EN HAUT\n9\nesPREFETEDU RHONELibert\u00e9Egalit\u00e9Fraternit\u00e9\nDirection d\u00e9partementale\ndes territoires\nArr\u00eat\u00e9 pr\u00e9fectoral n\u00b0 DDT_SENR_2025_B129 du 23 septembre 2025\nportant d\u00e9claration d'int\u00e9r\u00eat g\u00e9n\u00e9ral au titre de l'article L. 211-7 et d\u00e9claration au titre des articles\nL. 214-1 \u00e0 L. 214-6 du code de l'environnement pour la mise en place de points d'abreuvements\nbovins, am\u00e9nagement d'un passage \u00e0 gu\u00e9 et recr\u00e9ation de ripisylve sur le P\u00eacher sur la commune de\nSAINT MARTIN EN HAUT\nLa Pr\u00e9f\u00e8te de la R\u00e9gion Auvergne-Rh\u00f4ne-Alpes,\nPr\u00e9f\u00e8te de la Zone de d\u00e9fense et de s\u00e9curit\u00e9 sud-est,\nPr\u00e9f\u00e8te du Rh\u00f4ne,\nCommandeur de la L\u00e9gion d'honneur,\nCommandeur de l'ordre national du M\u00e9rite,\nVU l'article 3 de la loi du 29 d\u00e9cembre 1892 relative aux dommages caus\u00e9s \u00e0 la propri\u00e9t\u00e9 priv\u00e9e par\nl'ex\u00e9cution des travaux publics,\nVU le code de l'environnement - Livre II - Titre Ier et notamment les articles L. 211-7 , L. 214-1 \u00e0 6, R.\n214-1, R. 214 \u201332 \u00e0 R. 214-47 , et R. 214-88 \u00e0 R. 214-104,\nVU le d\u00e9cret n\u00b0 2004-374 du 29 avril 2004 modifi\u00e9 relatif aux pouvoirs du pr\u00e9fet, \u00e0 l'organisation et \u00e0\nl'action des services de l'Etat dans les r\u00e9gions et les d\u00e9partements,\nVU le d\u00e9cret du 11 janvier 2023 en conseil des ministres portant nomination de Mme Fabienne\nBUCCIO en qualit\u00e9 de pr\u00e9f\u00e8te de la r\u00e9gion Auvergne-Rh\u00f4ne-Alpes, pr\u00e9f\u00e8te de la zone de d\u00e9fense et\nde s\u00e9curit\u00e9 Sud-Est, pr\u00e9f\u00e8te du Rh\u00f4ne (hors classe),\nVU l'arr\u00eat\u00e9  pr\u00e9fectoral  n\u00b0  69-2025-09-08-00008  du  08  septembre  2025  portant  d\u00e9l\u00e9gation  de\nsignature \u00e0 M. Xavier CEREZA directeur d\u00e9partemental des territoires du Rh\u00f4ne,\nVU la d\u00e9cision n\u00b0 69-2025-09-11-00001 du 11 septembre 2025 portant subd\u00e9l\u00e9gation de signatures en\nmati\u00e8re d'attributions g\u00e9n\u00e9rales,\nVU le  sch\u00e9ma  directeur  d'am\u00e9nagement  et  de  gestion  des  eaux  (SDAGE)  du  bassin\nRh\u00f4ne - M\u00e9diterran\u00e9e,\nVU la  demande  69-2025-00166  pr\u00e9sent\u00e9e  le  16  juillet  2025  par  SIMA  COISE  et  portant  sur  la\nd\u00e9claration d'int\u00e9r\u00eat g\u00e9n\u00e9ral relative aux travaux vis\u00e9s ci-dessus, soumis \u00e9galement au r\u00e9gime de la\nd\u00e9claration  suivant  la  nomenclature  annex\u00e9e  \u00e0  l'article  R.  214-1  et  suivants  du  code  de\nl'environnement,\nVU l'avis du service d\u00e9partemental de l'office fran\u00e7ais de la biodiversit\u00e9,\nVU l'avis du pr\u00e9sident de la F\u00e9d\u00e9ration du Rh\u00f4ne et de la M\u00e9tropole de Lyon pour la p\u00eache et la\nprotection du milieu aquatique,\nVU le dossier annex\u00e9 \u00e0 la demande,\n1/7\n69_DDT_Direction d\u00e9partementale des territoires du Rh\u00f4ne - 69-2025-09-23-00003 - Arr\u00eat\u00e9 pr\u00e9fectoral n\u00b0\u00a0DDT_SENR_2025_B129 \nportant d\u00e9claration d'int\u00e9r\u00eat g\u00e9n\u00e9ral au titre de l'article L. 211-7 et d\u00e9claration au titre des articles L. 214-1 \u00e0 L. 214-6 du code de\nl'environnement pour la mise en place de points d'abreuvements bovins, am\u00e9nagement d'un passage \u00e0 gu\u00e9 et recr\u00e9ation de ripisylve\nsur le P\u00eacher sur la commune de SAINT MARTIN EN HAUT\n10\nVU le  projet  d'arr\u00eat\u00e9  adress\u00e9  au  p\u00e9titionnaire  pour  observations  \u00e9ventuelles  en  date  du\n09 septembre 2025,\nVU l'absence d'observations du p\u00e9titionnaire sur le projet d'arr\u00eat\u00e9 confirm\u00e9e par courriel r\u00e9ceptionn\u00e9 le\n09 septembre 2025,\nVU l'absence d'expropriation et de demande de participation financi\u00e8re aux personnes int\u00e9ress\u00e9es\nd'une part, et la nature des travaux consistant en l'entretien et l'am\u00e9nagement de cours d'eau d'autre\npart, qui justifient une dispense d'enqu\u00eate publique conform\u00e9ment \u00e0 l'article L. 151-37 du code rural et\nmaritime,\nCONSID\u00c9RANT que  les  mesures  envisag\u00e9es  par  le  p\u00e9titionnaire  et  les  prescriptions  techniques\nimpos\u00e9es  par  le  pr\u00e9sent  arr\u00eat\u00e9  sont  de  nature  \u00e0  pr\u00e9venir  les  nuisances  et  r\u00e9duire  les  impacts\nhydrauliques et environnementaux du projet sur le milieu aquatique,\nCONSID\u00c9RANT d\u00e8s  lors  que  l'ex\u00e9cution  de  l'ensemble  des  mesures  pr\u00e9cit\u00e9es  est  suffisante  pour\ngarantir les int\u00e9r\u00eats mentionn\u00e9s \u00e0 l'article L. 211-1 du code de l'environnement et qu'il y a lieu de faire\napplication de l'article L. 211-7 du code de l'environnement,\nSUR proposition du directeur d\u00e9partemental des territoires du Rh\u00f4ne,\nARR\u00caTE\nTITRE I -  D\u00e9claration d'int\u00e9r\u00eat g\u00e9n\u00e9ral (DIG)\nArticle     1   : Objet de la d\u00e9claration d'int\u00e9r\u00eat g\u00e9n\u00e9ral.\nLa mise en place de points d'abreuvements bovins, am\u00e9nagement d'un passage \u00e0 gu\u00e9 et recr\u00e9ation de\nripisylve sur le P\u00eacher sur la commune de SAINT MARTIN EN HAUT d\u00e9crits \u00e0 l'article 6 du pr\u00e9sent arr\u00eat\u00e9\nsont d\u00e9clar\u00e9s d'int\u00e9r\u00eat g\u00e9n\u00e9ral, les parcelles priv\u00e9es concern\u00e9es par les travaux ou par les acc\u00e8s sont\nsitu\u00e9es sur la commune de SAINT MARTIN EN HAUT. La localisation des travaux est pr\u00e9cis\u00e9e en annexe\nn\u00b0 1. Un plan parcellaire les d\u00e9signant est joint en annexe n\u00b0 2.\nArticle     2   : Dur\u00e9e de la d\u00e9claration d'int\u00e9r\u00eat g\u00e9n\u00e9ral.\nLa d\u00e9claration d'int\u00e9r\u00eat g\u00e9n\u00e9ral pour la mise en place de points d'abreuvements bovins, am\u00e9nagement\nd'un passage \u00e0 gu\u00e9 et recr\u00e9ation de ripisylve sur le P\u00eacher sur la commune de SAINT MARTIN EN HAUT\ndevient  caduque  \u00e0  l'expiration  d'un  d\u00e9lai  de  5 ans  si  les  travaux  n'ont  pas  fait  l'objet  d'un\ncommencement de r\u00e9alisation substantiel.\nArticle 3 : Participation financi\u00e8re.\nAucune participation financi\u00e8re n'est  demand\u00e9e aux  b\u00e9n\u00e9ficiaires des travaux et  propri\u00e9taires des\nterrains.\nArticle 4 : Information des riverains.\nLes riverains sont inform\u00e9s de la date de commencement des travaux par affichage en mairie de SAINT  \nMARTIN EN HAUT et si besoin par contact direct.\nTITRE II -  D\u00e9claration\nArticle 5 : Objet de la d\u00e9claration et rubriques de la nomenclature.\nLe SIMA COISE, sis 1 passage du clo\u00eetre \u2013 42330 SAINT GALMIER, est autoris\u00e9 \u00e0 effectuer l a mise en\nplace de points d'abreuvements bovins, am\u00e9nagement d'un passage \u00e0 gu\u00e9 et recr\u00e9ation de ripisylve sur\nle P\u00eacher sur la commune de SAINT MARTIN EN HAUT.\n2/7\n69_DDT_Direction d\u00e9partementale des territoires du Rh\u00f4ne - 69-2025-09-23-00003 - Arr\u00eat\u00e9 pr\u00e9fectoral n\u00b0\u00a0DDT_SENR_2025_B129 \nportant d\u00e9claration d'int\u00e9r\u00eat g\u00e9n\u00e9ral au titre de l'article L. 211-7 et d\u00e9claration au titre des articles L. 214-1 \u00e0 L. 214-6 du code de\nl'environnement pour la mise en place de points d'abreuvements bovins, am\u00e9nagement d'un passage \u00e0 gu\u00e9 et recr\u00e9ation de ripisylve\nsur le P\u00eacher sur la commune de SAINT MARTIN EN HAUT\n11\nCes travaux rel\u00e8vent des rubriques suivantes de l'article R. 214-1 du code de l'environnement : \nRubrique(s) de la nomenclature\n(R\u00e9gime de la d\u00e9claration)\nArr\u00eat\u00e9s de\nprescriptions\ng\u00e9n\u00e9rales\n3.1.2.0*. Installations, ouvrages, travaux ou activit\u00e9s conduisant \u00e0 modifier le \nprofil en long ou le profil en travers du lit mineur d'un cours d'eau, \u00e0 \nl'exclusion de ceux vis\u00e9s \u00e0 la rubrique 3.1.4.0, ou conduisant \u00e0 la d\u00e9rivation \nd'un cours d'eau :\n1\u00b0 Sur une longueur de cours d'eau sup\u00e9rieure ou \u00e9gale \u00e0 100 m (A) ;\n2\u00b0 Sur une longueur de cours d'eau inf\u00e9rieure \u00e0 100 m (D).\nLe lit mineur d'un cours d'eau est l'espace recouvert par les eaux coulant \u00e0 \npleins bords avant d\u00e9bordement.\n3.1.5.0. Installations, ouvrages, travaux ou activit\u00e9s, dans le lit mineur d'un \ncours d'eau, \u00e9tant de nature \u00e0 d\u00e9truire les fray\u00e8res, les zones de croissance ou \nles zones d'alimentation de la faune piscicole, des crustac\u00e9s et des batraciens\nou dans le lit majeur d'un cours d'eau, \u00e9tant de nature \u00e0 d\u00e9truire les fray\u00e8res \nde brochet. :\n1\u00b0 Destruction de plus de 200 m2 de fray\u00e8res (A) ;\n2\u00b0 Dans les autres cas (D).\narr\u00eat\u00e9 minist\u00e9riel\ndu 28/11/2007\narr\u00eat\u00e9 minist\u00e9riel\ndu 30/09/2014\nArticle 6 : Nature des travaux.\nLes  travaux  concernent  un  tron\u00e7on du  ruisseau  du P\u00eacher  ou de l'Ardaison  situ\u00e9 en  amont  de la\nconfluence  avec  le  Potensinet.  Le  secteur  est  fragilis\u00e9  par  l'acc\u00e8s  direct  du  b\u00e9tail  au  cours  d'eau\n(absence de cl\u00f4ture, passage \u00e0 gu\u00e9 non am\u00e9nag\u00e9, apport excessif d'\u00e9l\u00e9ments nutritifs...), ce qui entra\u00eene\nle pi\u00e9tinement et l'\u00e9rosion des berges ainsi que la disparition de la ripisylve.\nLes travaux pr\u00e9vus consistent en :\n- le d\u00e9broussaillage et l'abattage de quelques arbres sur la zone de travaux,\n- la mise en place de cl\u00f4tures en rive gauche (pour la parcelle L.0078) et en rive droite pour limiter \nl'acc\u00e8s direct du b\u00e9tail au cours d'eau,\n- l'am\u00e9nagement de trois points d'abreuvement adapt\u00e9s, afin de canaliser et s\u00e9curiser l'acc\u00e8s \u00e0 \nl'eau pour le b\u00e9tail,\n- l'am\u00e9nagement de la descente pour le franchissement du passage \u00e0 gu\u00e9,\n- la plantation sur un lin\u00e9aire de 150 m environ avec la mise en place de cl\u00f4tures pour les  \nprot\u00e9ger.\nArticle 7 : Caract\u00e9ristiques des travaux.\nLes travaux sont r\u00e9alis\u00e9s conform\u00e9ment au dossier d\u00e9pos\u00e9 et \u00e0 ses compl\u00e9ments, sous r\u00e9serve des\ndispositions du pr\u00e9sent arr\u00eat\u00e9 et des arr\u00eat\u00e9s de prescriptions g\u00e9n\u00e9rales vis\u00e9s \u00e0 l'article 5. \nL'inobservation  des  dispositions  figurant  dans  le  dossier  d\u00e9pos\u00e9  peut  entra\u00eener  l'application  des\nsanctions pr\u00e9vues \u00e0 l'article R. 216-12 du code de l'environnement.\nTITRE III  -  Prescriptions\nArticle 8 : Prescriptions g\u00e9n\u00e9rales.\nLe d\u00e9clarant communique aux services de police de l'eau (sd69@ofb.gouv.fr ; ddt-eau@rhone.gouv.fr), au\nmoins 10 jours \u00e0 l'avance les dates de d\u00e9but et fin du chantier.\nLes interventions dans le lit mineur sont interdites durant la p\u00e9riode du 1er novembre au 15 mai.\nUne p\u00eache \u00e9lectrique de sauvegarde est r\u00e9alis\u00e9e pr\u00e9alablement \u00e0 toute intervention dans le lit mineur\nen cas de besoin.\nToutes les mesures sont mises en place pour limiter le d\u00e9part de mati\u00e8res en suspension (MES) dans le\ncours d'eau.\n3/7\n69_DDT_Direction d\u00e9partementale des territoires du Rh\u00f4ne - 69-2025-09-23-00003 - Arr\u00eat\u00e9 pr\u00e9fectoral n\u00b0\u00a0DDT_SENR_2025_B129 \nportant d\u00e9claration d'int\u00e9r\u00eat g\u00e9n\u00e9ral au titre de l'article L. 211-7 et d\u00e9claration au titre des articles L. 214-1 \u00e0 L. 214-6 du code de\nl'environnement pour la mise en place de points d'abreuvements bovins, am\u00e9nagement d'un passage \u00e0 gu\u00e9 et recr\u00e9ation de ripisylve\nsur le P\u00eacher sur la commune de SAINT MARTIN EN HAUT\n12\nUn suivi et un entretien biannuel des plantations sur les 3 premi\u00e8res ann\u00e9es seront r\u00e9alis\u00e9s par le ma\u00eetre\nd'ouvrage.\nLe suivi et l'entretien des descentes am\u00e9nag\u00e9es (gestion des emb\u00e2cles, le maintien du bon \u00e9tat des\ncl\u00f4tures\u2026) seront \u00e0 la charge du propri\u00e9taire ou de l'exploitant des parcelles.\nToutes les mesures pr\u00e9ventives sont mises en \u0153uvre pour supprimer les risques li\u00e9s \u00e0 la pr\u00e9sence\nd'engins \u00e0 proximit\u00e9 de la rivi\u00e8re. Aucun engin ne peut circuler dans le lit mouill\u00e9 de la rivi\u00e8re et les\npistes d'acc\u00e8s sont balis\u00e9es.\nToutes les mesures sont mises en \u0153uvre par l'entreprise en charge des travaux pour r\u00e9duire le risque de\npollution accidentelle (fuites d'hydrocarbures ou d'huiles hydrauliques, stock de carburant, etc).\nLes travaux ne doivent pas conduire \u00e0 modifier la capacit\u00e9 d'\u00e9coulement des cours d'eau, ni conduire \u00e0\nrehausser le niveau du terrain naturel en berge.\nArticle 9 : Plantes invasives : Renou\u00e9e du Japon et Ambroisie.\nToutes  les  dispositions  sont  prises  pour  \u00e9viter  une  diss\u00e9mination  de  la  Renou\u00e9e  du  Japon  et  de\nl'Ambroisie. Le p\u00e9titionnaire prend les mesures n\u00e9cessaires pour \u00e9viter la contamination pendant les\ntravaux.\nTITRE IV  -  Dispositions g\u00e9n\u00e9rales\nArticle 10 : Conformit\u00e9 au dossier et modifications .\nToute modification apport\u00e9e \u00e0 la r\u00e9alisation des travaux ou \u00e0 l'am\u00e9nagement en r\u00e9sultant, \u00e0 l'exercice\ndes activit\u00e9s ou \u00e0 leur voisinage et entra\u00eenant un changement notable des \u00e9l\u00e9ments du dossier de\nd\u00e9claration doit  \u00eatre port\u00e9e,  avant  sa r\u00e9alisation, \u00e0 la connaissance du pr\u00e9fet, conform\u00e9ment  aux\ndispositions de l'article R. 214-40 du code de l'environnement.\nArticle 11 : D\u00e9claration des incidents ou accidents.\nLe p\u00e9titionnaire est tenu de d\u00e9clarer au pr\u00e9fet, d\u00e8s qu'il en a connaissance, les accidents ou incidents\nint\u00e9ressant les installations, ouvrages, travaux ou activit\u00e9s faisant l'objet de la pr\u00e9sente autorisation\nadministrative, qui sont de nature \u00e0 porter atteinte aux int\u00e9r\u00eats mentionn\u00e9s \u00e0 l'article L.  211-1 du code\nde l'environnement.\nSans pr\u00e9judice des mesures que peut prescrire le pr\u00e9fet, le p\u00e9titionnaire doit prendre ou faire prendre\nles dispositions n\u00e9cessaires pour mettre fin aux causes de l'incident ou accident, pour \u00e9valuer ses\ncons\u00e9quences et y rem\u00e9dier.\nLe p\u00e9titionnaire demeure responsable des accidents ou dommages qui seraient la cons\u00e9quence de\nl'activit\u00e9 ou de l'ex\u00e9cution des travaux et de l'am\u00e9nagement.\nArticle 12 : Arr\u00eat\u00e9 compl\u00e9mentaire.\nSi le respect des int\u00e9r\u00eats mentionn\u00e9s \u00e0 l'article L. 211-1 du code de l'environnement n'est pas assur\u00e9 par\nl'ex\u00e9cution des prescriptions du pr\u00e9sent arr\u00eat\u00e9, le pr\u00e9fet peut imposer par arr\u00eat\u00e9 compl\u00e9mentaire,\ntoutes  prescriptions  sp\u00e9cifiques  n\u00e9cessaires,  en  application  de  l'article  R.  214-39  du  code  de\nl'environnement.\nArticle 13 : Droits des tiers.\nLes droits des tiers sont et demeurent express\u00e9ment r\u00e9serv\u00e9s. Il appartient  au p\u00e9titionnaire de se\npourvoir le cas \u00e9ch\u00e9ant aupr\u00e8s de qui de droit (propri\u00e9taires) pour obtenir les autorisations n\u00e9cessaires\n\u00e0 la r\u00e9alisation des travaux situ\u00e9s dans les propri\u00e9t\u00e9s.\n4/7\n69_DDT_Direction d\u00e9partementale des territoires du Rh\u00f4ne - 69-2025-09-23-00003 - Arr\u00eat\u00e9 pr\u00e9fectoral n\u00b0\u00a0DDT_SENR_2025_B129 \nportant d\u00e9claration d'int\u00e9r\u00eat g\u00e9n\u00e9ral au titre de l'article L. 211-7 et d\u00e9claration au titre des articles L. 214-1 \u00e0 L. 214-6 du code de\nl'environnement pour la mise en place de points d'abreuvements bovins, am\u00e9nagement d'un passage \u00e0 gu\u00e9 et recr\u00e9ation de ripisylve\nsur le P\u00eacher sur la commune de SAINT MARTIN EN HAUT\n13\nArticle 14 : Autres r\u00e9glementations.\nLa pr\u00e9sente autorisation ne dispense en aucun cas le p\u00e9titionnaire de faire les d\u00e9clarations ou d'obtenir\nles autorisations requises par d'autres r\u00e9glementations.\nArticle 15 : D\u00e9lais et voies de recours.\nLe  pr\u00e9sent  arr\u00eat\u00e9  est  susceptible  de  recours  devant  le  tribunal  administratif  territorialement\ncomp\u00e9tent, dans les conditions fix\u00e9es \u00e0 l'article R. 514-3-1 du code de l'environnement :\n1\u00b0  Par  les  tiers  int\u00e9ress\u00e9s  en  raison  des  inconv\u00e9nients  ou  des  dangers  que  le  fonctionnement  de\nl'installation pr\u00e9sente pour les int\u00e9r\u00eats mentionn\u00e9s aux articles L. 211-1 et L. 511-1 dans un d\u00e9lai de deux\nmois \u00e0 compter du premier jour de la publication ou de l'affichage de ces d\u00e9cisions,\n2\u00b0 Par les demandeurs ou exploitants, dans un d\u00e9lai de deux mois \u00e0 compter de la date \u00e0 laquelle la\nd\u00e9cision leur a \u00e9t\u00e9 notifi\u00e9e.\nLes d\u00e9cisions mentionn\u00e9es au premier alin\u00e9a peuvent faire l'objet d'un recours gracieux ou hi\u00e9rarchique\ndans le d\u00e9lai de deux mois. Ce recours administratif prolonge de deux mois les d\u00e9lais mentionn\u00e9s aux 1\u00b0\net 2\u00b0 \u00bb.\nLe tribunal administratif peut \u00eatre saisi d'une requ\u00eate d\u00e9pos\u00e9e sur le site www.telerecours.fr.\nTout recours administratif ou contentieux doit \u00eatre notifi\u00e9 \u00e0 l'auteur et au b\u00e9n\u00e9ficiaire de la d\u00e9cision, \u00e0\npeine,  selon le cas,  de non  prorogation  du d\u00e9lai  de recours contentieux  ou d'irrecevabilit\u00e9.  Cette\nnotification doit \u00eatre adress\u00e9e par lettre recommand\u00e9e avec accus\u00e9 de r\u00e9ception dans un d\u00e9lai de\nquinze jours francs \u00e0 compter de la date d'envoi du recours administratif ou du d\u00e9p\u00f4t du recours\ncontentieux.\nArticle 16 : Publication.\nConform\u00e9ment aux dispositions r\u00e9glementaires en vigueur, le pr\u00e9sent arr\u00eat\u00e9 est publi\u00e9 au recueil des\nactes administratifs de la pr\u00e9fecture, et sur le site internet des services de l'\u00c9tat dans le Rh\u00f4ne. Une\ncopie est d\u00e9pos\u00e9e et affich\u00e9e pendant un mois au minimum, en mairie de SAINT MARTIN EN HAUT o\u00f9\ncette op\u00e9ration est r\u00e9alis\u00e9e.\nLe dossier de l'op\u00e9ration peut \u00eatre consult\u00e9 en mairie de  SAINT MARTIN EN HAUT , et \u00e0 la direction\nd\u00e9partementale des territoires, service eau et nature (165 rue Garibaldi 69003 Lyon), pendant une\ndur\u00e9e de deux mois.\nArticle 17 : Ex\u00e9cution.\nLe pr\u00e9fet, secr\u00e9taire g\u00e9n\u00e9ral de la pr\u00e9fecture du Rh\u00f4ne, pr\u00e9fet d\u00e9l\u00e9gu\u00e9 pour l'\u00e9galit\u00e9 des chances, le\ndirecteur d\u00e9partemental des territoires du Rh\u00f4ne, le chef du service d\u00e9partemental de l'Office Fran\u00e7ais\nde la Biodiversit\u00e9, le maire de SAINT MARTIN EN HAUT, sont charg\u00e9s chacun en ce qui les concerne, de\nl'ex\u00e9cution du pr\u00e9sent arr\u00eat\u00e9 qui est notifi\u00e9 au p\u00e9titionnaire.\nPour la pr\u00e9f\u00e8te et par d\u00e9l\u00e9gation,\nle Directeur D\u00e9partemental\nXavier CEREZA\n5/7\n69_DDT_Direction d\u00e9partementale des territoires du Rh\u00f4ne - 69-2025-09-23-00003 - Arr\u00eat\u00e9 pr\u00e9fectoral n\u00b0\u00a0DDT_SENR_2025_B129 \nportant d\u00e9claration d'int\u00e9r\u00eat g\u00e9n\u00e9ral au titre de l'article L. 211-7 et d\u00e9claration au titre des articles L. 214-1 \u00e0 L. 214-6 du code de\nl'environnement pour la mise en place de points d'abreuvements bovins, am\u00e9nagement d'un passage \u00e0 gu\u00e9 et recr\u00e9ation de ripisylve\nsur le P\u00eacher sur la commune de SAINT MARTIN EN HAUT\n14\nANNEXE 1\nLocalisation des travaux (source : g\u00e9oportail \u00e9chelle 1/25 000)\nVu pour \u00eatre annex\u00e9 \u00e0 l'arr\u00eat\u00e9 N\u00b0 DDT_SENR_2025_B129\ndu 23 septembre 2025\nPour la pr\u00e9f\u00e8te et par d\u00e9l\u00e9gation,\nle directeur d\u00e9partemental\nXavier CEREZA\n6/7\nLocalisation \ndes travaux \n69_DDT_Direction d\u00e9partementale des territoires du Rh\u00f4ne - 69-2025-09-23-00003 - Arr\u00eat\u00e9 pr\u00e9fectoral n\u00b0\u00a0DDT_SENR_2025_B129 \nportant d\u00e9claration d'int\u00e9r\u00eat g\u00e9n\u00e9ral au titre de l'article L. 211-7 et d\u00e9claration au titre des articles L. 214-1 \u00e0 L. 214-6 du code de\nl'environnement pour la mise en place de points d'abreuvements bovins, am\u00e9nagement d'un passage \u00e0 gu\u00e9 et recr\u00e9ation de ripisylve\nsur le P\u00eacher sur la commune de SAINT MARTIN EN HAUT\n15\nOL.0071\n\\1L.0211\\\u00c0\\\\\\\\th : point d'abreuvement\npt\n0L.0109Saint-Martin-en-Haut\nTz  \u00b0\u00b0 \u00b0\u00b0||\\\n(P : passage \u00e0 gu\u00e9\nANNEXE 2\nParcelles concern\u00e9es par la DIG\nN\u00b0 cadastral Commune Propri\u00e9taire\nRive\ngauche L.0078\nSAINT-MARTIN-EN-HAUT NESMES Fr\u00e9d\u00e9ric\nRive\ndroite L.0109\nVu pour \u00eatre annex\u00e9 \u00e0 l'arr\u00eat\u00e9 N\u00b0 DDT_SENR_2025_B129\ndu 23 septembre 2025\nPour la pr\u00e9f\u00e8te et par d\u00e9l\u00e9gation,\nle directeur d\u00e9partemental\nXavier CEREZA\n7/7\n69_DDT_Direction d\u00e9partementale des territoires du Rh\u00f4ne - 69-2025-09-23-00003 - Arr\u00eat\u00e9 pr\u00e9fectoral n\u00b0\u00a0DDT_SENR_2025_B129 \nportant d\u00e9claration d'int\u00e9r\u00eat g\u00e9n\u00e9ral au titre de l'article L. 211-7 et d\u00e9claration au titre des articles L. 214-1 \u00e0 L. 214-6 du code de\nl'environnement pour la mise en place de points d'abreuvements bovins, am\u00e9nagement d'un passage \u00e0 gu\u00e9 et recr\u00e9ation de ripisylve\nsur le P\u00eacher sur la commune de SAINT MARTIN EN HAUT\n16\n69_HCL_Hospices civils de Lyon\n69-2025-09-23-00004\nD\u00e9cision modificative de d\u00e9l\u00e9gation de signature\nn\u00b025-97 du 23 septembre 2025 pour le\nGroupement hospitalier Nord des Hospices civils\nde Lyon\n69_HCL_Hospices civils de Lyon - 69-2025-09-23-00004 - D\u00e9cision modificative de d\u00e9l\u00e9gation de signature n\u00b025-97 du 23 septembre\n2025 pour le Groupement hospitalier Nord des Hospices civils de Lyon 17\nHCLHOSPICES CIVILSDE LYON\nDIRECTION G\u00c9N\u00c9RALEDirection des affaires juridiquesD\u00c9CISION MODIFICATIVE N\u00b025-97DU 23 SEPTEMBRE 2025D\u00c9L\u00c9GATION DE SIGNATURELe Directeur G\u00e9n\u00e9ral, ordonnateur du budget,Vu le code de la sant\u00e9 publique,Vu le d\u00e9cret du Pr\u00e9sident de la R\u00e9publique du 29 d\u00e9cembre 2023 portant nomination deM. Raymond LE MOIGN, en qualit\u00e9 de Directeur G\u00e9n\u00e9ral des Hospices Civils de Lyon,Vu la note de service de la direction g\u00e9n\u00e9rale des HCL n\u00b020-08 du 13 mai 2020 nommantMme Dominique SOUPART,D\u00c9CIDEArticle 1er :La pr\u00e9sente d\u00e9cision a pour objet de modifier la d\u00e9cision de d\u00e9l\u00e9gation de signature n\u00b025-77du 21 juillet 2025 pour le groupement hospitalier Nord des Hospices civils de Lyon regroupant l'h\u00f4pitalde la Croix-Rousse, l'h\u00f4pital Docteur Fr\u00e9d\u00e9ric DUGOUJON et l'h\u00f4pital Pierre GARRAUD, publi\u00e9e aurecueil des actes administratifs de la Pr\u00e9fecture du Rh\u00f4ne du 24 juillet 2025 dans les conditionssuivantes.Article 2 :L'article 6 de la d\u00e9cision du 21 juillet 2025 cit\u00e9e \u00e0 l'article 1\" est remplac\u00e9 par les dispositionssuivantes:\u00abSur proposition de Mme Dominique SOUPART, directrice du groupement hospitalier Nord,d\u00e9l\u00e9gation est donn\u00e9e \u00e0 Mme Aur\u00e9lie INGELAERE, en sa qualit\u00e9 de directrice charg\u00e9e de la cellulequalit\u00e9 et des relations avec les usagers \u00e0 l'effet de signer :- Tous courriers relatifs aux relations avec les usagers ou patients ;- Tout proc\u00e8s-verbal relatif aux commissions rogatoires et enqu\u00eates pr\u00e9liminaires ex\u00e9cut\u00e9es dansles \u00e9tablissements constituant ce groupement.En cas d'absence ou d'emp\u00eachement de Mme Aur\u00e9lie INGELAERE, d\u00e9l\u00e9gation est donn\u00e9e\u00e0 Mme Val\u00e9rie BUSSIERE-GIRODON, charg\u00e9e des relations avec les usagers a l'effet de signer toutproc\u00e8s-verbal relatif aux commissions rogatoires et enqu\u00eates pr\u00e9liminaires ex\u00e9cut\u00e9es dans les\u00e9tablissements constituant ce groupement. \u00bbArticle 3 :La pr\u00e9sente d\u00e9cision sera publi\u00e9e au recueil des actes administratifs de la Pr\u00e9fecture du Rh\u00f4ne. Outreun recours gracieux, un recours contentieux peut \u00eatre form\u00e9 devant le tribunal administratif de Lyoncontre la pr\u00e9sente d\u00e9cision dans un d\u00e9lai de deux mois \u00e0 compter de sa date de publication.Le Directe eral,\nRaymond LE MOIGN3, QUAI DES CELESTINS 69002 LYON \u2014 FRANCEB.P. 2251 -69229 LYON CEDEX 02 1WWW.CHU-LYON.FR \u2014 RENSEIGNEMENTS HCL : 0 825 0 825 69 (0.15 \u20ac/MN)N\u00b0 FINESS HCL 690781810\n69_HCL_Hospices civils de Lyon - 69-2025-09-23-00004 - D\u00e9cision modificative de d\u00e9l\u00e9gation de signature n\u00b025-97 du 23 septembre\n2025 pour le Groupement hospitalier Nord des Hospices civils de Lyon 18\n69_Pr\u00e9f_Pr\u00e9fecture du Rh\u00f4ne\n69-2025-09-26-00009\nArr\u00eat\u00e9 pr\u00e9fectoral portant autorisation de\nsignature pour l'engagement juridique et la\nliquidation des d\u00e9penses hors programme 354\n69_Pr\u00e9f_Pr\u00e9fecture du Rh\u00f4ne - 69-2025-09-26-00009 - Arr\u00eat\u00e9 pr\u00e9fectoral portant autorisation de signature pour l'engagement\njuridique et la liquidation des d\u00e9penses hors programme 354 19\nesPREFETEDU RHONELibert\u00e9Egalit\u00e9Fraternit\u00e9\nDirection de la coordination\ndes politiques interminist\u00e9rielles\nLyon, le 26 septembre 2025\nARR\u00caT\u00c9 PR\u00c9FECTORAL N\u00b0                                        \nportant autorisation de signature pour l'engagement juridique\net la liquidation des d\u00e9penses hors programme 354\nLA PR\u00c9F\u00c8TE DE LA R\u00c9GION AUVERGNE-RH\u00d4NE-ALPES,\nPR\u00c9F\u00c8TE DE LA ZONE DE D\u00c9FENSE ET DE S\u00c9CURIT\u00c9 SUD-EST,\nPR\u00c9F\u00c8TE DU RH\u00d4NE\nCommandeur de la L\u00e9gion d'honneur\nCommandeur de l'ordre national du M\u00e9rite\nVu la loi organique n\u00b0 2001-692 du 1er ao\u00fbt 2001 modifi\u00e9e relative aux lois de finances ;\nVu la loi d'orientation n\u00b0 92-125 du 6 f\u00e9vrier 1992 modifi\u00e9e relative \u00e0 l'administration territoriale de  \nla R\u00e9publique ; \nVu la loi n\u00b0 82-213 du 2 mars 1982 modifi\u00e9e relative aux droits et libert\u00e9s des communes, des  \nd\u00e9partements et des r\u00e9gions ; \nVu la loi n\u00b0 2015-29 du 16 janvier 2015 relative \u00e0 la d\u00e9limitation des r\u00e9gions, aux \u00e9lections r\u00e9gionales  \net d\u00e9partementales et modifiant le calendrier \u00e9lectoral ;\nVu le d\u00e9cret n\u00b0 2002-84 du 16 janvier 2002 modifi\u00e9 relatif aux pouvoirs des pr\u00e9fets de zone ;\nVu le d\u00e9cret n\u00b0 2004-374 du 29 avril 2004 modifi\u00e9 relatif aux pouvoirs des pr\u00e9fets, \u00e0 l'organisation et \n\u00e0 l'action des services de l'\u00c9tat dans les r\u00e9gions et d\u00e9partements ; \nVu  le  d\u00e9cret  n\u00b0  2012-1246  du  7  novembre  2012  relatif  \u00e0  la  gestion  budg\u00e9taire  et  comptable \npublique ;\nVu le d\u00e9cret n\u00b0 2015-510 du 7 mai 2015 portant charte de la d\u00e9concentration ;\nVu le d\u00e9cret du 11 janvier 2023 en conseil des ministres portant nomination de Mme Fabienne  \nBUCCIO en qualit\u00e9 de pr\u00e9f\u00e8te de la r\u00e9gion Auvergne-Rh\u00f4ne-Alpes, pr\u00e9f\u00e8te de la zone de d\u00e9fense et  \nde s\u00e9curit\u00e9 Sud-Est, pr\u00e9f\u00e8te du Rh\u00f4ne (hors classe) ;\nVu le proc\u00e8s-verbal d'installation de Mme Fabienne BUCCIO en qualit\u00e9 de pr\u00e9f\u00e8te de la r\u00e9gion  \nAuvergne-Rh\u00f4ne-Alpes, pr\u00e9f\u00e8te de la zone de d\u00e9fense et de s\u00e9curit\u00e9 Sud-Est, pr\u00e9f\u00e8te du Rh\u00f4ne, \u00e0  \ncompter du 30 janvier 2023 ;\nVu le d\u00e9cret du 15 mai 2025 portant nomination du pr\u00e9fet, secr\u00e9taire g\u00e9n\u00e9ral de la pr\u00e9fecture du  \nRh\u00f4ne, pr\u00e9fet d\u00e9l\u00e9gu\u00e9 pour l'\u00e9galit\u00e9 des chances aupr\u00e8s de la pr\u00e9f\u00e8te de la r\u00e9gion Auvergne-Rh\u00f4ne-\nAlpes, pr\u00e9f\u00e8te de la zone de d\u00e9fense et de s\u00e9curit\u00e9 Sud-Est, pr\u00e9f\u00e8te du Rh\u00f4ne - M. Fabrice ROSAY ;\nVu  les  d\u00e9cisions  pr\u00e9fectorales  portant  affectation  des  personnels  au  sein  des  services  de  la \npr\u00e9fecture ;\n1/3\n69_Pr\u00e9f_Pr\u00e9fecture du Rh\u00f4ne - 69-2025-09-26-00009 - Arr\u00eat\u00e9 pr\u00e9fectoral portant autorisation de signature pour l'engagement\njuridique et la liquidation des d\u00e9penses hors programme 354 20\nSur proposition du pr\u00e9fet, secr\u00e9taire g\u00e9n\u00e9ral de la pr\u00e9fecture du Rh\u00f4ne ;\nARR\u00caTE\nArticle 1     :   Dans le cadre de la gestion des cr\u00e9dits pour lesquels la pr\u00e9f\u00e8te du d\u00e9partement du Rh\u00f4ne \nest ordonnateur secondaire, et dans le strict cadre de leurs attributions, d\u00e9l\u00e9gation est donn\u00e9e  \npour la signature des bons et des lettres de commandes (engagements juridiques), la constatation  \ndu  service  fait  et  l'\u00e9tablissement  de  certificats  administratifs  n\u00e9cessaires  \u00e0  certaines  mises  en \npaiement :\n\u2022 Pour un montant limit\u00e9 \u00e0 8 000 euros par commande     :  \n\u25e6 \u00e0 Mme Catherine MERIC , directrice des affaires juridiques et de l'administration locale,  \npour les affaires juridiques et contentieuses (programme 216-6) et  pour les op\u00e9rations  \nfinanci\u00e8res  li\u00e9es  \u00e0  l'organisation  des  \u00e9lections  politiques  (programme  232)  et  \nprofessionnelles.\nEn cas d'absence ou d'emp\u00eachement de Mme Catherine MERIC, d\u00e9l\u00e9gation est donn\u00e9e \u00e0  \nM. Thibault  PICHON-MATHIEU,  attach\u00e9,  chef  du  p\u00f4le  juridique  et  documentaire,  pour  le \nprogramme 216-6.\n\u25e6 \u00e0 M. Ernest MOUTOUSSAMY, directeur de la s\u00e9curit\u00e9 et de la protection civile, pour les  \nprogrammes  161,  207  (commissions  m\u00e9dicales,  d\u00e9marches  interminist\u00e9rielles  et  \ncommunication) et 216 (affaires juridiques et contentieuses des expulsions locatives).\nEn cas d'absence ou d'emp\u00eachement de M. Ernest MOUTOUSSAMY, d\u00e9l\u00e9gation est donn\u00e9e \u00e0 \nM. Emmanuel BERNE, ing\u00e9nieur divisionnaire, chef du service interminist\u00e9riel de d\u00e9fense et de  \nprotection civiles, pour le programme 161 et \u00e0 M.  Richard WILPOTTE, attach\u00e9 principal, chef du  \nbureau des polices administratives pour les programmes 207 et 216.\n\u25e6 \u00e0  Mme  Maud  BESSON,  directrice  des  migrations  et  de  l'int\u00e9gration  pour  les \nprogrammes  104  (int\u00e9gration  et  acc\u00e8s  \u00e0  la  nationalit\u00e9  fran\u00e7aise),  216-6  (affaires \njuridiques et contentieuses) et 303 (immigration et asile).\nEn cas d'absence ou d'emp\u00eachement de Mme Maud BESSON, d\u00e9l\u00e9gation est donn\u00e9e \u00e0 Mme \nMaryke LE MOGNE, attach\u00e9e principale, directrice adjointe des migrations et de l'int\u00e9gration, pour  \nles programmes 104, 216-6 et 303, \u00e0 M me Anna EUZET, attach\u00e9e principale,  cheffe du bureau de  \nl'asile et de l'h\u00e9bergement - guichet unique des demandeurs d'asile de Lyon, pour les programmes  \n104 et 303, et \u00e0 M. Patrick LAFABRIER, attach\u00e9 principal, chef du bureau des affaires g\u00e9n\u00e9rales et du \ncontentieux, pour le programme 216-6.\n\u2022 Pour un montant limit\u00e9 \u00e0 4 000 euros     par commande     :  \n\u25e6 Pour la direction des affaires juridiques et de l'administration locale :\n\u25aa \u00e0 M. Jamal BENZIK , attach\u00e9 principal, chef du bureau des r\u00e9glementations, des  \n\u00e9lections et des associations, pour le programme 232.\nEn cas d'absence ou d'emp\u00eachement de M. Jamal BENZIK, d\u00e9l\u00e9gation est donn\u00e9e \u00e0 Mme  \nDelphine LOPEZ-PERSAT, attach\u00e9e, adjointe au chef de bureau, pour un montant limit\u00e9 \u00e0 800 euros.\n\u25aa \u00e0 M. Thibault PICHON-MATHIEU , attach\u00e9, chef du p\u00f4le juridique et documentaire,  \npour le programme 216-6.\n2/3\n69_Pr\u00e9f_Pr\u00e9fecture du Rh\u00f4ne - 69-2025-09-26-00009 - Arr\u00eat\u00e9 pr\u00e9fectoral portant autorisation de signature pour l'engagement\njuridique et la liquidation des d\u00e9penses hors programme 354 21\n\u2022 Pour un montant limit\u00e9 \u00e0 800 euros par commande     :  \n\u25e6 Pour la direction de la s\u00e9curit\u00e9 et de la protection civile :\n\u25aa \u00e0 Mme Carole ZMYSLONY, attach\u00e9e, cheffe du bureau de la s\u00e9curit\u00e9 routi\u00e8re, pour  \nle programme 207 (s\u00e9curit\u00e9 routi\u00e8re).\n\u25aa \u00e0 Mme Marie PAUGET , attach\u00e9e, cheffe du bureau pr\u00e9vention, pour le programme  \n161.\n\u25aa \u00e0  M.  Richard  WILPOTTE ,  attach\u00e9  principal,  chef  du  bureau  des  polices  \nadministratives,  pour  les  programmes  207  (commissions  m\u00e9dicales,  d\u00e9marches \ninterminist\u00e9rielles et communication) et 216 (affaires juridiques et contentieuses des \nexpulsions locatives).\n\u25aa Mme  Alice  TARDY, attach\u00e9e,  adjoin te  au  chef  de  bureau,  chef  de  la  section \nr\u00e9glementation \u00e0 caract\u00e8re s\u00e9curitaire, pour les programmes 207 et 216.\n\u25aa \u00e0 Mme C\u00e9cile DAFFIX , secr\u00e9taire administrative de classe exceptionnelle, cheffe de  \nla section r\u00e9glementation routi\u00e8re, pour les programmes 207 et 216.\n\u2022 Pour la constatation du service fait en ce qui concerne les d\u00e9penses d'honoraires d'avocats  \nsur le programme 216 action 6 (affaires juridiques et contentieuses)\nEn cas d'absence ou d'emp\u00eachement de Mme Maud BESSON, d\u00e9l\u00e9gation est donn\u00e9e \u00e0 Mme  \nMaryke  LE  MOGNE,  attach\u00e9e  principale,  directrice  adjointe  des  migrations  et  de  l'int\u00e9gration, \nM. Patrick LAFABRIER, attach\u00e9 principal, chef du bureau des affaires g\u00e9n\u00e9rales et du contentieux, \u00e0  \nM.  Alexandre  FOREL,  attach\u00e9,  adjoint  au  chef  de  bureau,  chef  de  la  section  contentieux,  \u00e0 \nMme Val\u00e9rie IKANDAKPEYE, secr\u00e9taire administrative de classe sup\u00e9rieure, \u00e0 M. Bruno COLLET,  \nadjoint administratif, et \u00e0 M. Philippe ALCARAZ, adjoint administratif.\nArticle  2  : Le  pr\u00e9sent  arr\u00eat\u00e9  peut  faire  l'objet  d'un  recours  contentieux  devant  le  tribunal \nadministratif  de  Lyon  dans  un  d\u00e9lai  de  deux  mois  \u00e0  compter  de  sa  publication.  Le  tribunal \nadministratif peut \u00eatre saisi d'une requ\u00eate d\u00e9pos\u00e9e sur le site www.telerecours.fr.\nArticle 3 :  Le pr\u00e9fet, secr\u00e9taire g\u00e9n\u00e9ral de la pr\u00e9fecture, pr\u00e9fet d\u00e9l\u00e9gu\u00e9 pour l'\u00e9galit\u00e9 des chances,  \nest charg\u00e9 de l'ex\u00e9cution du pr\u00e9sent arr\u00eat\u00e9 qui sera publi\u00e9 au recueil des actes administratifs de la  \npr\u00e9fecture du Rh\u00f4ne.\n3/3\nLa pr\u00e9f\u00e8te,\nSign\u00e9\nFabienne BUCCIO\n69_Pr\u00e9f_Pr\u00e9fecture du Rh\u00f4ne - 69-2025-09-26-00009 - Arr\u00eat\u00e9 pr\u00e9fectoral portant autorisation de signature pour l'engagement\njuridique et la liquidation des d\u00e9penses hors programme 354 22\n69_Pr\u00e9f_Pr\u00e9fecture du Rh\u00f4ne\n69-2025-09-26-00005\nArr\u00eat\u00e9 pr\u00e9fectoral portant d\u00e9l\u00e9gation de\nsignature \u00e0 M. Antoine GUERIN, pr\u00e9fet d\u00e9l\u00e9gu\u00e9\npour la d\u00e9fense et la s\u00e9curit\u00e9 aupr\u00e8s de la\npr\u00e9f\u00e8te de la r\u00e9gion Auvergne-Rh\u00f4ne-Alpes,\npr\u00e9f\u00e8te de la zone de d\u00e9fense et de s\u00e9curit\u00e9\nSud-Est, pr\u00e9f\u00e8te du Rh\u00f4ne\n69_Pr\u00e9f_Pr\u00e9fecture du Rh\u00f4ne - 69-2025-09-26-00005 - Arr\u00eat\u00e9 pr\u00e9fectoral portant d\u00e9l\u00e9gation de signature \u00e0 M. Antoine GUERIN, pr\u00e9fet\nd\u00e9l\u00e9gu\u00e9 pour la d\u00e9fense et la s\u00e9curit\u00e9 aupr\u00e8s de la pr\u00e9f\u00e8te de la r\u00e9gion Auvergne-Rh\u00f4ne-Alpes, pr\u00e9f\u00e8te de la zone de d\u00e9fense et de\ns\u00e9curit\u00e9 Sud-Est, pr\u00e9f\u00e8te du Rh\u00f4ne\n23\nesPREFETEDU RHONELibert\u00e9Egalit\u00e9Fraternit\u00e9\nDirection de la coordination\ndes politiques interminist\u00e9rielles\nLyon, le 26 septembre 2025\nARR\u00caT\u00c9 PR\u00c9FECTORAL N\u00b0                                        \nportant d\u00e9l\u00e9gation de signature \u00e0 M. Antoine GUERIN,\npr\u00e9fet d\u00e9l\u00e9gu\u00e9 pour la d\u00e9fense et la s\u00e9curit\u00e9 aupr\u00e8s de la pr\u00e9f\u00e8te de la r\u00e9gion\nAuvergne-Rh\u00f4ne-Alpes, pr\u00e9f\u00e8te de la zone de d\u00e9fense et de s\u00e9curit\u00e9 Sud-Est, pr\u00e9f\u00e8te du Rh\u00f4ne\nLA PR\u00c9F\u00c8TE DE LA R\u00c9GION AUVERGNE-RH\u00d4NE-ALPES,\nPR\u00c9F\u00c8TE DE LA ZONE DE D\u00c9FENSE ET DE S\u00c9CURIT\u00c9 SUD-EST,\nPR\u00c9F\u00c8TE DU RH\u00d4NE\nCommandeur de la L\u00e9gion d'honneur\nCommandeur de l'ordre national du M\u00e9rite\nVu le code de la d\u00e9fense ;\nVu le code de la s\u00e9curit\u00e9 int\u00e9rieure ;\nVu le code du travail ;\nVu le code g\u00e9n\u00e9ral des collectivit\u00e9s territoriales ;\nVu le code de sant\u00e9 publique ;\nVu le code du sport ;\nVu la loi n\u00b0 82-213 du 2 mars 1982 modifi\u00e9e relative aux droits et libert\u00e9s des communes, des  \nd\u00e9partements et des r\u00e9gions ;\nVu la loi d'orientation n\u00b0 92-125 du 6 f\u00e9vrier 1992 modifi\u00e9e relative \u00e0 l'administration territoriale de  \nla R\u00e9publique ;\nVu la loi n\u00b0 95-73 du 21 janvier 1995 modifi\u00e9e d'orientation et de programmation relative \u00e0 la  \ns\u00e9curit\u00e9 ;\nVu la loi n\u00b0 96-369 du 3 mai 1996 relative aux services d'incendie et de secours ;\nVu la loi n\u00b0 99-291 du 15 avril 1999 modifi\u00e9e relative aux polices municipales ;\nVu la loi n\u00b0 2002-1094 du 29 ao\u00fbt 2002 modifi\u00e9e d'orientation et de programmation pour la s\u00e9curit\u00e9 \nint\u00e9rieure ;\nVu la loi n\u00b0 2003-239 du 18 mars 2003 modifi\u00e9e pour la s\u00e9curit\u00e9 int\u00e9rieure ;\nVu la loi n\u00b0 2004-811 du 13 ao\u00fbt 2004 modifi\u00e9e de modernisation de la s\u00e9curit\u00e9 civile ;\n1/9\n69_Pr\u00e9f_Pr\u00e9fecture du Rh\u00f4ne - 69-2025-09-26-00005 - Arr\u00eat\u00e9 pr\u00e9fectoral portant d\u00e9l\u00e9gation de signature \u00e0 M. Antoine GUERIN, pr\u00e9fet\nd\u00e9l\u00e9gu\u00e9 pour la d\u00e9fense et la s\u00e9curit\u00e9 aupr\u00e8s de la pr\u00e9f\u00e8te de la r\u00e9gion Auvergne-Rh\u00f4ne-Alpes, pr\u00e9f\u00e8te de la zone de d\u00e9fense et de\ns\u00e9curit\u00e9 Sud-Est, pr\u00e9f\u00e8te du Rh\u00f4ne\n24\nVu la loi n\u00b0 2008-174 du 25 f\u00e9vrier 2008 modifi\u00e9e relative \u00e0 la r\u00e9tention de s\u00fbret\u00e9 et \u00e0 la d\u00e9claration  \nd'irresponsabilit\u00e9 p\u00e9nale pour cause de trouble mental ;\nVu  la  loi  n\u00b0  2011-267  du  14  mars  2011  modifi\u00e9e  d'orientation  et  de  programmation  pour  la \nperformance de la s\u00e9curit\u00e9 int\u00e9rieure ;\nVu la loi n\u00b0 2011-672 du 16 juin 2011 relative \u00e0 l'immigration, \u00e0 l'int\u00e9gration et \u00e0 la nationalit\u00e9 ;\nVu la loi n\u00b0 2015-29 du 16 janvier 2015 relative \u00e0 la d\u00e9limitation des r\u00e9gions, aux \u00e9lections r\u00e9gionales  \net d\u00e9partementales et modifiant le calendrier \u00e9lectoral ;\nVu la loi n\u00b0 2020-856 du 9 juillet 2020 organisant la sortie de l'\u00e9tat d'urgence sanitaire ;\nVu le d\u00e9cret n\u00b0 93-377 du 18 mars 1993 modifi\u00e9 relatif aux pr\u00e9fets d\u00e9l\u00e9gu\u00e9s pour la s\u00e9curit\u00e9 et la  \nd\u00e9fense aupr\u00e8s des pr\u00e9fets de zone de d\u00e9fense ;\nVu  le  d\u00e9cret  n\u00b0  97-34  du  15  janvier  1997  modifi\u00e9  relatif  \u00e0  la  d\u00e9concentration  des  d\u00e9cisions \nadministratives individuelles ;\nVu le d\u00e9cret n\u00b0 97-199 du 5 mars 1997 modifi\u00e9 relatif au remboursement de certaines d\u00e9penses  \nsupport\u00e9es par les forces de police et de gendarmerie ;\nVu le d\u00e9cret n\u00b0 2004-374 du 29 avril 2004 modifi\u00e9 relatif aux pouvoirs des pr\u00e9fets, \u00e0 l'organisation et \n\u00e0 l'action des services de l'\u00c9tat dans les r\u00e9gions et d\u00e9partements ;\nVu le d\u00e9cret n\u00b0 2008-252 du 12 mars 2008 modifi\u00e9 relatif \u00e0 la r\u00e9mun\u00e9ration de certains services  \nrendus par le minist\u00e8re de l'int\u00e9rieur, de l'outre-mer et des collectivit\u00e9s territoriales ;\nVu le d\u00e9cret n\u00b0 2008-1023 du 6 octobre 2008 relatif au fichier judiciaire national automatis\u00e9 des  \nauteurs d'infractions sexuelles ou violentes et au casier judiciaire national automatis\u00e9 ;\nVu  le  d\u00e9cret  n\u00b0  2010-1298  du  28  octobre  2010  portant  attribution  de  produits  au  budget  du \nminist\u00e8re  de  l'int\u00e9rieur,  de  l'outre-mer,  des  collectivit\u00e9s  territoriales  et  de  l'immigration,  en \napplication du d\u00e9cret n\u00b0 97-199 modifi\u00e9 du 5 mars 1997 modifi\u00e9 relatif au remboursement de  \ncertaines d\u00e9penses support\u00e9es par les forces de police et de gendarmerie et du d\u00e9cret n\u00b0 2008-252  \ndu 12 mars 2008 modifi\u00e9 relatifs \u00e0 la r\u00e9mun\u00e9ration de certains services rendus par le minist\u00e8re de  \nl'int\u00e9rieur, de l'outre-mer et des collectivit\u00e9s territoriales ;\nVu le d\u00e9cret n\u00b0 2011-1049 du 6 septembre 2011 pris pour l'application de la loi n\u00b0 2011-672 du 16 juin \n2011 relative \u00e0 l'immigration, \u00e0 l'int\u00e9gration et \u00e0 la nationalit\u00e9 et relatif aux titres de s\u00e9jour ;\nVu le d\u00e9cret n\u00b0 2012-1246 du 7 novembre 2012 modifi\u00e9 relatif \u00e0 la gestion budg\u00e9taire et comptable  \npublique ;\nVu le d\u00e9cret n\u00b0 2012-1247 du 7 novembre 2012 portant adaptation de divers textes aux nouvelles  \nr\u00e8gles de la gestion budg\u00e9taire et comptable publique ;\nVu le d\u00e9cret n\u00b0 2015-510 du 7 mai 2015 portant charte de la d\u00e9concentration ;\nVu le d\u00e9cret n\u00b0 2017-440 du 30 mars 2017 relatif \u00e0 la s\u00e9curit\u00e9 des transports publics guid\u00e9s ; \nVu le d\u00e9cret n\u00b0 2023-530 du 29 juin 2023 relatif \u00e0 l'organisation de l'administration centrale de la  \npolice nationale et modifiant diverses dispositions relatives \u00e0 la police nationale ;\nVu le d\u00e9cret n\u00b0 2023-1013 du 2 novembre 2023 relatif aux services d\u00e9concentr\u00e9s et \u00e0 l'organisation  \nde la police nationale ;\nVu l'arr\u00eat\u00e9 minist\u00e9riel du 30 d\u00e9cembre 2005 portant d\u00e9concentration en mati\u00e8re de gestion des  \nfonctionnaires actifs des services de la police nationale ;\n2/9\n69_Pr\u00e9f_Pr\u00e9fecture du Rh\u00f4ne - 69-2025-09-26-00005 - Arr\u00eat\u00e9 pr\u00e9fectoral portant d\u00e9l\u00e9gation de signature \u00e0 M. Antoine GUERIN, pr\u00e9fet\nd\u00e9l\u00e9gu\u00e9 pour la d\u00e9fense et la s\u00e9curit\u00e9 aupr\u00e8s de la pr\u00e9f\u00e8te de la r\u00e9gion Auvergne-Rh\u00f4ne-Alpes, pr\u00e9f\u00e8te de la zone de d\u00e9fense et de\ns\u00e9curit\u00e9 Sud-Est, pr\u00e9f\u00e8te du Rh\u00f4ne\n25\nVu  l'arr\u00eat\u00e9  minist\u00e9riel  du  27  ao\u00fbt  2010  portant  d\u00e9concentration  en  mati\u00e8re  de  gestion  des \nfonctionnaires des corps techniques et scientifiques de la police nationale ;\nVu l'arr\u00eat\u00e9 du 28 octobre 2010 portant application de l'article 2 du d\u00e9cret n\u00b0 97-199 du 5 mars 1997 \nmodifi\u00e9 relatif au remboursement de certaines d\u00e9penses support\u00e9es par les forces de police et de  \ngendarmerie  et  de  l'article  1er  du  d\u00e9cret  n\u00b0  2008-252  du  12  mars  2008  modifi\u00e9  relatif  \u00e0  la \nr\u00e9mun\u00e9ration  de  certains  services  rendus  par  le  minist\u00e8re  de  l'int\u00e9rieur,  de  l'outre-mer  et  des \ncollectivit\u00e9s territoriales ;\nVu l'arr\u00eat\u00e9 du 24 d\u00e9cembre 2014 fixant le montant des remboursements de certaines d\u00e9penses  \nsupport\u00e9es par les forces de police et de gendarmerie ;\nVu l'arr\u00eat\u00e9 minist\u00e9riel du 26 janvier 2015 portant d\u00e9l\u00e9gation de pouvoir en mati\u00e8re de recrutement  \net de gestion des personnels administratifs du minist\u00e8re de l'int\u00e9rieur ;\nVu l'arr\u00eat\u00e9 pr\u00e9fectoral n\u00b0 2002-703 modifi\u00e9 du 23 janvier 2002 portant r\u00e8glement op\u00e9rationnel du  \nservice d\u00e9partemental-m\u00e9tropolitain d'incendie et de secours ;\nVu la circulaire n\u00b0 EFIZ1239322C du 28 novembre 2012 relative aux sanctions administratives suite \u00e0 \nproc\u00e8s verbal relevant une infraction pour travail ill\u00e9gal ;\nVu le d\u00e9cret du 11 janvier 2023 en conseil des ministres portant nomination de Mme Fabienne  \nBUCCIO en qualit\u00e9 de pr\u00e9f\u00e8te de la r\u00e9gion Auvergne-Rh\u00f4ne-Alpes, pr\u00e9f\u00e8te de la zone de d\u00e9fense et  \nde s\u00e9curit\u00e9 Sud-Est, pr\u00e9f\u00e8te du Rh\u00f4ne (hors classe) ;\nVu le proc\u00e8s-verbal d'installation de Mme Fabienne BUCCIO en qualit\u00e9 de pr\u00e9f\u00e8te de la r\u00e9gion  \nAuvergne-Rh\u00f4ne-Alpes, pr\u00e9f\u00e8te de la zone de d\u00e9fense et de s\u00e9curit\u00e9 Sud-Est, pr\u00e9f\u00e8te du Rh\u00f4ne, \u00e0  \ncompter du 30 janvier 2023 ;\nVu le d\u00e9cret du 31 mai 2023 portant nomination de la sous-pr\u00e9f\u00e8te charg\u00e9e de mission aupr\u00e8s de la  \npr\u00e9f\u00e8te de la r\u00e9gion Auvergne-Rh\u00f4ne-Alpes, pr\u00e9f\u00e8te de la zone de d\u00e9fense et de s\u00e9curit\u00e9 Sud-Est,  \npr\u00e9f\u00e8te du Rh\u00f4ne - Mme Charlotte CREPON ;\nVu le d\u00e9cret du 3 juillet 2024 portant nomination de la secr\u00e9taire g\u00e9n\u00e9rale adjointe de la pr\u00e9fecture \ndu Rh\u00f4ne (groupe IV), sous-pr\u00e9f\u00e8te charg\u00e9e de mission aupr\u00e8s de la pr\u00e9f\u00e8te de la r\u00e9gion Auvergne-\nRh\u00f4ne-Alpes, pr\u00e9f\u00e8te de la zone de d\u00e9fense et de s\u00e9curit\u00e9 Sud-Est, pr\u00e9f\u00e8te du Rh\u00f4ne - Mme Judith  \nHUSSON ;\nVu le d\u00e9cret du 6 novembre 2024 en conseil des ministres portant nomination du pr\u00e9fet d\u00e9l\u00e9gu\u00e9  \npour la d\u00e9fense et la s\u00e9curit\u00e9 aupr\u00e8s de la pr\u00e9f\u00e8te de la r\u00e9gion Auvergne-Rh\u00f4ne-Alpes, pr\u00e9f\u00e8te de la  \nzone de d\u00e9fense et de s\u00e9curit\u00e9 Sud-Est, pr\u00e9f\u00e8te du Rh\u00f4ne \u2013  M. Antoine GUERIN ;\nVu le d\u00e9cret du 15 mai 2025 portant nomination du pr\u00e9fet, secr\u00e9taire g\u00e9n\u00e9ral de la pr\u00e9fecture du  \nRh\u00f4ne, pr\u00e9fet d\u00e9l\u00e9gu\u00e9 pour l'\u00e9galit\u00e9 des chances aupr\u00e8s de la pr\u00e9f\u00e8te de la r\u00e9gion Auvergne-Rh\u00f4ne-\nAlpes, pr\u00e9f\u00e8te de la zone de d\u00e9fense et de s\u00e9curit\u00e9 Sud-Est, pr\u00e9f\u00e8te du Rh\u00f4ne - M. Fabrice ROSAY ;\nVu le d\u00e9cret du 23 mai 2025 portant nomination de la sous-pr\u00e9f\u00e8te charg\u00e9e de mission aupr\u00e8s du  \npr\u00e9fet de la r\u00e9gion Auvergne-Rh\u00f4ne-Alpes, pr\u00e9fet de la zone de d\u00e9fense et de s\u00e9curit\u00e9 Sud-Est,  \npr\u00e9fet du Rh\u00f4ne - Mme Anne LAYBOURNE ;\nVu le d\u00e9cret du 5 septembre 2025 portant nomination du directeur de cabinet de la pr\u00e9f\u00e8te de la  \nr\u00e9gion Auvergne-Rh\u00f4ne-Alpes, pr\u00e9f\u00e8te de la zone de d\u00e9fense et de s\u00e9curit\u00e9 Sud-Est, pr\u00e9f\u00e8te du  \nRh\u00f4ne - M. Lucas TURGIS ;\nSur proposition du pr\u00e9fet d\u00e9l\u00e9gu\u00e9 pour la d\u00e9fense et la s\u00e9curit\u00e9 ;\nARR\u00caTE\n3/9\n69_Pr\u00e9f_Pr\u00e9fecture du Rh\u00f4ne - 69-2025-09-26-00005 - Arr\u00eat\u00e9 pr\u00e9fectoral portant d\u00e9l\u00e9gation de signature \u00e0 M. Antoine GUERIN, pr\u00e9fet\nd\u00e9l\u00e9gu\u00e9 pour la d\u00e9fense et la s\u00e9curit\u00e9 aupr\u00e8s de la pr\u00e9f\u00e8te de la r\u00e9gion Auvergne-Rh\u00f4ne-Alpes, pr\u00e9f\u00e8te de la zone de d\u00e9fense et de\ns\u00e9curit\u00e9 Sud-Est, pr\u00e9f\u00e8te du Rh\u00f4ne\n26\nArticle 1 : Dans le d\u00e9partement du Rh\u00f4ne d\u00e9l\u00e9gation de signature est donn\u00e9e \u00e0 M. Antoine GUERIN, \npr\u00e9fet d\u00e9l\u00e9gu\u00e9 pour la d\u00e9fense et la s\u00e9curit\u00e9, dans les mati\u00e8res int\u00e9ressant la direction et le contr\u00f4le \ndes services de police ainsi que la coordination op\u00e9rationnelle de l'ensemble des forces participant  \n\u00e0 la s\u00e9curit\u00e9.\nM. Antoine GUERIN,  est notamment habilit\u00e9 \u00e0 signer tous actes et d\u00e9cisions dans les domaines  \nsuivants :\n1. Maintien du bon ordre, de la s\u00fbret\u00e9 et de la tranquillit\u00e9 publique en application des articles  \nL 2212-1, L 2214-4, L 2215-1, L 2215-2, L 2215-3, L 2215-4 et L 2215-5 du code g\u00e9n\u00e9ral des  \ncollectivit\u00e9s territoriales.\n2. Interdiction  des  manifestations  sur  la  voie  publique  en  vertu  du  code  de  la  s\u00e9curit\u00e9 \nint\u00e9rieure.\n3. Emploi des forces de gendarmerie et des compagnies r\u00e9publicaines de s\u00e9curit\u00e9 pour assurer  \nles op\u00e9rations de maintien de l'ordre et de s\u00e9curisation .\n4. Concours apport\u00e9s par les services de police et de gendarmerie dans le cadre de prestations \nne pouvant \u00eatre rattach\u00e9es aux obligations normales incombant \u00e0 la puissance publique en  \nmati\u00e8re  de  s\u00e9curit\u00e9  et  d'ordre  publics  :  affectation  et  mise  \u00e0  disposition  d'agents, \nd\u00e9placement, emploi et mise \u00e0 disposition de v\u00e9hicules, de mat\u00e9riels ou d'\u00e9quipement et  \nprestations d'escorte.\n5. R\u00e9quisition  des  forces  arm\u00e9es  en  vue  de  leur  participation  au  maintien  de  l'ordre  en \napplication de l'article 28 de l'instruction interminist\u00e9rielle n\u00b0 500/SGDN du 20 juillet 1970.\n6. Mise en demeure et \u00e9vacuation forc\u00e9e des gens du voyage stationnant irr\u00e9guli\u00e8rement.\n7 . D\u00e9cisions relatives aux recours pour dommages caus\u00e9s par le refus de pr\u00eater le concours de  \nla force publique (\u00e0 l'exclusion de l'engagement financier de l'indemnisation).\n8. Gestion des personnels et des moyens des services de police, la mise en \u0153uvre du plan de  \nmodernisation de la police nationale et des mesures de formation des fonctionnaires de  \npolice.\n9. Prononciation des sanctions disciplinaires du premier groupe pour :\n- les personnels d'encadrement et d'application de la police nationale \u00e0 l'exception des  \npersonnels servant en administration centrale, dans les services de renseignement int\u00e9rieur,  \ndans les compagnies r\u00e9publicaines de s\u00e9curit\u00e9 et dans les structures de formation en qualit\u00e9 \nde formateur et d'\u00e9l\u00e8ves,\n- les techniciens de la police technique et scientifique, \n- les agents sp\u00e9cialis\u00e9s de la police technique et scientifique,\n-  les  adjoints  techniques  de  la  police  nationale  \u00e0  l'exception  de  ceux  servant  en \nadministration centrale.\n10. Saisine des commissions administratives paritaires locales si\u00e9geant en conseil de discipline.\n11. Fonctionnement du comit\u00e9 technique paritaire d\u00e9partemental des services de police.\n12. D\u00e9cisions relatives aux polices municipales telles qu'elles r\u00e9sultent de la loi n\u00b0 99-291 du 15  \navril 1999 et de ses d\u00e9crets d'application.\n13. D\u00e9cisions de fermeture d'\u00e9tablissements prises en application des dispositions de l'article L  \n8272-2 du code du travail.\nArticle  2  : Dans  le  d\u00e9partement  du  Rh\u00f4ne  d\u00e9l\u00e9gation  de  signature  est  \u00e9galement  donn\u00e9e  \u00e0 \nM. Antoine  GUERIN,  pr\u00e9fet  d\u00e9l\u00e9gu\u00e9  pour  la  d\u00e9fense  et  la  s\u00e9curit\u00e9, \u00e0  l'effet  de  signer  dans  les \nmati\u00e8res int\u00e9ressant la direction de la s\u00e9curit\u00e9 et de la protection civile, tous actes et d\u00e9cisions  \ndans les domaines suivants :\nI - R\u00c9GLEMENTATION CONCERNANT CERTAINES DISPOSITIONS DU CODE DE PROC\u00c9DURE \nP\u00c9NALE ET DU CODE P\u00c9NAL\n1. Avis  sur  la  lib\u00e9ration  conditionnelle  des  condamn\u00e9s  (article  730  du code  de  proc\u00e9dure \np\u00e9nale).\n2. Garde des d\u00e9tenus hospitalis\u00e9s (article D 386 du code de proc\u00e9dure p\u00e9nale).\n3. Pr\u00e9sidence du conseil d'\u00e9valuation des prisons (article D 180 du code de proc\u00e9dure p\u00e9nale).\n4. D\u00e9livrance des permis de visite aux d\u00e9tenus condamn\u00e9s hospitalis\u00e9s (article D 403 du code  \nde proc\u00e9dure p\u00e9nale).\n4/9\n69_Pr\u00e9f_Pr\u00e9fecture du Rh\u00f4ne - 69-2025-09-26-00005 - Arr\u00eat\u00e9 pr\u00e9fectoral portant d\u00e9l\u00e9gation de signature \u00e0 M. Antoine GUERIN, pr\u00e9fet\nd\u00e9l\u00e9gu\u00e9 pour la d\u00e9fense et la s\u00e9curit\u00e9 aupr\u00e8s de la pr\u00e9f\u00e8te de la r\u00e9gion Auvergne-Rh\u00f4ne-Alpes, pr\u00e9f\u00e8te de la zone de d\u00e9fense et de\ns\u00e9curit\u00e9 Sud-Est, pr\u00e9f\u00e8te du Rh\u00f4ne\n27\n5. Avis pour l'agr\u00e9ment des visiteurs de prison (D 472 du code de proc\u00e9dure p\u00e9nale), des  \nm\u00e9decins (article D 364 du code de proc\u00e9dure p\u00e9nale) et des prestataires de service.\n6. Avis sur les extractions de d\u00e9tenus en vertu de l'article D 316 du code de proc\u00e9dure p\u00e9nale.\n7 . Avis relatif \u00e0 la consultation du fichier judiciaire national des auteurs d'infraction sexuelles  \nou violentes pour les collectivit\u00e9s territoriales en vertu de l'article 706-53-7 du code de  \nproc\u00e9dure p\u00e9nale.\nII - POLICE G\u00c9N\u00c9RALE\n1. D\u00e9cisions concernant les syst\u00e8mes de vid\u00e9o-protection (Code de la S\u00e9curit\u00e9 Int\u00e9rieure art. L \n223-1 \u00e0 L 223-9, L 251-1 \u00e0 L 255-1 et art. R 251-1 \u00e0 R 253-4).\n2. D\u00e9cisions  de  fermeture  des  d\u00e9bits  de  boissons  (article  L  3332-15  du  code  de  la  sant\u00e9 \npublique)  et  octroi  des  d\u00e9rogations  aux  heures  de  fermeture  et  d'ouverture  de  ces \n\u00e9tablissements.\n3. D\u00e9cisions de fermeture des \u00e9tablissements fixes ou mobiles de vente \u00e0 emporter (art. L 332-\n1 du CSI).\n4. D\u00e9cisions de fermeture des \u00e9tablissements diffusant de la musique (art. L 333-1 du CSI).\n5. D\u00e9cisions de fermeture des \u00e9tablissements pour travail dissimul\u00e9 (art. L 8272-2 du Code du  \nTravail).\n6. D\u00e9cisions de transfert de licence III ou IV (art. L 3332-11 du Code de la sant\u00e9 publique).\n7 . Institution des zones de protection et r\u00e9glementation de l'acc\u00e8s aux mineurs (art. L 3335-1, L \n3335-2, L 3335-8, L 3335-11,et L 3342-3 du code de la sant\u00e9 publique-d\u00e9cret n\u00b0 72-35 du 14  \njanvier 1972).\n8. Police des cercles et des casinos.\n9. D\u00e9cisions relatives aux concours de la force publique et aux expulsions locatives.\n10. Exercice des pouvoirs conf\u00e9r\u00e9s au Pr\u00e9fet par le Code de S\u00e9curit\u00e9 Int\u00e9rieure livre III titre 1 er \nfixant le r\u00e9gime des mat\u00e9riels de guerre, armes et munitions, leur acquisition, d\u00e9tention et  \nport.\n11. Autorisation des manifestations publiques de sports de combat (art R331-46 \u00e0 R331-54 du  \ncode du sport).\n12. Interdictions administratives de stade (art. L 332-16 du code du sport).\n13. D\u00e9cision restreignant la libert\u00e9 d'aller et venir des personnes se pr\u00e9valant de la qualit\u00e9 de  \nsupporter d'une \u00e9quipe ou se comportant comme tel (art. L 3332-16-2 du code du sport).\n14. Arr\u00eat\u00e9 relatif \u00e0 l'\u00e9tablissement des listes pr\u00e9paratoires de la liste annuelle du jury d'assises  \ndu Rh\u00f4ne.\nIII - R\u00c9GLEMENTATION PROFESSIONNELLE\n1. Double agr\u00e9ment des agents de s\u00fbret\u00e9 a\u00e9roportuaire (CSI livre VI - art. L 612-6 \u00e0 L 612-8 et L  \n612-9 \u00e0 L 612-13).\n2. Surveillance exceptionnelle de la voie publique par des agents de s\u00e9curit\u00e9 (CSI livre VI \u2013 art.  \nL 613-2 et R 613-5).\n3. Agr\u00e9ment des gardes particuliers et reconnaissance de l'aptitude des gardes particuliers.\nIV - R\u00c9GLEMENTATION G\u00c9N\u00c9RALE - A\u00c9RONAUTIQUE - FERROVIAIRE - ROUTI\u00c8RE - \nFLUVIALE - COMMERCIALE ET TOURISTIQUE\nA - A\u00e9ronautique\n1. Exercice des pouvoirs conf\u00e9r\u00e9s au Pr\u00e9fet par les articles R 131-3, D 233-2 et D 132-4 du code  \nde l'aviation civile et l'arr\u00eat\u00e9 du 10 octobre 1957 relatifs aux atterrissages, d\u00e9collages et  \n\u00e9volutions d'a\u00e9ronefs et objets volants y compris lors de spectacles publics.\n2. Police des installations a\u00e9ronautiques, des a\u00e9rodromes et des a\u00e9roports (article L 6332-2 du  \ncode des transports et d\u00e9cret n\u00b0 74-77 du 1er f\u00e9vrier 1974).\n3. Exercice des pouvoirs conf\u00e9r\u00e9s au Pr\u00e9fet par les articles D 233-2, D 233-6, D 233-8 du code  \nde l'aviation civile.\n4. Agr\u00e9ment des associations a\u00e9ronautiques (arr\u00eat\u00e9 minist\u00e9riel du 9 mai 1984).\n5/9\n69_Pr\u00e9f_Pr\u00e9fecture du Rh\u00f4ne - 69-2025-09-26-00005 - Arr\u00eat\u00e9 pr\u00e9fectoral portant d\u00e9l\u00e9gation de signature \u00e0 M. Antoine GUERIN, pr\u00e9fet\nd\u00e9l\u00e9gu\u00e9 pour la d\u00e9fense et la s\u00e9curit\u00e9 aupr\u00e8s de la pr\u00e9f\u00e8te de la r\u00e9gion Auvergne-Rh\u00f4ne-Alpes, pr\u00e9f\u00e8te de la zone de d\u00e9fense et de\ns\u00e9curit\u00e9 Sud-Est, pr\u00e9f\u00e8te du Rh\u00f4ne\n28\n5. D\u00e9livrance des habilitations en zone r\u00e9serv\u00e9e a\u00e9roportuaires pr\u00e9vues par l'article R 213-5 du  \ncode de l'aviation civile.\n6. D\u00e9livrance  des  habilitations  hors  zone  r\u00e9serv\u00e9e  a\u00e9roportuaire  pr\u00e9vues  par  la  circulaire \nNORINT/A/07/00100/C  du  3  octobre  2007  pour  les  personnes  devant  acc\u00e9der  aux  sites \ns\u00e9curit\u00e9s des \u00ab chargeurs connus \u00bb et \u00ab agents habilit\u00e9s \u00bb, des \u00ab \u00e9tablissements connus \u00bb, ou  \nceux de leurs sous-traitants.\n7 . Autorisations des manifestations a\u00e9riennes (article R1321-3 du Code de l'aviation civile).\n8. D\u00e9rogations aux hauteurs de survol et autorisations de p\u00e9n\u00e9trer en ZRT.\nB - Ferroviaire\n1. Exercice des pouvoirs conf\u00e9r\u00e9s au Pr\u00e9fet par la loi du 15 juillet 1845 modifi\u00e9e et le d\u00e9cret du  \n22 mars 1942 relatifs \u00e0 la circulation, l'arr\u00eat et le stationnement des v\u00e9hicules dans les cours  \ndes  gares  et  l'int\u00e9grit\u00e9  des  voies  ferr\u00e9es,  de  leurs  accessoires  et  d\u00e9pendances  et  la \ncirculation des convois.\nC - Routi\u00e8re\n1. D\u00e9signation des membres de la commission d\u00e9partementale de s\u00e9curit\u00e9 routi\u00e8re.\n2. D\u00e9signation des membres de la commission locale des transports publics particuliers de  \npersonnes.\n3. Missions  d\u00e9partementales  de  proximit\u00e9  relatives  aux  permis  de  conduire  :  \nsuspension/annulation, commissions m\u00e9dicales, saisie des d\u00e9cisions judiciaires.\n4. Missions  d\u00e9partementales  de  proximit\u00e9  relatives  aux  syst\u00e8mes  d'immatriculation  des \nv\u00e9hicules  :  inscriptions  et  lev\u00e9e  des  immobilisations,  inscription  des  saisies,  lev\u00e9e \nd'opposition \u00e0 transfert sur certificat d'immatriculation, inscriptions de la remise du titre  \naux forces de l'ordre et de la restitution d'un titre retenu, enqu\u00eate en cas de num\u00e9ro de s\u00e9rie \nen doublon ou de correction de num\u00e9ro de s\u00e9rie.\n5. Arr\u00eat\u00e9s  relatifs  \u00e0  la  circulation  routi\u00e8re  sur  la  voirie  nationale  et  sur  les  voies  \nd\u00e9partementales class\u00e9es routes \u00e0 grande circulation (articles R 411.4, R 411.8, R 411.18, R  \n415.8, R 415.10 et R 421.3 du code de la route) et aux transports de mati\u00e8res dangereuses  \n(arr\u00eat\u00e9 minist\u00e9riel du 15 avril 1945).\n6. Homologation  des  circuits  de  vitesse  et  autorisation  des  \u00e9preuves  sportives  sur  la  voie \npublique ou dans les lieux non ouverts \u00e0 la circulation publique et comportant des v\u00e9hicules \n\u00e0 moteur en application des articles R 331-6 \u00e0 R 331-44 du code du sport.\n7 . Habilitation de certains agents des services publics urbains, de transport en commun de  \nvoyageurs,  \u00e0  constater  les  infractions  qui  affectent  en  agglom\u00e9ration,  la  circulation,  le \nstationnement et l'arr\u00eat des v\u00e9hicules de ces services en application du d\u00e9cret du 15 janvier  \n1997 .\n8. Agr\u00e9ment des \u00e9tablissements relatifs \u00e0 l'\u00e9ducation routi\u00e8re, des centres de sensibilisation \u00e0  \nla s\u00e9curit\u00e9 routi\u00e8re, des centres de formation \u00e0 la profession de chauffeur de taxi, \u00e0 la  \nprofession de chauffeur VTC, \u00e0 la profession d'enseignant de la conduite.\n9. Arr\u00eat\u00e9s relatifs \u00e0 la profession de chauffeur de taxi, de chauffeur VTC, d'enseignant de la  \nconduite et d'animateur de stages de sensibilisation \u00e0 la s\u00e9curit\u00e9 routi\u00e8re.\n10. Agr\u00e9ment des gardiens de fourri\u00e8re.\nD - Fluviale\n1. R\u00e9glementation de la circulation de la navigation et des activit\u00e9s sportives et touristiques  \nsur le Rh\u00f4ne et la Sa\u00f4ne.\nE - Transports publics guid\u00e9s \n1. Arr\u00eat\u00e9s  portant  sur  l'approbation  des  dossiers  relatifs  \u00e0  la  s\u00e9curit\u00e9  et  autorisation \nd'exploitation en application du d\u00e9cret n\u00b02017-440 du  30 mars 2017 relatif \u00e0 la s\u00e9curit\u00e9 des  \ntransports publics guid\u00e9s.\n6/9\n69_Pr\u00e9f_Pr\u00e9fecture du Rh\u00f4ne - 69-2025-09-26-00005 - Arr\u00eat\u00e9 pr\u00e9fectoral portant d\u00e9l\u00e9gation de signature \u00e0 M. Antoine GUERIN, pr\u00e9fet\nd\u00e9l\u00e9gu\u00e9 pour la d\u00e9fense et la s\u00e9curit\u00e9 aupr\u00e8s de la pr\u00e9f\u00e8te de la r\u00e9gion Auvergne-Rh\u00f4ne-Alpes, pr\u00e9f\u00e8te de la zone de d\u00e9fense et de\ns\u00e9curit\u00e9 Sud-Est, pr\u00e9f\u00e8te du Rh\u00f4ne\n29\nV - PROTECTION CIVILE\nLes arr\u00eat\u00e9s, d\u00e9cisions et actes relevant des attributions du service interminist\u00e9riel de d\u00e9fense et de  \nla protection civile et, en particulier :\n1. Pr\u00e9paration, \u00e9tablissement et ex\u00e9cution des plans de secours,\n2. Pr\u00e9paration, \u00e9tablissement et ex\u00e9cution des mesures non militaires de d\u00e9fense,\n3. Avis sur les plans de secours \u00e9labor\u00e9s par les collectivit\u00e9s et entreprises \u00e0 risques,\n4. Gestion des outils op\u00e9rationnels,\n5. Avis sur les dossiers des installations class\u00e9es pour la protection de l'environnement et  \nparticipation  au  conseil  d\u00e9partemental  de  l'environnement  et  des  risques  sanitaires  et \ntechnologiques,\n6. Suivi et gestion des secteurs et activit\u00e9s d'importance vitale : avis sur les plans de s\u00e9curit\u00e9  \ndes op\u00e9rateurs, approbation des plans particuliers de protection et \u00e9tablissement des plans  \nde protection externes,\n7 . Suivi et gestion des syst\u00e8mes d'alerte de la population,\n8. Organisation et participation aux travaux de la commission consultative d\u00e9partementale de  \ns\u00e9curit\u00e9  et  d'accessibilit\u00e9  ainsi  que  des  diff\u00e9rentes  sous-commissions  auxquelles  sont \nd\u00e9l\u00e9gu\u00e9es ses comp\u00e9tences,\n9. Suivi des avis d\u00e9favorables \u00e9mis par les commissions de s\u00e9curit\u00e9,  et, en cas de carence du  \nmaire, fermeture des \u00e9tablissements recevant du public concern\u00e9s,\n10. Exercice des pouvoirs de police du pr\u00e9fet dans les immeubles de grande hauteur et les  \n\u00e9tablissements recevant du public relevant de sa comp\u00e9tence,\n11. Information pr\u00e9ventive de la population en application de l'article L 124-1 et suivants du  \ncode de l'environnement,\n12. D\u00e9veloppement du secourisme : suivi et agr\u00e9ment des associations, organisation des jurys et \nexamens  de  secourisme,  d\u00e9livrance  des  dipl\u00f4mes,  conventions  avec  les  associations  de \nsecourisme agr\u00e9\u00e9es,\n13. Organisation et suivi du conseil d\u00e9partemental de s\u00e9curit\u00e9 civile, correspondances avec les \n\u00e9lus,\n14. Instruction  des  demandes  de  reconnaissance  de  l'\u00e9tat  de  catastrophe  naturelle  et \nnotification des d\u00e9cisions de la commission interminist\u00e9rielle,\n15. Mesures d'urgence relatives \u00e0 la s\u00e9curit\u00e9 de la navigation fluviale,\n16. Agr\u00e9ments techniques et autorisations d'exploitation (art R 2352-110 du code de la d\u00e9fense) \npour les d\u00e9p\u00f4ts et d\u00e9bits de produits explosifs,\n17 .Suspension d'activit\u00e9 et d'agr\u00e9ment technique des d\u00e9p\u00f4ts et d\u00e9bits de produits explosifs  \n(art R 2352-95 et 107 du code de la d\u00e9fense),\n18. Autorisations d'acquisition de produits explosifs et de d\u00e9tonateurs (art R 2352-74 du code  \nde la d\u00e9fense) quelque soit les quantit\u00e9s et autorisations d'utiliser d\u00e8s leur r\u00e9ception les  \nproduits explosifs \npour des quantit\u00e9s \u00e9gales ou sup\u00e9rieures \u00e0 25 kg et (ou) 500 d\u00e9tonateurs (art R 2352-81 du  \ncode de la d\u00e9fense),\n19. Autorisations de transports de produits explosifs, habilitations \u00e0 la garde, \u00e0 la mise en \u0153uvre \net au tir de produits explosifs et agr\u00e9ments \u00e0 la connaissance des mouvements de produits  \nexplosifs (art R 2352-76, 87 et 118 du code de la d\u00e9fense),\n20. R\u00e9glementation des artifices de divertissement,\n21. D\u00e9claration des spectacles pyrotechniques de cat\u00e9gorie 4 (ou C4), T2 ou de plus de 35 kilos  \nde mati\u00e8re active ; validation d\u00e8s la qualification des artificiers de niveau 1 et 2  ; d\u00e9livrance \ndes agr\u00e9ments pour l'usage des artifices de cat\u00e9gorie 2 et 3 destin\u00e9s \u00e0 \u00eatre lanc\u00e9s \u00e0 l'aide  \nd'un mortier,\n22. Agr\u00e9ment des d\u00e9p\u00f4ts d'artifices de divertissement et agr\u00e9ments des centres d\u00e9livrant la  \nformation relative au certificat de qualification,\n23. D\u00e9livrance conjointe, avec le recteur d'Acad\u00e9mie, du certificat de pr\u00e9pos\u00e9 au tir,\n24. Habilitations au titre de la protection du secret.\nVI \u2013 SECURITE ROUTIERE\nLes arr\u00eat\u00e9s, d\u00e9cisions et actes relatifs \u00e0 la pr\u00e9vention de la d\u00e9linquance routi\u00e8re et \u00e0 la lutte contre  \nl'ins\u00e9curit\u00e9 routi\u00e8re, \u00e0 l'\u00e9laboration et \u00e0 la mise en \u0153uvre du PDASR et du programme ECPA.\n7/9\n69_Pr\u00e9f_Pr\u00e9fecture du Rh\u00f4ne - 69-2025-09-26-00005 - Arr\u00eat\u00e9 pr\u00e9fectoral portant d\u00e9l\u00e9gation de signature \u00e0 M. Antoine GUERIN, pr\u00e9fet\nd\u00e9l\u00e9gu\u00e9 pour la d\u00e9fense et la s\u00e9curit\u00e9 aupr\u00e8s de la pr\u00e9f\u00e8te de la r\u00e9gion Auvergne-Rh\u00f4ne-Alpes, pr\u00e9f\u00e8te de la zone de d\u00e9fense et de\ns\u00e9curit\u00e9 Sud-Est, pr\u00e9f\u00e8te du Rh\u00f4ne\n30\nVII - CONTENTIEUX\nM\u00e9moires  et  d\u00e9f\u00e9r\u00e9s  aupr\u00e8s  des  diff\u00e9rentes  juridictions  dans  les  domaines  qui  rel\u00e8vent  de  sa \ncomp\u00e9tence.\nArticle  3  : Dans  le  d\u00e9partement  du  Rh\u00f4ne  d\u00e9l\u00e9gation  de  signature  est  \u00e9galement  donn\u00e9e  \u00e0 \nM. Antoine GUERIN, pr\u00e9fet d\u00e9l\u00e9gu\u00e9 pour la d\u00e9fense et la s\u00e9curit\u00e9,  \u00e0 l'effet de signer, les arr\u00eat\u00e9s,  \nd\u00e9cisions et actes relevant des attributions du service d\u00e9partemental-m\u00e9tropolitain d'incendie et  \nde secours.\nArticle 4 :  D\u00e9l\u00e9gation de signature est en outre donn\u00e9e \u00e0 M. Antoine GUERIN \u00e0 l'effet de signer, au \nniveau  d\u00e9partemental,  tous  arr\u00eat\u00e9s,  d\u00e9cisions,  circulaires  relevant  des  attributions  de  l'\u00c9tat  en \nmati\u00e8re de pr\u00e9vention de la d\u00e9linquance.\nArticle 5 :  En cas d'absence ou d'emp\u00eachement de M. Antoine GUERIN, la d\u00e9l\u00e9gation de signature  \nvis\u00e9e aux articles 1, 2, 3 et 4 est donn\u00e9e \u00e0  M. Fabrice ROSAY, pr\u00e9fet, secr\u00e9taire g\u00e9n\u00e9ral de la  \npr\u00e9fecture du Rh\u00f4ne, pr\u00e9fet d\u00e9l\u00e9gu\u00e9 pour l'\u00e9galit\u00e9 des chances  aupr\u00e8s de la pr\u00e9f\u00e8te de la r\u00e9gion  \nAuvergne-Rh\u00f4ne-Alpes, pr\u00e9f\u00e8te de la zone de d\u00e9fense et de s\u00e9curit\u00e9 Sud-Est, pr\u00e9f\u00e8te du Rh\u00f4ne, ou \nen son absence ou emp\u00eachement \u00e0 M. Lucas TURGIS, directeur de cabinet de la pr\u00e9f\u00e8te de la r\u00e9gion \nAuvergne-Rh\u00f4ne-Alpes, pr\u00e9f\u00e8te de la zone de d\u00e9fense et de s\u00e9curit\u00e9 Sud-Est, pr\u00e9f\u00e8te du Rh\u00f4ne, ou  \nen son absence ou emp\u00eachement \u00e0 Mme Judith HUSSON, sous-pr\u00e9f\u00e8te charg\u00e9e de mission aupr\u00e8s  \nde la pr\u00e9f\u00e8te de la r\u00e9gion Auvergne-Rh\u00f4ne-Alpes, pr\u00e9f\u00e8te de la zone de d\u00e9fense et de s\u00e9curit\u00e9 Sud-\nEst, pr\u00e9f\u00e8te du Rh\u00f4ne,  ou en son absence ou emp\u00eachement,  \u00e0 Mme Charlotte CREPON, sous-\npr\u00e9f\u00e8te charg\u00e9e de mission aupr\u00e8s de la pr\u00e9f\u00e8te de la r\u00e9gion Auvergne-Rh\u00f4ne-Alpes, pr\u00e9f\u00e8te de la  \nzone de d\u00e9fense et de s\u00e9curit\u00e9 Sud-Est, pr\u00e9f\u00e8te du Rh\u00f4ne, o u en son absence ou emp\u00eachement \u00e0 \nM.  Jean-Marc  GALLAND,  sous-pr\u00e9fet  de  l'arrondissement  de  Villefranche-sur-Sa\u00f4ne,  ou  en  son \nabsence ou emp\u00eachement \u00e0 Mme Anne LAYBOURNE, sous-pr\u00e9f\u00e8te charg\u00e9e de mission aupr\u00e8s de la  \npr\u00e9f\u00e8te de la r\u00e9gion Auvergne-Rh\u00f4ne-Alpes, pr\u00e9f\u00e8te de la zone de d\u00e9fense et de s\u00e9curit\u00e9 Sud-Est,  \npr\u00e9f\u00e8te du Rh\u00f4ne.\nArticle 6 :  En cas d'absence ou d'emp\u00eachement de M. Antoine GUERIN , la d\u00e9l\u00e9gation de signature  \nvis\u00e9e \u00e0 l'article 2-V est \u00e9galement donn\u00e9e \u00e0 M. Ernest MOUTOUSSAMY, directeur de la s\u00e9curit\u00e9 et  \nde la protection civile. En cas d'absence ou d'emp\u00eachement de M. Ernest  MOUTOUSSAMY, la  \nd\u00e9l\u00e9gation de signature est donn\u00e9e \u00e0 :\n\u2022 M. Emmanuel BERNE, ing\u00e9nieur divisionnaire, chef du service interminist\u00e9riel de d\u00e9fense et  \nde protection civiles,\n\u2022 Mme Sylvia LEGRIS, attach\u00e9e, chef du bureau de la planification, de la d\u00e9fense et des  \nrisques sanitaires,\n\u2022 Mme Marie PAUGET, attach\u00e9e, chef du bureau pr\u00e9vention.\nArticle 7 :  En cas d'absence ou d'emp\u00eachement de M. Antoine GUERIN , la d\u00e9l\u00e9gation de signature  \nvis\u00e9e  \u00e0  l'article  3  est  \u00e9galement  donn\u00e9e  au  contr\u00f4leur  g\u00e9n\u00e9ral  St\u00e9phane  GOUEZEC,  directeur \nd\u00e9partemental  et  m\u00e9tropolitain  des  services  d'incendie  et  de  secours.  En  cas  d'absence  ou \nd'emp\u00eachement  du  contr\u00f4leur  g\u00e9n\u00e9ral  St\u00e9phane  GOUEZEC,  directeur  d\u00e9partemental  et  \nm\u00e9tropolitain, la d\u00e9l\u00e9gation de signature est donn\u00e9e au :\n\u2022 Colonel Lionel CHABERT, directeur des groupements territoriaux,\n\u2022 Lieutenant-colonel S\u00e9bastien PONTET, directeur de la pr\u00e9vention et de l'organisation des  \nsecours,\n\u2022 Lieutenant-colonel Dominique DREVET, directeur des ressources humaines,\n\u2022 Lieutenant-colonel J\u00e9r\u00f4me BELLERET, directeur des moyens mat\u00e9riels.\nArticle 8 :  En cas d'absence ou d'emp\u00eachement de M. Antoine GUERIN , la d\u00e9l\u00e9gation de signature  \nvis\u00e9e \u00e0 l'article 2-II alin\u00e9a 1, alin\u00e9as 3 \u00e0 13, \u00e0 l'article 2-III, \u00e0 l'article 2-IV-A alin\u00e9as 1, 2, 3, 4, 7 et 8, \u00e0 \nl'article 2-IV-B, \u00e0 l'article 2-IV-C alin\u00e9as 2  \u00e0 10 , \u00e0 l'article 2-IV-D, et \u00e0 l'article 2-VI est donn\u00e9e \u00e0  \nM. Ernest MOUTOUSSAMY, directeur de la s\u00e9curit\u00e9 et de la protection civile.\n8/9\n69_Pr\u00e9f_Pr\u00e9fecture du Rh\u00f4ne - 69-2025-09-26-00005 - Arr\u00eat\u00e9 pr\u00e9fectoral portant d\u00e9l\u00e9gation de signature \u00e0 M. Antoine GUERIN, pr\u00e9fet\nd\u00e9l\u00e9gu\u00e9 pour la d\u00e9fense et la s\u00e9curit\u00e9 aupr\u00e8s de la pr\u00e9f\u00e8te de la r\u00e9gion Auvergne-Rh\u00f4ne-Alpes, pr\u00e9f\u00e8te de la zone de d\u00e9fense et de\ns\u00e9curit\u00e9 Sud-Est, pr\u00e9f\u00e8te du Rh\u00f4ne\n31\nLa d\u00e9l\u00e9gation de signature vis\u00e9e \u00e0 l'article 2-II alin\u00e9a 1 et alin\u00e9as 3 \u00e0 11, \u00e0 l'article 2-III, \u00e0 l'article 2-IV-\nC alin\u00e9as 3, 4, et de l'alin\u00e9a 6 \u00e0 10 et de l'article 2-IV-D, est \u00e9galement donn\u00e9e \u00e0  M. Richard  \nWILPOTTE, attach\u00e9 principal, chef du bureau des polices administratives.\nArticle  9  : En  cas  d'absence  ou  d'emp\u00eachement  de  M.  Antoine  GUERIN,  de  M.  Ernest \nMOUTOUSSAMY et de M. Richard WILPOTTE , la d\u00e9l\u00e9gation de signature vis\u00e9e \u00e0 l'article 2-II alin\u00e9a  \n10, \u00e0 l'article 2-III, \u00e0 l'article 2-IV-C alin\u00e9as 3, 4 et de l'alin\u00e9a 6 \u00e0 10 et \u00e0 l'article 2-IV-D est \u00e9galement \ndonn\u00e9e  \u00e0  Mme  C\u00e9cile  DAFFIX,  secr\u00e9taire  administrative  de  classe  exceptionnelle,  cheffe  de  la \nsection r\u00e9glementation routi\u00e8re.\nArticle 10 : En cas d'absence ou d'emp\u00eachement de M. Ernest MOUTOUSSAMY, la d\u00e9l\u00e9gation vis\u00e9e \n\u00e0 l'article 2-VI est donn\u00e9e  \u00e0  Mme  Carole ZMYSLONY, attach\u00e9e, cheffe du bureau de la s\u00e9curit\u00e9  \nrouti\u00e8re, \u00e0 l'exception des actes \u00e0 caract\u00e8re r\u00e9glementaire.\nArticle 11 : D\u00e9l\u00e9gation est donn\u00e9e \u00e0 Mme Patricia GONACHON, commissaire g\u00e9n\u00e9rale, directrice de \ncabinet, \u00e0 l'effet de signer d'une mani\u00e8re permanente tous les documents \u00e9tablis par le cabinet du  \npr\u00e9fet d\u00e9l\u00e9gu\u00e9 pour la d\u00e9fense et la s\u00e9curit\u00e9 autres que ceux vis\u00e9s \u00e0 l'article 1, \u00e0 l'article 2-II \u00e0 V et \u00e0  \nl'article 3, sous r\u00e9serv e des dispositions de l'alin\u00e9a suivant, \u00e0 l'exception des actes \u00e0 caract\u00e8re  \nr\u00e9glementaire.\nEn cas d'absence ou d'emp\u00eachement de  M. Antoine GUERIN , la d\u00e9l\u00e9gation de signature vis\u00e9e \u00e0  \nl'article 1, alin\u00e9as 3, 10, et 11, \u00e0 l'article 2-I, \u00e0 l'article 2-IV-A, alin\u00e9as 5 et 6, \u00e0 l'article 2-IV-C alin\u00e9a 3  \nest donn\u00e9e \u00e0 Mme Patricia GONACHON.\nEn cas d'absence ou d'emp\u00eachement  de Mme Patricia GONACHON,  la d\u00e9l\u00e9gation de signature  \nvis\u00e9e \u00e0 l'article 2-IV-C alin\u00e9a 3 est donn\u00e9e \u00e0 Marwan LARAICH, commissaire, \u00e0 M. Philippe VAILLER, \ncolonel, \u00e0 M. St\u00e9phane CERNA, commandant, \u00e0 M. Laurent HYP , commandant, \u00e0 M. TH\u00c9O RIVOIRE, \nattach\u00e9 principal, et \u00e0 Mme Claire GRAND, secr\u00e9taire administratif de classe normale.\nArticle 12 :  En cas d'absence ou d'emp\u00eachement de M. Antoine GUERIN, la d\u00e9l\u00e9gation de signature \nvis\u00e9e \u00e0 l'article 1 alin\u00e9a 9 est donn\u00e9e \u00e0 Mme B\u00e9atrice BRUN, inspectrice g\u00e9n\u00e9rale des services actifs  \nde  la  police  nationale,  directrice  zonale  de  la  police  nationale  \u00e0  Lyon dans  la  limite  de  ses \nattributions et pour son service.\nArticle 13 : En cas d'absence ou d'emp\u00eachement de M. Antoine GUERIN, la d\u00e9l\u00e9gation de signature \nvis\u00e9e \u00e0 l'article 1 alin\u00e9a 4 est donn\u00e9e \u00e0 M. Nelson BOUARD, inspecteur g\u00e9n\u00e9ral des services actifs de \nla police nationale, directeur interd\u00e9partemental de la police nationale \u00e0 Lyon, dans la limite de ses \nattributions et pour son service.\nArticle 14 : En cas d'absence ou d'emp\u00eachement de M. Antoine GUERIN, la d\u00e9l\u00e9gation de signature \nvis\u00e9e  \u00e0  l'article  1  alin\u00e9a  4  est  donn\u00e9e  \u00e0  Mme  Sylvia  SAINT-CIERGE,  colonelle,  commandant  le \ngroupement de gendarmerie du Rh\u00f4ne, dans la limite de ses attributions et pour son service. \nArticle  15  :  Le  pr\u00e9sent  arr\u00eat\u00e9  peut  faire  l'objet  d'un  recours  contentieux  devant  le  tribunal \nadministratif  de  Lyon  dans  un  d\u00e9lai  de  deux  mois  \u00e0  compter  de  sa  publication.  Le  tribunal \nadministratif peut \u00eatre saisi d'une requ\u00eate d\u00e9pos\u00e9e sur le site www.telerecours.fr.\nArticle 16 :  Le  pr\u00e9fet d\u00e9l\u00e9gu\u00e9 pour la d\u00e9fense et la s\u00e9curit\u00e9, et le pr\u00e9fet, secr\u00e9taire g\u00e9n\u00e9ral de la  \npr\u00e9fecture, pr\u00e9fet d\u00e9l\u00e9gu\u00e9 pour l'\u00e9galit\u00e9 des chances, sont charg\u00e9s, chacun pour ce qui le concerne, \nde l'ex\u00e9cution du pr\u00e9sent arr\u00eat\u00e9 qui sera publi\u00e9 au recueil des actes administratifs de la pr\u00e9fecture  \ndu Rh\u00f4ne.\n9/9\nLa pr\u00e9f\u00e8te,\nSign\u00e9\nFabienne BUCCIO\n69_Pr\u00e9f_Pr\u00e9fecture du Rh\u00f4ne - 69-2025-09-26-00005 - Arr\u00eat\u00e9 pr\u00e9fectoral portant d\u00e9l\u00e9gation de signature \u00e0 M. Antoine GUERIN, pr\u00e9fet\nd\u00e9l\u00e9gu\u00e9 pour la d\u00e9fense et la s\u00e9curit\u00e9 aupr\u00e8s de la pr\u00e9f\u00e8te de la r\u00e9gion Auvergne-Rh\u00f4ne-Alpes, pr\u00e9f\u00e8te de la zone de d\u00e9fense et de\ns\u00e9curit\u00e9 Sud-Est, pr\u00e9f\u00e8te du Rh\u00f4ne\n32\n69_Pr\u00e9f_Pr\u00e9fecture du Rh\u00f4ne\n69-2025-09-26-00006\nArr\u00eat\u00e9 pr\u00e9fectoral portant d\u00e9l\u00e9gation de\nsignature \u00e0 M. Antoine GUERIN, pr\u00e9fet d\u00e9l\u00e9gu\u00e9\npour la d\u00e9fense et la s\u00e9curit\u00e9, en mati\u00e8re\nd'ordonnancement secondaire\n69_Pr\u00e9f_Pr\u00e9fecture du Rh\u00f4ne - 69-2025-09-26-00006 - Arr\u00eat\u00e9 pr\u00e9fectoral portant d\u00e9l\u00e9gation de signature \u00e0 M. Antoine GUERIN, pr\u00e9fet\nd\u00e9l\u00e9gu\u00e9 pour la d\u00e9fense et la s\u00e9curit\u00e9, en mati\u00e8re d'ordonnancement secondaire 33\nesPREFETEDU RHONELibert\u00e9Egalit\u00e9Fraternit\u00e9\nDirection de la coordination\ndes politiques interminist\u00e9rielles\nLyon, le 26 septembre 2025\nARR\u00caT\u00c9 PR\u00c9FECTORAL N\u00b0                                        \nportant d\u00e9l\u00e9gation de signature \u00e0 M. Antoine GUERIN,\npr\u00e9fet d\u00e9l\u00e9gu\u00e9 pour la d\u00e9fense et la s\u00e9curit\u00e9, \nen mati\u00e8re d'ordonnancement secondaire\nLA PR\u00c9F\u00c8TE DE LA R\u00c9GION AUVERGNE-RH\u00d4NE-ALPES,\nPR\u00c9F\u00c8TE DE LA ZONE DE D\u00c9FENSE ET DE S\u00c9CURIT\u00c9 SUD-EST,\nPR\u00c9F\u00c8TE DU RH\u00d4NE\nCommandeur de la L\u00e9gion d'honneur\nCommandeur de l'ordre national du M\u00e9rite\nVu le code de la d\u00e9fense ;\nVu la loi organique n\u00b0 2001-692 du 1er ao\u00fbt 2001 modifi\u00e9e relative aux lois de finances ; \nVu la loi n\u00b0 82-213 du 2 mars 1982 modifi\u00e9e relative aux droits et libert\u00e9s des communes, des  \nd\u00e9partements et des r\u00e9gions ;\nVu la loi d'orientation n\u00b0 92-125 du 6 f\u00e9vrier 1992 modifi\u00e9e relative \u00e0 l'administration territoriale de  \nla R\u00e9publique ;\nVu la loi n\u00b0 2015-29 du 16 janvier 2015 relative \u00e0 la d\u00e9limitation des r\u00e9gions, aux \u00e9lections r\u00e9gionales  \net d\u00e9partementales et modifiant le calendrier \u00e9lectoral ;\nVu le d\u00e9cret n\u00b0 2004-374 du 29 avril 2004 modifi\u00e9 relatif aux pouvoirs des pr\u00e9fets, \u00e0 l'organisation et \n\u00e0 l'action des services de l'\u00c9tat dans les r\u00e9gions et d\u00e9partements ;\nVu  le  d\u00e9cret  n\u00b0  2012-1246  du  7  novembre  2012  relatif  \u00e0  la  gestion  budg\u00e9taire  et  comptable \npublique ;\nVu le d\u00e9cret n\u00b0 2015-510 du 7 mai 2015 portant charte de la d\u00e9concentration ;\nVu le d\u00e9cret du 10 janvier 2022 portant nomination de la sous-pr\u00e9f\u00e8te charg\u00e9e de mission aupr\u00e8s du \nVu le d\u00e9cret du 11 janvier 2023 en conseil des ministres portant nomination de Mme Fabienne  \nBUCCIO en qualit\u00e9 de pr\u00e9f\u00e8te de la r\u00e9gion Auvergne-Rh\u00f4ne-Alpes, pr\u00e9f\u00e8te de la zone de d\u00e9fense et  \nde s\u00e9curit\u00e9 Sud-Est, pr\u00e9f\u00e8te du Rh\u00f4ne (hors classe) ;\nVu le proc\u00e8s-verbal d'installation de Mme Fabienne BUCCIO en qualit\u00e9 de pr\u00e9f\u00e8te de la r\u00e9gion  \nAuvergne-Rh\u00f4ne-Alpes, pr\u00e9f\u00e8te de la zone de d\u00e9fense et de s\u00e9curit\u00e9 Sud-Est, pr\u00e9f\u00e8te du Rh\u00f4ne, \u00e0  \ncompter du 30 janvier 2023 ;\n1/3\n69_Pr\u00e9f_Pr\u00e9fecture du Rh\u00f4ne - 69-2025-09-26-00006 - Arr\u00eat\u00e9 pr\u00e9fectoral portant d\u00e9l\u00e9gation de signature \u00e0 M. Antoine GUERIN, pr\u00e9fet\nd\u00e9l\u00e9gu\u00e9 pour la d\u00e9fense et la s\u00e9curit\u00e9, en mati\u00e8re d'ordonnancement secondaire 34\nVu le d\u00e9cret du 31 mai 2023 portant nomination de la sous-pr\u00e9f\u00e8te charg\u00e9e de mission aupr\u00e8s de la  \npr\u00e9f\u00e8te de la r\u00e9gion Auvergne-Rh\u00f4ne-Alpes, pr\u00e9f\u00e8te de la zone de d\u00e9fense et de s\u00e9curit\u00e9 Sud-Est,  \npr\u00e9f\u00e8te du Rh\u00f4ne - Mme Charlotte CREPON ; \nVu le d\u00e9cret du 3 juillet 2024 portant nomination de la secr\u00e9taire g\u00e9n\u00e9rale adjointe de la pr\u00e9fecture \ndu Rh\u00f4ne (groupe IV), sous-pr\u00e9f\u00e8te charg\u00e9e de mission aupr\u00e8s de la pr\u00e9f\u00e8te de la r\u00e9gion Auvergne-\nRh\u00f4ne-Alpes, pr\u00e9f\u00e8te de la zone de d\u00e9fense et de s\u00e9curit\u00e9 Sud-Est, pr\u00e9f\u00e8te du Rh\u00f4ne - Mme Judith  \nHUSSON ;\nVu le d\u00e9cret du 6 novembre 2024 en conseil des ministres portant nomination du pr\u00e9fet d\u00e9l\u00e9gu\u00e9  \npour la d\u00e9fense et la s\u00e9curit\u00e9 aupr\u00e8s de la pr\u00e9f\u00e8te de la r\u00e9gion Auvergne-Rh\u00f4ne-Alpes, pr\u00e9f\u00e8te de la  \nzone de d\u00e9fense et de s\u00e9curit\u00e9 Sud-Est, pr\u00e9f\u00e8te du Rh\u00f4ne \u2013  M. Antoine GUERIN ;\nVu le d\u00e9cret du 15 mai 2025 portant nomination du pr\u00e9fet, secr\u00e9taire g\u00e9n\u00e9ral de la pr\u00e9fecture du  \nRh\u00f4ne, pr\u00e9fet d\u00e9l\u00e9gu\u00e9 pour l'\u00e9galit\u00e9 des chances aupr\u00e8s de la pr\u00e9f\u00e8te de la r\u00e9gion Auvergne-Rh\u00f4ne-\nAlpes, pr\u00e9f\u00e8te de la zone de d\u00e9fense et de s\u00e9curit\u00e9 Sud-Est, pr\u00e9f\u00e8te du Rh\u00f4ne - M. Fabrice ROSAY ;\nVu le d\u00e9cret du 23 mai 2025 portant nomination de la sous-pr\u00e9f\u00e8te charg\u00e9e de mission aupr\u00e8s du  \npr\u00e9fet de la r\u00e9gion Auvergne-Rh\u00f4ne-Alpes, pr\u00e9fet de la zone de d\u00e9fense et de s\u00e9curit\u00e9 Sud-Est,  \npr\u00e9fet du Rh\u00f4ne - Mme Anne LAYBOURNE ;\nVu le d\u00e9cret du 5 septembre 2025 portant nomination du directeur de cabinet de la pr\u00e9f\u00e8te de la  \nr\u00e9gion Auvergne-Rh\u00f4ne-Alpes, pr\u00e9f\u00e8te de la zone de d\u00e9fense et de s\u00e9curit\u00e9 Sud-Est, pr\u00e9f\u00e8te du  \nRh\u00f4ne - M. Lucas TURGIS ;\nSur proposition du pr\u00e9fet d\u00e9l\u00e9gu\u00e9 pour la d\u00e9fense et la s\u00e9curit\u00e9 ;\nARR\u00caTE\nArticle 1 : D\u00e9l\u00e9gation de signature est donn\u00e9e \u00e0 M. Antoine GUERIN, pr\u00e9fet d\u00e9l\u00e9gu\u00e9 pour la d\u00e9fense \net la s\u00e9curit\u00e9, \u00e0 l'effet de proc\u00e9der \u00e0 toutes les op\u00e9rations et de signer tous les actes relatifs \u00e0  \nl'ordonnancement secondaire des recettes et d\u00e9penses de l'\u00c9tat pour les cr\u00e9dits ex\u00e9cut\u00e9s sur les  \nprogrammes suivants :\n\u2022 Programme 129 \u00ab Coordination du travail gouvernemental \u00bb des services du Premier ministre\n\u25e6 Action relevant du BOP r\u00e9gional :\n\u25aa 129-15 : mission interminist\u00e9rielle de lutte contre la drogue et la toxicomanie\n\u2022 Programme 161 \u00ab S\u00e9curit\u00e9 civile \u00bb du minist\u00e8re de l'int\u00e9rieur\n\u2022 Programme 176 \u00ab Police nationale \u00bb du minist\u00e8re de l'int\u00e9rieur\n\u2022 Programme 207 \u00ab S\u00e9curit\u00e9 et \u00e9ducation routi\u00e8res \u00bb du minist\u00e8re de l'int\u00e9rieur\n\u2022 Programme  216 \u00ab  Conduite  et  pilotage  des  politiques  de  l'int\u00e9rieur  \u00bb  du  minist\u00e8re  de  \nl'int\u00e9rieur.\nSont exclus de cette d\u00e9l\u00e9gation les ordres de r\u00e9quisition du comptable public assignataire et les  \nd\u00e9cisions de passer outre aux refus de visa du contr\u00f4leur budg\u00e9taire local.\nArticle 2 : D\u00e9l\u00e9gation de signature est donn\u00e9e \u00e0 M. Antoine GUERIN, pr\u00e9fet d\u00e9l\u00e9gu\u00e9 pour la d\u00e9fense \net la s\u00e9curit\u00e9, \u00e0 l'effet de signer les commandes, contrats et march\u00e9s, la constatation du service fait  \net l'\u00e9tablissement de tous certificats n\u00e9cessaires \u00e0 certaines demandes de paiement dans le strict  \ncadre  des  op\u00e9rations  immobili\u00e8res  relevant  du  PNE  -  Programme  354  \u00ab  Administration \nterritoriale de  l'\u00c9tat  \u00bb  -  dont  la  conduite  d'op\u00e9ration  est  confi\u00e9e  au  secr\u00e9tariat  g\u00e9n\u00e9ral  pour \nl'administration du minist\u00e8re de l'int\u00e9rieur (SGAMI).\n2/3\n69_Pr\u00e9f_Pr\u00e9fecture du Rh\u00f4ne - 69-2025-09-26-00006 - Arr\u00eat\u00e9 pr\u00e9fectoral portant d\u00e9l\u00e9gation de signature \u00e0 M. Antoine GUERIN, pr\u00e9fet\nd\u00e9l\u00e9gu\u00e9 pour la d\u00e9fense et la s\u00e9curit\u00e9, en mati\u00e8re d'ordonnancement secondaire 35\nArticle 3 :  En cas d'absence ou d'emp\u00eachement de M. Antoine GUERIN, la d\u00e9l\u00e9gation  de signature \nvis\u00e9e \u00e0 l'article 1 est donn\u00e9e \u00e0  M. Fabrice ROSAY, pr\u00e9fet, secr\u00e9taire g\u00e9n\u00e9ral de la pr\u00e9fecture du  \nRh\u00f4ne, pr\u00e9fet d\u00e9l\u00e9gu\u00e9 pour l'\u00e9galit\u00e9 des chances, ou en son absence ou emp\u00eachement \u00e0 M. Lucas  \nTURGIS, directeur de cabinet de la pr\u00e9f\u00e8te de la r\u00e9gion Auvergne-Rh\u00f4ne-Alpes, pr\u00e9f\u00e8te de la zone  \nde d\u00e9fense et de s\u00e9curit\u00e9 Sud-Est, pr\u00e9f\u00e8te du Rh\u00f4ne, ou en son absence ou emp\u00eachement \u00e0 Mme  \nJudith HUSSON, sous-pr\u00e9f\u00e8te charg\u00e9e de mission aupr\u00e8s de la pr\u00e9f\u00e8te de la r\u00e9gion Auvergne-Rh\u00f4ne-\nAlpes, pr\u00e9f\u00e8te de la zone de d\u00e9fense et de s\u00e9curit\u00e9 Sud-Est, pr\u00e9f\u00e8te du Rh\u00f4ne, ou en son absence  \nou emp\u00eachement, \u00e0 Mme Charlotte CREPON, sous-pr\u00e9f\u00e8te charg\u00e9e de mission aupr\u00e8s de la pr\u00e9f\u00e8te  \nde la r\u00e9gion Auvergne-Rh\u00f4ne-Alpes, pr\u00e9f\u00e8te de la zone de d\u00e9fense et de s\u00e9curit\u00e9 Sud-Est, pr\u00e9f\u00e8te du \nRh\u00f4ne, ou en son absence ou emp\u00eachement \u00e0 Mme Anne LAYBOURNE, sous-pr\u00e9f\u00e8te charg\u00e9e de  \nmission aupr\u00e8s de la pr\u00e9f\u00e8te de la r\u00e9gion Auvergne-Rh\u00f4ne-Alpes, pr\u00e9f\u00e8te de la zone de d\u00e9fense et  \nde s\u00e9curit\u00e9 Sud-Est, pr\u00e9f\u00e8te du Rh\u00f4ne.\nArticle 4 :  En cas d'absence ou d'emp\u00eachement de M. Fabrice ROSAY, pr\u00e9fet, secr\u00e9taire g\u00e9n\u00e9ral de  \nla pr\u00e9fecture du Rh\u00f4ne, pr\u00e9fet d\u00e9l\u00e9gu\u00e9 pour l'\u00e9galit\u00e9 des chances, de M. Lucas TURGIS, de Mme  \nJudith  HUSSON,  de  Mme  Charlotte  CREPON  et  de  Mme  Anne  LAYBOURNE,  la  d\u00e9l\u00e9gation de  \nsignature  vis\u00e9e  \u00e0  l'article  1  est  donn\u00e9e  \u00e0  Mme  Patricia  GONACHON,  commissaire  g\u00e9n\u00e9rale,  \ndirectrice de cabinet du pr\u00e9fet d\u00e9l\u00e9gu\u00e9 pour la d\u00e9fense et la s\u00e9curit\u00e9.\nArticle 5 : En cas d'absence ou d'emp\u00eachement de M. Antoine GUERIN, la d\u00e9l\u00e9gation  de signature \nvis\u00e9e \u00e0 l'article 2 est donn\u00e9e  au colonel Alain PLAINDOUX, secr\u00e9taire g\u00e9n\u00e9ral adjoint du SGAMI, ou  \nen son absence ou emp\u00eachement \u00e0 M. Eric BORRONI, directeur de l'immobilier au SGAMI.\nArticle 6 : Les d\u00e9penses et les recettes relevant des programmes cit\u00e9s \u00e0 l'article 1 et 2 du pr\u00e9sent  \narr\u00eat\u00e9 sont ex\u00e9cut\u00e9es par le centre de services partag\u00e9s r\u00e9gional CHORUS \u00e0 la pr\u00e9fecture du Rh\u00f4ne, \nen application de la d\u00e9l\u00e9gation de signature, accord\u00e9e \u00e0 ses agents par l'arr\u00eat\u00e9 pr\u00e9fectoral en  \nvigueur.\nArticle  7  : Le  pr\u00e9sent  arr\u00eat\u00e9  peut  faire  l'objet  d'un  recours  contentieux  devant  le  tribunal  \nadministratif  de  Lyon  dans  un  d\u00e9lai  de  deux  mois  \u00e0  compter  de  sa  publication.  Le  tribunal  \nadministratif peut \u00eatre saisi d'une requ\u00eate d\u00e9pos\u00e9e sur le site www.telerecours.fr.\nArticle 8 :  Le  pr\u00e9fet d\u00e9l\u00e9gu\u00e9 pour la d\u00e9fense et la s\u00e9curit\u00e9, et le pr\u00e9fet, secr\u00e9taire g\u00e9n\u00e9ral de la  \npr\u00e9fecture, pr\u00e9fet d\u00e9l\u00e9gu\u00e9 pour l'\u00e9galit\u00e9 des chances, sont charg\u00e9s, chacun pour ce qui le concerne, \nde l'ex\u00e9cution du pr\u00e9sent arr\u00eat\u00e9 qui sera publi\u00e9 au recueil des actes administratifs de la pr\u00e9fecture  \ndu Rh\u00f4ne.\n3/3\nLa pr\u00e9f\u00e8te,\nSign\u00e9\nFabienne BUCCIO\n69_Pr\u00e9f_Pr\u00e9fecture du Rh\u00f4ne - 69-2025-09-26-00006 - Arr\u00eat\u00e9 pr\u00e9fectoral portant d\u00e9l\u00e9gation de signature \u00e0 M. Antoine GUERIN, pr\u00e9fet\nd\u00e9l\u00e9gu\u00e9 pour la d\u00e9fense et la s\u00e9curit\u00e9, en mati\u00e8re d'ordonnancement secondaire 36\n69_Pr\u00e9f_Pr\u00e9fecture du Rh\u00f4ne\n69-2025-09-26-00004\nArr\u00eat\u00e9 pr\u00e9fectoral portant d\u00e9l\u00e9gation de\nsignature \u00e0 M. Fabrice ROSAY, pr\u00e9fet, secr\u00e9taire\ng\u00e9n\u00e9ral de la pr\u00e9fecture du Rh\u00f4ne, en mati\u00e8re\nd'ordonnancement secondaire\n69_Pr\u00e9f_Pr\u00e9fecture du Rh\u00f4ne - 69-2025-09-26-00004 - Arr\u00eat\u00e9 pr\u00e9fectoral portant d\u00e9l\u00e9gation de signature \u00e0 M. Fabrice ROSAY, pr\u00e9fet,\nsecr\u00e9taire g\u00e9n\u00e9ral de la pr\u00e9fecture du Rh\u00f4ne, en mati\u00e8re d'ordonnancement secondaire 37\nesPREFETEDU RHONELibert\u00e9Egalit\u00e9Fraternit\u00e9\nDirection de la coordination\ndes politiques interminist\u00e9rielles\nLyon, le 26 septembre 2025\nARR\u00caT\u00c9 PR\u00c9FECTORAL N\u00b0                                        \nportant d\u00e9l\u00e9gation de signature \u00e0 M. Fabrice ROSAY,\npr\u00e9fet, secr\u00e9taire g\u00e9n\u00e9ral de la pr\u00e9fecture du Rh\u00f4ne,\nen mati\u00e8re d'ordonnancement secondaire\nLA PR\u00c9F\u00c8TE DE LA R\u00c9GION AUVERGNE-RH\u00d4NE-ALPES,\nPR\u00c9F\u00c8TE DE LA ZONE DE D\u00c9FENSE ET DE S\u00c9CURIT\u00c9 SUD-EST,\nPR\u00c9F\u00c8TE DU RH\u00d4NE\nCommandeur de la L\u00e9gion d'honneur\nCommandeur de l'ordre national du M\u00e9rite\nVu la loi n\u00b0 82-213 du 2 mars 1982 modifi\u00e9e relative aux droits et libert\u00e9s des communes, des  \nd\u00e9partements et des r\u00e9gions ;\nVu la loi d'orientation n\u00b0 92-125 du 6 f\u00e9vrier 1992 modifi\u00e9e relative \u00e0 l'ad ministration territoriale de \nla R\u00e9publique ;\nVu la loi n\u00b0 2015-29 du 16 janvier 2015 relative \u00e0 la d\u00e9limitation des r\u00e9gions, aux \u00e9lections r\u00e9gionales  \net d\u00e9partementales et modifiant le calendrier \u00e9lectoral ;\nVu le d\u00e9cret n\u00b0 2004-374 du 29 avril 2004 modifi\u00e9 relatif aux pouvoirs des pr\u00e9fets, \u00e0 l'organisation et \n\u00e0 l'action des services de l'\u00c9tat dans les r\u00e9gions et les d\u00e9partements ;\nVu le d\u00e9cret n\u00b0 2012-1246 du 7 novembre 2012 relatif \u00e0 la gestion budg\u00e9taire et comptable \npublique ;\nVu le d\u00e9cret du 11 janvier 2023 en conseil des ministres portant nomination de Mme Fabienne  \nBUCCIO en qualit\u00e9 de pr\u00e9f\u00e8te de la r\u00e9gion Auvergne-Rh\u00f4ne-Alpes, pr\u00e9f\u00e8te de la zone de d\u00e9fense et  \nde s\u00e9curit\u00e9 Sud-Est, pr\u00e9f\u00e8te du Rh\u00f4ne (hors classe) ;\nVu le proc\u00e8s-verbal d'installation de Mme Fabienne BUCCIO en qualit\u00e9 de pr\u00e9f\u00e8te de la r\u00e9gion  \nAuvergne-Rh\u00f4ne-Alpes, pr\u00e9f\u00e8te de la zone de d\u00e9fense et de s\u00e9curit\u00e9 Sud-Est, pr\u00e9f\u00e8te du Rh\u00f4ne , \u00e0 \ncompter du 30 janvier 2023 ;\nVu le d\u00e9cret du 31 mai 2023 portant nomination de la sous-pr\u00e9f\u00e8te charg\u00e9e de mission aupr\u00e8s de la  \npr\u00e9f\u00e8te de la r\u00e9gion Auvergne-Rh\u00f4ne-Alpes, pr\u00e9f\u00e8te de la zone de d\u00e9fense et de s\u00e9curit\u00e9 Sud-Est,  \npr\u00e9f\u00e8te du Rh\u00f4ne - Mme Charlotte CREPON ; \nVu le d\u00e9cret du 24 avril 2024 portant nomination du sous-pr\u00e9fet de Villefranche-sur-Sa\u00f4ne - M. Jean-\nMarc GALLAND ;\n1/3\n69_Pr\u00e9f_Pr\u00e9fecture du Rh\u00f4ne - 69-2025-09-26-00004 - Arr\u00eat\u00e9 pr\u00e9fectoral portant d\u00e9l\u00e9gation de signature \u00e0 M. Fabrice ROSAY, pr\u00e9fet,\nsecr\u00e9taire g\u00e9n\u00e9ral de la pr\u00e9fecture du Rh\u00f4ne, en mati\u00e8re d'ordonnancement secondaire 38\nVu le d\u00e9cret du 3 juillet 2024 portant nomination de la secr\u00e9taire g\u00e9n\u00e9rale adjointe de la pr\u00e9fecture \ndu Rh\u00f4ne (groupe IV), sous-pr\u00e9f\u00e8te charg\u00e9e de mission aupr\u00e8s de la pr\u00e9f\u00e8te de la r\u00e9gion Auvergne-\nRh\u00f4ne-Alpes, pr\u00e9f\u00e8te de la zone de d\u00e9fense et de s\u00e9curit\u00e9 Sud-Est, pr\u00e9f\u00e8te du Rh\u00f4ne - Mme Judith  \nHUSSON ;\nVu le d\u00e9cret du 15 mai 2025 portant nomination du pr\u00e9fet, secr\u00e9taire g\u00e9n\u00e9ral de la pr\u00e9fecture du  \nRh\u00f4ne, pr\u00e9fet d\u00e9l\u00e9gu\u00e9 pour l'\u00e9galit\u00e9 des chances aupr\u00e8s de la pr\u00e9f\u00e8te de la r\u00e9gion Auvergne-Rh\u00f4ne-\nAlpes, pr\u00e9f\u00e8te de la zone de d\u00e9fense et de s\u00e9curit\u00e9 Sud-Est, pr\u00e9f\u00e8te du Rh\u00f4ne - M. Fabrice ROSAY ;\nVu le d\u00e9cret du 23 mai 2025 portant nomination de la sous-pr\u00e9f\u00e8te charg\u00e9e de mission aupr\u00e8s du  \npr\u00e9fet de la r\u00e9gion Auvergne-Rh\u00f4ne-Alpes, pr\u00e9fet de la zone de d\u00e9fense et de s\u00e9curit\u00e9 Sud-Est,  \npr\u00e9fet du Rh\u00f4ne - Mme Anne LAYBOURNE ;\nVu le d\u00e9cret du 5 septembre 2025 portant nomination du directeur de cabinet de la pr\u00e9f\u00e8te de la  \nr\u00e9gion Auvergne-Rh\u00f4ne-Alpes, pr\u00e9f\u00e8te de la zone de d\u00e9fense et de s\u00e9curit\u00e9 Sud-Est, pr\u00e9f\u00e8te du  \nRh\u00f4ne - M. Lucas TURGIS ;\nSur proposition du pr\u00e9fet, secr\u00e9taire g\u00e9n\u00e9ral de la pr\u00e9fecture du Rh\u00f4ne ;\nARR\u00caTE\nArticle 1 : D\u00e9l\u00e9gation de signature est donn\u00e9e \u00e0 M. Fabrice ROSAY, pr\u00e9fet, secr\u00e9taire g\u00e9n\u00e9ral de la  \npr\u00e9fecture du Rh\u00f4ne, pr\u00e9fet d\u00e9l\u00e9gu\u00e9 pour l'\u00e9galit\u00e9 des chances, \u00e0 l'effet de proc\u00e9der \u00e0 toutes les  \nop\u00e9rations et de signer tous les actes relatifs \u00e0 l'ordonnancement secondaire des recettes et des  \nd\u00e9penses  de  l'\u00c9tat  pour  les  cr\u00e9dits  ex\u00e9cut\u00e9s  \u00e0  l'\u00e9chelon  r\u00e9gional,  d\u00e9partemental  ou  \ninterd\u00e9partemental.\nSont exclus de cette d\u00e9l\u00e9gation les ordres de r\u00e9quisition du comptable public assignataire et les  \nd\u00e9cisions de passer outre aux refus de visa du contr\u00f4leur budg\u00e9taire local.\nArticle 2 :  En cas d'absence ou d'emp\u00eachement de  M. Fabrice ROSAY,  la d\u00e9l\u00e9gation de signature  \nvis\u00e9e \u00e0 l'article 1 est donn\u00e9e \u00e0 Mme Judith HUSSON, sous-pr\u00e9f\u00e8te charg\u00e9e de mission aupr\u00e8s de la  \npr\u00e9f\u00e8te de la r\u00e9gion Auvergne-Rh\u00f4ne-Alpes, pr\u00e9f\u00e8te de la zone de d\u00e9fense et de s\u00e9curit\u00e9 Sud-Est,  \npr\u00e9f\u00e8te du Rh\u00f4ne, ou en son absence ou emp\u00eachement \u00e0 Mme Charlotte CREPON , sous-pr\u00e9f\u00e8te \ncharg\u00e9e de mission aupr\u00e8s de la pr\u00e9f\u00e8te de la r\u00e9gion Auvergne-Rh\u00f4ne-Alpes, pr\u00e9f\u00e8te de la zone de  \nd\u00e9fense et de s\u00e9curit\u00e9 Sud-Est, pr\u00e9f\u00e8te du Rh\u00f4ne, ou en son absence ou emp\u00eachement \u00e0 Mme  \nAnne LAYBOURNE, sous-pr\u00e9f\u00e8te charg\u00e9e de mission aupr\u00e8s de la pr\u00e9f\u00e8te de la r\u00e9gion Auvergne-\nRh\u00f4ne-Alpes, pr\u00e9f\u00e8te de la zone de d\u00e9fense et de s\u00e9curit\u00e9 Sud-Est, pr\u00e9f\u00e8te du Rh\u00f4ne, ou en son  \nabsence  ou  emp\u00eachement  \u00e0  M.  Jean-Marc  GALLAND,  sous-pr\u00e9fet  de  l'arrondissement  de \nVillefranche-sur-Sa\u00f4ne,  ou  en  son  absence  ou  emp\u00eachement  \u00e0  M.  Lucas  TURGIS,  directeur  de \ncabinet de la pr\u00e9f\u00e8te de la r\u00e9gion Auvergne-Rh\u00f4ne-Alpes, pr\u00e9f\u00e8te de la zone de d\u00e9fense et de  \ns\u00e9curit\u00e9 Sud-Est, pr\u00e9f\u00e8te du Rh\u00f4ne.\nArticle 3 :  Les d\u00e9penses et les recettes relevant des programmes \u00e9voqu\u00e9s \u00e0 l'article 1 du pr\u00e9sent  \narr\u00eat\u00e9 sont ex\u00e9cut\u00e9es par le centre de services partag\u00e9s r\u00e9gional CHORUS, en application de la  \nd\u00e9l\u00e9gation de signature accord\u00e9e \u00e0 ses agents par l'arr\u00eat\u00e9 pr\u00e9fectoral en vigueur et du tableau de  \nprogrammes qui lui est annex\u00e9.\nArticle 4 :  Les d\u00e9penses et les recettes relevant du programme 176 sont ex\u00e9cut\u00e9es par la plate-\nforme CHORUS du secr\u00e9tariat g\u00e9n\u00e9ral pour l'administration du minist\u00e8re de l'int\u00e9rieur (SGAMI) de  \nla zone de d\u00e9fense et de s\u00e9curit\u00e9 Sud-Est.\n2/3\n69_Pr\u00e9f_Pr\u00e9fecture du Rh\u00f4ne - 69-2025-09-26-00004 - Arr\u00eat\u00e9 pr\u00e9fectoral portant d\u00e9l\u00e9gation de signature \u00e0 M. Fabrice ROSAY, pr\u00e9fet,\nsecr\u00e9taire g\u00e9n\u00e9ral de la pr\u00e9fecture du Rh\u00f4ne, en mati\u00e8re d'ordonnancement secondaire 39\nArticle  5  : Le  pr\u00e9sent  arr\u00eat\u00e9  peut  faire  l'objet  d'un  recours  contentieux  devant  le  tribunal \nadministratif  de  Lyon  dans  un  d\u00e9lai  de  deux  mois  \u00e0  compter  de  sa  publication.  Le  tribunal \nadministratif peut \u00eatre saisi d'une requ\u00eate d\u00e9pos\u00e9e sur le site www.telerecours.fr.\nArticle 6 :  Le pr\u00e9fet, secr\u00e9taire g\u00e9n\u00e9ral de la pr\u00e9fecture du Rh\u00f4ne, pr\u00e9fet d\u00e9l\u00e9gu\u00e9 pour l'\u00e9galit\u00e9 des  \nchances,  est  charg\u00e9  de  l'ex\u00e9cution  du  pr\u00e9sent  arr\u00eat\u00e9  qui  sera  publi\u00e9  au  recueil  des  actes \nadministratifs de la pr\u00e9fecture du Rh\u00f4ne.\n3/3\nLa pr\u00e9f\u00e8te,\nSign\u00e9\nFabienne BUCCIO\n69_Pr\u00e9f_Pr\u00e9fecture du Rh\u00f4ne - 69-2025-09-26-00004 - Arr\u00eat\u00e9 pr\u00e9fectoral portant d\u00e9l\u00e9gation de signature \u00e0 M. Fabrice ROSAY, pr\u00e9fet,\nsecr\u00e9taire g\u00e9n\u00e9ral de la pr\u00e9fecture du Rh\u00f4ne, en mati\u00e8re d'ordonnancement secondaire 40\n69_Pr\u00e9f_Pr\u00e9fecture du Rh\u00f4ne\n69-2025-09-26-00003\nArr\u00eat\u00e9 pr\u00e9fectoral portant d\u00e9l\u00e9gation de\nsignature \u00e0 M. Fabrice ROSAY, pr\u00e9fet, secr\u00e9taire\ng\u00e9n\u00e9ral de la pr\u00e9fecture du Rh\u00f4ne, pr\u00e9fet\nd\u00e9l\u00e9gu\u00e9 pour l'\u00e9galit\u00e9 des chances aupr\u00e8s de la\npr\u00e9f\u00e8te de la r\u00e9gion Auvergne-Rh\u00f4ne-Alpes,\npr\u00e9f\u00e8te de la zone de d\u00e9fense et de s\u00e9curit\u00e9\nSud-Est, pr\u00e9f\u00e8te du Rh\u00f4ne\n69_Pr\u00e9f_Pr\u00e9fecture du Rh\u00f4ne - 69-2025-09-26-00003 - Arr\u00eat\u00e9 pr\u00e9fectoral portant d\u00e9l\u00e9gation de signature \u00e0 M. Fabrice ROSAY, pr\u00e9fet,\nsecr\u00e9taire g\u00e9n\u00e9ral de la pr\u00e9fecture du Rh\u00f4ne, pr\u00e9fet d\u00e9l\u00e9gu\u00e9 pour l'\u00e9galit\u00e9 des chances aupr\u00e8s de la pr\u00e9f\u00e8te de la r\u00e9gion\nAuvergne-Rh\u00f4ne-Alpes, pr\u00e9f\u00e8te de la zone de d\u00e9fense et de s\u00e9curit\u00e9 Sud-Est, pr\u00e9f\u00e8te du Rh\u00f4ne\n41\nesPREFETEDU RHONELibert\u00e9Egalit\u00e9Fraternit\u00e9\nDirection de la coordination\ndes politiques interminist\u00e9rielles\nLyon, le 26 septembre 2025\nARR\u00caT\u00c9 PR\u00c9FECTORAL N\u00b0                                        \nportant d\u00e9l\u00e9gation de signature \u00e0 M. Fabrice ROSAY,\npr\u00e9fet, secr\u00e9taire g\u00e9n\u00e9ral de la pr\u00e9fecture du Rh\u00f4ne, pr\u00e9fet d\u00e9l\u00e9gu\u00e9 pour l'\u00e9galit\u00e9 des chances \naupr\u00e8s de la pr\u00e9f\u00e8te de la r\u00e9gion Auvergne-Rh\u00f4ne-Alpes, pr\u00e9f\u00e8te de la zone de d\u00e9fense\net de s\u00e9curit\u00e9 Sud-Est, pr\u00e9f\u00e8te du Rh\u00f4ne\nLA PR\u00c9F\u00c8TE DE LA R\u00c9GION AUVERGNE-RH\u00d4NE-ALPES,\nPR\u00c9F\u00c8TE DE LA ZONE DE D\u00c9FENSE ET DE S\u00c9CURIT\u00c9 SUD-EST,\nPR\u00c9F\u00c8TE DU RH\u00d4NE\nCommandeur de la L\u00e9gion d'honneur\nCommandeur de l'ordre national du M\u00e9rite\nVu la loi n\u00b0 82-213 du 2 mars 1982 modifi\u00e9e relative aux droits et libert\u00e9s des communes, des  \nd\u00e9partements et des r\u00e9gions ;\nVu la loi n\u00b0 83-634 du 13 juillet 1983 modifi\u00e9e portant droits et obligations des fonctionnaires ;\nVu la loi n\u00b0 84-16 du 11 janvier 1984 modifi\u00e9e portant dispositions statutaires relatives \u00e0 la fonction  \npublique de l'\u00c9tat ;\nVu la loi d'orientation n\u00b0 92-125 du 6 f\u00e9vrier 1992 modifi\u00e9e relative \u00e0 l'administration territoriale de  \nla R\u00e9publique ;\nVu la loi n\u00b0 2008-174 du 25 f\u00e9vrier 2008 modifi\u00e9e relative \u00e0 la r\u00e9tention de s\u00fbret\u00e9 et \u00e0 la d\u00e9claration  \nd'irresponsabilit\u00e9 p\u00e9nale pour cause de trouble mental ;\nVu la loi n\u00b0 2015-29 du 16 janvier 2015 relative \u00e0 la d\u00e9limitation des r\u00e9gions, aux \u00e9lections r\u00e9gionales  \net d\u00e9partementales et modifiant le calendrier \u00e9lectoral ;\nVu le d\u00e9cret n\u00b0 64-805 du 29 juillet 1964 modifi\u00e9 fixant les dispositions r\u00e9glementaires applicables  \naux pr\u00e9fets ;\nVu le d\u00e9cret n\u00b0 2004-374 du 29 avril 2004 modifi\u00e9 relatif aux pouvoirs des pr\u00e9fets, \u00e0 l'organisation et \n\u00e0 l'action des services de l'\u00c9tat dans les r\u00e9gions et les d\u00e9partements ;\nVu le d\u00e9cret n\u00b0 2005-1621 du 22 d\u00e9cembre 2005 relatif aux pr\u00e9fets d\u00e9l\u00e9gu\u00e9s pour l'\u00e9galit\u00e9 des  \nchances ;\nVu le d\u00e9cret n\u00b0 2005-1646 du 27 d\u00e9cembre 2005 d\u00e9signant les d\u00e9partements dans lesquels est  \nnomm\u00e9 un pr\u00e9fet d\u00e9l\u00e9gu\u00e9 pour l'\u00e9galit\u00e9 des chances ;\n1/3\n69_Pr\u00e9f_Pr\u00e9fecture du Rh\u00f4ne - 69-2025-09-26-00003 - Arr\u00eat\u00e9 pr\u00e9fectoral portant d\u00e9l\u00e9gation de signature \u00e0 M. Fabrice ROSAY, pr\u00e9fet,\nsecr\u00e9taire g\u00e9n\u00e9ral de la pr\u00e9fecture du Rh\u00f4ne, pr\u00e9fet d\u00e9l\u00e9gu\u00e9 pour l'\u00e9galit\u00e9 des chances aupr\u00e8s de la pr\u00e9f\u00e8te de la r\u00e9gion\nAuvergne-Rh\u00f4ne-Alpes, pr\u00e9f\u00e8te de la zone de d\u00e9fense et de s\u00e9curit\u00e9 Sud-Est, pr\u00e9f\u00e8te du Rh\u00f4ne\n42\nVu  le  d\u00e9cret  n\u00b0  2008-1023  du  6  octobre  2008  relatif  au  fichier  judiciaire  national  des  auteurs \nd'infractions sexuelles ou violentes et au casier judiciaire national automatis\u00e9 ;\nVu le d\u00e9cret du 11 janvier 2023 en conseil des ministres portant nomination de Mme Fabienne  \nBUCCIO en qualit\u00e9 de pr\u00e9f\u00e8te de la r\u00e9gion Auvergne-Rh\u00f4ne-Alpes, pr\u00e9f\u00e8te de la zone de d\u00e9fense et  \nde s\u00e9curit\u00e9 Sud-Est, pr\u00e9f\u00e8te du Rh\u00f4ne (hors classe) ;\nVu le proc\u00e8s-verbal d'installation de Mme Fabienne BUCCIO en qualit\u00e9 de pr\u00e9f\u00e8te de la r\u00e9gion  \nAuvergne-Rh\u00f4ne-Alpes, pr\u00e9f\u00e8te de la zone de d\u00e9fense et de s\u00e9curit\u00e9 Sud-Est, pr\u00e9f\u00e8te du Rh\u00f4ne , \u00e0 \ncompter du 30 janvier 2023 ;\nVu le d\u00e9cret du 31 mai 2023 portant nomination de la sous-pr\u00e9f\u00e8te charg\u00e9e de mission aupr\u00e8s de la \npr\u00e9f\u00e8te de la r\u00e9gion Auvergne-Rh\u00f4ne-Alpes, pr\u00e9f\u00e8te de la zone de d\u00e9fense et de s\u00e9curit\u00e9 Sud-Est,  \npr\u00e9f\u00e8te du Rh\u00f4ne - Mme Charlotte CREPON ; \nVu le d\u00e9cret du 24 avril 2024 portant nomination du sous-pr\u00e9fet de Villefranche-sur-Sa\u00f4ne - M. Jean-\nMarc GALLAND ;\nVu le d\u00e9cret du 3 juillet 2024 portant nomination de la secr\u00e9taire g\u00e9n\u00e9rale adjointe de la pr\u00e9fecture \ndu Rh\u00f4ne (groupe IV),  sous-pr\u00e9f\u00e8te charg\u00e9e de mission aupr\u00e8s de la pr\u00e9f\u00e8te de la r\u00e9gion Auvergne-\nRh\u00f4ne-Alpes, pr\u00e9f\u00e8te de la zone de d\u00e9fense et de s\u00e9curit\u00e9 Sud-Est, pr\u00e9f\u00e8te du Rh\u00f4ne -  Mme Judith \nHUSSON ;\nVu le d\u00e9cret du 15 mai 2025 portant nomination du pr\u00e9fet, secr\u00e9taire g\u00e9n\u00e9ral de la pr\u00e9fecture du  \nRh\u00f4ne, pr\u00e9fet d\u00e9l\u00e9gu\u00e9 pour l'\u00e9galit\u00e9 des chances aupr\u00e8s de la pr\u00e9f\u00e8te de la r\u00e9gion Auvergne-Rh\u00f4ne-\nAlpes, pr\u00e9f\u00e8te de la zone de d\u00e9fense et de s\u00e9curit\u00e9 Sud-Est, pr\u00e9f\u00e8te du Rh\u00f4ne - M. Fabrice ROSAY ;\nVu le d\u00e9cret du 23 mai 2025 portant nomination de la sous-pr\u00e9f\u00e8te charg\u00e9e de mission aupr\u00e8s du  \npr\u00e9fet de la r\u00e9gion Auvergne-Rh\u00f4ne-Alpes, pr\u00e9fet de la zone de d\u00e9fense et de s\u00e9curit\u00e9 Sud-Est,  \npr\u00e9fet du Rh\u00f4ne - Mme Anne LAYBOURNE ;\nVu le d\u00e9cret du 5 septembre 2025 portant nomination du directeur de cabinet de la pr\u00e9f\u00e8te de la  \nr\u00e9gion Auvergne-Rh\u00f4ne-Alpes, pr\u00e9f\u00e8te de la zone de d\u00e9fense et de s\u00e9curit\u00e9 Sud-Est, pr\u00e9f\u00e8te du  \nRh\u00f4ne - M. Lucas TURGIS ;\nSur proposition du pr\u00e9fet, secr\u00e9taire g\u00e9n\u00e9ral de la pr\u00e9fecture du Rh\u00f4ne ;\nARR\u00caTE\nArticle 1 : D\u00e9l\u00e9gation de signature est donn\u00e9e \u00e0 M. Fabrice ROSAY, pr\u00e9fet, secr\u00e9taire g\u00e9n\u00e9ral de la  \npr\u00e9fecture du Rh\u00f4ne, pr\u00e9fet d\u00e9l\u00e9gu\u00e9 pour l'\u00e9galit\u00e9 des chances , \u00e0 l'effet de signer tous actes,  \narr\u00eat\u00e9s, d\u00e9cisions, documents, correspondances administratives diverses relevant des attributions  \nde l'\u00c9tat dans le d\u00e9partement du Rh\u00f4ne, ainsi que toutes requ\u00eates, d\u00e9f\u00e9r\u00e9s, m\u00e9moires, d\u00e9clinatoires \nde comp\u00e9tence aupr\u00e8s des diff\u00e9rentes juridictions, \u00e0 l'exception :\n\u2022 des mesures concernant la d\u00e9fense nationale et celles concernant le maintien de l'ordre,\n\u2022 des mesures de r\u00e9quisition de la force arm\u00e9e,\n\u2022 de l'exercice des pouvoirs de police r\u00e9sultant de l'article 5 de la loi n\u00b0 55-385 du 3 avril 1955  \ninstituant un \u00e9tat d'urgence,\n\u2022 des arr\u00eat\u00e9s de conflit,\n\u2022 des d\u00e9cisions entra\u00een\u00e9es par l'exercice du pouvoir de substitution d'action \u00e0 l'\u00e9gard des  \ncollectivit\u00e9s territoriales.\nArticle 2 :  En cas d'absence ou d'emp\u00eachement de  M. Fabrice ROSAY,  la  d\u00e9l\u00e9gation de signature  \nvis\u00e9e \u00e0 l'article 1 est donn\u00e9e \u00e0 Mme Judith HUSSON, sous-pr\u00e9f\u00e8te charg\u00e9e de mission aupr\u00e8s de la  \npr\u00e9f\u00e8te de la r\u00e9gion Auvergne-Rh\u00f4ne-Alpes, pr\u00e9f\u00e8te de la zone de d\u00e9fense et de s\u00e9curit\u00e9 Sud-Est,  \n2/3\n69_Pr\u00e9f_Pr\u00e9fecture du Rh\u00f4ne - 69-2025-09-26-00003 - Arr\u00eat\u00e9 pr\u00e9fectoral portant d\u00e9l\u00e9gation de signature \u00e0 M. Fabrice ROSAY, pr\u00e9fet,\nsecr\u00e9taire g\u00e9n\u00e9ral de la pr\u00e9fecture du Rh\u00f4ne, pr\u00e9fet d\u00e9l\u00e9gu\u00e9 pour l'\u00e9galit\u00e9 des chances aupr\u00e8s de la pr\u00e9f\u00e8te de la r\u00e9gion\nAuvergne-Rh\u00f4ne-Alpes, pr\u00e9f\u00e8te de la zone de d\u00e9fense et de s\u00e9curit\u00e9 Sud-Est, pr\u00e9f\u00e8te du Rh\u00f4ne\n43\npr\u00e9f\u00e8te du Rh\u00f4ne, ou en son absence ou emp\u00eachement \u00e0  Mme Charlotte CREPON, sous-pr\u00e9f\u00e8te  \ncharg\u00e9e de mission aupr\u00e8s de la pr\u00e9f\u00e8te de la r\u00e9gion Auvergne-Rh\u00f4ne-Alpes, pr\u00e9f\u00e8te de la zone de  \nd\u00e9fense et de s\u00e9curit\u00e9 Sud-Est, pr\u00e9f\u00e8te du Rh\u00f4ne, ou en son absence ou emp\u00eachement \u00e0 Mme  \nAnne LAYBOURNE, sous-pr\u00e9f\u00e8te charg\u00e9e de mission aupr\u00e8s de la pr\u00e9f\u00e8te de la r\u00e9gion Auvergne-\nRh\u00f4ne-Alpes, pr\u00e9f\u00e8te de la zone de d\u00e9fense et de s\u00e9curit\u00e9 Sud-Est, pr\u00e9f\u00e8te du Rh\u00f4ne, ou en son  \nabsence  ou  emp\u00eachement  \u00e0  M.  Jean-Marc  GALLAND,  sous-pr\u00e9fet  de  l'arrondissement  de \nVillefranche-sur-Sa\u00f4ne,  ou  en  son  absence  ou  emp\u00eachement  \u00e0  M.  Lucas  TURGIS,  directeur  de \ncabinet de la pr\u00e9f\u00e8te de la r\u00e9gion Auvergne-Rh\u00f4ne-Alpes, pr\u00e9f\u00e8te de la zone de d\u00e9fense et de  \ns\u00e9curit\u00e9 Sud-Est, pr\u00e9f\u00e8te du Rh\u00f4ne.\nArticle  3  : Le  pr\u00e9sent  arr\u00eat\u00e9  peut  faire  l'objet  d'un  recours  contentieux  devant  le  tribunal \nadministratif  de  Lyon  dans  un  d\u00e9lai  de  deux  mois  \u00e0  compter  de  sa  publication.  Le  tribunal \nadministratif peut \u00eatre saisi d'une requ\u00eate d\u00e9pos\u00e9e sur le site www.telerecours.fr.\nArticle 4 :  Le pr\u00e9fet, secr\u00e9taire g\u00e9n\u00e9ral de la pr\u00e9fecture, pr\u00e9fet d\u00e9l\u00e9gu\u00e9 pour l'\u00e9galit\u00e9 des chances,  \nest charg\u00e9 de l'ex\u00e9cution du pr\u00e9sent arr\u00eat\u00e9 qui sera publi\u00e9 au recueil des actes administratifs de la  \npr\u00e9fecture du Rh\u00f4ne.\n3/3\nLa pr\u00e9f\u00e8te,\nSign\u00e9\nFabienne BUCCIO\n69_Pr\u00e9f_Pr\u00e9fecture du Rh\u00f4ne - 69-2025-09-26-00003 - Arr\u00eat\u00e9 pr\u00e9fectoral portant d\u00e9l\u00e9gation de signature \u00e0 M. Fabrice ROSAY, pr\u00e9fet,\nsecr\u00e9taire g\u00e9n\u00e9ral de la pr\u00e9fecture du Rh\u00f4ne, pr\u00e9fet d\u00e9l\u00e9gu\u00e9 pour l'\u00e9galit\u00e9 des chances aupr\u00e8s de la pr\u00e9f\u00e8te de la r\u00e9gion\nAuvergne-Rh\u00f4ne-Alpes, pr\u00e9f\u00e8te de la zone de d\u00e9fense et de s\u00e9curit\u00e9 Sud-Est, pr\u00e9f\u00e8te du Rh\u00f4ne\n44\n69_Pr\u00e9f_Pr\u00e9fecture du Rh\u00f4ne\n69-2025-09-26-00001\nArr\u00eat\u00e9 pr\u00e9fectoral portant d\u00e9l\u00e9gation de\nsignature \u00e0 M. Lucas TURGIS, directeur de\ncabinet de la pr\u00e9f\u00e8te de la r\u00e9gion\nAuvergne-Rh\u00f4ne-Alpes, pr\u00e9f\u00e8te de la zone de\nd\u00e9fense et de s\u00e9curit\u00e9 Sud-Est, pr\u00e9f\u00e8te du Rh\u00f4ne\n69_Pr\u00e9f_Pr\u00e9fecture du Rh\u00f4ne - 69-2025-09-26-00001 - Arr\u00eat\u00e9 pr\u00e9fectoral portant d\u00e9l\u00e9gation de signature \u00e0 M. Lucas TURGIS, directeur\nde cabinet de la pr\u00e9f\u00e8te de la r\u00e9gion Auvergne-Rh\u00f4ne-Alpes, pr\u00e9f\u00e8te de la zone de d\u00e9fense et de s\u00e9curit\u00e9 Sud-Est, pr\u00e9f\u00e8te du Rh\u00f4ne 45\nesPREFETEDU RHONELibert\u00e9Egalit\u00e9Fraternit\u00e9\nDirection de la coordination\ndes politiques interminist\u00e9rielles\nLyon, le 26 septembre 2025\nARR\u00caT\u00c9 PR\u00c9FECTORAL N\u00b0                                        \nportant d\u00e9l\u00e9gation de signature \u00e0 M. Lucas TURGIS,\ndirecteur de cabinet de la pr\u00e9f\u00e8te de la r\u00e9gion Auvergne-Rh\u00f4ne-Alpes,\npr\u00e9f\u00e8te de la zone de d\u00e9fense et de s\u00e9curit\u00e9 Sud-Est, pr\u00e9f\u00e8te du Rh\u00f4ne\nLA PR\u00c9F\u00c8TE DE LA R\u00c9GION AUVERGNE-RH\u00d4NE-ALPES,\nPR\u00c9F\u00c8TE DE LA ZONE DE D\u00c9FENSE ET DE S\u00c9CURIT\u00c9 SUD-EST,\nPR\u00c9F\u00c8TE DU RH\u00d4NE\nCommandeur de la L\u00e9gion d'honneur\nCommandeur de l'ordre national du M\u00e9rite\nVu le code de la sant\u00e9 publique ;\nVu la loi n\u00b0 82-213 du 2 mars 1982 modifi\u00e9e relative aux droits et libert\u00e9s des communes, des  \nd\u00e9partements et des r\u00e9gions ;\nVu la loi d'orientation n\u00b0 92-125 du 6 f\u00e9vrier 1992 modifi\u00e9e relative \u00e0 l'administration territoriale de  \nla R\u00e9publique ;\nVu la loi n\u00b0 2015-29 du 16 janvier 2015 relative \u00e0 la d\u00e9limitation des r\u00e9gions, aux \u00e9lections r\u00e9gionales  \net d\u00e9partementales et modifiant le calendrier \u00e9lectoral ;\nVu le d\u00e9cret n\u00b0 2004-374 du 29 avril 2004 modifi\u00e9 relatif aux pouvoirs des pr\u00e9fets, \u00e0 l'organisation et \n\u00e0 l'action des services de l'\u00c9tat dans les r\u00e9gions et les d\u00e9partements ;\nVu le d\u00e9cret du 11 janvier 2023 en conseil des ministres portant nomination de Mme Fabienne  \nBUCCIO en qualit\u00e9 de pr\u00e9f\u00e8te de la r\u00e9gion Auvergne-Rh\u00f4ne-Alpes, pr\u00e9f\u00e8te de la zone de d\u00e9fense et  \nde s\u00e9curit\u00e9 Sud-Est, pr\u00e9f\u00e8te du Rh\u00f4ne (hors classe) ;\nVu le proc\u00e8s-verbal d'installation de Mme Fabienne BUCCIO en qualit\u00e9 de pr\u00e9f\u00e8te de la r\u00e9gion  \nAuvergne-Rh\u00f4ne-Alpes, pr\u00e9f\u00e8te de la zone de d\u00e9fense et de s\u00e9curit\u00e9 Sud-Est, pr\u00e9f\u00e8te du Rh\u00f4ne, \u00e0  \ncompter du 30 janvier 2023 ;\nVu le d\u00e9cret du 31 mai 2023 portant nomination de la sous-pr\u00e9f\u00e8te charg\u00e9e de mission aupr\u00e8s de la  \npr\u00e9f\u00e8te de la r\u00e9gion Auvergne-Rh\u00f4ne-Alpes, pr\u00e9f\u00e8te de la zone de d\u00e9fense et de s\u00e9curit\u00e9 Sud-Est,  \npr\u00e9f\u00e8te du Rh\u00f4ne - Mme Charlotte CREPON ;\nVu le d\u00e9cret du 24 avril 2024 portant nomination du sous-pr\u00e9fet de Villefranche-sur-Sa\u00f4ne - M. Jean-\nMarc GALLAND ;\nVu le d\u00e9cret du 3 juillet 2024 portant nomination de la secr\u00e9taire g\u00e9n\u00e9rale adjointe de la pr\u00e9fecture \ndu Rh\u00f4ne (groupe IV), sous-pr\u00e9f\u00e8te charg\u00e9e de mission aupr\u00e8s de la pr\u00e9f\u00e8te de la r\u00e9gion Auvergne-\nRh\u00f4ne-Alpes, pr\u00e9f\u00e8te de la zone de d\u00e9fense et de s\u00e9curit\u00e9 Sud-Est, pr\u00e9f\u00e8te du Rh\u00f4ne - Mme Judith  \nHUSSON ;\n1/2\n69_Pr\u00e9f_Pr\u00e9fecture du Rh\u00f4ne - 69-2025-09-26-00001 - Arr\u00eat\u00e9 pr\u00e9fectoral portant d\u00e9l\u00e9gation de signature \u00e0 M. Lucas TURGIS, directeur\nde cabinet de la pr\u00e9f\u00e8te de la r\u00e9gion Auvergne-Rh\u00f4ne-Alpes, pr\u00e9f\u00e8te de la zone de d\u00e9fense et de s\u00e9curit\u00e9 Sud-Est, pr\u00e9f\u00e8te du Rh\u00f4ne 46\nVu le d\u00e9cret du 15 mai 2025 portant nomination du pr\u00e9fet, secr\u00e9taire g\u00e9n\u00e9ral de la pr\u00e9fecture du  \nRh\u00f4ne, pr\u00e9fet d\u00e9l\u00e9gu\u00e9 pour l'\u00e9galit\u00e9 des chances aupr\u00e8s de la pr\u00e9f\u00e8te de la r\u00e9gion Auvergne-Rh\u00f4ne-\nAlpes, pr\u00e9f\u00e8te de la zone de d\u00e9fense et de s\u00e9curit\u00e9 Sud-Est, pr\u00e9f\u00e8te du Rh\u00f4ne - M. Fabrice ROSAY ;\nVu le d\u00e9cret du 23 mai 2025 portant nomination de la sous-pr\u00e9f\u00e8te charg\u00e9e de mission aupr\u00e8s du  \npr\u00e9fet de la r\u00e9gion Auvergne-Rh\u00f4ne-Alpes, pr\u00e9fet de la zone de d\u00e9fense et de s\u00e9curit\u00e9 Sud-Est,  \npr\u00e9fet du Rh\u00f4ne - Mme Anne LAYBOURNE ;\nVu le d\u00e9cret du 5 septembre 2025 portant nomination du directeur de cabinet de la pr\u00e9f\u00e8te de la  \nr\u00e9gion Auvergne-Rh\u00f4ne-Alpes, pr\u00e9f\u00e8te de la zone de d\u00e9fense et de s\u00e9curit\u00e9 Sud-Est, pr\u00e9f\u00e8te du  \nRh\u00f4ne - M. Lucas TURGIS ;\nSur proposition du pr\u00e9fet, secr\u00e9taire g\u00e9n\u00e9ral de la pr\u00e9fecture du Rh\u00f4ne ;\nARR\u00caTE\nArticle 1 : D\u00e9l\u00e9gation est donn\u00e9e \u00e0 M. Lucas TURGIS, directeur de cabinet de la pr\u00e9f\u00e8te de la r\u00e9gion \nAuvergne-Rh\u00f4ne-Alpes, pr\u00e9f\u00e8te de la zone de d\u00e9fense et de s\u00e9curit\u00e9 Sud-Est, pr\u00e9f\u00e8te du Rh\u00f4ne , \u00e0 \nl'effet de signer tous actes et documents de la comp\u00e9tence du cabinet et des services rattach\u00e9s.\nArticle 2 : D\u00e9l\u00e9gation est donn\u00e9e \u00e0 M. Lucas TURGIS \u00e0 l'effet de signer tous actes, arr\u00eat\u00e9s, d\u00e9cisions, \ndocuments et correspondances administratives diverses dans le domaine de  l'admission en soins  \npsychiatriques des personnes dont les troubles mentaux n\u00e9cessitent des soins et compromettent la \ns\u00fbret\u00e9 des personnes ou portent atteinte, de fa\u00e7on grave, \u00e0 l'ordre public.\nArticle 3  : En cas d'absence ou d'emp\u00eachement de  M. Lucas TURGIS , d\u00e9l\u00e9gation est donn\u00e9e \u00e0  \nM. Fabrice ROSAY, pr\u00e9fet, secr\u00e9taire g\u00e9n\u00e9ral de la pr\u00e9fecture du Rh\u00f4ne, pr\u00e9fet d\u00e9l\u00e9gu\u00e9 pour l'\u00e9galit\u00e9 \ndes chances, ou en son absence ou emp\u00eachement \u00e0 Mme Judith HUSSON, sous-pr\u00e9f\u00e8te charg\u00e9e de \nmission aupr\u00e8s la pr\u00e9f\u00e8te de la r\u00e9gion Auvergne-Rh\u00f4ne-Alpes, pr\u00e9f\u00e8te de la zone de d\u00e9fense et de  \ns\u00e9curit\u00e9 sud-est, pr\u00e9f\u00e8te du Rh\u00f4ne, ou en son absence ou emp\u00eachement \u00e0 Mme Charlotte CREPON, \nsous-pr\u00e9f\u00e8te charg\u00e9e de mission aupr\u00e8s de la pr\u00e9f\u00e8te de la r\u00e9gion Auvergne-Rh\u00f4ne-Alpes, pr\u00e9f\u00e8te de \nla zone de d\u00e9fense et de s\u00e9curit\u00e9 Sud-Est, pr\u00e9f\u00e8te du Rh\u00f4ne, ou en son absence ou emp\u00eachement \u00e0 \nMme  Anne  LAYBOURNE,  sous-pr\u00e9f\u00e8te  charg\u00e9e  de  mission  aupr\u00e8s  de  la  pr\u00e9f\u00e8te  de  la  r\u00e9gion \nAuvergne-Rh\u00f4ne-Alpes, pr\u00e9f\u00e8te de la zone de d\u00e9fense et de s\u00e9curit\u00e9 Sud-Est, pr\u00e9f\u00e8te du Rh\u00f4ne, ou \nen son absence ou emp\u00eachement \u00e0 M. Jean-Marc GALLAND, sous-pr\u00e9fet de Villefranche-sur-Sa\u00f4ne.\nArticle  4 :   Le  pr\u00e9sent  arr\u00eat\u00e9  peut  faire  l'objet  d'un  recours  contentieux  devant  le  tribunal \nadministratif  de  Lyon  dans  un  d\u00e9lai  de  deux  mois  \u00e0  compter  de  sa  publication.  Le  tribunal \nadministratif peut \u00eatre saisi d'une requ\u00eate d\u00e9pos\u00e9e sur le site www.telerecours.fr.\nArticle 5  : Le pr\u00e9fet, secr\u00e9taire g\u00e9n\u00e9ral de la pr\u00e9fecture, pr\u00e9fet d\u00e9l\u00e9gu\u00e9 pour l'\u00e9galit\u00e9 des chances,  \nest charg\u00e9 de l'ex\u00e9cution du pr\u00e9sent arr\u00eat\u00e9 qui sera publi\u00e9 au recueil des actes administratifs de la  \npr\u00e9fecture du Rh\u00f4ne.\n2/2\nLa pr\u00e9f\u00e8te,\nSign\u00e9\nFabienne BUCCIO\n69_Pr\u00e9f_Pr\u00e9fecture du Rh\u00f4ne - 69-2025-09-26-00001 - Arr\u00eat\u00e9 pr\u00e9fectoral portant d\u00e9l\u00e9gation de signature \u00e0 M. Lucas TURGIS, directeur\nde cabinet de la pr\u00e9f\u00e8te de la r\u00e9gion Auvergne-Rh\u00f4ne-Alpes, pr\u00e9f\u00e8te de la zone de d\u00e9fense et de s\u00e9curit\u00e9 Sud-Est, pr\u00e9f\u00e8te du Rh\u00f4ne 47\n69_Pr\u00e9f_Pr\u00e9fecture du Rh\u00f4ne\n69-2025-09-26-00002\nArr\u00eat\u00e9 pr\u00e9fectoral portant d\u00e9l\u00e9gation de\nsignature \u00e0 M. Lucas TURGIS, directeur de\ncabinet de la pr\u00e9f\u00e8te de la r\u00e9gion\nAuvergne-Rh\u00f4ne-Alpes, pr\u00e9f\u00e8te de la zone de\nd\u00e9fense et de s\u00e9curit\u00e9 Sud-Est, pr\u00e9f\u00e8te du Rh\u00f4ne\nen mati\u00e8re d'ordonnancement secondaire\n69_Pr\u00e9f_Pr\u00e9fecture du Rh\u00f4ne - 69-2025-09-26-00002 - Arr\u00eat\u00e9 pr\u00e9fectoral portant d\u00e9l\u00e9gation de signature \u00e0 M. Lucas TURGIS, directeur\nde cabinet de la pr\u00e9f\u00e8te de la r\u00e9gion Auvergne-Rh\u00f4ne-Alpes, pr\u00e9f\u00e8te de la zone de d\u00e9fense et de s\u00e9curit\u00e9 Sud-Est, pr\u00e9f\u00e8te du Rh\u00f4ne\nen mati\u00e8re d'ordonnancement secondaire\n48\nesPREFETEDU RHONELibert\u00e9Egalit\u00e9Fraternit\u00e9\nDirection de la coordination\ndes politiques interminist\u00e9rielles\nLyon, le 26 septembre 2025\nARR\u00caT\u00c9 PR\u00c9FECTORAL N\u00b0                                        \nportant d\u00e9l\u00e9gation de signature \u00e0 M. Lucas TURGIS,\ndirecteur de cabinet de la pr\u00e9f\u00e8te de la r\u00e9gion Auvergne-Rh\u00f4ne-Alpes,\npr\u00e9f\u00e8te de la zone de d\u00e9fense et de s\u00e9curit\u00e9 Sud-Est, pr\u00e9f\u00e8te du Rh\u00f4ne\nen mati\u00e8re d'ordonnancement secondaire\nLA PR\u00c9F\u00c8TE DE LA R\u00c9GION AUVERGNE-RH\u00d4NE-ALPES,\nPR\u00c9F\u00c8TE DE LA ZONE DE D\u00c9FENSE ET DE S\u00c9CURIT\u00c9 SUD-EST,\nPR\u00c9F\u00c8TE DU RH\u00d4NE\nCommandeur de la L\u00e9gion d'honneur\nCommandeur de l'ordre national du M\u00e9rite\nVu la loi organique n\u00b0 2001-692 du 1er ao\u00fbt 2001 modifi\u00e9e relative aux lois de finances ; \nVu la loi n\u00b0 82-213 du 2 mars 1982 modifi\u00e9e relative aux droits et libert\u00e9s des communes, des  \nd\u00e9partements et des r\u00e9gions ;\nVu la loi d'orientation n\u00b0 92-125 du 6 f\u00e9vrier 1992 modifi\u00e9e relative \u00e0 l'administration territoriale de  \nla R\u00e9publique ;\nVu la loi n\u00b0 2015-29 du 16 janvier 2015 relative \u00e0 la d\u00e9limitation des r\u00e9gions, aux \u00e9lections r\u00e9gionales  \net d\u00e9partementales et modifiant le calendrier \u00e9lectoral ;\nVu le d\u00e9cret n\u00b0 2003-1164 du 8 d\u00e9cembre 2003 portant cr\u00e9ation du comit\u00e9 interminist\u00e9riel de lutte  \ncontre le racisme et l'antis\u00e9mitisme ;\nVu le d\u00e9cret n\u00b0 2004-374 du 29 avril 2004 modifi\u00e9 relatif aux pouvoirs des pr\u00e9fets, \u00e0 l'organisation et \n\u00e0 l'action des services de l'\u00c9tat dans les r\u00e9gions et les d\u00e9partements ;\nVu le d\u00e9cret n\u00b0 2012-221 du 16 f\u00e9vrier 2012 instituant un d\u00e9l\u00e9gu\u00e9 interminist\u00e9riel \u00e0 la lutte contre le  \nracisme et l'antis\u00e9mitisme ;\nVu  le  d\u00e9cret  n\u00b0  2012-1246  du  7  novembre  2012  relatif  \u00e0  la  gestion  budg\u00e9taire  et  comptable \npublique ;\nVu le d\u00e9cret du 11 janvier 2023 en conseil des ministres portant nomination de Mme Fabienne  \nBUCCIO en qualit\u00e9 de pr\u00e9f\u00e8te de la r\u00e9gion Auvergne-Rh\u00f4ne-Alpes, pr\u00e9f\u00e8te de la zone de d\u00e9fense et  \nde s\u00e9curit\u00e9 Sud-Est, pr\u00e9f\u00e8te du Rh\u00f4ne (hors classe) ;\nVu le proc\u00e8s-verbal d'installation de Mme Fabienne BUCCIO en qualit\u00e9 de pr\u00e9f\u00e8te de la r\u00e9gion  \nAuvergne-Rh\u00f4ne-Alpes, pr\u00e9f\u00e8te de la zone de d\u00e9fense et de s\u00e9curit\u00e9 Sud-Est, pr\u00e9f\u00e8te du Rh\u00f4ne, \u00e0  \ncompter du 30 janvier 2023 ;\nVu le d\u00e9cret du 31 mai 2023 portant nomination de la sous-pr\u00e9f\u00e8te charg\u00e9e de mission aupr\u00e8s de la  \npr\u00e9f\u00e8te de la r\u00e9gion Auvergne-Rh\u00f4ne-Alpes, pr\u00e9f\u00e8te de la zone de d\u00e9fense et de s\u00e9curit\u00e9 Sud-Est,  \npr\u00e9f\u00e8te du Rh\u00f4ne - Mme Charlotte CREPON ; \n1/2\n69_Pr\u00e9f_Pr\u00e9fecture du Rh\u00f4ne - 69-2025-09-26-00002 - Arr\u00eat\u00e9 pr\u00e9fectoral portant d\u00e9l\u00e9gation de signature \u00e0 M. Lucas TURGIS, directeur\nde cabinet de la pr\u00e9f\u00e8te de la r\u00e9gion Auvergne-Rh\u00f4ne-Alpes, pr\u00e9f\u00e8te de la zone de d\u00e9fense et de s\u00e9curit\u00e9 Sud-Est, pr\u00e9f\u00e8te du Rh\u00f4ne\nen mati\u00e8re d'ordonnancement secondaire\n49\nVu le d\u00e9cret du 24 avril 2024 portant nomination du sous-pr\u00e9fet de Villefranche-sur-Sa\u00f4ne - M. Jean-\nMarc GALLAND ;\nVu le d\u00e9cret du 3 juillet 2024 portant nomination de la secr\u00e9taire g\u00e9n\u00e9rale adjointe de la pr\u00e9fecture \ndu Rh\u00f4ne (groupe IV), sous-pr\u00e9f\u00e8te charg\u00e9e de mission aupr\u00e8s de la pr\u00e9f\u00e8te de la r\u00e9gion Auvergne-\nRh\u00f4ne-Alpes, pr\u00e9f\u00e8te de la zone de d\u00e9fense et de s\u00e9curit\u00e9 Sud-Est, pr\u00e9f\u00e8te du Rh\u00f4ne - Mme Judith  \nHUSSON ;\nVu le d\u00e9cret du 15 mai 2025 portant nomination du pr\u00e9fet, secr\u00e9taire g\u00e9n\u00e9ral de la pr\u00e9fecture du  \nRh\u00f4ne, pr\u00e9fet d\u00e9l\u00e9gu\u00e9 pour l'\u00e9galit\u00e9 des chances aupr\u00e8s de la pr\u00e9f\u00e8te de la r\u00e9gion Auvergne-Rh\u00f4ne-\nAlpes, pr\u00e9f\u00e8te de la zone de d\u00e9fense et de s\u00e9curit\u00e9 Sud-Est, pr\u00e9f\u00e8te du Rh\u00f4ne - M. Fabrice ROSAY ;\nVu le d\u00e9cret du 23 mai 2025 portant nomination de la sous-pr\u00e9f\u00e8te charg\u00e9e de mission aupr\u00e8s du  \npr\u00e9fet de la r\u00e9gion Auvergne-Rh\u00f4ne-Alpes, pr\u00e9fet de la zone de d\u00e9fense et de s\u00e9curit\u00e9 Sud-Est,  \npr\u00e9fet du Rh\u00f4ne - Mme Anne LAYBOURNE ;\nVu le d\u00e9cret du 5 septembre 2025 portant nomination du directeur de cabinet de la pr\u00e9f\u00e8te de la  \nr\u00e9gion Auvergne-Rh\u00f4ne-Alpes, pr\u00e9f\u00e8te de la zone de d\u00e9fense et de s\u00e9curit\u00e9 Sud-Est, pr\u00e9f\u00e8te du  \nRh\u00f4ne - M. Lucas TURGIS ;\nSur proposition du pr\u00e9fet, secr\u00e9taire g\u00e9n\u00e9ral de la pr\u00e9fecture du Rh\u00f4ne ;\nARR\u00caTE\nArticle 1 : D\u00e9l\u00e9gation est donn\u00e9e \u00e0 M. Lucas TURGIS, directeur de cabinet de la pr\u00e9f\u00e8te de la r\u00e9gion \nAuvergne-Rh\u00f4ne-Alpes, pr\u00e9f\u00e8te de la zone de d\u00e9fense et de s\u00e9curit\u00e9 Sud-Est, pr\u00e9f\u00e8te du Rh\u00f4ne, \u00e0  \nl'effet de proc\u00e9der \u00e0 toutes les op\u00e9rations et de signer tous les actes relatifs \u00e0 l'ordonnancement  \nsecondaire des recettes et d\u00e9penses de l'\u00c9tat pour les cr\u00e9dits ex\u00e9cut\u00e9s sur l'UO nationale 129 \u2013  \nCAAC \u2013 DDPR du programme 129 \u00ab Coordination du travail gouvernemental \u00bb de la d\u00e9l\u00e9gation  \ninterminist\u00e9rielle \u00e0 la lutte contre le racisme et l'antis\u00e9mitisme (DILCRA).\nSont exclus de cette d\u00e9l\u00e9gation les ordres de r\u00e9quisition du comptable public assignataire et les  \nd\u00e9cisions de passer outre aux refus de visa du contr\u00f4leur budg\u00e9taire local.\nArticle 2 :  En cas d'absence ou d'emp\u00eachement de  M. Lucas TURGIS,  d\u00e9l\u00e9gation est donn\u00e9e \u00e0  \nM. Fabrice ROSAY, pr\u00e9fet, secr\u00e9taire g\u00e9n\u00e9ral de la pr\u00e9fecture du Rh\u00f4ne, pr\u00e9fet d\u00e9l\u00e9gu\u00e9 pour l'\u00e9galit\u00e9 \ndes chances, ou en son absence ou emp\u00eachement \u00e0  Mme Judith HUSSON, sous-pr\u00e9f\u00e8te charg\u00e9e de \nmission aupr\u00e8s la pr\u00e9f\u00e8te de la r\u00e9gion Auvergne-Rh\u00f4ne-Alpes, pr\u00e9f\u00e8te de la zone de d\u00e9fense et de  \ns\u00e9curit\u00e9 sud-est, pr\u00e9f\u00e8te du Rh\u00f4ne, ou en son absence ou emp\u00eachement \u00e0 Mme Charlotte CREPON, \nsous-pr\u00e9f\u00e8te charg\u00e9e de mission aupr\u00e8s de la pr\u00e9f\u00e8te de la r\u00e9gion Auvergne-Rh\u00f4ne-Alpes, pr\u00e9f\u00e8te de \nla zone de d\u00e9fense et de s\u00e9curit\u00e9 Sud-Est, pr\u00e9f\u00e8te du Rh\u00f4ne, ou en son absence ou emp\u00eachement \u00e0 \nMme  Anne  LAYBOURNE,  sous-pr\u00e9f\u00e8te  charg\u00e9e  de  mission  aupr\u00e8s  de  la  pr\u00e9f\u00e8te  de  la  r\u00e9gion \nAuvergne-Rh\u00f4ne-Alpes, pr\u00e9f\u00e8te de la zone de d\u00e9fense et de s\u00e9curit\u00e9 Sud-Est, pr\u00e9f\u00e8te du Rh\u00f4ne, ou \nen son absence ou emp\u00eachement \u00e0 M. Jean-Marc GALLAND, sous-pr\u00e9fet de Villefranche-sur-Sa\u00f4ne.\nArticle  3 :  Le  pr\u00e9sent  arr\u00eat\u00e9  peut  faire  l'objet  d'un  recours  contentieux  devant  le  tribunal \nadministratif  de  Lyon  dans  un  d\u00e9lai  de  deux  mois  \u00e0  compter  de  sa  publication.  Le  tribunal \nadministratif peut \u00eatre saisi d'une requ\u00eate d\u00e9pos\u00e9e sur le site www.telerecours.fr.\nArticle 4 :  Le pr\u00e9fet, secr\u00e9taire g\u00e9n\u00e9ral de la pr\u00e9fecture, pr\u00e9fet d\u00e9l\u00e9gu\u00e9 pour l'\u00e9galit\u00e9 des chances,  \nest charg\u00e9 de l'ex\u00e9cution du pr\u00e9sent arr\u00eat\u00e9 qui sera publi\u00e9 au recueil des actes administratifs de la  \npr\u00e9fecture du Rh\u00f4ne.\n2/2\nLa pr\u00e9f\u00e8te,\nSign\u00e9\nFabienne BUCCIO\n69_Pr\u00e9f_Pr\u00e9fecture du Rh\u00f4ne - 69-2025-09-26-00002 - Arr\u00eat\u00e9 pr\u00e9fectoral portant d\u00e9l\u00e9gation de signature \u00e0 M. Lucas TURGIS, directeur\nde cabinet de la pr\u00e9f\u00e8te de la r\u00e9gion Auvergne-Rh\u00f4ne-Alpes, pr\u00e9f\u00e8te de la zone de d\u00e9fense et de s\u00e9curit\u00e9 Sud-Est, pr\u00e9f\u00e8te du Rh\u00f4ne\nen mati\u00e8re d'ordonnancement secondaire\n50\n69_Pr\u00e9f_Pr\u00e9fecture du Rh\u00f4ne\n69-2025-09-26-00007\nArr\u00eat\u00e9 pr\u00e9fectoral portant d\u00e9l\u00e9gation de\nsignature pour les d\u00e9penses du programme 354\n69_Pr\u00e9f_Pr\u00e9fecture du Rh\u00f4ne - 69-2025-09-26-00007 - Arr\u00eat\u00e9 pr\u00e9fectoral portant d\u00e9l\u00e9gation de signature pour les d\u00e9penses du\nprogramme 354 51\nesPREFETEDU RHONELibert\u00e9Egalit\u00e9Fraternit\u00e9\nDirection de la coordination\ndes politiques interminist\u00e9rielles\nLyon, le 26 septembre 2025\nARR\u00caT\u00c9 PR\u00c9FECTORAL N\u00b0                                        \nportant d\u00e9l\u00e9gation de signature pour les d\u00e9penses du programme 354\nLA PR\u00c9F\u00c8TE DE LA R\u00c9GION AUVERGNE-RH\u00d4NE-ALPES,\nPR\u00c9F\u00c8TE DE LA ZONE DE D\u00c9FENSE ET DE S\u00c9CURIT\u00c9 SUD-EST,\nPR\u00c9F\u00c8TE DU RH\u00d4NE\nCommandeur de la L\u00e9gion d'honneur\nCommandeur de l'ordre national du M\u00e9rite\nVu la loi organique n\u00b0 2001-692 du 1er ao\u00fbt 2001 modifi\u00e9e relative aux lois de finances ;\nVu la loi d'orientation n\u00b0 92-125 du 6 f\u00e9vrier 1992 modifi\u00e9e relative \u00e0 l'administration territoriale de  \nla R\u00e9publique ;\nVu la loi n\u00b0 82-213 du 2 mars 1982 modifi\u00e9e relative aux droits et libert\u00e9s des communes, des  \nd\u00e9partements et des r\u00e9gions ;\nVu la loi n\u00b0 2015-29 du 16 janvier 2015 relative \u00e0 la d\u00e9limitation des r\u00e9gions, aux \u00e9lections r\u00e9gionales  \net d\u00e9partementales et modifiant le calendrier \u00e9lectoral ;\nVu le d\u00e9cret n\u00b0 2004-374 du 29 avril 2004 modifi\u00e9 relatif aux pouvoirs des pr\u00e9fets, \u00e0 l'organisation et \n\u00e0 l'action des services de l'\u00c9tat dans les r\u00e9gions et d\u00e9partements ;\nVu  le  d\u00e9cret  n\u00b0  2012-1246  du  7  novembre  2012  relatif  \u00e0  la  gestion  budg\u00e9taire  et  comptable \npublique ;\nVu le d\u00e9cret n\u00b0 2015-510 du 7 mai 2015 portant charte de la d\u00e9concentration ;\nVu  l'arr\u00eat\u00e9  du  23  d\u00e9cembre  2020  portant  nomination  de  directeurs  de  secr\u00e9tariats  g\u00e9n\u00e9raux \ncommuns d\u00e9partementaux ;\nVu le d\u00e9cret du 11 janvier 2023 en conseil des ministres portant nomination de Mme Fabienne  \nBUCCIO en qualit\u00e9 de pr\u00e9f\u00e8te de la r\u00e9gion Auvergne-Rh\u00f4ne-Alpes, pr\u00e9f\u00e8te de la zone de d\u00e9fense et  \nde s\u00e9curit\u00e9 Sud-Est, pr\u00e9f\u00e8te du Rh\u00f4ne (hors classe) ;\nVu le proc\u00e8s-verbal d'installation de Mme Fabienne BUCCIO en qualit\u00e9 de pr\u00e9f\u00e8te de la r\u00e9gion  \nAuvergne-Rh\u00f4ne-Alpes, pr\u00e9f\u00e8te de la zone de d\u00e9fense et de s\u00e9curit\u00e9 Sud-Est, pr\u00e9f\u00e8te du Rh\u00f4ne, \u00e0  \ncompter du 30 janvier 2023 ;\nVu les d\u00e9crets et les arr\u00eat\u00e9s portant nomination de :\n\u2022 M. Michel PAPAUD, pr\u00e9fet \u00e9valuateur,\n1/4\n69_Pr\u00e9f_Pr\u00e9fecture du Rh\u00f4ne - 69-2025-09-26-00007 - Arr\u00eat\u00e9 pr\u00e9fectoral portant d\u00e9l\u00e9gation de signature pour les d\u00e9penses du\nprogramme 354 52\n\u2022 M. Fabrice ROSAY, pr\u00e9fet, secr\u00e9taire g\u00e9n\u00e9ral de la pr\u00e9fecture du Rh\u00f4ne, pr\u00e9fet d\u00e9l\u00e9gu\u00e9 pour \nl'\u00e9galit\u00e9 des chances aupr\u00e8s de la pr\u00e9f\u00e8te de la r\u00e9gion Auvergne-Rh\u00f4ne-Alpes, pr\u00e9f\u00e8te de la  \nzone de d\u00e9fense et de s\u00e9curit\u00e9 Sud-Est, pr\u00e9f\u00e8te du Rh\u00f4ne,\n\u2022 M. Antoine GUERIN, pr\u00e9fet d\u00e9l\u00e9gu\u00e9 pour la d\u00e9fense et la s\u00e9curit\u00e9,\n\u2022 M. Jean-Paul CELET, pr\u00e9fet, r\u00e9f\u00e9rent du plan national \"loup\",\n\u2022 M. Jehan-\u00c9ric WINCKLER, pr\u00e9fet d\u00e9l\u00e9gu\u00e9 charg\u00e9 d'une mission territoriale temporaire,\n\u2022 Mme Fran\u00e7oise NOARS, secr\u00e9taire g\u00e9n\u00e9rale pour les affaires r\u00e9gionales,\n\u2022 M. Lucas TURGIS, directeur de cabinet de la pr\u00e9f\u00e8te de la r\u00e9gion Auvergne-Rh\u00f4ne-Alpes,  \npr\u00e9f\u00e8te de la zone de d\u00e9fense et de s\u00e9curit\u00e9 Sud-Est, pr\u00e9f\u00e8te du Rh\u00f4ne,\n\u2022 M. Jean-Marc GALLAND, sous-pr\u00e9fet de l'arrondissement de Villefranche-sur-Sa\u00f4ne,\n\u2022 Mme Judith HUSSON, sous-pr\u00e9f\u00e8te charg\u00e9e de mission aupr\u00e8s de la pr\u00e9f\u00e8te de la r\u00e9gion  \nAuvergne-Rh\u00f4ne-Alpes, pr\u00e9f\u00e8te de la zone de d\u00e9fense et de s\u00e9curit\u00e9 Sud-Est, pr\u00e9f\u00e8te du  \nRh\u00f4ne,\n\u2022 Mme Charlotte CREPON, sous-pr\u00e9f\u00e8te charg\u00e9e de mission aupr\u00e8s de la pr\u00e9f\u00e8te de la r\u00e9gion  \nAuvergne-Rh\u00f4ne-Alpes, pr\u00e9f\u00e8te de la zone de d\u00e9fense et de s\u00e9curit\u00e9 Sud-Est, pr\u00e9f\u00e8te du  \nRh\u00f4ne,\n\u2022 Mme Anne LAYBOURNE, sous-pr\u00e9f\u00e8te charg\u00e9e de mission aupr\u00e8s de la pr\u00e9f\u00e8te de la r\u00e9gion  \nAuvergne-Rh\u00f4ne-Alpes, pr\u00e9f\u00e8te de la zone de d\u00e9fense et de s\u00e9curit\u00e9 Sud-Est, pr\u00e9f\u00e8te du  \nRh\u00f4ne,\n\u2022 M. Pierre BARRUEL, commissaire \u00e0 la lutte contre la pauvret\u00e9 aupr\u00e8s de la pr\u00e9f\u00e8te de la  \nr\u00e9gion Auvergne-Rh\u00f4ne-Alpes, pr\u00e9f\u00e8te de la zone de d\u00e9fense et de s\u00e9curit\u00e9 Sud-Est, pr\u00e9f\u00e8te  \ndu Rh\u00f4ne ;\nSur proposition du pr\u00e9fet, secr\u00e9taire g\u00e9n\u00e9ral de la pr\u00e9fecture du Rh\u00f4ne ;\nARR\u00caTE\nArticle 1 : Dans le cadre de la gestion des cr\u00e9dits du programme 354 \u00ab Administration territoriale de \nl'\u00c9tat \u00bb,  pour  lesquels  le  pr\u00e9fet  du  d\u00e9partement  du  Rh\u00f4ne  est  ordonnateur  secondaire  et  la \ndirectrice du secr\u00e9tariat g\u00e9n\u00e9ral commun d\u00e9partemental du Rh\u00f4ne est ordonnateur secondaire  \nd\u00e9l\u00e9gu\u00e9, d\u00e9l\u00e9gation est donn\u00e9e pour la signature des bons et des lettres de commandes, contrats  \net march\u00e9s (engagements juridiques), la constatation du service fait et l'\u00e9tablissement de tous  \ncertificats  n\u00e9cessaires  \u00e0  certaines  demandes  de  paiement  imput\u00e9es  sur  le  centre  de  co\u00fbt \nPRFPRFT069 \u00e0 :\n\u2022 M. Fabrice ROSAY, pr\u00e9fet, secr\u00e9taire g\u00e9n\u00e9ral de la pr\u00e9fecture du Rh\u00f4ne, pr\u00e9fet d\u00e9l\u00e9gu\u00e9 pour \nl'\u00e9galit\u00e9 des chances aupr\u00e8s de la pr\u00e9f\u00e8te de la r\u00e9gion Auvergne-Rh\u00f4ne-Alpes, pr\u00e9f\u00e8te de la  \nzone de d\u00e9fense et de s\u00e9curit\u00e9 Sud-Est, pr\u00e9f\u00e8te du Rh\u00f4ne ;\n\u2022 M. Antoine GUERIN, pr\u00e9fet d\u00e9l\u00e9gu\u00e9 pour la d\u00e9fense et la s\u00e9curit\u00e9 ;\n\u2022 M. Jean-Paul CELET, pr\u00e9fet, r\u00e9f\u00e9rent du plan national \"loup\" ;\n\u2022 M. Jehan-\u00c9ric WINCKLER, pr\u00e9fet d\u00e9l\u00e9gu\u00e9 charg\u00e9 d'une mission territoriale temporaire ;\n\u2022 Mme Fran\u00e7oise NOARS, secr\u00e9taire g\u00e9n\u00e9rale pour les affaires r\u00e9gionales ;\n\u2022 Mme Emmanuelle DARMON, directrice de cabinet de la pr\u00e9f\u00e8te de la r\u00e9gion Auvergne-\nRh\u00f4ne-Alpes, pr\u00e9f\u00e8te de la zone de d\u00e9fense et de s\u00e9curit\u00e9 Sud-Est, pr\u00e9f\u00e8te du Rh\u00f4ne ;\n\u2022 M. Jean-Marc GALLAND, sous-pr\u00e9fet de l'arrondissement de Villefranche-sur-Sa\u00f4ne ;\n\u2022 Mme Judith HUSSON, sous-pr\u00e9f\u00e8te charg\u00e9e de mission aupr\u00e8s de la pr\u00e9f\u00e8te de la r\u00e9gion  \nAuvergne-Rh\u00f4ne-Alpes, pr\u00e9f\u00e8te de la zone de d\u00e9fense et de s\u00e9curit\u00e9 Sud-Est, pr\u00e9f\u00e8te du  \nRh\u00f4ne ;\n\u2022 Mme Charlotte CREPON, sous-pr\u00e9f\u00e8te charg\u00e9e de mission aupr\u00e8s de la pr\u00e9f\u00e8te de la r\u00e9gion  \nAuvergne-Rh\u00f4ne-Alpes, pr\u00e9f\u00e8te de la zone de d\u00e9fense et de s\u00e9curit\u00e9 Sud-Est, pr\u00e9f\u00e8te du  \nRh\u00f4ne ;\n\u2022 Mme Anne LAYBOURNE, sous-pr\u00e9f\u00e8te charg\u00e9e de mission aupr\u00e8s de la pr\u00e9f\u00e8te de la r\u00e9gion  \nAuvergne-Rh\u00f4ne-Alpes, pr\u00e9f\u00e8te de la zone de d\u00e9fense et de s\u00e9curit\u00e9 Sud-Est, pr\u00e9f\u00e8te du  \nRh\u00f4ne ;\n\u2022 M. Pierre BARRUEL, commissaire \u00e0 la lutte contre la pauvret\u00e9 aupr\u00e8s de la pr\u00e9f\u00e8te de la  \nr\u00e9gion Auvergne-Rh\u00f4ne-Alpes, pr\u00e9f\u00e8te de la zone de d\u00e9fense et de s\u00e9curit\u00e9 Sud-Est, pr\u00e9f\u00e8te  \ndu Rh\u00f4ne.\n2/4\n69_Pr\u00e9f_Pr\u00e9fecture du Rh\u00f4ne - 69-2025-09-26-00007 - Arr\u00eat\u00e9 pr\u00e9fectoral portant d\u00e9l\u00e9gation de signature pour les d\u00e9penses du\nprogramme 354 53\nArticle 2 : Dans le cadre de la gestion des cr\u00e9dits du programme 354 \u00ab Administration territoriale de \nl'\u00c9tat \u00bb,  pour  lesquels  le  pr\u00e9fet  du  d\u00e9partement  du  Rh\u00f4ne  est  ordonnateur  secondaire  et  la \ndirectrice du secr\u00e9tariat g\u00e9n\u00e9ral commun d\u00e9partemental du Rh\u00f4ne est ordonnateur secondaire  \nd\u00e9l\u00e9gu\u00e9,  d\u00e9l\u00e9gation  est  donn\u00e9e  pour  la  signature  des  bons  et  des  lettres  de  commandes \n(engagements  juridiques),  la  constatation  du  service  fait  et  l'\u00e9tablissement  de  tous  certificats \nn\u00e9cessaires \u00e0 certaines demandes de paiement imput\u00e9es sur le centre de co\u00fbt PRFCSAT069 \u00e0  \nM. Michel PAPAUD, pr\u00e9fet \u00e9valuateur.\nArticle 3 : Dans le cadre de la gestion des cr\u00e9dits du programme 354 \u00ab Administration territoriale de \nl'\u00c9tat \u00bb,  pour  lesquels  le  pr\u00e9fet  du  d\u00e9partement  du  Rh\u00f4ne  est  ordonnateur  secondaire  et  la \ndirectrice du secr\u00e9tariat g\u00e9n\u00e9ral commun d\u00e9partemental du Rh\u00f4ne est ordonnateur secondaire  \nd\u00e9l\u00e9gu\u00e9, d\u00e9l\u00e9gation est donn\u00e9e pour la signature des bons et des lettres de commandes, contrats  \net march\u00e9s (engagements juridiques), la constatation du service fait et l'\u00e9tablissement de tous  \ncertificats  n\u00e9cessaires  \u00e0  certaines  demandes  de  paiement  imput\u00e9es  sur  le  centre  de  co\u00fbt \nPRFSGAR069 \u00e0 Mme Fran\u00e7oise NOARS, secr\u00e9taire g\u00e9n\u00e9rale pour les affaires r\u00e9gionales.\nArticle  4  : La  d\u00e9l\u00e9gation  de  signature  pr\u00e9vue  \u00e0  l'article  3  est  donn\u00e9e,  dans  la  limite  de  leurs \nattributions :\nEn  cas  d'absence  ou  d'emp\u00eachement  de  Mme  Fran\u00e7oise  NOARS,  \u00e0  Mme  Mich\u00e8le  LUGRAND, \nsecr\u00e9taire g\u00e9n\u00e9rale adjointe pour les affaires r\u00e9gionales.\n\u2022 Pour un montant limit\u00e9 \u00e0 3 000 euros par demande d'engagement juridique dans le cadre   \ndes cr\u00e9dits mis \u00e0 leur disposition     :  \n\u25e6 \u00e0  Mme  Christelle  AMBROZIC,  directrice  de  la  modernisation  et  de  la  coordination \nr\u00e9gionale  au  secr\u00e9tariat  g\u00e9n\u00e9ral  pour  les  affaires  r\u00e9gionales  et  \u00e0  Mme  Claire  \nANXIONNAZ,  attach\u00e9e  principale,  adjointe  \u00e0  la  directrice  du  service  de  la  \nmodernisation  et  de  la  coordination  r\u00e9gionale  et  \u00e0  M.  Bruno  ROCHETTE,  secr\u00e9taire \nadministratif, gestionnaire.\nArticle 5 : Dans le cadre de la gestion des cr\u00e9dits du programme 354 \u00ab Administration territoriale de \nl'\u00c9tat \u00bb,  pour  lesquels  le  pr\u00e9fet  du  d\u00e9partement  du  Rh\u00f4ne  est  ordonnateur  secondaire  et  la \ndirectrice du secr\u00e9tariat g\u00e9n\u00e9ral commun d\u00e9partemental du Rh\u00f4ne est ordonnateur secondaire  \nd\u00e9l\u00e9gu\u00e9,  d\u00e9l\u00e9gation  est  donn\u00e9e  pour  la  signature  des  bons  et  des  lettres  de  commandes \n(engagements  juridiques),  la  constatation  du  service  fait  et  l'\u00e9tablissement  de  tous  certificats \nn\u00e9cessaires \u00e0 certaines demandes de paiement imput\u00e9es :\n\u2022 sur le centre de co\u00fbt PRFML01069 :\n\u25e6 M. Louis RIQUET, conseiller diplomatique aupr\u00e8s de la Pr\u00e9f\u00e8te de la r\u00e9gion Auvergne-\nRh\u00f4ne-Alpes, Pr\u00e9f\u00e8te de la zone de d\u00e9fense et de s\u00e9curit\u00e9 Sud-Est, Pr\u00e9f\u00e8te du Rh\u00f4ne.\n\u25e6 pour un montant limit\u00e9 \u00e0 2 000 euros par demande d'engagement juridique, dans le   \ncadre des cr\u00e9dits mis \u00e0 sa disposition et dans la limite de ses attributions     :  \n\u25aa \u00e0 M. Chaouki AMARA, attach\u00e9 principal, chef de cabinet ;\n\u25aa En cas d'absence ou d'emp\u00eachement de M. Chaouki AMARA, d\u00e9l\u00e9gation est donn\u00e9e  \n\u00e0 Mme May KARMY, attach\u00e9e, adjointe au chef de cabinet ;\n\u25aa En cas d'absence ou d'emp\u00eachement de M. Chaouki AMARA, d\u00e9l\u00e9gation est donn\u00e9e, \npour les activit\u00e9s concernant le garage et pour un montant inf\u00e9rieur \u00e0 500 euros, \u00e0  \nM. Guillaume CHOTEAU, adjoint technique, chef de garage.\n\u25e6 pour un montant limit\u00e9 \u00e0 800 euros par demande d'engagement juridique, dans le cadre   \ndes cr\u00e9dits mis \u00e0 sa disposition et dans la limite de ses attributions     :  \n\u25aa \u00e0 Mme Aziza BOUHADJAR, secr\u00e9taire administrative, cheffe de la section protocole  \nau cabinet du pr\u00e9fet.\n3/4\n69_Pr\u00e9f_Pr\u00e9fecture du Rh\u00f4ne - 69-2025-09-26-00007 - Arr\u00eat\u00e9 pr\u00e9fectoral portant d\u00e9l\u00e9gation de signature pour les d\u00e9penses du\nprogramme 354 54\n\u2022 sur le centre de co\u00fbt PRFPRFT069 : \n\u25e6 pour  les  activit\u00e9s  concernant  la  villa  et  pour  un  montant  inf\u00e9rieur  \u00e0  800  euros,  \u00e0 \nM. Guillaume CHOTEAU, gardien de la villa ;\n\u25e6 M. R\u00e9mi AUCAGNE, ma\u00eetre d'h\u00f4tel, \u00e0 hauteur de 2 000 euros par achat.\nArticle 6 : Sont exclus de la pr\u00e9sente d\u00e9l\u00e9gation :\n\u2022 les actes administratifs et pi\u00e8ces comptables relatifs aux op\u00e9rations concernant les recettes  \n(titres de perception, \u00e9tats ex\u00e9cutoires, cessions\u2026) ;\n\u2022 les ordres de r\u00e9quisition du comptable public ;\n\u2022 en cas de demande de passer outre le refus du contr\u00f4leur budg\u00e9taire r\u00e9gional, la lettre de  \nsaisine du ministre concern\u00e9 ;\n\u2022 en cas d'avis pr\u00e9alable d\u00e9favorable du contr\u00f4leur budg\u00e9taire r\u00e9gional, la lettre informant  \ncette autorit\u00e9 des motifs de la d\u00e9cision de ne pas se conformer \u00e0 l'avis donn\u00e9.\nArticle  7  : Le  pr\u00e9sent  arr\u00eat\u00e9  peut  faire  l'objet  d'un  recours  contentieux  devant  le  tribunal \nadministratif  de  Lyon  dans  un  d\u00e9lai  de  deux  mois  \u00e0  compter  de  sa  publication.  Le  tribunal \nadministratif peut \u00eatre saisi d'une requ\u00eate d\u00e9pos\u00e9e sur le site www.telerecours.fr.\nArticle 8 :  Le pr\u00e9fet, secr\u00e9taire g\u00e9n\u00e9ral de la pr\u00e9fecture, pr\u00e9fet d\u00e9l\u00e9gu\u00e9 pour l'\u00e9galit\u00e9 des chances,  \nest charg\u00e9 de l'ex\u00e9cution du pr\u00e9sent arr\u00eat\u00e9 qui sera publi\u00e9 au recueil des actes administratifs de la  \npr\u00e9fecture du Rh\u00f4ne.\n4/4\nLa pr\u00e9f\u00e8te,\nSign\u00e9\nFabienne BUCCIO\n69_Pr\u00e9f_Pr\u00e9fecture du Rh\u00f4ne - 69-2025-09-26-00007 - Arr\u00eat\u00e9 pr\u00e9fectoral portant d\u00e9l\u00e9gation de signature pour les d\u00e9penses du\nprogramme 354 55\n69_Pr\u00e9f_Pr\u00e9fecture du Rh\u00f4ne\n69-2025-09-26-00008\nArr\u00eat\u00e9 pr\u00e9fectoral portant d\u00e9l\u00e9gation de\nsignature pour les p\u00e9riodes de permanence\n69_Pr\u00e9f_Pr\u00e9fecture du Rh\u00f4ne - 69-2025-09-26-00008 - Arr\u00eat\u00e9 pr\u00e9fectoral portant d\u00e9l\u00e9gation de signature pour les p\u00e9riodes de\npermanence 56\nesPREFETEDU RHONELibert\u00e9Egalit\u00e9Fraternit\u00e9\nDirection de la coordination\ndes politiques interminist\u00e9rielles\nLyon, le 26 septembre 2025\nARR\u00caT\u00c9 PR\u00c9FECTORAL N\u00b0                                        \nportant d\u00e9l\u00e9gation de signature pour les p\u00e9riodes de permanence\nLA PR\u00c9F\u00c8TE DE LA R\u00c9GION AUVERGNE-RH\u00d4NE-ALPES,\nPR\u00c9F\u00c8TE DE LA ZONE DE D\u00c9FENSE ET DE S\u00c9CURIT\u00c9 SUD-EST,\nPR\u00c9F\u00c8TE DU RH\u00d4NE\nCommandeur de la L\u00e9gion d'honneur\nCommandeur de l'ordre national du M\u00e9rite\nVu le code de la route ;\nVu le code de la sant\u00e9 publique ;\nVu le code de l'entr\u00e9e et du s\u00e9jour des \u00e9trangers et du droit d'asile ;\nVu la loi n\u00b0 82-213 du 2 mars 1982 modifi\u00e9e relative aux droits et libert\u00e9s des communes, des  \nd\u00e9partements et des r\u00e9gions ;\nVu la loi d'orientation n\u00b0 92-125 du 6 f\u00e9vrier 1992 modifi\u00e9e relative \u00e0 l'administration territoriale de  \nla R\u00e9publique ;\nVu la loi n\u00b0 2015-29 du 16 janvier 2015 relative \u00e0 la d\u00e9limitation des r\u00e9gions, aux \u00e9lections r\u00e9gionales  \net d\u00e9partementales et modifiant le calendrier \u00e9lectoral ;\nVu le d\u00e9cret n\u00b0 2004-374 du 29 avril 2004 modifi\u00e9 relatif aux pouvoirs des pr\u00e9fets, \u00e0 l'organisation et \n\u00e0 l'action des services de l'\u00c9tat dans les r\u00e9gions et d\u00e9partements ;\nVu le d\u00e9cret n\u00b0 2015-510 du 7 mai 2015 portant charte de la d\u00e9concentration ;\nVu l'arr\u00eat\u00e9 du 13 mars 2020 portant nomination de Mme Fran\u00e7oise NOARS, inspectrice g\u00e9n\u00e9rale de  \nla  sant\u00e9  publique  v\u00e9t\u00e9rinaire  de  classe  exceptionnelle,  secr\u00e9taire  g\u00e9n\u00e9rale  pour  les  affaires \nr\u00e9gionales aupr\u00e8s du pr\u00e9fet de la r\u00e9gion Auvergne-Rh\u00f4ne-Alpes, pr\u00e9fet de la zone d\u00e9fense et de  \ns\u00e9curit\u00e9 Sud-Est, pr\u00e9fet du Rh\u00f4ne, \u00e0 compter du 16 mars 2020 ;\nVu le d\u00e9cret du 11 janvier 2023 en conseil des ministres portant nomination de Mme Fabienne  \nBUCCIO en qualit\u00e9 de pr\u00e9f\u00e8te de la r\u00e9gion Auvergne-Rh\u00f4ne-Alpes, pr\u00e9f\u00e8te de la zone de d\u00e9fense et  \nde s\u00e9curit\u00e9 Sud-Est, pr\u00e9f\u00e8te du Rh\u00f4ne (hors classe) ;\nVu le proc\u00e8s-verbal d'installation de Mme Fabienne BUCCIO en qualit\u00e9 de pr\u00e9f\u00e8te de la r\u00e9gion  \nAuvergne-Rh\u00f4ne-Alpes, pr\u00e9f\u00e8te de la zone de d\u00e9fense et de s\u00e9curit\u00e9 Sud-Est, pr\u00e9f\u00e8te du Rh\u00f4ne, \u00e0  \ncompter du 30 janvier 2023 ;\n1/3\n69_Pr\u00e9f_Pr\u00e9fecture du Rh\u00f4ne - 69-2025-09-26-00008 - Arr\u00eat\u00e9 pr\u00e9fectoral portant d\u00e9l\u00e9gation de signature pour les p\u00e9riodes de\npermanence 57\nVu le d\u00e9cret du 31 mai 2023 portant nomination de la sous-pr\u00e9f\u00e8te charg\u00e9e de mission aupr\u00e8s de la  \npr\u00e9f\u00e8te de la r\u00e9gion Auvergne-Rh\u00f4ne-Alpes, pr\u00e9f\u00e8te de la zone de d\u00e9fense et de s\u00e9curit\u00e9 Sud-Est,  \npr\u00e9f\u00e8te du Rh\u00f4ne - Mme Charlotte CREPON ; \nVu le d\u00e9cret du 24 avril 2024 portant nomination du sous-pr\u00e9fet de Villefranche-sur-Sa\u00f4ne - M. Jean-\nMarc GALLAND ;\nVu le d\u00e9cret du 3 juillet 2024 portant nomination de la secr\u00e9taire g\u00e9n\u00e9rale adjointe de la pr\u00e9fecture \ndu Rh\u00f4ne (groupe IV), sous-pr\u00e9f\u00e8te charg\u00e9e de mission aupr\u00e8s de la pr\u00e9f\u00e8te de la r\u00e9gion Auvergne-\nRh\u00f4ne-Alpes, pr\u00e9f\u00e8te de la zone de d\u00e9fense et de s\u00e9curit\u00e9 Sud-Est, pr\u00e9f\u00e8te du Rh\u00f4ne - Mme Judith  \nHUSSON ;\nVu le d\u00e9cret du 6 novembre 2024 en conseil des ministres portant nomination du pr\u00e9fet d\u00e9l\u00e9gu\u00e9  \npour la d\u00e9fense et la s\u00e9curit\u00e9 aupr\u00e8s de la pr\u00e9f\u00e8te de la r\u00e9gion Auvergne-Rh\u00f4ne-Alpes, pr\u00e9f\u00e8te de la  \nzone de d\u00e9fense et de s\u00e9curit\u00e9 Sud-Est, pr\u00e9f\u00e8te du Rh\u00f4ne \u2013  M. Antoine GUERIN ;\nVu le d\u00e9cret du 15 mai 2025 portant nomination du pr\u00e9fet, secr\u00e9taire g\u00e9n\u00e9ral de la pr\u00e9fecture du  \nRh\u00f4ne, pr\u00e9fet d\u00e9l\u00e9gu\u00e9 pour l'\u00e9galit\u00e9 des chances aupr\u00e8s de la pr\u00e9f\u00e8te de la r\u00e9gion Auvergne-Rh\u00f4ne-\nAlpes, pr\u00e9f\u00e8te de la zone de d\u00e9fense et de s\u00e9curit\u00e9 Sud-Est, pr\u00e9f\u00e8te du Rh\u00f4ne - M. Fabrice ROSAY ;\nVu le d\u00e9cret du 23 mai 2025 portant nomination de la sous-pr\u00e9f\u00e8te charg\u00e9e de mission aupr\u00e8s du  \npr\u00e9fet de la r\u00e9gion Auvergne-Rh\u00f4ne-Alpes, pr\u00e9fet de la zone de d\u00e9fense et de s\u00e9curit\u00e9 Sud-Est,  \npr\u00e9fet du Rh\u00f4ne - Mme Anne LAYBOURNE ;\nVu le d\u00e9cret du 5 septembre 2025 portant nomination du directeur de cabinet de la pr\u00e9f\u00e8te de la  \nr\u00e9gion Auvergne-Rh\u00f4ne-Alpes, pr\u00e9f\u00e8te de la zone de d\u00e9fense et de s\u00e9curit\u00e9 Sud-Est, pr\u00e9f\u00e8te du  \nRh\u00f4ne - M. Lucas TURGIS ;\nSur proposition du pr\u00e9fet, secr\u00e9taire g\u00e9n\u00e9ral de la pr\u00e9fecture ;\nARR\u00caTE\nArticle 1 : Les personnes ci-apr\u00e8s d\u00e9sign\u00e9es : \nM. Antoine GUERIN,  M. Fabrice ROSAY, M. Lucas TURGIS,  Mme  Judith HUSSON ,  Mme Charlotte  \nCREPON, Mme Anne LAYBOURNE,  M. Jean-Marc GALLAND  et  Mme Fran\u00e7oise NOARS  re\u00e7oivent \nd\u00e9l\u00e9gation de signature, pour les p\u00e9riodes de permanence et dans le ressort du d\u00e9partement du  \nRh\u00f4ne,  \u00e0  l'effet  de  prendre  toute  d\u00e9cision  n\u00e9cessit\u00e9e  par  l'exercice  de  la  permanence  et \nnotamment :\n\u2022 dans le domaine de la l\u00e9gislation et de la r\u00e9glementation relative \u00e0 l'entr\u00e9e et au s\u00e9jour des  \n\u00e9trangers en France y compris les requ\u00eates introductives d'instance et d'appel, ainsi que les  \nm\u00e9moires en d\u00e9fense aupr\u00e8s des diff\u00e9rentes juridictions ;\n\u2022 en ce qui concerne  l'admission en soins psychiatriques sans consentement des personnes  \ndont les troubles mentaux compromettent la s\u00fbret\u00e9 des personnes ou portent atteinte, de  \nfa\u00e7on grave \u00e0 l'ordre public ;\n\u2022 pour la mise en \u0153uvre des articles L 224-2 du code de la route ;\n\u2022 dans la mise en \u0153uvre des d\u00e9cisions et actes pris dans les domaines de la s\u00e9curit\u00e9 et de la  \nprotection civiles, ainsi que de la gestion de crise.\nArticle  2  :  Pour  les  p\u00e9riodes  de  permanence  et  dans  le  ressort  du  d\u00e9partement  du  Rh\u00f4ne, \nd\u00e9l\u00e9gation de signature est donn\u00e9e \u00e0 l'effet de prendre toute d\u00e9cision relative aux suspensions de  \npermis de conduire, aux personnes suivantes :\n\u2022 Mme la commissaire g\u00e9n\u00e9rale de police Patricia GONACHON,\n\u2022 M. le commissaire Marwan LARAICH,\n\u2022 M. le commandant de police St\u00e9phane CERNA,\n2/3\n69_Pr\u00e9f_Pr\u00e9fecture du Rh\u00f4ne - 69-2025-09-26-00008 - Arr\u00eat\u00e9 pr\u00e9fectoral portant d\u00e9l\u00e9gation de signature pour les p\u00e9riodes de\npermanence 58\n\u2022 M. le commandant de police Laurent HYP ,\n\u2022 M. le colonel de gendarmerie Philippe VAILLER,\n\u2022 M. le lieutenant-colonel de gendarmerie S\u00e9bastien ARNAUD,\n\u2022 M. l'adjudant-chef de gendarmerie Jean-Fran\u00e7ois GOMEZ,\n\u2022 M. Th\u00e9o RIVOIRE, attach\u00e9 principal,\n\u2022 M. Pierre CARAT, attach\u00e9 principal,\n\u2022 Mme C\u00e9drine ETIENNE, attach\u00e9e,\n\u2022 Mme Anne PUCHOIS, attach\u00e9e,\n\u2022 M. Raouf SELLAMI, attach\u00e9.\nArticle  3  :   Le  pr\u00e9sent  arr\u00eat\u00e9  peut  faire  l'objet  d'un  recours  contentieux  devant  le  tribunal \nadministratif  de  Lyon  dans  un  d\u00e9lai  de  deux  mois  \u00e0  compter  de  sa  publication.  Le  tribunal \nadministratif peut \u00eatre saisi d'une requ\u00eate d\u00e9pos\u00e9e sur le site www.telerecours.fr.\nArticle 4 : Le pr\u00e9fet, secr\u00e9taire g\u00e9n\u00e9ral de la pr\u00e9fecture, est charg\u00e9 de l'ex\u00e9cution du pr\u00e9sent arr\u00eat\u00e9 \nqui sera publi\u00e9 au recueil des actes administratifs de la pr\u00e9fecture du Rh\u00f4ne.\n3/3\nLa pr\u00e9f\u00e8te,\nSign\u00e9\nFabienne BUCCIO\n69_Pr\u00e9f_Pr\u00e9fecture du Rh\u00f4ne - 69-2025-09-26-00008 - Arr\u00eat\u00e9 pr\u00e9fectoral portant d\u00e9l\u00e9gation de signature pour les p\u00e9riodes de\npermanence 59\n69_Pr\u00e9f_Pr\u00e9fecture du Rh\u00f4ne\n69-2025-09-24-00008\nArr\u00eat\u00e9 portant agr\u00e9ment d'un centre de\nformation taxi n\u00b069-25-001\n69_Pr\u00e9f_Pr\u00e9fecture du Rh\u00f4ne - 69-2025-09-24-00008 - Arr\u00eat\u00e9 portant agr\u00e9ment d'un centre de formation taxi n\u00b069-25-001 60\neaPREFETEDU RHONELibert\u00e9Egalit\u00e9Fraternit\u00e9\nPr\u00e9fecture\nDirection de la S\u00e9curit\u00e9 \net de la Protection Civile\nBureau des Polices Administratives\nAffaire suivie par : C\u00e9cile DAFFIX\nT\u00e9l : 04.72.61.65.53\nCourriel : c\u00e9cile.daffix@rhone.gouv.fr\nARR\u00caT\u00c9 PR\u00c9FECTORAL \nPortant agr\u00e9ment d'un centre de formation TAXI n\u00b0 69-25-001\nLa Pr\u00e9f\u00e8te de la R\u00e9gion Auvergne-Rh\u00f4ne-Alpes\nPr\u00e9f\u00e8te du Rh\u00f4ne\nCommandeur de la L\u00e9gion d'Honneur\nCommandeur de l'Ordre National du M\u00e9rite\nVU le Code des Transports, notamment son article R.3120-9 ;\nVU le code des relations entre le public et l'administration, notamment le titre Ier de son livre III;\nVU la loi N\u00b0 2014-1104 du 1 er octobre 2014 relative aux taxis et aux voitures de transport avec  \nchauffeur ;\nVU le d\u00e9cret N\u00b0 2014-1725 du 30 d\u00e9cembre 2014 relatif au transport public particulier de personnes ;\nVU l'arr\u00eat\u00e9 du 11 ao\u00fbt 2017 relatif \u00e0 l'agr\u00e9ment des centres de formation habilit\u00e9s \u00e0 dispenser la  \nformation initiale et continue des conducteurs de taxi et des conducteurs de voiture de transport avec  \nchauffeur;\nVU l'arr\u00eat\u00e9 du 11 ao\u00fbt 2017 relatif \u00e0 la formation continue des conducteurs de taxi et des conducteurs de  \nvoiture de transport avec chauffeur et \u00e0 la mobilit\u00e9 des conducteurs de taxi;\nVU la demande d'agr\u00e9ment d'un \u00e9tablissement d'enseignement assurant la pr\u00e9paration \u00e0 la formation  \ninitiale, continue et \u00e0 la mobilit\u00e9 des conducteurs de taxi , d\u00e9pos\u00e9e en date du 17 mars 2025, compl\u00e9t\u00e9e  \nle 27 juin 2025, par Madame Christelle OBERHOLZ, agissant en qualit\u00e9 de Directrice G\u00e9n\u00e9rale de la  \nsoci\u00e9t\u00e9 par actions simplifi\u00e9e \u00ab  ECF-CENTRE D'EDUCATION ET DE SECURITE ROUTIERE 69\u00bb  \ndont le si\u00e8ge social est situ\u00e9 55 Boulevard des Droits de l'Homme 69120 Vaulx en Velin ;\nConsid\u00e9rant que le dossier pr\u00e9sent\u00e9 remplit les conditions r\u00e9glementaires ;\nSur proposition de Monsieur le Directeur de la S\u00e9curit\u00e9 et de la Protection Civile:\n.../\u2026\nAdresse postale: Pr\u00e9fecture du Rh\u00f4ne \u2013 69419 Lyon cedex 03\nPour conna\u00eetre nos horaires et nos modalit\u00e9s d'accueil     : internet   www.rhone.gouv.fr   ou t\u00e9l.     : 04 72 61 61 61 (co\u00fbt d'un appel local)  \nLyon, le 24 septembre 2025\n69_Pr\u00e9f_Pr\u00e9fecture du Rh\u00f4ne - 69-2025-09-24-00008 - Arr\u00eat\u00e9 portant agr\u00e9ment d'un centre de formation taxi n\u00b069-25-001 61\nARR\u00caTE\nArticle 1  er   : La soci\u00e9t\u00e9 par actions simplifi\u00e9e \u00ab ECF-CENTRE D'EDUCATION ET DE SECURITE  \nROUTIERE 69 \u00bb sise 55 Boulevard des Droits de l'Homme \u00e0 Vaulx en Velin (69120) repr\u00e9sent\u00e9e par la \nDirectrice G\u00e9n\u00e9rale Madame Christelle OBERHOLZ, est agr\u00e9\u00e9e sous le N\u00b069-25-001 pour exploiter un  \n\u00e9tablissement d'enseignement assurant la formation initiale, continue et \u00e0 la mobilit\u00e9 des conducteurs de  \ntaxi.\nArticle 2 : Cet agr\u00e9ment est d\u00e9livr\u00e9 pour une p\u00e9riode de 5 ans. La demande de renouvellement doit \u00eatre  \nformul\u00e9e trois mois avant l'\u00e9ch\u00e9ance du pr\u00e9sent agr\u00e9ment, \u00e0 l'initiative du titulaire. \nArticle 3: Le responsable p\u00e9dagogique des formations est Madame St\u00e9phanie BOUDIER.\nLes stages de formation se d\u00e9rouleront dans les locaux suivants : 55 Boulevard des Droits de l'Homme  \n69120 Vaulx en Velin.\nArticle 4 : L'exploitant est tenu :\n \n1\u00b0  d'afficher  dans  ses  locaux,  de  mani\u00e8re  visible  \u00e0  tous,  le  num\u00e9ro  d'agr\u00e9ment,  les\nconditions financi\u00e8res des cours, le programme de formation, le calendrier et les horaires\ndes enseignements propos\u00e9s aux candidats;\n2\u00b0  de  faire  figurer  le  num\u00e9ro  d'agr\u00e9ment  sur  toute  correspondance  et  tout  document\ncommercial;\n3\u00b0 d'informer le Pr\u00e9fet de tout changement dans les indications du dossier d\u00e9pos\u00e9 pour\nl'obtention du pr\u00e9sent agr\u00e9ment.\nArticle 5 : En cas d'inobservation des dispositions des a rr\u00eat\u00e9s du 11 ao\u00fbt 2017 relatifs \u00e0 l'agr\u00e9ment des  \ncentres de formation habilit\u00e9s \u00e0 dispenser la formation initiale et continue des conducteurs de taxi et des  \nconducteurs de voiture de transport avec chauffeur et \u00e0 la mobilit\u00e9 des conducteurs de taxi, et des  \ndispositions du pr\u00e9sent arr\u00eat\u00e9, ainsi qu'en cas de dysfonctionnements constat\u00e9s \u00e0 la suite d'un contr\u00f4le  \nadministratif ou p\u00e9dagogique, le pr\u00e9sent agr\u00e9ment peut-\u00eatre suspendu ou retir\u00e9.\nArticle 6  : Le dirigeant du centre de formation adresse \u00e0 la pr\u00e9fecture, au plus tard le 31 janvier de  \nchaque ann\u00e9e, un rapport d'activit\u00e9 annuel qui comprend les informations suivantes :\n1\u00b0 le nombre de personnes ayant suivi les formations pr\u00e9paratoires \u00e0 l'examen et les taux de r\u00e9ussite  \nobtenus aux examens d'acc\u00e8s \u00e0 la profession de conducteur de voiture de transport avec chauffeur ;\n2\u00b0 le nombre et l'identit\u00e9 des conducteurs ayant suivi la formation continue;\n3\u00b0 le nombre et l'identit\u00e9 des conducteurs ayant suivi les stages de formation \u00e0 la mobilit\u00e9.\nCe rapport annuel est communicable \u00e0 toute personne qui en fait la demande dans les conditions  \npr\u00e9vues au titre Ier du livre III du code des relations entre le public et l'administration.\nArticle 7 : Le Directeur de la S\u00e9curit\u00e9 et de la Protection Civile est charg\u00e9 de l'ex\u00e9cution du pr\u00e9sent  \narr\u00eat\u00e9 qui sera publi\u00e9 au recueil des actes administratifs de la pr\u00e9fecture du Rh\u00f4ne.\nPour la pr\u00e9f\u00e8te,\nLa cheffe de la section \nr\u00e9glementation routi\u00e8re\nC\u00e9cile DAFFIX\n69_Pr\u00e9f_Pr\u00e9fecture du Rh\u00f4ne - 69-2025-09-24-00008 - Arr\u00eat\u00e9 portant agr\u00e9ment d'un centre de formation taxi n\u00b069-25-001 62\n69_Pr\u00e9f_Pr\u00e9fecture du Rh\u00f4ne\n69-2025-09-24-00002\nArr\u00eat\u00e9 portant agr\u00e9ment d'un centre de\nformation VTC n\u00b0 69-25-003\n69_Pr\u00e9f_Pr\u00e9fecture du Rh\u00f4ne - 69-2025-09-24-00002 - Arr\u00eat\u00e9 portant agr\u00e9ment d'un centre de formation VTC n\u00b0 69-25-003 63\nesPREFETEDU RHONELibert\u00e9Egalit\u00e9Fraternit\u00e9\nPr\u00e9fecture\nDirection de la S\u00e9curit\u00e9 \net de la Protection Civile\nBureau des Polices Administratives\nAffaire suivie par : C\u00e9cile DAFFIX\nT\u00e9l : 04.72.61.65.53\nCourriel : c\u00e9cile.daffix@rhone.gouv.fr\nARR\u00caT\u00c9 PR\u00c9FECTORAL \nPortant agr\u00e9ment d'un centre de formation VTC n\u00b0 VTC-69-25-003\nLa Pr\u00e9f\u00e8te de la R\u00e9gion Auvergne-Rh\u00f4ne-Alpes\nPr\u00e9f\u00e8te du Rh\u00f4ne\nCommandeur de la L\u00e9gion d'Honneur\nCommandeur de l'Ordre National du M\u00e9rite\nVU le Code des Transports, notamment son article R.3120-9 ;\nVU le code des relations entre le public et l'administration, notamment le titre Ier de son livre III;\nVU la loi N\u00b0 2014-1104 du 1 er octobre 2014 relative aux taxis et aux voitures de transport avec  \nchauffeur ;\nVU le d\u00e9cret N\u00b0 2014-1725 du 30 d\u00e9cembre 2014 relatif au transport public particulier de personnes ;\nVU l'arr\u00eat\u00e9 du 11 ao\u00fbt 2017 relatif \u00e0 l'agr\u00e9ment des centres de formation habilit\u00e9s \u00e0 dispenser la  \nformation initiale et continue des conducteurs de taxi et des conducteurs de voiture de transport avec  \nchauffeur;\nVU l'arr\u00eat\u00e9 du 11 ao\u00fbt 2017 relatif \u00e0 la formation continue des conducteurs de taxi et des conducteurs de  \nvoiture de transport avec chauffeur et \u00e0 la mobilit\u00e9 des conducteurs de taxi;\nVU la demande d'agr\u00e9ment d'un \u00e9tablissement d'enseignement assurant la formation initiale et continue \nde conducteur de voiture de transport avec chauffeur , d\u00e9pos\u00e9e en date du 17 mars 2025, compl\u00e9t\u00e9e les  \n27 juin et 19 ao\u00fbt 2025, par Madame Christelle OBERHOLZ, agissant en qualit\u00e9 de Directrice G\u00e9n\u00e9rale  \nde la soci\u00e9t\u00e9 par actions simplifi\u00e9e \u00ab  ECF-CENTRE D'EDUCATION ET DE SECURITE ROUTIERE  \n69\u00bb dont le si\u00e8ge social est situ\u00e9 55 Boulevard des Droits de l'Homme 69120 Vaulx en Velin ;\nConsid\u00e9rant que le dossier pr\u00e9sent\u00e9 remplit les conditions r\u00e9glementaires ;\nSur proposition de Monsieur le Directeur de la S\u00e9curit\u00e9 et de la Protection Civile:\n.../\u2026\nAdresse postale: Pr\u00e9fecture du Rh\u00f4ne \u2013 69419 Lyon cedex 03\nPour conna\u00eetre nos horaires et nos modalit\u00e9s d'accueil     : internet   www.rhone.gouv.fr   ou t\u00e9l.     : 04 72 61 61 61 (co\u00fbt d'un appel local)  \nLyon, le 24 septembre 2025\n69_Pr\u00e9f_Pr\u00e9fecture du Rh\u00f4ne - 69-2025-09-24-00002 - Arr\u00eat\u00e9 portant agr\u00e9ment d'un centre de formation VTC n\u00b0 69-25-003 64\nARR\u00caTE\nArticle 1  er   : La soci\u00e9t\u00e9 par actions simplifi\u00e9e \u00ab ECF-CENTRE D'EDUCATION ET DE SECURITE  \nROUTIERE 69 \u00bb sise 55 Boulevard des Droits de l'Homme \u00e0 Vaulx en Velin (69120) repr\u00e9sent\u00e9e par la \nDirectrice  G\u00e9n\u00e9rale  Madame  Christelle  OBERHOLZ,  est  agr\u00e9\u00e9e  sous  le  N\u00b0VTC-69-25-003  pour  \nexploiter un \u00e9tablissement d'enseignement assurant la formation initiale et continue de conducteur de  \nvoiture de transport avec chauffeur.\nArticle 2 : Cet agr\u00e9ment est d\u00e9livr\u00e9 pour une p\u00e9riode de 5 ans. La demande de renouvellement doit \u00eatre  \nformul\u00e9e trois mois avant l'\u00e9ch\u00e9ance du pr\u00e9sent agr\u00e9ment, \u00e0 l'initiative du titulaire. \nArticle 3: Le responsable p\u00e9dagogique des formations est Madame St\u00e9phanie BOUDIER.\nLes stages de formation se d\u00e9rouleront dans les locaux suivants : 55 Boulevard des Droits de l'Homme  \n69120 Vaulx en Velin.\nArticle 4 : L'exploitant est tenu :\n \n1\u00b0  d'afficher  dans  ses  locaux,  de  mani\u00e8re  visible  \u00e0  tous,  le  num\u00e9ro  d'agr\u00e9ment,  les\nconditions financi\u00e8res des cours, le programme de formation, le calendrier et les horaires\ndes enseignements propos\u00e9s aux candidats;\n2\u00b0  de  faire  figurer  le  num\u00e9ro  d'agr\u00e9ment  sur  toute  correspondance  et  tout  document\ncommercial;\n3\u00b0 d'informer le Pr\u00e9fet de tout changement dans les indications du dossier d\u00e9pos\u00e9 pour\nl'obtention du pr\u00e9sent agr\u00e9ment.\nArticle 5 : En cas d'inobservation des dispositions des a rr\u00eat\u00e9s du 11 ao\u00fbt 2017 relatifs \u00e0 l'agr\u00e9ment des  \ncentres de formation habilit\u00e9s \u00e0 dispenser la formation initiale et continue des conducteurs de taxi et des  \nconducteurs de voiture de transport avec chauffeur et \u00e0 la mobilit\u00e9 des conducteurs de taxi, et des  \ndispositions du pr\u00e9sent arr\u00eat\u00e9, ainsi qu'en cas de dysfonctionnements constat\u00e9s \u00e0 la suite d'un contr\u00f4le  \nadministratif ou p\u00e9dagogique, le pr\u00e9sent agr\u00e9ment peut-\u00eatre suspendu ou retir\u00e9.\nArticle 6  : Le dirigeant du centre de formation adresse \u00e0 la pr\u00e9fecture, au plus tard le 31 janvier de  \nchaque ann\u00e9e, un rapport d'activit\u00e9 annuel qui comprend les informations suivantes :\n1\u00b0 le nombre de personnes ayant suivi les formations pr\u00e9paratoires \u00e0 l'examen et les taux de r\u00e9ussite  \nobtenus aux examens d'acc\u00e8s \u00e0 la profession de conducteur de voiture de transport avec chauffeur ;\n2\u00b0 le nombre et l'identit\u00e9 des conducteurs ayant suivi la formation continue;\n3\u00b0 le nombre et l'identit\u00e9 des conducteurs ayant suivi les stages de formation \u00e0 la mobilit\u00e9.\nCe rapport annuel est communicable \u00e0 toute personne qui en fait la demande dans les conditions  \npr\u00e9vues au titre Ier du livre III du code des relations entre le public et l'administration.\nArticle 7 : Le Directeur de la S\u00e9curit\u00e9 et de la Protection Civile est charg\u00e9 de l'ex\u00e9cution du pr\u00e9sent  \narr\u00eat\u00e9 qui sera publi\u00e9 au recueil des actes administratifs de la pr\u00e9fecture du Rh\u00f4ne.\nPour la Pr\u00e9f\u00e8te,\nLa cheffe de la section \nr\u00e9glementation routi\u00e8re\nC\u00e9cile DAFFIX\n69_Pr\u00e9f_Pr\u00e9fecture du Rh\u00f4ne - 69-2025-09-24-00002 - Arr\u00eat\u00e9 portant agr\u00e9ment d'un centre de formation VTC n\u00b0 69-25-003 65\n69_Pr\u00e9f_Pr\u00e9fecture du Rh\u00f4ne\n69-2025-09-24-00001\nArret\u00e9 portant renouvellement de l'agr\u00e9ment\nd'un centre de formation taxi n\u00b069-20-001\n69_Pr\u00e9f_Pr\u00e9fecture du Rh\u00f4ne - 69-2025-09-24-00001 - Arret\u00e9 portant renouvellement de l'agr\u00e9ment d'un centre de formation taxi\nn\u00b069-20-001 66\nesPREFETEDU RHONELibert\u00e9Egalit\u00e9Fraternit\u00e9\nPr\u00e9fecture\nDirection de la S\u00e9curit\u00e9 \net de la Protection Civile\nBureau des Polices Administratives\nAffaire suivie par : C\u00e9cile DAFFIX\nT\u00e9l : 04.72.61.65.53\nCourriel : c\u00e9cile.daffix@rhone.gouv.fr\nARR\u00caT\u00c9 PR\u00c9FECTORAL\nPortant renouvellement de l'agr\u00e9ment d'un centre de formation taxi n\u00b0 69-20-001\nLa Pr\u00e9f\u00e8te de la R\u00e9gion Auvergne-Rh\u00f4ne-Alpes\nPr\u00e9f\u00e8te du Rh\u00f4ne\nCommandeur de la L\u00e9gion d'Honneur\nCommandeur de l'Ordre National du M\u00e9rite\nVU le Code des Transports, notamment son article R.3120-9 ;\nVU le code des relations entre le public et l'administration, notamment le titre Ier de son livre III;\nVU la loi N\u00b0 2014-1104 du 1 er octobre 2014 relative aux taxis et aux voitures de transport avec  \nchauffeur ;\nVU le d\u00e9cret N\u00b0 2014-1725 du 30 d\u00e9cembre 2014 relatif au transport public particulier de personnes ;\nVu l'arr\u00eat\u00e9 du 11 ao\u00fbt 2017 relatif \u00e0 l'agr\u00e9ment des centres de formation habilit\u00e9s \u00e0 dispenser la  \nformation initiale et continue des conducteurs de taxi et des conducteurs de voiture de transport avec  \nchauffeur;\nVU l'arr\u00eat\u00e9 du 11 ao\u00fbt 2017 relatif \u00e0 la formation continue des conducteurs de taxi et des conducteurs de  \nvoiture de transport avec chauffeur et \u00e0 la mobilit\u00e9 des conducteurs de taxi;\nVU l'arr\u00eat\u00e9 pr\u00e9fectoral n\u00b0 69-2020-10-09-001 portant a gr\u00e9ment pr\u00e9fectoral N\u00b0 69-20-001 d\u00e9livr\u00e9 le  \n9 octobre 2020 ;\nVU  la  demande  de  renouvellement  d'agr\u00e9ment  d\u00e9pos\u00e9e  par  le  centre  de  formation  \u00abECOLE \nFRANCAISE DU TAXI \u00bb en date du 25 juillet 2025 compl\u00e9t\u00e9e le 27 ao\u00fbt 2025 ;\nConsid\u00e9rant que le dossier pr\u00e9sent\u00e9 remplit les conditions r\u00e9glementaires ;\nSur proposition de Monsieur le Directeur de la S\u00e9curit\u00e9 et de la Protection Civile:\nPr\u00e9fecture du Rh\u00f4ne \n69419 Lyon cedex 03 \n04 72 61 61 61\n  www.rhone.gouv.fr\nLyon, le 24 septembre 2025\n69_Pr\u00e9f_Pr\u00e9fecture du Rh\u00f4ne - 69-2025-09-24-00001 - Arret\u00e9 portant renouvellement de l'agr\u00e9ment d'un centre de formation taxi\nn\u00b069-20-001 67\nARRETE\nArticle  1  er   :  Est  renouvel\u00e9  pour  5  ans,  l'agr\u00e9ment  N\u00b0  69-20-001  d\u00e9livr\u00e9  au  centre  de  formation  \n\u00ab ECOLE FRANCAISE DU TAXI \u00bb sise 5 place du Chateau-69140 RILLIEUX LA PAPE, repr\u00e9sent\u00e9  \npar Monsieur Bileyl SGHAIER pour exploiter un \u00e9tablissement d'enseignement assurant la pr\u00e9paration  \n\u00e0 l'examen, \u00e0 la formation continue et \u00e0 la mobilit\u00e9 des conducteurs de taxi.\nLa demande de renouvellement doit \u00eatre formul\u00e9e trois mois avant l'\u00e9ch\u00e9ance du pr\u00e9sent agr\u00e9ment.\nArticle 2: Le responsable p\u00e9dagogique des formations est Monsieur Bileyl SGHAIER. \nLes stages de formation se d\u00e9rouleront dans les locaux suivants :  5 place du Chateau-69140 RILLIEUX \nLA PAPE\nArticle 3 : L'exploitant est tenu :\n \n1\u00b0  d'afficher  dans  ses  locaux,  de  mani\u00e8re  visible  \u00e0  tous,  le  num\u00e9ro  d'agr\u00e9ment,  les  \nconditions financi\u00e8res des cours, le programme de formation, le calendrier et les horaires \ndes enseignements propos\u00e9s aux candidats;\n2\u00b0  de  faire  figurer  le  num\u00e9ro  d'agr\u00e9ment  sur  toute  correspondance  et  tout  document  \ncommercial;\n3\u00b0 d'informer le Pr\u00e9fet de tout changement dans les indications du dossier d\u00e9pos\u00e9 pour  \nl'obtention du pr\u00e9sent agr\u00e9ment.\nArticle 4 : En cas d'inobservation des dispositions des a rr\u00eat\u00e9s du 11 ao\u00fbt 2017 relatifs \u00e0 l'agr\u00e9ment des  \ncentres de formation habilit\u00e9s \u00e0 dispenser la formation initiale et continue des conducteurs de taxi et des  \nconducteurs de voiture de transport avec chauffeur et \u00e0 la mobilit\u00e9 des conducteurs de taxi, et des  \ndispositions du pr\u00e9sent arr\u00eat\u00e9, ainsi qu'en cas de dysfonctionnements constat\u00e9s \u00e0 la suite d'un contr\u00f4le  \nadministratif ou p\u00e9dagogique, le pr\u00e9sent agr\u00e9ment peut-\u00eatre suspendu ou retir\u00e9.\nArticle 5  : Le dirigeant du centre de formation adresse \u00e0 la pr\u00e9fecture, au plus tard le 31 janvier de  \nchaque ann\u00e9e, un rapport d'activit\u00e9 annuel qui comprend les informations suivantes :\n1\u00b0 le nombre de personnes ayant suivi les formations pr\u00e9paratoires \u00e0 l'examen et les taux de r\u00e9ussite  \nobtenus aux examens d'acc\u00e8s \u00e0 la profession de conducteur de taxi;\n2\u00b0 le nombre et l'identit\u00e9 des conducteurs de taxi ayant suivi la formation continue;\n3\u00b0 le nombre et l'identit\u00e9 des conducteurs ayant suivi les stages de formation \u00e0 la mobilit\u00e9.\nCe rapport annuel est communicable \u00e0 toute personne qui en fait la demande dans les conditions  \npr\u00e9vues au titre Ier du livre III du code des relations entre le public et l'administration.\nArticle 6 : Le Directeur de la S\u00e9curit\u00e9 et de la Protection Civile est charg\u00e9 de l'ex\u00e9cution du pr\u00e9sent  \narr\u00eat\u00e9 qui sera publi\u00e9 au recueil des actes administratifs de la pr\u00e9fecture du Rh\u00f4ne.\n  \nPour la Pr\u00e9f\u00e8te,\nLa cheffe de la section \nr\u00e9glementation routi\u00e8re\nC\u00e9cile DAFFIX\n69_Pr\u00e9f_Pr\u00e9fecture du Rh\u00f4ne - 69-2025-09-24-00001 - Arret\u00e9 portant renouvellement de l'agr\u00e9ment d'un centre de formation taxi\nn\u00b069-20-001 68\n69_Pr\u00e9f_Pr\u00e9fecture du Rh\u00f4ne\n69-2025-09-24-00005\nagr\u00e9ment pour l'exercice de l'activit\u00e9 de\ndomiciliation d'entreprises : Sarl DIPOLE\nCONSEIL - 128 cours Emile Zola 69100\nVilleurbanne,\n69_Pr\u00e9f_Pr\u00e9fecture du Rh\u00f4ne - 69-2025-09-24-00005 - agr\u00e9ment pour l'exercice de l'activit\u00e9 de domiciliation d'entreprises : Sarl\nDIPOLE CONSEIL - 128 cours Emile Zola 69100 Villeurbanne, 69\nPREFETEDU RHONELibert\u00e9Egalit\u00e9Fraternit\u00e9\nDirection des Affaires Juridiques\net de l'Administration Locale\nBureau des r\u00e9glementations,\ndes \u00e9lections et des associations\nAffaire suivie par : Mme Delphine LOPEZ-PERSAT\nT\u00e9l. : 04 72 61 61 29\nCourriel : pref-reglementation-generale@rhone.gouv.fr\nArr\u00eat\u00e9 pr\u00e9fectoral n\u00b0 69-2025-                                    x\nportant agr\u00e9ment pour l'exercice de l'activit\u00e9 de domiciliation d'entreprises\nLa Pr\u00e9f\u00e8te de la R\u00e9gion Auvergne-Rh\u00f4ne-Alpes,\nPr\u00e9f\u00e8te de la Zone de d\u00e9fense et de s\u00e9curit\u00e9 sud-est,\nPr\u00e9f\u00e8te du Rh\u00f4ne,\nCommandeur de la L\u00e9gion d'honneur,\nCommandeur de l'ordre national du M\u00e9rite,\nVU la directive 2005/60  /CE du Parlement et du Conseil du 26 octobre 2005 relative \u00e0 la pr\u00e9vention de\nl'utilisation du syst\u00e8me financier aux fins de blanchiment de capitaux et de financement de terrorisme ;\nVU le code de commerce, notamment ses articles L 123-10 \u00e0 L123-11-8 et R123-166 \u00e0 R123-171 ;\nVU le code mon\u00e9taire et financier, notamment ses articles L.561-2 ;\nVU  l'ordonnance  n\u00b02009-104  du  30  janvier  2009  relative  \u00e0  la  pr\u00e9vention  de  l'utilisation  du  syst\u00e8me\nfinancier aux fins de blanchiment de capitaux et de financement du terrorisme, notamment ses articles 9\net 20 ;\nVU le d\u00e9cret n\u00b02009-1535 du 10 d\u00e9cembre 2009 d\u00e9finissant les modalit\u00e9s de contr\u00f4le du respect des\nobligations relatives \u00e0 la lutte contre le blanchiment de capitaux et le financement du terrorisme par les\npersonnes mentionn\u00e9es aux 8\u00b0, 9\u00b0 et 15\u00b0 de l'article L561-2 du code mon\u00e9taire et financier et relatif \u00e0 la\nCommission nationale des sanctions (articles R. 561-43 \u00e0 R.561-50 du code mon\u00e9taire et financier) ;\nVU le d\u00e9cret n\u00b02009-1695 du 30 d\u00e9cembre 2009 relatif \u00e0 l'agr\u00e9ment des domiciliataires d'entreprises\nsoumises \u00e0 l'immatriculation au registre du commerce et des soci\u00e9t\u00e9s ou au r\u00e9pertoire des m\u00e9tiers\n(articles R123-166-1 \u00e0 R.123-166-5 du code de commerce) ;\nVU le dossier de demande d'agr\u00e9ment re\u00e7u le 23 juillet 2025 et compl\u00e9t\u00e9 le 04 septembre 2025, pour la\nSarl DIPOLE CONSEIL dont les g\u00e9rantes sont Mesdames Mich\u00e8le TARDY et Liya JONINON n\u00e9e LIU , en vue\nd'\u00eatre  autoris\u00e9e  \u00e0  fournir  une  domiciliation  juridique  \u00e0  des  personnes  physiques  ou  morales\nimmatricul\u00e9es au registre du commerce et des soci\u00e9t\u00e9s ;\nCONSID\u00c9RANT que la Sarl DIPOLE CONSEIL remplit les conditions requises pour \u00eatre agr\u00e9\u00e9e en qualit\u00e9\nde domiciliataire d'entreprises ;\nSur proposition de la Directrice des Affaires Juridiques et de l'Administration Locale ;\nPr\u00e9fecture du Rh\u00f4ne\n18 Rue de Bonnel\n69 419 LYON CEDEX 03\nT\u00e9l : 04 72 61 61 61\nwww.rhone.gouv.fr\n1/2\n69_Pr\u00e9f_Pr\u00e9fecture du Rh\u00f4ne - 69-2025-09-24-00005 - agr\u00e9ment pour l'exercice de l'activit\u00e9 de domiciliation d'entreprises : Sarl\nDIPOLE CONSEIL - 128 cours Emile Zola 69100 Villeurbanne, 70\nARR\u00caTE\nArticle     1     :   La Sarl DIPOLE CONSEIL est agr\u00e9\u00e9e pour exercer au sein de son \u00e9tablissement principal situ\u00e9\n128 cours Emile Zola 69100 Villeurbanne, l'activit\u00e9 de domiciliation d'entreprises.\nArticle     2     :   L'agr\u00e9ment portant le num\u00e9ro  2025-12 est accord\u00e9 pour une dur\u00e9e de six ans \u00e0 compter de la\ndate du pr\u00e9sent arr\u00eat\u00e9.\nArticle     3     :   Tout changement substantiel dans l'activit\u00e9, l'installation, l'organisation ou la direction de la\npersonne doit \u00eatre d\u00e9clar\u00e9 \u00e0 la pr\u00e9fecture du Rh\u00f4ne dans le d\u00e9lai de deux mois suivant l'entr\u00e9e en\nvigueur de la modification.\nArticle     4     :   La cr\u00e9ation de tout autre \u00e9tablissement secondaire doit \u00eatre d\u00e9clar\u00e9e \u00e0 la pr\u00e9fecture du Rh\u00f4ne\ndans le d\u00e9lai de deux mois suivant sa cr\u00e9ation.\nArticle     5     :   Tout changement dans l'activit\u00e9, l'installation, l'organisation ou la direction de la personne,\nnon signal\u00e9 dans les d\u00e9lais mentionn\u00e9s aux deux articles pr\u00e9c\u00e9dents peut entra\u00eener la suspension voire le\nretrait de l'agr\u00e9ment.\nArticle     6     :   Les personnes exer\u00e7ant l'activit\u00e9 de domiciliation doivent mettre en \u0153uvre les obligations\nrelatives \u00e0 la lutte contre le blanchiment des capitaux et le financement du terrorisme d\u00e9finis au chapitre\n1er du titre VI du livre V du code mon\u00e9taire et financier.\nArticle     7     :   La demande de renouvellement du pr\u00e9sent agr\u00e9ment doit \u00eatre effectu\u00e9e au plus tard deux\nmois avant expiration de la pr\u00e9sente autorisation.\nArticle     8     :   Le pr\u00e9sent arr\u00eat\u00e9 peut faire l'objet, dans un d\u00e9lai de 2 mois \u00e0 compter de sa publication, d'un\nrecours contentieux aupr\u00e8s du Tribunal Administratif de Lyon, 184 rue Duguesclin 69433 Lyon Cedex 03\nou sur le site www.telerecours.fr.\nArticle     9     :   Le  Pr\u00e9fet,  Secr\u00e9taire  g\u00e9n\u00e9ral,  Pr\u00e9fet  d\u00e9l\u00e9gu\u00e9  pour  l'\u00e9galit\u00e9  des  chances  est  charg\u00e9  de\nl'ex\u00e9cution du pr\u00e9sent arr\u00eat\u00e9 qui sera notifi\u00e9 \u00e0 l'int\u00e9ress\u00e9 et publi\u00e9 au recueil des actes administratifs de\nla pr\u00e9fecture du Rh\u00f4ne. Une copie de l'arr\u00eat\u00e9 sera transmise au greffe du Tribunal de Commerce de\nLyon.\nFait \u00e0 Lyon, le 24 septembre 2025  \nPour La Pr\u00e9f\u00e8te,\nla directrice des affaires juridiques\net de l'administration locale\nCatherine MERIC\n2/2\n69_Pr\u00e9f_Pr\u00e9fecture du Rh\u00f4ne - 69-2025-09-24-00005 - agr\u00e9ment pour l'exercice de l'activit\u00e9 de domiciliation d'entreprises : Sarl\nDIPOLE CONSEIL - 128 cours Emile Zola 69100 Villeurbanne, 71\n69_Pr\u00e9f_Pr\u00e9fecture du Rh\u00f4ne\n69-2025-09-24-00007\nOrdre du jour de la CDAC du 16 octobre 2025\n69_Pr\u00e9f_Pr\u00e9fecture du Rh\u00f4ne - 69-2025-09-24-00007 - Ordre du jour de la CDAC du 16 octobre 2025 72\nPREFETEDU RHONELibert\u00e9Egalit\u00e9Fraternit\u00e9\nDirection des Affaires Juridiques\net de l'Administration Locale\nBureau de l'Urbanisme\net de l'Utilit\u00e9 Publique\nCommission d\u00e9partementale d'am\u00e9nagement commercial (CDAC)\nS\u00e9ance du jeudi 16 octobre 2025\nORDRE DU JOUR\n14h00     :   La  SNC  LIDL sollicite  l'autorisation  de  la  commission  d\u00e9partementale  d'am\u00e9nagement \ncommercial en vue de proc\u00e9der, sur la commune de Lyon (69003), 276 Cours Lafayette, \u00e0 l'extension  \nd'un magasin \u00e0 l'enseigne LIDL de 663  m\u00b2 de surface de vente, portant ainsi sa surface de vente totale  \n\u00e0 1 653 m\u00b2.\nPr\u00e9fecture du Rh\u00f4ne\n18 Rue de Bonnel\n69419 LYON CEDEX 03\nT\u00e9l : 04 72 61 61 61\nwww.rhone.gouv.fr\n69_Pr\u00e9f_Pr\u00e9fecture du Rh\u00f4ne - 69-2025-09-24-00007 - Ordre du jour de la CDAC du 16 octobre 2025 73","date":"2025-09-26","first_seen_on":"2025-09-26T14:44:11+00:00","id":"fdff30c191a325a3ee1ad4b4fd388bef5492460208292c6a29662ac7cf4b072c","name":"RAA_69-2025-244-260925","pdf_creation_date":"2025-09-26T14:11:52+00:00","pdf_modification_date":"2025-09-26T15:12:33+00:00","timezone":"Europe/Paris","url":"https://www.rhone.gouv.fr/contenu/telechargement/65625/442469/file/RAA_69-2025-244-260925.pdf"}
