{"administration":"prefidf","administration_name":"Pr\u00e9fecture de la r\u00e9gion \u00cele-de-France","content":"PREFECTURE\nREGION ILE DE\nFRANCE\nRECUEIL DES ACTES\nADMINISTRATIFS SP\u00c9CIAL\nN\u00b0IDF-010-2025-08\nPUBLI\u00c9 LE  5 AO\u00dbT 2025\nSommaire\nAgence R\u00e9gionale de Sant\u00e9 / service r\u00e9gional des transports sanitaires\nIDF-2025-08-04-00001 - Arr\u00eat\u00e9 n\u00b0 DOS-2025/3614 portant transfert des\nlocaux de la SASU LNV AMBULANCES (93150 Le Blanc-Mesnil) (2 pages) Page 3\nDirection r\u00e9gionale et interd\u00e9partementale de l'alimentation, de\nl'agriculture et de la for\u00eat d'Ile de France /\nIDF-2025-08-05-00001 - Arr\u00eat\u00e9 relatif au retrait d'agr\u00e9ment d'un\nGroupement Agricole d'Exploitation en Commun (GAEC)\n\n (2 pages) Page 6\nSNCF R\u00e9seau /\nIDF-2025-07-29-00020 - D\u00e9cision du 29 juillet 2025 de d\u00e9classement du\ndomaine public (3 pages) Page 9\n2\nAgence R\u00e9gionale de Sant\u00e9\nIDF-2025-08-04-00001\nArr\u00eat\u00e9 n\u00b0 DOS-2025/3614 portant transfert des\nlocaux de la SASU LNV AMBULANCES (93150 Le\nBlanc-Mesnil)\nAgence R\u00e9gionale de Sant\u00e9 - IDF-2025-08-04-00001 - Arr\u00eat\u00e9 n\u00b0 DOS-2025/3614 portant transfert des locaux de la SASU LNV\nAMBULANCES (93150 Le Blanc-Mesnil) 3\nREPUBLIQUEFRANCAISELibert\u00e9Egalit\u00e9Fraternit\u00e9\ne \u00bb Agence R\u00e9gionale de Sant\u00e9Ile-de-France\n \n \n \n \n \n \n \nAGENCE R\u00c9GIONALE DE SANT\u00c9 \u00ceLE-DE-FRANCE \nARR\u00caT\u00c9 N\u00b0DOS-2025/3614 \nportant transfert des locaux de la SASU LNV AMBULANCES \n(93150 Le Blanc-Mesnil) \n \nLE DIRECTEUR G\u00c9N\u00c9RAL DE L'AGENCE R\u00c9GIONALE DE SANT\u00c9 \u00ceLE-DE-FRANCE \n \n \nVU le Code de la Sant\u00e9 Publique et notamment ses articles L.6311-1 \u00e0 L.6311-2, L.6312-1 \u00e0 L.6312-\n5, L.6313-1, R.6312-1 \u00e0 R.6312-23, R.6312-29 \u00e0 R.6312-43, R.6313-5 \u00e0 R.6313-7-1 ; \n \nVU la loi n\u00b0 2009-879 du 21 juillet 2009 portant r\u00e9forme de l'h\u00f4pital et relative aux patients, \u00e0 la sant\u00e9 \net aux territoires ; \n \nVU le d\u00e9cret n\u00b0 2010 -344 du 31 mars 2010 tirant les cons\u00e9quences, au niveau r\u00e8glementaire, de \nl'intervention de la loi n\u00b0 2009 -879 du 21 juillet 2009 portant r\u00e9forme de l'h\u00f4pital et relative aux \npatients, \u00e0 la sant\u00e9 et aux territoires ; \n \nVU le d\u00e9cret du 10 avril 2024  portant nomination de Monsieur Denis ROBIN, Directeur g\u00e9n\u00e9ral de \nl'Agence r\u00e9gionale d'\u00cele de France \u00e0 compter du 29 avril 2024 ; \n \nVU l'arr\u00eat\u00e9 minist\u00e9riel du 21 d\u00e9cembre 1987 modifi\u00e9 relatif \u00e0 la composition du dossier d'agr\u00e9ment \ndes personnes effectuant des transports sanitaires terrestres et au contr\u00f4le des v\u00e9hicules \naffect\u00e9s aux transports sanitaires ; \n \nVU l'arr\u00eat\u00e9 du 12 d\u00e9cembre 2017  modifi\u00e9 fixant les caract\u00e9ristiques et les installations mat\u00e9rielles \nexig\u00e9es pour les v\u00e9hicules affect\u00e9s aux transports sanitaires terrestres ; \n \nVU l'arr\u00eat\u00e9 DS N\u00b0034/2024 du Directeur g\u00e9n\u00e9ral de l'Agence r\u00e9gionale d'\u00cele de France en date du \n29 avril 2024, portant d\u00e9l\u00e9gation de signature \u00e0 Monsieur Arnaud CORVAISIER, Directeur de \nl'offre de soins, et \u00e0 certains de ses collaborateurs ; \n \nVU l'arr\u00eat\u00e9 n\u00b0 DOS-2024/3482 du Directeur g\u00e9n\u00e9ral de l'Agence r\u00e9gionale de sant\u00e9 Ile de France en \ndate du 6 ao\u00fbt 2024 portant agr\u00e9ment sous  le n\u00b0  ARS-IDF-TS/360 de la SASU LNV \nAMBULANCES sise 28 rue Alexandre Boucher \u00e0 Vaujours (93410) , dont la pr\u00e9sidence \nest assur\u00e9e par la HOLDING LNV \n \n \nCONSIDERANT l'accord de transfert des autorisations de mise en service, des v\u00e9hicules de cat\u00e9gorie \nA type B immatricul\u00e9 EQ-864-EX et de cat\u00e9gorie D immatricul\u00e9 FH-558-TZ d\u00e9livr\u00e9 par les services de \nl'ARS Ile-de-France le 9 d\u00e9cembre 2024 ; \n \nCONSIDERANT la demande de modification de l'agr\u00e9ment d\u00e9pos\u00e9e par la responsable l\u00e9gal de la \nHOLDING LNV relative au transfert des locaux ; \n \nCONSIDERANT la conformit\u00e9 du dossier de demande de transfert des locaux aux dispositions de \nl'arr\u00eat\u00e9 du 21 d\u00e9cembre 1987 modifi\u00e9 ci-dessus vis\u00e9 ; \nAgence R\u00e9gionale de Sant\u00e9 - IDF-2025-08-04-00001 - Arr\u00eat\u00e9 n\u00b0 DOS-2025/3614 portant transfert des locaux de la SASU LNV\nAMBULANCES (93150 Le Blanc-Mesnil) 4\n2 \n \n \nCONSIDERANT l'attestation sur l'honneur relative \u00e0 la conformit\u00e9 des installations mat\u00e9rielles, aux \nnormes d\u00e9finies par l'arr\u00eat\u00e9 du 12 d\u00e9cembre 2017 ci -dessus vis\u00e9 ainsi qu'aux normes d'hygi\u00e8ne et de \nsalubrit\u00e9 ; \n \n \nARR\u00caTE \n \nARTICLE 1er : La SASU LNV AMBULANCES est autoris\u00e9e \u00e0 transf\u00e9rer s on si\u00e8ge social et son local \nd'accueil de la patient\u00e8le du 28 rue Alexandre Boucher \u00e0 Vaujours (93410) au 25 avenue Jean Catelas \nau Blanc-Mesnil (93150) \u00e0 la date du pr\u00e9sent arr\u00eat\u00e9. \n \nLe local de d\u00e9sinfection et le garage restent situ\u00e9s 8 rue de la Fraternit\u00e9 \u00e0 Aulnay -sous-Bois (93600).    \n \nARTICLE 2  : La pr\u00e9sente d\u00e9cision peut faire l'objet d'un recours gracieux aupr\u00e8s de Monsieur le \nDirecteur g\u00e9n\u00e9ral de l'Agence r\u00e9gionale de sant\u00e9, sise 13, rue du Landy 93200 Saint-Denis. \n Un recours contentieux peut \u00e9galement \u00eatre d\u00e9pos\u00e9 aupr\u00e8s du tribunal administratif comp\u00e9tent.   \n Le d\u00e9lai de recours est de deux mois \u00e0 compter de la notification de l'arr\u00eat\u00e9 pour l'int\u00e9ress\u00e9 ou de sa \npublication pour les tiers. \n Ces recours n'ont pas pour effet de suspendre le caract\u00e8re ex\u00e9cutoire de la pr\u00e9sente d\u00e9cision.    \n \nARTICLE 3 : Le Directeur de l'offre de soins est charg\u00e9 de l'ex\u00e9cution du pr\u00e9sent arr\u00eat\u00e9, qui sera publi\u00e9 \nau Recueil des Actes Administratifs des services de l'\u00c9tat.  \n \n \n \n \nFait \u00e0 Saint-Denis, le 4 ao\u00fbt 2025       \n \nP/Le Directeur g\u00e9n\u00e9ral \nde l'Agence r\u00e9gionale de sant\u00e9 \nIle-de-France,  \nLa Responsable du service r\u00e9gional \ndes transports sanitaires, \n \n \nSign\u00e9 \n         \n \nS\u00e9verine TEISSEDRE \n \nAgence R\u00e9gionale de Sant\u00e9 - IDF-2025-08-04-00001 - Arr\u00eat\u00e9 n\u00b0 DOS-2025/3614 portant transfert des locaux de la SASU LNV\nAMBULANCES (93150 Le Blanc-Mesnil) 5\nDirection r\u00e9gionale et interd\u00e9partementale de\nl'alimentation, de l'agriculture et de la for\u00eat d'Ile\nde France\nIDF-2025-08-05-00001\nArr\u00eat\u00e9 relatif au retrait d'agr\u00e9ment d'un\nGroupement Agricole d'Exploitation en\nCommun (GAEC)\nDirection r\u00e9gionale et interd\u00e9partementale de l'alimentation, de l'agriculture et de la for\u00eat d'Ile de France - IDF-2025-08-05-00001 -\nArr\u00eat\u00e9 relatif au retrait d'agr\u00e9ment d'un Groupement Agricole d'Exploitation en Commun (GAEC) 6\nPREFET _DE LA REGIOND'\u00ceLE-DE-FRANCELibert\u00e9\u00c9galit\u00e9Fraternit\u00e9\n1 \nDirection R\u00e9gionale et Interd\u00e9partementale  \nde l'Alimentation, de l'Agriculture  \net de la For\u00eat  \n \n \n \n \n \n \nARR\u00caT\u00c9  \n \nRelatif au retrait d'agr\u00e9ment d'un Groupement Agricole d'Exploitation en Commun (GAEC)  \n \n \n \nLe pr\u00e9fet de la r\u00e9gion d'\u00cele-de-France,  \nPr\u00e9fet de Paris,  \nCommandeur de la L\u00e9gion d'honneur,  \nOfficier de l'ordre national du M\u00e9rite,  \n \n \n \nVU les articles L. 323-1 et suivants, ainsi que les articles R. 323-8 et suivants du code rural et de la p\u00eache \nmaritime, relatifs aux Groupements agricoles d'exploitation en commun (GAEC) ; \nVU la loi du 12 novembre 2013 habilitant le Gouvernement \u00e0 simplifier les relations entre l'administration \net les citoyens par ses d\u00e9crets d'application ; \nVU la loi n\u00b0 2012-1170 du 13 octobre 2014 d'avenir de l'agriculture, de l'alimentation et de la for\u00eat \n(LAAAF), et notamment son article 11 ; \nVU le d\u00e9cret n\u00b0 2014-1515 du 15 d\u00e9cembre 2014 relatif aux conditions d'acc\u00e8s des groupements agricoles \nd'exploitation en commun totaux aux aides de la politique agricole commune ; \nVU le d\u00e9cret n\u00b0 2015-215 du 25 f\u00e9vrier 2015 relatif aux conditions et modalit\u00e9s d'agr\u00e9ment des GAEC et \nportant diverses dispositions d'adaptation r\u00e9glementaire ; \nVU le d\u00e9cret n\u00b0 2015-216 du 25 f\u00e9vrier 2015 relatif \u00e0 l'agr\u00e9ment en tant que GAEC ;  \nVU l'arr\u00eat\u00e9 pr\u00e9fectoral IDF-2024-08-21-00002 du 21 ao\u00fbt 2024 portant d\u00e9l\u00e9gation de signature \u00e0 Madame \nMyl\u00e8ne TESTUT-NEVES, directrice r\u00e9gionale et interd\u00e9partementale de l'alimentation, de l'agriculture et \nde la for\u00eat d'\u00cele-de-France, en mati\u00e8re administrative ; \nVU l'arr\u00eat\u00e9 pr\u00e9fectoral IDF-2024-09-02-00013 du 02 septembre 2024 portant subd\u00e9l\u00e9gation de signature \nde Madame Myl\u00e8ne TESTUT-NEVES, directrice r\u00e9gionale et interd\u00e9partementale de l'alimentation, de \nl'agriculture et de la for\u00eat d'\u00cele-de-France, en mati\u00e8re administrative ; \nVU l'agr\u00e9ment du GAEC RECONNU COLLECTIF NOURRICIER DE CHAMPLAIN d\u00e9livr\u00e9 le 30/04/2024 par \nle pr\u00e9fet de la r\u00e9gion d'\u00cele-de-France ; \nVU la demande de retrait d'agr\u00e9ment d\u00e9pos\u00e9 le 02/07/2025 par le GAEC RECONNU COLLECTIF \nNOURRICIER DE CHAMPLAIN, situ\u00e9 \u00e0 LA QUEUE-EN-BRIE ; \n \n \n \nDirection r\u00e9gionale et interd\u00e9partementale de l'alimentation, de l'agriculture et de la for\u00eat d'Ile de France - IDF-2025-08-05-00001 -\nArr\u00eat\u00e9 relatif au retrait d'agr\u00e9ment d'un Groupement Agricole d'Exploitation en Commun (GAEC) 7\n2 \nSur proposition de la directrice r\u00e9gionale et interd\u00e9partementale de l'alimentation, de l'agriculture et \nde la for\u00eat : \n \n \nARR\u00caTE  \nArticle 1\ner : Retrait d'agr\u00e9ment \nLa demande de retrait d'agr\u00e9ment du groupe agricole d'exploitation en commun GAEC RECONNU COL- \nLECTIF NOURRICIER DE CHAMPLAIN \u00e0 LA QUEUE-EN-BRIE est accord\u00e9e \u00e0 compter du 30/07/2025. \n \nArticle 2 : D\u00e9lais et voies de recours \nLes recours s'exercent dans le d\u00e9lai de deux mois suivant la notification de la d\u00e9cision pr\u00e9fectorale rela- \ntive \u00e0 l'agr\u00e9ment du GAEC, par recours administratif ou par recours contentieux aupr\u00e8s du Tribunal Ad-\nministratif de la juridiction administrative de l'exploitation. \nEn cas de contestation par les associ\u00e9s du GAEC de la pr\u00e9sente d\u00e9cision, le recours administratif s'exerce \npar recours hi\u00e9rarchique aupr\u00e8s du Ministre charg\u00e9 de l'agriculture. Il est obligatoire et pr\u00e9alable au \nrecours contentieux pr\u00e9cit\u00e9. \n \nArticle 3 : Ex\u00e9cution \n \nLa direction r\u00e9gionale et interd\u00e9partementale de l'alimentation, de l'agriculture et de la for\u00eat d'\u00cele-de-\nFrance est charg\u00e9e de l'ex\u00e9cution de l'ex\u00e9cution du pr\u00e9sent arr\u00eat\u00e9 qui sera publi\u00e9 au recueil des actes \nadministratifs de la Pr\u00e9fecture. \nFait \u00e0 Paris, le 05 ao\u00fbt 2025 \n \nPour la Pr\u00e9fet et par d\u00e9l\u00e9gation, \nLe directeur r\u00e9gional et interd\u00e9partemental adjoint, \nde l'alimentation, de l'agriculture et de la for\u00eat \nSIGNE \nBenjamin GENTON \n \n \n \nDirection r\u00e9gionale et interd\u00e9partementale de l'alimentation, de l'agriculture et de la for\u00eat d'Ile de France - IDF-2025-08-05-00001 -\nArr\u00eat\u00e9 relatif au retrait d'agr\u00e9ment d'un Groupement Agricole d'Exploitation en Commun (GAEC) 8\nSNCF R\u00e9seau\nIDF-2025-07-29-00020\nD\u00e9cision du 29 juillet 2025 de d\u00e9classement du\ndomaine public\nSNCF R\u00e9seau - IDF-2025-07-29-00020 - D\u00e9cision du 29 juillet 2025 de d\u00e9classement du domaine public 9\n \nDECISION DE DECLASSEMENT DU DOMAINE PUBLIC \n \n(\u00c9tablie en deux exemplaires originaux) \n \n \n \nR\u00e9f. SPA ID 5032-10 \n \n \nSNCF R\u00e9seau \n  \n \n \nVu le code des transports, notamment son article L. 2111-21;  \n \nVu le code g\u00e9n\u00e9ral de la propri\u00e9t\u00e9 des personnes publiques, et notamment son article L. 2141-1 \n \nVu l'ordonnance n\u00b0 2019 -552 du 3 juin 2019 portant diverses dispositions relatives au groupe SNCF \nnotamment son article 18 ; \n \nVu le d\u00e9cret n\u00b0 2019-1516 du 30 d\u00e9cembre 2019 relatif aux r\u00e8gles de gestion domaniale applicables \u00e0 \nla soci\u00e9t\u00e9 SNCF R\u00e9seau et sa filiale mentionn\u00e9e au 5\u00b0 de l'article L. 2111-9 du Code des transports (SNCF \nGares & Connexions), notamment son article 3, \n \nVu l'Arr\u00eat\u00e9 du Ministre de l'\u00e9cologie, du d\u00e9veloppement durable et de l'\u00e9nergie du 25 juin 2015 fixant \nles obligations d'information de l'Autorit\u00e9 de r\u00e9gulation des activit\u00e9s ferroviaires et routi\u00e8res (ARAFER) \ndes projets de d\u00e9classement de la SNCF, SNCF R\u00e9seau et SNCF Mobilit\u00e9s, \n \nVu la d\u00e9lib\u00e9ration du conseil d'administration de SNCF R\u00e9seau en date du 22 juillet 2015 portant \nd\u00e9l\u00e9gation de pouvoirs \u00e0 son pr\u00e9sident et fixant les conditions g\u00e9n\u00e9rales des d\u00e9l\u00e9gations au sein de \nSNCF R\u00e9seau, \n \nVu la d\u00e9cision du Pr\u00e9sident du conseil d'administration de SNCF R\u00e9seau en date du 1er janvier 2019 \nportant d\u00e9l\u00e9gation de pouvoir au directeur g\u00e9n\u00e9ral adjoint Ile-de-France, \n \nVu la d\u00e9cision du directeur g\u00e9n\u00e9ral adjoint Ile-de-France en date du 1er janvier 2019 portant d\u00e9l\u00e9gation \nde pouvoir au directeur de la modernisation et du d\u00e9veloppement Ile-de-France, \n \nVu l'avis du Conseil du STIF en date du 1 ao\u00fbt 2024 \n \nVu l'autorisation de l'Etat en date du 17 juillet 2025 \n \nConsid\u00e9rant que le bien n'est plus affect\u00e9 aux missions de la SA SNCF R\u00e9seau \n \n \n \n \nDECIDE : \n \n \nDocusign Envelope ID: 908859A3-2503-4B88-9473-869438BB0718\nSNCF R\u00e9seau - IDF-2025-07-29-00020 - D\u00e9cision du 29 juillet 2025 de d\u00e9classement du domaine public 10\nSection Num\u00e9ro Lieudit ContenanceDA 86 17P BD DE BERCY Oha 00a 15caCZ 43 55P RUE DU CHAROLAIS Oha 00a 89ca\nSous- Superficie Hauteur d'application cote | R\u00e9f\u00e9rencevolume partie de | altim\u00e9trique auxvolume Inf\u00e9rieure Sup\u00e9rieure coupesVolume 1 - 104 m? Sans limitation | 29,00 \u00e0 29,88 ATr\u00e9fonds de profondeurSous- Superficie Hauteur d'application cote | R\u00e9f\u00e9rencevolume partie de | altim\u00e9trique auxvolume Inf\u00e9rieure Sup\u00e9rieure coupesVolume 3 - 104 m? 33.56 \u00e0 34,45 Sans limitation | ATerrain \u00e0 de hauteuram\u00e9nager\n \nInterne \n \nARTICLE 1 \n \nLes parcelles et volumes ci-dessous d\u00e9sign\u00e9s sont d\u00e9class\u00e9s du domaine public ferroviaire. \n \n \nParcelles en plein sol \n \nCode INSEE \nCommune Lieu-dit \nR\u00e9f\u00e9rences cadastrales Surface (m\u00b2) \nSection Num\u00e9ro \n75012  \nCZ \nCZ \nDA \n42 \n44 \n85 \n \n752 \n   TOTAL 752 \n \n \nLes volumes 1 et 3 ayant pour assiette les parcelles ci-dessous d'une superficie totale de 104 \nm\u00b2 \n \n \n \n \n \n \n \n                       \nNB : les parcelles et les volumes objet de la pr\u00e9sente d\u00e9cision sont repr\u00e9sent\u00e9s sous teinte verte au plan AS \n190026 CES-V04 du 11 juin 2021 \u00e9tablie par le cabinet de g\u00e9om\u00e8tre Renfert Venant ci -annex\u00e9. \n \n \n \n \n \n \n \n \nDocusign Envelope ID: 908859A3-2503-4B88-9473-869438BB0718\nSNCF R\u00e9seau - IDF-2025-07-29-00020 - D\u00e9cision du 29 juillet 2025 de d\u00e9classement du domaine public 11\nGilles EAUTKN\n \nInterne \nARTICLE 2 \n \nCopie de la pr\u00e9sente d\u00e9cision sera communiqu\u00e9e au Pr\u00e9fet de D\u00e9partement de Paris et au Ministre \ncharg\u00e9 des Transports. \n \nLa pr\u00e9sente d\u00e9cision de d\u00e9classement sera publi\u00e9e au recueil des actes administratifs de la Pr\u00e9fecture \ndu d\u00e9partement de Paris \n \nLa pr\u00e9sente d\u00e9cision sera publi\u00e9e au Bulletin Officiel de SNCF R\u00e9seau, \n \n \n \nFait \u00e0  \nLe  \n \n \n \n \nDocusign Envelope ID: 908859A3-2503-4B88-9473-869438BB0718\nGilles GAUTRIN\n29-07-2025 | 15:47 CEST\nparis\nSNCF R\u00e9seau - IDF-2025-07-29-00020 - D\u00e9cision du 29 juillet 2025 de d\u00e9classement du domaine public 12","date":"2025-08-05","first_seen_on":"2025-08-05T16:48:59+00:00","id":"fe1ba22f9849aa4b6334ada476a4a629581d50cd389e9150f799bc8a16733fd7","name":"recueil-idf-010-2025-08-recueil-des-actes-administratifs-special du 05.08.2025","pdf_creation_date":"2025-08-05T15:17:26+00:00","pdf_modification_date":null,"timezone":"Europe/Paris","url":"https://www.prefectures-regions.gouv.fr/ile-de-france/irecontenu/telechargement/130064/957147/file/recueil-idf-010-2025-08-recueil-des-actes-administratifs-special%20du%2005.08.2025.pdf"}
