{"administration":"pref80","administration_name":"Pr\u00e9fecture de la Somme","content":"PR\u00c9FET\nDE LA SOMME\nRECUEIL DES ACTES\nADMINISTRATIFS SP\u00c9CIAL\nN\u00b02025-248\nPUBLI\u00c9 LE 15 D\u00c9CEMBRE 2025\nSommaire\nDirection d\u00e9partementale des finances publiques de la Somme /\nSecr\u00e9tariat de direction\n80-2025-11-28-00001 - Mise \u00e0 jour des param\u00e8tres d\u00e9partementaux\nd'\u00e9valuation des locaux professionnels pour les impositions 2026 (3\npages) Page 3\nDirection interr\u00e9gionale de la Mer Manche Est - Mer du Nord /\n80-2025-12-15-00006 - AR 231-2025 - SUBDEL - portant subd\u00e9l\u00e9gation\nde signature du directeur interr\u00e9gional de la mer Manche Est - mer du\nNord aux personnes plac\u00e9es sous sa responsabilit\u00e9 pour les actes et les\nd\u00e9cisions en mati\u00e8re de police sanitaire pour les zones de p\u00eache des\npectinid\u00e9s en Manche Est - mer du Nord (4 pages) Page 7\nPr\u00e9fecture de la Somme /\n80-2025-11-18-00009 - 20251118 avis classement AEMOI (2 pages) Page 12\n80-2025-11-18-00008 - 20251118 avis classement AEMOR (2 pages) Page 15\nPr\u00e9fecture de la Somme - SCPI /\n80-2025-12-15-00001 - Arr\u00eat\u00e9 portant autorisation de commencement\nanticip\u00e9 d'une op\u00e9ration port\u00e9e par la communaut\u00e9\nd'agglom\u00e9ration d'Amiens M\u00e9tropole dans le cadre de l'attribution\nd'une subvention au titre du fonds d'acc\u00e9l\u00e9ration de la transition\n\u00e9cologique dans les territoires (BOP380) 2025 (2 pages) Page 18\n80-2025-12-15-00005 - Arr\u00eat\u00e9 portant autorisation de commencement\nanticip\u00e9 d'une op\u00e9ration port\u00e9e par la communaut\u00e9\nd'agglom\u00e9ration d'Amiens M\u00e9tropole dans le cadre de l'attribution\nd'une subvention au titre du fonds d'acc\u00e9l\u00e9ration de la transition\n\u00e9cologique dans les territoires (BOP380) 2025 (2 pages) Page 21\n80-2025-12-15-00002 - Arr\u00eat\u00e9 portant autorisation de commencement\nanticip\u00e9 d'une op\u00e9ration port\u00e9e par la communaut\u00e9 de communes\nAvre Luce Noye dans le cadre de l'attribution d'une subvention au titre du\nfonds d'acc\u00e9l\u00e9ration de la transition \u00e9cologique dans les territoires\n(BOP380) 2025 (2 pages) Page 24\n80-2025-12-15-00004 - Arr\u00eat\u00e9 portant autorisation de commencement\nanticip\u00e9 d'une op\u00e9ration port\u00e9e par la communaut\u00e9 de communes\ndu Grand Roye dans le cadre de l'attribution d'une subvention au titre du\nfonds d'acc\u00e9l\u00e9ration de la transition \u00e9cologique dans les territoires\n(BOP380) 2025 (2 pages) Page 27\n80-2025-12-15-00003 - Arr\u00eat\u00e9 portant autorisation de commencement\nanticip\u00e9 d'une op\u00e9ration port\u00e9e par la communaut\u00e9 de communes\ndu Val de Somme dans le cadre de l'attribution d'une subvention au titre\ndu fonds d'acc\u00e9l\u00e9ration de la transition \u00e9cologique dans les\nterritoires (BOP380) 2025 (2 pages) Page 30\n2\nDirection d\u00e9partementale des finances\npubliques de la Somme\n80-2025-11-28-00001\nMise \u00e0 jour des param\u00e8tres d\u00e9partementaux\nd'\u00e9valuation des locaux professionnels pour les\nimpositions 2026\nDirection d\u00e9partementale des finances publiques de la Somme - 80-2025-11-28-00001 - Mise \u00e0 jour des param\u00e8tres d\u00e9partementaux\nd'\u00e9valuation des locaux professionnels pour les impositions 2026 3\nDIRECTION DEPARTEMENTALE DES FINANCES PUBLIQUESDE LA SOMME| MISE \u00c0 JOURDES PARAM\u00c8TRES D\u00c9PARTEMENTAUX D'EVALUATIONDES LOCAUX PROFESSIONNELS POUR LES IMPOSITIONS 2026\nInformations g\u00e9n\u00e9ralesLe dispositif de mise \u00e0 jour des param\u00e8tres d\u00e9partementaux d'\u00e9valuation deslocaux professionnels d\u00e9crit \u00e0 l'article 1518 ter du code g\u00e9n\u00e9ral des imp\u00f4ts (CGI) pr\u00e9voit que:- les tarifs sont mis \u00e0 jour annuellement par l'administration fiscale ;- les coefficients de localisation peuvent \u00eatre mis \u00e0 jour les troisi\u00e8me et cinqui\u00e8me ann\u00e9essuivant le renouvellement g\u00e9n\u00e9ral des conseils municipaux. Aussi, en 2025, la commissiond\u00e9partementale des valeurs locatives (CDVL) a pu modifier l'application des coefficients delocalisation apr\u00e8s avis des commissions communales et intercommunales des imp\u00f4ts directspr\u00e9vues aux articles 1650 et 1650 A du CGI.\nSituation du d\u00e9partement de la SommeConform\u00e9ment aux dispositions de l'article 334A de l'annexe I] du CGI, les derniers tarifspubli\u00e9s au recueil des actes administratifs par n\u00b0 80-2024-11-25-00003 en date du 25/11/2024ont \u00e9t\u00e9 mis \u00e0 jour des \u00e9volutions de loyer constat\u00e9es.\nLors de sa r\u00e9union du 10/10/2025 , la CDVL a:- reconduit les coefficients de localisation appliqu\u00e9s aux parcelles n'ayant pas fait l'objet demodification.Les nouveaux tarifs ainsi obtenus font l'objet de la pr\u00e9sente publication.Publication des param\u00e8tres d\u00e9partementaux d'\u00e9valuationConform\u00e9ment aux dispositions de l'article 371 ter S de l'annexe Il au CGI, sont publi\u00e9s :-les tarifs tels qu'\u00e9tablis par l'administration fiscale pour chaque cat\u00e9gorie de locauxprofessionnels dans chaque secteur au niveau du d\u00e9partement (annexe 1);\nVoie et d\u00e9lai de recoursLes d\u00e9cisions figurant dans le document pourront faire l'objet d'un recours pour exc\u00e8s depouvoir devant le tribunal administratif d'Amiens dans le d\u00e9lai de deux mois suivant leurpublication.\nDirection d\u00e9partementale des finances publiques de la Somme - 80-2025-11-28-00001 - Mise \u00e0 jour des param\u00e8tres d\u00e9partementaux\nd'\u00e9valuation des locaux professionnels pour les impositions 2026 4\nLa directrice d\u00e9partementale des finances publiques du d\u00e9partement de la Somme;Vu le code g\u00e9n\u00e9ral des imp\u00f4ts, et notamment l'article 1518 ter et les articles 371 ter S del'annexe Il et 334 A de l'annexe Il au m\u00eame code;Vu la d\u00e9cision de la commission d\u00e9partementale des valeurs locatives arr\u00e9tant la liste desparcelles affect\u00e9es d'une modification des coefficients de localisation en date du 10/10/2025,D\u00e9cide\nArticle 1\u00b0-l'application des tarifs a retenir pour la d\u00e9termination des valeurs locatives des locauxprofessionnels servant de base aux impositions \u00e9tablies en 2026.Article2- l'application des coefficients de localisation \u00e0 retenir pour la d\u00e9termination des valeurslocatives des locaux professionnels servant de base aux impositions \u00e9tablies en 2026 telsqu'arr\u00eat\u00e9s par la commission d\u00e9partementale des valeurs locatives dans sa r\u00e9union du10/10/2025.Article 3- la publication de la pr\u00e9sente d\u00e9cision au recueil des actes administratifs du d\u00e9partement.\nLa directrice d\u00e9partementale des finances publiques de la Somme,SatSophie MANTEL\nDirection d\u00e9partementale des finances publiques de la Somme - 80-2025-11-28-00001 - Mise \u00e0 jour des param\u00e8tres d\u00e9partementaux\nd'\u00e9valuation des locaux professionnels pour les impositions 2026 5\nD\u00e9partement : SommeMise a jour des tarifs et des valeurs locatives des locaux professionnelspris pour l'application du | de l'article 1518 ter du code g\u00e9n\u00e9ral des imp\u00f4tspour les impositions 2026\nTarifs 2026 (\u20ac/m2)Cat\u00e9goriessecteur 1 secteur 2 secteur 3 secteur 4 secteur 5 secteur 6ATE1 27.7 32.5 51.9 61.4 82.2 110.9ATE2 26.5 35.0 55.1 65.3 68.4 68.9ATE3 12.2 16.1 24.4 27.8 29.7 31.8BUR1 106.5 110.0 128.5 159.1 170.4 178.0BUR2 106.9 112.6 149.8 148.4 187.7 187.5BUR3 135.0 130.5 172.2 173.7 234.4 240.4CL 93.7 93.7 93.7 104.8 207.1 203.7CLI2 104.8 101.1 106.6 116.0 117.2 117.2CLI3 182.1 180.6 180.6 190.8 180.6 180.6CLI4 104.7 104.7 104.7 117.2 117.2 117.2DEP1 2.6 5.0 7.2 9.7 13.2 13.2DEP2 24.7 31.6 43.5 55.0 70.6 71.1DEP3 9.7 12.0 15.0 34.6 41.6 56.3DEP4 21.6 29.3 39.9 48.3 64.5 79.9DEP5 24.8 29.9 35.1 39.4 56.7 68.0ENS1 23.0 23.0 23.0 23.0 23.0 23.0ENS2 73.8 73.8 73.8 73.8 112.3 131.6HOT1 57.8 622 66.3 72.7 79.2 87.3HOT2 57.8 62.2 65.8 72.7 79.2 86.9HOT3 52.0 56.4 59.6 65.5 713 78.6HOT4 36.7 39.4 41.9 55.9 69.5 76.7HOT5 51.4 52.0 74.1 74.1 80.8 89.1IND1 28.3 28.7 28.3 57.2 57.2 57.2IND2 44 4.4 4.4 9.2 9.2 9.2MAG1 52.3 99.7 125.6 158.9 200.8 294.9MAG2 39.7 51.6 64.6 91.8 127.7 188.0MAG3 71.7 143.4 247.6 360.9 514.6 738.8MAG4 46.1 59.1 88.7 100.5 129.6 168.1MAG5 474 58.6 74.0 97.0 107.9 137.2MAG6 20.3 37.7 93.0 104.7 111.5 159.1MAG7 19.8 36.9 47.1 58.1 75.3 105.8SPE1 20.6 36.7 36.7 54.1 61.8 72.3SPE2 18.4 18.4 44.9 44,7 61.5 100.2SPE3 21.9 49.6 55.6 99.0 112.5 132.1SPE4 14 1.4 1.8 1.8 1.8 1.8SPE5 Ll 1.1 1.1 1.1 1.1 1.1SPE6 34.8 78.3 87.6 98.5 112.0 131.4SPE7 18.6 41.8 41.8 46.1 62.9 73.7\nDirection d\u00e9partementale des finances publiques de la Somme - 80-2025-11-28-00001 - Mise \u00e0 jour des param\u00e8tres d\u00e9partementaux\nd'\u00e9valuation des locaux professionnels pour les impositions 2026 6\nDirection interr\u00e9gionale de la Mer Manche Est -\nMer du Nord\n80-2025-12-15-00006\nAR 231-2025 - SUBDEL - portant subd\u00e9l\u00e9gation de\nsignature du directeur interr\u00e9gional de la mer\nManche Est - mer du Nord aux personnes plac\u00e9es\nsous sa responsabilit\u00e9 pour les actes et les\nd\u00e9cisions en mati\u00e8re de police sanitaire pour les\nzones de p\u00eache des pectinid\u00e9s en Manche Est -\nmer du Nord\nDirection interr\u00e9gionale de la Mer Manche Est - Mer du Nord - 80-2025-12-15-00006 - AR 231-2025 - SUBDEL - portant subd\u00e9l\u00e9gation de\nsignature du directeur interr\u00e9gional de la mer Manche Est - mer du Nord aux personnes plac\u00e9es sous sa responsabilit\u00e9 pour les actes et\nles d\u00e9cisions en mati\u00e8re de police sanitaire pour les zones de p\u00eache des pectinid\u00e9s en Manche Est - mer du Nord\n7\nPREFET Direction interr\u00e9gionale de la MerDE LA REGION Manche Est- Mer du NordNORMANDIELibert\u00e9Egalit\u00e9Fraternit\u00e9\nLe Havre, le 15/12/2025ARRETE N\u00b0 231/2025portant subd\u00e9l\u00e9gation de signature du directeur interr\u00e9gional de la mer Manche Est \u2014mer du Nord aux personnes plac\u00e9es sous sa responsabilit\u00e9 pour les actes et les d\u00e9cisions\nVu\nVu\nVu\nVu\nVuVuVu\nVu\nen mati\u00e9re de police sanitaire pour les zones de p\u00e9che des pectinid\u00e9s en Manche Est \u2014mer du NordLe directeur interr\u00e9gional de la merManche Est\u2014 Mer du Nord\nle reglement CE/178/2002 du Parlement europ\u00e9en et du Conseil du 28 janvier 2002 modifi\u00e9\u00e9tablissant les principes g\u00e9n\u00e9raux et les prescriptions g\u00e9n\u00e9rales de la l\u00e9gislation alimentaire,instituant l'Autorit\u00e9 europ\u00e9enne de s\u00e9curit\u00e9 des aliments et fixant les proc\u00e9dures relatives \u00e0la s\u00e9curit\u00e9 des denr\u00e9es alimentaires ;le r\u00e8glement CE/853/2004 du Parlement europ\u00e9en et du Conseil du 29 avril 2004 modifi\u00e9fixant les r\u00e8gles sp\u00e9cifiques d'hygi\u00e8ne applicables aux denr\u00e9es alimentaires d'origineanimale;le r\u00e8glement CE/854/2004 du Parlement europ\u00e9en et du Conseil du 29 avril 2004 modifi\u00e9fixant les r\u00e8gles sp\u00e9cifiques d'organisation des contr\u00f4les officiels concernant les produitsd'origine animale destin\u00e9s \u00e0 la consommation humaine ;le r\u00e8glement (UE) 2017/625 du Parlement europ\u00e9en et du Conseil du 15 mars 2017 concernantles contr\u00f4les officiels et les autres activit\u00e9s officielles servant \u00e0 assurer le respect de lal\u00e9gislation alimentaire et de la l\u00e9gislation relative aux aliments pour animaux ainsi que desr\u00e8gles relatives \u00e0 la sant\u00e9 et au bien-\u00eatre des animaux, \u00e0 la sant\u00e9 des v\u00e9g\u00e9taux et aux produitsphytopharmaceutiques, modifiant les r\u00e8glements du Parlement europ\u00e9en et du Conseil (CE)n\u00b0 999/2001, (CE) n\u00b0 396/2005, (CE) n\u00b0 1069/2009, (CE) n\u00b0 1107/2009, (UE) n\u00b0 1151/2012, (UE) n\u00b0652/2014, (UE) 2016/429 et (UE) 2016/2031, les r\u00e8glements du Conseil (CE) n\u00b0 1/2005 et (CE) n\u00b01099/2009 ainsi que les directives du Conseil 98/58/CE, 1999/74/CE, 2007/43/CE, 2008/119/CEet 2008/120/CE, et abrogeant les r\u00e8glements du Parlement europ\u00e9en et du Conseil (CE) n\u00b0854/2004 et (CE) n\u00b0 882/2004, les directives du Conseil 89/608/CEE, 89/662/CEE, 90/425/CEE,91/496/CEE, 96/23/CE, 96/93/CE et 97/78/CE ainsi que la d\u00e9cision 92/438/CEE du Conseil(r\u00e8glement sur les contr\u00f4les officiels) Texte pr\u00e9sentant de l'int\u00e9r\u00eat pour l'EEE ;le code des relations entre le public et l'administration, notamment son article L.221-2 ;le code rural et de la p\u00eache maritime, et notamment ses articles R.231-35 et suivants ;la loi n\u00b0 82-213 du 2 mars 1982 modifi\u00e9e relative aux droits et libert\u00e9s des communes, desd\u00e9partements et des r\u00e9gions ;la loi d'orientation n\u00b092-125 du 6 f\u00e9vrier 1992 modifi\u00e9e relative \u00e0 l'administration territorialede la R\u00e9publique;\nHorairesd'ouverture : 09h00-12h00 / 14h00-16h00 AR 132-2024 1/3T\u00e9l. : 33 (0)2 35 19 29 99 -4 rue du Colonel Fabien \u2014 BP 34 - 76083 LE HAVRE Cedex\nDirection interr\u00e9gionale de la Mer Manche Est - Mer du Nord - 80-2025-12-15-00006 - AR 231-2025 - SUBDEL - portant subd\u00e9l\u00e9gation de\nsignature du directeur interr\u00e9gional de la mer Manche Est - mer du Nord aux personnes plac\u00e9es sous sa responsabilit\u00e9 pour les actes et\nles d\u00e9cisions en mati\u00e8re de police sanitaire pour les zones de p\u00eache des pectinid\u00e9s en Manche Est - mer du Nord\n8\nVu\nVu\nVu\nVuVu\nVu.\nVu\nVu\nVu\nVu\nVu\nVu\nVu\nVu\nle d\u00e9cret n\u00b02004-374 du 29 avril 2004 modifi\u00e9 relatif aux pouvoirs des pr\u00e9fets, a l'organisationet \u00e0 l'action des services de l'\u00c9tat dans les r\u00e9gions et d\u00e9partements, et notamment sonarticle 29 ;le d\u00e9cret n\u00b0 2010-130 du 11 f\u00e9vrier 2010 relatif a l'organisation et aux missions des directionsinterr\u00e9gionales de la mer;le d\u00e9cret n\u00b02010-429 du 29 avril 2010 relatif a l'organisation et aux missions des directionsr\u00e9gionales de l'alimentation, de l'agriculture et de la for\u00eat ;le d\u00e9cret n\u00b02015-510 du 7 mai 2015 portant charte de la d\u00e9concentration ;le d\u00e9cret du 11 janvier 2023 nommant M. Jean-Beno\u00eet ALBERTINI pr\u00e9fet de la r\u00e9gionNormandie, pr\u00e9fet de la Seine-Maritime ;l'arr\u00eat\u00e9 de la ministre de la transition \u00e9cologique, de la biodiversit\u00e9, de la for\u00eat, de la mer etde la p\u00eache en date du 08 ao\u00fbt 2025 renouvelant Monsieur Herv\u00e9 THOMAS, administrateurg\u00e9n\u00e9ral de 2\u00e8me classe des affaires maritimes, dans les fonctions de directeur interr\u00e9gionalde la mer Manche Est-mer du Nord;l'arr\u00eat\u00e9 pr\u00e9fectoral du 2 mai 2018 portant cr\u00e9ation de la d\u00e9l\u00e9gation interservices charg\u00e9ed'assurer la police sanitaire de la p\u00eache des pectinid\u00e9s pour les zones de p\u00eache non class\u00e9esdans les eaux au large de la fa\u00e7ade maritime Manche-Est - mer du Nord (DIS Manche\u00ab pectinid\u00e9s \u00bb Manche-Est - mer du Nord) ;la convention de coop\u00e9ration interservices du 11 d\u00e9cembre 2017 des pr\u00e9fets de la Manche,du Calvados, de la Somme, du Pas-de-Calais, de la pr\u00e9f\u00e9te de la r\u00e9gion Normandie, pr\u00e9f\u00e9tede la Seine-Maritime et du pr\u00e9fet de la r\u00e9gion Hauts-de-France, pour la cr\u00e9ation d'uned\u00e9l\u00e9gation interservices charg\u00e9e d'assurer la police sanitaire de la p\u00eache des pectinid\u00e9s pourles zones de p\u00eache non class\u00e9es dans les eaux au large de la fa\u00e7ade maritime Manche-Est \u2014mer du Nord, assur\u00e9e par le directeur interr\u00e9gional de la mer Manche Est - mer du Nord(DIRM MEMN);les circulaires du Premier ministre n\u00b05316/SG du 7juillet 2008 et n\u00b05359/SG du 31 d\u00e9cembre2008, relatives \u00e0 l'organisation de l'administration d\u00e9partementale de l'\u00c9tat;la circulaire du Premier ministre n\u00b05506/SG du 13 d\u00e9cembre 2010 relative \u00e0 l'application dud\u00e9cret n\u00b02010-146 du 16 f\u00e9vrier 2010 modifiant le d\u00e9cret n\u00b02004-374 du 29 avril 2004 relatifaux pouvoirs des pr\u00e9fets, \u00e0 l'organisation et \u00e0 l'action des services de l'\u00c9tat dans les r\u00e9gions etd\u00e9partements ;l'arr\u00eat\u00e9 du pr\u00e9fet du Pas-de-Calais du 08 d\u00e9cembre 2025 portant d\u00e9l\u00e9gation de signature \u00e0M. Herv\u00e9 THOMAS, directeur interr\u00e9gional de la mer Manche-Est - mer du Nord, \u00e0 l'effet designer les actes en rapport avec les attributions de la DIS \u00ab pectinid\u00e9s \u00bb Manche-Est \u2014 merdu Nord du Pas-de-Calais;l'arr\u00eat\u00e9 du pr\u00e9fet de la Somme du 24juillet 2023 portant d\u00e9l\u00e9gation de signature \u00e0 M. Herv\u00e9THOMAS, directeur interr\u00e9gional de la mer Manche-Est - mer du Nord, \u00e0 l'effet de signer lesactes en rapport avec les attributions de la DIS \u00ab pectinid\u00e9s \u00bb Manche-Est \u2014 mer du Nord dela Somme ;l'arr\u00eat\u00e9 n\u00b0 23-016 du pr\u00e9fet de la Seine-Maritime du 30 janvier 2023 portant d\u00e9l\u00e9gation designature \u00e0 M. Herv\u00e9 THOMAS, directeur interr\u00e9gional de la mer Manche-Est - mer du Nord,\u00e0 l'effet de signer les actes en rapport avec les attributions de la DIS \u00ab pectinid\u00e9s \u00bb Manche-Est \u2014 mer du Nord de la Seine-Maritime ;l'arr\u00eat\u00e9 n\u00b0 2025-70-VN du pr\u00e9fet de la Manche du 22 septembre 2025 portant d\u00e9l\u00e9gation designature \u00e0 M. Herv\u00e9 THOMAS, directeur interr\u00e9gional de la mer Manche-Est - mer du Nord,Horairesd'ouverture : 09h00-12h00 / 14h00-16h00 AR 132-2024 AR 231/2025 - 2/3T\u00e9l. : 33 (0)2 35 19 29 99 -4 rue du Colonel Fabien \u2014 BP 34 - 76083 LE HAVRE Cedex\nDirection interr\u00e9gionale de la Mer Manche Est - Mer du Nord - 80-2025-12-15-00006 - AR 231-2025 - SUBDEL - portant subd\u00e9l\u00e9gation de\nsignature du directeur interr\u00e9gional de la mer Manche Est - mer du Nord aux personnes plac\u00e9es sous sa responsabilit\u00e9 pour les actes et\nles d\u00e9cisions en mati\u00e8re de police sanitaire pour les zones de p\u00eache des pectinid\u00e9s en Manche Est - mer du Nord\n9\na l'effet de signer les actes en rapport avec les attributions de la d\u00e9l\u00e9gation interservices \u00abpectinid\u00e9s \u00bb Manche-Est \u2014 mer du Nord du d\u00e9partement de la Manche ;Vu l'arr\u00eat\u00e9 du Pr\u00e9fet du Calvados du 21 ao\u00fbt 2023 portant d\u00e9l\u00e9gation de signature \u00e0 M. Herv\u00e9THOMAS, Directeur Interr\u00e9gional de la mer Manche-Est - mer du Nord, \u00e0 l'effet de signer lesactes en rapport avec les attributions de la DIS \u00ab pectinid\u00e9s \u00bb Manche-Est - mer du Nord duCalvados;\nARRETE:Article 1: Les d\u00e9l\u00e9gations de signature au directeur interr\u00e9gional de la mer Manche-Est - mer duNord pour les actes et les d\u00e9cisions en mati\u00e9re de police sanitaire pour les zones de p\u00e9che despectinid\u00e9s en Manche Est \u2014 mer du Nord conf\u00e9r\u00e9es par les arr\u00e9t\u00e9s pr\u00e9fectoraux susvis\u00e9s despr\u00e9fets des d\u00e9partements du Pas-de-Calais, de la Somme, de la Seine-Maritime, du Calvados et dela Manche sont subd\u00e9l\u00e9gu\u00e9es aux chefs de service suivants de la direction interr\u00e9gionale de la mer :Thierry CANTERI Directeur Interr\u00e9gional Adjoint de la MerElsa PAFFONI Cheffe du service r\u00e9glementation et contr\u00f4le des activit\u00e9smaritimes,Marie ALLART Cheffe ajointe du service r\u00e9glementation et contr\u00f4le des activit\u00e9smaritimes,Sylvain DOUCHET Chef adjoint du service r\u00e9glementation et contr\u00f4le des activit\u00e9smaritimes,Sophie SANQUER Directrice Interr\u00e9gionale adjointe de la Mer\nArticle 2 : L'arr\u00eat\u00e9 137-2025 du 23 septembre 2025 est abrog\u00e9.Article 3 : Le directeur interr\u00e9gional de la mer Manche Est - Mer du Nord est charg\u00e9 de l'ex\u00e9cutiondu pr\u00e9sent arr\u00eat\u00e9 qui sera publi\u00e9 au recueil des actes administratifs de l'\u00c9tat dans la r\u00e9gionNormandie ainsi que dans celui de la pr\u00e9fecture de la r\u00e9gion Hauts-de-France et dans ceux despr\u00e9fectures des d\u00e9partements du Pas-de-Calais, de la Somme, de la Seine-Maritime, du Calvados etde la Manche. Mer Manche EstMer du NordLe Directeur Interr\u00e9gional de\n/ V4\u00e9 THOMASCollection des d\u00e9cisions \u00d9Ampliations :Pr\u00e9fet de Normandie (SGAR) ; Pr\u00e9fet (SG) 62,80,76,14,50DAAM - DASM - Resp SFEM + Adjoint - Resp SRCAM + AdjointsTs les services DIRMer LH\nHorairesd'ouverture : 09h00-12h00 / 14h00-16h00 AR 132-2024 AR 231/2025 - 3/3T\u00e9l. : 33 (0)2 35 19 29 99 -4 rue du Colonel Fabien - BP 34 - 76083 LE HAVRE Cedex\nDirection interr\u00e9gionale de la Mer Manche Est - Mer du Nord - 80-2025-12-15-00006 - AR 231-2025 - SUBDEL - portant subd\u00e9l\u00e9gation de\nsignature du directeur interr\u00e9gional de la mer Manche Est - mer du Nord aux personnes plac\u00e9es sous sa responsabilit\u00e9 pour les actes et\nles d\u00e9cisions en mati\u00e8re de police sanitaire pour les zones de p\u00eache des pectinid\u00e9s en Manche Est - mer du Nord\n10\nDirection interr\u00e9gionale de la Mer Manche Est - Mer du Nord - 80-2025-12-15-00006 - AR 231-2025 - SUBDEL - portant subd\u00e9l\u00e9gation de\nsignature du directeur interr\u00e9gional de la mer Manche Est - mer du Nord aux personnes plac\u00e9es sous sa responsabilit\u00e9 pour les actes et\nles d\u00e9cisions en mati\u00e8re de police sanitaire pour les zones de p\u00eache des pectinid\u00e9s en Manche Est - mer du Nord\n11\nPr\u00e9fecture de la Somme\n80-2025-11-18-00009\n20251118 avis classement AEMOI\nPr\u00e9fecture de la Somme - 80-2025-11-18-00009 - 20251118 avis classement AEMOI 12\n| n \u00bbPREFET S\u00a2 ) | ADE LA SOMMELibert\u00e9i gaitPraterait\nAvis de classementde la commission d' inform et de d' _\u2014\nAppel a projets pour la mise en \u0153uvre de mesures d'Action Educative en Milieu Ouvert Intensive (AEMOI)Conform\u00e9ment aux articles L. 313-1-1 et R. 313-1 \u00e0 R. 313-7 du Code de l'Action Sociale et des Familles relatifs \u00e0 laproc\u00e9dure d'appel \u00e0 projets et d'autorisation, le Pr\u00e9fet de la Somme et la Pr\u00e9sidente du Conseil d\u00e9partemental de laSomme ont lanc\u00e9 un appel \u00e0 projets pour la mise en \u0153uvre de mesures d'Action Educative en Milieu Ouvert Intensive(AEMOI).Cinq candidatures ont \u00e9t\u00e9 r\u00e9ceptionn\u00e9es par les services de l'Etat et du Conseil d\u00e9partement D\u00e9partemental de laSomme et ont toutes \u00e9t\u00e9 d\u00e9clar\u00e9es recevables.La commission d'appel \u00e0 projets s'est r\u00e9unie le 18 novembre 2025 et a \u00e9tabli un classement des projets au regard descrit\u00e8res fix\u00e9s par le cahier des charges :Pout le lot 1 :\n1 Valloires Enfance oe2 _|Fondation Apprentis d'Auteuil a8 APP  RS\nTIC \"URTEURS DE PROJET ne\"a AYLF Enfance Famille -2 _|Fondation Apprentis d'Auteuil : oo3 APAP\nPour le lot 3 :\n1 _|AYLF Enfance FamilleAEM3 Fondation Apprentis d'AuteuilL'avis de classement de la commission d'information et de s\u00e9lection d'appel \u00e0 projets social et m\u00e9dico-social estconsultatif et constitue un acte pr\u00e9paratoire \u00e0 la d\u00e9cision d'autorisation qui sera prise par le Pr\u00e9fet de la Somme et laPr\u00e9sidente du Conseil d\u00e9partemental de la Somme.Le pr\u00e9sent avis fera l'objet d'une publication au recueil des actes administratifs de la Pr\u00e9fecture du d\u00e9partement de laSomme et sur le site Internet du D\u00e9partement de la Somme (http://www.sommefr).\nFait \u00e0 Amiens, le 18 novembre 2025\nPr\u00e9fecture de la Somme - 80-2025-11-18-00009 - 20251118 avis classement AEMOI 13\nPour le Pr\u00e9fet de la Somme etpar d\u00e9l\u00e9gation,\nLe co-pr\u00e9sident de la gpmmission d'informationet de s\u00e9lection H'appel \u00e0 projets\n[Emmanuel MOULARDSecr\u00e9taire g\u00e9n\u00e9ral de la pr\u00e9fecture de la Somme, sous-pr\u00e9fet d'Amiens\nPour la Pr\u00e9sidente du Conseild\u00e9partemental de la Somme etpar d\u00e9l\u00e9gation,Le co-pr\u00e9sident de la commission d'informationet de s\u00e9lectibf d'appel \u00e0 projets\n'\nAOlivier JARDEConseiller d\u00e9partemental du canton d'Amiens-7Vice-pr\u00e9sident du Conseil d\u00e9partemental en charge de lapr\u00e9vention, de la protection de l'enfance, de la famille etde la sant\u00e9\nPr\u00e9fecture de la Somme - 80-2025-11-18-00009 - 20251118 avis classement AEMOI 14\nPr\u00e9fecture de la Somme\n80-2025-11-18-00008\n20251118 avis classement AEMOR\nPr\u00e9fecture de la Somme - 80-2025-11-18-00008 - 20251118 avis classement AEMOR 15\nER someDE LA SOMMELibert:lpatiteFratcreu\no\u00f9 ds fs Pidaiblaie dis CRIS RSRetes ds la ComeAppel \u00e0 projets pour la mise en \u0153uvre de mesures d'Action Educative en Milieu Ouvert Renforc\u00e9e (AEMOR)Conform\u00e9ment aux articles L. 313-1-1 et R. 313-1 \u00e0 R. 313-7 du Code de l'Action Sociale et des Familles relatifs \u00e0 laproc\u00e9dure d'appel \u00e0 projets et d'autorisation, le Pr\u00e9fet de la Somme et la Pr\u00e9sidente du Conseil d\u00e9partemental de laSomme ont lanc\u00e9 un appel \u00e0 projets pour la mise en \u0153uvre de mesures d'Action Educative en Milieu OuvertRenforc\u00e9e (AEMOR).Trois candidatures ont \u00e9t\u00e9 r\u00e9ceptionn\u00e9es par les services de l'Etat et du Conseil d\u00e9partement D\u00e9partemental de laSomme et ont toutes \u00e9t\u00e9 d\u00e9clar\u00e9es recevables.La commission d'appel \u00e0 projets s'est r\u00e9unie le 18 novembre 2025 et a \u00e9tabli un classement des projets au regard descrit\u00e8res fix\u00e9s par le cahier des charges :\n1  _|UDAF de la Somme \u2014-2 __|Association Yves Le Febvre Enfance Famille eee3 Fondation Apprentis d'AuteuilL'avis de classement de la commission d'information et de s\u00e9lection d'appel \u00e0 projets social et m\u00e9dico-social estconsultatif et constitue un acte pr\u00e9paratoire \u00e0 la d\u00e9cision d'autorisation qui sera prise par le Pr\u00e9fet de la Somme et laPr\u00e9sidente du Conseil d\u00e9partemental de la Somme.Le pr\u00e9sent avis fera l'objet d'une publication au recueil des actes administratifs de la Pr\u00e9fecture du d\u00e9partement de laSomme et sur le site Internet du D\u00e9partement de la Somme (http://www.somme.fr).Fait \u00e0 Amiens, le 18 novembre 2025\nPour le Pr\u00e9fet de la Somme et Pour la Pr\u00e9sidente du Conseilpar del\u00e9gation, d\u00e9partemental de la Somme etpar d\u00e9l\u00e9gation,Le co-pr\u00e9sident de la A4ommission d'information Le co-pr\u00e9sident de la commission d'informationet de s\u00e9lecti 'appel a projets et de s\u00e9lection d'appel \u00e0 projetsh }\nEmmanuel MOULARD | wall aSecr\u00e9taire g\u00e9n\u00e9ral de la pr\u00e9fecture de la Somme, sous- Conseiller d\u00e9partemental du canton d'Amiens-7pr\u00e9fet d'Amiens Vice-pr\u00e9sident du Conseil d\u00e9partemental en charge de lapr\u00e9vention, de la protection de l'enfance, de la famille etde la sant\u00e9\nPr\u00e9fecture de la Somme - 80-2025-11-18-00008 - 20251118 avis classement AEMOR 16\n= CC CNRS3 i a he a) _ cr.LU  gu\"\nL AT Mon i PARLEIm = \u00bb 1\u00a5 = |\nPr\u00e9fecture de la Somme - 80-2025-11-18-00008 - 20251118 avis classement AEMOR 17\nPr\u00e9fecture de la Somme - SCPI\n80-2025-12-15-00001\nArr\u00eat\u00e9 portant autorisation de commencement\nanticip\u00e9 d'une op\u00e9ration port\u00e9e par la\ncommunaut\u00e9 d'agglom\u00e9ration d'Amiens\nM\u00e9tropole dans le cadre de l'attribution d'une\nsubvention au titre du fonds d'acc\u00e9l\u00e9ration de la\ntransition \u00e9cologique dans les territoires\n(BOP380) 2025\nPr\u00e9fecture de la Somme - SCPI - 80-2025-12-15-00001 - Arr\u00eat\u00e9 portant autorisation de commencement anticip\u00e9 d'une op\u00e9ration\nport\u00e9e par la communaut\u00e9 d'agglom\u00e9ration d'Amiens M\u00e9tropole dans le cadre de l'attribution d'une subvention au titre du fonds\nd'acc\u00e9l\u00e9ration de la transition \u00e9cologique dans les territoires (BOP380) 2025\n18\nPREFET Secr\u00e9tariat g\u00e9n\u00e9ralDE LA SOMME Service de coordination des politiques interminist\u00e9riellesLibert\u00e9\u00c9galit\u00e9Fraternit\u00e9\nARR\u00caT\u00c9portant autorisation de commencement anticip\u00e9d'une op\u00e9ration port\u00e9e par la communaut\u00e9 d'agglom\u00e9ration Amiens M\u00e9tropoledans le cadre de l'attribution d'une subventionau titre du fonds d'acc\u00e9l\u00e9ration de la transition \u00e9cologiquedans les territoires (BOP 380) 2025\nLE PR\u00c9FET DE LA SOMMECHEVALIER DE LA L\u00c9GION D'HONNEUROFFICIER DE L'ORDRE NATIONAL DU M\u00c9RITE\nVu le d\u00e9cret n\u00b0 2004-374 du 29 avril 2004 modifi\u00e9 relatif aux pouvoirs des pr\u00e9fets, \u00e0 l'organisation et \u00e0l'action des services de l'\u00c9tat dans les r\u00e9gions et les d\u00e9partements ;Vu le d\u00e9cret n\u00b02018-514 du 25 juin 2018 relatif aux subventions de l'\u00c9tat pour des projetsd'investissement ;Vu le d\u00e9cret n\u00b02020-412 du 8 avril 2020 relatif au droit de d\u00e9rogation reconnu au pr\u00e9fet ;Vu le d\u00e9cret du 13 juillet 2023 portant nomination du pr\u00e9fet de la Somme, M. Rollon MOUCHEL-BLAISOT;Vu la circulaire du 6 avril 2020 relative \u00e0 la d\u00e9volution au pr\u00e9fet d'un droit de d\u00e9rogation aux normesr\u00e9glementaires ;Vu la demande de subvention de la communaut\u00e9 d'agglom\u00e9ration d'Amiens M\u00e9tropole d\u00e9pos\u00e9e surD\u00e9marche-Num\u00e9rique le 12 d\u00e9cembre 2025 sous la r\u00e9f\u00e9rence 28173665 ;Consid\u00e9rant qu'il convient de favoriser l'acc\u00e8s aux aides publiques en n'opposant pas \u00e0 la collectivit\u00e9l'engagement d'une partie des d\u00e9penses de son op\u00e9ration par un premier acte juridique prisant\u00e9rieurement au d\u00e9p\u00f4t de la demande de subvention susvis\u00e9e ;Consid\u00e9rant que cette d\u00e9rogation est compatible avec les engagements europ\u00e9ens et internationauxde la France et qu'elle ne porte pas atteinte aux int\u00e9r\u00eats de la d\u00e9fense ou de la s\u00e9curit\u00e9 des personneset des biens, ni ne constitue une atteinte disproportionn\u00e9e aux objectifs poursuivis pour lesdispositions auxquelles il est d\u00e9rog\u00e9 ;Consid\u00e9rant qu'il est conforme \u00e0 l'int\u00e9r\u00eat g\u00e9n\u00e9ral, et au vu des circonstances locales, de d\u00e9roger auxdispositions de l'article 5 du d\u00e9cret n\u00b02018-514 du 25juin 2018 susvis\u00e9 ;Sur proposition du secr\u00e9taire g\u00e9n\u00e9ral de la pr\u00e9fecture de la Somme ;\nPr\u00e9fecture de la Somme - SCPI - 80-2025-12-15-00001 - Arr\u00eat\u00e9 portant autorisation de commencement anticip\u00e9 d'une op\u00e9ration\nport\u00e9e par la communaut\u00e9 d'agglom\u00e9ration d'Amiens M\u00e9tropole dans le cadre de l'attribution d'une subvention au titre du fonds\nd'acc\u00e9l\u00e9ration de la transition \u00e9cologique dans les territoires (BOP380) 2025\n19\nARRETEArticle 1:Par d\u00e9rogation \u00e0 l'article 5 du d\u00e9cret n\u00b02018-514 du 25 juin 2018 susvis\u00e9, le commencement anticip\u00e9 del'op\u00e9ration port\u00e9e par la communaut\u00e9 d'agglom\u00e9ration d'Amiens M\u00e9tropole, objet de la demande desubvention d\u00e9pos\u00e9e sur D\u00e9marche-Num\u00e9rique le 12 d\u00e9cembre 2025 sous la r\u00e9f\u00e9rence 28173665, estautoris\u00e9 ant\u00e9rieurement au d\u00e9p\u00f4t de la demande de subvention susvis\u00e9e.\nArticle 2 :Conform\u00e9ment aux dispositions de l'article R 421-1 du code dejustice administrative, le pr\u00e9sent arr\u00eat\u00e9peut faire l'objet d'un recours contentieux devant le tribunal administratif d'Amiens, 14 rue LemerchierCS 81114 - 80011 AMIENS Cedex 01 dans le d\u00e9lai de 2 mois \u00e0 compter de sa publication.Tout litige r\u00e9sultant de l'ex\u00e9cution du pr\u00e9sent arr\u00eat\u00e9 est du ressort du tribunal administratif, qui peut\u00eatre saisi \u00e9galement via l'application T\u00e9l\u00e9recours citoyen accessible sur le site www.telerecours.fr.\nArticle 3 :Le secr\u00e9taire g\u00e9n\u00e9ral de la pr\u00e9fecture de la Somme et le directeur r\u00e9gional et d\u00e9partemental desfinances publiques des Hauts-de-France sont charg\u00e9s, chacun en ce qui le concerne, de l'ex\u00e9cution dupr\u00e9sent arr\u00eat\u00e9 qui sera publi\u00e9 au recueil des actes administratifs de la pr\u00e9fecture de la Somme.Amiens le 15 DEC. 2025\n4Le pr\u00e9fet\nRo MOUCHEL-BLAISOT\nPr\u00e9fecture de la Somme - SCPI - 80-2025-12-15-00001 - Arr\u00eat\u00e9 portant autorisation de commencement anticip\u00e9 d'une op\u00e9ration\nport\u00e9e par la communaut\u00e9 d'agglom\u00e9ration d'Amiens M\u00e9tropole dans le cadre de l'attribution d'une subvention au titre du fonds\nd'acc\u00e9l\u00e9ration de la transition \u00e9cologique dans les territoires (BOP380) 2025\n20\nPr\u00e9fecture de la Somme - SCPI\n80-2025-12-15-00005\nArr\u00eat\u00e9 portant autorisation de commencement\nanticip\u00e9 d'une op\u00e9ration port\u00e9e par la\ncommunaut\u00e9 d'agglom\u00e9ration d'Amiens\nM\u00e9tropole dans le cadre de l'attribution d'une\nsubvention au titre du fonds d'acc\u00e9l\u00e9ration de la\ntransition \u00e9cologique dans les territoires\n(BOP380) 2025\nPr\u00e9fecture de la Somme - SCPI - 80-2025-12-15-00005 - Arr\u00eat\u00e9 portant autorisation de commencement anticip\u00e9 d'une op\u00e9ration\nport\u00e9e par la communaut\u00e9 d'agglom\u00e9ration d'Amiens M\u00e9tropole dans le cadre de l'attribution d'une subvention au titre du fonds\nd'acc\u00e9l\u00e9ration de la transition \u00e9cologique dans les territoires (BOP380) 2025\n21\nPREFET Secr\u00e9tariat g\u00e9n\u00e9ralDE LA SOMME Service de coordination des politiques interminist\u00e9riellesLibert\u00e9Egalit\u00e9Fraternit\u00e9\nARRETEportant autorisation de commencement anticip\u00e9d'une op\u00e9ration port\u00e9e par la communaut\u00e9 d'agglom\u00e9ration Amiens M\u00e9tropoledans le cadre de l'attribution d'une subventionau titre du fonds d'acc\u00e9l\u00e9ration de la transition \u00e9cologiquedans les territoires (BOP 380) 2025\nLE PR\u00c9FET DE LA SOMMECHEVALIER DE LA L\u00c9GION D'HONNEUROFFICIER DE L'ORDRE NATIONAL DU M\u00c9RITE\nVu le d\u00e9cret n\u00b0 2004-374 du 29 avril 2004 modifi\u00e9 relatif aux pouvoirs des pr\u00e9fets, \u00e0 l'organisation et \u00e0l'action des services de l'\u00c9tat dans les r\u00e9gions et les d\u00e9partements ;Vu le d\u00e9cret n\u00b02018-514 du 25 juin 2018 relatif aux subventions de l'\u00c9tat pour des projetsd'investissement ;Vu le d\u00e9cret n\u00b02020-412 du 8 avril 2020 relatif au droit de d\u00e9rogation reconnu au pr\u00e9fet ;Vu le d\u00e9cret du 13 juillet 2023 portant nomination du pr\u00e9fet de la Somme, M. Rollon MOUCHEL-BLAISOT;Vu la circulaire du 6 avril 2020 relative \u00e0 la d\u00e9volution au pr\u00e9fet d'un droit de d\u00e9rogation aux normesr\u00e9glementaires ;Vu la demande de subvention de la communaut\u00e9 d'agglom\u00e9ration d'Amiens M\u00e9tropole d\u00e9pos\u00e9e surD\u00e9marche-Num\u00e9rique le 12 d\u00e9cembre 2025 sous la r\u00e9f\u00e9rence 28225133 ;Consid\u00e9rant qu'il convient de favoriser l'acc\u00e8s aux aides publiques en n'opposant pas \u00e0 la collectivit\u00e9l'engagement d'une partie des d\u00e9penses de son op\u00e9ration par un premier acte juridique prisant\u00e9rieurement au d\u00e9p\u00f4t de la demande de subvention susvis\u00e9e ;Consid\u00e9rant que cette d\u00e9rogation est compatible avec les engagements europ\u00e9ens et internationauxde la France et qu'elle ne porte pas atteinte aux int\u00e9r\u00eats de la d\u00e9fense ou de la s\u00e9curit\u00e9 des personneset des biens, ni ne constitue une atteinte disproportionn\u00e9e aux objectifs poursuivis pour lesdispositions auxquelles il est d\u00e9rog\u00e9 ;Consid\u00e9rant qu'il est conforme \u00e0 l'int\u00e9r\u00eat g\u00e9n\u00e9ral, et au vu des circonstances locales, de d\u00e9roger auxdispositions de l'article 5 du d\u00e9cret n\u00b02018-514 du 25 juin 2018 susvis\u00e9 ;Sur proposition du secr\u00e9taire g\u00e9n\u00e9ral de la pr\u00e9fecture de la Somme ;\nPr\u00e9fecture de la Somme - SCPI - 80-2025-12-15-00005 - Arr\u00eat\u00e9 portant autorisation de commencement anticip\u00e9 d'une op\u00e9ration\nport\u00e9e par la communaut\u00e9 d'agglom\u00e9ration d'Amiens M\u00e9tropole dans le cadre de l'attribution d'une subvention au titre du fonds\nd'acc\u00e9l\u00e9ration de la transition \u00e9cologique dans les territoires (BOP380) 2025\n22\nARRETEArticle 1:Par d\u00e9rogation \u00e0 l'article 5 du d\u00e9cret n\u00b02018-514 du 25 juin 2018 susvis\u00e9, le commencement anticip\u00e9 del'op\u00e9ration port\u00e9e par la communaut\u00e9 d'agglom\u00e9ration d'Amiens M\u00e9tropole, objet de la demande desubvention d\u00e9pos\u00e9e sur D\u00e9marche-Num\u00e9rique le 12 d\u00e9cembre 2025 sous la r\u00e9f\u00e9rence 28225133, estautoris\u00e9 ant\u00e9rieurement au d\u00e9p\u00f4t de la demande de subvention susvis\u00e9e.\nArticle 2 :Conform\u00e9ment aux dispositions de l'article R 421-1 du code dejustice administrative, le pr\u00e9sent arr\u00eat\u00e9peut faire l'objet d'un recours contentieux devant le tribunal administratif d'Amiens, 14 rue LemerchierCS 81114 - 80011 AMIENS Cedex 01 dans le d\u00e9lai de 2 mois \u00e0 compter de sa publication.Tout litige r\u00e9sultant de l'ex\u00e9cution du pr\u00e9sent arr\u00eat\u00e9 est du ressort du tribunal administratif, qui peut\u00eatre saisi \u00e9galement via l'application T\u00e9l\u00e9recours citoyen accessible sur le site www.telerecours.fr.\nArticle 3 :Le secr\u00e9taire g\u00e9n\u00e9ral de la pr\u00e9fecture de la Somme et le directeur r\u00e9gional et d\u00e9partemental desfinances publiques des Hauts-de-France sont charg\u00e9s, chacun en ce qui le concerne, de l'ex\u00e9cution dupr\u00e9sent arr\u00eat\u00e9 qui sera publi\u00e9 au recueil des actes administratifs de la pr\u00e9fecture de la Somme.Amiens le | 5 DEC. 2025Le pr\u00e9fe\nRollon MOUCHEL-BLAISOT\nPr\u00e9fecture de la Somme - SCPI - 80-2025-12-15-00005 - Arr\u00eat\u00e9 portant autorisation de commencement anticip\u00e9 d'une op\u00e9ration\nport\u00e9e par la communaut\u00e9 d'agglom\u00e9ration d'Amiens M\u00e9tropole dans le cadre de l'attribution d'une subvention au titre du fonds\nd'acc\u00e9l\u00e9ration de la transition \u00e9cologique dans les territoires (BOP380) 2025\n23\nPr\u00e9fecture de la Somme - SCPI\n80-2025-12-15-00002\nArr\u00eat\u00e9 portant autorisation de commencement\nanticip\u00e9 d'une op\u00e9ration port\u00e9e par la\ncommunaut\u00e9 de communes Avre Luce Noye\ndans le cadre de l'attribution d'une subvention\nau titre du fonds d'acc\u00e9l\u00e9ration de la transition\n\u00e9cologique dans les territoires (BOP380) 2025\nPr\u00e9fecture de la Somme - SCPI - 80-2025-12-15-00002 - Arr\u00eat\u00e9 portant autorisation de commencement anticip\u00e9 d'une op\u00e9ration\nport\u00e9e par la communaut\u00e9 de communes Avre Luce Noye dans le cadre de l'attribution d'une subvention au titre du fonds\nd'acc\u00e9l\u00e9ration de la transition \u00e9cologique dans les territoires (BOP380) 2025\n24\nPREFET Secr\u00e9tariat g\u00e9n\u00e9ralDE LA SOMME Service de coordination des politiques interminist\u00e9riellesLibert\u00e9Egalit\u00e9Fraternit\u00e9\nARRETEportant autorisation de commencement anticip\u00e9d'une op\u00e9ration port\u00e9e par la communaut\u00e9 de communes Avre Luce Noyedans le cadre de l'attribution d'une subventionau titre du fonds d'acc\u00e9l\u00e9ration de la transition \u00e9cologiquedans les territoires (BOP 380) 2025\nLE PREFET DE LA SOMMECHEVALIER DE LA LEGION D'HONNEUROFFICIER DE L'ORDRE NATIONAL DU M\u00c9RITE\nVu le d\u00e9cret n\u00b0 2004-374 du 29 avril 2004 modifi\u00e9 relatif aux pouvoirs des pr\u00e9fets, \u00e0 l'organisation et \u00e0l'action des services de l'\u00c9tat dans les r\u00e9gions et les d\u00e9partements ;Vu le d\u00e9cret n\u00b02018-514 du 25 juin 2018 relatif aux subventions de l'\u00c9tat pour des projetsd'investissement ;Vu le d\u00e9cret n\u00b02020-412 du 8 avril 2020 relatif au droit de d\u00e9rogation reconnu au pr\u00e9fet;Vu le d\u00e9cret du 13 juillet 2023 portant nomination du pr\u00e9fet de la Somme, M. Rollon MOUCHEL-BLAISOT;Vu la circulaire du 6 avril 2020 relative \u00e0 la d\u00e9volution au pr\u00e9fet d'un droit de d\u00e9rogation aux normesr\u00e9glementaires ;Vu la demande de subvention de la communaut\u00e9 de communes Avre Luce Noye d\u00e9pos\u00e9e surD\u00e9marche-Num\u00e9rique le 11 d\u00e9cembre 2025 sous la r\u00e9f\u00e9rence 28194473 ;Consid\u00e9rant qu'il convient de favoriser l'acc\u00e8s aux aides publiques en n'opposant pas \u00e0 la collectivit\u00e9l'engagement d'une partie des d\u00e9penses de son op\u00e9ration par un premier acte juridique prisant\u00e9rieurement au d\u00e9p\u00f4t de la demande de subvention susvis\u00e9e ;Consid\u00e9rant que cette d\u00e9rogation est compatible avec les engagements europ\u00e9ens et internationauxde la France et qu'elle ne porte pas atteinte aux int\u00e9r\u00eats de la d\u00e9fense ou de la s\u00e9curit\u00e9 des personneset des biens, ni ne constitue une atteinte disproportionn\u00e9e aux objectifs poursuivis pour lesdispositions auxquelles il est d\u00e9rog\u00e9 ;Consid\u00e9rant qu'il est conforme \u00e0 l'int\u00e9r\u00eat g\u00e9n\u00e9ral, et au vu des circonstances locales, de d\u00e9roger auxdispositions de l'article 5 du d\u00e9cret n\u00b02018-514 du 25juin 2018 susvis\u00e9 ;Sur proposition du secr\u00e9taire g\u00e9n\u00e9ral de la pr\u00e9fecture de la Somme ;\nPr\u00e9fecture de la Somme - SCPI - 80-2025-12-15-00002 - Arr\u00eat\u00e9 portant autorisation de commencement anticip\u00e9 d'une op\u00e9ration\nport\u00e9e par la communaut\u00e9 de communes Avre Luce Noye dans le cadre de l'attribution d'une subvention au titre du fonds\nd'acc\u00e9l\u00e9ration de la transition \u00e9cologique dans les territoires (BOP380) 2025\n25\nARRETEArticle 1:Par d\u00e9rogation a l'article 5 du d\u00e9cret n\u00b02018-514 du 25 juin 2018 susvis\u00e9, le commencement anticip\u00e9 del'op\u00e9ration port\u00e9e par la communaut\u00e9 de communes Avre Luce Noye, objet de la demande desubvention d\u00e9pos\u00e9e sur D\u00e9marche-Num\u00e9rique le 11 d\u00e9cembre 2025 sous la r\u00e9f\u00e9rence 28194473, estautoris\u00e9 ant\u00e9rieurement au d\u00e9p\u00f4t de la demande de subvention susvis\u00e9e.\nArticle 2 :Conform\u00e9ment aux dispositions de l'article R 421-1 du code dejustice administrative, le pr\u00e9sent arr\u00eat\u00e9peut faire l'objet d'un recours contentieux devant le tribunal administratif d'Amiens, 14 rue LemerchierCS 81114 - 80011 AMIENS Cedex 01 dans le d\u00e9lai de 2 mois \u00e0 compter de sa publication.Tout litige r\u00e9sultant de l'ex\u00e9cution du pr\u00e9sent arr\u00eat\u00e9 est du ressort du tribunal administratif, qui peut\u00eatre saisi \u00e9galement via l'application T\u00e9l\u00e9recours citoyen accessible sur le site www.telerecours.fr.\nArticle 3 :Le secr\u00e9taire g\u00e9n\u00e9ral de la pr\u00e9fecture de la Somme et le directeur r\u00e9gional et d\u00e9partemental desfinances publiques des Hauts-de-France sont charg\u00e9s, chacun en ce qui le concerne, de l'ex\u00e9cution dupr\u00e9sent arr\u00eat\u00e9 qui sera publi\u00e9 au recueil des actes administratifs de la pr\u00e9fecture de la Somme.\nAmiensle { 5 D\u00c9C, 2025Le pr\u00e9f\nRollon M -BLAISOT\nPr\u00e9fecture de la Somme - SCPI - 80-2025-12-15-00002 - Arr\u00eat\u00e9 portant autorisation de commencement anticip\u00e9 d'une op\u00e9ration\nport\u00e9e par la communaut\u00e9 de communes Avre Luce Noye dans le cadre de l'attribution d'une subvention au titre du fonds\nd'acc\u00e9l\u00e9ration de la transition \u00e9cologique dans les territoires (BOP380) 2025\n26\nPr\u00e9fecture de la Somme - SCPI\n80-2025-12-15-00004\nArr\u00eat\u00e9 portant autorisation de commencement\nanticip\u00e9 d'une op\u00e9ration port\u00e9e par la\ncommunaut\u00e9 de communes du Grand Roye dans\nle cadre de l'attribution d'une subvention au\ntitre du fonds d'acc\u00e9l\u00e9ration de la transition\n\u00e9cologique dans les territoires (BOP380) 2025\nPr\u00e9fecture de la Somme - SCPI - 80-2025-12-15-00004 - Arr\u00eat\u00e9 portant autorisation de commencement anticip\u00e9 d'une op\u00e9ration\nport\u00e9e par la communaut\u00e9 de communes du Grand Roye dans le cadre de l'attribution d'une subvention au titre du fonds\nd'acc\u00e9l\u00e9ration de la transition \u00e9cologique dans les territoires (BOP380) 2025\n27\nPREFET Secr\u00e9tariat g\u00e9n\u00e9ralDE LA SOMME Service de coordination des politiques interminist\u00e9riellesLibert\u00e9Fraternit\u00e9\nARRETEportant autorisation de commencement anticip\u00e9d'une op\u00e9ration port\u00e9e par la communaut\u00e9 de communes du Grand Royedans le cadre de l'attribution d'une subventionau titre du fonds d'acc\u00e9l\u00e9ration de la transition \u00e9cologiquedans les territoires (BOP 380) 2025\nLE PR\u00c9FET DE LA SOMMECHEVALIER DE LA L\u00c9GION D'HONNEUROFFICIER DE L'ORDRE NATIONAL DU M\u00c9RITE\nVu le d\u00e9cret n\u00b0 2004-374 du 29 avril 2004 modifi\u00e9 relatif aux pouvoirs des pr\u00e9fets, \u00e0 l'organisation et \u00e0l'action des services de l'\u00c9tat dans les r\u00e9gions et les d\u00e9partements ;Vu le d\u00e9cret n\u00b02018-514 du 25 juin 2018 relatif aux subventions de l'\u00c9tat pour des projetsd'investissement ;Vu le d\u00e9cret n\u00b02020-412 du 8 avril 2020 relatif au droit de d\u00e9rogation reconnu au pr\u00e9fet ;Vu le d\u00e9cret du 13 juillet 2023 portant nomination du pr\u00e9fet de la Somme, M. Rollon MOUCHEL-BLAISOT;Vu la circulaire du 6 avril 2020 relative \u00e0 la d\u00e9volution au pr\u00e9fet d'un droit de d\u00e9rogation aux normesr\u00e9glementaires ;Vu la demande de subvention de la communaut\u00e9 de communes du Grand Roye d\u00e9pos\u00e9e surD\u00e9marche-Num\u00e9rique le 10 d\u00e9cembre 2025 sous la r\u00e9f\u00e9rence 28181101 ;Consid\u00e9rant qu'il convient de favoriser l'acc\u00e8s aux aides publiques en n'opposant pas \u00e0 la collectivit\u00e9l'engagement d'une partie des d\u00e9penses de son op\u00e9ration par un premier acte juridique prisant\u00e9rieurement au d\u00e9p\u00f4t de la demande de subvention susvis\u00e9e;Consid\u00e9rant que cette d\u00e9rogation est compatible avec les engagements europ\u00e9ens et internationauxde la France et qu'elle ne porte pas atteinte aux int\u00e9r\u00eats de la d\u00e9fense ou de la s\u00e9curit\u00e9 des personneset des biens, ni ne constitue une atteinte disproportionn\u00e9e aux objectifs poursuivis pour lesdispositions auxquelles il est d\u00e9rog\u00e9 ;Consid\u00e9rant qu'il est conforme \u00e0 l'int\u00e9r\u00eat g\u00e9n\u00e9ral, et au vu des circonstances locales, de d\u00e9roger auxdispositions de l'article 5 du d\u00e9cret n\u00b02018-514 du 25 juin 2018 susvis\u00e9 ;Sur proposition du secr\u00e9taire g\u00e9n\u00e9ral de la pr\u00e9fecture de la Somme ;\nPr\u00e9fecture de la Somme - SCPI - 80-2025-12-15-00004 - Arr\u00eat\u00e9 portant autorisation de commencement anticip\u00e9 d'une op\u00e9ration\nport\u00e9e par la communaut\u00e9 de communes du Grand Roye dans le cadre de l'attribution d'une subvention au titre du fonds\nd'acc\u00e9l\u00e9ration de la transition \u00e9cologique dans les territoires (BOP380) 2025\n28\nARRETEArticle 1:Par d\u00e9rogation \u00e0 l'article 5 du d\u00e9cret n\u00b02018-514 du 25juin 2018 susvis\u00e9, le commencement anticip\u00e9 del'op\u00e9ration port\u00e9e par la communaut\u00e9 de communes du Grand Roye, objet de la demande desubvention d\u00e9pos\u00e9e sur D\u00e9marche-Num\u00e9rique le 10 d\u00e9cembre 2025 sous la r\u00e9f\u00e9rence 28181101, estautoris\u00e9 ant\u00e9rieurement au d\u00e9p\u00f4t de la demande de subvention susvis\u00e9e.\nArticle 2 :Conform\u00e9ment aux dispositions de l'article R 421-1 du code dejustice administrative, le pr\u00e9sent arr\u00eat\u00e9peut faire l'objet d'un recours contentieux devant le tribunal administratif d'Amiens, 14 rue LemerchierCS 81114 - 80011 AMIENS Cedex 01 dans le d\u00e9lai de 2 mois \u00e0 compter de sa publication.Tout litige r\u00e9sultant de l'ex\u00e9cution du pr\u00e9sent arr\u00eat\u00e9 est du ressort du tribunal administratif, qui peut\u00eatre saisi \u00e9galement via l'application T\u00e9l\u00e9recours citoyen accessible sur le site www.telerecours.fr.\nArticle 3 :Le secr\u00e9taire g\u00e9n\u00e9ral de la pr\u00e9fecture de la Somme et le directeur r\u00e9gional et d\u00e9partemental desfinances publiques des Hauts-de-France sont charg\u00e9s, chacun en ce qui le concerne, de l'ex\u00e9cution dupr\u00e9sent arr\u00eat\u00e9 qui sera publi\u00e9 au recueil des actes administratifs de la pr\u00e9fecture de la Somme.\nAmiensle {5 DEC. 2025\nLALe pr\u00e9fet\nRollon MOUCHEL-BLAISOT\nPr\u00e9fecture de la Somme - SCPI - 80-2025-12-15-00004 - Arr\u00eat\u00e9 portant autorisation de commencement anticip\u00e9 d'une op\u00e9ration\nport\u00e9e par la communaut\u00e9 de communes du Grand Roye dans le cadre de l'attribution d'une subvention au titre du fonds\nd'acc\u00e9l\u00e9ration de la transition \u00e9cologique dans les territoires (BOP380) 2025\n29\nPr\u00e9fecture de la Somme - SCPI\n80-2025-12-15-00003\nArr\u00eat\u00e9 portant autorisation de commencement\nanticip\u00e9 d'une op\u00e9ration port\u00e9e par la\ncommunaut\u00e9 de communes du Val de Somme\ndans le cadre de l'attribution d'une subvention\nau titre du fonds d'acc\u00e9l\u00e9ration de la transition\n\u00e9cologique dans les territoires (BOP380) 2025\nPr\u00e9fecture de la Somme - SCPI - 80-2025-12-15-00003 - Arr\u00eat\u00e9 portant autorisation de commencement anticip\u00e9 d'une op\u00e9ration\nport\u00e9e par la communaut\u00e9 de communes du Val de Somme dans le cadre de l'attribution d'une subvention au titre du fonds\nd'acc\u00e9l\u00e9ration de la transition \u00e9cologique dans les territoires (BOP380) 2025\n30\nPREFET Secr\u00e9tariat g\u00e9n\u00e9ralDE LA SOMME Service de coordination des politiques interminist\u00e9riellesLibert\u00e9Egalit\u00e9Fraternit\u00e9\nARRETEportant autorisation de commencement anticip\u00e9d'une op\u00e9ration port\u00e9e par la communaut\u00e9 de communes du Val de Sommedans le cadre de l'attribution d'une subventionau titre du fonds d'acc\u00e9l\u00e9ration de la transition \u00e9cologiquedans les territoires (BOP 380) 2025\nLE PR\u00c9FET DE LA SOMMECHEVALIER DE LA L\u00c9GION D'HONNEUROFFICIER DE L'ORDRE NATIONAL DU M\u00c9RITE\nVu le d\u00e9cret n\u00b0 2004-374 du 29 avril 2004 modifi\u00e9 relatif aux pouvoirs des pr\u00e9fets, \u00e0 l'organisation et \u00e0l'action des services de l'\u00c9tat dans les r\u00e9gions et les d\u00e9partements ;Vu le d\u00e9cret n\u00b02018-514 du 25 juin 2018 relatif aux subventions de l'\u00c9tat pour des projetsd'investissement ;Vu le d\u00e9cret n\u00b02020-412 du 8 avril 2020 relatif au droit de d\u00e9rogation reconnu au pr\u00e9fet ;Vu le d\u00e9cret du 13 juillet 2023 portant nomination du pr\u00e9fet de la Somme, M. Rollon MOUCHEL-BLAISOT;Vu la circulaire du 6 avril 2020 relative \u00e0 la d\u00e9volution au pr\u00e9fet d'un droit de d\u00e9rogation aux normesr\u00e9glementaires ;Vu la demande de subvention de la communaut\u00e9 de communes du Val de Somme d\u00e9pos\u00e9e surD\u00e9marche-Num\u00e9rique le 11 d\u00e9cembre 2025 sous la r\u00e9f\u00e9rence 28190089 ;Consid\u00e9rant qu'il convient de favoriser l'acc\u00e8s aux aides publiques en n'opposant pas \u00e0 la collectivit\u00e9l'engagement d'une partie des d\u00e9penses de son op\u00e9ration par Un premier acte juridique prisant\u00e9rieurement au d\u00e9p\u00f4t de la demande de subvention susvis\u00e9e ;Consid\u00e9rant que cette d\u00e9rogation est compatible avec les engagements europ\u00e9ens et internationauxde la France et qu'elle ne porte pas atteinte aux int\u00e9r\u00eats de la d\u00e9fense ou de la s\u00e9curit\u00e9 des personneset des biens, ni ne constitue une atteinte disproportionn\u00e9e aux objectifs poursuivis pour lesdispositions auxquelles il est d\u00e9rog\u00e9 ;Consid\u00e9rant qu'il est conforme \u00e0 l'int\u00e9r\u00eat g\u00e9n\u00e9ral, et au vu des circonstances locales, de d\u00e9roger auxdispositions de l'article 5 du d\u00e9cret n\u00b02018-514 du 25juin 2018 susvis\u00e9 ;Sur proposition du secr\u00e9taire g\u00e9n\u00e9ral de la pr\u00e9fecture de la Somme ;\nPr\u00e9fecture de la Somme - SCPI - 80-2025-12-15-00003 - Arr\u00eat\u00e9 portant autorisation de commencement anticip\u00e9 d'une op\u00e9ration\nport\u00e9e par la communaut\u00e9 de communes du Val de Somme dans le cadre de l'attribution d'une subvention au titre du fonds\nd'acc\u00e9l\u00e9ration de la transition \u00e9cologique dans les territoires (BOP380) 2025\n31\nARRETEArticle 1:Par d\u00e9rogation \u00e0 l'article 5 du d\u00e9cret n\u00b02018-514 du 25 juin 2018 susvis\u00e9, le commencement anticip\u00e9 del'op\u00e9ration port\u00e9e par la communaut\u00e9 de communes du Val de Somme, objet de la demande desubvention d\u00e9pos\u00e9e sur D\u00e9marche-Num\u00e9rique le 11 d\u00e9cembre 2025 sous la r\u00e9f\u00e9rence 28190089, estautoris\u00e9 ant\u00e9rieurement au d\u00e9p\u00f4t de la demande de subvention susvis\u00e9e.\nArticle 2 :Conform\u00e9ment aux dispositions de l'article R 421-1 du code dejustice administrative, le pr\u00e9sent arr\u00eat\u00e9peut faire l'objet d'un recours contentieux devant le tribunal administratif d'Amiens, 14 rue LemerchierCS 81114 - 80011 AMIENS Cedex 01 dans le d\u00e9lai de 2 mois \u00e0 compter de sa publication.Tout litige r\u00e9sultant de l'ex\u00e9cution du pr\u00e9sent arr\u00eat\u00e9 est du ressort du tribunal administratif, qui peut\u00eatre saisi \u00e9galement via l'application T\u00e9l\u00e9recours citoyen accessible sur le site www.telerecours.fr,\nArticle 3 :Le secr\u00e9taire g\u00e9n\u00e9ral de la pr\u00e9fecture de la Somme et le directeur r\u00e9gional et d\u00e9partemental desfinances publiques des Hauts-de-France sont charg\u00e9s, chacun en ce qui le concerne, de l'ex\u00e9cution dupr\u00e9sent arr\u00eat\u00e9 qui sera publi\u00e9 au recueil des actes administratifs de la pr\u00e9fecture de la Somme.Amiens le 45 DEC. 2025Le pr\u00e9fet\nRoll -BLAISOT\nPr\u00e9fecture de la Somme - SCPI - 80-2025-12-15-00003 - Arr\u00eat\u00e9 portant autorisation de commencement anticip\u00e9 d'une op\u00e9ration\nport\u00e9e par la communaut\u00e9 de communes du Val de Somme dans le cadre de l'attribution d'une subvention au titre du fonds\nd'acc\u00e9l\u00e9ration de la transition \u00e9cologique dans les territoires (BOP380) 2025\n32","date":"2025-12-15","first_seen_on":"2025-12-15T15:37:32+00:00","id":"fe5624a5d09271605c4504ca9b0ae02930e28cd053b4fc6d5eb4cfb2c0b292b1","name":"RAA n\u00b0248 sp\u00e9cial du 15 d\u00e9cembre 2025","pdf_creation_date":"2025-12-15T15:23:41+00:00","pdf_modification_date":null,"timezone":"Europe/Paris","url":"https://www.somme.gouv.fr/contenu/telechargement/54497/358488/file/recueil-2025-248-recueil-des-actes-administratifs-special.pdf"}
