{"administration":"pref30","administration_name":"Pr\u00e9fecture du Gard","content":"PR\u00c9FET\nDU GARD\nRECUEIL DES ACTES\nADMINISTRATIFS SP\u00c9CIAL\n(NOMINATIFS)\nN\u00b030-2025-086\nPUBLI\u00c9 LE 23 MAI 2025\nSommaire\nDirection d\u00e9partementale de l'\u00e9conomie, de l'emploi, du travail et des\nsolidarit\u00e9s  /\n30-2025-05-20-00012 - Arr\u00eat\u00e9 modificatif agr\u00e9ment services \u00e0 la\npersonne O2 Nimes (4 pages) Page 3\n30-2025-05-21-00003 - Arr\u00eat\u00e9 portant attribution de la M\u00e9daille de la\nFamille  (2 pages) Page 8\n30-2025-05-19-00005 - R\u00e9c\u00e9piss\u00e9 d\u00e9claration services \u00e0 la\npersonne Deconynck Aur\u00e9lie 28.03.25 (2 pages) Page 11\n30-2025-05-20-00009 - R\u00e9c\u00e9piss\u00e9 d\u00e9claration services \u00e0 la\npersonne JULIA Ludyvine 01.04.25 (2 pages) Page 14\n30-2025-05-20-00010 - R\u00e9c\u00e9piss\u00e9 d\u00e9claration services \u00e0 la\npersonne Lutins & galopins 12.03.25 (2 pages) Page 17\n30-2025-05-21-00005 - R\u00e9c\u00e9piss\u00e9 d\u00e9claration services \u00e0 la\npersonne POLI Xavier 28.03.25 (2 pages) Page 20\n30-2025-05-19-00004 - R\u00e9c\u00e9piss\u00e9 d\u00e9claration services \u00e0 la\npersonne Yousfi Hanane 21.03.25 (2 pages) Page 23\n30-2025-05-20-00011 - R\u00e9c\u00e9piss\u00e9 modificatif d\u00e9claration services\n\u00e0 la personne O2 Nimes (4 pages) Page 26\n2\nDirection d\u00e9partementale de l'\u00e9conomie, de\nl'emploi, du travail et des solidarit\u00e9s \n30-2025-05-20-00012\nArr\u00eat\u00e9 modificatif agr\u00e9ment services \u00e0 la\npersonne O2 Nimes\nDirection d\u00e9partementale de l'\u00e9conomie, de l'emploi, du travail et des solidarit\u00e9s  - 30-2025-05-20-00012 - Arr\u00eat\u00e9 modificatif\nagr\u00e9ment services \u00e0 la personne O2 Nimes 3\nExPREFET | Direction D\u00e9partementaleDU GARD de l'Emploi, du Travail et des Solidarit\u00e9sLibert\u00e9Egalit\u00e9Fraternit\u00e9\nArr\u00eat\u00e9 n\u00b0 30-2025-05-20-n\u00b0portant modification d'agr\u00e9mentd'un organisme de services \u00e0 la personneN\u00b0 SAP 498462472 |\nVu le code du travail, notamment ses articles L.7232-1, R.7232.11 et D.7231-1 ;Vu le code de l'action sociale et des familles, notamment l'article D 312-6-2 ;Vu le d\u00e9cret du 13 juillet 2023 nommant Monsieur J\u00e9r6me BONET, pr\u00e9fet du Gard ;Vu l'arr\u00e9t\u00e9 du ministre de l'int\u00e9rieur et des outre-mer du 30 janvier 2024 nommant Mme SophieBOUDOT, attach\u00e9e d'administration hors classe de l'\u00e9tat, directrice d\u00e9partementale, de |'emploi, dutravail et des solidarit\u00e9s du Gard, \u00e0 compter du 19 f\u00e9vrier 2024 ;Vu l'arr\u00eat\u00e9 du 19 f\u00e9vrier 2024 donnant d\u00e9l\u00e9gation de signature \u00e0 Madame Sophie BOUDOT, directriced\u00e9partementale de l'emploi, du travail et des solidarit\u00e9s du Gard, a compter du 19 f\u00e9vrier 2024;Vu larr\u00e9t\u00e9 du 19 f\u00e9vrier 2025 portant subd\u00e9l\u00e9gation aux agents de la direction d\u00e9partementale del'emploi, du travail et des solidarit\u00e9s ;Vu le cahier des charges pr\u00e9vu \u00e0 l'article R.7232-6 du code du travail ;Vu l'autorisation accord\u00e9e par le Conseil d\u00e9partemental du Gard \u00e0 compter du 04 avril 2012, pour unedur\u00e9e de 15 ans ;Vu les arr\u00eat\u00e9s du Pr\u00e9fet du Gard, renouvelant l'agr\u00e9ment services a la personne a l'organisme O2Nimes, des 14 f\u00e9vrier 2022 et 20 janvier 2023 pour une dur\u00e9e de 5 ans a compter du 04 avril 2022 ;Vu la demande de modification d'agr\u00e9ment suite \u00e0 changement d'adresse, d\u00e9pos\u00e9e le 31 mars 2025,par Madame BARTHELEMY Elsa en qualit\u00e9 de responsable de l'organisme O2 Nimes ;ARRETE :Article 1erLe si\u00e8ge social de l'organisme O2 N\u00eemes anciennement situ\u00e9 14 avenue Pompidou, 30900 NIMES,est transf\u00e9r\u00e9 au 10 rue du cirque romain, 30900 NIMES, a compter du 03 f\u00e9vrier 2025.L'\u00e9ch\u00e9ance de l'agr\u00e9ment reste inchang\u00e9e.La demande de renouvellement devra \u00eatre d\u00e9pos\u00e9e dans les conditions fix\u00e9es par l'article R.7232-8et, au plus tard, trois mois avant la fin de cet agr\u00e9ment.\nMas de l'Agriculture - 1120 route de Saint Gilles \u2014 BP 39081 - 30972 NIMES CEDEX 9T\u00e9l : 04 30 08 61 20 Fax : 04 30 08 61 21 www.gard.gouv.fr\nDirection d\u00e9partementale de l'\u00e9conomie, de l'emploi, du travail et des solidarit\u00e9s  - 30-2025-05-20-00012 - Arr\u00eat\u00e9 modificatif\nagr\u00e9ment services \u00e0 la personne O2 Nimes 4\nArticle 2L'agr\u00e9ment couvre les activit\u00e9s suivantes, pour le d\u00e9partement du Gard :- en mode mandataire et prestataire\u00a2 Garde d'enfant de moins de 3 ans et de moins de 18 ans handicap\u00e9s \u00e0 domicile+ Accompagnement des enfants de moins de 3 ans ou de moins de 18 ans handicap\u00e9s- en mode mandataire uniquement+ Assistance aux personnes \u00e2g\u00e9es\u00a2 Assistance aux personnes handicap\u00e9es+ Conduite du v\u00e9hicule des personnes \u00e2g\u00e9es et handicap\u00e9es+ Accompagnement des personnes \u00e2g\u00e9es et handicap\u00e9es dans leurs d\u00e9placementsArticle 3Si l'organisme envisage de fournir des activit\u00e9s autres que celles pour lesquelles il est agr\u00e9\u00e9 oud'exercer ses activit\u00e9s sur un d\u00e9partement autre que celui pour lequel il est agr\u00e9\u00e9, il devra solliciterune modification pr\u00e9alable de son agr\u00e9ment. Si l'organisme propose des activit\u00e9s de garde oud'accompagnement d'enfant de moins de 3 ans, il devra solliciter une modification pr\u00e9alable de sonagr\u00e9ment en cas de changement de mode d'intervention.L'ouverture d'un nouvel \u00e9tablissement ou d'un nouveau local d'accueil dans un d\u00e9partement pourlequel il est agr\u00e9\u00e9 devra \u00e9galement faire l'objet d'une information pr\u00e9alable aupr\u00e8s de la directiond\u00e9partementale de l'emploi, du travail et des solidarit\u00e9s.- Article 4Le pr\u00e9sent agr\u00e9ment pourra \u00eatre retir\u00e9 si l'organisme agr\u00e9\u00e9 :- cesse de remplir les conditions ou de respecter les obligations mentionn\u00e9es aux articles R.7232-4 \u00e0R.7232-9 du code du travail.- ne respecte pas les dispositions l\u00e9gales relatives \u00e0 la sant\u00e9 et \u00e0 la s\u00e9curit\u00e9 au travail,- exerce d'autres activit\u00e9s que celles mentionn\u00e9es dans le pr\u00e9sent arr\u00eat\u00e9,- ne transmet pas au pr\u00e9fet comp\u00e9tent les statistiques mentionn\u00e9es \u00e0 l'article R.7232-9 du code dutravail.Article 5L'agr\u00e9ment n'ouvre pas droit aux avantages fiscaux et sociaux fix\u00e9s par l'article L.7233-2 du code dutravail et L.241-10 du code de la s\u00e9curit\u00e9 sociale. Conform\u00e9ment \u00e0 l'article L.7232-1-1 du code dutravail, pour ouvrir droit \u00e0 ces dispositions, l'organisme doit se d\u00e9clarer et n'exercer que les activit\u00e9sd\u00e9clar\u00e9es, \u00e0 l'exclusion de toute autre (ou tenir une comptabilit\u00e9 s\u00e9par\u00e9e pour les organismesdispens\u00e9s de cette condition par l'article L. 7232-1-2).Article 6Le pr\u00e9sent arr\u00e9t\u00e9 sera publi\u00e9 au recueil des actes administratifs de la pr\u00e9fecture du Gard.Il peut, dans les deux mois a compter de sa notification, faire l'objet d'un recours gracieux aupr\u00e8s de laDirection D\u00e9partementale de l'Emploi, du Travail et des Solidarit\u00e9s ou d'un recours hi\u00e9rarchiqueadress\u00e9 au ministre charg\u00e9 de l'\u00e9conomie - direction g\u00e9n\u00e9rale des entreprises - mission des services\u00e0 la personne, 6 rue Louise Weiss, 75703 Paris cedex 13.Il peut \u00e9galement faire l'objet d'un recours contentieux dans un d\u00e9lai de deux mois \u00e0 compter de sanotification en saisissant Tribunal administratif de N\u00eemes, 16 avenue Feuch\u00e8res, 30000 N\u00eemes.Le tribunal administratif peut \u00eatre saisi par l'application informatique \u00ab T\u00e9l\u00e9recours citoyen \u00bbaccessible sur le site internet www.telerecours.fr.\nDirection d\u00e9partementale de l'\u00e9conomie, de l'emploi, du travail et des solidarit\u00e9s  - 30-2025-05-20-00012 - Arr\u00eat\u00e9 modificatif\nagr\u00e9ment services \u00e0 la personne O2 Nimes 5\nEn cas de rejet du recours gracieux ou hi\u00e9rarchique ou en l'absence de r\u00e9ponse \u00e0 ce recours (rejetimplicite), un recours contentieux devant le tribunal administratif peut \u00e9galement \u00eatre form\u00e9 contre lad\u00e9cision initiale dans un d\u00e9lai de deux mois \u00e0 compter de ce rejet.Fait \u00e0 N\u00eemes, le 20 mai 2025,\nDirection d\u00e9partementale de l'\u00e9conomie, de l'emploi, du travail et des solidarit\u00e9s  - 30-2025-05-20-00012 - Arr\u00eat\u00e9 modificatif\nagr\u00e9ment services \u00e0 la personne O2 Nimes 6\nDirection d\u00e9partementale de l'\u00e9conomie, de l'emploi, du travail et des solidarit\u00e9s  - 30-2025-05-20-00012 - Arr\u00eat\u00e9 modificatif\nagr\u00e9ment services \u00e0 la personne O2 Nimes 7\nDirection d\u00e9partementale de l'\u00e9conomie, de\nl'emploi, du travail et des solidarit\u00e9s \n30-2025-05-21-00003\nArr\u00eat\u00e9 portant attribution de la M\u00e9daille de la\nFamille \nDirection d\u00e9partementale de l'\u00e9conomie, de l'emploi, du travail et des solidarit\u00e9s  - 30-2025-05-21-00003 - Arr\u00eat\u00e9 portant attribution\nde la M\u00e9daille de la Famille 8\nExPREFET . Direction D\u00e9partementaleDU GARD de l'Emploi, du Travail et des Solidarit\u00e9sLibert\u00e9\u00c9galit\u00e9Fraternit\u00e9\nARRETE N\u00b0Portant attribution de la M\u00e9daille de la FamilleLe Pr\u00e9fet du GardChevalier de la L\u00e9gion d'HonneurChevalier de l'Ordre National du M\u00e9rite\nVu le d\u00e9cret n\u00b0 82-938 du 28 octobre 1982 cr\u00e9ant une \u00ab M\u00e9daille de la Famille Fran\u00e7aise \u00bb ;Vu le d\u00e9cret n\u00b0 2004-1136 du 21 octobre 2004 :Vu le d\u00e9cret n\u00b0 2006-665 du 7 juin 2006 rempla\u00e7ant la \u00ab M\u00e9daille de la Famille Fran\u00e7aise \u00bb par la\u00ab M\u00e9daille de la Famille \u00bb ;Vu le d\u00e9cret n\u00b0 2013-438 du 28 mai 2013 relatif \u00e0 la m\u00e9daille de la famille, modifiant ses conditionsd'attribution en \u00e9largissant la liste des r\u00e9cipiendaires et ne pr\u00e9voyant qu'un seul mod\u00e8le dem\u00e9daille ;Vu le d\u00e9cret n\u00b0 2022-23 du 17 f\u00e9vrier 2022 rempla\u00e7ant la \u00ab M\u00e9daille de la famille\u00bb par la\u00ab M\u00e9daille de l'Enfance et des Familles \u00bb en \u00e9largissant les crit\u00e8res d'attribution de la m\u00e9daille ;Vu l'arr\u00eat\u00e9 du Ministre des Affaires Sociales et de la Solidarit\u00e9 Nationale du 15 mars 1983 portantapplication du d\u00e9cret n\u00b0 82-938 du 28 octobre 1982 ;Vu l'arr\u00eat\u00e9 du Ministre des Solidarit\u00e9s et de la Sant\u00e9 du 2 mars 2022 portant application du d\u00e9cretn\u00b02022-23 du 17 f\u00e9vrier 2022 ;Consid\u00e9rant l'avis de la commission interne de l'Union D\u00e9partementale des Associations Familiales(UDAF) du.2 avril.2024 ;\nSur proposition de la directrice d\u00e9partementale de l'emploi, du travail et des solidarit\u00e9s ;\nArr\u00eate :\nArticle 1: La M\u00e9daille de la Famille est d\u00e9cern\u00e9e aux parents ou personnes ayant \u00e9lev\u00e9 desenfants, aux b\u00e9n\u00e9voles et professionnels au service de l'enfance et des familles d\u00e9sign\u00e9s ci-apr\u00e8safin de rendre hommage \u00e0 leur m\u00e9rite et de leur t\u00e9moigner la reconnaissance de la Nation.\nDirection d\u00e9partementale de l'\u00e9conomie, de l'emploi, du travail et des solidarit\u00e9s  - 30-2025-05-21-00003 - Arr\u00eat\u00e9 portant attribution\nde la M\u00e9daille de la Famille 9\nNOM:\nMadame GRIVEL-DELILLAZ Manon5 enfantsMadame CAVALIER Francoise4 enfantsMadame ARBOUCHE Halima4 enfantsMadame FALCONNET Huguette7 enfantsMadame ROCCO Catherine5 enfants |Monsieur OLIVE Jean-Michel3 enfantsMonsieur VOLPI Serge5 enfantsArticle 2 : Dans les deux mois de sa notification ou de sa publication, le pr\u00e9sent arr\u00eat\u00e9 peut fairel'objet soit d'un recours gracieux devant le Pr\u00e9fet du Gard, autorit\u00e9 signataire de cette d\u00e9cision,soit d'un recours contentieux devant le tribunal administratif de Nimes, 16 avenue Feuch\u00e8res,30 000 N\u00ceMES.Le tribunal peut aussi \u00eatre saisi par l'application informatique \u00ab T\u00e9l\u00e9recours Citoyens \u00bb accessiblepar le site internet www.telerecours.fr .\nArticle 3: Le secr\u00e9taire g\u00e9n\u00e9ral de la pr\u00e9fecture du Gard et la.directrice d\u00e9partementale del'emploi, du travail et des solidarit\u00e9s du Gard sont charg\u00e9s, chacun en ce qui le concerne, del'ex\u00e9cution du pr\u00e9sent arr\u00eat\u00e9, qui sera publi\u00e9 au recueil des actes administratifs de la pr\u00e9fecturedu Gard.\nPROMOTION 2025ADRESSE :\n21 avenue de la R\u00e9gordane30 450 GENOLHACRoute de Saint-Gilles30 300 FOURQUESImpasse de la Pouzaranque30 126 SAINT LAURENT DES ARBRES6 avenue de la Gare30 111 CONGENIES95 mont\u00e9e du Levant30 820 CAVEIRAC1145 route de canvas30 120 MONTARDIER4 rue de Paniscoule30 200 BAGNOLS SUR CEZE\nMas de l'Agriculture \u2014 1120 route de Saint Gilles - BP 39081 - 30972 NIMES CEDEX 9T\u00e9l : 04 30 08 61 20 - www.gard.gouv.fr\nDirection d\u00e9partementale de l'\u00e9conomie, de l'emploi, du travail et des solidarit\u00e9s  - 30-2025-05-21-00003 - Arr\u00eat\u00e9 portant attribution\nde la M\u00e9daille de la Famille 10\nDirection d\u00e9partementale de l'\u00e9conomie, de\nl'emploi, du travail et des solidarit\u00e9s \n30-2025-05-19-00005\nR\u00e9c\u00e9piss\u00e9 d\u00e9claration services \u00e0 la personne\nDeconynck Aur\u00e9lie 28.03.25\nDirection d\u00e9partementale de l'\u00e9conomie, de l'emploi, du travail et des solidarit\u00e9s  - 30-2025-05-19-00005 - R\u00e9c\u00e9piss\u00e9 d\u00e9claration\nservices \u00e0 la personne Deconynck Aur\u00e9lie 28.03.25 11\nExPREFET Direction D\u00e9partementaleDU GARD de l'Emploi, du Travail et des Solidarit\u00e9sLibert\u00e9Egalit\u00e9Fraternit\u00e9\nR\u00e9c\u00e9piss\u00e9 de d\u00e9claration n\u00b030-2025-05-19-n\u00b0d'un organisme de services \u00e0 la personneenregistr\u00e9 sous le n\u00b0 SAP 792770075Le pr\u00e9fet du GardChevalier de la L\u00e9gion d'HonneurChevalier de l'Ordre National du M\u00e9riteVu le code du travail et notamment les articles L.7231-1 \u00e0 L.7233-2, R.7232-18 \u00e0 R.7232-24, D.7231-1 et D.7233-1 \u00e0 D.7233-5 ;Vu l'arr\u00eat\u00e9 du ministre de l'Int\u00e9rieur et des outre-mer du 30 janvier 2024 nommant Mme SophieBOUDOT, attach\u00e9e d'administration hors classe de l'\u00e9tat, directrice d\u00e9partementale, de l'emploi, dutravail et des solidarit\u00e9s du Gard, \u00e0 compter du 19 f\u00e9vrier 2024 ;.Vu l'arr\u00eat\u00e9 du 19 f\u00e9vrier 2024 donnant d\u00e9l\u00e9gation de signature \u00e0 Madame Sophie BOUDOT, directriced\u00e9partementale de l'emploi, du travail et des solidarit\u00e9s du Gard ;Vu l'arr\u00eat\u00e9 du 19 f\u00e9vrier 2025 portant su: as. me aux agents de la direction d\u00e9partementale del'emploi, du travail et des solidarit\u00e9s ;Vu la circulaire DGE du 03 janvier 2025 relative aux activit\u00e9s de services \u00e0 la personne : d\u00e9claration etagr\u00e9ment des organismes de services \u00e0 la personne ;Constate :Qu'une d\u00e9claration d'activit\u00e9s de services \u00e0 la personne a \u00e9t\u00e9 d\u00e9pos\u00e9e aupr\u00e8s de la directiond\u00e9partementale de l'emploi, du travail et des solidarit\u00e9s, le 28 mars 2025, par Madame VERMESCH_ Aur\u00e9lie en qualit\u00e9 de responsable, pour l'organisme DECONYNCK Aur\u00e9lie (lily f\u00e9e du logis) Siret792770075 00028 dont l'\u00e9tablissement principal est situ\u00e9 au 35 rue du brugas, 30110 LA GRAND-COMBE et enregistr\u00e9e sous le n\u00b0 SAP 792770075 pour les activit\u00e9s suivantes :Activit\u00e9s relevant uniquement de la d\u00e9claration en mode prestataire :o Entretien de la maison et travaux m\u00e9nagersToute modification concernant les activit\u00e9s exerc\u00e9es devra faire l'objet d'une d\u00e9claration modificativepr\u00e9alable.Sous r\u00e9serve d'\u00eatre exerc\u00e9es \u00e0 titre exclusif (ou sous r\u00e9serve d'une comptabilit\u00e9 s\u00e9par\u00e9e pour lespersonnes morales dispens\u00e9es de cette condition), ces activit\u00e9s ouvrent droit au b\u00e9n\u00e9fice desdispositions des articles L. 7233-2 du code du travail et L. 241-10 du code de la s\u00e9curit\u00e9 sociale dansles conditions pr\u00e9vues par ces articles.Les effets de la d\u00e9claration courent \u00e0 compter du jour du d\u00e9p\u00f4t de la d\u00e9claration sous r\u00e9serve desdispositions de l'article R.7232-18 du code du travail.Le pr\u00e9sent r\u00e9c\u00e9piss\u00e9 est \u00e0 port\u00e9e nationale et n'est pas limit\u00e9 dans le temps, \u00e0 l'exception des\nMas de l'Agriculture - 1120 route de Saint Gilles - BP 39081 - 30972 NIMES CEDEX 9T\u00e9l : 04 30 08 61 20 Fax : 04 30 08 61 21 www.gard.gouv.fr\nDirection d\u00e9partementale de l'\u00e9conomie, de l'emploi, du travail et des solidarit\u00e9s  - 30-2025-05-19-00005 - R\u00e9c\u00e9piss\u00e9 d\u00e9claration\nservices \u00e0 la personne Deconynck Aur\u00e9lie 28.03.25 12\nactivit\u00e9s relevant de l'agr\u00e9ment dont les effets sont limit\u00e9s a 5 ans.L'enregistrement de la d\u00e9claration peut \u00eatre retir\u00e9 dans les conditions fix\u00e9es aux articles R.7232-20 aR.7232-22 du code du travail.\nLe pr\u00e9sent r\u00e9c\u00e9piss\u00e9 sera publi\u00e9 au recueil des actes administratifs de la pr\u00e9fecture du Gard.\nFait a Nimes, le 19 mai 2025,\n| Pour la directrice d\u00e9partdu travail et des solidarit\u00e9s du Gle directeurentale de l'emploi,d et par d\u00e9l\u00e9gationpartemental adjoint\nIN\nVoies de recours :La pr\u00e9sente d\u00e9cision peut, \u00e0 compter de sa publication, faire l'objet d'un recours gracieux aupr\u00e8s de laDirection D\u00e9partementale de l'Emploi, du Travail et des Solidarit\u00e9s- Mas de l'Agriculture \u2014 1120 routede Saint Gilles \u2014 BP 39081 \u2014 30972 NIMES CEDEX 9 ou d'un recours hi\u00e9rarchique adress\u00e9 auministre charg\u00e9 de l'\u00e9conomie - Direction g\u00e9n\u00e9rale des entreprises - sous-direction des servicesmarchands, 6, rue Louise Weiss, 75703 Paris cedex13.\n/\nElle peut \u00e9galement faire l'objet d'un recours contentieux dans un d\u00e9lai de deux mois a compter de sapublication aupr\u00e9s du Tribunal administratif de Nimes - 16 avenue Feuch\u00e9res - 30000 Nimes.Le tribunal administratif peut \u00eatre saisi par l'application informatique \u00ab T\u00e9l\u00e9recours citoyen \u00bbaccessible sur le site internet www.telerecours.fr.En cas de rejet du recours gracieux ou hi\u00e9rarchique ou en l'absence de r\u00e9ponse \u00e0 ce recours (rejetimplicite), un recours contentieux devant le tribunal administratif peut \u00e9galement \u00eatre form\u00e9 contre lad\u00e9cision initiale dans un d\u00e9lai de deux mois \u00e0 compter de ce rejet.\nDirection d\u00e9partementale de l'\u00e9conomie, de l'emploi, du travail et des solidarit\u00e9s  - 30-2025-05-19-00005 - R\u00e9c\u00e9piss\u00e9 d\u00e9claration\nservices \u00e0 la personne Deconynck Aur\u00e9lie 28.03.25 13\nDirection d\u00e9partementale de l'\u00e9conomie, de\nl'emploi, du travail et des solidarit\u00e9s \n30-2025-05-20-00009\nR\u00e9c\u00e9piss\u00e9 d\u00e9claration services \u00e0 la personne\nJULIA Ludyvine 01.04.25\nDirection d\u00e9partementale de l'\u00e9conomie, de l'emploi, du travail et des solidarit\u00e9s  - 30-2025-05-20-00009 - R\u00e9c\u00e9piss\u00e9 d\u00e9claration\nservices \u00e0 la personne JULIA Ludyvine 01.04.25 14\nPREFET Direction D\u00e9partementaleDU GARD de l'Emploi, du Travail et des Solidarit\u00e9sLibert\u00e9Egalit\u00e9Fraternit\u00e9\nR\u00e9c\u00e9piss\u00e9 de d\u00e9claration n\u00b030-2025-05-20-n\u00b0d'un organisme de services \u00e0 la personneenregistr\u00e9 sous le n\u00b0 SAP 807904123Le pr\u00e9fet du GardChevalier de la L\u00e9gion d'HonneurChevalier de l'Ordre National du M\u00e9riteVu le code du travail et notamment les articles L.7231-1 \u00e0 L.7233-2, R.7232-18 \u00e0 R.7232-24, D.7231-1 et D.7233-1 \u00e0 D.7233-5 ; |Vu l'arr\u00eat\u00e9 du ministre de l'Int\u00e9rieur et des outre-mer du 30 janvier 2024 nommant Mme SophieBOUDOT, attach\u00e9e d'administration hors classe de l'\u00e9tat, directrice d\u00e9partementale, de l'emploi, dutravail et des solidarit\u00e9s du Gard, \u00e0 compter du 19 f\u00e9vrier 2024 ;Vu l'arr\u00eat\u00e9 du 19 f\u00e9vrier 2024 donnant d\u00e9l\u00e9gation de signature \u00e0 Madame Sophie BOUDOT, directriced\u00e9partementale de l'emploi, du travail et des solidarit\u00e9s du Gard ;Vu l'arr\u00eat\u00e9 du 19 f\u00e9vrier 2025 portant subd\u00e9l\u00e9gation aux agents de la direction d\u00e9partementale del'emploi, du travail et des solidarit\u00e9s ;Vu la circulaire DGE du 03 janvier 2025 relative aux activit\u00e9s de services \u00e0 la personne : d\u00e9claration etagr\u00e9ment des organismes de services \u00e0 la personne ;Constate :Qu'une d\u00e9claration d'activit\u00e9s de services \u00e0 la personne a \u00e9t\u00e9 d\u00e9pos\u00e9e aupr\u00e8s de la directiond\u00e9partementale de l'emploi, du travail et des solidarit\u00e9s, le 01 avril 2025, par Madame JULIA Ludyvineen qualit\u00e9 de responsable, pour l'organisme JULIA Ludyvine (Jaleg) Siret 807904123 00021 dontl'\u00e9tablissement principal est situ\u00e9 au 42 rue des peupliers, 30700 Arpaillargues et Aureilhac etenregistr\u00e9e sous le n\u00b0 SAP 807904123 pour les activit\u00e9s suivantes :Activit\u00e9s relevant uniquement de la d\u00e9claration en mode prestataire :o Assistance administrative \u00e0 domicileToute modification concernant les activit\u00e9s exerc\u00e9es devra faire l'objet d'une d\u00e9claration modificativepr\u00e9alable.Sous r\u00e9serve d'\u00eatre exerc\u00e9es \u00e0 titre exclusif (ou sous r\u00e9serve d'une comptabilit\u00e9 s\u00e9par\u00e9e pour lespersonnes morales dispens\u00e9es de cette condition), ces activit\u00e9s ouvrent droit au b\u00e9n\u00e9fice desdispositions des articles L. 7233-2 du code du travail et L. 241-10 du code de la s\u00e9curit\u00e9 sociale dansles conditions pr\u00e9vues par ces articles.Les effets de la d\u00e9claration courent \u00e0 compter du jour du d\u00e9p\u00f4t de la d\u00e9claration sous r\u00e9serve desdispositions de l'article R.7232-18 du code du travail.Le pr\u00e9sent r\u00e9c\u00e9piss\u00e9 est \u00e0 port\u00e9e nationale et n'est pas limit\u00e9 dans le temps, \u00e0 l'exception des\nMas de l'Agriculture - 1120 route de Saint Gilles \u2014 BP 39081 - 30972 NIMES CEDEX 9T\u00e9l : 04 30 08 61 20 Fax : 04 30 08 61 21 www.gard.gouv.fr\nDirection d\u00e9partementale de l'\u00e9conomie, de l'emploi, du travail et des solidarit\u00e9s  - 30-2025-05-20-00009 - R\u00e9c\u00e9piss\u00e9 d\u00e9claration\nservices \u00e0 la personne JULIA Ludyvine 01.04.25 15\nactivit\u00e9s relevant de l'agr\u00e9ment dont les effets sont limit\u00e9s \u00e0 5 ans.L'enregistrement de la d\u00e9claration peut \u00eatre retir\u00e9 dans les conditions fix\u00e9es aux articles R.7232-20 \u00e0R.7232-22 du code du travail.\nLe pr\u00e9sent r\u00e9c\u00e9piss\u00e9 sera publi\u00e9 au recueil des actes administratifs de la pr\u00e9fecture du Gard.\nFait \u00e0 N\u00eemes, le 20 mai 2025,\nPour la difedtrice d\u00e9partementale de l'emploi,du travail et des solidarit\u00e9s du Gard et par d\u00e9l\u00e9gation\u20ac frecteur d\u00e9partemental adjoint\nVoies de recours :La pr\u00e9sente d\u00e9cision peut, \u00e0 compter de sa publication, faire l'objet d'un recours gracieux aupr\u00e8s de laDirection D\u00e9partementale de l'Emploi, du Travail et des Solidarit\u00e9s- Mas de l'Agriculture \u2014 1120 routede Saint Gilles \u2014 BP 39081 \u2014 30972 NIMES CEDEX 9 ou d'un recours hi\u00e9rarchique adress\u00e9 auministre charg\u00e9 de l'\u00e9conomie - Direction g\u00e9n\u00e9rale des entreprises - sous-direction des servicesmarchands, 6, rue Louise Weiss, 75703 Paris cedex13.Elle peut \u00e9galement faire l'objet d'un recours contentieux dans un d\u00e9lai de deux mois \u00e0 compter de sapublication aupr\u00e8s du Tribunal administratif de N\u00eemes - 16 avenue Feuch\u00e8res - 30000 N\u00eemes.Le tribunal administratif peut \u00eatre saisi par l'application informatique \u00ab T\u00e9l\u00e9recours citoyen \u00bbaccessible sur le site internet www.telerecours.fr.En cas de rejet du recours gracieux ou hi\u00e9rarchique ou en l'absence de r\u00e9ponse \u00e0 ce recours (rejetimplicite), un recours contentieux devant le tribunal administratif peut \u00e9galement \u00eatre form\u00e9 contre lad\u00e9cision initiale dans un d\u00e9lai de deux mois \u00e0 compter de ce rejet.\nDirection d\u00e9partementale de l'\u00e9conomie, de l'emploi, du travail et des solidarit\u00e9s  - 30-2025-05-20-00009 - R\u00e9c\u00e9piss\u00e9 d\u00e9claration\nservices \u00e0 la personne JULIA Ludyvine 01.04.25 16\nDirection d\u00e9partementale de l'\u00e9conomie, de\nl'emploi, du travail et des solidarit\u00e9s \n30-2025-05-20-00010\nR\u00e9c\u00e9piss\u00e9 d\u00e9claration services \u00e0 la personne\nLutins & galopins 12.03.25\nDirection d\u00e9partementale de l'\u00e9conomie, de l'emploi, du travail et des solidarit\u00e9s  - 30-2025-05-20-00010 - R\u00e9c\u00e9piss\u00e9 d\u00e9claration\nservices \u00e0 la personne Lutins & galopins 12.03.25 17\nPREFET | | Direction D\u00e9partementaleDU GARD de l'Emploi, du Travail et des Solidarit\u00e9sLibert\u00e9Egalit\u00e9Fraternit\u00e9\nR\u00e9c\u00e9piss\u00e9 de d\u00e9claration n\u00b0 30-2025-05-20-n\u00b0d'un organisme de services \u00e0 la personneenregistr\u00e9 sous le n\u00b0 SAP 941791220Le pr\u00e9fet du GardChevalier de la L\u00e9gion d'HonneurChevalier de l'Ordre National du M\u00e9riteVu le code du travail et notamment les articles L.7231-1 \u00e0 L.7233-2, R.7232-18 \u00e0 R.7232-24, D.7231-1 et D.7233-1 \u00e0 D.7233-5 :Vu l'arr\u00eat\u00e9 du ministre de l'Int\u00e9rieur et des outre-mer du 30 janvier 2024 nommant Mme SophieBOUDOT, attach\u00e9e d'administration hors classe de l'\u00e9tat, directrice d\u00e9partementale, de l'emploi, dutravail et des solidarit\u00e9s du Gard, \u00e0 compter du 19 f\u00e9vrier 2024 ;Vu l'arr\u00eat\u00e9 du 19 f\u00e9vrier 2024 donnant d\u00e9l\u00e9gation de signature \u00e0 Madame Sophie BOUDOT, directriced\u00e9partementale de l'emploi, du travail et des solidarit\u00e9s du Gard ;Vu l'arr\u00eat\u00e9 du 19 f\u00e9vrier 2025 portant subd\u00e9l\u00e9gation aux agents de la direction d\u00e9partementale del'emploi, du travail et des solidarit\u00e9s ;Vu la circulaire DGE du 03 janvier 2025 relative aux activit\u00e9s de services \u00e0 la personne : d\u00e9claration etagr\u00e9ment des organismes de services \u00e0 la personne ;Constate :Qu'une d\u00e9claration d'activit\u00e9s de services a la personne a \u00e9t\u00e9 d\u00e9pos\u00e9e aupr\u00e8s de la directiond\u00e9partementale de l'emploi, du travail et des solidarit\u00e9s le 12 mars 2025, compl\u00e9t\u00e9e le 20 mai 2025,par Monsieur TILLE Jean-Marie en qualit\u00e9 de responsable, pour l'organisme LUTINS & GALOPINSSiret 941791220 00010 dont l'\u00e9tablissement principal est situ\u00e9 au 17 rue Rolland Garros, 30100 ALESet enregistr\u00e9e sous le n\u00b0 SAP 941791220 pour les activit\u00e9s suivantes :Activit\u00e9s relevant uniquement de la d\u00e9claration en mode prestataire et mandataire :o Garde d'enfants de plus de 3 ans a domicileo Soutien scolaire ou cours \u00e0 domicileo Accompagnement des enfants de plus de 3 ans dans leurs d\u00e9placements\nToute modification concernant les activit\u00e9s exerc\u00e9es devra faire l'objet d'une d\u00e9claration modificativepr\u00e9alable.Sous r\u00e9serve d'\u00eatre exerc\u00e9es \u00e0 titre exclusif (ou sous r\u00e9serve d'une comptabilit\u00e9 s\u00e9par\u00e9e pour lespersonnes morales dispens\u00e9es de cette condition), ces activit\u00e9s ouvrent droit au b\u00e9n\u00e9fice desdispositions des articles L. 7233-2 du code du travail et L. 241-10 du code de la s\u00e9curit\u00e9 sociale dansles conditions pr\u00e9vues par ces articles.\nMas de l'Agriculture - 1120 route de Saint Gilles - BP 39081 - 30972 NIMES CEDEX 9T\u00e9l : 04 30 08 61 20 Fax : 04 30 08 61 21 www.gard.gouv.fr\nDirection d\u00e9partementale de l'\u00e9conomie, de l'emploi, du travail et des solidarit\u00e9s  - 30-2025-05-20-00010 - R\u00e9c\u00e9piss\u00e9 d\u00e9claration\nservices \u00e0 la personne Lutins & galopins 12.03.25 18\nLes effets de la d\u00e9claration courent a compter du jour du d\u00e9p\u00f4t de la d\u00e9claration sous r\u00e9serve desdispositions de l'article R.7232-18 du code du travail.Le pr\u00e9sent r\u00e9c\u00e9piss\u00e9 est \u00e0 port\u00e9e nationale et n'est pas limit\u00e9 dans le temps, \u00e0 l'exception desactivit\u00e9s relevant de l'agr\u00e9ment dont les effets sont limit\u00e9s \u00e0 5 ans.L'enregistrement de la d\u00e9claration peut \u00eatre retir\u00e9 dans les conditions fix\u00e9es aux articles R.7232-20 \u00e0R.7232-22 du code du travail.\nLe pr\u00e9sent r\u00e9c\u00e9piss\u00e9 sera publi\u00e9 au recueil des actes administratifs de la pr\u00e9fecture du Gard.\nFait \u00e0 N\u00eemes, le 20 mai 2025,\nPour la directrice d\u00e9partementale de l'emploi,du travail et des solidarit\u00e9s du Gard et par d\u00e9l\u00e9gation\nVoies de recours :La pr\u00e9sente d\u00e9cision peut, \u00e0 compter de sa publication, faire l'objet d'un recours gracieux aupr\u00e8s de laDirection D\u00e9partementale de l'Emploi, du Travail et des Solidarit\u00e9s- Mas de l'Agriculture \u2014 1120 routede Saint Gilles \u2014 BP 39081 \u2014 30972 NIMES CEDEX 9 ou d'un recours hi\u00e9rarchique adress\u00e9 auministre charg\u00e9 de l'\u00e9conomie - Direction g\u00e9n\u00e9rale des entreprises - sous-direction des servicesmarchands, 6, rue Louise Weiss, 75703 Paris cedex13.Elle peut \u00e9galement faire l'objet d'un recours contentieux dans un d\u00e9lai de deux mois \u00e0 compter de sapublication aupr\u00e8s du Tribunal administratif de N\u00eemes - 16 avenue Feuch\u00e8res - 30000 N\u00eemes.Le tribunal administratif peut \u00eatre saisi par l'application informatique \u00ab T\u00e9l\u00e9recours citoyen \u00bbaccessible sur le site internet www.telerecours.fr.En cas de rejet du recours gracieux ou hi\u00e9rarchique ou en l'absence de r\u00e9ponse \u00e0 ce recours (rejetimplicite), un recours contentieux devant le tribunal administratif peut \u00e9galement \u00eatre form\u00e9 contre lad\u00e9cision initiale dans un d\u00e9lai de deux mois \u00e0 compter de ce rejet.\nDirection d\u00e9partementale de l'\u00e9conomie, de l'emploi, du travail et des solidarit\u00e9s  - 30-2025-05-20-00010 - R\u00e9c\u00e9piss\u00e9 d\u00e9claration\nservices \u00e0 la personne Lutins & galopins 12.03.25 19\nDirection d\u00e9partementale de l'\u00e9conomie, de\nl'emploi, du travail et des solidarit\u00e9s \n30-2025-05-21-00005\nR\u00e9c\u00e9piss\u00e9 d\u00e9claration services \u00e0 la personne POLI\nXavier 28.03.25\nDirection d\u00e9partementale de l'\u00e9conomie, de l'emploi, du travail et des solidarit\u00e9s  - 30-2025-05-21-00005 - R\u00e9c\u00e9piss\u00e9 d\u00e9claration\nservices \u00e0 la personne POLI Xavier 28.03.25 20\nPREFET Direction D\u00e9partementaleDU GARD de l'Emploi, du Travail et des Solidarit\u00e9sLibert\u00e9Egalit\u00e9Fraternit\u00e9\nR\u00e9c\u00e9piss\u00e9 de d\u00e9claration n\u00b030-2025-05-21-n\u00b0d'un organisme de services \u00e0 la personneenregistr\u00e9 sous le n\u00b0 SAP 927442160Le pr\u00e9fet du GardChevalier de la L\u00e9gion d'HonneurChevalier de l'Ordre National du M\u00e9riteVu le code du travail et notamment les articles L.7231-1 \u00e0 L.7233-2, R.7232-18 \u00e0 R.7232-24, D.7231-1 et D.7233-1 \u00e0 D.7233-5 ;Vu l'arr\u00eat\u00e9 du ministre de l'Int\u00e9rieur et des outre-mer du 30 janvier 2024 nommant Mme SophieBOUDOT, attach\u00e9e d'administration hors classe de l'\u00e9tat, directrice d\u00e9partementale, de l'emploi, dutravail et des solidarit\u00e9s du Gard, \u00e0 compter du 19 f\u00e9vrier 2024 ;Vu l'arr\u00eat\u00e9 du 19 f\u00e9vrier 2024 donnant d\u00e9l\u00e9gation de signature \u00e0 Madame Sophie BOUDOT, directriced\u00e9partementale de l'emploi, du travail et des solidarit\u00e9s du Gard ;Vu l'arr\u00eat\u00e9 du 19 f\u00e9vrier 2025 portant subd\u00e9l\u00e9gation aux agents de la direction d\u00e9partementale del'emploi, du travail et des solidarit\u00e9s ;Vu la circulaire DGE du 03 janvier 2025 relative aux activit\u00e9s de services \u00e0 la personne : d\u00e9claration etagr\u00e9ment des organismes de services \u00e0 la personne ;Constate :Qu'une d\u00e9claration d'activit\u00e9s de services \u00e0 la personne a \u00e9t\u00e9 d\u00e9pos\u00e9e aupr\u00e8s de la directiond\u00e9partementale de l'emploi, du travail et des solidarit\u00e9s, le 28 mars 2025, par Monsieur POLI Xavieren qualit\u00e9 de responsable, pour l'organisme xavier poli Siret 927442160 00028 dont l'\u00e9tablissementprincipal est situ\u00e9 au 12 rue Frederic Mistral, 30110 LA GRAND COMBE et enregistr\u00e9e sous le n\u00b0 SAP927442160 pour les activit\u00e9s suivantes :Activit\u00e9s relevant uniquement de la d\u00e9claration en mode prestataire :o Entretien de la maison et travaux m\u00e9nagerso Petits travaux de jardinageo Travaux de petit bricolageo Soins d'esth\u00e9tique \u00e0 domicile pour les personnes d\u00e9pendanteso Pr\u00e9paration de repas \u00e0 domicileo Livraison de courses \u00e0 domicileo Assistance informatique \u00e0 domicileo Soins et promenades d'animaux de compagnie pour les personnes d\u00e9pendanteso Maintenance, entretien et vigilance temporaires \u00e0 domicile\nMas de l'Agriculture \u2014 1120 route de Saint Gilles - BP 39081 - 30972 NIMES CEDEX 9T\u00e9l : 04 30 08 61 20 Fax : 04 30 08 61 21 www.gard.gouv.fr\nDirection d\u00e9partementale de l'\u00e9conomie, de l'emploi, du travail et des solidarit\u00e9s  - 30-2025-05-21-00005 - R\u00e9c\u00e9piss\u00e9 d\u00e9claration\nservices \u00e0 la personne POLI Xavier 28.03.25 21\no Assistance administrative a domicileo Assistance aux personnes ayant besoin d'une aide temporaire a leur domicileo Conduite du v\u00e9hicule des personnes en cas d'invalidit\u00e9 temporaireo Accompagnement des personnes pr\u00e9sentant une invalidit\u00e9 temporaire\nToute modification concernant les activit\u00e9s exerc\u00e9es devra faire l'objet d'une d\u00e9claration modificativepr\u00e9alable.Sous r\u00e9serve d'\u00eatre exerc\u00e9es \u00e0 titre exclusif (ou sous r\u00e9serve d'une comptabilit\u00e9 s\u00e9par\u00e9e pour lespersonnes morales dispens\u00e9es de cette condition), ces activit\u00e9s ouvrent droit au b\u00e9n\u00e9fice desdispositions des articles L. 7233-2 du code du travail et L. 241-10 du code de la s\u00e9curit\u00e9 sociale dansles conditions pr\u00e9vues par ces articles.Les effets de la d\u00e9claration courent \u00e0 compter du jour du d\u00e9p\u00f4t de la d\u00e9claration sous r\u00e9serve desdispositions de l'article R.7232-18 du code du travail.Le pr\u00e9sent r\u00e9c\u00e9piss\u00e9 est \u00e0 port\u00e9e nationale et n'est pas limit\u00e9 dans le temps.L'enregistrement de la d\u00e9claration peut \u00eatre retir\u00e9 dans les conditions fix\u00e9es aux articles R.7232-20 \u00e0R.7232-22 du code du travail.\nLe pr\u00e9sent r\u00e9c\u00e9piss\u00e9 sera publi\u00e9 au recueil des actes administratifs de la pr\u00e9fecture du Gard.\nFait \u00e0 Nimes, le 21 may; 2025\nVoies de recours :La pr\u00e9sente d\u00e9cision peut, \u00e0 compter de sa publication, faire l'objet d'un recours gracieux aupr\u00e8s de laDirection D\u00e9partementale de l'Emploi, du Travail et des Solidarit\u00e9s- Mas de l'Agriculture \u2014 1120 routede Saint Gilles \u2014 BP 39081 \u2014 30972 NIMES CEDEX 9 ou d'un recours hi\u00e9rarchique adress\u00e9 auministre charg\u00e9 de l'\u00e9conomie - Direction g\u00e9n\u00e9rale des entreprises - sous-direction des servicesmarchands, 6, rue Louise _ Weiss, 75703 Paris cedex13.Elle peut \u00e9galement faire l'objet d'un recours contentieux dans un d\u00e9lai de deux mois a compter de sapublication aupr\u00e8s du Tribunal administratif de Nimes - 16 avenue Feuch\u00e8res - 30000 Nimes.Le tribunal administratif peut \u00eatre saisi par l'application informatique \u00ab T\u00e9l\u00e9recours citoyen \u00bbaccessible sur le site internet www.telerecours. fr.En cas de rejet du recours gracieux ou hi\u00e9rarchique ou en l'absence de r\u00e9ponse \u00e0 ce recours (rejetimplicite), un recours contentieux devant le tribunal administratif peut \u00e9galement \u00eatre form\u00e9 contre lad\u00e9cision initiale dans un d\u00e9lai de deux mois \u00e0 compter de ce rejet.\nDirection d\u00e9partementale de l'\u00e9conomie, de l'emploi, du travail et des solidarit\u00e9s  - 30-2025-05-21-00005 - R\u00e9c\u00e9piss\u00e9 d\u00e9claration\nservices \u00e0 la personne POLI Xavier 28.03.25 22\nDirection d\u00e9partementale de l'\u00e9conomie, de\nl'emploi, du travail et des solidarit\u00e9s \n30-2025-05-19-00004\nR\u00e9c\u00e9piss\u00e9 d\u00e9claration services \u00e0 la personne\nYousfi Hanane 21.03.25\nDirection d\u00e9partementale de l'\u00e9conomie, de l'emploi, du travail et des solidarit\u00e9s  - 30-2025-05-19-00004 - R\u00e9c\u00e9piss\u00e9 d\u00e9claration\nservices \u00e0 la personne Yousfi Hanane 21.03.25 23\nPREFET | Direction D\u00e9partementaleDU GARD de l'Emploi, du Travail et des Solidarit\u00e9sLibert\u00e9Egalit\u00e9Fraternit\u00e9\nR\u00e9c\u00e9piss\u00e9 de d\u00e9claration n\u00b0 30-2025-05-19-n\u00b0d'un organisme de services \u00e0 la personneenregistr\u00e9 sous le n\u00b0 SAP 941831778Le pr\u00e9fet du GardChevalier de la L\u00e9gion d'HonneurChevalier de l'Ordre National du M\u00e9riteVu le code du travail et notamment les articles L.7231-1 \u00e0 L.7233-2, R.7232-18 \u00e0 R.7232-24, D.7231-1 et D.7233-1 \u00e0 D.7233-5 ;Vu l'arr\u00eat\u00e9 du ministre de l'Int\u00e9rieur et des outre-mer du 30 janvier 2024 nommant Mme SophieBOUDOT, attach\u00e9e d'administration hors classe de l'\u00e9tat, directrice d\u00e9partementale, de l'emploi, dutravail et des solidarit\u00e9s du Gard, \u00e0 compter du 19 f\u00e9vrier 2024 ;Vu l'arr\u00eat\u00e9 du 19 f\u00e9vrier 2024 donnant d\u00e9l\u00e9gation de signature \u00e0 Madame Sophie BOUDOT, directriced\u00e9partementale de l'emploi, du travail et des solidarit\u00e9s du Gard ;Vu l'arr\u00eat\u00e9 du 19 f\u00e9vrier 2025 portant subd\u00e9l\u00e9gation aux agents de la direction d\u00e9partementale del'emploi, du travail et des solidarit\u00e9s ;Vu la circulaire DGE du 03 janvier 2025 relative aux activit\u00e9s de services \u00e0 la personne : d\u00e9claration etagr\u00e9ment des organismes de services \u00e0 la personne ; .Constate :Qu'une d\u00e9claration d'activit\u00e9s de services \u00e0 la personne a \u00e9t\u00e9 d\u00e9pos\u00e9e aupr\u00e8s de la directiond\u00e9partementale de l'emploi, du travail et des solidarit\u00e9s, le 21 mars 2025, par Madame YOUSFIHanane en qualit\u00e9 de responsable, pour l'organisme Yousfi Hanane Siret 941831778 00019 dontl'\u00e9tablissement principal est situ\u00e9 au 2 impasse archim\u00e8de, 30900 NIMES et enregistr\u00e9e sous le n\u00b0SAP 941831778 pour les activit\u00e9s suivantes : |Activit\u00e9s relevant uniquement de la d\u00e9claration en mode prestataire :o Entretien de la maison et travaux m\u00e9nagerso Pr\u00e9paration de repas \u00e0 domicileToute modification concernant les activit\u00e9s exerc\u00e9es devra faire l'objet d'une d\u00e9claration modificativepr\u00e9alable.Sous r\u00e9serve d'\u00eatre exerc\u00e9es \u00e0 titre exclusif (ou sous r\u00e9serve d'une comptabilit\u00e9 s\u00e9par\u00e9e pour lespersonnes morales dispens\u00e9es de cette condition), ces activit\u00e9s ouvrent droit au b\u00e9n\u00e9fice desdispositions des articles L. 7233-2 du code du travail et L. 241-10 du code de la s\u00e9curit\u00e9 sociale dansles conditions pr\u00e9vues par ces articles.Les effets de la d\u00e9claration courent \u00e0 compter du jour du d\u00e9p\u00f4t de la d\u00e9claration sous r\u00e9serve desdispositions de l'article R.7232-18 du code du travail.Le pr\u00e9sent r\u00e9c\u00e9piss\u00e9 est \u00e0 port\u00e9e nationale et n'est pas limit\u00e9 dans le temps, \u00e0 l'exception des\nMas de l'Agriculture - 1120 route de Saint Gilles \u2014- BP 39081 - 30972 NIMES CEDEX 9T\u00e9l : 04 30 08 61 20 Fax : 04 30 08 61 21 www.gard.gouv.fr\nDirection d\u00e9partementale de l'\u00e9conomie, de l'emploi, du travail et des solidarit\u00e9s  - 30-2025-05-19-00004 - R\u00e9c\u00e9piss\u00e9 d\u00e9claration\nservices \u00e0 la personne Yousfi Hanane 21.03.25 24\nactivit\u00e9s relevant de l'agr\u00e9ment dont les effets sont limit\u00e9s a 5 ans.L'enregistrement de la d\u00e9claration peut \u00e9tre retir\u00e9 dans les conditions fix\u00e9es aux articles R.7232-20 aR.7232-22 du code du travail.\nLe pr\u00e9sent r\u00e9c\u00e9piss\u00e9 sera publi\u00e9 au recueil des actes administratifs de la pr\u00e9fecture du Gard.\nFait a Nimes, le 19 mai 2025,\nPour la directrice d\u00e9pa\u00f1tementale de l'emploi,du travail et des solidarit\u00e9s du Gard et par d\u00e9l\u00e9gationle directeur d\u00e9partemental adjoint\nVoies de recours :La pr\u00e9sente d\u00e9cision peut, \u00e0 compter de sa publication, faire l'objet d'un recours gracieux aupr\u00e8s de laDirection D\u00e9partementale de l'Emploi, du Travail et des Solidarit\u00e9s- Mas de l'Agriculture \u2014 1120 routede Saint Gilles \u2014 BP 39081 \u2014 30972 NIMES CEDEX 9 ou d'un recours hi\u00e9rarchique adress\u00e9 auministre charg\u00e9 de l'\u00e9conomie - Direction g\u00e9n\u00e9rale des entreprises - sous-direction des servicesmarchands, 6, rue Louise Weiss, 75703 Paris cedex13.Elle peut \u00e9galement faire l'objet d'un recours contentieux dans un d\u00e9lai de deux mois \u00e0 compter de sapublication aupr\u00e8s du Tribunal administratif de N\u00eemes - 16 avenue Feuch\u00e8res - 30000 N\u00eemes.Le tribunal administratif peut \u00eatre saisi par l'application informatique \u00ab T\u00e9l\u00e9recours citoyen \u00bbaccessible sur le site internet www.telerecours. fr.En cas de rejet du recours gracieux ou hi\u00e9rarchique ou en l'absence de r\u00e9ponse a ce recours (rejetimplicite), un recours contentieux devant le tribunal administratif peut \u00e9galement \u00eatre form\u00e9 contre lad\u00e9cision initiale dans un d\u00e9lai de deux mois \u00e0 compter de ce rejet.\nDirection d\u00e9partementale de l'\u00e9conomie, de l'emploi, du travail et des solidarit\u00e9s  - 30-2025-05-19-00004 - R\u00e9c\u00e9piss\u00e9 d\u00e9claration\nservices \u00e0 la personne Yousfi Hanane 21.03.25 25\nDirection d\u00e9partementale de l'\u00e9conomie, de\nl'emploi, du travail et des solidarit\u00e9s \n30-2025-05-20-00011\nR\u00e9c\u00e9piss\u00e9 modificatif d\u00e9claration services \u00e0 la\npersonne O2 Nimes\nDirection d\u00e9partementale de l'\u00e9conomie, de l'emploi, du travail et des solidarit\u00e9s  - 30-2025-05-20-00011 - R\u00e9c\u00e9piss\u00e9 modificatif\nd\u00e9claration services \u00e0 la personne O2 Nimes 26\nPREFET _ Direction D\u00e9partementaleDU GARD de l'Emploi, du Travail et des Solidarit\u00e9sLibert\u00e9\u00c9galit\u00e9Fraternit\u00e9\nR\u00e9c\u00e9piss\u00e9 modificatif de d\u00e9claration n\u00b0 30-2025-05-20-n\u00b0d'un organisme de services \u00e0 la personneenregistr\u00e9 sous le n\u00b0 SAP n\u00b0498462472Le pr\u00e9fet du GardChevalier de la L\u00e9gion d'HonneurChevalier de l'Ordre National du M\u00e9rite\nVu le code du travail et notamment les articles L.7231-1 \u00e0 L.7233-2, R.7232-18 \u00e0 R.7232-24, D.7231-1 et D.7233-1 \u00e0 D.7233-5 :Vu le code de l'action sociale et des familles, notamment l'article D 312-6-2 ;Vu le d\u00e9cret du 13 juillet 2023 nommant Monsieur J\u00e9r\u00f4me BONET, pr\u00e9fet du Gard ;Vu l'arr\u00eat\u00e9 du ministre de l'int\u00e9rieur et des outre-mer du 30 janvier 2024 nommant Mme SophieBOUDOT, attach\u00e9e d'administration hors classe de l'\u00e9tat, directrice d\u00e9partementale, de l'emploi, dutravail et des solidarit\u00e9s du Gard, \u00e0 compter du 19 f\u00e9vrier 2024 ;Vu l'arr\u00eat\u00e9 du 19 f\u00e9vrier 2024 donnant d\u00e9l\u00e9gation de signature \u00e0 Madame Sophie BOUDOT, directriced\u00e9partementale de l'emploi, du travail et des solidarit\u00e9s du Gard, \u00e0 compter du 19 f\u00e9vrier ;Vu l'arr\u00eat\u00e9 du 19 f\u00e9vrier 2025 portant subd\u00e9l\u00e9gation aux agents de la direction d\u00e9partementale del'emploi, du travail et des solidarit\u00e9s ;Vu les arr\u00eat\u00e9s du Pr\u00e9fet du Gard, renouvelant l'agr\u00e9ment services \u00e0 la personne \u00e0 l'organisme O2Nimes, des 14 f\u00e9vrier 2022 et 20 janvier 2023 pour une dur\u00e9e de 5 ans \u00e0 compter du 04 avril 2022 ;Vu l'autorisation d\u00e9livr\u00e9e par le Conseil d\u00e9partemental du Gard \u00e0 l'organisme O2 Nimes en date du 04avril 2022, pour une dur\u00e9e de 15 ans ;Vu la d\u00e9claration d'activit\u00e9 d'un organisme de services \u00e0 la personne concernant l'organisme O2N\u00eemes enregistr\u00e9e le 23 janvier 2023 sous le num\u00e9ro SAP 498462472 ;Vu le transfert du si\u00e8ge social de l'organisme 02 N\u00eemes au 10 rue du cirque romain 30900 NIMES ;Constate :Que le si\u00e8ge social de l'entreprise 02 N\u00eemes est transf\u00e9r\u00e9 au 10 rue du cirque romain 30900 NIMES, \u00e0compter du 03 f\u00e9vrier 2025 ;Que la pr\u00e9sente d\u00e9claration d'activit\u00e9 est accord\u00e9e dans les m\u00eames conditions de droits etd'obligations que le r\u00e9c\u00e9piss\u00e9 initial pour les activit\u00e9s suivantes en mode prestataire et mandataire :\u00b0 Garde d'enfants de plus de 3 ans a domicile\nMas de l'Agriculture - 1120 route de Saint Gilles \u2014 BP 39081 - 30972 NIMES CEDEX 9T\u00e9l : 04 30 08 61 20 Fax : 04 30 08 61 21 www.gard.gouv.fr\nDirection d\u00e9partementale de l'\u00e9conomie, de l'emploi, du travail et des solidarit\u00e9s  - 30-2025-05-20-00011 - R\u00e9c\u00e9piss\u00e9 modificatif\nd\u00e9claration services \u00e0 la personne O2 Nimes 27\n\u00b0 Soutien scolaire ou cours a domicile\u00b0 Accompagnement des enfants de plus de 3 ans dans leurs d\u00e9placements. Entretien de la maison et travaux m\u00e9nagers\u00b0 Petits travaux de jardinage\u00b0 Travaux de petit bricolage\u00b0 Pr\u00e9paration de repas a domicile\u00b0 Livraison de courses a domicile\u00b0 Maintenance, entretien et vigilance temporaires a domicile\u00b0 Assistance administrative a domicile\u00b0 Soins et promenades d'animaux pour personnes d\u00e9pendantes\u00b0 Assistance aux personnes ayant besoin d'une aide temporaire a leur domicile\u00b0 Conduite du v\u00e9hicule des personnes en cas d'invalidit\u00e9 temporaire\u00b0 Accompagnement des personnes pr\u00e9sentant une invalidit\u00e9 temporaire\nLes activit\u00e9s suivantes soumises \u00e0 agr\u00e9ment de l'\u00c9tat pour le d\u00e9partement du Gard :- En mode mandataire et prestataire :e Garde d'enfants de moins de 3 ans et de moins de 18 ans handicap\u00e9s\u00b0 Accompagnement des enfants de moins de 3 ans ou de moins de 18 ans handicap\u00e9s- Uniquement en mode mandataire :e Assistance aux personnes \u00e2g\u00e9es et aux personnes handicap\u00e9es+ Conduite de v\u00e9hicule des personnes \u00e2g\u00e9es et des personnes handicap\u00e9ese _ Accompagnement des personnes \u00e2g\u00e9es et des personnes handicap\u00e9es\nEt les activit\u00e9s suivantes en mode prestataire soumises \u00e0 autorisation du Conseil d\u00e9partemental pourle d\u00e9partement du Gard :\u00b0 Assistance aux personnes \u00e2g\u00e9es et aux personnes handicap\u00e9es+ Conduite de v\u00e9hicule des personnes \u00e2g\u00e9es et des personnes handicap\u00e9es\u00a2 Accompagnement des personnes \u00e2g\u00e9es et des personnes handicap\u00e9es\nToute modification concernant les activit\u00e9s exerc\u00e9es devra faire l'objet d'une d\u00e9claration modificativepr\u00e9alable.Sous r\u00e9serve d'\u00eatre exerc\u00e9es \u00e0 titre exclusif (ou sous r\u00e9serve d'une comptabilit\u00e9 s\u00e9par\u00e9e pour lespersonnes morales dispens\u00e9es de cette condition), ces activit\u00e9s ouvrent droit au b\u00e9n\u00e9fice des' dispositions des articles L. 7233-2 du code du travail et L. 241-10 du code de la s\u00e9curit\u00e9 sociale dansles conditions pr\u00e9vues par ces articles.Les effets de la d\u00e9claration courent \u00e0 compter du jour du d\u00e9p\u00f4t de la d\u00e9claration sous r\u00e9serve desdispositions de l'article R.7232-18 du code du travail.Le pr\u00e9sent r\u00e9c\u00e9piss\u00e9 est \u00e0 port\u00e9e nationale et n'est pas limit\u00e9 dans le temps.L'enregistrement de la d\u00e9claration peut \u00eatre retir\u00e9 dans les conditions fix\u00e9es aux articles R.7232-20 \u00e0R.7232-22 du code du travail.\nDirection d\u00e9partementale de l'\u00e9conomie, de l'emploi, du travail et des solidarit\u00e9s  - 30-2025-05-20-00011 - R\u00e9c\u00e9piss\u00e9 modificatif\nd\u00e9claration services \u00e0 la personne O2 Nimes 28\nLe pr\u00e9sent r\u00e9c\u00e9piss\u00e9 sera publi\u00e9 au recueil des actes administratifs de la pr\u00e9fecture du Gard.Fait \u00e0 Nimes, le 21 mai 2025\nPour la directride d\u00e9partementale de l'emploi,du travail et des solidarit\u00e9s du Gard et par d\u00e9l\u00e9gationcteur d\u00e9partemental adjoint\nVoies de recours :La pr\u00e9sente d\u00e9cision peut, \u00e0 compter de sa publication, faire l'objet d'un recours gracieux aupr\u00e8s de laDirection D\u00e9partementale de l'Emploi, du Travail et des Solidarit\u00e9s- Mas de l'Agriculture \u2014 1120 routede Saint Gilles \u2014 BP 39081 \u2014 30972 NIMES CEDEX 9 ou d'un recours hi\u00e9rarchique adress\u00e9 auministre charg\u00e9 de l'\u00e9conomie - Direction g\u00e9n\u00e9rale des entreprises - sous-direction des servicesmarchands, 6, rue Louise Weiss, 75703 Paris cedex13.Elle peut \u00e9galement faire l'objet d'un recours contentieux dans un d\u00e9lai de deux mois \u00e0 compter de sapublication aupr\u00e8s du Tribunal administratif de N\u00eemes - 16 avenue Feuch\u00e8res - 30000 N\u00eemes.Le tribunal administratif peut \u00eatre saisi par l'application informatique \u00ab T\u00e9l\u00e9recours citoyen \u00bbaccessible sur le site internet www.telerecours. fr.En cas de rejet du recours gracieux ou hi\u00e9rarchique ou en l'absence de r\u00e9ponse \u00e0 ce recours (rejetimplicite), un recours contentieux devant le tribunal administratif peut \u00e9galement \u00eatre form\u00e9 contre lad\u00e9cision initiale dans un d\u00e9lai de deux mois \u00e0 compter de ce rejet.\nDirection d\u00e9partementale de l'\u00e9conomie, de l'emploi, du travail et des solidarit\u00e9s  - 30-2025-05-20-00011 - R\u00e9c\u00e9piss\u00e9 modificatif\nd\u00e9claration services \u00e0 la personne O2 Nimes 29\nDirection d\u00e9partementale de l'\u00e9conomie, de l'emploi, du travail et des solidarit\u00e9s  - 30-2025-05-20-00011 - R\u00e9c\u00e9piss\u00e9 modificatif\nd\u00e9claration services \u00e0 la personne O2 Nimes 30","date":"2025-05-23","first_seen_on":"2025-05-23T14:09:34+00:00","id":"fe58cd7dc302983cb6709821664bbe48d89e9a1521718ac504349c78cdb8d747","name":"recueil-30-2025-086-nominatifs du 23 05 2025","pdf_creation_date":"2025-05-23T14:07:20+00:00","pdf_modification_date":null,"timezone":"Europe/Paris","url":"https://www.gard.gouv.fr/contenu/telechargement/63450/469217/file/recueil-30-2025-086-nominatifs%20du%2023%2005%202025.pdf"}
