{"administration":"pref21","administration_name":"Pr\u00e9fecture de C\u00f4te-d\u2019Or","content":"PR\u00c9FET\nDE LA C\u00d4TE-D'OR\nRECUEIL DES ACTES\nADMINISTRATIFS\nN\u00b021-2024-081\nPUBLI\u00c9 LE  5 JUILLET 2024\nSommaire\nPr\u00e9fecture de la C\u00f4te-d'Or / Direction des s\u00e9curit\u00e9s\n21-2024-07-05-00004 - Arr\u00eat\u00e9 N\u00b0 1114 portant r\u00e9glementation temporaire\nde la circulation (2 pages) Page 3\nPr\u00e9fecture de la C\u00f4te-d'Or / P\u00f4le juridique inter-services\n21-2024-07-05-00003 - Arr\u00eat\u00e9 pr\u00e9fectoral n\u00b0 1110 SG du 5 juillet 2024\n\ndonnant d\u00e9l\u00e9gation de signature \u00e0 Monsieur S\u00e9bastien GAUTHEY,\nattach\u00e9 hors classe,  directeur de l\u25a1immigration et de la nationalit\u00e9 (DIN)\n(8 pages) Page 6\n2\nPr\u00e9fecture de la C\u00f4te-d'Or\nDirection des s\u00e9curit\u00e9s\n21-2024-07-05-00004\nArr\u00eat\u00e9 N\u00b0 1114 portant r\u00e9glementation\ntemporaire de la circulation\nPr\u00e9fecture de la C\u00f4te-d'Or - 21-2024-07-05-00004 - Arr\u00eat\u00e9 N\u00b0 1114 portant r\u00e9glementation temporaire de la circulation 3\nExPREFETDE LACOTE-D'ORLibert\u00e9Egalit\u00e9Fraternit\u00e9\nDirection d\u00e9partementale des territoires de la\nC\u00f4te-d'Or\nService de la S\u00e9curit\u00e9 et de l'\u00c9ducation \nRouti\u00e8re\nBureau de la S\u00e9curit\u00e9 Routi\u00e8re\nT\u00e9l. : 03.80.29.44.58\nM\u00e9l :jean-marie.aubert  @cote-dor.gouv.fr  \n \nArr\u00eat\u00e9 N\u00b0 1114\nportant r\u00e9glementation temporaire de la circulation\nLe pr\u00e9fet de la C\u00f4te-d'Or\nVU le Code de la Route, et notamment le 1er alin\u00e9a de l'article R411-5, R411-8 et R411-9,\nVU le Code de la Voirie Routi\u00e8re,\nVU  le Code G\u00e9n\u00e9ral des Collectivit\u00e9s Territoriales et notamment ses articles L 2213-1 et\nsuivants,\nVU le Code de la d\u00e9fense, et notamment les articles R1211-4 et R1311-3 et suivants,\nVU  la  loi  82-213  du  13  mars  1982  relative  aux  droits  et  libert\u00e9s  des  communes,  des\nd\u00e9partements et des r\u00e9gions,\nVU la loi 2004-811 du 13 ao\u00fbt 2004  de modernisation de la S\u00e9curit\u00e9 Civile,\nVU  l'arr\u00eat\u00e9  interminist\u00e9riel  du  24  novembre  1967  relatif  \u00e0  la  signalisation  des  routes  et\nautoroutes,\nVU l'arr\u00eat\u00e9 pr\u00e9fectoral n\u00b01046 du 26 juin 2024 portant r\u00e9glementation de la circulation lors\nde la 7\u00e8me \u00e9tape du Tour de France cycliste 2024 le 5 juillet 2024,\nConsid\u00e9rant que la s\u00e9curit\u00e9 routi\u00e8re n\u00e9cessite temporairement la prescription de mesures\nparticuli\u00e8res,\nSur proposition de monsieur le directeur de cabinet du pr\u00e9fet de la C\u00f4te-d'Or,\nDirection d\u00e9partementale des territoires de la C\u00f4te-d'Or\n57, rue de Mulhouse - BP 53317 - 21033 Dijon CEDEX\nT\u00e9l. : 03 80 29 44 44\nCourriel : ddt@cote-dor.gouv.fr\n1\nPr\u00e9fecture de la C\u00f4te-d'Or - 21-2024-07-05-00004 - Arr\u00eat\u00e9 N\u00b0 1114 portant r\u00e9glementation temporaire de la circulation 4\nARRETE\nArticle 1er :\nL'arr\u00eat\u00e9 N\u00b01113 du 5 juillet 2024 portant r\u00e9glementation temporaire de la circulation est\nabrog\u00e9.\nArticle 2 :\nLa circulation de l'ensemble des v\u00e9hicules est interdite dans les deux sens de circulation\nsur la RD 116 entre les intersection RD116 / RD31 et RD116 / RD122 H  \u00e0 compter du 5 juillet\n2024 \u00e0 11h30.\nArticle 3 :\nLes v\u00e9hicules devront stationner en tout lieu possible sur indication des forces de l'ordre\net suivre les instructions de ces derni\u00e8res.\nArticle 4 :\nLes prescriptions figurant \u00e0 l'article 1 ne s'appliquent pas aux v\u00e9hicules, des forces de\nl'ordre, de la s\u00e9curit\u00e9 civile, aux v\u00e9hicules d'incendie et de secours, aux v\u00e9hicules des\ngestionnaires du r\u00e9seau routier, aux v\u00e9hicules des entreprises travaillant pour ceux-ci, ainsi\nqu'aux v\u00e9hicules de d\u00e9pannage, de remorquage et de levage agr\u00e9\u00e9s sur le r\u00e9seau routier et\naux v\u00e9hicules assurant des transports d'urgence.\nArticle 5 :\nLe Sous Pr\u00e9fet directeur de cabinet du Pr\u00e9fet, le Colonel Commandant le Groupement de\nGendarmerie de la C\u00f4te d'Or,  Le pr\u00e9sident du Conseil d\u00e9partemental de la C\u00f4te-d'Or, les\nmaires  de  Chamboeuf  et  Curley,  sont  charg\u00e9s,  chacun  en  ce  qui  le  concerne,  de\nl'ex\u00e9cution du pr\u00e9sent arr\u00eat\u00e9.\nArticle 6 : \nLe pr\u00e9sent arr\u00eat\u00e9 peut faire l'objet d'un recours gracieux aupr\u00e8s du pr\u00e9fet et/ou d'un\nrecours contentieux devant le tribunal administratif dans un d\u00e9lai de 2 mois \u00e0 compter de\nsa  notification.  Le  tribunal  administratif  peut  \u00eatre  saisi  par  un  recours  d\u00e9pos\u00e9  via\nl'application T\u00e9l\u00e9recours citoyens accessible par le site internet www.telerecours.fr \u00bb.\nFait \u00e0 Brochon, le 5 juillet 2024\nDirection d\u00e9partementale des territoires de la C\u00f4te-d'Or\n57, rue de Mulhouse - BP 53317 - 21033 Dijon CEDEX\nT\u00e9l. : 03 80 29 44 44\nCourriel : ddt@cote-dor.gouv.fr\nPour le Pr\u00e9fet et par d\u00e9l\u00e9gation,\nLe sous-pr\u00e9fet, Directeur de cabinet\ndu Pr\u00e9fet de la C\u00f4te d'Or\nORIGINAL SIGNE\nOlivier GERSTLE\nPr\u00e9fecture de la C\u00f4te-d'Or - 21-2024-07-05-00004 - Arr\u00eat\u00e9 N\u00b0 1114 portant r\u00e9glementation temporaire de la circulation 5\nPr\u00e9fecture de la C\u00f4te-d'Or\nP\u00f4le juridique inter-services\n21-2024-07-05-00003\nArr\u00eat\u00e9 pr\u00e9fectoral n\u00b0 1110 SG du 5 juillet 2024 \ndonnant d\u00e9l\u00e9gation de signature \u00e0 Monsieur\nS\u00e9bastien GAUTHEY, attach\u00e9 hors classe, \ndirecteur de l\u25a1immigration et de la nationalit\u00e9\n(DIN)\nPr\u00e9fecture de la C\u00f4te-d'Or - 21-2024-07-05-00003 - Arr\u00eat\u00e9 pr\u00e9fectoral n\u00b0 1110 SG du 5 juillet 2024 \ndonnant d\u00e9l\u00e9gation de signature \u00e0 Monsieur S\u00e9bastien GAUTHEY, attach\u00e9 hors classe,  directeur de l\u25a1immigration et de la nationalit\u00e9\n(DIN)\n6\nSECR\u00c9TARIAT G\u00c9N\u00c9RAL\nDirection de la coordination des politiques publiques\net de l'appui territorial\nArr\u00eat\u00e9 pr\u00e9fectoral n\u00b0 1110 SG du 5 juillet 2024 \ndonnant d\u00e9l\u00e9gation de signature \u00e0 Monsieur S\u00e9bastien GAUTHEY, attach\u00e9 hors classe,\n directeur de l'immigration et de la nationalit\u00e9  (DIN)\n    Le pr\u00e9fet de la C\u00f4te-d'Or\nVu la loi n\u00b0 82-213 du 2 mars 1982 modifi\u00e9e relative aux droits et libert\u00e9s des communes, des\nd\u00e9partements et des r\u00e9gions ;\nVu le d\u00e9cret n\u00b0 2004-374 du 29 avril 2004 relatif aux pouvoirs des pr\u00e9fets, \u00e0 l'organisation et \u00e0\nl'action des services de l'\u00c9tat dans les r\u00e9gions et d\u00e9partements, modifi\u00e9 par le d\u00e9cret n\u00b0 2010-146\ndu 16 f\u00e9vrier 2010 et par le d\u00e9cret n\u00b0 2010-687 du 24 juin 2010 ;\nVu le d\u00e9cret n\u00b0 2008-158 du 22 f\u00e9vrier 2008 relatif \u00e0 la suppl\u00e9ance des pr\u00e9fets de r\u00e9gion et \u00e0 la\nd\u00e9l\u00e9gation  de  signature  des  pr\u00e9fets  et  hauts-commissaires  de  la  R\u00e9publique  en  Polyn\u00e9sie\nfran\u00e7aise et en Nouvelle-Cal\u00e9donie ;\nVu le d\u00e9cret n\u00b0 2009-176 du 16 f\u00e9vrier 2009 modifiant le d\u00e9cret n\u00b0 64-805 du 29  juillet 1964 fixant\nles dispositions r\u00e9glementaires applicables aux pr\u00e9fets et le d\u00e9cret n\u00b0  2004-374 du 29 avril 2004\nrelatif aux pouvoirs des pr\u00e9fets, \u00e0 l'organisation et \u00e0 l'action des services de l'\u00c9tat dans les r\u00e9gions\net d\u00e9partements ;\nVu le d\u00e9cret du 26 septembre 2022 nommant Monsieur Franck ROBINE, pr\u00e9fet de la r\u00e9gion\nBourgogne-Franche-Comt\u00e9, pr\u00e9fet de la C\u00f4te d'Or (hors classe); \nVu l'arr\u00eat\u00e9 minist\u00e9riel du 3 mars 2021 portant nomination de Monsieur S\u00e9bastien GAUTHEY,\nattach\u00e9 hors classe, directeur de l'immigration et de la nationalit\u00e9 \u00e0 compter du 1 er janvier 2021 ;\nVu l'arr\u00eat\u00e9 pr\u00e9fectoral du 1251/SG du 18 d\u00e9cembre 2020 portant organisation des services de la\npr\u00e9fecture de la r\u00e9gion Bourgogne-Franche-Comt\u00e9, pr\u00e9fecture du d\u00e9partement de la C\u00f4te d'Or  ;\nVu  l'arr\u00eat\u00e9 pr\u00e9fectoral  n\u00b0  644/SG du 8 avril 2024  donnant d\u00e9l\u00e9gation de signature \u00e0  Monsieur\nS\u00e9bastien GAUTHEY, attach\u00e9 hors classe, directeur de l'immigration et de la nationalit\u00e9 (DIN)  ;\nSur proposition du secr\u00e9taire g\u00e9n\u00e9ral de la pr\u00e9fecture de la C\u00f4te-d'Or ;\nARR\u00caTE\nArticle 1  er     :  L'arr\u00eat\u00e9 pr\u00e9fectoral  n\u00b0  644 /SG du 8 avril 2024  donnant d\u00e9l\u00e9gation de signature \u00e0\nMonsieur S\u00e9bastien GAUTHEY, attach\u00e9 hors classe, directeur de l'immigration et de la nationalit\u00e9\n(DIN), ainsi que toutes dispositions ant\u00e9rieures et contraires au pr\u00e9sent arr\u00eat\u00e9 sont abrog\u00e9s \u00e0\ncompter de l'entr\u00e9e en vigueur du pr\u00e9sent arr\u00eat\u00e9.\n1/8\nPr\u00e9fecture de la C\u00f4te-d'Or - 21-2024-07-05-00003 - Arr\u00eat\u00e9 pr\u00e9fectoral n\u00b0 1110 SG du 5 juillet 2024 \ndonnant d\u00e9l\u00e9gation de signature \u00e0 Monsieur S\u00e9bastien GAUTHEY, attach\u00e9 hors classe,  directeur de l\u25a1immigration et de la nationalit\u00e9\n(DIN)\n7\nArticle 2  : D\u00e9l\u00e9gation de signature est donn\u00e9e \u00e0  Monsieur S\u00e9bastien GAUTHEY , attach\u00e9  hors\nclasse, directeur de l'immigration de la nationalit\u00e9 en ce qui concerne :\nSERVICE D'IMMIGRATION ET D'INT\u00c9GRATION :\n\u2022 toutes  d\u00e9cisions  relatives  aux  diverses  proc\u00e9dures  d'autorisation  de  s\u00e9jour  en  France,  y\ncompris les refus de s\u00e9jour, et les refus de s\u00e9jour assortis d'une obligation de quitter le\nterritoire fran\u00e7ais ;\n\u2022 la signature des demandes de laissez-passer consulaires ;\n\u2022 la signature des courriers de saisine adress\u00e9s \u00e0 l'OFPRA (office fran\u00e7ais de protection des\nr\u00e9fugi\u00e9s et apatrides) dans le cadre des demandes d'asile pr\u00e9sent\u00e9es par des \u00e9trangers\nplac\u00e9s en centre de r\u00e9tention administrative ;\n\u2022 les demandes d'escortes pour transf\u00e9rer les \u00e9trangers en situation irr\u00e9guli\u00e8re dans un centre\nde r\u00e9tention administrative ;\n\u2022 la d\u00e9livrance et le refus de d\u00e9livrance des documents suivants   :\n\u2013 cartes de s\u00e9jour  : cartes de s\u00e9jour temporaire, cartes de s\u00e9jour pluriannuelles, cartes de\nr\u00e9sident, cartes de s\u00e9jour de ressortissant d'un \u00c9tat membre de la communaut\u00e9 europ\u00e9enne\nou de l'espace \u00e9conomique europ\u00e9en, certificat de r\u00e9sidence pour les Alg\u00e9riens, carte de\ns\u00e9jour \u00ab retrait\u00e9 \u00bb ;\n\u2013 r\u00e9c\u00e9piss\u00e9s  de  demande  de  titre  de  s\u00e9jour  et  r\u00e9c\u00e9piss\u00e9s  d\u00e9livr\u00e9s  dans  le  cadre  des\ndemandes d'asile ;\n\u2013 attestations de demandes d'asile ;\n\u2013 autorisations provisoires de s\u00e9jour ;\n\u2013 titres d'identit\u00e9 et de voyage ;\n\u2013 sauf-conduits ;\n\u2013 documents de voyage collectif pour \u00e9trangers mineurs dans le cadre de voyages scolaires  ;\n\u2013 documents de circulation pour les mineurs \u00e9trangers \u00e9tablis en France ;\n\u2013 visas de toute nature sur les passeports \u00e9trangers ;\n\u2013 les lettres d'information dans le cadre d'une proc\u00e9dure de r\u00e9admission DUBLIN ainsi que les\nconvocations DUBLIN et les laissez-passer dans le cadre d'une proc\u00e9dure de r\u00e9admission\nDUBLIN.\n\u2022 les  saisines  du  juge  des  libert\u00e9s  pour  les  demandes  de prolongation  en  r\u00e9tention\nadministrative ;\n\u2022 les saisines du juge des libert\u00e9s pour les demandes d'autorisation \u00e0 requ\u00e9rir les services de\npolice  ou  les  unit\u00e9s  de  gendarmerie  pour  qu'ils  visitent  le  domicile  de  l'\u00e9tranger  afin  de\ns'assurer de sa pr\u00e9sence et de le reconduire \u00e0 la fronti\u00e8re sur le fondement de l'article L561-2\nII du CESEDA ;\n\u2022 les saisines du juge des libert\u00e9s pour les demandes d'autorisation \u00e0 requ\u00e9rir les services de\npolice  ou  les  unit\u00e9s  de  gendarmerie  pour  qu'ils  visitent  le  domicile  de  l'\u00e9tranger  afin  de\ns'assurer de sa pr\u00e9sence et de le conduire aupr\u00e8s des autorit\u00e9s consulaires sur le fondement\nde l'article L513-5 du CESEDA ;\n\u2022 les mandats sp\u00e9ciaux destin\u00e9s aux repr\u00e9sentants charg\u00e9s de d\u00e9fendre le pr\u00e9fet de C\u00f4te d'Or\nlors de l'examen, par le juge des libert\u00e9s et de la d\u00e9tention, des demandes de premi\u00e8re ,\ndeuxi\u00e8me, troisi\u00e8me et quatri\u00e8me prolongation de la r\u00e9tention administrative ;\n\u2022 les arr\u00eat\u00e9s de mandatement des condamnations p\u00e9cuniaires dues par l'\u00c9tat dans le cadre du\ncontentieux des \u00e9trangers ;\n\u2022 les observations \u00e9crites adress\u00e9es \u00e0 une juridiction administrative dans le cadre de recours\ncontentieux trait\u00e9s en proc\u00e9dure orale ;\n\u2022 les observations \u00e9crites adress\u00e9es \u00e0 une juridiction administrative dans le cadre de recours\ncontentieux trait\u00e9s en proc\u00e9dure \u00e9crite ;\n\u2022 les arr\u00eat\u00e9s pr\u00e9fectoraux d'assignation \u00e0 r\u00e9sidence ;\n\u2022 les arr\u00eat\u00e9s pr\u00e9fectoraux portant refus de s\u00e9jour et obligation de quitter le territoire fran\u00e7ais au\ntitre de l'asile assortie ou non d'un d\u00e9lai de d\u00e9part volontaire et d'une interdiction de retour.\n2/8\nPr\u00e9fecture de la C\u00f4te-d'Or - 21-2024-07-05-00003 - Arr\u00eat\u00e9 pr\u00e9fectoral n\u00b0 1110 SG du 5 juillet 2024 \ndonnant d\u00e9l\u00e9gation de signature \u00e0 Monsieur S\u00e9bastien GAUTHEY, attach\u00e9 hors classe,  directeur de l\u25a1immigration et de la nationalit\u00e9\n(DIN)\n8\nEn cas d'absence de tout membre du corps pr\u00e9fectoral :\n\u2013 les arr\u00eat\u00e9s de reconduite \u00e0 la fronti\u00e8re, les arr\u00eat\u00e9s de remise d'office,  les Obligations de\nQuitter  le  Territoire  Fran\u00e7ais  sans  d\u00e9lai  de  d\u00e9part  volontaire,  \u00e9ventuellement  assortis\nd'interdiction de retour, les arr\u00eat\u00e9s portant interdiction de retour seule ou les prolongations\nd'interdiction de retour, et les arr\u00eat\u00e9s portant maintien en r\u00e9tention administrative ;\n\u2013 les d\u00e9cisions et arr\u00eat\u00e9s fixant le choix du pays de destination des \u00e9trangers faisant l'objet\nd'une mesure d'\u00e9loignement du territoire fran\u00e7ais.\nPLATEFORME INTERDEPARTEMENTALE DE LA NATURALISATION :\n\u2022 les d\u00e9cisions de classement sans suite en mati\u00e8re de naturalisation et les actes relevant de la\nplateforme interd\u00e9partementale de la naturalisation.\nArticle 3 : En cas d'absence ou d'emp\u00eachement de Monsieur S\u00e9bastien GAUTHEY, la d\u00e9l\u00e9gation qui\nlui  est  conf\u00e9r\u00e9e  par  l'article  2  ci-dessus  sera  exerc\u00e9e  par  Madame  C\u00e9line  MANELLI,  attach\u00e9e\nd'administration de l'\u00c9tat, cheffe du service de l'immigration et de l'int\u00e9gration.\nEn cas d'absence concomitante de Monsieur S\u00e9bastien GAUTHEY et de Madame C\u00e9line MANELLI,\nla d\u00e9l\u00e9gation est conf\u00e9r\u00e9e \u00e0 Monsieur Jean-Christophe THUILLIER, attach\u00e9 d'administration de l'\u00c9tat,\nchef de la plateforme interd\u00e9partementale de la naturalisation.\nEn cas d'absence concomitante de Monsieur S\u00e9bastien GAUTHEY, de Madame C\u00e9line MANELLI et\nde  Monsieur  Jean-Christophe  THUILLIER,  la  d\u00e9l\u00e9gation  est  conf\u00e9r\u00e9e  \u00e0  Madame  Marie-Suzel\nTABARD, contractuelle longue dur\u00e9e, cheffe de p\u00f4le asile-\u00e9loignement.\nEn cas d'absence concomitante de Monsieur S\u00e9bastien GAUTHEY, de Madame C\u00e9line MANELLI, de\nMonsieur  Jean-Christophe  THUILLIER  et  de  Madame  Marie-Suzel  TABARD,  la  d\u00e9l\u00e9gation  est\nconf\u00e9r\u00e9e \u00e0 Madame Lola PINSONNEAUX, contractuelle longue dur\u00e9e, chef-adjoint du p\u00f4le asile-\n\u00e9loignement.\nEn cas d'absence concomitante de Monsieur S\u00e9bastien GAUTHEY, de Madame C\u00e9line MANELLI, de\nMonsieur  Jean-Christophe  THUILLIER,  de  Madame  Marie-Suzel  TABARD,  de  Madame  Lola\nPINSONNEAUX, la d\u00e9l\u00e9gation est conf\u00e9r\u00e9e \u00e0 Madame Cateline ZARIC, agent contractuel en contrat\n\u00e0 dur\u00e9e ind\u00e9termin\u00e9e, adjointe au chef de la plateforme interd\u00e9partementale de la naturalisation.\nArticle  4     :  D\u00e9l\u00e9gation  est  donn\u00e9e  \u00e0    Monsieur  Jean-Christophe  THUILLIER,    attach\u00e9  \nd'administration de l'\u00c9tat, chef de la plateforme interd\u00e9partementale de la naturalisation pour     :  \n- les d\u00e9cisions de classement sans suite en mati\u00e8re de naturalisation et les actes relevant de la\nplateforme interd\u00e9partementale de la naturalisation.\nEn  cas  d'absence  ou  d'emp\u00eachement  de  Monsieur  Jean-Christophe  THUILLIER,  la  d\u00e9l\u00e9gation\nconf\u00e9r\u00e9e au pr\u00e9sent article sera exerc\u00e9e Madame Cateline ZARIC, agent contractuel en contrat \u00e0\ndur\u00e9e ind\u00e9termin\u00e9e, adjointe au chef de la plateforme interd\u00e9partementale de la naturalisation.\nEn  cas  d'absence  ou  d'emp\u00eachement  de  Monsieur  Jean-Christophe  THUILLIER  et  de  Madame\nCateline  ZARIC,  la d\u00e9l\u00e9gation  conf\u00e9r\u00e9e  au  pr\u00e9sent  article  sera  exerc\u00e9e  par  Madame  B\u00e9n\u00e9dicte\nBOEUF, secr\u00e9taire administratif de classe normale.\n3/8\nPr\u00e9fecture de la C\u00f4te-d'Or - 21-2024-07-05-00003 - Arr\u00eat\u00e9 pr\u00e9fectoral n\u00b0 1110 SG du 5 juillet 2024 \ndonnant d\u00e9l\u00e9gation de signature \u00e0 Monsieur S\u00e9bastien GAUTHEY, attach\u00e9 hors classe,  directeur de l\u25a1immigration et de la nationalit\u00e9\n(DIN)\n9\n* D\u00e9l\u00e9gation est donn\u00e9e \u00e0 :\n\u27a2 Mesdames Tatiana  BOYON  et Anne-Laure GROSSEL, secr\u00e9taires  administratifs  de\nclasse sup\u00e9rieure, Mesdames B\u00e9n\u00e9dicte BOEUF, Annie DIARD, S\u00e9verine GROSSEL,\nSahar HASSANI et Monsieur Baptiste BOUDAULT, secr\u00e9taires administratifs de classe\nnormale, Madame Lin SANDAFI, contractuelle de longue dur\u00e9e, pour :\n\u2022 les convocations des postulants et des d\u00e9clarants, \n\u2022 les attestations de d\u00e9p\u00f4t et les accus\u00e9s de r\u00e9ception,\n\u2022 les demandes d'enqu\u00eate,\n\u2022 les saisines des TJ et TGI, \n\u2022 les r\u00e9c\u00e9piss\u00e9s, \n\u2022 la conduite d'entretien et les compte-rendus des entretiens d'assimilation de la nationalit\u00e9\nfran\u00e7aise, \n\u2022 les retours de dossiers incomplets,\n\u2022 les correspondances courantes n'emportant pas de d\u00e9cision.\nArticle 5 :   D\u00e9l\u00e9gation est donn\u00e9e \u00e0 Madame C\u00e9line MANELLI,   cheffe du service de l'immigration et\nde l'int\u00e9gration, attach\u00e9e d'administration de l'\u00c9t  at pour     :  \n\u2022 toutes d\u00e9cisions relatives aux diverses proc\u00e9dures d'autorisation de s\u00e9jour et de refus de\ns\u00e9jour en France ;\n\u2022 la d\u00e9livrance et le refus de d\u00e9livrance des documents suivants :\n\u2013 cartes de s\u00e9jour  : cartes de s\u00e9jour temporaire, cartes de s\u00e9jour pluriannuelles, cartes de\nr\u00e9sident, cartes de s\u00e9jour de ressortissant d'un \u00c9tat membre de la communaut\u00e9 europ\u00e9enne\nou de l'Espace \u00c9conomique Europ\u00e9en, certificat de r\u00e9sidence pour les Alg\u00e9riens, carte de\ns\u00e9jour \u00ab retrait\u00e9 \u00bb ;\n\u2013 r\u00e9c\u00e9piss\u00e9s  de  demande  de  titre  de  s\u00e9jour  et  r\u00e9c\u00e9piss\u00e9s  d\u00e9livr\u00e9s  dans  le  cadre  d'une\ndemande d'asile ;\n\u2013 attestations de demandes d'asile ;\n\u2013 autorisations provisoires de s\u00e9jour ;\n\u2013 titres d'identit\u00e9 et de voyage ;\n\u2013 sauf-conduits ;\n\u2013 documents de voyage collectif pour \u00e9trangers mineurs dans le cadre de voyages scolaires  ;\n\u2013 documents de circulation pour les mineurs \u00e9trangers \u00e9tablis en France ;\n\u2013 visas de toute nature sur les passeports \u00e9trangers ;\n\u2013 les lettres d'information dans le cadre d'une proc\u00e9dure de r\u00e9admission DUBLIN ainsi que les\nconvocations  DUBLIN,  les  lettres  d'information  des  demandeurs  d'asile  maintenus\nprovisoirement au s\u00e9jour ainsi que les laissez-passer dans le cadre d'une proc\u00e9dure de\nr\u00e9admission DUBLIN.\n\u2022 les refus de prolongation de visa ;\n\u2022 les convocations aux entretiens dans le cadre du contr\u00f4le des cartes de s\u00e9jour pluriannuelles\n\u2022 la signature des demandes de laissez-passer consulaires ;\n\u2022 la signature des courriers de saisine adress\u00e9s \u00e0 l'OFPRA (office fran\u00e7ais de protection des\nr\u00e9fugi\u00e9s et apatrides) dans le cadre des demandes d'asile pr\u00e9sent\u00e9es par des \u00e9trangers\nplac\u00e9s en centre de r\u00e9tention administrative ;\n\u2022 les demandes d'escortes pour transf\u00e9rer les \u00e9trangers en situation irr\u00e9guli\u00e8re dans un centre\nde r\u00e9tention administrative ;\n\u2022 les observations \u00e9crites adress\u00e9es \u00e0 une juridiction administrative dans le cadre de recours\ncontentieux trait\u00e9s en proc\u00e9dure orale ;\n\u2022 les observations \u00e9crites adress\u00e9es \u00e0 une juridiction administrative dans le cadre de recours\ncontentieux trait\u00e9s en proc\u00e9dure \u00e9crite ;\n\u2022 les saisines du juge des libert\u00e9s et de la d\u00e9tention pour les demandes  de prolongation en\nr\u00e9tention administrative ;\n4/8\nPr\u00e9fecture de la C\u00f4te-d'Or - 21-2024-07-05-00003 - Arr\u00eat\u00e9 pr\u00e9fectoral n\u00b0 1110 SG du 5 juillet 2024 \ndonnant d\u00e9l\u00e9gation de signature \u00e0 Monsieur S\u00e9bastien GAUTHEY, attach\u00e9 hors classe,  directeur de l\u25a1immigration et de la nationalit\u00e9\n(DIN)\n10\n\u2022 les saisines du juge des libert\u00e9s et de la d\u00e9tention pour les demandes d'autorisation \u00e0 requ\u00e9rir\nles services de police ou les unit\u00e9s de gendarmerie pour qu'ils visitent le domicile de l'\u00e9tranger\nafin de s'assurer de sa pr\u00e9sence et de le reconduire \u00e0 la fronti\u00e8re sur le fondement de l'article\nL561-2 II du CESEDA ;\n\u2022 les saisines du juge des libert\u00e9s et de la d\u00e9tention pour les demandes d'autorisation \u00e0 requ\u00e9rir\nles services de police ou les unit\u00e9s de gendarmerie pour qu'ils visitent le domicile de l'\u00e9tranger\nafin de s'assurer de sa pr\u00e9sence et de le conduire aupr\u00e8s des autorit\u00e9s consulaires sur le\nfondement de l'article L513-5 du CESEDA ;\n\u2022 les mandats sp\u00e9ciaux destin\u00e9s aux repr\u00e9sentants charg\u00e9s de d\u00e9fendre le pr\u00e9fet de C\u00f4te d'Or\nlors de l'examen, par le juge des libert\u00e9s et de la d\u00e9tention, des demandes  de premi\u00e8re,\ndeuxi\u00e8me, troisi\u00e8me et quatri\u00e8me prolongation de la r\u00e9tention administrative ;\n\u2022 les arr\u00eat\u00e9s de mandatement des condamnations p\u00e9cuniaires dues par l'\u00c9tat dans le cadre du\ncontentieux des \u00e9trangers ;\nEn cas d'absence ou d'emp\u00eachement de Madame C\u00e9line MANELLI, la d\u00e9l\u00e9gation est conf\u00e9r\u00e9e \u00e0\nMadame Marie-Suzel TABARD, contractuelle longue dur\u00e9e, chef du p\u00f4le asile-\u00e9loignement du Service\nd'immigration et d'int\u00e9gration.\nEn cas d'absence ou d'emp\u00eachement de Madame C\u00e9line MANELLI et de Madame  Marie-Suzel\nTABARD, la d\u00e9l\u00e9gation est conf\u00e9r\u00e9e \u00e0 Madame Lola PINSONNEAUX,  contractuelle longue dur\u00e9e,\nchef-adjoint du p\u00f4le asile-\u00e9loignement.\nEn  cas  d'absence  ou  d'emp\u00eachement  de  Madame  C\u00e9line  MANELLI,  de  Madame  Marie-Suzel\nTABARD  et  de  Madame  Lola  PINSONNEAUX,  la  d\u00e9l\u00e9gation  est  conf\u00e9r\u00e9e  \u00e0  Madame  Catherine\nVALENTIN, attach\u00e9e, chef du p\u00f4le s\u00e9jour du Service d'immigration et d'int\u00e9gration.\nEn  cas  d'absence  ou  d'emp\u00eachement  de  Madame  C\u00e9line  MANELLI,  de  Madame  Marie-Suzel\nTABARD, de Madame Lola PINSONNEAUX et de Madame Catherine VALENTIN, la d\u00e9l\u00e9gation est\nconf\u00e9r\u00e9e  \u00e0  Monsieur  Jean-Claude  WEBER,  attach\u00e9,  chef-adjoint  du  p\u00f4le  s\u00e9jour  du  Service\nd'immigration et d'int\u00e9gration.\n*  Pour le p\u00f4le contentieux des \u00e9trangers, d\u00e9l\u00e9gation est donn\u00e9e \u00e0  : M. Manuel DA ROCHA,\nattach\u00e9, et Mme Anne-Sophie LEVEQUE, contractuelle longue dur\u00e9e, pour :\n\u2022 les observations \u00e9crites adress\u00e9es \u00e0 une juridiction administrative dans le cadre de recours\ncontentieux trait\u00e9s en proc\u00e9dure orale ;\n\u2022 les observations \u00e9crites adress\u00e9es \u00e0 une juridiction administrative dans le cadre de recours\ncontentieux trait\u00e9s en proc\u00e9dure \u00e9crite ;\n\u2022 les accus\u00e9s de r\u00e9ception des requ\u00eates devant les juridictions administratives\n\u2022 les correspondances courantes n'emportant pas de d\u00e9cision, les lettre-types, les bordereaux\nd'envoi et t\u00e9l\u00e9copies dans les domaines de l'\u00e9loignement, des r\u00e9admissions et du contentieux.\n* Pour le P\u00f4le S\u00e9jour, d\u00e9l\u00e9gation est donn\u00e9e \u00e0 :\n\u27a2 Madame  Catherine  VALENTIN,  attach\u00e9e,  Cheffe  du  P\u00f4le  S\u00e9jour,  Monsieur  Jean-\nClaude  WEBER,  attach\u00e9,  adjoint  \u00e0  la  Cheffe  du  p\u00f4le  s\u00e9jour,  et  Mme  Justine\nMICHELET, secr\u00e9taire administrative de classe normale, pour :\n\u2022 les bordereaux d'envoi et les t\u00e9l\u00e9copies ;\n\u2022 les correspondances courantes et les lettres-types n'emportant pas d\u00e9cision  ;\n\u2022 les titres de voyage et sauf-conduits pour les \u00e9trangers ;\n\u2022 les visas de toute nature sur les passeports \u00e9trangers ;\n\u2022 les r\u00e9c\u00e9piss\u00e9s de demandes de titre de s\u00e9jour, les autorisations provisoires de s\u00e9jour \n\u2022 la d\u00e9livrance des documents de circulation pour les \u00e9trangers mineurs\n\u2022 les demandes de casier judiciaire ;\n\u2022 la d\u00e9livrance de documents de voyage collectif pour \u00e9trangers mineurs dans le cadre de \nvoyages scolaires ;\n\u2022 les refus de prolongation de visa ;\n\u2022 les premi\u00e8res demandes et les renouvellements de titres de s\u00e9jour ;\n5/8\nPr\u00e9fecture de la C\u00f4te-d'Or - 21-2024-07-05-00003 - Arr\u00eat\u00e9 pr\u00e9fectoral n\u00b0 1110 SG du 5 juillet 2024 \ndonnant d\u00e9l\u00e9gation de signature \u00e0 Monsieur S\u00e9bastien GAUTHEY, attach\u00e9 hors classe,  directeur de l\u25a1immigration et de la nationalit\u00e9\n(DIN)\n11\n\u2022 les demandes de duplicatas, de changements d'adresse et de modifications de cartes de\ns\u00e9jour temporaires\n\u2022 les attestations sur l'honneur de communaut\u00e9 de vie (d\u00e9claration par mariage),\n\u2022 les demandes d'enqu\u00eates ;\n\u2022 les Proc\u00e8s-Verbaux d'Int\u00e9gration R\u00e9publicaine (PVIR)\n\u27a2 Mesdames  S\u00e9verine  LEFEVRE,  secr\u00e9taire  administrative,  Chlo\u00e9  TALLANDIER,\ncontractuelle, et Marine BOUDET, secr\u00e9taire administrative pour :\n\u2022 les bordereaux d'envoi et les t\u00e9l\u00e9copies ;\n\u2022 les correspondances courantes et les lettres-types n'emportant pas d\u00e9cision  ;\n\u2022 les r\u00e9c\u00e9piss\u00e9s de demande de titre de s\u00e9jour et le renouvellement des r\u00e9c\u00e9piss\u00e9s  ;\n\u2022 les demandes de casier judiciaire ;\n\u2022 les demandes d'enqu\u00eates ;\n\u2022 les Proc\u00e8s-Verbaux d'Int\u00e9gration R\u00e9publicaine (PVIR)\n\u27a2 Mesdames Marie-Christine DAUDET, adjoint administratif principal 1\u00e8re classe,  Emilie\nLORET-MASSON,  adjoint  administratif,  Mesdames  Fatna  KHARBOUCH,  Muriel\nCORDIER, Mil\u00e8ne MARONNAT et Marie GOICHOT, adjointes administratives principal\n2\u00e8me  classe,  Madame  Maeva  LYPS,  agent  contractuel,  et  Madame  C\u00e9lia  MOSA,\nagent contractuel :\n\u27a2 les bordereaux d'envoi et les t\u00e9l\u00e9copies ;\n\u27a2 les correspondances courantes et les lettres-types n'emportant pas d\u00e9cision  ;\n\u27a2 les attestations sur l'honneur de communaut\u00e9 de vie (d\u00e9claration par mariage),\n\u27a2 les r\u00e9c\u00e9piss\u00e9s de titre de s\u00e9jour ainsi que le renouvellement des r\u00e9c\u00e9piss\u00e9s ;\n\u27a2 les demandes de casier judiciaire ;\n\u27a2 les demandes de duplicatas, de changements d'adresse et de modifications de cartes de\ns\u00e9jour ;\n\u27a2 les  1\u00e8res  demandes  et  renouvellements  de  titres  de  s\u00e9jour  sauf  pour  les  cat\u00e9gories\nsuivantes : conjoint de fran\u00e7ais, parent d'enfant fran\u00e7ais et membre de famille de citoyen de\nl'UE.\n* Pour le P\u00f4le Asile-\u00e9loignement, d\u00e9l\u00e9gation est donn\u00e9e \u00e0 : \n\u27a2 Madame  Marie-Suzel  TABARD,  contractuelle  longue  dur\u00e9e,  cheffe  de  p\u00f4le  asile-\n\u00e9loignement et Madame Lola PINSONNEAUX, contractuelle longue dur\u00e9e, adjointe \u00e0\nla cheffe de p\u00f4le asile-\u00e9loignement pour :\n\u27a2 les convocations DUBLIN ;\n\u27a2 les laissez-passer dans le cadre d'une proc\u00e9dure de r\u00e9admission DUBLIN.\n\u27a2 les r\u00e9c\u00e9piss\u00e9s et attestations de demandes d'asile ;\n\u27a2 les bordereaux d'envoi, t\u00e9l\u00e9copies, correspondances courantes et demandes d'avis li\u00e9s \u00e0\nl'asile,  aux  proc\u00e9dures  de  r\u00e9admission et \u00e0 la reconduite  \u00e0  la  fronti\u00e8re  des demandeurs\nd'asile ;\n\u27a2 les autorisations provisoires de s\u00e9jour ;\n\u27a2 les demandes de r\u00e9admission d'un \u00e9tranger dans un autre \u00c9tat ;\n\u27a2 les fiches d'information transmises \u00e0 l'OFPRA ;\n\u27a2 les lettres d'information du demandeur d'asile  ;\n\u27a2 les accus\u00e9s de r\u00e9ception des requ\u00eates devant les juridictions administratives ;\n6/8\nPr\u00e9fecture de la C\u00f4te-d'Or - 21-2024-07-05-00003 - Arr\u00eat\u00e9 pr\u00e9fectoral n\u00b0 1110 SG du 5 juillet 2024 \ndonnant d\u00e9l\u00e9gation de signature \u00e0 Monsieur S\u00e9bastien GAUTHEY, attach\u00e9 hors classe,  directeur de l\u25a1immigration et de la nationalit\u00e9\n(DIN)\n12\n\u27a2 les correspondances courantes n'emportant pas de d\u00e9cision, les lettre-types, les bordereaux\nd'envoi  et  t\u00e9l\u00e9copies  dans  les  domaines  de  l'\u00e9loignement,  des  r\u00e9admissions  et  du\ncontentieux ;\n\u27a2 la signature des demandes de laissez-passer consulaires ;\n\u27a2 la signature des courriers de saisine adress\u00e9s \u00e0 l'OFPRA (office fran\u00e7ais de protection des\nr\u00e9fugi\u00e9s et apatrides) dans le cadre des demandes d'asile pr\u00e9sent\u00e9es par des \u00e9trangers\nplac\u00e9s en centre de r\u00e9tention administrative ;\n\u27a2 les lettres d'information dans le cadre d'une proc\u00e9dure de r\u00e9admission DUBLIN ainsi que les\nconvocations  DUBLIN,  les  lettres  d'information  des  demandeurs  d'asile  maintenus\nprovisoirement  au  s\u00e9jour  ainsi  que  les  laissez-passer  dans  le  cadre  d'une  proc\u00e9dure  de\nr\u00e9admission DUBLIN.\n\u27a2 les demandes d'escortes pour transf\u00e9rer les \u00e9trangers en situation irr\u00e9guli\u00e8re dans un centre\nde r\u00e9tention administrative ;\n\u27a2 les saisines du juge des libert\u00e9s et de la d\u00e9tention pour les demandes  de prolongation en\nr\u00e9tention administrative ;\n\u27a2 les saisines du juge des libert\u00e9s et de la d\u00e9tention pour les demandes d'autorisation \u00e0 requ\u00e9rir\nles services de police ou les unit\u00e9s de gendarmerie pour qu'ils visitent le domicile de l'\u00e9tranger\nafin de s'assurer de sa pr\u00e9sence et de le reconduire \u00e0 la fronti\u00e8re sur le fondement de l'article\nL561-2 II du CESEDA ;\n\u27a2 les saisines du juge des libert\u00e9s et de la d\u00e9tention pour les demandes d'autorisation \u00e0 requ\u00e9rir\nles services de police ou les unit\u00e9s de gendarmerie pour qu'ils visitent le domicile de l'\u00e9tranger\nafin de s'assurer de sa pr\u00e9sence et de le conduire aupr\u00e8s des autorit\u00e9s consulaires sur le\nfondement de l'article L513-5 du CESEDA ;\n\u27a2 les mandats sp\u00e9ciaux destin\u00e9s aux repr\u00e9sentants charg\u00e9s de d\u00e9fendre le pr\u00e9fet de C\u00f4te d'Or\nlors de l'examen, par le juge des libert\u00e9s et de la d\u00e9tention, des demandes de premi\u00e8re,\ndeuxi\u00e8me, troisi\u00e8me et quatri\u00e8me prolongation de la r\u00e9tention administrative  ;\n\u27a2 les titres internationaux de voyage, les titres de voyage pour r\u00e9fugi\u00e9s et sauf-conduits pour les\n\u00e9trangers ;\n\u27a2 les 1\u00e8res demandes de carte de r\u00e9sident mention r\u00e9fugi\u00e9 et les 1\u00e8res demandes de titres de\ns\u00e9jour au titre de b\u00e9n\u00e9ficiaires de la protection subsidiaire\n\u27a2 les r\u00e9c\u00e9piss\u00e9s de 1\u00e8res demande de carte de r\u00e9sident mention r\u00e9fugi\u00e9 et de 1\u00e8res demandes\nde titres de s\u00e9jour au titre de b\u00e9n\u00e9ficiaires de la protection subsidiaire\n\u27a2 Mesdames  Corinne  MERCUZOT-TURELLO,  secr\u00e9taire  administrative,  Rachida\nBOUTCHACHA,  secr\u00e9taire  administrative,  et  Marie-Christine  BOUILLOT,  secr\u00e9taire\nadministrative pour :\n\u2022 les convocations DUBLIN ;\n\u2022 les r\u00e9c\u00e9piss\u00e9s et les attestations de demandes d'asile ;\n\u2022 les bordereaux d'envoi, t\u00e9l\u00e9copies, correspondances courantes et demandes d'avis li\u00e9s \u00e0\nl'asile,  aux  proc\u00e9dures  de  r\u00e9admission et \u00e0 la reconduite  \u00e0  la  fronti\u00e8re  des demandeurs\nd'asile ;\n\u2022 les demandes de r\u00e9admission d'un \u00e9tranger dans un autre \u00c9tat ;\n\u2022 les fiches d'information transmises \u00e0 l'OFPRA ;\nles lettres d'information du demandeur d'asile ;\n\u2022 les  r\u00e9c\u00e9piss\u00e9s  de  1\u00e8res  demandes  de  carte  de  r\u00e9sident  mention  r\u00e9fugi\u00e9  et  de  1\u00e8res\ndemandes de titres de s\u00e9jour au titre de b\u00e9n\u00e9ficiaires de la protection subsidiaire.\n7/8\nPr\u00e9fecture de la C\u00f4te-d'Or - 21-2024-07-05-00003 - Arr\u00eat\u00e9 pr\u00e9fectoral n\u00b0 1110 SG du 5 juillet 2024 \ndonnant d\u00e9l\u00e9gation de signature \u00e0 Monsieur S\u00e9bastien GAUTHEY, attach\u00e9 hors classe,  directeur de l\u25a1immigration et de la nationalit\u00e9\n(DIN)\n13\n\u27a2 Mesdames  Louison  AMBROSIONI,  contractuelle  longue  dur\u00e9e,  Marl\u00e8ne  ALDAYA,\nsecr\u00e9taire  administrative,  C\u00e9cile  BRETON,  secr\u00e9taire  administrative,  Justine\nKAROTSCH, contractuelle longue dur\u00e9e, et Josua BARRET, contractuel longue dur\u00e9e\npour :\n\u2022 les correspondances courantes n'emportant pas de d\u00e9cision, les lettre-types, les bordereaux\nd'envoi et t\u00e9l\u00e9copies dans les domaines de l'\u00e9loignement et des r\u00e9admissions.\nArticle 6 : Le secr\u00e9taire g\u00e9n\u00e9ral de la pr\u00e9fecture de la C\u00f4te d'Or, et les agents b\u00e9n\u00e9ficiaires de la\nd\u00e9l\u00e9gation de signature, sont charg\u00e9s, chacun pour ce qui le concerne, de l'ex\u00e9cution du pr\u00e9sent\narr\u00eat\u00e9 qui sera publi\u00e9 au recueil des actes administratifs de la pr\u00e9fecture de la C\u00f4te-d'Or.\n        Fait \u00e0 Dijon, le 5 juillet 2024\nLe pr\u00e9fet,\nSign\u00e9\n          Franck ROBINE\n8/8\nPr\u00e9fecture de la C\u00f4te-d'Or - 21-2024-07-05-00003 - Arr\u00eat\u00e9 pr\u00e9fectoral n\u00b0 1110 SG du 5 juillet 2024 \ndonnant d\u00e9l\u00e9gation de signature \u00e0 Monsieur S\u00e9bastien GAUTHEY, attach\u00e9 hors classe,  directeur de l\u25a1immigration et de la nationalit\u00e9\n(DIN)\n14","date":"2024-07-05","first_seen_on":"2025-09-14T13:31:14+00:00","id":"fe921ec06be9cddf2a8728ca6ab2f9b9a9191bb124da847f06a7c42e2ec577ad","name":"RAA n\u00b0 081 du 05 juillet 2024","pdf_creation_date":"2024-07-05T11:49:43+00:00","pdf_modification_date":null,"timezone":"Europe/Paris","url":"https://www.cote-dor.gouv.fr/contenu/telechargement/21739/166541/file/recueil-21-2024-081-recueil-des-actes-administratifs.pdf"}
