{"administration":"prefidf","administration_name":"Pr\u00e9fecture de la r\u00e9gion \u00cele-de-France","content":"PREFECTURE\nREGION ILE DE\nFRANCE\nRECUEIL DES ACTES\nADMINISTRATIFS SP\u00c9CIAL\n(NOMINATIFS)\nN\u00b0IDF-051-2025-12\nPUBLI\u00c9 LE 22 D\u00c9CEMBRE 2025\nSommaire\nAgence R\u00e9gionale de Sant\u00e9 / Agence r\u00e9gionale de sant\u00e9\nd'Ile-de-France-Direction de l'Offre de Soins (DOS)\nIDF-2025-12-18-00022 - Acte de d\u00e9claration n\u00b0 DOS - 2025 /\n5305\nportant modification de fonctionnement du laboratoire de biologie\nm\u00e9dicale exploit\u00e9 de\nl'Institut Curie, sis 26 rue d'Ulm, 75005\nPARIS\n (2 pages) Page 3\nPr\u00e9fecture de la R\u00e9gion d'Ile de France, Pr\u00e9fecture de Paris\n-Secr\u00e9tariat g\u00e9n\u00e9ral aux moyens mutualis\u00e9s / Service des ressources\nhumaines\nIDF-2025-12-19-00014 - Arr\u00eat\u00e9 modifiant l'arr\u00eat\u00e9 du 3 avril 2023\nfixant la composition de la section r\u00e9gionale d'\u00cele-de-France du\ncomit\u00e9 interminist\u00e9riel consultatif d'action sociale des\nadministrations de l'\u00c9tat (4 pages) Page 6\n2\nAgence R\u00e9gionale de Sant\u00e9\nIDF-2025-12-18-00022\nActe de d\u00e9claration n\u00b0 DOS - 2025 / 5305\nportant modification de fonctionnement du\nlaboratoire de biologie m\u00e9dicale exploit\u00e9 de\nl'Institut Curie, sis 26 rue d'Ulm, 75005 PARIS\nAgence R\u00e9gionale de Sant\u00e9 - IDF-2025-12-18-00022 - Acte de d\u00e9claration n\u00b0 DOS - 2025 / 5305\nportant modification de fonctionnement du laboratoire de biologie m\u00e9dicale exploit\u00e9 de\nl'Institut Curie, sis 26 rue d'Ulm, 75005 PARIS\n3\nREPUBLIQUEFRANCAISELibert\u00e9Egalit\u00e9Fraternit\u00e9 Ar@ \u00bb Agence R\u00e9gionale de Sant\u00e9\u00cele-de-France\n                                                                                               \n1 \n \n \n \nAGENCE R\u00c9GIONALE DE SANT\u00c9 \u00ceLE-DE-FRANCE \n \nActe de d\u00e9claration n\u00b0 DOS \u2013 2025 / 5305 \nportant modification de fonctionnement du laboratoire de biologie m\u00e9dicale exploit\u00e9 de \nl'Institut Curie, sis 26 rue d'Ulm, 75005 PARIS \n \n \nLE DIRECTEUR G\u00c9N\u00c9RAL DE L'AGENCE R\u00c9GIONALE DE SANT\u00c9 \u00ceLE-DE-FRANCE \n \n \nVU Le code de la sant\u00e9 publique et notamment le livre II de la sixi\u00e8me partie ; \n \nVU \n \n \nVU \nLa loi n\u00b0 2013-442 du 30 mai 2013 portant r\u00e9forme de la biologie m\u00e9dicale et ratifiant l'ordonnance  \nn \u00b0 2010-49 du 13 janvier 2010 relative \u00e0 la biologie m\u00e9dicale ; \n \nLe d\u00e9cret n\u00b0 2016-46 du 26 janvier 2016 relatif \u00e0 la biologie m\u00e9dicale ; \n \nVU \n \n \nVU \nLe d\u00e9cret du 10 avril 2024 portant nomination de Monsieur Denis ROBIN, Directeur g\u00e9n\u00e9ral de l'Agence \nR\u00e9gionale de sant\u00e9 d'Ile-de-France, \u00e0 compter du 29 avril 2024 ; \n \nL'arr\u00eat\u00e9 n\u00b0 DS-2024/0034 du 29 avril 2024 portant d\u00e9l\u00e9gation de signature du Directeur g\u00e9n\u00e9ral de \nl'Agence r\u00e9gionale de sant\u00e9 d'Ile-de-France \u00e0 Monsieur Arnaud CORVAISIER, Directeur de l'offre de \nsoins, et \u00e0 diff\u00e9rents collaborateurs ; \n \nVU L'acte de d\u00e9claration n\u00b0 DOS \u2013 2025/3985 en date du 22 septembre 2025 portant fonctionnement du \nlaboratoire de biologie m\u00e9dicale exploit\u00e9 de l'Institut Curie sis 26 rue d'Ulm 75005 PARIS ; \n \n \nCONSIDERANT \n \n \n \n \n \n \n \n \n \n \n \nCONSIDERANT \n \n \n \nLa demande re\u00e7ue en date du 27 novembre 2025 et compl\u00e9t\u00e9e le 3 d\u00e9cembre 2025 de \nMadame Sylvia Dr\u00e9au, directrice adjointe de l'Institut Curie sis 26, rue d'Ulm \u00e0 PARIS \n(75005) relative aux modifications apport\u00e9es au fonctionnement du laboratoire de biologie \nm\u00e9dicale de l'Institut Curie, afin de prendre en compte : \n \n- La cessation des fonctions de biologistes m\u00e9dicaux de Madame C\u00e9cile ALANIO \nau 31 juillet 2025 et de Madame Mathilde FILSER au 10 octobre 2025 ; \n \n- L'int\u00e9gration de Monsieur Thibaut MATIS, pharmacien biologiste, \u00e0 effet au 1er\nseptembre 2025 et de Monsieur Hugo ROUX, pharmacien biologiste, \u00e0 effet au 3 \nnovembre 2025 ; \n \nLa copie du dipl\u00f4me de docteur en pharmacie et du dipl\u00f4me d'\u00e9tudes sp\u00e9cialis\u00e9es de \nbiologie m\u00e9dicale accord\u00e9s \u00e0 Monsieur Thibaut MATIS, ainsi que son inscription au \ntableau de la section G de l'ordre des pharmaciens \u00e0 jour ; \n \nCONSIDERANT \n \n \n \nLa copie du dipl\u00f4me de docteur en pharmacie et du dipl\u00f4me d'\u00e9tudes sp\u00e9cialis\u00e9es de \nbiologie m\u00e9dicale sp\u00e9cialit\u00e9 immunologie accord\u00e9s \u00e0 Monsieur Hugo ROUX ainsi que son \ninscription au tableau de la section G de l'ordre des pharmaciens \u00e0 jour ; \nCONSIDERANT Le fait que les conditions de fonctionnement du laboratoire de biologie m\u00e9dicale de \nl'Institut Curie sont pour le reste inchang\u00e9es ; \n  \n \nAgence R\u00e9gionale de Sant\u00e9 - IDF-2025-12-18-00022 - Acte de d\u00e9claration n\u00b0 DOS - 2025 / 5305\nportant modification de fonctionnement du laboratoire de biologie m\u00e9dicale exploit\u00e9 de\nl'Institut Curie, sis 26 rue d'Ulm, 75005 PARIS\n4\nREPUBLIQUEFRANCAISELibert\u00e9Egalit\u00e9Fraternit\u00e9 Ar\u00a9 D Agence R\u00e9gionale de Sant\u00e9\u00cele-de-France\n                                                                                               \n2 \n \nPREND ACTE DE LA DECLARATION : \n \nARTICLE 1er : Le laboratoire de biologie m\u00e9dicale du centre de lutte contre le cancer \u00ab Institut CURIE \u00bb \nexploit\u00e9 par la \u00ab Fondation Curie \u00bb dont le si\u00e8ge social est situ\u00e9 26, rue d'Ulm \u00e0 PARIS \n(75005) enregistr\u00e9e dans le fichier FINESS EJ sous le n\u00b0 75 081 332 1, fonctionne sur les \ndeux sites ci-dessous : \n \n- Le site de Paris \n26, rue d'Ulm \u00e0 PARIS (75005) \nPratiquant les activit\u00e9s de g\u00e9n\u00e9tique (g\u00e9n\u00e9tique constitutionnelle, g\u00e9n\u00e9tique \nsomatique) et d'immunologie (immunologie cellulaire sp\u00e9cialis\u00e9e) \nN\u00b0 FINESS ET en cat\u00e9gorie 131 : 75 016 001 2 \n \n- Le site de Saint-Cloud \n35 rue Dailly \u00e0 SAINT-CLOUD (92210) \nPratiquant les examens de pharmacologie-toxicologie \nN\u00b0 FINESS ET en cat\u00e9gorie 131 : 92 000 046 0 \n \n La liste des biologistes m\u00e9dicaux est la suivante : \n \n- Monsieur Eric PASMANT, pharmacien, biologiste-responsable  \n- Madame Lisa GOLMARD, pharmacien biologiste m\u00e9dical \n- Monsieur Ivan BIECHE, pharmacien biologiste m\u00e9dical \n- Madame Manon LAUNAY, pharmacien biologiste \n- Madame C\u00e9line CALLENS, pharmacien biologiste m\u00e9dical \n- Madame Jessica LE GALL, m\u00e9decin biologiste m\u00e9dical \n- Madame M\u00e9lanie PAGES, m\u00e9decin biologiste m\u00e9dical \n- Madame Samia MELAABI, m\u00e9decin biologiste m\u00e9dical \n- Monsieur Hamza ABDERAOUF, pharmacien biologiste m\u00e9dical \n- Monsieur Thibaut MATIS, pharmacien, biologiste m\u00e9dical \n- Monsieur Hugo ROUX, pharmacien, biologiste m\u00e9dical \n \nARTICLE 2e: \n \nUn recours contentieux contre le pr\u00e9sent acte peut \u00eatre form\u00e9 aupr\u00e8s du tribunal administratif \ncomp\u00e9tent. Le d\u00e9lai de recours est de deux mois \u00e0 compter de sa notification pour les \nint\u00e9ress\u00e9s ou de sa publication pour les tiers. \n \nARTICLE 3e: Le Directeur du p\u00f4le Efficience de l'Agence r\u00e9gionale de sant\u00e9 d'Ile-de-France est charg\u00e9 de \nl'ex\u00e9cution du pr\u00e9sent acte qui sera publi\u00e9 au recueil des actes administratifs de la pr\u00e9fecture \nde la r\u00e9gion Ile-de-France. \n \nFait \u00e0 Saint-Denis, le 18 d\u00e9cembre 2025 \n \nPour le Directeur g\u00e9n\u00e9ral \nde l'Agence r\u00e9gionale de sant\u00e9  \nIle-de-France \n \nPar d\u00e9l\u00e9gation, \nLe directeur du P\u00f4le Efficience \n \n  \nFabien P\u00c9RUS \nAgence R\u00e9gionale de Sant\u00e9 - IDF-2025-12-18-00022 - Acte de d\u00e9claration n\u00b0 DOS - 2025 / 5305\nportant modification de fonctionnement du laboratoire de biologie m\u00e9dicale exploit\u00e9 de\nl'Institut Curie, sis 26 rue d'Ulm, 75005 PARIS\n5\nPr\u00e9fecture de la R\u00e9gion d'Ile de France,\nPr\u00e9fecture de Paris -Secr\u00e9tariat g\u00e9n\u00e9ral aux\nmoyens mutualis\u00e9s\nIDF-2025-12-19-00014\nArr\u00eat\u00e9 modifiant l'arr\u00eat\u00e9 du 3 avril 2023 fixant la\ncomposition de la section r\u00e9gionale\nd'\u00cele-de-France du comit\u00e9 interminist\u00e9riel\nconsultatif d'action sociale des administrations\nde l'\u00c9tat\nPr\u00e9fecture de la R\u00e9gion d'Ile de France, Pr\u00e9fecture de Paris -Secr\u00e9tariat g\u00e9n\u00e9ral aux moyens mutualis\u00e9s - IDF-2025-12-19-00014 - Arr\u00eat\u00e9\nmodifiant l'arr\u00eat\u00e9 du 3 avril 2023 fixant la composition de la section r\u00e9gionale d'\u00cele-de-France du comit\u00e9 interminist\u00e9riel consultatif\nd'action sociale des administrations de l'\u00c9tat\n6\nE =PREFET _DE LA REGIOND'\u00ceLE-DE-FRANCELibert\u00e9Egalit\u00e9Fraternit\u00e9\n  \n Secr\u00e9tariat g\u00e9n\u00e9ral  \naux moyens mutualis\u00e9s \nService des ressources humaines \n \n \n \n \nArr\u00eat\u00e9 \nmodifiant l'arr\u00eat\u00e9 du 3 avril 2023 fixant la composition de la section r\u00e9gionale d'\u00cele-de-\nFrance du comit\u00e9 interminist\u00e9riel consultatif d'action sociale des administrations de l'\u00c9tat \n \n \nLe pr\u00e9fet de la r\u00e9gion d'Ile-de-France, pr\u00e9fet de Paris \nGrand officier de la l\u00e9gion d'honneur \nOfficier de l'ordre national du m\u00e9rite \n \n \nVu les articles L731-1 \u00e0 L731-5 du code g\u00e9n\u00e9ral de la fonction publique ; \n  \nVu le d\u00e9cret n\u00b0 2004-374 du 29 avril 2004 relatif a ux pouvoirs des pr\u00e9fets, \u00e0 l'organisation \net \u00e0 l'action des services de l'Etat dans les r\u00e9gions et d\u00e9partements ; \n  \nVu le d\u00e9cret n\u00b0 2006-21 du 6 janvier 2006 relatif \u00e0  l'action sociale au b\u00e9n\u00e9fice des \npersonnels de l'\u00c9tat ; \n  \nVu l'arr\u00eat\u00e9 du 29 juin 2006 fixant la composition e t le fonctionnement des sections \nr\u00e9gionales du comit\u00e9 interminist\u00e9riel consultatif d 'action sociale des administrations de \nl'\u00c9tat ; \n  \nVu le d\u00e9cret NOR INTA2002735D du 22 juillet 2020 no mmant M. Marc GUILLAUME, pr\u00e9fet \nde la r\u00e9gion d'\u00cele-de-France, pr\u00e9fet de Paris ;  \n  \nVu l'arr\u00eat\u00e9 du 21 janvier 2010 modifiant l'arr\u00eat\u00e9 d u 29 juin 2006 fixant la composition et le \nfonctionnement des sections r\u00e9gionales du comit\u00e9 in terminist\u00e9riel consultatif d'action \nsociale des administrations de l'\u00c9tat ; \n \nVu l'arr\u00eat\u00e9 pr\u00e9fectoral IDF-2023-04-03-00002 du 3 a vril 2023 modifi\u00e9 fixant la composition \nde la section r\u00e9gionale d'\u00cele-de-France du comit\u00e9 i nterminist\u00e9riel consultatif d'action \nsociale des administrations de l'Etat ; \n \nSur proposition des chefs des services d\u00e9concentr\u00e9s des administrations de l'Etat en \u00cele-de-\nFrance ; \n \nSur proposition des organisations syndicales ; \n  \nSur proposition du pr\u00e9fet, secr\u00e9taire g\u00e9n\u00e9ral aux moyens mutualis\u00e9s, \n \nPr\u00e9fecture de la R\u00e9gion d'Ile de France, Pr\u00e9fecture de Paris -Secr\u00e9tariat g\u00e9n\u00e9ral aux moyens mutualis\u00e9s - IDF-2025-12-19-00014 - Arr\u00eat\u00e9\nmodifiant l'arr\u00eat\u00e9 du 3 avril 2023 fixant la composition de la section r\u00e9gionale d'\u00cele-de-France du comit\u00e9 interminist\u00e9riel consultatif\nd'action sociale des administrations de l'\u00c9tat\n7\n  \nArr\u00eate : \n \nArticle 1er  : \n \nL'arr\u00eat\u00e9 pr\u00e9fectoral du 3 avril 2023 susvis\u00e9 est modifi\u00e9 comme suit : \n \n1.  A l'article 1er, le coll\u00e8ge des \u00ab Repr\u00e9sentants de l'administration \u00bb (12 titulaires et 12 \nsuppl\u00e9ants), est modifi\u00e9 comme suit :  \n \nTitulaire  : En attente de nomination  - DRIHL/UD75 . \n \n2.  A l'article 1er, le coll\u00e8ge des \u00ab Repr\u00e9sentants des organisations syndicales \u00bb (13 titulaires \net 13 suppl\u00e9ants), est modifi\u00e9 comme suit  : \n \nTitulaires  : \n \n- Mme Ka\u00efna CHEKKAL \u2013 UNSA \n- Mme Nadia ITCHIR est remplac\u00e9e par M. Xavier TRILLES \n- Mme Val\u00e9rie RAQUEL est remplac\u00e9e par Mme Dalila BOU DADA BENAMARA - CFE-\nCGC. \n \nSuppl\u00e9ants  : \n  \n- Mme Dalila BOUDADA est remplac\u00e9e par  Mme Nazare CHLIEH - FO \n- M. J\u00e9r\u00e9my DUCOLOMBIER est remplac\u00e9 par Mme Vanessa LEFAIVRE - FO \n- M. Fr\u00e9d\u00e9ric TISLER est remplac\u00e9 par M. Fr\u00e9d\u00e9ric LAHOUSEE \u2013 UNSA \n- Mme Nadia ITCHIR \u2013 CFDT \n- Mme Anne IRIUS-LESTIN est remplac\u00e9e par Mme Elisabeth MARGARIA. \n \nArticle 2 : \n \nLa liste des repr\u00e9sentants du personnel si\u00e9geant \u00e0 la commission locale d'action sociale de \nla pr\u00e9fecture de la r\u00e9gion d'Ile-de-France, pr\u00e9fect ure de Paris, telle que r\u00e9sultant des \nmodifications apport\u00e9es par le pr\u00e9sent arr\u00eat\u00e9, et d es dispositions de l'arr\u00eat\u00e9 pr\u00e9fectoral \nIDF-2023-07-28-00004 du 28 juillet 2023 portant com position de la commission locale \nd'action sociale de la pr\u00e9fecture de r\u00e9gion d'Ile-d e-France figure en annexe du pr\u00e9sent \narr\u00eat\u00e9 pour information. \n \nArticle 3 : \n \nLe pr\u00e9fet, secr\u00e9taire g\u00e9n\u00e9ral aux moyens mutualis\u00e9s , est charg\u00e9 de l'ex\u00e9cution du pr\u00e9sent \narr\u00eat\u00e9 qui sera publi\u00e9 au recueil des actes administratifs.  \n \nFait \u00e0 Paris, le 19 d\u00e9cembre 2025 \n \nPour le pr\u00e9fet  de la r\u00e9gion d'Ile-de-France,  \npr\u00e9fet de Paris et par d\u00e9l\u00e9gation \n \nLe pr\u00e9fet, secr\u00e9taire g\u00e9n\u00e9ral aux moyens mutualis\u00e9s de \nla pr\u00e9fecture de la r\u00e9gion d'Ile-de-France, pr\u00e9fecture de \nParis \n \nSIGN\u00c9 \n \nSt\u00e9phane BRUNOT \nPr\u00e9fecture de la R\u00e9gion d'Ile de France, Pr\u00e9fecture de Paris -Secr\u00e9tariat g\u00e9n\u00e9ral aux moyens mutualis\u00e9s - IDF-2025-12-19-00014 - Arr\u00eat\u00e9\nmodifiant l'arr\u00eat\u00e9 du 3 avril 2023 fixant la composition de la section r\u00e9gionale d'\u00cele-de-France du comit\u00e9 interminist\u00e9riel consultatif\nd'action sociale des administrations de l'\u00c9tat\n8\n  \n \nANNEXE \nde l'arr\u00eat\u00e9 du 3 avril 2023 fixant la composition de la section r\u00e9gionale d'\u00cele-de-France du \ncomit\u00e9 interminist\u00e9riel consultatif d'action sociale des administrations de l'\u00c9tat \n \n- 12 repr\u00e9sentants de l'administration dont : \n \nTitulaires \n \nM. Jean-Fran\u00e7ois LABORIE - Minist\u00e8re de l'Europe et des Affaires \u00c9trang\u00e8res \nMme Sandrine VANDERHOVEN - Minist\u00e8re de l'\u00c9conomie,  des Finances et de la \nSouverainet\u00e9 Industrielle et Num\u00e9rique \nM. Yves RUELLE - Minist\u00e8re de l'\u00c9conomie, des Finances et de la Souverainet\u00e9 Industrielle et \nNum\u00e9rique \nM. Christophe LAURENT - Rectorat de l'acad\u00e9mie de Versailles \nMme St\u00e9phanie MECHINE - Rectorat de l'acad\u00e9mie de Paris \nEn attente de nomination - DRIHL/UD75 \nMme Isabelle DALU - DRIEETS \nM. Beno\u00eet GUERARD - Minist\u00e8re de la justice \nM. Bernard PHILIPPE - Minist\u00e8re des Arm\u00e9es \nM. Nabil LAHIANE - DRAC Ile-de-France \nMme Coralie BOUET-LAHOULETTE - Rectorat de l'acad\u00e9mie de Cr\u00e9teil \nMme Sarah ZLOTAGORA - Services du Premier ministre \n \nSuppl\u00e9ants \n \nM. Christophe RENGNET-FONTAINE - Pr\u00e9fecture de la r\u00e9gion d'\u00cele-de-France \nMme Florence TOQUET - Minist\u00e8re de l'\u00c9conomie, des Finances et de la Souverainet\u00e9 \nIndustrielle et Num\u00e9rique \nM. Christian BOSC - Minist\u00e8re de l'\u00c9conomie, des Finances et de la Souverainet\u00e9 Industrielle \net Num\u00e9rique \nMme Cathy HANQUIER - Rectorat de l'acad\u00e9mie de Versailles \nM. Felix SALMON - Rectorat de l'acad\u00e9mie de Paris \nM. C\u00e9dric LARVET - DRIHL/UD75 \nMme Bouchra MASMOUDI - Minist\u00e8re de l'Agriculture \nMme Anne FICHOU-GENTE - Minist\u00e8re de la justice \nMme FRAN\u00c7AIS Claire - Minist\u00e8re des Arm\u00e9es \nMme Sophie MIDDLETON - DRAC \u00cele-de-France \nMme Alexandra BEAUPEL - Rectorat de l'acad\u00e9mie de Cr\u00e9teil \nMme Jocelyne ZECLER - Services du Premier ministre  \n \n   \n- 13 repr\u00e9sentants des organisations syndicales, \u00e0 savoir : \n \nTitulaires \n \nM. Gilberto SAINT-NARCISSE - FO \nMme Arya BOCQUET - FO \nM. David BEN ASSAYA - FO \nMme Rachida BOUGHAZI - FSU \nM. Patrice LEGUERINAIS - FSU \nMme Ka\u00efna CHEKKAL - UNSA \nMme C\u00e9line FOUET - UNSA \nM. Fr\u00e9d\u00e9ric DEBRIEU - CFDT \nPr\u00e9fecture de la R\u00e9gion d'Ile de France, Pr\u00e9fecture de Paris -Secr\u00e9tariat g\u00e9n\u00e9ral aux moyens mutualis\u00e9s - IDF-2025-12-19-00014 - Arr\u00eat\u00e9\nmodifiant l'arr\u00eat\u00e9 du 3 avril 2023 fixant la composition de la section r\u00e9gionale d'\u00cele-de-France du comit\u00e9 interminist\u00e9riel consultatif\nd'action sociale des administrations de l'\u00c9tat\n9\n  \nM. Fr\u00e9d\u00e9ric DEBRIEU - CFDT \nM. Julien ANGWE NZE - CGT \nMme Sophie HOUPILLART - CGT \nMme Dalila BOUDADA BENAMARA - CFE-CGC \nM. Henri LOPEZ - Solidaires FP \n \nSuppl\u00e9ants \n \nMme Nazare CHLIEH - FO \nMme Douba SAHLI - FO \nMme Vanessa LEFAIVRE - FO \nMme Monique COQ - FSU  \nM. Youssef CHOUKRI - FSU \nM. Fr\u00e9d\u00e9ric TISLER - UNSA \nM. Dominique DI PONIO - UNSA \nMme Nadia ITCHIR - CFDT \nMme Elisabeth MARGARIA - CFDT \nMme Rapha\u00eble GRAFF-LUCIANI - CGT \u00cele-de-France \nMme Eliane BOCQUET - CGT \u00cele-de-France \nM. Majid BENYOUCEF - CFE-CGC \nM. Baptiste ALAGUILLAUME - Solidaires FP \n \nPr\u00e9fecture de la R\u00e9gion d'Ile de France, Pr\u00e9fecture de Paris -Secr\u00e9tariat g\u00e9n\u00e9ral aux moyens mutualis\u00e9s - IDF-2025-12-19-00014 - Arr\u00eat\u00e9\nmodifiant l'arr\u00eat\u00e9 du 3 avril 2023 fixant la composition de la section r\u00e9gionale d'\u00cele-de-France du comit\u00e9 interminist\u00e9riel consultatif\nd'action sociale des administrations de l'\u00c9tat\n10","date":"2025-12-22","first_seen_on":"2025-12-22T18:24:46+00:00","id":"ff0b6ca0e19a38e48698a3a2389243d38c4509552a9ebeb7ba531faf6d2c8c1c","name":"recueil-idf-051-2025-12-RAA-nominatifs du 22.12.2025","pdf_creation_date":"2025-12-22T16:19:55+00:00","pdf_modification_date":null,"timezone":"Europe/Paris","url":"https://www.prefectures-regions.gouv.fr/ile-de-france/irecontenu/telechargement/133969/981754/file/recueil-idf-051-2025-12-RAA-nominatifs%20du%2022.12.2025.pdf"}
