{"administration":"pref92","administration_name":"Pr\u00e9fecture des Hauts-de-Seine","content":"Ex\nPREFET\nDES  HAUTS-DE-SEINE\nLibert\u00e9\nEgalit\u00e9\nFraternit\u00e9 1  \n \n \n \n \nRECUEIL  \n  \nDES  \n \nACTES ADMINISTRATIFS  \n \nPREFECTURE DE POLICE  \n  \nCabinet du Pr\u00e9fet  \n \n \n \n \n \n \n \n \n \nN\u00b0 Sp\u00e9cial  12 d\u00e9cembre  2024  \n\n 2  \nPREFET DES HAUTS -DE-SEINE  \n \nRECUEIL DES ACTES ADMINISTRATIFS  \n \nN\u00b0 Sp\u00e9cial Pr\u00e9fecture de Police du 12 d\u00e9cembre  2024 \n \nSOMMAIRE  \n \nArr\u00eat\u00e9 s Date s PREFECTURE DE POLICE  Page s \nn\u00b0 2024 -01677 18.11 .2024  Arr\u00eat\u00e9 accordant d\u00e9l\u00e9gation de la signature \npr\u00e9fectorale \u00e0 la pr\u00e9f\u00e8te d\u00e9l\u00e9gu\u00e9e \u00e0 l'immigration  \net aux agents affect\u00e9s au sein de la d\u00e9l\u00e9gation \u00e0 \nl'immigration  4 \nn\u00b0 2024 -01779  06.12.2024  Arr\u00eat\u00e9 accordant d\u00e9l\u00e9gation de la signature \npr\u00e9fectorale au pr\u00e9fet, secr\u00e9taire g\u00e9n\u00e9ral pour \nl'administration de la pr\u00e9fecture de police  11 \nn\u00b0 2024 -01790  09.12.2024  Arr\u00eat\u00e9 instituant un p\u00e9rim\u00e8tre au sein duquel la \npr\u00e9sence de certaines cat\u00e9gories de supporters est \nr\u00e9glement\u00e9e et instaurant certaines mesures de \npolice \u00e0 l'occasion de la rencontre de football de \nLigue 1 du dimanche 15 d\u00e9cembre 2024 entre les \n\u00e9quipes du Paris S aint-Germain et de l'Olympique \nLyonnais Football au stade du Parc des Princes  14 \nAnnexes \u00e0 l'arr\u00eat\u00e9 n\u00b02024 -01790 du 9 d\u00e9cembre 2024  18-19 \nn\u00b0 2024 -01792  09.12.2024  Arr\u00eat\u00e9 accordant d\u00e9l\u00e9gation de signature au \ncommandant de la r\u00e9gion de gendarmerie d'Ile -\nde-France, commandant la gendarmerie pour la \nzone de d\u00e9fense et s\u00e9curit\u00e9 de Paris, en sa qualit\u00e9 \nde responsable de budget op\u00e9rationnel de \nprogramme d\u00e9l\u00e9gu\u00e9  20 \nn\u00b0 2024 -01800  10.12.2024  Arr\u00eat\u00e9 instituant un p\u00e9rim\u00e8tre de protection et \ndiff\u00e9rentes mesures de police \u00e0 l'occasion de la \n15\u00e8me journ\u00e9e du championnat de France de \nfootball de Ligue 1 au Parc des Princes le \ndimanche 15 d\u00e9cembre 2024  22 \nAnnexes \u00e0 l'arr\u00eat\u00e9 n\u00b02024 -01800 du 10 d\u00e9cembre 2024  27-28 \n 3 n\u00b0 2024 -01801  10.12.2024  Arr\u00eat\u00e9 autorisant la  captation, l'enregistrement et \nla transmission d'images au moyen de cam\u00e9ras \ninstall\u00e9es sur des a\u00e9ronefs \u00e0 l'occasion de la 15\u00e8me \njourn\u00e9e du championnat de France de football de \nLigue 1 au Parc des Princes le dimanche \n15 d\u00e9cembre 2024  29 \nAnnexes \u00e0 l'arr\u00eat\u00e9 n\u00b02024 -01801 du 10 d\u00e9cembre 2024  32-33 \nPREFECTURE  gp Cabinet  du pr\u00e9fet\nDE POLICE  cy\nLibert\u00e9\nEgalite\nFraternit\u00e9\nmen  2024-01677\naccordant  d\u00e9l\u00e9gation  de la signature  pr\u00e9fectorale  \u00e0 la pr\u00e9f\u00e8te  d\u00e9l\u00e9gu\u00e9e  \u00e0 l'immigration\net aux  agents  affect\u00e9s  au sein  de la d\u00e9l\u00e9gation  \u00e0 l'immigration\nLe pr\u00e9fet  de police,\nVU le code  de l'entr\u00e9e  et du s\u00e9jour  des  \u00e9trangers  et du droit  d'asile,  notamment  ses articles  R* 122-1  et\nR*122-4;\nVU le d\u00e9cret  n\u00b0 93-1362  du 30 d\u00e9cembre  1993  modifi\u00e9  relatif  aux  d\u00e9clarations  de nationalit\u00e9,  aux\nd\u00e9cisions  de naturalisation,  de r\u00e9int\u00e9gration,  de perte,  de d\u00e9ch\u00e9ance  et de retrait  de la nationalit\u00e9\nfran\u00e7aise  ;\nVU le d\u00e9cret  n\u00b0 94-415  du 24 mai  1994  modifi\u00e9  portant  dispositions  statutaires  relatives  aux  personnels\ndes  administrations  parisiennes,  et notamment  son  article  14;\nVU le d\u00e9cret  n\u00b0 2004-374  du 29 avril  2004  modifi\u00e9  relatif  aux  pouvoirs  des  pr\u00e9fets,  \u00e0 l'organisation  et \u00e0\nl'action  des services  de l'\u00c9tat  dans  les r\u00e9gions  et d\u00e9partements,  notamment  ses articles  17, 73-3  et 77 3\nVU le d\u00e9cret  n\u00b0 2006-1780  du 23 d\u00e9cembre  2006  modifi\u00e9  portant  d\u00e9l\u00e9gation  de pouvoir  en mati\u00e9re  de\nrecrutement  et de gestion  de certains  personnels  relevant  du minist\u00e8re  de l'int\u00e9rieur  ;\nVU le d\u00e9cret  n\u00b0 2010-655  du 11 juin  2010  modifi\u00e9  relatif  au pr\u00e9fet  d\u00e9l\u00e9gu\u00e9  pour  la s\u00e9curit\u00e9  et la s\u00fbret\u00e9\ndes  plates-formes  a\u00e9roportuaires  de Roissy-Charles-de-Gaulle  et du Bourget,  notamment  son\narticle  1\u00b0 ;\nVU le d\u00e9cret  n\u00b0 2021-480  du 21 avril  2021  relatif  \u00e0 l'organisation  de l'entr\u00e9e  et du s\u00e9jour  des  \u00e9trangers\net de l'asile  dans  les d\u00e9partements  de l'Essonne,  des  Hauts-de-Seine,  de Paris,  de la Seine-et-Marne,  de\nla Seine-Saint-Denis,  du Val-de-Marne,  du Val-d'Oise  et des  Yvelines,  notamment  son  article  2;\nVU le d\u00e9cret  n\u00b0 2021-481  du 21 avril  2021  relatif  au pr\u00e9fet  d\u00e9l\u00e9gu\u00e9  \u00e0 l'immigration  aupr\u00e8s  du pr\u00e9fet  de\npolice  et \u00e0 l'organisation  de la police  aux  fronti\u00e8res  dans  les d\u00e9partements  de l'Essonne,  de la Seine-et-\nMarne,  du Val-d'Oise  et des  Yvelines  ainsi  que  sur les emprises  des  a\u00e9roports  de Paris-Charles-de-Gaulle.\ndu Bourget  et de Paris-Orly,  notamment  son  article  1\u00b0;\nVU le d\u00e9cret  n\u00b0 2021-482  du 21 avril  2021  pris  pour  la mise  en \u0153uvre  des  comp\u00e9tences  du pr\u00e9fet\nd\u00e9l\u00e9gu\u00e9  \u00e0 l'immigration  aupr\u00e8s  du pr\u00e9fet  de police  et de l'organisation  de la police  aux  fronti\u00e8res  dans\nles d\u00e9partements  de l'Essonne,  de la Seine-et-Marne,  du Val d'Oise  et des  Yvelines  ainsi  que  sur les\nemprises  des  a\u00e9roports  de Paris-Charles-de-Gaulle,  du Bourget  et de Paris-Orly  ;\nVU l'arr\u00eat\u00e9  pr\u00e9fectoral  n\u00b0 2009-00641  du 7 ao\u00fbt  2009  modifi\u00e9  relatif  \u00e0 l'organisation  de la pr\u00e9fecture  de\npolice  ;\nVU l'arr\u00eat\u00e9  pr\u00e9fectoral  n\u00b0 2023-01288  du 23 octobre  2023  relatif  au pr\u00e9fet  d\u00e9l\u00e9gu\u00e9  \u00e0 l'immigration  et\naux  services  de la pr\u00e9fecture  de police  plac\u00e9s  sous  sa direction  pour  l'exercice  de ses attributions  ;\nVU le d\u00e9cret  du 20 juillet  2022  par  lequel  M. Laurent  NUNEZ,  pr\u00e9fet,  coordonnateur  national  du\nrenseignement  et de la lutte  contre  le terrorisme,  est nomm\u00e9  pr\u00e9fet  de police  (hors  classe)  ;\nVU le d\u00e9cret  du 13 juillet  2023  par  lequel  Mme  Mireille  LARR\u00c8DE,  pr\u00e9f\u00e8te  du Lot,  est nomm\u00e9e  pr\u00e9f\u00e8te\nd\u00e9l\u00e9gu\u00e9e  \u00e0 l'immigration  aupr\u00e8s  du pr\u00e9fet  de police,  \u00e0 compter  du 21 ao\u00fbt  2023;\n\nVU l'arr\u00eat\u00e9  du 9 f\u00e9vrier  2024  par lequel  Mme  Pascale  PIN,  administratrice  de l'Etat  du deuxi\u00e8me  grade,\nest nomm\u00e9e  dans  les fonctions  de cheffe  du service  de l'administration  des  \u00e9trangers,  adjointe  \u00e0 la\npr\u00e9f\u00e8te  d\u00e9l\u00e9gu\u00e9e  \u00e0 l'immigration  \u00e0 la pr\u00e9fecture  de police  ;\nVU l'arr\u00eat\u00e9  du 12 janvier  2023  par  lequel  M. Jean-Daniel  MONTET-JOURDRAN,  administrateur  de l'Etat\ndu deuxi\u00e8me  grade,  est nomm\u00e9  sous-directeur  du s\u00e9jour  et de l'acc\u00e8s  \u00e0 la nationalit\u00e9  au sein  du service\nde l'administration  des  \u00e9trangers  \u00e0 la d\u00e9l\u00e9gation  \u00e0 l'immigration  de la pr\u00e9fecture  de police  ;\nSUR  proposition  de la pr\u00e9f\u00e8te,  directrice  de cabinet,\nARR\u00caTE\nArticle  1\u00b0\nD\u00e9l\u00e9gation  de signature  est donn\u00e9e  \u00e0 Mme  Mireille  LARR\u00c8DE,  pr\u00e9f\u00e8te  d\u00e9l\u00e9gu\u00e9e  \u00e0 l'immigration,  \u00e0 l'effet\nde signer,  au nom  du pr\u00e9fet  de police,  tous  actes,  arr\u00eat\u00e9s,  d\u00e9cisions  et pi\u00e8ces  comptables  n\u00e9cessaires  \u00e0\nl'exercice  des  missions  fix\u00e9es  par  les articles  R*122-1  et R* 122-4  du code  de l'entr\u00e9e  et du s\u00e9jour  des\n\u00e9trangers  et du droit  d'asile,  73-3  du d\u00e9cret  du 29 avril  2004  susvis\u00e9  et 1* du d\u00e9cret  n\u00b0 2021-481  du\n21 avril  2021  susvis\u00e9  et l'arr\u00eat\u00e9  du 23 octobre  2023  susvis\u00e9,  ainsi  que  les d\u00e9cisions  individuelles  relatives\n\u00e0 l'octroi  des  cong\u00e9s  annuels  et de maladie  ordinaire  des  personnels  relevant  de son  autorit\u00e9.\nMme  Mireille  LARR\u00c8DE  re\u00e7oit  d\u00e9l\u00e9gation  pour  signer,  au nom  du pr\u00e9fet  de police,  les arr\u00eat\u00e9s\nd'avertissement  et de blame  inflig\u00e9s  aux  personnels  administratifs,  techniques,  scientifiques  et\nsp\u00e9cialis\u00e9s  plac\u00e9s  sous  sa responsabilit\u00e9.\nArticle  2\nEn cas d'absence  ou d'emp\u00eachement  de Mme  Mireille  LARREDE,  la d\u00e9l\u00e9gation  qui lui est consentie  \u00e0\nl'article  1\u00b0 est exerc\u00e9e  par  Mme  Pascale  PIN,  administratrice  de l'\u00c9tat  du deuxi\u00e8me  grade,  cheffe  du\nservice  de l'administration  des  \u00e9trangers,  adjointe  \u00e0 la pr\u00e9f\u00e8te  d\u00e9l\u00e9gu\u00e9e  \u00e0 l'immigration  \u00e0 la pr\u00e9fecture\nde police  et, dans  la limite  de ses attributions,  par Mme  St\u00e9phanie  MARTIN-HUGUET,  commissaire\ndivisionnaire  de police,  directrice  de cabinet.\nEn cas d'absence  ou d'emp\u00eachement  de Mme  Mireille  LARR\u00c8DE,  Mme  Pascale  PIN  re\u00e7oit  d\u00e9l\u00e9gation\npour  signer  les d\u00e9cisions  individuelles  relatives  \u00e0 l'octroi  des  cong\u00e9s  annuels  et de maladie  des\npersonnels  relevant  de son  autorit\u00e9.\nArticle  3\nEn cas d'absence  ou d'emp\u00e9chement  de Mme  Mireille  LARREDE  et de Mme  Pascale  PIN,  la d\u00e9l\u00e9gation\nqui leur  est consentie  est exerc\u00e9e,  dans  la limite  de leurs  attributions  respectives,  par  :\n- M. Jean-Daniel  MONTET-JOURDRAN,  administrateur  de l'\u00c9tat  hors  classe,  sous-directeur  du\ns\u00e9jour  et de l'acc\u00e8s  \u00e0 la nationalit\u00e9  ;\n+ M. Christian  VEDELAGO,  administrateur  de l'\u00c9tat,  chef  du d\u00e9partement  zonal  de l'asile  et de\nl'\u00e9loignement  ;\n- Mme  Marie-Caroline  SAILLY,  attach\u00e9e  principale  d'administration  de l'\u00c9tat,  cheffe  du bureau\ndes  relations  et des  ressources  humaines  ;\n- M. Damien  ROUX,  attach\u00e9  principal  d'administration  de l'\u00c9tat,  chef  du bureau  des  affaires\nfinanci\u00e8res,  immobili\u00e8res  et logistiques  ;\n- Mme  Sylvia  VITERITTI,  ing\u00e9nieure  principale  des  syst\u00e8mes  d'information  et de communication,\ncheffe  du bureau  de l'accompagnement  et de la transformation  num\u00e9riques  ;\n- Mme  Farah  RAHMOUN,  attach\u00e9e  principale  d'administration  de l'Etat,  cheffe  du bureau  du\nsoutien  juridique  et du contentieux.\n2024-01677\n\nArticle  4\nEn cas  d'absence  ou d'emp\u00eachement  de Mme  St\u00e9phanie  MARTIN-HUGUET,  la d\u00e9l\u00e9gation  qui lui est\nconsentie  est exerc\u00e9e,  dans  la limite  de leurs  attributions  respectives,  par  :\n- Mme  Anissa  DAOUD,  attach\u00e9e  d'administration  de l'Etat,  cheffe  de la section  des  affaires\ng\u00e9n\u00e9rales  ;\n- Mme  Anne-Claire  BEISSAT,  attach\u00e9e  d'administration  de l'Etat,  adjointe  \u00e0 la cheffe  de la section\ndes  affaires  g\u00e9n\u00e9rales.\nArticle  5\nEn cas  d'absence  ou d'emp\u00eachement  de M. Jean-Daniel  MONTET-JOURDRAN,  la d\u00e9l\u00e9gation  qui lui est\nconsentie  est exerc\u00e9e,  dans  la limite  de leurs  attributions  respectives,  par  :\n- Mme  Florence  CARTON,  conseill\u00e8re  d'administration  de l'int\u00e9rieur  et de l'outre-mer,  cheffe  du\np\u00f4le  de l'instruction  des  demandes  de titres  de s\u00e9jour-  Mme  B\u00e9atrice  MOURIEZ,  conseill\u00e8re\nd'administration  de l'int\u00e9rieur  et de l'outre-mer,  cheffe  du p\u00f4le  de la relation  et du service  \u00e0\nl'usager  ;\n- M. Christian  HAUSMANN,  conseiller  d'administration  de l'int\u00e9rieur  et de l'outre-mer,  chef  du\np\u00f4le  de l'acc\u00e8s  \u00e0 la nationalit\u00e9.\nArticle  6\nEn cas  d'absence  ou d'emp\u00eachement  de Mme  Florence  CARTON,  la d\u00e9l\u00e9gation  qui lui est consentie  est\nexerc\u00e9e,  dans  la limite  de ses attributions,  par M. Fran\u00e7ois  LEMATRE,  attach\u00e9  d'administration  hors\nclasse  de l'Etat,  directement  plac\u00e9  sous  son  autorit\u00e9.\nArticle  7\nEn cas  d'absence  ou d'emp\u00eachement  de Mme  Florence  CARTON  et de M. Fran\u00e7ois  LEMATRE,  la\nd\u00e9l\u00e9gation  qui leur  est consentie  est exerc\u00e9e,  dans  la limite  de leurs  attributions  respectives,  par :\n- Mme  Kim  MYARA,  attach\u00e9e  principale  d'administration  de l'\u00c9tat,  cheffe  de la division  de\nl'immigration  professionnelle  et \u00e9tudiante  ;\n- Mme  Zohra  BNOURRIF,  attach\u00e9e  d'administration  de l'\u00c9tat,  cheffe  de la division  de l'immigration\nfamiliale  ;\n- Mme  Lucie  MONTOY,  attach\u00e9e  d'administration  de l'Etat,  cheffe  de la division  de l'admission\nexceptionnelle  au s\u00e9jour  et de l'actualisation  des  situations  administratives  et de voyage  ;\n- Mme  llh\u00e8me  MAZOUZI,  attach\u00e9e  d'administration  de l'\u00c9tat,  cheffe  de la division  de la r\u00e9daction\net des  examens  sp\u00e9cialis\u00e9s.\nArticle  8\nEn cas  d'absence  ou d'emp\u00eachement  de Mme  Kim  MYARA,  la d\u00e9l\u00e9gation  qui  lui est consentie  est\nexerc\u00e9e,  dans  la limite  de ses attributions,  par  M. Ludovic  VAGUENER,  attach\u00e9  d'administration  de\nl'\u00c9tat,  directement  plac\u00e9  sous  son autorit\u00e9.\nArticle  9\nEn cas  d'absence  ou d'emp\u00eachement  de Mme  Zohra  BNOURRIF,  la d\u00e9l\u00e9gation  qui  lui est consentie  est\nexerc\u00e9e,  dans  la limite  de ses attributions,  par  Mme  Christine  COULAIS,  attach\u00e9e  d'administration  de\nl'\u00c9tat,  directement  plac\u00e9e  sous  son autorit\u00e9.\nArticle  10\nEn cas  d'absence  ou d'emp\u00eachement  de Mme  Lucie  MONTOY,  la d\u00e9l\u00e9gation  qui lui est consentie  est\n2024-01677\n\nexerc\u00e9e,  dans  la limite  de ses  attributions,  par  Mme  V\u00e9ronique  DE MATOS,  secr\u00e9taire  administrative  de\nclasse  exceptionnelle,  directement  plac\u00e9e  sous  son  autorit\u00e9.\nEn cas  d'absence  ou d'emp\u00eachement  de Mme  Lucie  MONTOY  et de Mme  V\u00e9ronique  DE MATOS,  la\nd\u00e9l\u00e9gation  qui leur  est consentie  est exerc\u00e9e,  dans  la limite  de leurs  attributions  respectives,  par :\n- Mme  Maria  AIT-AMER,  secr\u00e9taire  administrative  de classe  normale,  cheffe  de la section\nadmission  exceptionnelle,  ou, en cas  d'absence  ou d'emp\u00eachement  de Mme  Maria  A\u00cfT-AMER,  par\nMme  Laurie  MARIVAT,  secr\u00e9taire  administrative  de classe  normale,  directement  plac\u00e9e  sous  son\nautorit\u00e9,  pour  signer  les d\u00e9cisions  de refus  de s\u00e9jour,  les obligations  \u00e0 quitter  le territoire  fran\u00e7ais\net les courriers  de classement  sans  suite  relatifs  aux  demandes  :\n\u00a9 des  ressortissants  \u00e9trangers  qui d\u00e9posent  une  demande  dont  un des  motifs  est relatif  \u00e0\nl'admission  exceptionnelle  au s\u00e9jour  en application  des  dispositions  du chapitre  V du titre\nlll du livre  quatri\u00e8me  du code  de l'entr\u00e9e  et du s\u00e9jour  des  \u00e9trangers  et du droit  d'asile  ;\n\u00a9 des  ressortissants  alg\u00e9riens,  dont  un des  motifs  de la demande  est relatif  \u00e0 l'application\ndu 1) de l'article  6 l'accord  du 27 d\u00e9cembre  1968  entre  le gouvernement  de la R\u00e9publique\nfran\u00e7aise  et le gouvernement  de la R\u00e9publique  alg\u00e9rienne  d\u00e9mocratique  et populaire  relatif\n\u00e0 la circulation,  \u00e0 l'emploi  et au s\u00e9jour  des  ressortissants  alg\u00e9riens  et de leurs  familles  dit\n\u00abaccord  franco-alg\u00e9rien  \u00bb ;\n- M. Johnathan  SE, secr\u00e9taire  administratif  de classe  normale,  chef  de la section  actualisation  des\nsituations  administratives  et de voyage,  ou, en cas  d'absence  ou d'emp\u00eachement  de\nM. Johnathan  SE, par  Mme  Monique  VERIN,  adjointe  administrative  principale  de 1\u00b0 classe  et\npar  M. R\u00e9gis  FAUCONNIER,  adjoint  administratif  principal  de 1** classe,  directement  plac\u00e9s  sous\nson  autorit\u00e9,  pour  signer  les classements  sans  suite  et les lettres  d'incompl\u00e9tude  relatifs  aux\ndemandes  de renouvellement  des  cartes  de r\u00e9sident  et des  certificats  de r\u00e9sidence  pour  alg\u00e9rien\nde 10 ans.\nArticle 11\nEn cas  d'absence  ou d'emp\u00e9chement  de Mme  Ilheme  MAZOUZI,  la d\u00e9l\u00e9gation  qui  lui est consentie  est\nexerc\u00e9e,  dans  la limite  de leurs  attributions  respectives,  par  :\n- Mme  Laurence  JADOUI,  secr\u00e9taire  administrative  de classe  normale,  adjointe  au chef  de la\nsection  r\u00e9daction,  pour  signer  les actes  suivants  :\n\u00a9 d\u00e9cisions  de refus  de s\u00e9jour  ;\n\u00a9 courriers  d'instruction  relatifs  aux  demandes  de titre  de s\u00e9jour  des  ressortissants\n\u00e9trangers  ;\n\u00a9 d\u00e9cisions  relatives  au regroupement  familial  ;\n\u00a9 courriers  d'instruction  relatifs  aux  demandes  d\u00e9pos\u00e9es  par  les mineurs  et jeunes\nmajeurs  isol\u00e9s  \u00e9trangers  confi\u00e9s  \u00e0 l'Aide  sociale  \u00e0 l'enfance.\n- Mme  M\u00e9lanie  GRASA,  secr\u00e9taire  administrative  de classe  normale,  cheffe  de la section\ncommission  des  titres  s\u00e9jour  et ordre  public,  pour  signer  les actes  suivants  :\n\u00a9 d\u00e9cisions  de refus  de s\u00e9jour  pour  motif  d'ordre  public  ;\n\u00a9 courriers  d'instruction  relatifs  aux  dossiers  devant  faire  l'objet  d'un  passage  devant  la\ncommission  du titre  de s\u00e9jour  ;\n\u00a9 courriers  d'instruction  relatifs  aux  demandes  de titre  d\u00e9pos\u00e9es  sur  le fondement  des\narticles  L. 423-5,  L. 423-18  et L. 425-1  et suivants  du code  de l'entr\u00e9e  et du s\u00e9jour  des\n\u00e9trangers  et du droit  d'asile.\nArticle  12\nEn cas  d'absence  ou d'emp\u00eachement  de Mme  B\u00e9atrice  MOURIEZ,  la d\u00e9l\u00e9gation  qui  lui est consentie  est\nexerc\u00e9e,  dans  la limite  de ses attributions,  par  Mme  Anne-Val\u00e9rie  LAUGIER,  attach\u00e9e  principale\nd'administration  de l'\u00c9tat,  directement  plac\u00e9e  sous  son  autorit\u00e9.\n2024-01677\n\nArticle  13\nEn cas d'absence  ou d'emp\u00eachement  de Mme  B\u00e9atrice  MOURIEZ  et de Mme  Anne-Val\u00e9rie  LAUGIER,  la\nd\u00e9l\u00e9gation  qui leur  est consentie  est exerc\u00e9e,  dans  la limite  de ses attributions,  par  :\n- Mme  V\u00e9ronique  CANOPE,  attach\u00e9e  d'administration  de l'\u00c9tat,  cheffe  de la division  de la\nr\u00e9ception  des  usagers  ;\n- M. Landry  VARANDA,  attach\u00e9  d'administration  de l'Etat,  chef  de la division  de\nl'accompagnement  des  usagers.\nArticle  14\nEn cas d'absence  ou d'emp\u00eachement  de Mme  V\u00e9ronique  CANOPE,  la d\u00e9l\u00e9gation  qui lui est consentie\nest exerc\u00e9e,  dans  la limite  de ses attributions,  par  Mme  Christine  MILLET,  secr\u00e9taire  administrative  de\nclasse  exceptionnelle,  directement  plac\u00e9e  sous  son  autorit\u00e9.\nArticle  15\nEn cas  d'absence  ou d'emp\u00eachement  de M. Landry  VARANDA,  la d\u00e9l\u00e9gation  qui  lui est consentie  est\nexerc\u00e9e,  dans  la limite  de ses attributions,  par M. Fabien  LANO\u00cbLLE,  secr\u00e9taire  administratif  de classe\nexceptionnelle,  directement  plac\u00e9  sous  son  autorit\u00e9.\nArticle  16\nEn cas  d'absence  ou d'emp\u00eachement  de M. Christian  HAUSMANN,  la d\u00e9l\u00e9gation  qui lui est consentie\nest exerc\u00e9e,  dans  la limite  de leurs  attributions  respectives,  par  Mme  Adeline  BRAUX,  attach\u00e9e\nprincipale  d'administration  de l'\u00c9tat,  et Mme  Sophie  GLEIZON,  attach\u00e9e  d'administration  de l'\u00c9tat,\ndirectement  plac\u00e9es  sous  son  autorit\u00e9.\nEn cas  d'absence  ou d'emp\u00eachement  de M. Christian  HAUSMANN,  de Mme  Adeline  BRAUX  et de Mme\nSophie  GLEIZON,  la d\u00e9l\u00e9gation  qui leur  est consentie  est exerc\u00e9e,  dans  la limite  de leurs  attributions\nrespectives,  par  :\n- Madame  Sarah-Laure  KUTEK,  attach\u00e9e  principale  d'administration  de l'Etat,  cheffe  de la section\nde l'instruction,  Mme  Fabienne  BELLIER,  attach\u00e9e  d'administration  de l'Etat,  cheffe  de la section\nde l'instruction,  et Mme  Catherine  KATZENSTEIN,  attach\u00e9e  d'administration  de l'Etat,  cheffe  de\nla section  des  dossiers  signal\u00e9s  et de la correspondance,  pour  signer  les actes  suivants  :\n\u00a9 les d\u00e9cisions  de classement  sans  suite,  d'irrecevabilit\u00e9,  d'ajournement  et de rejet  oppos\u00e9es\naux  demandes  de naturalisation  et de r\u00e9int\u00e9gration  ;\n\u00a9 les propositions  favorables  de naturalisation  et de r\u00e9int\u00e9gration  ainsi  que  les avis\nd\u00e9favorables  \u00e0 l'enregistrement  des  d\u00e9clarations  souscrites  en application  des  articles  21-2,\n21-13-1  et 21-13-2  du code  civil  ;\no les d\u00e9cisions  d'enregistrement  des  d\u00e9clarations  susvis\u00e9es  ainsi  que  les d\u00e9cisions  de\nclassement  sans  suite  oppos\u00e9es  aux  d\u00e9clarants  ;\n\u00a9 les courriers  de retour  des  dossiers  de demandes  d'acquisition  de la nationalit\u00e9  fran\u00e7aise  par\nd\u00e9claration,  lorsque  le dossier  s'av\u00e8re  incomplet.\n- Mme  Ingrid  BRIGITTE,  secr\u00e9taire  administrative  de classe  sup\u00e9rieure,  adjointe  \u00e0 la cheffe  de la\nsection  de l'instruction,  Mme  Taous  ALLOUACHE,  secr\u00e9taire  administrative  de classe  sup\u00e9rieure,\nadjointe  \u00e0 la cheffe  de la section  charg\u00e9e  des  dossiers  signal\u00e9s  et de la correspondance,  Mme\nNora  BELBACHIR,  secr\u00e9taire  administrative  de classe  exceptionnelle,  cheffe  de la section  de la\npr\u00e9-instruction  et des  c\u00e9r\u00e9monies,  Mme  Fany  PIERRE,  secr\u00e9taire  administrative  de classe\nnormale,  adjointe  \u00e0 la cheffe  de la section  de la pr\u00e9-instruction  et des  c\u00e9r\u00e9monies,  Mme  Marie-\nFrance  LAUCOURT,  adjointe  administrative  principale  de 1\u00b0\" classe,  adjointe  \u00e0 la cheffe  de la\nsection  de la pr\u00e9-instruction  et des  c\u00e9r\u00e9monieset  Mme  V\u00e9ronique  SAGOT,  secr\u00e9taire\nadministrative  de classe  normale,  gestionnaire  de l'attribution  des  dossiers  et de l'interface  avec\n2024-01677\n\nles services  d'enqu\u00e9te,  pour  signer  les courriers  de retour  des  dossiers  de demandes\nd'acquisition  de la nationalit\u00e9  fran\u00e7aise  par  d\u00e9claration,  lorsque  le dossier  s'av\u00e8re  incomplet  ;\n- Mme  Nora  BELBACHIR,  secr\u00e9taire  administrative  de classe  exceptionnelle,  cheffe  de la section\nde la pr\u00e9-instruction  et des  c\u00e9r\u00e9monies,  Mme  Fany  PIERRE,  secr\u00e9taire  administrative  de classe\nnormale,  adjointe  \u00e0 la cheffe  de la section  de la pr\u00e9-instruction  et des  c\u00e9r\u00e9monies,  Mme  Marie-\nFrance  LAUCOURT,  adjointe  administrative  principale  de 1\u00b0\" classe,  adjointe  \u00e0 la cheffe  de la\nsection  de la pr\u00e9-instruction  et des  c\u00e9r\u00e9monies,  Mme  V\u00e9ronique  SAGOT,  secr\u00e9taire\nadministrative  de classe  normale,  gestionnaire  de l'attribution  des  dossiers  et de l'interface  avec\nles services  d'enqu\u00eate,  Mme  Ingrid  BRIGITTE,  secr\u00e9taire  administrative  de classe  sup\u00e9rieure,\nadjointe  \u00e0 la cheffe  de la section  de l'instruction  et par  Mme  Taous  ALLOUACHE,  secr\u00e9taire\nadministrative  de classe  sup\u00e9rieure,  adjointe  \u00e0 la cheffe  de la section  des  dossiers  signal\u00e9s  et de\nla correspondance,  au titre  de l'utilisation  du t\u00e9l\u00e9service  de prise  en charge  des  demandes\nd'acquisition  de nationalit\u00e9  (NATALI),  pour  valider  et signer  les d\u00e9cisions  de classement  sans\nsuite  au stade  de la v\u00e9rification  formelle  et au stade  de l'instruction  ainsi  que  les d\u00e9cisions  dans\nle cadre  des  recours  gracieux  form\u00e9s  contre  ces classements  sans  suite.\nArticle  17\nEn cas  d'absence  ou d'emp\u00e9chement  de M. Christian  VEDELAGO,  la d\u00e9l\u00e9gation  qui  lui est consentie  est\nexerc\u00e9e,  dans  la limite  de leurs  attributions  respectives,  par  :\n- Mme  Karine  RACHEL,  conseill\u00e8re  d'administration  de l'int\u00e9rieur  et de l'outre-mer,  cheffe  du\nbureau  de la lutte  contre  l'immigration  irr\u00e9guli\u00e8re,  pour  tous  actes,  arr\u00eat\u00e9s,  d\u00e9cisions  et pi\u00e8ces\ncomptables  n\u00e9cessaires  \u00e0 l'exercice  des  missions  d\u00e9finies  \u00e0 l'article  22 de l'arr\u00eat\u00e9  du 23 octobre\n2023  susvis\u00e9  ;\n- M. Youssef  BERQOUQI,  conseiller  d'administration  de l'int\u00e9rieur  et de l'outre-mer,  chef  du bureau\nde l'accueil  de la demande  d'asile,  pour  tous  actes,  arr\u00eat\u00e9s,  d\u00e9cisions  et pi\u00e8ces  comptables\nn\u00e9cessaires  \u00e0 l'exercice  des  missions  d\u00e9finies  \u00e0 l'article  23 de l'arr\u00eat\u00e9  du 23 octobre  2023  susvis\u00e9.\nArticle  18\nEn cas d'absence  ou d'emp\u00eachement  de Mme  Karine  RACHEL,  la d\u00e9l\u00e9gation  qui lui est consentie  est\nexerc\u00e9e  par  MM.  St\u00e9phane  HERING  et Faustin  MISSEREY,  attach\u00e9s  principaux  d'administration  de l'Etat,\nMmes  Koudedja  FOFANA,  Blandine  AGEORGES,  C\u00e9line  SIMEON  et Toymina  SOULA,  attach\u00e9es\nd'administration  de l'\u00c9tat,  ainsi  que  MM.  Charles  THURIES,  Cl\u00e9ment  COSTARD  et Pierre  MATHIEU,\nattach\u00e9s  d'administration  de l'\u00c9tat,  directement  plac\u00e9s  sous  son  autorit\u00e9.\nArticle  19\nEn cas d'absence  ou d'emp\u00eachement  de M. Youssef  BERQOUQI,  la d\u00e9l\u00e9gation  qui lui est consentie  est\nexerc\u00e9e,  dans  la limite  de leurs  attributions  respectives,  par  :\n- Mme  Jos\u00e9pha  DAUTREY,  attach\u00e9e  principale  d'administration  de l'\u00c9tat,  adjointe  au chef  du\nbureau  de l'accueil  de la demande  d'asile  ;\n- Mme  Caroline  TASSEL,  attach\u00e9e  d'administration  hors  classe  de l'\u00c9tat,  adjointe  au chef  du\nbureau  de l'accueil  de la demande  d'asile  ;\n- Mme  Regina  MONFORT,  attach\u00e9e  d'administration  de l'Etat,  cheffe  du p\u00f4le  asile  ;\n- Mme  Pascale  AUBRY,  attach\u00e9e  d'administration  de l'\u00c9tat,  cheffe  du p\u00f4le  interd\u00e9partemental\nDublin.\nArticle  20\nEn cas  d'absence  ou d'emp\u00e9chement  de Mme  Marie-Caroline  SAILLY,  la d\u00e9l\u00e9gation  qui lui est consentie\nest  exerc\u00e9e,  dans  la limite  de ses  attributions,  par  Mme  Cl\u00e9lia  ROSSI,  attach\u00e9e  d'administration  de\nl'\u00c9tat,  directement  plac\u00e9e  sous  son autorit\u00e9.\n2024-01677\n\nArticle  21\nEn cas  d'absence  ou d'emp\u00e9chement  de Mme  Farah  RAHMOUN,  la d\u00e9l\u00e9gation  qui lui est consentie  est\nexerc\u00e9e,  dans  la limite  de leurs  attributions  respectives,  par  M. Philippe  MARTIN,  attach\u00e9  principal\nd'administration  de l'\u00c9tat,  et par Jean-Pierre  LOUIS-PHILIPPE,  attach\u00e9  d'administration  de l'\u00c9tat,\ndirectement  plac\u00e9s  sous  son  autorit\u00e9.\nEn cas d'absence  ou d'emp\u00e9chement  de Mme  Farah  RAHMOUN,  de M. Philippe  MARTIN  et de M. Jean-\nPierre  LOUIS-PHILIPPE,  la d\u00e9l\u00e9gation  qui leur  est consentie  est exerc\u00e9e,  dans  la limite  de leurs\nattributions  respectives,  par  Mme  Isabelle  GOMEZ,  secr\u00e9taire  administrative  de classe  exceptionnelle,\net par  M. Yannick  ALLAIN,  secr\u00e9taire  administratif  de classe  exceptionnelle.\nArticle  22\nLe pr\u00e9sent  arr\u00eat\u00e9  entre  en vigueur  le 18 novembre  2024.\nArticle  23\nLa pr\u00e9f\u00e8te,  directrice  de cabinet,  et la pr\u00e9f\u00e8te  d\u00e9l\u00e9gu\u00e9e  \u00e0 l'immigration  sont  charg\u00e9es,  chacune  en ce\nqui la concerne,  de l'ex\u00e9cution  du pr\u00e9sent  arr\u00eat\u00e9  qui sera  publi\u00e9  aux  recueils  des  actes  administratifs\ndes  pr\u00e9fectures  de la zone  de d\u00e9fense  et de s\u00e9curit\u00e9  de Paris.  .\nET\nFait  \u00e0 Paris,  le 1 8 uo'.  2024\nLaurent  NUNEZ\n2024-01677\n\nPREFECTURE  SP.\nDE POLICE\nLibert\u00e9\nEgalit\u00e9\nFraternit\u00e9Cabinet  du pr\u00e9fet\nmen  2024-01779\naccordant  d\u00e9l\u00e9gation  de la signature  pr\u00e9fectorale  au pr\u00e9fet,  secr\u00e9taire  g\u00e9n\u00e9ral  pour\nl'administration  de la pr\u00e9fecture  de police\nLe pr\u00e9fet  de police,\nVU le code  g\u00e9n\u00e9ral  des  collectivit\u00e9s  territoriales,  notamment  ses articles  L. 2512-18  \u00e0 L. 2512-\n19, L. 2512-22  \u00e0 L. 2512-25  et D. 2512-18  \u00e0 D. 2512-21;\nVU le code  g\u00e9n\u00e9ral  de la fonction  publique  ;\nVU le code  de la s\u00e9curit\u00e9  int\u00e9rieure  ;\nVU le d\u00e9cret  n\u00b0 94-415  du 24 mai  1994  modifi\u00e9  portant  dispositions  statutaires  relatives  aux\npersonnels  des  administrations  parisiennes  ;\nVU le d\u00e9cret  n\u00b0 95-1197  du 6 novembre  1995  modifi\u00e9  portant  d\u00e9concentration  en mati\u00e8re  de\ngestion  des  personnels  de la police  nationale  et les arr\u00eat\u00e9s  pris  pour  son  application  ;\nVU le d\u00e9cret  n\u00b0 2004-374  du 29 avril  2004  modifi\u00e9  relatif  aux  pouvoirs  des  pr\u00e9fets,  \u00e0\nl'organisation  et \u00e0 l'action  des  services  de l'Etat  dans  les r\u00e9gions  et d\u00e9partements  et\nnotamment  son  article  77 ;\nVU le d\u00e9cret  n\u00b0 2006-1780  du 23 d\u00e9cembre  2006  modifi\u00e9  portant  d\u00e9l\u00e9gation  de pouvoir  en\nmati\u00e9re  de recrutement  et de gestion  de certains  personnels  relevant  du minist\u00e9re  de\nl'int\u00e9rieur  ;\nVU le d\u00e9cret  n\u00b0 2014-296  du 6 mars  2014  modifi\u00e9  relatif  aux  secr\u00e9tariats  g\u00e9n\u00e9raux  pour\nl'administration  du minist\u00e8re  de l'int\u00e9rieur  et modifiant  diverses  dispositions  du code  de la\nd\u00e9fense  et du code  de la s\u00e9curit\u00e9  int\u00e9rieure  ;\nVU l'arr\u00eat\u00e9  minist\u00e9riel  NOR  : INTA1532249A  du 24 d\u00e9cembre  2015  relatif  aux  services  charg\u00e9s\nd'exercer  les missions  relevant  du secr\u00e9tariat  g\u00e9n\u00e9ral  pour  l'administration  du minist\u00e8re  de\nl'int\u00e9rieur  de la zone  de d\u00e9fense  et de s\u00e9curit\u00e9  de Paris  ;\nVU l'arr\u00eat\u00e9  pr\u00e9fectoral  n\u00b0 2009-00641  du 7 ao\u00fbt  2009  modifi\u00e9  relatif  \u00e0 l'organisation  de la\npr\u00e9fecture  de police  ;\nVU la d\u00e9lib\u00e9ration  du conseil  de Paris  n\u00b0 2020-PP-53  des  23 et 24 juillet  2020  portant\nrenouvellement  de la d\u00e9l\u00e9gation  de pouvoir  accord\u00e9e  au pr\u00e9fet  de police  par  le conseil  de\nParis  dans  certaines  des  mati\u00e8res  \u00e9num\u00e9r\u00e9es  par  l'article  L. 2122-22  du code  g\u00e9n\u00e9ral  des\ncollectivit\u00e9s  territoriales  ;\nVU le d\u00e9cret  du 20 juillet  2022  par lequel  M. Laurent  NUNEZ,  pr\u00e9fet,  coordonnateur  national\ndu renseignement  et de la lutte  contre  le terrorisme,  est nomm\u00e9  pr\u00e9fet  de police  (hors\nclasse)  ;\nVU le d\u00e9cret  du 22 d\u00e9cembre  2022  par  lequel  M. Philippe  LE MOING  SURZUR,  administrateur\ng\u00e9n\u00e9ral  d\u00e9tach\u00e9  en qualit\u00e9  de sous-pr\u00e9fet  hors  classe,  sous-pr\u00e9fet  de Bayonne  (classe\nfonctionnelle  Il), est nomm\u00e9  pr\u00e9fet,  secr\u00e9taire  g\u00e9n\u00e9ral  pour  l'administration  de la pr\u00e9fecture\nde police  ;\n\nSUR  proposition  de la pr\u00e9f\u00e8te,  directrice  de cabinet,\nARRETE\nArticle  1\u00b0\nD\u00e9l\u00e9gation  est donn\u00e9e  \u00e0 M. Philippe  LE MOING  SURZUR,  pr\u00e9fet,  secr\u00e9taire  g\u00e9n\u00e9ral  pour\nl'administration  de la pr\u00e9fecture  de police,  \u00e0 l'effet  de signer,  au nom  du pr\u00e9fet  de police,\ntous  actes,  arr\u00eat\u00e9s,  d\u00e9cisions,  conventions  et pi\u00e8ces  comptables  n\u00e9cessaires  \u00e0 l'exercice  des\nmissions  confi\u00e9es  au secr\u00e9tariat  g\u00e9n\u00e9ral  pour  l'administration  du minist\u00e8re  de l'int\u00e9rieur  de la\nzone  de d\u00e9fense  et de s\u00e9curit\u00e9  de Paris  et des  d\u00e9l\u00e9gations  accord\u00e9es  au pr\u00e9fet  de police  par\nle ministre  de l'int\u00e9rieur  en mati\u00e8re  de recrutement  et de gestion  des  personnels  sur le\nfondement  des  d\u00e9crets  du 6 novembre  1995  et du 23 d\u00e9cembre  2006  susvis\u00e9s  \u00e0 l'exclusion  :\n- de la r\u00e9quisition  du comptable  public  ;\n- des  march\u00e9s  publics  dont  le montant  d\u00e9passe  20 millions  d'euros.\nArticle  2\nD\u00e9l\u00e9gation  est donn\u00e9e  \u00e0 M. Philippe  LE MOING  SURZUR  \u00e0 l'effet  de signer,  au nom  du pr\u00e9fet\nde police  et dans  la limite  de ses attributions,  tous  actes,  arr\u00eat\u00e9s,  d\u00e9cisions,  conventions  et\npi\u00e8ces  comptables  n\u00e9cessaires  \u00e0 la gestion  administrative  et financi\u00e8re  des  personnels  et des\nmoyens  mobiliers  et immobiliers  n\u00e9cessaires  au fonctionnement  des  directions  et services  de\nla pr\u00e9fecture  de police  et de la brigade  de sapeurs-pompiers  de Paris,  \u00e0 l'exclusion  :\n- dela  r\u00e9quisition  du comptable  public;\n- des  march\u00e9s  publics  dont  le montant  d\u00e9passe  20 millions  d'euros  ;\n- de la nomination  du directeur  et du sous-directeur  du laboratoire  central,  du directeur  de\nl'institut  m\u00e9dico-l\u00e9gal,  de l'architecte  de s\u00e9curit\u00e9  en chef,  du m\u00e9decin-chef  du service  de\nla m\u00e9decine  statutaire  et de contr\u00f4le  m\u00e9dical,  du m\u00e9decin-chef  de l'infirmerie\npsychiatrique.\nArticle  3\nD\u00e9l\u00e9gation  est donn\u00e9e  \u00e0 M. Philippe  LE MOING  SURZUR,  \u00e0 l'effet  de signer,  au nom  du pr\u00e9fet\nde police,  tous  actes  n\u00e9cessaires  \u00e0 la repr\u00e9sentation  de l'Etat  et de la ville  de Paris  devant  les\ntribunaux  dans  les litiges  n\u00e9s  de d\u00e9cisions  prises  par  le pr\u00e9fet  de police,  ainsi  qu'\u00e0  la\nprotection  juridique  des  agents  plac\u00e9s  sous  l'autorit\u00e9  du pr\u00e9fet  de police  et des  militaires  de\nla brigade  de sapeurs-pompiers  de Paris,  \u00e0 l'exclusion  des  recours  en cassation  devant  le\nConseil  d'Etat  et la Cour  de Cassation.\nArticle  4\nEn cas  d'absence  ou d'emp\u00e9chement  de M. Philippe  LE MOING  SURZUR,  M. David  FOLTZ,\nadministrateur  de l'Etat,  directeur  de cabinet,  est habilit\u00e9  \u00e0 signer  concernant  le cabinet  du\nsecr\u00e9tariat  g\u00e9n\u00e9ral  pour  l'administration  :\n- les autorisations  ponctuelles  de mise  \u00e0 disposition  de moyens  ;\n- les actes  de gestion  administrative  et financi\u00e8re  des  moyens  relatifs  au fonctionnement  du\ncabinet,  , notamment  les commandes,  devis,  factures  et attestations  de service  fait  ;\n- les propositions  de primes  et d'avancement  ;\n- les propositions  de sanctions  administratives  ;\n- les d\u00e9cisions  de sanctions  relevant  du 1\u00b0 groupe  ;\n- les courriers,  notes  ou rapports  n'engageant  pas  financi\u00e8rement  la pr\u00e9fecture  de police  en\ndehors  des  d\u00e9penses  relevant  du budget  du cabinet  ;\n- les courriers,  d\u00e9cisions  individuelles  pour  les personnels  \u00c9tat  ou administrations\nparisiennes  en dehors  des  notifications  de sanctions  disciplinaires  autres  que  le 1\u00b0 groupe.\n2024-01779  2\n\nArticle  5\nEn cas  d'absence  ou d'emp\u00e9chement  de M. David  FOLTZ,  M. Julien  ROBINET,  attach\u00e9\nprincipal  d'administration  de l'\u00c9tat,  chef  de cabinet,  est habilit\u00e9  \u00e0 signer  concernant  le\ncabinet  du secr\u00e9tariat  g\u00e9n\u00e9ral  pour  l'administration  :\n- les actes  de gestion  administrative  et financi\u00e8re  des  moyens  relatifs  au fonctionnement  du\ncabinet,  notamment  les commandes,  devis,  factures  et attestations  de service  fait  ;\n- les propositions  de primes  et d'avancement,  \u00e0 l'exception  des  propositions  de primes  et\nd'avancement  des  agents  de la cat\u00e9gorie  A.\nArticle  6\nLa pr\u00e9f\u00e8te,  directrice  de cabinet,  et le pr\u00e9fet,  secr\u00e9taire  g\u00e9n\u00e9ral  pour  l'administration  de la\npr\u00e9fecture  de police,  sont  charg\u00e9s,  chacun  en ce qui le concerne,  de l'ex\u00e9cution  du pr\u00e9sent\narr\u00eat\u00e9  qui sera  publi\u00e9  aux  recueils  des  actes  administratifs  des  pr\u00e9fectures  des  d\u00e9partements\nde la zone  de d\u00e9fense  et de s\u00e9curit\u00e9  de Paris.  fo\n|\nLaurent  NUNEG 6 wel. 2024Fait  a Paris,  le\n2024-01779\n\n4%  040  254\n= +} PREFECTURE  |=)\nDE POLICE  \u00dc DES  HAUTS-DE-SEINE\nPate i\nFraternit\u00e9  Fraternit\u00e9\n2024-01790\ninstituant  un p\u00e9rim\u00e9tre  au sein  duquel  la pr\u00e9sence  de certaines  cat\u00e9gories  de supporters\nest r\u00e9glement\u00e9e  et instaurant  certaines  mesures  de police  \u00e0 l'occasion  de la rencontre  de\nfootball  de Ligue  1 du dimanche  15 d\u00e9cembre  2024  entre  les \u00e9quipes  du Paris  Saint-\nGermain  et de l'Olympique  Lyonnais  Football  au stade  du Parc  des  Princes  .Arr\u00eat\u00e9  n\u00b0\nLe pr\u00e9fet  de police  et le pr\u00e9fet  des  Hauts-de-Seine,\nVu le code  p\u00e9nal;\nVu le code  de proc\u00e9dure  p\u00e9nale  ;\nVu le code des relations  entre le public  et l'administration  ;\nVu le code  de la s\u00e9curit\u00e9  int\u00e9rieure,  notamment  ses articles  L. 122-1  et L. 122-2;\nVu le code  du sport,  notamment  son  article  L. 332-16-2  ;\nVu le d\u00e9cret  n\u00b0 2004-374  du 29 avril  2004  modifi\u00e9  relatif  aux  pouvoirs  des  pr\u00e9fets,  \u00e0\nl'organisation  et \u00e0 l'action  des  services  de l'Etat  dans  les r\u00e9gions  et d\u00e9partements,\nnotamment  ses articles  72 et 73:.\nVu la circulaire  du ministre  de l'Int\u00e9rieur  INTD2205085]J  du 25 avril 2022  relative  aux\nrencontres  sportives  \u00e0 risques  et interdictions  de d\u00e9placement  de supporters  ; |\nVu le d\u00e9cret  du 20 juillet  2022  par lequel  M. Laurent  NUNEZ,  pr\u00e9fet,  coordonnateur  national\ndu renseignement  et de la lutte  contre  le terrorisme,  est nomm\u00e9  pr\u00e9fet  de police  (hors\nclasse)  ;\nVu le d\u00e9cret  du 31 octobre  2024  par  lequel  M. Alexandre  BRUGERE,  pr\u00e9fet,  est nomm\u00e9  pr\u00e9fet\ndes  Hauts-de-Seine  ;\nConsid\u00e9rant  que,  en application  des  articles  L. 122-1  et L. 122-2  du code  de la s\u00e9curit\u00e9\nint\u00e9rieure  et 72 et 73 du d\u00e9cret  du 29 avril  2004  susvis\u00e9,  le pr\u00e9fet  de police  a la charge  de\nl'ordre  public,  notamment  la pr\u00e9vention  des  atteintes  \u00e0 la s\u00e9curit\u00e9  des  personnes  et des\nbiens,  a Paris  et dans  le d\u00e9partement  des  Hauts-de-Seine  ;\nConsid\u00e9rant  que, en application  de l'article  L. 332-16-2  du code du sport, le repr\u00e9sentant  de\nl'\u00c9tat  dans  le d\u00e9partement  ou, \u00e0 Paris,  le pr\u00e9fet  de police  peut,  par  arr\u00eat\u00e9,  restreindre  la\nlibert\u00e9  d'aller  et de venir  des  personnes  se pr\u00e9valant  de la qualit\u00e9  de supporter  d'une  \u00e9quipe\nou se comportant  comme  tel sur les lieux  d'une  manifestation  sportive  et dont  la pr\u00e9sence\nest susceptible  d'occasionner  des  troubles  graves  pour  l'ordre  public  ; que  le fait  pour  les\npersonnes  concern\u00e9es  de ne pas  se conformer  \u00e0 l'arr\u00eat\u00e9  pris  en application  des  deux\npremiers  alin\u00e9as  est puni  de six mois  d'emprisonnement  et d'une  amende  de 30 000  \u20ac, en\napplication  du m\u00eame  article  ;\n\nConsid\u00e9rant  que  se tiendra  le dimanche  15 d\u00e9cembre  2024  4 20h45  un match  de football\npour  le compte  de la 15\u00e8me  journ\u00e9e  du championnat  de football  de Ligue  1 au stade  du Parc\ndes  Princes  \u00e0 Paris  16\u00e8me,  qui opposera  les \u00e9quipes  du Paris  Saint-Germain  (PSG)  et de\nl'Olympique  Lyonnais  (OL)  ; qu'\u00e0  cette  occasion,  un nombre  important  de supporters  seront\npr\u00e9sents  aux abords  et \u00e0 l'int\u00e9rieur  du Parc  des Princes  ; que  700  \u00e0 900  supporters  lyonnais\ndont  300  \u00e0 500  ultras  class\u00e9s  \u00e0 risques  devraient  \u00eatre  pr\u00e9sents  dans  le parcage  visiteurs  afin\nd'assister  \u00e0 cette  rencontre  ; qu'environ  1200  supporters  ultras  parisiens  sont  attendus  dans\nle stade;  que  ces  derniers  sont  susceptibles  de faire  usage  d'engins  pyrotechniques  et\nd\u00e9tonants  dans  l'enceinte  sportive;  qu'une  rencontre  entre  les supporters  ultras  de\nl'Olympique  Lyonnais  et ceux  du Paris  Saint-Germain  pourrait  \u00eatre  de nature  \u00e0 causer  des\ngraves  troubles  \u00e0 l'ordre  public  ; qu'il  est \u00e9tabli  que  des groupes  ultras  et hooligans  parisiens\nissus  du Virage  Auteuil  tout  comme  ceux  de l'ex-Kop  Of Boulogne  pourraient  se mobiliser\nafin  de tenter  d'affronter  leurs  homologues  lyonnais  la veille  et le jour  du match;  que  les\nnombreux  incidents  entre  les diff\u00e9rentes  structures  de supporters  lyonnais  et parisiens\n_ attestent  un tr\u00e8s  fort  contentieux  historique  entre  les supporters  des deux  \u00e9quipes  ; qu'en\neffet,  le 19 septembre  2021  \u00e0 l'occasion  de la rencontre  entre  le PSG  et l'OL,  des  supporters\nparisiens  avaient  agress\u00e9  physiquement  deux  individus  porteurs  d'un  maillot  de Lyon  en\namont  du match  ; que  le 17 d\u00e9cembre  2021  au Stade  Charl\u00e9ty  \u00e0 Paris  13\u00e8\",  lors  d'un  match\nde Coupe  de France  opposant  le PSG  \u00e0 l'OL,  une  quinzaine  d'\u00e9l\u00e9ments  \u00e0 risque  du PSG  et\ndes  ultras  lyonnais  s'\u00e9taient  affront\u00e9s  en tribunes  entra\u00eenant  l'arr\u00eat  d\u00e9finitif  du match;  qu'\u00e0\nl'occasion  de la rencontre  entre  le PSG  et l'OL  du 21 avril  2024,  une  rixe  opposant  trente\nsupporters  parisiens  et trente  supporters  lyonnais  a eu lieu  \u00e0 Fontainebleau  ; qu'en  outre,  le\n25 mai  2024,  dans  le cadre  de la finale  de Coupe  de France  opposant  l'OL  au PSG,  une\nviolente  rixe  a \u00e9clat\u00e9  entre  parisiens  et lyonnais  \u00e0 la barri\u00e8re  de p\u00e9age  de Fresnes-les-\nMontauban,  dans  le cadre  de l'acheminement  des  supporters  vers  le stade  Pierre  Mauroy,\noccasionnant  des  bless\u00e9s  dont  plusieurs  chez  les forces  de l'ordre  et de nombreux  d\u00e9g\u00e2ts\nmat\u00e9riels  parmi  lesquels  la d\u00e9gradation  de la barri\u00e8re  de p\u00e9age  et de plusieurs  bus  dont  un\nenti\u00e8rement  calcin\u00e9  ; que  lors  de la finale,  plusieurs  supporters  lyonnais  ont  \u00e9t\u00e9  interpell\u00e9s\npour  des  faits  d'infraction  \u00e0 la pyrotechnie,  pour  des  faits  de violences  volontaires,  pour  des\nfaits  d'outrage  et r\u00e9bellion  ainsi  que  pour  des  faits  d'insultes  \u00e0 caract\u00e8re  racial  ;\nConsid\u00e9rant  que  dans  ce contexte,  toute  rencontre  fortuite  ou provoqu\u00e9e  entre  des\n\u00e9l\u00e9ments  \u00e0 risques  du PSG  et de l'OL  serait  de nature  \u00e0 causer  de graves  troubles  \u00e0 l'ordre\npublic  ; qu'\u00e0  l'occasion  de ce match,  il existe  un risque  important  que  les supporters  du PSG\nde l'OL  fassent  un usage  massif  d'engins  pyrotechniques  et multiplient  les invectives  ; que\nde telles  man\u0153uvre  seraient  de nature  \u00e0 causer  des  tensions  avec  les stadiers  et les\nsupporters  parisiens  pr\u00e9sents  dans  les tribunes  attenantes  ; qu'en  application  de l'article  L.\n332-8  du code  du sport,  l'usage  d'engins  pyrotechniques  et d\u00e9tonants  est constitutif  d'un\nd\u00e9lit  puni  de trois  ans  d'emprisonnement  et de 15 000  euros  d'amende  ;\nConsid\u00e9rant  d\u00e8s  lors,  qu'il  existe  des  risques  s\u00e9rieux  que  la rencontre  du 15 d\u00e9cembre  2024\nau Parc  des  Princes  soit  l'occasion,  avant  et apr\u00e8s  le match,  d'affrontements  et de violents\nincidents  entre  des  supporters  parisiens  d\u00e9termin\u00e9s  et virulents  et leurs  homologues\nlyonnais  aux  abords  de l'enceinte  sportive,  dans  les rues  adjacentes  ou \u00e0 proximit\u00e9  des\nd\u00e9bits  de boissons  environnants  :\nConsid\u00e9rant,  par  ailleurs,  que  les forces  de s\u00e9curit\u00e9  int\u00e9rieure  seront  particuli\u00e8rement\nmobilis\u00e9es  le dimanche  15 d\u00e9cembre  2024,  sans  pr\u00e9judice  de leurs  suj\u00e9tions  habituelles,\npour  assurer,  d'une  part,  la s\u00e9curisation  du match  de rugby  entre  le Stade  Fran\u00e7ais  Paris  et\nles Saracens,  dans  le cadre  de la coupe  d'Europe  de rugby  au stade  Jean  Bouin  \u00e0 Paris  16\u00e8\"\u00b0,\nd'autre  part,  la s\u00e9curisation  des  sites  institutionnels  et gouvernementaux  sensibles,  ainsi  que\nles manifestations  sur la voie  publique  ; qu'en  outre,  ce match  s'inscrit  dans  un contexte  de\nmenace  terroriste  aigue  ayant  conduit  au rel\u00e8vement  du plan  VIGIPIRATE  \u00ab Urgence\nattentat  \u00bb depuis  le 24 mars  2024  sur l'ensemble  du territoire  national  ;\n2024-01790  \u00b0\n\nConsid\u00e9rant  que,  dans  ces  conditions,  \u00e0 l'occasion  du match  du 15 d\u00e9cembre  2024  entre  les\n\u00e9quipes  du Paris  Saint-Germain  et de l'Olympique  Lyonnais,  seule  une  interdiction  d'acc\u00e8s  \u00e0\nun p\u00e9rim\u00e8tre  autour  du stade  du Parc  des  Princes  et \u00e0 l'int\u00e9rieur  de celui-ci  pour  les\npersonnes  se pr\u00e9valant  de la qualit\u00e9  de supporter  de l'Olympique  Lyonnais  o\u00f9 se\ncomportant  comme  tel,  comprenant  certaines  mesures  d'interdiction,  dont  celle  de\nd\u00e9tention  et de transport  de boissons  alcooliques  ainsi  que  leur  consommation  sur la voie\npublique,  est de nature  \u00e0 pr\u00e9venir  les atteintes  \u00e0 la s\u00e9curit\u00e9  des  personnes  et des  biens;\nARRETENT\nArticle  1\u00b0 - Du dimanche  15 d\u00e9cembre  2024  \u00e0 17h45  au lundi  16 d\u00e9cembre  2024  \u00e0 01h00,  il\nest interdit  \u00e0 toute  personne  se pr\u00e9valant  de la qualit\u00e9  de supporter  de l'\u00e9quipe  de\nl'Olympique  Lyonnais  ou se comportant  comme  tel,  d'acc\u00e9der  au stade  du Parc  des  Princes\net de circuler  ou stationner  sur la voie  publique  sur le territoire  de la Ville  de Paris  et de la\ncommune  de Boulogne-Billancourt  dans  le p\u00e9rim\u00e8tre  d\u00e9limit\u00e9  selon  la carte  figurant  en\nannexe.\nArticle  2 - L'introduction,  la d\u00e9tention  et le transport  de tous  objets  susceptibles  de\nconstituer  une  arme  au sens  de l'article  132-75  du code  p\u00e9nal  ou pouvant  servir  de projectile\npr\u00e9sentant  Un danger  pour  la s\u00e9curit\u00e9  des  personnes  et des  biens,  en particulier  les\nbouteilles  en verre,  ainsi  que  l'introduction,  la d\u00e9tention  et le transport  de boissons\nalcooliques  et leur  consommation  sur la voie  publique  sont  interdits  dans  le p\u00e9rim\u00e8tre\npr\u00e9cit\u00e9,  du dimanche  15 d\u00e9cembre  2024  \u00e0 17h45  au lundi  16 d\u00e9cembre  2024  \u00e0 01h00.\nCes  mesures  ne s'appliquent  pas  aux  r\u00e9sidents,  qui  pourront  justifier  de cette  qualit\u00e9  par\ntous  moyens,  ainsi  que  dans  les parties  du p\u00e9rim\u00e8tre  dont  le domaine  public  est\nr\u00e9guli\u00e8rement  occup\u00e9  par  des  restaurants  et d\u00e9bits  de boissons  titulaires  des  autorisations\nn\u00e9cessaires.\nArticle  3 - Les  repr\u00e9sentants  sur place  de l'autorit\u00e9  de police  sont  autoris\u00e9s  \u00e0 prendre  des\nmesures  Compl\u00e9mentaires  \u00e0 celles  fix\u00e9es  par  le pr\u00e9sent  arr\u00eat\u00e9,  en fonction  de l'\u00e9volution  de\nla situation  et lorsque  les circonstances  l'exigent.\nArticle  4 - Le pr\u00e9fet  des  Hauts-de-Seine,  la pr\u00e9f\u00e8te,  directrice  du cabinet  du pr\u00e9fet  de police,\nle directeur  de l'ordre  public  et de la circulation  et la directrice  de la s\u00e9curit\u00e9  de proximit\u00e9\nde l'agglom\u00e9ration  parisienne  sont  charg\u00e9s,  chacun  en ce qui le concerne,  de l'ex\u00e9cution  du\npr\u00e9sent  arr\u00eat\u00e9  qui sera  publi\u00e9  aux  recueils  des  actes  administratifs  du d\u00e9partement  de Paris\net de la pr\u00e9fecture  des  Hauts-de-Seine,  et consultable  sur le site  internet  de la pr\u00e9fecture\nde police  (https://www.prefecturedepolice.interieur.gouv.fr).  >\nFait \u00e0 Paris,le  i) 9% DEL.  7974  \\\n2024-01790\n\n. Fait \u00e0 Nanterre,  le 0 9 DEC. 2024 we |\n4\na\n/ Alexandre BRUGERE\n2024-01790\n\nAnnexe  de l'arr\u00eat\u00e9  n\u00b0 2024-01790  du 09 DEC. 2024\nVOIES  ET DELAIS  DE RECOURS\nSi vous  estimez  devoir  contester  le pr\u00e9sent  arr\u00e9t\u00e9,  il vous  est possible,  dans  un\nd\u00e9lai  de deux  mois  a compter  de la date  de sa publication  :\n- soit  de saisir  d'un  RECOURS  GRACIEUX\nle Pr\u00e9fet  de Police\n7/9,  boulevard  du Palais  - 75195  PARIS  RP\n- ou de former  un RECOURS  HIERARCHIQUE\naupr\u00e8s  du Ministre  de l'int\u00e9rieur\nDirection  des  libert\u00e9s  publiques  et des  affaires  juridiques\nplace  Beauvau  - 75008  PARIS\n- soit  de saisir  d'un  RECOURS  CONTENTIEUX.\nle Tribunal  administratif  comp\u00e9tent\nAucune  de ces voies  et recours  ne suspend  l'application  de la pr\u00e9sente  d\u00e9cision.\nLes recours  GRACIEUX  et HIERARCHIQUE  doivent  \u00eatre  \u00e9crits,  exposer  les\narguments  ou faits  nouveaux  et comprendre  la copie  de l'arr\u00eat\u00e9  contest\u00e9.\nLe recours  CONTENTIEUX,  qui vise  \u00e0 contester  la LEGALITE  de la pr\u00e9sente\nd\u00e9cision,  doit  \u00e9galement  \u00eatre  \u00e9crit  et exposer  votre  argumentation  juridique.\nSi vous  n'aviez  pas  de r\u00e9ponse  \u00e0 votre  recours  GRACIEUX  ou HIERARCHIQUE  dans\nun d\u00e9lai  de deux  mois  \u00e0 compter  de la r\u00e9ception  de votre  recours  par l'administration,  votre\ndemande  devra  \u00eatre  consid\u00e9r\u00e9e  comme  rejet\u00e9e  (d\u00e9cision  implicite  de rejet).\nEn cas  de rejet  des  recours  GRACIEUX  ou HIERARCHIQUE,  le Tribunal\nadministratif  peut  \u00eatre  saisi  d'un  recours  contentieux  dans  le d\u00e9lai  de deux  mois  \u00e0 compter\nde la date  de la d\u00e9cision  de rejet.\n\ni ce\nf \nEe\n~ \u20ac\n1 DIRECTION  DE L'ORDRE  PUBLIC  te g #\n1 ET DE LA CIRCULATION  o os \u00e0.\nPorte LS ay > \"ES_[__ PARC DES PRINCES \"y / sautent rs a\n: Dimanche  15 D\u00e9cembre  2024 3 i=. Py  S\n\u00bb TIERS  iy\n: el  nette  LYON te\nro)\na L &d D Prnmememnrennienonsueronens  | SUPPORTERS  poussin  x. Le in\n# bs Ge \u00bb, 8 \" 2 13\ni ee  < Te,  ~ FuD \u2014 te, : \"\nR D'AUTEUR  \u00a3 \u00e0\nMichel-Ange  \u00c0 0)\nont Garros fj VALLA  Auteuil\nay cane \u00a7\n= OAUTUL  &\n< \u00a9~ \"0 a ay =\nPell\n2 =\nz + We Dy De &\n\u00e6  4,\nS\nFe\ns\u00e9 Sh\n\u00e0 &\nR Mol  1  \u0153\nPe\n: Michel-Ange  g\n= Molitor  -\n= Es\n9 ox  x\nz hal + |' he \u00a3s\" St s\na \u00a3 SU COR  \u00c0 7 > = =y Re. \u0178 . a 'oe Pt 2C Re # 5\n5 < ime Le) vw\na < out AIRE  a +\nLo : \u00e6 .\nHoy  > \n< \u00c0\nMacs,  Exelmans\n-  f,\n3h :\n=\nPP  5\noh & s  \n9  oLe 7 6 MieLA  ey SgBm  # 4 Frmt } ce 4 Ry\nFD,  3 & 1 ++ 1 OUD,  4\na R 1h ant  RR 4 & ps.\n. woe ' +o the  44 \"4, 4a)  4 A aT % Ms \u00a2\nRParit  = Ay 1hy, x ra, =Oe AB 5 wy &e aoe  hy + = ou\n+\"\nAeq CSST\nAV DODE  BE\nLA BRUNE fi\nLA\n&UGT(al\nP.\ner\n' 4S +\nLe  \u00a9\nNr  ne iwee  Quai  d'is\nnov\nx\n\u00ea\na,\n7\n%\na a etsOf  Ss PONT\nP,2  Pl \u00a9 x \\\u2014 ne  $ # Co D JOLI\nIr AS  L Vis  4 ' Le) ee\ni  ' ry  &  CA\nDES?  . u\nPLE,  8 F4 So,  5 CN is\nwe PA \u00e0) \"Ary  HA\nfn q De  >wa WE aN\n\nPREFECTURE  aP Cabinet  du pr\u00e9fet\nDE POLICE\nLibert\u00e9\n\u00c9galit\u00e9\nFraternit\u00e9\narr\u00eat\u00e9 n\u00b0 2024-01792\naccordant  d\u00e9l\u00e9gation  de signature  au commandant  de la r\u00e9gion  de gendarmerie  d'Ile-de-France,\ncommandant  la gendarmerie  pour  la zone  de d\u00e9fense  et s\u00e9curit\u00e9  de Paris,  en sa qualit\u00e9  de\nresponsable  de budget  op\u00e9rationnel  de programme  d\u00e9l\u00e9gu\u00e9\nLe pr\u00e9fet  de police,\nVU le code  de la d\u00e9fense  ;\nVU le code  de la s\u00e9curit\u00e9  int\u00e9rieure  ;\nVU le d\u00e9cret  n\u00b0 2004-374  du 29 avril  2004  modifi\u00e9  relatif  aux  pouvoirs  des  pr\u00e9fets,  \u00e0\nl'organisation  et \u00e0 l'action  des  services  de l'Etat  dans  les r\u00e9gions  et d\u00e9partements,  notamment\nson  article  74 ;\nVU le d\u00e9cret  n\u00b02012-1246  du 7 novembre  2012  relatif  \u00e0 la gestion  budg\u00e9taire  et comptable\npublique  ;\nVU le d\u00e9cret  n\u00b0 2014-296  du 6 mars  2014  modifi\u00e9  relatif  aux  secr\u00e9tariats  g\u00e9n\u00e9raux  pour\nl'administration  du minist\u00e8re  de l'Int\u00e9rieur  et modifiant  diverses  dispositions  du code  de la\nd\u00e9fense  et du code  de la s\u00e9curit\u00e9  int\u00e9rieure  ;\nVU l'instruction  SG/DRH/SDP/BFPP/MG  N\u00b0 2009-091220  du ministre  de l'int\u00e9rieur,  de l'outre-mer\net des  collectivit\u00e9s  territoriales  du 8 d\u00e9cembre  2009  relative  au transfert  dans  les secr\u00e9tariats\ng\u00e9n\u00e9raux  pour  l'administration  de la police  de r\u00e9mun\u00e9ration  des  personnels  civils  de la direction\ng\u00e9n\u00e9rale  de la gendarmerie  nationale  affect\u00e9s  dans  les services  d\u00e9concentr\u00e9s  de la gendarmerie\nnationale  depuis  le 1\u00b0 janvier  2009  ;\nVU la convention  de d\u00e9l\u00e9gation  du 10 novembre  2009  entre  le repr\u00e9sentant  du programme  152\n\u00ab gendarmerie  nationale  \u00bb et le secr\u00e9taire  g\u00e9n\u00e9ral  du minist\u00e8re  de l'int\u00e9rieur,  de l'outre-mer  et\ndes  collectivit\u00e9s  territoriales  relative  \u00e0 l'immobilier  de la gendarmerie  nationale  ;\nVU le d\u00e9cret  du 20 juillet  2022  par lequel  M. Laurent  NUNEZ,  pr\u00e9fet,  coordonnateur  national  du\nrenseignement  et de la lutte  contre  le terrorisme,  est nomm\u00e9  pr\u00e9fet  de police  (hors  classe)  ;\nVU le d\u00e9cret  du 31 juillet  2021  par lequel  le g\u00e9n\u00e9ral  de division  Jacques  PLAYS  est nomm\u00e9\ncommandant  en second  de la r\u00e9gion  de gendarmerie  d'Ile-de-France,  commandant  en second  de\nla gendarmerie  pour  la zone  de d\u00e9fense  et de s\u00e9curit\u00e9  de Paris  \u00e0 compter  du 1\u00b0 ao\u00fbt  2021  ;\nVU le d\u00e9cret  du 22 d\u00e9cembre  2022  par  lequel  M. Philippe  LE MOING  SURZUR,  administrateur\ng\u00e9n\u00e9ral  d\u00e9tach\u00e9  en qualit\u00e9  de sous-pr\u00e9fet  hors  classe,  sous-pr\u00e9fet  de Bayonne  (classe\nfonctionnelle  Il), est nomm\u00e9  pr\u00e9fet,  secr\u00e9taire  g\u00e9n\u00e9ral  pour  l'administration  de la pr\u00e9fecture  de\npolice  ;\nVU la d\u00e9cision  n\u00b0 050083  du 22 novembre  2024  par  laquelle  le g\u00e9n\u00e9ral  de division  Jacques  PLAYS\nest d\u00e9sign\u00e9  pour  assurer  le commandement  par  int\u00e9rim  de la r\u00e9gion  de gendarmerie  d'Ile-de-\nFrance,  commandant  la gendarmerie  pour  la zone  de d\u00e9fense  et s\u00e9curit\u00e9  de Paris,  \u00e0 compter  du\n1\u00b0\" d\u00e9cembre  2024  ; cette  d\u00e9cision  cessera  \u00e0 la nomination  du nouveau  commandant  de la\nr\u00e9gion  de gendarmerie  d'Ile-de-France,  commandant  la gendarmerie  pour  la zone  de d\u00e9fense  et\ns\u00e9curit\u00e9  de Paris  ;\nSUR  proposition  du pr\u00e9fet,  secr\u00e9taire  g\u00e9n\u00e9ral  pour  l'administration  de la pr\u00e9fecture  de police,\n\nARRETE\nArticle  1\u00b0\nD\u00e9l\u00e9gation  permanente  est donn\u00e9e  au g\u00e9n\u00e9ral  de division  Jacques  PLAYS,  assurant  le\ncommandement  par  int\u00e9rim  de la r\u00e9gion  de gendarmerie  d'lle-de-France,  commandant  la\ngendarmerie  pour  la zone  de d\u00e9fense  et s\u00e9curit\u00e9  de Paris,  \u00e0 l'effet  de signer,  au nom  du pr\u00e9fet  de\npolice  agissant  dans  ses fonctions  de pr\u00e9fet  de la zone  de d\u00e9fense  et de s\u00e9curit\u00e9  de Paris  et dans\nla limite  de ses attributions,  les actes  suivants  concernant  l'engagement  et l'ordonnancement\ndes  recettes  et d\u00e9penses  imput\u00e9es  sur le budget  du minist\u00e8re  de l'int\u00e9rieur  (programme  n\u00b0 152,\n\u00ab Gendarmerie  Nationale  \u00bb) :\n1\u00b0) La r\u00e9ception  des  cr\u00e9dits  du programme  152  \u00ab Gendarmerie  Nationale\u00bb  pour  le budget\nop\u00e9rationnel  de programme  (BOP)  \u00cele-de-France  (0152-DIDF)  ;\n2\u00b0) La r\u00e9partition  des  autorisations  d'engagement  et les cr\u00e9dits  de paiement  entre  les unit\u00e9s\nop\u00e9rationnelles  (UO)  charg\u00e9es  de leur  ex\u00e9cution  apr\u00e8s  validation  du pr\u00e9fet  de police  ;\n3\u00b0) La r\u00e9allocation  en autorisation  d'engagement  et en cr\u00e9dits  de paiement  entre  les UO,  en\ncours  d'exercice  budg\u00e9taire  ;\nSont  exclus  de la d\u00e9l\u00e9gation  :\n- les ordres  de r\u00e9quisition  du comptable  public  assignataire  pr\u00e9vus  par  le d\u00e9cret  du\n7 novembre  2012  susvis\u00e9  ;\n- la paye  des  agents  administratifs  et techniques  du minist\u00e8re  de l'int\u00e9rieur  affect\u00e9s  dans  les\nunit\u00e9s  du commandement  de la r\u00e9gion  de gendarmerie  d'Ile-de-France  ;\n- les op\u00e9rations  d\u00e9concentr\u00e9es  relatives  \u00e0 l'immobilier  de la gendarmerie  pr\u00e9vues  par  la\nconvention  de d\u00e9l\u00e9gation  du 10 novembre  2009  susvis\u00e9.\nL'exercice  de ces attributions  se fait  en lien  avec  le secr\u00e9tariat  g\u00e9n\u00e9ral  pour  l'administration  du\nminist\u00e8re  de l'int\u00e9rieur  (SGAMI)  de la zone  de d\u00e9fense  et de s\u00e9curit\u00e9  de Paris  qui lui apporte  son\nconcours.\nArticle  2\nLes actes  engageant  des  d\u00e9penses  sup\u00e9rieures  \u00e0 5 millions  d'euros  pour  lesquels  le g\u00e9n\u00e9ral  de\ndivision  Jacques  PLAYS  a re\u00e7u  d\u00e9l\u00e9gation  de signature  en application  de l'article  1* du pr\u00e9sent\narr\u00eat\u00e9  sont  exclus  de la d\u00e9l\u00e9gation  que  ce dernier  peut  consentir  aux  agents  plac\u00e9s  sous  son\nautorit\u00e9  et au chef  du centre  op\u00e9rationnel  de soutien  infrastructure  et logement\n(commandement  du soutien  op\u00e9rationnel  de la gendarmerie  nationale)  en mati\u00e8re  de gestion\ndes loyers.\nArticle  3\nLe pr\u00e9fet,  secr\u00e9taire  g\u00e9n\u00e9ral  pour  l'administration  de la pr\u00e9fecture  de police,  et le g\u00e9n\u00e9ral  de\ndivision,  assurant  le commandement  par  int\u00e9rim  de la r\u00e9gion  de gendarmerie  d'Ile-de-France,\ncommandant  la gendarmerie  pour  la zone  de d\u00e9fense  et de s\u00e9curit\u00e9  de Paris,  sont  charg\u00e9s,\nchacun  en ce qui le concerne,  de l'ex\u00e9cution  du pr\u00e9sent  arr\u00eat\u00e9,  qui sera  publi\u00e9  au recueil  des\nactes  administratifs  des  pr\u00e9fectures  de la zone  de d\u00e9fense  et de s\u00e9curit\u00e9  de Paris.\nFait \u00e0 Paris, le 0 9 DEC. 2024 L\nLaurent  NUNEZ\n2024-01792\n\nEn  . CABINET  DU PREFET\nPR\u00c9FECTURE  ap\nDE POLICE\nLibert\u00e9\n\u00c9galit\u00e9\nFraternit\u00e9\nLe 2024-01800\nArr\u00eat\u00e9  n\u00b0\ninstituant  un p\u00e9rim\u00e8tre  de protection  et diff\u00e9rentes  mesures  de police  \u00e0 l'occasion  de la\n15\u00b0  journ\u00e9e  du championnat  de France  de football  de Ligue  1 au Parc  des Princes  le\ndimanche  15 d\u00e9cembre  2024\nVu le code  g\u00e9n\u00e9ral  des  collectivit\u00e9s  territoriales,  notamment  ses articles  L. 2215-1,\nL. 2512-13  et L. 2512-14;\nVu le code  p\u00e9nal;\nVu le code  de proc\u00e9dure  p\u00e9nale  ;\nVu le code  la route,  notamment  son  article  L. 411-2;\nVu le code  rural  et de la p\u00eache  maritime,  notamment  ses articles  L. 211-11  et L. 211-12;\nVu le code  de la s\u00e9curit\u00e9  int\u00e9rieure,  notamment  ses articles  L. 122-1,  L. 122-2,  L. 226-1,\nL. 611-1  et L. 613-2;\nVu le d\u00e9cret  n\u00b0 2004-374  du 29 avril  2004  modifi\u00e9  relatif  aux  pouvoirs  des  pr\u00e9fets,  a\nl'organisation  et \u00e0 l'action  des  services  de l'Etat  dans  les r\u00e9gions  et d\u00e9partements,\nnotamment  ses articles  70, 72 et 73;\nVu le d\u00e9cret  du 20 juillet  2022  par lequel  M. Laurent  NUNEZ,  pr\u00e9fet,  coordonnateur\nnational  du renseignement  et de la lutte  contre  le terrorisme,  est nomm\u00e9  pr\u00e9fet  de police\n(hors  classe)  ;\nConsid\u00e9rant  que,  en application  des  articles  L.122-1  et L. 122-2  du code  de s\u00e9curit\u00e9\nint\u00e9rieure  et 72 et 73 du d\u00e9cret  du 29 avril  2004  susvis\u00e9,  le pr\u00e9fet  de police  a la charge  de\nl'ordre  public,  notamment  la pr\u00e9vention  des  atteintes  \u00e0 la s\u00e9curit\u00e9  des  personnes  et des\nbiens,  dans  les d\u00e9partements  de Paris  et des  Hauts-de-Seine  ;\nConsid\u00e9rant  que,  en application  du 3\u00b0 de l'article  L. 2215-1  du code  g\u00e9n\u00e9ral  des\ncollectivit\u00e9s  territoriales,  le repr\u00e9sentant  de l'Etat  dans  le d\u00e9partement  est seul\ncomp\u00e9tent  pour  prendre  les mesures  relatives  \u00e0 l'ordre,  \u00e0 la s\u00fbret\u00e9,  a la s\u00e9curit\u00e9  et \u00e0 la\nsalubrit\u00e9  publiques,  dont  le champ  d'application  exc\u00e8de  le territoire  d'une  commune  ;\nque,  conform\u00e9ment  \u00e0 l'article  73 du d\u00e9cret  du 29 avril  2004  susvis\u00e9,  le pr\u00e9fet  de police\nexerce  dans  le d\u00e9partement  des  Hauts-de-Seine  les attributions  d\u00e9volues  au repr\u00e9sentant\nde l'Etat  dans  le d\u00e9partement  par  l'article  L. 2215-1  ;\nConsid\u00e9rant  que,  en application  de l'article  L. 226-1  du code  de la s\u00e9curit\u00e9  int\u00e9rieure,  le\npr\u00e9fet  de police  peut,  en vue  d'assurer  la s\u00e9curit\u00e9  d'un  lieu  ou d'un  \u00e9v\u00e9nement  expos\u00e9  \u00e0\nun risque  d'actes  de terrorisme  \u00e0 raison  de sa nature  et de l'ampleur  de sa fr\u00e9quentation,\ninstituer  par arr\u00eat\u00e9  motiv\u00e9  un p\u00e9rim\u00e8tre  de protection  au sein  duquel  l'acc\u00e8s  et la\ncirculation  des personnes  sont  r\u00e9glement\u00e9s  ; que  cet arr\u00eat\u00e9  peut  autoriser  les agents\nmentionn\u00e9s  aux  2\u00b0 \u00e0 4\u00b0 de l'article  16 du code  de proc\u00e9dure  p\u00e9nale  et, sous  la\n1\n\nresponsabilit\u00e9  de ces agents,  ceux  mentionn\u00e9s  \u00e0 l'article  20 et aux 1\u00b0, 1\u00b0bis  et 1\u00b0ter  de\nl'article  21 du m\u00eame  code  \u00e0 proc\u00e9der,  au sein  d'un  p\u00e9rim\u00e8tre  de protection,  avec  le\nconsentement  des personnes  faisant  l'objet  de ces v\u00e9rifications,  \u00e0 des palpations  de\ns\u00e9curit\u00e9  ainsi  qu'\u00e0  l'inspection  visuelle  et \u00e0 la fouille  des bagages,  ainsi  qu'\u00e0  la visite  des\nv\u00e9hicules  susceptibles  de p\u00e9n\u00e9trer  au sein  de ce p\u00e9rim\u00e8tre  ; qu'aux  termes  de l'article  73\ndu d\u00e9cret  du 29 avril  2004  susvis\u00e9,  le pr\u00e9fet  de police  exerce  dans  le d\u00e9partement  des\nHauts-de-Seine  les attributions  d\u00e9volues  au repr\u00e9sentant  de l'Etat  dans  le d\u00e9partement\npar l'article  L. 226-1  du code  de la s\u00e9curit\u00e9  int\u00e9rieure  ;\nConsid\u00e9rant  que,  en application  de l'article  L. 613-2  du code  de la s\u00e9curit\u00e9  int\u00e9rieure,  les\npersonnes  physiques  exer\u00e7ant  l'activit\u00e9  mentionn\u00e9e  au 1\u00b0 de l'article  L. 611-1  du m\u00eame\ncode  peuvent,  lorsqu'un  p\u00e9rim\u00e8tre  de protection  a \u00e9t\u00e9 institu\u00e9  en application  de l'article\nL. 226-1  du m\u00eame  code,  proc\u00e9der,  avec  le consentement  expr\u00e8s  des personnes,  \u00e0 des\npalpations  de s\u00e9curit\u00e9  ;\nConsid\u00e9rant  que  se tiendra,  le dimanche  15 d\u00e9cembre  2024  \u00e0 20h45,  un match  de\nfootball  pour  le compte  de la 15\u00b0\"  journ\u00e9e  du championnat  de football  de Ligue  1 au\nstade  du Parc  des Princes  \u00e0 Paris  16\",  qui opposera  les \u00e9quipes  du Paris  Saint-Germain  et\nde l'Olympique  Lyonnais;  qu'\u00e0  cette  occasion,  un nombre  important  de supporters  ainsi\nque  des personnalit\u00e9s  seront  pr\u00e9sents  aux abords  et \u00e0 l'int\u00e9rieur  du stade;  que  dans  le\ncontexte  actuel  de menace  tr\u00e8s  \u00e9lev\u00e9e,  cette  rencontre  sportive  est susceptible  de\nconstituer  une  cible  privil\u00e9gi\u00e9e  et symbolique  pour  des actes  de nature  terroriste  ;\nConsid\u00e9rant  que  plusieurs  attentats  ou tentatives  d'attentats  r\u00e9cents  traduisent  le niveau\n\u00e9lev\u00e9  de la menace  terroriste  actuelle  en France  dans  le cadre  du plan  VIGIPIRATE\n\u00aburgence  attentat  \u00bb en vigueur  sur l'ensemble  du territoire  national  depuis  le 24 mars\n2024;\nConsid\u00e9rant  qu'il  appartient  \u00e0 l'autorit\u00e9  de police  comp\u00e9tente  de prendre  les mesures\nadapt\u00e9es,  n\u00e9cessaires  et proportionn\u00e9es  visant  \u00e0 garantir  la s\u00e9curit\u00e9  des personnes  et des\nbiens  pendant  cet \u00e9v\u00e8nement  ; que  la mise  en place  d'un  p\u00e9rim\u00e8tre  de protection\ncomprenant  diff\u00e9rentes  mesures  de police  \u00e0 l'occasion  du match  de Ligue  1 entre  le Paris\nSaint-Germain  et l'Olympique  Lyonnais  au Parc  des Princes  \u00e0 Paris  16\u00b0\"  le dimanche  15\nd\u00e9cembre  2024  r\u00e9pond  \u00e0 ces  objectifs  ;\nARRETE  :\nTITRE  PREMIER\nINSTITUTION  D'UN  PERIMETRE  DE PROTECTION\nArticle  1\u00b0 \u2014 Du dimanche  15 d\u00e9cembre  2024  \u00e0 17h45  au lundi  16 d\u00e9cembre  2024  a 01h00\nest institu\u00e9  un p\u00e9rim\u00e8tre  de protection  au sein  duquel  l'acc\u00e8s  et la circulation  des\npersonnes  sont  r\u00e9glement\u00e9s  dans  les conditions  fix\u00e9es  par le pr\u00e9sent  arr\u00eat\u00e9.\nArticle  2 - Le p\u00e9rim\u00e8tre  de protection  institu\u00e9  par l'article  1\u00b0 du pr\u00e9sent  arr\u00eat\u00e9  est\nd\u00e9limit\u00e9  par les voies  suivantes  qui y sont  incluses,  sauf  mentions  contraires  :\n- rue Nungesser  et Coli,  dans  sa partie  comprise  entre  le rond-point  de la place  de\nl'Europe  et l'avenue  de la Porte  Molitor  \u00e0 Paris  16\"\u00b0;\n- all\u00e9e  Charles  Brennus  \u00e0 Paris  16\u00b0\"  ;\n- avenue  du G\u00e9n\u00e9ral  Sarrail,  dans  sa partie  comprise  entre  la rue Raffa\u00eblli  et l'all\u00e9e\nCharles  Brennus  \u00e0 Paris  16\u00b0TM\u00b0  ;\n2\n\n- avenue  du G\u00e9n\u00e9ral  Sarrail,  dans  sa partie  comprise  entre  la rue Raffa\u00e9lli  et la rue\nLecomte  du No\u00fby  \u00e0 Paris  16\u00b0\"*  ;\n- rue Lecomte  du No\u00fby  \u00e0 Paris  16\u00b0\"  ;\n- rue de l'Arioste  \u00e0 Paris  16\u00b0\":\n- rue du Sergent  Maginot  \u00e0 Paris  16\u00e8\"\u00b0;\n- rue du G\u00e9n\u00e9ral  Roques  \u00e0 Paris  16\u00b0\";\n- avenue  du Parc  des Princes,  dans  sa partie  comprise  entre  le n\u00b0 31 de l'avenue  du\nParc  des Princes  et l'avenue  du G\u00e9n\u00e9ral  Sarrail  \u00e0 Paris  16\u00b0\"  ;\n- passerelle  surplombant  le p\u00e9riph\u00e9rique,  en vis-a-vis  du magasin  Carglass,  depuis\n'avenue  du Parc  des  Princes;\n- rue du Commandant  Guilbaud  \u00e0 Paris  16\u00b0\u00b0;\n- rue du Parc  \u00e0 Boulogne-Billancourt  (92);\n- parking  du complexe  omnisports  G\u00e9o  Andr\u00e9  \u00e0 Paris  16\u00b0\"\u00b0;\n-_ place  de l'Europe  \u00e0 Boulogne-Billancourt  (92),  dans  sa partie  comprise  entre  la rue\nMarcel  Loyau  \u00e0 Boulogne-Billancourt  (92)  et le rond-point  de la place  de l'Europe  a\nParis  16@TM\u00b0  ;\n- rond-point  de la place  de l'Europe  \u00e0 Paris  16\u00b0\"  ;\n- rue Joseph-Bernard  \u00e0 Boulogne-Billancourt  (92),  dans  sa partie  comprise  entre  la rue\nde la Tourelle  \u00e0 Boulogne-Billancourt  (92)  et la rue Nungesser  et Coli  \u00e0 Paris  16\u00b0.\nArticle  3 - Les points  d'acc\u00e8s  au p\u00e9rim\u00e8tre,  sur lesquels  des  dispositifs  de pr\u00e9-filtrage  et de\nfiltrage  sont  mis  en place,  sont  situ\u00e9s  :\n- \u00e0 l'angle  form\u00e9  par l'avenue  du G\u00e9n\u00e9ral-Sarrail,  la rue Raffa\u00e9lli  (c\u00f4t\u00e9  impair)  et l'all\u00e9e\nCharles  Brennus  \u00e0 Paris  16\u00b0\"  ;\n- rue Lecomte  du No\u00fby  \u00e0 Paris  162\";\n- \u00e0 l'angle  form\u00e9  par la rue du Sergent  Maginot  et la place  du G\u00e9n\u00e9ral  Stefanik  \u00e0 Paris\n168m  ;\n- \u00e0 l'angle  form\u00e9  par la rue du G\u00e9n\u00e9ral  Roques  et la place  du G\u00e9n\u00e9ral  Stefanik  \u00e0 Paris\n162\"  ;\n- aun?  31 de l'avenue  du Parc  des  Princes  \u00e0 Paris  16\u00e8\"\u00b0;\n- \u00e0 l'angle  form\u00e9  par l'avenue  de la Porte  de Saint-Cloud  et la rue du Commandant\nGuilbaud  \u00e0 Paris  16\u00b0\":\n- rue du Parc  \u00e0 Boulogne-Billancourt  (92);\n- \u00e0 l'angle  form\u00e9  par la rue de la Tourelle  et l'entr\u00e9e  du Jardin  Guilbaud  \u00e0 Boulogne-\nBillancourt  (92);\n- \u00e0 l'angle  form\u00e9  par la place  de l'Europe  et l'entr\u00e9e  du Jardin  Guilbaud  \u00e0 Boulogne-\nBillancourt  (92);\n- place  de l'Europe  \u00e0 Boulogne-Billancourt  (92),  dans  sa partie  comprise  entre  la rue\nMarcel  Loyau  \u00e0 Boulogne-Billancourt  (92)  et le rond-point  de la place  de l'Europe  \u00e0\nParis  16\";\n- & l'angle  form\u00e9  par la rue Joseph  Bernard  et la rue de la Tourelle  \u00e0 Boulogne-\nBillancourt  (92);\n3\n\n- a l'angle  form\u00e9  par la rue Nungesser  et Coli  et l'avenue  de la Porte  Molitor  \u00e0 Paris\n16\u00e8me  :\n- a l'angle  de la rue Nungesser  et Coli  \u00e0 Paris  16\u00b0\"\u00b0  et de la rue Joseph  Bernard  \u00e0\nBoulogne-Billancourt  (92).\nTITRE  II\nMESURES  DE POLICE  APPLICABLES  A L'/INTERIEUR  DU PERIMETRE  DE PROTECTION\nArticle  4 - Dans  le p\u00e9rim\u00e8tre  institu\u00e9  et durant  la p\u00e9riode  mentionn\u00e9e  par l'article  1\u00b0, les\nmesures  suivantes  sont  applicables  :\n1\u00b0 Mesures  applicables  aux  usagers  de la voie  publique  :\na) Sont  interdits  :\n- Tout  rassemblement  de nature  revendicative  ;\n- Le port,  le transport  et l'utilisation  des  artifices  de divertissement,  des  articles\npyrotechniques,  des  armes  a feu,  y compris  factices,  et des  munitions,  ainsi  que  de\ntous  objets  susceptibles  de constituer  une  arme  au sens  de l'article  132-75  du code\np\u00e9nal  ou pouvant  servir  de projectile  pr\u00e9sentant  un danger  pour  la s\u00e9curit\u00e9  des\npersonnes  et des  biens;\n- L'acc\u00e8s  des  animaux  dangereux  au sens  des  articles  L. 211-11  et suivants  du code  rural\net de la p\u00eache  maritime,  en particulier  les chiens  des 1** et 2\u00e8\"\u00b0  cat\u00e9gories  ;\nb) Les personnes  ont l'obligation,  pour  acc\u00e9der  par les points  de pr\u00e9-filtrage  et de\nfiltrage  pr\u00e9vus  \u00e0 l'article  3 ou circuler  \u00e0 l'int\u00e9rieur  du p\u00e9rim\u00e8tre,  de se soumettre,  \u00e0 la\ndemande  des  agents  autoris\u00e9s  par le pr\u00e9sent  arr\u00eat\u00e9  \u00e0 proc\u00e9der  \u00e0 ces v\u00e9rifications,  \u00e0\nl'inspection  visuelle  des  bagages  et \u00e0 leur  fouille,  ainsi  qu'\u00e0  des  palpations  de s\u00e9curit\u00e9  et,\nexclusivement  par  des  officiers  de police  judiciaire  et, sous  leur  responsabilit\u00e9,  par des\nagents  de police  judiciaire  et agents  de police  judiciaire  adjoints,  \u00e0 la visite  de leur\nv\u00e9hicule  ;\nc) Les personnes  qui,  pour  des  raisons  professionnelles,  de r\u00e9sidence  ou familiales\ndoivent  acc\u00e9der  \u00e0 l'int\u00e9rieur  du p\u00e9rim\u00e8tre  de protection  et y circuler,  sont  invit\u00e9es  \u00e0 se\nsignaler  aupr\u00e8s  de l'autorit\u00e9  de police  sur place  afin  de pouvoir  faire  l'objet  d'une  mesure\nde filtrage  adapt\u00e9e  ;\n2\u00b0 Mesures  accordant  des  comp\u00e9tences  suppl\u00e9mentaires  aux  personnels  charg\u00e9s  de la\ns\u00e9curit\u00e9  :\n- Les officiers  de police  judiciaire  mentionn\u00e9s  aux 2\u00b0 \u00e0 4\u00b0 de l'article  16 du code  de\nproc\u00e9dure  p\u00e9nale  et, sous  leur  responsabilit\u00e9,  les agents  de police  judiciaire\nmentionn\u00e9s  \u00e0 l'article  20 du m\u00eame  code  sont  autoris\u00e9s  \u00e0 proc\u00e9der,  avec  le\nconsentement  des  personnes  faisant  l'objet  de ces v\u00e9rifications,  \u00e0 des  palpations  de\ns\u00e9curit\u00e9,  \u00e0 l'inspection  visuelle  des bagages  et \u00e0 leur  fouille,  ainsi  qu'\u00e0  la visite  des\nv\u00e9hicules  ;\n\n|- les personnes  exer\u00e7ant  l'activit\u00e9  mentionn\u00e9e  au 1\u00b0 de l'article  L. 611-1  du code  de la\ns\u00e9curit\u00e9  int\u00e9rieure  peuvent,  aux points  de filtrage,  proc\u00e9der,  sous  l'autorit\u00e9  des\nofficiers  de police  judiciaire  et aupr\u00e8s  des agents  de police  judiciaire  qu'ils  assistent  et\navec  le consentement  expr\u00e8s  des personnes,  outre  \u00e0 l'inspection  visuelle  des bagages\net \u00e0 leur  fouille,  \u00e0 des  palpations  de s\u00e9curit\u00e9.\nArticle  5 - Sans  pr\u00e9judice  des sanctions  p\u00e9nales  auxquelles  s'exposent  les personnes  en\ninfraction  avec  les dispositions  du pr\u00e9sent  titre,  celles  qui refusent  de se soumettre  \u00e0\nl'inspection  visuelle  de leurs  bagages  \u00e0 main,  \u00e0 leur  fouille,  \u00e0 des palpations  de s\u00e9curit\u00e9  ou\n\u00e0 la visite  de leur  v\u00e9hicule  peuvent  se voir  interdire  l'acc\u00e8s  au p\u00e9rim\u00e8tre  institu\u00e9  par\nl'article  1\u00b0 ou \u00eatre  conduites  \u00e0 l'ext\u00e9rieur  de celui-ci.\nTITRE  III\nDISPOSITIONS  FINALES\nArticle  6 - Les mesures  pr\u00e9vues  par le pr\u00e9sent  arr\u00e9t\u00e9  peuvent  \u00e9tre  lev\u00e9es  et r\u00e9tablies  sur\nd\u00e9cision  du repr\u00e9sentant  sur place  de l'autorit\u00e9  de police,  en fonction  de l'\u00e9volution  de la\nsituation.\nArticle  7 - Le pr\u00e9fet  des  Hauts-de-Seine,  la pr\u00e9f\u00e8te,  directrice  de cabinet,  le directeur  de\nl'ordre  public  et de la circulation,  la directrice  de la s\u00e9curit\u00e9  de proximit\u00e9  de\nl'agglom\u00e9ration  parisienne  et la secr\u00e9taire  g\u00e9n\u00e9rale  de la ville  de Paris  sont  charg\u00e9s,  chacun  en ce\nqui le concerne,  de l'ex\u00e9cution  du pr\u00e9sent  arr\u00eat\u00e9  qui sera  publi\u00e9  aux recueils  des actes\nadministratifs  du d\u00e9partement  de Paris  et de la pr\u00e9fecture  des Hauts-de-Seine,  consultable  sur\nle site de la pr\u00e9fecture  de police  (https://www.prefecturedepolice.interieur.gouv.fr)  et transmis\naux procureurs  de la R\u00e9publique  pr\u00e8s  les tribunaux  judiciaires  de Paris  et de Nanterre.\nFait \u00e0 Paris,  le 19 DEC,  2094\n\u20ac. directrica\n|du cabinet\nMaaali  CHARBONNEAU\n2024-01800  5\n\nAnnexe  de l'arr\u00eat\u00e9  n\u00b0 du\nVOIES  ET DELAIS  DE RECOURS\nSi vous  estimez  devoir  contester  le pr\u00e9sent  arr\u00e9t\u00e9,  il vous  est possible,  dans  un\nd\u00e9lai  de deux  mois  \u00e0 compter  de sa publication  au recueil  des actes  administratifs  du\nd\u00e9partement  de Paris  :\n- soit  de saisir  d'un  RECOURS  GRACIEUX\nle Pr\u00e9fet  de Police\n7/9,  boulevard  du Palais  - 75195  PARIS  RP\n- ou de former  un RECOURS  HIERARCHIQUE\naupr\u00e8s  du Ministre  de l'int\u00e9rieur\nDirection  des  libert\u00e9s  publiques  et des  affaires  juridiques\nplace  Beauvau  - 75008  PARIS\n- soit  de saisir  d'un  RECOURS  CONTENTIEUX\nle Tribunal  administratif  comp\u00e9tent\nAucune  de ces voies  et recours  ne suspend  l'application  de la pr\u00e9sente  d\u00e9cision.\nLes recours  GRACIEUX  et HIERARCHIQUE  doivent  \u00eatre  \u00e9crits,  exposer  les\narguments  ou faits  nouveaux  et comprendre  la copie  de l'arr\u00eat\u00e9  contest\u00e9.\nLe recours  CONTENTIEUX,  qui vise  \u00e0 contester  la LEGALITE  de la pr\u00e9sente\nd\u00e9cision,  doit  \u00e9galement  \u00eatre  \u00e9crit  et exposer  votre  argumentation  juridique.\nSi vous  n'aviez  pas de r\u00e9ponse  \u00e0 votre  recours  GRACIEUX  ou HIERARCHIQUE\ndans  un d\u00e9lai  de deux  mois  \u00e0 compter  de la r\u00e9ception  de votre  recours  par l'administration,\nvotre  demande  devra  \u00eatre  consid\u00e9r\u00e9e  comme  rejet\u00e9e  (d\u00e9cision  implicite  de rejet).\nEn cas de rejet  des recours  GRACIEUX  ou HIERARCHIQUE,  le Tribunal\nadministratif  peut  \u00eatre  saisi  d'un  recours  contentieux  dans  le d\u00e9lai  de deux  mois  \u00e0 compter\nde la date  de la d\u00e9cision  de rejet.\n\n2024-01800\nJean  De\nLa Fontaine  #\n2\nSainte-Jeanne\nChantal  4\" 23\na =\n\u00e0 *\n>)\npi\nPORTE\nSAINT-CLOUD  Fl\nPL\nde la Porto\nSaint-CloudL\u00c9GENDE  |\nA\nRE\n\nPREFECTURE  (GP CABINET  DU PREFET\nDE POLICE\nLibert\u00e9\n\u00c9galit\u00e9\nFraternit\u00e9\n. 2024-01801\nArr\u00e9t\u00e9  n\u00b0\nautorisant  la captation,  l'enregistrement  et la transmission  d'images  au moyen  de cam\u00e9ras\ninstall\u00e9es  sur des  a\u00e9ronefs  \u00e0 l'occasion  de la 15*\"\u00b0  journ\u00e9e  du championnat  de France  de\nfootball  de Ligue  1 au Parc  des  Princes  le dimanche  15 d\u00e9cembre  2024\nLe pr\u00e9fet  de police,\nVu le code  de la s\u00e9curit\u00e9  int\u00e9rieure,  notamment  ses articles  L. 242-1  \u00e0 L. 242-8  et R. 242-8  \u00e0\nR. 242-15;\nVu le d\u00e9cret  n\u00b0 2004-374  du 29 avril  2004  modifi\u00e9  relatif  aux  pouvoirs  des  pr\u00e9fets,  a\nl'organisation  et \u00e0 l'action  des  services  de l'Etat  dans  les r\u00e9gions  et d\u00e9partements,  notamment\nses articles  70, 72 et 73;\nVu l'arr\u00eat\u00e9  du 19 avril  2023  relatif  au nombre  maximal  de cam\u00e9ras  install\u00e9es  sur des  a\u00e9ronefs\npouvant  \u00e9tre  simultan\u00e9ment  utilis\u00e9es  dans  chaque  d\u00e9partement  et collectivit\u00e9  d'outre-mer  ;\nVu l'instruction  minist\u00e9rielle  NOR  1OMD2311883)  du 30 avril  2023  relative  \u00e0 la proc\u00e9dure\nd'autorisation  des  cam\u00e9ras  install\u00e9es  sur des  a\u00e9ronefs  pour  des  missions  de police\nadministrative  ;\nVu le d\u00e9cret  du 20 juillet  2022  par lequel  M. Laurent  NUNEZ,  pr\u00e9fet,  coordonnateur  national\ndu renseignement  et de la lutte  contre  le terrorisme,  est nomm\u00e9  pr\u00e9fet  de police  (hors  classe)  ;\nVu la demande  en date  du 3 d\u00e9cembre  2024  form\u00e9e  par  la direction  de l'ordre  public  et de la\ncirculation  visant  \u00e0 obtenir  l'autorisation  de capter,  d'enregistrer  et de transmettre  des  images\nau moyen  de deux  cam\u00e9ras  install\u00e9es  sur des  a\u00e9ronefs  t\u00e9l\u00e9-pilot\u00e9s  afin  d'assurer  la pr\u00e9vention\ndes  atteintes  \u00e0 la s\u00e9curit\u00e9  des  personnes  et des  biens,  la s\u00e9curit\u00e9  des  rassemblements,  la\npr\u00e9vention  d'actes  de terrorisme  ainsi  que  la r\u00e9gulation  des  flux  de transport  \u00e0 l'occasion  de\nla 15\u00b0\"\u00b0  journ\u00e9e  du championnat  de France  de football  de Ligue  1 le 15 d\u00e9cembre  2024  au stade\ndu Parc  des  Princes  \u00e0 Paris  16\u00e87\u00b0  ;\nConsid\u00e9rant  que  les dispositions  du | de l'article  L. 242-5  du code  de la s\u00e9curit\u00e9  int\u00e9rieure\npermettent  aux  forces  de s\u00e9curit\u00e9  int\u00e9rieure,  dans  l'exercice  de leurs  missions  de pr\u00e9vention\ndes  atteintes  \u00e0 l'ordre  public  et de protection  de la s\u00e9curit\u00e9  des  personnes  et des  biens,  de\nproc\u00e9der  \u00e0 la captation,  \u00e0 l'enregistrement  et \u00e0 la transmission  d'images  au moyen  de cam\u00e9ras\ninstall\u00e9es  sur des  a\u00e9ronefs  aux  fins  d'assurer  la pr\u00e9vention  des  atteintes  \u00e0 la s\u00e9curit\u00e9  des\npersonnes  et des  biens  dans  des  lieux  particuli\u00e8rement  expos\u00e9s,  la s\u00e9curit\u00e9  des\nrassemblements  de personnes  sur la voie  publique  ainsi  que  l'appui  des  personnels  au sol,  en\nvue  de leur  permettre  de maintenir  ou de r\u00e9tablir  l'ordre  public  lorsque  ces  rassemblements\nsont  susceptibles  d'entra\u00eener  des  troubles  graves  \u00e0 l'ordre  public,  la pr\u00e9vention  d'actes  de\nterrorisme  et la r\u00e9gulation  des  flux  de transports  ;\nConsid\u00e9rant  que  se tiendra  le dimanche  15 d\u00e9cembre  2024  \u00e0 20h45  un match  de football  pour\nle compte  de la 15\u00b0\":  journ\u00e9e  du championnat  de football  de Ligue  1 au stade  du Parc  des\n\nPrinces  \u00e0 Paris  16\u00b0\",  qui opposera  les \u00e9quipes  du Paris  Saint-Germain  et de l'Olympique\nLyonnais  ; qu'\u00e0  cette  occasion,  un nombre  important  de supporters  ainsi  que  des personnalit\u00e9s\nseront  pr\u00e9sents  aux abords  et \u00e0 l'int\u00e9rieur  du stade  ; que  dans  le contexte  actuel  de menace\ntr\u00e8s  \u00e9lev\u00e9e,  cette  rencontre  sportive  est susceptible  de constituer  une  cible  privil\u00e9gi\u00e9e  et\nsymbolique  pour  des  actes  de nature  terroriste  ;\nConsid\u00e9rant  \u00e9galement  que  plusieurs  attentats  ou tentatives  d'attentats  r\u00e9cents  traduisent  le\nniveau  \u00e9lev\u00e9  de la menace  terroriste  actuelle  en France,  dans  le cadre  du plan  VIGIPIRATE\n\u00ab urgence  attentat  \u00bb en vigueur  sur l'ensemble  du territoire  national;\nConsid\u00e9rant,  en outre,  qu'au-del\u00e0  de la seule  s\u00e9curisation  du match  qui fait  l'objet  de mesures\nde police  sur le fondement  de l'article  L. 226-1  du code  de la s\u00e9curit\u00e9  int\u00e9rieure  et pour  lequel\nun service  d'ordre  est mis  en place  par  la direction  de l'ordre  public  et de la circulation,  il est\nn\u00e9cessaire  de disposer  d'un  moyen  de surveillance  permettant  de s\u00e9curiser  la voie  publique\nen amont  et en aval  de cet \u00e9v\u00e8nement  pour  pr\u00e9venir  ou mettre  fin \u00e0 d'\u00e9ventuelles  rixes  entre\nspectateurs  et personnes  \u00e0 l'ext\u00e9rieur  du Parc  des Princes  ou \u00e0 des atteintes  \u00e0 la s\u00e9curit\u00e9  des\npersonnes  et des biens,  se pr\u00e9munir  contre  d'\u00e9ventuels  actes  terroristes  et r\u00e9guler  les flux  de\ntransport  autour  de l'enceinte  ;\nConsid\u00e9rant  que  la demande  de la direction  de l'ordre  public  et de la circulation  porte  sur\nl'engagement  de deux  cam\u00e9ras  a\u00e9roport\u00e9es  qui pourront  \u00eatre  en vol simultan\u00e9ment  en vue  de\ncapter,  d'enregistrer  et de transmettre  des  images;  que  les aires  survol\u00e9es  sont  strictement\nlimit\u00e9es  aux  zones  o\u00f9 seront  mises  en \u0153uvre  les finalit\u00e9s  susvis\u00e9es;  que  la dur\u00e9e  de\nl'autorisation  demand\u00e9e  n'appara\u00eet  pas  disproportionn\u00e9e  au regard  de ces  m\u00eames  finalit\u00e9s  ;\nConsid\u00e9rant  que  le recours  \u00e0 des  cam\u00e9ras  a\u00e9roport\u00e9es  permet  de disposer  d'une  vision  en\ngrand  angle  tout  en limitant  l'engagement  des  forces  au sol;  qu'il  n'existe  pas  de dispositif\nmoins  intrusif  permettant  de parvenir  aux  m\u00eames  fins  ;\nSur  proposition  du directeur  de l'ordre  public  et de la circulation,\nARRETE  :\nArticle  1\u00b0 - La captation,  l'enregistrement  et la transmission  d'images  par la direction  de\nl'ordre  public  et de la circulation  sont  autoris\u00e9s  \u00e0 l'occasion  de la rencontre  de football\nsusvis\u00e9e  aux  titres  de :\n-__ la pr\u00e9vention  des  atteintes  \u00e0 la s\u00e9curit\u00e9  des  personnes  et des  biens  ;\n- la s\u00e9curit\u00e9  des  rassemblements  ;\n- la pr\u00e9vention  d'actes  de terrorisme;\n- la r\u00e9gulation  des  flux  de transport.\nArticle  2 - Le nombre  maximal  de cam\u00e9ras  pouvant  proc\u00e9der  simultan\u00e9ment  a des\nenregistrements  est fix\u00e9  \u00e0 2 cam\u00e9ras  embarqu\u00e9es  sur des  a\u00e9ronefs  t\u00e9l\u00e9-pilot\u00e9s.\nArticle  3 - La pr\u00e9sente  autorisation  s'applique  au p\u00e9rim\u00e8tre  g\u00e9ographique  figurant  sur le plan\nen annexe  au pr\u00e9sent  arr\u00eat\u00e9.\n2024-01801\n\nArticle  4 - La pr\u00e9sente  autorisation  est d\u00e9livr\u00e9e  du dimanche  15 d\u00e9cembre  2024  \u00e0 17h45  au\nlundi  16 d\u00e9cembre  2024  \u00e0 01h00  pour  l'ensemble  des  finalit\u00e9s  pr\u00e9cit\u00e9es.\nArticle  5 - L'information  du public  est assur\u00e9e  par  la publication  du pr\u00e9sent  arr\u00eat\u00e9  aux  recueils\ndes  actes  administratifs  mentionn\u00e9s  \u00e0 l'article  7, sa mise  en ligne  sur le site  internet  de la\npr\u00e9fecture  de police  ainsi  que  par une  information  sur les r\u00e9seaux  sociaux.\nArticle  6 - Le registre  mentionn\u00e9  \u00e0 l'article  L. 242-4  du code  de la s\u00e9curit\u00e9  int\u00e9rieure  est\ntransmis  au pr\u00e9fet  de police,  \u00e0 l'issue  de la p\u00e9riode  d'autorisation.\nArticle  7 - Le pr\u00e9fet  des  Hauts-de-Seine,  la pr\u00e9f\u00e8te,  directrice  du cabinet  du pr\u00e9fet  de police\net le directeur  de l'ordre  public  et de la circulation  sont  charg\u00e9s,  chacun  en ce qui le concerne,\nde l'ex\u00e9cution  du pr\u00e9sent  arr\u00eat\u00e9  qui sera  publi\u00e9  aux  recueils  des  actes  administratifs  du\nd\u00e9partement  de Paris  et de la pr\u00e9fecture  des  Hauts-de-Seine  et consultable  sur le site  internet\nde la pr\u00e9fecture  de police  (https://www.prefecturedepolice.interieur.gouv.fr).\nFait \u00e0 Paris, le 1 0 DEC. 2024\nt/ Laurent  NUNEZ\nt La pr\u00e9 oer cabinet\nL \u2014\u2014t\nMagali  CHARBONNEAU\n2024-01801\n\nAnnexe  de l'arr\u00eat\u00e9  n\u00b0 2024-0  1801  du { U sci, \u00e9b\u00e9\u00e9\nVOIES  ET DELAIS  DE RECOURS\nSi vous  estimez  devoir  contester  la pr\u00e9sente  autorisation,  il vous  est possible,  dans  un d\u00e9lai  de\ndeux  mois  \u00e0 compter  de la date  de son  affichage  ou de sa publication  :\n- soit  de saisir  d'un  RECOURS  GRACIEUX\nle Pr\u00e9fet  de Police\n719,  boulevard  du Palais  - 75195  PARIS  RP\n- ou de former  un RECOURS  HIERARCHIQUE\naupr\u00e8s  du Ministre  de l'int\u00e9rieur  et des  outre-mer\nDirection  des  libert\u00e9s  publiques  et des  affaires  juridiques\nplace  Beauvau  - 75008  PARIS\n- soit  de saisir  d'un  RECOURS  CONTENTIEUX\nle Tribunal  administratif  comp\u00e9tent\nAucune  de ces  voies  et recours  ne suspend  l'application  de la pr\u00e9sente  d\u00e9cision.\nLes recours  GRACIEUX  et HIERARCHIQUE  doivent  \u00eatre  \u00e9crits,  exposer  les arguments\nou faits  nouveaux  et comprendre  la copie  de la d\u00e9cision  contest\u00e9e.\nLe recours  contentieux,  qui  vise  \u00e0 contester  la LEGALITE  de la pr\u00e9sente  d\u00e9cision,  doit\n\u00e9galement  \u00eatre  \u00e9crit  et exposer  votre  argumentation  juridique.\nSi vous  n'aviez  pas  de r\u00e9ponse  \u00e0 votre  recours  GRACIEUX  ou HIERARCHIQUE  dans  un\nd\u00e9lai  de deux  mois  \u00e0 compter  de la r\u00e9ception  de votre  recours  par  l'administration,\nvotre  demande  devra  \u00eatre  consid\u00e9r\u00e9e  comme  rejet\u00e9e  (d\u00e9cision  implicite  de rejet).\nEn cas  de rejet  des  RECOURS  GRACIEUX  ou HIERARCHIQUE,  le Tribunal  administratif\npeut  \u00eatre  saisi  d'un  recours  contentieux  dans  le d\u00e9lai  de deux  mois  \u00e0 compter  de la\ndate  de la d\u00e9cision  de rejet.\n\n2024-01801\n\n 34  \n \n \n \nRECUEIL DES ACTES ADMINISTRATIFS  \n \nDU \n \nPREFET DES HAUTS -DE-SEINE  \n \n \nISSN 0985 - 5955  \n \n \n \n \n \nPour toute correspondance, s'adresser \u00e0 :  \n \nPREFET DES HAUTS -DE-SEINE  \n \nSecr\u00e9tariat g\u00e9n\u00e9ral  \nSecr\u00e9tariat g\u00e9n\u00e9ral aux affaires d\u00e9partementales  \n \n167/177, Avenue Joliot Curie  \n92013 NANTERRE CEDEX  \n \n \n \n \nLe recueil des actes administratifs est consultable en ligne sur le site de la pr\u00e9fecture  \nAdresse Internet  : http://www.hauts -de-seine.gouv.fr/  \n \nDirecteur de la publication  : \n \nAlexandre BRUGERE  \n \nPREFET DES HAUTS -DE-SEINE  \n \n  \n 35  \n \n \n \n \n \n \n \n \n \n \n \n \n \n \n \n \n \n \n \n \n \n \n \n \n \n \n \n \n \n \n \n \n \n \n \n \n \n \n \n \nPREFECTURE DES HAUTS -DE-SEINE  \n167-177,  avenue Joliot Curie 92013 NANTERRE Cedex  \nCourriel  : courrier@hauts -de-seine.gouv.fr  \nStandard  : 01.40.97.20.00 T\u00e9l\u00e9copie 01.40.97.25.21  \nAdresse Internet  : http://www.hauts -de-seine.gouv.fr/","date":"2024-12-12","first_seen_on":"2024-12-12T12:20:54+00:00","id":"ff0bb17715367c91cf10a714ae2d767bbbcbfb8941017f21af0a5bbaa5752f19","name":"RAA sp\u00e9cial Pr\u00e9fecture de Police du 12 d\u00e9cembre 2024","pdf_creation_date":null,"pdf_modification_date":null,"timezone":"CET","url":"https://www.hauts-de-seine.gouv.fr/contenu/telechargement/25856/181446/file/2024-12-12%20RAA%20sp%C3%A9cial%20Pr%C3%A9fecture%20de%20Police%20du%2012%20d%C3%A9cembre%202024.pdf"}
