{"administration":"prefidf","administration_name":"Pr\u00e9fecture de la r\u00e9gion \u00cele-de-France","content":"PREFECTURE\nREGION ILE DE\nFRANCE\nRECUEIL DES ACTES\nADMINISTRATIFS SP\u00c9CIAL\n(NOMINATIFS)\nN\u00b0IDF-014-2025-09\nPUBLI\u00c9 LE  4 SEPTEMBRE 2025\nSommaire\nAgence R\u00e9gionale de Sant\u00e9 / Agence r\u00e9gionale de sant\u00e9\nd'Ile-de-France-Direction de l'Offre de Soins (DOS)\nIDF-2025-09-01-00031 - Acte de d\u00e9claration n\u00b0 DOS - 2025 /\n3799\nportant fonctionnement du laboratoire de biologie m\u00e9dicale\nmulti-sites \u00ab BIO-VSM LAB \u00bb \nsis 10, rue de la Gare \u00e0 VAIRES SUR\nMARNE (77360)\n (5 pages) Page 4\nDirection r\u00e9gionale et interd\u00e9partementale de l'alimentation, de\nl'agriculture et de la for\u00eat d'Ile de France / Service R\u00e9gional d'Economie\nAgricole\nIDF-2025-03-24-00012 - Accord tacite d'autorisation d'exploiter pour le \nGAEC LEREBOUR sur la commune de Briis sous Forges (3 pages) Page 10\nDirection r\u00e9gionale et interd\u00e9partementale de l'\u00e9conomie, de l'emploi,\ndu travail et des solidarit\u00e9s d'\u00cele-de-France / P\u00f4le Politiques du\nTravail\nIDF-2025-09-03-00003 - D\u00e9cision n\u00b0 2025-171 du 03 septembre\n2025\nportant affectation des agents de contr\u00f4le dans les unit\u00e9s de\ncontr\u00f4le et gestion des int\u00e9rims de l'unit\u00e9 d\u00e9partementale de\nParis de la DRIEETS d'Ile-de-France (8 pages) Page 14\nIDF-2025-09-03-00002 - D\u00e9cision n\u00b0 2025-172 du 03 septembre\n2025\nrelative \u00e0 l'unit\u00e9 r\u00e9gionale d'appui et de contr\u00f4le des\ngrands chantiers (3 pages) Page 23\nIDF-2025-09-03-00004 - D\u00e9cision n\u00b0 2025-173 du 03 septembre\n2025\nportant affectation des agents de contr\u00f4le dans les unit\u00e9s de\ncontr\u00f4le et gestion des int\u00e9rims de la direction d\u00e9partementale de\nl'emploi, du travail et des solidarit\u00e9s du Val d'Oise (3 pages) Page 27\nIDF-2025-09-03-00005 - D\u00e9cision n\u00b0 2025-174 du 03 septembre\n2025\nportant affectation des agents de contr\u00f4le dans les unit\u00e9s de\ncontr\u00f4le et gestion des int\u00e9rims de l'unit\u00e9 d\u00e9partementale de la\nSeine-Saint-Denis de la DRIEETS d'\u00cele-de-France (5 pages) Page 31\nIDF-2025-09-03-00007 - D\u00e9cision n\u00b0 2025-176 du 03 septembre 2025\nportant affectation des agents de contr\u00f4le dans les unit\u00e9s de contr\u00f4le\net gestion des int\u00e9rims \nau sein de la direction d\u00e9partementale de\nl'emploi, du travail et des solidarit\u00e9s des Yvelines (3 pages) Page 37\nIDF-2025-09-03-00008 - D\u00e9cision n\u00b0 2025-177 du 03 septembre\n2025\nportant affectation des agents de contr\u00f4le dans les unit\u00e9s de\ncontr\u00f4le et gestion des  int\u00e9rims de l'Unit\u00e9 d\u00e9partementale des\nHauts-de-Seine de la DRIEETS d'Ile-de-France (6 pages) Page 41\n2\nIDF-2025-09-03-00006 - D\u00e9cision n\u00b02025-175 du 03 septembre\n2025\nportant affectation des agents de contr\u00f4le dans les unit\u00e9s de\ncontr\u00f4le et gestion des int\u00e9rims de la direction d\u00e9partementale de\nl'emploi, du travail et des solidarit\u00e9s de Seine-et-Marne (4 pages) Page 48\n3\nAgence R\u00e9gionale de Sant\u00e9\nIDF-2025-09-01-00031\nActe de d\u00e9claration n\u00b0 DOS - 2025 / 3799\nportant fonctionnement du laboratoire de\nbiologie m\u00e9dicale multi-sites \u00ab BIO-VSM LAB \u00bb \nsis 10, rue de la Gare \u00e0 VAIRES SUR MARNE\n(77360)\nAgence R\u00e9gionale de Sant\u00e9 - IDF-2025-09-01-00031 - Acte de d\u00e9claration n\u00b0 DOS - 2025 / 3799\nportant fonctionnement du laboratoire de biologie m\u00e9dicale multi-sites \u00ab BIO-VSM LAB \u00bb \nsis 10, rue de la Gare \u00e0 VAIRES SUR MARNE (77360)\n4\nREPUBLIQUEFRANCAISELibert\u00e9Egalit\u00e9Fraternit\u00e9\n\u00a9 \u00bb Agence R\u00e9gionale de Sant\u00e9Ile-de-France\n \n \n1 / 6 \n \n \n \nAGENCE R\u00c9GIONALE DE SANT\u00c9 \u00ceLE-DE-FRANCE \n \nActe de d\u00e9claration n\u00b0 DOS \u2013 2025 / 3799 \nportant fonctionnement du laboratoire de biologie m\u00e9dicale multi-sites \u00ab BIO-VSM LAB \u00bb  \nsis 10, rue de la Gare \u00e0 VAIRES SUR MARNE (77360) \n \nLE DIRECTEUR G\u00c9N\u00c9RAL DE L'AGENCE R\u00c9GIONALE DE SANT\u00c9 \u00ceLE-DE-FRANCE \n \nVU Le code de la sant\u00e9 publique et notamment le livre II de la sixi\u00e8me partie ; \n \nVU La loi n\u00b0 2013 -442 du 30 mai 2013 portant r\u00e9forme de la biologie m\u00e9d icale et ratifiant l'ordonnance \nn\u00b0 2010-49 du 13 janvier 2010 relative \u00e0 la biologie m\u00e9dicale ; \n \nVU Le d\u00e9cret n\u00b02016-46 du 26 janvier 2016 relatif \u00e0 la biologie m\u00e9dicale ; \n \nVU \n \n \nVU \nLe d\u00e9cret n\u00b02016 -44 du 26 janvier 2016 relatif aux soci\u00e9t\u00e9 s exploitant un laboratoire de biologie \nm\u00e9dicale priv\u00e9 et aux soci\u00e9t\u00e9s de participation financi\u00e8res de profession de biologistes m\u00e9dicaux ; \n \nL'ordonnance n\u00b0 2023 -77 du 8 f\u00e9vrier 2023 relative \u00e0 l'exercice en soci\u00e9t\u00e9 des professions lib\u00e9rales \nr\u00e9glement\u00e9es ; \n \nVU Le d\u00e9cret du 10 avril 2024 portant nomination de Monsieur Denis ROBIN , Directeur g\u00e9n\u00e9ral de l'Agence \nr\u00e9gionale de sant\u00e9 \u00cele-de-France, \u00e0 compter du 29 avril 2024 ; \n \nVU L'arr\u00eat\u00e9 DS n\u00b0 034/2024 du 29 avril 2024 portant d\u00e9l\u00e9gation de signature du Directeur g\u00e9n\u00e9ral d e \nl'Agence r\u00e9gionale de sant\u00e9 d'Ile -de-France \u00e0 Monsieur Arnaud CORVAISIER, Directeur de l'offre de  \nsoins, et \u00e0 diff\u00e9rents collaborateurs ; \n \nVU L'acte de d\u00e9claration  n\u00b0 DOS-2025/2337 du 12 juin  2025 portant fonctionnement du laboratoire de \nbiologie m\u00e9dicale \u00ab BIO-VSM LAB \u00bb sis 10, rue de la Gare \u00e0 VAIRES SUR MARNE (77360) ; \n \n \nCONSID\u00c9RANT La demande re\u00e7ue  en date du 11 juillet  2025 de Monsieur Jean -Fran\u00e7ois AUCLAIR , \nbiologiste-coresponsable du laboratoire de biologie m\u00e9dicale \u00ab BIO-VSM LAB  \u00bb, exploit\u00e9 \npar la Soci\u00e9t\u00e9 d'Exercice Lib\u00e9ral par Actions Simplifi\u00e9e \u00ab BIO-VSM LAB \u00bb sise 10, rue de la \nGare \u00e0 VAIRES SUR MARNE (77360), afin de prendre en compte : \n- La fermeture du site sis 22 Boulevard Galli\u00e9ni \u00e0 NEUILLY -PLAISANCE (93360) et \nl'ouverture d'un site sis 20 Boulevard Galli\u00e9ni \u00e0 NEUILLY-PLAISANCE (93360) ;  \nCONSID\u00c9RANT La lettre d'information  du 11 juillet 2025 adress\u00e9e par Monsieur Jean-Fran\u00e7ois AUCLAIR, \nd\u00e9crivant le contexte de la demande de transfert du site situ\u00e9 22 Boulevard Galli\u00e9ni \u00e0 \nNEUILLY-PLAISANCE (93360) vers le n\u00b020 Boulevard Galli\u00e9ni, envisag\u00e9 pour le  1er mars \n2026 ;   \nCONSID\u00c9RANT La copie des plans des locaux du nouveau site sis  20 Boulevard Galli\u00e9ni \u00e0 NEUILLY -\nPLAISANCE (93360) d'une superficie totale de 170m\u00b2 dont le bureau d\u00e9di\u00e9 \u00e0 l'exercice du \nbiologiste responsable mesurant 7.6 m\u00b2 ; \nCONSIDERANT \n \nLa copie de la promesse de bail  commercial portant sur la location des locaux situ\u00e9s 20 \nBoulevard Galli\u00e9ni  \u00e0 NEUILLY -PLAISANCE ( 93360), sign\u00e9e le 4 juillet 2025  entre \nMessieurs Javeed MOHAMMAD et  Nourredine AIDOUNI, repr\u00e9sent\u00e9s par la SARL \n\u00ab MORENO 2000 RER  \u00bb (93360 Neuilly -Plaisance), et la SELAS \u00ab BIO -VSM LAB \u00bb , \nprenant effet au 6 octobre 2025 sous conditions suspensives d'obtention de l'acte \nAgence R\u00e9gionale de Sant\u00e9 - IDF-2025-09-01-00031 - Acte de d\u00e9claration n\u00b0 DOS - 2025 / 3799\nportant fonctionnement du laboratoire de biologie m\u00e9dicale multi-sites \u00ab BIO-VSM LAB \u00bb \nsis 10, rue de la Gare \u00e0 VAIRES SUR MARNE (77360)\n5\n2 / 5 \n \nadministratif du directeur g\u00e9n\u00e9ral de l'Agence r\u00e9gionale sant\u00e9 Ile-de-France ;  \n \nCONSIDERANT La liste du personnel affect\u00e9 au site sis 20 Boulevard Galli\u00e9ni  \u00e0 NEUILLY -PLAISANCE \n(93360) ainsi que les \u00e9l\u00e9ments relatifs \u00e0 l'organisation g\u00e9n\u00e9rale du laboratoire de biologie \nm\u00e9dicale ; \n  \nCONSID\u00c9RANT La copie de l'extrait KBis de la SELAS \u00ab BIO-VSM LAB \u00bb en date du 12 juin 2025 ; \nPREND ACTE DE LA DECLARATION : \n \n \nARTICLE 1er : Le laboratoire de biologie m\u00e9dicale \u00ab BIO-VSM LAB \u00bb dont le si\u00e8ge social est situ\u00e9 au 10, rue \nde la Gare \u00e0 VAIRES SUR MARNE (77360), codirig\u00e9 par  Monsieur Jean -Fran\u00e7ois \nAUCLAIR, Madame Julie TEK, Monsieur Philippe CALLIES, Madame Hassina LASSAL, \nMadame Estelle LEMOINE, Madame Corinne PASQUIOU, Madame Nadia BEN -YELLES, \nMonsieur Mahmoud GARGOURI, Monsieur Marouan BENNANI, Madame Viviane QUACH, \nMadame Catherine ROSTOKER, Monsieur Jacques ROSTOKER, Madame Sabine SOTO et \nMonsieur Julien CADENET, exploit\u00e9 par la Soci\u00e9t\u00e9 d'Exercice Lib\u00e9ral par Actions Simplifi\u00e9e  \n\u00ab BIO-VSM LAB \u00bb sise \u00e0 la m\u00eame adresse, enregistr\u00e9e dans le fichier FINESS EJ sous le n\u00b0 \n77 000 312 7, fonctionne sur les seize sites, dont un ferm\u00e9 au public, list\u00e9s ci-dessous : \n \n1. Le site \u00ab Vaires-sur-Marne \u00bb, site principal et si\u00e8ge social \n10, rue de la Gare \u00e0 VAIRES- SUR- MARNE (77360) \nOuvert au public jusqu'\u00e0 18h00 et les samedis matins \nSite pr\u00e9 et post analytique \nN\u00b0 FINESS ET en cat\u00e9gorie 611 : 77 001 834 9 \n \n2. Le site \u00ab Torcy ville \u00bb \n3 bis, rue Pierre Mend\u00e8s-France \u00e0 TORCY (77200) \nOuvert au public jusqu'\u00e0 18h00 et les samedis matins \nSite pr\u00e9 et post analytique \nN\u00b0 FINESS ET en cat\u00e9gorie 611 : 77 001 859 6 \n \n3. Le site \u00ab Bussy-Saint-Georges \u00bb \n7, rue Konrad Adenauer \u00e0 BUSSY-SAINT-GEORGES (77600) \nOuvert au public jusqu'\u00e0 18h00 et les samedis matins \nPratiquant les activit\u00e9s  de biologie de la reproduction (activit\u00e9s biologiques \nd'assistance m\u00e9dicale \u00e0 la procr\u00e9ation, spermiologie diagnostique) \nN\u00b0 FINESS ET en cat\u00e9gorie 611 : 77 001 835 6 \n \n4. Le site \u00ab Noisiel \u00bb \n85, cours des Roches \u00e0 NOISIEL (77186) \nOuvert au public jusqu'\u00e0 18h00 et les samedis matins \nSite pr\u00e9 et post analytique \nN\u00b0 FINESS ET en cat\u00e9gorie 611 : 77 001 863 8 \n \n5. Le site \u00ab Neuilly-sur-Marne \u00bb \nCentre Commercial Nord du Stade des Fauvettes - 16, rue de Savoie \u00e0 NEUILLY -\nSUR-MARNE (93330) \nOuvert au public jusqu'\u00e0 18h00 et les samedis matins \nSite pr\u00e9 et post analytique \nN\u00b0 FINESS ET en cat\u00e9gorie 611 : 93 002 331 2 \n \n6. Le site \u00ab Neuilly-Plaisance RER \u00bb, jusqu'au 28 f\u00e9vrier 2026 \n22, boulevard Galli\u00e9ni \u00e0 NEUILLY-PLAISANCE (93360) \nOuvert au public jusqu'\u00e0 18h00 et les samedis matins \nSite pr\u00e9 et post analytique \nN\u00b0 FINESS ET en cat\u00e9gorie 611 : 93 002 332 0 \n \nAgence R\u00e9gionale de Sant\u00e9 - IDF-2025-09-01-00031 - Acte de d\u00e9claration n\u00b0 DOS - 2025 / 3799\nportant fonctionnement du laboratoire de biologie m\u00e9dicale multi-sites \u00ab BIO-VSM LAB \u00bb \nsis 10, rue de la Gare \u00e0 VAIRES SUR MARNE (77360)\n6\n3 / 5 \n \n6.    Le site \u00ab Neuilly-Plaisance RER \u00bb, \u00e0 compter du 2 mars 2026 \n20, boulevard Galli\u00e9ni \u00e0 NEUILLY-PLAISANCE (93360) \nOuvert au public jusqu'\u00e0 18h00 et les samedis matins \nSite pr\u00e9 et post analytique \nN\u00b0 FINESS ET en cat\u00e9gorie 611 : 93 002 332 \n \n7. Le site \u00ab Neuilly-Plaisance Ville \u00bb \n26, rue du G\u00e9n\u00e9ral Leclerc \u00e0 NEUILLY-PLAISANCE (93360) \nOuvert au public jusqu'\u00e0 18h00 et les samedis matins \nSite pr\u00e9 et post analytique \nN\u00b0 FINESS ET en cat\u00e9gorie 611 : 93 002 333 8 \n \n8. Le site \u00ab Noisy-le-Grand \u00bb \n3, rue Georges Laigneau \u00e0 NOISY-LE-GRAND (93160) \nOuvert au public jusqu'\u00e0 18h00 et les samedis matins \nSite pr\u00e9 et post analytique \nN\u00b0 FINESS ET en cat\u00e9gorie 611 : 93 002 334 6 \n \n9. Le site \u00ab plateau technique de Torcy \u00bb \n12, all\u00e9e Emile Reynaud \u00e0 TORCY (77200) \nFerm\u00e9 au public \nPratiquant les activit\u00e9s  de Biochimie (biochimie g\u00e9n\u00e9rale et sp\u00e9cialis\u00e9e, \npharmacologie- toxicologie), H\u00e9matologie (h\u00e9matocytologie, h\u00e9mostase, \nimmunoh\u00e9matologie), Immunologie (allergie, Auto -immunit\u00e9), Microbiologie \n(bact\u00e9riologie, parasitologie-mycologie, s\u00e9rologie infectieuse, virologie) \nN\u00b0 FINESS ET en cat\u00e9gorie 611 : 77 001 890 1 \n \n10. Le site \u00ab Saint-Germain-sur-Morin \u00bb \n20, rue de Paris \u00e0 SAINT-GERMAIN-SUR-MORIN (77860) \nOuvert au public jusqu'\u00e0 18h00 et les samedis matins \nSite pr\u00e9 et post analytique \nN\u00b0 FINESS ET en cat\u00e9gorie 611 : 77 001 916 4 \n \n11. Le site \u00ab Brie-Comte-Robert \u00bb \n4, place des Minimes \u00e0 BRIE-COMTE-ROBERT (77170) \nOuvert au public jusqu'\u00e0 18h00 et les samedis matins \nSite pr\u00e9 et post analytique \nN\u00b0 FINESS ET en cat\u00e9gorie 611 : 77 001 913 1 \n \n12. Le site \u00ab Savigny-le-Temple Manouvriers \u00bb \n3, rue des Manouvriers \u00e0 SAVIGNY-LE-TEMPLE (77176) \nOuvert au public jusqu'\u00e0 18h00 et les samedis matins \nSite pr\u00e9 et post analytique \nN\u00b0 FINESS ET en cat\u00e9gorie 611 : 77 001 914 9 \n \n13. Le site \u00ab Savigny-le-Temple Blum \u00bb \n73, avenue L\u00e9on Blum \u00e0 SAVIGNY-LE-TEMPLE (77176) \nOuvert au public jusqu'\u00e0 13h00 et les samedis matins \nSite pr\u00e9 et post analytique \nN\u00b0 FINESS ET en cat\u00e9gorie 611 : 77 001 915 6 \n \n14. Le site \u00ab Chelles Gambetta \u00bb \n1, rue Gambetta \u00e0 CHELLES (77500) \nOuvert au public de 7h \u00e0 18h et les samedis matins \nSite pr\u00e9 et post analytique \nN FINESS ET en cat\u00e9gorie 611 : 77 001 929 7 \n \n15. Le site \u00ab Chelles Foch \u00bb \n50, avenue Foch \u00e0 CHELLES (77500) \nAgence R\u00e9gionale de Sant\u00e9 - IDF-2025-09-01-00031 - Acte de d\u00e9claration n\u00b0 DOS - 2025 / 3799\nportant fonctionnement du laboratoire de biologie m\u00e9dicale multi-sites \u00ab BIO-VSM LAB \u00bb \nsis 10, rue de la Gare \u00e0 VAIRES SUR MARNE (77360)\n7\n4 / 5 \n \nOuvert au public jusqu'\u00e0 13h00 et les samedis matins \nSite pr\u00e9 et post analytique \nN\u00b0 FINESS ET en cat\u00e9gorie 611 : 77 001 938 8 \n \n16. Le site \u00ab Carr\u00e9 S\u00e9nart \u00bb \n18 Trait d'Union \u2013 ZAC du Carr\u00e9 S\u00e9nart \u00e0 LIEUSAINT (77127) \nOuvert au public jusqu'\u00e0 18h30 et les samedis matins \nSite pr\u00e9 et post analytique \nN\u00b0 FINESS ET en cat\u00e9gorie 611 : 77 001 905 7 \n \nLa liste des biologistes m\u00e9dicaux exer\u00e7ant au sein du laboratoire \u00ab  BIO-VSM LAB \u00bb est \ninchang\u00e9e : \n1. Monsieur Jean -Fran\u00e7ois AUCLAIR, pharmacien, biologiste co-responsable, \nPr\u00e9sident \n2. Madame Julie TEK, pharmacien, biologiste co-responsable \n3. Monsieur Philippe CALLIES, pharmacien, biologiste co-responsable \n4. Madame Hassina LASSAL, m\u00e9decin, biologiste co-responsable \n5. Madame Estelle LEMOINE, m\u00e9decin, biologiste co-responsable \n6. Madame Corinne PASQUIOU, pharmacien, biologiste co-responsable \n7. Madame Nadia BEN-YELLES, m\u00e9decin, biologiste co-responsable \n8. Madame Viviane QUACH, pharmacien, biologiste co-responsable \n9. Madame Catherine ROSTOKER, pharmacien, biologiste co-responsable \n10. Monsieur Jacques ROSTOKER, pharmacien, biologiste co-responsable \n11. Madame Sabine SOTO, pharmacien, biologiste co-responsable \n12. Monsieur Julien CADENET, pharmacien, biologiste co-responsable \n13. Monsieur Mahmoud GARGOURI, pharmacien, biologiste co-responsable \n14. Monsieur Marouan BENNANI, m\u00e9decin, biologiste co-responsable \n15. Madame Laurence LOMENE, pharmacien, salari\u00e9e associ\u00e9e \n16. Madame Oumaima DAKIK, pharmacien, biologiste m\u00e9dical, salari\u00e9e associ\u00e9e \n \n \nLa r\u00e9partition du capital social de la SELAS \u00ab BIO-VSM LAB \u00bb est inchang\u00e9e :  \nAssoci\u00e9s Actions Capital \nsocial en % \nDroits de \nvote \nDroits de \nvote en % \nJacques ROSTOKER 2 833 14,324 % 3 600 18,20 % \nHassina LASSAL 1 0,005 % 2 237 11,31 % \nPhilippe CALLIES 3 333 16,852 % 3 333 16,85 % \nSabine SOTO 188 0,951 % 1 467 7,42 % \nViviane QUACH 3 0,015 % 1 307 6,61 % \nCatherine ROSTOKER 1 0,005 % 997 5,04 % \nCorinne PASQUIOU 1 0,005 % 2 719 13,75 % \nEstelle LEMOINE 56 0,283 % 861 4.36 % \nJean-Fran\u00e7ois AUCLAIR 203 1,026 % 1 107 5,60 % \nJulien CADENET 111 0,561 % 1 149 5,81 % \nJulie TEK 572 2,892 % 704 3,56 % \nAgence R\u00e9gionale de Sant\u00e9 - IDF-2025-09-01-00031 - Acte de d\u00e9claration n\u00b0 DOS - 2025 / 3799\nportant fonctionnement du laboratoire de biologie m\u00e9dicale multi-sites \u00ab BIO-VSM LAB \u00bb \nsis 10, rue de la Gare \u00e0 VAIRES SUR MARNE (77360)\n8\n5 / 5 \n \nNadia BEN-YELLES 1 0,005 % 1 0,005 % \nMahmoud GARGOURI 2 0 ,010 % 280 1,41 % \nMarouan BENNANI 3 0,015 % 3 0,015 % \nOumaima DAKIK 1 0,005 % 1 0,005 % \nLaurence LOMENE 1 0,005 % 1 0,005 % \nSPFPL \u00ab EKIDEN BIO-VSM \u00bb \nd\u00e9tenue par Mesdames Viviane \nQUACH, Catherine ROSTOKER, \nHassina LASSAL, Sabine SOTO, \nCorinne PASQUIOU, Estelle \nLEMOINE, Julie TEK et Messieurs \nJean-Fran\u00e7ois AUCLAIR, Julien \nCADENET, Jacques ROSTOKER, \nMahmoud GARGOURI \n12 468 63,040 % 11 0,06 % \nTOTAL 19 778 100 % 19 778 100 % \n \n \nARTICLE 2e : L'acte de d\u00e9claration  n\u00b0 DOS -2025/2337 du 12 juin  2025 portant fonctionnement du \nlaboratoire de biologie m\u00e9dicale \u00ab BIO-VSM LAB \u00bb sis 10, rue de la Gare \u00e0 VAIRES SUR \nMARNE (77360) est abrog\u00e9 \u00e0 compter de la r\u00e9alisation effective des op\u00e9rations susvis\u00e9es. \n \nARTICLE 3e : Un recours contentieux contre le pr\u00e9sent a cte peut \u00eatre form\u00e9 aupr\u00e8s  du tribunal \nadministratif comp\u00e9tent. Le d\u00e9la i de recours est de deux mois \u00e0 compter de sa notification \npour les int\u00e9ress\u00e9s ou de sa publication pour les tiers. \n \nARTICLE 4e : Le Directeur du p\u00f4le Efficience de l'Agence r\u00e9gionale de sant\u00e9 Ile-de-France est charg\u00e9 de \nl'ex\u00e9cution du pr\u00e9sent a cte qui sera publi\u00e9 au recueil des actes administratifs de la \npr\u00e9fecture de la r\u00e9gion Ile-de-France. \n \n \nFait \u00e0 Saint-Denis, le 1er septembre 2025 \n  \nLe Directeur g\u00e9n\u00e9ral \nde l'Agence r\u00e9gionale de sant\u00e9 \n\u00cele-de-France \n \n Par d\u00e9l\u00e9gation, \n \nLe directeur du P\u00f4le Efficience \n \n \n \nFabien P\u00c9RUS \n \n  \n \n \n \n           \n \nAgence R\u00e9gionale de Sant\u00e9 - IDF-2025-09-01-00031 - Acte de d\u00e9claration n\u00b0 DOS - 2025 / 3799\nportant fonctionnement du laboratoire de biologie m\u00e9dicale multi-sites \u00ab BIO-VSM LAB \u00bb \nsis 10, rue de la Gare \u00e0 VAIRES SUR MARNE (77360)\n9\nDirection r\u00e9gionale et interd\u00e9partementale de\nl'alimentation, de l'agriculture et de la for\u00eat d'Ile\nde France\nIDF-2025-03-24-00012\nAccord tacite d'autorisation d'exploiter pour le \nGAEC LEREBOUR sur la commune de Briis sous\nForges\nDirection r\u00e9gionale et interd\u00e9partementale de l'alimentation, de l'agriculture et de la for\u00eat d'Ile de France - IDF-2025-03-24-00012 -\nAccord tacite d'autorisation d'exploiter pour le  GAEC LEREBOUR sur la commune de Briis sous Forges 10\nPREFETDE L'ESSONNELibert\u00e9Egalit\u00e9Fraternit\u00e9\n \n GAEC LEREBOUR  \n25 route de Beaudreville, \n91 400 GOMETZ-LA-VILLE \n \n \n\u00c9vry-Courcouronnes, le 24 mars 2025 \n \nAffaire suivie par : SEAF  \nRef : 91 25-08  \nAR n\u00b0  : 1 A 209  998 0822 7  \n \nAccus\u00e9 r\u00e9ception du dossier de demande d'autorisation d'exploiter n\u00b025-08 \n \nMessieurs, \n \nEn date du  29/01/2025,  vous avez d\u00e9pos\u00e9, aupr\u00e8s de nos services une demande d'autorisation \nd'exploiter de  45 ha 20 a 42 ca  de terres agricoles situ\u00e9es sur la commune de BRIIS-SOUS-\nFORGES (voir en annexe les r\u00e9f\u00e9rences des parcelles). \n \n \nCette demande est compl\u00e8te en date du 25/02/2025. \n \n \nConform\u00e9ment aux dispositions de l'article R331-4 du Code rural et de la p\u00eache maritime, cette \ndemande fait l'objet d'une publicit\u00e9 par affichage, d'un mois minimum, en mairie de la \ncommune de BRIIS-SOUS-FORGES o\u00f9 sont situ\u00e9es les biens, et d'une publication sur les sites \ninternet des Services de l'\u00c9tat de l'Essonne. \n \n \nJe vous informe que le Pr\u00e9fet de r\u00e9gion dispose d'un d\u00e9lai de 4 mois pour statuer sur votre \ndemande \u00e0 partir de la r\u00e9ception de votre dossier complet, soit le 25/06/2025 et que votre \ndossier sera pr\u00e9sent\u00e9 \u00e0 la CDOA de l'Essonne.  \nCe d\u00e9lai est susceptible d'\u00eatre prolong\u00e9 de deux mois suppl\u00e9mentaires conform\u00e9ment \u00e0 \nl'article R331-6 du Code rural et de la p\u00eache maritime. \nDans ce cas, vous en serez avis\u00e9 avant la date en question et vous pourrez pr\u00e9senter des \nobservations \u00e9crites, \u00e9l\u00e9ments qui seront restitu\u00e9s aux membres de la CDOA.  \n \nEn l'absence de r\u00e9ponse de l'administration dans ce d\u00e9lai, votre demande sera tacitement \naccept\u00e9e conform\u00e9ment \u00e0 l'article R331-6 du Code rural et de la p\u00eache maritime, ce pr\u00e9sent \ncourrier sera publi\u00e9 au recueil des actes administratifs de la pr\u00e9fecture de r\u00e9gion d'\u00cele-de-France \net sera \u00e9galement affich\u00e9 en mairie de la commune de BRIIS-SOUS-FORGES.\n \n \n \nMes services restent \u00e0 votre disposition pour tout renseignement compl\u00e9mentaire. \n \nJe vous prie d'agr\u00e9er, Messieurs, l'expression de mes salutations distingu\u00e9es. \n \n \nDirection d\u00e9partementale des territoires de l'Essonne  \n91012 \u00c9vry-Courcouronnes cedex  \nT\u00e9l. :01 60 76 34 17  \nM\u00e9l.  : yolaine.deleaz@essonne.gouv.fr  \nDirection d\u00e9partementale des territoires \nService \u00c9conomie Agricole et For\u00eat \nBureau Foncier & For\u00eat \nDirection r\u00e9gionale et interd\u00e9partementale de l'alimentation, de l'agriculture et de la for\u00eat d'Ile de France - IDF-2025-03-24-00012 -\nAccord tacite d'autorisation d'exploiter pour le  GAEC LEREBOUR sur la commune de Briis sous Forges 11\n \n                                                                                  \n \n \n \n \n \n \nPour la Pr\u00e9fete de l'Essonne et par d\u00e9l\u00e9gation, \n \nle chef du service \u00e9conomie agricole et for\u00eat \n \nSign\u00e9 \n \n \nRoland RODDE \n \n \n \n \n \n \n \n \n \n \n \n \n \n \n \n \n \n \n \n \n \n \n \n \n \n \n \nDirection r\u00e9gionale et interd\u00e9partementale de l'alimentation, de l'agriculture et de la for\u00eat d'Ile de France - IDF-2025-03-24-00012 -\nAccord tacite d'autorisation d'exploiter pour le  GAEC LEREBOUR sur la commune de Briis sous Forges 12\nParcelles en objet de la demande \n \nCommune  R\u00e9f. Cadastrales section et numero parcelle  Surface en ha  Propri\u00e9taires  \nBRIIS-SOUS-FORGE  ZD 39  11,0339  Indivision HARDOUIN  \nBRIIS-SOUS-FORGE  ZD 42  4,9766  Indivision HARDOUIN  \nBRIIS-SOUS-FORGE  ZI 75  1,2697  Indivision HARDOUIN  \nBRIIS-SOUS-FORGE  ZC 30  8,4400  M. & Mme HARDOUIN  \nBRIIS-SOUS-FORGE  ZC 7  19,4840  M. & Mme HARDOUIN  \ntotal (ha)   45,2042   \n \n \n \nDirection r\u00e9gionale et interd\u00e9partementale de l'alimentation, de l'agriculture et de la for\u00eat d'Ile de France - IDF-2025-03-24-00012 -\nAccord tacite d'autorisation d'exploiter pour le  GAEC LEREBOUR sur la commune de Briis sous Forges 13\nDirection r\u00e9gionale et interd\u00e9partementale de\nl'\u00e9conomie, de l'emploi, du travail et des\nsolidarit\u00e9s d'\u00cele-de-France\nIDF-2025-09-03-00003\nD\u00e9cision n\u00b0 2025-171 du 03 septembre 2025\nportant affectation des agents de contr\u00f4le dans\nles unit\u00e9s de contr\u00f4le et gestion des int\u00e9rims de\nl'unit\u00e9 d\u00e9partementale de Paris de la DRIEETS\nd'Ile-de-France\nDirection r\u00e9gionale et interd\u00e9partementale de l'\u00e9conomie, de l'emploi, du travail et des solidarit\u00e9s d'\u00cele-de-France -\nIDF-2025-09-03-00003 - D\u00e9cision n\u00b0 2025-171 du 03 septembre 2025\nportant affectation des agents de contr\u00f4le dans les unit\u00e9s de contr\u00f4le et gestion des int\u00e9rims de l'unit\u00e9 d\u00e9partementale de Paris de la\nDRIEETS d'Ile-de-France\n14\nMINISTEREDU TRAVAIL, DE LA SANTE,DES SOLIDARITESET DES FAMILLESLibert\u00e9\u00c9galit\u00e9Fraternit\u00e9\n \nDirection r\u00e9gionale et interd\u00e9partementale \nde l'\u00e9conomie, de l'emploi, \ndu travail et des solidarit\u00e9s \n \n \n \nDRIEETS Ile de France                                                                                                                                                                                                                                   \n21 rue Madeleine Vionnet \n93300 Aubervilliers \n \nD\u00e9cision n\u00b0 2025-171 \u2013 03 septembre 2025 \nportant affectation des agents de contr\u00f4le dans les unit\u00e9s de contr\u00f4le et gestion des int\u00e9rims \n de l'unit\u00e9 d\u00e9partementale de Paris de la DRIEETS d'Ile-de-France \n \nLe directeur r\u00e9gional de l'\u00e9conomie, de l'emploi, du travail et des solidarit\u00e9s de la r\u00e9gion d'Ile-de-France,  \n \nVu le code du travail, notamment ses articles R 8122-1 et suivants,  \n \nVu l'arr\u00eat\u00e9 interminist\u00e9riel du 12 ao\u00fbt 2025 nommant M. Fabrice MASI directeur r\u00e9gional et \ninterd\u00e9partemental de l'\u00e9conomie, de l'emploi, du travail et  des solidarit\u00e9s d'\u00cele-de-France, \u00e0 compter du \n25 ao\u00fbt 2025, \n \nVu l'arr\u00eat\u00e9 minist\u00e9riel du 25 mars 2024 portant cr\u00e9ation et r\u00e9partition des unit\u00e9s de contr\u00f4le de \nl'inspection du travail,  \n \nVu la d\u00e9cision n\u00b0 2025 -021 du 6 f\u00e9vrier 2025 du directeur r\u00e9gional et interd\u00e9partemental de l'\u00e9conomie, \nde l'emploi, du travail et des solidarit\u00e9s d'Ile de France relative \u00e0 la localisation et \u00e0 la d\u00e9limitation des \nunit\u00e9s de contr\u00f4le et des sections d'inspection du travail de l'unit\u00e9 d\u00e9partementale d e Paris, \n \n \nD\u00c9CIDE \n \nArticle 1 : Les inspecteurs et contr\u00f4leurs du travail sont charg\u00e9s des actions d'inspection de la l\u00e9gislation \ndu travail dans les entreprises relevant des sections d'inspection du travail composant les unit\u00e9s de \ncontr\u00f4le du d\u00e9partement de Paris,  tel que d\u00e9fini dans le tableau des affectations, d'int\u00e9rims et de \nsuppl\u00e9ances des sections, r\u00e9f\u00e9renc\u00e9s dans la colonne A de l'annexe en vigueur.  \n \nArticle 2  : les agents du corps de l'inspection du travail sont charg\u00e9s de l'int\u00e9rim des postes soit non \npourvus, soit vacants en raison de l'absence de longue dur\u00e9e de leur titulaire, tel que d\u00e9fini dans le tableau \ndes affectations, d'int\u00e9rims et de suppl\u00e9ances des s ections, r\u00e9f\u00e9renc\u00e9s dans la colonne B de l'annexe en \nvigueur. \n \nArticle 3  : Conform\u00e9ment aux dispositions de l'article R.8122 -11-1\u00b0 du code du travail, les pouvoirs de \nd\u00e9cision administrative relevant de la comp\u00e9tence exclusive d'un inspecteur du travail sont confi\u00e9s aux \ninspecteurs du travail mentionn\u00e9  tel que d\u00e9fini dans le tableau des affectations, d'int\u00e9rims et de \nsuppl\u00e9ances des sections, r\u00e9f\u00e9renc\u00e9s dans la colonne C de l'annexe en vigueur.  \n \nEn cas d'absence ou d'emp\u00eachement d'un inspecteur mentionn\u00e9 \u00e0 l'annexe en vigueur, le pouvoir de \nd\u00e9cision est assur\u00e9 par l'inspecteur charg\u00e9 d'assurer l'int\u00e9rim de celui -ci en application de l'article 5. \n \nArticle 4 : Conform\u00e9ment aux dispositions de l'article R.8122 -11-2\u00b0 du code du travail, le contr\u00f4le de tout \nou partie des \u00e9tablissements d'au moins cinquante salari\u00e9s qui ne serait pas assur\u00e9 par les contr\u00f4leurs du \ntravail est confi\u00e9 aux inspecteurs du travail tel que d\u00e9fini dans le tableau des affectations, d'int\u00e9rims et de \nsuppl\u00e9ances des sections, r\u00e9f\u00e9renc\u00e9s dans la colonne D et E de l'annexe en vigueur.  \n \nDirection r\u00e9gionale et interd\u00e9partementale de l'\u00e9conomie, de l'emploi, du travail et des solidarit\u00e9s d'\u00cele-de-France -\nIDF-2025-09-03-00003 - D\u00e9cision n\u00b0 2025-171 du 03 septembre 2025\nportant affectation des agents de contr\u00f4le dans les unit\u00e9s de contr\u00f4le et gestion des int\u00e9rims de l'unit\u00e9 d\u00e9partementale de Paris de la\nDRIEETS d'Ile-de-France\n15\n  \n                                                                                                                                                                                                                              2 / 8 \n \n \nArticle 5 : En cas de vacance de poste, d'absence ou d'emp\u00eachement pour une dur\u00e9e inf\u00e9rieure \u00e0 un mois \nd'un ou plusieurs agents de contr\u00f4le d\u00e9sign\u00e9s \u00e0 l'article 1 ci-dessus, l'int\u00e9rim est organis\u00e9 selon les modalit\u00e9s \nci-apr\u00e8s : \n \nUnit\u00e9 de contr\u00f4le des 1er et 2\u00e8 arrondissements : UC 01-02 \n \nL'int\u00e9rim du responsable de l'unit\u00e9 de contr\u00f4le est assur\u00e9 par l'un des responsables des unit\u00e9s de contr\u00f4le \ndes 3 \u00e8, 4 \u00e8 et 11\u00e8 arrondissements, d u 9 \u00e8arrondissement, des 10 \u00e8 et 18 \u00e8 arrondissements, du 12 \u00e8 \narrondissement, du 17\u00e8, des 19\u00e8 et 20\u00e8 arrondissements ou des transports. \n \n \nL'int\u00e9rim des inspecteurs du travail est assur\u00e9 par l'un des inspecteurs de l'unit\u00e9 de contr\u00f4le des 1 er et 2\u00e8 \narrondissements ou en cas de vacance temporaire, d'absence ou d'emp\u00eachement simultan\u00e9s, par un des \ninspecteurs du travail de l'unit\u00e9 de contr\u00f4le des 3\u00e8, 4\u00e8 et 11\u00e8 arrondissements, du 12\u00e8 arrondissement ou de \nl'unit\u00e9 de contr\u00f4le des 19\u00e8 et 20\u00e8 arrondissements, ou par le responsable de l'unit\u00e9 de contr\u00f4le.  \n \nUnit\u00e9 de contr\u00f4le des 3\u00e8, 4\u00e8 et 11\u00e8 arrondissements : UC 03-04-11 \n \nL'int\u00e9rim du responsable de l'unit\u00e9 de contr\u00f4le est assur\u00e9 par l'un des responsables des unit\u00e9s de contr\u00f4le \ndes 1er et 2\u00e8 arrondissements, du 9\u00e8 arrondissement, des 10\u00e8 et 18\u00e8 arrondissements, du 12\u00e8 arrondissement, \ndu 17\u00e8, des 19\u00e8 et 20\u00e8 arrondissements ou des transports. \n \nL'int\u00e9rim des inspecteurs du travail est assur\u00e9 par l'un des insp ecteurs de l'unit\u00e9 de contr\u00f4le des 3\u00e8, 4\u00e8 et \n11\u00e8 arrondissements ou en cas de vacance temporaire, d'absence ou d'emp\u00eachement simultan\u00e9s, par un \ndes inspecteurs du travail des unit\u00e9s de contr\u00f4le 1 er et 2\u00e8 arrondissements, du 12\u00e8 arrondissement ou des \n19\u00e8 et 20\u00e8 arrondissements, ou par le responsable de l'unit\u00e9 de contr\u00f4le.  \n \nL'int\u00e9rim du contr\u00f4leur du travail est assur\u00e9 par l'un des agents de contr\u00f4le de l'unit\u00e9 de contr\u00f4le des 3 \u00e8, \n4\u00e8 et 11\u00e8 arrondissements ou en cas de vacance temporaire, d'absence ou d'emp\u00eachement simultan\u00e9s, par \nun des agents de contr\u00f4le des unit\u00e9s de contr\u00f4le des 1 er et 2\u00e8 arrondissements, du 12\u00e8 arrondissement ou \ndes 19\u00e8 et 20\u00e8 arrondissements. \n \nUnit\u00e9 de contr\u00f4le des 5\u00e8s, 6\u00e8 et 7\u00e8 arrondissements : UC 05-06-07 \n \nL'int\u00e9rim du responsable de l'unit\u00e9 de contr\u00f4le est assur\u00e9 par l'un des responsables des unit\u00e9s de contr\u00f4le \ndu 8 \u00e8 arrondissement, des 13\u00e8 et  14\u00e8 arrondissements, du 15\u00e8 ou 16-\u00e8 arrondissement.  \n \nL'int\u00e9rim des inspecteurs du travail est assur\u00e9 par l'un des inspecteurs de l'unit\u00e9 de contr\u00f4le des 5 \u00e8, 6\u00e8 et \n7\u00e8 arrondissements ou en cas de vacance temporaire, d'absence ou d'emp\u00eachement simultan\u00e9s, par un \ndes inspecteurs du travail des unit\u00e9s de contr\u00f4le des 10\u00e8 et 18\u00e8 arrondissements, du 17\u00e8 arrondissement ou \ndes transports, ou par le responsable de l'unit\u00e9 de contr\u00f4le. \n \nUnit\u00e9 de contr\u00f4le du 8\u00e8 arrondissement : UC 08 \n \nL'int\u00e9rim du responsable de l'unit\u00e9 de contr\u00f4le est assur\u00e9 par l'un des responsables des unit\u00e9s de contr\u00f4le \ndes 5\u00e8, 6\u00e8 et 7\u00e8 arrondissements, des 13\u00e8 et 14\u00e8 arrondissements, du 15\u00e8 ou 16\u00e8 arrondissement. \n \nL'int\u00e9rim des inspecteurs du travail est assur\u00e9 par l'un des inspecteurs de l'unit\u00e9 de contr\u00f4le du 8 \u00e8 \narrondissement ou en cas de vacance temporaire, d'absence ou d'emp\u00eachement simultan\u00e9s, par un des \ninspecteurs du travail de l'unit\u00e9 de contr\u00f4le du 9 \u00e8 arrondissement, ou par le responsable de l'unit\u00e9 de \ncontr\u00f4le. \n \nDirection r\u00e9gionale et interd\u00e9partementale de l'\u00e9conomie, de l'emploi, du travail et des solidarit\u00e9s d'\u00cele-de-France -\nIDF-2025-09-03-00003 - D\u00e9cision n\u00b0 2025-171 du 03 septembre 2025\nportant affectation des agents de contr\u00f4le dans les unit\u00e9s de contr\u00f4le et gestion des int\u00e9rims de l'unit\u00e9 d\u00e9partementale de Paris de la\nDRIEETS d'Ile-de-France\n16\n  \n                                                                                                                                                                                                                              3 / 8 \n \n \nL'int\u00e9rim du contr\u00f4leur du travail est assur\u00e9 par l'un des agents de contr\u00f4le de l'unit\u00e9 de contr\u00f4le du 8 \u00e8 \narrondissement ou en cas de vacance temporaire, d'absence ou d'emp\u00eachement simultan\u00e9s, par un des \nagents de contr\u00f4le de l'unit\u00e9 de contr\u00f4le du 9\u00e8 arrondissement. \n \nUnit\u00e9 de contr\u00f4le du 9\u00e8 arrondissement : UC 09 \n \nL'int\u00e9rim du responsable de l'unit\u00e9 de contr\u00f4le est assur\u00e9 par l'un des responsables des unit\u00e9s de contr\u00f4le \ndes 1er et 2\u00e8 arrondissements, des 10\u00e8 et 18\u00e8 arrondissements, du 12\u00e8 arrondissement, du 17\u00e8, des 19\u00e8 et 20\u00e8 \narrondissements ou des transports. \nL'int\u00e9rim des inspecteurs du travail est assur\u00e9 par l'un des inspecteurs de l'unit\u00e9 de contr\u00f4le du 9 \u00e8 \narrondissement ou en cas de vacance temporaire, d'absence ou d'emp\u00eachement simultan\u00e9s, par un des \ninspecteurs du travail de l'unit\u00e9 de contr\u00f4le du 8 \u00e8 arrondissement, ou par le responsable de l'unit\u00e9 de \ncontr\u00f4le. \n \nL'int\u00e9rim du contr\u00f4leur du travail est assur\u00e9 par l'un des agents de contr\u00f4le de l'unit\u00e9 de contr\u00f4le du 9 \u00e8 \narrondissement ou en cas de vacance temporaire, d'absence ou d'emp\u00eachement simultan\u00e9s, par un des \nagents de contr\u00f4le de l'unit\u00e9 de contr\u00f4le du 8\u00e8 arrondissement. \n \n \n \n \nUnit\u00e9 de contr\u00f4le des 10\u00e8 et 18\u00e8 arrondissements : UC 10-18 \n \nL'int\u00e9rim du responsable de l'unit\u00e9 de contr\u00f4le est assur\u00e9 par l'un des responsables des unit\u00e9s de contr\u00f4le \ndes 1 er et 2 \u00e8 arrondissements, des 3 \u00e8, 4 \u00e8 et 11 \u00e8 arrondissements, d u 9\u00e8 arrondissement, du 12 \u00e8 \narrondissement, du 17\u00e8, des 19\u00e8 et 20\u00e8 arrondissements ou des transports. \n \nL'int\u00e9rim des inspecteurs du travail est assur\u00e9 par l'un des inspe cteurs de l'unit\u00e9 de contr\u00f4le des 10\u00e8 et 18\u00e8 \narrondissements ou en cas de vacance temporaire, d'absence ou d'emp\u00eachement simultan\u00e9s, par un des \ninspecteurs du travail des unit\u00e9s de contr\u00f4le d u 9 \u00e8 arrondissement, du 17 \u00e8 arrondissement ou des \ntransports, ou par le responsable de l'unit\u00e9 de contr\u00f4le. \n \nUnit\u00e9 de contr\u00f4le du 12\u00e8 arrondissement : UC 12 \n \nL'int\u00e9rim du responsable de l'unit\u00e9 de contr\u00f4le est assur\u00e9 par l'un des responsables des unit\u00e9s de contr\u00f4le \ndes 1 er et 2 \u00e8 arrondissements, des 3 \u00e8, 4 \u00e8 et 11 \u00e8 arrondissements, d u 9 \u00e8 arrondissement, des 10 \u00e8 et 18 \u00e8 \narrondissements, du 17\u00e8, des 19\u00e8 et 20\u00e8 arrondissements ou des transports. \n \nL'int\u00e9rim des inspecteurs du travail est assur\u00e9 par l'un des insp ecteurs de l'unit\u00e9 de contr\u00f4le du 12 \u00e8 \narrondissement ou en cas de vacance temporaire, d'absence ou d'emp\u00eachement simultan\u00e9s, par un des \ninspecteurs du travail des unit\u00e9s de contr\u00f4le des 1ers et 2\u00e8 arrondissements, des 3\u00e8, 4\u00e8 et 11\u00e8 arrondissements, \ndes 10\u00e8 et 18 \u00e8 et 17\u00e8, 19\u00e8 et 20\u00e8 arrondissements, ou par le responsable de l'unit\u00e9 de contr\u00f4le.  \n \nUnit\u00e9 de contr\u00f4le des 13\u00e8 et 14\u00e8 arrondissements : UC 13-14 \n \nL'int\u00e9rim du responsable de l'unit\u00e9 de contr\u00f4le est assur\u00e9 par l'un des responsables des unit\u00e9s de contr\u00f4le \ndu 15\u00e8, du 16\u00e8 arrondissement, du 8\u00e8 arrondissement ou des 5\u00e8, 6\u00e8 et 7\u00e8 arrondissements, ou par la directrice \ndu secteur sud. \n \nL'int\u00e9rim des inspecteurs du travail est assur\u00e9 par l'un des inspecteurs de l'unit\u00e9 de contr\u00f4le du 13 \u00e8 et 14\u00e8 \narrondissement ou en cas de vacance temporaire, d'absence ou d'emp\u00eachement simultan\u00e9s, par un des \ninspecteurs du travail des unit\u00e9s de contr\u00f4le du 15\u00e8 arrondissement, ou du 16\u00e8 arrondissement.  \n \nDirection r\u00e9gionale et interd\u00e9partementale de l'\u00e9conomie, de l'emploi, du travail et des solidarit\u00e9s d'\u00cele-de-France -\nIDF-2025-09-03-00003 - D\u00e9cision n\u00b0 2025-171 du 03 septembre 2025\nportant affectation des agents de contr\u00f4le dans les unit\u00e9s de contr\u00f4le et gestion des int\u00e9rims de l'unit\u00e9 d\u00e9partementale de Paris de la\nDRIEETS d'Ile-de-France\n17\n  \n                                                                                                                                                                                                                              4 / 8 \n \n \nUnit\u00e9 de contr\u00f4le du 15\u00e8 arrondissement : UC 15 \n \nL'int\u00e9rim du responsable de l'unit\u00e9 de contr\u00f4le est assur\u00e9 par l'un des responsables des unit\u00e9s de contr\u00f4le, \ndes 13 \u00e8 et 14 \u00e8 arrondissements, du 16 \u00e8 arrondissement, du 8 \u00e8 arrondissement ou des 5 \u00e8, 6 \u00e8 et 7 \u00e8 \narrondissements  \n \nL'int\u00e9rim des inspecteurs du travail est assur\u00e9 par l'un des inspecteurs de l'unit\u00e9 de contr\u00f4le du 15 \u00e8 \narrondissement ou en cas de vacance temporaire, d'absence ou d'emp\u00eachement simultan\u00e9s, par un des \ninspecteurs du travail des unit\u00e9s de contr\u00f4le des 13 \u00e8 et 14\u00e8 arrondissements, ou du 16\u00e8 arrondissement, ou \npar le responsable de l'unit\u00e9 de contr\u00f4le. \n \nUnit\u00e9 de contr\u00f4le du 16\u00e8 arrondissement : UC 16 \n \nL'int\u00e9rim du responsable de l'unit\u00e9 de contr\u00f4le est assur\u00e9 par l'un des responsables des unit\u00e9s de contr\u00f4le \ndes 13 \u00e8 et 14 \u00e8 arrondissements, du 15 \u00e8 arrondissement, du 8 \u00e8 arrondissement ou des 5 \u00e8, 6 \u00e8 et 7 \u00e8 \narrondissements. \n \nL'int\u00e9rim des inspecteurs du travail est assur\u00e9 par l'un des inspecteurs de l'unit\u00e9 de contr\u00f4le du 16 \u00e8 \narrondissement ou en cas de vacance temporaire, d'absence ou d'emp\u00eachement simultan\u00e9s, par un des \ninspecteurs du travail des unit\u00e9s de contr\u00f4le des 13 \u00e8 et 14\u00e8 arrondissements, ou du 15\u00e8 arrondissement, ou \npar le responsable de l'unit\u00e9 de contr\u00f4le. \n \nUnit\u00e9 de contr\u00f4le du 17\u00e8 arrondissement : UC 17 \n \nL'int\u00e9rim du responsable de l'unit\u00e9 de contr\u00f4le est assur\u00e9 par l'un des responsables des unit\u00e9s de contr\u00f4le \ndes 1 er et 2 \u00e8 arrondissements, des 3 \u00e8, 4 \u00e8 et 11 \u00e8 arrondissements, du 9 \u00e8arrondissement, des 10 \u00e8 et 18 \u00e8 \narrondissements, du 12\u00e8 ; des 19\u00e8 et 20\u00e8 arrondissements ou des transports. \n \nL'int\u00e9rim des inspecteurs du travail est assur\u00e9 par l'un des inspecteurs de l'unit\u00e9 de contr\u00f4le du  17\u00e8 \narrondissement ou en cas de vacance temporaire, d'absence ou d'emp\u00eachement simultan\u00e9s, par un des \ninspecteurs du travail des unit\u00e9s de contr\u00f4le d u 9\u00e8 arrondissement, des 10 \u00e8 et 18\u00e8 ; du 12\u00e8 ; des 19 \u00e8 et 20\u00e8 \narrondissement ou des transports, ou par le responsable de l'unit\u00e9 de contr\u00f4le.  \n \nUnit\u00e9 de contr\u00f4le des 19\u00e8 et 20\u00e8 arrondissements : UC 19-20 \n \nL'int\u00e9rim du responsable de l'unit\u00e9 de contr\u00f4le est assur\u00e9 par l'un des responsables des unit\u00e9s de contr\u00f4le \ndes 1 er et 2 \u00e8 arrondissements, des 3 \u00e8, 4 \u00e8 et 11 \u00e8 arrondissements, d u 9\u00e8 arrondissement, des 10 \u00e8 et 18 \u00e8 \narrondissements, du 12\u00e8 arrondissement, du 17\u00e8 arrondissement ou des transports. \n \nL'int\u00e9rim des inspecteurs du travail est assur\u00e9 par l'un des inspecteurs de l'unit\u00e9 de contr\u00f4le des 19 \u00e8 et 20\u00e8 \narrondissements ou en cas de vacance  temporaire, d'absence ou d'emp\u00eachement simultan\u00e9s, par un des \ninspecteurs du travail des unit\u00e9s de contr\u00f4le des 1er et 2\u00e8 arrondissements, des 3\u00e8, 4\u00e8 et 11\u00e8 arrondissements \nou du 12\u00e8 arrondissement, ou par le responsable de l'unit\u00e9 de contr\u00f4le.  \n \nL'int\u00e9rim du contr\u00f4leur du travail est assur\u00e9 par l'un des agents de contr\u00f4le de l'unit\u00e9 de contr\u00f4le des 19 \u00e8 \net 20\u00e8 arrondissements ou en cas de vacance  temporaire, d'absence ou d'emp\u00eachement simultan\u00e9s, par \nun des agents de contr\u00f4le des unit\u00e9s de contr\u00f4le des 1er et 2\u00e8 arrondissements, 3\u00e8, 4\u00e8 et 11\u00e8 arrondissements \nou du 12\u00e8 arrondissement. \n \n \n \n \n \nDirection r\u00e9gionale et interd\u00e9partementale de l'\u00e9conomie, de l'emploi, du travail et des solidarit\u00e9s d'\u00cele-de-France -\nIDF-2025-09-03-00003 - D\u00e9cision n\u00b0 2025-171 du 03 septembre 2025\nportant affectation des agents de contr\u00f4le dans les unit\u00e9s de contr\u00f4le et gestion des int\u00e9rims de l'unit\u00e9 d\u00e9partementale de Paris de la\nDRIEETS d'Ile-de-France\n18\n  \n                                                                                                                                                                                                                              5 / 8 \n \n \nUnit\u00e9 de contr\u00f4le Transport : UC TR \n \nL'int\u00e9rim du responsable de l'unit\u00e9 de contr\u00f4le est assur\u00e9 par l'un des responsables des unit\u00e9s de contr\u00f4le \ndes 1 er et 2 \u00e8 arrondissements, des 3 \u00e8, 4 \u00e8 et 11\u00e8 arrondissements, d u 9 \u00e8arrondissement, des 10 \u00e8 et 18 \u00e8 \narrondissements, du 12\u00e8 arrondissement, du 17\u00e8 arrondissement ou des 19\u00e8 et 20\u00e8 arrondissements. \n \nL'int\u00e9rim des inspecteurs du travail est assur\u00e9 par l'un des inspecteurs de l'unit\u00e9 de contr\u00f4le transport du \nd\u00e9partement ou en cas de vacance temporaire, d'absence ou d'emp\u00eachement simultan\u00e9s, par un des \ninspecteurs du travail des unit\u00e9s de contr\u00f4le d u 9\u00e8 arrondissement, des 10\u00e8 et 18\u00e8 arrondissements ou du \n17\u00e8 arrondissement, ou par le responsable de l'unit\u00e9 de contr\u00f4le.  \n \nArticle 6 : Conform\u00e9ment aux dispositions de l'article R. 8122-10 du Code du travail, les agents mentionn\u00e9s \n\u00e0 l'article 1 participent lorsque l'action le rend n\u00e9cessaire aux actions d'inspection de la l\u00e9gislation du travail \nsur le territoire de l'unit\u00e9 d\u00e9partementale de Paris. \n \nArticle 7 : La pr\u00e9sente d\u00e9cision prend effet \u00e0 la date de sa publication et abroge la d\u00e9cision n\u00b0 2025-138 \ndu 1er ao\u00fbt 2025. \n \nArticle 8 : Le directeur r\u00e9gional et interd\u00e9partemental de l'\u00e9conomie, de l'emploi, du travail et des \nsolidarit\u00e9s d'Ile-de-France est charg\u00e9 de l'application de la pr\u00e9sente d\u00e9cision, qui sera publi\u00e9e au recueil \ndes actes administratifs de la r\u00e9gion d'\u00cele-de-France.  \n \n \n \nFait \u00e0 Aubervilliers, le 03 septembre 2025 \n \nLe Directeur r\u00e9gional et interd\u00e9partemental de l'\u00e9conomie, \nde l'emploi, du travail et des solidarit\u00e9s, \n \nSIGN\u00c9 \n \nFabrice MASI \n  \nDirection r\u00e9gionale et interd\u00e9partementale de l'\u00e9conomie, de l'emploi, du travail et des solidarit\u00e9s d'\u00cele-de-France -\nIDF-2025-09-03-00003 - D\u00e9cision n\u00b0 2025-171 du 03 septembre 2025\nportant affectation des agents de contr\u00f4le dans les unit\u00e9s de contr\u00f4le et gestion des int\u00e9rims de l'unit\u00e9 d\u00e9partementale de Paris de la\nDRIEETS d'Ile-de-France\n19\n  \n                                                                                                                                                                                                                              6 / 8 \n \n \nAnnexe : \nTableau des affectations des agents de contr\u00f4le dans les unit\u00e9s de contr\u00f4le des services d'inspection du \nTravail de l'UD de Paris. Gestion des int\u00e9rims et de la suppl\u00e9ance. Annex\u00e9 \u00e0 la d\u00e9cision. \n \n \n  \n \nUC Section Ardt NOM et Pr\u00e9nom Grade\nUC / Section\nInterim\n > 1 mois\nd\u00e9cisions\nadministratives\nArt. R.8122-11-1\u00b0\n\u00e9ts. de \n \u2265 de 50 salari\u00e9s\nArt. R.8122-11-2\u00b0\n\u00e9ts. de \n+ de 300 salari\u00e9s\nArt. R.8122-11-2\u00b0\nUC 01-02 RUC 1-2 PEYRON Patrice DAT\nUC 01-02 1-1 1 MATHIEU Loic IT  \nUC 01-02 1-2 1 GIP Fanny IT\nUC 01-02 1-3 1 MORISSEAU No\u00e9mie IT\nUC 01-02 1-4 1 CREANTOR Ars\u00e8ne IT\nUC 01-02 1-5 1 Int\u00e9rimaire IT MORISSEAU No\u00e9mie\nUC 01-02 1-6 2 Int\u00e9rimaire IT BLANCHO Marco\nUC 01-02 1-7 2 BLANCHO Marco IT\nUC 01-02 1-8 2 SAHEL Samia IT\nUC 01-02 1-9 2 JACQUEMIN Fatim IT\nUC 01-02 1-10 2 Int\u00e9rimaire IT MATHIEU Loic\nUC 01-02 1-11 2 CADIOU Benjamin IT\nUC 03-04-11 RUC 3-4-11  CARPENTIER J\u00e9r\u00e9mie DAT\nUC 03-04-11 3-1 3  HOFFMAN Mathilde IT\nUC 03-04-11 3-2 3  CHRISTELLE GLEMET IT   \nUC 03-04-11 3-3 3 GRUNHARD Tom IT\nUC 03-04-11 3-4 4 Int\u00e9rimaire DAT RAMBAUD Fran\u00e7oise\nUC 03-04-11 3-5 4 RAMBAUD Fran\u00e7oise DAT\nUC 03-04-11 3-6 11 PICHERY Maud IT\nUC 03-04-11 3-7 11 EL HABBAD Farida CT/IT MATHILDE HOFFMANN MATHILDE HOFFMANN MATHILDE HOFFMANN\nUC 03-04-11 3-8 11  LE HERICY DURAND Edouard IT  \nUC 03-04-11 3-9 11 LAGARDE St\u00e9phane IT\nUC 03-04-11 3-10 11  int\u00e9rimaire IT JEREMIE CARPENTIER\nUC 03-04-11 3-11 11 DUSSEUX Elise IT\nUC 05-06-07 RUC 5-6-7 TREMEL Pierre DAT\nUC 05-06-07 5-1 5 FUSINA Marc DAT\nUC 05-06-07 5-2 5 ALLARD JOLY Maud IT\nUC 05-06-07 5-3 5 ASTRI Marie-Claude IT\nUC 05-06-07 5-4 6 GOMES Lionel IT\nUC 05-06-07 5-5 6 MARVALIN Val\u00e9rie IT\nUC 05-06-07 5-6 6 LABSSI Mornia IT\nUC 05-06-07 5-7 7 ZEROUALI Samira IT\nUC 05-06-07 5-8 7 DELOCHE Damien IT\nUC 05-06-07 5-9 7 MEDJOUDJ-MEZHAR Noura IT\nUC 08 RUC 8 Int\u00e9rim DAT PEYRON Patrice \nUC 8 8-1 8 int\u00e9rimaire IT LAVABRE Virginie\nUC 8 8-2 8 BOURJOLLY Nathalie IT\nUC 8 8-3 8 Ismehen ROJBI IT\nUC 8 8-4 8 PENELA Catarina IT\nUC 8 8-5 8 BELOVA Eug\u00e9nie IT\nUC 8 8-6 8 MORTREUIL Florence CT/IT SAVEAN Micheline LAVABRE Virginie  LAVABRE Virginie LAVABRE Virginie  \nUC 8 8-7 8 PONCE-KAHOUL Sarah IT\nUC 8 8-8 8 TISBA Nad\u00e8ge  \nUC 8 8-9 8 SCHORSCH M\u00e9lissa IT  \nUC 8 8-10 8 SAVEAN Micheline CT/IT PENELA Catarina\nUC 8 8-11 8 Int\u00e9rimaire IT PENELA Catarina\nUC 8 8-12 8 Jacques PETITIER IT\nUC 8 8-13 8 FREDERIC Caroline IT\nUC 8 8-14 8 Int\u00e9rimaire IT FREDERIC Caroline\nUC 8 8-15 8 LAVABRE Virginie IT\nUC 8 8-16 8 Int\u00e9rimaire IT LAVABRE Virginie\nDirection r\u00e9gionale et interd\u00e9partementale de l'\u00e9conomie, de l'emploi, du travail et des solidarit\u00e9s d'\u00cele-de-France -\nIDF-2025-09-03-00003 - D\u00e9cision n\u00b0 2025-171 du 03 septembre 2025\nportant affectation des agents de contr\u00f4le dans les unit\u00e9s de contr\u00f4le et gestion des int\u00e9rims de l'unit\u00e9 d\u00e9partementale de Paris de la\nDRIEETS d'Ile-de-France\n20\n  \n                                                                                                                                                                                                                              7 / 8 \n \n \n \n \n \n \nUC 09 RUC 9 Int\u00e9rim DAT AYMEN DE LAGEARD Lucile\nUC 09 9-1 9 VIDAL Roselyne IT\nUC 09 9-2 9 BLETTNER Honorine IT\nUC 09 9-3 9 PEREIRA C\u00e9line IT\nUC 09 9-4 9 HERER C\u00e9cile IT\nUC 09 9-5 9 HUMBERT James IT\nUC 09 9-6 9 GEAGEA Hanane IT\nUC 09 9-7 9 MORIO Caroline IT\nUC 09 9-8 9 AINSEBA Djamila IT\nUC 09 9-9 9 DEROO BLANQUART Laetitia DAT PEREIRA C\u00e9line PEREIRA C\u00e9line PEREIRA C\u00e9line\nUC 09 9-10 9 JAKUBOWSKI Pierre CT / IT\nUC 09 9-11 9 DELADREC Aurore IT\nUC 10-18 RUC 10-18 L'HOSTIS Ism\u00e9rie\nUC 10-18 10-1 10 MANIER Christelle IT\nUC 10-18 10-2 10 MALLEVRE Philippe IT\nUC 10-18 10-3 10 GOY S\u00e9bastien IT\nUC 10-18 10-4 10 OU-RABAH Samuel IT\nUC 10-18 10-5 10 WATERNAUX Marion IT\nUC 10-18 10-6 10 KAPUSCINSKI Chlo\u00e9 IT\nUC 10-18 10-7 10 GOUT Philippe IT\nUC 10-18 10-8 10 PHILIBERT Arnaud IT\nUC 10-18 10-9 18 BOUR Abdehadi IT\nUC 10-18 10-10 18 int\u00e9rimaire IT WATERNAUX Marion\nUC 10-18 10-11 18 int\u00e9rimaire IT GOUT Philippe\nUC 10-18 10-12 18 RULLE Betty IT   \nUC 12 RUC 12 BRESSON Elo\u00efse DAT\nUC 12 12-1 12 RAMBAUD Louis IT\nUC 12 12-2 12 ANDRIEU David IT\nUC 12 12-3 12 CANGOU-MINOS Eliane IT GARCIA Jean-Michel\nUC 12 12-4 12 THOMASSET C\u00e9cile IT\nUC 12 12-5 12 JEAN-LOUIS Manuel IT\nUC 12 12-6 12 GARCIA Jean-Michel IT\nUC 12 12-7 12 EL-AIDOUI Ilhem IT\nUC 12 12-8 12 BRESSON Elo\u00efse DAT\nUC 13-14 RUC 13-14 LUGUET Emmanuel DAT\nUC 13-14 13-1 13 Int\u00e9rimaire IT LUGUET Emmanuel\nUC 13-14 13-2 13 ABDELGHANI Mourad IT\nUC 13-14 13-3 13 MARTEL Thierry IT\nUC 13-14 13-4 13 DOS SANTOS OLIVEIRA Carlos IT\nUC 13-14 13-5 13 MOUALHI Nisar IT\nUC 13-14 13-6 13 CHEVREAU Barbara IT\nUC 13-14 13-7 14 LANG Samira IT\nUC 13-14 13-8 14 SOK Angkeavattey IT\nUC 13-14 13-9 14 FULCHIGNONI Aurelia IT\nUC 13-14 13-10 14 MALBOIS Estelle IT\nUC 13-14 13-11 14 LOPES-PEREIRA Julia \u00a0\u00a0\u00a0\u00a0\u00a0\u00a0\u00a0\u00a0\u00a0\u00a0\u00a0\u00a0\u00a0\u00a0\u00a0\u00a0 IT\nUC 15 RUC 15 TRAN VAN TI Maximilien DAT\nUC 15 15-1 15 MUNIER Delphine IT\nUC 15 15-2 15 DUPONT Vanessa IT TRAN VAN TI Maximilien\nUC 15 15-3 15 LE NAOUR Marc IT\nUC 15 15-4 15 NOUCK Alice IT\nUC 15 15-5 15 MAILLET Christ\u00e8le IT\nUC 15 15-6 15 TOUNKARA Fatimata IT\nUC 15 15-7 15 ZERGOUG Same IT\nUC 15 15-8 15 BOLORE Benoit IT\nUC 15 15-9 15 JULIEN Jean-Christophe IT\nUC 16 RUC 16 BERTRAND Michel DAT\nUC 16 16-1 16 MAROTAUX Nathalie IT\nUC 16 16-2 16 LAVA Nathalie IT\nUC 16 16-3 16 DURAND Flora IT\nUC 16 16-4 16 HAUVILLE Anthony IT\nUC 16 16-5 16 SCHWOB Jean-Bernard IT / DAT BERTRAND Michel\nUC 16 16-6 16 BLANCHET Barbara IT\nUC 16 16-7 16 RAUBER Olivier IT\nUC 16 16-8 16 CAZEAUD Julie IT\nDirection r\u00e9gionale et interd\u00e9partementale de l'\u00e9conomie, de l'emploi, du travail et des solidarit\u00e9s d'\u00cele-de-France -\nIDF-2025-09-03-00003 - D\u00e9cision n\u00b0 2025-171 du 03 septembre 2025\nportant affectation des agents de contr\u00f4le dans les unit\u00e9s de contr\u00f4le et gestion des int\u00e9rims de l'unit\u00e9 d\u00e9partementale de Paris de la\nDRIEETS d'Ile-de-France\n21\n  \n                                                                                                                                                                                                                              8 / 8 \n \n \n \n \nUC 17 RUC 17 HAMPARTZOUMIAN St\u00e9phane DAT\nUC 17 17-1 17 FABRONI Nicole IT  \nUC 17 17-2 17 CLAIRFAYT Marine IT\nUC 17 17-3 17 NIELZ Emilie IT\nUC 17 17-4 17  WESQUY Hugo IT\nUC 17 17-5 17 CHARCOSSET Aude IT\nUC 17 17-6 17  MOUHEB Claire IT\nUC 17 17-7 17 LESAINT Andr\u00e9a IT\nUC 19-20 RUC 19-20 AYMEN DE LAGEARD Lucile DAT\nUC 19-20 19-1 19 COHADE Marie IT\nUC 19-20 19-2 19 JORRO Elise IT\nUC 19-20 19-3 19 BRIAND Eric IT    \nUC 19-20 19-4 19 Int\u00e9rimaire IT BRIAND Eric\nUC 19-20 19-5 19 REYNAUD Valentine IT\nUC 19-20 19-6 20 ARNUEL Herv\u00e9 CT/IT AYMEN DE LAGEARD Lucile AYMEN DE LAGEARD Lucile AYMEN DE LAGEARD Lucile\nUC 19-20 19-7 20 COUPE Claire IT\nUC 19-20 19-8 20 CHEURFA Loun\u00e8s IT\nUC 19-20 19-9 20 PEZ Marine IT\nUC TR RUC LOISET St\u00e9phane DAT\nUC TR TR-1  HUBERT Marie IT\nUC TR TR-2 BEAUD Arthur IT\nUC TR TR-3 AMOROSI L\u00e9a IT\nUC TR TR-4 BRIANTAIS Emeline IT\nUC TR TR-5 BURDIN Yann IT\nUC TR TR-6 Int\u00e9rimaire IT BEAUD Arthur\nDirection r\u00e9gionale et interd\u00e9partementale de l'\u00e9conomie, de l'emploi, du travail et des solidarit\u00e9s d'\u00cele-de-France -\nIDF-2025-09-03-00003 - D\u00e9cision n\u00b0 2025-171 du 03 septembre 2025\nportant affectation des agents de contr\u00f4le dans les unit\u00e9s de contr\u00f4le et gestion des int\u00e9rims de l'unit\u00e9 d\u00e9partementale de Paris de la\nDRIEETS d'Ile-de-France\n22\nDirection r\u00e9gionale et interd\u00e9partementale de\nl'\u00e9conomie, de l'emploi, du travail et des\nsolidarit\u00e9s d'\u00cele-de-France\nIDF-2025-09-03-00002\nD\u00e9cision n\u00b0 2025-172 du 03 septembre 2025\nrelative \u00e0 l'unit\u00e9 r\u00e9gionale d'appui et de contr\u00f4le\ndes grands chantiers\nDirection r\u00e9gionale et interd\u00e9partementale de l'\u00e9conomie, de l'emploi, du travail et des solidarit\u00e9s d'\u00cele-de-France -\nIDF-2025-09-03-00002 - D\u00e9cision n\u00b0 2025-172 du 03 septembre 2025\nrelative \u00e0 l'unit\u00e9 r\u00e9gionale d'appui et de contr\u00f4le des grands chantiers\n23\nMINISTERE |DU TRAVAIL, DE LA SANT\u00c9,DES SOLIDARIT\u00c9SET DES FAMILLESLibert\u00e9Egalit\u00e9Fraternit\u00e9\n \nDirection r\u00e9gionale et interd\u00e9partementale \nde l'\u00e9conomie, de l'emploi, \ndu travail et des solidarit\u00e9s \n \n \nDRIEETS d'\u00cele-de-France  \n21 rue Madeleine Vionnet  \n93300 AUBERVILLIERS                                                                                                                                                                                                                             \n \n \n \nD\u00e9cision n\u00b0 2025-172 du 03 septembre 2025 \nrelative \u00e0 l'unit\u00e9 r\u00e9gionale d'appui et de contr\u00f4le des grands chantiers  \n \n \nLe Directeur r\u00e9gional et interd\u00e9partemental de l'\u00e9conomie, de l'emploi, du travail et des solidarit\u00e9s  d'Ile de \nFrance, \n \nVu les articles R. 8122-6 et R. 8122-9 du code du travail,  \n \nVu l'arr\u00eat\u00e9 interminist\u00e9riel du 12 ao\u00fbt 2025  nommant Monsieur Fabrice MASI  directeur r\u00e9gional et \ninterd\u00e9partemental de l'\u00e9conomie, de l'emploi, du travail et des solidarit\u00e9s d'Ile -de-France \u00e0 compter du 25 \nao\u00fbt 2025 \n \nVu l'arr\u00eat\u00e9 minist\u00e9riel du 25 mars 2024 portant r\u00e9partition des unit\u00e9s de contr\u00f4le de l'inspection du travail,  \n \nD\u00c9CIDE :  \n \n \nArticle 1er \u2013 Localisation de l'unit\u00e9 r\u00e9gionale d'appui et de contr\u00f4le des grands chantiers \n \nL'URACGC est compos\u00e9e de 9 sections localis\u00e9es 21 rue Madeleine Vionnet \u00e0 Aubervilliers. \n \nArticle 2 \u2013 Comp\u00e9tence des agents de contr\u00f4le  \n \nChaque section de l'URACGC a comp\u00e9tence pour le contr\u00f4le de chantiers et de toutes les activit\u00e9s, de toute \nnature, exerc\u00e9es en leur sein (livraisons, nettoyage, par exemple).  \n \nLes agents de contr\u00f4le exercent une comp\u00e9tence r\u00e9gionale sur les chantiers de la section sur laquelle ils sont \naffect\u00e9s, et peuvent intervenir sur les chantiers des autres sections de l'URACGC en tant que de besoin.  \n \nArticle 3 \u2013 D\u00e9limitation des sections  \n \nLa d\u00e9limitation des 9 sections de l'URACGC est fix\u00e9e comme suit : \n \nSection 1 \n \nLigne 15 Est M1  \nChantiers de prolongation de la ligne de m\u00e9tro 14 Sud (reliquat de travaux sur les gares et ouvrages annexes \napr\u00e8s Transfert en Gestion Techique et mise en service) \nChantiers de construction de la ligne de m\u00e9tro 18. \n \nChantiers suivants men\u00e9s dans le cadre des travaux compl\u00e9mentaires ou de reconversion post JOP  (Jeux \nOlympiques et Paralympiques 2024 - Phase H\u00e9ritage) : \n\u2022 ZAC Ecoquartier fluvial -Lots immobiliers - Ile Saint Denis - (93) \n\u2022 Chantiers de viabilisation, de VRD et d'am\u00e9nagement des espaces publics de la ZAC Ecoquartier \nfluvial - Ile Saint Denis - (93) \n \nSection 2 \nChantiers de construction de la ligne de m\u00e9tro 15 Ouest (de Pont de S\u00e8vres \u00e0 Pleyel) \n \nDirection r\u00e9gionale et interd\u00e9partementale de l'\u00e9conomie, de l'emploi, du travail et des solidarit\u00e9s d'\u00cele-de-France -\nIDF-2025-09-03-00002 - D\u00e9cision n\u00b0 2025-172 du 03 septembre 2025\nrelative \u00e0 l'unit\u00e9 r\u00e9gionale d'appui et de contr\u00f4le des grands chantiers\n24\n \n2 / 3 \nChantiers suivants men\u00e9s dans le cadre des travaux compl\u00e9mentaires ou de reconversion post JOP  (Jeux \nOlympiques et Paralympiques 2024 - Phase H\u00e9ritage) : \n\u2022 Centre Aquatique Olympique (CAO) - Saint Denis - (93) \n \nSection 3 \nChantiers de construction de la ligne de m\u00e9tro 15 Sud \u2013tron\u00e7on 2 (de Noisy -Champ \u00e0 Villejuif Louis Aragon \nexclue). \n \nChantiers suivants men\u00e9s dans le cadre des travaux compl\u00e9mentaires ou de reconversion post JOP  (Jeux \nOlympiques et Paralympiques 2024 - Phase H\u00e9ritage) : \n\u2022 Grand Palais \u2013 Paris 8\u00e8me  \n \nSection 4 \nChantiers de construction de la ligne de m\u00e9tro 15 Sud \u2013tron\u00e7on 3 (de Villejuif Louis Aragon inclus \u00e0 Pont de \nS\u00e8vres). \n \nChantiers suivants men\u00e9s dans le cadre des travaux compl\u00e9mentaires ou de reconversion post JOP  (Jeux \nOlympiques et Paralympiques 2024 - Phase H\u00e9ritage)  \n\u2022 Village des Athl\u00e8tes - Lots Immobiliers Secteurs D et E - Saint Ouen - (93) \n \nSection 5 \nChantiers de construction de la ligne de m\u00e9tro 16 (chantiers souterrains sous la Gare Saint-Denis Pleyel et site \nPSA2 Aulnay inclus). \n \nChantiers suivants men\u00e9s dans le cadre des travaux compl\u00e9mentaires ou de reconversion post JOP  (Jeux \nOlympiques et Paralympiques 2024 - Phase H\u00e9ritage) : \n\u2022 Village des M\u00e9dias - Lots immobiliers B et C - Secteur sud de l'Aire des vents - Dugny - (93) \n\u2022 Cr\u00eache - Secteur sud de l'Aire des vents - Dugny - (93) \n\u2022 Gymnase de Dugny- Secteur sud de l'Aire des vents - Dugny - (93) \n\u2022 Chantiers de pr\u00e9paration des terrains, de viabilisation, de VRD et d'am\u00e9nagement des espaces publics \nde la ZAC Cluster des M\u00e9dias sur Dugny (93) et Le Bourget (93)  \n\u2022 Parc des sports du Bourget (93) \n \nSection 6 \nChantiers de construction de la ligne de m\u00e9tro 17 (de la gare du Bourget RER exclue jusqu'au terminus au \nMesnil-Amelot). \n \nChantiers suivants men\u00e9s dans le cadre des travaux compl\u00e9mentaires ou de reconversion post JOP  (Jeux \nOlympiques et Paralympiques 2024 - Phase H\u00e9ritage) : \n\u2022 Village des Athl\u00e8tes - Universeine - Lots immobiliers Secteurs A et B - Places haute et olympique - Saint \nDenis - (93) \n\u2022 Chantiers de pr\u00e9paration des terrains, de viabilisation, de VRD, d'am\u00e9nagement des espaces publics \net d'inter-chantiers de la ZAC Village Olympique et Paralympique sur Saint Denis (93) et Saint Ouen \n(93)  \n\u2022 Base mutualis\u00e9e au profit de la pr\u00e9fecture de police de Paris - Saint Denis - (93) \n \nSection 7 \nChantiers de prolongation de la ligne E du RER (Eole) - Atelier de maintenance Nanterre sur secteur Mantes. \n \nChantiers suivants men\u00e9s dans le cadre des travaux compl\u00e9mentaires ou de reconversion post JOP  (Jeux \nOlympiques et Paralympiques 2024 - Phase H\u00e9ritage) : \n\u2022 R\u00e9am\u00e9nagement du site de la colline d'Elancourt (78). \n\u2022 R\u00e9habilitation du Stade d\u00e9partemental Yves-du-Manoir - Colombes - (92) \n\u2022 R\u00e9habilitation et extension de la piscine de Colombes (92) \n \nSection 8 \nChantiers de prolongation de la ligne de m\u00e9tro 11 (reliquat de travaux sur les gares apr\u00e8s Transfert en Gestion \nTechnique et mise en service) \nChantiers de construction de la ligne de m\u00e9tro ligne 15 Est M2 Nord . \n \nDirection r\u00e9gionale et interd\u00e9partementale de l'\u00e9conomie, de l'emploi, du travail et des solidarit\u00e9s d'\u00cele-de-France -\nIDF-2025-09-03-00002 - D\u00e9cision n\u00b0 2025-172 du 03 septembre 2025\nrelative \u00e0 l'unit\u00e9 r\u00e9gionale d'appui et de contr\u00f4le des grands chantiers\n25\n \n3 / 3 \nSection 9  \nChantiers de construction de la ligne Charles de Gaulle Express.  \n \nArticle 4 \u2013 Nomination du responsable \n \nMadame Val\u00e9rie VICENS, directrice adjointe du travail, est nomm\u00e9e responsable de l'URACGC.  \n \nArticle 5 \u2013 Affectation des agents de contr\u00f4le \n \nSont affect\u00e9s dans les sections de l'URACGC les agents de contr\u00f4le suivants : \n \nSection 1 : Monsieur Pierre DUQUOC, inspecteur du travail. \n \nSection 2 : Monsieur Guillaume FERREUX FAGNO, inspecteur du travail. \n \nSection 3 : Madame Juliette CHANTECAILLE, inspectrice du travail.  \n \nSection 4 : Madame Florence KER\u00c9Z\u00c9ON, inspectrice du travail. \n \nSection 5 : Monsieur Cyril LATOUR, inspecteur du travail. \n \nSection 6 : Monsieur Olivier PISSEMBON, inspecteur du travail. \n \nSection 7 : Vacante (int\u00e9rim Guillaume FERREUX-FAGNO) \n \nSection 8 : Monsieur L\u00e9o TISSEAU, inspecteur du travail. \n \nSection 9 : Madame Val\u00e9rie VICENS, directrice adjointe du travail \n \nArticle 6 \u2013 Organisation de l'int\u00e9rim \n \nEn cas d'absence ou d'emp\u00eachement d'un agent de contr\u00f4le, l'int\u00e9rim sera assur\u00e9 par un autre agent de \ncontr\u00f4le affect\u00e9 au sein de l'URACGC.  \n \nArticle 7 \u2013 Entr\u00e9e en vigueur \n \nLa pr\u00e9sente d\u00e9cision entre en vigueur \u00e0 la date de sa publication. \n \nArticle 8 \n \nLa d\u00e9cision n\u00b0 2024 -190 du 22 novembre 2024  relative \u00e0 l'unit\u00e9 r\u00e9gionale d'appui et de contr\u00f4le des grands \nchantiers est abrog\u00e9e. \n \nArticle 9  \n \nLe Directeur r\u00e9gional et interd\u00e9partemental de l'\u00e9conomie, de l'emploi, du travail et des solidarit\u00e9s d'Ile -de-\nFrance est charg\u00e9 de l'application de la pr\u00e9sente d\u00e9cision, qui sera publi\u00e9e au recueil des actes administratifs \nde la r\u00e9gion Ile de France.  \n \n \nFait \u00e0 Aubervilliers, le 03 septembre 2025 \n \nLe Directeur r\u00e9gional et interd\u00e9partemental de \nl'\u00e9conomie, de l'emploi, du travail et des solidarit\u00e9s \nde la r\u00e9gion d'\u00cele-de-France, \n \nSIGN\u00c9 \n \n Fabrice MASI \n \nDirection r\u00e9gionale et interd\u00e9partementale de l'\u00e9conomie, de l'emploi, du travail et des solidarit\u00e9s d'\u00cele-de-France -\nIDF-2025-09-03-00002 - D\u00e9cision n\u00b0 2025-172 du 03 septembre 2025\nrelative \u00e0 l'unit\u00e9 r\u00e9gionale d'appui et de contr\u00f4le des grands chantiers\n26\nDirection r\u00e9gionale et interd\u00e9partementale de\nl'\u00e9conomie, de l'emploi, du travail et des\nsolidarit\u00e9s d'\u00cele-de-France\nIDF-2025-09-03-00004\nD\u00e9cision n\u00b0 2025-173 du 03 septembre 2025\nportant affectation des agents de contr\u00f4le dans\nles unit\u00e9s de contr\u00f4le et gestion des int\u00e9rims de\nla direction d\u00e9partementale de l'emploi, du\ntravail et des solidarit\u00e9s du Val d'Oise\nDirection r\u00e9gionale et interd\u00e9partementale de l'\u00e9conomie, de l'emploi, du travail et des solidarit\u00e9s d'\u00cele-de-France -\nIDF-2025-09-03-00004 - D\u00e9cision n\u00b0 2025-173 du 03 septembre 2025\nportant affectation des agents de contr\u00f4le dans les unit\u00e9s de contr\u00f4le et gestion des int\u00e9rims de la direction d\u00e9partementale de\nl'emploi, du travail et des solidarit\u00e9s du Val d'Oise\n27\nMINISTERE |DU TRAVAIL, DE LA SANT\u00c9,DES SOLIDARIT\u00c9SET DES FAMILLESLibert\u00e9Egalit\u00e9Fraternit\u00e9\n \nDirection r\u00e9gionale et interd\u00e9partementale \nde l'\u00e9conomie, de l'emploi, \ndu travail et des solidarit\u00e9s \nd'Ile de France \n \n \nDRIEETS d'\u00cele-de-France  \n21 rue Madeleine Vionnet  \n93300 AUBERVILLIERS                                                                                                                                                                                      1 / 3   \n \n \n \n \n \nD\u00e9cision n\u00b0 2025-173 du 03 septembre 2025 \nportant affectation des agents de contr\u00f4le dans les unit\u00e9s de contr\u00f4le et gestion des int\u00e9rims  \nde la direction d\u00e9partementale de l'emploi, du travail et des solidarit\u00e9s du Val d'Oise  \n \n \nLe Directeur r\u00e9gional et interd\u00e9partemental de l'\u00e9conomie, de l'emploi, du travail et des solidarit\u00e9s de la \nr\u00e9gion Ile-de-France par int\u00e9rim, \n \nVu le code du travail, notamment ses articles R. 8122-1 et suivants.  \n \nVu le d\u00e9cret n\u00b0 2020 -1545 du 9 d\u00e9cembre 2020 relatif \u00e0 l'organisation et aux missions des directions \nr\u00e9gionales de l'\u00e9conomie, de l'emploi, du travail et des solidarit\u00e9s, des directions d\u00e9partementales de \nl'emploi, du travail et des solidarit\u00e9s et des directions d\u00e9partementales de l'emp loi, du travail, des \nsolidarit\u00e9s et de la protection des populations, \n \nVu l'arr\u00eat\u00e9 interminist\u00e9riel du 12 ao\u00fbt  2025 nommant Monsieur Fabrice MASI  directeur r\u00e9gional et \ninterd\u00e9partemental de l'\u00e9conomie, de l'emploi, du travail et des solidarit\u00e9s d'\u00cele -de-France, \u00e0 compter du \n25 ao\u00fbt 2025, \n \n \nVu l'arr\u00eat\u00e9 minist\u00e9riel du 25 mars 2024 portant cr\u00e9ation et r\u00e9partition des unit\u00e9s de contr\u00f4le de \nl'inspection du travail,  \n \nVu la d\u00e9cision n\u00b0 2021 -30 du 01 avril 2021 du Directeur r\u00e9gional et interd\u00e9partemental de l'\u00e9conomie, de \nl'emploi, du travail et des solidarit\u00e9s d'Ile-de-France relative \u00e0 la localisation et \u00e0 la d\u00e9limitation des unit\u00e9s \nde contr\u00f4le et des sections d'inspectio n du travail de la direction d\u00e9partementale de l'emploi, du travail \net des solidarit\u00e9s du Val d'Oise. \n \nD\u00c9CIDE \n \nArticle 1 :  \nSont nomm\u00e9s comme responsables des unit\u00e9s de contr\u00f4le de la direction d\u00e9partementale de l'emploi, du \ntravail et des solidarit\u00e9s du Val-d'Oise les agents suivants : \n- Unit\u00e9 de contr\u00f4le n\u00b0 1 : Madame FAGOT Isabelle  \n- Unit\u00e9 de contr\u00f4le n\u00b0 2 : Monsieur MARSY Didier \n- Unit\u00e9 de contr\u00f4le n\u00b0 3 : Madame HOUPIN Elsa  \n \n \nArticle 2 :  \nSans pr\u00e9judice des dispositions de l'article R. 8122 -10-I du code du travail et conform\u00e9ment aux \ndispositions de l'article R. 8122 -11 du code du travail, sont affect\u00e9s dans les sections d'inspection de la \ndirection d\u00e9partementale de l'emploi, du travail et des solidarit\u00e9s du Val -d'Oise les agents suivants : \n \nDirection r\u00e9gionale et interd\u00e9partementale de l'\u00e9conomie, de l'emploi, du travail et des solidarit\u00e9s d'\u00cele-de-France -\nIDF-2025-09-03-00004 - D\u00e9cision n\u00b0 2025-173 du 03 septembre 2025\nportant affectation des agents de contr\u00f4le dans les unit\u00e9s de contr\u00f4le et gestion des int\u00e9rims de la direction d\u00e9partementale de\nl'emploi, du travail et des solidarit\u00e9s du Val d'Oise\n28\n \n2 / 3 \n \n1. Unit\u00e9 de contr\u00f4le n\u00b0 1 \n- Section 1.1 : Madame SA Laur\u00e8ne, inspectrice du travail \n- Section 1.2 : Madame JOUZEL Priscille, inspectrice du travail,  \n- Section 1.3 : Madame BRUN Priscilla, inspectrice du travail,  \n- Section 1.4 : Madame LIEUMONT Ellora, inspectrice du travail, \n- Section 1.5 : Madame FEST Lia, inspectrice du travail, \n- Section 1.6 : Madame KAROLAK Maud, inspectrice du travail \n- Section 1.7 : Madame DEMANDE Isabelle, Inspectrice du travail , \u00e0 l'exception du num\u00e9ro 24 de la rue \ndu Chapeau Rouge \u00e0 Sannois . Madame FAGOT Isabelle, responsable d'unit\u00e9 de contr\u00f4le est  comp\u00e9tente \npour le num\u00e9ro 24 de la rue du Chapeau Rouge \u00e0 Sannois. \n- Section 1.8 : Madame JAMI Brigitte, inspectrice du travail \n- Section 1.9 : Madame BENO\u00ceT Betty, inspectrice du travail \n- Section 1.10 : Monsieur BRUCHET Lionel, inspecteur du travail  \n \n2. Unit\u00e9 de contr\u00f4le n\u00b0 2 \n- Section 2.1 : Madame NOURY Emily, inspectrice du travail,  \n- Section 2.2 : Madame BANEL St\u00e9phanie, inspectrice du travail  \n- Section 2.3 : Madame HOUARD Guilaine, inspectrice du travail  \n- Section 2.4 : Madame BLANC Sonia, inspectrice du travail \n- Section 2.5 : Madame MULON Aur\u00e9lie, inspectrice du travail \n- Section 2.6 : Monsieur FECHTMEISTER Valentin, inspecteur du travail \n- Section 2.7 : Monsieur BOUCHET Thierry, inspecteur du Travail \n- Section 2.8 : Madame AUVRAY Romane, inspectrice du travail, \u00e0 l'exception du num\u00e9ro 1 de la rue \nRobert Desnos \u00e0 DOMONT , M onsieur MARSY Didier , responsable d'unit\u00e9 de contr\u00f4le , est \ncomp\u00e9tent pour le num\u00e9ro 1 de la rue Robert Desnos \u00e0 DOMONT. \n- Section 2.9 : Madame COMBETTES Kim, inspectrice du Travail est charg\u00e9e de l'nt\u00e9rim.   \n- Section 2.10 : Madame DELCLITTE Eulalie, inspectrice du travail   \n- Section 2.11 : Madame NORMAND Juliette, inspectrice du travail \n- Section 2.12 : Madame COMBETTES Kim, inspectrice du travail  \n \n3. Unit\u00e9 de contr\u00f4le n\u00b0 3 \n- Section 3.1 : Madame KAROLAK Maud, inspectrice du travail est charg\u00e9e de l'int\u00e9rim \u00e0 l'exception des \nop\u00e9rations de b\u00e2timent ou de g\u00e9nie civil entrant dans le champ d'application du livre III du titre V de \nla quatri\u00e8me partie du code du travail \nMonsieur MARSY Didier, responsable d'unit\u00e9 de contr\u00f4le, est charg\u00e9 du contr\u00f4le des op\u00e9rations de \nb\u00e2timent ou de g\u00e9nie civil entrant dans le champ d'application du livre III du titre V de la quatri\u00e8me \npartie du code du travail \n- Section 3.2 : Monsieur BOUGE Vincent, inspecteur du travail, \n- Section 3.3 : Madame HOUPIN Elsa, responsable d'unit\u00e9 de contr\u00f4le, est charg\u00e9e de l'int\u00e9rim \u00e0 \nl'exception des op\u00e9rations de b\u00e2timent ou de g\u00e9nie civil entrant dans le champ d'application du livre \nIII du titre V de la quatri\u00e8me partie du code du travail, \nMonsieur MARSY Didier, responsable d'unit\u00e9 de contr\u00f4le, est charg\u00e9 du contr\u00f4le des op\u00e9rations de \nb\u00e2timent ou de g\u00e9nie civil entrant dans le champ d'application du livre III du titre V de la quatri\u00e8me \npartie du code du travail \n- Section 3.4 : Madame RAYNAUD Joanne, inspectrice du travail, \n- Section 3.5 : Madame BERGUER Sylvie, inspectrice du travail , \u00e0 l'exception des communes de Persan \net de Champagne sur Oise . Madame HOUPIN Elsa, responsable d'uit\u00e9 de contr\u00f4le, est comp\u00e9tente pour \nles communes de Persan et de Champagne sur Oise  \n- Section 3.6 : Madame TERRIEN Maeva, inspectrice du travail, \n- Section 3.7 : Madame DELAHAIGUE Carine, inspectrice du travail \n- Section 3.8 : Madame LAFDILI Amina, inspectrice du travail \n- Section 3.9 : Madame HOUPIN Elsa, responsable de l'unit\u00e9 de contr\u00f4le  \n \nDirection r\u00e9gionale et interd\u00e9partementale de l'\u00e9conomie, de l'emploi, du travail et des solidarit\u00e9s d'\u00cele-de-France -\nIDF-2025-09-03-00004 - D\u00e9cision n\u00b0 2025-173 du 03 septembre 2025\nportant affectation des agents de contr\u00f4le dans les unit\u00e9s de contr\u00f4le et gestion des int\u00e9rims de la direction d\u00e9partementale de\nl'emploi, du travail et des solidarit\u00e9s du Val d'Oise\n29\n \n3 / 3 \n \n \nArticle 3 :  \nEn cas d'absence ou d'emp\u00eachement d'un ou d'une responsable d'unit\u00e9 de contr\u00f4le, l'int\u00e9rim sera assur\u00e9 \npar un ou une autre responsable d'unit\u00e9 de contr\u00f4le. En cas d'absence ou d'emp\u00eachement de celui -ci, \nl'int\u00e9rim sera assur\u00e9 par l'adjointe au Chef de p\u00f4le ou par le Chef de P\u00f4le. \nEn cas d'absence ou d'emp\u00eachement du responsable d'unit\u00e9 de contr\u00f4le en charge de la section 3 -9, \nl'int\u00e9rim sera assur\u00e9 par un autre responsable d'unit\u00e9 de contr\u00f4le. En cas d'absence ou d'emp\u00eachement \nde celui-ci, l'int\u00e9rim sera assur\u00e9 par un inspecteur ou une inspectrice du travail affect\u00e9(e) sur l'UC3, et en \ncas d'absence ou d'emp\u00eachement de celui-ci ou de celle-ci, par un inspecteur ou une inspectrice du travail \naffect\u00e9(e) sur l'une des deux autres unit\u00e9s de contr\u00f4le. \nEn cas d'absence ou d'emp\u00eachement d'un inspecteur ou d'une inspectrice du travail, l'int\u00e9rim sera assur\u00e9 \npar un inspecteur ou inspectrice du travail affect\u00e9(e) dans la m\u00eame unit\u00e9 de contr\u00f4le ou une autre unit\u00e9 \nde contr\u00f4le ou par un responsable d'unit\u00e9 de contr\u00f4le dans la m\u00eame ou une autre unit\u00e9 de contr\u00f4le. \n \n \nArticle 4 :  \nLa d\u00e9cision prend effet au \u00e0 sa date de publication  et abroge la d\u00e9cision n\u00b0 2025-137 du 1 er ao\u00fbt 2025 \nportant affectation des agents de contr\u00f4le dans les unit\u00e9s de contr\u00f4le et gestion des int\u00e9rims de la \ndirection d\u00e9partementale de l'emploi, du travail et des solidarit\u00e9s du Val d'Oise.  \n \n \nArticle 5 : \nLe Directeur r\u00e9gional et interd\u00e9partemental de l'\u00e9conomie, de l'emploi, du travail et des solidarit\u00e9s d'Ile -\nde-France est charg\u00e9 de l'application de la pr\u00e9sente d\u00e9cision, qui sera publi\u00e9e au recueil des actes \nadministratifs de la r\u00e9gion Ile-de-France.  \n \n \n \nFait \u00e0 Aubervilliers, le 03 septembre 2025 \n \nLe Directeur r\u00e9gional et interd\u00e9partemental de \nl'\u00e9conomie, de l'emploi, du travail et des solidarit\u00e9s \nde la r\u00e9gion d'\u00cele-de-France, \n \n                                         SIGN\u00c9 \n \n \n Fabrice MASI \nDirection r\u00e9gionale et interd\u00e9partementale de l'\u00e9conomie, de l'emploi, du travail et des solidarit\u00e9s d'\u00cele-de-France -\nIDF-2025-09-03-00004 - D\u00e9cision n\u00b0 2025-173 du 03 septembre 2025\nportant affectation des agents de contr\u00f4le dans les unit\u00e9s de contr\u00f4le et gestion des int\u00e9rims de la direction d\u00e9partementale de\nl'emploi, du travail et des solidarit\u00e9s du Val d'Oise\n30\nDirection r\u00e9gionale et interd\u00e9partementale de\nl'\u00e9conomie, de l'emploi, du travail et des\nsolidarit\u00e9s d'\u00cele-de-France\nIDF-2025-09-03-00005\nD\u00e9cision n\u00b0 2025-174 du 03 septembre 2025\nportant affectation des agents de contr\u00f4le dans\nles unit\u00e9s de contr\u00f4le et gestion des int\u00e9rims de\nl'unit\u00e9 d\u00e9partementale de la Seine-Saint-Denis\nde la DRIEETS d'\u00cele-de-France\nDirection r\u00e9gionale et interd\u00e9partementale de l'\u00e9conomie, de l'emploi, du travail et des solidarit\u00e9s d'\u00cele-de-France -\nIDF-2025-09-03-00005 - D\u00e9cision n\u00b0 2025-174 du 03 septembre 2025\nportant affectation des agents de contr\u00f4le dans les unit\u00e9s de contr\u00f4le et gestion des int\u00e9rims de l'unit\u00e9 d\u00e9partementale de la\nSeine-Saint-Denis de la DRIEETS d'\u00cele-de-France\n31\nMINISTEREDU TRAVAIL, DE LA SANTE,DES SOLIDARITESET DES FAMILLESLibert\u00e9\u00c9galit\u00e9Fraternit\u00e9\n \n \nDRIEETS d'\u00cele-de-France  \n21 rue Madeleine Vionnet  \n93 300 AUBERVILLIERS                                                                                                                                                                                                           \n \nDirection r\u00e9gionale et interd\u00e9partementale \nde l'\u00e9conomie, de l'emploi, \ndu travail et des solidarit\u00e9s \n  \n \n \n \n \nD\u00e9cision n\u00b0 2025-174 du 03 septembre 2025 \nportant affectation des agents de contr\u00f4le dans les unit\u00e9s de contr\u00f4le  \net gestion des int\u00e9rims de l'unit\u00e9 d\u00e9partementale de la Seine-Saint-Denis \nde la DRIEETS d'\u00cele-de-France \n \n \nLe Directeur r\u00e9gional et interd\u00e9partemental de l'\u00e9conomie, de l'emploi, du travail et des solidarit\u00e9s \nd'\u00cele-de-France, \n \nVu le code du travail, notamment ses articles R 8122-1 et suivants ;  \n \nVu l'arr\u00eat\u00e9 interminist\u00e9riel du 12 ao\u00fbt 2025 nommant Monsieur Fabrice MASI directeur r\u00e9gional et \ninterd\u00e9partemental de l'\u00e9conomie, de l'emploi, du travail et des solidarit\u00e9s d'Ile -de-France \u00e0 \ncompter du 25 aout 2025 ; \n \nVu l'arr\u00eat\u00e9 minist\u00e9riel du 25 mars 2024 portant r\u00e9partition des unit\u00e9s de contr \u00f4le de l'inspection \ndu travail ; \n \nVu la d\u00e9cision n\u00b0 2021 -28 du 1 er avril 2021 du directeur r\u00e9gional et interd\u00e9partemental de \nl'\u00e9conomie, de l'emploi, du travail et des solidarit\u00e9s d'Ile de France relative \u00e0 la localisation et \u00e0 la \nd\u00e9limitation des unit\u00e9s de contr\u00f4le et des sections d'inspection du travail de l'unit\u00e9 \nd\u00e9partementale de Seine-Saint-Denis ; \n \n \nD\u00c9CIDE : \n \n \nArticle 1 : Sont nomm\u00e9s comme responsables des unit\u00e9s de contr\u00f4le de l'unit\u00e9 d\u00e9partementale de \nla Seine-Saint-Denis, les agents suivants :  \n \nUnit\u00e9 de contr\u00f4le n\u00b0 1 : Madame Linda ABERKAN, directrice adjointe du travail \nUnit\u00e9 de contr\u00f4le n\u00b0 2 : Madame Elodie GIRON, directrice adjointe du travail   \nUnit\u00e9 de contr\u00f4le n\u00b0 3 : Madame Lynda KEHILA, directrice adjointe du travail \nUnit\u00e9 de contr\u00f4le n\u00b0 4 :  Madame St\u00e9phanie CARRASSET, directrice adjointe du travail \nUnit\u00e9 de contr\u00f4le n\u00b0 5 : Madame Ingrid BURGUNDER, directrice adjointe du travail \n \nSans pr\u00e9judice des attributions des agents de contr\u00f4le affect\u00e9s en section, ils exercent une mission \nde contr\u00f4le en appui \u00e0 toutes les sections d'inspection et \u00e0 titre principal aux sections de l'unit\u00e9 \ndont ils ont la responsabilit\u00e9. \n \n \nArticle 2 : Sont affect\u00e9s dans les sections d'inspection de l'unit\u00e9 d\u00e9partementale de la Seine-Saint-\nDenis, les agents de contr\u00f4le, charg\u00e9s des actions d'inspection de la l\u00e9gislation du travail dans les \nentreprises, dont les noms suivent : \n \nDirection r\u00e9gionale et interd\u00e9partementale de l'\u00e9conomie, de l'emploi, du travail et des solidarit\u00e9s d'\u00cele-de-France -\nIDF-2025-09-03-00005 - D\u00e9cision n\u00b0 2025-174 du 03 septembre 2025\nportant affectation des agents de contr\u00f4le dans les unit\u00e9s de contr\u00f4le et gestion des int\u00e9rims de l'unit\u00e9 d\u00e9partementale de la\nSeine-Saint-Denis de la DRIEETS d'\u00cele-de-France\n32\n \n \n2 / 5 \n \n \n \nUnit\u00e9 de contr\u00f4le n\u00b0 1  \n \nSection 1-1 : Madame Sophie LE QUERE, inspectrice du travail \n \nSection 1-2 : Monsieur Camille DIQUAS, inspecteur du travail  \n \nSection 1-3 : Madame Julia INZOUDINE, inspectrice du travail \n \nSection 1-4 : Monsieur St\u00e9phane DUPOMMIER, inspecteur du travail  \n \nSection 1-5 : Madame Linda ABERKAN, directrice adjointe du travail  \n \nSection 1-6 : Monsieur Jonathan KLUR, inspecteur du travail \n \nSection 1-7 : Madame C\u00e9cile DRILLEAU, inspectrice du travail \n \nSection 1-8 : Madame St\u00e9phanie DESPLAN, inspectrice du travail \n \n \n \nUnit\u00e9 de contr\u00f4le n\u00b0 2  \n \nSection 2-1 :  Madame Amanda AMATE, directrice adjointe du travail \n \nSection 2-2 : Poste vacant, l'int\u00e9rim est assur\u00e9 par Monsieur Othman VARGAS, inspecteur du travail \n \nSection 2-3 :  Madame Manon JOUGLET, inspectrice du travail  \n \nSection 2-4 : Madame Isabelle LAGARDE, inspectrice du travail \n \nSection 2-5 : Poste vacant, l'int\u00e9rim est assur\u00e9 par Madame Isabelle LAGARDE, inspectrice du travail \n\u00e0 l'exception des \u00e9tablissements ADEF RESIDENCES - ADEF LA MAISON DU POMMIER POURPRE  \n(Siret 323 649 525 00504) et ADEF RESIDENCES - ADEF RESIDENCES LA MAISON DU LAURIER NOBLE \n(Siret 323 649 525 00306) pour lesquels la comp\u00e9tence est attribu\u00e9e \u00e0 Monsieur Othman VARGAS, \ninspecteur du travail \n \nSection 2-6 : Monsieur Nicolas PIREZ, inspecteur du travail \n \nSection 2-7 : Madame Olivia DOLIBEAU, inspectrice du travail \n \nSection 2-8 : Monsieur Flavien CHAILLEUX, inspecteur du travail \n \nSection 2-9 : Madame Camille PERRODIN, inspectrice du travail   \n \nSection 2-10 : Monsieur Othman VARGAS, inspecteur du travail \n \nSection 2-11 : Monsieur Vincent BOUYX, inspecteur du travail  \n \nSection 2-12 : Madame Madison FLUCHER, inspectrice du travail \n \n \nDirection r\u00e9gionale et interd\u00e9partementale de l'\u00e9conomie, de l'emploi, du travail et des solidarit\u00e9s d'\u00cele-de-France -\nIDF-2025-09-03-00005 - D\u00e9cision n\u00b0 2025-174 du 03 septembre 2025\nportant affectation des agents de contr\u00f4le dans les unit\u00e9s de contr\u00f4le et gestion des int\u00e9rims de l'unit\u00e9 d\u00e9partementale de la\nSeine-Saint-Denis de la DRIEETS d'\u00cele-de-France\n33\n \n \n3 / 5 \n \nUnit\u00e9 de contr\u00f4le n\u00b0 3 \n \nSection 3-1 : Madame L\u00e9na PERTUY, inspectrice du travail  \n \nSection 3-2 : Monsieur Mathieu MARQUET,  inspecteur du travail , en cas d'absence ou \nd'emp\u00eachement de Monsieur Mathieu MARQUET, l'int\u00e9rim est assur\u00e9 par Monsieur Pierre VILLERET, \ninspecteur du travail \n \nSection 3-3 : Madame Asma\u00e2 EL JERRARI, inspectrice du travail  \n \nSection 3-4 : Madame Delphine GUYOMARCH, inspectrice du travail  \n \nSection 3-5 : Monsieur Simon CADY, inspecteur du travail \n \nSection 3-6 : Madame Lila RABESON, inspectrice du travail \n \nSection 3-7 : Madame Sandrine POUET, inspectrice du travail \n \nSection 3-8 : Monsieur Toufik DAHMANI, inspecteur du travail  \n \nSection 3-9 : Monsieur Samir ROCHDI, inspecteur du travail \n \nSection 3-10 : Monsieur Marc DE MAGALHAES, inspecteur du travail  \n \nSection 3-11 : Monsieur Pierre VILLERET, inspecteur du travail \n \n \n \nUnit\u00e9 de contr\u00f4le n\u00b0 4  \n \nSection 4-1 : Madame Charline MAINGUY, inspectrice du travail  \n \nSection 4-2 : Madame Julie COURT, directrice adjointe du travail \n \nSection 4-3 : Monsieur Eddy TALBOT, inspecteur du travail  \n \nSection 4-4 : Poste vacant, l'int\u00e9rim est assur\u00e9 par Madame Julie COURT, directrice adjointe du \ntravail, \u00e0 l'exception des \u00e9tablissements CAISSE D'ALLOCATIONS FAMILIALES DE SEINE -SAINT-\nDENIS (Siret 380 980 300 000 95 ) et B5 GROUP (Siret 980 666 226 000 17 ) pour lesquels la \ncomp\u00e9tence est attribu\u00e9e \u00e0 Monsieur Eddy TALBOT, inspecteur du travail \n \nSection 4-5 : Madame Fatiha EL KHADDARI, directrice adjointe du travail \n \nSection 4-6 : Madame Marie GAILLARD MARTIN, inspectrice du travail  \n \nSection 4-7 : Monsieur Fran\u00e7ois LE FLOCH, inspecteur du travail  \n \nSection 4-8 : Monsieur Nabil EL KHANTACHE, inspecteur du travail  \n \nSection 4-9 : Madame Nadine TETRON, inspectrice du travail  \n \nSection 4-10 : Madame Hanaline BREL, inspectrice du travail  \n \nDirection r\u00e9gionale et interd\u00e9partementale de l'\u00e9conomie, de l'emploi, du travail et des solidarit\u00e9s d'\u00cele-de-France -\nIDF-2025-09-03-00005 - D\u00e9cision n\u00b0 2025-174 du 03 septembre 2025\nportant affectation des agents de contr\u00f4le dans les unit\u00e9s de contr\u00f4le et gestion des int\u00e9rims de l'unit\u00e9 d\u00e9partementale de la\nSeine-Saint-Denis de la DRIEETS d'\u00cele-de-France\n34\n \n \n4 / 5 \n \nUnit\u00e9 de contr\u00f4le n\u00b0 5  \n \nSection 5-1 : Monsieur Fr\u00e9d\u00e9ric RAKOTONIAINA, inspecteur du travail \n \nSection 5-2 : Monsieur Jules GRENET, inspecteur du travail \n \nSection 5-3 : Monsieur Vincent BOUZRAR, directeur adjoint du travail \n \nSection 5-4 : Monsieur Jean GIRAUD, inspecteur du travail \n \nSection 5-5 : Madame Ga\u00eblle BORDAS, directrice adjointe du travail \n \nSection 5-6 : Madame Ingrid LEFEBVRE-LEJEUNE, inspectrice du travail \n \nSection 5-7 : Madame Laure FOGHA-YOUMSI, inspectrice du travail  \n \nSection 5-8 : Monsieur Laurent COQUEL, inspecteur du travail  \n \nSection 5-9 : Madame Ingrid BURGUNDER, directrice adjointe du travail  \n \n \nArticle 3  \n \nEn cas d'absence ou d'emp\u00eachement d'un agent de contr\u00f4le, l'int\u00e9rim est assur\u00e9, \u00e0 titre principal, \npar un agent de contr\u00f4le affect\u00e9 dans la m\u00eame unit\u00e9 de contr\u00f4le ou, lorsque les circonstances le \nn\u00e9cessitent, par un agent de contr\u00f4le affect\u00e9 sur l'une des autres unit\u00e9s de contr\u00f4le de la Seine -\nSaint-Denis. \n \n \nArticle 4  \n \nLa pr\u00e9sente d\u00e9cision prend effet \u00e0 sa date de publication. \n \nLa d\u00e9cision n\u00b0 2025-130 du 1er ao\u00fbt 2025 portant affectation des agents de contr\u00f4le dans les unit\u00e9s \nde contr\u00f4le et gestion des int\u00e9rims de l'unit\u00e9 d\u00e9partementale de la Seine-Saint-Denis de la DRIEETS \nd'\u00cele-de-France est abrog\u00e9e. \n \n \nArticle 5  \n \nLe Directeur r\u00e9gional et interd\u00e9partemental de l'\u00e9conomie, de l'emploi, du travail et des solidarit\u00e9s \nd'Ile-de-France est charg\u00e9 de l'application de la pr\u00e9sente d\u00e9cision, qui sera publi\u00e9e au recueil des \nactes administratifs de la r\u00e9gion \u00cele-de-France.  \n \nFait \u00e0 Aubervilliers, le  03 septembre 2025 \n \nLe Directeur r\u00e9gional et interd\u00e9partemental  \nde l'\u00e9conomie, de l'emploi, du travail et des solidarit\u00e9s,  \n \n                                               \nSIGN\u00c9 \n \n                                 Fabrice MASI \nDirection r\u00e9gionale et interd\u00e9partementale de l'\u00e9conomie, de l'emploi, du travail et des solidarit\u00e9s d'\u00cele-de-France -\nIDF-2025-09-03-00005 - D\u00e9cision n\u00b0 2025-174 du 03 septembre 2025\nportant affectation des agents de contr\u00f4le dans les unit\u00e9s de contr\u00f4le et gestion des int\u00e9rims de l'unit\u00e9 d\u00e9partementale de la\nSeine-Saint-Denis de la DRIEETS d'\u00cele-de-France\n35\n \n \n5 / 5 \n \n \nDirection r\u00e9gionale et interd\u00e9partementale de l'\u00e9conomie, de l'emploi, du travail et des solidarit\u00e9s d'\u00cele-de-France -\nIDF-2025-09-03-00005 - D\u00e9cision n\u00b0 2025-174 du 03 septembre 2025\nportant affectation des agents de contr\u00f4le dans les unit\u00e9s de contr\u00f4le et gestion des int\u00e9rims de l'unit\u00e9 d\u00e9partementale de la\nSeine-Saint-Denis de la DRIEETS d'\u00cele-de-France\n36\nDirection r\u00e9gionale et interd\u00e9partementale de\nl'\u00e9conomie, de l'emploi, du travail et des\nsolidarit\u00e9s d'\u00cele-de-France\nIDF-2025-09-03-00007\nD\u00e9cision n\u00b0 2025-176 du 03 septembre 2025\nportant affectation des agents de contr\u00f4le dans\nles unit\u00e9s de contr\u00f4le et gestion des int\u00e9rims \nau sein de la direction d\u00e9partementale de\nl'emploi, du travail et des solidarit\u00e9s des Yvelines\nDirection r\u00e9gionale et interd\u00e9partementale de l'\u00e9conomie, de l'emploi, du travail et des solidarit\u00e9s d'\u00cele-de-France -\nIDF-2025-09-03-00007 - D\u00e9cision n\u00b0 2025-176 du 03 septembre 2025 portant affectation des agents de contr\u00f4le dans les unit\u00e9s de\ncontr\u00f4le et gestion des int\u00e9rims \nau sein de la direction d\u00e9partementale de l'emploi, du travail et des solidarit\u00e9s des Yvelines\n37\nMINISTERE |DU TRAVAIL, DE LA SANT\u00c9,DES SOLIDARIT\u00c9SET DES FAMILLESLibert\u00e9Egalit\u00e9Fraternit\u00e9\n \nDRIEETS Ile-de-France  \n21 rue Madeleine Vionnet  \n93 300 AUBERVILLIERS                                                                                                                                                                                                                              \n \n \n \nDirection r\u00e9gionale et interd\u00e9partementale \nde l'\u00e9conomie, de l'emploi, \ndu travail et des solidarit\u00e9s \nd'Ile de France \n \n \n \nD\u00e9cision n\u00b0 2025-176 du 03 septembre 2025 \nportant affectation des agents de contr\u00f4le dans les unit\u00e9s de contr\u00f4le et gestion des int\u00e9rims  \nau sein de la direction d\u00e9partementale de l'emploi, du travail et des solidarit\u00e9s des Yvelines  \n \n \nLe Directeur r\u00e9gional et interd\u00e9partemental de l'\u00e9conomie, de l'emploi, du travail et des solidarit\u00e9s de la \nr\u00e9gion Ile-de-France par int\u00e9rim,  \n \nVu le code du travail, notamment ses articles R. 8122-1 et suivants,  \n \nVu le d\u00e9cret n\u00b0 2020 -1545 du 9 d\u00e9cembre 2020 relatif \u00e0 l'organisation et aux missions des directions \nr\u00e9gionales de l'\u00e9conomie, de l'emploi, du travail et des solidarit\u00e9s, des directions d\u00e9partementales de \nl'emploi, du travail et des solidarit\u00e9s et des directions d\u00e9partementales de l'emploi, du travail, des \nsolidarit\u00e9s et de la protection des populations, \n \nVu l'arr\u00eat\u00e9 interminist\u00e9riel du 12 ao\u00fbt  2025 nommant Fabrice MASI  directeur r\u00e9gional et \ninterd\u00e9partemental de l'\u00e9conomie, de l'emploi, du travail et des solidarit\u00e9s d'\u00cele -de-France, \u00e0 compter du \n25 ao\u00fbt 2025, \n \nVu l'arr\u00eat\u00e9 minist\u00e9riel du 25 mars 2024 portant r\u00e9partition des unit\u00e9s de contr\u00f4le de l'inspection du travail,  \n \nVu la d\u00e9cision n\u00b0 2025-046 du 28 mars 2025 du directeur r\u00e9gional et interd\u00e9partemental de l'\u00e9conomie, de \nl'emploi, du travail et des solidarit\u00e9s d'Ile-de-France relative \u00e0 la localisation et \u00e0 la d\u00e9limitation des unit\u00e9s \nde contr\u00f4le et des sections d'inspection du travail de la direction d\u00e9partemen tale de l'emploi, du travail \net des solidarit\u00e9s des Yvelines, \n \nD\u00c9CIDE \n \nArticle 1  : Sont nomm\u00e9s responsables d'unit\u00e9s de contr\u00f4le d'inspection du travail de la direction \nd\u00e9partementale de l'emploi, du travail et des solidarit\u00e9s des Yvelines les agents suivants : \n\u2022 Unit\u00e9 de contr\u00f4le n\u00b01 : Madame Agn\u00e8s DAVID, Directrice Adjointe du Travail ;  \n\u2022 Unit\u00e9 de contr\u00f4le n\u00b02 : Monsieur Jacques POM, Directeur Adjoint du Travail ; \n\u2022 Unit\u00e9 de contr\u00f4le n\u00b03 : Madame Laila EL-MAAKOUL, Directrice Adjointe du Travail ;   \n\u2022 Unit\u00e9 de contr\u00f4le n\u00b04 : poste vacant, l'int\u00e9rim est assur\u00e9  par Madame Laila EL-MAAKOUL, Directrice \nAdjointe du Travail. \n \nArticle 2 : Sans pr\u00e9judice des dispositions de l'article R. 8122-10 1\u00b0 du code du travail et conform\u00e9ment aux \ndispositions de l'article R. 8122-11 du code du travail, sont affect\u00e9s dans les sections d'inspection du travail \nde la direction d\u00e9partementale de l'emploi, du travail et des solidarit\u00e9s des Yvelines les agents suivants :  \n \n1. Unit\u00e9 de contr\u00f4le n\u00b01 : \n\u2022 Section 1 : Madame Evelle SIROT, Inspectrice du Travail ; \n\u2022 Section 2 : Madame Annie ANGER, Inspectrice du Travail ; \n\u2022 Section 3 : Madame Sandrine BERTINO, Inspectrice du Travail ; \n\u2022 Section 4 : Madame Marie-Michelle ALGAIN, Inspectrice du Travail ; \nDirection r\u00e9gionale et interd\u00e9partementale de l'\u00e9conomie, de l'emploi, du travail et des solidarit\u00e9s d'\u00cele-de-France -\nIDF-2025-09-03-00007 - D\u00e9cision n\u00b0 2025-176 du 03 septembre 2025 portant affectation des agents de contr\u00f4le dans les unit\u00e9s de\ncontr\u00f4le et gestion des int\u00e9rims \nau sein de la direction d\u00e9partementale de l'emploi, du travail et des solidarit\u00e9s des Yvelines\n38\n2/3 \n \n \n \n\u2022 Section 5 : Madame Anne-Laure MERELLE, Inspectrice du Travail ;  \n\u2022 Section 6 : Madame Nolwenn MAUROT, Inspectrice du Travail, et Madame Agn\u00e8s DAVID, Directrice \nAdjointe du Travail pour l'\u00e9tablissement STANNIS, sis 1 IMPASSE CHARLES TELLIER 78520 Limay ;  \n\u2022 Section 7 : Madame Nathalie DE CARVALHO, Inspectrice du Travail ; \n\u2022 Section 8 : section vacante, l'int\u00e9rim est assur\u00e9 par : \n\u25aa Madame Sandrine BERTINO, Inspectrice du Travail, sur la commune d'Ach\u00e8res \n\u25aa Madame Lucie TELBOIS, Inspectrice du Travail, sur la commune d'Andr\u00e9sy \n\u25aa Madame Nathalie DE CARVALHO, Inspectrice du Travail, sur la commune de Poissy ; \n\u2022 Section 9 : Madame Ana\u00efs FERKELI, Inspectrice du Travail ; \n\u2022 Section 10 : Madame Capucine GAMBA, Inspectrice du Travail ; \n\u2022 Section 11 : Madame Lucie TELBOIS, Inspectrice du Travail ; \n \n2. Unit\u00e9 de contr\u00f4le n\u00b02 : \n\u2022 Section 1 : Monsieur Florian TABUTEAU, Inspecteur du travail ; \n\u25aa Section 2 : section vacante ; l'int\u00e9rim est assur\u00e9 par Monsieur Frank GALEA, Inspecteur du Travail ; \n\u2022 Section 3 : Madame Catherine PAGAN, Inspectrice du travail ;  \n\u2022 Section 4 : Madame Aurore GIRARD-WASKIW, Inspectrice du Travail ; \n\u2022 Section 5 : Monsieur Frank GALEA, Inspecteur du Travail ; \n\u2022 Section 6 : Madame Karine TURQUER, Inspectrice du Travail ; \n\u2022 Section 7 : section vacante ; l'int\u00e9rim est assur\u00e9 par Madame Karine TURQUER, Inspectrice du travail ; \n\u2022 Section 8 : Monsieur El Hadji Alce SECK, Inspecteur du Travail ;  \n \n3. Unit\u00e9 de contr\u00f4le n\u00b03 : \n\u2022 Section 1 : Madame Chlo\u00e9 MARIE, Inspectrice du Travail ;  \n\u2022 Section 2 : Madame Nabila GUENDOUZ, Inspectrice du Travail ; \n\u2022 Section 3 : Monsieur Ronel CHOUT, Inspecteur du Travail ; \n\u2022 Section 4 : Madame Catherine BOUGIE, Directrice Adjointe du Travail (\u00e0 l'exception des chantiers du \nBTP) ; \nMadame Christine COLLON, Inspectrice du Travail, pour toute activit\u00e9 exerc\u00e9e sur l'emprise d'un \nchantier du BTP ; \n\u2022 Section 5 : Madame Christine COLLON, Inspectrice du Travail ; \n\u2022 Section 6 : Monsieur Sylvain QUEVAL, Inspecteur du Travail ;  \n\u2022 Section 7 : Monsieur Guillaume LETERREUX, Inspecteur du Travail ; \n\u2022 Section 8 : Madame Marina BARBIER, Inspectrice du Travail ; \n\u2022 Section 9 : Madame Virginie PETIT, Inspectrice du Travail ; \n \n4. Unit\u00e9 de contr\u00f4le n\u00b04 : \n\u2022 Section 1 : Monsieur Adrien LECOMPERE, Inspecteur du Travail ; \n\u25aa Section 2  : section vacante, l'int\u00e9rim est assur\u00e9 par  Monsieur Adrien LECOMPERE, Inspecteur du \nTravail jusqu'au 31 ao\u00fbt 2025. \nA compter du 1er septembre 2025, Monsieur DECROIX S\u00e9bastien sera affect\u00e9 en qualit\u00e9 d'Inspecteur \ndu Travail sur la section. \n\u25aa Section 3 : Madame Brigitte BENOIT, Contr\u00f4leur du Travail ; \nMadame Isabelle GAULTIER, Inspectrice du Travail, est habilit\u00e9e \u00e0 prendre les d\u00e9cisions relevant de \nla comp\u00e9tence exclusive de l'Inspecteur du Travail en vertu de dispositions l\u00e9gislatives ou  \nr\u00e9glementaires ; \n\u2022 Section 4 : Monsieur Said HAMDI, Inspecteur du Travail ; \n\u2022 Section 5 : Monsieur Amine BELKIRI, Inspecteur du Travail ;  \n\u2022 Section 6 : Monsieur Hugues POULAIN, Inspecteur du Travail ; \n\u2022 Section 7 : Madame Isabelle GAULTIER, Inspectrice du Travail ; \n\u2022 Section 8 : Madame Camille AHOUANTO, Inspectrice du Travail ; \n\u2022 Section 9 : Madame Armelle COLLIGNON, Inspectrice du Travail ; \n\u2022 Section 10 : section vacante, l'int\u00e9rim est assur\u00e9 par \n\u25aa Du 1er ao\u00fbt au 30 novembre 2025, Madame Camille AHOUANTO, Inspectrice du Travail, \nDirection r\u00e9gionale et interd\u00e9partementale de l'\u00e9conomie, de l'emploi, du travail et des solidarit\u00e9s d'\u00cele-de-France -\nIDF-2025-09-03-00007 - D\u00e9cision n\u00b0 2025-176 du 03 septembre 2025 portant affectation des agents de contr\u00f4le dans les unit\u00e9s de\ncontr\u00f4le et gestion des int\u00e9rims \nau sein de la direction d\u00e9partementale de l'emploi, du travail et des solidarit\u00e9s des Yvelines\n39\n3/3 \n \n\u25aa Du 1er d\u00e9cembre au 28 f\u00e9vrier 2026, Monsieur Hugues POULAIN, Inspecteur du Travail ; \n \nArticle 3 : En cas d'absence ou d'emp\u00eachement d'un ou plusieurs agents de contr\u00f4le d\u00e9sign\u00e9s \u00e0 l'article 2 \nci-dessus, l'int\u00e9rim est organis\u00e9 selon les modalit\u00e9s ci-apr\u00e8s :  \n\u2022 Unit\u00e9 de contr\u00f4le n\u00b01 : \n- Int\u00e9rim des Inspecteurs du Travail :  \nL'int\u00e9rim d'un Inspecteur du Travail de l'unit\u00e9 de contr\u00f4le n\u00b01 absent ou emp\u00each\u00e9 peut \u00eatre assur\u00e9 par un \nautre inspecteur de l'unit\u00e9 de contr\u00f4le n\u00b01 ou \u00e0 d\u00e9faut par le responsable de l'unit\u00e9 de contr\u00f4le de l'UC1 \net le cas \u00e9ch\u00e9ant par un contr\u00f4leur de l'un it\u00e9 de contr\u00f4le n\u00b01 pour les \u00e9tablissements de moins de 50 \nsalari\u00e9s. \n- Int\u00e9rim des Contr\u00f4leurs du Travail :  \nL'int\u00e9rim d'un Contr\u00f4leur du Travail de l'unit\u00e9 de contr\u00f4le n\u00b01 absent ou emp\u00each\u00e9 sera assur\u00e9 par un autre \ncontr\u00f4leur de l'unit\u00e9 de contr\u00f4le n\u00b01 et le cas \u00e9ch\u00e9ant par un inspecteur de l'unit\u00e9 de contr\u00f4le n\u00b01.  \n\u2022 Unit\u00e9 de contr\u00f4le n\u00b0 2, 3 et 4 : \n- Int\u00e9rim des Inspecteurs du Travail :  \nL'int\u00e9rim d'un Inspecteur du Travail des unit\u00e9s de contr\u00f4le 2, 3 ou 4 absent ou emp\u00each\u00e9 sera \nprioritairement assur\u00e9 par un autre inspecteur de la m\u00eame unit\u00e9 de contr\u00f4le, \u00e0 d\u00e9faut par un inspecteur \nde l'une des deux autres unit\u00e9s de contr\u00f4le ou par l'un des  responsables des unit\u00e9s de contr\u00f4le des UC 2, \nUC3 ou UC4 et le cas \u00e9ch\u00e9ant par un Contr\u00f4leur du Travail de la m\u00eame unit\u00e9 de contr\u00f4le ou de l'une des \ndeux autres unit\u00e9s de contr\u00f4le pour les \u00e9tablissements de moins de 50 salari\u00e9s.  \n- Int\u00e9rim des Contr\u00f4leurs du Travail :  \nL'int\u00e9rim d'un Contr\u00f4leur du Travail des unit\u00e9s de contr\u00f4le 2 ; 3 ou 4 absent ou emp\u00each\u00e9 sera \nprioritairement assur\u00e9 par un autre contr\u00f4leur de la m\u00eame unit\u00e9 de contr\u00f4le, \u00e0 d\u00e9faut par un contr\u00f4leur \nde l'une des deux autres unit\u00e9s de contr\u00f4le et le cas \u00e9ch\u00e9ant par un Inspecteur du Travail de la m\u00eame unit\u00e9 \nde contr\u00f4le ou de l'une des deux autres unit\u00e9s de contr\u00f4le. \n \nArticle 4 :  En cas d'absence ou d'emp\u00eachement d'un des responsables d'unit\u00e9 de contr\u00f4le d\u00e9sign\u00e9s aux \narticles 1 et 2 ci-dessus, l'int\u00e9rim sera assur\u00e9 par l'un des trois autres responsables d'Unit\u00e9 de Contr\u00f4le de \nla direction d\u00e9partementale de l'emploi du travail et des solidarit\u00e9s des Yvelines. \n \nArticle 5 : La pr\u00e9sente d\u00e9cision prend effet \u00e0 la date de sa publication et abroge la d\u00e9cision n\u00b0 2025-125 du \n10 juillet 2025 portant affectation des agents de contr\u00f4le dans les unit\u00e9s de contr\u00f4le et gestion des int\u00e9rims \nde la direction d\u00e9partementale de l'emploi, du travail et des solidarit\u00e9s des Yvelines.  \n \nArticle 6  : Le Directeur r\u00e9gional et interd\u00e9partemental de l'\u00e9conomie, de l'emploi, du travail et des \nsolidarit\u00e9s d'Ile-de-France par int\u00e9rim est charg\u00e9 de l'application de la pr\u00e9sente d\u00e9cision, qui sera publi\u00e9e \nau recueil des actes administratifs de la r\u00e9gion Ile-de-France. \n \nFait \u00e0 Aubervilliers, le 03 septembre 2025 \nLe Directeur r\u00e9gional et interd\u00e9partemental de l'\u00e9conomie, de \nl'emploi, du travail et des solidarit\u00e9s,  \n \nSIGN\u00c9 \n \n \nFabrice MASI \nDirection r\u00e9gionale et interd\u00e9partementale de l'\u00e9conomie, de l'emploi, du travail et des solidarit\u00e9s d'\u00cele-de-France -\nIDF-2025-09-03-00007 - D\u00e9cision n\u00b0 2025-176 du 03 septembre 2025 portant affectation des agents de contr\u00f4le dans les unit\u00e9s de\ncontr\u00f4le et gestion des int\u00e9rims \nau sein de la direction d\u00e9partementale de l'emploi, du travail et des solidarit\u00e9s des Yvelines\n40\nDirection r\u00e9gionale et interd\u00e9partementale de\nl'\u00e9conomie, de l'emploi, du travail et des\nsolidarit\u00e9s d'\u00cele-de-France\nIDF-2025-09-03-00008\nD\u00e9cision n\u00b0 2025-177 du 03 septembre 2025\nportant affectation des agents de contr\u00f4le dans\nles unit\u00e9s de contr\u00f4le et gestion des  int\u00e9rims de\nl'Unit\u00e9 d\u00e9partementale des Hauts-de-Seine de la\nDRIEETS d'Ile-de-France\nDirection r\u00e9gionale et interd\u00e9partementale de l'\u00e9conomie, de l'emploi, du travail et des solidarit\u00e9s d'\u00cele-de-France -\nIDF-2025-09-03-00008 - D\u00e9cision n\u00b0 2025-177 du 03 septembre 2025\nportant affectation des agents de contr\u00f4le dans les unit\u00e9s de contr\u00f4le et gestion des  int\u00e9rims de l'Unit\u00e9 d\u00e9partementale des\nHauts-de-Seine de la DRIEETS d'Ile-de-France\n41\nMINISTEREDU TRAVAIL, DE LA SANTE,DES SOLIDARITESET DES FAMILLESLibert\u00e9\u00c9galit\u00e9Fraternit\u00e9\n \nDRIEETS Ile-de-France  \n19/21 rue Madeleine Vionnet  \n93300 AUBERVILLIERS                                                                                                                                                                                                                         \n  \nDirection r\u00e9gionale et interd\u00e9partementale \nde l'\u00e9conomie, de l'emploi, \ndu travail et des solidarit\u00e9s  \nd'Ile de France \n \n \n \n \n \nD\u00e9cision n\u00b0 2025-177 du 03 septembre 2025 \nportant affectation des agents de contr\u00f4le dans les unit\u00e9s de contr\u00f4le et gestion des int\u00e9rims \nde l'Unit\u00e9 d\u00e9partementale des Hauts-de-Seine de la DRIEETS d'Ile-de-France \n \n \n \nLe Directeur r\u00e9gional et interd\u00e9partemental de l'\u00e9conomie, de l'emploi, du travail et des solidarit\u00e9s d'Ile-\nde-France par int\u00e9rim, \n \nVu le code du travail, notamment ses articles R 8122-1 et suivants.  \n \nVu l'arr\u00eat\u00e9 interminist\u00e9riel du 12 ao\u00fbt  2025 nommant Fabrice MASI directeur r\u00e9gional et \ninterd\u00e9partemental de l'\u00e9conomie, de l'emploi, du travail et des solidarit\u00e9s d'\u00cele -de-France \u00e0 compter du \n25 ao\u00fbt 2025, \n \nVu l'arr\u00eat\u00e9 minist\u00e9riel du 25 mars 2024 portant cr\u00e9ation et r\u00e9partition des unit\u00e9s de contr\u00f4le de \nl'inspection du travail,  \n \nVu la d\u00e9cision n\u00b0 2021 -25 du 1er avril 2021 du directeur r\u00e9gional et interd\u00e9partemental de l'\u00e9conomie, de \nl'emploi, du travail et des solidarit\u00e9s d'Ile de France relative \u00e0 la localisation et \u00e0 la d\u00e9limitation des unit\u00e9s \nde contr\u00f4le et des sections d'inspection du travail de l'unit\u00e9 d\u00e9partementale des Hauts-de-Seine. \n \nD\u00c9CIDE : \n \nARTICLE 1er  \n \nSont nomm\u00e9s comme responsables des unit\u00e9s de contr\u00f4le de l' unit\u00e9 d\u00e9partementale des Hauts-de-Seine \nles agents suivants : \n \n- Unit\u00e9 de contr\u00f4le n\u00b0 1 : Madame Adeline GAZZOLA, directrice adjointe du travail. \n \n- Unit\u00e9 de contr\u00f4le n\u00b0 2 : Monsieur William WYTS, directeur adjoint du travail. \n \n- Unit\u00e9 de contr\u00f4le n\u00b0 3 : Madame Sylvie GUINOT, directrice adjointe du travail.  \n \n- Unit\u00e9 de contr\u00f4le n\u00b0 4 : Madame Samya KAMALI, directrice adjoint du travail. \n \n- Unit\u00e9 de contr\u00f4le n\u00b0 5 : Madame Nathalie NAMPON, directrice adjointe du travail. \n \n- Unit\u00e9 de contr\u00f4le n\u00b0 6 : Madame Lydia SAOULI, directrice adjointe du travail. \n \n- Unit\u00e9 de contr\u00f4le n\u00b0 7 : Madame Lydia SAOULI, directrice adjointe du travail, par int\u00e9rim.  \n \n \nDirection r\u00e9gionale et interd\u00e9partementale de l'\u00e9conomie, de l'emploi, du travail et des solidarit\u00e9s d'\u00cele-de-France -\nIDF-2025-09-03-00008 - D\u00e9cision n\u00b0 2025-177 du 03 septembre 2025\nportant affectation des agents de contr\u00f4le dans les unit\u00e9s de contr\u00f4le et gestion des  int\u00e9rims de l'Unit\u00e9 d\u00e9partementale des\nHauts-de-Seine de la DRIEETS d'Ile-de-France\n42\n \n2 / 6 \nARTICLE 2  \n \nSans pr\u00e9judice des dispositions de l'article R.8122-10-I du code du travail et conform\u00e9ment aux dispositions \nde l'article R.8122-11 du code du travail encadrant la r\u00e9partition organisationnelle des contr\u00f4les et juridique \nrelative aux d\u00e9cisions administratives et pouvoirs relevant de la comp\u00e9tence exclusive des inspecteurs du \ntravail dans les sections confi\u00e9es \u00e0 un contr\u00f4leur du travail, sont affect\u00e9s dans les sections d'inspection de \nl'unit\u00e9 d\u00e9partementale des Hauts-de-Seine les agents suivants : \n \nUnit\u00e9 de contr\u00f4le n\u00b0 1 \n \nSection 1-1 : Madame Delphine SARRASIN, inspectrice du travail.  \n \nSection 1-2 : Monsieur Virgile GARSMEUR, inspecteur du travail. \n \nSection 1-3 : Madame Leslie SALATA, inspectrice du travail. \n \nSection 1- 4 : Madame Val\u00e9rie LABATUT, inspectrice du travail.   \n \nSection 1-5 : Madame Christine ONNEE, inspectrice du travail. \n \nSection 1-6 : Madame Lisa ROUZIER, inspectrice du travail. \n \nSection 1-7 : Madame Suzanne BRUNELLI, inspectrice du travail, par int\u00e9rim.  \n \nSection 1-8 : Madame Suzanne BRUNELLI, inspectrice du travail. \n \nUnit\u00e9 de contr\u00f4le n\u00b0 2 \n \nSection 2-1 : Madame Caroline COLIN, inspectrice du travail. \n \nMadame Caroline COLIN  est \u00e9galement comp\u00e9tente pour le contr\u00f4le des \u00e9tablissements de transports \nroutiers situ\u00e9s 26, quai Charles Pasqua \u00e0 Levallois-Perret. \n \nSection 2-2 : Monsieur Timoth\u00e9e MASSON, inspecteur du travail. \n \nSection 2-3 : Monsieur Th\u00e9o NUGUES-SCHONFELD, inspecteur du travail. \n \nSection 2-4 : Monsieur Farouk DJEBARA, inspecteur du travail. \n \nSection 2-5 : Madame Manon DEMIGNE, inspectrice du travail. \n \nSection 2-6 : Monsieur Nolit DASYLVA, inspecteur du travail.  \n \nSection 2-7 : Madame Marie-Agn\u00e8s YAPO, inspecteur du travail, par int\u00e9rim. \n \nSection 2-8 : Madame Marie-Agn\u00e8s YAPO, inspectrice du travail. \n \nSection 2 -9 : Madame Marjorie CARO , inspectr ice du travail.  En cas d'emp\u00eachement, M onsieur Th\u00e9o \nNUGUES-SCHONFELD, inspecteur du travail. \n \nSection 2-10 : Monsieur Nosr-Eddine SEGHILI, inspecteur du travail, par int\u00e9rim. \n \nSection 2-11 : Monsieur Nosr-Eddine SEGHILI, inspecteur du travail. \nDirection r\u00e9gionale et interd\u00e9partementale de l'\u00e9conomie, de l'emploi, du travail et des solidarit\u00e9s d'\u00cele-de-France -\nIDF-2025-09-03-00008 - D\u00e9cision n\u00b0 2025-177 du 03 septembre 2025\nportant affectation des agents de contr\u00f4le dans les unit\u00e9s de contr\u00f4le et gestion des  int\u00e9rims de l'Unit\u00e9 d\u00e9partementale des\nHauts-de-Seine de la DRIEETS d'Ile-de-France\n43\n \n3 / 6 \n \nSection 2-12 : Monsieur Youssef CHEHADY, inspecteur du travail. \n \nUnit\u00e9 de contr\u00f4le n\u00b0 3 \n \nSection 3-1 : Madame St\u00e9phanie QUECHON, inspectrice du travail. \n \nSection 3-2 : Madame Ouarda SAOULA, inspectrice du travail. \n \nSection 3-3 : Monsieur Ronan LE VERGE, inspecteur du travail. \n \nSection 3-4 : Monsieur Guillaume THENOZ, inspecteur du travail. \n \nSection 3-5 : Monsieur Simon MAES, inspecteur du travail. \n \nSection 3-6 : Madame Sylvie BOBIN, inspectrice du travail.  \n \nSection 3-7 : Madame St\u00e9phanie HUDE, inspectrice du travail.  \n \nSection 3-8 : Monsieur Fr\u00e9d\u00e9ric PICARD, inspecteur du travail. \n \nSection 3-9 : Monsieur Philippe GARNEAU, contr\u00f4leur du travail. \n \nMonsieur Simon MAES , inspecteur du travail, est charg\u00e9 du contr\u00f4le des \u00e9tablissements d'au moins 50 \nsalari\u00e9s. \nIl est en outre comp\u00e9tent sur cette section pour prendre les d\u00e9cisions relevant de la comp\u00e9tence exclusive \nde l'inspecteur du travail en vertu de dispositions l\u00e9gislatives ou r\u00e9glementaires.  \n \nSection 3-10 : Monsieur Gaspard CHEVRIER, inspecteur du travail. \n \nSection 3-11 : Monsieur Philippe GARNEAU, contr\u00f4leur du travail, par int\u00e9rim. \n \nMonsieur Gaspard CHEVRIER, inspecteur du travail, est charg\u00e9 du contr\u00f4le des \u00e9tablissements d'au moins \n50 salari\u00e9s. \nIl est en outre comp\u00e9tent sur cette section pour prendre les d\u00e9cisions relevant de la comp\u00e9tence exclusive \nde l'inspecteur du travail en vertu de dispositions l\u00e9gislatives ou r\u00e9glementaires.  \n \nSection 3-12 : Madame Sylvie GUINOT, Directrice adjointe du travail, par int\u00e9rim. \n \nUnit\u00e9 de contr\u00f4le n\u00b0 4 \n \nSection 4-1 : Madame Martine JULAUD, inspectrice du travail, par int\u00e9rim.  \n \nSection 4-2 : Madame B\u00e9n\u00e9dicte MALAVASI, inspectrice du travail. \n \nSection 4-3 : Monsieur Mathieu DUCELIER, inspecteur du travail. \n \nSection 4-4 : Madame B\u00e9n\u00e9dicte MALAVASI, inspectrice du travail, par int\u00e9rim. \n \nSection 4-5 : Madame Martine JULAUD, inspectrice du travail.  \n \nSection 4-6 : Monsieur Camille ROCHEDREUX, inspecteur du travail. En cas d'emp\u00eachement, Madame In\u00e8s \nWERTHEIMER, inspectrice du travail.  \nDirection r\u00e9gionale et interd\u00e9partementale de l'\u00e9conomie, de l'emploi, du travail et des solidarit\u00e9s d'\u00cele-de-France -\nIDF-2025-09-03-00008 - D\u00e9cision n\u00b0 2025-177 du 03 septembre 2025\nportant affectation des agents de contr\u00f4le dans les unit\u00e9s de contr\u00f4le et gestion des  int\u00e9rims de l'Unit\u00e9 d\u00e9partementale des\nHauts-de-Seine de la DRIEETS d'Ile-de-France\n44\n \n4 / 6 \n \nSection 4-7 : Madame Anna TCHADJA-ADJE, inspectrice du travail. \n \nSection 4-8 : Monsieur Simon MAUGER, inspecteur du travail. \n \nSection 4-9 : Madame In\u00e8s WERTHEIMER, inspectrice du travail. \n \nSection 4-10 : Monsieur Beno\u00eet GOUEL, inspecteur du travail.  \n \nSection 4-11 : Madame Aur\u00e9lie LEHOUX, inspectrice du travail. \n \nSection 4-12 : Monsieur Richard BOUDET, inspecteur du travail. \n \nSection 4-13 : Monsieur Richard BOUDET, inspecteur du travail, par int\u00e9rim. \n \nUnit\u00e9 de contr\u00f4le n\u00b0 5 \n \nSection 5-1 : Monsieur St\u00e9phane GRIMALDI, inspecteur du travail.  \n \nSection 5-2 : Monsieur Benoit CHOPPIN, inspecteur du travail.  \n \nSection 5-3 : Madame Anne BOULANGER, inspectrice du travail.  \n \nSection 5-4 : Madame Alexia JOUZEL, inspectrice du travail. \n \nSection 5-5 : Monsieur David BLOYS, contr\u00f4leur du travail. \n \nMadame Alexia JOUZEL, inspectrice du travail, est charg\u00e9 e du contr\u00f4le des \u00e9tablissements d'au moins 50 \nsalari\u00e9s. \nElle est en outre comp\u00e9tent e sur cette section pour prendre les d\u00e9cisions relevant de la comp\u00e9tence \nexclusive de l'inspecteur du travail en vertu de dispositions l\u00e9gislatives ou r\u00e9glementaires, par int\u00e9rim.  \n \nSection 5-6 : Monsieur David BLOYS contr\u00f4leur du travail, par int\u00e9rim.  \n \nMadame Camille LARBANET -MONTUSCLAT, inspectrice du travail, est charg\u00e9e du contr\u00f4le des \n\u00e9tablissements d'au moins 50 salari\u00e9s. \nElle est en outre comp\u00e9tente sur cette section pour prendre les d\u00e9cisions relevant de la comp\u00e9tence \nexclusive de l'inspecteur du travail en vertu de dispositions l\u00e9gislatives ou r\u00e9glementaires, par int\u00e9rim.  \n \nSection 5-7 : Madame Audrey RAMASAWMY, contr\u00f4leur du travail.  Madame Audrey RAMASAWMY est en \noutre comp\u00e9tente pour les chantiers de la section 5-1. \n \nMadame Anne-V\u00e9ronique PENSEREAU, inspectrice du travail, est charg\u00e9e du contr\u00f4le des \u00e9tablissements \nd'au moins 50 salari\u00e9s. \nElle est en outre comp\u00e9tente sur cette section pour prendre, les d\u00e9cisions relevant de la comp\u00e9tence \nexclusive de l'inspecteur du travail en vertu de dispositions l\u00e9gislatives ou r\u00e9glementaires.  \n \nSection 5-8 : Madame Anne-V\u00e9ronique PENSEREAU, inspectrice du travail. \n \nSection 5-9 : Madame Francine LAURENT, inspectrice du travail. \n \nSection 5-10 : Madame Camille LARBANET-MONTUSCLAT, inspectrice du travail. \n \nDirection r\u00e9gionale et interd\u00e9partementale de l'\u00e9conomie, de l'emploi, du travail et des solidarit\u00e9s d'\u00cele-de-France -\nIDF-2025-09-03-00008 - D\u00e9cision n\u00b0 2025-177 du 03 septembre 2025\nportant affectation des agents de contr\u00f4le dans les unit\u00e9s de contr\u00f4le et gestion des  int\u00e9rims de l'Unit\u00e9 d\u00e9partementale des\nHauts-de-Seine de la DRIEETS d'Ile-de-France\n45\n \n5 / 6 \n \nSection 5-11 : Monsieur Gwendal HELARY, inspecteur du travail. \n \nUnit\u00e9 de contr\u00f4le n\u00b0 6 \n \nSection 6-1 : Monsieur Joris MONIER, inspecteur du travail. \n \nSection 6-2 : Madame Audrey COLLOBERT-MASSA, inspectrice du travail. \n \nSection 6-3 : Madame Laure BONDUELLE, inspectrice du travail. \n \nSection 6-4 : Madame M\u00e9lina SIERRA, inspectrice du travail, par int\u00e9rim.  \n \nSection 6-5 : Madame Laurence LEPROVOST, inspectrice du travail. \n \nSection 6-6 : Monsieur William RICHETON, inspecteur du travail. \n \nSection 6-7 : Monsieur Farid OUNISSI, inspecteur du travail. \n \nSection 6-8 : Monsieur Gilles FERNANDES, inspecteur du travail. \n \nSection 6-9 : Monsieur Hubert GOURDET, inspecteur du travail. En cas d'emp\u00eachement, Madame Laurence \nLEPROVOST, inspectrice du travail. \n \nUnit\u00e9 de contr\u00f4le n\u00b0 7 \n \nSection 7-1 : Madame Soizic DUPIRE, inspectrice du travail.  \n \nSection 7-2 : Madame Lise FRIQUET, inspectrice du travail. \n \nSection 7 -3 : Madame Anne Charlotte BONNEFONT, inspectrice du travail.  En cas d'emp\u00eachement, \nMadame Sophie ALGALARRONDO. \n \nSection 7-4 : Madame Oc\u00e9ane DELATTRE, inspectrice du travail. \n \nSection 7-5 : Monsieur Jean-Fran\u00e7ois GOS, inspecteur du travail. \n \nSection 7-6 : Madame Sophie ALGALARRONDO, inspectrice du travail. \n \nSection 7-7 : Monsieur Ludovic FOLY, inspecteur du travail. \n \nSection 7-8 : Monsieur Norbert MAHON, inspecteur du travail.  \n \nSection 7-9 : Madame M\u00e9lina SIERRA, inspectrice du travail.  \n \nARTICLE 3 \n \nEn cas d'absence ou d'emp\u00eachement d'un directeur adjoint du travail, d'un inspecteur ou contr\u00f4leur du \ntravail charg\u00e9 des actions d'inspection de la l\u00e9gislation du travail dans les sections d'inspection du travail \nen application de l'article 2, l'int\u00e9rim est organis\u00e9 selon les modalit\u00e9s ci-apr\u00e8s : \n \n- Int\u00e9rim des directeurs-adjoints du travail et des inspecteurs du travail : \n \nDirection r\u00e9gionale et interd\u00e9partementale de l'\u00e9conomie, de l'emploi, du travail et des solidarit\u00e9s d'\u00cele-de-France -\nIDF-2025-09-03-00008 - D\u00e9cision n\u00b0 2025-177 du 03 septembre 2025\nportant affectation des agents de contr\u00f4le dans les unit\u00e9s de contr\u00f4le et gestion des  int\u00e9rims de l'Unit\u00e9 d\u00e9partementale des\nHauts-de-Seine de la DRIEETS d'Ile-de-France\n46\n \n6 / 6 \nL'int\u00e9rim d'un directeur -adjoint du travail ou d'un inspecteur du travail absent ou emp\u00each\u00e9 sera \nprioritairement assur\u00e9 par un inspecteur du travail charg\u00e9 des actions d'inspection de la l\u00e9gislation du \ntravail dans les sections d'inspection du travail, en application de l'article 2, \u00e0 d\u00e9faut  par un responsable \nd'unit\u00e9 de contr\u00f4le d\u00e9sign\u00e9 \u00e0 l'article 1 et le cas \u00e9ch\u00e9ant par un contr\u00f4leur du travail, tous deux charg\u00e9s \ndes actions d'inspection de la l\u00e9gislation du travail dans les sections d'inspection du travail, en application \nde l'article 2 pour les \u00e9tablissements de moins de 50 salari\u00e9s. \n \n- Int\u00e9rim des contr\u00f4leurs du travail : \n \nL'int\u00e9rim d'un contr\u00f4leur du travail absent ou emp\u00each\u00e9 sera assur\u00e9 par un inspecteur du travail ou un \ncontr\u00f4leur du travail charg\u00e9 des actions d'inspection de la l\u00e9gislation du travail dans les sections \nd'inspection du travail, en application de l'article 2. Lorsque l'int\u00e9rim est assur\u00e9 par un contr\u00f4leur du travail, \nles pouvoirs de d\u00e9cision administrative relevant de la comp\u00e9tence exclusive d'un inspecteur du travail sont \nconfi\u00e9s \u00e0 un inspecteur du travail charg\u00e9 des actions d'inspection de la l\u00e9gislation d u travail dans les \nsections d'inspection du travail en application de l'article 2 ou \u00e0 un responsable d'unit\u00e9 de contr\u00f4le d\u00e9sign\u00e9 \n\u00e0 l'article 1, auxquels le contr\u00f4le des \u00e9tablissements de plus de 50 salari\u00e9s peut \u00eatre confi\u00e9.  \n \nARTICLE 4  \n \nEn cas d'absence ou d'emp\u00eachement d'un des responsables d'unit\u00e9 de contr\u00f4le d\u00e9sign\u00e9s \u00e0 l'article 1, \nl'int\u00e9rim est confi\u00e9 prioritairement \u00e0 un autre responsable d'unit\u00e9 de contr\u00f4le d\u00e9sign\u00e9s \u00e0 l'article 1, \u00e0 d\u00e9faut \n\u00e0 Monsieur J\u00e9r\u00f4me SAJOT, directeur du travail. \n \nARTICLE 5  \n \nConform\u00e9ment aux dispositions de l'article R.8122-10 du code du travail, les agents mentionn\u00e9s aux articles \n1 et 2 participent, lorsque l'action le rend n\u00e9cessaire, aux actions d'inspection de la l\u00e9gislation du travail \nsur le territoire de l'Unit\u00e9 d\u00e9partem entale de la DRIEETS \u00e0 laquelle est rattach\u00e9e l'unit\u00e9 de contr\u00f4le o\u00f9 ils \nsont affect\u00e9s. \n \nARTICLE 6 \n \nLa pr\u00e9sente d\u00e9cision prend effet \u00e0 la date de sa publication  et abroge la d\u00e9cision n\u00b0 2025- 139 du 1er ao\u00fbt \n2025 portant affectation des agents de contr\u00f4le dans les unit\u00e9s de contr\u00f4le et gestion des int\u00e9rims de \nl'unit\u00e9 d\u00e9partementale des Hauts-de-Seine de la DRIEETS d'Ile-de-France. \n \nARTICLE 7 \n \nLe Directeur r\u00e9gional et interd\u00e9partemental de l'\u00e9conomie, de l'emploi, du travail et des solidarit\u00e9s d'Ile -\nde-France par int\u00e9rim est charg\u00e9 de l'application de la pr\u00e9sente d\u00e9cision, qui sera publi\u00e9e au recueil des \nactes administratifs de la r\u00e9gion Ile-de-France.  \n \n \nFait \u00e0 Aubervilliers, le 03 septembre 2025 \n \nLe directeur r\u00e9gional et interd\u00e9partemental de \nl'\u00e9conomie, de l'emploi, du travail et des solidarit\u00e9s, \n \n \nSIGN\u00c9 \n \n \nFabrice MASI \nDirection r\u00e9gionale et interd\u00e9partementale de l'\u00e9conomie, de l'emploi, du travail et des solidarit\u00e9s d'\u00cele-de-France -\nIDF-2025-09-03-00008 - D\u00e9cision n\u00b0 2025-177 du 03 septembre 2025\nportant affectation des agents de contr\u00f4le dans les unit\u00e9s de contr\u00f4le et gestion des  int\u00e9rims de l'Unit\u00e9 d\u00e9partementale des\nHauts-de-Seine de la DRIEETS d'Ile-de-France\n47\nDirection r\u00e9gionale et interd\u00e9partementale de\nl'\u00e9conomie, de l'emploi, du travail et des\nsolidarit\u00e9s d'\u00cele-de-France\nIDF-2025-09-03-00006\nD\u00e9cision n\u00b02025-175 du 03 septembre 2025\nportant affectation des agents de contr\u00f4le dans\nles unit\u00e9s de contr\u00f4le et gestion des int\u00e9rims de\nla direction d\u00e9partementale de l'emploi, du\ntravail et des solidarit\u00e9s de Seine-et-Marne\nDirection r\u00e9gionale et interd\u00e9partementale de l'\u00e9conomie, de l'emploi, du travail et des solidarit\u00e9s d'\u00cele-de-France -\nIDF-2025-09-03-00006 - D\u00e9cision n\u00b02025-175 du 03 septembre 2025\nportant affectation des agents de contr\u00f4le dans les unit\u00e9s de contr\u00f4le et gestion des int\u00e9rims de la direction d\u00e9partementale de\nl'emploi, du travail et des solidarit\u00e9s de Seine-et-Marne\n48\nE 3MINIST\u00c8RE ;DU TRAVAIL, DE LA SANTE,DES SOLIDARITESET DES FAMILLESLibert\u00e9Egalit\u00e9Fraternit\u00e9\n \nDRIEETS d'Ile de France \n21 rue Madeleine Vionnet \n93300 AUBERVILLIERS                                                                                                                                                                                                                   1 / 4 \n \n  \nDirection r\u00e9gionale et interd\u00e9partementale \nde l'\u00e9conomie, de l'emploi, \ndu travail et des solidarit\u00e9s \nd'Ile de France \n \n \n \n \n \nD\u00e9cision n\u00b02025-175 du 03 septembre 2025 \nportant affectation des agents de contr\u00f4le dans les unit\u00e9s de contr\u00f4le et gestion des int\u00e9rims de la \ndirection d\u00e9partementale de l'emploi, du travail et des solidarit\u00e9s de Seine -et-Marne \n \n \n \nLe directeur r\u00e9gional de l'\u00e9conomie, de l'emploi, du travail et des solidarit\u00e9s de la r\u00e9gion Ile-de-France par int\u00e9rim \n \nVu le code du travail, notamment ses articles R. 8122-1 et suivants.  \n \nVu le d\u00e9cret n\u00b0 2020 -1545 du 9 d\u00e9cembre 2020 relatif \u00e0 l'organisation et aux missions des directions r\u00e9gionales \nde l'\u00e9conomie, de l'emploi, du travail et des solidarit\u00e9s, des directions d\u00e9partementales de l'emploi, du travail et \ndes solidarit\u00e9s et des directi ons d\u00e9partementales de l'emploi, du travail, des solidarit\u00e9s et de la protection des \npopulations, \n \nVu l'arr\u00eat\u00e9 interminist\u00e9riel du 12 ao\u00fbt  2025 nommant Monsieur Fabrice MASI  directeur r\u00e9gional et \ninterd\u00e9partemental de l'\u00e9conomie, de l'emploi, du travail et des solidarit\u00e9s d'\u00cele-de-France, \u00e0 compter du 25 ao\u00fbt \n2025, \n \nVu l'arr\u00eat\u00e9 minist\u00e9riel du 25 mars 2024 portant cr\u00e9ation et r\u00e9partition des unit\u00e9s de contr\u00f4le de l'inspection du \ntravail,  \n \nVu la d\u00e9cision n\u00b0 2023-193 du 26 d\u00e9cembre 2023 du directeur r\u00e9gional et interd\u00e9partemental de l'\u00e9conomie, de \nl'emploi, du travail et des solidarit\u00e9s d'Ile -de-France relative \u00e0 la localisation et \u00e0 la d\u00e9limitation des unit\u00e9s de \ncontr\u00f4le et des sections d'inspection du travail de la direction d\u00e9partementale de l'emploi, du travail et des \nsolidarit\u00e9s de Seine et Marne, \n \nD\u00c9CIDE \n \nArticle 1er :  \n \nSans pr\u00e9judice des dispositions de l'article R.8122 -10 du code du travail et conform\u00e9ment aux dispositions de \nl'article R.8122-11 du code du travail, sont affect\u00e9s dans les sections d'inspection de la direction d\u00e9partementale \nde l'emploi, du travail et des solidarit\u00e9s de Seine et Marne les agents suivants : \nUnit\u00e9 de contr\u00f4le N\u00b0 1  \nsise 3 rue de la Galmy CS 10582 77701 Marne la Vall\u00e9e Cedex 4 \n \nResponsable de l'unit\u00e9 de contr\u00f4le : Monsieur Jean-Baptiste LY VAN TU, Directeur adjoint du travail  \n \nSection 1-01 A : Madame Pauline LEFEVRE, Inspectrice du travail \n \nSection 1-02 : Madame Laetitia HENNOUS, Inspectrice du travail \n \nSection 1-03 : Madame Ellouna BENELMOUFFOK, Inspectrice du travail \n \nSection 1-04 : Madame Nolwenn LE YOUDEC, Inspectrice du travail \nDirection r\u00e9gionale et interd\u00e9partementale de l'\u00e9conomie, de l'emploi, du travail et des solidarit\u00e9s d'\u00cele-de-France -\nIDF-2025-09-03-00006 - D\u00e9cision n\u00b02025-175 du 03 septembre 2025\nportant affectation des agents de contr\u00f4le dans les unit\u00e9s de contr\u00f4le et gestion des int\u00e9rims de la direction d\u00e9partementale de\nl'emploi, du travail et des solidarit\u00e9s de Seine-et-Marne\n49\n \n2 / 4 \n \nSection 1-05 TF et Fl : Madame Juliette MATHIEU, Inspectrice du travail \n \nSection 1-06 : Monsieur Alexis COSTES, Inspecteur du travail  \n \nSection 1-07 : Mme Aur\u00e9lie BELLENGER, Inspectrice du travail \n \nSection 1-08 TR : Monsieur Karim BOURAS, Inspecteur du travail \n \nEn cas d'absence ou d'emp\u00eachement de Monsieur Karim BOURAS, l'int\u00e9rim de la section est assur\u00e9 par Monsieur \nJean-Baptiste LY VAN TU, Directeur adjoint du travail assumant les fonctions d'Inspecteur du travail \nUnit\u00e9 de contr\u00f4le N\u00b0 2  \nsise 3 rue de la Galmy CS 10582 77701 Marne la Vall\u00e9e Cedex 4 \n \nResponsable de l'unit\u00e9 de contr\u00f4le : Poste vacant \n \nMonsieur R\u00e9gis PERROT, Directeur du travail, est en charge de l'int\u00e9rim du poste \n \nSection 2-01 : Monsieur Thomas SALGADO, Inspecteur du travail \n \nSection 2-02 : Madame Marine DESMORTIERS, Inspectrice du travail ; \n \nSection 2-03 :  Madame Ga\u00eblle BOTZUNG, Inspectrice du travail \n \nSection 2-04 : Monsieur L\u00e9o BOURSIER, Inspecteur du travail \n \nSection 2-05 T : Madame Carmen ZIEGLER, Inspectrice du travail \n \nSection 2-06 : Madame Mathilde MALHER, Inspectrice du travail  \n \nSection 2-07 : Section vacante \n \nMonsieur Jean-Baptiste LY VAN TU Directeur adjoint du travail assumant les fonctions d 'inspecteur du travail, est \nen charge de l'int\u00e9rim de la section \n \nSection 2-08 A : Madame Christine GHIZZONI, Inspectrice du travail  \n \nEn cas d'absence ou d'emp\u00eachement de Madame Christine GHIZZONI, l'int\u00e9rim  de la section  est assur\u00e9 par \nMadame Ga\u00eblle BOTZUNG, Inspectrice du travail \nUnit\u00e9 de contr\u00f4le N\u00b0 3  \n20 quai Hippolyte Rossignol 77011 Melun cedex \n \nResponsable de l'unit\u00e9 de contr\u00f4le : Monsieur Rapha\u00ebl SEROUR, Directeur adjoint du travail \n \nSection 3-01 : Madame No\u00e9mie CHASSARD, Inspectrice du travail \n \nSection 3-02 : Madame Evelyne ZOUBICOU, Inspectrice du travail \n \nSection 3-03 : Madame Nathalie BARBERYE, Inspectrice du travail \n \nSection 3-04 : Madame Cl\u00e9lia SCALI, Inspectrice du travail \n \nSection 3-5 : Monsieur Miguel REVES, Inspecteur du travail \n  \nSection 3-6 A :  Madame Laura TERROBA, Inspectrice du travail \n \nSection3-07 T : Madame Ingrid LAWSON, Inspectrice du travail \n \nDirection r\u00e9gionale et interd\u00e9partementale de l'\u00e9conomie, de l'emploi, du travail et des solidarit\u00e9s d'\u00cele-de-France -\nIDF-2025-09-03-00006 - D\u00e9cision n\u00b02025-175 du 03 septembre 2025\nportant affectation des agents de contr\u00f4le dans les unit\u00e9s de contr\u00f4le et gestion des int\u00e9rims de la direction d\u00e9partementale de\nl'emploi, du travail et des solidarit\u00e9s de Seine-et-Marne\n50\n \n3 / 4 \nSection3-08 : Madame Amandine BARON-ALECI, Inspectrice du travail \n \nUnit\u00e9 de contr\u00f4le N\u00b0 4  \n20 quai Hippolyte Rossignol 77011 Melun cedex \n \nResponsable de l'unit\u00e9 de contr\u00f4le : Poste vacant \n \nMonsieur Rapha\u00ebl SEROUR, Directeur adjoint du travail, est en charge de l'int\u00e9rim du poste \n \nSection 4-01A : Madame Karine PAUVERT, Contr\u00f4leuse du Travail  \n \nMadame Caroline ROUSSEAU, Inspectrice du travail, est en charge du contr\u00f4le des \u00e9tablissements d'au moins 50 \nsalari\u00e9s.  \n \nConform\u00e9ment aux dispositions de l'article R. 8122-11 1\u00b0 du code du travail, Madame Caroline ROUSSEAU exerce \nles pouvoirs de d\u00e9cision administrative relevant de la comp\u00e9tence exclusive d'un inspecteur du travail. \n \nSection 4-02: Madame Nadia DIOP, Inspectrice du travail \n \nSection 4-03 : Monsieur Raphael PREAU, Inspecteur du travail \n \nSection 4-04 : Madame Mathilde HERMIER, Inspectrice du travail \n \nSection 4-05 F : Madame Charlotte ALLAIRE, Inspectrice du travail. \n \nSection 4-06 : Madame Maud HABERT, Inspectrice du travail \n \nSection 4-07 : Madame Caroline ROUSSEAU, Inspectrice du travail  \n \nSection 4-08 T : Madame Karine MEDAILLE, Inspectrice du travail \n \nSection 4-09 : Monsieur Anthony TRAVERT, Inspecteur du travail \n \n \nArticle 2 : \n \nEn cas d'absence ou d'emp\u00eachement d'un ou d'une responsable d'unit\u00e9 de contr\u00f4le d\u00e9sign\u00e9s \u00e0 l'article 1 ci-dessus, \nl'int\u00e9rim sera assur\u00e9 par un ou une autre responsable d'unit\u00e9 de contr\u00f4le de la Direction d\u00e9partementale de \nl'emploi du travail et des solidarit\u00e9s de Seine et Marne. \n \nEn cas d'absence ou d'emp\u00eachement d'un inspecteur ou d'une inspectrice du travail, l'int\u00e9rim sera \nprioritairement assur\u00e9 par un inspecteur ou inspectrice du travail affect\u00e9(e) dans la m\u00eame unit\u00e9 de contr\u00f4le ou \u00e0 \nd\u00e9faut une autre unit\u00e9 de contr\u00f4le ou par un  responsable d'unit\u00e9 de contr\u00f4le dans la m\u00eame ou une autre unit\u00e9 \nde contr\u00f4le. \n \nEn cas d'absence ou d'emp\u00eachement d'un contr\u00f4leur ou d'une contr\u00f4leuse du travail, l'int\u00e9rim sera assur\u00e9 par un \ncontr\u00f4leur ou contr\u00f4leuse du travail affect\u00e9(e) dans la m\u00eame unit\u00e9 de contr\u00f4le et, en cas d'absence ou \nd'emp\u00eachement de celui-ci ou de celle-ci, par un contr\u00f4leur ou une contr\u00f4leuse du travail affect\u00e9(e) sur l'une des \nautres unit\u00e9s de contr\u00f4le ou, en cas d'absence ou d'emp\u00eachement, par un inspecteur du travail ou d'une \ninspectrice du travail affect\u00e9(e) dans la m\u00eame unit\u00e9 de contr\u00f4le ou une autre u nit\u00e9 de contr\u00f4le ou par un \nresponsable d'unit\u00e9 de contr\u00f4le dans la m\u00eame ou une autre unit\u00e9 de contr\u00f4le. \n \n \nArticle 3 :  \n \nConform\u00e9ment aux dispositions de l'article R.8122 -10 du code du travail, les agents mentionn\u00e9s \u00e0 l'article 1 \nparticipent lorsque l'action le rend n\u00e9cessaire aux actions d'inspection de la l\u00e9gislation du travail sur le territoire \nde la direction d\u00e9partementale de l'emploi du travail et des solidarit\u00e9s de Seine et Marne \u00e0 laquelle est rattach\u00e9e \nl'Unit\u00e9 de contr\u00f4le o\u00f9 ils sont affect\u00e9s. \n \nDirection r\u00e9gionale et interd\u00e9partementale de l'\u00e9conomie, de l'emploi, du travail et des solidarit\u00e9s d'\u00cele-de-France -\nIDF-2025-09-03-00006 - D\u00e9cision n\u00b02025-175 du 03 septembre 2025\nportant affectation des agents de contr\u00f4le dans les unit\u00e9s de contr\u00f4le et gestion des int\u00e9rims de la direction d\u00e9partementale de\nl'emploi, du travail et des solidarit\u00e9s de Seine-et-Marne\n51\n \n4 / 4 \n \nArticle 4 : \n \nLa d\u00e9cision n\u00b0 2025-131 du 1er ao\u00fbt 2025 portant affectation des agents de contr\u00f4le dans les unit\u00e9s de contr\u00f4le et \ngestion des int\u00e9rims de la direction d\u00e9partementale de l'emploi, du travail et des solidarit\u00e9s de Seine et Marne , \nest abrog\u00e9e. \n \n \nArticle 5 : \n \nLa pr\u00e9sente d\u00e9cision prend effet \u00e0 la date de sa publication. \n \nArticle 6 : \n \nLe directeur r\u00e9gional et interd\u00e9partemental de l'\u00e9conomie, de l'emploi, du travail et des solidarit\u00e9s d'Ile-de-France \nest charg\u00e9 de l'application de la pr\u00e9sente d\u00e9cision, qui sera publi\u00e9e au recueil des actes administratifs de la r\u00e9gion \nIle-de-France. \n \n \n \nFait \u00e0 Aubervilliers, le 03 septembre 2025 \n \nLe directeur r\u00e9gional et interd\u00e9partemental de l'\u00e9conomie, \nde l'emploi, du travail et des solidarit\u00e9s de la r\u00e9gion Ile-de-\nFrance, \n \nSIGN\u00c9 \n \nFabrice MASI \nDirection r\u00e9gionale et interd\u00e9partementale de l'\u00e9conomie, de l'emploi, du travail et des solidarit\u00e9s d'\u00cele-de-France -\nIDF-2025-09-03-00006 - D\u00e9cision n\u00b02025-175 du 03 septembre 2025\nportant affectation des agents de contr\u00f4le dans les unit\u00e9s de contr\u00f4le et gestion des int\u00e9rims de la direction d\u00e9partementale de\nl'emploi, du travail et des solidarit\u00e9s de Seine-et-Marne\n52","date":"2025-09-04","first_seen_on":"2025-09-04T16:48:52+00:00","id":"ff64867375121b2009290b72a77388dbea251a9fce5927b14faed4660aa7a3de","name":"recueil-idf-014-2025-09-RAA-nominatifs du 04.09.2025","pdf_creation_date":"2025-09-04T15:03:30+00:00","pdf_modification_date":null,"timezone":"Europe/Paris","url":"https://www.prefectures-regions.gouv.fr/ile-de-france/irecontenu/telechargement/130690/960921/file/recueil-idf-014-2025-09-RAA-nominatifs%20du%2004.09.2025.pdf"}
