{"administration":"pref21","administration_name":"Pr\u00e9fecture de C\u00f4te-d\u2019Or","content":"PR\u00c9FET\nDE LA C\u00d4TE-D'OR\nRECUEIL DES ACTES\nADMINISTRATIFS SP\u00c9CIAL\nN\u00b021-2024-023\nPUBLI\u00c9 LE 31 JANVIER 2024\nSommaire\nDirection d\u00e9partementale des territoires de la C\u00f4te-d'Or / Service S\u00e9curit\u00e9 et\nEducation Routi\u00e8re\n21-2024-01-31-00001 - Arr\u00eat\u00e9 n\u00b0228 portant dispositions particuli\u00e8res de\ncirculation sur le r\u00e9seau autoroutier en C\u00f4te-d\u25a1Or \u00e0 l\u25a1occasion des\nmanifestations des agriculteurs (2 pages) Page 3\nPr\u00e9fecture de la C\u00f4te-d'Or / Cabinet\n21-2024-01-31-00002 - Arr\u00eat\u00e9 pr\u00e9fectoral autorisant la captation,\nl\u25a1enregistrement et la transmission d\u25a1images\nau moyen de cam\u00e9ras\ninstall\u00e9es sur des a\u00e9ronefs (2 pages) Page 6\nPr\u00e9fecture de la C\u00f4te-d'Or / Direction des s\u00e9curit\u00e9s\n21-2024-01-30-00006 - Arr\u00eat\u00e9 pr\u00e9fectoral autorisant la captation,\nl\u25a1enregistrement et la transmission d\u25a1images\nau moyen de cam\u00e9ras\ninstall\u00e9es sur des a\u00e9ronefs (3 pages) Page 9\n2\nDirection d\u00e9partementale des territoires de la\nC\u00f4te-d'Or\nService S\u00e9curit\u00e9 et Education Routi\u00e8re\n21-2024-01-31-00001\nArr\u00eat\u00e9 n\u00b0228 portant dispositions particuli\u00e8res\nde circulation sur le r\u00e9seau autoroutier en\nC\u00f4te-d\u25a1Or \u00e0 l\u25a1occasion des manifestations des\nagriculteurs\nDirection d\u00e9partementale des territoires de la C\u00f4te-d'Or - 21-2024-01-31-00001 - Arr\u00eat\u00e9 n\u00b0228 portant dispositions particuli\u00e8res de\ncirculation sur le r\u00e9seau autoroutier en C\u00f4te-d\u25a1Or \u00e0 l\u25a1occasion des manifestations des agriculteurs 3\nExPREFETDE LACOTE-D'ORLibert\u00e9Egalit\u00e9Fraternit\u00e9\nDirection d\u00e9partementale des territoires\nde la C\u00f4te-d'Or\nDijon, le 31 janvier 2024\nArr\u00eat\u00e9 n\u00b0228\nportant dispositions particuli\u00e8res de circulation sur le r\u00e9seau autoroutier en C\u00f4te-d'Or \u00e0\nl'occasion des manifestations des agriculteurs\nLe pr\u00e9fet de la r\u00e9gion Bourgogne-Franche-Comt\u00e9\nPr\u00e9fet de la C\u00f4te-d'Or\nVU le code de la route, et notamment les articles R. 411-18, R.421-1 \u00e0 R421-10  ,\nVU le d\u00e9cret n\u00b02005-1499 du 5 d\u00e9cembre 2005 relatif \u00e0 la consistance du r\u00e9seau national,\nVU le d\u00e9cret n\u00b02004-374 du 29 avril 2004 relatif aux pouvoirs des pr\u00e9fets, \u00e0 l'organisation et \u00e0\nl'action des services de l'\u00c9tat dans les r\u00e9gions et les d\u00e9partements,\nVU le d\u00e9cret du 26 septembre  2022  nommant Monsieur Franck ROBINE,  pr\u00e9fet de la r\u00e9gion\nBourgogne-Franche-Comt\u00e9, Pr\u00e9fet de la C\u00f4te d'Or (hors classe)  ;\nVU l'arr\u00eat\u00e9 interminist\u00e9riel du 24 novembre 1967 modifi\u00e9, relatif \u00e0 la signalisation des routes et\nautoroutes,\nVU l'arr\u00eat\u00e9 pr\u00e9fectoral n\u00b01199/SG  du 17 octobre  2022  donnant  d\u00e9l\u00e9gation  de signature  \u00e0 M.\nOlivier GERSTLE, sous-pr\u00e9fet, directeur de cabinet du pr\u00e9fet,\nVU le mouvement  social des professionnels de l'agriculture  d\u00e9but\u00e9  le 25  janvier  2024  sur le\nd\u00e9partement de la C\u00f4te-d'Or,\nConsid\u00e9rant qu'il y a lieu de r\u00e9glementer la circulation afin de garantir la s\u00e9curit\u00e9 des usagers  ,\nARR\u00caTE\nArticle 1er :\nA compter du mercredi 31 janvier 2024 \u00e0 10h00, l a circulation est interdite dans les deux sens  de\ncirculation sur l'autoroute A 31 entre le diffuseur n\u00b0 4 d'ARC-SUR-TILLE e t la limite administrative\nde la Haute Marne et de la C\u00f4te-d'Or.\nDirection d\u00e9partementale des territoires de la C\u00f4te-d'Or\n57, rue de Mulhouse - BP 53317 - 21033 Dijon CEDEX\nT\u00e9l. : 03 80 29 44 44\nCourriel : ddt@cote-dor.gouv.fr\nDirection d\u00e9partementale des territoires de la C\u00f4te-d'Or - 21-2024-01-31-00001 - Arr\u00eat\u00e9 n\u00b0228 portant dispositions particuli\u00e8res de\ncirculation sur le r\u00e9seau autoroutier en C\u00f4te-d\u25a1Or \u00e0 l\u25a1occasion des manifestations des agriculteurs 4\nArticle 2 : \nLes  services  de  gendarmerie  et  d'APRR  pourront,  en  fonction  des  circonstances,  all\u00e9ger  ou\nrenforcer les mesures pr\u00e9vues et prendre toutes initiatives utiles afin de pourvoir \u00e0 la s\u00e9curit\u00e9 des\nusagers de l'autoroute et faciliter l'\u00e9coulement de la circulation.\nArticle 3 : \nDes mesures d'information des usagers seront prises par le canal  :\n\u2022 de messages sur les Panneaux \u00e0 Messages Variables (PMV) situ\u00e9s en section courante de\nl'autoroute,\n\u2022 de messages sur PMVA situ\u00e9 en entr\u00e9e des gares de p\u00e9age,\n\u2022 de messages sur \u00abAutoroute Info 107.7\u00bb,\n\u2022 du service d'information vocale autoroutier,\n\u2022 du site internet www.aprr.fr.\nArticle 4 : \nLe pr\u00e9sent arr\u00eat\u00e9 peut faire l'objet d'un recours gracieux aupr\u00e8s du pr\u00e9fet et/ou d'un recours\ncontentieux devant le tribunal administratif dans un d\u00e9lai de 2 mois \u00e0 compter de sa notification.\nLe  tribunal  administratif  peut  \u00eatre  saisi  par  un  recours  d\u00e9pos\u00e9  via  l'application  T\u00e9l\u00e9recours\ncitoyens accessible par le site internet www.telerecours.fr \u00bb.\nArticle 5 : \n- le Directeur de Cabinet du pr\u00e9fet de la C\u00f4te-d'Or,\n- le Pr\u00e9sident du Conseil D\u00e9partemental de C\u00f4te-d'Or,\n- le Pr\u00e9sident de Dijon M\u00e9tropole,\n- le Directeur d'exploitation d'APRR,\n- le Commandant de la R\u00e9gion de Gendarmerie de Bourgogne-Franche-Comt\u00e9 et du Groupement\nde C\u00f4te-d'Or,\n- le Directeur  Interd\u00e9partemental  de  la  Police  Nationale,  sont  charg\u00e9s,  chacun  en  ce  qui  le\nconcerne, de l'ex\u00e9cution du pr\u00e9sent arr\u00eat\u00e9.\nLe pr\u00e9sent arr\u00eat\u00e9 sera publi\u00e9 au recueil des actes administratifs de la Pr\u00e9fecture de C\u00f4te d'Or.\nUne copie du pr\u00e9sent arr\u00eat\u00e9 sera adress\u00e9e pour information:\n- au Directeur G\u00e9n\u00e9ral des Infrastructures des Transports et de la Mer du MTES,\n- au Directeur D\u00e9partemental des Services d'Incendie et de Secours de la C\u00f4te-d'Or,\n- au SAMU de Dijon,\n- aux pr\u00e9fectures de la zone de d\u00e9fense Est et de la Haute-Marne.\nFait \u00e0 Dijon, le 31 janvier 2024\nLe pr\u00e9fet,\npour le pr\u00e9fet et par d\u00e9l\u00e9gation,\nle sous-pr\u00e9fet directeur de cabinet\nORIGINAL SIGNE\nOlivier GERSTLE\nDirection d\u00e9partementale des territoires de la C\u00f4te-d'Or\n57, rue de Mulhouse - BP 53317 - 21033 Dijon CEDEX\nT\u00e9l. : 03 80 29 44 44\nCourriel : ddt@cote-dor.gouv.fr\nDirection d\u00e9partementale des territoires de la C\u00f4te-d'Or - 21-2024-01-31-00001 - Arr\u00eat\u00e9 n\u00b0228 portant dispositions particuli\u00e8res de\ncirculation sur le r\u00e9seau autoroutier en C\u00f4te-d\u25a1Or \u00e0 l\u25a1occasion des manifestations des agriculteurs 5\nPr\u00e9fecture de la C\u00f4te-d'Or\nCabinet\n21-2024-01-31-00002\nArr\u00eat\u00e9 pr\u00e9fectoral autorisant la captation,\nl\u25a1enregistrement et la transmission d\u25a1images\nau moyen de cam\u00e9ras install\u00e9es sur des a\u00e9ronefs\nPr\u00e9fecture de la C\u00f4te-d'Or - 21-2024-01-31-00002 - Arr\u00eat\u00e9 pr\u00e9fectoral autorisant la captation, l\u25a1enregistrement et la transmission\nd\u25a1images\nau moyen de cam\u00e9ras install\u00e9es sur des a\u00e9ronefs\n6\nExPREFETDE LACOTE-D'ORLibert\u00e9Egalit\u00e9Fraternit\u00e9\nDirection des s\u00e9curit\u00e9s\nDijon, le 31 janvier 2024\nArr\u00eat\u00e9 pr\u00e9fectoral N\u00b0231\nautorisant la captation, l'enregistrement et la transmission d'images\nau moyen de cam\u00e9ras install\u00e9es sur des a\u00e9ronefs\nLe pr\u00e9fet de la C\u00f4te-d'Or\nVU le code de la s\u00e9curit\u00e9 int\u00e9rieure et notamment ses articles L. 242-1 \u00e0 L. 242-8 et R. 242-8 \u00e0 R. 242-\n14 ;\nVU le d\u00e9cret n\u00b0 2004-374 du 29 avril 2004 relatif aux pouvoirs des pr\u00e9fets, \u00e0 l'organisation et \u00e0\nl'action des services de l'\u00c9tat dans les r\u00e9gions et d\u00e9partements ;\nVU le d\u00e9cret du Pr\u00e9sident de la R\u00e9publique du 26 septembre 2022, nommant M. Franck ROBINE,\npr\u00e9fet de Bourgogne Franche Comt\u00e9 ; pr\u00e9fet de C\u00f4te d'Or ;\nVU l'arr\u00eat\u00e9 du ministre de l'Int\u00e9rieur et des outre-mer, en date du 19 avril 2023 relatif au nombre\nmaximal de cam\u00e9ras install\u00e9es sur des a\u00e9ronefs pouvant \u00eatre simultan\u00e9ment utilis\u00e9es dans chaque\nd\u00e9partement et collectivit\u00e9 d'outre-mer ;\nVU  l'arr\u00eat\u00e9 pr\u00e9fectoral n\u00b0148/SG du 18 janvier 2024 donnant d\u00e9l\u00e9gation de signature \u00e0 monsieur\nOlivier GERSTL\u00c9, sous pr\u00e9fet, directeur de cabinet du pr\u00e9fet de la r\u00e9gion Bourgogne Franche-Comt\u00e9,\npr\u00e9fet de C\u00f4te d'Or ;\nVU  l'arr\u00eat\u00e9  pr\u00e9fectoral  \u00b0209  du  29  janvier  2024  autorisant  la  captation,  l'enregistrement  et  la\ntransmission d'images au moyen de cam\u00e9ras install\u00e9es sur des a\u00e9ronefs ;\nVU la demande formul\u00e9e par le groupement de gendarmerie d\u00e9partementale de la C\u00f4te-d'Or, visant\n\u00e0 obtenir  l'autorisation  de capter,  d'enregistrer  et  de  transmettre des  images  au  moyen d'une\ncam\u00e9ra install\u00e9e sur des a\u00e9ronefs aux fins d'assurer la r\u00e9gulation des flux de transport ;\nVU l'urgence ;\nCONSID\u00c9RANT que les dispositions susvis\u00e9es permettent aux forces de s\u00e9curit\u00e9 int\u00e9rieure, dans\nl'exercice de leurs missions de pr\u00e9vention des atteintes \u00e0 l'ordre public et de protection de la\ns\u00e9curit\u00e9  des  personnes  et  des  biens,  de  proc\u00e9der  \u00e0  la  captation,  \u00e0  l'enregistrement  et  \u00e0  la\ntransmission d'images au moyen de cam\u00e9ras install\u00e9es sur des a\u00e9ronefs  ; que notamment, le 4\u00b0 de\nl'article L. 242-5 susvis\u00e9 pr\u00e9voit que ces dispositifs peuvent \u00eatre mis en \u0153uvre pour proc\u00e9der \u00e0 la\nr\u00e9gulation des flux de transports aux fins du maintien de l'ordre et de la s\u00e9curit\u00e9 publics ;\nCONSID\u00c9RANT que les actions de blocages men\u00e9es par les agriculteurs depuis plusieurs jours dans\nle cadre d'un mouvement de contestation national entra\u00eenent des perturbations importantes sur le\nr\u00e9seau  autoroutier  et  routier  du  d\u00e9partement  de  la  C\u00f4te-d'Or ;  que  selon  les  informations\ndisponibles de nouveaux blocages de routes et autoroutes sont pr\u00e9vues dans le d\u00e9partement de la\nC\u00f4te-d'Or au cours des prochains jours ;\nCONSID\u00c9RANT que le recours aux a\u00e9ronefs permettra aux forces de s\u00e9curit\u00e9 de disposer d'une\nvision d'ensemble, en grand angle, des \u00e9v\u00e9nements susmentionn\u00e9s  ; que ce dispositif permettra\nd'identifier rapidement les dispositions particuli\u00e8res de circulation \u00e0 mettre en \u0153uvre sur le r\u00e9seau\nautoroutier et routier du d\u00e9partement ;\nPr\u00e9fecture de la C\u00f4te-d'Or - 21-2024-01-31-00002 - Arr\u00eat\u00e9 pr\u00e9fectoral autorisant la captation, l\u25a1enregistrement et la transmission\nd\u25a1images\nau moyen de cam\u00e9ras install\u00e9es sur des a\u00e9ronefs\n7\nCONSID\u00c9RANT que la demande porte sur l'engagement de deux cam\u00e9ras a\u00e9roport\u00e9es  ; que les\nlieux surveill\u00e9s sont strictement limit\u00e9s aux secteurs dans lesquels des actions de blocage sont\nsusceptibles  d'\u00eatre  organis\u00e9es ;  qu'au  regard  des  circonstances  susmentionn\u00e9es,  la  demande\nn'appara\u00eet pas disproportionn\u00e9e ;\nSUR proposition de monsieur le directeur de cabinet du pr\u00e9fet de la r\u00e9gion Bourgogne-Franche-\nComt\u00e9, pr\u00e9fet de la C\u00f4te-d'Or, \nARR\u00caTE\nArticle 1er :  l'arr\u00eat\u00e9 pr\u00e9fectoral \u00b0209 du 29 janvier 2024 autorisant la captation, l'enregistrement et\nla transmission d'images au moyen de cam\u00e9ras install\u00e9es sur des a\u00e9ronefs est abrog\u00e9.\nArticle  2 :  La  captation,  l'enregistrement  et  la  transmission  d'images  par  le  groupement  de\ngendarmerie d\u00e9partementale de la C\u00f4te-d'Or , est autoris\u00e9e au titre de la  r\u00e9gulation des flux de\ntransport  \u00e0  l'occasion  des  actions  de  blocages  men\u00e9es  par  les  agriculteurs  dans  le  cadre  du\nmouvement de contestation national.\nArticle  3 :  Le  nombre  maximal  de  cam\u00e9ras  pouvant  proc\u00e9der  simultan\u00e9ment  aux  traitements\nmentionn\u00e9s \u00e0 l'article 2 est fix\u00e9 \u00e0 2, install\u00e9es sur un drone Mavic 3T n\u00b0 1581F5FJD236200DM388 et\nun h\u00e9licopt\u00e8re Eurocopter EC 135 n\u00b0797 immatricul\u00e9 FMJDI.\nArticle 4 : La pr\u00e9sente autorisation est accord\u00e9e sur les lieux suivants :\n- P\u00e9age de l'autoroute A31 (commune de Til-Chatel),\n- \u00c9changeur A6/A38 (commune de Pouilly-en-Auxois),\n- \u00c9changeur A6/A31 (commune de Beaune),\n- Diffuseur A36 (sortie n\u00b01, commune de Chamblanc),\n- Commune d'Arnay-le-Duc et axes aux abords (RD 906 et RD 981).\n- Commune de Saulieu\nArticle 5 : La pr\u00e9sente autorisation est d\u00e9livr\u00e9e du mercredi 31 janvier 2024 au lundi 05 f\u00e9vrier 2024\ninclus.\nArticle 6 : Le registre mentionn\u00e9 \u00e0 l'article L. 241-4 du code de la s\u00e9curit\u00e9 int\u00e9rieure est transmis au\nrepr\u00e9sentant de l'\u00c9tat dans le d\u00e9partement \u00e0 l'issue de la manifestation.\nArticle 7  : Le pr\u00e9sent arr\u00eat\u00e9 est publi\u00e9 au recueil des actes administratifs de la pr\u00e9fecture et peut\nfaire l'objet d'un recours contentieux devant le tribunal administratif de Dijon dans un d\u00e9lai de deux\nmois \u00e0 compter de sa publication.\nArticle 8  :  Le directeur de cabinet du pr\u00e9fet de la r\u00e9gion Bourgogne-Franche-Comt\u00e9, pr\u00e9fet de la\nC\u00f4te-d'Or, le secr\u00e9taire g\u00e9n\u00e9ral de la pr\u00e9fecture de la C\u00f4te-d'Or et le g\u00e9n\u00e9ral commandant la r\u00e9gion\nde  gendarmerie  de  Bourgogne  Franche-Comt\u00e9,  commandant  le  groupement  de  gendarmerie\nd\u00e9partementale de la C\u00f4te-d'Or, chacun en ce qui le concerne, de l'ex\u00e9cution du pr\u00e9sent arr\u00eat\u00e9 qui\nsera adress\u00e9 pour copie \u00e0 monsieur le procureur de la R\u00e9publique pr\u00e8s le tribunal judiciaire de Dijon.\nFait \u00e0 Dijon, le 31 janvier 2024\nLe pr\u00e9fet,\nPour le pr\u00e9fet et par d\u00e9l\u00e9gation\nLe sous-pr\u00e9fet, directeur de cabinet\nOriginal sign\u00e9\nOlivier GERSTL\u00c9\nPr\u00e9fecture de la C\u00f4te-d'Or - 21-2024-01-31-00002 - Arr\u00eat\u00e9 pr\u00e9fectoral autorisant la captation, l\u25a1enregistrement et la transmission\nd\u25a1images\nau moyen de cam\u00e9ras install\u00e9es sur des a\u00e9ronefs\n8\nPr\u00e9fecture de la C\u00f4te-d'Or\nDirection des s\u00e9curit\u00e9s\n21-2024-01-30-00006\nArr\u00eat\u00e9 pr\u00e9fectoral autorisant la captation,\nl\u25a1enregistrement et la transmission d\u25a1images\nau moyen de cam\u00e9ras install\u00e9es sur des a\u00e9ronefs\nPr\u00e9fecture de la C\u00f4te-d'Or - 21-2024-01-30-00006 - Arr\u00eat\u00e9 pr\u00e9fectoral autorisant la captation, l\u25a1enregistrement et la transmission\nd\u25a1images\nau moyen de cam\u00e9ras install\u00e9es sur des a\u00e9ronefs\n9\nzPREFETDE LACOTE-D'ORLibert\u00e9Egalit\u00e9Fraternit\u00e9\nDirection des s\u00e9curit\u00e9s\nDijon, le 30 janvier 2024\nArr\u00eat\u00e9 pr\u00e9fectoral N\u00b0227\nautorisant la captation, l'enregistrement et la transmission d'images\nau moyen de cam\u00e9ras install\u00e9es sur des a\u00e9ronefs\nLe pr\u00e9fet de la C\u00f4te-d'Or\nVU le code de la s\u00e9curit\u00e9 int\u00e9rieure et notamment ses articles L. 242-1 \u00e0 L. 242-8 et R. 242-8 \u00e0 R. 242-\n14 ;\nVU le d\u00e9cret n\u00b0 2004-374 du 29 avril 2004 relatif aux pouvoirs des pr\u00e9fets, \u00e0 l'organisation et \u00e0\nl'action des services de l'\u00c9tat dans les r\u00e9gions et d\u00e9partements ;\nVU l'arr\u00eat\u00e9 du ministre de l' Int\u00e9rieur et des outre-mer, en date du 19 avril 2023 relatif au nombre\nmaximal de cam\u00e9ras install\u00e9es sur des a\u00e9ronefs pouvant \u00eatre simultan\u00e9ment utilis\u00e9es dans chaque\nd\u00e9partement et collectivit\u00e9 d'outre-mer ;\nVU le d\u00e9cret du Pr\u00e9sident de la R\u00e9publique du 26 septembre 2022, nommant M. Franck ROBINE,\npr\u00e9fet de Bourgogne Franche Comt\u00e9 ; pr\u00e9fet de C\u00f4te d'Or ;\nVU la demande en date du 30 janvier 2024, formul\u00e9e par la direction interd\u00e9partementale de la\npolice  nationale  de  la  C\u00f4te-d'Or,  visant  \u00e0  obtenir  l'autorisation  de  capter,  d'enregistrer  et  de\ntransmettre des images au moyen d'une cam\u00e9ra install\u00e9e sur des a\u00e9ronefs aux fins d'assurer la\npr\u00e9vention des atteintes \u00e0 la s\u00e9curit\u00e9 des personnes et des biens ;\nVU l'urgence ;\nCONSID\u00c9RANT que les dispositions susvis\u00e9es permettent aux forces de s\u00e9curit\u00e9 int\u00e9rieure, dans\nl'exercice de leurs missions de pr\u00e9vention des atteintes \u00e0 l'ordre public et de protection de la\ns\u00e9curit\u00e9  des  personnes  et  d es  biens,  de  proc\u00e9der  \u00e0  la  captation,  \u00e0  l'enregistrement  et  \u00e0  la\ntransmission d'images au moyen de cam\u00e9ras install\u00e9es sur des a\u00e9ronefs  ; que notamment, le 1\u00b0 de\nl'article L. 242-5 susvis\u00e9 pr\u00e9voit que ces dispositifs peuvent \u00eatre mis en \u0153uvre pour la pr\u00e9vention des\natteintes \u00e0 la s\u00e9curit\u00e9 des personnes et des biens dans des lieux particuli\u00e8rement expos\u00e9s, en raison\nde leurs caract\u00e9ristiques ou des faits qui s'y sont d\u00e9j\u00e0 d\u00e9roul\u00e9s, \u00e0 des risques d'agression, de vol ou\nde trafics d'armes, d'\u00eatres humains ou de stup\u00e9fiants, ainsi que la protection des b\u00e2timents et\ninstallations publics et de leurs abords imm\u00e9diats, lorsqu'ils sont particuli\u00e8rement expos\u00e9s \u00e0 des\nrisques d'intrusion ou de d\u00e9gradations ;\nCONSID\u00c9RANT que  dans  le cadre  d'un  mouvement  de  contestation  national  des  agriculteurs,\nplusieurs actions se sont d\u00e9roul\u00e9es sur le territoire de la commune de Beaune le 30 janvier 2024,\nlesquelles ont principalement vis\u00e9 des enseignes de la grande distribution ( d\u00e9versement de pneus,\nlisier, fumier et autres d\u00e9chets de v\u00e9g\u00e9taux...) ; que selon les informations disponibles ces actions se\npoursuivront au cours des prochains jours sur le territoire de la commune de Beaune ;\nPr\u00e9fecture de la C\u00f4te-d'Or - 21-2024-01-30-00006 - Arr\u00eat\u00e9 pr\u00e9fectoral autorisant la captation, l\u25a1enregistrement et la transmission\nd\u25a1images\nau moyen de cam\u00e9ras install\u00e9es sur des a\u00e9ronefs\n10\nCONSID\u00c9RANT que le recours aux a\u00e9ronefs permet tra aux forces de s\u00e9curit\u00e9 de disposer d'une\nvision d'ensemble, en grand angle, des \u00e9v\u00e9nements susmentionn\u00e9s  ; que ce dispositif permettra\nd'identifier rapidement les  troubles \u00e0 l'ordre public et d'organiser les man\u0153uvres de maintien de\nl'ordre tout en limitant l'engagement des forces au sol ;\nCONSID\u00c9RANT que la demande porte sur l'engagement de deux cam\u00e9ras a\u00e9roport\u00e9es  ; que les\nlieux surveill\u00e9s sont strictement limit\u00e9s aux secteurs dans lesquels des actions sont susceptibles\nd'\u00eatre  organis\u00e9es ;  qu'au  regard  des  circonstances  susmentionn\u00e9es,  la  demande  n'appara\u00eet  pas\ndisproportionn\u00e9e ;\nSUR proposition de monsieur le directeur de cabinet du pr\u00e9fet de la r\u00e9gion Bourgogne-Franche-\nComt\u00e9, pr\u00e9fet de la C\u00f4te-d'Or,\nARR\u00caTE\nArticle  1er :  La  captation,  l'enregistrement  et  la  transmission  d'images  par  la  direction\ninterd\u00e9partementale de la police nationale de la C\u00f4te-d'Or , est autoris\u00e9e au titre de la pr\u00e9vention\ndes atteintes \u00e0 la s\u00e9curit\u00e9 des personnes et des biens \u00e0 l'occasion des actions men\u00e9es par les\nagriculteurs dans le cadre du mouvement de contestation national.\nArticle  2 :  Le  nombre  maximal  de  cam\u00e9ras  pouvant  proc\u00e9der  simultan\u00e9ment  aux  traitements\nmentionn\u00e9s  \u00e0  l'article  1 er est  fix\u00e9  \u00e0  2,  install\u00e9es  sur  deux  drones  DJI  mod\u00e8le  Entreprise  SN\n276CH3NROA024B et 276CH3NROa0247 .\nArticle 3  : La pr\u00e9sente autorisation est  accord\u00e9e au sein du p\u00e9rim\u00e8tre g\u00e9ographique d\u00e9limit\u00e9 en\nannexe du pr\u00e9sent arr\u00eat\u00e9.\nArticle 4  : La pr\u00e9sente autorisation est  valable du mercredi 31 janvier 2024 au dimanche 4 f\u00e9vrier\n2024 inclus.\nArticle 5 : L'information du public sur la mise en \u0153uvre du dispositif pr\u00e9vu par le pr\u00e9sent arr\u00eat\u00e9 est\nassur\u00e9e comme suit par la direction interd\u00e9partementale de la police nationale :\n- information sur les r\u00e9seaux sociaux,\n- information sur les lieux de la manifestation.\nArticle 6 : Le registre mentionn\u00e9 \u00e0 l'article L. 241-4 du code de la s\u00e9curit\u00e9 int\u00e9rieure est transmis au\nrepr\u00e9sentant de l'\u00c9tat dans le d\u00e9partement dans les meilleurs d\u00e9lais.\nArticle 7  : Le pr\u00e9sent arr\u00eat\u00e9 est publi\u00e9 au recueil des actes administratifs de la pr\u00e9fecture et peut\nfaire l'objet d'un recours contentieux devant le tribunal administratif de Dijon dans un d\u00e9lai de deux\nmois \u00e0 compter de sa publication.\nArticle  8 :  Le directeur de cabinet du pr\u00e9fet de la r\u00e9gion Bourgogne-Franche-Comt\u00e9, pr\u00e9fet de la\nC\u00f4te-d'Or, le secr\u00e9taire g\u00e9n\u00e9ral de la pr\u00e9fecture de la C\u00f4te-d'Or et le directeur interd\u00e9partemental\nde la police nationale de la C\u00f4te-d'Or sont charg\u00e9s, chacun en ce qui le concerne, de l'ex\u00e9cution du\npr\u00e9sent arr\u00eat\u00e9 qui sera adress\u00e9 pour copie \u00e0 monsieur le procureur de la R\u00e9publique pr\u00e8s le tribunal\njudiciaire de Dijon.\nFait \u00e0 Dijon, le 30 janvier 2024\nLe pr\u00e9fet,\nOriginal sign\u00e9\nFranck ROBINE\nPr\u00e9fecture de la C\u00f4te-d'Or - 21-2024-01-30-00006 - Arr\u00eat\u00e9 pr\u00e9fectoral autorisant la captation, l\u25a1enregistrement et la transmission\nd\u25a1images\nau moyen de cam\u00e9ras install\u00e9es sur des a\u00e9ronefs\n11\nANNEXE\nPr\u00e9fecture de la C\u00f4te-d'Or - 21-2024-01-30-00006 - Arr\u00eat\u00e9 pr\u00e9fectoral autorisant la captation, l\u25a1enregistrement et la transmission\nd\u25a1images\nau moyen de cam\u00e9ras install\u00e9es sur des a\u00e9ronefs\n12","date":"2024-01-31","first_seen_on":"2025-09-14T08:04:54+00:00","id":"ff6c71f9cf49ddf02df2c409dcb528e57a53e2d7291e0ba8537390b78f15f1fd","name":"RAA n\u00b0 023 du 31 janvier 2024","pdf_creation_date":"2024-01-31T08:52:25+00:00","pdf_modification_date":null,"timezone":"Europe/Paris","url":"https://www.cote-dor.gouv.fr/contenu/telechargement/20574/157468/file/recueil-21-2024-023-recueil-des-actes-administratifs-special.pdf"}
