{"administration":"prefidf","administration_name":"Pr\u00e9fecture de la r\u00e9gion \u00cele-de-France","content":"PREFECTURE\nREGION ILE DE\nFRANCE\nRECUEIL DES ACTES\nADMINISTRATIFS SP\u00c9CIAL\n(NOMINATIFS)\nN\u00b0IDF-031-2025-11\nPUBLI\u00c9 LE 19 NOVEMBRE 2025\nSommaire\nAgence R\u00e9gionale de Sant\u00e9 / service r\u00e9gional des transports sanitaires\nIDF-2025-11-18-00005 - Arr\u00eat\u00e9 n\u00b0DOS-2025/4790 portant changement\nde responsable l\u00e9gal de la SARL AMBULANCES SAINTE EMILIE (2 pages) Page 3\nIDF-2025-11-18-00003 - Arr\u00eat\u00e9 n\u00b0DOS-2025/4791 portant transfert de\nlocaux de la SASU AMBULANCE SOS SANT\u00c9 (2 pages) Page 6\nPr\u00e9fecture de la R\u00e9gion d'Ile de France, Pr\u00e9fecture de Paris\n-Secr\u00e9tariat g\u00e9n\u00e9ral aux moyens mutualis\u00e9s / Service des ressources\nhumaines\nIDF-2025-11-18-00004 - Arr\u00eat\u00e9 modifiant l'arr\u00eat\u00e9 pr\u00e9fectoral\nIDF-2023-03-02-00001 portant d\u00e9signation des membres du comit\u00e9\nsocial d'administration de proximit\u00e9 de la pr\u00e9fecture de la r\u00e9gion\nd'Ile-de-France, pr\u00e9fecture de Paris (3 pages) Page 9\n2\nAgence R\u00e9gionale de Sant\u00e9\nIDF-2025-11-18-00005\nArr\u00eat\u00e9 n\u00b0DOS-2025/4790 portant changement\nde responsable l\u00e9gal de la SARL AMBULANCES\nSAINTE EMILIE\nAgence R\u00e9gionale de Sant\u00e9 - IDF-2025-11-18-00005 - Arr\u00eat\u00e9 n\u00b0DOS-2025/4790 portant changement de responsable l\u00e9gal de la SARL\nAMBULANCES SAINTE EMILIE 3\nEoREPUBLIQUEFRAN CAI SE \u00a9 D Agence R\u00e9gionale de Sant\u00e9Libert\u00e9 Ile-de-France\u00c9galit\u00e9Fraternit\u00e9\n \n \n \n \n \n \n \nAGENCE R\u00c9GIONALE DE SANT\u00c9 \u00ceLE-DE-FRANCE \nARR\u00caT\u00c9 N\u00b0DOS-2025/4790 \nportant changement de responsable l\u00e9gal de la SARL AMBULANCES SAINTE EMILIE \n(77420 Champs-sur-Marne) \n \nLE DIRECTEUR G\u00c9N\u00c9RAL DE L'AGENCE R\u00c9GIONALE DE SANT\u00c9 \u00ceLE-DE-FRANCE \n \nVU le Code de la Sant\u00e9 Publique et notamment ses articles L.6311-1 \u00e0 L.6311-2, L.6312-1 \u00e0 L.6312-\n5, L.6313-1, R.6312-1 \u00e0 R.6312-23, R.6312-29 \u00e0 R.6312-43, R.6313-5 \u00e0 R.6313-7-1 ; \n \nVU la loi n\u00b0 2009-879 du 21 juillet 2009 portant r\u00e9forme de l'h\u00f4pital et relative aux patients, \u00e0 la sant\u00e9 \net aux territoires ; \n \nVU le d\u00e9cret n\u00b0 2010-344 du 31 mars 2010 tirant les cons\u00e9quences, au niveau r\u00e8glementaire, de \nl'intervention de la loi n\u00b0 2009-879 du 21 juillet 2009 portant r\u00e9forme de l'h\u00f4pital et relative aux \npatients, \u00e0 la sant\u00e9 et aux territoires ;  \n \nVU le d\u00e9cret du 10 avril 2024 portant nomination de Monsieur Denis ROBIN, Directeur g\u00e9n\u00e9ral de \nl'Agence r\u00e9gionale de sant\u00e9 \u00cele de France \u00e0 compter du 29 avril 2024 ; \n \nVU l'arr\u00eat\u00e9 minist\u00e9riel du 21 d\u00e9cembre 1987 modifi\u00e9 relatif \u00e0 la composition du dossier d'agr\u00e9ment \ndes personnes effectuant des transports sanitaires terrestres et au contr\u00f4le des v\u00e9hicules \naffect\u00e9s aux transports sanitaires ; \n \nVU l'arr\u00eat\u00e9 du 12 d\u00e9cembre 2017 modifi\u00e9 fixant les caract\u00e9ristiques et les installations mat\u00e9rielles \nexig\u00e9es pour les v\u00e9hicules affect\u00e9s aux transports sanitaires terrestres ; \n \nVU l'arr\u00eat\u00e9 DS N\u00b0034/2024 du Directeur g\u00e9n\u00e9ral de l'Agence r\u00e9gionale de sant\u00e9 \u00cele de France en \ndate du 29 avril 2024, portant d\u00e9l\u00e9gation de signature \u00e0 Monsieur Arnaud CORVAISIER, \nDirecteur de l'offre de soins, et \u00e0 certains de ses collaborateurs ; \n \nVU l'arr\u00eat\u00e9 pr\u00e9fectoral N\u00b0 96DDASS20AMPAMB en date du 10 mai 1995 portant agr\u00e9ment, de \nla SARL AMBULANCES SAINTE EMILIE, sise 2, r\u00e9sidence des All\u00e9luias \u00e0 Mouroux (77120) \ndont le responsable l\u00e9gal est Monsieur Alain POULAIN ; \n \nVU l'arr\u00eat\u00e9 pr\u00e9fectoral N\u00b0 95DDASS46AMPAMB en date du 12 septembre 1996 portant transfert des \nlocaux et changement de responsable l\u00e9gal, de la SARL AMBULANCES SAINTE EMILIE situ\u00e9 \nd\u00e9sormais au 26 bis, rue de Paris \u00e0 Champs-sur-Marne (77420), dont le nouveau responsable \nl\u00e9gal est Monsieur Eric BEAUVARLET ; \n \nVU l'arr\u00eat\u00e9 pr\u00e9fectoral N\u00b0 98DDASS02ASPAMB en date du 24 mars 1998 portant changement de \nresponsable l\u00e9gal, de la SARL AMBULANCES SAINTE EMILIE, dont le nouveau responsable \nl\u00e9gal est Monsieur Henri LETROSNE ; \n \nVU l'arr\u00eat\u00e9 N\u00b0 DOS-2016-366 du Directeur g\u00e9n\u00e9ral de l'Agence r\u00e9gionale de sant\u00e9 \u00cele de France en \ndate du 02 novembre 2016 portant changement de responsable l\u00e9gal, de la SARL \nAMBULANCES SAINTE EMILIE, dont les nouveaux responsables l\u00e9gaux sont Madame B\u00e9atrice \nBEROUD et Monsieur Michel AMBROISE ; \nAgence R\u00e9gionale de Sant\u00e9 - IDF-2025-11-18-00005 - Arr\u00eat\u00e9 n\u00b0DOS-2025/4790 portant changement de responsable l\u00e9gal de la SARL\nAMBULANCES SAINTE EMILIE 4\n2 \n \nVU l'arr\u00eat\u00e9 N\u00b0 DOS-2019/280 du Directeur g\u00e9n\u00e9ral de l'Agence r\u00e9gionale de sant\u00e9 \u00cele de France en \ndate du 07 f\u00e9vrier 2019 portant transfert des locaux, de la SARL AMBULANCES SAINTE EMILIE \ndu 26 bis, rue de Paris \u00e0 Champs-sur-Marne (77420) au 103, avenue Jean Jaur\u00e8s \u00e0 Champs-\nsur-Marne (77420) ; \n \nCONSIDERANT le dossier de demande de modification de l'agr\u00e9ment pr\u00e9sent\u00e9 par Monsieur Vincent \nGUYOT de relatif au changement de responsable l\u00e9gal de la SARL AMBULANCES SAINTE EMILIE ; \n \nCONSIDERANT la conformit\u00e9 du dossier de changement de responsable l\u00e9gal aux dispositions de \nl'arr\u00eat\u00e9 du 21 d\u00e9cembre 1987 modifi\u00e9 ci-dessus vis\u00e9 ; \n \n \nARR\u00caTE \n \n \nARTICLE 1 : Monsieur Vincent GUYOT est nomm\u00e9 nouveau responsable l\u00e9gal de la SARL \nAMBULANCES SAINTE EMILIE, sise 103, avenue Jean Jaur\u00e8s \u00e0 Champs-sur-Marne (77420),\u00e0 la \ndate du pr\u00e9sent arr\u00eat\u00e9. \n \nARTICLE 2 : La pr\u00e9sente d\u00e9cision peut faire l'objet d'un recours gracieux aupr\u00e8s de Monsieur le \nDirecteur g\u00e9n\u00e9ral de l'Agence r\u00e9gionale de sant\u00e9, sise 13, rue du Landy 93200 Saint-Denis. \n Un recours contentieux peut \u00e9galement \u00eatre d\u00e9pos\u00e9 aupr\u00e8s du tribunal administratif comp\u00e9tent.   \n Le d\u00e9lai de recours est de deux mois \u00e0 compter de la notification de l'arr\u00eat\u00e9 pour l'int\u00e9ress\u00e9 ou de sa \npublication pour les tiers. \n Ces recours n'ont pas pour effet de suspendre le caract\u00e8re ex\u00e9cutoire de la pr\u00e9sente d\u00e9cision.    \n \nARTICLE 3 : Le Directeur de l'offre de soins est charg\u00e9 de l'ex\u00e9cution du pr\u00e9sent arr\u00eat\u00e9, qui sera \npubli\u00e9 au Recueil des Actes Administratifs des services de l'\u00c9tat. \n  \n \n \nFait \u00e0 Saint-Denis, le 18 novembre 2025         \n \nP/Le Directeur g\u00e9n\u00e9ral \nde l'Agence r\u00e9gionale de sant\u00e9 \nIle-de-France,  \nLa Responsable du service r\u00e9gional \ndes transports sanitaires, \n \n \n \n \n \nS\u00e9verine TEISSEDRE \n \nSign\u00e9 \nAgence R\u00e9gionale de Sant\u00e9 - IDF-2025-11-18-00005 - Arr\u00eat\u00e9 n\u00b0DOS-2025/4790 portant changement de responsable l\u00e9gal de la SARL\nAMBULANCES SAINTE EMILIE 5\nAgence R\u00e9gionale de Sant\u00e9\nIDF-2025-11-18-00003\nArr\u00eat\u00e9 n\u00b0DOS-2025/4791 portant transfert de\nlocaux de la SASU AMBULANCE SOS SANT\u00c9\nAgence R\u00e9gionale de Sant\u00e9 - IDF-2025-11-18-00003 - Arr\u00eat\u00e9 n\u00b0DOS-2025/4791 portant transfert de locaux de la SASU AMBULANCE SOS\nSANT\u00c9 6\nREPUBLIQUEFRANCAISELibert\u00e9Egalit\u00e9Fraternit\u00e9\n4@ D Agence R\u00e9gionale de Sant\u00e9Ile-de-France\n \n \n \n \n \n \n \nAGENCE R\u00c9GIONALE DE SANT\u00c9 \u00ceLE-DE-FRANCE \nARR\u00caT\u00c9 N\u00b0DOS-2025/4791 \nportant transfert des locaux de la SASU AMBULANCE SOS SANTE \n(78260 Ach\u00e8res) \n \nLE DIRECTEUR G\u00c9N\u00c9RAL DE L'AGENCE R\u00c9GIONALE DE SANT\u00c9 \u00ceLE-DE-FRANCE \n \n \nVU le Code de la Sant\u00e9 Publique et notamment ses articles L.6311-1 \u00e0 L.6311-2, L.6312-1 \u00e0 L.6312-\n5, L.6313-1, R.6312-1 \u00e0 R.6312-23, R.6312-29 \u00e0 R.6312-43, R.6313-5 \u00e0 R.6313-7-1 ; \n \nVU la loi n\u00b0 2009-879 du 21 juillet 2009 portant r\u00e9forme de l'h\u00f4pital et relative aux patients, \u00e0 la sant\u00e9 \net aux territoires ; \n \nVU le d\u00e9cret n\u00b0 2010-344 du 31 mars 2010 tirant les cons\u00e9quences, au niveau r\u00e8glementaire, de \nl'intervention de la loi n\u00b0 2009-879 du 21 juillet 2009 portant r\u00e9forme de l'h\u00f4pital et relative aux \npatients, \u00e0 la sant\u00e9 et aux territoires ; \n \nVU le d\u00e9cret du 10 avril 2024 portant nomination de Monsieur Denis ROBIN, Directeur g\u00e9n\u00e9ral de \nl'Agence r\u00e9gionale d'\u00cele de France \u00e0 compter du 29 avril 2024 ; \n \nVU l'arr\u00eat\u00e9 minist\u00e9riel du 21 d\u00e9cembre 1987 modifi\u00e9 relatif \u00e0 la composition du dossier d'agr\u00e9ment \ndes personnes effectuant des transports sanitaires terrestres et au contr\u00f4le des v\u00e9hicules \naffect\u00e9s aux transports sanitaires ; \n \nVU l'arr\u00eat\u00e9 du 12 d\u00e9cembre 2017 modifi\u00e9 fixant les caract\u00e9ristiques et les installations mat\u00e9rielles \nexig\u00e9es pour les v\u00e9hicules affect\u00e9s aux transports sanitaires terrestres ; \n \nVU l'arr\u00eat\u00e9 DS N\u00b0034/2024 du Directeur g\u00e9n\u00e9ral de l'Agence r\u00e9gionale d'\u00cele de France en date du \n29 avril 2024, portant d\u00e9l\u00e9gation de signature \u00e0 Monsieur Arnaud CORVAISIER, Directeur de \nl'offre de soins, et \u00e0 certains de ses collaborateurs ; \n \nVU l'arr\u00eat\u00e9 n\u00b0 DOS-2025/2962 du Directeur g\u00e9n\u00e9ral de l'Agence r\u00e9gionale de sant\u00e9 Ile de France en \ndate du 03 juillet 2025, portant agr\u00e9ment sous le n\u00b0 ARS-IDF-TS/398, de la SASU AMBULANCE \nSOS SANTE, sise 3, rue Camille Jenatzy \u00e0 Ach\u00e8res (78260), dont le pr\u00e9sident est Monsieur \nBandiougou DOUCOURE ; \n \nCONSIDERANT l'accord de transfert des autorisations de mise en service, des v\u00e9hicules de cat\u00e9gorie \nC type immatricul\u00e9s DX-585-FA et EY-308-GQ d\u00e9livr\u00e9 par les services de l'ARS Ile-de-France le 11 \nseptembre 2025. ; \n \nCONSIDERANT la demande de modification de l'agr\u00e9ment d\u00e9pos\u00e9e par le responsable l\u00e9gal de la \nsoci\u00e9t\u00e9 relative au transfert des locaux ; \n \nCONSIDERANT la conformit\u00e9 du dossier de demande de transfert des locaux aux dispositions de \nl'arr\u00eat\u00e9 du 21 d\u00e9cembre 1987 modifi\u00e9 ci-dessus vis\u00e9 ; \n \nAgence R\u00e9gionale de Sant\u00e9 - IDF-2025-11-18-00003 - Arr\u00eat\u00e9 n\u00b0DOS-2025/4791 portant transfert de locaux de la SASU AMBULANCE SOS\nSANT\u00c9 7\n2 \n \nCONSIDERANT l'attestation sur l'honneur relative \u00e0 la conformit\u00e9 des installations mat\u00e9rielles, aux \nnormes d\u00e9finies par l'arr\u00eat\u00e9 du 12 d\u00e9cembre 2017 ci-dessus vis\u00e9 ainsi qu'aux normes d'hygi\u00e8ne et de \nsalubrit\u00e9 ; \n \n \nARR\u00caTE \n \nARTICLE 1er : La SASU AMBULANCE SOS SANTE est autoris\u00e9e \u00e0 transf\u00e9rer ses locaux du 3, rue \nCamille Jenatzy \u00e0 Ach\u00e8res (78260) au 27, rue Panhard Levassor \u00e0 Chanteloup-les-Vignes (78570) \u00e0 \nla date du pr\u00e9sent arr\u00eat\u00e9.    \n \nARTICLE 2 : La pr\u00e9sente d\u00e9cision peut faire l'objet d'un recours gracieux aupr\u00e8s de Monsieur le \nDirecteur g\u00e9n\u00e9ral de l'Agence r\u00e9gionale de sant\u00e9, sise 13, rue du Landy 93200 Saint-Denis. \n Un recours contentieux peut \u00e9galement \u00eatre d\u00e9pos\u00e9 aupr\u00e8s du tribunal administratif comp\u00e9tent.   \n Le d\u00e9lai de recours est de deux mois \u00e0 compter de la notification de l'arr\u00eat\u00e9 pour l'int\u00e9ress\u00e9 ou de sa \npublication pour les tiers. \n Ces recours n'ont pas pour effet de suspendre le caract\u00e8re ex\u00e9cutoire de la pr\u00e9sente d\u00e9cision.    \n \nARTICLE 3 : Le Directeur de l'offre de soins est charg\u00e9 de l'ex\u00e9cution du pr\u00e9sent arr\u00eat\u00e9, qui sera publi\u00e9 \nau Recueil des Actes Administratifs des services de l'\u00c9tat.  \n \n \n \n \nFait \u00e0 Saint-Denis, le 18 novembre 2025         \n \nP/Le Directeur g\u00e9n\u00e9ral \nde l'Agence r\u00e9gionale de sant\u00e9 \nIle-de-France,  \nLa Responsable du service r\u00e9gional \ndes transports sanitaires, \n \n \n \n \n \nS\u00e9verine TEISSEDRE \n \nSign\u00e9 \nAgence R\u00e9gionale de Sant\u00e9 - IDF-2025-11-18-00003 - Arr\u00eat\u00e9 n\u00b0DOS-2025/4791 portant transfert de locaux de la SASU AMBULANCE SOS\nSANT\u00c9 8\nPr\u00e9fecture de la R\u00e9gion d'Ile de France,\nPr\u00e9fecture de Paris -Secr\u00e9tariat g\u00e9n\u00e9ral aux\nmoyens mutualis\u00e9s\nIDF-2025-11-18-00004\nArr\u00eat\u00e9 modifiant l'arr\u00eat\u00e9 pr\u00e9fectoral\nIDF-2023-03-02-00001 portant d\u00e9signation des\nmembres du comit\u00e9 social d'administration de\nproximit\u00e9 de la pr\u00e9fecture de la r\u00e9gion\nd'Ile-de-France, pr\u00e9fecture de Paris\nPr\u00e9fecture de la R\u00e9gion d'Ile de France, Pr\u00e9fecture de Paris -Secr\u00e9tariat g\u00e9n\u00e9ral aux moyens mutualis\u00e9s - IDF-2025-11-18-00004 - Arr\u00eat\u00e9\nmodifiant l'arr\u00eat\u00e9 pr\u00e9fectoral IDF-2023-03-02-00001 portant d\u00e9signation des membres du comit\u00e9 social d'administration de proximit\u00e9\nde la pr\u00e9fecture de la r\u00e9gion d'Ile-de-France, pr\u00e9fecture de Paris\n9\nE =PREFET _DE LA REGIOND'\u00ceLE-DE-FRANCELibert\u00e9Egalit\u00e9Fraternit\u00e9\n  \n Secr\u00e9tariat g\u00e9n\u00e9ral  \naux moyens mutualis\u00e9s \nService des ressources humaines \n \n \n \nArr\u00eat\u00e9 \nmodifiant l'arr\u00eat\u00e9 pr\u00e9fectoral IDF-2023-03-02-00001 portant d\u00e9signation des membres du comit\u00e9 \nsocial d'administration de proximit\u00e9 de la pr\u00e9fecture de la r\u00e9gion d'Ile-de-France, pr\u00e9fecture de \nParis \n \n \nLe pr\u00e9fet de la r\u00e9gion d'Ile-de-France, pr\u00e9fet de Paris \nGrand Officier de la L\u00e9gion d'honneur \nOfficier de l'Ordre national du M\u00e9rite \n \n \nVu le code g\u00e9n\u00e9ral de la fonction publique  ; \nVu l'arr\u00eat\u00e9 du 3 juin 2022 instituant des comit\u00e9s s ociaux d'administration au sein des minist\u00e8res de \nl'int\u00e9rieur et des outre-mer  ;  \nVu l'arr\u00eat\u00e9 pr\u00e9fectoral IDF-2023-03-02-00001 du 2 m ars 2023 modifi\u00e9 portant d\u00e9signation des \nmembres du comit\u00e9 social d'administration (CSA) de la pr\u00e9fecture de la r\u00e9gion d'Ile-de-France, \npr\u00e9fecture de Paris ; \nVu la d\u00e9signation communiqu\u00e9e par le syndicat CFDT par courriel en date du 07 novembre 2025 \npour d\u00e9signer le rempla\u00e7ant d'un membre suppl\u00e9ant a yant quitt\u00e9 ses fonctions \u00e0 la pr\u00e9fecture de \nr\u00e9gion d'\u00cele-de-France, pr\u00e9fecture de Paris  ; \nVu la d\u00e9signation communiqu\u00e9e par le syndicat SAPAC MI-UATS-UNSA par courriel en date du \n17  novembre 2025 pour d\u00e9signer le rempla\u00e7ant d'un memb re titulaire ayant quitt\u00e9 ses fonctions \u00e0 \nla pr\u00e9fecture de r\u00e9gion d'\u00cele-de-France, pr\u00e9fecture  de Paris, ainsi que le rempla\u00e7ant d'un membre \nsuppl\u00e9ant  ; \n \nArr\u00eate : \n \nArticle 1 \ner \n \nL'article 2 de l'arr\u00eat\u00e9 pr\u00e9fectoral du 2 mars 2023 susvis\u00e9 est modifi\u00e9 comme suit :  \n- Au titre des membres titulaires, pour le syndicat S APACMI-UATS-UNSA, M. Christophe JOLY-\nLEITE  est remplac\u00e9 par M. Adel ZIDI ; \n- Au titre des membres suppl\u00e9ants, pour le syndicat S APACMI-UATS-UNSA,  M.  Adel ZIDI est \nremplac\u00e9 par \u00ab M. Yann LE MENN \u00bb ; \n- Au titre des membres suppl\u00e9ants, pour le syndicat C FDT, M. Livier MARC-MANSUY est \nremplac\u00e9 par Mme Djamila FOURDACHON. \n \n \n \n \nPr\u00e9fecture de la R\u00e9gion d'Ile de France, Pr\u00e9fecture de Paris -Secr\u00e9tariat g\u00e9n\u00e9ral aux moyens mutualis\u00e9s - IDF-2025-11-18-00004 - Arr\u00eat\u00e9\nmodifiant l'arr\u00eat\u00e9 pr\u00e9fectoral IDF-2023-03-02-00001 portant d\u00e9signation des membres du comit\u00e9 social d'administration de proximit\u00e9\nde la pr\u00e9fecture de la r\u00e9gion d'Ile-de-France, pr\u00e9fecture de Paris\n10\n  \n \n \nArticle 2 \n \nLa liste des repr\u00e9sentants du personnel au sein du comit\u00e9 social d'administration de proximit\u00e9 de la \npr\u00e9fecture de la r\u00e9gion d'Ile-de-France, pr\u00e9fecture  de Paris, telle que r\u00e9sultant des modifications \napport\u00e9es par le pr\u00e9sent arr\u00eat\u00e9, et des disposition s de l'arr\u00eat\u00e9 pr\u00e9fectoral IDF-2023-03-02-00001 du \n2 mars 2023 portant d\u00e9signation des membres du comi t\u00e9 social d'administration (CSA) de la \npr\u00e9fecture de la r\u00e9gion d'Ile-de-France, pr\u00e9fecture  de Paris, figure en annexe du pr\u00e9sent arr\u00eat\u00e9 pour \ninformation. \n \nArticle 3 \nLe pr\u00e9fet, secr\u00e9taire g\u00e9n\u00e9ral aux moyens mutualis\u00e9s, est charg\u00e9 de l'ex\u00e9cution du pr\u00e9sent arr\u00eat\u00e9. \n \n \nFait \u00e0 Paris, le 18 novembre 2025 \n \nPour le pr\u00e9fet  de la r\u00e9gion d'Ile-de-France,  \nPr\u00e9fet de Paris et par d\u00e9l\u00e9gation \n \nLe Pr\u00e9fet, secr\u00e9taire g\u00e9n\u00e9ral aux moyens mutualis\u00e9s \nde la pr\u00e9fecture de la r\u00e9gion d'Ile-de-France, \npr\u00e9fecture de Paris \n \nSIGN\u00c9 \n \nSt\u00e9phane BRUNOT \n \nPr\u00e9fecture de la R\u00e9gion d'Ile de France, Pr\u00e9fecture de Paris -Secr\u00e9tariat g\u00e9n\u00e9ral aux moyens mutualis\u00e9s - IDF-2025-11-18-00004 - Arr\u00eat\u00e9\nmodifiant l'arr\u00eat\u00e9 pr\u00e9fectoral IDF-2023-03-02-00001 portant d\u00e9signation des membres du comit\u00e9 social d'administration de proximit\u00e9\nde la pr\u00e9fecture de la r\u00e9gion d'Ile-de-France, pr\u00e9fecture de Paris\n11\n  \n \nAnnexe de l'arr\u00eat\u00e9 modifiant l'arr\u00eat\u00e9 pr\u00e9fectoral IDF-2023-03-02-00001 portant d\u00e9signation des \nmembres du comit\u00e9 social d'administration de proximit\u00e9 de la pr\u00e9fecture de la r\u00e9gion d'Ile-de-\nFrance, pr\u00e9fecture de Paris \n \nLa liste des repr\u00e9sentants du personnel au sein du comit\u00e9 social d'administration de proximit\u00e9 de la \npr\u00e9fecture de la r\u00e9gion d'Ile-de-France, pr\u00e9fecture de Paris, telle que r\u00e9sultant des modifications \napport\u00e9es par le pr\u00e9sent arr\u00eat\u00e9, et des dispositions de l'arr\u00eat\u00e9 pr\u00e9fectoral IDF-2023-03-02-00001 du \n2 mars 2023 portant d\u00e9signation des membres du comit\u00e9 social d'administration (CSA) de la \npr\u00e9fecture de la r\u00e9gion d'Ile-de-France, pr\u00e9fecture de Paris \n \nSont d\u00e9sign\u00e9s en qualit\u00e9 de repr\u00e9sentants du person nel au sein du comit\u00e9 social d'administration \nsusmentionn\u00e9 : \n \nMembres titulaires \n \nAu titre du SAPACMI-UATS-UNSA \n- M. Adel ZIDI \n- Mme Khadija GAMRAOUI \n- M. Fran\u00e7ois FIEMS \n- Mme Rahima GHENAIM \n \nAu titre de la CFDT \n- M. Philippe ATANGANA \n- Mme S\u00e9lia Laure WINCKLER \n \nAu titre de FO PREFECTURE ET DES SERVICES DU MINISTERE DE L'INTERIEUR \n- M. Jean-Claude PUCCIARELLI \n \nMembres suppl\u00e9ants \n \nAu titre du SAPACMI-UATS-UNSA \n- M. Yann LE MENN \n- Mme Dalila MANSOURI \n- Mme Gina ZOZOR \n- Mme Aline ADONAI \n \nAu titre de la CFDT \n- Mme Djamila FOURDACHON \n- M. Mohamed TA\u00cfR \n \nAu titre de FO PREFECTURE ET DES SERVICES DU MINISTERE DE L'INTERIEUR \n- Mme Sandrine DEVEUVE  \n \n \n                                                                   \n \nPr\u00e9fecture de la R\u00e9gion d'Ile de France, Pr\u00e9fecture de Paris -Secr\u00e9tariat g\u00e9n\u00e9ral aux moyens mutualis\u00e9s - IDF-2025-11-18-00004 - Arr\u00eat\u00e9\nmodifiant l'arr\u00eat\u00e9 pr\u00e9fectoral IDF-2023-03-02-00001 portant d\u00e9signation des membres du comit\u00e9 social d'administration de proximit\u00e9\nde la pr\u00e9fecture de la r\u00e9gion d'Ile-de-France, pr\u00e9fecture de Paris\n12","date":"2025-11-19","first_seen_on":"2025-11-19T18:01:23+00:00","id":"ff712130e6432564bbbc34f1cc02e93b54d12e420e4e731381fadedb9b3748e8","name":"recueil-idf-031-2025-11-RAA-nominatifs du 19.11.2025","pdf_creation_date":"2025-11-19T15:54:55+00:00","pdf_modification_date":null,"timezone":"Europe/Paris","url":"https://www.prefectures-regions.gouv.fr/ile-de-france/irecontenu/telechargement/132784/974228/file/recueil-idf-031-2025-11-RAA-nominatifs%20du%2019.11.2025.pdf"}
