{"administration":"pref92","administration_name":"Pr\u00e9fecture des Hauts-de-Seine","content":"ExPREFETDES HAUTS-DE-SEINELibert\u00e9Egalit\u00e9Fraternit\u00e9\n1 \n \n \n \n \n \nRECUEIL \n  \nDES  \n \nACTES ADMINISTRATIFS \n \nPR\u00c9FECTURE DE POLICE \n \nCabinet du Pr\u00e9fet \n \n \n \n \n  \n \n \n \n \n \nN\u00b0 Sp\u00e9cial  19 f\u00e9vrier 2025 \n\n2 \n \nPREFET DES HAUTS-DE-SEINE \n \nRECUEIL DES ACTES ADMINISTRATIFS \n \nN\u00b0 Sp\u00e9cial  Pr\u00e9fecture de Police du 19 f\u00e9vrier 2025 \n \nSOMMAIRE \n \n \nArr\u00eat\u00e9s \n \nDates PR\u00c9FECTURE DE POLICE Pages \nPP \nn\u00b02025-00220 19.02.2025 \nArr\u00eat\u00e9 autorisant la ca ptation, l'enregistrement et \nla t ransmission d'images au moyen de cam\u00e9ras \ninstall\u00e9es sur des a\u00e9ronefs \u00e0 Paris et dans les \nHauts-de-Seine (92) du 22 f\u00e9vrier au 2 mars 2025 \n\u00e0 l'occasion du Salon international de l'agriculture \n3 \nAnnexes de l'arr\u00eat\u00e9 n\u00b02025-00220 du 19 f\u00e9vrier 2025 5-6 \nPP \nn\u00b02025-00221 19.02.2025 \nArr\u00eat\u00e9 portant mesures de police a pplicable \u00e0 \nParis et dans les Hauts-de-Seine (92) du 22 f\u00e9vrier \nau 2 mars 2025 \u00e0 l'occasion du Salon international \nde l'agriculture \n7 \nAnnexes de l'arr\u00eat\u00e9 n\u00b02025-00221 du 19 f\u00e9vrier 2025 10-11 \nE CABINET DU PREFETPR\u00c9FECTURE apDE POLICE aLibert\u00e9\u00c9galit\u00e9Fraternit\u00e9\nArr\u00eat\u00e9 n\u00b0 2025-00220autorisant la captation, l'enregistrement et la transmission d'images au moyen de cam\u00e9rasinstall\u00e9es sur des a\u00e9ronefs \u00e0 Paris et dans les Hauts-de-Seine (92) du 22 f\u00e9vrier au 2 mars2025 \u00e0 l'occasion du Salon international de l'agriculture\nLe pr\u00e9fet de police,\nVu le code de la s\u00e9curit\u00e9 int\u00e9rieure, notamment ses articles L. 242-1 \u00e0 L. 242-8 et R. 242-8 \u00e0R. 242-14;\nVu le d\u00e9cret n\u00b0 2004-374 modifi\u00e9 du 29 avril 2004 relatif aux pouvoirs des pr\u00e9fets, \u00e0l'organisation et \u00e0 l'action des services de l'Etat dans les r\u00e9gions et d\u00e9partements ;\nVu l'arr\u00eat\u00e9 du 19 avril 2023 relatif au nombre maximal de cam\u00e9ras install\u00e9es sur des a\u00e9ronefspouvant \u00eatre simultan\u00e9ment utilis\u00e9es dans chaque d\u00e9partement et collectivit\u00e9 d'outre-mer ;\nVu l'instruction minist\u00e9rielle NOR 1OMD2311883) du 30 avril 2023 relative \u00e0 la proc\u00e9dured'autorisation des cam\u00e9ras install\u00e9es sur des a\u00e9ronefs pour des missions de policeadministrative ;\nVu le d\u00e9cret du 20 juillet 2022 par lequel M. Laurent NUNEZ, pr\u00e9fet, coordonnateur nationaldu renseignement et de la lutte contre le terrorisme, est nomm\u00e9 pr\u00e9fet de police (horsclasse);\nVu la demande en date du 13 f\u00e9vrier 2025 form\u00e9e par la direction de l'ordre public et de lacirculation visant \u00e0 obtenir l'autorisation de capter, d'enregistrer et de transmettre desimages au moyen de quatre cam\u00e9ras install\u00e9es sur des a\u00e9ronefs t\u00e9l\u00e9-pilot\u00e9s afin d'assurer lapr\u00e9vention des atteintes \u00e0 la s\u00e9curit\u00e9 des personnes et des biens, la s\u00e9curit\u00e9 desrassemblements, la pr\u00e9vention d'actes de terrorisme, la r\u00e9gulation des flux de transport etle secours aux personnes \u00e0 l'occasion du Salon international de l'agriculture ;\nConsid\u00e9rant que les dispositions du | de l'article L. 242-5 du code de la s\u00e9curit\u00e9 int\u00e9rieurepermettent aux forces de s\u00e9curit\u00e9 int\u00e9rieure, dans l'exercice de leurs missions depr\u00e9vention des atteintes \u00e0 l'ordre public et de protection de la s\u00e9curit\u00e9 des personnes etdes biens, de proc\u00e9der \u00e0 la captation, \u00e0 l'enregistrement et \u00e0 la transmission d'images aumoyen de cam\u00e9ras install\u00e9es sur des a\u00e9ronefs aux fins d'assurer la pr\u00e9vention des atteintes\u00e0 la s\u00e9curit\u00e9 des personnes et des biens, la s\u00e9curit\u00e9 des rassemblements, la pr\u00e9ventiond'actes de terrorisme, la r\u00e9gulation des flux de transport et le secours aux personnes :\nConsid\u00e9rant que se tiendra du 22 f\u00e9vrier au 2 mars 2025 le Salon international del'agriculture \u00e0 Paris Expo Porte de Versailles; que le Pr\u00e9sident de la R\u00e9publique, desmembres du gouvernement et de nombreuses personnalit\u00e9s s'y rendront; que plusieursd\u00e9l\u00e9gations internationales seront pr\u00e9sentes \u00e0 cette occasion; qu'un flux important devisiteurs est attendu; que cet \u00e9v\u00e8nement particuli\u00e8rement m\u00e9diatis\u00e9 intervient dans uncontexte social et international tendu ; qu'il convient d'assurer la s\u00e9curit\u00e9 des personnes,des biens et des rassemblements \u00e0 l'occasion de cet \u00e9v\u00e8nement ainsi que la r\u00e9gulation desflux de transport; qu'en outre, la menace terroriste sollicite toujours \u00e0 un niveau \u00e9lev\u00e9 lesforces de s\u00e9curit\u00e9 int\u00e9rieure dans le cadre du plan VIGIPIRATE \u00ab urgence attentat \u00bb envigueur sur l'ensemble du territoire national depuis le 24 mars 2024;\n\nConsid\u00e9rant que le recours a des cam\u00e9ras a\u00e9roport\u00e9es permet de disposer d'une vision engrand angle tout en limitant l'engagement des forces au sol ; qu'il n'existe pas de dispositifmoins intrusif permettant de parvenir aux m\u00e9mes fins ;\nConsid\u00e9rant que la demande de la direction de l'ordre public et de la circulation porte surl'engagement de quatre cam\u00e9ras a\u00e9roport\u00e9es qui pourront \u00eatre en vol simultan\u00e9ment envue de capter, d'enregistrer et de transmettre des images; que les aires survol\u00e9es sontstrictement limit\u00e9es aux zones o\u00f9 des troubles \u00e0 l'ordre public sont susceptibles de seproduire; que la dur\u00e9e de l'autorisation demand\u00e9e n'appara\u00eet pas disproportionn\u00e9e auregard des finalit\u00e9s poursuivies ;\nSur proposition de la direction de l'ordre public et de la circulation,\nARRETE :\nArticle 1\u00b0 - La captation, l'enregistrement et la transmission d'images par la direction del'ordre public et de la circulation sont autoris\u00e9s \u00e0 Paris et dans les Hauts-de-Seine (92) \u00e0l'occasion du Salon international de l'agriculture aux titres de:la pr\u00e9vention des atteintes \u00e0 la s\u00e9curit\u00e9 des personnes et des biens ;la s\u00e9curit\u00e9 des rassemblements ;la pr\u00e9vention d'actes de terrorisme ;la r\u00e9gulation des flux de transport ;le secours aux personnes.\nArticle 2 - Le nombre maximal de cam\u00e9ras pouvant proc\u00e9der simultan\u00e9ment \u00e0 desenregistrements est fix\u00e9 \u00e0 4 cam\u00e9ras embarqu\u00e9es sur des a\u00e9ronefs t\u00e9l\u00e9-pilot\u00e9s.\nArticle 3 - La pr\u00e9sente autorisation s'applique au p\u00e9rim\u00e8tre g\u00e9ographique situ\u00e9 \u00e0 Paris etdans le Hauts-de-Seine (92) figurant sur le plan en annexe au pr\u00e9sent arr\u00eat\u00e9.\nArticle 4 - La pr\u00e9sente autorisation est d\u00e9livr\u00e9e du samedi 22 f\u00e9vrier 2025 \u00e0 00h00 audimanche 2 mars 2025 \u00e0 23h59 pour la mise en \u0153uvre des finalit\u00e9s pr\u00e9cit\u00e9es.\nArticle 5 - L'information du public est assur\u00e9e par la publication de l'arr\u00eat\u00e9 aux recueils desactes administratifs du d\u00e9partement de Paris et de la pr\u00e9fecture des Hauts-de-Seine, samise en ligne sur le site internet de la pr\u00e9fecture de police ainsi que par une information surles r\u00e9seaux sociaux.\nArticle 6 - Le registre mentionn\u00e9 \u00e0 l'article L. 242-4 du code de la s\u00e9curit\u00e9 int\u00e9rieure esttransmis au pr\u00e9fet de police, \u00e0 l'issue de la p\u00e9riode d'autorisation.\nArticle 7 - Le pr\u00e9fet des Hauts-de-Seine, la pr\u00e9f\u00e8te, directrice du cabinet du pr\u00e9fet depolice, et le directeur de l'ordre public et de la circulation sont charg\u00e9s, chacun en ce qui leconcerne, de l'ex\u00e9cution du pr\u00e9sent arr\u00eat\u00e9 qui sera publi\u00e9 aux recueils des actesadministratifs du d\u00e9partement de Paris et de la pr\u00e9fecture des Hauts-de-Seine etconsultable sur le site internet de la pr\u00e9fecture de police(https://www.prefecturedepolice.interieur.gouv.fr). os\nFait \u00e0 Paris, le 19 FEY, 2995\nLaurent NUNEZ\n2025-00220\n\nAnnexe de l'arr\u00eat\u00e9 n\u00b0 2025-00220 du 19 FEY, 2025\nVOIES ET DELAIS DE RECOURS\nSi vous estimez devoir contester la pr\u00e9sente autorisation, il vous est possible, dans un d\u00e9laide deux mois \u00e0 compter de la date de son affichage ou de sa publication:\n- soit de saisir d'un RECOURS GRACIEUXle Pr\u00e9fet de Police7/9, boulevard du Palais - 75195 PARIS RP\n- ou de former un RECOURS HIERARCHIQUEaupr\u00e8s du Ministre de l'int\u00e9rieur et des outre-merDirection des libert\u00e9s publiques et des affaires juridiquesplace Beauvau - 75008 PARIS\n- soit de saisir d'un RECOURS CONTENTIEUXle Tribunal administratif comp\u00e9tent\nAucune de ces voies et recours ne suspend l'application de la pr\u00e9sente d\u00e9cision.\nLes recours GRACIEUX et HIERARCHIQUE doivent \u00eatre \u00e9crits, exposer les arguments oufaits nouveaux et comprendre la copie de la d\u00e9cision contest\u00e9e.\nLe recours contentieux, qui vise \u00e0 contester la LEGALITE de la pr\u00e9sente d\u00e9cision, doit\u00e9galement \u00eatre \u00e9crit et exposer votre argumentation juridique.\nSi vous n'aviez pas de r\u00e9ponse \u00e0 votre recours GRACIEUX ou HIERARCHIQUE dans un d\u00e9laide deux mois \u00e0 compter de la r\u00e9ception de votre recours par l'administration, votredemande devra \u00eatre consid\u00e9r\u00e9e comme rejet\u00e9e (d\u00e9cision implicite de rejet).\nEn cas de rejet des RECOURS GRACIEUX ou HIERARCHIQUE, le Tribunal administratif peut\u00eatre saisi d'un recours contentieux dans le d\u00e9lai de deux mois \u00e0 compter de la date de lad\u00e9cision de rejet.\n\n\"\u00e0\n125-00220INOUG NVId5 NOLLVINDUID V1 30 13; anand 34 40,1\nu\nST RT: ee | See,- \\\n\n| 3 ABINET ETPREFECTURE ap = Bn RGEPDE POLICE [\u00a3Libert\u00e9\u00c9galit\u00e9Fraternit\u00e9\n2025-00221portant mesures de police applicables \u00e0 Paris et dans les Hauts-de-Seine (92) du 22 f\u00e9vrierau 2 mars 2025 \u00e0 l'occasion du Salon international de l'agriculture\nArr\u00eat\u00e9 n\u00b0\nLe pr\u00e9fet de police,\nVu le r\u00e8glement (CE) n\u00b0 1272/2008 du Parlement europ\u00e9en et du Conseil du 16 d\u00e9cembre2008 modifi\u00e9 relatif \u00e0 la classification, \u00e0 l'\u00e9tiquetage et \u00e0 l'emballage des substances et desm\u00e9langes ;\nVu le code de l'environnement, notamment le chapitre VII du titre V du livre V;\nVu le code g\u00e9n\u00e9ral des collectivit\u00e9s territoriales, notamment son article L. 2512-13;\nVu le code p\u00e9nal, notamment ses articles 132-75, 431-9, 431-9-1, R.610-5 et R.644-5 :\nVu le code de proc\u00e9dure p\u00e9nale, notamment ses articles 78-2-4, 78-2-5 et R.48-1;\nVu le code de la s\u00e9curit\u00e9 int\u00e9rieure, notamment ses articles L. 122-1, L. 122-2 et L. 211-1 \u00e0L. 211-3;\nVu le d\u00e9cret n\u00b0 2004-374 du 29 avril 2004 modifi\u00e9 relatif aux pouvoirs des pr\u00e9fets, \u00e0l'organisation et a l'action des services de l'Etat dans les r\u00e9gions et d\u00e9partements,notamment ses articles 72 et 73;\nVu le d\u00e9cret du 20 juillet 2022 par lequel M. Laurent NUNEZ, pr\u00e9fet, coordonnateur nationaldu renseignement et de la lutte contre le terrorisme, est nomm\u00e9 pr\u00e9fet de police (horsclasse) ;\nConsid\u00e9rant que, en application des articles L. 122-1 et L. 122-2 du code de la s\u00e9curit\u00e9int\u00e9rieure et 72 et 73 du d\u00e9cret du 29 avril 2004-susvis\u00e9, le pr\u00e9fet de police a la charge del'ordre public, notamment la pr\u00e9vention des atteintes \u00e0 la s\u00e9curit\u00e9 des personnes et desbiens, \u00e0 Paris et dans les Hauts-de-Seine (92) ;\nConsid\u00e9rant que, en application de l'article 431-9-1 du code p\u00e9nal, le fait pour une personnede dissimuler volontairement tout ou partie de son visage sans motif l\u00e9gitime au sein, ouaux abords imm\u00e9diats, d'une manifestation sur la voie publique au cours, ou \u00e0 l'issue, delaquelle des troubles \u00e0 l'ordre public sont commis ou risquent d'\u00eatre commis est puni d'unan d'emprisonnement et de 15 000 \u20ac d'amende;\nConsid\u00e9rant que sont punis de l'amende pr\u00e9vue pour les contraventions de la 4e classe laviolation des interdictions et le manquement aux obligations \u00e9dict\u00e9es par arr\u00eat\u00e9s pris sur lefondement des pouvoirs de police, en application de l'article R. 644-5 du code p\u00e9nal relatif\u00e0 l'usage des artifices de divertissement sur la voie publique et le transport de r\u00e9cipientscontenant du carburant \u00e0 l'occasion d'\u00e9v\u00e9nements comportant des risques d'atteinte \u00e0 las\u00e9curit\u00e9 publique ; que l'article R. 48-1 du code de proc\u00e9dure p\u00e9nale rend applicable laproc\u00e9dure de l'amende forfaitaire pour les contraventions pr\u00e9cit\u00e9es ;\n\nConsid\u00e9rant que, en application des r\u00e9quisitions \u00e9crites du procureur de la R\u00e9publique, lesofficiers de police judiciaire et, sur l'ordre et sous la responsabilit\u00e9 de ceux-ci, les agents depolice judiciaire, sont autoris\u00e9s \u00e0 proc\u00e9der sur les lieux d'une manifestation et \u00e0 ses abordsimm\u00e9diats \u00e0 l'inspection visuelle et \u00e0 la fouille des bagages, ainsi qu'\u00e0 la visite de v\u00e9hiculescirculant, arr\u00eat\u00e9s ou stationnant sur la voie publique, conform\u00e9ment \u00e0 l'article 78-2-5 ducode de proc\u00e9dure p\u00e9nale ;\nConsid\u00e9rant que se tiendra du 22 f\u00e9vrier au 2 mars 2025 le Salon international del'agriculture \u00e0 Paris Expo Porte de Versailles; que le Pr\u00e9sident de la R\u00e9publique, desmembres du gouvernement et de nombreuses personnalit\u00e9s s'y rendront; que plusieursd\u00e9l\u00e9gations internationales seront pr\u00e9sentes \u00e0 cette occasion; qu'un flux important devisiteurs est attendu; que cet \u00e9v\u00e8nement particuli\u00e8rement m\u00e9diatis\u00e9 intervient dans uncontexte social et international tendu; qu'il existe un risque s\u00e9rieux que desrassemblements non d\u00e9clar\u00e9s de nature \u00e0 troubler l'ordre public aient lieu \u00e0 cette occasion;\nConsid\u00e9rant, en outre, le contexte de menace terroriste aig\u00fce qui sollicite \u00e0 un niveauparticuli\u00e8rement \u00e9lev\u00e9 les forces de s\u00e9curit\u00e9 int\u00e9rieure pour garantir la protection despersonnes et des biens contre les risques d'attentat, dans le cadre du plan VIGIPIRATE\u00ab urgence attentat \u00bb en vigueur depuis le 24 mars 2024;\nConsid\u00e9rant, enfin, qu'il appartient \u00e0 l'autorit\u00e9 de police comp\u00e9tente de concilier l'exercicedu droit de manifester avec les imp\u00e9ratifs de l'ordre public ; que, dans ce cadre, elle se doitde prendre les mesures de nature \u00e0 pr\u00e9venir, outre les infractions \u00e0 la loi p\u00e9nale, les troubles\u00e0 l'ordre public \u00e0 partir de l'appr\u00e9ciation qu'elle fait du risque qu'ils surviennent; quer\u00e9pond \u00e0 ces objectifs une mesure qui d\u00e9finit un p\u00e9rim\u00e8tre dans lequel des restrictions sontmises en \u0153uvre, notamment \u00e0 l'\u00e9gard de rassemblements pr\u00e9sentant des risques detroubles graves \u00e0 l'ordre public, afin de garantir la s\u00e9curit\u00e9 des personnes et des biens ;\nARRETE :\nTITRE PREMIERMESURES INTERDISANT TOUT RASSEMBLEMENT NON DECLARE\nArticle 1\u00b0 - La pr\u00e9sence et la circulation des personnes participant \u00e0 des cort\u00e8ges, d\u00e9fil\u00e9set rassemblements qui n'ont pas \u00e9t\u00e9 d\u00e9clar\u00e9s, dans les conditions fix\u00e9es par la loi, sontinterdites du samedi 22 f\u00e9vrier 2025 \u00e0 00h00 au dimanche 2 mars 2025 \u00e0 23h59, dans lep\u00e9rim\u00e8tre situ\u00e9 \u00e0 Paris et dans les Hauts-de-Seine (92) d\u00e9limit\u00e9 selon la cartographie figuranten annexe.\nTITRE IlMESURES DE POLICE APPLICABLES AUX ABORDS ET AU SEIN DES CORTEGES, DEFILES ETRASSEMBLEMENTS AU SEIN DU PERIMETRE\nArticle 2 - Dans le p\u00e9rim\u00e8tre institu\u00e9 par l'article 1\u00b0 et durant la p\u00e9riode mentionn\u00e9e par cem\u00e9me article sont interdits aux abords et au sein des cort\u00e9ges, d\u00e9fil\u00e9s et rassemblementsle port et le transport par des particuliers, sans motif l\u00e9gitime :- d'armes par nature et de tous objets susceptibles de constituer une arme au sens del'article 132-75 du code p\u00e9nal;-__ d'artifices de divertissement et d'articles pyrotechniques ;\n2025-00221\n\n- dans des conteneurs individuels, de substances ou de m\u00e9langes dangereux,inflammables ou corrosifs, au sens du r\u00e8glement (CE) n\u00b0 1272/2008 du Parlementeurop\u00e9en et du Conseil du 16 d\u00e9cembre 2008 susvis\u00e9, tels que l'essence, le p\u00e9trole, legaz, l'alcool \u00e0 br\u00fbler, le m\u00e9thanol, la t\u00e9r\u00e9benthine, les solvants ;- d'\u00e9quipements de protection destin\u00e9 \u00e0 mettre en \u00e9chec tout ou partie des moyensutilis\u00e9s par les repr\u00e9sentants de la force publique pour le maintien de l'ordre public.\nTITRE IIIDISPOSITIONS FINALES\nArticle 3 - Les repr\u00e9sentants sur place de l'autorit\u00e9 de police sont autoris\u00e9s \u00e0 prendre desmesures compl\u00e9mentaires \u00e0 celles fix\u00e9es par le pr\u00e9sent arr\u00eat\u00e9, en fonction de l'\u00e9volution dela situation et lorsque les circonstances l'exigent.\nArticle 4 - Le pr\u00e9fet des Hauts-de-Seine, la pr\u00e9f\u00e8te, directrice du cabinet du pr\u00e9fet depolice, le directeur de l'ordre public et de la circulation et la directrice de la s\u00e9curit\u00e9 deproximit\u00e9 de l'agglom\u00e9ration parisienne sont charg\u00e9s, chacun en ce qui le concerne, del'ex\u00e9cution du pr\u00e9sent arr\u00eat\u00e9 qui sera publi\u00e9 aux recueils des actes administratifs dud\u00e9partement de Paris et de la pr\u00e9fecture des Hauts-de-Seine, consultable sur le site internetde la pr\u00e9fecture de police (https://www.prefecturedepolice.interieur.gouv.fr) et transmis ala procureure de la R\u00e9publique pr\u00e8s le tribunal judiciaire de Paris et au procureur de laR\u00e9publique pr\u00e8s le tribunal judiciaire de Nanterre.\nFait \u00e0 Paris,le 49 FEV, 2025 TLaurent NUNEZ\n2025-00221\n\nAnnexe de l'arr\u00eat\u00e9 n\u00b0 2025-00221 du 19 FEV. 2025\nVOIES ET DELAIS DE RECOURS\nSi vous estimez devoir contester le pr\u00e9sent arr\u00e9t\u00e9, il vous est possible, dans un d\u00e9lai de deuxmois a compter de la date de son affichage ou de sa publication :\n- soit de saisir d'un RECOURS GRACIEUXle Pr\u00e9fet de Police7/9, boulevard du Palais - 75195 PARIS RP\n- ou de former un RECOURS HIERARCHIQUEaupr\u00e8s du Ministre de l'int\u00e9rieurDirection des libert\u00e9s publiques et des affaires juridiquesplace Beauvau - 75008 PARIS\n- soit de saisir d'un RECOURS CONTENTIEUXle Tribunal administratif comp\u00e9tent\nAucune de ces voies et recours ne suspend l'application de la pr\u00e9sente d\u00e9cision.\nLes recours GRACIEUX et HIERARCHIQUE doivent \u00eatre \u00e9crits, exposer les arguments ou faitsnouveaux et comprendre la copie de l'arr\u00eat\u00e9 contest\u00e9.\nLe recours CONTENTIEUX, qui vise \u00e0 contester la LEGALITE de la pr\u00e9sente d\u00e9cision, doit\u00e9galement \u00eatre \u00e9crit et exposer votre argumentation juridique.\nSi vous n'aviez pas de r\u00e9ponse \u00e0 votre recours GRACIEUX ou HIERARCHIQUE dans un d\u00e9laide deux mois \u00e0 compter de la r\u00e9ception de votre recours par l'administration, votredemande devra \u00eatre consid\u00e9r\u00e9e comme rejet\u00e9e (d\u00e9cision implicite de rejet).\nEn cas de rejet des recours GRACIEUX ou HIERARCHIQUE, le Tribunal administratif peut\u00eatre saisi d'un recours contentieux dans le d\u00e9lai de deux mois \u00e0 compter de la date de lad\u00e9cision de rejet.\n\n2025-00221\n\n12 \n \n \n \n \nRECUEIL DES ACTES ADMINISTRATIFS \n \nDU \n \nPREFET DES HAUTS-DE-SEINE \n \n \nISSN 0985 - 5955 \n \n \n \n \n \nPour toute correspondance, s'adresser \u00e0 : \n \nPREFET DES HAUTS-DE-SEINE \n \nSecr\u00e9tariat g\u00e9n\u00e9ral \nSecr\u00e9tariat g\u00e9n\u00e9ral aux affaires d\u00e9partementales \n \n167/177, Avenue Joliot Curie \n92013 NANTERRE CEDEX \n \n \n \n \nLe recueil des actes administratifs est consultable en ligne sur le site de la pr\u00e9fecture \nAdresse Internet : http://www.hauts-de-seine.gouv.fr/ \n \nDirecteur de la publication : \n \nAlexandre BRUGERE \n \nPREFET DES HAUTS-DE-SEINE \n \n  \n13 \n \n \n \n \n \n \n \n \n \n \n \n \n \n \n \n \n \n \n \n \n \n \n \n \n \n \n \n \n \n \n \n \n \n \n \n \n \n \n \n \n \nPREFECTURE DES HAUTS-DE-SEINE \n167-177,  avenue Joliot Curie 92013 NANTERRE Cedex \nCourriel : courrier@hauts-de-seine.gouv.fr \nStandard : 01.40.97.20.00 T\u00e9l\u00e9copie 01.40.97.25.21 \nAdresse Internet : http://www.hauts-de-seine.gouv.fr/","date":"2025-02-19","first_seen_on":"2025-02-19T16:22:45+00:00","id":"ff7642568e70d80310a3f9287d9078f28b8989072943788716f72ed4c0884a52","name":"RAA sp\u00e9cial Pr\u00e9fecture de Police du 19 f\u00e9vrier 2025","pdf_creation_date":null,"pdf_modification_date":null,"timezone":"CET","url":"https://www.hauts-de-seine.gouv.fr/contenu/telechargement/26374/184474/file/2025-02-19%20RAA%20sp%C3%A9cial%20Pr%C3%A9fecture%20de%20Police%20du%2019%20f%C3%A9vrier%202025.pdf"}
